{"id":353713,"date":"2020-03-05T00:00:00","date_gmt":"2020-03-05T04:00:00","guid":{"rendered":"https:\/\/casadecampoliving.com\/modulo-de-adolescentes-materno-infantil-mami-ahora-en-su-nuevo-espacio\/"},"modified":"2022-11-10T10:00:42","modified_gmt":"2022-11-10T14:00:42","slug":"modulo-de-adolescentes-materno-infantil-mami-ahora-en-su-nuevo-espacio","status":"publish","type":"post","link":"https:\/\/casadecampoliving.com\/es\/modulo-de-adolescentes-materno-infantil-mami-ahora-en-su-nuevo-espacio\/","title":{"rendered":"Modulo de Adolescentes Materno Infantil MAMI ahora en su nuevo espacio"},"content":{"rendered":"<p>El M\u00f3dulo de Adolescentes Materno Infantil (MAMI) estrena nuevo espacio ahora en el remodelado Hospital Materno Infantil Dr. Francisco A. Gonzalvo de esta ciudad de La Romana. Como parte de la colaboraci\u00f3n existente desde sus inicio con Cl\u00ednica de Familia La Romana y el Hospital, los y las adolescentes del MAMI continuar\u00e1n recibiendo los servicios que se han brindando desde hace m\u00e1s de 10 a\u00f1os con la misma calidad y confidencialidad que nos representa.<\/p>\n<p>Todos los servicios que ofrece el MAMI son exclusivamente para adolescentes hasta los 19 a\u00f1os de edad, entre ellos: Planificaci\u00f3n Familiar, Consulta Prenatal, Consultas de Ginecolog\u00eda, Pediatr\u00eda para los beb\u00e9s de las adolescentes desde reci\u00e9n nacido hasta un a\u00f1o, Psicolog\u00eda, Cl\u00ednica especial para hombres j\u00f3venes y Pruebas de VIH. La calidad de los servicios y el trato de su personal para los y las adolescentes es lo que ha distinguido al MAMI como una Unidad modelo a nivel nacional e internacional durante estos a\u00f1os.<\/p>\n<p><img data-recalc-dims=\"1\" loading=\"lazy\" decoding=\"async\" data-attachment-id=\"204625\" data-permalink=\"https:\/\/casadecampoliving.com\/es\/20191013_144439\/\" data-orig-file=\"https:\/\/i0.wp.com\/casadecampoliving.com\/wp-content\/uploads\/2020\/03\/20191013_144439.jpg?fit=1000%2C563&amp;ssl=1\" data-orig-size=\"1000,563\" data-comments-opened=\"0\" data-image-meta=\"{&quot;aperture&quot;:&quot;1.9&quot;,&quot;credit&quot;:&quot;&quot;,&quot;camera&quot;:&quot;SM-G610M&quot;,&quot;caption&quot;:&quot;&quot;,&quot;created_timestamp&quot;:&quot;1570977879&quot;,&quot;copyright&quot;:&quot;&quot;,&quot;focal_length&quot;:&quot;3.6&quot;,&quot;iso&quot;:&quot;50&quot;,&quot;shutter_speed&quot;:&quot;0.0166666666667&quot;,&quot;title&quot;:&quot;&quot;,&quot;orientation&quot;:&quot;1&quot;}\" data-image-title=\"20191013_144439 Clinica de Familia MAMI\" data-image-description=\"\" data-image-caption=\"\" data-large-file=\"https:\/\/i0.wp.com\/casadecampoliving.com\/wp-content\/uploads\/2020\/03\/20191013_144439.jpg?fit=1000%2C563&amp;ssl=1\" class=\"aligncenter size-full wp-image-204625\" src=\"https:\/\/i0.wp.com\/casadecampoliving.com\/wp-content\/uploads\/2022\/10\/20191013_144439.jpg?resize=1000%2C563&#038;ssl=1\" alt=\"\" width=\"1000\" height=\"563\"><\/p>\n<p>De igual manera sigue su labor de ofrecer un programa de Educaci\u00f3n sobre Salud Sexual y Reproductiva para centros educativos p\u00fablicos y privados y para la comunidad, con equipo de educadoras cuyo objetivo es orientar a los j\u00f3venes en temas de prevenci\u00f3n de embarazos en adolescentes y sus consecuencias. Parte de esa educaci\u00f3n est\u00e1 enfocada en la capacitaci\u00f3n de j\u00f3venes para que estos a su vez sean multiplicadores de la informaci\u00f3n recibida.<\/p>\n<p>El equipo del MAMI agradece la confianza depositada en estos 10 a\u00f1os y les invita a que contin\u00faen siendo parte del servicio que oferta a los j\u00f3venes de la comunidad. Pueden contactarles al: 829-779-1629, o visitarles en su nueva \u00e1rea remodelada ubicada en Hospital Materno Infantil Dr. Francisco A. Gonzalvo, frente al consultorio de Vacunas, en esta ciudad de La Romana. Si desean saber m\u00e1s del MAMI, favor visitar la p\u00e1gina web en: www.clinicadefamilia.org.do\/mami\/ o env\u00ede un correo electr\u00f3nico a <a href=\"mailto:luz@clinicadefamilia.org.do\" target=\"_blank\" rel=\"noopener noreferrer\">luz@clinicadefamilia.org.do<\/a>.<\/p>\n<p><em>Informaci\u00f3n y fotos enviados por Cl\u00ednica de Familia<\/em><\/p>\n<p>[nggallery id=3316]<\/p>\n","protected":false},"excerpt":{"rendered":"<p>El M\u00f3dulo de Adolescentes Materno Infantil (MAMI) estrena nuevo espacio ahora en el remodelado Hospital Materno Infantil Dr. Francisco A. Gonzalvo de esta ciudad de La Romana. Como parte de la colaboraci\u00f3n existente desde sus inicio con Cl\u00ednica de Familia La Romana y el Hospital, los y las adolescentes del MAMI continuar\u00e1n recibiendo los servicios [&hellip;]<\/p>\n","protected":false},"author":36791,"featured_media":312262,"comment_status":"closed","ping_status":"closed","sticky":false,"template":"","format":"standard","meta":{"newspack_ads_suppress_ads":false,"newspack_popups_has_disabled_popups":false,"newspack_sponsor_sponsorship_scope":"","newspack_sponsor_native_byline_display":"inherit","newspack_sponsor_native_category_display":"inherit","newspack_sponsor_underwriter_style":"inherit","newspack_sponsor_underwriter_placement":"inherit","_newspack_byline_active":false,"_newspack_byline":"","newspack_hide_updated_date":false,"newspack_show_updated_date":false,"newspack_content_restriction_is_exempt":false,"newspack_featured_image_position":"","newspack_post_subtitle":"","newspack_article_summary_title":"Overview:","newspack_article_summary":"","_jetpack_memberships_contains_paid_content":false,"footnotes":"","jetpack_publicize_message":"","jetpack_publicize_feature_enabled":true,"jetpack_social_post_already_shared":false,"jetpack_social_options":{"image_generator_settings":{"template":"highway","default_image_id":0,"font":"","enabled":false},"version":2},"_wpas_customize_per_network":false},"categories":[2514,2507,2506,2521],"tags":[379,18932,6706,18493],"newspack_spnsrs_tax":[],"class_list":["post-353713","post","type-post","status-publish","format-standard","has-post-thumbnail","hentry","category-fundaciones-es","category-la-romana-es","category-mas-alla-de-casa-es","category-republica-dominicana-2","tag-clinica-familia","tag-la-romana-es-4","tag-mami","tag-nuevo","entry"],"yoast_head":"<!-- This site is optimized with the Yoast SEO plugin v27.5 - https:\/\/yoast.com\/product\/yoast-seo-wordpress\/ -->\n<title>Modulo de Adolescentes Materno Infantil MAMI ahora en su nuevo espacio | Casa de Campo Living<\/title>\n<meta name=\"description\" content=\"El M\u00f3dulo de Adolescentes Materno Infantil (MAMI) estrena nuevo espacio ahora en el remodelado Hospital Materno Infantil Dr. Francisco A. Gonzalvo de esta\" \/>\n<meta name=\"robots\" content=\"index, follow, max-snippet:-1, max-image-preview:large, max-video-preview:-1\" \/>\n<link rel=\"canonical\" href=\"https:\/\/casadecampoliving.com\/es\/modulo-de-adolescentes-materno-infantil-mami-ahora-en-su-nuevo-espacio\/\" \/>\n<meta property=\"og:locale\" content=\"es_ES\" \/>\n<meta property=\"og:type\" content=\"article\" \/>\n<meta property=\"og:title\" content=\"Modulo de Adolescentes Materno Infantil MAMI ahora en su nuevo espacio | Casa de Campo Living\" \/>\n<meta property=\"og:description\" content=\"El M\u00f3dulo de Adolescentes Materno Infantil (MAMI) estrena nuevo espacio ahora en el remodelado Hospital Materno Infantil Dr. Francisco A. Gonzalvo de esta\" \/>\n<meta property=\"og:url\" content=\"https:\/\/casadecampoliving.com\/es\/modulo-de-adolescentes-materno-infantil-mami-ahora-en-su-nuevo-espacio\/\" \/>\n<meta property=\"og:site_name\" content=\"Casa de Campo Living\" \/>\n<meta property=\"article:publisher\" content=\"https:\/\/www.facebook.com\/casadecampoliving\" \/>\n<meta property=\"article:published_time\" content=\"2020-03-05T04:00:00+00:00\" \/>\n<meta property=\"article:modified_time\" content=\"2022-11-10T14:00:42+00:00\" \/>\n<meta property=\"og:image\" content=\"https:\/\/i0.wp.com\/casadecampoliving.com\/wp-content\/uploads\/2022\/10\/20191013_145332.jpg?fit=1000%2C562&ssl=1\" \/>\n\t<meta property=\"og:image:width\" content=\"1000\" \/>\n\t<meta property=\"og:image:height\" content=\"562\" \/>\n\t<meta property=\"og:image:type\" content=\"image\/jpeg\" \/>\n<meta name=\"author\" content=\"Casa de Campo Living\" \/>\n<meta name=\"twitter:card\" content=\"summary_large_image\" \/>\n<meta name=\"twitter:creator\" content=\"@cdcliving\" \/>\n<meta name=\"twitter:site\" content=\"@cdcliving\" \/>\n<meta name=\"twitter:label1\" content=\"Escrito por\" \/>\n\t<meta name=\"twitter:data1\" content=\"Casa de Campo Living\" \/>\n\t<meta name=\"twitter:label2\" content=\"Tiempo de lectura\" \/>\n\t<meta name=\"twitter:data2\" content=\"2 minutos\" \/>\n<script type=\"application\/ld+json\" class=\"yoast-schema-graph\">{\"@context\":\"https:\\\/\\\/schema.org\",\"@graph\":[{\"@type\":\"Article\",\"@id\":\"https:\\\/\\\/casadecampoliving.com\\\/es\\\/modulo-de-adolescentes-materno-infantil-mami-ahora-en-su-nuevo-espacio\\\/#article\",\"isPartOf\":{\"@id\":\"https:\\\/\\\/casadecampoliving.com\\\/es\\\/modulo-de-adolescentes-materno-infantil-mami-ahora-en-su-nuevo-espacio\\\/\"},\"author\":{\"name\":\"Casa de Campo Living\",\"@id\":\"https:\\\/\\\/casadecampoliving.com\\\/es\\\/#\\\/schema\\\/person\\\/5d2171637a9d11e0e43ce6b8555f9422\"},\"headline\":\"Modulo de Adolescentes Materno Infantil MAMI ahora en su nuevo espacio\",\"datePublished\":\"2020-03-05T04:00:00+00:00\",\"dateModified\":\"2022-11-10T14:00:42+00:00\",\"mainEntityOfPage\":{\"@id\":\"https:\\\/\\\/casadecampoliving.com\\\/es\\\/modulo-de-adolescentes-materno-infantil-mami-ahora-en-su-nuevo-espacio\\\/\"},\"wordCount\":371,\"publisher\":{\"@id\":\"https:\\\/\\\/casadecampoliving.com\\\/es\\\/#organization\"},\"image\":{\"@id\":\"https:\\\/\\\/casadecampoliving.com\\\/es\\\/modulo-de-adolescentes-materno-infantil-mami-ahora-en-su-nuevo-espacio\\\/#primaryimage\"},\"thumbnailUrl\":\"https:\\\/\\\/i0.wp.com\\\/casadecampoliving.com\\\/wp-content\\\/uploads\\\/2022\\\/10\\\/20191013_145332.jpg?fit=1000%2C562&ssl=1\",\"keywords\":[\"Clinica Familia\",\"La Romana\",\"MAMI\",\"nuevo\"],\"articleSection\":[\"Fundaciones\",\"La Romana @es\",\"M\u00e1s all\u00e1 de Casa\",\"Rep\u00fablica Dominicana @es\"],\"inLanguage\":\"es\"},{\"@type\":\"WebPage\",\"@id\":\"https:\\\/\\\/casadecampoliving.com\\\/es\\\/modulo-de-adolescentes-materno-infantil-mami-ahora-en-su-nuevo-espacio\\\/\",\"url\":\"https:\\\/\\\/casadecampoliving.com\\\/es\\\/modulo-de-adolescentes-materno-infantil-mami-ahora-en-su-nuevo-espacio\\\/\",\"name\":\"Modulo de Adolescentes Materno Infantil MAMI ahora en su nuevo espacio | Casa de Campo Living\",\"isPartOf\":{\"@id\":\"https:\\\/\\\/casadecampoliving.com\\\/es\\\/#website\"},\"primaryImageOfPage\":{\"@id\":\"https:\\\/\\\/casadecampoliving.com\\\/es\\\/modulo-de-adolescentes-materno-infantil-mami-ahora-en-su-nuevo-espacio\\\/#primaryimage\"},\"image\":{\"@id\":\"https:\\\/\\\/casadecampoliving.com\\\/es\\\/modulo-de-adolescentes-materno-infantil-mami-ahora-en-su-nuevo-espacio\\\/#primaryimage\"},\"thumbnailUrl\":\"https:\\\/\\\/i0.wp.com\\\/casadecampoliving.com\\\/wp-content\\\/uploads\\\/2022\\\/10\\\/20191013_145332.jpg?fit=1000%2C562&ssl=1\",\"datePublished\":\"2020-03-05T04:00:00+00:00\",\"dateModified\":\"2022-11-10T14:00:42+00:00\",\"description\":\"El M\u00f3dulo de Adolescentes Materno Infantil (MAMI) estrena nuevo espacio ahora en el remodelado Hospital Materno Infantil Dr. Francisco A. Gonzalvo de esta\",\"breadcrumb\":{\"@id\":\"https:\\\/\\\/casadecampoliving.com\\\/es\\\/modulo-de-adolescentes-materno-infantil-mami-ahora-en-su-nuevo-espacio\\\/#breadcrumb\"},\"inLanguage\":\"es\",\"potentialAction\":[{\"@type\":\"ReadAction\",\"target\":[\"https:\\\/\\\/casadecampoliving.com\\\/es\\\/modulo-de-adolescentes-materno-infantil-mami-ahora-en-su-nuevo-espacio\\\/\"]}]},{\"@type\":\"ImageObject\",\"inLanguage\":\"es\",\"@id\":\"https:\\\/\\\/casadecampoliving.com\\\/es\\\/modulo-de-adolescentes-materno-infantil-mami-ahora-en-su-nuevo-espacio\\\/#primaryimage\",\"url\":\"https:\\\/\\\/i0.wp.com\\\/casadecampoliving.com\\\/wp-content\\\/uploads\\\/2022\\\/10\\\/20191013_145332.jpg?fit=1000%2C562&ssl=1\",\"contentUrl\":\"https:\\\/\\\/i0.wp.com\\\/casadecampoliving.com\\\/wp-content\\\/uploads\\\/2022\\\/10\\\/20191013_145332.jpg?fit=1000%2C562&ssl=1\",\"width\":1000,\"height\":562},{\"@type\":\"BreadcrumbList\",\"@id\":\"https:\\\/\\\/casadecampoliving.com\\\/es\\\/modulo-de-adolescentes-materno-infantil-mami-ahora-en-su-nuevo-espacio\\\/#breadcrumb\",\"itemListElement\":[{\"@type\":\"ListItem\",\"position\":1,\"name\":\"Home\",\"item\":\"https:\\\/\\\/casadecampoliving.com\\\/es\\\/\"},{\"@type\":\"ListItem\",\"position\":2,\"name\":\"Modulo de Adolescentes Materno Infantil MAMI ahora en su nuevo espacio\"}]},{\"@type\":\"WebSite\",\"@id\":\"https:\\\/\\\/casadecampoliving.com\\\/es\\\/#website\",\"url\":\"https:\\\/\\\/casadecampoliving.com\\\/es\\\/\",\"name\":\"Casa de Campo Living\",\"description\":\"Resort community news and resources.\",\"publisher\":{\"@id\":\"https:\\\/\\\/casadecampoliving.com\\\/es\\\/#organization\"},\"potentialAction\":[{\"@type\":\"SearchAction\",\"target\":{\"@type\":\"EntryPoint\",\"urlTemplate\":\"https:\\\/\\\/casadecampoliving.com\\\/es\\\/?s={search_term_string}\"},\"query-input\":{\"@type\":\"PropertyValueSpecification\",\"valueRequired\":true,\"valueName\":\"search_term_string\"}}],\"inLanguage\":\"es\"},{\"@type\":\"Organization\",\"@id\":\"https:\\\/\\\/casadecampoliving.com\\\/es\\\/#organization\",\"name\":\"Casa de Campo Living\",\"url\":\"https:\\\/\\\/casadecampoliving.com\\\/es\\\/\",\"logo\":{\"@type\":\"ImageObject\",\"inLanguage\":\"es\",\"@id\":\"https:\\\/\\\/casadecampoliving.com\\\/es\\\/#\\\/schema\\\/logo\\\/image\\\/\",\"url\":\"https:\\\/\\\/i0.wp.com\\\/casadecampoliving.com\\\/wp-content\\\/uploads\\\/2022\\\/07\\\/CDCLivingLogo_V1-white-sized.png?fit=800%2C214&ssl=1\",\"contentUrl\":\"https:\\\/\\\/i0.wp.com\\\/casadecampoliving.com\\\/wp-content\\\/uploads\\\/2022\\\/07\\\/CDCLivingLogo_V1-white-sized.png?fit=800%2C214&ssl=1\",\"width\":800,\"height\":214,\"caption\":\"Casa de Campo Living\"},\"image\":{\"@id\":\"https:\\\/\\\/casadecampoliving.com\\\/es\\\/#\\\/schema\\\/logo\\\/image\\\/\"},\"sameAs\":[\"https:\\\/\\\/www.facebook.com\\\/casadecampoliving\",\"https:\\\/\\\/x.com\\\/cdcliving\"]},{\"@type\":\"Person\",\"@id\":\"https:\\\/\\\/casadecampoliving.com\\\/es\\\/#\\\/schema\\\/person\\\/5d2171637a9d11e0e43ce6b8555f9422\",\"name\":\"Casa de Campo Living\",\"image\":{\"@type\":\"ImageObject\",\"inLanguage\":\"es\",\"@id\":\"https:\\\/\\\/secure.gravatar.com\\\/avatar\\\/d04101fa4a9fd431e939953b1500fdc7a73cd35029f86d98712fd8ccdaebaf9a?s=96&d=mm&r=g\",\"url\":\"https:\\\/\\\/secure.gravatar.com\\\/avatar\\\/d04101fa4a9fd431e939953b1500fdc7a73cd35029f86d98712fd8ccdaebaf9a?s=96&d=mm&r=g\",\"contentUrl\":\"https:\\\/\\\/secure.gravatar.com\\\/avatar\\\/d04101fa4a9fd431e939953b1500fdc7a73cd35029f86d98712fd8ccdaebaf9a?s=96&d=mm&r=g\",\"caption\":\"Casa de Campo Living\"},\"url\":\"https:\\\/\\\/casadecampoliving.com\\\/es\\\/author\\\/casa-de-campo-living\\\/\"}]}<\/script>\n<!-- \/ Yoast SEO plugin. -->","yoast_head_json":{"title":"Modulo de Adolescentes Materno Infantil MAMI ahora en su nuevo espacio | Casa de Campo Living","description":"El M\u00f3dulo de Adolescentes Materno Infantil (MAMI) estrena nuevo espacio ahora en el remodelado Hospital Materno Infantil Dr. Francisco A. Gonzalvo de esta","robots":{"index":"index","follow":"follow","max-snippet":"max-snippet:-1","max-image-preview":"max-image-preview:large","max-video-preview":"max-video-preview:-1"},"canonical":"https:\/\/casadecampoliving.com\/es\/modulo-de-adolescentes-materno-infantil-mami-ahora-en-su-nuevo-espacio\/","og_locale":"es_ES","og_type":"article","og_title":"Modulo de Adolescentes Materno Infantil MAMI ahora en su nuevo espacio | Casa de Campo Living","og_description":"El M\u00f3dulo de Adolescentes Materno Infantil (MAMI) estrena nuevo espacio ahora en el remodelado Hospital Materno Infantil Dr. Francisco A. Gonzalvo de esta","og_url":"https:\/\/casadecampoliving.com\/es\/modulo-de-adolescentes-materno-infantil-mami-ahora-en-su-nuevo-espacio\/","og_site_name":"Casa de Campo Living","article_publisher":"https:\/\/www.facebook.com\/casadecampoliving","article_published_time":"2020-03-05T04:00:00+00:00","article_modified_time":"2022-11-10T14:00:42+00:00","og_image":[{"width":1000,"height":562,"url":"https:\/\/i0.wp.com\/casadecampoliving.com\/wp-content\/uploads\/2022\/10\/20191013_145332.jpg?fit=1000%2C562&ssl=1","type":"image\/jpeg"}],"author":"Casa de Campo Living","twitter_card":"summary_large_image","twitter_creator":"@cdcliving","twitter_site":"@cdcliving","twitter_misc":{"Escrito por":"Casa de Campo Living","Tiempo de lectura":"2 minutos"},"schema":{"@context":"https:\/\/schema.org","@graph":[{"@type":"Article","@id":"https:\/\/casadecampoliving.com\/es\/modulo-de-adolescentes-materno-infantil-mami-ahora-en-su-nuevo-espacio\/#article","isPartOf":{"@id":"https:\/\/casadecampoliving.com\/es\/modulo-de-adolescentes-materno-infantil-mami-ahora-en-su-nuevo-espacio\/"},"author":{"name":"Casa de Campo Living","@id":"https:\/\/casadecampoliving.com\/es\/#\/schema\/person\/5d2171637a9d11e0e43ce6b8555f9422"},"headline":"Modulo de Adolescentes Materno Infantil MAMI ahora en su nuevo espacio","datePublished":"2020-03-05T04:00:00+00:00","dateModified":"2022-11-10T14:00:42+00:00","mainEntityOfPage":{"@id":"https:\/\/casadecampoliving.com\/es\/modulo-de-adolescentes-materno-infantil-mami-ahora-en-su-nuevo-espacio\/"},"wordCount":371,"publisher":{"@id":"https:\/\/casadecampoliving.com\/es\/#organization"},"image":{"@id":"https:\/\/casadecampoliving.com\/es\/modulo-de-adolescentes-materno-infantil-mami-ahora-en-su-nuevo-espacio\/#primaryimage"},"thumbnailUrl":"https:\/\/i0.wp.com\/casadecampoliving.com\/wp-content\/uploads\/2022\/10\/20191013_145332.jpg?fit=1000%2C562&ssl=1","keywords":["Clinica Familia","La Romana","MAMI","nuevo"],"articleSection":["Fundaciones","La Romana @es","M\u00e1s all\u00e1 de Casa","Rep\u00fablica Dominicana @es"],"inLanguage":"es"},{"@type":"WebPage","@id":"https:\/\/casadecampoliving.com\/es\/modulo-de-adolescentes-materno-infantil-mami-ahora-en-su-nuevo-espacio\/","url":"https:\/\/casadecampoliving.com\/es\/modulo-de-adolescentes-materno-infantil-mami-ahora-en-su-nuevo-espacio\/","name":"Modulo de Adolescentes Materno Infantil MAMI ahora en su nuevo espacio | Casa de Campo Living","isPartOf":{"@id":"https:\/\/casadecampoliving.com\/es\/#website"},"primaryImageOfPage":{"@id":"https:\/\/casadecampoliving.com\/es\/modulo-de-adolescentes-materno-infantil-mami-ahora-en-su-nuevo-espacio\/#primaryimage"},"image":{"@id":"https:\/\/casadecampoliving.com\/es\/modulo-de-adolescentes-materno-infantil-mami-ahora-en-su-nuevo-espacio\/#primaryimage"},"thumbnailUrl":"https:\/\/i0.wp.com\/casadecampoliving.com\/wp-content\/uploads\/2022\/10\/20191013_145332.jpg?fit=1000%2C562&ssl=1","datePublished":"2020-03-05T04:00:00+00:00","dateModified":"2022-11-10T14:00:42+00:00","description":"El M\u00f3dulo de Adolescentes Materno Infantil (MAMI) estrena nuevo espacio ahora en el remodelado Hospital Materno Infantil Dr. Francisco A. Gonzalvo de esta","breadcrumb":{"@id":"https:\/\/casadecampoliving.com\/es\/modulo-de-adolescentes-materno-infantil-mami-ahora-en-su-nuevo-espacio\/#breadcrumb"},"inLanguage":"es","potentialAction":[{"@type":"ReadAction","target":["https:\/\/casadecampoliving.com\/es\/modulo-de-adolescentes-materno-infantil-mami-ahora-en-su-nuevo-espacio\/"]}]},{"@type":"ImageObject","inLanguage":"es","@id":"https:\/\/casadecampoliving.com\/es\/modulo-de-adolescentes-materno-infantil-mami-ahora-en-su-nuevo-espacio\/#primaryimage","url":"https:\/\/i0.wp.com\/casadecampoliving.com\/wp-content\/uploads\/2022\/10\/20191013_145332.jpg?fit=1000%2C562&ssl=1","contentUrl":"https:\/\/i0.wp.com\/casadecampoliving.com\/wp-content\/uploads\/2022\/10\/20191013_145332.jpg?fit=1000%2C562&ssl=1","width":1000,"height":562},{"@type":"BreadcrumbList","@id":"https:\/\/casadecampoliving.com\/es\/modulo-de-adolescentes-materno-infantil-mami-ahora-en-su-nuevo-espacio\/#breadcrumb","itemListElement":[{"@type":"ListItem","position":1,"name":"Home","item":"https:\/\/casadecampoliving.com\/es\/"},{"@type":"ListItem","position":2,"name":"Modulo de Adolescentes Materno Infantil MAMI ahora en su nuevo espacio"}]},{"@type":"WebSite","@id":"https:\/\/casadecampoliving.com\/es\/#website","url":"https:\/\/casadecampoliving.com\/es\/","name":"Casa de Campo Living","description":"Resort community news and resources.","publisher":{"@id":"https:\/\/casadecampoliving.com\/es\/#organization"},"potentialAction":[{"@type":"SearchAction","target":{"@type":"EntryPoint","urlTemplate":"https:\/\/casadecampoliving.com\/es\/?s={search_term_string}"},"query-input":{"@type":"PropertyValueSpecification","valueRequired":true,"valueName":"search_term_string"}}],"inLanguage":"es"},{"@type":"Organization","@id":"https:\/\/casadecampoliving.com\/es\/#organization","name":"Casa de Campo Living","url":"https:\/\/casadecampoliving.com\/es\/","logo":{"@type":"ImageObject","inLanguage":"es","@id":"https:\/\/casadecampoliving.com\/es\/#\/schema\/logo\/image\/","url":"https:\/\/i0.wp.com\/casadecampoliving.com\/wp-content\/uploads\/2022\/07\/CDCLivingLogo_V1-white-sized.png?fit=800%2C214&ssl=1","contentUrl":"https:\/\/i0.wp.com\/casadecampoliving.com\/wp-content\/uploads\/2022\/07\/CDCLivingLogo_V1-white-sized.png?fit=800%2C214&ssl=1","width":800,"height":214,"caption":"Casa de Campo Living"},"image":{"@id":"https:\/\/casadecampoliving.com\/es\/#\/schema\/logo\/image\/"},"sameAs":["https:\/\/www.facebook.com\/casadecampoliving","https:\/\/x.com\/cdcliving"]},{"@type":"Person","@id":"https:\/\/casadecampoliving.com\/es\/#\/schema\/person\/5d2171637a9d11e0e43ce6b8555f9422","name":"Casa de Campo Living","image":{"@type":"ImageObject","inLanguage":"es","@id":"https:\/\/secure.gravatar.com\/avatar\/d04101fa4a9fd431e939953b1500fdc7a73cd35029f86d98712fd8ccdaebaf9a?s=96&d=mm&r=g","url":"https:\/\/secure.gravatar.com\/avatar\/d04101fa4a9fd431e939953b1500fdc7a73cd35029f86d98712fd8ccdaebaf9a?s=96&d=mm&r=g","contentUrl":"https:\/\/secure.gravatar.com\/avatar\/d04101fa4a9fd431e939953b1500fdc7a73cd35029f86d98712fd8ccdaebaf9a?s=96&d=mm&r=g","caption":"Casa de Campo Living"},"url":"https:\/\/casadecampoliving.com\/es\/author\/casa-de-campo-living\/"}]}},"parsely":{"version":"1.1.0","canonical_url":"https:\/\/casadecampoliving.com\/es\/modulo-de-adolescentes-materno-infantil-mami-ahora-en-su-nuevo-espacio\/","smart_links":{"inbound":0,"outbound":0},"traffic_boost_suggestions_count":0,"meta":{"@context":"https:\/\/schema.org","@type":"NewsArticle","headline":"Modulo de Adolescentes Materno Infantil MAMI ahora en su nuevo espacio","url":"http:\/\/casadecampoliving.com\/es\/modulo-de-adolescentes-materno-infantil-mami-ahora-en-su-nuevo-espacio\/","mainEntityOfPage":{"@type":"WebPage","@id":"http:\/\/casadecampoliving.com\/es\/modulo-de-adolescentes-materno-infantil-mami-ahora-en-su-nuevo-espacio\/"},"thumbnailUrl":"https:\/\/i0.wp.com\/casadecampoliving.com\/wp-content\/uploads\/2022\/10\/20191013_145332.jpg?resize=150%2C150&ssl=1","image":{"@type":"ImageObject","url":"https:\/\/i0.wp.com\/casadecampoliving.com\/wp-content\/uploads\/2022\/10\/20191013_145332.jpg?fit=1000%2C562&ssl=1"},"articleSection":"Fundaciones","author":[{"@type":"Person","name":"Casa de Campo Living"}],"creator":["Casa de Campo Living"],"publisher":{"@type":"Organization","name":"Casa de Campo Living","logo":"https:\/\/casadecampoliving.com\/wp-content\/uploads\/2022\/07\/CDCLivingLogo_V1-white-sized.png"},"keywords":["clinica familia","la romana","mami","nuevo"],"dateCreated":"2020-03-05T04:00:00Z","datePublished":"2020-03-05T04:00:00Z","dateModified":"2022-11-10T14:00:42Z"},"rendered":"<script type=\"application\/ld+json\" class=\"wp-parsely-metadata\">{\"@context\":\"https:\\\/\\\/schema.org\",\"@type\":\"NewsArticle\",\"headline\":\"Modulo de Adolescentes Materno Infantil MAMI ahora en su nuevo espacio\",\"url\":\"http:\\\/\\\/casadecampoliving.com\\\/es\\\/modulo-de-adolescentes-materno-infantil-mami-ahora-en-su-nuevo-espacio\\\/\",\"mainEntityOfPage\":{\"@type\":\"WebPage\",\"@id\":\"http:\\\/\\\/casadecampoliving.com\\\/es\\\/modulo-de-adolescentes-materno-infantil-mami-ahora-en-su-nuevo-espacio\\\/\"},\"thumbnailUrl\":\"https:\\\/\\\/i0.wp.com\\\/casadecampoliving.com\\\/wp-content\\\/uploads\\\/2022\\\/10\\\/20191013_145332.jpg?resize=150%2C150&ssl=1\",\"image\":{\"@type\":\"ImageObject\",\"url\":\"https:\\\/\\\/i0.wp.com\\\/casadecampoliving.com\\\/wp-content\\\/uploads\\\/2022\\\/10\\\/20191013_145332.jpg?fit=1000%2C562&ssl=1\"},\"articleSection\":\"Fundaciones\",\"author\":[{\"@type\":\"Person\",\"name\":\"Casa de Campo Living\"}],\"creator\":[\"Casa de Campo Living\"],\"publisher\":{\"@type\":\"Organization\",\"name\":\"Casa de Campo Living\",\"logo\":\"https:\\\/\\\/casadecampoliving.com\\\/wp-content\\\/uploads\\\/2022\\\/07\\\/CDCLivingLogo_V1-white-sized.png\"},\"keywords\":[\"clinica familia\",\"la romana\",\"mami\",\"nuevo\"],\"dateCreated\":\"2020-03-05T04:00:00Z\",\"datePublished\":\"2020-03-05T04:00:00Z\",\"dateModified\":\"2022-11-10T14:00:42Z\"}<\/script>","tracker_url":"https:\/\/cdn.parsely.com\/keys\/casadecampoliving.com\/p.js"},"jetpack_publicize_connections":[],"jetpack_featured_media_url":"https:\/\/i0.wp.com\/casadecampoliving.com\/wp-content\/uploads\/2022\/10\/20191013_145332.jpg?fit=1000%2C562&ssl=1","jetpack-related-posts":[{"id":352671,"url":"https:\/\/casadecampoliving.com\/es\/celebracion-del-decimo-aniversario-del-modulo-anexo-materno-infantil-mami\/","url_meta":{"origin":353713,"position":0},"title":"Celebraci\u00f3n del D\u00e9cimo Aniversario del M\u00f3dulo Anexo Materno Infantil (MAMI)","author":"Marlenys Guzm\u00e1n Casta\u00f1os","date":"25 May, 2018","format":false,"excerpt":"El pasado 17 de mayo, se realiz\u00f3 la celebraci\u00f3n de la labor que lleva realizando el M\u00f3dulo Anexo Materno Infantil (MAMI) como Unidad de Adolescentes en nuestra comunidad durante los \u00faltimos 10 a\u00f1os. Esta actividad cont\u00f3 con la conducci\u00f3n de la Lic. Hilda Peguero y se desarroll\u00f3 en el sal\u00f3n\u2026","rel":"","context":"En \u00abLa Romana @es\u00bb","block_context":{"text":"La Romana @es","link":"https:\/\/casadecampoliving.com\/es\/category\/mas-alla-de-casa-es\/la-romana-es\/"},"img":{"alt_text":"","src":"https:\/\/i0.wp.com\/casadecampoliving.com\/wp-content\/uploads\/2018\/05\/DSC02705.jpg?resize=350%2C200&ssl=1","width":350,"height":200,"srcset":"https:\/\/i0.wp.com\/casadecampoliving.com\/wp-content\/uploads\/2018\/05\/DSC02705.jpg?resize=350%2C200&ssl=1 1x, https:\/\/i0.wp.com\/casadecampoliving.com\/wp-content\/uploads\/2018\/05\/DSC02705.jpg?resize=525%2C300&ssl=1 1.5x, https:\/\/i0.wp.com\/casadecampoliving.com\/wp-content\/uploads\/2018\/05\/DSC02705.jpg?resize=700%2C400&ssl=1 2x"},"classes":[]},{"id":341941,"url":"https:\/\/casadecampoliving.com\/es\/el-modulo-anexo-materno-infantil-mami-celebra-su-quinto-aniversario\/","url_meta":{"origin":353713,"position":1},"title":"El M\u00f3dulo Anexo Materno Infantil (MAMI) celebra su quinto aniversario","author":"Mairobi Herrera","date":"23 Jun, 2013","format":false,"excerpt":"El M\u00f3dulo Anexo Materno Infantil (MAMI) celebra sus logros obtenidos durante los \u00faltimos cinco a\u00f1os que el centro tiene ofreciendo servicios en la comunidad de La Romana. \u00a0En el a\u00f1o 2008 abri\u00f3 el MAMI, ofreciendo servicios especializados para adolescentes, incluyendo atenci\u00f3n prenatal, planificaci\u00f3n familiar, ginecolog\u00eda, una consulta para varones y\u2026","rel":"","context":"En \u00abEstilo de Vida\u00bb","block_context":{"text":"Estilo de Vida","link":"https:\/\/casadecampoliving.com\/es\/category\/estilo-de-vida\/"},"img":{"alt_text":"mami quinto aniversario","src":"https:\/\/i0.wp.com\/casadecampoliving.com\/wp-content\/uploads\/2022\/10\/mami_quinto_aniversario-1.jpg?fit=650%2C364&ssl=1&resize=350%2C200","width":350,"height":200,"srcset":"https:\/\/i0.wp.com\/casadecampoliving.com\/wp-content\/uploads\/2022\/10\/mami_quinto_aniversario-1.jpg?fit=650%2C364&ssl=1&resize=350%2C200 1x, https:\/\/i0.wp.com\/casadecampoliving.com\/wp-content\/uploads\/2022\/10\/mami_quinto_aniversario-1.jpg?fit=650%2C364&ssl=1&resize=525%2C300 1.5x"},"classes":[]},{"id":322383,"url":"https:\/\/casadecampoliving.com\/the-modulo-anexo-materno-infantil-mami-celebrates-its-5th-aniversary\/","url_meta":{"origin":353713,"position":2},"title":"The M\u00f3dulo Anexo Materno Infantil (MAMI) Celebrates it\u00b4s 5th Aniversary","author":"Mairobi Herrera","date":"23 Jun, 2013","format":false,"excerpt":"The M\u00f3dulo Anexo Materno Infantil\u00a0(MAMI) celebrates its achievements during the past five years that the center has offerring services in the community of La Romana. \u00a0 In 2008 the MAMI opened, offering specialized services for adolescents, including prenatal care, birth control, gynecology, a medical consultation for males and \u00a0severals sex\u2026","rel":"","context":"En \u00abBeyond Casa\u00bb","block_context":{"text":"Beyond Casa","link":"https:\/\/casadecampoliving.com\/category\/beyond-casa\/"},"img":{"alt_text":"mami quinto aniversario","src":"https:\/\/i0.wp.com\/casadecampoliving.com\/wp-content\/uploads\/2022\/10\/mami_quinto_aniversario-1.jpg?fit=650%2C364&ssl=1&resize=350%2C200","width":350,"height":200,"srcset":"https:\/\/i0.wp.com\/casadecampoliving.com\/wp-content\/uploads\/2022\/10\/mami_quinto_aniversario-1.jpg?fit=650%2C364&ssl=1&resize=350%2C200 1x, https:\/\/i0.wp.com\/casadecampoliving.com\/wp-content\/uploads\/2022\/10\/mami_quinto_aniversario-1.jpg?fit=650%2C364&ssl=1&resize=525%2C300 1.5x"},"classes":[]},{"id":349431,"url":"https:\/\/casadecampoliving.com\/es\/ayudando-ninos-y-familias-con-estres-toxico\/","url_meta":{"origin":353713,"position":3},"title":"Ayudando a Ni\u00f1os y Familias con Estr\u00e9s T\u00f3xico","author":"Gabriella Flynn","date":"17 Mar, 2016","format":false,"excerpt":"El estr\u00e9s t\u00f3xico es una preocupaci\u00f3n de salud la cual est\u00e1 afectando a muchas de nuestras familias en La Romana. Muchos de nuestros ni\u00f1os j\u00f3venes est\u00e1n expuestos a situaciones de estr\u00e9s frecuente, fuerte y de larga duraci\u00f3n. Est\u00e1s situaciones de largo plazo se convierten en t\u00f3xicas porque son peligrosas y\u2026","rel":"","context":"En \u00abM\u00e1s all\u00e1 de Casa\u00bb","block_context":{"text":"M\u00e1s all\u00e1 de Casa","link":"https:\/\/casadecampoliving.com\/es\/category\/mas-alla-de-casa-es\/"},"img":{"alt_text":"Helping Children and Families with Toxic Stress","src":"https:\/\/i0.wp.com\/casadecampoliving.com\/wp-content\/uploads\/2022\/10\/Helping-Children-and-Families-with-Toxic-Stress.jpg?fit=1000%2C667&ssl=1&resize=350%2C200","width":350,"height":200,"srcset":"https:\/\/i0.wp.com\/casadecampoliving.com\/wp-content\/uploads\/2022\/10\/Helping-Children-and-Families-with-Toxic-Stress.jpg?fit=1000%2C667&ssl=1&resize=350%2C200 1x, https:\/\/i0.wp.com\/casadecampoliving.com\/wp-content\/uploads\/2022\/10\/Helping-Children-and-Families-with-Toxic-Stress.jpg?fit=1000%2C667&ssl=1&resize=525%2C300 1.5x, https:\/\/i0.wp.com\/casadecampoliving.com\/wp-content\/uploads\/2022\/10\/Helping-Children-and-Families-with-Toxic-Stress.jpg?fit=1000%2C667&ssl=1&resize=700%2C400 2x"},"classes":[]},{"id":353051,"url":"https:\/\/casadecampoliving.com\/es\/charla-de-multiplicadores-de-la-escuela-hogar-del-nino-en-conmemoracion-del-dia-mundial-del-sida\/","url_meta":{"origin":353713,"position":4},"title":"Charla de Multiplicadores de la Escuela Hogar del Ni\u00f1o en Conmemoraci\u00f3n del D\u00eda Mundial del SIDA","author":"Casa de Campo Living","date":"12 Dic, 2018","format":false,"excerpt":"El M\u00f3dulo Anexo Materno Infantil (MAMI) realiza durante el a\u00f1o escolar charlas sobre educaci\u00f3n sexual y reproductiva en escuelas y liceos de La Romana, as\u00ed como bateyes cercanos, las cuales abarcan temas sobre prevenci\u00f3n de embarazos en adolescentes, planificaci\u00f3n familiar, prevenci\u00f3n de infecciones de transmisi\u00f3n sexual, entre otras, con el\u2026","rel":"","context":"En \u00abLa Romana @es\u00bb","block_context":{"text":"La Romana @es","link":"https:\/\/casadecampoliving.com\/es\/category\/mas-alla-de-casa-es\/la-romana-es\/"},"img":{"alt_text":"","src":"https:\/\/i0.wp.com\/casadecampoliving.com\/wp-content\/uploads\/2018\/12\/DSC_0311-2-2.jpg?resize=350%2C200&ssl=1","width":350,"height":200,"srcset":"https:\/\/i0.wp.com\/casadecampoliving.com\/wp-content\/uploads\/2018\/12\/DSC_0311-2-2.jpg?resize=350%2C200&ssl=1 1x, https:\/\/i0.wp.com\/casadecampoliving.com\/wp-content\/uploads\/2018\/12\/DSC_0311-2-2.jpg?resize=525%2C300&ssl=1 1.5x, https:\/\/i0.wp.com\/casadecampoliving.com\/wp-content\/uploads\/2018\/12\/DSC_0311-2-2.jpg?resize=700%2C400&ssl=1 2x"},"classes":[]},{"id":352221,"url":"https:\/\/casadecampoliving.com\/es\/fotovoz-testimonios-de-vida-de-adolescentes-en-la-republica-dominicana\/","url_meta":{"origin":353713,"position":5},"title":"Presentaci\u00f3n de los libros \u00abFotovoz\u00bb y \u00abEn Sus Palabras\u00bb en Cl\u00ednica de Familia La Romana","author":"Casa de Campo Living","date":"22 Nov, 2017","format":false,"excerpt":"En las \u00faltimas dos semanas Cl\u00ednica de Familia la Romana se visti\u00f3 de gala con la presentaci\u00f3n de dos libros de gran incidencia para la comunidad de La Romana, como son: \u201cFotovoz: Escuchando las voces de la comunidad a trav\u00e9s de im\u00e1genes\u201d y \u201cEn Sus Palabras: Testimonios de vida de\u2026","rel":"","context":"En \u00abLa Romana @es\u00bb","block_context":{"text":"La Romana @es","link":"https:\/\/casadecampoliving.com\/es\/category\/mas-alla-de-casa-es\/la-romana-es\/"},"img":{"alt_text":"","src":"https:\/\/i0.wp.com\/casadecampoliving.com\/wp-content\/uploads\/2022\/10\/DSC09169-1.jpg?fit=1000%2C664&ssl=1&resize=350%2C200","width":350,"height":200,"srcset":"https:\/\/i0.wp.com\/casadecampoliving.com\/wp-content\/uploads\/2022\/10\/DSC09169-1.jpg?fit=1000%2C664&ssl=1&resize=350%2C200 1x, https:\/\/i0.wp.com\/casadecampoliving.com\/wp-content\/uploads\/2022\/10\/DSC09169-1.jpg?fit=1000%2C664&ssl=1&resize=525%2C300 1.5x, https:\/\/i0.wp.com\/casadecampoliving.com\/wp-content\/uploads\/2022\/10\/DSC09169-1.jpg?fit=1000%2C664&ssl=1&resize=700%2C400 2x"},"classes":[]}],"jetpack_sharing_enabled":true,"_links":{"self":[{"href":"https:\/\/casadecampoliving.com\/es\/wp-json\/wp\/v2\/posts\/353713","targetHints":{"allow":["GET"]}}],"collection":[{"href":"https:\/\/casadecampoliving.com\/es\/wp-json\/wp\/v2\/posts"}],"about":[{"href":"https:\/\/casadecampoliving.com\/es\/wp-json\/wp\/v2\/types\/post"}],"author":[{"embeddable":true,"href":"https:\/\/casadecampoliving.com\/es\/wp-json\/wp\/v2\/users\/36791"}],"replies":[{"embeddable":true,"href":"https:\/\/casadecampoliving.com\/es\/wp-json\/wp\/v2\/comments?post=353713"}],"version-history":[{"count":1,"href":"https:\/\/casadecampoliving.com\/es\/wp-json\/wp\/v2\/posts\/353713\/revisions"}],"predecessor-version":[{"id":503773,"href":"https:\/\/casadecampoliving.com\/es\/wp-json\/wp\/v2\/posts\/353713\/revisions\/503773"}],"wp:featuredmedia":[{"embeddable":true,"href":"https:\/\/casadecampoliving.com\/es\/wp-json\/wp\/v2\/media\/312262"}],"wp:attachment":[{"href":"https:\/\/casadecampoliving.com\/es\/wp-json\/wp\/v2\/media?parent=353713"}],"wp:term":[{"taxonomy":"category","embeddable":true,"href":"https:\/\/casadecampoliving.com\/es\/wp-json\/wp\/v2\/categories?post=353713"},{"taxonomy":"post_tag","embeddable":true,"href":"https:\/\/casadecampoliving.com\/es\/wp-json\/wp\/v2\/tags?post=353713"},{"taxonomy":"newspack_spnsrs_tax","embeddable":true,"href":"https:\/\/casadecampoliving.com\/es\/wp-json\/wp\/v2\/newspack_spnsrs_tax?post=353713"}],"curies":[{"name":"wp","href":"https:\/\/api.w.org\/{rel}","templated":true}]}}