{"id":353671,"date":"2020-01-20T00:00:00","date_gmt":"2020-01-20T04:00:00","guid":{"rendered":"https:\/\/casadecampoliving.com\/naeem-khan-presenta-su-ultima-coleccion-en-la-gala-esplendor-magico-de-este-ano-a-beneficio-de-la-fundacion-mir\/"},"modified":"2022-11-10T10:01:28","modified_gmt":"2022-11-10T14:01:28","slug":"naeem-khan-presenta-su-ultima-coleccion-en-la-gala-esplendor-magico-de-este-ano-a-beneficio-de-la-fundacion-mir","status":"publish","type":"post","link":"https:\/\/casadecampoliving.com\/es\/naeem-khan-presenta-su-ultima-coleccion-en-la-gala-esplendor-magico-de-este-ano-a-beneficio-de-la-fundacion-mir\/","title":{"rendered":"Naeem Khan presenta su \u00faltima colecci\u00f3n en la Gala Esplendor M\u00e1gico de este a\u00f1o a beneficio de la Fundaci\u00f3n MIR"},"content":{"rendered":"<p>La Gala Esplendor M\u00e1gico de la Fundaci\u00f3n MIR es un evento de moda muy esperado para miembros de la comunidad de Casa de Campo e invitados internacionales. Esta edici\u00f3n del 30 aniversario, presentada por Raysa y Alfy Fanjul, present\u00f3 al dise\u00f1ador de moda reconocido internacionalmente, Naeem Khan y parte de sus colecciones Resort\/ Primavera 2020. La noche no podr\u00eda haber sido m\u00e1s encantadora con velas iluminando los caminos y los invitados llegando con glamorosos vestidos de c\u00f3ctel.<\/p>\n<p><img data-recalc-dims=\"1\" loading=\"lazy\" decoding=\"async\" data-attachment-id=\"204004\" data-permalink=\"https:\/\/casadecampoliving.com\/es\/img_4912\/\" data-orig-file=\"https:\/\/i0.wp.com\/casadecampoliving.com\/wp-content\/uploads\/2020\/01\/IMG_4912.jpg?fit=1000%2C637&amp;ssl=1\" data-orig-size=\"1000,637\" data-comments-opened=\"0\" data-image-meta=\"{&quot;aperture&quot;:&quot;2.8&quot;,&quot;credit&quot;:&quot;&quot;,&quot;camera&quot;:&quot;Canon EOS 6D Mark II&quot;,&quot;caption&quot;:&quot;&quot;,&quot;created_timestamp&quot;:&quot;1579379562&quot;,&quot;copyright&quot;:&quot;&quot;,&quot;focal_length&quot;:&quot;20&quot;,&quot;iso&quot;:&quot;200&quot;,&quot;shutter_speed&quot;:&quot;0.01&quot;,&quot;title&quot;:&quot;&quot;,&quot;orientation&quot;:&quot;1&quot;}\" data-image-title=\"IMG_4912\" data-image-description=\"\" data-image-caption=\"\" data-large-file=\"https:\/\/i0.wp.com\/casadecampoliving.com\/wp-content\/uploads\/2020\/01\/IMG_4912.jpg?fit=1000%2C637&amp;ssl=1\" class=\"aligncenter size-full wp-image-204004\" src=\"https:\/\/i0.wp.com\/casadecampoliving.com\/wp-content\/uploads\/2022\/10\/IMG_4912.jpg?resize=1000%2C637&#038;ssl=1\" alt=\"\" width=\"1000\" height=\"637\"><\/p>\n<p>Los invitados fueron recibidos por los estudiantes cuando entraron a la casa de la familia Fanjul y se dirigieron al patio donde posaron para las fotos (\u00a1ver la galer\u00eda a continuaci\u00f3n!) y disfrutaron de champ\u00e1n, c\u00f3cteles, y bocadillos. A las 9 p.m., todos fueron invitados a caminar hacia el \u00e1rea de la cena donde la maestra de ceremonias de la noche, Renata So\u00f1\u00e9, dio la bienvenida al escenario a Alfy Fanjul, seguido por Lian Fanjul de Azqueta, fundadora de la Fundaci\u00f3n MIR y Lyanne Azqueta, Vicepresidenta de MIR Charities al escenario. \u201cQueremos agradecerles a todos por estar aqu\u00ed, por todo el apoyo que nos brindan a\u00f1o tras a\u00f1o. Estamos orgullosos del trabajo y el esfuerzo de nuestros estudiantes y cada uno de sus logros. Pero nada de esto hubiera sido posible sin la generosidad, sin el aporte, sin el apoyo de todos ustedes\u201d, dijo Lyanne.<\/p>\n<p>Esa misma noche tambi\u00e9n sorprendieron al egresado de MIR, Feliz Cruz Santana, quien despu\u00e9s de graduarse continu\u00f3 trabajando en las escuelas de MIR como profesor de m\u00fasica, con una beca para continuar sus estudios en la universidad y tambi\u00e9n escuchamos el testimonio del Dr. Juan Rosario, quien se gradu\u00f3 de MIR Campo Esperanza en 2006 y recibi\u00f3 una beca para estudiar medicina y ahora se est\u00e1 especializando en Emergencias y Desastres. &nbsp;<\/p>\n<p><img data-recalc-dims=\"1\" loading=\"lazy\" decoding=\"async\" data-attachment-id=\"204008\" data-permalink=\"https:\/\/casadecampoliving.com\/es\/img_4981\/\" data-orig-file=\"https:\/\/i0.wp.com\/casadecampoliving.com\/wp-content\/uploads\/2020\/01\/IMG_4981.jpg?fit=1000%2C600&amp;ssl=1\" data-orig-size=\"1000,600\" data-comments-opened=\"0\" data-image-meta=\"{&quot;aperture&quot;:&quot;2.8&quot;,&quot;credit&quot;:&quot;&quot;,&quot;camera&quot;:&quot;Canon EOS 6D Mark II&quot;,&quot;caption&quot;:&quot;&quot;,&quot;created_timestamp&quot;:&quot;1579384016&quot;,&quot;copyright&quot;:&quot;&quot;,&quot;focal_length&quot;:&quot;190&quot;,&quot;iso&quot;:&quot;800&quot;,&quot;shutter_speed&quot;:&quot;0.0125&quot;,&quot;title&quot;:&quot;&quot;,&quot;orientation&quot;:&quot;1&quot;}\" data-image-title=\"IMG_4981\" data-image-description=\"\" data-image-caption=\"\" data-large-file=\"https:\/\/i0.wp.com\/casadecampoliving.com\/wp-content\/uploads\/2020\/01\/IMG_4981.jpg?fit=1000%2C600&amp;ssl=1\" class=\"aligncenter size-full wp-image-204008\" src=\"https:\/\/i0.wp.com\/casadecampoliving.com\/wp-content\/uploads\/2022\/10\/IMG_4981-2.jpg?resize=1000%2C600&#038;ssl=1\" alt=\"\" width=\"1000\" height=\"600\"><\/p>\n<p>Luego, los ni\u00f1os de la Fundaci\u00f3n MIR presentaron a Raysa Fanjul, la anfitriona de la noche con flores, quien respondi\u00f3 con un breve pero sincero \u00abGracias, gracias a todos ustedes\u00bb e invit\u00f3 a Maritza Bonetti al escenario, que tambi\u00e9n recibi\u00f3 flores y declar\u00f3 lo feliz ella esta de contribuir a una causa tan maravillosa. La noche cont\u00f3 con una presentaci\u00f3n exclusiva de las colecciones Resort \/ Primavera 2020 del destacado dise\u00f1ador Naeem Khan quien es conocido por sus vestidos ornamentados e intrincadamente detallados y por vestir personalidades como Michelle Obama, la Reina Noor de Jordania, La Duquesa de Cambridge; Kate Middleton y celebridades como Beyonc\u00e9, Carrie Underwood y Mandy Moore.<\/p>\n<p>Una vez m\u00e1s, este a\u00f1o, el dise\u00f1ador don\u00f3 gentilmente varios vestidos en una subasta despu\u00e9s del espect\u00e1culo a algunas damas muy afortunadas de Casa de Campo. Cerca de US $ 50,000, la generosa contribuci\u00f3n apoyar\u00e1 los muchos esfuerzos que la fundaci\u00f3n ha planeado para este a\u00f1o. La adoraci\u00f3n de Khan por los ni\u00f1os y el reconocimiento del esfuerzo continuo de la fundaci\u00f3n pueden ser visto en su visita especial a la escuela que tuvo lugar el d\u00eda antes del espect\u00e1culo en Casa Grande. Despu\u00e9s del Desfile de Moda, lleg\u00f3 el momento de celebrar una noche esplendida con musica y baile con una banda en vivo, y m\u00e1s tarde con Dj Luz, una noche m\u00e1gica, una celebraci\u00f3n de los muchos a\u00f1os de dar a todos los ni\u00f1os de la Fundaci\u00f3n MIR.<\/p>\n<p><img data-recalc-dims=\"1\" loading=\"lazy\" decoding=\"async\" data-attachment-id=\"204002\" data-permalink=\"https:\/\/casadecampoliving.com\/es\/untitled-design-2\/\" data-orig-file=\"https:\/\/i0.wp.com\/casadecampoliving.com\/wp-content\/uploads\/2020\/01\/Untitled-design-2.png?fit=1000%2C685&amp;ssl=1\" data-orig-size=\"1000,685\" data-comments-opened=\"0\" data-image-meta=\"{&quot;aperture&quot;:&quot;0&quot;,&quot;credit&quot;:&quot;&quot;,&quot;camera&quot;:&quot;&quot;,&quot;caption&quot;:&quot;&quot;,&quot;created_timestamp&quot;:&quot;0&quot;,&quot;copyright&quot;:&quot;&quot;,&quot;focal_length&quot;:&quot;0&quot;,&quot;iso&quot;:&quot;0&quot;,&quot;shutter_speed&quot;:&quot;0&quot;,&quot;title&quot;:&quot;&quot;,&quot;orientation&quot;:&quot;0&quot;}\" data-image-title=\"Untitled design (2)\" data-image-description=\"\" data-image-caption=\"\" data-large-file=\"https:\/\/i0.wp.com\/casadecampoliving.com\/wp-content\/uploads\/2020\/01\/Untitled-design-2.png?fit=1000%2C685&amp;ssl=1\" class=\"aligncenter size-full wp-image-204002\" src=\"https:\/\/i0.wp.com\/casadecampoliving.com\/wp-content\/uploads\/2022\/10\/Untitled-design-2-2.png?resize=1000%2C685&#038;ssl=1\" alt=\"\" width=\"1000\" height=\"685\"><\/p>\n<p>\u00a1Nuestras felicitaciones a Alfy y Raysa Fanjul, Lian Fanjul de Azqueta, Lyanne Azqueta y todo el equipo de la Fundaci\u00f3n MIR por una vez m\u00e1s brindarnos un noche y Gala para recordar! Durante m\u00e1s de 25 a\u00f1os, la Fundaci\u00f3n MIR ha promovido amplios programas de educaci\u00f3n y salud en sus escuelas vocacionales para ni\u00f1as y ni\u00f1os. Cada a\u00f1o contin\u00faan creciendo, para que sus estudiantes tengan una educaci\u00f3n superior como para que sus graduados tengan una mejor posici\u00f3n en el mercado laboral. La siguiente galer\u00eda de fotos fue tomada el s\u00e1bado 18 de enero en la Gala Esplendor M\u00e1gico Fundaci\u00f3n MIR por Yafranny Melo:<\/p>\n<p>[nggallery id=3304]<\/p>\n<blockquote><p><strong><a href=\"https:\/\/casadecampoliving.com\/es\/the-fundacion-mir\/\">Fundaci\u00f3n&nbsp;MIR<\/a><\/strong><\/p>\n<p><img data-recalc-dims=\"1\" loading=\"lazy\" decoding=\"async\" class=\"alignright size-thumbnail wp-image-164104\" src=\"https:\/\/i0.wp.com\/casadecampoliving.com\/wp-content\/uploads\/2022\/10\/fundacion-mir-logo-150x150-3-150x150.png?resize=150%2C150&#038;ssl=1\" sizes=\"auto, (max-width: 150px) 100vw, 150px\" srcset=\"https:\/\/casadecampoliving.com\/wp-content\/uploads\/2022\/10\/fundacion-mir-logo-150x150-3-150x150.png 150w, https:\/\/casadecampoliving-wp.s3-accelerate.amazonaws.com\/2018\/10\/fundacion-mir-logo-300x300.png 300w, https:\/\/casadecampoliving-wp.s3-accelerate.amazonaws.com\/2018\/10\/fundacion-mir-logo-80x80.png 80w, https:\/\/casadecampoliving-wp.s3-accelerate.amazonaws.com\/2018\/10\/fundacion-mir-logo.png 576w\" alt=\"\" width=\"150\" height=\"150\"><\/p>\n<p>La&nbsp;<a href=\"https:\/\/casadecampoliving.com\/es\/the-fundacion-mir\/\">Fundaci\u00f3n MIR&nbsp;<\/a>&nbsp;es una organizac\u00f3n sin fines de lucro que trabaja para proveerle educaci\u00f3n a los ni\u00f1os m\u00e1s necesitados de La Romana. Ellos dirigen tres escuelas; MIR Esperanza (escuela vocacional de ni\u00f1os), la Escuela Tecnica Vocacional&nbsp;Fundaci\u00f3n&nbsp;MIR (escuela vocacional de ni\u00f1as) y la&nbsp;<a href=\"https:\/\/casadecampoliving.com\/es\/the-fundacion-mir\/\">Primaria MIR&nbsp;<\/a>(escuela infantil).<\/p>\n<p>Para m\u00e1s informaci\u00f3n sobre la Fundaci\u00f3n MIR y para hacer una donaci\u00f3n, favor visitar la p\u00e1gina web:&nbsp;<a href=\"http:\/\/www.mirinternational.org\/\">www.FundacionMIR.org<\/a><\/p>\n<p>Para hacer una donaci\u00f3n contacte la oficina MIR en Casa de Campo(809-523-8270) o en West Palm Beach (561-366-5095). \u00a1Donaciones para los ciudadanos de Estados Unidos son deducibles de impuestos!<\/p>\n<p><em><strong><a href=\"https:\/\/casadecampoliving.com\/es\/the-fundacion-mir\/\">Para descrubir m\u00e1s y leer art\u00edculos sobre otros eventos organizados por la Fundaci\u00f3n MIR \u2013 \u00a1cliquee aqu\u00ed!<\/a><\/strong><\/em><\/p><\/blockquote>\n","protected":false},"excerpt":{"rendered":"<p>La Gala Esplendor M\u00e1gico de la Fundaci\u00f3n MIR es un evento de moda muy esperado para miembros de la comunidad de Casa de Campo e invitados internacionales. Esta edici\u00f3n del 30 aniversario, presentada por Raysa y Alfy Fanjul, present\u00f3 al dise\u00f1ador de moda reconocido internacionalmente, Naeem Khan y parte de sus colecciones Resort\/ Primavera 2020. [&hellip;]<\/p>\n","protected":false},"author":36791,"featured_media":311622,"comment_status":"closed","ping_status":"closed","sticky":false,"template":"","format":"standard","meta":{"newspack_ads_suppress_ads":false,"newspack_popups_has_disabled_popups":false,"newspack_sponsor_sponsorship_scope":"","newspack_sponsor_native_byline_display":"inherit","newspack_sponsor_native_category_display":"inherit","newspack_sponsor_underwriter_style":"inherit","newspack_sponsor_underwriter_placement":"inherit","_newspack_byline_active":false,"_newspack_byline":"","newspack_hide_updated_date":false,"newspack_show_updated_date":false,"newspack_content_restriction_is_exempt":false,"newspack_featured_image_position":"","newspack_post_subtitle":"","newspack_article_summary_title":"Overview:","newspack_article_summary":"","_jetpack_memberships_contains_paid_content":false,"footnotes":"","jetpack_publicize_message":"","jetpack_publicize_feature_enabled":true,"jetpack_social_post_already_shared":false,"jetpack_social_options":{"image_generator_settings":{"template":"highway","default_image_id":0,"font":"","enabled":false},"version":2},"_wpas_customize_per_network":false},"categories":[14631,2522,2515,2514,14625,2521],"tags":[23783,6217,3626,6380,14736,24715,20266,18932,7250,22432,3229,14122,8069],"newspack_spnsrs_tax":[],"class_list":["post-353671","post","type-post","status-publish","format-standard","has-post-thumbnail","hentry","category-estilo-de-vida","category-eventos-es","category-fundacion-mir-es","category-fundaciones-es","category-noticias-locales","category-republica-dominicana-2","tag-alfy-fanjul-es-2","tag-alfy-fanjul-es","tag-casa-de-campo-es","tag-casa-grande-es","tag-featured-topview-es","tag-fundacion-mir-es","tag-la-coleccion-pret-a-porter","tag-la-romana-es-4","tag-lian-fanjul-de-azqueta-es","tag-lyanne-azquetta-es","tag-moda","tag-naeem-khan-es","tag-raysa-fanjul-es","entry"],"yoast_head":"<!-- This site is optimized with the Yoast SEO plugin v27.4 - https:\/\/yoast.com\/product\/yoast-seo-wordpress\/ -->\n<title>Naeem Khan presenta su \u00faltima colecci\u00f3n en la Gala Esplendor M\u00e1gico de este a\u00f1o a beneficio de la Fundaci\u00f3n MIR | Casa de Campo Living<\/title>\n<meta name=\"description\" content=\"La Gala Esplendor M\u00e1gico de la Fundaci\u00f3n MIR es un evento de moda muy esperado para miembros de la comunidad de Casa de Campo e invitados internacionales.\" \/>\n<meta name=\"robots\" content=\"index, follow, max-snippet:-1, max-image-preview:large, max-video-preview:-1\" \/>\n<link rel=\"canonical\" href=\"https:\/\/casadecampoliving.com\/es\/naeem-khan-presenta-su-ultima-coleccion-en-la-gala-esplendor-magico-de-este-ano-a-beneficio-de-la-fundacion-mir\/\" \/>\n<meta property=\"og:locale\" content=\"es_ES\" \/>\n<meta property=\"og:type\" content=\"article\" \/>\n<meta property=\"og:title\" content=\"Naeem Khan presenta su \u00faltima colecci\u00f3n en la Gala Esplendor M\u00e1gico de este a\u00f1o a beneficio de la Fundaci\u00f3n MIR | Casa de Campo Living\" \/>\n<meta property=\"og:description\" content=\"La Gala Esplendor M\u00e1gico de la Fundaci\u00f3n MIR es un evento de moda muy esperado para miembros de la comunidad de Casa de Campo e invitados internacionales.\" \/>\n<meta property=\"og:url\" content=\"https:\/\/casadecampoliving.com\/es\/naeem-khan-presenta-su-ultima-coleccion-en-la-gala-esplendor-magico-de-este-ano-a-beneficio-de-la-fundacion-mir\/\" \/>\n<meta property=\"og:site_name\" content=\"Casa de Campo Living\" \/>\n<meta property=\"article:publisher\" content=\"https:\/\/www.facebook.com\/casadecampoliving\" \/>\n<meta property=\"article:published_time\" content=\"2020-01-20T04:00:00+00:00\" \/>\n<meta property=\"article:modified_time\" content=\"2022-11-10T14:01:28+00:00\" \/>\n<meta property=\"og:image\" content=\"https:\/\/i0.wp.com\/casadecampoliving.com\/wp-content\/uploads\/2022\/10\/IMG_4952.jpg?fit=1000%2C601&ssl=1\" \/>\n\t<meta property=\"og:image:width\" content=\"1000\" \/>\n\t<meta property=\"og:image:height\" content=\"601\" \/>\n\t<meta property=\"og:image:type\" content=\"image\/jpeg\" \/>\n<meta name=\"author\" content=\"Casa de Campo Living\" \/>\n<meta name=\"twitter:card\" content=\"summary_large_image\" \/>\n<meta name=\"twitter:creator\" content=\"@cdcliving\" \/>\n<meta name=\"twitter:site\" content=\"@cdcliving\" \/>\n<meta name=\"twitter:label1\" content=\"Escrito por\" \/>\n\t<meta name=\"twitter:data1\" content=\"Casa de Campo Living\" \/>\n\t<meta name=\"twitter:label2\" content=\"Tiempo de lectura\" \/>\n\t<meta name=\"twitter:data2\" content=\"4 minutos\" \/>\n<script type=\"application\/ld+json\" class=\"yoast-schema-graph\">{\"@context\":\"https:\\\/\\\/schema.org\",\"@graph\":[{\"@type\":\"Article\",\"@id\":\"https:\\\/\\\/casadecampoliving.com\\\/es\\\/naeem-khan-presenta-su-ultima-coleccion-en-la-gala-esplendor-magico-de-este-ano-a-beneficio-de-la-fundacion-mir\\\/#article\",\"isPartOf\":{\"@id\":\"https:\\\/\\\/casadecampoliving.com\\\/es\\\/naeem-khan-presenta-su-ultima-coleccion-en-la-gala-esplendor-magico-de-este-ano-a-beneficio-de-la-fundacion-mir\\\/\"},\"author\":{\"name\":\"Casa de Campo Living\",\"@id\":\"https:\\\/\\\/casadecampoliving.com\\\/es\\\/#\\\/schema\\\/person\\\/5d2171637a9d11e0e43ce6b8555f9422\"},\"headline\":\"Naeem Khan presenta su \u00faltima colecci\u00f3n en la Gala Esplendor M\u00e1gico de este a\u00f1o a beneficio de la Fundaci\u00f3n MIR\",\"datePublished\":\"2020-01-20T04:00:00+00:00\",\"dateModified\":\"2022-11-10T14:01:28+00:00\",\"mainEntityOfPage\":{\"@id\":\"https:\\\/\\\/casadecampoliving.com\\\/es\\\/naeem-khan-presenta-su-ultima-coleccion-en-la-gala-esplendor-magico-de-este-ano-a-beneficio-de-la-fundacion-mir\\\/\"},\"wordCount\":859,\"publisher\":{\"@id\":\"https:\\\/\\\/casadecampoliving.com\\\/es\\\/#organization\"},\"image\":{\"@id\":\"https:\\\/\\\/casadecampoliving.com\\\/es\\\/naeem-khan-presenta-su-ultima-coleccion-en-la-gala-esplendor-magico-de-este-ano-a-beneficio-de-la-fundacion-mir\\\/#primaryimage\"},\"thumbnailUrl\":\"https:\\\/\\\/i0.wp.com\\\/casadecampoliving.com\\\/wp-content\\\/uploads\\\/2022\\\/10\\\/IMG_4952.jpg?fit=1000%2C601&ssl=1\",\"keywords\":[\"alfy fanjul\",\"alfy fanjul @es\",\"casa de campo @es\",\"casa grande @es\",\"Featured-TopView @es\",\"Fundacion MIR\",\"la colecci\u00f3n pr\u00eat-\u00e0-porter\",\"La Romana\",\"Lian Fanjul de Azqueta @es\",\"lyanne azquetta @es\",\"moda\",\"Naeem Khan @es\",\"raysa fanjul @es\"],\"articleSection\":[\"Estilo de Vida\",\"Eventos\",\"Fundaci\u00f3n MIR @es\",\"Fundaciones\",\"Noticias Locales\",\"Rep\u00fablica Dominicana @es\"],\"inLanguage\":\"es\"},{\"@type\":\"WebPage\",\"@id\":\"https:\\\/\\\/casadecampoliving.com\\\/es\\\/naeem-khan-presenta-su-ultima-coleccion-en-la-gala-esplendor-magico-de-este-ano-a-beneficio-de-la-fundacion-mir\\\/\",\"url\":\"https:\\\/\\\/casadecampoliving.com\\\/es\\\/naeem-khan-presenta-su-ultima-coleccion-en-la-gala-esplendor-magico-de-este-ano-a-beneficio-de-la-fundacion-mir\\\/\",\"name\":\"Naeem Khan presenta su \u00faltima colecci\u00f3n en la Gala Esplendor M\u00e1gico de este a\u00f1o a beneficio de la Fundaci\u00f3n MIR | Casa de Campo Living\",\"isPartOf\":{\"@id\":\"https:\\\/\\\/casadecampoliving.com\\\/es\\\/#website\"},\"primaryImageOfPage\":{\"@id\":\"https:\\\/\\\/casadecampoliving.com\\\/es\\\/naeem-khan-presenta-su-ultima-coleccion-en-la-gala-esplendor-magico-de-este-ano-a-beneficio-de-la-fundacion-mir\\\/#primaryimage\"},\"image\":{\"@id\":\"https:\\\/\\\/casadecampoliving.com\\\/es\\\/naeem-khan-presenta-su-ultima-coleccion-en-la-gala-esplendor-magico-de-este-ano-a-beneficio-de-la-fundacion-mir\\\/#primaryimage\"},\"thumbnailUrl\":\"https:\\\/\\\/i0.wp.com\\\/casadecampoliving.com\\\/wp-content\\\/uploads\\\/2022\\\/10\\\/IMG_4952.jpg?fit=1000%2C601&ssl=1\",\"datePublished\":\"2020-01-20T04:00:00+00:00\",\"dateModified\":\"2022-11-10T14:01:28+00:00\",\"description\":\"La Gala Esplendor M\u00e1gico de la Fundaci\u00f3n MIR es un evento de moda muy esperado para miembros de la comunidad de Casa de Campo e invitados internacionales.\",\"breadcrumb\":{\"@id\":\"https:\\\/\\\/casadecampoliving.com\\\/es\\\/naeem-khan-presenta-su-ultima-coleccion-en-la-gala-esplendor-magico-de-este-ano-a-beneficio-de-la-fundacion-mir\\\/#breadcrumb\"},\"inLanguage\":\"es\",\"potentialAction\":[{\"@type\":\"ReadAction\",\"target\":[\"https:\\\/\\\/casadecampoliving.com\\\/es\\\/naeem-khan-presenta-su-ultima-coleccion-en-la-gala-esplendor-magico-de-este-ano-a-beneficio-de-la-fundacion-mir\\\/\"]}]},{\"@type\":\"ImageObject\",\"inLanguage\":\"es\",\"@id\":\"https:\\\/\\\/casadecampoliving.com\\\/es\\\/naeem-khan-presenta-su-ultima-coleccion-en-la-gala-esplendor-magico-de-este-ano-a-beneficio-de-la-fundacion-mir\\\/#primaryimage\",\"url\":\"https:\\\/\\\/i0.wp.com\\\/casadecampoliving.com\\\/wp-content\\\/uploads\\\/2022\\\/10\\\/IMG_4952.jpg?fit=1000%2C601&ssl=1\",\"contentUrl\":\"https:\\\/\\\/i0.wp.com\\\/casadecampoliving.com\\\/wp-content\\\/uploads\\\/2022\\\/10\\\/IMG_4952.jpg?fit=1000%2C601&ssl=1\",\"width\":1000,\"height\":601},{\"@type\":\"BreadcrumbList\",\"@id\":\"https:\\\/\\\/casadecampoliving.com\\\/es\\\/naeem-khan-presenta-su-ultima-coleccion-en-la-gala-esplendor-magico-de-este-ano-a-beneficio-de-la-fundacion-mir\\\/#breadcrumb\",\"itemListElement\":[{\"@type\":\"ListItem\",\"position\":1,\"name\":\"Home\",\"item\":\"https:\\\/\\\/casadecampoliving.com\\\/es\\\/\"},{\"@type\":\"ListItem\",\"position\":2,\"name\":\"Naeem Khan presenta su \u00faltima colecci\u00f3n en la Gala Esplendor M\u00e1gico de este a\u00f1o a beneficio de la Fundaci\u00f3n MIR\"}]},{\"@type\":\"WebSite\",\"@id\":\"https:\\\/\\\/casadecampoliving.com\\\/es\\\/#website\",\"url\":\"https:\\\/\\\/casadecampoliving.com\\\/es\\\/\",\"name\":\"Casa de Campo Living\",\"description\":\"Resort community news and resources.\",\"publisher\":{\"@id\":\"https:\\\/\\\/casadecampoliving.com\\\/es\\\/#organization\"},\"potentialAction\":[{\"@type\":\"SearchAction\",\"target\":{\"@type\":\"EntryPoint\",\"urlTemplate\":\"https:\\\/\\\/casadecampoliving.com\\\/es\\\/?s={search_term_string}\"},\"query-input\":{\"@type\":\"PropertyValueSpecification\",\"valueRequired\":true,\"valueName\":\"search_term_string\"}}],\"inLanguage\":\"es\"},{\"@type\":\"Organization\",\"@id\":\"https:\\\/\\\/casadecampoliving.com\\\/es\\\/#organization\",\"name\":\"Casa de Campo Living\",\"url\":\"https:\\\/\\\/casadecampoliving.com\\\/es\\\/\",\"logo\":{\"@type\":\"ImageObject\",\"inLanguage\":\"es\",\"@id\":\"https:\\\/\\\/casadecampoliving.com\\\/es\\\/#\\\/schema\\\/logo\\\/image\\\/\",\"url\":\"https:\\\/\\\/i0.wp.com\\\/casadecampoliving.com\\\/wp-content\\\/uploads\\\/2022\\\/07\\\/CDCLivingLogo_V1-white-sized.png?fit=800%2C214&ssl=1\",\"contentUrl\":\"https:\\\/\\\/i0.wp.com\\\/casadecampoliving.com\\\/wp-content\\\/uploads\\\/2022\\\/07\\\/CDCLivingLogo_V1-white-sized.png?fit=800%2C214&ssl=1\",\"width\":800,\"height\":214,\"caption\":\"Casa de Campo Living\"},\"image\":{\"@id\":\"https:\\\/\\\/casadecampoliving.com\\\/es\\\/#\\\/schema\\\/logo\\\/image\\\/\"},\"sameAs\":[\"https:\\\/\\\/www.facebook.com\\\/casadecampoliving\",\"https:\\\/\\\/x.com\\\/cdcliving\"]},{\"@type\":\"Person\",\"@id\":\"https:\\\/\\\/casadecampoliving.com\\\/es\\\/#\\\/schema\\\/person\\\/5d2171637a9d11e0e43ce6b8555f9422\",\"name\":\"Casa de Campo Living\",\"image\":{\"@type\":\"ImageObject\",\"inLanguage\":\"es\",\"@id\":\"https:\\\/\\\/secure.gravatar.com\\\/avatar\\\/d04101fa4a9fd431e939953b1500fdc7a73cd35029f86d98712fd8ccdaebaf9a?s=96&d=mm&r=g\",\"url\":\"https:\\\/\\\/secure.gravatar.com\\\/avatar\\\/d04101fa4a9fd431e939953b1500fdc7a73cd35029f86d98712fd8ccdaebaf9a?s=96&d=mm&r=g\",\"contentUrl\":\"https:\\\/\\\/secure.gravatar.com\\\/avatar\\\/d04101fa4a9fd431e939953b1500fdc7a73cd35029f86d98712fd8ccdaebaf9a?s=96&d=mm&r=g\",\"caption\":\"Casa de Campo Living\"},\"url\":\"https:\\\/\\\/casadecampoliving.com\\\/es\\\/author\\\/casa-de-campo-living\\\/\"}]}<\/script>\n<!-- \/ Yoast SEO plugin. -->","yoast_head_json":{"title":"Naeem Khan presenta su \u00faltima colecci\u00f3n en la Gala Esplendor M\u00e1gico de este a\u00f1o a beneficio de la Fundaci\u00f3n MIR | Casa de Campo Living","description":"La Gala Esplendor M\u00e1gico de la Fundaci\u00f3n MIR es un evento de moda muy esperado para miembros de la comunidad de Casa de Campo e invitados internacionales.","robots":{"index":"index","follow":"follow","max-snippet":"max-snippet:-1","max-image-preview":"max-image-preview:large","max-video-preview":"max-video-preview:-1"},"canonical":"https:\/\/casadecampoliving.com\/es\/naeem-khan-presenta-su-ultima-coleccion-en-la-gala-esplendor-magico-de-este-ano-a-beneficio-de-la-fundacion-mir\/","og_locale":"es_ES","og_type":"article","og_title":"Naeem Khan presenta su \u00faltima colecci\u00f3n en la Gala Esplendor M\u00e1gico de este a\u00f1o a beneficio de la Fundaci\u00f3n MIR | Casa de Campo Living","og_description":"La Gala Esplendor M\u00e1gico de la Fundaci\u00f3n MIR es un evento de moda muy esperado para miembros de la comunidad de Casa de Campo e invitados internacionales.","og_url":"https:\/\/casadecampoliving.com\/es\/naeem-khan-presenta-su-ultima-coleccion-en-la-gala-esplendor-magico-de-este-ano-a-beneficio-de-la-fundacion-mir\/","og_site_name":"Casa de Campo Living","article_publisher":"https:\/\/www.facebook.com\/casadecampoliving","article_published_time":"2020-01-20T04:00:00+00:00","article_modified_time":"2022-11-10T14:01:28+00:00","og_image":[{"width":1000,"height":601,"url":"https:\/\/i0.wp.com\/casadecampoliving.com\/wp-content\/uploads\/2022\/10\/IMG_4952.jpg?fit=1000%2C601&ssl=1","type":"image\/jpeg"}],"author":"Casa de Campo Living","twitter_card":"summary_large_image","twitter_creator":"@cdcliving","twitter_site":"@cdcliving","twitter_misc":{"Escrito por":"Casa de Campo Living","Tiempo de lectura":"4 minutos"},"schema":{"@context":"https:\/\/schema.org","@graph":[{"@type":"Article","@id":"https:\/\/casadecampoliving.com\/es\/naeem-khan-presenta-su-ultima-coleccion-en-la-gala-esplendor-magico-de-este-ano-a-beneficio-de-la-fundacion-mir\/#article","isPartOf":{"@id":"https:\/\/casadecampoliving.com\/es\/naeem-khan-presenta-su-ultima-coleccion-en-la-gala-esplendor-magico-de-este-ano-a-beneficio-de-la-fundacion-mir\/"},"author":{"name":"Casa de Campo Living","@id":"https:\/\/casadecampoliving.com\/es\/#\/schema\/person\/5d2171637a9d11e0e43ce6b8555f9422"},"headline":"Naeem Khan presenta su \u00faltima colecci\u00f3n en la Gala Esplendor M\u00e1gico de este a\u00f1o a beneficio de la Fundaci\u00f3n MIR","datePublished":"2020-01-20T04:00:00+00:00","dateModified":"2022-11-10T14:01:28+00:00","mainEntityOfPage":{"@id":"https:\/\/casadecampoliving.com\/es\/naeem-khan-presenta-su-ultima-coleccion-en-la-gala-esplendor-magico-de-este-ano-a-beneficio-de-la-fundacion-mir\/"},"wordCount":859,"publisher":{"@id":"https:\/\/casadecampoliving.com\/es\/#organization"},"image":{"@id":"https:\/\/casadecampoliving.com\/es\/naeem-khan-presenta-su-ultima-coleccion-en-la-gala-esplendor-magico-de-este-ano-a-beneficio-de-la-fundacion-mir\/#primaryimage"},"thumbnailUrl":"https:\/\/i0.wp.com\/casadecampoliving.com\/wp-content\/uploads\/2022\/10\/IMG_4952.jpg?fit=1000%2C601&ssl=1","keywords":["alfy fanjul","alfy fanjul @es","casa de campo @es","casa grande @es","Featured-TopView @es","Fundacion MIR","la colecci\u00f3n pr\u00eat-\u00e0-porter","La Romana","Lian Fanjul de Azqueta @es","lyanne azquetta @es","moda","Naeem Khan @es","raysa fanjul @es"],"articleSection":["Estilo de Vida","Eventos","Fundaci\u00f3n MIR @es","Fundaciones","Noticias Locales","Rep\u00fablica Dominicana @es"],"inLanguage":"es"},{"@type":"WebPage","@id":"https:\/\/casadecampoliving.com\/es\/naeem-khan-presenta-su-ultima-coleccion-en-la-gala-esplendor-magico-de-este-ano-a-beneficio-de-la-fundacion-mir\/","url":"https:\/\/casadecampoliving.com\/es\/naeem-khan-presenta-su-ultima-coleccion-en-la-gala-esplendor-magico-de-este-ano-a-beneficio-de-la-fundacion-mir\/","name":"Naeem Khan presenta su \u00faltima colecci\u00f3n en la Gala Esplendor M\u00e1gico de este a\u00f1o a beneficio de la Fundaci\u00f3n MIR | Casa de Campo Living","isPartOf":{"@id":"https:\/\/casadecampoliving.com\/es\/#website"},"primaryImageOfPage":{"@id":"https:\/\/casadecampoliving.com\/es\/naeem-khan-presenta-su-ultima-coleccion-en-la-gala-esplendor-magico-de-este-ano-a-beneficio-de-la-fundacion-mir\/#primaryimage"},"image":{"@id":"https:\/\/casadecampoliving.com\/es\/naeem-khan-presenta-su-ultima-coleccion-en-la-gala-esplendor-magico-de-este-ano-a-beneficio-de-la-fundacion-mir\/#primaryimage"},"thumbnailUrl":"https:\/\/i0.wp.com\/casadecampoliving.com\/wp-content\/uploads\/2022\/10\/IMG_4952.jpg?fit=1000%2C601&ssl=1","datePublished":"2020-01-20T04:00:00+00:00","dateModified":"2022-11-10T14:01:28+00:00","description":"La Gala Esplendor M\u00e1gico de la Fundaci\u00f3n MIR es un evento de moda muy esperado para miembros de la comunidad de Casa de Campo e invitados internacionales.","breadcrumb":{"@id":"https:\/\/casadecampoliving.com\/es\/naeem-khan-presenta-su-ultima-coleccion-en-la-gala-esplendor-magico-de-este-ano-a-beneficio-de-la-fundacion-mir\/#breadcrumb"},"inLanguage":"es","potentialAction":[{"@type":"ReadAction","target":["https:\/\/casadecampoliving.com\/es\/naeem-khan-presenta-su-ultima-coleccion-en-la-gala-esplendor-magico-de-este-ano-a-beneficio-de-la-fundacion-mir\/"]}]},{"@type":"ImageObject","inLanguage":"es","@id":"https:\/\/casadecampoliving.com\/es\/naeem-khan-presenta-su-ultima-coleccion-en-la-gala-esplendor-magico-de-este-ano-a-beneficio-de-la-fundacion-mir\/#primaryimage","url":"https:\/\/i0.wp.com\/casadecampoliving.com\/wp-content\/uploads\/2022\/10\/IMG_4952.jpg?fit=1000%2C601&ssl=1","contentUrl":"https:\/\/i0.wp.com\/casadecampoliving.com\/wp-content\/uploads\/2022\/10\/IMG_4952.jpg?fit=1000%2C601&ssl=1","width":1000,"height":601},{"@type":"BreadcrumbList","@id":"https:\/\/casadecampoliving.com\/es\/naeem-khan-presenta-su-ultima-coleccion-en-la-gala-esplendor-magico-de-este-ano-a-beneficio-de-la-fundacion-mir\/#breadcrumb","itemListElement":[{"@type":"ListItem","position":1,"name":"Home","item":"https:\/\/casadecampoliving.com\/es\/"},{"@type":"ListItem","position":2,"name":"Naeem Khan presenta su \u00faltima colecci\u00f3n en la Gala Esplendor M\u00e1gico de este a\u00f1o a beneficio de la Fundaci\u00f3n MIR"}]},{"@type":"WebSite","@id":"https:\/\/casadecampoliving.com\/es\/#website","url":"https:\/\/casadecampoliving.com\/es\/","name":"Casa de Campo Living","description":"Resort community news and resources.","publisher":{"@id":"https:\/\/casadecampoliving.com\/es\/#organization"},"potentialAction":[{"@type":"SearchAction","target":{"@type":"EntryPoint","urlTemplate":"https:\/\/casadecampoliving.com\/es\/?s={search_term_string}"},"query-input":{"@type":"PropertyValueSpecification","valueRequired":true,"valueName":"search_term_string"}}],"inLanguage":"es"},{"@type":"Organization","@id":"https:\/\/casadecampoliving.com\/es\/#organization","name":"Casa de Campo Living","url":"https:\/\/casadecampoliving.com\/es\/","logo":{"@type":"ImageObject","inLanguage":"es","@id":"https:\/\/casadecampoliving.com\/es\/#\/schema\/logo\/image\/","url":"https:\/\/i0.wp.com\/casadecampoliving.com\/wp-content\/uploads\/2022\/07\/CDCLivingLogo_V1-white-sized.png?fit=800%2C214&ssl=1","contentUrl":"https:\/\/i0.wp.com\/casadecampoliving.com\/wp-content\/uploads\/2022\/07\/CDCLivingLogo_V1-white-sized.png?fit=800%2C214&ssl=1","width":800,"height":214,"caption":"Casa de Campo Living"},"image":{"@id":"https:\/\/casadecampoliving.com\/es\/#\/schema\/logo\/image\/"},"sameAs":["https:\/\/www.facebook.com\/casadecampoliving","https:\/\/x.com\/cdcliving"]},{"@type":"Person","@id":"https:\/\/casadecampoliving.com\/es\/#\/schema\/person\/5d2171637a9d11e0e43ce6b8555f9422","name":"Casa de Campo Living","image":{"@type":"ImageObject","inLanguage":"es","@id":"https:\/\/secure.gravatar.com\/avatar\/d04101fa4a9fd431e939953b1500fdc7a73cd35029f86d98712fd8ccdaebaf9a?s=96&d=mm&r=g","url":"https:\/\/secure.gravatar.com\/avatar\/d04101fa4a9fd431e939953b1500fdc7a73cd35029f86d98712fd8ccdaebaf9a?s=96&d=mm&r=g","contentUrl":"https:\/\/secure.gravatar.com\/avatar\/d04101fa4a9fd431e939953b1500fdc7a73cd35029f86d98712fd8ccdaebaf9a?s=96&d=mm&r=g","caption":"Casa de Campo Living"},"url":"https:\/\/casadecampoliving.com\/es\/author\/casa-de-campo-living\/"}]}},"parsely":{"version":"1.1.0","canonical_url":"https:\/\/casadecampoliving.com\/es\/naeem-khan-presenta-su-ultima-coleccion-en-la-gala-esplendor-magico-de-este-ano-a-beneficio-de-la-fundacion-mir\/","smart_links":{"inbound":0,"outbound":0},"traffic_boost_suggestions_count":0,"meta":{"@context":"https:\/\/schema.org","@type":"NewsArticle","headline":"Naeem Khan presenta su \u00faltima colecci\u00f3n en la Gala Esplendor M\u00e1gico de este a\u00f1o a beneficio de la Fundaci\u00f3n MIR","url":"http:\/\/casadecampoliving.com\/es\/naeem-khan-presenta-su-ultima-coleccion-en-la-gala-esplendor-magico-de-este-ano-a-beneficio-de-la-fundacion-mir\/","mainEntityOfPage":{"@type":"WebPage","@id":"http:\/\/casadecampoliving.com\/es\/naeem-khan-presenta-su-ultima-coleccion-en-la-gala-esplendor-magico-de-este-ano-a-beneficio-de-la-fundacion-mir\/"},"thumbnailUrl":"https:\/\/i0.wp.com\/casadecampoliving.com\/wp-content\/uploads\/2022\/10\/IMG_4952.jpg?resize=150%2C150&ssl=1","image":{"@type":"ImageObject","url":"https:\/\/i0.wp.com\/casadecampoliving.com\/wp-content\/uploads\/2022\/10\/IMG_4952.jpg?fit=1000%2C601&ssl=1"},"articleSection":"Estilo de Vida","author":[{"@type":"Person","name":"Casa de Campo Living"}],"creator":["Casa de Campo Living"],"publisher":{"@type":"Organization","name":"Casa de Campo Living","logo":"https:\/\/casadecampoliving.com\/wp-content\/uploads\/2022\/07\/CDCLivingLogo_V1-white-sized.png"},"keywords":["alfy fanjul","alfy fanjul @es","casa de campo @es","casa grande @es","featured-topview @es","fundacion mir","la colecci\u00f3n pr\u00eat-\u00e0-porter","la romana","lian fanjul de azqueta @es","lyanne azquetta @es","moda","naeem khan @es","raysa fanjul @es"],"dateCreated":"2020-01-20T04:00:00Z","datePublished":"2020-01-20T04:00:00Z","dateModified":"2022-11-10T14:01:28Z"},"rendered":"<script type=\"application\/ld+json\" class=\"wp-parsely-metadata\">{\"@context\":\"https:\\\/\\\/schema.org\",\"@type\":\"NewsArticle\",\"headline\":\"Naeem Khan presenta su \\u00faltima colecci\\u00f3n en la Gala Esplendor M\\u00e1gico de este a\\u00f1o a beneficio de la Fundaci\\u00f3n MIR\",\"url\":\"http:\\\/\\\/casadecampoliving.com\\\/es\\\/naeem-khan-presenta-su-ultima-coleccion-en-la-gala-esplendor-magico-de-este-ano-a-beneficio-de-la-fundacion-mir\\\/\",\"mainEntityOfPage\":{\"@type\":\"WebPage\",\"@id\":\"http:\\\/\\\/casadecampoliving.com\\\/es\\\/naeem-khan-presenta-su-ultima-coleccion-en-la-gala-esplendor-magico-de-este-ano-a-beneficio-de-la-fundacion-mir\\\/\"},\"thumbnailUrl\":\"https:\\\/\\\/i0.wp.com\\\/casadecampoliving.com\\\/wp-content\\\/uploads\\\/2022\\\/10\\\/IMG_4952.jpg?resize=150%2C150&ssl=1\",\"image\":{\"@type\":\"ImageObject\",\"url\":\"https:\\\/\\\/i0.wp.com\\\/casadecampoliving.com\\\/wp-content\\\/uploads\\\/2022\\\/10\\\/IMG_4952.jpg?fit=1000%2C601&ssl=1\"},\"articleSection\":\"Estilo de Vida\",\"author\":[{\"@type\":\"Person\",\"name\":\"Casa de Campo Living\"}],\"creator\":[\"Casa de Campo Living\"],\"publisher\":{\"@type\":\"Organization\",\"name\":\"Casa de Campo Living\",\"logo\":\"https:\\\/\\\/casadecampoliving.com\\\/wp-content\\\/uploads\\\/2022\\\/07\\\/CDCLivingLogo_V1-white-sized.png\"},\"keywords\":[\"alfy fanjul\",\"alfy fanjul @es\",\"casa de campo @es\",\"casa grande @es\",\"featured-topview @es\",\"fundacion mir\",\"la colecci\\u00f3n pr\\u00eat-\\u00e0-porter\",\"la romana\",\"lian fanjul de azqueta @es\",\"lyanne azquetta @es\",\"moda\",\"naeem khan @es\",\"raysa fanjul @es\"],\"dateCreated\":\"2020-01-20T04:00:00Z\",\"datePublished\":\"2020-01-20T04:00:00Z\",\"dateModified\":\"2022-11-10T14:01:28Z\"}<\/script>","tracker_url":"https:\/\/cdn.parsely.com\/keys\/casadecampoliving.com\/p.js"},"jetpack_publicize_connections":[],"jetpack_featured_media_url":"https:\/\/i0.wp.com\/casadecampoliving.com\/wp-content\/uploads\/2022\/10\/IMG_4952.jpg?fit=1000%2C601&ssl=1","jetpack-related-posts":[{"id":350808,"url":"https:\/\/casadecampoliving.com\/es\/gala-esplendor-magico-de-la-fundacion-mir-en-enero\/","url_meta":{"origin":353671,"position":0},"title":"\u00a1Marquen la fecha en su calendario para la Gala Esplendor M\u00e1gico de la Fundaci\u00f3n MIR en enero!","author":"Heather Lincoln","date":"14 Nov, 2016","format":false,"excerpt":"El evento anual de recaudaci\u00f3n de fondos Gala Esplendor M\u00e1gico por la Vida, organizado por Alfy y Raysa Fanjul, atrae a un sin n\u00famero de personas de la comunidad y de las areas cercanas al\u00a0resort de Casa de Campo. Entre las actividades de ese d\u00eda, est\u00e1n\u00a0un torneo de golf que\u2026","rel":"","context":"En \u00abArte y cultura\u00bb","block_context":{"text":"Arte y cultura","link":"https:\/\/casadecampoliving.com\/category\/arte-y-cultura\/"},"img":{"alt_text":"Magical Splendor for Life Gala 2016","src":"https:\/\/i0.wp.com\/casadecampoliving.com\/wp-content\/uploads\/2022\/10\/Raysa_Alfy_Lian_Fanjul-e1479155290644.jpg?fit=1000%2C666&ssl=1&resize=350%2C200","width":350,"height":200,"srcset":"https:\/\/i0.wp.com\/casadecampoliving.com\/wp-content\/uploads\/2022\/10\/Raysa_Alfy_Lian_Fanjul-e1479155290644.jpg?fit=1000%2C666&ssl=1&resize=350%2C200 1x, https:\/\/i0.wp.com\/casadecampoliving.com\/wp-content\/uploads\/2022\/10\/Raysa_Alfy_Lian_Fanjul-e1479155290644.jpg?fit=1000%2C666&ssl=1&resize=525%2C300 1.5x, https:\/\/i0.wp.com\/casadecampoliving.com\/wp-content\/uploads\/2022\/10\/Raysa_Alfy_Lian_Fanjul-e1479155290644.jpg?fit=1000%2C666&ssl=1&resize=700%2C400 2x"},"classes":[]},{"id":354317,"url":"https:\/\/casadecampoliving.com\/es\/este-sabado-fundacion-mir-gala-esplendor-magico-por-la-vida-2022-con-naeem-khan\/","url_meta":{"origin":353671,"position":1},"title":"\u00a1Este s\u00e1bado! Fundaci\u00f3n MIR Gala Esplendor M\u00e1gico por la Vida 2022 con Naeem Khan","author":"Casa de Campo Living","date":"21 Mar, 2022","format":false,"excerpt":"\u00a1Ya casi es hora del evento anual de recaudaci\u00f3n de fondos de la Fundaci\u00f3n MIR, la \u201cGala Esplendor M\u00e1gico para la Vida\u201d! Este a\u00f1o el glamuroso evento que recauda fondos para la organizaci\u00f3n ben\u00e9fica MIR se llevar\u00e1 a cabo este s\u00e1bado 26 de marzo en Casa Grande y La Romana\u2026","rel":"","context":"En \u00abCasa de Campo Living @es\u00bb","block_context":{"text":"Casa de Campo Living @es","link":"https:\/\/casadecampoliving.com\/category\/casa-de-campo-living-es\/"},"img":{"alt_text":"","src":"https:\/\/i0.wp.com\/casadecampoliving.com\/wp-content\/uploads\/2022\/10\/BDC_3814-scaled-e1647869387374-1.jpg?fit=1000%2C667&ssl=1&resize=350%2C200","width":350,"height":200,"srcset":"https:\/\/i0.wp.com\/casadecampoliving.com\/wp-content\/uploads\/2022\/10\/BDC_3814-scaled-e1647869387374-1.jpg?fit=1000%2C667&ssl=1&resize=350%2C200 1x, https:\/\/i0.wp.com\/casadecampoliving.com\/wp-content\/uploads\/2022\/10\/BDC_3814-scaled-e1647869387374-1.jpg?fit=1000%2C667&ssl=1&resize=525%2C300 1.5x, https:\/\/i0.wp.com\/casadecampoliving.com\/wp-content\/uploads\/2022\/10\/BDC_3814-scaled-e1647869387374-1.jpg?fit=1000%2C667&ssl=1&resize=700%2C400 2x"},"classes":[]},{"id":349072,"url":"https:\/\/casadecampoliving.com\/es\/naeem-khan-color-belleza-innovacion-gala-esplendor-magico-fundacion-mir\/","url_meta":{"origin":353671,"position":2},"title":"Naeem Khan trae color, belleza y e innovaci\u00f3n a la Gala Esplendor M\u00e1gico de la Fundaci\u00f3n MIR","author":"Heather Lincoln","date":"26 Ene, 2016","format":false,"excerpt":"*ACTUALIZACION: \u00a1No se pierda la nueva\u00a0galer\u00eda\u00a0de fotos!* La Gala Esplendor M\u00e1gico de Fundaci\u00f3n MIR es el evento de moda m\u00e1s esperado por los miembros de la comunidad de Casa de Campo y sus invitados internacionales. Esta edici\u00f3n conmemora el aniversario 28vo, organizada por Raysa y Alfy Fanjul, ofrece al internacionalmente\u2026","rel":"","context":"En \u00abArte y cultura\u00bb","block_context":{"text":"Arte y cultura","link":"https:\/\/casadecampoliving.com\/category\/arte-y-cultura\/"},"img":{"alt_text":"Magical Splendor Gala","src":"https:\/\/i0.wp.com\/casadecampoliving.com\/wp-content\/uploads\/2022\/10\/Magical-Splendor-Gala.jpg?fit=650%2C400&ssl=1&resize=350%2C200","width":350,"height":200,"srcset":"https:\/\/i0.wp.com\/casadecampoliving.com\/wp-content\/uploads\/2022\/10\/Magical-Splendor-Gala.jpg?fit=650%2C400&ssl=1&resize=350%2C200 1x, https:\/\/i0.wp.com\/casadecampoliving.com\/wp-content\/uploads\/2022\/10\/Magical-Splendor-Gala.jpg?fit=650%2C400&ssl=1&resize=525%2C300 1.5x"},"classes":[]},{"id":354300,"url":"https:\/\/casadecampoliving.com\/es\/este-mes-gala-esplendor-magico-fundacion-mir-por-la-vida-2022\/","url_meta":{"origin":353671,"position":3},"title":"\u00a1Este mes! Fundaci\u00f3n MIR Gala Esplendor M\u00e1gico por la Vida 2022","author":"Casa de Campo Living","date":"2 Mar, 2022","format":false,"excerpt":"La 31ra edicion la Gala Esplendor M\u00e1gico por la Vida de la Fundaci\u00f3n MIR est\u00e1 programado para el s\u00e1bado 26 de marzo de 2022. El evento anual de recaudaci\u00f3n de fondos organizado por Alfy y Raysa Fanjul es uno de los eventos m\u00e1s esperados por la comunidad de Casa de\u2026","rel":"","context":"En \u00abCasa de Campo Living @es\u00bb","block_context":{"text":"Casa de Campo Living @es","link":"https:\/\/casadecampoliving.com\/category\/casa-de-campo-living-es\/"},"img":{"alt_text":"","src":"https:\/\/i0.wp.com\/casadecampoliving.com\/wp-content\/uploads\/2022\/10\/BDC_4178-1-1.jpg?fit=1000%2C667&ssl=1&resize=350%2C200","width":350,"height":200,"srcset":"https:\/\/i0.wp.com\/casadecampoliving.com\/wp-content\/uploads\/2022\/10\/BDC_4178-1-1.jpg?fit=1000%2C667&ssl=1&resize=350%2C200 1x, https:\/\/i0.wp.com\/casadecampoliving.com\/wp-content\/uploads\/2022\/10\/BDC_4178-1-1.jpg?fit=1000%2C667&ssl=1&resize=525%2C300 1.5x, https:\/\/i0.wp.com\/casadecampoliving.com\/wp-content\/uploads\/2022\/10\/BDC_4178-1-1.jpg?fit=1000%2C667&ssl=1&resize=700%2C400 2x"},"classes":[]},{"id":512502,"url":"https:\/\/casadecampoliving.com\/es\/este-sabado-no-te-pierdas-la-gala-esplendor-magico-por-la-vida-2023-de-la-fundacion-mir-con-la-participacion-del-disenador-naeem-khan\/","url_meta":{"origin":353671,"position":4},"title":"ESTE s\u00e1bado, no te pierdas la \u00abGala Esplendor M\u00e1gico por la Vida\u00bb 2023 de la Fundaci\u00f3n MIR, con la participaci\u00f3n del dise\u00f1ador Naeem Khan.","author":"Casa de Campo Living","date":"9 Ene, 2023","format":false,"excerpt":"El evento anual de recaudaci\u00f3n de fondos de la Fundaci\u00f3n MIR, \"El Esplendor M\u00e1gico por la vida\", se acerca r\u00e1pidamente. El evento de este a\u00f1o, que recauda fondos para la organizaci\u00f3n ben\u00e9fica MIR, se llevar\u00e1 a cabo el s\u00e1bado 14 de enero en Casa Grande y La Romana Country Club.\u2026","rel":"","context":"En \u00abEstilo de Vida\u00bb","block_context":{"text":"Estilo de Vida","link":"https:\/\/casadecampoliving.com\/es\/category\/estilo-de-vida\/"},"img":{"alt_text":"","src":"https:\/\/i0.wp.com\/casadecampoliving.com\/wp-content\/uploads\/2023\/01\/CDC-LIVING-Featured-Image.png?fit=1200%2C800&ssl=1&resize=350%2C200","width":350,"height":200,"srcset":"https:\/\/i0.wp.com\/casadecampoliving.com\/wp-content\/uploads\/2023\/01\/CDC-LIVING-Featured-Image.png?fit=1200%2C800&ssl=1&resize=350%2C200 1x, https:\/\/i0.wp.com\/casadecampoliving.com\/wp-content\/uploads\/2023\/01\/CDC-LIVING-Featured-Image.png?fit=1200%2C800&ssl=1&resize=525%2C300 1.5x, https:\/\/i0.wp.com\/casadecampoliving.com\/wp-content\/uploads\/2023\/01\/CDC-LIVING-Featured-Image.png?fit=1200%2C800&ssl=1&resize=700%2C400 2x, https:\/\/i0.wp.com\/casadecampoliving.com\/wp-content\/uploads\/2023\/01\/CDC-LIVING-Featured-Image.png?fit=1200%2C800&ssl=1&resize=1050%2C600 3x"},"classes":[]},{"id":513473,"url":"https:\/\/casadecampoliving.com\/es\/naeem-khan-presenta-su-coleccion-primavera-verano-2023-en-la-gala-esplendor-magico-de-este-ano-de-la-fundacion-mir\/","url_meta":{"origin":353671,"position":5},"title":"Naeem Khan presenta su colecci\u00f3n Primavera\/Verano 2023 en la Gala Esplendor M\u00e1gico de este a\u00f1o de la Fundaci\u00f3n MIR","author":"Casa de Campo Living","date":"19 Ene, 2023","format":false,"excerpt":"La Gala de Esplendor M\u00e1gico de la Fundaci\u00f3n MIR es uno de los eventos m\u00e1s esperado de los miembros de la comunidad de Casa de Campo e invitados internacionales. Organizado por Raysa y Alfy Fanjul, el glamoroso evento cont\u00f3 con el dise\u00f1ador de moda reconocido internacionalmente, Naeem Khan, y su\u2026","rel":"","context":"En \u00abEstilo de Vida\u00bb","block_context":{"text":"Estilo de Vida","link":"https:\/\/casadecampoliving.com\/es\/category\/estilo-de-vida\/"},"img":{"alt_text":"","src":"https:\/\/i0.wp.com\/casadecampoliving.com\/wp-content\/uploads\/2023\/01\/2023-Magical-Splendor-MIR-9.png?fit=1200%2C800&ssl=1&resize=350%2C200","width":350,"height":200,"srcset":"https:\/\/i0.wp.com\/casadecampoliving.com\/wp-content\/uploads\/2023\/01\/2023-Magical-Splendor-MIR-9.png?fit=1200%2C800&ssl=1&resize=350%2C200 1x, https:\/\/i0.wp.com\/casadecampoliving.com\/wp-content\/uploads\/2023\/01\/2023-Magical-Splendor-MIR-9.png?fit=1200%2C800&ssl=1&resize=525%2C300 1.5x, https:\/\/i0.wp.com\/casadecampoliving.com\/wp-content\/uploads\/2023\/01\/2023-Magical-Splendor-MIR-9.png?fit=1200%2C800&ssl=1&resize=700%2C400 2x, https:\/\/i0.wp.com\/casadecampoliving.com\/wp-content\/uploads\/2023\/01\/2023-Magical-Splendor-MIR-9.png?fit=1200%2C800&ssl=1&resize=1050%2C600 3x"},"classes":[]}],"jetpack_sharing_enabled":true,"_links":{"self":[{"href":"https:\/\/casadecampoliving.com\/es\/wp-json\/wp\/v2\/posts\/353671","targetHints":{"allow":["GET"]}}],"collection":[{"href":"https:\/\/casadecampoliving.com\/es\/wp-json\/wp\/v2\/posts"}],"about":[{"href":"https:\/\/casadecampoliving.com\/es\/wp-json\/wp\/v2\/types\/post"}],"author":[{"embeddable":true,"href":"https:\/\/casadecampoliving.com\/es\/wp-json\/wp\/v2\/users\/36791"}],"replies":[{"embeddable":true,"href":"https:\/\/casadecampoliving.com\/es\/wp-json\/wp\/v2\/comments?post=353671"}],"version-history":[{"count":1,"href":"https:\/\/casadecampoliving.com\/es\/wp-json\/wp\/v2\/posts\/353671\/revisions"}],"predecessor-version":[{"id":503954,"href":"https:\/\/casadecampoliving.com\/es\/wp-json\/wp\/v2\/posts\/353671\/revisions\/503954"}],"wp:featuredmedia":[{"embeddable":true,"href":"https:\/\/casadecampoliving.com\/es\/wp-json\/wp\/v2\/media\/311622"}],"wp:attachment":[{"href":"https:\/\/casadecampoliving.com\/es\/wp-json\/wp\/v2\/media?parent=353671"}],"wp:term":[{"taxonomy":"category","embeddable":true,"href":"https:\/\/casadecampoliving.com\/es\/wp-json\/wp\/v2\/categories?post=353671"},{"taxonomy":"post_tag","embeddable":true,"href":"https:\/\/casadecampoliving.com\/es\/wp-json\/wp\/v2\/tags?post=353671"},{"taxonomy":"newspack_spnsrs_tax","embeddable":true,"href":"https:\/\/casadecampoliving.com\/es\/wp-json\/wp\/v2\/newspack_spnsrs_tax?post=353671"}],"curies":[{"name":"wp","href":"https:\/\/api.w.org\/{rel}","templated":true}]}}