{"id":353670,"date":"2020-01-20T00:00:00","date_gmt":"2020-01-20T04:00:00","guid":{"rendered":"https:\/\/casadecampoliving.com\/apertura-exposicion-trabajos-recientes-del-artista-fernando-tamburini\/"},"modified":"2022-11-10T10:01:32","modified_gmt":"2022-11-10T14:01:32","slug":"apertura-exposicion-trabajos-recientes-del-artista-fernando-tamburini","status":"publish","type":"post","link":"https:\/\/casadecampoliving.com\/es\/apertura-exposicion-trabajos-recientes-del-artista-fernando-tamburini\/","title":{"rendered":"Apertura Exposici\u00f3n \u00abTrabajos Recientes\u00bb del artista Fern\u00e1ndo Tamburini"},"content":{"rendered":"<p>La Galer\u00eda Altos de Chav\u00f3n present\u00f3 la noche de este viernes 17 la apertura de la exhibici\u00f3n \u201cTrabajos Recientes\u201d del Artista Fern\u00e1ndo Tamburini.<\/p>\n<p><img data-recalc-dims=\"1\" loading=\"lazy\" decoding=\"async\" data-attachment-id=\"203873\" data-permalink=\"https:\/\/casadecampoliving.com\/es\/unnamed-3\/\" data-orig-file=\"https:\/\/i0.wp.com\/casadecampoliving.com\/wp-content\/uploads\/2020\/01\/unnamed-3.jpg?fit=1973%2C2273&amp;ssl=1\" data-orig-size=\"1973,2273\" data-comments-opened=\"0\" data-image-meta=\"{&quot;aperture&quot;:&quot;0&quot;,&quot;credit&quot;:&quot;&quot;,&quot;camera&quot;:&quot;&quot;,&quot;caption&quot;:&quot;&quot;,&quot;created_timestamp&quot;:&quot;0&quot;,&quot;copyright&quot;:&quot;&quot;,&quot;focal_length&quot;:&quot;0&quot;,&quot;iso&quot;:&quot;0&quot;,&quot;shutter_speed&quot;:&quot;0&quot;,&quot;title&quot;:&quot;&quot;,&quot;orientation&quot;:&quot;0&quot;}\" data-image-title=\"Fernando Tamburini\" data-image-description=\"\" data-image-caption=\"\" data-large-file=\"https:\/\/i0.wp.com\/casadecampoliving.com\/wp-content\/uploads\/2020\/01\/unnamed-3.jpg?fit=889%2C1024&amp;ssl=1\" class=\"alignright wp-image-203873\" src=\"https:\/\/i0.wp.com\/casadecampoliving.com\/wp-content\/uploads\/2022\/10\/unnamed-3-4.jpg?resize=434%2C500&#038;ssl=1\" alt=\"\" width=\"434\" height=\"500\">Tamburini, nacido en Barahona, Rep\u00fablica Dominicana, conocido por su colorido trabajo abstracto en el que captura la gran cultura del pueblo dominicano. Sus obras han sido comparadas a las de Marc Chagall por su retrato l\u00edrico de la vida campesina. Su m\u00e1gico-realismo y temas de fantas\u00eda que deleitan al espectador. Stephen D. Kaplan, Rector de Chav\u00f3n La Escuela de Dise\u00f1o ha llamado a Tamburini el Chagall dominicano por su colecci\u00f3n de animales que desaf\u00edan la gravedad, flotando y cayendo en los cielos sobre los boh\u00edos. Su trabajo parece m\u00e1s jovial, m\u00e1s libre y m\u00e1s intrigante que nunca. Claramente ha disfrutado el produccir sus nuevas piezas tanto como estamos cautivados por verlas y seguir el progreso de este maravilloso artista Barahonero, egresado de Chav\u00f3n, exitoso dise\u00f1ador de t\u00e9xtiles en Nueva York y artista radicado en La Romana.<\/p>\n<p>Un total del 13 obras engalanan las paredes de La Galeria, divinamente curadas y museografiadas por Ra\u00fal Miyar, \u201cTrabajos Recientes\u201d Muestra im\u00e1genes reconocidas, colores brillantes, la pintura como divertimento, sin tomar en cuenta historias serias o acontecimientos socio-politicos, con un dibujo como sacado de una historieta de dibujos animados, casi naive. Forzando muchas veces la composici\u00f3n o la superficie topogr\u00e1fica, como buscando aniquilar la sobriedad.<\/p>\n<p>La exposici\u00f3n permanecer\u00e1 abierta hasta el 18 de Febrero de 2020. La noche estuvo amenizada por el Duo Chris Joe gracias al patrocinio de Casa de Campo, el brindis a cargo de Casa Brugal y su ron Brugal XV, adem\u00e1s del apoyo de Bodegas Pinord \/MERCACANA y su vino Vaccano y una degustaci\u00f3n de focaccia cortes\u00eda de Simone Rosatti.<\/p>\n<p>La noche cont\u00f3 con una concurrida asistencia de personalidades de la industria, el arte y la cultura de Casa de Campo y la ciudad de La Romana.<\/p>\n<p>[nggallery id=3303]<\/p>\n<blockquote><p><strong>Fern\u00e1ndo Tamburini<\/strong><\/p>\n<p>Fernando Tamburini, nacido en 1961 en Barahona, Rep\u00fablica Dominicana, conocido por su colorido trabajo abstracto en el que captura la gran cultura del pueblo dominicano. Tamburini se gradu\u00f3 de la Escuela de Dise\u00f1o Altos de Chav\u00f3n. En 1987 viaj\u00f3 a la ciudad de Nueva York donde trabaj\u00f3 como dise\u00f1ador de moda y textil. Entre 1990 y 1994 expuso colectivamente en las principales galer\u00edas y museos de los Estados Unidos, como la Galer\u00eda Jadite en Hell&#8217;s Kitchen, el Museo Paterson en Nueva Jersey y la Galer\u00eda Cork en el Lincoln Center. Tamburini finalmente regresar\u00eda a Altos de Chav\u00f3n, para trabajar como profesor de arte y m\u00e1s tarde como Director de la Galer\u00eda de Arte Altos de Chav\u00f3n. En diciembre de 2013, abri\u00f3 la galer\u00eda de arte Arte Tamburini en La Romana, Rep\u00fablica Dominicana.<\/p><\/blockquote>\n","protected":false},"excerpt":{"rendered":"<p>La Galer\u00eda Altos de Chav\u00f3n present\u00f3 la noche de este viernes 17 la apertura de la exhibici\u00f3n \u201cTrabajos Recientes\u201d del Artista Fern\u00e1ndo Tamburini. Tamburini, nacido en Barahona, Rep\u00fablica Dominicana, conocido por su colorido trabajo abstracto en el que captura la gran cultura del pueblo dominicano. Sus obras han sido comparadas a las de Marc Chagall [&hellip;]<\/p>\n","protected":false},"author":36791,"featured_media":311570,"comment_status":"closed","ping_status":"closed","sticky":false,"template":"","format":"standard","meta":{"newspack_ads_suppress_ads":false,"newspack_popups_has_disabled_popups":false,"newspack_sponsor_sponsorship_scope":"","newspack_sponsor_native_byline_display":"inherit","newspack_sponsor_native_category_display":"inherit","newspack_sponsor_underwriter_style":"inherit","newspack_sponsor_underwriter_placement":"inherit","_newspack_byline_active":false,"_newspack_byline":"","newspack_hide_updated_date":false,"newspack_show_updated_date":false,"newspack_content_restriction_is_exempt":false,"newspack_featured_image_position":"","newspack_post_subtitle":"","newspack_article_summary_title":"Overview:","newspack_article_summary":"","_jetpack_memberships_contains_paid_content":false,"footnotes":"","jetpack_publicize_message":"","jetpack_publicize_feature_enabled":true,"jetpack_social_post_already_shared":false,"jetpack_social_options":{"image_generator_settings":{"template":"highway","default_image_id":0,"font":"","enabled":false},"version":2},"_wpas_customize_per_network":false},"categories":[26819,26823,26936,26954,14631,2522,14625,2521,2498],"tags":[15387,2733,2536,19715,5346,23785,4246,24487,6474,24488,10617,9569,24490,24491,24489],"newspack_spnsrs_tax":[],"class_list":["post-353670","post","type-post","status-publish","format-standard","has-post-thumbnail","hentry","category-altos-de-chavon-es","category-arte-y-cultura","category-casa-de-campo-living-es","category-comunidad-casa-de-campo-living-es","category-estilo-de-vida","category-eventos-es","category-noticias-locales","category-republica-dominicana-2","category-uncategorized-es","tag-altos-de-chavon-es","tag-apertura","tag-arte","tag-chavon-escuela-de-diseno","tag-chavoneros","tag-cocktail-es","tag-coctel","tag-collectivo","tag-exhibicion","tag-figuras","tag-fundacion-altos-de-chavon","tag-galeria","tag-pasado","tag-presente","tag-rostros","entry"],"yoast_head":"<!-- This site is optimized with the Yoast SEO plugin v27.5 - https:\/\/yoast.com\/product\/yoast-seo-wordpress\/ -->\n<title>Apertura Exposici\u00f3n &quot;Trabajos Recientes&quot; del artista Fern\u00e1ndo Tamburini | Casa de Campo Living<\/title>\n<meta name=\"description\" content=\"La Galer\u00eda Altos de Chav\u00f3n present\u00f3 la noche de este viernes 17 la apertura de la exhibici\u00f3n \u201cTrabajos Recientes\u201d del Artista Fern\u00e1ndo Tamburini.\" \/>\n<meta name=\"robots\" content=\"index, follow, max-snippet:-1, max-image-preview:large, max-video-preview:-1\" \/>\n<link rel=\"canonical\" href=\"https:\/\/casadecampoliving.com\/es\/apertura-exposicion-trabajos-recientes-del-artista-fernando-tamburini\/\" \/>\n<meta property=\"og:locale\" content=\"es_ES\" \/>\n<meta property=\"og:type\" content=\"article\" \/>\n<meta property=\"og:title\" content=\"Apertura Exposici\u00f3n &quot;Trabajos Recientes&quot; del artista Fern\u00e1ndo Tamburini | Casa de Campo Living\" \/>\n<meta property=\"og:description\" content=\"La Galer\u00eda Altos de Chav\u00f3n present\u00f3 la noche de este viernes 17 la apertura de la exhibici\u00f3n \u201cTrabajos Recientes\u201d del Artista Fern\u00e1ndo Tamburini.\" \/>\n<meta property=\"og:url\" content=\"https:\/\/casadecampoliving.com\/es\/apertura-exposicion-trabajos-recientes-del-artista-fernando-tamburini\/\" \/>\n<meta property=\"og:site_name\" content=\"Casa de Campo Living\" \/>\n<meta property=\"article:publisher\" content=\"https:\/\/www.facebook.com\/casadecampoliving\" \/>\n<meta property=\"article:published_time\" content=\"2020-01-20T04:00:00+00:00\" \/>\n<meta property=\"article:modified_time\" content=\"2022-11-10T14:01:32+00:00\" \/>\n<meta property=\"og:image\" content=\"https:\/\/i0.wp.com\/casadecampoliving.com\/wp-content\/uploads\/2022\/10\/82548663_3235406466486195_4999158009159483392_n.jpg?fit=1000%2C600&ssl=1\" \/>\n\t<meta property=\"og:image:width\" content=\"1000\" \/>\n\t<meta property=\"og:image:height\" content=\"600\" \/>\n\t<meta property=\"og:image:type\" content=\"image\/jpeg\" \/>\n<meta name=\"author\" content=\"Casa de Campo Living\" \/>\n<meta name=\"twitter:card\" content=\"summary_large_image\" \/>\n<meta name=\"twitter:creator\" content=\"@cdcliving\" \/>\n<meta name=\"twitter:site\" content=\"@cdcliving\" \/>\n<meta name=\"twitter:label1\" content=\"Escrito por\" \/>\n\t<meta name=\"twitter:data1\" content=\"Casa de Campo Living\" \/>\n\t<meta name=\"twitter:label2\" content=\"Tiempo de lectura\" \/>\n\t<meta name=\"twitter:data2\" content=\"2 minutos\" \/>\n<script type=\"application\/ld+json\" class=\"yoast-schema-graph\">{\"@context\":\"https:\\\/\\\/schema.org\",\"@graph\":[{\"@type\":\"Article\",\"@id\":\"https:\\\/\\\/casadecampoliving.com\\\/es\\\/apertura-exposicion-trabajos-recientes-del-artista-fernando-tamburini\\\/#article\",\"isPartOf\":{\"@id\":\"https:\\\/\\\/casadecampoliving.com\\\/es\\\/apertura-exposicion-trabajos-recientes-del-artista-fernando-tamburini\\\/\"},\"author\":{\"name\":\"Casa de Campo Living\",\"@id\":\"https:\\\/\\\/casadecampoliving.com\\\/es\\\/#\\\/schema\\\/person\\\/5d2171637a9d11e0e43ce6b8555f9422\"},\"headline\":\"Apertura Exposici\u00f3n \u00abTrabajos Recientes\u00bb del artista Fern\u00e1ndo Tamburini\",\"datePublished\":\"2020-01-20T04:00:00+00:00\",\"dateModified\":\"2022-11-10T14:01:32+00:00\",\"mainEntityOfPage\":{\"@id\":\"https:\\\/\\\/casadecampoliving.com\\\/es\\\/apertura-exposicion-trabajos-recientes-del-artista-fernando-tamburini\\\/\"},\"wordCount\":490,\"publisher\":{\"@id\":\"https:\\\/\\\/casadecampoliving.com\\\/es\\\/#organization\"},\"image\":{\"@id\":\"https:\\\/\\\/casadecampoliving.com\\\/es\\\/apertura-exposicion-trabajos-recientes-del-artista-fernando-tamburini\\\/#primaryimage\"},\"thumbnailUrl\":\"https:\\\/\\\/i0.wp.com\\\/casadecampoliving.com\\\/wp-content\\\/uploads\\\/2022\\\/10\\\/82548663_3235406466486195_4999158009159483392_n.jpg?fit=1000%2C600&ssl=1\",\"keywords\":[\"Altos de Chavon\",\"apertura\",\"arte\",\"Chavon escuela de dise\u00f1o\",\"chavoneros\",\"cocktail\",\"coctel\",\"collectivo\",\"exhibicion\",\"figuras\",\"Fundaci\u00f3n Altos de Chav\u00f3n\",\"galeria\",\"pasado\",\"presente\",\"rostros\"],\"articleSection\":[\"Altos de Chavon @es\",\"Arte y cultura\",\"Casa de Campo Living @es\",\"Comunidad\",\"Estilo de Vida\",\"Eventos\",\"Noticias Locales\",\"Rep\u00fablica Dominicana @es\",\"Uncategorized @es\"],\"inLanguage\":\"es\"},{\"@type\":\"WebPage\",\"@id\":\"https:\\\/\\\/casadecampoliving.com\\\/es\\\/apertura-exposicion-trabajos-recientes-del-artista-fernando-tamburini\\\/\",\"url\":\"https:\\\/\\\/casadecampoliving.com\\\/es\\\/apertura-exposicion-trabajos-recientes-del-artista-fernando-tamburini\\\/\",\"name\":\"Apertura Exposici\u00f3n \\\"Trabajos Recientes\\\" del artista Fern\u00e1ndo Tamburini | Casa de Campo Living\",\"isPartOf\":{\"@id\":\"https:\\\/\\\/casadecampoliving.com\\\/es\\\/#website\"},\"primaryImageOfPage\":{\"@id\":\"https:\\\/\\\/casadecampoliving.com\\\/es\\\/apertura-exposicion-trabajos-recientes-del-artista-fernando-tamburini\\\/#primaryimage\"},\"image\":{\"@id\":\"https:\\\/\\\/casadecampoliving.com\\\/es\\\/apertura-exposicion-trabajos-recientes-del-artista-fernando-tamburini\\\/#primaryimage\"},\"thumbnailUrl\":\"https:\\\/\\\/i0.wp.com\\\/casadecampoliving.com\\\/wp-content\\\/uploads\\\/2022\\\/10\\\/82548663_3235406466486195_4999158009159483392_n.jpg?fit=1000%2C600&ssl=1\",\"datePublished\":\"2020-01-20T04:00:00+00:00\",\"dateModified\":\"2022-11-10T14:01:32+00:00\",\"description\":\"La Galer\u00eda Altos de Chav\u00f3n present\u00f3 la noche de este viernes 17 la apertura de la exhibici\u00f3n \u201cTrabajos Recientes\u201d del Artista Fern\u00e1ndo Tamburini.\",\"breadcrumb\":{\"@id\":\"https:\\\/\\\/casadecampoliving.com\\\/es\\\/apertura-exposicion-trabajos-recientes-del-artista-fernando-tamburini\\\/#breadcrumb\"},\"inLanguage\":\"es\",\"potentialAction\":[{\"@type\":\"ReadAction\",\"target\":[\"https:\\\/\\\/casadecampoliving.com\\\/es\\\/apertura-exposicion-trabajos-recientes-del-artista-fernando-tamburini\\\/\"]}]},{\"@type\":\"ImageObject\",\"inLanguage\":\"es\",\"@id\":\"https:\\\/\\\/casadecampoliving.com\\\/es\\\/apertura-exposicion-trabajos-recientes-del-artista-fernando-tamburini\\\/#primaryimage\",\"url\":\"https:\\\/\\\/i0.wp.com\\\/casadecampoliving.com\\\/wp-content\\\/uploads\\\/2022\\\/10\\\/82548663_3235406466486195_4999158009159483392_n.jpg?fit=1000%2C600&ssl=1\",\"contentUrl\":\"https:\\\/\\\/i0.wp.com\\\/casadecampoliving.com\\\/wp-content\\\/uploads\\\/2022\\\/10\\\/82548663_3235406466486195_4999158009159483392_n.jpg?fit=1000%2C600&ssl=1\",\"width\":1000,\"height\":600},{\"@type\":\"BreadcrumbList\",\"@id\":\"https:\\\/\\\/casadecampoliving.com\\\/es\\\/apertura-exposicion-trabajos-recientes-del-artista-fernando-tamburini\\\/#breadcrumb\",\"itemListElement\":[{\"@type\":\"ListItem\",\"position\":1,\"name\":\"Home\",\"item\":\"https:\\\/\\\/casadecampoliving.com\\\/es\\\/\"},{\"@type\":\"ListItem\",\"position\":2,\"name\":\"Apertura Exposici\u00f3n &#8220;Trabajos Recientes&#8221; del artista Fern\u00e1ndo Tamburini\"}]},{\"@type\":\"WebSite\",\"@id\":\"https:\\\/\\\/casadecampoliving.com\\\/es\\\/#website\",\"url\":\"https:\\\/\\\/casadecampoliving.com\\\/es\\\/\",\"name\":\"Casa de Campo Living\",\"description\":\"Resort community news and resources.\",\"publisher\":{\"@id\":\"https:\\\/\\\/casadecampoliving.com\\\/es\\\/#organization\"},\"potentialAction\":[{\"@type\":\"SearchAction\",\"target\":{\"@type\":\"EntryPoint\",\"urlTemplate\":\"https:\\\/\\\/casadecampoliving.com\\\/es\\\/?s={search_term_string}\"},\"query-input\":{\"@type\":\"PropertyValueSpecification\",\"valueRequired\":true,\"valueName\":\"search_term_string\"}}],\"inLanguage\":\"es\"},{\"@type\":\"Organization\",\"@id\":\"https:\\\/\\\/casadecampoliving.com\\\/es\\\/#organization\",\"name\":\"Casa de Campo Living\",\"url\":\"https:\\\/\\\/casadecampoliving.com\\\/es\\\/\",\"logo\":{\"@type\":\"ImageObject\",\"inLanguage\":\"es\",\"@id\":\"https:\\\/\\\/casadecampoliving.com\\\/es\\\/#\\\/schema\\\/logo\\\/image\\\/\",\"url\":\"https:\\\/\\\/i0.wp.com\\\/casadecampoliving.com\\\/wp-content\\\/uploads\\\/2022\\\/07\\\/CDCLivingLogo_V1-white-sized.png?fit=800%2C214&ssl=1\",\"contentUrl\":\"https:\\\/\\\/i0.wp.com\\\/casadecampoliving.com\\\/wp-content\\\/uploads\\\/2022\\\/07\\\/CDCLivingLogo_V1-white-sized.png?fit=800%2C214&ssl=1\",\"width\":800,\"height\":214,\"caption\":\"Casa de Campo Living\"},\"image\":{\"@id\":\"https:\\\/\\\/casadecampoliving.com\\\/es\\\/#\\\/schema\\\/logo\\\/image\\\/\"},\"sameAs\":[\"https:\\\/\\\/www.facebook.com\\\/casadecampoliving\",\"https:\\\/\\\/x.com\\\/cdcliving\"]},{\"@type\":\"Person\",\"@id\":\"https:\\\/\\\/casadecampoliving.com\\\/es\\\/#\\\/schema\\\/person\\\/5d2171637a9d11e0e43ce6b8555f9422\",\"name\":\"Casa de Campo Living\",\"image\":{\"@type\":\"ImageObject\",\"inLanguage\":\"es\",\"@id\":\"https:\\\/\\\/secure.gravatar.com\\\/avatar\\\/d04101fa4a9fd431e939953b1500fdc7a73cd35029f86d98712fd8ccdaebaf9a?s=96&d=mm&r=g\",\"url\":\"https:\\\/\\\/secure.gravatar.com\\\/avatar\\\/d04101fa4a9fd431e939953b1500fdc7a73cd35029f86d98712fd8ccdaebaf9a?s=96&d=mm&r=g\",\"contentUrl\":\"https:\\\/\\\/secure.gravatar.com\\\/avatar\\\/d04101fa4a9fd431e939953b1500fdc7a73cd35029f86d98712fd8ccdaebaf9a?s=96&d=mm&r=g\",\"caption\":\"Casa de Campo Living\"},\"url\":\"https:\\\/\\\/casadecampoliving.com\\\/es\\\/author\\\/casa-de-campo-living\\\/\"}]}<\/script>\n<!-- \/ Yoast SEO plugin. -->","yoast_head_json":{"title":"Apertura Exposici\u00f3n \"Trabajos Recientes\" del artista Fern\u00e1ndo Tamburini | Casa de Campo Living","description":"La Galer\u00eda Altos de Chav\u00f3n present\u00f3 la noche de este viernes 17 la apertura de la exhibici\u00f3n \u201cTrabajos Recientes\u201d del Artista Fern\u00e1ndo Tamburini.","robots":{"index":"index","follow":"follow","max-snippet":"max-snippet:-1","max-image-preview":"max-image-preview:large","max-video-preview":"max-video-preview:-1"},"canonical":"https:\/\/casadecampoliving.com\/es\/apertura-exposicion-trabajos-recientes-del-artista-fernando-tamburini\/","og_locale":"es_ES","og_type":"article","og_title":"Apertura Exposici\u00f3n \"Trabajos Recientes\" del artista Fern\u00e1ndo Tamburini | Casa de Campo Living","og_description":"La Galer\u00eda Altos de Chav\u00f3n present\u00f3 la noche de este viernes 17 la apertura de la exhibici\u00f3n \u201cTrabajos Recientes\u201d del Artista Fern\u00e1ndo Tamburini.","og_url":"https:\/\/casadecampoliving.com\/es\/apertura-exposicion-trabajos-recientes-del-artista-fernando-tamburini\/","og_site_name":"Casa de Campo Living","article_publisher":"https:\/\/www.facebook.com\/casadecampoliving","article_published_time":"2020-01-20T04:00:00+00:00","article_modified_time":"2022-11-10T14:01:32+00:00","og_image":[{"width":1000,"height":600,"url":"https:\/\/i0.wp.com\/casadecampoliving.com\/wp-content\/uploads\/2022\/10\/82548663_3235406466486195_4999158009159483392_n.jpg?fit=1000%2C600&ssl=1","type":"image\/jpeg"}],"author":"Casa de Campo Living","twitter_card":"summary_large_image","twitter_creator":"@cdcliving","twitter_site":"@cdcliving","twitter_misc":{"Escrito por":"Casa de Campo Living","Tiempo de lectura":"2 minutos"},"schema":{"@context":"https:\/\/schema.org","@graph":[{"@type":"Article","@id":"https:\/\/casadecampoliving.com\/es\/apertura-exposicion-trabajos-recientes-del-artista-fernando-tamburini\/#article","isPartOf":{"@id":"https:\/\/casadecampoliving.com\/es\/apertura-exposicion-trabajos-recientes-del-artista-fernando-tamburini\/"},"author":{"name":"Casa de Campo Living","@id":"https:\/\/casadecampoliving.com\/es\/#\/schema\/person\/5d2171637a9d11e0e43ce6b8555f9422"},"headline":"Apertura Exposici\u00f3n \u00abTrabajos Recientes\u00bb del artista Fern\u00e1ndo Tamburini","datePublished":"2020-01-20T04:00:00+00:00","dateModified":"2022-11-10T14:01:32+00:00","mainEntityOfPage":{"@id":"https:\/\/casadecampoliving.com\/es\/apertura-exposicion-trabajos-recientes-del-artista-fernando-tamburini\/"},"wordCount":490,"publisher":{"@id":"https:\/\/casadecampoliving.com\/es\/#organization"},"image":{"@id":"https:\/\/casadecampoliving.com\/es\/apertura-exposicion-trabajos-recientes-del-artista-fernando-tamburini\/#primaryimage"},"thumbnailUrl":"https:\/\/i0.wp.com\/casadecampoliving.com\/wp-content\/uploads\/2022\/10\/82548663_3235406466486195_4999158009159483392_n.jpg?fit=1000%2C600&ssl=1","keywords":["Altos de Chavon","apertura","arte","Chavon escuela de dise\u00f1o","chavoneros","cocktail","coctel","collectivo","exhibicion","figuras","Fundaci\u00f3n Altos de Chav\u00f3n","galeria","pasado","presente","rostros"],"articleSection":["Altos de Chavon @es","Arte y cultura","Casa de Campo Living @es","Comunidad","Estilo de Vida","Eventos","Noticias Locales","Rep\u00fablica Dominicana @es","Uncategorized @es"],"inLanguage":"es"},{"@type":"WebPage","@id":"https:\/\/casadecampoliving.com\/es\/apertura-exposicion-trabajos-recientes-del-artista-fernando-tamburini\/","url":"https:\/\/casadecampoliving.com\/es\/apertura-exposicion-trabajos-recientes-del-artista-fernando-tamburini\/","name":"Apertura Exposici\u00f3n \"Trabajos Recientes\" del artista Fern\u00e1ndo Tamburini | Casa de Campo Living","isPartOf":{"@id":"https:\/\/casadecampoliving.com\/es\/#website"},"primaryImageOfPage":{"@id":"https:\/\/casadecampoliving.com\/es\/apertura-exposicion-trabajos-recientes-del-artista-fernando-tamburini\/#primaryimage"},"image":{"@id":"https:\/\/casadecampoliving.com\/es\/apertura-exposicion-trabajos-recientes-del-artista-fernando-tamburini\/#primaryimage"},"thumbnailUrl":"https:\/\/i0.wp.com\/casadecampoliving.com\/wp-content\/uploads\/2022\/10\/82548663_3235406466486195_4999158009159483392_n.jpg?fit=1000%2C600&ssl=1","datePublished":"2020-01-20T04:00:00+00:00","dateModified":"2022-11-10T14:01:32+00:00","description":"La Galer\u00eda Altos de Chav\u00f3n present\u00f3 la noche de este viernes 17 la apertura de la exhibici\u00f3n \u201cTrabajos Recientes\u201d del Artista Fern\u00e1ndo Tamburini.","breadcrumb":{"@id":"https:\/\/casadecampoliving.com\/es\/apertura-exposicion-trabajos-recientes-del-artista-fernando-tamburini\/#breadcrumb"},"inLanguage":"es","potentialAction":[{"@type":"ReadAction","target":["https:\/\/casadecampoliving.com\/es\/apertura-exposicion-trabajos-recientes-del-artista-fernando-tamburini\/"]}]},{"@type":"ImageObject","inLanguage":"es","@id":"https:\/\/casadecampoliving.com\/es\/apertura-exposicion-trabajos-recientes-del-artista-fernando-tamburini\/#primaryimage","url":"https:\/\/i0.wp.com\/casadecampoliving.com\/wp-content\/uploads\/2022\/10\/82548663_3235406466486195_4999158009159483392_n.jpg?fit=1000%2C600&ssl=1","contentUrl":"https:\/\/i0.wp.com\/casadecampoliving.com\/wp-content\/uploads\/2022\/10\/82548663_3235406466486195_4999158009159483392_n.jpg?fit=1000%2C600&ssl=1","width":1000,"height":600},{"@type":"BreadcrumbList","@id":"https:\/\/casadecampoliving.com\/es\/apertura-exposicion-trabajos-recientes-del-artista-fernando-tamburini\/#breadcrumb","itemListElement":[{"@type":"ListItem","position":1,"name":"Home","item":"https:\/\/casadecampoliving.com\/es\/"},{"@type":"ListItem","position":2,"name":"Apertura Exposici\u00f3n &#8220;Trabajos Recientes&#8221; del artista Fern\u00e1ndo Tamburini"}]},{"@type":"WebSite","@id":"https:\/\/casadecampoliving.com\/es\/#website","url":"https:\/\/casadecampoliving.com\/es\/","name":"Casa de Campo Living","description":"Resort community news and resources.","publisher":{"@id":"https:\/\/casadecampoliving.com\/es\/#organization"},"potentialAction":[{"@type":"SearchAction","target":{"@type":"EntryPoint","urlTemplate":"https:\/\/casadecampoliving.com\/es\/?s={search_term_string}"},"query-input":{"@type":"PropertyValueSpecification","valueRequired":true,"valueName":"search_term_string"}}],"inLanguage":"es"},{"@type":"Organization","@id":"https:\/\/casadecampoliving.com\/es\/#organization","name":"Casa de Campo Living","url":"https:\/\/casadecampoliving.com\/es\/","logo":{"@type":"ImageObject","inLanguage":"es","@id":"https:\/\/casadecampoliving.com\/es\/#\/schema\/logo\/image\/","url":"https:\/\/i0.wp.com\/casadecampoliving.com\/wp-content\/uploads\/2022\/07\/CDCLivingLogo_V1-white-sized.png?fit=800%2C214&ssl=1","contentUrl":"https:\/\/i0.wp.com\/casadecampoliving.com\/wp-content\/uploads\/2022\/07\/CDCLivingLogo_V1-white-sized.png?fit=800%2C214&ssl=1","width":800,"height":214,"caption":"Casa de Campo Living"},"image":{"@id":"https:\/\/casadecampoliving.com\/es\/#\/schema\/logo\/image\/"},"sameAs":["https:\/\/www.facebook.com\/casadecampoliving","https:\/\/x.com\/cdcliving"]},{"@type":"Person","@id":"https:\/\/casadecampoliving.com\/es\/#\/schema\/person\/5d2171637a9d11e0e43ce6b8555f9422","name":"Casa de Campo Living","image":{"@type":"ImageObject","inLanguage":"es","@id":"https:\/\/secure.gravatar.com\/avatar\/d04101fa4a9fd431e939953b1500fdc7a73cd35029f86d98712fd8ccdaebaf9a?s=96&d=mm&r=g","url":"https:\/\/secure.gravatar.com\/avatar\/d04101fa4a9fd431e939953b1500fdc7a73cd35029f86d98712fd8ccdaebaf9a?s=96&d=mm&r=g","contentUrl":"https:\/\/secure.gravatar.com\/avatar\/d04101fa4a9fd431e939953b1500fdc7a73cd35029f86d98712fd8ccdaebaf9a?s=96&d=mm&r=g","caption":"Casa de Campo Living"},"url":"https:\/\/casadecampoliving.com\/es\/author\/casa-de-campo-living\/"}]}},"parsely":{"version":"1.1.0","canonical_url":"https:\/\/casadecampoliving.com\/es\/apertura-exposicion-trabajos-recientes-del-artista-fernando-tamburini\/","smart_links":{"inbound":0,"outbound":0},"traffic_boost_suggestions_count":0,"meta":{"@context":"https:\/\/schema.org","@type":"NewsArticle","headline":"Apertura Exposici\u00f3n \u00abTrabajos Recientes\u00bb del artista Fern\u00e1ndo Tamburini","url":"http:\/\/casadecampoliving.com\/es\/apertura-exposicion-trabajos-recientes-del-artista-fernando-tamburini\/","mainEntityOfPage":{"@type":"WebPage","@id":"http:\/\/casadecampoliving.com\/es\/apertura-exposicion-trabajos-recientes-del-artista-fernando-tamburini\/"},"thumbnailUrl":"https:\/\/i0.wp.com\/casadecampoliving.com\/wp-content\/uploads\/2022\/10\/82548663_3235406466486195_4999158009159483392_n.jpg?resize=150%2C150&ssl=1","image":{"@type":"ImageObject","url":"https:\/\/i0.wp.com\/casadecampoliving.com\/wp-content\/uploads\/2022\/10\/82548663_3235406466486195_4999158009159483392_n.jpg?fit=1000%2C600&ssl=1"},"articleSection":"Altos de Chavon @es","author":[{"@type":"Person","name":"Casa de Campo Living"}],"creator":["Casa de Campo Living"],"publisher":{"@type":"Organization","name":"Casa de Campo Living","logo":"https:\/\/casadecampoliving.com\/wp-content\/uploads\/2022\/07\/CDCLivingLogo_V1-white-sized.png"},"keywords":["altos de chavon","apertura","arte","chavon escuela de dise\u00f1o","chavoneros","cocktail","coctel","collectivo","exhibicion","figuras","fundaci\u00f3n altos de chav\u00f3n","galeria","pasado","presente","rostros"],"dateCreated":"2020-01-20T04:00:00Z","datePublished":"2020-01-20T04:00:00Z","dateModified":"2022-11-10T14:01:32Z"},"rendered":"<script type=\"application\/ld+json\" class=\"wp-parsely-metadata\">{\"@context\":\"https:\\\/\\\/schema.org\",\"@type\":\"NewsArticle\",\"headline\":\"Apertura Exposici\\u00f3n \\u00abTrabajos Recientes\\u00bb del artista Fern\\u00e1ndo Tamburini\",\"url\":\"http:\\\/\\\/casadecampoliving.com\\\/es\\\/apertura-exposicion-trabajos-recientes-del-artista-fernando-tamburini\\\/\",\"mainEntityOfPage\":{\"@type\":\"WebPage\",\"@id\":\"http:\\\/\\\/casadecampoliving.com\\\/es\\\/apertura-exposicion-trabajos-recientes-del-artista-fernando-tamburini\\\/\"},\"thumbnailUrl\":\"https:\\\/\\\/i0.wp.com\\\/casadecampoliving.com\\\/wp-content\\\/uploads\\\/2022\\\/10\\\/82548663_3235406466486195_4999158009159483392_n.jpg?resize=150%2C150&ssl=1\",\"image\":{\"@type\":\"ImageObject\",\"url\":\"https:\\\/\\\/i0.wp.com\\\/casadecampoliving.com\\\/wp-content\\\/uploads\\\/2022\\\/10\\\/82548663_3235406466486195_4999158009159483392_n.jpg?fit=1000%2C600&ssl=1\"},\"articleSection\":\"Altos de Chavon @es\",\"author\":[{\"@type\":\"Person\",\"name\":\"Casa de Campo Living\"}],\"creator\":[\"Casa de Campo Living\"],\"publisher\":{\"@type\":\"Organization\",\"name\":\"Casa de Campo Living\",\"logo\":\"https:\\\/\\\/casadecampoliving.com\\\/wp-content\\\/uploads\\\/2022\\\/07\\\/CDCLivingLogo_V1-white-sized.png\"},\"keywords\":[\"altos de chavon\",\"apertura\",\"arte\",\"chavon escuela de dise\\u00f1o\",\"chavoneros\",\"cocktail\",\"coctel\",\"collectivo\",\"exhibicion\",\"figuras\",\"fundaci\\u00f3n altos de chav\\u00f3n\",\"galeria\",\"pasado\",\"presente\",\"rostros\"],\"dateCreated\":\"2020-01-20T04:00:00Z\",\"datePublished\":\"2020-01-20T04:00:00Z\",\"dateModified\":\"2022-11-10T14:01:32Z\"}<\/script>","tracker_url":"https:\/\/cdn.parsely.com\/keys\/casadecampoliving.com\/p.js"},"jetpack_publicize_connections":[],"jetpack_featured_media_url":"https:\/\/i0.wp.com\/casadecampoliving.com\/wp-content\/uploads\/2022\/10\/82548663_3235406466486195_4999158009159483392_n.jpg?fit=1000%2C600&ssl=1","jetpack-related-posts":[{"id":353662,"url":"https:\/\/casadecampoliving.com\/es\/la-galeria-altos-de-chavon-presenta-la-exhibicion-trabajos-recientes-del-artista-fernando-tamburini\/","url_meta":{"origin":353670,"position":0},"title":"La Galer\u00eda Altos de Chav\u00f3n presenta la exhibici\u00f3n \u201cTrabajos Recientes\u201d del artista Fern\u00e1ndo Tamburini.","author":"Casa de Campo Living","date":"7 Ene, 2020","format":false,"excerpt":"La Galer\u00eda Altos de Chav\u00f3n presentar\u00e1 a partir del 17 de enero la exhibici\u00f3n del artista visual oriundo de Barahona Fern\u00e1ndo Tamburini, conocido por su colorido trabajo abstracto en el que captura la gran cultura del pueblo dominicano. Sus obras han sido comparadas a las del pintor franc\u00e9s Marc Chagall\u2026","rel":"","context":"En \u00abAltos de Chavon @es\u00bb","block_context":{"text":"Altos de Chavon @es","link":"https:\/\/casadecampoliving.com\/category\/altos-de-chavon-es\/"},"img":{"alt_text":"","src":"https:\/\/i0.wp.com\/casadecampoliving.com\/wp-content\/uploads\/2022\/10\/IMG-20171103-WA0023.jpg?fit=1000%2C666&ssl=1&resize=350%2C200","width":350,"height":200,"srcset":"https:\/\/i0.wp.com\/casadecampoliving.com\/wp-content\/uploads\/2022\/10\/IMG-20171103-WA0023.jpg?fit=1000%2C666&ssl=1&resize=350%2C200 1x, https:\/\/i0.wp.com\/casadecampoliving.com\/wp-content\/uploads\/2022\/10\/IMG-20171103-WA0023.jpg?fit=1000%2C666&ssl=1&resize=525%2C300 1.5x, https:\/\/i0.wp.com\/casadecampoliving.com\/wp-content\/uploads\/2022\/10\/IMG-20171103-WA0023.jpg?fit=1000%2C666&ssl=1&resize=700%2C400 2x"},"classes":[]},{"id":513629,"url":"https:\/\/casadecampoliving.com\/es\/wao-galeria-centro-cultural-presenta-la-exhibicion-trabajos-recientes-del-artista-fernando-tamburini\/","url_meta":{"origin":353670,"position":1},"title":"WAO Galer\u00eda &#038; Centro Cultural presenta la exhibici\u00f3n \u201cTrabajos Recientes\u201d del artista Fern\u00e1ndo Tamburini.","author":"Casa de Campo Living","date":"24 Ene, 2023","format":false,"excerpt":"WAO Galer\u00eda & Centro Cultural presentar\u00e1 a partir del 3 de febrero la exhibici\u00f3n del artista visual oriundo de Barahona, Fern\u00e1ndo Tamburini, conocido por su colorido trabajo abstracto que oscila entre figurativo, primitivo y realista en el que captura la gran cultura del pueblo dominicano, siendo llamado el Chagall dominicano\u2026","rel":"","context":"En \u00abAltos de Chav\u00f3n\u00bb","block_context":{"text":"Altos de Chav\u00f3n","link":"https:\/\/casadecampoliving.com\/es\/category\/altos-de-chavon-6\/"},"img":{"alt_text":"","src":"https:\/\/i0.wp.com\/casadecampoliving.com\/wp-content\/uploads\/2023\/01\/WhatsApp-Image-2023-01-26-at-1.34.00-PM-1.jpeg?fit=1024%2C833&ssl=1&resize=350%2C200","width":350,"height":200,"srcset":"https:\/\/i0.wp.com\/casadecampoliving.com\/wp-content\/uploads\/2023\/01\/WhatsApp-Image-2023-01-26-at-1.34.00-PM-1.jpeg?fit=1024%2C833&ssl=1&resize=350%2C200 1x, https:\/\/i0.wp.com\/casadecampoliving.com\/wp-content\/uploads\/2023\/01\/WhatsApp-Image-2023-01-26-at-1.34.00-PM-1.jpeg?fit=1024%2C833&ssl=1&resize=525%2C300 1.5x, https:\/\/i0.wp.com\/casadecampoliving.com\/wp-content\/uploads\/2023\/01\/WhatsApp-Image-2023-01-26-at-1.34.00-PM-1.jpeg?fit=1024%2C833&ssl=1&resize=700%2C400 2x"},"classes":[]},{"id":513903,"url":"https:\/\/casadecampoliving.com\/es\/wao-galeria-centro-cultural-dio-apertura-a-la-exposicion-trabajos-recientes-del-artista-fernando-tamburini\/","url_meta":{"origin":353670,"position":2},"title":"Wao Galer\u00eda &#038; Centro Cultural di\u00f3 apertura a la exposici\u00f3n \u201cTrabajos Recientes\u201d del artista Fern\u00e1ndo Tamburini.","author":"Casa de Campo Living","date":"6 Feb, 2023","format":false,"excerpt":"Una noche donde el colorido de las obras de Tamburini llen\u00f3 de magia la sala principal de Wao Galer\u00eda, mostrando piezas maduras, con producciones sublimes y colores que atrapan y embrujan al espectador.\u00a0\u00a0\u00a0Una concurrida y entusiasta asistencia se di\u00f3 cita para disfrutar de esta nueva propuesta que nos presenta Tamburini.\u2026","rel":"","context":"En \u00abAltos de Chav\u00f3n\u00bb","block_context":{"text":"Altos de Chav\u00f3n","link":"https:\/\/casadecampoliving.com\/es\/category\/altos-de-chavon-6\/"},"img":{"alt_text":"","src":"https:\/\/i0.wp.com\/casadecampoliving.com\/wp-content\/uploads\/2023\/02\/Recent-works-opening-Fernando-Tamburini-16.png?fit=1200%2C800&ssl=1&resize=350%2C200","width":350,"height":200,"srcset":"https:\/\/i0.wp.com\/casadecampoliving.com\/wp-content\/uploads\/2023\/02\/Recent-works-opening-Fernando-Tamburini-16.png?fit=1200%2C800&ssl=1&resize=350%2C200 1x, https:\/\/i0.wp.com\/casadecampoliving.com\/wp-content\/uploads\/2023\/02\/Recent-works-opening-Fernando-Tamburini-16.png?fit=1200%2C800&ssl=1&resize=525%2C300 1.5x, https:\/\/i0.wp.com\/casadecampoliving.com\/wp-content\/uploads\/2023\/02\/Recent-works-opening-Fernando-Tamburini-16.png?fit=1200%2C800&ssl=1&resize=700%2C400 2x, https:\/\/i0.wp.com\/casadecampoliving.com\/wp-content\/uploads\/2023\/02\/Recent-works-opening-Fernando-Tamburini-16.png?fit=1200%2C800&ssl=1&resize=1050%2C600 3x"},"classes":[]},{"id":433460,"url":"https:\/\/casadecampoliving.com\/es\/no-se-pierdan-el-increible-tributo-a-frank-sinatra-para-celebrar-el-40-aniversario-del-anfiteatro-altos-de-chavon\/","url_meta":{"origin":353670,"position":3},"title":"No se pierdan el incre\u00edble tributo a Frank Sinatra para celebrar el 40 aniversario del\u00a0Anfiteatro Altos de Chav\u00f3n","author":"Casa de Campo Living","date":"20 Oct, 2022","format":false,"excerpt":"Siendo uno de los escenarios m\u00e1s emblem\u00e1ticos del pa\u00eds, Casa de Campo Resort\u00ae & Villas celebra las cuatro d\u00e9cadas de aniversario de Altos de Chav\u00f3n con un tributo al gran Frank Sinatra, protagonizado por artistas invitados y una big band tal cual la que acompa\u00f1\u00f3 al artista hace 40 a\u00f1os\u2026","rel":"","context":"En \u00abUncategorized @es\u00bb","block_context":{"text":"Uncategorized @es","link":"https:\/\/casadecampoliving.com\/es\/category\/uncategorized-es\/"},"img":{"alt_text":"","src":"https:\/\/i0.wp.com\/casadecampoliving.com\/wp-content\/uploads\/2022\/10\/Tributo-Frank-Sinatra-Foto-Principal-Amaury-Sanchez-Danilo-Ginebra-Andres-Pichardo-y-Jose-Gabriel-Perez-.jpg?fit=1200%2C873&ssl=1&resize=350%2C200","width":350,"height":200,"srcset":"https:\/\/i0.wp.com\/casadecampoliving.com\/wp-content\/uploads\/2022\/10\/Tributo-Frank-Sinatra-Foto-Principal-Amaury-Sanchez-Danilo-Ginebra-Andres-Pichardo-y-Jose-Gabriel-Perez-.jpg?fit=1200%2C873&ssl=1&resize=350%2C200 1x, https:\/\/i0.wp.com\/casadecampoliving.com\/wp-content\/uploads\/2022\/10\/Tributo-Frank-Sinatra-Foto-Principal-Amaury-Sanchez-Danilo-Ginebra-Andres-Pichardo-y-Jose-Gabriel-Perez-.jpg?fit=1200%2C873&ssl=1&resize=525%2C300 1.5x, https:\/\/i0.wp.com\/casadecampoliving.com\/wp-content\/uploads\/2022\/10\/Tributo-Frank-Sinatra-Foto-Principal-Amaury-Sanchez-Danilo-Ginebra-Andres-Pichardo-y-Jose-Gabriel-Perez-.jpg?fit=1200%2C873&ssl=1&resize=700%2C400 2x, https:\/\/i0.wp.com\/casadecampoliving.com\/wp-content\/uploads\/2022\/10\/Tributo-Frank-Sinatra-Foto-Principal-Amaury-Sanchez-Danilo-Ginebra-Andres-Pichardo-y-Jose-Gabriel-Perez-.jpg?fit=1200%2C873&ssl=1&resize=1050%2C600 3x"},"classes":[]},{"id":338023,"url":"https:\/\/casadecampoliving.com\/es\/celebrando-la-inauguracion-de-la-nueva-exhibicion-de-arte-caminos-azules-de-fernando-tamburini\/","url_meta":{"origin":353670,"position":4},"title":"Celebrando la inauguraci\u00f3n de la nueva exhibici\u00f3n de arte \u00abCaminos Azules\u00bb de Fernando Tamburini","author":"","date":"8 Ene, 2012","format":false,"excerpt":"El pasado mi\u00e9rcoles 28 de diciembre, luego del 1er Aguinaldo de Botes en La Marina Casa de Campo, el artista dominicano, Fernando Tamburini recibi\u00f3 a los aficionados del arte, familiares y amigos de las comunidades de Casa de Campo y La Romana en la inauguraci\u00f3n de su nueva exhibici\u00f3n de\u2026","rel":"","context":"En \u00abAltos de Chavon @es\u00bb","block_context":{"text":"Altos de Chavon @es","link":"https:\/\/casadecampoliving.com\/category\/altos-de-chavon-es\/"},"img":{"alt_text":"art fernando tamburini","src":"https:\/\/i0.wp.com\/casadecampoliving.com\/wp-content\/uploads\/2022\/10\/art_fernando_tamburini1-1.jpg?fit=565%2C346&ssl=1&resize=350%2C200","width":350,"height":200,"srcset":"https:\/\/i0.wp.com\/casadecampoliving.com\/wp-content\/uploads\/2022\/10\/art_fernando_tamburini1-1.jpg?fit=565%2C346&ssl=1&resize=350%2C200 1x, https:\/\/i0.wp.com\/casadecampoliving.com\/wp-content\/uploads\/2022\/10\/art_fernando_tamburini1-1.jpg?fit=565%2C346&ssl=1&resize=525%2C300 1.5x"},"classes":[]},{"id":337863,"url":"https:\/\/casadecampoliving.com\/es\/fernando-tamburini-un-artista-querido-por-los-miembros-de-casa-de-campo\/","url_meta":{"origin":353670,"position":5},"title":"Fernando Tamburini &#8211; un artista querido por los miembros de Casa de Campo","author":"","date":"3 Jul, 2009","format":false,"excerpt":"Recientemente, Fernando Tamburini, abri\u00f3 sus puertas a Casa de Campo Living para mostrarnos su hermosas pinturas. \u00a0Fernando tiene muchos clientes en Casa de Campo y sus obras est\u00e1n orgullosamente colgadas en muchos de los hogares y villas del lugar. Oriundo de Barahona, Tamburini se mud\u00f3 a La Romana en 1994\u2026","rel":"","context":"En \u00abArte y cultura\u00bb","block_context":{"text":"Arte y cultura","link":"https:\/\/casadecampoliving.com\/category\/arte-y-cultura\/"},"img":{"alt_text":"img_1764","src":"https:\/\/i0.wp.com\/casadecampoliving.com\/wp-content\/uploads\/2022\/10\/img_1764.jpg?resize=350%2C200&ssl=1","width":350,"height":200},"classes":[]}],"jetpack_sharing_enabled":true,"_links":{"self":[{"href":"https:\/\/casadecampoliving.com\/es\/wp-json\/wp\/v2\/posts\/353670","targetHints":{"allow":["GET"]}}],"collection":[{"href":"https:\/\/casadecampoliving.com\/es\/wp-json\/wp\/v2\/posts"}],"about":[{"href":"https:\/\/casadecampoliving.com\/es\/wp-json\/wp\/v2\/types\/post"}],"author":[{"embeddable":true,"href":"https:\/\/casadecampoliving.com\/es\/wp-json\/wp\/v2\/users\/36791"}],"replies":[{"embeddable":true,"href":"https:\/\/casadecampoliving.com\/es\/wp-json\/wp\/v2\/comments?post=353670"}],"version-history":[{"count":1,"href":"https:\/\/casadecampoliving.com\/es\/wp-json\/wp\/v2\/posts\/353670\/revisions"}],"predecessor-version":[{"id":503964,"href":"https:\/\/casadecampoliving.com\/es\/wp-json\/wp\/v2\/posts\/353670\/revisions\/503964"}],"wp:featuredmedia":[{"embeddable":true,"href":"https:\/\/casadecampoliving.com\/es\/wp-json\/wp\/v2\/media\/311570"}],"wp:attachment":[{"href":"https:\/\/casadecampoliving.com\/es\/wp-json\/wp\/v2\/media?parent=353670"}],"wp:term":[{"taxonomy":"category","embeddable":true,"href":"https:\/\/casadecampoliving.com\/es\/wp-json\/wp\/v2\/categories?post=353670"},{"taxonomy":"post_tag","embeddable":true,"href":"https:\/\/casadecampoliving.com\/es\/wp-json\/wp\/v2\/tags?post=353670"},{"taxonomy":"newspack_spnsrs_tax","embeddable":true,"href":"https:\/\/casadecampoliving.com\/es\/wp-json\/wp\/v2\/newspack_spnsrs_tax?post=353670"}],"curies":[{"name":"wp","href":"https:\/\/api.w.org\/{rel}","templated":true}]}}