{"id":353649,"date":"2019-12-23T00:00:00","date_gmt":"2019-12-23T04:00:00","guid":{"rendered":"https:\/\/casadecampoliving.com\/la-historia-del-nacimiento-de-jesus-natividad-en-vivo-por-los-alumnos-de-la-fundacion-mir\/"},"modified":"2022-11-10T10:01:39","modified_gmt":"2022-11-10T14:01:39","slug":"la-historia-del-nacimiento-de-jesus-natividad-en-vivo-por-los-alumnos-de-la-fundacion-mir","status":"publish","type":"post","link":"https:\/\/casadecampoliving.com\/es\/la-historia-del-nacimiento-de-jesus-natividad-en-vivo-por-los-alumnos-de-la-fundacion-mir\/","title":{"rendered":"La historia del nacimiento de Jes\u00fas &#8211; Natividad en vivo por los alumnos de la Fundaci\u00f3n MIR"},"content":{"rendered":"<p>Las presentaci\u00f3n de la natividad en vivo brindan una experiencia inolvidable al compartir la celebraci\u00f3n del nacimiento de Jesucristo. Cada temporada de fiestas, los talentosos ni\u00f1os de la Fundaci\u00f3n MIR preparan una hermosa interpretaci\u00f3n de la historia de Navidad que presentan en Altos de Chav\u00f3n como parte del calendario de eventos de Casa de Campo. Es una ocasi\u00f3n maravillosa que nos recuerda a todos el verdadero significado de la Navidad.<\/p>\n<p><img data-recalc-dims=\"1\" loading=\"lazy\" decoding=\"async\" data-attachment-id=\"203635\" data-permalink=\"https:\/\/casadecampoliving.com\/es\/img_4456\/\" data-orig-file=\"https:\/\/i0.wp.com\/casadecampoliving.com\/wp-content\/uploads\/2019\/12\/IMG_4456.jpg?fit=1000%2C667&amp;ssl=1\" data-orig-size=\"1000,667\" data-comments-opened=\"0\" data-image-meta=\"{&quot;aperture&quot;:&quot;4&quot;,&quot;credit&quot;:&quot;&quot;,&quot;camera&quot;:&quot;Canon EOS REBEL T1i&quot;,&quot;caption&quot;:&quot;&quot;,&quot;created_timestamp&quot;:&quot;1576869124&quot;,&quot;copyright&quot;:&quot;&quot;,&quot;focal_length&quot;:&quot;44&quot;,&quot;iso&quot;:&quot;400&quot;,&quot;shutter_speed&quot;:&quot;0.0166666666667&quot;,&quot;title&quot;:&quot;&quot;,&quot;orientation&quot;:&quot;1&quot;}\" data-image-title=\"IMG_4456\" data-image-description=\"\" data-image-caption=\"\" data-large-file=\"https:\/\/i0.wp.com\/casadecampoliving.com\/wp-content\/uploads\/2019\/12\/IMG_4456.jpg?fit=1000%2C667&amp;ssl=1\" class=\"aligncenter size-full wp-image-203635\" src=\"https:\/\/i0.wp.com\/casadecampoliving.com\/wp-content\/uploads\/2022\/10\/IMG_4456.jpg?resize=1000%2C667&#038;ssl=1\" alt=\"\" width=\"1000\" height=\"667\"><\/p>\n<p>El viernes 20 de diciembre, un grupo de propietarios, residentes y visitantes de Casa de Campo disfrutaron de una interpretaci\u00f3n de la m\u00e1gica historia de Navidad realizada por los ni\u00f1os de la Fundaci\u00f3n MIR en la plaza frente a la Museo. Esta actividad se ha convertido en una tradici\u00f3n y forma parte del programa de vacaciones preparado por Altos de Chav\u00f3n y Casa de Campo. Participaron en el espect\u00e1culo l\u00edrico ni\u00f1os de todas las edades, de Primaria MIR (escuela infantil), MIR Esperanza (escuela de ni\u00f1os) y Polit\u00e9cnico MIR (escuela de ni\u00f1as).<\/p>\n<p>La historia de Navidad fue narrada por estudiantes de \u00faltimo a\u00f1o de la Fundaci\u00f3n MIR, mientras que el resto de los ni\u00f1os y ni\u00f1as vestidos de \u00e1ngeles, granjeros, los Reyes Magos, Jos\u00e9, Mar\u00eda y muchos otros personajes, emocionaron al p\u00fablico con su impresionante articulaci\u00f3n y actuaci\u00f3n. Elogiado por el baile y el hermoso canto del coro de la Fundaci\u00f3n MIR (compuesto por un grupo de estudiantes mayores), que a lo largo de la historia interpretaron varias canciones navide\u00f1as. \u00a1Incluso nuestro burro local, Margarito, tuvo una parte especial en la presentaci\u00f3n!<\/p>\n<p><img data-recalc-dims=\"1\" loading=\"lazy\" decoding=\"async\" data-attachment-id=\"203633\" data-permalink=\"https:\/\/casadecampoliving.com\/es\/img_4448\/\" data-orig-file=\"https:\/\/i0.wp.com\/casadecampoliving.com\/wp-content\/uploads\/2019\/12\/IMG_4448.jpg?fit=1000%2C667&amp;ssl=1\" data-orig-size=\"1000,667\" data-comments-opened=\"0\" data-image-meta=\"{&quot;aperture&quot;:&quot;3.5&quot;,&quot;credit&quot;:&quot;&quot;,&quot;camera&quot;:&quot;Canon EOS REBEL T1i&quot;,&quot;caption&quot;:&quot;&quot;,&quot;created_timestamp&quot;:&quot;1576868937&quot;,&quot;copyright&quot;:&quot;&quot;,&quot;focal_length&quot;:&quot;28&quot;,&quot;iso&quot;:&quot;400&quot;,&quot;shutter_speed&quot;:&quot;0.0166666666667&quot;,&quot;title&quot;:&quot;&quot;,&quot;orientation&quot;:&quot;1&quot;}\" data-image-title=\"IMG_4448\" data-image-description=\"\" data-image-caption=\"\" data-large-file=\"https:\/\/i0.wp.com\/casadecampoliving.com\/wp-content\/uploads\/2019\/12\/IMG_4448.jpg?fit=1000%2C667&amp;ssl=1\" class=\"aligncenter size-full wp-image-203633\" src=\"https:\/\/i0.wp.com\/casadecampoliving.com\/wp-content\/uploads\/2022\/10\/IMG_4448.jpg?resize=1000%2C667&#038;ssl=1\" alt=\"\" width=\"1000\" height=\"667\"><\/p>\n<p>\u00a1Felicitaciones a todos los ni\u00f1os que participaron en este maravilloso evento, y muchas gracias a los involucrados en la organizaci\u00f3n!<\/p>\n<p>Vea a continuaci\u00f3n una colecci\u00f3n de fotos proporcionadas por la Fundaci\u00f3n MIR de la natividad en vivo que tuvo lugar el pasado viernes 20 de diciembre:<\/p>\n<p>[nggallery id=3302]<\/p>\n<blockquote><p>&nbsp;<\/p>\n<p><strong><a href=\"https:\/\/casadecampoliving.com\/es\/the-fundacion-mir\/\">Fundaci\u00f3n&nbsp;MIR<\/a><\/strong><\/p>\n<p><img data-recalc-dims=\"1\" loading=\"lazy\" decoding=\"async\" class=\"alignright size-thumbnail wp-image-164104\" src=\"https:\/\/i0.wp.com\/casadecampoliving.com\/wp-content\/uploads\/2022\/10\/fundacion-mir-logo-150x150-3-150x150.png?resize=150%2C150&#038;ssl=1\" sizes=\"auto, (max-width: 150px) 100vw, 150px\" srcset=\"https:\/\/casadecampoliving.com\/wp-content\/uploads\/2022\/10\/fundacion-mir-logo-150x150-3-150x150.png 150w, https:\/\/casadecampoliving-wp.s3-accelerate.amazonaws.com\/2018\/10\/fundacion-mir-logo-300x300.png 300w, https:\/\/casadecampoliving-wp.s3-accelerate.amazonaws.com\/2018\/10\/fundacion-mir-logo-80x80.png 80w, https:\/\/casadecampoliving-wp.s3-accelerate.amazonaws.com\/2018\/10\/fundacion-mir-logo.png 576w\" alt=\"\" width=\"150\" height=\"150\"><\/p>\n<p>La&nbsp;<a href=\"https:\/\/casadecampoliving.com\/es\/the-fundacion-mir\/\">Fundaci\u00f3n MIR&nbsp;<\/a>&nbsp;es una organizac\u00f3n sin fines de lucro que trabaja para proveerle educaci\u00f3n a los ni\u00f1os m\u00e1s necesitados de La Romana. Ellos dirigen tres escuelas; MIR Esperanza (escuela vocacional de ni\u00f1os), la Escuela Tecnica Vocacional&nbsp;Fundaci\u00f3n&nbsp;MIR (escuela vocacional de ni\u00f1as) y la&nbsp;<a href=\"https:\/\/casadecampoliving.com\/es\/the-fundacion-mir\/\">Primaria MIR&nbsp;<\/a>(escuela infantil).<\/p>\n<p>Para m\u00e1s informaci\u00f3n sobre la Fundaci\u00f3n MIR y para hacer una donaci\u00f3n, favor visitar la p\u00e1gina web:&nbsp;<a href=\"http:\/\/www.mirinternational.org\/\">www.FundacionMIR.org<\/a><\/p>\n<p>Para hacer una donaci\u00f3n contacte la oficina MIR en Casa de Campo(809-523-8270) o en West Palm Beach (561-366-5095). \u00a1Donaciones para los ciudadanos de Estados Unidos son deducibles de impuestos!<\/p><\/blockquote>\n","protected":false},"excerpt":{"rendered":"<p>Las presentaci\u00f3n de la natividad en vivo brindan una experiencia inolvidable al compartir la celebraci\u00f3n del nacimiento de Jesucristo. Cada temporada de fiestas, los talentosos ni\u00f1os de la Fundaci\u00f3n MIR preparan una hermosa interpretaci\u00f3n de la historia de Navidad que presentan en Altos de Chav\u00f3n como parte del calendario de eventos de Casa de Campo. [&hellip;]<\/p>\n","protected":false},"author":36791,"featured_media":310984,"comment_status":"closed","ping_status":"closed","sticky":false,"template":"","format":"standard","meta":{"newspack_ads_suppress_ads":false,"newspack_popups_has_disabled_popups":false,"newspack_sponsor_sponsorship_scope":"","newspack_sponsor_native_byline_display":"inherit","newspack_sponsor_native_category_display":"inherit","newspack_sponsor_underwriter_style":"inherit","newspack_sponsor_underwriter_placement":"inherit","_newspack_byline_active":false,"_newspack_byline":"","newspack_hide_updated_date":false,"newspack_show_updated_date":false,"newspack_content_restriction_is_exempt":false,"newspack_featured_image_position":"","newspack_post_subtitle":"","newspack_article_summary_title":"Overview:","newspack_article_summary":"","_jetpack_memberships_contains_paid_content":false,"footnotes":"","jetpack_publicize_message":"","jetpack_publicize_feature_enabled":true,"jetpack_social_post_already_shared":false,"jetpack_social_options":{"image_generator_settings":{"template":"highway","default_image_id":0,"font":"","enabled":false},"version":2},"_wpas_customize_per_network":false},"categories":[26819,26823,14631,2522,2515,2514,14625,2521],"tags":[15387,3626,24387,18629,14736,24715,3577,13694,18932,13693],"newspack_spnsrs_tax":[],"class_list":["post-353649","post","type-post","status-publish","format-standard","has-post-thumbnail","hentry","category-altos-de-chavon-es","category-arte-y-cultura","category-estilo-de-vida","category-eventos-es","category-fundacion-mir-es","category-fundaciones-es","category-noticias-locales","category-republica-dominicana-2","tag-altos-de-chavon-es","tag-casa-de-campo-es","tag-casa-de-campo-living-es","tag-dominican-republic-es-5","tag-featured-topview-es","tag-fundacion-mir-es","tag-fundacion-mir-es-2","tag-jesus-es","tag-la-romana-es-4","tag-nacimiento-del-nino-jesus","entry"],"yoast_head":"<!-- This site is optimized with the Yoast SEO plugin v27.5 - https:\/\/yoast.com\/product\/yoast-seo-wordpress\/ -->\n<title>La historia del nacimiento de Jes\u00fas - Natividad en vivo por los alumnos de la Fundaci\u00f3n MIR | Casa de Campo Living<\/title>\n<meta name=\"description\" content=\"Las presentaci\u00f3n de la natividad en vivo brindan una experiencia inolvidable al compartir la celebraci\u00f3n del nacimiento de Jesucristo. Cada temporada de\" \/>\n<meta name=\"robots\" content=\"index, follow, max-snippet:-1, max-image-preview:large, max-video-preview:-1\" \/>\n<link rel=\"canonical\" href=\"https:\/\/casadecampoliving.com\/es\/la-historia-del-nacimiento-de-jesus-natividad-en-vivo-por-los-alumnos-de-la-fundacion-mir\/\" \/>\n<meta property=\"og:locale\" content=\"es_ES\" \/>\n<meta property=\"og:type\" content=\"article\" \/>\n<meta property=\"og:title\" content=\"La historia del nacimiento de Jes\u00fas - Natividad en vivo por los alumnos de la Fundaci\u00f3n MIR | Casa de Campo Living\" \/>\n<meta property=\"og:description\" content=\"Las presentaci\u00f3n de la natividad en vivo brindan una experiencia inolvidable al compartir la celebraci\u00f3n del nacimiento de Jesucristo. Cada temporada de\" \/>\n<meta property=\"og:url\" content=\"https:\/\/casadecampoliving.com\/es\/la-historia-del-nacimiento-de-jesus-natividad-en-vivo-por-los-alumnos-de-la-fundacion-mir\/\" \/>\n<meta property=\"og:site_name\" content=\"Casa de Campo Living\" \/>\n<meta property=\"article:publisher\" content=\"https:\/\/www.facebook.com\/casadecampoliving\" \/>\n<meta property=\"article:published_time\" content=\"2019-12-23T04:00:00+00:00\" \/>\n<meta property=\"article:modified_time\" content=\"2022-11-10T14:01:39+00:00\" \/>\n<meta property=\"og:image\" content=\"https:\/\/i0.wp.com\/casadecampoliving.com\/wp-content\/uploads\/2022\/10\/IMG_4442.jpg?fit=1000%2C667&ssl=1\" \/>\n\t<meta property=\"og:image:width\" content=\"1000\" \/>\n\t<meta property=\"og:image:height\" content=\"667\" \/>\n\t<meta property=\"og:image:type\" content=\"image\/jpeg\" \/>\n<meta name=\"author\" content=\"Casa de Campo Living\" \/>\n<meta name=\"twitter:card\" content=\"summary_large_image\" \/>\n<meta name=\"twitter:creator\" content=\"@cdcliving\" \/>\n<meta name=\"twitter:site\" content=\"@cdcliving\" \/>\n<meta name=\"twitter:label1\" content=\"Escrito por\" \/>\n\t<meta name=\"twitter:data1\" content=\"Casa de Campo Living\" \/>\n\t<meta name=\"twitter:label2\" content=\"Tiempo de lectura\" \/>\n\t<meta name=\"twitter:data2\" content=\"2 minutos\" \/>\n<script type=\"application\/ld+json\" class=\"yoast-schema-graph\">{\"@context\":\"https:\\\/\\\/schema.org\",\"@graph\":[{\"@type\":\"Article\",\"@id\":\"https:\\\/\\\/casadecampoliving.com\\\/es\\\/la-historia-del-nacimiento-de-jesus-natividad-en-vivo-por-los-alumnos-de-la-fundacion-mir\\\/#article\",\"isPartOf\":{\"@id\":\"https:\\\/\\\/casadecampoliving.com\\\/es\\\/la-historia-del-nacimiento-de-jesus-natividad-en-vivo-por-los-alumnos-de-la-fundacion-mir\\\/\"},\"author\":{\"name\":\"Casa de Campo Living\",\"@id\":\"https:\\\/\\\/casadecampoliving.com\\\/es\\\/#\\\/schema\\\/person\\\/5d2171637a9d11e0e43ce6b8555f9422\"},\"headline\":\"La historia del nacimiento de Jes\u00fas &#8211; Natividad en vivo por los alumnos de la Fundaci\u00f3n MIR\",\"datePublished\":\"2019-12-23T04:00:00+00:00\",\"dateModified\":\"2022-11-10T14:01:39+00:00\",\"mainEntityOfPage\":{\"@id\":\"https:\\\/\\\/casadecampoliving.com\\\/es\\\/la-historia-del-nacimiento-de-jesus-natividad-en-vivo-por-los-alumnos-de-la-fundacion-mir\\\/\"},\"wordCount\":479,\"publisher\":{\"@id\":\"https:\\\/\\\/casadecampoliving.com\\\/es\\\/#organization\"},\"image\":{\"@id\":\"https:\\\/\\\/casadecampoliving.com\\\/es\\\/la-historia-del-nacimiento-de-jesus-natividad-en-vivo-por-los-alumnos-de-la-fundacion-mir\\\/#primaryimage\"},\"thumbnailUrl\":\"https:\\\/\\\/i0.wp.com\\\/casadecampoliving.com\\\/wp-content\\\/uploads\\\/2022\\\/10\\\/IMG_4442.jpg?fit=1000%2C667&ssl=1\",\"keywords\":[\"Altos de Chavon\",\"casa de campo @es\",\"Casa de Campo Living\",\"Dominican Republic\",\"Featured-TopView @es\",\"Fundacion MIR\",\"Fundacion MIR @es\",\"Jes\u00fas @es\",\"La Romana\",\"Nacimiento del Ni\u00f1o Jes\u00fas\"],\"articleSection\":[\"Altos de Chavon @es\",\"Arte y cultura\",\"Estilo de Vida\",\"Eventos\",\"Fundaci\u00f3n MIR @es\",\"Fundaciones\",\"Noticias Locales\",\"Rep\u00fablica Dominicana @es\"],\"inLanguage\":\"es\"},{\"@type\":\"WebPage\",\"@id\":\"https:\\\/\\\/casadecampoliving.com\\\/es\\\/la-historia-del-nacimiento-de-jesus-natividad-en-vivo-por-los-alumnos-de-la-fundacion-mir\\\/\",\"url\":\"https:\\\/\\\/casadecampoliving.com\\\/es\\\/la-historia-del-nacimiento-de-jesus-natividad-en-vivo-por-los-alumnos-de-la-fundacion-mir\\\/\",\"name\":\"La historia del nacimiento de Jes\u00fas - Natividad en vivo por los alumnos de la Fundaci\u00f3n MIR | Casa de Campo Living\",\"isPartOf\":{\"@id\":\"https:\\\/\\\/casadecampoliving.com\\\/es\\\/#website\"},\"primaryImageOfPage\":{\"@id\":\"https:\\\/\\\/casadecampoliving.com\\\/es\\\/la-historia-del-nacimiento-de-jesus-natividad-en-vivo-por-los-alumnos-de-la-fundacion-mir\\\/#primaryimage\"},\"image\":{\"@id\":\"https:\\\/\\\/casadecampoliving.com\\\/es\\\/la-historia-del-nacimiento-de-jesus-natividad-en-vivo-por-los-alumnos-de-la-fundacion-mir\\\/#primaryimage\"},\"thumbnailUrl\":\"https:\\\/\\\/i0.wp.com\\\/casadecampoliving.com\\\/wp-content\\\/uploads\\\/2022\\\/10\\\/IMG_4442.jpg?fit=1000%2C667&ssl=1\",\"datePublished\":\"2019-12-23T04:00:00+00:00\",\"dateModified\":\"2022-11-10T14:01:39+00:00\",\"description\":\"Las presentaci\u00f3n de la natividad en vivo brindan una experiencia inolvidable al compartir la celebraci\u00f3n del nacimiento de Jesucristo. Cada temporada de\",\"breadcrumb\":{\"@id\":\"https:\\\/\\\/casadecampoliving.com\\\/es\\\/la-historia-del-nacimiento-de-jesus-natividad-en-vivo-por-los-alumnos-de-la-fundacion-mir\\\/#breadcrumb\"},\"inLanguage\":\"es\",\"potentialAction\":[{\"@type\":\"ReadAction\",\"target\":[\"https:\\\/\\\/casadecampoliving.com\\\/es\\\/la-historia-del-nacimiento-de-jesus-natividad-en-vivo-por-los-alumnos-de-la-fundacion-mir\\\/\"]}]},{\"@type\":\"ImageObject\",\"inLanguage\":\"es\",\"@id\":\"https:\\\/\\\/casadecampoliving.com\\\/es\\\/la-historia-del-nacimiento-de-jesus-natividad-en-vivo-por-los-alumnos-de-la-fundacion-mir\\\/#primaryimage\",\"url\":\"https:\\\/\\\/i0.wp.com\\\/casadecampoliving.com\\\/wp-content\\\/uploads\\\/2022\\\/10\\\/IMG_4442.jpg?fit=1000%2C667&ssl=1\",\"contentUrl\":\"https:\\\/\\\/i0.wp.com\\\/casadecampoliving.com\\\/wp-content\\\/uploads\\\/2022\\\/10\\\/IMG_4442.jpg?fit=1000%2C667&ssl=1\",\"width\":1000,\"height\":667},{\"@type\":\"BreadcrumbList\",\"@id\":\"https:\\\/\\\/casadecampoliving.com\\\/es\\\/la-historia-del-nacimiento-de-jesus-natividad-en-vivo-por-los-alumnos-de-la-fundacion-mir\\\/#breadcrumb\",\"itemListElement\":[{\"@type\":\"ListItem\",\"position\":1,\"name\":\"Home\",\"item\":\"https:\\\/\\\/casadecampoliving.com\\\/es\\\/\"},{\"@type\":\"ListItem\",\"position\":2,\"name\":\"La historia del nacimiento de Jes\u00fas &#8211; Natividad en vivo por los alumnos de la Fundaci\u00f3n MIR\"}]},{\"@type\":\"WebSite\",\"@id\":\"https:\\\/\\\/casadecampoliving.com\\\/es\\\/#website\",\"url\":\"https:\\\/\\\/casadecampoliving.com\\\/es\\\/\",\"name\":\"Casa de Campo Living\",\"description\":\"Resort community news and resources.\",\"publisher\":{\"@id\":\"https:\\\/\\\/casadecampoliving.com\\\/es\\\/#organization\"},\"potentialAction\":[{\"@type\":\"SearchAction\",\"target\":{\"@type\":\"EntryPoint\",\"urlTemplate\":\"https:\\\/\\\/casadecampoliving.com\\\/es\\\/?s={search_term_string}\"},\"query-input\":{\"@type\":\"PropertyValueSpecification\",\"valueRequired\":true,\"valueName\":\"search_term_string\"}}],\"inLanguage\":\"es\"},{\"@type\":\"Organization\",\"@id\":\"https:\\\/\\\/casadecampoliving.com\\\/es\\\/#organization\",\"name\":\"Casa de Campo Living\",\"url\":\"https:\\\/\\\/casadecampoliving.com\\\/es\\\/\",\"logo\":{\"@type\":\"ImageObject\",\"inLanguage\":\"es\",\"@id\":\"https:\\\/\\\/casadecampoliving.com\\\/es\\\/#\\\/schema\\\/logo\\\/image\\\/\",\"url\":\"https:\\\/\\\/i0.wp.com\\\/casadecampoliving.com\\\/wp-content\\\/uploads\\\/2022\\\/07\\\/CDCLivingLogo_V1-white-sized.png?fit=800%2C214&ssl=1\",\"contentUrl\":\"https:\\\/\\\/i0.wp.com\\\/casadecampoliving.com\\\/wp-content\\\/uploads\\\/2022\\\/07\\\/CDCLivingLogo_V1-white-sized.png?fit=800%2C214&ssl=1\",\"width\":800,\"height\":214,\"caption\":\"Casa de Campo Living\"},\"image\":{\"@id\":\"https:\\\/\\\/casadecampoliving.com\\\/es\\\/#\\\/schema\\\/logo\\\/image\\\/\"},\"sameAs\":[\"https:\\\/\\\/www.facebook.com\\\/casadecampoliving\",\"https:\\\/\\\/x.com\\\/cdcliving\"]},{\"@type\":\"Person\",\"@id\":\"https:\\\/\\\/casadecampoliving.com\\\/es\\\/#\\\/schema\\\/person\\\/5d2171637a9d11e0e43ce6b8555f9422\",\"name\":\"Casa de Campo Living\",\"image\":{\"@type\":\"ImageObject\",\"inLanguage\":\"es\",\"@id\":\"https:\\\/\\\/secure.gravatar.com\\\/avatar\\\/d04101fa4a9fd431e939953b1500fdc7a73cd35029f86d98712fd8ccdaebaf9a?s=96&d=mm&r=g\",\"url\":\"https:\\\/\\\/secure.gravatar.com\\\/avatar\\\/d04101fa4a9fd431e939953b1500fdc7a73cd35029f86d98712fd8ccdaebaf9a?s=96&d=mm&r=g\",\"contentUrl\":\"https:\\\/\\\/secure.gravatar.com\\\/avatar\\\/d04101fa4a9fd431e939953b1500fdc7a73cd35029f86d98712fd8ccdaebaf9a?s=96&d=mm&r=g\",\"caption\":\"Casa de Campo Living\"},\"url\":\"https:\\\/\\\/casadecampoliving.com\\\/es\\\/author\\\/casa-de-campo-living\\\/\"}]}<\/script>\n<!-- \/ Yoast SEO plugin. -->","yoast_head_json":{"title":"La historia del nacimiento de Jes\u00fas - Natividad en vivo por los alumnos de la Fundaci\u00f3n MIR | Casa de Campo Living","description":"Las presentaci\u00f3n de la natividad en vivo brindan una experiencia inolvidable al compartir la celebraci\u00f3n del nacimiento de Jesucristo. Cada temporada de","robots":{"index":"index","follow":"follow","max-snippet":"max-snippet:-1","max-image-preview":"max-image-preview:large","max-video-preview":"max-video-preview:-1"},"canonical":"https:\/\/casadecampoliving.com\/es\/la-historia-del-nacimiento-de-jesus-natividad-en-vivo-por-los-alumnos-de-la-fundacion-mir\/","og_locale":"es_ES","og_type":"article","og_title":"La historia del nacimiento de Jes\u00fas - Natividad en vivo por los alumnos de la Fundaci\u00f3n MIR | Casa de Campo Living","og_description":"Las presentaci\u00f3n de la natividad en vivo brindan una experiencia inolvidable al compartir la celebraci\u00f3n del nacimiento de Jesucristo. Cada temporada de","og_url":"https:\/\/casadecampoliving.com\/es\/la-historia-del-nacimiento-de-jesus-natividad-en-vivo-por-los-alumnos-de-la-fundacion-mir\/","og_site_name":"Casa de Campo Living","article_publisher":"https:\/\/www.facebook.com\/casadecampoliving","article_published_time":"2019-12-23T04:00:00+00:00","article_modified_time":"2022-11-10T14:01:39+00:00","og_image":[{"width":1000,"height":667,"url":"https:\/\/i0.wp.com\/casadecampoliving.com\/wp-content\/uploads\/2022\/10\/IMG_4442.jpg?fit=1000%2C667&ssl=1","type":"image\/jpeg"}],"author":"Casa de Campo Living","twitter_card":"summary_large_image","twitter_creator":"@cdcliving","twitter_site":"@cdcliving","twitter_misc":{"Escrito por":"Casa de Campo Living","Tiempo de lectura":"2 minutos"},"schema":{"@context":"https:\/\/schema.org","@graph":[{"@type":"Article","@id":"https:\/\/casadecampoliving.com\/es\/la-historia-del-nacimiento-de-jesus-natividad-en-vivo-por-los-alumnos-de-la-fundacion-mir\/#article","isPartOf":{"@id":"https:\/\/casadecampoliving.com\/es\/la-historia-del-nacimiento-de-jesus-natividad-en-vivo-por-los-alumnos-de-la-fundacion-mir\/"},"author":{"name":"Casa de Campo Living","@id":"https:\/\/casadecampoliving.com\/es\/#\/schema\/person\/5d2171637a9d11e0e43ce6b8555f9422"},"headline":"La historia del nacimiento de Jes\u00fas &#8211; Natividad en vivo por los alumnos de la Fundaci\u00f3n MIR","datePublished":"2019-12-23T04:00:00+00:00","dateModified":"2022-11-10T14:01:39+00:00","mainEntityOfPage":{"@id":"https:\/\/casadecampoliving.com\/es\/la-historia-del-nacimiento-de-jesus-natividad-en-vivo-por-los-alumnos-de-la-fundacion-mir\/"},"wordCount":479,"publisher":{"@id":"https:\/\/casadecampoliving.com\/es\/#organization"},"image":{"@id":"https:\/\/casadecampoliving.com\/es\/la-historia-del-nacimiento-de-jesus-natividad-en-vivo-por-los-alumnos-de-la-fundacion-mir\/#primaryimage"},"thumbnailUrl":"https:\/\/i0.wp.com\/casadecampoliving.com\/wp-content\/uploads\/2022\/10\/IMG_4442.jpg?fit=1000%2C667&ssl=1","keywords":["Altos de Chavon","casa de campo @es","Casa de Campo Living","Dominican Republic","Featured-TopView @es","Fundacion MIR","Fundacion MIR @es","Jes\u00fas @es","La Romana","Nacimiento del Ni\u00f1o Jes\u00fas"],"articleSection":["Altos de Chavon @es","Arte y cultura","Estilo de Vida","Eventos","Fundaci\u00f3n MIR @es","Fundaciones","Noticias Locales","Rep\u00fablica Dominicana @es"],"inLanguage":"es"},{"@type":"WebPage","@id":"https:\/\/casadecampoliving.com\/es\/la-historia-del-nacimiento-de-jesus-natividad-en-vivo-por-los-alumnos-de-la-fundacion-mir\/","url":"https:\/\/casadecampoliving.com\/es\/la-historia-del-nacimiento-de-jesus-natividad-en-vivo-por-los-alumnos-de-la-fundacion-mir\/","name":"La historia del nacimiento de Jes\u00fas - Natividad en vivo por los alumnos de la Fundaci\u00f3n MIR | Casa de Campo Living","isPartOf":{"@id":"https:\/\/casadecampoliving.com\/es\/#website"},"primaryImageOfPage":{"@id":"https:\/\/casadecampoliving.com\/es\/la-historia-del-nacimiento-de-jesus-natividad-en-vivo-por-los-alumnos-de-la-fundacion-mir\/#primaryimage"},"image":{"@id":"https:\/\/casadecampoliving.com\/es\/la-historia-del-nacimiento-de-jesus-natividad-en-vivo-por-los-alumnos-de-la-fundacion-mir\/#primaryimage"},"thumbnailUrl":"https:\/\/i0.wp.com\/casadecampoliving.com\/wp-content\/uploads\/2022\/10\/IMG_4442.jpg?fit=1000%2C667&ssl=1","datePublished":"2019-12-23T04:00:00+00:00","dateModified":"2022-11-10T14:01:39+00:00","description":"Las presentaci\u00f3n de la natividad en vivo brindan una experiencia inolvidable al compartir la celebraci\u00f3n del nacimiento de Jesucristo. Cada temporada de","breadcrumb":{"@id":"https:\/\/casadecampoliving.com\/es\/la-historia-del-nacimiento-de-jesus-natividad-en-vivo-por-los-alumnos-de-la-fundacion-mir\/#breadcrumb"},"inLanguage":"es","potentialAction":[{"@type":"ReadAction","target":["https:\/\/casadecampoliving.com\/es\/la-historia-del-nacimiento-de-jesus-natividad-en-vivo-por-los-alumnos-de-la-fundacion-mir\/"]}]},{"@type":"ImageObject","inLanguage":"es","@id":"https:\/\/casadecampoliving.com\/es\/la-historia-del-nacimiento-de-jesus-natividad-en-vivo-por-los-alumnos-de-la-fundacion-mir\/#primaryimage","url":"https:\/\/i0.wp.com\/casadecampoliving.com\/wp-content\/uploads\/2022\/10\/IMG_4442.jpg?fit=1000%2C667&ssl=1","contentUrl":"https:\/\/i0.wp.com\/casadecampoliving.com\/wp-content\/uploads\/2022\/10\/IMG_4442.jpg?fit=1000%2C667&ssl=1","width":1000,"height":667},{"@type":"BreadcrumbList","@id":"https:\/\/casadecampoliving.com\/es\/la-historia-del-nacimiento-de-jesus-natividad-en-vivo-por-los-alumnos-de-la-fundacion-mir\/#breadcrumb","itemListElement":[{"@type":"ListItem","position":1,"name":"Home","item":"https:\/\/casadecampoliving.com\/es\/"},{"@type":"ListItem","position":2,"name":"La historia del nacimiento de Jes\u00fas &#8211; Natividad en vivo por los alumnos de la Fundaci\u00f3n MIR"}]},{"@type":"WebSite","@id":"https:\/\/casadecampoliving.com\/es\/#website","url":"https:\/\/casadecampoliving.com\/es\/","name":"Casa de Campo Living","description":"Resort community news and resources.","publisher":{"@id":"https:\/\/casadecampoliving.com\/es\/#organization"},"potentialAction":[{"@type":"SearchAction","target":{"@type":"EntryPoint","urlTemplate":"https:\/\/casadecampoliving.com\/es\/?s={search_term_string}"},"query-input":{"@type":"PropertyValueSpecification","valueRequired":true,"valueName":"search_term_string"}}],"inLanguage":"es"},{"@type":"Organization","@id":"https:\/\/casadecampoliving.com\/es\/#organization","name":"Casa de Campo Living","url":"https:\/\/casadecampoliving.com\/es\/","logo":{"@type":"ImageObject","inLanguage":"es","@id":"https:\/\/casadecampoliving.com\/es\/#\/schema\/logo\/image\/","url":"https:\/\/i0.wp.com\/casadecampoliving.com\/wp-content\/uploads\/2022\/07\/CDCLivingLogo_V1-white-sized.png?fit=800%2C214&ssl=1","contentUrl":"https:\/\/i0.wp.com\/casadecampoliving.com\/wp-content\/uploads\/2022\/07\/CDCLivingLogo_V1-white-sized.png?fit=800%2C214&ssl=1","width":800,"height":214,"caption":"Casa de Campo Living"},"image":{"@id":"https:\/\/casadecampoliving.com\/es\/#\/schema\/logo\/image\/"},"sameAs":["https:\/\/www.facebook.com\/casadecampoliving","https:\/\/x.com\/cdcliving"]},{"@type":"Person","@id":"https:\/\/casadecampoliving.com\/es\/#\/schema\/person\/5d2171637a9d11e0e43ce6b8555f9422","name":"Casa de Campo Living","image":{"@type":"ImageObject","inLanguage":"es","@id":"https:\/\/secure.gravatar.com\/avatar\/d04101fa4a9fd431e939953b1500fdc7a73cd35029f86d98712fd8ccdaebaf9a?s=96&d=mm&r=g","url":"https:\/\/secure.gravatar.com\/avatar\/d04101fa4a9fd431e939953b1500fdc7a73cd35029f86d98712fd8ccdaebaf9a?s=96&d=mm&r=g","contentUrl":"https:\/\/secure.gravatar.com\/avatar\/d04101fa4a9fd431e939953b1500fdc7a73cd35029f86d98712fd8ccdaebaf9a?s=96&d=mm&r=g","caption":"Casa de Campo Living"},"url":"https:\/\/casadecampoliving.com\/es\/author\/casa-de-campo-living\/"}]}},"parsely":{"version":"1.1.0","canonical_url":"https:\/\/casadecampoliving.com\/es\/la-historia-del-nacimiento-de-jesus-natividad-en-vivo-por-los-alumnos-de-la-fundacion-mir\/","smart_links":{"inbound":0,"outbound":0},"traffic_boost_suggestions_count":0,"meta":{"@context":"https:\/\/schema.org","@type":"NewsArticle","headline":"La historia del nacimiento de Jes\u00fas &#8211; Natividad en vivo por los alumnos de la Fundaci\u00f3n MIR","url":"http:\/\/casadecampoliving.com\/es\/la-historia-del-nacimiento-de-jesus-natividad-en-vivo-por-los-alumnos-de-la-fundacion-mir\/","mainEntityOfPage":{"@type":"WebPage","@id":"http:\/\/casadecampoliving.com\/es\/la-historia-del-nacimiento-de-jesus-natividad-en-vivo-por-los-alumnos-de-la-fundacion-mir\/"},"thumbnailUrl":"https:\/\/i0.wp.com\/casadecampoliving.com\/wp-content\/uploads\/2022\/10\/IMG_4442.jpg?resize=150%2C150&ssl=1","image":{"@type":"ImageObject","url":"https:\/\/i0.wp.com\/casadecampoliving.com\/wp-content\/uploads\/2022\/10\/IMG_4442.jpg?fit=1000%2C667&ssl=1"},"articleSection":"Altos de Chavon @es","author":[{"@type":"Person","name":"Casa de Campo Living"}],"creator":["Casa de Campo Living"],"publisher":{"@type":"Organization","name":"Casa de Campo Living","logo":"https:\/\/casadecampoliving.com\/wp-content\/uploads\/2022\/07\/CDCLivingLogo_V1-white-sized.png"},"keywords":["altos de chavon","casa de campo @es","casa de campo living","dominican republic","featured-topview @es","fundacion mir","fundacion mir @es","jes\u00fas @es","la romana","nacimiento del ni\u00f1o jes\u00fas"],"dateCreated":"2019-12-23T04:00:00Z","datePublished":"2019-12-23T04:00:00Z","dateModified":"2022-11-10T14:01:39Z"},"rendered":"<script type=\"application\/ld+json\" class=\"wp-parsely-metadata\">{\"@context\":\"https:\\\/\\\/schema.org\",\"@type\":\"NewsArticle\",\"headline\":\"La historia del nacimiento de Jes\\u00fas &#8211; Natividad en vivo por los alumnos de la Fundaci\\u00f3n MIR\",\"url\":\"http:\\\/\\\/casadecampoliving.com\\\/es\\\/la-historia-del-nacimiento-de-jesus-natividad-en-vivo-por-los-alumnos-de-la-fundacion-mir\\\/\",\"mainEntityOfPage\":{\"@type\":\"WebPage\",\"@id\":\"http:\\\/\\\/casadecampoliving.com\\\/es\\\/la-historia-del-nacimiento-de-jesus-natividad-en-vivo-por-los-alumnos-de-la-fundacion-mir\\\/\"},\"thumbnailUrl\":\"https:\\\/\\\/i0.wp.com\\\/casadecampoliving.com\\\/wp-content\\\/uploads\\\/2022\\\/10\\\/IMG_4442.jpg?resize=150%2C150&ssl=1\",\"image\":{\"@type\":\"ImageObject\",\"url\":\"https:\\\/\\\/i0.wp.com\\\/casadecampoliving.com\\\/wp-content\\\/uploads\\\/2022\\\/10\\\/IMG_4442.jpg?fit=1000%2C667&ssl=1\"},\"articleSection\":\"Altos de Chavon @es\",\"author\":[{\"@type\":\"Person\",\"name\":\"Casa de Campo Living\"}],\"creator\":[\"Casa de Campo Living\"],\"publisher\":{\"@type\":\"Organization\",\"name\":\"Casa de Campo Living\",\"logo\":\"https:\\\/\\\/casadecampoliving.com\\\/wp-content\\\/uploads\\\/2022\\\/07\\\/CDCLivingLogo_V1-white-sized.png\"},\"keywords\":[\"altos de chavon\",\"casa de campo @es\",\"casa de campo living\",\"dominican republic\",\"featured-topview @es\",\"fundacion mir\",\"fundacion mir @es\",\"jes\\u00fas @es\",\"la romana\",\"nacimiento del ni\\u00f1o jes\\u00fas\"],\"dateCreated\":\"2019-12-23T04:00:00Z\",\"datePublished\":\"2019-12-23T04:00:00Z\",\"dateModified\":\"2022-11-10T14:01:39Z\"}<\/script>","tracker_url":"https:\/\/cdn.parsely.com\/keys\/casadecampoliving.com\/p.js"},"jetpack_publicize_connections":[],"jetpack_featured_media_url":"https:\/\/i0.wp.com\/casadecampoliving.com\/wp-content\/uploads\/2022\/10\/IMG_4442.jpg?fit=1000%2C667&ssl=1","jetpack-related-posts":[{"id":350978,"url":"https:\/\/casadecampoliving.com\/es\/presentacion-de-la-natividad-los-ninos-de-la-fundacion-mir\/","url_meta":{"origin":353649,"position":0},"title":"Una hermosa presentaci\u00f3n de la Natividad presentada por los ni\u00f1os de la Fundaci\u00f3n MIR","author":"Heather Lincoln","date":"30 Dic, 2016","format":false,"excerpt":"Cada temporada navide\u00f1a talentosos ni\u00f1os de la Fundaci\u00f3n MIR preparan una hermosa interpretaci\u00f3n de la Historia de la Navidad la cual se realiza en Altos de Chav\u00f3n como parte de los eventos festivos de Casa de Campo. Esa es una ocasi\u00f3n maravillosa que nos recuerda todo el verdadero significado de\u2026","rel":"","context":"En \u00abAltos de Chavon @es\u00bb","block_context":{"text":"Altos de Chavon @es","link":"https:\/\/casadecampoliving.com\/category\/altos-de-chavon-es\/"},"img":{"alt_text":"Fundaci\u00f3n MIR Nativity Skit","src":"https:\/\/i0.wp.com\/casadecampoliving.com\/wp-content\/uploads\/2022\/10\/DSC_0571-4.jpg?fit=1000%2C667&ssl=1&resize=350%2C200","width":350,"height":200,"srcset":"https:\/\/i0.wp.com\/casadecampoliving.com\/wp-content\/uploads\/2022\/10\/DSC_0571-4.jpg?fit=1000%2C667&ssl=1&resize=350%2C200 1x, https:\/\/i0.wp.com\/casadecampoliving.com\/wp-content\/uploads\/2022\/10\/DSC_0571-4.jpg?fit=1000%2C667&ssl=1&resize=525%2C300 1.5x, https:\/\/i0.wp.com\/casadecampoliving.com\/wp-content\/uploads\/2022\/10\/DSC_0571-4.jpg?fit=1000%2C667&ssl=1&resize=700%2C400 2x"},"classes":[]},{"id":353060,"url":"https:\/\/casadecampoliving.com\/es\/la-magia-de-la-navidad-nacimiento-viviente-de-los-ninos-de-la-fundacion-mir-este-viernes\/","url_meta":{"origin":353649,"position":1},"title":"\u00a1La magia de la navidad! Nacimiento viviente de los ni\u00f1os de la Fundaci\u00f3n MIR este viernes","author":"Casa de Campo Living","date":"19 Dic, 2018","format":false,"excerpt":"El pr\u00f3ximo 21 de diciembre tendremos la oportunidad de presenciar la escena del nacimiento en vivo y el desempe\u00f1o talentoso de los ni\u00f1os de la Fundaci\u00f3n MIR. Todos est\u00e1n invitados a disfrutar de esta hermosa presentaci\u00f3n de la historia de la Navidad, animada con villancicos tradicionales. El espect\u00e1culo se llevar\u00e1\u2026","rel":"","context":"En \u00abAltos de Chavon @es\u00bb","block_context":{"text":"Altos de Chavon @es","link":"https:\/\/casadecampoliving.com\/category\/altos-de-chavon-es\/"},"img":{"alt_text":"","src":"https:\/\/i0.wp.com\/casadecampoliving.com\/wp-content\/uploads\/2018\/12\/DSC_3567.jpg?resize=350%2C200&ssl=1","width":350,"height":200,"srcset":"https:\/\/i0.wp.com\/casadecampoliving.com\/wp-content\/uploads\/2018\/12\/DSC_3567.jpg?resize=350%2C200&ssl=1 1x, https:\/\/i0.wp.com\/casadecampoliving.com\/wp-content\/uploads\/2018\/12\/DSC_3567.jpg?resize=525%2C300&ssl=1 1.5x, https:\/\/i0.wp.com\/casadecampoliving.com\/wp-content\/uploads\/2018\/12\/DSC_3567.jpg?resize=700%2C400&ssl=1 2x"},"classes":[]},{"id":348747,"url":"https:\/\/casadecampoliving.com\/es\/fundacion-mir-nacimiento-del-nino-jesus\/","url_meta":{"origin":353649,"position":2},"title":"La Fundaci\u00f3n MIR presenta el nacimiento del ni\u00f1o Jes\u00fas","author":"Heather Lincoln","date":"7 Dic, 2015","format":false,"excerpt":"Le invitamos a que sea testigo junto a nosotros este 18 de diciembre de la obra sobre el nacimiento del ni\u00f1o Jes\u00fas interpretada por de los ni\u00f1os de la Fundaci\u00f3n MIR. Disfrazados\u00a0con coloridos y decorados trajes de pastores, \u00e1ngeles, sabios, y por supuesto, de Mar\u00eda y Jos\u00e9, los estudiantes interpretar\u00e1n\u2026","rel":"","context":"En \u00abAltos de Chavon @es\u00bb","block_context":{"text":"Altos de Chavon @es","link":"https:\/\/casadecampoliving.com\/category\/altos-de-chavon-es\/"},"img":{"alt_text":"Fundaci\u00f3n MIR Live Nativity Performance","src":"https:\/\/i0.wp.com\/casadecampoliving.com\/wp-content\/uploads\/2022\/10\/Fundacion_MIR_play2-e1449263650497-1.jpg?fit=650%2C433&ssl=1&resize=350%2C200","width":350,"height":200,"srcset":"https:\/\/i0.wp.com\/casadecampoliving.com\/wp-content\/uploads\/2022\/10\/Fundacion_MIR_play2-e1449263650497-1.jpg?fit=650%2C433&ssl=1&resize=350%2C200 1x, https:\/\/i0.wp.com\/casadecampoliving.com\/wp-content\/uploads\/2022\/10\/Fundacion_MIR_play2-e1449263650497-1.jpg?fit=650%2C433&ssl=1&resize=525%2C300 1.5x"},"classes":[]},{"id":353633,"url":"https:\/\/casadecampoliving.com\/es\/ven-a-celebrar-el-nacimiento-de-jesus-con-los-alumnos-de-la-fundacion-mir-en-la-plaza-chavon\/","url_meta":{"origin":353649,"position":3},"title":"Ven a celebrar el nacimiento de Jes\u00fas con los alumnos de la Fundaci\u00f3n MIR en la Plaza Chav\u00f3n","author":"Casa de Campo Living","date":"12 Dic, 2019","format":false,"excerpt":"El 20 de diciembre veremos el bel\u00e9n en vivo y la actuaci\u00f3n talentosa de los ni\u00f1os de la Fundaci\u00f3n MIR. Todos est\u00e1n invitados a disfrutar de esta hermosa presentaci\u00f3n de la historia tradicional de Navidad, animada con villancicos tradicionales. El espect\u00e1culo se llevar\u00e1 a cabo en la Plaza principal de\u2026","rel":"","context":"En \u00abAltos de Chavon @es\u00bb","block_context":{"text":"Altos de Chavon @es","link":"https:\/\/casadecampoliving.com\/category\/altos-de-chavon-es\/"},"img":{"alt_text":"","src":"https:\/\/i0.wp.com\/casadecampoliving.com\/wp-content\/uploads\/2022\/10\/DSC_0518-1.jpg?fit=1000%2C667&ssl=1&resize=350%2C200","width":350,"height":200,"srcset":"https:\/\/i0.wp.com\/casadecampoliving.com\/wp-content\/uploads\/2022\/10\/DSC_0518-1.jpg?fit=1000%2C667&ssl=1&resize=350%2C200 1x, https:\/\/i0.wp.com\/casadecampoliving.com\/wp-content\/uploads\/2022\/10\/DSC_0518-1.jpg?fit=1000%2C667&ssl=1&resize=525%2C300 1.5x, https:\/\/i0.wp.com\/casadecampoliving.com\/wp-content\/uploads\/2022\/10\/DSC_0518-1.jpg?fit=1000%2C667&ssl=1&resize=700%2C400 2x"},"classes":[]},{"id":524685,"url":"https:\/\/casadecampoliving.com\/es\/presentacion-en-vivo-del-nacimiento-por-la-fundacion-mir-diciembre-2\/","url_meta":{"origin":353649,"position":4},"title":"Presentaci\u00f3n en vivo del nacimiento por la Fundaci\u00f3n MIR &#8211; 2 de diciembre","author":"Casa de Campo Living","date":"23 Nov, 2023","format":false,"excerpt":"El 2 de diciembre marca el gran inicio de la temporada festiva en la comunidad de Casa de Campo, donde la tradici\u00f3n y la celebraci\u00f3n convergen en un espect\u00e1culo magn\u00edfico. La Ceremonia de Encendido de Luces de Navidad inicia este periodo de alegr\u00eda, acompa\u00f1ada por una cautivadora representaci\u00f3n en vivo\u2026","rel":"","context":"En \u00abAltos de Chav\u00f3n\u00bb","block_context":{"text":"Altos de Chav\u00f3n","link":"https:\/\/casadecampoliving.com\/es\/category\/altos-de-chavon-6\/"},"img":{"alt_text":"","src":"https:\/\/i0.wp.com\/casadecampoliving.com\/wp-content\/uploads\/2022\/12\/MIR-Live-Nativity-202210.png?fit=1200%2C800&ssl=1&resize=350%2C200","width":350,"height":200,"srcset":"https:\/\/i0.wp.com\/casadecampoliving.com\/wp-content\/uploads\/2022\/12\/MIR-Live-Nativity-202210.png?fit=1200%2C800&ssl=1&resize=350%2C200 1x, https:\/\/i0.wp.com\/casadecampoliving.com\/wp-content\/uploads\/2022\/12\/MIR-Live-Nativity-202210.png?fit=1200%2C800&ssl=1&resize=525%2C300 1.5x, https:\/\/i0.wp.com\/casadecampoliving.com\/wp-content\/uploads\/2022\/12\/MIR-Live-Nativity-202210.png?fit=1200%2C800&ssl=1&resize=700%2C400 2x, https:\/\/i0.wp.com\/casadecampoliving.com\/wp-content\/uploads\/2022\/12\/MIR-Live-Nativity-202210.png?fit=1200%2C800&ssl=1&resize=1050%2C600 3x"},"classes":[]},{"id":353082,"url":"https:\/\/casadecampoliving.com\/es\/una-bella-y-encantadora-historia-de-la-natividad-por-parte-de-los-estudiantes-de-la-fundacion-mir\/","url_meta":{"origin":353649,"position":5},"title":"Una bella y encantadora historia de la natividad por parte de los estudiantes de la Fundaci\u00f3n MIR.","author":"Casa de Campo Living","date":"27 Dic, 2018","format":false,"excerpt":"El jueves 20 de diciembre, los talentosos ni\u00f1os de la Fundaci\u00f3n MIR se presentaron en Altos de Chav\u00f3n como parte de los eventos festivos de Casa de Campo. Durante muchas semanas prepararon la hermosa interpretaci\u00f3n de la historia de la natividad que nos record\u00f3 a todos el verdadero significado de\u2026","rel":"","context":"En \u00abAltos de Chavon @es\u00bb","block_context":{"text":"Altos de Chavon @es","link":"https:\/\/casadecampoliving.com\/category\/altos-de-chavon-es\/"},"img":{"alt_text":"IMG_5814","src":"https:\/\/i0.wp.com\/casadecampoliving.com\/wp-content\/uploads\/2022\/10\/IMG_5814.jpg?resize=350%2C200","width":350,"height":200,"srcset":"https:\/\/i0.wp.com\/casadecampoliving.com\/wp-content\/uploads\/2022\/10\/IMG_5814.jpg?resize=350%2C200 1x, https:\/\/i0.wp.com\/casadecampoliving.com\/wp-content\/uploads\/2022\/10\/IMG_5814.jpg?resize=525%2C300 1.5x, https:\/\/i0.wp.com\/casadecampoliving.com\/wp-content\/uploads\/2022\/10\/IMG_5814.jpg?resize=700%2C400 2x"},"classes":[]}],"jetpack_sharing_enabled":true,"_links":{"self":[{"href":"https:\/\/casadecampoliving.com\/es\/wp-json\/wp\/v2\/posts\/353649","targetHints":{"allow":["GET"]}}],"collection":[{"href":"https:\/\/casadecampoliving.com\/es\/wp-json\/wp\/v2\/posts"}],"about":[{"href":"https:\/\/casadecampoliving.com\/es\/wp-json\/wp\/v2\/types\/post"}],"author":[{"embeddable":true,"href":"https:\/\/casadecampoliving.com\/es\/wp-json\/wp\/v2\/users\/36791"}],"replies":[{"embeddable":true,"href":"https:\/\/casadecampoliving.com\/es\/wp-json\/wp\/v2\/comments?post=353649"}],"version-history":[{"count":1,"href":"https:\/\/casadecampoliving.com\/es\/wp-json\/wp\/v2\/posts\/353649\/revisions"}],"predecessor-version":[{"id":503995,"href":"https:\/\/casadecampoliving.com\/es\/wp-json\/wp\/v2\/posts\/353649\/revisions\/503995"}],"wp:featuredmedia":[{"embeddable":true,"href":"https:\/\/casadecampoliving.com\/es\/wp-json\/wp\/v2\/media\/310984"}],"wp:attachment":[{"href":"https:\/\/casadecampoliving.com\/es\/wp-json\/wp\/v2\/media?parent=353649"}],"wp:term":[{"taxonomy":"category","embeddable":true,"href":"https:\/\/casadecampoliving.com\/es\/wp-json\/wp\/v2\/categories?post=353649"},{"taxonomy":"post_tag","embeddable":true,"href":"https:\/\/casadecampoliving.com\/es\/wp-json\/wp\/v2\/tags?post=353649"},{"taxonomy":"newspack_spnsrs_tax","embeddable":true,"href":"https:\/\/casadecampoliving.com\/es\/wp-json\/wp\/v2\/newspack_spnsrs_tax?post=353649"}],"curies":[{"name":"wp","href":"https:\/\/api.w.org\/{rel}","templated":true}]}}