{"id":353638,"date":"2019-12-19T00:00:00","date_gmt":"2019-12-19T04:00:00","guid":{"rendered":"https:\/\/casadecampoliving.com\/casa-de-campo-culmina-sus-flavors-del-2019-con-un-tributo-a-la-mas-enigmatica-y-milagrosa-vertiente-de-la-gastronomia\/"},"modified":"2022-11-10T10:01:46","modified_gmt":"2022-11-10T14:01:46","slug":"casa-de-campo-culmina-sus-flavors-del-2019-con-un-tributo-a-la-mas-enigmatica-y-milagrosa-vertiente-de-la-gastronomia","status":"publish","type":"post","link":"https:\/\/casadecampoliving.com\/es\/casa-de-campo-culmina-sus-flavors-del-2019-con-un-tributo-a-la-mas-enigmatica-y-milagrosa-vertiente-de-la-gastronomia\/","title":{"rendered":"Casa de Campo culmina sus Flavors del 2019 con un tributo a la m\u00e1s enigm\u00e1tica y milagrosa vertiente de la gastronom\u00eda"},"content":{"rendered":"<p>El pasado 6 y 7 de diciembre terminaron las citas Flavors del 2019 por todo lo grande. En el incomparable marco de La Piazzetta se realizaron dos fant\u00e1sticas cenas donde legendarios fermentos se convirtieron en protagonistas de un men\u00fa de aut\u00e9ntica Alta Cocina.<\/p>\n<p>En esta ocasi\u00f3n fue el apasionante mundo de los fermentados, esa cocina fr\u00eda capaz de transformar la estructura, el sabor o la textura de un alimento, el epicentro de la labor creativa de todo el equipo Flavors. Este tipo de preparados, presentes en todas las culturas del gastron\u00f3micas del planeta, tienen una importancia tan capital que colocan la historia de la fermentaci\u00f3n en un plano coet\u00e1neo al de la humanidad. De hecho, teor\u00edas antropol\u00f3gicas afirman que el hombre primitivo aprendi\u00f3 a canalizar las energ\u00edas de las bacterias, levaduras, metazoos o protistas sin tan siquiera imaginar que exist\u00edan.<\/p>\n<p><img data-recalc-dims=\"1\" loading=\"lazy\" decoding=\"async\" data-attachment-id=\"203517\" data-permalink=\"https:\/\/casadecampoliving.com\/es\/dominique-donzier-don%cc%83a-ana\/\" data-orig-file=\"https:\/\/i0.wp.com\/casadecampoliving.com\/wp-content\/uploads\/2019\/12\/Dominique-Donzier-Don%CC%83a-Ana.jpg?fit=1000%2C667&amp;ssl=1\" data-orig-size=\"1000,667\" data-comments-opened=\"0\" data-image-meta=\"{&quot;aperture&quot;:&quot;2.8&quot;,&quot;credit&quot;:&quot;Mairobi Herrera\\nCristian Pittaro&quot;,&quot;camera&quot;:&quot;Canon EOS 5D Mark III&quot;,&quot;caption&quot;:&quot;&quot;,&quot;created_timestamp&quot;:&quot;1575661702&quot;,&quot;copyright&quot;:&quot;Can&#039;t use or distribuit without express autorization from owner&quot;,&quot;focal_length&quot;:&quot;58&quot;,&quot;iso&quot;:&quot;1000&quot;,&quot;shutter_speed&quot;:&quot;0.005&quot;,&quot;title&quot;:&quot;&quot;,&quot;orientation&quot;:&quot;1&quot;}\" data-image-title=\"Dominique Donzier, Don\u0303a Ana\" data-image-description=\"\" data-image-caption=\"\" data-large-file=\"https:\/\/i0.wp.com\/casadecampoliving.com\/wp-content\/uploads\/2019\/12\/Dominique-Donzier-Don%CC%83a-Ana.jpg?fit=1000%2C667&amp;ssl=1\" class=\"aligncenter wp-image-203517 size-post-thumbnail\" src=\"https:\/\/i0.wp.com\/casadecampoliving.com\/wp-content\/uploads\/2022\/10\/Dominique-Donzier-Don%CC%83a-Ana-1000x600-2.jpg?resize=1000%2C600&#038;ssl=1\" alt=\"\" width=\"1000\" height=\"600\"><\/p>\n<p>Bajo este marco Anthony Masas, el Director Culinario de Casa de Campo, prepar\u00f3 un excepcional men\u00fa de trece tiempos donde fermentados con tanta tradici\u00f3n como el miso, la kombucha, el choucroute o el smen tomaron forma de extraordinarios platos.<\/p>\n<p>As\u00ed el tepache, la bebida prehisp\u00e1nica originaria de M\u00e9xico, se transform\u00f3 en una refrescante Pi\u00f1a Osmotizada; el garum, un aderezo de origen mesopot\u00e1mico de gran prestigio durante el Imperio Romano, sirvi\u00f3 para condimentar una Esqueixada de Langostinos con Hortalizas Asadas y Semillas de Auyama; el amaz\u00f3nico masato de yuca hizo de contrapunto a un Ceviche de Carite a base de Leche de Tigre de Lim\u00f3n Persa, Pur\u00e9 de Guineo y Chips de Pl\u00e1tano o el dominicano mab\u00ed adquiri\u00f3 otra dimensi\u00f3n en un espectacular Yun Yun Nitro con Jarabe de Chinola elaborado por el propio Anthony Masas ante los clientes.<\/p>\n<p><img data-recalc-dims=\"1\" loading=\"lazy\" decoding=\"async\" data-attachment-id=\"203521\" data-permalink=\"https:\/\/casadecampoliving.com\/es\/copia-de-sny00109-2\/\" data-orig-file=\"https:\/\/i0.wp.com\/casadecampoliving.com\/wp-content\/uploads\/2019\/12\/Copia-de-SNY00109-2.jpg?fit=1000%2C780&amp;ssl=1\" data-orig-size=\"1000,780\" data-comments-opened=\"0\" data-image-meta=\"{&quot;aperture&quot;:&quot;11&quot;,&quot;credit&quot;:&quot;&quot;,&quot;camera&quot;:&quot;ILCE-7M3&quot;,&quot;caption&quot;:&quot;&quot;,&quot;created_timestamp&quot;:&quot;1575591434&quot;,&quot;copyright&quot;:&quot;&quot;,&quot;focal_length&quot;:&quot;33&quot;,&quot;iso&quot;:&quot;1000&quot;,&quot;shutter_speed&quot;:&quot;0.0166666666667&quot;,&quot;title&quot;:&quot;&quot;,&quot;orientation&quot;:&quot;1&quot;}\" data-image-title=\"Copia de SNY00109-2\" data-image-description=\"\" data-image-caption=\"\" data-large-file=\"https:\/\/i0.wp.com\/casadecampoliving.com\/wp-content\/uploads\/2019\/12\/Copia-de-SNY00109-2.jpg?fit=1000%2C780&amp;ssl=1\" class=\"aligncenter wp-image-203521 size-post-thumbnail\" src=\"https:\/\/i0.wp.com\/casadecampoliving.com\/wp-content\/uploads\/2022\/10\/Copia-de-SNY00109-2-1000x600-2.jpg?resize=1000%2C600&#038;ssl=1\" alt=\"\" width=\"1000\" height=\"600\"><\/p>\n<p>Para redondear la experiencia, un laboratorio montado ex profeso en la entrada del restaurante daba la bienvenida a los comensales, para introducirlos ludicamente a los diferentes fermentos que se degustar\u00edan en la velada. En definitiva, una cena que conjug\u00f3 la tradici\u00f3n de preparados m\u00edticos con la m\u00e1s rabiosa actualidad. Una propuesta local con miras hacia el mundo. Una forma de cocinar culta y extremadamente imaginativa.<\/p>\n<p>Micro fue posible gracias a Mastercard y al fant\u00e1stico maridaje propuesto por Casa Brugal.<\/p>\n<blockquote><p><strong>Sobre los Flavors by Casa de Campo<\/strong><\/p>\n<p>De una manera absolutamente creativa y novedosa, durante este 2019 los Flavors by Casa de Campo han superado el reto de crear las experiencias gastron\u00f3micas m\u00e1s sorprendentes y \u00fanicas. A trav\u00e9s de seis entregas y bajo un prisma hist\u00f3rico, social, antropol\u00f3gico, medioambiental, emocional o biol\u00f3gico se plantearon una serie de cuestiones a las que se dio respuesta en cada cena, en formato de fine dining.<\/p>\n<p>Una cocina ilustrada, del m\u00e1s alto nivel, perfectos maridajes o el servicio impecable han sido el marco adecuado para abordar la complejidad del acto gastron\u00f3mico en toda su amplitud. Una culturizaci\u00f3n de la alimentaci\u00f3n vivida de forma presencial a base de propuestas in\u00e9ditas, realmente \u201cout of the box\u201d.<\/p>\n<p>Adem\u00e1s, las diferentes locaciones, los espacios customizados, la colaboraci\u00f3n de diferentes artistas pl\u00e1sticos o el utillaje, menaje y attrezzo creado especialmente para cada ocasi\u00f3n han dado a los Flavors by Casa de Campo un sello propio, una identidad \u00fanica. Semejante \u00e9xito ha sido posible gracias a la investigaci\u00f3n, la sorprendente creatividad, el duro trabajo, el esfuerzo, rigor y sobre todo el talento de un gran equipo dispuesto a dejarse la piel en cada evento.<\/p>\n<p>Tras el abrumador triunfo del 2019, ya est\u00e1n las miras puestas en el 2020 donde nuevos conceptos, formulaciones y puestas en escena pretenden alcanzar un nivel todav\u00eda m\u00e1s impresionante. As\u00ed son los Flavors by Casa de Campo, gastronom\u00eda en may\u00fasculas para clientes que disfrutan de comer y pensar.<\/p><\/blockquote>\n<p>Ver debajo fotos m\u00e1s fotos tomadas durante el Flavors by Casa de Campo Micro:<\/p>\n<p>[nggallery id=3300]<\/p>\n","protected":false},"excerpt":{"rendered":"<p>El pasado 6 y 7 de diciembre terminaron las citas Flavors del 2019 por todo lo grande. En el incomparable marco de La Piazzetta se realizaron dos fant\u00e1sticas cenas donde legendarios fermentos se convirtieron en protagonistas de un men\u00fa de aut\u00e9ntica Alta Cocina. En esta ocasi\u00f3n fue el apasionante mundo de los fermentados, esa cocina [&hellip;]<\/p>\n","protected":false},"author":36675,"featured_media":310812,"comment_status":"closed","ping_status":"closed","sticky":false,"template":"","format":"standard","meta":{"newspack_ads_suppress_ads":false,"newspack_popups_has_disabled_popups":false,"newspack_sponsor_sponsorship_scope":"","newspack_sponsor_native_byline_display":"inherit","newspack_sponsor_native_category_display":"inherit","newspack_sponsor_underwriter_style":"inherit","newspack_sponsor_underwriter_placement":"inherit","_newspack_byline_active":false,"_newspack_byline":"","newspack_hide_updated_date":false,"newspack_show_updated_date":false,"newspack_content_restriction_is_exempt":false,"newspack_featured_image_position":"","newspack_post_subtitle":"","newspack_article_summary_title":"Overview:","newspack_article_summary":"","_jetpack_memberships_contains_paid_content":false,"footnotes":"","jetpack_publicize_message":"","jetpack_publicize_feature_enabled":true,"jetpack_social_post_already_shared":false,"jetpack_social_options":{"image_generator_settings":{"template":"highway","default_image_id":0,"font":"","enabled":false},"version":2},"_wpas_customize_per_network":false},"categories":[14629,14631,2522,14625,2521,26822],"tags":[12718,3512,24455,14736,23931,24456],"newspack_spnsrs_tax":[],"class_list":["post-353638","post","type-post","status-publish","format-standard","has-post-thumbnail","hentry","category-comidas-bebidas","category-estilo-de-vida","category-eventos-es","category-noticias-locales","category-republica-dominicana-2","category-resort-casa-de-campo","tag-anthony-masas","tag-chef","tag-communion","tag-featured-topview-es","tag-flavors-by-casa-de-campo","tag-microfood","entry"],"yoast_head":"<!-- This site is optimized with the Yoast SEO plugin v27.5 - https:\/\/yoast.com\/product\/yoast-seo-wordpress\/ -->\n<title>Casa de Campo culmina sus Flavors del 2019 con un tributo a la m\u00e1s enigm\u00e1tica y milagrosa vertiente de la gastronom\u00eda | Casa de Campo Living<\/title>\n<meta name=\"description\" content=\"El pasado 6 y 7 de diciembre terminaron las citas Flavors del 2019 por todo lo grande. En el incomparable marco de La Piazzetta se realizaron dos\" \/>\n<meta name=\"robots\" content=\"index, follow, max-snippet:-1, max-image-preview:large, max-video-preview:-1\" \/>\n<link rel=\"canonical\" href=\"https:\/\/casadecampoliving.com\/es\/casa-de-campo-culmina-sus-flavors-del-2019-con-un-tributo-a-la-mas-enigmatica-y-milagrosa-vertiente-de-la-gastronomia\/\" \/>\n<meta property=\"og:locale\" content=\"es_ES\" \/>\n<meta property=\"og:type\" content=\"article\" \/>\n<meta property=\"og:title\" content=\"Casa de Campo culmina sus Flavors del 2019 con un tributo a la m\u00e1s enigm\u00e1tica y milagrosa vertiente de la gastronom\u00eda | Casa de Campo Living\" \/>\n<meta property=\"og:description\" content=\"El pasado 6 y 7 de diciembre terminaron las citas Flavors del 2019 por todo lo grande. En el incomparable marco de La Piazzetta se realizaron dos\" \/>\n<meta property=\"og:url\" content=\"https:\/\/casadecampoliving.com\/es\/casa-de-campo-culmina-sus-flavors-del-2019-con-un-tributo-a-la-mas-enigmatica-y-milagrosa-vertiente-de-la-gastronomia\/\" \/>\n<meta property=\"og:site_name\" content=\"Casa de Campo Living\" \/>\n<meta property=\"article:publisher\" content=\"https:\/\/www.facebook.com\/casadecampoliving\" \/>\n<meta property=\"article:published_time\" content=\"2019-12-19T04:00:00+00:00\" \/>\n<meta property=\"article:modified_time\" content=\"2022-11-10T14:01:46+00:00\" \/>\n<meta property=\"og:image\" content=\"https:\/\/i0.wp.com\/casadecampoliving.com\/wp-content\/uploads\/2022\/10\/Copia-de-SNY00011-2.jpg?fit=1000%2C874&ssl=1\" \/>\n\t<meta property=\"og:image:width\" content=\"1000\" \/>\n\t<meta property=\"og:image:height\" content=\"874\" \/>\n\t<meta property=\"og:image:type\" content=\"image\/jpeg\" \/>\n<meta name=\"author\" content=\"Casa de Campo Resort\" \/>\n<meta name=\"twitter:card\" content=\"summary_large_image\" \/>\n<meta name=\"twitter:creator\" content=\"@cdcliving\" \/>\n<meta name=\"twitter:site\" content=\"@cdcliving\" \/>\n<meta name=\"twitter:label1\" content=\"Escrito por\" \/>\n\t<meta name=\"twitter:data1\" content=\"Casa de Campo Resort\" \/>\n\t<meta name=\"twitter:label2\" content=\"Tiempo de lectura\" \/>\n\t<meta name=\"twitter:data2\" content=\"3 minutos\" \/>\n<script type=\"application\/ld+json\" class=\"yoast-schema-graph\">{\"@context\":\"https:\\\/\\\/schema.org\",\"@graph\":[{\"@type\":\"Article\",\"@id\":\"https:\\\/\\\/casadecampoliving.com\\\/es\\\/casa-de-campo-culmina-sus-flavors-del-2019-con-un-tributo-a-la-mas-enigmatica-y-milagrosa-vertiente-de-la-gastronomia\\\/#article\",\"isPartOf\":{\"@id\":\"https:\\\/\\\/casadecampoliving.com\\\/es\\\/casa-de-campo-culmina-sus-flavors-del-2019-con-un-tributo-a-la-mas-enigmatica-y-milagrosa-vertiente-de-la-gastronomia\\\/\"},\"author\":{\"name\":\"Casa de Campo Resort\",\"@id\":\"https:\\\/\\\/casadecampoliving.com\\\/es\\\/#\\\/schema\\\/person\\\/52642ac476979f209529cc58bb6c9787\"},\"headline\":\"Casa de Campo culmina sus Flavors del 2019 con un tributo a la m\u00e1s enigm\u00e1tica y milagrosa vertiente de la gastronom\u00eda\",\"datePublished\":\"2019-12-19T04:00:00+00:00\",\"dateModified\":\"2022-11-10T14:01:46+00:00\",\"mainEntityOfPage\":{\"@id\":\"https:\\\/\\\/casadecampoliving.com\\\/es\\\/casa-de-campo-culmina-sus-flavors-del-2019-con-un-tributo-a-la-mas-enigmatica-y-milagrosa-vertiente-de-la-gastronomia\\\/\"},\"wordCount\":679,\"publisher\":{\"@id\":\"https:\\\/\\\/casadecampoliving.com\\\/es\\\/#organization\"},\"image\":{\"@id\":\"https:\\\/\\\/casadecampoliving.com\\\/es\\\/casa-de-campo-culmina-sus-flavors-del-2019-con-un-tributo-a-la-mas-enigmatica-y-milagrosa-vertiente-de-la-gastronomia\\\/#primaryimage\"},\"thumbnailUrl\":\"https:\\\/\\\/i0.wp.com\\\/casadecampoliving.com\\\/wp-content\\\/uploads\\\/2022\\\/10\\\/Copia-de-SNY00011-2.jpg?fit=1000%2C874&ssl=1\",\"keywords\":[\"Anthony Masas\",\"chef\",\"Communion\",\"Featured-TopView @es\",\"Flavors by Casa de Campo\",\"Microfood\"],\"articleSection\":[\"Comidas &amp; Bebidas\",\"Estilo de Vida\",\"Eventos\",\"Noticias Locales\",\"Rep\u00fablica Dominicana @es\",\"Resort Casa de Campo\"],\"inLanguage\":\"es\"},{\"@type\":\"WebPage\",\"@id\":\"https:\\\/\\\/casadecampoliving.com\\\/es\\\/casa-de-campo-culmina-sus-flavors-del-2019-con-un-tributo-a-la-mas-enigmatica-y-milagrosa-vertiente-de-la-gastronomia\\\/\",\"url\":\"https:\\\/\\\/casadecampoliving.com\\\/es\\\/casa-de-campo-culmina-sus-flavors-del-2019-con-un-tributo-a-la-mas-enigmatica-y-milagrosa-vertiente-de-la-gastronomia\\\/\",\"name\":\"Casa de Campo culmina sus Flavors del 2019 con un tributo a la m\u00e1s enigm\u00e1tica y milagrosa vertiente de la gastronom\u00eda | Casa de Campo Living\",\"isPartOf\":{\"@id\":\"https:\\\/\\\/casadecampoliving.com\\\/es\\\/#website\"},\"primaryImageOfPage\":{\"@id\":\"https:\\\/\\\/casadecampoliving.com\\\/es\\\/casa-de-campo-culmina-sus-flavors-del-2019-con-un-tributo-a-la-mas-enigmatica-y-milagrosa-vertiente-de-la-gastronomia\\\/#primaryimage\"},\"image\":{\"@id\":\"https:\\\/\\\/casadecampoliving.com\\\/es\\\/casa-de-campo-culmina-sus-flavors-del-2019-con-un-tributo-a-la-mas-enigmatica-y-milagrosa-vertiente-de-la-gastronomia\\\/#primaryimage\"},\"thumbnailUrl\":\"https:\\\/\\\/i0.wp.com\\\/casadecampoliving.com\\\/wp-content\\\/uploads\\\/2022\\\/10\\\/Copia-de-SNY00011-2.jpg?fit=1000%2C874&ssl=1\",\"datePublished\":\"2019-12-19T04:00:00+00:00\",\"dateModified\":\"2022-11-10T14:01:46+00:00\",\"description\":\"El pasado 6 y 7 de diciembre terminaron las citas Flavors del 2019 por todo lo grande. En el incomparable marco de La Piazzetta se realizaron dos\",\"breadcrumb\":{\"@id\":\"https:\\\/\\\/casadecampoliving.com\\\/es\\\/casa-de-campo-culmina-sus-flavors-del-2019-con-un-tributo-a-la-mas-enigmatica-y-milagrosa-vertiente-de-la-gastronomia\\\/#breadcrumb\"},\"inLanguage\":\"es\",\"potentialAction\":[{\"@type\":\"ReadAction\",\"target\":[\"https:\\\/\\\/casadecampoliving.com\\\/es\\\/casa-de-campo-culmina-sus-flavors-del-2019-con-un-tributo-a-la-mas-enigmatica-y-milagrosa-vertiente-de-la-gastronomia\\\/\"]}]},{\"@type\":\"ImageObject\",\"inLanguage\":\"es\",\"@id\":\"https:\\\/\\\/casadecampoliving.com\\\/es\\\/casa-de-campo-culmina-sus-flavors-del-2019-con-un-tributo-a-la-mas-enigmatica-y-milagrosa-vertiente-de-la-gastronomia\\\/#primaryimage\",\"url\":\"https:\\\/\\\/i0.wp.com\\\/casadecampoliving.com\\\/wp-content\\\/uploads\\\/2022\\\/10\\\/Copia-de-SNY00011-2.jpg?fit=1000%2C874&ssl=1\",\"contentUrl\":\"https:\\\/\\\/i0.wp.com\\\/casadecampoliving.com\\\/wp-content\\\/uploads\\\/2022\\\/10\\\/Copia-de-SNY00011-2.jpg?fit=1000%2C874&ssl=1\",\"width\":1000,\"height\":874},{\"@type\":\"BreadcrumbList\",\"@id\":\"https:\\\/\\\/casadecampoliving.com\\\/es\\\/casa-de-campo-culmina-sus-flavors-del-2019-con-un-tributo-a-la-mas-enigmatica-y-milagrosa-vertiente-de-la-gastronomia\\\/#breadcrumb\",\"itemListElement\":[{\"@type\":\"ListItem\",\"position\":1,\"name\":\"Home\",\"item\":\"https:\\\/\\\/casadecampoliving.com\\\/es\\\/\"},{\"@type\":\"ListItem\",\"position\":2,\"name\":\"Casa de Campo culmina sus Flavors del 2019 con un tributo a la m\u00e1s enigm\u00e1tica y milagrosa vertiente de la gastronom\u00eda\"}]},{\"@type\":\"WebSite\",\"@id\":\"https:\\\/\\\/casadecampoliving.com\\\/es\\\/#website\",\"url\":\"https:\\\/\\\/casadecampoliving.com\\\/es\\\/\",\"name\":\"Casa de Campo Living\",\"description\":\"Resort community news and resources.\",\"publisher\":{\"@id\":\"https:\\\/\\\/casadecampoliving.com\\\/es\\\/#organization\"},\"potentialAction\":[{\"@type\":\"SearchAction\",\"target\":{\"@type\":\"EntryPoint\",\"urlTemplate\":\"https:\\\/\\\/casadecampoliving.com\\\/es\\\/?s={search_term_string}\"},\"query-input\":{\"@type\":\"PropertyValueSpecification\",\"valueRequired\":true,\"valueName\":\"search_term_string\"}}],\"inLanguage\":\"es\"},{\"@type\":\"Organization\",\"@id\":\"https:\\\/\\\/casadecampoliving.com\\\/es\\\/#organization\",\"name\":\"Casa de Campo Living\",\"url\":\"https:\\\/\\\/casadecampoliving.com\\\/es\\\/\",\"logo\":{\"@type\":\"ImageObject\",\"inLanguage\":\"es\",\"@id\":\"https:\\\/\\\/casadecampoliving.com\\\/es\\\/#\\\/schema\\\/logo\\\/image\\\/\",\"url\":\"https:\\\/\\\/i0.wp.com\\\/casadecampoliving.com\\\/wp-content\\\/uploads\\\/2022\\\/07\\\/CDCLivingLogo_V1-white-sized.png?fit=800%2C214&ssl=1\",\"contentUrl\":\"https:\\\/\\\/i0.wp.com\\\/casadecampoliving.com\\\/wp-content\\\/uploads\\\/2022\\\/07\\\/CDCLivingLogo_V1-white-sized.png?fit=800%2C214&ssl=1\",\"width\":800,\"height\":214,\"caption\":\"Casa de Campo Living\"},\"image\":{\"@id\":\"https:\\\/\\\/casadecampoliving.com\\\/es\\\/#\\\/schema\\\/logo\\\/image\\\/\"},\"sameAs\":[\"https:\\\/\\\/www.facebook.com\\\/casadecampoliving\",\"https:\\\/\\\/x.com\\\/cdcliving\"]},{\"@type\":\"Person\",\"@id\":\"https:\\\/\\\/casadecampoliving.com\\\/es\\\/#\\\/schema\\\/person\\\/52642ac476979f209529cc58bb6c9787\",\"name\":\"Casa de Campo Resort\",\"image\":{\"@type\":\"ImageObject\",\"inLanguage\":\"es\",\"@id\":\"https:\\\/\\\/secure.gravatar.com\\\/avatar\\\/630e193f5d6de4142cc28292ac77a3b7ec1b8b66d948ac83f36a80720ef224d5?s=96&d=mm&r=g\",\"url\":\"https:\\\/\\\/secure.gravatar.com\\\/avatar\\\/630e193f5d6de4142cc28292ac77a3b7ec1b8b66d948ac83f36a80720ef224d5?s=96&d=mm&r=g\",\"contentUrl\":\"https:\\\/\\\/secure.gravatar.com\\\/avatar\\\/630e193f5d6de4142cc28292ac77a3b7ec1b8b66d948ac83f36a80720ef224d5?s=96&d=mm&r=g\",\"caption\":\"Casa de Campo Resort\"},\"url\":\"https:\\\/\\\/casadecampoliving.com\\\/es\\\/author\\\/cdc\\\/\"}]}<\/script>\n<!-- \/ Yoast SEO plugin. -->","yoast_head_json":{"title":"Casa de Campo culmina sus Flavors del 2019 con un tributo a la m\u00e1s enigm\u00e1tica y milagrosa vertiente de la gastronom\u00eda | Casa de Campo Living","description":"El pasado 6 y 7 de diciembre terminaron las citas Flavors del 2019 por todo lo grande. En el incomparable marco de La Piazzetta se realizaron dos","robots":{"index":"index","follow":"follow","max-snippet":"max-snippet:-1","max-image-preview":"max-image-preview:large","max-video-preview":"max-video-preview:-1"},"canonical":"https:\/\/casadecampoliving.com\/es\/casa-de-campo-culmina-sus-flavors-del-2019-con-un-tributo-a-la-mas-enigmatica-y-milagrosa-vertiente-de-la-gastronomia\/","og_locale":"es_ES","og_type":"article","og_title":"Casa de Campo culmina sus Flavors del 2019 con un tributo a la m\u00e1s enigm\u00e1tica y milagrosa vertiente de la gastronom\u00eda | Casa de Campo Living","og_description":"El pasado 6 y 7 de diciembre terminaron las citas Flavors del 2019 por todo lo grande. En el incomparable marco de La Piazzetta se realizaron dos","og_url":"https:\/\/casadecampoliving.com\/es\/casa-de-campo-culmina-sus-flavors-del-2019-con-un-tributo-a-la-mas-enigmatica-y-milagrosa-vertiente-de-la-gastronomia\/","og_site_name":"Casa de Campo Living","article_publisher":"https:\/\/www.facebook.com\/casadecampoliving","article_published_time":"2019-12-19T04:00:00+00:00","article_modified_time":"2022-11-10T14:01:46+00:00","og_image":[{"width":1000,"height":874,"url":"https:\/\/i0.wp.com\/casadecampoliving.com\/wp-content\/uploads\/2022\/10\/Copia-de-SNY00011-2.jpg?fit=1000%2C874&ssl=1","type":"image\/jpeg"}],"author":"Casa de Campo Resort","twitter_card":"summary_large_image","twitter_creator":"@cdcliving","twitter_site":"@cdcliving","twitter_misc":{"Escrito por":"Casa de Campo Resort","Tiempo de lectura":"3 minutos"},"schema":{"@context":"https:\/\/schema.org","@graph":[{"@type":"Article","@id":"https:\/\/casadecampoliving.com\/es\/casa-de-campo-culmina-sus-flavors-del-2019-con-un-tributo-a-la-mas-enigmatica-y-milagrosa-vertiente-de-la-gastronomia\/#article","isPartOf":{"@id":"https:\/\/casadecampoliving.com\/es\/casa-de-campo-culmina-sus-flavors-del-2019-con-un-tributo-a-la-mas-enigmatica-y-milagrosa-vertiente-de-la-gastronomia\/"},"author":{"name":"Casa de Campo Resort","@id":"https:\/\/casadecampoliving.com\/es\/#\/schema\/person\/52642ac476979f209529cc58bb6c9787"},"headline":"Casa de Campo culmina sus Flavors del 2019 con un tributo a la m\u00e1s enigm\u00e1tica y milagrosa vertiente de la gastronom\u00eda","datePublished":"2019-12-19T04:00:00+00:00","dateModified":"2022-11-10T14:01:46+00:00","mainEntityOfPage":{"@id":"https:\/\/casadecampoliving.com\/es\/casa-de-campo-culmina-sus-flavors-del-2019-con-un-tributo-a-la-mas-enigmatica-y-milagrosa-vertiente-de-la-gastronomia\/"},"wordCount":679,"publisher":{"@id":"https:\/\/casadecampoliving.com\/es\/#organization"},"image":{"@id":"https:\/\/casadecampoliving.com\/es\/casa-de-campo-culmina-sus-flavors-del-2019-con-un-tributo-a-la-mas-enigmatica-y-milagrosa-vertiente-de-la-gastronomia\/#primaryimage"},"thumbnailUrl":"https:\/\/i0.wp.com\/casadecampoliving.com\/wp-content\/uploads\/2022\/10\/Copia-de-SNY00011-2.jpg?fit=1000%2C874&ssl=1","keywords":["Anthony Masas","chef","Communion","Featured-TopView @es","Flavors by Casa de Campo","Microfood"],"articleSection":["Comidas &amp; Bebidas","Estilo de Vida","Eventos","Noticias Locales","Rep\u00fablica Dominicana @es","Resort Casa de Campo"],"inLanguage":"es"},{"@type":"WebPage","@id":"https:\/\/casadecampoliving.com\/es\/casa-de-campo-culmina-sus-flavors-del-2019-con-un-tributo-a-la-mas-enigmatica-y-milagrosa-vertiente-de-la-gastronomia\/","url":"https:\/\/casadecampoliving.com\/es\/casa-de-campo-culmina-sus-flavors-del-2019-con-un-tributo-a-la-mas-enigmatica-y-milagrosa-vertiente-de-la-gastronomia\/","name":"Casa de Campo culmina sus Flavors del 2019 con un tributo a la m\u00e1s enigm\u00e1tica y milagrosa vertiente de la gastronom\u00eda | Casa de Campo Living","isPartOf":{"@id":"https:\/\/casadecampoliving.com\/es\/#website"},"primaryImageOfPage":{"@id":"https:\/\/casadecampoliving.com\/es\/casa-de-campo-culmina-sus-flavors-del-2019-con-un-tributo-a-la-mas-enigmatica-y-milagrosa-vertiente-de-la-gastronomia\/#primaryimage"},"image":{"@id":"https:\/\/casadecampoliving.com\/es\/casa-de-campo-culmina-sus-flavors-del-2019-con-un-tributo-a-la-mas-enigmatica-y-milagrosa-vertiente-de-la-gastronomia\/#primaryimage"},"thumbnailUrl":"https:\/\/i0.wp.com\/casadecampoliving.com\/wp-content\/uploads\/2022\/10\/Copia-de-SNY00011-2.jpg?fit=1000%2C874&ssl=1","datePublished":"2019-12-19T04:00:00+00:00","dateModified":"2022-11-10T14:01:46+00:00","description":"El pasado 6 y 7 de diciembre terminaron las citas Flavors del 2019 por todo lo grande. En el incomparable marco de La Piazzetta se realizaron dos","breadcrumb":{"@id":"https:\/\/casadecampoliving.com\/es\/casa-de-campo-culmina-sus-flavors-del-2019-con-un-tributo-a-la-mas-enigmatica-y-milagrosa-vertiente-de-la-gastronomia\/#breadcrumb"},"inLanguage":"es","potentialAction":[{"@type":"ReadAction","target":["https:\/\/casadecampoliving.com\/es\/casa-de-campo-culmina-sus-flavors-del-2019-con-un-tributo-a-la-mas-enigmatica-y-milagrosa-vertiente-de-la-gastronomia\/"]}]},{"@type":"ImageObject","inLanguage":"es","@id":"https:\/\/casadecampoliving.com\/es\/casa-de-campo-culmina-sus-flavors-del-2019-con-un-tributo-a-la-mas-enigmatica-y-milagrosa-vertiente-de-la-gastronomia\/#primaryimage","url":"https:\/\/i0.wp.com\/casadecampoliving.com\/wp-content\/uploads\/2022\/10\/Copia-de-SNY00011-2.jpg?fit=1000%2C874&ssl=1","contentUrl":"https:\/\/i0.wp.com\/casadecampoliving.com\/wp-content\/uploads\/2022\/10\/Copia-de-SNY00011-2.jpg?fit=1000%2C874&ssl=1","width":1000,"height":874},{"@type":"BreadcrumbList","@id":"https:\/\/casadecampoliving.com\/es\/casa-de-campo-culmina-sus-flavors-del-2019-con-un-tributo-a-la-mas-enigmatica-y-milagrosa-vertiente-de-la-gastronomia\/#breadcrumb","itemListElement":[{"@type":"ListItem","position":1,"name":"Home","item":"https:\/\/casadecampoliving.com\/es\/"},{"@type":"ListItem","position":2,"name":"Casa de Campo culmina sus Flavors del 2019 con un tributo a la m\u00e1s enigm\u00e1tica y milagrosa vertiente de la gastronom\u00eda"}]},{"@type":"WebSite","@id":"https:\/\/casadecampoliving.com\/es\/#website","url":"https:\/\/casadecampoliving.com\/es\/","name":"Casa de Campo Living","description":"Resort community news and resources.","publisher":{"@id":"https:\/\/casadecampoliving.com\/es\/#organization"},"potentialAction":[{"@type":"SearchAction","target":{"@type":"EntryPoint","urlTemplate":"https:\/\/casadecampoliving.com\/es\/?s={search_term_string}"},"query-input":{"@type":"PropertyValueSpecification","valueRequired":true,"valueName":"search_term_string"}}],"inLanguage":"es"},{"@type":"Organization","@id":"https:\/\/casadecampoliving.com\/es\/#organization","name":"Casa de Campo Living","url":"https:\/\/casadecampoliving.com\/es\/","logo":{"@type":"ImageObject","inLanguage":"es","@id":"https:\/\/casadecampoliving.com\/es\/#\/schema\/logo\/image\/","url":"https:\/\/i0.wp.com\/casadecampoliving.com\/wp-content\/uploads\/2022\/07\/CDCLivingLogo_V1-white-sized.png?fit=800%2C214&ssl=1","contentUrl":"https:\/\/i0.wp.com\/casadecampoliving.com\/wp-content\/uploads\/2022\/07\/CDCLivingLogo_V1-white-sized.png?fit=800%2C214&ssl=1","width":800,"height":214,"caption":"Casa de Campo Living"},"image":{"@id":"https:\/\/casadecampoliving.com\/es\/#\/schema\/logo\/image\/"},"sameAs":["https:\/\/www.facebook.com\/casadecampoliving","https:\/\/x.com\/cdcliving"]},{"@type":"Person","@id":"https:\/\/casadecampoliving.com\/es\/#\/schema\/person\/52642ac476979f209529cc58bb6c9787","name":"Casa de Campo Resort","image":{"@type":"ImageObject","inLanguage":"es","@id":"https:\/\/secure.gravatar.com\/avatar\/630e193f5d6de4142cc28292ac77a3b7ec1b8b66d948ac83f36a80720ef224d5?s=96&d=mm&r=g","url":"https:\/\/secure.gravatar.com\/avatar\/630e193f5d6de4142cc28292ac77a3b7ec1b8b66d948ac83f36a80720ef224d5?s=96&d=mm&r=g","contentUrl":"https:\/\/secure.gravatar.com\/avatar\/630e193f5d6de4142cc28292ac77a3b7ec1b8b66d948ac83f36a80720ef224d5?s=96&d=mm&r=g","caption":"Casa de Campo Resort"},"url":"https:\/\/casadecampoliving.com\/es\/author\/cdc\/"}]}},"parsely":{"version":"1.1.0","canonical_url":"https:\/\/casadecampoliving.com\/es\/casa-de-campo-culmina-sus-flavors-del-2019-con-un-tributo-a-la-mas-enigmatica-y-milagrosa-vertiente-de-la-gastronomia\/","smart_links":{"inbound":0,"outbound":0},"traffic_boost_suggestions_count":0,"meta":{"@context":"https:\/\/schema.org","@type":"NewsArticle","headline":"Casa de Campo culmina sus Flavors del 2019 con un tributo a la m\u00e1s enigm\u00e1tica y milagrosa vertiente de la gastronom\u00eda","url":"http:\/\/casadecampoliving.com\/es\/casa-de-campo-culmina-sus-flavors-del-2019-con-un-tributo-a-la-mas-enigmatica-y-milagrosa-vertiente-de-la-gastronomia\/","mainEntityOfPage":{"@type":"WebPage","@id":"http:\/\/casadecampoliving.com\/es\/casa-de-campo-culmina-sus-flavors-del-2019-con-un-tributo-a-la-mas-enigmatica-y-milagrosa-vertiente-de-la-gastronomia\/"},"thumbnailUrl":"https:\/\/i0.wp.com\/casadecampoliving.com\/wp-content\/uploads\/2022\/10\/Copia-de-SNY00011-2.jpg?resize=150%2C150&ssl=1","image":{"@type":"ImageObject","url":"https:\/\/i0.wp.com\/casadecampoliving.com\/wp-content\/uploads\/2022\/10\/Copia-de-SNY00011-2.jpg?fit=1000%2C874&ssl=1"},"articleSection":"Comidas &amp; Bebidas","author":[{"@type":"Person","name":"Casa de Campo Resort"}],"creator":["Casa de Campo Resort"],"publisher":{"@type":"Organization","name":"Casa de Campo Living","logo":"https:\/\/casadecampoliving.com\/wp-content\/uploads\/2022\/07\/CDCLivingLogo_V1-white-sized.png"},"keywords":["anthony masas","chef","communion","featured-topview @es","flavors by casa de campo","microfood"],"dateCreated":"2019-12-19T04:00:00Z","datePublished":"2019-12-19T04:00:00Z","dateModified":"2022-11-10T14:01:46Z"},"rendered":"<script type=\"application\/ld+json\" class=\"wp-parsely-metadata\">{\"@context\":\"https:\\\/\\\/schema.org\",\"@type\":\"NewsArticle\",\"headline\":\"Casa de Campo culmina sus Flavors del 2019 con un tributo a la m\\u00e1s enigm\\u00e1tica y milagrosa vertiente de la gastronom\\u00eda\",\"url\":\"http:\\\/\\\/casadecampoliving.com\\\/es\\\/casa-de-campo-culmina-sus-flavors-del-2019-con-un-tributo-a-la-mas-enigmatica-y-milagrosa-vertiente-de-la-gastronomia\\\/\",\"mainEntityOfPage\":{\"@type\":\"WebPage\",\"@id\":\"http:\\\/\\\/casadecampoliving.com\\\/es\\\/casa-de-campo-culmina-sus-flavors-del-2019-con-un-tributo-a-la-mas-enigmatica-y-milagrosa-vertiente-de-la-gastronomia\\\/\"},\"thumbnailUrl\":\"https:\\\/\\\/i0.wp.com\\\/casadecampoliving.com\\\/wp-content\\\/uploads\\\/2022\\\/10\\\/Copia-de-SNY00011-2.jpg?resize=150%2C150&ssl=1\",\"image\":{\"@type\":\"ImageObject\",\"url\":\"https:\\\/\\\/i0.wp.com\\\/casadecampoliving.com\\\/wp-content\\\/uploads\\\/2022\\\/10\\\/Copia-de-SNY00011-2.jpg?fit=1000%2C874&ssl=1\"},\"articleSection\":\"Comidas &amp; Bebidas\",\"author\":[{\"@type\":\"Person\",\"name\":\"Casa de Campo Resort\"}],\"creator\":[\"Casa de Campo Resort\"],\"publisher\":{\"@type\":\"Organization\",\"name\":\"Casa de Campo Living\",\"logo\":\"https:\\\/\\\/casadecampoliving.com\\\/wp-content\\\/uploads\\\/2022\\\/07\\\/CDCLivingLogo_V1-white-sized.png\"},\"keywords\":[\"anthony masas\",\"chef\",\"communion\",\"featured-topview @es\",\"flavors by casa de campo\",\"microfood\"],\"dateCreated\":\"2019-12-19T04:00:00Z\",\"datePublished\":\"2019-12-19T04:00:00Z\",\"dateModified\":\"2022-11-10T14:01:46Z\"}<\/script>","tracker_url":"https:\/\/cdn.parsely.com\/keys\/casadecampoliving.com\/p.js"},"jetpack_publicize_connections":[],"jetpack_featured_media_url":"https:\/\/i0.wp.com\/casadecampoliving.com\/wp-content\/uploads\/2022\/10\/Copia-de-SNY00011-2.jpg?fit=1000%2C874&ssl=1","jetpack-related-posts":[{"id":433460,"url":"https:\/\/casadecampoliving.com\/es\/no-se-pierdan-el-increible-tributo-a-frank-sinatra-para-celebrar-el-40-aniversario-del-anfiteatro-altos-de-chavon\/","url_meta":{"origin":353638,"position":0},"title":"No se pierdan el incre\u00edble tributo a Frank Sinatra para celebrar el 40 aniversario del\u00a0Anfiteatro Altos de Chav\u00f3n","author":"Casa de Campo Living","date":"20 Oct, 2022","format":false,"excerpt":"Siendo uno de los escenarios m\u00e1s emblem\u00e1ticos del pa\u00eds, Casa de Campo Resort\u00ae & Villas celebra las cuatro d\u00e9cadas de aniversario de Altos de Chav\u00f3n con un tributo al gran Frank Sinatra, protagonizado por artistas invitados y una big band tal cual la que acompa\u00f1\u00f3 al artista hace 40 a\u00f1os\u2026","rel":"","context":"En \u00abUncategorized @es\u00bb","block_context":{"text":"Uncategorized @es","link":"https:\/\/casadecampoliving.com\/es\/category\/uncategorized-es\/"},"img":{"alt_text":"","src":"https:\/\/i0.wp.com\/casadecampoliving.com\/wp-content\/uploads\/2022\/10\/Tributo-Frank-Sinatra-Foto-Principal-Amaury-Sanchez-Danilo-Ginebra-Andres-Pichardo-y-Jose-Gabriel-Perez-.jpg?fit=1200%2C873&ssl=1&resize=350%2C200","width":350,"height":200,"srcset":"https:\/\/i0.wp.com\/casadecampoliving.com\/wp-content\/uploads\/2022\/10\/Tributo-Frank-Sinatra-Foto-Principal-Amaury-Sanchez-Danilo-Ginebra-Andres-Pichardo-y-Jose-Gabriel-Perez-.jpg?fit=1200%2C873&ssl=1&resize=350%2C200 1x, https:\/\/i0.wp.com\/casadecampoliving.com\/wp-content\/uploads\/2022\/10\/Tributo-Frank-Sinatra-Foto-Principal-Amaury-Sanchez-Danilo-Ginebra-Andres-Pichardo-y-Jose-Gabriel-Perez-.jpg?fit=1200%2C873&ssl=1&resize=525%2C300 1.5x, https:\/\/i0.wp.com\/casadecampoliving.com\/wp-content\/uploads\/2022\/10\/Tributo-Frank-Sinatra-Foto-Principal-Amaury-Sanchez-Danilo-Ginebra-Andres-Pichardo-y-Jose-Gabriel-Perez-.jpg?fit=1200%2C873&ssl=1&resize=700%2C400 2x, https:\/\/i0.wp.com\/casadecampoliving.com\/wp-content\/uploads\/2022\/10\/Tributo-Frank-Sinatra-Foto-Principal-Amaury-Sanchez-Danilo-Ginebra-Andres-Pichardo-y-Jose-Gabriel-Perez-.jpg?fit=1200%2C873&ssl=1&resize=1050%2C600 3x"},"classes":[]},{"id":353516,"url":"https:\/\/casadecampoliving.com\/es\/casa-de-campo-se-llena-de-hogueras-en-fire-la-tercera-cita-flavors-del-2019\/","url_meta":{"origin":353638,"position":1},"title":"Casa de Campo se llena de hogueras en Fire, la tercera cita Flavors del 2019","author":"Casa de Campo Resort","date":"8 Ago, 2019","format":false,"excerpt":"El pasado 2 y 3 de Agosto disciplinas tan complejas como la primatolog\u00eda, la prehistoria o la antropolog\u00eda se vistieron de alta cocina en Casa de Campo Resort & Villas. En esta ocasi\u00f3n el reto consisti\u00f3 en crear un men\u00fa del m\u00e1s alto contenido gastron\u00f3mico con tan solo una hoguera.\u2026","rel":"","context":"En \u00abCasa de Campo Resort\u00bb","block_context":{"text":"Casa de Campo Resort","link":"https:\/\/casadecampoliving.com\/category\/casa-de-campo-resort\/"},"img":{"alt_text":"","src":"https:\/\/i0.wp.com\/casadecampoliving.com\/wp-content\/uploads\/2022\/10\/Jorge-Rodriguez-Annie-Paniagua-Alfonso-Paniagua-Manuel-Rodriguez.jpg?fit=1000%2C667&ssl=1&resize=350%2C200","width":350,"height":200,"srcset":"https:\/\/i0.wp.com\/casadecampoliving.com\/wp-content\/uploads\/2022\/10\/Jorge-Rodriguez-Annie-Paniagua-Alfonso-Paniagua-Manuel-Rodriguez.jpg?fit=1000%2C667&ssl=1&resize=350%2C200 1x, https:\/\/i0.wp.com\/casadecampoliving.com\/wp-content\/uploads\/2022\/10\/Jorge-Rodriguez-Annie-Paniagua-Alfonso-Paniagua-Manuel-Rodriguez.jpg?fit=1000%2C667&ssl=1&resize=525%2C300 1.5x, https:\/\/i0.wp.com\/casadecampoliving.com\/wp-content\/uploads\/2022\/10\/Jorge-Rodriguez-Annie-Paniagua-Alfonso-Paniagua-Manuel-Rodriguez.jpg?fit=1000%2C667&ssl=1&resize=700%2C400 2x"},"classes":[]},{"id":353509,"url":"https:\/\/casadecampoliving.com\/es\/flavors-by-casa-de-campo-fire-es-posible-realizar-alta-cocina-con-solo-una-hoguera\/","url_meta":{"origin":353638,"position":2},"title":"Flavors by Casa de Campo Fire: \u00bfEs posible realizar alta cocina con solo una hoguera?","author":"Casa de Campo Living","date":"29 Jul, 2019","format":false,"excerpt":"Los eventos mensuales \u201cFlavors by Casa de Campo\u201d son un recordatorio para reunirse alrededor de la mesa con amigos y familiares y disfrutar de la gastronom\u00eda. La ingeniosa presentaci\u00f3n de platos, sabores exquisitos, y la introducci\u00f3n a nuevas experiencias son algo que todos debemos tener la oportunidad de apreciar y\u2026","rel":"","context":"En \u00abCasa de Campo Resort\u00bb","block_context":{"text":"Casa de Campo Resort","link":"https:\/\/casadecampoliving.com\/category\/casa-de-campo-resort\/"},"img":{"alt_text":"","src":"https:\/\/i0.wp.com\/casadecampoliving.com\/wp-content\/uploads\/2022\/10\/Charles-Keusters-Anthony-Masas-Kiko-Casals.jpg?fit=1000%2C600&ssl=1&resize=350%2C200","width":350,"height":200,"srcset":"https:\/\/i0.wp.com\/casadecampoliving.com\/wp-content\/uploads\/2022\/10\/Charles-Keusters-Anthony-Masas-Kiko-Casals.jpg?fit=1000%2C600&ssl=1&resize=350%2C200 1x, https:\/\/i0.wp.com\/casadecampoliving.com\/wp-content\/uploads\/2022\/10\/Charles-Keusters-Anthony-Masas-Kiko-Casals.jpg?fit=1000%2C600&ssl=1&resize=525%2C300 1.5x, https:\/\/i0.wp.com\/casadecampoliving.com\/wp-content\/uploads\/2022\/10\/Charles-Keusters-Anthony-Masas-Kiko-Casals.jpg?fit=1000%2C600&ssl=1&resize=700%2C400 2x"},"classes":[]},{"id":353619,"url":"https:\/\/casadecampoliving.com\/es\/reserve-la-fecha-para-el-ultimo-flavors-by-casa-de-campo-del-ano\/","url_meta":{"origin":353638,"position":3},"title":"Reserve la fecha para el \u00faltimo Flavors by Casa de Campo del a\u00f1o!","author":"Casa de Campo Resort","date":"2 Dic, 2019","format":false,"excerpt":"De una manera absolutamente creativa y novedosa, Casa de Campo Resort and Villas pone el foco en una de las much\u00edsimas dimensiones del acto alimentario y lo lleva a la mesa. As\u00ed nace el Flavors by Casa de Campo, que bajo un prisma social, hist\u00f3rico, antropol\u00f3gico, medioambiental o biol\u00f3gico plantea\u2026","rel":"","context":"En \u00abAltos de Chavon @es\u00bb","block_context":{"text":"Altos de Chavon @es","link":"https:\/\/casadecampoliving.com\/category\/altos-de-chavon-es\/"},"img":{"alt_text":"","src":"https:\/\/i0.wp.com\/casadecampoliving.com\/wp-content\/uploads\/2022\/10\/SNY00029-2.jpg?fit=1000%2C601&ssl=1&resize=350%2C200","width":350,"height":200,"srcset":"https:\/\/i0.wp.com\/casadecampoliving.com\/wp-content\/uploads\/2022\/10\/SNY00029-2.jpg?fit=1000%2C601&ssl=1&resize=350%2C200 1x, https:\/\/i0.wp.com\/casadecampoliving.com\/wp-content\/uploads\/2022\/10\/SNY00029-2.jpg?fit=1000%2C601&ssl=1&resize=525%2C300 1.5x, https:\/\/i0.wp.com\/casadecampoliving.com\/wp-content\/uploads\/2022\/10\/SNY00029-2.jpg?fit=1000%2C601&ssl=1&resize=700%2C400 2x"},"classes":[]},{"id":330577,"url":"https:\/\/casadecampoliving.com\/es\/a-new-edition-of-flavors-starts-next-week-at-casa-de-campo-2-2\/","url_meta":{"origin":353638,"position":4},"title":"Una nueva edici\u00f3n del Flavors inicia la semana que viene en Casa de Campo","author":"Amy Mal","date":"5 Jun, 2019","format":false,"excerpt":"Todo est\u00e1 a punto para que Flavors, las experiencias gastron\u00f3micas de Casa de Campo, se pongan en marcha por cuarto a\u00f1o consecutivo. Desde ahora hasta diciembre, un fin de semana de cada mes hay una cita con la cocina del m\u00e1s alto nivel en el resort de La Romana. Este\u2026","rel":"","context":"En \u00abBars and Nightlife\u00bb","block_context":{"text":"Bars and Nightlife","link":"https:\/\/casadecampoliving.com\/category\/bars-and-nightlife\/"},"img":{"alt_text":"","src":"https:\/\/i0.wp.com\/casadecampoliving.com\/wp-content\/uploads\/2022\/10\/021-2-1000x600-1.jpg?fit=1000%2C600&ssl=1&resize=350%2C200","width":350,"height":200,"srcset":"https:\/\/i0.wp.com\/casadecampoliving.com\/wp-content\/uploads\/2022\/10\/021-2-1000x600-1.jpg?fit=1000%2C600&ssl=1&resize=350%2C200 1x, https:\/\/i0.wp.com\/casadecampoliving.com\/wp-content\/uploads\/2022\/10\/021-2-1000x600-1.jpg?fit=1000%2C600&ssl=1&resize=525%2C300 1.5x, https:\/\/i0.wp.com\/casadecampoliving.com\/wp-content\/uploads\/2022\/10\/021-2-1000x600-1.jpg?fit=1000%2C600&ssl=1&resize=700%2C400 2x"},"classes":[]},{"id":353481,"url":"https:\/\/casadecampoliving.com\/es\/a-new-edition-of-flavors-starts-next-week-at-casa-de-campo-2\/","url_meta":{"origin":353638,"position":5},"title":"Una nueva edici\u00f3n del Flavors inicia la semana que viene en Casa de Campo","author":"Casa de Campo Living","date":"11 Jun, 2019","format":false,"excerpt":"Todo est\u00e1 a punto para que Flavors, las experiencias gastron\u00f3micas de Casa de Campo, se pongan en marcha por cuarto a\u00f1o consecutivo. Desde ahora hasta diciembre, un fin de semana de cada mes hay una cita con la cocina del m\u00e1s alto nivel en el resort de La Romana. Este\u2026","rel":"","context":"En \u00abCasa de Campo Living @es\u00bb","block_context":{"text":"Casa de Campo Living @es","link":"https:\/\/casadecampoliving.com\/category\/casa-de-campo-living-es\/"},"img":{"alt_text":"","src":"https:\/\/i0.wp.com\/casadecampoliving.com\/wp-content\/uploads\/2022\/10\/021-2-1000x600-1.jpg?fit=1000%2C600&ssl=1&resize=350%2C200","width":350,"height":200,"srcset":"https:\/\/i0.wp.com\/casadecampoliving.com\/wp-content\/uploads\/2022\/10\/021-2-1000x600-1.jpg?fit=1000%2C600&ssl=1&resize=350%2C200 1x, https:\/\/i0.wp.com\/casadecampoliving.com\/wp-content\/uploads\/2022\/10\/021-2-1000x600-1.jpg?fit=1000%2C600&ssl=1&resize=525%2C300 1.5x, https:\/\/i0.wp.com\/casadecampoliving.com\/wp-content\/uploads\/2022\/10\/021-2-1000x600-1.jpg?fit=1000%2C600&ssl=1&resize=700%2C400 2x"},"classes":[]}],"jetpack_sharing_enabled":true,"_links":{"self":[{"href":"https:\/\/casadecampoliving.com\/es\/wp-json\/wp\/v2\/posts\/353638","targetHints":{"allow":["GET"]}}],"collection":[{"href":"https:\/\/casadecampoliving.com\/es\/wp-json\/wp\/v2\/posts"}],"about":[{"href":"https:\/\/casadecampoliving.com\/es\/wp-json\/wp\/v2\/types\/post"}],"author":[{"embeddable":true,"href":"https:\/\/casadecampoliving.com\/es\/wp-json\/wp\/v2\/users\/36675"}],"replies":[{"embeddable":true,"href":"https:\/\/casadecampoliving.com\/es\/wp-json\/wp\/v2\/comments?post=353638"}],"version-history":[{"count":1,"href":"https:\/\/casadecampoliving.com\/es\/wp-json\/wp\/v2\/posts\/353638\/revisions"}],"predecessor-version":[{"id":504028,"href":"https:\/\/casadecampoliving.com\/es\/wp-json\/wp\/v2\/posts\/353638\/revisions\/504028"}],"wp:featuredmedia":[{"embeddable":true,"href":"https:\/\/casadecampoliving.com\/es\/wp-json\/wp\/v2\/media\/310812"}],"wp:attachment":[{"href":"https:\/\/casadecampoliving.com\/es\/wp-json\/wp\/v2\/media?parent=353638"}],"wp:term":[{"taxonomy":"category","embeddable":true,"href":"https:\/\/casadecampoliving.com\/es\/wp-json\/wp\/v2\/categories?post=353638"},{"taxonomy":"post_tag","embeddable":true,"href":"https:\/\/casadecampoliving.com\/es\/wp-json\/wp\/v2\/tags?post=353638"},{"taxonomy":"newspack_spnsrs_tax","embeddable":true,"href":"https:\/\/casadecampoliving.com\/es\/wp-json\/wp\/v2\/newspack_spnsrs_tax?post=353638"}],"curies":[{"name":"wp","href":"https:\/\/api.w.org\/{rel}","templated":true}]}}