{"id":353634,"date":"2019-12-13T00:00:00","date_gmt":"2019-12-13T04:00:00","guid":{"rendered":"https:\/\/casadecampoliving.com\/maracas-aguinaldos-cuenta-cuentos-y-mas-en-el-museo-arqueologico-regional-altos-de-chavon\/"},"modified":"2022-10-21T19:07:59","modified_gmt":"2022-10-21T23:07:59","slug":"maracas-aguinaldos-cuenta-cuentos-y-mas-en-el-museo-arqueologico-regional-altos-de-chavon","status":"publish","type":"post","link":"https:\/\/casadecampoliving.com\/es\/maracas-aguinaldos-cuenta-cuentos-y-mas-en-el-museo-arqueologico-regional-altos-de-chavon\/","title":{"rendered":"\u00a1Maracas, aguinaldos, cuenta cuentos y m\u00e1s en el Museo Arqueol\u00f3gico Regional Altos de Chav\u00f3n!"},"content":{"rendered":"\n<p>Con el objetivo de implementar actividades que desarrollen la creatividad de los ni\u00f1os y j\u00f3venes junto a sus familiares, CHAV\u00d3N El Museo Arqueol\u00f3gico para esta temporada navide\u00f1a ha creado un sinn\u00famero de actividades para los interesados en el mundo del arte, con exhibiciones, talleres, cuenta cuentos, entre otros.<\/p>\n\n\n<div class=\"wp-block-image\">\n<figure class=\"aligncenter is-resized\"><img loading=\"lazy\" decoding=\"async\" data-attachment-id=\"203479\" data-permalink=\"https:\/\/casadecampoliving.com\/es\/whatsapp-image-2019-12-11-at-4-27-46-pm\/\" data-orig-file=\"https:\/\/i0.wp.com\/casadecampoliving.com\/wp-content\/uploads\/2019\/12\/WhatsApp-Image-2019-12-11-at-4.27.46-PM.jpeg?fit=1000%2C602&amp;ssl=1\" data-orig-size=\"1000,602\" data-comments-opened=\"0\" data-image-meta=\"{&quot;aperture&quot;:&quot;0&quot;,&quot;credit&quot;:&quot;&quot;,&quot;camera&quot;:&quot;&quot;,&quot;caption&quot;:&quot;&quot;,&quot;created_timestamp&quot;:&quot;0&quot;,&quot;copyright&quot;:&quot;&quot;,&quot;focal_length&quot;:&quot;0&quot;,&quot;iso&quot;:&quot;0&quot;,&quot;shutter_speed&quot;:&quot;0&quot;,&quot;title&quot;:&quot;&quot;,&quot;orientation&quot;:&quot;1&quot;}\" data-image-title=\"WhatsApp Image 2019-12-11 at 4.27.46 PM\" data-image-description=\"\" data-image-caption=\"\" data-large-file=\"https:\/\/i0.wp.com\/casadecampoliving.com\/wp-content\/uploads\/2019\/12\/WhatsApp-Image-2019-12-11-at-4.27.46-PM.jpeg?fit=1000%2C602&amp;ssl=1\" src=\"https:\/\/i0.wp.com\/casadecampoliving.com\/wp-content\/uploads\/2022\/10\/WhatsApp-Image-2019-12-11-at-4.27.46-PM.jpeg?resize=1000%2C602&amp;ssl=1\" alt=\"\" class=\"wp-image-203479\" height=\"602\" width=\"1000\"\/><\/figure>\n<\/div>\n\n\n<p>A partir del 1ero de diciembre hasta el 11 de enero del 2020, podr\u00e1n apreciar <strong>Exhibici\u00f3n de nacimientos tradicionales<\/strong>&nbsp;conocidos como Santos de Palo Dominicanos, elaborados por los reconocidos artesanos dominicanos Roosevelt y Pedro M\u00e9ndez, estar\u00e1n a la venta nacimientos, hechos a mano, con precios a partir de los&nbsp;15 d\u00f3lares a 275 d\u00f3lares.<\/p>\n\n\n<div class=\"wp-block-image\">\n<figure class=\"alignright is-resized\"><img loading=\"lazy\" decoding=\"async\" data-attachment-id=\"203481\" data-permalink=\"https:\/\/casadecampoliving.com\/es\/78618951_2382408305310039_3904112503126228992_n\/\" data-orig-file=\"https:\/\/i0.wp.com\/casadecampoliving.com\/wp-content\/uploads\/2019\/12\/78618951_2382408305310039_3904112503126228992_n.jpg?fit=641%2C875&amp;ssl=1\" data-orig-size=\"641,875\" data-comments-opened=\"0\" data-image-meta=\"{&quot;aperture&quot;:&quot;0&quot;,&quot;credit&quot;:&quot;&quot;,&quot;camera&quot;:&quot;&quot;,&quot;caption&quot;:&quot;&quot;,&quot;created_timestamp&quot;:&quot;0&quot;,&quot;copyright&quot;:&quot;&quot;,&quot;focal_length&quot;:&quot;0&quot;,&quot;iso&quot;:&quot;0&quot;,&quot;shutter_speed&quot;:&quot;0&quot;,&quot;title&quot;:&quot;&quot;,&quot;orientation&quot;:&quot;1&quot;}\" data-image-title=\"78618951_2382408305310039_3904112503126228992_n\" data-image-description=\"\" data-image-caption=\"\" data-large-file=\"https:\/\/i0.wp.com\/casadecampoliving.com\/wp-content\/uploads\/2019\/12\/78618951_2382408305310039_3904112503126228992_n.jpg?fit=641%2C875&amp;ssl=1\" src=\"https:\/\/i0.wp.com\/casadecampoliving.com\/wp-content\/uploads\/2022\/10\/78618951_2382408305310039_3904112503126228992_n.jpg?resize=260%2C355&amp;ssl=1\" alt=\"\" class=\"wp-image-203481\" height=\"355\" width=\"260\"\/><\/figure>\n<\/div>\n\n\n<p>El pr\u00f3ximo jueves 19 de diciembre, el museo organizar\u00e1 su taller tradicional <strong>Taller de Maracas y Aguinaldo<\/strong> <strong>Navide\u00f1o<\/strong> en Chav\u00f3n a las 6:00 p.m. donde los ni\u00f1os pueden disfrutar de un momento lleno de m\u00fasica, juegos y tradiciones. Aprender\u00e1n a crear y decorar sus propias maracas, luego visitar\u00e1n a nuestros vecinos y los diversos negocios locales para llevarles a ellos y a sus clientes la alegr\u00eda navide\u00f1a cantando canciones tradicionales como \u201cLas Arandelas\u201d, \u201cAlegre Vengo\u201d, \u201cDe la monta\u00f1a\u201d y m\u00e1s. Para terminar la noche, Pap\u00e1 Noel los estar\u00e1 esperando en su casa tropical, por lo que sera una gran oportunidad para que ellos vuelvan a hablar con \u00e9l sobre sus regalos.<\/p>\n\n\n\n<p>Culminando las actividades y esperando la v\u00edspera de la navidad, el lunes 23 de diciembre la destacada ilustradora Taina Almod\u00f3var y egresada de CHAV\u00d3N La Escuela de Dise\u00f1o, presentar\u00e1 a las 3:00pm una tarde de Cuenta Cuentos con el reconocido cuento infantil&nbsp;<strong>\u201cZul\u201d<\/strong>, narrando una historia para todos los seres curiosos, entre 4 a 10 a\u00f1os, con ganas de explorar el mundo. Es una actividad interactiva donde tendr\u00e1 sorpresas para los asistentes. Podr\u00e1n adquirir el cuento y llev\u00e1rselo con dibujo personalizado por la autora, por un costo de RD$850.00.<\/p>\n\n\n\n<p>Marque sus calendarios y vengan junto con sus hijos a estas actividades, \u00a1le garantizamos que no se arrepentir\u00e1!&nbsp;<\/p>\n\n\n\n<blockquote><h4>TALLER DE MARACAS PARA NI\u00d1OS Y AGUINALDO DOMINICANO<\/h4><figure><img decoding=\"async\" data-attachment-id=\"203487\" data-permalink=\"https:\/\/casadecampoliving.com\/es\/whatsapp-image-2019-12-13-at-11-49-14-am-3\/\" data-orig-file=\"https:\/\/i0.wp.com\/casadecampoliving.com\/wp-content\/uploads\/2019\/12\/WhatsApp-Image-2019-12-13-at-11.49.14-AM.jpeg?fit=800%2C800&amp;ssl=1\" data-orig-size=\"800,800\" data-comments-opened=\"0\" data-image-meta=\"{&quot;aperture&quot;:&quot;0&quot;,&quot;credit&quot;:&quot;&quot;,&quot;camera&quot;:&quot;&quot;,&quot;caption&quot;:&quot;&quot;,&quot;created_timestamp&quot;:&quot;0&quot;,&quot;copyright&quot;:&quot;&quot;,&quot;focal_length&quot;:&quot;0&quot;,&quot;iso&quot;:&quot;0&quot;,&quot;shutter_speed&quot;:&quot;0&quot;,&quot;title&quot;:&quot;&quot;,&quot;orientation&quot;:&quot;1&quot;}\" data-image-title=\"WhatsApp Image 2019-12-13 at 11.49.14 AM\" data-image-description=\"\" data-image-caption=\"\" data-large-file=\"https:\/\/i0.wp.com\/casadecampoliving.com\/wp-content\/uploads\/2019\/12\/WhatsApp-Image-2019-12-13-at-11.49.14-AM.jpeg?fit=800%2C800&amp;ssl=1\" loading=\"lazy\" class=\"size-full wp-image-203487 aligncenter\" src=\"https:\/\/i0.wp.com\/casadecampoliving.com\/wp-content\/uploads\/2022\/10\/WhatsApp-Image-2019-12-13-at-11.49.14-AM.jpeg?resize=800%2C800&amp;ssl=1\" alt=\"\" width=\"800\" height=\"800\"><\/figure><p><strong>Cu\u00e1ndo<\/strong>: jueves 19 de diciembre a las 6 p.m.<\/p><p><strong>D\u00f3nde<\/strong>: Museo Regional de Arqueolog\u00eda, Altos de Chav\u00f3n.<\/p><p><strong>Costo<\/strong>: RD $ 300 p \/ ni\u00f1o<\/p><\/blockquote>\n\n\n\n<blockquote><h4>Cuenta Cuentos \u2013 ZUL<\/h4><figure><img decoding=\"async\" data-attachment-id=\"203483\" data-permalink=\"https:\/\/casadecampoliving.com\/es\/cartel-chavon\/\" data-orig-file=\"https:\/\/i0.wp.com\/casadecampoliving.com\/wp-content\/uploads\/2019\/12\/cartel-chavon.jpg?fit=3508%2C3508&amp;ssl=1\" data-orig-size=\"3508,3508\" data-comments-opened=\"0\" data-image-meta=\"{&quot;aperture&quot;:&quot;0&quot;,&quot;credit&quot;:&quot;&quot;,&quot;camera&quot;:&quot;ScanJet 5300&quot;,&quot;caption&quot;:&quot;&quot;,&quot;created_timestamp&quot;:&quot;1406821137&quot;,&quot;copyright&quot;:&quot;&quot;,&quot;focal_length&quot;:&quot;0&quot;,&quot;iso&quot;:&quot;0&quot;,&quot;shutter_speed&quot;:&quot;0&quot;,&quot;title&quot;:&quot;&quot;,&quot;orientation&quot;:&quot;1&quot;}\" data-image-title=\"cartel-chavon\" data-image-description=\"\" data-image-caption=\"\" data-large-file=\"https:\/\/i0.wp.com\/casadecampoliving.com\/wp-content\/uploads\/2019\/12\/cartel-chavon.jpg?fit=1024%2C1024&amp;ssl=1\" loading=\"lazy\" class=\"aligncenter size-medium_large wp-image-203483\" src=\"https:\/\/i0.wp.com\/casadecampoliving.com\/wp-content\/uploads\/2022\/10\/cartel-chavon-768x768-2.jpg?resize=768%2C768&amp;ssl=1\" alt=\"\" width=\"768\" height=\"768\"><\/figure><p><strong>Cu\u00e1ndo<\/strong>: lunes 23 de diciembre a las 3 p.m.<\/p><p><strong>D\u00f3nde<\/strong>: Museo Regional de Arqueolog\u00eda, Altos de Chav\u00f3n.<\/p><\/blockquote>\n\n\n\n<blockquote><h4>Exposici\u00f3n y Venta de Nacimientos<\/h4><figure><img decoding=\"async\" data-attachment-id=\"203485\" data-permalink=\"https:\/\/casadecampoliving.com\/es\/nacimientos-ig-01\/\" data-orig-file=\"https:\/\/i0.wp.com\/casadecampoliving.com\/wp-content\/uploads\/2019\/12\/NACIMIENTOS-IG-01.jpg?fit=4500%2C4500&amp;ssl=1\" data-orig-size=\"4500,4500\" data-comments-opened=\"0\" data-image-meta=\"{&quot;aperture&quot;:&quot;0&quot;,&quot;credit&quot;:&quot;&quot;,&quot;camera&quot;:&quot;&quot;,&quot;caption&quot;:&quot;&quot;,&quot;created_timestamp&quot;:&quot;0&quot;,&quot;copyright&quot;:&quot;&quot;,&quot;focal_length&quot;:&quot;0&quot;,&quot;iso&quot;:&quot;0&quot;,&quot;shutter_speed&quot;:&quot;0&quot;,&quot;title&quot;:&quot;&quot;,&quot;orientation&quot;:&quot;0&quot;}\" data-image-title=\"NACIMIENTOS IG-01\" data-image-description=\"\" data-image-caption=\"\" data-large-file=\"https:\/\/i0.wp.com\/casadecampoliving.com\/wp-content\/uploads\/2019\/12\/NACIMIENTOS-IG-01.jpg?fit=1024%2C1024&amp;ssl=1\" loading=\"lazy\" class=\"aligncenter size-medium_large wp-image-203485\" src=\"https:\/\/i0.wp.com\/casadecampoliving.com\/wp-content\/uploads\/2022\/10\/NACIMIENTOS-IG-01-768x768-2.jpg?resize=768%2C768&amp;ssl=1\" alt=\"\" width=\"768\" height=\"768\"><\/figure><p><strong>Cu\u00e1ndo<\/strong>: 1ero de diciembre hasta el 11 de enero del 2020<\/p><p><strong>D\u00f3nde<\/strong>: Museo Regional de Arqueolog\u00eda, Altos de Chav\u00f3n.<\/p><p><strong>Costo<\/strong>: 15 a 275 d\u00f3lares<\/p><\/blockquote>\n","protected":false},"excerpt":{"rendered":"<p>Con el objetivo de implementar actividades que desarrollen la creatividad de los ni\u00f1os y j\u00f3venes junto a sus familiares, CHAV\u00d3N El Museo Arqueol\u00f3gico para esta temporada navide\u00f1a ha creado un sinn\u00famero de actividades para los interesados en el mundo del arte, con exhibiciones, talleres, cuenta cuentos, entre otros. A partir del 1ero de diciembre hasta [&hellip;]<\/p>\n","protected":false},"author":36791,"featured_media":310690,"comment_status":"closed","ping_status":"open","sticky":false,"template":"","format":"standard","meta":{"newspack_ads_suppress_ads":false,"newspack_popups_has_disabled_popups":false,"newspack_sponsor_sponsorship_scope":"","newspack_sponsor_native_byline_display":"inherit","newspack_sponsor_native_category_display":"inherit","newspack_sponsor_underwriter_style":"inherit","newspack_sponsor_underwriter_placement":"inherit","_newspack_byline_active":false,"_newspack_byline":"","newspack_hide_updated_date":false,"newspack_show_updated_date":false,"newspack_content_restriction_is_exempt":false,"newspack_featured_image_position":"","newspack_post_subtitle":"","newspack_article_summary_title":"Overview:","newspack_article_summary":"","_jetpack_memberships_contains_paid_content":false,"footnotes":"","jetpack_publicize_message":"","jetpack_publicize_feature_enabled":true,"jetpack_social_post_already_shared":false,"jetpack_social_options":{"image_generator_settings":{"template":"highway","default_image_id":0,"font":"","enabled":false},"version":2},"_wpas_customize_per_network":false},"categories":[26819,26823,26936,14631,2522,14627,2521],"tags":[3058,3207,15387,24346,11334,22280,1662,8676,22279,22281,12936],"newspack_spnsrs_tax":[],"class_list":["post-353634","post","type-post","status-publish","format-standard","has-post-thumbnail","hentry","category-altos-de-chavon-es","category-arte-y-cultura","category-casa-de-campo-living-es","category-estilo-de-vida","category-eventos-es","category-proximamente","category-republica-dominicana-2","tag-actividades","tag-aguinaldo","tag-altos-de-chavon-es","tag-featured-es","tag-fiestas","tag-museo-regional-de-arqueologia","tag-navidad","tag-ninos","tag-taller-maracas","tag-tradiciones","tag-vacaciones","entry"],"yoast_head":"<!-- This site is optimized with the Yoast SEO plugin v27.5 - https:\/\/yoast.com\/product\/yoast-seo-wordpress\/ -->\n<title>\u00a1Maracas, aguinaldos, cuenta cuentos y m\u00e1s en el Museo Arqueol\u00f3gico Regional Altos de Chav\u00f3n! | Casa de Campo Living<\/title>\n<meta name=\"description\" content=\"Con el objetivo de implementar actividades que desarrollen la creatividad de los ni\u00f1os y j\u00f3venes junto a sus familiares, CHAV\u00d3N El Museo Arqueol\u00f3gico para\" \/>\n<meta name=\"robots\" content=\"index, follow, max-snippet:-1, max-image-preview:large, max-video-preview:-1\" \/>\n<link rel=\"canonical\" href=\"https:\/\/casadecampoliving.com\/es\/maracas-aguinaldos-cuenta-cuentos-y-mas-en-el-museo-arqueologico-regional-altos-de-chavon\/\" \/>\n<meta property=\"og:locale\" content=\"es_ES\" \/>\n<meta property=\"og:type\" content=\"article\" \/>\n<meta property=\"og:title\" content=\"\u00a1Maracas, aguinaldos, cuenta cuentos y m\u00e1s en el Museo Arqueol\u00f3gico Regional Altos de Chav\u00f3n! | Casa de Campo Living\" \/>\n<meta property=\"og:description\" content=\"Con el objetivo de implementar actividades que desarrollen la creatividad de los ni\u00f1os y j\u00f3venes junto a sus familiares, CHAV\u00d3N El Museo Arqueol\u00f3gico para\" \/>\n<meta property=\"og:url\" content=\"https:\/\/casadecampoliving.com\/es\/maracas-aguinaldos-cuenta-cuentos-y-mas-en-el-museo-arqueologico-regional-altos-de-chavon\/\" \/>\n<meta property=\"og:site_name\" content=\"Casa de Campo Living\" \/>\n<meta property=\"article:publisher\" content=\"https:\/\/www.facebook.com\/casadecampoliving\" \/>\n<meta property=\"article:published_time\" content=\"2019-12-13T04:00:00+00:00\" \/>\n<meta property=\"article:modified_time\" content=\"2022-10-21T23:07:59+00:00\" \/>\n<meta property=\"og:image\" content=\"https:\/\/i0.wp.com\/casadecampoliving.com\/wp-content\/uploads\/2022\/10\/IMG_4850-2.jpg?fit=1000%2C667&ssl=1\" \/>\n\t<meta property=\"og:image:width\" content=\"1000\" \/>\n\t<meta property=\"og:image:height\" content=\"667\" \/>\n\t<meta property=\"og:image:type\" content=\"image\/jpeg\" \/>\n<meta name=\"author\" content=\"Casa de Campo Living\" \/>\n<meta name=\"twitter:card\" content=\"summary_large_image\" \/>\n<meta name=\"twitter:creator\" content=\"@cdcliving\" \/>\n<meta name=\"twitter:site\" content=\"@cdcliving\" \/>\n<meta name=\"twitter:label1\" content=\"Escrito por\" \/>\n\t<meta name=\"twitter:data1\" content=\"Casa de Campo Living\" \/>\n\t<meta name=\"twitter:label2\" content=\"Tiempo de lectura\" \/>\n\t<meta name=\"twitter:data2\" content=\"2 minutos\" \/>\n<script type=\"application\/ld+json\" class=\"yoast-schema-graph\">{\"@context\":\"https:\\\/\\\/schema.org\",\"@graph\":[{\"@type\":\"Article\",\"@id\":\"https:\\\/\\\/casadecampoliving.com\\\/es\\\/maracas-aguinaldos-cuenta-cuentos-y-mas-en-el-museo-arqueologico-regional-altos-de-chavon\\\/#article\",\"isPartOf\":{\"@id\":\"https:\\\/\\\/casadecampoliving.com\\\/es\\\/maracas-aguinaldos-cuenta-cuentos-y-mas-en-el-museo-arqueologico-regional-altos-de-chavon\\\/\"},\"author\":{\"name\":\"Casa de Campo Living\",\"@id\":\"https:\\\/\\\/casadecampoliving.com\\\/es\\\/#\\\/schema\\\/person\\\/5d2171637a9d11e0e43ce6b8555f9422\"},\"headline\":\"\u00a1Maracas, aguinaldos, cuenta cuentos y m\u00e1s en el Museo Arqueol\u00f3gico Regional Altos de Chav\u00f3n!\",\"datePublished\":\"2019-12-13T04:00:00+00:00\",\"dateModified\":\"2022-10-21T23:07:59+00:00\",\"mainEntityOfPage\":{\"@id\":\"https:\\\/\\\/casadecampoliving.com\\\/es\\\/maracas-aguinaldos-cuenta-cuentos-y-mas-en-el-museo-arqueologico-regional-altos-de-chavon\\\/\"},\"wordCount\":451,\"publisher\":{\"@id\":\"https:\\\/\\\/casadecampoliving.com\\\/es\\\/#organization\"},\"image\":{\"@id\":\"https:\\\/\\\/casadecampoliving.com\\\/es\\\/maracas-aguinaldos-cuenta-cuentos-y-mas-en-el-museo-arqueologico-regional-altos-de-chavon\\\/#primaryimage\"},\"thumbnailUrl\":\"https:\\\/\\\/i0.wp.com\\\/casadecampoliving.com\\\/wp-content\\\/uploads\\\/2022\\\/10\\\/IMG_4850-2.jpg?fit=1000%2C667&ssl=1\",\"keywords\":[\"actividades\",\"aguinaldo\",\"Altos de Chavon\",\"Featured\",\"fiestas\",\"MUSEO REGIONAL DE ARQUEOLOGIA\",\"navidad\",\"ni\u00f1os\",\"TALLER MARACAS\",\"TRADICIONES\",\"Vacaciones\"],\"articleSection\":[\"Altos de Chavon @es\",\"Arte y cultura\",\"Casa de Campo Living @es\",\"Estilo de Vida\",\"Eventos\",\"Proximamente\",\"Rep\u00fablica Dominicana @es\"],\"inLanguage\":\"es\"},{\"@type\":\"WebPage\",\"@id\":\"https:\\\/\\\/casadecampoliving.com\\\/es\\\/maracas-aguinaldos-cuenta-cuentos-y-mas-en-el-museo-arqueologico-regional-altos-de-chavon\\\/\",\"url\":\"https:\\\/\\\/casadecampoliving.com\\\/es\\\/maracas-aguinaldos-cuenta-cuentos-y-mas-en-el-museo-arqueologico-regional-altos-de-chavon\\\/\",\"name\":\"\u00a1Maracas, aguinaldos, cuenta cuentos y m\u00e1s en el Museo Arqueol\u00f3gico Regional Altos de Chav\u00f3n! | Casa de Campo Living\",\"isPartOf\":{\"@id\":\"https:\\\/\\\/casadecampoliving.com\\\/es\\\/#website\"},\"primaryImageOfPage\":{\"@id\":\"https:\\\/\\\/casadecampoliving.com\\\/es\\\/maracas-aguinaldos-cuenta-cuentos-y-mas-en-el-museo-arqueologico-regional-altos-de-chavon\\\/#primaryimage\"},\"image\":{\"@id\":\"https:\\\/\\\/casadecampoliving.com\\\/es\\\/maracas-aguinaldos-cuenta-cuentos-y-mas-en-el-museo-arqueologico-regional-altos-de-chavon\\\/#primaryimage\"},\"thumbnailUrl\":\"https:\\\/\\\/i0.wp.com\\\/casadecampoliving.com\\\/wp-content\\\/uploads\\\/2022\\\/10\\\/IMG_4850-2.jpg?fit=1000%2C667&ssl=1\",\"datePublished\":\"2019-12-13T04:00:00+00:00\",\"dateModified\":\"2022-10-21T23:07:59+00:00\",\"description\":\"Con el objetivo de implementar actividades que desarrollen la creatividad de los ni\u00f1os y j\u00f3venes junto a sus familiares, CHAV\u00d3N El Museo Arqueol\u00f3gico para\",\"breadcrumb\":{\"@id\":\"https:\\\/\\\/casadecampoliving.com\\\/es\\\/maracas-aguinaldos-cuenta-cuentos-y-mas-en-el-museo-arqueologico-regional-altos-de-chavon\\\/#breadcrumb\"},\"inLanguage\":\"es\",\"potentialAction\":[{\"@type\":\"ReadAction\",\"target\":[\"https:\\\/\\\/casadecampoliving.com\\\/es\\\/maracas-aguinaldos-cuenta-cuentos-y-mas-en-el-museo-arqueologico-regional-altos-de-chavon\\\/\"]}]},{\"@type\":\"ImageObject\",\"inLanguage\":\"es\",\"@id\":\"https:\\\/\\\/casadecampoliving.com\\\/es\\\/maracas-aguinaldos-cuenta-cuentos-y-mas-en-el-museo-arqueologico-regional-altos-de-chavon\\\/#primaryimage\",\"url\":\"https:\\\/\\\/i0.wp.com\\\/casadecampoliving.com\\\/wp-content\\\/uploads\\\/2022\\\/10\\\/IMG_4850-2.jpg?fit=1000%2C667&ssl=1\",\"contentUrl\":\"https:\\\/\\\/i0.wp.com\\\/casadecampoliving.com\\\/wp-content\\\/uploads\\\/2022\\\/10\\\/IMG_4850-2.jpg?fit=1000%2C667&ssl=1\",\"width\":1000,\"height\":667},{\"@type\":\"BreadcrumbList\",\"@id\":\"https:\\\/\\\/casadecampoliving.com\\\/es\\\/maracas-aguinaldos-cuenta-cuentos-y-mas-en-el-museo-arqueologico-regional-altos-de-chavon\\\/#breadcrumb\",\"itemListElement\":[{\"@type\":\"ListItem\",\"position\":1,\"name\":\"Home\",\"item\":\"https:\\\/\\\/casadecampoliving.com\\\/es\\\/\"},{\"@type\":\"ListItem\",\"position\":2,\"name\":\"\u00a1Maracas, aguinaldos, cuenta cuentos y m\u00e1s en el Museo Arqueol\u00f3gico Regional Altos de Chav\u00f3n!\"}]},{\"@type\":\"WebSite\",\"@id\":\"https:\\\/\\\/casadecampoliving.com\\\/es\\\/#website\",\"url\":\"https:\\\/\\\/casadecampoliving.com\\\/es\\\/\",\"name\":\"Casa de Campo Living\",\"description\":\"Resort community news and resources.\",\"publisher\":{\"@id\":\"https:\\\/\\\/casadecampoliving.com\\\/es\\\/#organization\"},\"potentialAction\":[{\"@type\":\"SearchAction\",\"target\":{\"@type\":\"EntryPoint\",\"urlTemplate\":\"https:\\\/\\\/casadecampoliving.com\\\/es\\\/?s={search_term_string}\"},\"query-input\":{\"@type\":\"PropertyValueSpecification\",\"valueRequired\":true,\"valueName\":\"search_term_string\"}}],\"inLanguage\":\"es\"},{\"@type\":\"Organization\",\"@id\":\"https:\\\/\\\/casadecampoliving.com\\\/es\\\/#organization\",\"name\":\"Casa de Campo Living\",\"url\":\"https:\\\/\\\/casadecampoliving.com\\\/es\\\/\",\"logo\":{\"@type\":\"ImageObject\",\"inLanguage\":\"es\",\"@id\":\"https:\\\/\\\/casadecampoliving.com\\\/es\\\/#\\\/schema\\\/logo\\\/image\\\/\",\"url\":\"https:\\\/\\\/i0.wp.com\\\/casadecampoliving.com\\\/wp-content\\\/uploads\\\/2022\\\/07\\\/CDCLivingLogo_V1-white-sized.png?fit=800%2C214&ssl=1\",\"contentUrl\":\"https:\\\/\\\/i0.wp.com\\\/casadecampoliving.com\\\/wp-content\\\/uploads\\\/2022\\\/07\\\/CDCLivingLogo_V1-white-sized.png?fit=800%2C214&ssl=1\",\"width\":800,\"height\":214,\"caption\":\"Casa de Campo Living\"},\"image\":{\"@id\":\"https:\\\/\\\/casadecampoliving.com\\\/es\\\/#\\\/schema\\\/logo\\\/image\\\/\"},\"sameAs\":[\"https:\\\/\\\/www.facebook.com\\\/casadecampoliving\",\"https:\\\/\\\/x.com\\\/cdcliving\"]},{\"@type\":\"Person\",\"@id\":\"https:\\\/\\\/casadecampoliving.com\\\/es\\\/#\\\/schema\\\/person\\\/5d2171637a9d11e0e43ce6b8555f9422\",\"name\":\"Casa de Campo Living\",\"image\":{\"@type\":\"ImageObject\",\"inLanguage\":\"es\",\"@id\":\"https:\\\/\\\/secure.gravatar.com\\\/avatar\\\/d04101fa4a9fd431e939953b1500fdc7a73cd35029f86d98712fd8ccdaebaf9a?s=96&d=mm&r=g\",\"url\":\"https:\\\/\\\/secure.gravatar.com\\\/avatar\\\/d04101fa4a9fd431e939953b1500fdc7a73cd35029f86d98712fd8ccdaebaf9a?s=96&d=mm&r=g\",\"contentUrl\":\"https:\\\/\\\/secure.gravatar.com\\\/avatar\\\/d04101fa4a9fd431e939953b1500fdc7a73cd35029f86d98712fd8ccdaebaf9a?s=96&d=mm&r=g\",\"caption\":\"Casa de Campo Living\"},\"url\":\"https:\\\/\\\/casadecampoliving.com\\\/es\\\/author\\\/casa-de-campo-living\\\/\"}]}<\/script>\n<!-- \/ Yoast SEO plugin. -->","yoast_head_json":{"title":"\u00a1Maracas, aguinaldos, cuenta cuentos y m\u00e1s en el Museo Arqueol\u00f3gico Regional Altos de Chav\u00f3n! | Casa de Campo Living","description":"Con el objetivo de implementar actividades que desarrollen la creatividad de los ni\u00f1os y j\u00f3venes junto a sus familiares, CHAV\u00d3N El Museo Arqueol\u00f3gico para","robots":{"index":"index","follow":"follow","max-snippet":"max-snippet:-1","max-image-preview":"max-image-preview:large","max-video-preview":"max-video-preview:-1"},"canonical":"https:\/\/casadecampoliving.com\/es\/maracas-aguinaldos-cuenta-cuentos-y-mas-en-el-museo-arqueologico-regional-altos-de-chavon\/","og_locale":"es_ES","og_type":"article","og_title":"\u00a1Maracas, aguinaldos, cuenta cuentos y m\u00e1s en el Museo Arqueol\u00f3gico Regional Altos de Chav\u00f3n! | Casa de Campo Living","og_description":"Con el objetivo de implementar actividades que desarrollen la creatividad de los ni\u00f1os y j\u00f3venes junto a sus familiares, CHAV\u00d3N El Museo Arqueol\u00f3gico para","og_url":"https:\/\/casadecampoliving.com\/es\/maracas-aguinaldos-cuenta-cuentos-y-mas-en-el-museo-arqueologico-regional-altos-de-chavon\/","og_site_name":"Casa de Campo Living","article_publisher":"https:\/\/www.facebook.com\/casadecampoliving","article_published_time":"2019-12-13T04:00:00+00:00","article_modified_time":"2022-10-21T23:07:59+00:00","og_image":[{"width":1000,"height":667,"url":"https:\/\/i0.wp.com\/casadecampoliving.com\/wp-content\/uploads\/2022\/10\/IMG_4850-2.jpg?fit=1000%2C667&ssl=1","type":"image\/jpeg"}],"author":"Casa de Campo Living","twitter_card":"summary_large_image","twitter_creator":"@cdcliving","twitter_site":"@cdcliving","twitter_misc":{"Escrito por":"Casa de Campo Living","Tiempo de lectura":"2 minutos"},"schema":{"@context":"https:\/\/schema.org","@graph":[{"@type":"Article","@id":"https:\/\/casadecampoliving.com\/es\/maracas-aguinaldos-cuenta-cuentos-y-mas-en-el-museo-arqueologico-regional-altos-de-chavon\/#article","isPartOf":{"@id":"https:\/\/casadecampoliving.com\/es\/maracas-aguinaldos-cuenta-cuentos-y-mas-en-el-museo-arqueologico-regional-altos-de-chavon\/"},"author":{"name":"Casa de Campo Living","@id":"https:\/\/casadecampoliving.com\/es\/#\/schema\/person\/5d2171637a9d11e0e43ce6b8555f9422"},"headline":"\u00a1Maracas, aguinaldos, cuenta cuentos y m\u00e1s en el Museo Arqueol\u00f3gico Regional Altos de Chav\u00f3n!","datePublished":"2019-12-13T04:00:00+00:00","dateModified":"2022-10-21T23:07:59+00:00","mainEntityOfPage":{"@id":"https:\/\/casadecampoliving.com\/es\/maracas-aguinaldos-cuenta-cuentos-y-mas-en-el-museo-arqueologico-regional-altos-de-chavon\/"},"wordCount":451,"publisher":{"@id":"https:\/\/casadecampoliving.com\/es\/#organization"},"image":{"@id":"https:\/\/casadecampoliving.com\/es\/maracas-aguinaldos-cuenta-cuentos-y-mas-en-el-museo-arqueologico-regional-altos-de-chavon\/#primaryimage"},"thumbnailUrl":"https:\/\/i0.wp.com\/casadecampoliving.com\/wp-content\/uploads\/2022\/10\/IMG_4850-2.jpg?fit=1000%2C667&ssl=1","keywords":["actividades","aguinaldo","Altos de Chavon","Featured","fiestas","MUSEO REGIONAL DE ARQUEOLOGIA","navidad","ni\u00f1os","TALLER MARACAS","TRADICIONES","Vacaciones"],"articleSection":["Altos de Chavon @es","Arte y cultura","Casa de Campo Living @es","Estilo de Vida","Eventos","Proximamente","Rep\u00fablica Dominicana @es"],"inLanguage":"es"},{"@type":"WebPage","@id":"https:\/\/casadecampoliving.com\/es\/maracas-aguinaldos-cuenta-cuentos-y-mas-en-el-museo-arqueologico-regional-altos-de-chavon\/","url":"https:\/\/casadecampoliving.com\/es\/maracas-aguinaldos-cuenta-cuentos-y-mas-en-el-museo-arqueologico-regional-altos-de-chavon\/","name":"\u00a1Maracas, aguinaldos, cuenta cuentos y m\u00e1s en el Museo Arqueol\u00f3gico Regional Altos de Chav\u00f3n! | Casa de Campo Living","isPartOf":{"@id":"https:\/\/casadecampoliving.com\/es\/#website"},"primaryImageOfPage":{"@id":"https:\/\/casadecampoliving.com\/es\/maracas-aguinaldos-cuenta-cuentos-y-mas-en-el-museo-arqueologico-regional-altos-de-chavon\/#primaryimage"},"image":{"@id":"https:\/\/casadecampoliving.com\/es\/maracas-aguinaldos-cuenta-cuentos-y-mas-en-el-museo-arqueologico-regional-altos-de-chavon\/#primaryimage"},"thumbnailUrl":"https:\/\/i0.wp.com\/casadecampoliving.com\/wp-content\/uploads\/2022\/10\/IMG_4850-2.jpg?fit=1000%2C667&ssl=1","datePublished":"2019-12-13T04:00:00+00:00","dateModified":"2022-10-21T23:07:59+00:00","description":"Con el objetivo de implementar actividades que desarrollen la creatividad de los ni\u00f1os y j\u00f3venes junto a sus familiares, CHAV\u00d3N El Museo Arqueol\u00f3gico para","breadcrumb":{"@id":"https:\/\/casadecampoliving.com\/es\/maracas-aguinaldos-cuenta-cuentos-y-mas-en-el-museo-arqueologico-regional-altos-de-chavon\/#breadcrumb"},"inLanguage":"es","potentialAction":[{"@type":"ReadAction","target":["https:\/\/casadecampoliving.com\/es\/maracas-aguinaldos-cuenta-cuentos-y-mas-en-el-museo-arqueologico-regional-altos-de-chavon\/"]}]},{"@type":"ImageObject","inLanguage":"es","@id":"https:\/\/casadecampoliving.com\/es\/maracas-aguinaldos-cuenta-cuentos-y-mas-en-el-museo-arqueologico-regional-altos-de-chavon\/#primaryimage","url":"https:\/\/i0.wp.com\/casadecampoliving.com\/wp-content\/uploads\/2022\/10\/IMG_4850-2.jpg?fit=1000%2C667&ssl=1","contentUrl":"https:\/\/i0.wp.com\/casadecampoliving.com\/wp-content\/uploads\/2022\/10\/IMG_4850-2.jpg?fit=1000%2C667&ssl=1","width":1000,"height":667},{"@type":"BreadcrumbList","@id":"https:\/\/casadecampoliving.com\/es\/maracas-aguinaldos-cuenta-cuentos-y-mas-en-el-museo-arqueologico-regional-altos-de-chavon\/#breadcrumb","itemListElement":[{"@type":"ListItem","position":1,"name":"Home","item":"https:\/\/casadecampoliving.com\/es\/"},{"@type":"ListItem","position":2,"name":"\u00a1Maracas, aguinaldos, cuenta cuentos y m\u00e1s en el Museo Arqueol\u00f3gico Regional Altos de Chav\u00f3n!"}]},{"@type":"WebSite","@id":"https:\/\/casadecampoliving.com\/es\/#website","url":"https:\/\/casadecampoliving.com\/es\/","name":"Casa de Campo Living","description":"Resort community news and resources.","publisher":{"@id":"https:\/\/casadecampoliving.com\/es\/#organization"},"potentialAction":[{"@type":"SearchAction","target":{"@type":"EntryPoint","urlTemplate":"https:\/\/casadecampoliving.com\/es\/?s={search_term_string}"},"query-input":{"@type":"PropertyValueSpecification","valueRequired":true,"valueName":"search_term_string"}}],"inLanguage":"es"},{"@type":"Organization","@id":"https:\/\/casadecampoliving.com\/es\/#organization","name":"Casa de Campo Living","url":"https:\/\/casadecampoliving.com\/es\/","logo":{"@type":"ImageObject","inLanguage":"es","@id":"https:\/\/casadecampoliving.com\/es\/#\/schema\/logo\/image\/","url":"https:\/\/i0.wp.com\/casadecampoliving.com\/wp-content\/uploads\/2022\/07\/CDCLivingLogo_V1-white-sized.png?fit=800%2C214&ssl=1","contentUrl":"https:\/\/i0.wp.com\/casadecampoliving.com\/wp-content\/uploads\/2022\/07\/CDCLivingLogo_V1-white-sized.png?fit=800%2C214&ssl=1","width":800,"height":214,"caption":"Casa de Campo Living"},"image":{"@id":"https:\/\/casadecampoliving.com\/es\/#\/schema\/logo\/image\/"},"sameAs":["https:\/\/www.facebook.com\/casadecampoliving","https:\/\/x.com\/cdcliving"]},{"@type":"Person","@id":"https:\/\/casadecampoliving.com\/es\/#\/schema\/person\/5d2171637a9d11e0e43ce6b8555f9422","name":"Casa de Campo Living","image":{"@type":"ImageObject","inLanguage":"es","@id":"https:\/\/secure.gravatar.com\/avatar\/d04101fa4a9fd431e939953b1500fdc7a73cd35029f86d98712fd8ccdaebaf9a?s=96&d=mm&r=g","url":"https:\/\/secure.gravatar.com\/avatar\/d04101fa4a9fd431e939953b1500fdc7a73cd35029f86d98712fd8ccdaebaf9a?s=96&d=mm&r=g","contentUrl":"https:\/\/secure.gravatar.com\/avatar\/d04101fa4a9fd431e939953b1500fdc7a73cd35029f86d98712fd8ccdaebaf9a?s=96&d=mm&r=g","caption":"Casa de Campo Living"},"url":"https:\/\/casadecampoliving.com\/es\/author\/casa-de-campo-living\/"}]}},"parsely":{"version":"1.1.0","canonical_url":"https:\/\/casadecampoliving.com\/es\/maracas-aguinaldos-cuenta-cuentos-y-mas-en-el-museo-arqueologico-regional-altos-de-chavon\/","smart_links":{"inbound":0,"outbound":0},"traffic_boost_suggestions_count":0,"meta":{"@context":"https:\/\/schema.org","@type":"NewsArticle","headline":"\u00a1Maracas, aguinaldos, cuenta cuentos y m\u00e1s en el Museo Arqueol\u00f3gico Regional Altos de Chav\u00f3n!","url":"http:\/\/casadecampoliving.com\/es\/maracas-aguinaldos-cuenta-cuentos-y-mas-en-el-museo-arqueologico-regional-altos-de-chavon\/","mainEntityOfPage":{"@type":"WebPage","@id":"http:\/\/casadecampoliving.com\/es\/maracas-aguinaldos-cuenta-cuentos-y-mas-en-el-museo-arqueologico-regional-altos-de-chavon\/"},"thumbnailUrl":"https:\/\/i0.wp.com\/casadecampoliving.com\/wp-content\/uploads\/2022\/10\/IMG_4850-2.jpg?resize=150%2C150&ssl=1","image":{"@type":"ImageObject","url":"https:\/\/i0.wp.com\/casadecampoliving.com\/wp-content\/uploads\/2022\/10\/IMG_4850-2.jpg?fit=1000%2C667&ssl=1"},"articleSection":"Altos de Chavon @es","author":[{"@type":"Person","name":"Casa de Campo Living"}],"creator":["Casa de Campo Living"],"publisher":{"@type":"Organization","name":"Casa de Campo Living","logo":"https:\/\/casadecampoliving.com\/wp-content\/uploads\/2022\/07\/CDCLivingLogo_V1-white-sized.png"},"keywords":["actividades","aguinaldo","altos de chavon","featured","fiestas","museo regional de arqueologia","navidad","ni\u00f1os","taller maracas","tradiciones","vacaciones"],"dateCreated":"2019-12-13T04:00:00Z","datePublished":"2019-12-13T04:00:00Z","dateModified":"2022-10-21T23:07:59Z"},"rendered":"<script type=\"application\/ld+json\" class=\"wp-parsely-metadata\">{\"@context\":\"https:\\\/\\\/schema.org\",\"@type\":\"NewsArticle\",\"headline\":\"\\u00a1Maracas, aguinaldos, cuenta cuentos y m\\u00e1s en el Museo Arqueol\\u00f3gico Regional Altos de Chav\\u00f3n!\",\"url\":\"http:\\\/\\\/casadecampoliving.com\\\/es\\\/maracas-aguinaldos-cuenta-cuentos-y-mas-en-el-museo-arqueologico-regional-altos-de-chavon\\\/\",\"mainEntityOfPage\":{\"@type\":\"WebPage\",\"@id\":\"http:\\\/\\\/casadecampoliving.com\\\/es\\\/maracas-aguinaldos-cuenta-cuentos-y-mas-en-el-museo-arqueologico-regional-altos-de-chavon\\\/\"},\"thumbnailUrl\":\"https:\\\/\\\/i0.wp.com\\\/casadecampoliving.com\\\/wp-content\\\/uploads\\\/2022\\\/10\\\/IMG_4850-2.jpg?resize=150%2C150&ssl=1\",\"image\":{\"@type\":\"ImageObject\",\"url\":\"https:\\\/\\\/i0.wp.com\\\/casadecampoliving.com\\\/wp-content\\\/uploads\\\/2022\\\/10\\\/IMG_4850-2.jpg?fit=1000%2C667&ssl=1\"},\"articleSection\":\"Altos de Chavon @es\",\"author\":[{\"@type\":\"Person\",\"name\":\"Casa de Campo Living\"}],\"creator\":[\"Casa de Campo Living\"],\"publisher\":{\"@type\":\"Organization\",\"name\":\"Casa de Campo Living\",\"logo\":\"https:\\\/\\\/casadecampoliving.com\\\/wp-content\\\/uploads\\\/2022\\\/07\\\/CDCLivingLogo_V1-white-sized.png\"},\"keywords\":[\"actividades\",\"aguinaldo\",\"altos de chavon\",\"featured\",\"fiestas\",\"museo regional de arqueologia\",\"navidad\",\"ni\\u00f1os\",\"taller maracas\",\"tradiciones\",\"vacaciones\"],\"dateCreated\":\"2019-12-13T04:00:00Z\",\"datePublished\":\"2019-12-13T04:00:00Z\",\"dateModified\":\"2022-10-21T23:07:59Z\"}<\/script>","tracker_url":"https:\/\/cdn.parsely.com\/keys\/casadecampoliving.com\/p.js"},"jetpack_publicize_connections":[],"jetpack_featured_media_url":"https:\/\/i0.wp.com\/casadecampoliving.com\/wp-content\/uploads\/2022\/10\/IMG_4850-2.jpg?fit=1000%2C667&ssl=1","jetpack-related-posts":[{"id":354228,"url":"https:\/\/casadecampoliving.com\/es\/maracas-tamboras-y-canciones-unete-al-taller-de-maracas-y-al-aguinaldo-dominicano-de-esta-semana-en-altos-de-chavon\/","url_meta":{"origin":353634,"position":0},"title":"Maracas, tamboras y canciones\u2026 \u00a1\u00danete al taller de Maracas y al Aguinaldo dominicano de esta semana en Altos de Chav\u00f3n!","author":"Casa de Campo Living","date":"21 Dic, 2021","format":false,"excerpt":"\u00a1La Navidad no est\u00e1 completa aqu\u00ed sin un buen Aguinaldo dominicano! Este mi\u00e9rcoles 22 de diciembre, el Museo Arqueol\u00f3gico Regional de Altos de Chav\u00f3n y el Centro de Innovaci\u00f3n de PBO estar\u00e1n realizando dos actividades que se complementan a la perfecci\u00f3n: \u00a1un taller de Maracas y Aguinaldo el Altos de\u2026","rel":"","context":"En \u00abAltos de Chavon @es\u00bb","block_context":{"text":"Altos de Chavon @es","link":"https:\/\/casadecampoliving.com\/category\/altos-de-chavon-es\/"},"img":{"alt_text":"","src":"https:\/\/i0.wp.com\/casadecampoliving.com\/wp-content\/uploads\/2022\/10\/IMG_4850-2.jpg?fit=1000%2C667&ssl=1&resize=350%2C200","width":350,"height":200,"srcset":"https:\/\/i0.wp.com\/casadecampoliving.com\/wp-content\/uploads\/2022\/10\/IMG_4850-2.jpg?fit=1000%2C667&ssl=1&resize=350%2C200 1x, https:\/\/i0.wp.com\/casadecampoliving.com\/wp-content\/uploads\/2022\/10\/IMG_4850-2.jpg?fit=1000%2C667&ssl=1&resize=525%2C300 1.5x, https:\/\/i0.wp.com\/casadecampoliving.com\/wp-content\/uploads\/2022\/10\/IMG_4850-2.jpg?fit=1000%2C667&ssl=1&resize=700%2C400 2x"},"classes":[]},{"id":353062,"url":"https:\/\/casadecampoliving.com\/es\/ven-haz-tu-propia-maraca-y-unete-al-aguinaldo-dominicano-de-esta-semana-en-chavon\/","url_meta":{"origin":353634,"position":1},"title":"\u00a1Ven! \u00a1Haz tu propia maraca y \u00fanete al Aguinaldo dominicano de esta semana en Chav\u00f3n!","author":"Casa de Campo Living","date":"19 Dic, 2018","format":false,"excerpt":"\u00a1Aqu\u00ed la Navidad no es completa sin un buen Aguinaldo! Este jueves, 20 de diciembre, como parte del programa de Navidad, habr\u00e1 dos actividades que se complementar\u00e1n perfectamente: \u00a1un taller de Maracas y el tradicional Aguinaldo en Altos de Chav\u00f3n! La tradici\u00f3n de los aguinaldos consiste en reunirse con amigos\u2026","rel":"","context":"En \u00abAltos de Chavon @es\u00bb","block_context":{"text":"Altos de Chavon @es","link":"https:\/\/casadecampoliving.com\/category\/altos-de-chavon-es\/"},"img":{"alt_text":"","src":"https:\/\/i0.wp.com\/casadecampoliving.com\/wp-content\/uploads\/2018\/12\/IMG_4794.jpg?resize=350%2C200&ssl=1","width":350,"height":200,"srcset":"https:\/\/i0.wp.com\/casadecampoliving.com\/wp-content\/uploads\/2018\/12\/IMG_4794.jpg?resize=350%2C200&ssl=1 1x, https:\/\/i0.wp.com\/casadecampoliving.com\/wp-content\/uploads\/2018\/12\/IMG_4794.jpg?resize=525%2C300&ssl=1 1.5x, https:\/\/i0.wp.com\/casadecampoliving.com\/wp-content\/uploads\/2018\/12\/IMG_4794.jpg?resize=700%2C400&ssl=1 2x"},"classes":[]},{"id":433460,"url":"https:\/\/casadecampoliving.com\/es\/no-se-pierdan-el-increible-tributo-a-frank-sinatra-para-celebrar-el-40-aniversario-del-anfiteatro-altos-de-chavon\/","url_meta":{"origin":353634,"position":2},"title":"No se pierdan el incre\u00edble tributo a Frank Sinatra para celebrar el 40 aniversario del\u00a0Anfiteatro Altos de Chav\u00f3n","author":"Casa de Campo Living","date":"20 Oct, 2022","format":false,"excerpt":"Siendo uno de los escenarios m\u00e1s emblem\u00e1ticos del pa\u00eds, Casa de Campo Resort\u00ae & Villas celebra las cuatro d\u00e9cadas de aniversario de Altos de Chav\u00f3n con un tributo al gran Frank Sinatra, protagonizado por artistas invitados y una big band tal cual la que acompa\u00f1\u00f3 al artista hace 40 a\u00f1os\u2026","rel":"","context":"En \u00abUncategorized @es\u00bb","block_context":{"text":"Uncategorized @es","link":"https:\/\/casadecampoliving.com\/es\/category\/uncategorized-es\/"},"img":{"alt_text":"","src":"https:\/\/i0.wp.com\/casadecampoliving.com\/wp-content\/uploads\/2022\/10\/Tributo-Frank-Sinatra-Foto-Principal-Amaury-Sanchez-Danilo-Ginebra-Andres-Pichardo-y-Jose-Gabriel-Perez-.jpg?fit=1200%2C873&ssl=1&resize=350%2C200","width":350,"height":200,"srcset":"https:\/\/i0.wp.com\/casadecampoliving.com\/wp-content\/uploads\/2022\/10\/Tributo-Frank-Sinatra-Foto-Principal-Amaury-Sanchez-Danilo-Ginebra-Andres-Pichardo-y-Jose-Gabriel-Perez-.jpg?fit=1200%2C873&ssl=1&resize=350%2C200 1x, https:\/\/i0.wp.com\/casadecampoliving.com\/wp-content\/uploads\/2022\/10\/Tributo-Frank-Sinatra-Foto-Principal-Amaury-Sanchez-Danilo-Ginebra-Andres-Pichardo-y-Jose-Gabriel-Perez-.jpg?fit=1200%2C873&ssl=1&resize=525%2C300 1.5x, https:\/\/i0.wp.com\/casadecampoliving.com\/wp-content\/uploads\/2022\/10\/Tributo-Frank-Sinatra-Foto-Principal-Amaury-Sanchez-Danilo-Ginebra-Andres-Pichardo-y-Jose-Gabriel-Perez-.jpg?fit=1200%2C873&ssl=1&resize=700%2C400 2x, https:\/\/i0.wp.com\/casadecampoliving.com\/wp-content\/uploads\/2022\/10\/Tributo-Frank-Sinatra-Foto-Principal-Amaury-Sanchez-Danilo-Ginebra-Andres-Pichardo-y-Jose-Gabriel-Perez-.jpg?fit=1200%2C873&ssl=1&resize=1050%2C600 3x"},"classes":[]},{"id":352294,"url":"https:\/\/casadecampoliving.com\/es\/maracas-tamboras-singing-join-weeks-dominican-aguinaldo-chavon\/","url_meta":{"origin":353634,"position":3},"title":"Maracas, tamboras y canciones&#8230; \u00a1\u00danete al Aguinaldo dominicano de esta semana en Chav\u00f3n!","author":"Marlenys Guzm\u00e1n Casta\u00f1os","date":"13 Dic, 2017","format":false,"excerpt":"\u00a1La Navidad no est\u00e1 completa sin un buen aguinaldo dominicano! La tradici\u00f3n de aguinaldos consiste en reunirse con amigos y cantar villancicos de casa en casa. Estos se realizan al ritmo de tambora, g\u00fcira, maracas y acorde\u00f3n. Los grupos son recibidos con alegr\u00eda por los vecinos que tradicionalmente les ofrecen\u2026","rel":"","context":"En \u00abAltos de Chavon @es\u00bb","block_context":{"text":"Altos de Chavon @es","link":"https:\/\/casadecampoliving.com\/category\/altos-de-chavon-es\/"},"img":{"alt_text":"","src":"https:\/\/i0.wp.com\/casadecampoliving.com\/wp-content\/uploads\/2022\/10\/IMG-20161214-WA0023.jpg?fit=1000%2C563&ssl=1&resize=350%2C200","width":350,"height":200,"srcset":"https:\/\/i0.wp.com\/casadecampoliving.com\/wp-content\/uploads\/2022\/10\/IMG-20161214-WA0023.jpg?fit=1000%2C563&ssl=1&resize=350%2C200 1x, https:\/\/i0.wp.com\/casadecampoliving.com\/wp-content\/uploads\/2022\/10\/IMG-20161214-WA0023.jpg?fit=1000%2C563&ssl=1&resize=525%2C300 1.5x, https:\/\/i0.wp.com\/casadecampoliving.com\/wp-content\/uploads\/2022\/10\/IMG-20161214-WA0023.jpg?fit=1000%2C563&ssl=1&resize=700%2C400 2x"},"classes":[]},{"id":352311,"url":"https:\/\/casadecampoliving.com\/es\/difundiendo-la-alegria-navidena-en-altos-de-chavon-aguinaldo\/","url_meta":{"origin":353634,"position":4},"title":"Difundiendo la alegr\u00eda navide\u00f1a en Altos de Chav\u00f3n","author":"Marlenys Guzm\u00e1n Casta\u00f1os","date":"20 Dic, 2017","format":false,"excerpt":"El jueves 14 de diciembre, numerosos ni\u00f1os y sus padres llegaron al Museo Arquel\u00f3gico Regional de Altos de Chav\u00f3n para formar parte de un tradicional Aguinaldo dominicano alrededor de la villa de los artistas. La actividad comenz\u00f3 a las 5 de la tarde con un taller de Maracas para nuestros\u2026","rel":"","context":"En \u00abAltos de Chavon @es\u00bb","block_context":{"text":"Altos de Chavon @es","link":"https:\/\/casadecampoliving.com\/category\/altos-de-chavon-es\/"},"img":{"alt_text":"","src":"https:\/\/i0.wp.com\/casadecampoliving.com\/wp-content\/uploads\/2022\/10\/IMG_4806.jpg?fit=1000%2C667&ssl=1&resize=350%2C200","width":350,"height":200,"srcset":"https:\/\/i0.wp.com\/casadecampoliving.com\/wp-content\/uploads\/2022\/10\/IMG_4806.jpg?fit=1000%2C667&ssl=1&resize=350%2C200 1x, https:\/\/i0.wp.com\/casadecampoliving.com\/wp-content\/uploads\/2022\/10\/IMG_4806.jpg?fit=1000%2C667&ssl=1&resize=525%2C300 1.5x, https:\/\/i0.wp.com\/casadecampoliving.com\/wp-content\/uploads\/2022\/10\/IMG_4806.jpg?fit=1000%2C667&ssl=1&resize=700%2C400 2x"},"classes":[]},{"id":354562,"url":"https:\/\/casadecampoliving.com\/es\/en-octubre-festival-de-la-herencia-indigena-en-el-museo-arqueologico-regional-altos-de-chavon\/","url_meta":{"origin":353634,"position":5},"title":"\u00a1En Octubre! 1er Festival de la Herencia Ind\u00edgena en el Museo Arqueol\u00f3gico Regional Altos de Chav\u00f3n","author":"Casa de Campo Living","date":"28 Sep, 2022","format":false,"excerpt":"El Museo de Arqueolog\u00eda Regional de Altos de Chav\u00f3n acaba de anunciar su primer Festival de la Herencia Ind\u00edgena. El 12 de octubre es el d\u00eda del descubrimiento de Am\u00e9rica, el d\u00eda de la Raza. Por tal motivo, el Museo Arqueol\u00f3gico Regional quiso darle un giro de orgullo e identidad\u2026","rel":"","context":"En \u00abAltos de Chavon @es\u00bb","block_context":{"text":"Altos de Chavon @es","link":"https:\/\/casadecampoliving.com\/category\/altos-de-chavon-es\/"},"img":{"alt_text":"","src":"https:\/\/i0.wp.com\/casadecampoliving.com\/wp-content\/uploads\/2022\/10\/FAchada-MARAC.jpg?fit=1000%2C572&ssl=1&resize=350%2C200","width":350,"height":200,"srcset":"https:\/\/i0.wp.com\/casadecampoliving.com\/wp-content\/uploads\/2022\/10\/FAchada-MARAC.jpg?fit=1000%2C572&ssl=1&resize=350%2C200 1x, https:\/\/i0.wp.com\/casadecampoliving.com\/wp-content\/uploads\/2022\/10\/FAchada-MARAC.jpg?fit=1000%2C572&ssl=1&resize=525%2C300 1.5x, https:\/\/i0.wp.com\/casadecampoliving.com\/wp-content\/uploads\/2022\/10\/FAchada-MARAC.jpg?fit=1000%2C572&ssl=1&resize=700%2C400 2x"},"classes":[]}],"jetpack_sharing_enabled":true,"_links":{"self":[{"href":"https:\/\/casadecampoliving.com\/es\/wp-json\/wp\/v2\/posts\/353634","targetHints":{"allow":["GET"]}}],"collection":[{"href":"https:\/\/casadecampoliving.com\/es\/wp-json\/wp\/v2\/posts"}],"about":[{"href":"https:\/\/casadecampoliving.com\/es\/wp-json\/wp\/v2\/types\/post"}],"author":[{"embeddable":true,"href":"https:\/\/casadecampoliving.com\/es\/wp-json\/wp\/v2\/users\/36791"}],"replies":[{"embeddable":true,"href":"https:\/\/casadecampoliving.com\/es\/wp-json\/wp\/v2\/comments?post=353634"}],"version-history":[{"count":0,"href":"https:\/\/casadecampoliving.com\/es\/wp-json\/wp\/v2\/posts\/353634\/revisions"}],"wp:featuredmedia":[{"embeddable":true,"href":"https:\/\/casadecampoliving.com\/es\/wp-json\/wp\/v2\/media\/310690"}],"wp:attachment":[{"href":"https:\/\/casadecampoliving.com\/es\/wp-json\/wp\/v2\/media?parent=353634"}],"wp:term":[{"taxonomy":"category","embeddable":true,"href":"https:\/\/casadecampoliving.com\/es\/wp-json\/wp\/v2\/categories?post=353634"},{"taxonomy":"post_tag","embeddable":true,"href":"https:\/\/casadecampoliving.com\/es\/wp-json\/wp\/v2\/tags?post=353634"},{"taxonomy":"newspack_spnsrs_tax","embeddable":true,"href":"https:\/\/casadecampoliving.com\/es\/wp-json\/wp\/v2\/newspack_spnsrs_tax?post=353634"}],"curies":[{"name":"wp","href":"https:\/\/api.w.org\/{rel}","templated":true}]}}