{"id":353622,"date":"2019-12-06T00:00:00","date_gmt":"2019-12-06T04:00:00","guid":{"rendered":"https:\/\/casadecampoliving.com\/inauguran-ampliacion-y-remodelacion-de-moderno-centro-diagnostica-social-para-imagenes-medicas-en-la-romana\/"},"modified":"2022-11-10T10:02:04","modified_gmt":"2022-11-10T14:02:04","slug":"inauguran-ampliacion-y-remodelacion-de-moderno-centro-diagnostica-social-para-imagenes-medicas-en-la-romana","status":"publish","type":"post","link":"https:\/\/casadecampoliving.com\/es\/inauguran-ampliacion-y-remodelacion-de-moderno-centro-diagnostica-social-para-imagenes-medicas-en-la-romana\/","title":{"rendered":"Inauguran ampliaci\u00f3n y remodelaci\u00f3n de moderno centro Diagn\u00f3stica Social para im\u00e1genes m\u00e9dicas en La Romana"},"content":{"rendered":"<p>El centro de im\u00e1genes m\u00e9dicas Diagn\u00f3stica Social, cuya inversi\u00f3n total en equipos supera los US$6,000,000 millones de d\u00f3lares, inaugur\u00f3 con la presencia del Presidente Danilo Medina la ampliaci\u00f3n y remodelaci\u00f3n de su local conjunto al complejo hospitalario de la empresa Central Romana.<\/p>\n<p>Entre los nuevos equipamientos con los que cuenta Diagn\u00f3stica Social est\u00e1 la primera y \u00fanica gamma c\u00e1mara Symbia Intevo Bold con tomograf\u00eda de medicina nuclear de 16 cortes instalada en la Rep\u00fablica Dominicana, que provee alto rendimiento de im\u00e1genes avanzadas y tecnolog\u00eda especializada para el diagn\u00f3stico temprano de c\u00e1ncer. Tambi\u00e9n ha sido instalado el tom\u00f3grafo Somatom Definition Edge de 128 cortes, primero en el pa\u00eds y \u00fanico en la regi\u00f3n Este para tomograf\u00eda computarizada, que est\u00e1 complementado con todos los estudios de cardiolog\u00eda avanzada.<\/p>\n<p>Diagn\u00f3stica Social es uno de los proyectos que auspicia el Patronato Ben\u00e9fico Oriental, una instituci\u00f3n sin fines de lucro para el desarrollo de la educaci\u00f3n, la salud y la sostenibilidad de comunidades vulnerables en la provincia La Romana y otros pueblos de la regi\u00f3n Este del pa\u00eds. La construcci\u00f3n de la obra, que ascendi\u00f3 a m\u00e1s de US$1,200,000.00 d\u00f3lares, fue ejecutada por el Departamento de Ingenier\u00eda de la compa\u00f1\u00eda Central Romana.<\/p>\n<p><img data-recalc-dims=\"1\" loading=\"lazy\" decoding=\"async\" data-attachment-id=\"203215\" data-permalink=\"https:\/\/casadecampoliving.com\/es\/bdc_8893\/\" data-orig-file=\"https:\/\/i0.wp.com\/casadecampoliving.com\/wp-content\/uploads\/2019\/12\/BDC_8893.jpg?fit=1000%2C663&amp;ssl=1\" data-orig-size=\"1000,663\" data-comments-opened=\"0\" data-image-meta=\"{&quot;aperture&quot;:&quot;4.5&quot;,&quot;credit&quot;:&quot;Brayan_de_la_Cruz&quot;,&quot;camera&quot;:&quot;Canon EOS 5D Mark III&quot;,&quot;caption&quot;:&quot;&quot;,&quot;created_timestamp&quot;:&quot;1575519079&quot;,&quot;copyright&quot;:&quot;&quot;,&quot;focal_length&quot;:&quot;70&quot;,&quot;iso&quot;:&quot;800&quot;,&quot;shutter_speed&quot;:&quot;0.01&quot;,&quot;title&quot;:&quot;&quot;,&quot;orientation&quot;:&quot;1&quot;}\" data-image-title=\"BDC_8893\" data-image-description=\"\" data-image-caption=\"\" data-large-file=\"https:\/\/i0.wp.com\/casadecampoliving.com\/wp-content\/uploads\/2019\/12\/BDC_8893.jpg?fit=1000%2C663&amp;ssl=1\" class=\"aligncenter size-full wp-image-203215\" src=\"https:\/\/i0.wp.com\/casadecampoliving.com\/wp-content\/uploads\/2022\/10\/BDC_8893.jpg?resize=1000%2C663&#038;ssl=1\" alt=\"\" width=\"1000\" height=\"663\"><\/p>\n<p>En el corte de cinta participaron el Presidente de la Rep\u00fablica Danilo Medina; la se\u00f1ora Xiomara Men\u00e9ndez D\u00e1jer, Presidenta del Patronato Ben\u00e9fico Oriental; el se\u00f1or Ram\u00f3n A. Men\u00e9ndez, Vicepresidente Ejecutivo de Central Romana junto a su esposa, la se\u00f1ora Xiomara Men\u00e9ndez, Presidenta Em\u00e9rita del Patronato Ben\u00e9fico Oriental; el ingeniero Eduardo Mart\u00ednez Lima, Vicepresidente Ejecuivo de Central Romana junto a su esposa Jeannette Mart\u00ednez-Lima, Vicepresidenta del Patronato Ben\u00e9fico Oriental; y el doctor Jos\u00e9 L\u00f3pez, Vicepresidente de Salud del Central Romana y Director M\u00e9dico de Diagn\u00f3stica Social, entre otras personalidades. La bendici\u00f3n del acto inaugural estuvo a cargo de Monse\u00f1or Nicanor Pe\u00f1a.<\/p>\n<p>\u201cNuestra ubicaci\u00f3n geogr\u00e1fica como destino tur\u00edstico, que es accesible f\u00e1cilmente por v\u00eda terrestre, a\u00e9rea o mar\u00edtima, nos permite brindar la estabilizaci\u00f3n de un paciente en nuestro Centro M\u00e9dico Central Romana y realizarle todos los estudios requeridos en Diagn\u00f3stica Social, e inmediatamente compartir esos resultados en tiempo real con una junta de m\u00e9dicos en cualquier hospital en el mundo\u201d resalt\u00f3 en sus palabras el doctor Jos\u00e9 L\u00f3pez. \u201cEstamos poniendo al servicio de todas las personas que residan en nuestro pa\u00eds o sean turistas que nos visitan, el m\u00e1s moderno centro de im\u00e1genes en la regi\u00f3n Este y uno de los principales de la Rep\u00fablica Dominicana\u201d enfatiz\u00f3 el Doctor L\u00f3pez. Seg\u00fan se resalt\u00f3 en la nota enviada a los medios de prensa, las estad\u00edsticas demuestran que el 9% de las personas que se realizaron estudios especializados en dicho centro durante el a\u00f1o 2018 fueron de trabajo social, sin costo alguno para los pacientes.<\/p>\n<p><img data-recalc-dims=\"1\" loading=\"lazy\" decoding=\"async\" data-attachment-id=\"203213\" data-permalink=\"https:\/\/casadecampoliving.com\/es\/bdc_8771\/\" data-orig-file=\"https:\/\/i0.wp.com\/casadecampoliving.com\/wp-content\/uploads\/2019\/12\/BDC_8771.jpg?fit=1000%2C634&amp;ssl=1\" data-orig-size=\"1000,634\" data-comments-opened=\"0\" data-image-meta=\"{&quot;aperture&quot;:&quot;5.6&quot;,&quot;credit&quot;:&quot;Brayan_de_la_Cruz&quot;,&quot;camera&quot;:&quot;Canon EOS 5D Mark III&quot;,&quot;caption&quot;:&quot;&quot;,&quot;created_timestamp&quot;:&quot;1575516028&quot;,&quot;copyright&quot;:&quot;&quot;,&quot;focal_length&quot;:&quot;32&quot;,&quot;iso&quot;:&quot;800&quot;,&quot;shutter_speed&quot;:&quot;0.01&quot;,&quot;title&quot;:&quot;&quot;,&quot;orientation&quot;:&quot;1&quot;}\" data-image-title=\"BDC_8771\" data-image-description=\"\" data-image-caption=\"\" data-large-file=\"https:\/\/i0.wp.com\/casadecampoliving.com\/wp-content\/uploads\/2019\/12\/BDC_8771.jpg?fit=1000%2C634&amp;ssl=1\" class=\"aligncenter size-full wp-image-203213\" src=\"https:\/\/i0.wp.com\/casadecampoliving.com\/wp-content\/uploads\/2022\/10\/BDC_8771.jpg?resize=1000%2C634&#038;ssl=1\" alt=\"\" width=\"1000\" height=\"634\"><\/p>\n<p>Durante el acto fue tambi\u00e9n presentado el equipo de doctores del Centro M\u00e9dico Central Romana que han sido entrenados en Estados Unidos por el grupo Baptist Hospital, de la Florida, para manejar con fibrinolisis TPA el tratamiento de casos de trabajadores de la empresa con accidentes cerebro-vasculares cr\u00edticos. Otros de los nuevos equipos que dispone Diagn\u00f3stica Social son el Rayos X Multi Fusion y el Mammot Inspiration, un moderno mam\u00f3grafo digital que imprime menor presi\u00f3n en la mama y brinda una calidad de imagen inigualable.<\/p>\n<p>Aparte, el centro sigue ofreciendo los estudios de resonancia magn\u00e9tica con el nuevo resonador General Electric de 1.5 Teslas, y tambi\u00e9n con el equipo de resonancia magn\u00e9tica abierta, que evita la sensaci\u00f3n encapsulada en el paciente. Tambi\u00e9n se realizan estudios de densitometr\u00eda \u00f3sea, sonograf\u00edas, dopplers, y sonograf\u00edas obst\u00e9tricas en 3D.<\/p>\n<p><em>Fotos e informaciones cortes\u00eda del Patronato Ben\u00e9fico Oriental<\/em><\/p>\n<p>[nggallery id=3296]<\/p>\n","protected":false},"excerpt":{"rendered":"<p>El centro de im\u00e1genes m\u00e9dicas Diagn\u00f3stica Social, cuya inversi\u00f3n total en equipos supera los US$6,000,000 millones de d\u00f3lares, inaugur\u00f3 con la presencia del Presidente Danilo Medina la ampliaci\u00f3n y remodelaci\u00f3n de su local conjunto al complejo hospitalario de la empresa Central Romana. Entre los nuevos equipamientos con los que cuenta Diagn\u00f3stica Social est\u00e1 la primera [&hellip;]<\/p>\n","protected":false},"author":36791,"featured_media":310227,"comment_status":"closed","ping_status":"closed","sticky":false,"template":"","format":"standard","meta":{"newspack_ads_suppress_ads":false,"newspack_popups_has_disabled_popups":false,"newspack_sponsor_sponsorship_scope":"","newspack_sponsor_native_byline_display":"inherit","newspack_sponsor_native_category_display":"inherit","newspack_sponsor_underwriter_style":"inherit","newspack_sponsor_underwriter_placement":"inherit","_newspack_byline_active":false,"_newspack_byline":"","newspack_hide_updated_date":false,"newspack_show_updated_date":false,"newspack_content_restriction_is_exempt":false,"newspack_featured_image_position":"","newspack_post_subtitle":"","newspack_article_summary_title":"Overview:","newspack_article_summary":"","_jetpack_memberships_contains_paid_content":false,"footnotes":"","jetpack_publicize_message":"","jetpack_publicize_feature_enabled":true,"jetpack_social_post_already_shared":false,"jetpack_social_options":{"image_generator_settings":{"template":"highway","default_image_id":0,"font":"","enabled":false},"version":2},"_wpas_customize_per_network":false},"categories":[6192,2522,2514,2516,2507,2506,14625,2521,2527],"tags":[8361,14736,5714,18932,5366,23828,3074,22963],"newspack_spnsrs_tax":[],"class_list":["post-353622","post","type-post","status-publish","format-standard","has-post-thumbnail","hentry","category-businesses","category-eventos-es","category-fundaciones-es","category-hogar-del-nino-es","category-la-romana-es","category-mas-alla-de-casa-es","category-noticias-locales","category-republica-dominicana-2","category-salud","tag-eduardo-martinez-lima","tag-featured-topview-es","tag-inauguracion","tag-la-romana-es-4","tag-monsenor-nicanor-pena","tag-patronato-benefico-oriental-es-2","tag-xiomara-menendez","tag-xiomara-menendez-dajer","entry"],"yoast_head":"<!-- This site is optimized with the Yoast SEO plugin v27.4 - https:\/\/yoast.com\/product\/yoast-seo-wordpress\/ -->\n<title>Inauguran ampliaci\u00f3n y remodelaci\u00f3n de moderno centro Diagn\u00f3stica Social para im\u00e1genes m\u00e9dicas en La Romana | Casa de Campo Living<\/title>\n<meta name=\"description\" content=\"El centro de im\u00e1genes m\u00e9dicas Diagn\u00f3stica Social, cuya inversi\u00f3n total en equipos supera los US$6,000,000 millones de d\u00f3lares, inaugur\u00f3 con la presencia\" \/>\n<meta name=\"robots\" content=\"index, follow, max-snippet:-1, max-image-preview:large, max-video-preview:-1\" \/>\n<link rel=\"canonical\" href=\"https:\/\/casadecampoliving.com\/es\/inauguran-ampliacion-y-remodelacion-de-moderno-centro-diagnostica-social-para-imagenes-medicas-en-la-romana\/\" \/>\n<meta property=\"og:locale\" content=\"es_ES\" \/>\n<meta property=\"og:type\" content=\"article\" \/>\n<meta property=\"og:title\" content=\"Inauguran ampliaci\u00f3n y remodelaci\u00f3n de moderno centro Diagn\u00f3stica Social para im\u00e1genes m\u00e9dicas en La Romana | Casa de Campo Living\" \/>\n<meta property=\"og:description\" content=\"El centro de im\u00e1genes m\u00e9dicas Diagn\u00f3stica Social, cuya inversi\u00f3n total en equipos supera los US$6,000,000 millones de d\u00f3lares, inaugur\u00f3 con la presencia\" \/>\n<meta property=\"og:url\" content=\"https:\/\/casadecampoliving.com\/es\/inauguran-ampliacion-y-remodelacion-de-moderno-centro-diagnostica-social-para-imagenes-medicas-en-la-romana\/\" \/>\n<meta property=\"og:site_name\" content=\"Casa de Campo Living\" \/>\n<meta property=\"article:publisher\" content=\"https:\/\/www.facebook.com\/casadecampoliving\" \/>\n<meta property=\"article:published_time\" content=\"2019-12-06T04:00:00+00:00\" \/>\n<meta property=\"article:modified_time\" content=\"2022-11-10T14:02:04+00:00\" \/>\n<meta property=\"og:image\" content=\"https:\/\/i0.wp.com\/casadecampoliving.com\/wp-content\/uploads\/2022\/10\/BDC_8908.jpg?fit=1000%2C715&ssl=1\" \/>\n\t<meta property=\"og:image:width\" content=\"1000\" \/>\n\t<meta property=\"og:image:height\" content=\"715\" \/>\n\t<meta property=\"og:image:type\" content=\"image\/jpeg\" \/>\n<meta name=\"author\" content=\"Casa de Campo Living\" \/>\n<meta name=\"twitter:card\" content=\"summary_large_image\" \/>\n<meta name=\"twitter:creator\" content=\"@cdcliving\" \/>\n<meta name=\"twitter:site\" content=\"@cdcliving\" \/>\n<meta name=\"twitter:label1\" content=\"Escrito por\" \/>\n\t<meta name=\"twitter:data1\" content=\"Casa de Campo Living\" \/>\n\t<meta name=\"twitter:label2\" content=\"Tiempo de lectura\" \/>\n\t<meta name=\"twitter:data2\" content=\"3 minutos\" \/>\n<script type=\"application\/ld+json\" class=\"yoast-schema-graph\">{\"@context\":\"https:\\\/\\\/schema.org\",\"@graph\":[{\"@type\":\"Article\",\"@id\":\"https:\\\/\\\/casadecampoliving.com\\\/es\\\/inauguran-ampliacion-y-remodelacion-de-moderno-centro-diagnostica-social-para-imagenes-medicas-en-la-romana\\\/#article\",\"isPartOf\":{\"@id\":\"https:\\\/\\\/casadecampoliving.com\\\/es\\\/inauguran-ampliacion-y-remodelacion-de-moderno-centro-diagnostica-social-para-imagenes-medicas-en-la-romana\\\/\"},\"author\":{\"name\":\"Casa de Campo Living\",\"@id\":\"https:\\\/\\\/casadecampoliving.com\\\/es\\\/#\\\/schema\\\/person\\\/5d2171637a9d11e0e43ce6b8555f9422\"},\"headline\":\"Inauguran ampliaci\u00f3n y remodelaci\u00f3n de moderno centro Diagn\u00f3stica Social para im\u00e1genes m\u00e9dicas en La Romana\",\"datePublished\":\"2019-12-06T04:00:00+00:00\",\"dateModified\":\"2022-11-10T14:02:04+00:00\",\"mainEntityOfPage\":{\"@id\":\"https:\\\/\\\/casadecampoliving.com\\\/es\\\/inauguran-ampliacion-y-remodelacion-de-moderno-centro-diagnostica-social-para-imagenes-medicas-en-la-romana\\\/\"},\"wordCount\":699,\"publisher\":{\"@id\":\"https:\\\/\\\/casadecampoliving.com\\\/es\\\/#organization\"},\"image\":{\"@id\":\"https:\\\/\\\/casadecampoliving.com\\\/es\\\/inauguran-ampliacion-y-remodelacion-de-moderno-centro-diagnostica-social-para-imagenes-medicas-en-la-romana\\\/#primaryimage\"},\"thumbnailUrl\":\"https:\\\/\\\/i0.wp.com\\\/casadecampoliving.com\\\/wp-content\\\/uploads\\\/2022\\\/10\\\/BDC_8908.jpg?fit=1000%2C715&ssl=1\",\"keywords\":[\"eduardo martinez-lima\",\"Featured-TopView @es\",\"inauguraci\u00f3n\",\"La Romana\",\"monsenor nicanor pena\",\"patronato ben\u00e9fico oriental\",\"xiomara menendez\",\"Xiomara Men\u00e9ndez Dajer\"],\"articleSection\":[\"businesses\",\"Eventos\",\"Fundaciones\",\"Hogar del Ni\u00f1o @es\",\"La Romana @es\",\"M\u00e1s all\u00e1 de Casa\",\"Noticias Locales\",\"Rep\u00fablica Dominicana @es\",\"Salud\"],\"inLanguage\":\"es\"},{\"@type\":\"WebPage\",\"@id\":\"https:\\\/\\\/casadecampoliving.com\\\/es\\\/inauguran-ampliacion-y-remodelacion-de-moderno-centro-diagnostica-social-para-imagenes-medicas-en-la-romana\\\/\",\"url\":\"https:\\\/\\\/casadecampoliving.com\\\/es\\\/inauguran-ampliacion-y-remodelacion-de-moderno-centro-diagnostica-social-para-imagenes-medicas-en-la-romana\\\/\",\"name\":\"Inauguran ampliaci\u00f3n y remodelaci\u00f3n de moderno centro Diagn\u00f3stica Social para im\u00e1genes m\u00e9dicas en La Romana | Casa de Campo Living\",\"isPartOf\":{\"@id\":\"https:\\\/\\\/casadecampoliving.com\\\/es\\\/#website\"},\"primaryImageOfPage\":{\"@id\":\"https:\\\/\\\/casadecampoliving.com\\\/es\\\/inauguran-ampliacion-y-remodelacion-de-moderno-centro-diagnostica-social-para-imagenes-medicas-en-la-romana\\\/#primaryimage\"},\"image\":{\"@id\":\"https:\\\/\\\/casadecampoliving.com\\\/es\\\/inauguran-ampliacion-y-remodelacion-de-moderno-centro-diagnostica-social-para-imagenes-medicas-en-la-romana\\\/#primaryimage\"},\"thumbnailUrl\":\"https:\\\/\\\/i0.wp.com\\\/casadecampoliving.com\\\/wp-content\\\/uploads\\\/2022\\\/10\\\/BDC_8908.jpg?fit=1000%2C715&ssl=1\",\"datePublished\":\"2019-12-06T04:00:00+00:00\",\"dateModified\":\"2022-11-10T14:02:04+00:00\",\"description\":\"El centro de im\u00e1genes m\u00e9dicas Diagn\u00f3stica Social, cuya inversi\u00f3n total en equipos supera los US$6,000,000 millones de d\u00f3lares, inaugur\u00f3 con la presencia\",\"breadcrumb\":{\"@id\":\"https:\\\/\\\/casadecampoliving.com\\\/es\\\/inauguran-ampliacion-y-remodelacion-de-moderno-centro-diagnostica-social-para-imagenes-medicas-en-la-romana\\\/#breadcrumb\"},\"inLanguage\":\"es\",\"potentialAction\":[{\"@type\":\"ReadAction\",\"target\":[\"https:\\\/\\\/casadecampoliving.com\\\/es\\\/inauguran-ampliacion-y-remodelacion-de-moderno-centro-diagnostica-social-para-imagenes-medicas-en-la-romana\\\/\"]}]},{\"@type\":\"ImageObject\",\"inLanguage\":\"es\",\"@id\":\"https:\\\/\\\/casadecampoliving.com\\\/es\\\/inauguran-ampliacion-y-remodelacion-de-moderno-centro-diagnostica-social-para-imagenes-medicas-en-la-romana\\\/#primaryimage\",\"url\":\"https:\\\/\\\/i0.wp.com\\\/casadecampoliving.com\\\/wp-content\\\/uploads\\\/2022\\\/10\\\/BDC_8908.jpg?fit=1000%2C715&ssl=1\",\"contentUrl\":\"https:\\\/\\\/i0.wp.com\\\/casadecampoliving.com\\\/wp-content\\\/uploads\\\/2022\\\/10\\\/BDC_8908.jpg?fit=1000%2C715&ssl=1\",\"width\":1000,\"height\":715},{\"@type\":\"BreadcrumbList\",\"@id\":\"https:\\\/\\\/casadecampoliving.com\\\/es\\\/inauguran-ampliacion-y-remodelacion-de-moderno-centro-diagnostica-social-para-imagenes-medicas-en-la-romana\\\/#breadcrumb\",\"itemListElement\":[{\"@type\":\"ListItem\",\"position\":1,\"name\":\"Home\",\"item\":\"https:\\\/\\\/casadecampoliving.com\\\/es\\\/\"},{\"@type\":\"ListItem\",\"position\":2,\"name\":\"Inauguran ampliaci\u00f3n y remodelaci\u00f3n de moderno centro Diagn\u00f3stica Social para im\u00e1genes m\u00e9dicas en La Romana\"}]},{\"@type\":\"WebSite\",\"@id\":\"https:\\\/\\\/casadecampoliving.com\\\/es\\\/#website\",\"url\":\"https:\\\/\\\/casadecampoliving.com\\\/es\\\/\",\"name\":\"Casa de Campo Living\",\"description\":\"Resort community news and resources.\",\"publisher\":{\"@id\":\"https:\\\/\\\/casadecampoliving.com\\\/es\\\/#organization\"},\"potentialAction\":[{\"@type\":\"SearchAction\",\"target\":{\"@type\":\"EntryPoint\",\"urlTemplate\":\"https:\\\/\\\/casadecampoliving.com\\\/es\\\/?s={search_term_string}\"},\"query-input\":{\"@type\":\"PropertyValueSpecification\",\"valueRequired\":true,\"valueName\":\"search_term_string\"}}],\"inLanguage\":\"es\"},{\"@type\":\"Organization\",\"@id\":\"https:\\\/\\\/casadecampoliving.com\\\/es\\\/#organization\",\"name\":\"Casa de Campo Living\",\"url\":\"https:\\\/\\\/casadecampoliving.com\\\/es\\\/\",\"logo\":{\"@type\":\"ImageObject\",\"inLanguage\":\"es\",\"@id\":\"https:\\\/\\\/casadecampoliving.com\\\/es\\\/#\\\/schema\\\/logo\\\/image\\\/\",\"url\":\"https:\\\/\\\/i0.wp.com\\\/casadecampoliving.com\\\/wp-content\\\/uploads\\\/2022\\\/07\\\/CDCLivingLogo_V1-white-sized.png?fit=800%2C214&ssl=1\",\"contentUrl\":\"https:\\\/\\\/i0.wp.com\\\/casadecampoliving.com\\\/wp-content\\\/uploads\\\/2022\\\/07\\\/CDCLivingLogo_V1-white-sized.png?fit=800%2C214&ssl=1\",\"width\":800,\"height\":214,\"caption\":\"Casa de Campo Living\"},\"image\":{\"@id\":\"https:\\\/\\\/casadecampoliving.com\\\/es\\\/#\\\/schema\\\/logo\\\/image\\\/\"},\"sameAs\":[\"https:\\\/\\\/www.facebook.com\\\/casadecampoliving\",\"https:\\\/\\\/x.com\\\/cdcliving\"]},{\"@type\":\"Person\",\"@id\":\"https:\\\/\\\/casadecampoliving.com\\\/es\\\/#\\\/schema\\\/person\\\/5d2171637a9d11e0e43ce6b8555f9422\",\"name\":\"Casa de Campo Living\",\"image\":{\"@type\":\"ImageObject\",\"inLanguage\":\"es\",\"@id\":\"https:\\\/\\\/secure.gravatar.com\\\/avatar\\\/d04101fa4a9fd431e939953b1500fdc7a73cd35029f86d98712fd8ccdaebaf9a?s=96&d=mm&r=g\",\"url\":\"https:\\\/\\\/secure.gravatar.com\\\/avatar\\\/d04101fa4a9fd431e939953b1500fdc7a73cd35029f86d98712fd8ccdaebaf9a?s=96&d=mm&r=g\",\"contentUrl\":\"https:\\\/\\\/secure.gravatar.com\\\/avatar\\\/d04101fa4a9fd431e939953b1500fdc7a73cd35029f86d98712fd8ccdaebaf9a?s=96&d=mm&r=g\",\"caption\":\"Casa de Campo Living\"},\"url\":\"https:\\\/\\\/casadecampoliving.com\\\/es\\\/author\\\/casa-de-campo-living\\\/\"}]}<\/script>\n<!-- \/ Yoast SEO plugin. -->","yoast_head_json":{"title":"Inauguran ampliaci\u00f3n y remodelaci\u00f3n de moderno centro Diagn\u00f3stica Social para im\u00e1genes m\u00e9dicas en La Romana | Casa de Campo Living","description":"El centro de im\u00e1genes m\u00e9dicas Diagn\u00f3stica Social, cuya inversi\u00f3n total en equipos supera los US$6,000,000 millones de d\u00f3lares, inaugur\u00f3 con la presencia","robots":{"index":"index","follow":"follow","max-snippet":"max-snippet:-1","max-image-preview":"max-image-preview:large","max-video-preview":"max-video-preview:-1"},"canonical":"https:\/\/casadecampoliving.com\/es\/inauguran-ampliacion-y-remodelacion-de-moderno-centro-diagnostica-social-para-imagenes-medicas-en-la-romana\/","og_locale":"es_ES","og_type":"article","og_title":"Inauguran ampliaci\u00f3n y remodelaci\u00f3n de moderno centro Diagn\u00f3stica Social para im\u00e1genes m\u00e9dicas en La Romana | Casa de Campo Living","og_description":"El centro de im\u00e1genes m\u00e9dicas Diagn\u00f3stica Social, cuya inversi\u00f3n total en equipos supera los US$6,000,000 millones de d\u00f3lares, inaugur\u00f3 con la presencia","og_url":"https:\/\/casadecampoliving.com\/es\/inauguran-ampliacion-y-remodelacion-de-moderno-centro-diagnostica-social-para-imagenes-medicas-en-la-romana\/","og_site_name":"Casa de Campo Living","article_publisher":"https:\/\/www.facebook.com\/casadecampoliving","article_published_time":"2019-12-06T04:00:00+00:00","article_modified_time":"2022-11-10T14:02:04+00:00","og_image":[{"width":1000,"height":715,"url":"https:\/\/i0.wp.com\/casadecampoliving.com\/wp-content\/uploads\/2022\/10\/BDC_8908.jpg?fit=1000%2C715&ssl=1","type":"image\/jpeg"}],"author":"Casa de Campo Living","twitter_card":"summary_large_image","twitter_creator":"@cdcliving","twitter_site":"@cdcliving","twitter_misc":{"Escrito por":"Casa de Campo Living","Tiempo de lectura":"3 minutos"},"schema":{"@context":"https:\/\/schema.org","@graph":[{"@type":"Article","@id":"https:\/\/casadecampoliving.com\/es\/inauguran-ampliacion-y-remodelacion-de-moderno-centro-diagnostica-social-para-imagenes-medicas-en-la-romana\/#article","isPartOf":{"@id":"https:\/\/casadecampoliving.com\/es\/inauguran-ampliacion-y-remodelacion-de-moderno-centro-diagnostica-social-para-imagenes-medicas-en-la-romana\/"},"author":{"name":"Casa de Campo Living","@id":"https:\/\/casadecampoliving.com\/es\/#\/schema\/person\/5d2171637a9d11e0e43ce6b8555f9422"},"headline":"Inauguran ampliaci\u00f3n y remodelaci\u00f3n de moderno centro Diagn\u00f3stica Social para im\u00e1genes m\u00e9dicas en La Romana","datePublished":"2019-12-06T04:00:00+00:00","dateModified":"2022-11-10T14:02:04+00:00","mainEntityOfPage":{"@id":"https:\/\/casadecampoliving.com\/es\/inauguran-ampliacion-y-remodelacion-de-moderno-centro-diagnostica-social-para-imagenes-medicas-en-la-romana\/"},"wordCount":699,"publisher":{"@id":"https:\/\/casadecampoliving.com\/es\/#organization"},"image":{"@id":"https:\/\/casadecampoliving.com\/es\/inauguran-ampliacion-y-remodelacion-de-moderno-centro-diagnostica-social-para-imagenes-medicas-en-la-romana\/#primaryimage"},"thumbnailUrl":"https:\/\/i0.wp.com\/casadecampoliving.com\/wp-content\/uploads\/2022\/10\/BDC_8908.jpg?fit=1000%2C715&ssl=1","keywords":["eduardo martinez-lima","Featured-TopView @es","inauguraci\u00f3n","La Romana","monsenor nicanor pena","patronato ben\u00e9fico oriental","xiomara menendez","Xiomara Men\u00e9ndez Dajer"],"articleSection":["businesses","Eventos","Fundaciones","Hogar del Ni\u00f1o @es","La Romana @es","M\u00e1s all\u00e1 de Casa","Noticias Locales","Rep\u00fablica Dominicana @es","Salud"],"inLanguage":"es"},{"@type":"WebPage","@id":"https:\/\/casadecampoliving.com\/es\/inauguran-ampliacion-y-remodelacion-de-moderno-centro-diagnostica-social-para-imagenes-medicas-en-la-romana\/","url":"https:\/\/casadecampoliving.com\/es\/inauguran-ampliacion-y-remodelacion-de-moderno-centro-diagnostica-social-para-imagenes-medicas-en-la-romana\/","name":"Inauguran ampliaci\u00f3n y remodelaci\u00f3n de moderno centro Diagn\u00f3stica Social para im\u00e1genes m\u00e9dicas en La Romana | Casa de Campo Living","isPartOf":{"@id":"https:\/\/casadecampoliving.com\/es\/#website"},"primaryImageOfPage":{"@id":"https:\/\/casadecampoliving.com\/es\/inauguran-ampliacion-y-remodelacion-de-moderno-centro-diagnostica-social-para-imagenes-medicas-en-la-romana\/#primaryimage"},"image":{"@id":"https:\/\/casadecampoliving.com\/es\/inauguran-ampliacion-y-remodelacion-de-moderno-centro-diagnostica-social-para-imagenes-medicas-en-la-romana\/#primaryimage"},"thumbnailUrl":"https:\/\/i0.wp.com\/casadecampoliving.com\/wp-content\/uploads\/2022\/10\/BDC_8908.jpg?fit=1000%2C715&ssl=1","datePublished":"2019-12-06T04:00:00+00:00","dateModified":"2022-11-10T14:02:04+00:00","description":"El centro de im\u00e1genes m\u00e9dicas Diagn\u00f3stica Social, cuya inversi\u00f3n total en equipos supera los US$6,000,000 millones de d\u00f3lares, inaugur\u00f3 con la presencia","breadcrumb":{"@id":"https:\/\/casadecampoliving.com\/es\/inauguran-ampliacion-y-remodelacion-de-moderno-centro-diagnostica-social-para-imagenes-medicas-en-la-romana\/#breadcrumb"},"inLanguage":"es","potentialAction":[{"@type":"ReadAction","target":["https:\/\/casadecampoliving.com\/es\/inauguran-ampliacion-y-remodelacion-de-moderno-centro-diagnostica-social-para-imagenes-medicas-en-la-romana\/"]}]},{"@type":"ImageObject","inLanguage":"es","@id":"https:\/\/casadecampoliving.com\/es\/inauguran-ampliacion-y-remodelacion-de-moderno-centro-diagnostica-social-para-imagenes-medicas-en-la-romana\/#primaryimage","url":"https:\/\/i0.wp.com\/casadecampoliving.com\/wp-content\/uploads\/2022\/10\/BDC_8908.jpg?fit=1000%2C715&ssl=1","contentUrl":"https:\/\/i0.wp.com\/casadecampoliving.com\/wp-content\/uploads\/2022\/10\/BDC_8908.jpg?fit=1000%2C715&ssl=1","width":1000,"height":715},{"@type":"BreadcrumbList","@id":"https:\/\/casadecampoliving.com\/es\/inauguran-ampliacion-y-remodelacion-de-moderno-centro-diagnostica-social-para-imagenes-medicas-en-la-romana\/#breadcrumb","itemListElement":[{"@type":"ListItem","position":1,"name":"Home","item":"https:\/\/casadecampoliving.com\/es\/"},{"@type":"ListItem","position":2,"name":"Inauguran ampliaci\u00f3n y remodelaci\u00f3n de moderno centro Diagn\u00f3stica Social para im\u00e1genes m\u00e9dicas en La Romana"}]},{"@type":"WebSite","@id":"https:\/\/casadecampoliving.com\/es\/#website","url":"https:\/\/casadecampoliving.com\/es\/","name":"Casa de Campo Living","description":"Resort community news and resources.","publisher":{"@id":"https:\/\/casadecampoliving.com\/es\/#organization"},"potentialAction":[{"@type":"SearchAction","target":{"@type":"EntryPoint","urlTemplate":"https:\/\/casadecampoliving.com\/es\/?s={search_term_string}"},"query-input":{"@type":"PropertyValueSpecification","valueRequired":true,"valueName":"search_term_string"}}],"inLanguage":"es"},{"@type":"Organization","@id":"https:\/\/casadecampoliving.com\/es\/#organization","name":"Casa de Campo Living","url":"https:\/\/casadecampoliving.com\/es\/","logo":{"@type":"ImageObject","inLanguage":"es","@id":"https:\/\/casadecampoliving.com\/es\/#\/schema\/logo\/image\/","url":"https:\/\/i0.wp.com\/casadecampoliving.com\/wp-content\/uploads\/2022\/07\/CDCLivingLogo_V1-white-sized.png?fit=800%2C214&ssl=1","contentUrl":"https:\/\/i0.wp.com\/casadecampoliving.com\/wp-content\/uploads\/2022\/07\/CDCLivingLogo_V1-white-sized.png?fit=800%2C214&ssl=1","width":800,"height":214,"caption":"Casa de Campo Living"},"image":{"@id":"https:\/\/casadecampoliving.com\/es\/#\/schema\/logo\/image\/"},"sameAs":["https:\/\/www.facebook.com\/casadecampoliving","https:\/\/x.com\/cdcliving"]},{"@type":"Person","@id":"https:\/\/casadecampoliving.com\/es\/#\/schema\/person\/5d2171637a9d11e0e43ce6b8555f9422","name":"Casa de Campo Living","image":{"@type":"ImageObject","inLanguage":"es","@id":"https:\/\/secure.gravatar.com\/avatar\/d04101fa4a9fd431e939953b1500fdc7a73cd35029f86d98712fd8ccdaebaf9a?s=96&d=mm&r=g","url":"https:\/\/secure.gravatar.com\/avatar\/d04101fa4a9fd431e939953b1500fdc7a73cd35029f86d98712fd8ccdaebaf9a?s=96&d=mm&r=g","contentUrl":"https:\/\/secure.gravatar.com\/avatar\/d04101fa4a9fd431e939953b1500fdc7a73cd35029f86d98712fd8ccdaebaf9a?s=96&d=mm&r=g","caption":"Casa de Campo Living"},"url":"https:\/\/casadecampoliving.com\/es\/author\/casa-de-campo-living\/"}]}},"parsely":{"version":"1.1.0","canonical_url":"https:\/\/casadecampoliving.com\/es\/inauguran-ampliacion-y-remodelacion-de-moderno-centro-diagnostica-social-para-imagenes-medicas-en-la-romana\/","smart_links":{"inbound":0,"outbound":0},"traffic_boost_suggestions_count":0,"meta":{"@context":"https:\/\/schema.org","@type":"NewsArticle","headline":"Inauguran ampliaci\u00f3n y remodelaci\u00f3n de moderno centro Diagn\u00f3stica Social para im\u00e1genes m\u00e9dicas en La Romana","url":"http:\/\/casadecampoliving.com\/es\/inauguran-ampliacion-y-remodelacion-de-moderno-centro-diagnostica-social-para-imagenes-medicas-en-la-romana\/","mainEntityOfPage":{"@type":"WebPage","@id":"http:\/\/casadecampoliving.com\/es\/inauguran-ampliacion-y-remodelacion-de-moderno-centro-diagnostica-social-para-imagenes-medicas-en-la-romana\/"},"thumbnailUrl":"https:\/\/i0.wp.com\/casadecampoliving.com\/wp-content\/uploads\/2022\/10\/BDC_8908.jpg?resize=150%2C150&ssl=1","image":{"@type":"ImageObject","url":"https:\/\/i0.wp.com\/casadecampoliving.com\/wp-content\/uploads\/2022\/10\/BDC_8908.jpg?fit=1000%2C715&ssl=1"},"articleSection":"businesses","author":[{"@type":"Person","name":"Casa de Campo Living"}],"creator":["Casa de Campo Living"],"publisher":{"@type":"Organization","name":"Casa de Campo Living","logo":"https:\/\/casadecampoliving.com\/wp-content\/uploads\/2022\/07\/CDCLivingLogo_V1-white-sized.png"},"keywords":["eduardo martinez-lima","featured-topview @es","inauguraci\u00f3n","la romana","monsenor nicanor pena","patronato ben\u00e9fico oriental","xiomara menendez","xiomara men\u00e9ndez dajer"],"dateCreated":"2019-12-06T04:00:00Z","datePublished":"2019-12-06T04:00:00Z","dateModified":"2022-11-10T14:02:04Z"},"rendered":"<script type=\"application\/ld+json\" class=\"wp-parsely-metadata\">{\"@context\":\"https:\\\/\\\/schema.org\",\"@type\":\"NewsArticle\",\"headline\":\"Inauguran ampliaci\\u00f3n y remodelaci\\u00f3n de moderno centro Diagn\\u00f3stica Social para im\\u00e1genes m\\u00e9dicas en La Romana\",\"url\":\"http:\\\/\\\/casadecampoliving.com\\\/es\\\/inauguran-ampliacion-y-remodelacion-de-moderno-centro-diagnostica-social-para-imagenes-medicas-en-la-romana\\\/\",\"mainEntityOfPage\":{\"@type\":\"WebPage\",\"@id\":\"http:\\\/\\\/casadecampoliving.com\\\/es\\\/inauguran-ampliacion-y-remodelacion-de-moderno-centro-diagnostica-social-para-imagenes-medicas-en-la-romana\\\/\"},\"thumbnailUrl\":\"https:\\\/\\\/i0.wp.com\\\/casadecampoliving.com\\\/wp-content\\\/uploads\\\/2022\\\/10\\\/BDC_8908.jpg?resize=150%2C150&ssl=1\",\"image\":{\"@type\":\"ImageObject\",\"url\":\"https:\\\/\\\/i0.wp.com\\\/casadecampoliving.com\\\/wp-content\\\/uploads\\\/2022\\\/10\\\/BDC_8908.jpg?fit=1000%2C715&ssl=1\"},\"articleSection\":\"businesses\",\"author\":[{\"@type\":\"Person\",\"name\":\"Casa de Campo Living\"}],\"creator\":[\"Casa de Campo Living\"],\"publisher\":{\"@type\":\"Organization\",\"name\":\"Casa de Campo Living\",\"logo\":\"https:\\\/\\\/casadecampoliving.com\\\/wp-content\\\/uploads\\\/2022\\\/07\\\/CDCLivingLogo_V1-white-sized.png\"},\"keywords\":[\"eduardo martinez-lima\",\"featured-topview @es\",\"inauguraci\\u00f3n\",\"la romana\",\"monsenor nicanor pena\",\"patronato ben\\u00e9fico oriental\",\"xiomara menendez\",\"xiomara men\\u00e9ndez dajer\"],\"dateCreated\":\"2019-12-06T04:00:00Z\",\"datePublished\":\"2019-12-06T04:00:00Z\",\"dateModified\":\"2022-11-10T14:02:04Z\"}<\/script>","tracker_url":"https:\/\/cdn.parsely.com\/keys\/casadecampoliving.com\/p.js"},"jetpack_publicize_connections":[],"jetpack_featured_media_url":"https:\/\/i0.wp.com\/casadecampoliving.com\/wp-content\/uploads\/2022\/10\/BDC_8908.jpg?fit=1000%2C715&ssl=1","jetpack-related-posts":[{"id":344229,"url":"https:\/\/casadecampoliving.com\/es\/visita-del-embajador-de-los-estados-unidos-james-brewster-al-hogar-del-nino\/","url_meta":{"origin":353622,"position":0},"title":"Visita del Embajador de los Estados Unidos James Brewster al Hogar del Ni\u00f1o","author":"Perkin Agramonte","date":"24 Abr, 2014","format":false,"excerpt":"A finales de marzo, el Embajador de los Estados Unidos en la Rep\u00fablica Dominicana, James Brewster estuvo en Casa de Campo participando en el Torneo de Golf AMCHAMDR, y al mismo tiempo aprovech\u00f3 la oportunidad para visitar el Hogar del Ni\u00f1o en La Romana. Acompa\u00f1ando al Embajador de los Estados\u2026","rel":"","context":"En \u00abM\u00e1s all\u00e1 de Casa\u00bb","block_context":{"text":"M\u00e1s all\u00e1 de Casa","link":"https:\/\/casadecampoliving.com\/es\/category\/mas-alla-de-casa-es\/"},"img":{"alt_text":"","src":"https:\/\/i0.wp.com\/casadecampoliving.com\/wp-content\/uploads\/2022\/10\/James-Brewster-1.jpg?fit=650%2C433&ssl=1&resize=350%2C200","width":350,"height":200,"srcset":"https:\/\/i0.wp.com\/casadecampoliving.com\/wp-content\/uploads\/2022\/10\/James-Brewster-1.jpg?fit=650%2C433&ssl=1&resize=350%2C200 1x, https:\/\/i0.wp.com\/casadecampoliving.com\/wp-content\/uploads\/2022\/10\/James-Brewster-1.jpg?fit=650%2C433&ssl=1&resize=525%2C300 1.5x"},"classes":[]},{"id":337453,"url":"https:\/\/casadecampoliving.com\/es\/38158\/","url_meta":{"origin":353622,"position":1},"title":"Celebrando la inauguraci\u00f3n de la nueva Diagn\u00f3stica Social en Central Romana, La Romana","author":"Rebecca Silvestri","date":"1 Sep, 2010","format":false,"excerpt":"Diagn\u00f3stica Social, un centro especializado en imagenolog\u00edas m\u00e9dicas, inaugur\u00f3 sus nuevas y modernas instalaciones ofreciendo sus servicios las 24 horas al d\u00eda, los siete d\u00edas a la semana.\u00a0 El nuevo edificio cuenta con todas las facilidades y equipamientos m\u00e9dicos de alta tecnolog\u00eda, ofreciendo los servicios de resonancia magn\u00e9tica (MRI) de\u2026","rel":"","context":"En \u00abM\u00e1s all\u00e1 de Casa\u00bb","block_context":{"text":"M\u00e1s all\u00e1 de Casa","link":"https:\/\/casadecampoliving.com\/es\/category\/mas-alla-de-casa-es\/"},"img":{"alt_text":"p1000813","src":"https:\/\/i0.wp.com\/casadecampoliving.com\/wp-content\/uploads\/2022\/10\/p1000813.jpg?resize=350%2C200","width":350,"height":200,"srcset":"https:\/\/i0.wp.com\/casadecampoliving.com\/wp-content\/uploads\/2022\/10\/p1000813.jpg?resize=350%2C200 1x, https:\/\/i0.wp.com\/casadecampoliving.com\/wp-content\/uploads\/2022\/10\/p1000813.jpg?resize=525%2C300 1.5x, https:\/\/i0.wp.com\/casadecampoliving.com\/wp-content\/uploads\/2022\/10\/p1000813.jpg?resize=700%2C400 2x"},"classes":[]},{"id":330786,"url":"https:\/\/casadecampoliving.com\/inauguration-of-the-new-and-modern-expansion-of-diagnostica-social-for-medical-imaging-in-la-romana\/","url_meta":{"origin":353622,"position":2},"title":"Inauguration of the new and modern expansion of Diagn\u00f3stica Social medical imaging center in La Romana","author":"Casa de Campo Living","date":"6 Dic, 2019","format":false,"excerpt":"The medical imaging center Diagn\u00f3stica Social whose total investment in equipment exceeds US$ 6,000,000 million, inaugurated with the presence of President Danilo Medina its new and renovated site located next to the hospital complex of the Central Romana company. Among the new equipment that Diagn\u00f3stica Social has is the first\u2026","rel":"","context":"En \u00abBeyond Casa\u00bb","block_context":{"text":"Beyond Casa","link":"https:\/\/casadecampoliving.com\/category\/beyond-casa\/"},"img":{"alt_text":"","src":"https:\/\/i0.wp.com\/casadecampoliving.com\/wp-content\/uploads\/2022\/10\/BDC_8908.jpg?fit=1000%2C715&ssl=1&resize=350%2C200","width":350,"height":200,"srcset":"https:\/\/i0.wp.com\/casadecampoliving.com\/wp-content\/uploads\/2022\/10\/BDC_8908.jpg?fit=1000%2C715&ssl=1&resize=350%2C200 1x, https:\/\/i0.wp.com\/casadecampoliving.com\/wp-content\/uploads\/2022\/10\/BDC_8908.jpg?fit=1000%2C715&ssl=1&resize=525%2C300 1.5x, https:\/\/i0.wp.com\/casadecampoliving.com\/wp-content\/uploads\/2022\/10\/BDC_8908.jpg?fit=1000%2C715&ssl=1&resize=700%2C400 2x"},"classes":[]},{"id":323462,"url":"https:\/\/casadecampoliving.com\/united-states-ambassador-james-brewster-visits-hogar-del-nino\/","url_meta":{"origin":353622,"position":3},"title":"United States Ambassador James Brewster visits the Hogar del Ni\u00f1o","author":"Rebecca Silvestri","date":"24 Abr, 2014","format":false,"excerpt":"At the end of March,\u00a0Ambassador for the United States in the Dominican Republic,\u00a0James Brewster was in Casa de Campo to take part in the annual\u00a0AMCHAMDR Golf Tournament, and at the same time took the opportunity to visit the Hogar del Ni\u00f1o in La Romana.\u00a0 Joining\u00a0United States Ambassador James Brewster on\u2026","rel":"","context":"En \u00abCasa de Campo Living\u00bb","block_context":{"text":"Casa de Campo Living","link":"https:\/\/casadecampoliving.com\/category\/casa-de-campo-living\/"},"img":{"alt_text":"","src":"https:\/\/i0.wp.com\/casadecampoliving.com\/wp-content\/uploads\/2022\/10\/James-Brewster-1.jpg?fit=650%2C433&ssl=1&resize=350%2C200","width":350,"height":200,"srcset":"https:\/\/i0.wp.com\/casadecampoliving.com\/wp-content\/uploads\/2022\/10\/James-Brewster-1.jpg?fit=650%2C433&ssl=1&resize=350%2C200 1x, https:\/\/i0.wp.com\/casadecampoliving.com\/wp-content\/uploads\/2022\/10\/James-Brewster-1.jpg?fit=650%2C433&ssl=1&resize=525%2C300 1.5x"},"classes":[]},{"id":433460,"url":"https:\/\/casadecampoliving.com\/es\/no-se-pierdan-el-increible-tributo-a-frank-sinatra-para-celebrar-el-40-aniversario-del-anfiteatro-altos-de-chavon\/","url_meta":{"origin":353622,"position":4},"title":"No se pierdan el incre\u00edble tributo a Frank Sinatra para celebrar el 40 aniversario del\u00a0Anfiteatro Altos de Chav\u00f3n","author":"Casa de Campo Living","date":"20 Oct, 2022","format":false,"excerpt":"Siendo uno de los escenarios m\u00e1s emblem\u00e1ticos del pa\u00eds, Casa de Campo Resort\u00ae & Villas celebra las cuatro d\u00e9cadas de aniversario de Altos de Chav\u00f3n con un tributo al gran Frank Sinatra, protagonizado por artistas invitados y una big band tal cual la que acompa\u00f1\u00f3 al artista hace 40 a\u00f1os\u2026","rel":"","context":"En \u00abUncategorized @es\u00bb","block_context":{"text":"Uncategorized @es","link":"https:\/\/casadecampoliving.com\/es\/category\/uncategorized-es\/"},"img":{"alt_text":"","src":"https:\/\/i0.wp.com\/casadecampoliving.com\/wp-content\/uploads\/2022\/10\/Tributo-Frank-Sinatra-Foto-Principal-Amaury-Sanchez-Danilo-Ginebra-Andres-Pichardo-y-Jose-Gabriel-Perez-.jpg?fit=1200%2C873&ssl=1&resize=350%2C200","width":350,"height":200,"srcset":"https:\/\/i0.wp.com\/casadecampoliving.com\/wp-content\/uploads\/2022\/10\/Tributo-Frank-Sinatra-Foto-Principal-Amaury-Sanchez-Danilo-Ginebra-Andres-Pichardo-y-Jose-Gabriel-Perez-.jpg?fit=1200%2C873&ssl=1&resize=350%2C200 1x, https:\/\/i0.wp.com\/casadecampoliving.com\/wp-content\/uploads\/2022\/10\/Tributo-Frank-Sinatra-Foto-Principal-Amaury-Sanchez-Danilo-Ginebra-Andres-Pichardo-y-Jose-Gabriel-Perez-.jpg?fit=1200%2C873&ssl=1&resize=525%2C300 1.5x, https:\/\/i0.wp.com\/casadecampoliving.com\/wp-content\/uploads\/2022\/10\/Tributo-Frank-Sinatra-Foto-Principal-Amaury-Sanchez-Danilo-Ginebra-Andres-Pichardo-y-Jose-Gabriel-Perez-.jpg?fit=1200%2C873&ssl=1&resize=700%2C400 2x, https:\/\/i0.wp.com\/casadecampoliving.com\/wp-content\/uploads\/2022\/10\/Tributo-Frank-Sinatra-Foto-Principal-Amaury-Sanchez-Danilo-Ginebra-Andres-Pichardo-y-Jose-Gabriel-Perez-.jpg?fit=1200%2C873&ssl=1&resize=1050%2C600 3x"},"classes":[]},{"id":319183,"url":"https:\/\/casadecampoliving.com\/the-patronato-benefico-oriental-opens-the-new-diagnostico-social\/","url_meta":{"origin":353622,"position":5},"title":"The Patronato Ben\u00e9fico Oriental opens the new &#8216;Diagn\u00f3stico Social&#8217;","author":"Rebecca Silvestri","date":"1 Sep, 2010","format":false,"excerpt":"Last Friday the 27th of August the Patronato Ben\u00e9fico Oriental along with special guests from Casa de Campo and La Romana celebrated the inauguration of it's new Diagn\u00f3stica Social, a health centre which specialises in medical imagining and diagnostics.\u00a0 The new centre, which will be offering it's services,\u00a024 hours a\u2026","rel":"","context":"En \u00abBeyond Casa\u00bb","block_context":{"text":"Beyond Casa","link":"https:\/\/casadecampoliving.com\/category\/beyond-casa\/"},"img":{"alt_text":"01-ramon-menendez_alfonso-paniagua_juan-jose-arteaga","src":"https:\/\/i0.wp.com\/casadecampoliving.com\/wp-content\/uploads\/2022\/10\/01-ramon-menendez_alfonso-paniagua_juan-jose-arteaga.jpg?resize=350%2C200","width":350,"height":200,"srcset":"https:\/\/i0.wp.com\/casadecampoliving.com\/wp-content\/uploads\/2022\/10\/01-ramon-menendez_alfonso-paniagua_juan-jose-arteaga.jpg?resize=350%2C200 1x, https:\/\/i0.wp.com\/casadecampoliving.com\/wp-content\/uploads\/2022\/10\/01-ramon-menendez_alfonso-paniagua_juan-jose-arteaga.jpg?resize=525%2C300 1.5x"},"classes":[]}],"jetpack_sharing_enabled":true,"_links":{"self":[{"href":"https:\/\/casadecampoliving.com\/es\/wp-json\/wp\/v2\/posts\/353622","targetHints":{"allow":["GET"]}}],"collection":[{"href":"https:\/\/casadecampoliving.com\/es\/wp-json\/wp\/v2\/posts"}],"about":[{"href":"https:\/\/casadecampoliving.com\/es\/wp-json\/wp\/v2\/types\/post"}],"author":[{"embeddable":true,"href":"https:\/\/casadecampoliving.com\/es\/wp-json\/wp\/v2\/users\/36791"}],"replies":[{"embeddable":true,"href":"https:\/\/casadecampoliving.com\/es\/wp-json\/wp\/v2\/comments?post=353622"}],"version-history":[{"count":1,"href":"https:\/\/casadecampoliving.com\/es\/wp-json\/wp\/v2\/posts\/353622\/revisions"}],"predecessor-version":[{"id":504109,"href":"https:\/\/casadecampoliving.com\/es\/wp-json\/wp\/v2\/posts\/353622\/revisions\/504109"}],"wp:featuredmedia":[{"embeddable":true,"href":"https:\/\/casadecampoliving.com\/es\/wp-json\/wp\/v2\/media\/310227"}],"wp:attachment":[{"href":"https:\/\/casadecampoliving.com\/es\/wp-json\/wp\/v2\/media?parent=353622"}],"wp:term":[{"taxonomy":"category","embeddable":true,"href":"https:\/\/casadecampoliving.com\/es\/wp-json\/wp\/v2\/categories?post=353622"},{"taxonomy":"post_tag","embeddable":true,"href":"https:\/\/casadecampoliving.com\/es\/wp-json\/wp\/v2\/tags?post=353622"},{"taxonomy":"newspack_spnsrs_tax","embeddable":true,"href":"https:\/\/casadecampoliving.com\/es\/wp-json\/wp\/v2\/newspack_spnsrs_tax?post=353622"}],"curies":[{"name":"wp","href":"https:\/\/api.w.org\/{rel}","templated":true}]}}