{"id":353611,"date":"2019-11-21T00:00:00","date_gmt":"2019-11-21T04:00:00","guid":{"rendered":"https:\/\/casadecampoliving.com\/celebracion-de-20-anos-de-clinica-de-familia-la-romana-en-la-ciudad-de-nueva-york\/"},"modified":"2022-10-21T19:05:58","modified_gmt":"2022-10-21T23:05:58","slug":"celebracion-de-20-anos-de-clinica-de-familia-la-romana-en-la-ciudad-de-nueva-york","status":"publish","type":"post","link":"https:\/\/casadecampoliving.com\/es\/celebracion-de-20-anos-de-clinica-de-familia-la-romana-en-la-ciudad-de-nueva-york\/","title":{"rendered":"Celebraci\u00f3n de 20 A\u00f1os de Cl\u00ednica de Familia La Romana en la Ciudad de Nueva York"},"content":{"rendered":"\n<p>El pasado mes la Cl\u00ednica de Familia La Romana continu\u00f3 la celebraci\u00f3n de sus 20 a\u00f1os de trabajo y trayectoria de dos d\u00e9cadas de crecimiento, salvando vidas y mejorando la salud de las personas en gran parte de la regi\u00f3n este de la Rep\u00fablica Dominicana. El escenario para esta actividad fue el New York Athletic Club en la Ciudad de Nueva York, donde dieron cita 130 personas, entre ellos personalidades que han sido parte del trabajo que realiza la instituci\u00f3n desde sus inicios.<\/p>\n\n\n\n<p>Su fundador, el Dr. Stephen W. Nicholas, resalt\u00f3 con gran orgullo ante los presentes, su trabajo en los a\u00f1os ochenta trabajando el pro de la ni\u00f1ez viviendo con VIH en los Estados Unidos y el desarrollo de los diferentes programas de apoyo, a beneficio de esta poblaci\u00f3n. De igual manera resalt\u00f3 su trayectoria a partir del a\u00f1o 1999 cuando lleg\u00f3 a La Romana ante la llamada de las Religiosas Adoratrices, para ayudar con la primera intervenci\u00f3n del programa de reducci\u00f3n de transmisi\u00f3n vertical de VIH.<\/p>\n\n\n<div class=\"wp-block-image size-full wp-image-203023\">\n<figure class=\"aligncenter is-resized\"><img loading=\"lazy\" decoding=\"async\" data-attachment-id=\"203023\" data-permalink=\"https:\/\/casadecampoliving.com\/es\/fundraising-event-for-the-childrens-global-health-fund-at-the-new-york-athletic-club-180-cpw-nyc-2\/\" data-orig-file=\"https:\/\/i0.wp.com\/casadecampoliving.com\/wp-content\/uploads\/2019\/11\/Dyana-Van-Campen_IMG_4571.jpg?fit=1000%2C604&amp;ssl=1\" data-orig-size=\"1000,604\" data-comments-opened=\"0\" data-image-meta=\"{&quot;aperture&quot;:&quot;4.5&quot;,&quot;credit&quot;:&quot;Photography by Dyana Van Campen&quot;,&quot;camera&quot;:&quot;Canon EOS 5D Mark III&quot;,&quot;caption&quot;:&quot;Fundraising event for the Children&#039;s Global Health Fund at the New York Athletic Club, 180 CPW, NYC&quot;,&quot;created_timestamp&quot;:&quot;1571943210&quot;,&quot;copyright&quot;:&quot;\\u00a9Dyana Van Campen&quot;,&quot;focal_length&quot;:&quot;28&quot;,&quot;iso&quot;:&quot;1000&quot;,&quot;shutter_speed&quot;:&quot;0.0125&quot;,&quot;title&quot;:&quot;Fundraising event for the Children&#039;s Global Health Fund at the New York Athletic Club, 180 CPW, NYC&quot;,&quot;orientation&quot;:&quot;1&quot;}\" data-image-title=\"Fundraising event for the Children&amp;#8217;s Global Health Fund at the New York Athletic Club, 180 CPW, NYC\" data-image-description=\"\" data-image-caption=\"&lt;p&gt;Fundraising event for the Children&amp;#8217;s Global Health Fund at the New York Athletic Club, 180 CPW, NYC&lt;\/p&gt;\n\" data-large-file=\"https:\/\/i0.wp.com\/casadecampoliving.com\/wp-content\/uploads\/2019\/11\/Dyana-Van-Campen_IMG_4571.jpg?fit=1000%2C604&amp;ssl=1\" src=\"https:\/\/i0.wp.com\/casadecampoliving.com\/wp-content\/uploads\/2022\/10\/Dyana-Van-Campen_IMG_4571.jpg?resize=1000%2C604&amp;ssl=1\" alt=\"\" class=\"wp-image-203023\" height=\"604\" width=\"1000\"\/><figcaption>Fundraising event for the Children\u2019s Global Health Fund at the New York Athletic Club, 180 CPW, NYC<\/figcaption><figcaption> Fundraising event for the Children&#8217;s Global Health Fund at the New York Athletic Club, 180 CPW, NYC<\/figcaption><\/figure>\n<\/div>\n\n\n<p>A seguidas, la directora ejecutiva de Cl\u00ednica de Familia La Romana, Mina Halpern Lozada, resalt\u00f3 como Cl\u00ednica de Familia est\u00e1 llegando a m\u00e1s de 13,000 personas cada a\u00f1o y brindando m\u00e1s de 170,000 servicios anualmente. Estos servicios abarcan desde atenci\u00f3n primaria hasta servicios de salud mental y atenci\u00f3n especializada, incluyendo los servicios m\u00e1s recientes, como nefrolog\u00eda y neumolog\u00eda. Por igual, mostr\u00f3 la visi\u00f3n innovadora de continuar brindando servicios a los actuales y nuevos usuarios, con la construcci\u00f3n de la nueva edificaci\u00f3n de Cl\u00ednica de Familia La Romana. Esta nueva edificaci\u00f3n permitir\u00e1 ofrecer nuevos servicios tanto para poblaciones vulnerables como para la comunidad en sentido en general. Enfatiz\u00f3 ante los presentes que esta visi\u00f3n solo puede hacerse realidad con el apoyo de cada uno de ellos. Sus donaciones ser\u00e1n una inversi\u00f3n en Cl\u00ednica de Familia, ayudando con la construir de esa nueva infraestructura, dando la capacidad de llegar a los pr\u00f3ximos veinte a\u00f1os y m\u00e1s.<\/p>\n\n\n\n<p><em>Informaci\u00f3n y fotos cortes\u00eda de la Cl\u00ednica de Familia<\/em><\/p>\n\n\n\n<div id=\"ngg-gallery-544258ffcc2ca1c50c198f2d250cbb3d-1\" class=\"ngg-galleryoverview default-view \">\n<div class=\"ngg-gallery-thumbnail\">\n<blockquote><h3><strong>CL\u00cdNICA DE FAMILIA LA ROMANA<\/strong><\/h3><figure><img decoding=\"async\" loading=\"lazy\" class=\"alignright\" src=\"https:\/\/i0.wp.com\/casadecampoliving.com\/wp-content\/uploads\/2022\/10\/clinica_de_familia.png?resize=218%2C168&amp;ssl=1\" alt=\"Clinica de Familia La Romana\" width=\"218\" height=\"168\"><\/figure><p><b>Direcci\u00f3n:&nbsp;<\/b>Calle Gregorio Luper\u00f3n, esquina Calle Gast\u00f3n Fernando Deligne #168 (al lado de la Iglesia Sagrado Coraz\u00f3n de Jes\u00fas), La Aviaci\u00f3n, La Romana<\/p><p>Encuentre m\u00e1s informaci\u00f3n de la Cl\u00ednica de Familia La Romana en:<\/p><p><a href=\"http:\/\/www.clinicadefamilia.org.do\/\" target=\"_blank\" rel=\"noopener noreferrer\">www.clinicadefamilia.org.do<\/a><\/p><p><a href=\"http:\/\/www.clinicadefamilia.org.do\/programas\/campamento\/\" target=\"_blank\" rel=\"noopener noreferrer\">info@clinicadefamilia.org.do<\/a><\/p><p>Tambi\u00e9n puede ver un video informativo de 18 minutos en Ingl\u00e9s acerca de los programas y servicios de la Cl\u00ednica de Familia en:<br>\n<a href=\"http:\/\/www.clinicadefamilia.org.do\/video\" target=\"_blank\" rel=\"noopener noreferrer\">www.clinicadefamilia.org.do\/video<\/a><\/p><p>Si desea saber m\u00e1s acerca del MAMI, por favor visite la p\u00e1gina web en:&nbsp;<a href=\"http:\/\/www.clinicadefamilia.org.do\/mami\/\">www.clinicadefamilia.org.do\/mami\/<\/a>&nbsp;o env\u00ede un correo electr\u00f3nico a&nbsp;<a href=\"mailto:luzmessina@clinicadefamilia.org.do\">luz@clinicadefamilia.org.do<\/a>&nbsp;o puede contactarnos al: 809-556-8001,&nbsp;<b>whatsapp:&nbsp;<\/b>809-813-2934<\/p><\/blockquote>\n<\/div>\n<\/div>\n","protected":false},"excerpt":{"rendered":"<p>El pasado mes la Cl\u00ednica de Familia La Romana continu\u00f3 la celebraci\u00f3n de sus 20 a\u00f1os de trabajo y trayectoria de dos d\u00e9cadas de crecimiento, salvando vidas y mejorando la salud de las personas en gran parte de la regi\u00f3n este de la Rep\u00fablica Dominicana. El escenario para esta actividad fue el New York Athletic [&hellip;]<\/p>\n","protected":false},"author":36791,"featured_media":309949,"comment_status":"closed","ping_status":"open","sticky":false,"template":"","format":"standard","meta":{"newspack_ads_suppress_ads":false,"newspack_popups_has_disabled_popups":false,"newspack_sponsor_sponsorship_scope":"","newspack_sponsor_native_byline_display":"inherit","newspack_sponsor_native_category_display":"inherit","newspack_sponsor_underwriter_style":"inherit","newspack_sponsor_underwriter_placement":"inherit","_newspack_byline_active":false,"_newspack_byline":"","newspack_hide_updated_date":false,"newspack_show_updated_date":false,"newspack_content_restriction_is_exempt":false,"newspack_featured_image_position":"","newspack_post_subtitle":"","newspack_article_summary_title":"Overview:","newspack_article_summary":"","_jetpack_memberships_contains_paid_content":false,"footnotes":"","jetpack_publicize_message":"","jetpack_publicize_feature_enabled":true,"jetpack_social_post_already_shared":false,"jetpack_social_options":{"image_generator_settings":{"template":"highway","default_image_id":0,"font":"","enabled":false},"version":2},"_wpas_customize_per_network":false},"categories":[2507,2506,2527],"tags":[24321,7465,24166,18932],"newspack_spnsrs_tax":[],"class_list":["post-353611","post","type-post","status-publish","format-standard","has-post-thumbnail","hentry","category-la-romana-es","category-mas-alla-de-casa-es","category-salud","tag-20-aniversario","tag-clinica-de-familia-es","tag-dr-stephen-w-nicholas-es","tag-la-romana-es-4","entry"],"yoast_head":"<!-- This site is optimized with the Yoast SEO plugin v27.5 - https:\/\/yoast.com\/product\/yoast-seo-wordpress\/ -->\n<title>Celebraci\u00f3n de 20 A\u00f1os de Cl\u00ednica de Familia La Romana en la Ciudad de Nueva York | Casa de Campo Living<\/title>\n<meta name=\"description\" content=\"El pasado mes la Cl\u00ednica de Familia La Romana continu\u00f3 la celebraci\u00f3n de sus 20 a\u00f1os de trabajo y trayectoria de dos d\u00e9cadas de crecimiento, salvando\" \/>\n<meta name=\"robots\" content=\"index, follow, max-snippet:-1, max-image-preview:large, max-video-preview:-1\" \/>\n<link rel=\"canonical\" href=\"https:\/\/casadecampoliving.com\/es\/celebracion-de-20-anos-de-clinica-de-familia-la-romana-en-la-ciudad-de-nueva-york\/\" \/>\n<meta property=\"og:locale\" content=\"es_ES\" \/>\n<meta property=\"og:type\" content=\"article\" \/>\n<meta property=\"og:title\" content=\"Celebraci\u00f3n de 20 A\u00f1os de Cl\u00ednica de Familia La Romana en la Ciudad de Nueva York | Casa de Campo Living\" \/>\n<meta property=\"og:description\" content=\"El pasado mes la Cl\u00ednica de Familia La Romana continu\u00f3 la celebraci\u00f3n de sus 20 a\u00f1os de trabajo y trayectoria de dos d\u00e9cadas de crecimiento, salvando\" \/>\n<meta property=\"og:url\" content=\"https:\/\/casadecampoliving.com\/es\/celebracion-de-20-anos-de-clinica-de-familia-la-romana-en-la-ciudad-de-nueva-york\/\" \/>\n<meta property=\"og:site_name\" content=\"Casa de Campo Living\" \/>\n<meta property=\"article:publisher\" content=\"https:\/\/www.facebook.com\/casadecampoliving\" \/>\n<meta property=\"article:published_time\" content=\"2019-11-21T04:00:00+00:00\" \/>\n<meta property=\"article:modified_time\" content=\"2022-10-21T23:05:58+00:00\" \/>\n<meta property=\"og:image\" content=\"https:\/\/i0.wp.com\/casadecampoliving.com\/wp-content\/uploads\/2022\/10\/Dyana-Van-Campen_IMG_4634.jpg?fit=1000%2C599&ssl=1\" \/>\n\t<meta property=\"og:image:width\" content=\"1000\" \/>\n\t<meta property=\"og:image:height\" content=\"599\" \/>\n\t<meta property=\"og:image:type\" content=\"image\/jpeg\" \/>\n<meta name=\"author\" content=\"Casa de Campo Living\" \/>\n<meta name=\"twitter:card\" content=\"summary_large_image\" \/>\n<meta name=\"twitter:creator\" content=\"@cdcliving\" \/>\n<meta name=\"twitter:site\" content=\"@cdcliving\" \/>\n<meta name=\"twitter:label1\" content=\"Escrito por\" \/>\n\t<meta name=\"twitter:data1\" content=\"Casa de Campo Living\" \/>\n\t<meta name=\"twitter:label2\" content=\"Tiempo de lectura\" \/>\n\t<meta name=\"twitter:data2\" content=\"3 minutos\" \/>\n<script type=\"application\/ld+json\" class=\"yoast-schema-graph\">{\"@context\":\"https:\\\/\\\/schema.org\",\"@graph\":[{\"@type\":\"Article\",\"@id\":\"https:\\\/\\\/casadecampoliving.com\\\/es\\\/celebracion-de-20-anos-de-clinica-de-familia-la-romana-en-la-ciudad-de-nueva-york\\\/#article\",\"isPartOf\":{\"@id\":\"https:\\\/\\\/casadecampoliving.com\\\/es\\\/celebracion-de-20-anos-de-clinica-de-familia-la-romana-en-la-ciudad-de-nueva-york\\\/\"},\"author\":{\"name\":\"Casa de Campo Living\",\"@id\":\"https:\\\/\\\/casadecampoliving.com\\\/es\\\/#\\\/schema\\\/person\\\/5d2171637a9d11e0e43ce6b8555f9422\"},\"headline\":\"Celebraci\u00f3n de 20 A\u00f1os de Cl\u00ednica de Familia La Romana en la Ciudad de Nueva York\",\"datePublished\":\"2019-11-21T04:00:00+00:00\",\"dateModified\":\"2022-10-21T23:05:58+00:00\",\"mainEntityOfPage\":{\"@id\":\"https:\\\/\\\/casadecampoliving.com\\\/es\\\/celebracion-de-20-anos-de-clinica-de-familia-la-romana-en-la-ciudad-de-nueva-york\\\/\"},\"wordCount\":552,\"publisher\":{\"@id\":\"https:\\\/\\\/casadecampoliving.com\\\/es\\\/#organization\"},\"image\":{\"@id\":\"https:\\\/\\\/casadecampoliving.com\\\/es\\\/celebracion-de-20-anos-de-clinica-de-familia-la-romana-en-la-ciudad-de-nueva-york\\\/#primaryimage\"},\"thumbnailUrl\":\"https:\\\/\\\/i0.wp.com\\\/casadecampoliving.com\\\/wp-content\\\/uploads\\\/2022\\\/10\\\/Dyana-Van-Campen_IMG_4634.jpg?fit=1000%2C599&ssl=1\",\"keywords\":[\"20 aniversario\",\"clinica de familia @es\",\"Dr. Stephen W. Nicholas @es\",\"La Romana\"],\"articleSection\":[\"La Romana @es\",\"M\u00e1s all\u00e1 de Casa\",\"Salud\"],\"inLanguage\":\"es\"},{\"@type\":\"WebPage\",\"@id\":\"https:\\\/\\\/casadecampoliving.com\\\/es\\\/celebracion-de-20-anos-de-clinica-de-familia-la-romana-en-la-ciudad-de-nueva-york\\\/\",\"url\":\"https:\\\/\\\/casadecampoliving.com\\\/es\\\/celebracion-de-20-anos-de-clinica-de-familia-la-romana-en-la-ciudad-de-nueva-york\\\/\",\"name\":\"Celebraci\u00f3n de 20 A\u00f1os de Cl\u00ednica de Familia La Romana en la Ciudad de Nueva York | Casa de Campo Living\",\"isPartOf\":{\"@id\":\"https:\\\/\\\/casadecampoliving.com\\\/es\\\/#website\"},\"primaryImageOfPage\":{\"@id\":\"https:\\\/\\\/casadecampoliving.com\\\/es\\\/celebracion-de-20-anos-de-clinica-de-familia-la-romana-en-la-ciudad-de-nueva-york\\\/#primaryimage\"},\"image\":{\"@id\":\"https:\\\/\\\/casadecampoliving.com\\\/es\\\/celebracion-de-20-anos-de-clinica-de-familia-la-romana-en-la-ciudad-de-nueva-york\\\/#primaryimage\"},\"thumbnailUrl\":\"https:\\\/\\\/i0.wp.com\\\/casadecampoliving.com\\\/wp-content\\\/uploads\\\/2022\\\/10\\\/Dyana-Van-Campen_IMG_4634.jpg?fit=1000%2C599&ssl=1\",\"datePublished\":\"2019-11-21T04:00:00+00:00\",\"dateModified\":\"2022-10-21T23:05:58+00:00\",\"description\":\"El pasado mes la Cl\u00ednica de Familia La Romana continu\u00f3 la celebraci\u00f3n de sus 20 a\u00f1os de trabajo y trayectoria de dos d\u00e9cadas de crecimiento, salvando\",\"breadcrumb\":{\"@id\":\"https:\\\/\\\/casadecampoliving.com\\\/es\\\/celebracion-de-20-anos-de-clinica-de-familia-la-romana-en-la-ciudad-de-nueva-york\\\/#breadcrumb\"},\"inLanguage\":\"es\",\"potentialAction\":[{\"@type\":\"ReadAction\",\"target\":[\"https:\\\/\\\/casadecampoliving.com\\\/es\\\/celebracion-de-20-anos-de-clinica-de-familia-la-romana-en-la-ciudad-de-nueva-york\\\/\"]}]},{\"@type\":\"ImageObject\",\"inLanguage\":\"es\",\"@id\":\"https:\\\/\\\/casadecampoliving.com\\\/es\\\/celebracion-de-20-anos-de-clinica-de-familia-la-romana-en-la-ciudad-de-nueva-york\\\/#primaryimage\",\"url\":\"https:\\\/\\\/i0.wp.com\\\/casadecampoliving.com\\\/wp-content\\\/uploads\\\/2022\\\/10\\\/Dyana-Van-Campen_IMG_4634.jpg?fit=1000%2C599&ssl=1\",\"contentUrl\":\"https:\\\/\\\/i0.wp.com\\\/casadecampoliving.com\\\/wp-content\\\/uploads\\\/2022\\\/10\\\/Dyana-Van-Campen_IMG_4634.jpg?fit=1000%2C599&ssl=1\",\"width\":1000,\"height\":599,\"caption\":\"Fundraising event for the Children's Global Health Fund at the New York Athletic Club, 180 CPW, NYC\"},{\"@type\":\"BreadcrumbList\",\"@id\":\"https:\\\/\\\/casadecampoliving.com\\\/es\\\/celebracion-de-20-anos-de-clinica-de-familia-la-romana-en-la-ciudad-de-nueva-york\\\/#breadcrumb\",\"itemListElement\":[{\"@type\":\"ListItem\",\"position\":1,\"name\":\"Home\",\"item\":\"https:\\\/\\\/casadecampoliving.com\\\/es\\\/\"},{\"@type\":\"ListItem\",\"position\":2,\"name\":\"Celebraci\u00f3n de 20 A\u00f1os de Cl\u00ednica de Familia La Romana en la Ciudad de Nueva York\"}]},{\"@type\":\"WebSite\",\"@id\":\"https:\\\/\\\/casadecampoliving.com\\\/es\\\/#website\",\"url\":\"https:\\\/\\\/casadecampoliving.com\\\/es\\\/\",\"name\":\"Casa de Campo Living\",\"description\":\"Resort community news and resources.\",\"publisher\":{\"@id\":\"https:\\\/\\\/casadecampoliving.com\\\/es\\\/#organization\"},\"potentialAction\":[{\"@type\":\"SearchAction\",\"target\":{\"@type\":\"EntryPoint\",\"urlTemplate\":\"https:\\\/\\\/casadecampoliving.com\\\/es\\\/?s={search_term_string}\"},\"query-input\":{\"@type\":\"PropertyValueSpecification\",\"valueRequired\":true,\"valueName\":\"search_term_string\"}}],\"inLanguage\":\"es\"},{\"@type\":\"Organization\",\"@id\":\"https:\\\/\\\/casadecampoliving.com\\\/es\\\/#organization\",\"name\":\"Casa de Campo Living\",\"url\":\"https:\\\/\\\/casadecampoliving.com\\\/es\\\/\",\"logo\":{\"@type\":\"ImageObject\",\"inLanguage\":\"es\",\"@id\":\"https:\\\/\\\/casadecampoliving.com\\\/es\\\/#\\\/schema\\\/logo\\\/image\\\/\",\"url\":\"https:\\\/\\\/i0.wp.com\\\/casadecampoliving.com\\\/wp-content\\\/uploads\\\/2022\\\/07\\\/CDCLivingLogo_V1-white-sized.png?fit=800%2C214&ssl=1\",\"contentUrl\":\"https:\\\/\\\/i0.wp.com\\\/casadecampoliving.com\\\/wp-content\\\/uploads\\\/2022\\\/07\\\/CDCLivingLogo_V1-white-sized.png?fit=800%2C214&ssl=1\",\"width\":800,\"height\":214,\"caption\":\"Casa de Campo Living\"},\"image\":{\"@id\":\"https:\\\/\\\/casadecampoliving.com\\\/es\\\/#\\\/schema\\\/logo\\\/image\\\/\"},\"sameAs\":[\"https:\\\/\\\/www.facebook.com\\\/casadecampoliving\",\"https:\\\/\\\/x.com\\\/cdcliving\"]},{\"@type\":\"Person\",\"@id\":\"https:\\\/\\\/casadecampoliving.com\\\/es\\\/#\\\/schema\\\/person\\\/5d2171637a9d11e0e43ce6b8555f9422\",\"name\":\"Casa de Campo Living\",\"image\":{\"@type\":\"ImageObject\",\"inLanguage\":\"es\",\"@id\":\"https:\\\/\\\/secure.gravatar.com\\\/avatar\\\/d04101fa4a9fd431e939953b1500fdc7a73cd35029f86d98712fd8ccdaebaf9a?s=96&d=mm&r=g\",\"url\":\"https:\\\/\\\/secure.gravatar.com\\\/avatar\\\/d04101fa4a9fd431e939953b1500fdc7a73cd35029f86d98712fd8ccdaebaf9a?s=96&d=mm&r=g\",\"contentUrl\":\"https:\\\/\\\/secure.gravatar.com\\\/avatar\\\/d04101fa4a9fd431e939953b1500fdc7a73cd35029f86d98712fd8ccdaebaf9a?s=96&d=mm&r=g\",\"caption\":\"Casa de Campo Living\"},\"url\":\"https:\\\/\\\/casadecampoliving.com\\\/es\\\/author\\\/casa-de-campo-living\\\/\"}]}<\/script>\n<!-- \/ Yoast SEO plugin. -->","yoast_head_json":{"title":"Celebraci\u00f3n de 20 A\u00f1os de Cl\u00ednica de Familia La Romana en la Ciudad de Nueva York | Casa de Campo Living","description":"El pasado mes la Cl\u00ednica de Familia La Romana continu\u00f3 la celebraci\u00f3n de sus 20 a\u00f1os de trabajo y trayectoria de dos d\u00e9cadas de crecimiento, salvando","robots":{"index":"index","follow":"follow","max-snippet":"max-snippet:-1","max-image-preview":"max-image-preview:large","max-video-preview":"max-video-preview:-1"},"canonical":"https:\/\/casadecampoliving.com\/es\/celebracion-de-20-anos-de-clinica-de-familia-la-romana-en-la-ciudad-de-nueva-york\/","og_locale":"es_ES","og_type":"article","og_title":"Celebraci\u00f3n de 20 A\u00f1os de Cl\u00ednica de Familia La Romana en la Ciudad de Nueva York | Casa de Campo Living","og_description":"El pasado mes la Cl\u00ednica de Familia La Romana continu\u00f3 la celebraci\u00f3n de sus 20 a\u00f1os de trabajo y trayectoria de dos d\u00e9cadas de crecimiento, salvando","og_url":"https:\/\/casadecampoliving.com\/es\/celebracion-de-20-anos-de-clinica-de-familia-la-romana-en-la-ciudad-de-nueva-york\/","og_site_name":"Casa de Campo Living","article_publisher":"https:\/\/www.facebook.com\/casadecampoliving","article_published_time":"2019-11-21T04:00:00+00:00","article_modified_time":"2022-10-21T23:05:58+00:00","og_image":[{"width":1000,"height":599,"url":"https:\/\/i0.wp.com\/casadecampoliving.com\/wp-content\/uploads\/2022\/10\/Dyana-Van-Campen_IMG_4634.jpg?fit=1000%2C599&ssl=1","type":"image\/jpeg"}],"author":"Casa de Campo Living","twitter_card":"summary_large_image","twitter_creator":"@cdcliving","twitter_site":"@cdcliving","twitter_misc":{"Escrito por":"Casa de Campo Living","Tiempo de lectura":"3 minutos"},"schema":{"@context":"https:\/\/schema.org","@graph":[{"@type":"Article","@id":"https:\/\/casadecampoliving.com\/es\/celebracion-de-20-anos-de-clinica-de-familia-la-romana-en-la-ciudad-de-nueva-york\/#article","isPartOf":{"@id":"https:\/\/casadecampoliving.com\/es\/celebracion-de-20-anos-de-clinica-de-familia-la-romana-en-la-ciudad-de-nueva-york\/"},"author":{"name":"Casa de Campo Living","@id":"https:\/\/casadecampoliving.com\/es\/#\/schema\/person\/5d2171637a9d11e0e43ce6b8555f9422"},"headline":"Celebraci\u00f3n de 20 A\u00f1os de Cl\u00ednica de Familia La Romana en la Ciudad de Nueva York","datePublished":"2019-11-21T04:00:00+00:00","dateModified":"2022-10-21T23:05:58+00:00","mainEntityOfPage":{"@id":"https:\/\/casadecampoliving.com\/es\/celebracion-de-20-anos-de-clinica-de-familia-la-romana-en-la-ciudad-de-nueva-york\/"},"wordCount":552,"publisher":{"@id":"https:\/\/casadecampoliving.com\/es\/#organization"},"image":{"@id":"https:\/\/casadecampoliving.com\/es\/celebracion-de-20-anos-de-clinica-de-familia-la-romana-en-la-ciudad-de-nueva-york\/#primaryimage"},"thumbnailUrl":"https:\/\/i0.wp.com\/casadecampoliving.com\/wp-content\/uploads\/2022\/10\/Dyana-Van-Campen_IMG_4634.jpg?fit=1000%2C599&ssl=1","keywords":["20 aniversario","clinica de familia @es","Dr. Stephen W. Nicholas @es","La Romana"],"articleSection":["La Romana @es","M\u00e1s all\u00e1 de Casa","Salud"],"inLanguage":"es"},{"@type":"WebPage","@id":"https:\/\/casadecampoliving.com\/es\/celebracion-de-20-anos-de-clinica-de-familia-la-romana-en-la-ciudad-de-nueva-york\/","url":"https:\/\/casadecampoliving.com\/es\/celebracion-de-20-anos-de-clinica-de-familia-la-romana-en-la-ciudad-de-nueva-york\/","name":"Celebraci\u00f3n de 20 A\u00f1os de Cl\u00ednica de Familia La Romana en la Ciudad de Nueva York | Casa de Campo Living","isPartOf":{"@id":"https:\/\/casadecampoliving.com\/es\/#website"},"primaryImageOfPage":{"@id":"https:\/\/casadecampoliving.com\/es\/celebracion-de-20-anos-de-clinica-de-familia-la-romana-en-la-ciudad-de-nueva-york\/#primaryimage"},"image":{"@id":"https:\/\/casadecampoliving.com\/es\/celebracion-de-20-anos-de-clinica-de-familia-la-romana-en-la-ciudad-de-nueva-york\/#primaryimage"},"thumbnailUrl":"https:\/\/i0.wp.com\/casadecampoliving.com\/wp-content\/uploads\/2022\/10\/Dyana-Van-Campen_IMG_4634.jpg?fit=1000%2C599&ssl=1","datePublished":"2019-11-21T04:00:00+00:00","dateModified":"2022-10-21T23:05:58+00:00","description":"El pasado mes la Cl\u00ednica de Familia La Romana continu\u00f3 la celebraci\u00f3n de sus 20 a\u00f1os de trabajo y trayectoria de dos d\u00e9cadas de crecimiento, salvando","breadcrumb":{"@id":"https:\/\/casadecampoliving.com\/es\/celebracion-de-20-anos-de-clinica-de-familia-la-romana-en-la-ciudad-de-nueva-york\/#breadcrumb"},"inLanguage":"es","potentialAction":[{"@type":"ReadAction","target":["https:\/\/casadecampoliving.com\/es\/celebracion-de-20-anos-de-clinica-de-familia-la-romana-en-la-ciudad-de-nueva-york\/"]}]},{"@type":"ImageObject","inLanguage":"es","@id":"https:\/\/casadecampoliving.com\/es\/celebracion-de-20-anos-de-clinica-de-familia-la-romana-en-la-ciudad-de-nueva-york\/#primaryimage","url":"https:\/\/i0.wp.com\/casadecampoliving.com\/wp-content\/uploads\/2022\/10\/Dyana-Van-Campen_IMG_4634.jpg?fit=1000%2C599&ssl=1","contentUrl":"https:\/\/i0.wp.com\/casadecampoliving.com\/wp-content\/uploads\/2022\/10\/Dyana-Van-Campen_IMG_4634.jpg?fit=1000%2C599&ssl=1","width":1000,"height":599,"caption":"Fundraising event for the Children's Global Health Fund at the New York Athletic Club, 180 CPW, NYC"},{"@type":"BreadcrumbList","@id":"https:\/\/casadecampoliving.com\/es\/celebracion-de-20-anos-de-clinica-de-familia-la-romana-en-la-ciudad-de-nueva-york\/#breadcrumb","itemListElement":[{"@type":"ListItem","position":1,"name":"Home","item":"https:\/\/casadecampoliving.com\/es\/"},{"@type":"ListItem","position":2,"name":"Celebraci\u00f3n de 20 A\u00f1os de Cl\u00ednica de Familia La Romana en la Ciudad de Nueva York"}]},{"@type":"WebSite","@id":"https:\/\/casadecampoliving.com\/es\/#website","url":"https:\/\/casadecampoliving.com\/es\/","name":"Casa de Campo Living","description":"Resort community news and resources.","publisher":{"@id":"https:\/\/casadecampoliving.com\/es\/#organization"},"potentialAction":[{"@type":"SearchAction","target":{"@type":"EntryPoint","urlTemplate":"https:\/\/casadecampoliving.com\/es\/?s={search_term_string}"},"query-input":{"@type":"PropertyValueSpecification","valueRequired":true,"valueName":"search_term_string"}}],"inLanguage":"es"},{"@type":"Organization","@id":"https:\/\/casadecampoliving.com\/es\/#organization","name":"Casa de Campo Living","url":"https:\/\/casadecampoliving.com\/es\/","logo":{"@type":"ImageObject","inLanguage":"es","@id":"https:\/\/casadecampoliving.com\/es\/#\/schema\/logo\/image\/","url":"https:\/\/i0.wp.com\/casadecampoliving.com\/wp-content\/uploads\/2022\/07\/CDCLivingLogo_V1-white-sized.png?fit=800%2C214&ssl=1","contentUrl":"https:\/\/i0.wp.com\/casadecampoliving.com\/wp-content\/uploads\/2022\/07\/CDCLivingLogo_V1-white-sized.png?fit=800%2C214&ssl=1","width":800,"height":214,"caption":"Casa de Campo Living"},"image":{"@id":"https:\/\/casadecampoliving.com\/es\/#\/schema\/logo\/image\/"},"sameAs":["https:\/\/www.facebook.com\/casadecampoliving","https:\/\/x.com\/cdcliving"]},{"@type":"Person","@id":"https:\/\/casadecampoliving.com\/es\/#\/schema\/person\/5d2171637a9d11e0e43ce6b8555f9422","name":"Casa de Campo Living","image":{"@type":"ImageObject","inLanguage":"es","@id":"https:\/\/secure.gravatar.com\/avatar\/d04101fa4a9fd431e939953b1500fdc7a73cd35029f86d98712fd8ccdaebaf9a?s=96&d=mm&r=g","url":"https:\/\/secure.gravatar.com\/avatar\/d04101fa4a9fd431e939953b1500fdc7a73cd35029f86d98712fd8ccdaebaf9a?s=96&d=mm&r=g","contentUrl":"https:\/\/secure.gravatar.com\/avatar\/d04101fa4a9fd431e939953b1500fdc7a73cd35029f86d98712fd8ccdaebaf9a?s=96&d=mm&r=g","caption":"Casa de Campo Living"},"url":"https:\/\/casadecampoliving.com\/es\/author\/casa-de-campo-living\/"}]}},"parsely":{"version":"1.1.0","canonical_url":"https:\/\/casadecampoliving.com\/es\/celebracion-de-20-anos-de-clinica-de-familia-la-romana-en-la-ciudad-de-nueva-york\/","smart_links":{"inbound":0,"outbound":0},"traffic_boost_suggestions_count":0,"meta":{"@context":"https:\/\/schema.org","@type":"NewsArticle","headline":"Celebraci\u00f3n de 20 A\u00f1os de Cl\u00ednica de Familia La Romana en la Ciudad de Nueva York","url":"http:\/\/casadecampoliving.com\/es\/celebracion-de-20-anos-de-clinica-de-familia-la-romana-en-la-ciudad-de-nueva-york\/","mainEntityOfPage":{"@type":"WebPage","@id":"http:\/\/casadecampoliving.com\/es\/celebracion-de-20-anos-de-clinica-de-familia-la-romana-en-la-ciudad-de-nueva-york\/"},"thumbnailUrl":"https:\/\/i0.wp.com\/casadecampoliving.com\/wp-content\/uploads\/2022\/10\/Dyana-Van-Campen_IMG_4634.jpg?resize=150%2C150&ssl=1","image":{"@type":"ImageObject","url":"https:\/\/i0.wp.com\/casadecampoliving.com\/wp-content\/uploads\/2022\/10\/Dyana-Van-Campen_IMG_4634.jpg?fit=1000%2C599&ssl=1"},"articleSection":"La Romana @es","author":[{"@type":"Person","name":"Casa de Campo Living"}],"creator":["Casa de Campo Living"],"publisher":{"@type":"Organization","name":"Casa de Campo Living","logo":"https:\/\/casadecampoliving.com\/wp-content\/uploads\/2022\/07\/CDCLivingLogo_V1-white-sized.png"},"keywords":["20 aniversario","clinica de familia @es","dr. stephen w. nicholas @es","la romana"],"dateCreated":"2019-11-21T04:00:00Z","datePublished":"2019-11-21T04:00:00Z","dateModified":"2022-10-21T23:05:58Z"},"rendered":"<script type=\"application\/ld+json\" class=\"wp-parsely-metadata\">{\"@context\":\"https:\\\/\\\/schema.org\",\"@type\":\"NewsArticle\",\"headline\":\"Celebraci\\u00f3n de 20 A\\u00f1os de Cl\\u00ednica de Familia La Romana en la Ciudad de Nueva York\",\"url\":\"http:\\\/\\\/casadecampoliving.com\\\/es\\\/celebracion-de-20-anos-de-clinica-de-familia-la-romana-en-la-ciudad-de-nueva-york\\\/\",\"mainEntityOfPage\":{\"@type\":\"WebPage\",\"@id\":\"http:\\\/\\\/casadecampoliving.com\\\/es\\\/celebracion-de-20-anos-de-clinica-de-familia-la-romana-en-la-ciudad-de-nueva-york\\\/\"},\"thumbnailUrl\":\"https:\\\/\\\/i0.wp.com\\\/casadecampoliving.com\\\/wp-content\\\/uploads\\\/2022\\\/10\\\/Dyana-Van-Campen_IMG_4634.jpg?resize=150%2C150&ssl=1\",\"image\":{\"@type\":\"ImageObject\",\"url\":\"https:\\\/\\\/i0.wp.com\\\/casadecampoliving.com\\\/wp-content\\\/uploads\\\/2022\\\/10\\\/Dyana-Van-Campen_IMG_4634.jpg?fit=1000%2C599&ssl=1\"},\"articleSection\":\"La Romana @es\",\"author\":[{\"@type\":\"Person\",\"name\":\"Casa de Campo Living\"}],\"creator\":[\"Casa de Campo Living\"],\"publisher\":{\"@type\":\"Organization\",\"name\":\"Casa de Campo Living\",\"logo\":\"https:\\\/\\\/casadecampoliving.com\\\/wp-content\\\/uploads\\\/2022\\\/07\\\/CDCLivingLogo_V1-white-sized.png\"},\"keywords\":[\"20 aniversario\",\"clinica de familia @es\",\"dr. stephen w. nicholas @es\",\"la romana\"],\"dateCreated\":\"2019-11-21T04:00:00Z\",\"datePublished\":\"2019-11-21T04:00:00Z\",\"dateModified\":\"2022-10-21T23:05:58Z\"}<\/script>","tracker_url":"https:\/\/cdn.parsely.com\/keys\/casadecampoliving.com\/p.js"},"jetpack_publicize_connections":[],"jetpack_featured_media_url":"https:\/\/i0.wp.com\/casadecampoliving.com\/wp-content\/uploads\/2022\/10\/Dyana-Van-Campen_IMG_4634.jpg?fit=1000%2C599&ssl=1","jetpack-related-posts":[{"id":353562,"url":"https:\/\/casadecampoliving.com\/es\/celebracion-de-20-anos-de-clinica-de-familia-la-romana-brindando-servicios-en-la-comunidad\/","url_meta":{"origin":353611,"position":0},"title":"Celebraci\u00f3n de 20 A\u00f1os de Cl\u00ednica de Familia La Romana brindando servicios en la comunidad","author":"Casa de Campo Living","date":"30 Sep, 2019","format":false,"excerpt":"El pasado viernes, 20 de septiembre Cl\u00ednica de Familia La Romana celebr\u00f3 su trayectoria de trabajo de 20 a\u00f1os brindando servicios de salud a la comunidad de La Romana y gran parte de la regi\u00f3n este. Como parte de las festividades, se realiz\u00f3 durante el d\u00eda la celebraci\u00f3n con todos\u2026","rel":"","context":"En \u00abM\u00e1s all\u00e1 de Casa\u00bb","block_context":{"text":"M\u00e1s all\u00e1 de Casa","link":"https:\/\/casadecampoliving.com\/es\/category\/mas-alla-de-casa-es\/"},"img":{"alt_text":"","src":"https:\/\/i0.wp.com\/casadecampoliving.com\/wp-content\/uploads\/2022\/10\/IMG_2542-1.jpg?fit=1000%2C667&ssl=1&resize=350%2C200","width":350,"height":200,"srcset":"https:\/\/i0.wp.com\/casadecampoliving.com\/wp-content\/uploads\/2022\/10\/IMG_2542-1.jpg?fit=1000%2C667&ssl=1&resize=350%2C200 1x, https:\/\/i0.wp.com\/casadecampoliving.com\/wp-content\/uploads\/2022\/10\/IMG_2542-1.jpg?fit=1000%2C667&ssl=1&resize=525%2C300 1.5x, https:\/\/i0.wp.com\/casadecampoliving.com\/wp-content\/uploads\/2022\/10\/IMG_2542-1.jpg?fit=1000%2C667&ssl=1&resize=700%2C400 2x"},"classes":[]},{"id":353510,"url":"https:\/\/casadecampoliving.com\/es\/trayectoria-reconocida-del-fundador-de-clinica-de-familia-la-romana-gran-parada-dominicana-del-bronx\/","url_meta":{"origin":353611,"position":1},"title":"Trayectoria del Fundador de Cl\u00ednica de Familia La Romana Reconocida durante la Gran Parada Dominicana del Bronx","author":"Casa de Campo Living","date":"31 Jul, 2019","format":false,"excerpt":"En el a\u00f1o 1999 comenzaron los primeros ideales del Dr. Stephen W. Nicholas que hoy, 20 a\u00f1os despu\u00e9s, la Cl\u00ednica de Familia celebra con orgullo y satisfacci\u00f3n de haber llegado a tantas personas vulnerables y de bajos recursos en la regi\u00f3n este de la Rep\u00fablica Dominicana. Como parte de las\u2026","rel":"","context":"En \u00abLa Romana @es\u00bb","block_context":{"text":"La Romana @es","link":"https:\/\/casadecampoliving.com\/es\/category\/mas-alla-de-casa-es\/la-romana-es\/"},"img":{"alt_text":"","src":"https:\/\/i0.wp.com\/casadecampoliving.com\/wp-content\/uploads\/2022\/10\/image1-5.jpeg?fit=1000%2C603&ssl=1&resize=350%2C200","width":350,"height":200,"srcset":"https:\/\/i0.wp.com\/casadecampoliving.com\/wp-content\/uploads\/2022\/10\/image1-5.jpeg?fit=1000%2C603&ssl=1&resize=350%2C200 1x, https:\/\/i0.wp.com\/casadecampoliving.com\/wp-content\/uploads\/2022\/10\/image1-5.jpeg?fit=1000%2C603&ssl=1&resize=525%2C300 1.5x, https:\/\/i0.wp.com\/casadecampoliving.com\/wp-content\/uploads\/2022\/10\/image1-5.jpeg?fit=1000%2C603&ssl=1&resize=700%2C400 2x"},"classes":[]},{"id":340871,"url":"https:\/\/casadecampoliving.com\/es\/celebramos-15-anos-de-una-maravillosa-labor-de-la-clinica-de-familia-en-la-romana\/","url_meta":{"origin":353611,"position":2},"title":"\u00a1Celebramos 15 a\u00f1os de una maravillosa labor de la Cl\u00ednica de Familia en La Romana!","author":"","date":"30 Mar, 2013","format":false,"excerpt":"El pasado viernes 8 de marzo de 2013 la Cl\u00ednica de Familia La Romana, como principal y primer centro del Este dedicado a brindar asistencia m\u00e9dica a mujeres y ni\u00f1os con el virus de VIH, as\u00ed como numerosos programas de apoyo dirigidos a la comunidad,\u00a0celebr\u00f3 15 extraordinarios a\u00f1os de labor\u2026","rel":"","context":"En \u00abDestacados\u00bb","block_context":{"text":"Destacados","link":"https:\/\/casadecampoliving.com\/es\/category\/destacados\/"},"img":{"alt_text":"","src":"https:\/\/i0.wp.com\/casadecampoliving.com\/wp-content\/uploads\/2022\/10\/clinica_de_familia_15_anniversary-2.jpg?fit=650%2C386&ssl=1&resize=350%2C200","width":350,"height":200,"srcset":"https:\/\/i0.wp.com\/casadecampoliving.com\/wp-content\/uploads\/2022\/10\/clinica_de_familia_15_anniversary-2.jpg?fit=650%2C386&ssl=1&resize=350%2C200 1x, https:\/\/i0.wp.com\/casadecampoliving.com\/wp-content\/uploads\/2022\/10\/clinica_de_familia_15_anniversary-2.jpg?fit=650%2C386&ssl=1&resize=525%2C300 1.5x"},"classes":[]},{"id":342844,"url":"https:\/\/casadecampoliving.com\/es\/introducing-el-centro-de-salud-global-en-la-clinica-de-familia-la-romana\/","url_meta":{"origin":353611,"position":3},"title":"Conozca el Centro de Salud Global en la Cl\u00ednica de Familia La Romana","author":"Rebecca Silvestri","date":"10 Sep, 2013","format":false,"excerpt":"Dentro del \u00e1rea metropolitana de La Romana, a la cual Casa de Campo pertenece, hay muchas instituciones que trabajan de una manera ardua para la comunidad. Aqu\u00ed te presentamos el Centro de Salud Global, que es parte de Cl\u00ednica de Familia en La Romana. Cl\u00ednica de Familia es una organizaci\u00f3n\u2026","rel":"","context":"En \u00abDeportes\u00bb","block_context":{"text":"Deportes","link":"https:\/\/casadecampoliving.com\/es\/category\/golf-deportes-es\/"},"img":{"alt_text":"Clinica de Familia La Romana","src":"https:\/\/i0.wp.com\/casadecampoliving.com\/wp-content\/uploads\/2022\/10\/clinica_de_familia_la_romana-3.jpg?fit=650%2C411&ssl=1&resize=350%2C200","width":350,"height":200,"srcset":"https:\/\/i0.wp.com\/casadecampoliving.com\/wp-content\/uploads\/2022\/10\/clinica_de_familia_la_romana-3.jpg?fit=650%2C411&ssl=1&resize=350%2C200 1x, https:\/\/i0.wp.com\/casadecampoliving.com\/wp-content\/uploads\/2022\/10\/clinica_de_familia_la_romana-3.jpg?fit=650%2C411&ssl=1&resize=525%2C300 1.5x"},"classes":[]},{"id":345101,"url":"https:\/\/casadecampoliving.com\/es\/clinicadefamilialaromana\/","url_meta":{"origin":353611,"position":4},"title":"Inaguraci\u00f3n de la Cl\u00ednica de Familia La Romana","author":"Maria Isabel B\u00e1ez","date":"12 Ago, 2014","format":false,"excerpt":"El 1ro de agosto la Cl\u00ednica de Familia La Romana celebr\u00f3 la reinauguraci\u00f3n de su centro. El centro m\u00e9dico fue reinaugurado despu\u00e9s de remodelaciones en su infraestructura e instalaciones de paneles solares como una de sus mejor\u00edas. \u00a1Ahora la Cl\u00ednica de Familia La Romana est\u00e1 devuelta y mejor que nunca!\u2026","rel":"","context":"En \u00abCasa de Campo Living @es\u00bb","block_context":{"text":"Casa de Campo Living @es","link":"https:\/\/casadecampoliving.com\/category\/casa-de-campo-living-es\/"},"img":{"alt_text":"","src":"https:\/\/i0.wp.com\/casadecampoliving.com\/wp-content\/uploads\/2022\/10\/CFLR_Inauguracion_112-1.jpg?fit=1200%2C797&ssl=1&resize=350%2C200","width":350,"height":200,"srcset":"https:\/\/i0.wp.com\/casadecampoliving.com\/wp-content\/uploads\/2022\/10\/CFLR_Inauguracion_112-1.jpg?fit=1200%2C797&ssl=1&resize=350%2C200 1x, https:\/\/i0.wp.com\/casadecampoliving.com\/wp-content\/uploads\/2022\/10\/CFLR_Inauguracion_112-1.jpg?fit=1200%2C797&ssl=1&resize=525%2C300 1.5x, https:\/\/i0.wp.com\/casadecampoliving.com\/wp-content\/uploads\/2022\/10\/CFLR_Inauguracion_112-1.jpg?fit=1200%2C797&ssl=1&resize=700%2C400 2x, https:\/\/i0.wp.com\/casadecampoliving.com\/wp-content\/uploads\/2022\/10\/CFLR_Inauguracion_112-1.jpg?fit=1200%2C797&ssl=1&resize=1050%2C600 3x"},"classes":[]},{"id":433460,"url":"https:\/\/casadecampoliving.com\/es\/no-se-pierdan-el-increible-tributo-a-frank-sinatra-para-celebrar-el-40-aniversario-del-anfiteatro-altos-de-chavon\/","url_meta":{"origin":353611,"position":5},"title":"No se pierdan el incre\u00edble tributo a Frank Sinatra para celebrar el 40 aniversario del\u00a0Anfiteatro Altos de Chav\u00f3n","author":"Casa de Campo Living","date":"20 Oct, 2022","format":false,"excerpt":"Siendo uno de los escenarios m\u00e1s emblem\u00e1ticos del pa\u00eds, Casa de Campo Resort\u00ae & Villas celebra las cuatro d\u00e9cadas de aniversario de Altos de Chav\u00f3n con un tributo al gran Frank Sinatra, protagonizado por artistas invitados y una big band tal cual la que acompa\u00f1\u00f3 al artista hace 40 a\u00f1os\u2026","rel":"","context":"En \u00abUncategorized @es\u00bb","block_context":{"text":"Uncategorized @es","link":"https:\/\/casadecampoliving.com\/es\/category\/uncategorized-es\/"},"img":{"alt_text":"","src":"https:\/\/i0.wp.com\/casadecampoliving.com\/wp-content\/uploads\/2022\/10\/Tributo-Frank-Sinatra-Foto-Principal-Amaury-Sanchez-Danilo-Ginebra-Andres-Pichardo-y-Jose-Gabriel-Perez-.jpg?fit=1200%2C873&ssl=1&resize=350%2C200","width":350,"height":200,"srcset":"https:\/\/i0.wp.com\/casadecampoliving.com\/wp-content\/uploads\/2022\/10\/Tributo-Frank-Sinatra-Foto-Principal-Amaury-Sanchez-Danilo-Ginebra-Andres-Pichardo-y-Jose-Gabriel-Perez-.jpg?fit=1200%2C873&ssl=1&resize=350%2C200 1x, https:\/\/i0.wp.com\/casadecampoliving.com\/wp-content\/uploads\/2022\/10\/Tributo-Frank-Sinatra-Foto-Principal-Amaury-Sanchez-Danilo-Ginebra-Andres-Pichardo-y-Jose-Gabriel-Perez-.jpg?fit=1200%2C873&ssl=1&resize=525%2C300 1.5x, https:\/\/i0.wp.com\/casadecampoliving.com\/wp-content\/uploads\/2022\/10\/Tributo-Frank-Sinatra-Foto-Principal-Amaury-Sanchez-Danilo-Ginebra-Andres-Pichardo-y-Jose-Gabriel-Perez-.jpg?fit=1200%2C873&ssl=1&resize=700%2C400 2x, https:\/\/i0.wp.com\/casadecampoliving.com\/wp-content\/uploads\/2022\/10\/Tributo-Frank-Sinatra-Foto-Principal-Amaury-Sanchez-Danilo-Ginebra-Andres-Pichardo-y-Jose-Gabriel-Perez-.jpg?fit=1200%2C873&ssl=1&resize=1050%2C600 3x"},"classes":[]}],"jetpack_sharing_enabled":true,"_links":{"self":[{"href":"https:\/\/casadecampoliving.com\/es\/wp-json\/wp\/v2\/posts\/353611","targetHints":{"allow":["GET"]}}],"collection":[{"href":"https:\/\/casadecampoliving.com\/es\/wp-json\/wp\/v2\/posts"}],"about":[{"href":"https:\/\/casadecampoliving.com\/es\/wp-json\/wp\/v2\/types\/post"}],"author":[{"embeddable":true,"href":"https:\/\/casadecampoliving.com\/es\/wp-json\/wp\/v2\/users\/36791"}],"replies":[{"embeddable":true,"href":"https:\/\/casadecampoliving.com\/es\/wp-json\/wp\/v2\/comments?post=353611"}],"version-history":[{"count":0,"href":"https:\/\/casadecampoliving.com\/es\/wp-json\/wp\/v2\/posts\/353611\/revisions"}],"wp:featuredmedia":[{"embeddable":true,"href":"https:\/\/casadecampoliving.com\/es\/wp-json\/wp\/v2\/media\/309949"}],"wp:attachment":[{"href":"https:\/\/casadecampoliving.com\/es\/wp-json\/wp\/v2\/media?parent=353611"}],"wp:term":[{"taxonomy":"category","embeddable":true,"href":"https:\/\/casadecampoliving.com\/es\/wp-json\/wp\/v2\/categories?post=353611"},{"taxonomy":"post_tag","embeddable":true,"href":"https:\/\/casadecampoliving.com\/es\/wp-json\/wp\/v2\/tags?post=353611"},{"taxonomy":"newspack_spnsrs_tax","embeddable":true,"href":"https:\/\/casadecampoliving.com\/es\/wp-json\/wp\/v2\/newspack_spnsrs_tax?post=353611"}],"curies":[{"name":"wp","href":"https:\/\/api.w.org\/{rel}","templated":true}]}}