{"id":353580,"date":"2019-10-23T00:00:00","date_gmt":"2019-10-23T04:00:00","guid":{"rendered":"https:\/\/casadecampoliving.com\/celebracion-de-fe-en-el-xxix-retiro-carismatico-de-la-fundacion-mir\/"},"modified":"2022-11-10T10:03:12","modified_gmt":"2022-11-10T14:03:12","slug":"celebracion-de-fe-en-el-xxix-retiro-carismatico-de-la-fundacion-mir","status":"publish","type":"post","link":"https:\/\/casadecampoliving.com\/es\/celebracion-de-fe-en-el-xxix-retiro-carismatico-de-la-fundacion-mir\/","title":{"rendered":"Celebraci\u00f3n de fe en el XXIX Retiro Carism\u00e1tico de la Fundaci\u00f3n MIR"},"content":{"rendered":"<p><img data-recalc-dims=\"1\" loading=\"lazy\" decoding=\"async\" data-attachment-id=\"202136\" data-permalink=\"https:\/\/casadecampoliving.com\/es\/img_3939-4\/\" data-orig-file=\"https:\/\/i0.wp.com\/casadecampoliving.com\/wp-content\/uploads\/2019\/10\/IMG_3939.jpg?fit=1000%2C563&amp;ssl=1\" data-orig-size=\"1000,563\" data-comments-opened=\"0\" data-image-meta=\"{&quot;aperture&quot;:&quot;4&quot;,&quot;credit&quot;:&quot;&quot;,&quot;camera&quot;:&quot;Canon EOS REBEL T1i&quot;,&quot;caption&quot;:&quot;&quot;,&quot;created_timestamp&quot;:&quot;1571511770&quot;,&quot;copyright&quot;:&quot;&quot;,&quot;focal_length&quot;:&quot;28&quot;,&quot;iso&quot;:&quot;400&quot;,&quot;shutter_speed&quot;:&quot;0.0166666666667&quot;,&quot;title&quot;:&quot;&quot;,&quot;orientation&quot;:&quot;1&quot;}\" data-image-title=\"IMG_3939\" data-image-description=\"\" data-image-caption=\"\" data-large-file=\"https:\/\/i0.wp.com\/casadecampoliving.com\/wp-content\/uploads\/2019\/10\/IMG_3939.jpg?fit=1000%2C563&amp;ssl=1\" class=\"aligncenter wp-image-202136 size-full\" src=\"https:\/\/i0.wp.com\/casadecampoliving.com\/wp-content\/uploads\/2022\/10\/IMG_3939.jpg?resize=1000%2C563&#038;ssl=1\" alt=\"\" width=\"1000\" height=\"563\"><\/p>\n<p>M\u00e1s de 500 personas vivieron una experiencia fascinante el d\u00eda 19 de octubre durante el Retiro de Renovaci\u00f3n Carism\u00e1tica Cat\u00f3lica en el Polit\u00e9cnico Fundaci\u00f3n MIR.<\/p>\n<p>El evento anual que se ha celebrado todos los a\u00f1os desde 1990, organizado por Lian Fanjul de Azqueta y Lyanne Azqueta, Presidenta-Fundadora y Directora Ejecutiva de la Fundaci\u00f3n MIR, respectivamente, se ha convertido en una tradici\u00f3n en La Romana y sigue contando con la participaci\u00f3n y el apoyo de muchas personas que celebran la evangelizaci\u00f3n, as\u00ed como quienes buscan compartir con otros su testimonio de fe. Con la colaboraci\u00f3n del Hotel de Casa de Campo, Caf\u00e9 Santo Domingo y toda la comunidad cat\u00f3lica; La Casa de Oraci\u00f3n, Siervos del Cristo Vivo y La Casa de la Anunciaci\u00f3n, este retiro logr\u00f3 llenar las expectativas espirituales de todos los participantes.<\/p>\n<p><img data-recalc-dims=\"1\" loading=\"lazy\" decoding=\"async\" data-attachment-id=\"202090\" data-permalink=\"https:\/\/casadecampoliving.com\/es\/img_3890\/\" data-orig-file=\"https:\/\/i0.wp.com\/casadecampoliving.com\/wp-content\/uploads\/2019\/10\/IMG_3890.jpg?fit=1000%2C667&amp;ssl=1\" data-orig-size=\"1000,667\" data-comments-opened=\"0\" data-image-meta=\"{&quot;aperture&quot;:&quot;4.5&quot;,&quot;credit&quot;:&quot;&quot;,&quot;camera&quot;:&quot;Canon EOS REBEL T1i&quot;,&quot;caption&quot;:&quot;&quot;,&quot;created_timestamp&quot;:&quot;1571498996&quot;,&quot;copyright&quot;:&quot;&quot;,&quot;focal_length&quot;:&quot;56&quot;,&quot;iso&quot;:&quot;320&quot;,&quot;shutter_speed&quot;:&quot;0.0166666666667&quot;,&quot;title&quot;:&quot;&quot;,&quot;orientation&quot;:&quot;1&quot;}\" data-image-title=\"IMG_3890\" data-image-description=\"\" data-image-caption=\"\" data-large-file=\"https:\/\/i0.wp.com\/casadecampoliving.com\/wp-content\/uploads\/2019\/10\/IMG_3890.jpg?fit=1000%2C667&amp;ssl=1\" class=\"aligncenter size-full wp-image-202090\" src=\"https:\/\/i0.wp.com\/casadecampoliving.com\/wp-content\/uploads\/2022\/10\/IMG_3890.jpg?resize=1000%2C667&#038;ssl=1\" alt=\"\" width=\"1000\" height=\"667\"><\/p>\n<p>El tema de este a\u00f1o fue \u201cEl esp\u00edritu de Dios est\u00e1 sobre m\u00ed y me ha ungido\u201d y contamos con la participaci\u00f3n de Monse\u00f1or Ram\u00f3n Albino desde Puerto Rico, quien imparti\u00f3 dos conferencias matutinas, as\u00ed como con la Dra. Yaritza Echavarr\u00eda Villarrubia quien imparti\u00f3 una conferencia para los j\u00f3venes de la comunidad. En horario vespertino, pudimos contar con el Padre Juli\u00e1n Rosario Basora, quien de manera muy carism\u00e1tica imparti\u00f3 dos conferencias y dio testimonio de fe a todos los asistentes.<\/p>\n<p>La ambientaci\u00f3n del evento estuvo a cargo del Ministerio de M\u00fasica Can\u00e1 y el Sr. Miguel Calzada con cantos de adoraci\u00f3n y alabanza. La jornada finaliz\u00f3 con la Celebraci\u00f3n Eucar\u00edstica impartida por Mons. Ram\u00f3n Albino acompa\u00f1ados de varios Sacerdotes de diversas partes de la regi\u00f3n, la Oraci\u00f3n por los enfermos estuvo a cargo de Siervos Cristo Vivo.<\/p>\n<p><img data-recalc-dims=\"1\" loading=\"lazy\" decoding=\"async\" data-attachment-id=\"202096\" data-permalink=\"https:\/\/casadecampoliving.com\/es\/img_3845\/\" data-orig-file=\"https:\/\/i0.wp.com\/casadecampoliving.com\/wp-content\/uploads\/2019\/10\/IMG_3845.jpg?fit=1000%2C667&amp;ssl=1\" data-orig-size=\"1000,667\" data-comments-opened=\"0\" data-image-meta=\"{&quot;aperture&quot;:&quot;4&quot;,&quot;credit&quot;:&quot;&quot;,&quot;camera&quot;:&quot;Canon EOS REBEL T1i&quot;,&quot;caption&quot;:&quot;&quot;,&quot;created_timestamp&quot;:&quot;1571485409&quot;,&quot;copyright&quot;:&quot;&quot;,&quot;focal_length&quot;:&quot;28&quot;,&quot;iso&quot;:&quot;100&quot;,&quot;shutter_speed&quot;:&quot;0.025&quot;,&quot;title&quot;:&quot;&quot;,&quot;orientation&quot;:&quot;1&quot;}\" data-image-title=\"IMG_3845\" data-image-description=\"\" data-image-caption=\"\" data-large-file=\"https:\/\/i0.wp.com\/casadecampoliving.com\/wp-content\/uploads\/2019\/10\/IMG_3845.jpg?fit=1000%2C667&amp;ssl=1\" class=\"aligncenter size-full wp-image-202096\" src=\"https:\/\/i0.wp.com\/casadecampoliving.com\/wp-content\/uploads\/2022\/10\/IMG_3845.jpg?resize=1000%2C667&#038;ssl=1\" alt=\"\" width=\"1000\" height=\"667\"><\/p>\n<p>Cada a\u00f1o podemos apreciar un crecimiento notable de la comunidad cat\u00f3lica y la diversidad de nuestros asistentes; este a\u00f1o se sumaron muchos j\u00f3venes y ni\u00f1os.<\/p>\n<p>Nos honraron con su presencia la Sra. Lian Fanjul de Azqueta, acompa\u00f1ada de su hija; la Sra. Lyanne Azqueta y su nieta Lian Azqueta, estuvieron presente tambi\u00e9n la Sra. Sandra Hernandez, la Sra. Annie Paniagua, la Sra. Janet Martinez Lima, la Dra. Gladys Sabino, entre otros miembros de la comunidad de La Romana.&nbsp;<\/p>\n<p>Fundaci\u00f3n MIR est\u00e1 sumamente agradecida con todos los que se reunieron para participar en esta tradici\u00f3n que celebra 29 a\u00f1os y con todos los colaboradores. \u00a1Esperamos verlos a todos de nuevo en el retiro del pr\u00f3ximo a\u00f1o!<\/p>\n<p>*<em>Fotos e informaci\u00f3n por Fundaci\u00f3n MIR<\/em><\/p>\n<p>[nggallery id=3278]<\/p>\n<blockquote>\n<h3><strong><a href=\"https:\/\/casadecampoliving.com\/es\/the-fundacion-mir\/\"><img data-recalc-dims=\"1\" loading=\"lazy\" decoding=\"async\" data-attachment-id=\"200394\" data-permalink=\"https:\/\/casadecampoliving.com\/es\/fundacion-mir-logo-2\/\" data-orig-file=\"https:\/\/i0.wp.com\/casadecampoliving.com\/wp-content\/uploads\/2018\/10\/fundacion-mir-logo.png?fit=576%2C576&amp;ssl=1\" data-orig-size=\"576,576\" data-comments-opened=\"0\" data-image-meta=\"{&quot;aperture&quot;:&quot;0&quot;,&quot;credit&quot;:&quot;&quot;,&quot;camera&quot;:&quot;&quot;,&quot;caption&quot;:&quot;&quot;,&quot;created_timestamp&quot;:&quot;0&quot;,&quot;copyright&quot;:&quot;&quot;,&quot;focal_length&quot;:&quot;0&quot;,&quot;iso&quot;:&quot;0&quot;,&quot;shutter_speed&quot;:&quot;0&quot;,&quot;title&quot;:&quot;&quot;,&quot;orientation&quot;:&quot;0&quot;}\" data-image-title=\"fundacion-mir-logo\" data-image-description=\"\" data-image-caption=\"\" data-large-file=\"https:\/\/i0.wp.com\/casadecampoliving.com\/wp-content\/uploads\/2018\/10\/fundacion-mir-logo.png?fit=576%2C576&amp;ssl=1\" class=\"alignright wp-image-200394\" src=\"https:\/\/i0.wp.com\/casadecampoliving.com\/wp-content\/uploads\/2022\/10\/fundacion-mir-logo.png?resize=134%2C134&#038;ssl=1\" alt=\"\" width=\"134\" height=\"134\">FUNDACI\u00d3N MIR<\/a><\/strong><\/h3>\n<p><img data-recalc-dims=\"1\" loading=\"lazy\" decoding=\"async\" class=\"alignright\" title=\"fundacion_MIR\" src=\"https:\/\/i0.wp.com\/casadecampoliving.com\/wp-content\/uploads\/2022\/10\/fundacion_MIR-45.jpg?resize=144%2C138&#038;ssl=1\" alt=\"\" width=\"144\" height=\"138\"><\/p>\n<p>La&nbsp;<a href=\"https:\/\/casadecampoliving.com\/es\/the-fundacion-mir\/\">Fundaci\u00f3n MIR&nbsp;<\/a>&nbsp;es una organizac\u00f3n sin fines de lucro que trabaja para proveerle educaci\u00f3n a los ni\u00f1os m\u00e1s necesitados de La Romana. Ellos dirigen tres escuelas; MIR Esperanza (escuela vocacional de ni\u00f1os), la Escuela Tecnica Vocacional&nbsp;Fundaci\u00f3n&nbsp;MIR (escuela vocacional de ni\u00f1as) y la&nbsp;<a href=\"https:\/\/casadecampoliving.com\/es\/the-fundacion-mir\/\">Primaria MIR&nbsp;<\/a>(escuela infantil).<\/p>\n<p>Para m\u00e1s informaci\u00f3n sobre la Fundaci\u00f3n MIR y para hacer una donaci\u00f3n, favor visitar la p\u00e1gina web:&nbsp;<a href=\"http:\/\/www.mirinternational.org\/\">www.FundacionMIR.org<\/a><\/p>\n<p>Para hacer una donaci\u00f3n contacte la oficina MIR en Casa de Campo(809-523-8270) o en West Palm Beach (561-366-5095). \u00a1Donaciones para los ciudadanos de Estados Unidos son deducibles de impuestos!<\/p><\/blockquote>\n","protected":false},"excerpt":{"rendered":"<p>M\u00e1s de 500 personas vivieron una experiencia fascinante el d\u00eda 19 de octubre durante el Retiro de Renovaci\u00f3n Carism\u00e1tica Cat\u00f3lica en el Polit\u00e9cnico Fundaci\u00f3n MIR. El evento anual que se ha celebrado todos los a\u00f1os desde 1990, organizado por Lian Fanjul de Azqueta y Lyanne Azqueta, Presidenta-Fundadora y Directora Ejecutiva de la Fundaci\u00f3n MIR, respectivamente, [&hellip;]<\/p>\n","protected":false},"author":36791,"featured_media":308970,"comment_status":"closed","ping_status":"closed","sticky":false,"template":"","format":"standard","meta":{"newspack_ads_suppress_ads":false,"newspack_popups_has_disabled_popups":false,"newspack_sponsor_sponsorship_scope":"","newspack_sponsor_native_byline_display":"inherit","newspack_sponsor_native_category_display":"inherit","newspack_sponsor_underwriter_style":"inherit","newspack_sponsor_underwriter_placement":"inherit","_newspack_byline_active":false,"_newspack_byline":"","newspack_hide_updated_date":false,"newspack_show_updated_date":false,"newspack_content_restriction_is_exempt":false,"newspack_featured_image_position":"","newspack_post_subtitle":"","newspack_article_summary_title":"Overview:","newspack_article_summary":"","_jetpack_memberships_contains_paid_content":false,"footnotes":"","jetpack_publicize_message":"","jetpack_publicize_feature_enabled":true,"jetpack_social_post_already_shared":false,"jetpack_social_options":{"image_generator_settings":{"template":"highway","default_image_id":0,"font":"","enabled":false},"version":2},"_wpas_customize_per_network":false},"categories":[14631,2522,2515,2514,2507,2506,7522,2521],"tags":[20721,20720,21685,14736,3577,24715,7839,21683,21684],"newspack_spnsrs_tax":[],"class_list":["post-353580","post","type-post","status-publish","format-standard","has-post-thumbnail","hentry","category-estilo-de-vida","category-eventos-es","category-fundacion-mir-es","category-fundaciones-es","category-la-romana-es","category-mas-alla-de-casa-es","category-religion","category-republica-dominicana-2","tag-charlas","tag-conferencias","tag-ensenanza","tag-featured-topview-es","tag-fundacion-mir-es-2","tag-fundacion-mir-es","tag-misa","tag-retiro-carismatico-es","tag-sanacion","entry"],"yoast_head":"<!-- This site is optimized with the Yoast SEO plugin v27.4 - https:\/\/yoast.com\/product\/yoast-seo-wordpress\/ -->\n<title>Celebraci\u00f3n de fe en el XXIX Retiro Carism\u00e1tico de la Fundaci\u00f3n MIR | Casa de Campo Living<\/title>\n<meta name=\"description\" content=\"M\u00e1s de 500 personas vivieron una experiencia fascinante el d\u00eda 19 de octubre durante el Retiro de Renovaci\u00f3n Carism\u00e1tica Cat\u00f3lica en el Polit\u00e9cnico\" \/>\n<meta name=\"robots\" content=\"index, follow, max-snippet:-1, max-image-preview:large, max-video-preview:-1\" \/>\n<link rel=\"canonical\" href=\"https:\/\/casadecampoliving.com\/es\/celebracion-de-fe-en-el-xxix-retiro-carismatico-de-la-fundacion-mir\/\" \/>\n<meta property=\"og:locale\" content=\"es_ES\" \/>\n<meta property=\"og:type\" content=\"article\" \/>\n<meta property=\"og:title\" content=\"Celebraci\u00f3n de fe en el XXIX Retiro Carism\u00e1tico de la Fundaci\u00f3n MIR | Casa de Campo Living\" \/>\n<meta property=\"og:description\" content=\"M\u00e1s de 500 personas vivieron una experiencia fascinante el d\u00eda 19 de octubre durante el Retiro de Renovaci\u00f3n Carism\u00e1tica Cat\u00f3lica en el Polit\u00e9cnico\" \/>\n<meta property=\"og:url\" content=\"https:\/\/casadecampoliving.com\/es\/celebracion-de-fe-en-el-xxix-retiro-carismatico-de-la-fundacion-mir\/\" \/>\n<meta property=\"og:site_name\" content=\"Casa de Campo Living\" \/>\n<meta property=\"article:publisher\" content=\"https:\/\/www.facebook.com\/casadecampoliving\" \/>\n<meta property=\"article:published_time\" content=\"2019-10-23T04:00:00+00:00\" \/>\n<meta property=\"article:modified_time\" content=\"2022-11-10T14:03:12+00:00\" \/>\n<meta property=\"og:image\" content=\"https:\/\/i0.wp.com\/casadecampoliving.com\/wp-content\/uploads\/2022\/10\/IMG_3954.jpg?fit=1000%2C600&ssl=1\" \/>\n\t<meta property=\"og:image:width\" content=\"1000\" \/>\n\t<meta property=\"og:image:height\" content=\"600\" \/>\n\t<meta property=\"og:image:type\" content=\"image\/jpeg\" \/>\n<meta name=\"author\" content=\"Casa de Campo Living\" \/>\n<meta name=\"twitter:card\" content=\"summary_large_image\" \/>\n<meta name=\"twitter:creator\" content=\"@cdcliving\" \/>\n<meta name=\"twitter:site\" content=\"@cdcliving\" \/>\n<meta name=\"twitter:label1\" content=\"Escrito por\" \/>\n\t<meta name=\"twitter:data1\" content=\"Casa de Campo Living\" \/>\n\t<meta name=\"twitter:label2\" content=\"Tiempo de lectura\" \/>\n\t<meta name=\"twitter:data2\" content=\"3 minutos\" \/>\n<script type=\"application\/ld+json\" class=\"yoast-schema-graph\">{\"@context\":\"https:\\\/\\\/schema.org\",\"@graph\":[{\"@type\":\"Article\",\"@id\":\"https:\\\/\\\/casadecampoliving.com\\\/es\\\/celebracion-de-fe-en-el-xxix-retiro-carismatico-de-la-fundacion-mir\\\/#article\",\"isPartOf\":{\"@id\":\"https:\\\/\\\/casadecampoliving.com\\\/es\\\/celebracion-de-fe-en-el-xxix-retiro-carismatico-de-la-fundacion-mir\\\/\"},\"author\":{\"name\":\"Casa de Campo Living\",\"@id\":\"https:\\\/\\\/casadecampoliving.com\\\/es\\\/#\\\/schema\\\/person\\\/5d2171637a9d11e0e43ce6b8555f9422\"},\"headline\":\"Celebraci\u00f3n de fe en el XXIX Retiro Carism\u00e1tico de la Fundaci\u00f3n MIR\",\"datePublished\":\"2019-10-23T04:00:00+00:00\",\"dateModified\":\"2022-11-10T14:03:12+00:00\",\"mainEntityOfPage\":{\"@id\":\"https:\\\/\\\/casadecampoliving.com\\\/es\\\/celebracion-de-fe-en-el-xxix-retiro-carismatico-de-la-fundacion-mir\\\/\"},\"wordCount\":579,\"publisher\":{\"@id\":\"https:\\\/\\\/casadecampoliving.com\\\/es\\\/#organization\"},\"image\":{\"@id\":\"https:\\\/\\\/casadecampoliving.com\\\/es\\\/celebracion-de-fe-en-el-xxix-retiro-carismatico-de-la-fundacion-mir\\\/#primaryimage\"},\"thumbnailUrl\":\"https:\\\/\\\/i0.wp.com\\\/casadecampoliving.com\\\/wp-content\\\/uploads\\\/2022\\\/10\\\/IMG_3954.jpg?fit=1000%2C600&ssl=1\",\"keywords\":[\"charlas\",\"conferencias\",\"ense\u00f1anza\",\"Featured-TopView @es\",\"Fundacion MIR @es\",\"Fundacion MIR\",\"misa\",\"retiro carismatico @es\",\"sanacion\"],\"articleSection\":[\"Estilo de Vida\",\"Eventos\",\"Fundaci\u00f3n MIR @es\",\"Fundaciones\",\"La Romana @es\",\"M\u00e1s all\u00e1 de Casa\",\"Religi\u00f3n\",\"Rep\u00fablica Dominicana @es\"],\"inLanguage\":\"es\"},{\"@type\":\"WebPage\",\"@id\":\"https:\\\/\\\/casadecampoliving.com\\\/es\\\/celebracion-de-fe-en-el-xxix-retiro-carismatico-de-la-fundacion-mir\\\/\",\"url\":\"https:\\\/\\\/casadecampoliving.com\\\/es\\\/celebracion-de-fe-en-el-xxix-retiro-carismatico-de-la-fundacion-mir\\\/\",\"name\":\"Celebraci\u00f3n de fe en el XXIX Retiro Carism\u00e1tico de la Fundaci\u00f3n MIR | Casa de Campo Living\",\"isPartOf\":{\"@id\":\"https:\\\/\\\/casadecampoliving.com\\\/es\\\/#website\"},\"primaryImageOfPage\":{\"@id\":\"https:\\\/\\\/casadecampoliving.com\\\/es\\\/celebracion-de-fe-en-el-xxix-retiro-carismatico-de-la-fundacion-mir\\\/#primaryimage\"},\"image\":{\"@id\":\"https:\\\/\\\/casadecampoliving.com\\\/es\\\/celebracion-de-fe-en-el-xxix-retiro-carismatico-de-la-fundacion-mir\\\/#primaryimage\"},\"thumbnailUrl\":\"https:\\\/\\\/i0.wp.com\\\/casadecampoliving.com\\\/wp-content\\\/uploads\\\/2022\\\/10\\\/IMG_3954.jpg?fit=1000%2C600&ssl=1\",\"datePublished\":\"2019-10-23T04:00:00+00:00\",\"dateModified\":\"2022-11-10T14:03:12+00:00\",\"description\":\"M\u00e1s de 500 personas vivieron una experiencia fascinante el d\u00eda 19 de octubre durante el Retiro de Renovaci\u00f3n Carism\u00e1tica Cat\u00f3lica en el Polit\u00e9cnico\",\"breadcrumb\":{\"@id\":\"https:\\\/\\\/casadecampoliving.com\\\/es\\\/celebracion-de-fe-en-el-xxix-retiro-carismatico-de-la-fundacion-mir\\\/#breadcrumb\"},\"inLanguage\":\"es\",\"potentialAction\":[{\"@type\":\"ReadAction\",\"target\":[\"https:\\\/\\\/casadecampoliving.com\\\/es\\\/celebracion-de-fe-en-el-xxix-retiro-carismatico-de-la-fundacion-mir\\\/\"]}]},{\"@type\":\"ImageObject\",\"inLanguage\":\"es\",\"@id\":\"https:\\\/\\\/casadecampoliving.com\\\/es\\\/celebracion-de-fe-en-el-xxix-retiro-carismatico-de-la-fundacion-mir\\\/#primaryimage\",\"url\":\"https:\\\/\\\/i0.wp.com\\\/casadecampoliving.com\\\/wp-content\\\/uploads\\\/2022\\\/10\\\/IMG_3954.jpg?fit=1000%2C600&ssl=1\",\"contentUrl\":\"https:\\\/\\\/i0.wp.com\\\/casadecampoliving.com\\\/wp-content\\\/uploads\\\/2022\\\/10\\\/IMG_3954.jpg?fit=1000%2C600&ssl=1\",\"width\":1000,\"height\":600},{\"@type\":\"BreadcrumbList\",\"@id\":\"https:\\\/\\\/casadecampoliving.com\\\/es\\\/celebracion-de-fe-en-el-xxix-retiro-carismatico-de-la-fundacion-mir\\\/#breadcrumb\",\"itemListElement\":[{\"@type\":\"ListItem\",\"position\":1,\"name\":\"Home\",\"item\":\"https:\\\/\\\/casadecampoliving.com\\\/es\\\/\"},{\"@type\":\"ListItem\",\"position\":2,\"name\":\"Celebraci\u00f3n de fe en el XXIX Retiro Carism\u00e1tico de la Fundaci\u00f3n MIR\"}]},{\"@type\":\"WebSite\",\"@id\":\"https:\\\/\\\/casadecampoliving.com\\\/es\\\/#website\",\"url\":\"https:\\\/\\\/casadecampoliving.com\\\/es\\\/\",\"name\":\"Casa de Campo Living\",\"description\":\"Resort community news and resources.\",\"publisher\":{\"@id\":\"https:\\\/\\\/casadecampoliving.com\\\/es\\\/#organization\"},\"potentialAction\":[{\"@type\":\"SearchAction\",\"target\":{\"@type\":\"EntryPoint\",\"urlTemplate\":\"https:\\\/\\\/casadecampoliving.com\\\/es\\\/?s={search_term_string}\"},\"query-input\":{\"@type\":\"PropertyValueSpecification\",\"valueRequired\":true,\"valueName\":\"search_term_string\"}}],\"inLanguage\":\"es\"},{\"@type\":\"Organization\",\"@id\":\"https:\\\/\\\/casadecampoliving.com\\\/es\\\/#organization\",\"name\":\"Casa de Campo Living\",\"url\":\"https:\\\/\\\/casadecampoliving.com\\\/es\\\/\",\"logo\":{\"@type\":\"ImageObject\",\"inLanguage\":\"es\",\"@id\":\"https:\\\/\\\/casadecampoliving.com\\\/es\\\/#\\\/schema\\\/logo\\\/image\\\/\",\"url\":\"https:\\\/\\\/i0.wp.com\\\/casadecampoliving.com\\\/wp-content\\\/uploads\\\/2022\\\/07\\\/CDCLivingLogo_V1-white-sized.png?fit=800%2C214&ssl=1\",\"contentUrl\":\"https:\\\/\\\/i0.wp.com\\\/casadecampoliving.com\\\/wp-content\\\/uploads\\\/2022\\\/07\\\/CDCLivingLogo_V1-white-sized.png?fit=800%2C214&ssl=1\",\"width\":800,\"height\":214,\"caption\":\"Casa de Campo Living\"},\"image\":{\"@id\":\"https:\\\/\\\/casadecampoliving.com\\\/es\\\/#\\\/schema\\\/logo\\\/image\\\/\"},\"sameAs\":[\"https:\\\/\\\/www.facebook.com\\\/casadecampoliving\",\"https:\\\/\\\/x.com\\\/cdcliving\"]},{\"@type\":\"Person\",\"@id\":\"https:\\\/\\\/casadecampoliving.com\\\/es\\\/#\\\/schema\\\/person\\\/5d2171637a9d11e0e43ce6b8555f9422\",\"name\":\"Casa de Campo Living\",\"image\":{\"@type\":\"ImageObject\",\"inLanguage\":\"es\",\"@id\":\"https:\\\/\\\/secure.gravatar.com\\\/avatar\\\/d04101fa4a9fd431e939953b1500fdc7a73cd35029f86d98712fd8ccdaebaf9a?s=96&d=mm&r=g\",\"url\":\"https:\\\/\\\/secure.gravatar.com\\\/avatar\\\/d04101fa4a9fd431e939953b1500fdc7a73cd35029f86d98712fd8ccdaebaf9a?s=96&d=mm&r=g\",\"contentUrl\":\"https:\\\/\\\/secure.gravatar.com\\\/avatar\\\/d04101fa4a9fd431e939953b1500fdc7a73cd35029f86d98712fd8ccdaebaf9a?s=96&d=mm&r=g\",\"caption\":\"Casa de Campo Living\"},\"url\":\"https:\\\/\\\/casadecampoliving.com\\\/es\\\/author\\\/casa-de-campo-living\\\/\"}]}<\/script>\n<!-- \/ Yoast SEO plugin. -->","yoast_head_json":{"title":"Celebraci\u00f3n de fe en el XXIX Retiro Carism\u00e1tico de la Fundaci\u00f3n MIR | Casa de Campo Living","description":"M\u00e1s de 500 personas vivieron una experiencia fascinante el d\u00eda 19 de octubre durante el Retiro de Renovaci\u00f3n Carism\u00e1tica Cat\u00f3lica en el Polit\u00e9cnico","robots":{"index":"index","follow":"follow","max-snippet":"max-snippet:-1","max-image-preview":"max-image-preview:large","max-video-preview":"max-video-preview:-1"},"canonical":"https:\/\/casadecampoliving.com\/es\/celebracion-de-fe-en-el-xxix-retiro-carismatico-de-la-fundacion-mir\/","og_locale":"es_ES","og_type":"article","og_title":"Celebraci\u00f3n de fe en el XXIX Retiro Carism\u00e1tico de la Fundaci\u00f3n MIR | Casa de Campo Living","og_description":"M\u00e1s de 500 personas vivieron una experiencia fascinante el d\u00eda 19 de octubre durante el Retiro de Renovaci\u00f3n Carism\u00e1tica Cat\u00f3lica en el Polit\u00e9cnico","og_url":"https:\/\/casadecampoliving.com\/es\/celebracion-de-fe-en-el-xxix-retiro-carismatico-de-la-fundacion-mir\/","og_site_name":"Casa de Campo Living","article_publisher":"https:\/\/www.facebook.com\/casadecampoliving","article_published_time":"2019-10-23T04:00:00+00:00","article_modified_time":"2022-11-10T14:03:12+00:00","og_image":[{"width":1000,"height":600,"url":"https:\/\/i0.wp.com\/casadecampoliving.com\/wp-content\/uploads\/2022\/10\/IMG_3954.jpg?fit=1000%2C600&ssl=1","type":"image\/jpeg"}],"author":"Casa de Campo Living","twitter_card":"summary_large_image","twitter_creator":"@cdcliving","twitter_site":"@cdcliving","twitter_misc":{"Escrito por":"Casa de Campo Living","Tiempo de lectura":"3 minutos"},"schema":{"@context":"https:\/\/schema.org","@graph":[{"@type":"Article","@id":"https:\/\/casadecampoliving.com\/es\/celebracion-de-fe-en-el-xxix-retiro-carismatico-de-la-fundacion-mir\/#article","isPartOf":{"@id":"https:\/\/casadecampoliving.com\/es\/celebracion-de-fe-en-el-xxix-retiro-carismatico-de-la-fundacion-mir\/"},"author":{"name":"Casa de Campo Living","@id":"https:\/\/casadecampoliving.com\/es\/#\/schema\/person\/5d2171637a9d11e0e43ce6b8555f9422"},"headline":"Celebraci\u00f3n de fe en el XXIX Retiro Carism\u00e1tico de la Fundaci\u00f3n MIR","datePublished":"2019-10-23T04:00:00+00:00","dateModified":"2022-11-10T14:03:12+00:00","mainEntityOfPage":{"@id":"https:\/\/casadecampoliving.com\/es\/celebracion-de-fe-en-el-xxix-retiro-carismatico-de-la-fundacion-mir\/"},"wordCount":579,"publisher":{"@id":"https:\/\/casadecampoliving.com\/es\/#organization"},"image":{"@id":"https:\/\/casadecampoliving.com\/es\/celebracion-de-fe-en-el-xxix-retiro-carismatico-de-la-fundacion-mir\/#primaryimage"},"thumbnailUrl":"https:\/\/i0.wp.com\/casadecampoliving.com\/wp-content\/uploads\/2022\/10\/IMG_3954.jpg?fit=1000%2C600&ssl=1","keywords":["charlas","conferencias","ense\u00f1anza","Featured-TopView @es","Fundacion MIR @es","Fundacion MIR","misa","retiro carismatico @es","sanacion"],"articleSection":["Estilo de Vida","Eventos","Fundaci\u00f3n MIR @es","Fundaciones","La Romana @es","M\u00e1s all\u00e1 de Casa","Religi\u00f3n","Rep\u00fablica Dominicana @es"],"inLanguage":"es"},{"@type":"WebPage","@id":"https:\/\/casadecampoliving.com\/es\/celebracion-de-fe-en-el-xxix-retiro-carismatico-de-la-fundacion-mir\/","url":"https:\/\/casadecampoliving.com\/es\/celebracion-de-fe-en-el-xxix-retiro-carismatico-de-la-fundacion-mir\/","name":"Celebraci\u00f3n de fe en el XXIX Retiro Carism\u00e1tico de la Fundaci\u00f3n MIR | Casa de Campo Living","isPartOf":{"@id":"https:\/\/casadecampoliving.com\/es\/#website"},"primaryImageOfPage":{"@id":"https:\/\/casadecampoliving.com\/es\/celebracion-de-fe-en-el-xxix-retiro-carismatico-de-la-fundacion-mir\/#primaryimage"},"image":{"@id":"https:\/\/casadecampoliving.com\/es\/celebracion-de-fe-en-el-xxix-retiro-carismatico-de-la-fundacion-mir\/#primaryimage"},"thumbnailUrl":"https:\/\/i0.wp.com\/casadecampoliving.com\/wp-content\/uploads\/2022\/10\/IMG_3954.jpg?fit=1000%2C600&ssl=1","datePublished":"2019-10-23T04:00:00+00:00","dateModified":"2022-11-10T14:03:12+00:00","description":"M\u00e1s de 500 personas vivieron una experiencia fascinante el d\u00eda 19 de octubre durante el Retiro de Renovaci\u00f3n Carism\u00e1tica Cat\u00f3lica en el Polit\u00e9cnico","breadcrumb":{"@id":"https:\/\/casadecampoliving.com\/es\/celebracion-de-fe-en-el-xxix-retiro-carismatico-de-la-fundacion-mir\/#breadcrumb"},"inLanguage":"es","potentialAction":[{"@type":"ReadAction","target":["https:\/\/casadecampoliving.com\/es\/celebracion-de-fe-en-el-xxix-retiro-carismatico-de-la-fundacion-mir\/"]}]},{"@type":"ImageObject","inLanguage":"es","@id":"https:\/\/casadecampoliving.com\/es\/celebracion-de-fe-en-el-xxix-retiro-carismatico-de-la-fundacion-mir\/#primaryimage","url":"https:\/\/i0.wp.com\/casadecampoliving.com\/wp-content\/uploads\/2022\/10\/IMG_3954.jpg?fit=1000%2C600&ssl=1","contentUrl":"https:\/\/i0.wp.com\/casadecampoliving.com\/wp-content\/uploads\/2022\/10\/IMG_3954.jpg?fit=1000%2C600&ssl=1","width":1000,"height":600},{"@type":"BreadcrumbList","@id":"https:\/\/casadecampoliving.com\/es\/celebracion-de-fe-en-el-xxix-retiro-carismatico-de-la-fundacion-mir\/#breadcrumb","itemListElement":[{"@type":"ListItem","position":1,"name":"Home","item":"https:\/\/casadecampoliving.com\/es\/"},{"@type":"ListItem","position":2,"name":"Celebraci\u00f3n de fe en el XXIX Retiro Carism\u00e1tico de la Fundaci\u00f3n MIR"}]},{"@type":"WebSite","@id":"https:\/\/casadecampoliving.com\/es\/#website","url":"https:\/\/casadecampoliving.com\/es\/","name":"Casa de Campo Living","description":"Resort community news and resources.","publisher":{"@id":"https:\/\/casadecampoliving.com\/es\/#organization"},"potentialAction":[{"@type":"SearchAction","target":{"@type":"EntryPoint","urlTemplate":"https:\/\/casadecampoliving.com\/es\/?s={search_term_string}"},"query-input":{"@type":"PropertyValueSpecification","valueRequired":true,"valueName":"search_term_string"}}],"inLanguage":"es"},{"@type":"Organization","@id":"https:\/\/casadecampoliving.com\/es\/#organization","name":"Casa de Campo Living","url":"https:\/\/casadecampoliving.com\/es\/","logo":{"@type":"ImageObject","inLanguage":"es","@id":"https:\/\/casadecampoliving.com\/es\/#\/schema\/logo\/image\/","url":"https:\/\/i0.wp.com\/casadecampoliving.com\/wp-content\/uploads\/2022\/07\/CDCLivingLogo_V1-white-sized.png?fit=800%2C214&ssl=1","contentUrl":"https:\/\/i0.wp.com\/casadecampoliving.com\/wp-content\/uploads\/2022\/07\/CDCLivingLogo_V1-white-sized.png?fit=800%2C214&ssl=1","width":800,"height":214,"caption":"Casa de Campo Living"},"image":{"@id":"https:\/\/casadecampoliving.com\/es\/#\/schema\/logo\/image\/"},"sameAs":["https:\/\/www.facebook.com\/casadecampoliving","https:\/\/x.com\/cdcliving"]},{"@type":"Person","@id":"https:\/\/casadecampoliving.com\/es\/#\/schema\/person\/5d2171637a9d11e0e43ce6b8555f9422","name":"Casa de Campo Living","image":{"@type":"ImageObject","inLanguage":"es","@id":"https:\/\/secure.gravatar.com\/avatar\/d04101fa4a9fd431e939953b1500fdc7a73cd35029f86d98712fd8ccdaebaf9a?s=96&d=mm&r=g","url":"https:\/\/secure.gravatar.com\/avatar\/d04101fa4a9fd431e939953b1500fdc7a73cd35029f86d98712fd8ccdaebaf9a?s=96&d=mm&r=g","contentUrl":"https:\/\/secure.gravatar.com\/avatar\/d04101fa4a9fd431e939953b1500fdc7a73cd35029f86d98712fd8ccdaebaf9a?s=96&d=mm&r=g","caption":"Casa de Campo Living"},"url":"https:\/\/casadecampoliving.com\/es\/author\/casa-de-campo-living\/"}]}},"parsely":{"version":"1.1.0","canonical_url":"https:\/\/casadecampoliving.com\/es\/celebracion-de-fe-en-el-xxix-retiro-carismatico-de-la-fundacion-mir\/","smart_links":{"inbound":0,"outbound":0},"traffic_boost_suggestions_count":0,"meta":{"@context":"https:\/\/schema.org","@type":"NewsArticle","headline":"Celebraci\u00f3n de fe en el XXIX Retiro Carism\u00e1tico de la Fundaci\u00f3n MIR","url":"http:\/\/casadecampoliving.com\/es\/celebracion-de-fe-en-el-xxix-retiro-carismatico-de-la-fundacion-mir\/","mainEntityOfPage":{"@type":"WebPage","@id":"http:\/\/casadecampoliving.com\/es\/celebracion-de-fe-en-el-xxix-retiro-carismatico-de-la-fundacion-mir\/"},"thumbnailUrl":"https:\/\/i0.wp.com\/casadecampoliving.com\/wp-content\/uploads\/2022\/10\/IMG_3954.jpg?resize=150%2C150&ssl=1","image":{"@type":"ImageObject","url":"https:\/\/i0.wp.com\/casadecampoliving.com\/wp-content\/uploads\/2022\/10\/IMG_3954.jpg?fit=1000%2C600&ssl=1"},"articleSection":"Estilo de Vida","author":[{"@type":"Person","name":"Casa de Campo Living"}],"creator":["Casa de Campo Living"],"publisher":{"@type":"Organization","name":"Casa de Campo Living","logo":"https:\/\/casadecampoliving.com\/wp-content\/uploads\/2022\/07\/CDCLivingLogo_V1-white-sized.png"},"keywords":["charlas","conferencias","ense\u00f1anza","featured-topview @es","fundacion mir @es","fundacion mir","misa","retiro carismatico @es","sanacion"],"dateCreated":"2019-10-23T04:00:00Z","datePublished":"2019-10-23T04:00:00Z","dateModified":"2022-11-10T14:03:12Z"},"rendered":"<script type=\"application\/ld+json\" class=\"wp-parsely-metadata\">{\"@context\":\"https:\\\/\\\/schema.org\",\"@type\":\"NewsArticle\",\"headline\":\"Celebraci\\u00f3n de fe en el XXIX Retiro Carism\\u00e1tico de la Fundaci\\u00f3n MIR\",\"url\":\"http:\\\/\\\/casadecampoliving.com\\\/es\\\/celebracion-de-fe-en-el-xxix-retiro-carismatico-de-la-fundacion-mir\\\/\",\"mainEntityOfPage\":{\"@type\":\"WebPage\",\"@id\":\"http:\\\/\\\/casadecampoliving.com\\\/es\\\/celebracion-de-fe-en-el-xxix-retiro-carismatico-de-la-fundacion-mir\\\/\"},\"thumbnailUrl\":\"https:\\\/\\\/i0.wp.com\\\/casadecampoliving.com\\\/wp-content\\\/uploads\\\/2022\\\/10\\\/IMG_3954.jpg?resize=150%2C150&ssl=1\",\"image\":{\"@type\":\"ImageObject\",\"url\":\"https:\\\/\\\/i0.wp.com\\\/casadecampoliving.com\\\/wp-content\\\/uploads\\\/2022\\\/10\\\/IMG_3954.jpg?fit=1000%2C600&ssl=1\"},\"articleSection\":\"Estilo de Vida\",\"author\":[{\"@type\":\"Person\",\"name\":\"Casa de Campo Living\"}],\"creator\":[\"Casa de Campo Living\"],\"publisher\":{\"@type\":\"Organization\",\"name\":\"Casa de Campo Living\",\"logo\":\"https:\\\/\\\/casadecampoliving.com\\\/wp-content\\\/uploads\\\/2022\\\/07\\\/CDCLivingLogo_V1-white-sized.png\"},\"keywords\":[\"charlas\",\"conferencias\",\"ense\\u00f1anza\",\"featured-topview @es\",\"fundacion mir @es\",\"fundacion mir\",\"misa\",\"retiro carismatico @es\",\"sanacion\"],\"dateCreated\":\"2019-10-23T04:00:00Z\",\"datePublished\":\"2019-10-23T04:00:00Z\",\"dateModified\":\"2022-11-10T14:03:12Z\"}<\/script>","tracker_url":"https:\/\/cdn.parsely.com\/keys\/casadecampoliving.com\/p.js"},"jetpack_publicize_connections":[],"jetpack_featured_media_url":"https:\/\/i0.wp.com\/casadecampoliving.com\/wp-content\/uploads\/2022\/10\/IMG_3954.jpg?fit=1000%2C600&ssl=1","jetpack-related-posts":[{"id":352907,"url":"https:\/\/casadecampoliving.com\/es\/la-fundacion-mir-celebro-su-28vo-retiro-carismatico-anual\/","url_meta":{"origin":353580,"position":0},"title":"La Fundaci\u00f3n MIR celebr\u00f3 su 28vo Retiro Carism\u00e1tico anual","author":"Casa de Campo Living","date":"1 Oct, 2018","format":false,"excerpt":"Este pasado fin de semana La Fundaci\u00f3n MIR celebr\u00f3 su 28\u00ba Retiro Carism\u00e1tico anual superando las expectativas de cada uno de los asistentes. La celebraci\u00f3n se realiz\u00f3 el s\u00e1bado 29 de septiembre en el Polit\u00e9cnico Fundaci\u00f3n MIR de La Romana con la participaci\u00f3n de las comunidades de Casa de Campo\u2026","rel":"","context":"En \u00abFundaci\u00f3n MIR @es\u00bb","block_context":{"text":"Fundaci\u00f3n MIR @es","link":"https:\/\/casadecampoliving.com\/es\/category\/fundaciones-es\/fundacion-mir-es\/"},"img":{"alt_text":"","src":"https:\/\/i0.wp.com\/casadecampoliving-wp.s3-accelerate.amazonaws.com\/2018\/10\/5.jpg?resize=350%2C200&ssl=1","width":350,"height":200,"srcset":"https:\/\/i0.wp.com\/casadecampoliving-wp.s3-accelerate.amazonaws.com\/2018\/10\/5.jpg?resize=350%2C200&ssl=1 1x, https:\/\/i0.wp.com\/casadecampoliving-wp.s3-accelerate.amazonaws.com\/2018\/10\/5.jpg?resize=525%2C300&ssl=1 1.5x, https:\/\/i0.wp.com\/casadecampoliving-wp.s3-accelerate.amazonaws.com\/2018\/10\/5.jpg?resize=700%2C400&ssl=1 2x"},"classes":[]},{"id":342915,"url":"https:\/\/casadecampoliving.com\/es\/la-fundacion-mir-celebra-su-vigesimo-tercer-retiro-espiritual-del-4-al-6-de-septiembre\/","url_meta":{"origin":353580,"position":1},"title":"La Fundaci\u00f3n MIR celebra su vig\u00e9simo tercer Retiro Espiritual del 4 al 6 de septiembre","author":"Lenny Castillo","date":"18 Sep, 2013","format":false,"excerpt":"Cada a\u00f1o la Fundaci\u00f3n MIR, acoge el \u201cEl Retiro Carism\u00e1tico\u201d, o tambi\u00e9n conocido como \u201cretiro espiritual\u201d. El objetivo de esta reuni\u00f3n espiritual de 3 d\u00edas es abrir los corazones de la gente de diferentes regiones de la Rep\u00fablica Dominicana, a abrazar la religi\u00f3n y compartir el conocimiento b\u00edblico. Este a\u00f1o,\u2026","rel":"","context":"En \u00abDestacados\u00bb","block_context":{"text":"Destacados","link":"https:\/\/casadecampoliving.com\/es\/category\/destacados\/"},"img":{"alt_text":"Fundacion MIR Retiro Carismatico","src":"https:\/\/i0.wp.com\/casadecampoliving.com\/wp-content\/uploads\/2022\/10\/fundacion_MIR_retiro_carismatico-1.jpg?fit=650%2C295&ssl=1&resize=350%2C200","width":350,"height":200,"srcset":"https:\/\/i0.wp.com\/casadecampoliving.com\/wp-content\/uploads\/2022\/10\/fundacion_MIR_retiro_carismatico-1.jpg?fit=650%2C295&ssl=1&resize=350%2C200 1x, https:\/\/i0.wp.com\/casadecampoliving.com\/wp-content\/uploads\/2022\/10\/fundacion_MIR_retiro_carismatico-1.jpg?fit=650%2C295&ssl=1&resize=525%2C300 1.5x"},"classes":[]},{"id":339753,"url":"https:\/\/casadecampoliving.com\/es\/la-fundacion-mir-celebra-su-xxii-retiro-carismatico-28-30-de-sept\/","url_meta":{"origin":353580,"position":2},"title":"La Fundaci\u00f3n MIR celebra su XXII Retiro Carism\u00e1tico: 28 &#8211; 30 de sept.!","author":"","date":"14 Sep, 2012","format":false,"excerpt":"Cada a\u00f1o, la Fundaci\u00f3n MIR organiza un Retiro Carismatico, con el prop\u00f3sito de abrir los corazones de personas de todas partes de la Rep\u00fablica Dominicana, mediante un compartir de conocimientos b\u00edblicos.\u00a0 El retiro est\u00e1 abierto a todo el mundo; ni\u00f1os, adolescentes y adultos y es, por supuesto, completamente gratis! Todas\u2026","rel":"","context":"En \u00abDestacados\u00bb","block_context":{"text":"Destacados","link":"https:\/\/casadecampoliving.com\/es\/category\/destacados\/"},"img":{"alt_text":"","src":"https:\/\/i0.wp.com\/casadecampoliving.com\/wp-content\/uploads\/2022\/10\/charismatic-retreat-1.jpg?fit=650%2C320&ssl=1&resize=350%2C200","width":350,"height":200,"srcset":"https:\/\/i0.wp.com\/casadecampoliving.com\/wp-content\/uploads\/2022\/10\/charismatic-retreat-1.jpg?fit=650%2C320&ssl=1&resize=350%2C200 1x, https:\/\/i0.wp.com\/casadecampoliving.com\/wp-content\/uploads\/2022\/10\/charismatic-retreat-1.jpg?fit=650%2C320&ssl=1&resize=525%2C300 1.5x"},"classes":[]},{"id":350603,"url":"https:\/\/casadecampoliving.com\/es\/fundacion-mir-celebra-su-26to-retiro-carismatico\/","url_meta":{"origin":353580,"position":3},"title":"La Fundaci\u00f3n MIR celebr\u00f3 su 26to Retiro Carism\u00e1tico anual","author":"Marlenys Guzm\u00e1n Casta\u00f1os","date":"6 Oct, 2016","format":false,"excerpt":"El fin\u00a0de semana pasado, 30 de septiembre al 2\u00a0de octubre, se realiz\u00f3 con \u00e9xito el 26to Retiro Carism\u00e1tico de la Fundaci\u00f3n MIR. El evento anual de 3 por d\u00eda que se ha celebrado en Casa de Campo todos los a\u00f1os desde 1990, organizado por Lian Fanjul de Azqueta y Lyanne\u2026","rel":"","context":"En \u00abEstilo de Vida\u00bb","block_context":{"text":"Estilo de Vida","link":"https:\/\/casadecampoliving.com\/es\/category\/estilo-de-vida\/"},"img":{"alt_text":"","src":"https:\/\/i0.wp.com\/casadecampoliving.com\/wp-content\/uploads\/2022\/10\/Retiro-Carismatico1.jpg?fit=1000%2C600&ssl=1&resize=350%2C200","width":350,"height":200,"srcset":"https:\/\/i0.wp.com\/casadecampoliving.com\/wp-content\/uploads\/2022\/10\/Retiro-Carismatico1.jpg?fit=1000%2C600&ssl=1&resize=350%2C200 1x, https:\/\/i0.wp.com\/casadecampoliving.com\/wp-content\/uploads\/2022\/10\/Retiro-Carismatico1.jpg?fit=1000%2C600&ssl=1&resize=525%2C300 1.5x, https:\/\/i0.wp.com\/casadecampoliving.com\/wp-content\/uploads\/2022\/10\/Retiro-Carismatico1.jpg?fit=1000%2C600&ssl=1&resize=700%2C400 2x"},"classes":[]},{"id":337104,"url":"https:\/\/casadecampoliving.com\/es\/retiro-carismatico-de-la-fundacion-mir-construyendo-mi-familia-sobre-la-roca-2\/","url_meta":{"origin":353580,"position":4},"title":"Retiro Carismatico de la Fundaci\u00f3n MIR: Construyendo mi familia sobre la roca","author":"Rebecca Silvestri","date":"19 Oct, 2011","format":false,"excerpt":"El viernes 30 de septiembre, se dio inicio en el Sal\u00f3n de Conferencias Cacique de Casa de Campo\u00a0el ya acostumbrado Retiro Carism\u00e1tico. Evento de tres d\u00edas que desde el 1990 viene realiz\u00e1ndose\u00a0cada a\u00f1o, y que es organizado por las Se\u00f1oras Lian Fanjul de Azqueta y Lyanne Azqueta, Presidente y\u00a0Fundadora y\u2026","rel":"","context":"En \u00abEventos\u00bb","block_context":{"text":"Eventos","link":"https:\/\/casadecampoliving.com\/es\/category\/eventos-es\/"},"img":{"alt_text":"fundacion MIR retiro","src":"https:\/\/i0.wp.com\/casadecampoliving.com\/wp-content\/uploads\/2022\/10\/fundacion_MIR_retiro-1.jpg?fit=565%2C301&ssl=1&resize=350%2C200","width":350,"height":200,"srcset":"https:\/\/i0.wp.com\/casadecampoliving.com\/wp-content\/uploads\/2022\/10\/fundacion_MIR_retiro-1.jpg?fit=565%2C301&ssl=1&resize=350%2C200 1x, https:\/\/i0.wp.com\/casadecampoliving.com\/wp-content\/uploads\/2022\/10\/fundacion_MIR_retiro-1.jpg?fit=565%2C301&ssl=1&resize=525%2C300 1.5x"},"classes":[]},{"id":339899,"url":"https:\/\/casadecampoliving.com\/es\/la-fundacion-mir-celebra-un-gozoso-xxii-retiro-carismatico-de-asistencia-masiva-en-casa-de-campo\/","url_meta":{"origin":353580,"position":5},"title":"La Fundaci\u00f3n MIR celebra un gozoso XXII Retiro Carism\u00e1tico de asistencia masiva en Casa de Campo!","author":"","date":"11 Oct, 2012","format":false,"excerpt":"Del viernes 28 al domingo 30 de septiembre de 2012, la Fundaci\u00f3n MIR celebr\u00f3 el XXII Retiro Carism\u00e1tico, un tradicional evento que se ha celebrado en Casa de Campo, reuniendo a cientos de miembros de las comunidades de Casa de Campo y La Romana. El evento que fuera realizado inicialmente\u2026","rel":"","context":"En \u00abEventos\u00bb","block_context":{"text":"Eventos","link":"https:\/\/casadecampoliving.com\/es\/category\/eventos-es\/"},"img":{"alt_text":"lyanne lian norbeto azqueta","src":"https:\/\/i0.wp.com\/casadecampoliving.com\/wp-content\/uploads\/2022\/10\/lyanne_lian_norberto_azqueta-1.jpg?fit=650%2C428&ssl=1&resize=350%2C200","width":350,"height":200,"srcset":"https:\/\/i0.wp.com\/casadecampoliving.com\/wp-content\/uploads\/2022\/10\/lyanne_lian_norberto_azqueta-1.jpg?fit=650%2C428&ssl=1&resize=350%2C200 1x, https:\/\/i0.wp.com\/casadecampoliving.com\/wp-content\/uploads\/2022\/10\/lyanne_lian_norberto_azqueta-1.jpg?fit=650%2C428&ssl=1&resize=525%2C300 1.5x"},"classes":[]}],"jetpack_sharing_enabled":true,"_links":{"self":[{"href":"https:\/\/casadecampoliving.com\/es\/wp-json\/wp\/v2\/posts\/353580","targetHints":{"allow":["GET"]}}],"collection":[{"href":"https:\/\/casadecampoliving.com\/es\/wp-json\/wp\/v2\/posts"}],"about":[{"href":"https:\/\/casadecampoliving.com\/es\/wp-json\/wp\/v2\/types\/post"}],"author":[{"embeddable":true,"href":"https:\/\/casadecampoliving.com\/es\/wp-json\/wp\/v2\/users\/36791"}],"replies":[{"embeddable":true,"href":"https:\/\/casadecampoliving.com\/es\/wp-json\/wp\/v2\/comments?post=353580"}],"version-history":[{"count":1,"href":"https:\/\/casadecampoliving.com\/es\/wp-json\/wp\/v2\/posts\/353580\/revisions"}],"predecessor-version":[{"id":504406,"href":"https:\/\/casadecampoliving.com\/es\/wp-json\/wp\/v2\/posts\/353580\/revisions\/504406"}],"wp:featuredmedia":[{"embeddable":true,"href":"https:\/\/casadecampoliving.com\/es\/wp-json\/wp\/v2\/media\/308970"}],"wp:attachment":[{"href":"https:\/\/casadecampoliving.com\/es\/wp-json\/wp\/v2\/media?parent=353580"}],"wp:term":[{"taxonomy":"category","embeddable":true,"href":"https:\/\/casadecampoliving.com\/es\/wp-json\/wp\/v2\/categories?post=353580"},{"taxonomy":"post_tag","embeddable":true,"href":"https:\/\/casadecampoliving.com\/es\/wp-json\/wp\/v2\/tags?post=353580"},{"taxonomy":"newspack_spnsrs_tax","embeddable":true,"href":"https:\/\/casadecampoliving.com\/es\/wp-json\/wp\/v2\/newspack_spnsrs_tax?post=353580"}],"curies":[{"name":"wp","href":"https:\/\/api.w.org\/{rel}","templated":true}]}}