{"id":353575,"date":"2019-10-21T00:00:00","date_gmt":"2019-10-21T04:00:00","guid":{"rendered":"https:\/\/casadecampoliving.com\/mestura-un-intercambio-de-experiencias-artisticas-que-promueve-el-arte-contemporaneo\/"},"modified":"2022-11-10T10:03:21","modified_gmt":"2022-11-10T14:03:21","slug":"mestura-un-intercambio-de-experiencias-artisticas-que-promueve-el-arte-contemporaneo","status":"publish","type":"post","link":"https:\/\/casadecampoliving.com\/es\/mestura-un-intercambio-de-experiencias-artisticas-que-promueve-el-arte-contemporaneo\/","title":{"rendered":"\u00abMESTURA\u00bb un intercambio de experiencias art\u00edsticas que promueve el arte contempor\u00e1neo"},"content":{"rendered":"<p>La Galer\u00eda Altos de Chav\u00f3n di\u00f3 apertura la noche del mi\u00e9rcoles 16 de octubre, a la exhibici\u00f3n \u201cMESTURA\u201c de los artistas dominicanos F\u00e9lix Hern\u00e1ndez, George Heinsen, Jonathan Carela, Lizarder Jim\u00e9nez, Miguel Alc\u00e1ntara, Freddy Guerrero y William Tuesca. Todos los artistas de esta muestra son egresados de Chav\u00f3n La Escuela de Dise\u00f1o, y nos muestran una propuesta fresca y moderna del Arte contempor\u00e1neo.<\/p>\n<p>Con esta muestra los artistas desean lograr un intercambio de experiencias, de identificar preocupaciones comunes y potenciar el trabajo creativo grupal a trav\u00e9s de pensamientos, pr\u00e1cticas y acciones conjuntas que fortalezcan su identidad y contribuyan a difundir y promover el arte contempor\u00e1neo.<\/p>\n<p><img data-recalc-dims=\"1\" loading=\"lazy\" decoding=\"async\" data-attachment-id=\"201913\" data-permalink=\"https:\/\/casadecampoliving.com\/es\/_dsc3830\/\" data-orig-file=\"https:\/\/i0.wp.com\/casadecampoliving.com\/wp-content\/uploads\/2019\/10\/DSC3830.jpg?fit=1000%2C667&amp;ssl=1\" data-orig-size=\"1000,667\" data-comments-opened=\"0\" data-image-meta=\"{&quot;aperture&quot;:&quot;3.2&quot;,&quot;credit&quot;:&quot;&quot;,&quot;camera&quot;:&quot;DSC-RX10M3&quot;,&quot;caption&quot;:&quot;&quot;,&quot;created_timestamp&quot;:&quot;1571253049&quot;,&quot;copyright&quot;:&quot;&quot;,&quot;focal_length&quot;:&quot;18.21&quot;,&quot;iso&quot;:&quot;3200&quot;,&quot;shutter_speed&quot;:&quot;0.004&quot;,&quot;title&quot;:&quot;&quot;,&quot;orientation&quot;:&quot;1&quot;}\" data-image-title=\"_DSC3830\" data-image-description=\"\" data-image-caption=\"\" data-large-file=\"https:\/\/i0.wp.com\/casadecampoliving.com\/wp-content\/uploads\/2019\/10\/DSC3830.jpg?fit=1000%2C667&amp;ssl=1\" class=\"aligncenter size-full wp-image-201913\" src=\"https:\/\/i0.wp.com\/casadecampoliving.com\/wp-content\/uploads\/2022\/10\/DSC3830.jpg?resize=1000%2C667&#038;ssl=1\" alt=\"\" width=\"1000\" height=\"667\"><\/p>\n<p>Para George Heinsen \u00abMESTURA\u00bb es la oportunidad de trabajar y compartir con preciados amigos artistas, mostrando el universo de posibilidades pl\u00e1sticas que surge dentro de una comunidad de conocidos y la oportunidad de compartirlas con el p\u00fablico. Para Felix Hern\u00e1ndez por su parte esta colaboraci\u00f3n es una mezcla diversa de puntos de vistas muy diferentes, lo que hace el enriquecimiento de la muestra, donde se puede apreciar los diferentes discursos de cada artista.<\/p>\n<p>A la apertura asistieron reconocidas personalidades de la comunidad art\u00edstica, social y cultural de Casa de Campo y La Romana.&nbsp; La noche estuvo amenizada por el D\u00fao Tavarez cortes\u00eda de Casa de Campo y el brindis estuvo a cargo de Casa Brugal y su Ron Brugal XV.<\/p>\n<p><img data-recalc-dims=\"1\" loading=\"lazy\" decoding=\"async\" data-attachment-id=\"201916\" data-permalink=\"https:\/\/casadecampoliving.com\/es\/_dsc3847\/\" data-orig-file=\"https:\/\/i0.wp.com\/casadecampoliving.com\/wp-content\/uploads\/2019\/10\/DSC3847.jpg?fit=1000%2C667&amp;ssl=1\" data-orig-size=\"1000,667\" data-comments-opened=\"0\" data-image-meta=\"{&quot;aperture&quot;:&quot;3.2&quot;,&quot;credit&quot;:&quot;&quot;,&quot;camera&quot;:&quot;DSC-RX10M3&quot;,&quot;caption&quot;:&quot;&quot;,&quot;created_timestamp&quot;:&quot;1571253862&quot;,&quot;copyright&quot;:&quot;&quot;,&quot;focal_length&quot;:&quot;18.92&quot;,&quot;iso&quot;:&quot;2000&quot;,&quot;shutter_speed&quot;:&quot;0.004&quot;,&quot;title&quot;:&quot;&quot;,&quot;orientation&quot;:&quot;1&quot;}\" data-image-title=\"_DSC3847\" data-image-description=\"\" data-image-caption=\"\" data-large-file=\"https:\/\/i0.wp.com\/casadecampoliving.com\/wp-content\/uploads\/2019\/10\/DSC3847.jpg?fit=1000%2C667&amp;ssl=1\" class=\"aligncenter size-full wp-image-201916\" src=\"https:\/\/i0.wp.com\/casadecampoliving.com\/wp-content\/uploads\/2022\/10\/DSC3847.jpg?resize=1000%2C667&#038;ssl=1\" alt=\"\" width=\"1000\" height=\"667\"><\/p>\n<p>Esta exhibici\u00f3n que consta de 30 impresionantes piezas estar\u00e1 abierta al p\u00fablico desde el 16 de octubre al 11 de Noviembre en horario de martes a s\u00e1bado de 8am a 9pm y los domingos y lunes de 8am a 5pm.<\/p>\n<p>Las siguientes fotos fueron tomadas durante la apertura el mi\u00e9rcoles 16 de octubre por Diego Alcantara, Chistian Nin y Eduardo Ceballos:<\/p>\n<p>[nggallery id=3275]<\/p>\n","protected":false},"excerpt":{"rendered":"<p>La Galer\u00eda Altos de Chav\u00f3n di\u00f3 apertura la noche del mi\u00e9rcoles 16 de octubre, a la exhibici\u00f3n \u201cMESTURA\u201c de los artistas dominicanos F\u00e9lix Hern\u00e1ndez, George Heinsen, Jonathan Carela, Lizarder Jim\u00e9nez, Miguel Alc\u00e1ntara, Freddy Guerrero y William Tuesca. Todos los artistas de esta muestra son egresados de Chav\u00f3n La Escuela de Dise\u00f1o, y nos muestran una [&hellip;]<\/p>\n","protected":false},"author":36791,"featured_media":308788,"comment_status":"closed","ping_status":"closed","sticky":false,"template":"","format":"standard","meta":{"newspack_ads_suppress_ads":false,"newspack_popups_has_disabled_popups":false,"newspack_sponsor_sponsorship_scope":"","newspack_sponsor_native_byline_display":"inherit","newspack_sponsor_native_category_display":"inherit","newspack_sponsor_underwriter_style":"inherit","newspack_sponsor_underwriter_placement":"inherit","_newspack_byline_active":false,"_newspack_byline":"","newspack_hide_updated_date":false,"newspack_show_updated_date":false,"newspack_featured_image_position":"","newspack_post_subtitle":"","newspack_article_summary_title":"Overview:","newspack_article_summary":"","_jetpack_memberships_contains_paid_content":false,"footnotes":"","jetpack_publicize_message":"{title}\n\n{excerpt}\n\n{url}","jetpack_publicize_feature_enabled":true,"jetpack_social_post_already_shared":false,"jetpack_social_options":{"image_generator_settings":{"template":"highway","default_image_id":0,"font":"","enabled":false},"version":2},"_wpas_customize_per_network":false},"categories":[26819,26823,26936,26952,2510,2524,14631,2522,2514,14625,2521],"tags":[3575,6828,2781,14736,24330,24333,9569,11520,24331,24335,24334,24332],"newspack_spnsrs_tax":[],"class_list":["post-353575","post","type-post","status-publish","format-standard","has-post-thumbnail","hentry","category-altos-de-chavon-es","category-arte-y-cultura","category-casa-de-campo-living-es","category-ccl-recomienda","category-ccl-recomienda-es","category-destacados","category-estilo-de-vida","category-eventos-es","category-fundaciones-es","category-noticias-locales","category-republica-dominicana-2","tag-altos-de-chavon-es-2","tag-bellas-artes","tag-egresados","tag-featured-topview-es","tag-felix-hernandez","tag-freddy-guerrero","tag-galeria","tag-george-heinsen","tag-jonathan-carela","tag-lizander-jimenez","tag-miguel-alcantara","tag-william-tuesca","entry"],"yoast_head":"<!-- This site is optimized with the Yoast SEO plugin v28.4 - https:\/\/yoast.com\/product\/yoast-seo-wordpress\/ -->\n<title>&quot;MESTURA&quot; un intercambio de experiencias art\u00edsticas que promueve el arte contempor\u00e1neo | Casa de Campo Living<\/title>\n<meta name=\"description\" content=\"La Galer\u00eda Altos de Chav\u00f3n di\u00f3 apertura la noche del mi\u00e9rcoles 16 de octubre, a la exhibici\u00f3n \u201cMESTURA\u201c de los artistas dominicanos F\u00e9lix Hern\u00e1ndez,\" \/>\n<meta name=\"robots\" content=\"index, follow, max-snippet:-1, max-image-preview:large, max-video-preview:-1\" \/>\n<link rel=\"canonical\" href=\"https:\/\/casadecampoliving.com\/es\/mestura-un-intercambio-de-experiencias-artisticas-que-promueve-el-arte-contemporaneo\/\" \/>\n<meta property=\"og:locale\" content=\"es_ES\" \/>\n<meta property=\"og:type\" content=\"article\" \/>\n<meta property=\"og:title\" content=\"&quot;MESTURA&quot; un intercambio de experiencias art\u00edsticas que promueve el arte contempor\u00e1neo | Casa de Campo Living\" \/>\n<meta property=\"og:description\" content=\"La Galer\u00eda Altos de Chav\u00f3n di\u00f3 apertura la noche del mi\u00e9rcoles 16 de octubre, a la exhibici\u00f3n \u201cMESTURA\u201c de los artistas dominicanos F\u00e9lix Hern\u00e1ndez,\" \/>\n<meta property=\"og:url\" content=\"https:\/\/casadecampoliving.com\/es\/mestura-un-intercambio-de-experiencias-artisticas-que-promueve-el-arte-contemporaneo\/\" \/>\n<meta property=\"og:site_name\" content=\"Casa de Campo Living\" \/>\n<meta property=\"article:publisher\" content=\"https:\/\/www.facebook.com\/casadecampoliving\" \/>\n<meta property=\"article:published_time\" content=\"2019-10-21T04:00:00+00:00\" \/>\n<meta property=\"article:modified_time\" content=\"2022-11-10T14:03:21+00:00\" \/>\n<meta property=\"og:image\" content=\"https:\/\/i0.wp.com\/casadecampoliving.com\/wp-content\/uploads\/2022\/10\/DSC3822.jpg?fit=1000%2C638&ssl=1\" \/>\n\t<meta property=\"og:image:width\" content=\"1000\" \/>\n\t<meta property=\"og:image:height\" content=\"638\" \/>\n\t<meta property=\"og:image:type\" content=\"image\/jpeg\" \/>\n<meta name=\"author\" content=\"Casa de Campo Living\" \/>\n<meta name=\"twitter:card\" content=\"summary_large_image\" \/>\n<meta name=\"twitter:creator\" content=\"@cdcliving\" \/>\n<meta name=\"twitter:site\" content=\"@cdcliving\" \/>\n<meta name=\"twitter:label1\" content=\"Escrito por\" \/>\n\t<meta name=\"twitter:data1\" content=\"Casa de Campo Living\" \/>\n\t<meta name=\"twitter:label2\" content=\"Tiempo de lectura\" \/>\n\t<meta name=\"twitter:data2\" content=\"2 minutos\" \/>\n<script type=\"application\/ld+json\" class=\"yoast-schema-graph\">{\"@context\":\"https:\\\/\\\/schema.org\",\"@graph\":[{\"@type\":\"Article\",\"@id\":\"https:\\\/\\\/casadecampoliving.com\\\/es\\\/mestura-un-intercambio-de-experiencias-artisticas-que-promueve-el-arte-contemporaneo\\\/#article\",\"isPartOf\":{\"@id\":\"https:\\\/\\\/casadecampoliving.com\\\/es\\\/mestura-un-intercambio-de-experiencias-artisticas-que-promueve-el-arte-contemporaneo\\\/\"},\"author\":{\"name\":\"Casa de Campo Living\",\"@id\":\"https:\\\/\\\/casadecampoliving.com\\\/es\\\/#\\\/schema\\\/person\\\/5d2171637a9d11e0e43ce6b8555f9422\"},\"headline\":\"\u00abMESTURA\u00bb un intercambio de experiencias art\u00edsticas que promueve el arte contempor\u00e1neo\",\"datePublished\":\"2019-10-21T04:00:00+00:00\",\"dateModified\":\"2022-11-10T14:03:21+00:00\",\"mainEntityOfPage\":{\"@id\":\"https:\\\/\\\/casadecampoliving.com\\\/es\\\/mestura-un-intercambio-de-experiencias-artisticas-que-promueve-el-arte-contemporaneo\\\/\"},\"wordCount\":321,\"publisher\":{\"@id\":\"https:\\\/\\\/casadecampoliving.com\\\/es\\\/#organization\"},\"image\":{\"@id\":\"https:\\\/\\\/casadecampoliving.com\\\/es\\\/mestura-un-intercambio-de-experiencias-artisticas-que-promueve-el-arte-contemporaneo\\\/#primaryimage\"},\"thumbnailUrl\":\"https:\\\/\\\/i0.wp.com\\\/casadecampoliving.com\\\/wp-content\\\/uploads\\\/2022\\\/10\\\/DSC3822.jpg?fit=1000%2C638&ssl=1\",\"keywords\":[\"Altos de Chavon -es\",\"bellas artes\",\"egresados\",\"Featured-TopView @es\",\"F\u00e9lix Hern\u00e1ndez\",\"Freddy Guerrero\",\"galeria\",\"George Heinsen\",\"Jonathan Carela\",\"Lizander Jim\u00e9nez\",\"Miguel Alc\u00e1ntara\",\"William Tuesca\"],\"articleSection\":[\"Altos de Chavon @es\",\"Arte y cultura\",\"Casa de Campo Living @es\",\"CCL recomienda\",\"CCL recomienda\",\"Destacados\",\"Estilo de Vida\",\"Eventos\",\"Fundaciones\",\"Noticias Locales\",\"Rep\u00fablica Dominicana @es\"],\"inLanguage\":\"es\"},{\"@type\":\"WebPage\",\"@id\":\"https:\\\/\\\/casadecampoliving.com\\\/es\\\/mestura-un-intercambio-de-experiencias-artisticas-que-promueve-el-arte-contemporaneo\\\/\",\"url\":\"https:\\\/\\\/casadecampoliving.com\\\/es\\\/mestura-un-intercambio-de-experiencias-artisticas-que-promueve-el-arte-contemporaneo\\\/\",\"name\":\"\\\"MESTURA\\\" un intercambio de experiencias art\u00edsticas que promueve el arte contempor\u00e1neo | Casa de Campo Living\",\"isPartOf\":{\"@id\":\"https:\\\/\\\/casadecampoliving.com\\\/es\\\/#website\"},\"primaryImageOfPage\":{\"@id\":\"https:\\\/\\\/casadecampoliving.com\\\/es\\\/mestura-un-intercambio-de-experiencias-artisticas-que-promueve-el-arte-contemporaneo\\\/#primaryimage\"},\"image\":{\"@id\":\"https:\\\/\\\/casadecampoliving.com\\\/es\\\/mestura-un-intercambio-de-experiencias-artisticas-que-promueve-el-arte-contemporaneo\\\/#primaryimage\"},\"thumbnailUrl\":\"https:\\\/\\\/i0.wp.com\\\/casadecampoliving.com\\\/wp-content\\\/uploads\\\/2022\\\/10\\\/DSC3822.jpg?fit=1000%2C638&ssl=1\",\"datePublished\":\"2019-10-21T04:00:00+00:00\",\"dateModified\":\"2022-11-10T14:03:21+00:00\",\"description\":\"La Galer\u00eda Altos de Chav\u00f3n di\u00f3 apertura la noche del mi\u00e9rcoles 16 de octubre, a la exhibici\u00f3n \u201cMESTURA\u201c de los artistas dominicanos F\u00e9lix Hern\u00e1ndez,\",\"breadcrumb\":{\"@id\":\"https:\\\/\\\/casadecampoliving.com\\\/es\\\/mestura-un-intercambio-de-experiencias-artisticas-que-promueve-el-arte-contemporaneo\\\/#breadcrumb\"},\"inLanguage\":\"es\",\"potentialAction\":[{\"@type\":\"ReadAction\",\"target\":[\"https:\\\/\\\/casadecampoliving.com\\\/es\\\/mestura-un-intercambio-de-experiencias-artisticas-que-promueve-el-arte-contemporaneo\\\/\"]}]},{\"@type\":\"ImageObject\",\"inLanguage\":\"es\",\"@id\":\"https:\\\/\\\/casadecampoliving.com\\\/es\\\/mestura-un-intercambio-de-experiencias-artisticas-que-promueve-el-arte-contemporaneo\\\/#primaryimage\",\"url\":\"https:\\\/\\\/i0.wp.com\\\/casadecampoliving.com\\\/wp-content\\\/uploads\\\/2022\\\/10\\\/DSC3822.jpg?fit=1000%2C638&ssl=1\",\"contentUrl\":\"https:\\\/\\\/i0.wp.com\\\/casadecampoliving.com\\\/wp-content\\\/uploads\\\/2022\\\/10\\\/DSC3822.jpg?fit=1000%2C638&ssl=1\",\"width\":1000,\"height\":638},{\"@type\":\"BreadcrumbList\",\"@id\":\"https:\\\/\\\/casadecampoliving.com\\\/es\\\/mestura-un-intercambio-de-experiencias-artisticas-que-promueve-el-arte-contemporaneo\\\/#breadcrumb\",\"itemListElement\":[{\"@type\":\"ListItem\",\"position\":1,\"name\":\"Home\",\"item\":\"https:\\\/\\\/casadecampoliving.com\\\/es\\\/\"},{\"@type\":\"ListItem\",\"position\":2,\"name\":\"&#8220;MESTURA&#8221; un intercambio de experiencias art\u00edsticas que promueve el arte contempor\u00e1neo\"}]},{\"@type\":\"WebSite\",\"@id\":\"https:\\\/\\\/casadecampoliving.com\\\/es\\\/#website\",\"url\":\"https:\\\/\\\/casadecampoliving.com\\\/es\\\/\",\"name\":\"Casa de Campo Living\",\"description\":\"Resort community news and resources.\",\"publisher\":{\"@id\":\"https:\\\/\\\/casadecampoliving.com\\\/es\\\/#organization\"},\"potentialAction\":[{\"@type\":\"SearchAction\",\"target\":{\"@type\":\"EntryPoint\",\"urlTemplate\":\"https:\\\/\\\/casadecampoliving.com\\\/es\\\/?s={search_term_string}\"},\"query-input\":{\"@type\":\"PropertyValueSpecification\",\"valueRequired\":true,\"valueName\":\"search_term_string\"}}],\"inLanguage\":\"es\"},{\"@type\":\"Organization\",\"@id\":\"https:\\\/\\\/casadecampoliving.com\\\/es\\\/#organization\",\"name\":\"Casa de Campo Living\",\"url\":\"https:\\\/\\\/casadecampoliving.com\\\/es\\\/\",\"logo\":{\"@type\":\"ImageObject\",\"inLanguage\":\"es\",\"@id\":\"https:\\\/\\\/casadecampoliving.com\\\/es\\\/#\\\/schema\\\/logo\\\/image\\\/\",\"url\":\"https:\\\/\\\/i0.wp.com\\\/casadecampoliving.com\\\/wp-content\\\/uploads\\\/2022\\\/07\\\/CDCLivingLogo_V1-white-sized.png?fit=800%2C214&ssl=1\",\"contentUrl\":\"https:\\\/\\\/i0.wp.com\\\/casadecampoliving.com\\\/wp-content\\\/uploads\\\/2022\\\/07\\\/CDCLivingLogo_V1-white-sized.png?fit=800%2C214&ssl=1\",\"width\":800,\"height\":214,\"caption\":\"Casa de Campo Living\"},\"image\":{\"@id\":\"https:\\\/\\\/casadecampoliving.com\\\/es\\\/#\\\/schema\\\/logo\\\/image\\\/\"},\"sameAs\":[\"https:\\\/\\\/www.facebook.com\\\/casadecampoliving\",\"https:\\\/\\\/x.com\\\/cdcliving\"]},{\"@type\":\"Person\",\"@id\":\"https:\\\/\\\/casadecampoliving.com\\\/es\\\/#\\\/schema\\\/person\\\/5d2171637a9d11e0e43ce6b8555f9422\",\"name\":\"Casa de Campo Living\",\"image\":{\"@type\":\"ImageObject\",\"inLanguage\":\"es\",\"@id\":\"https:\\\/\\\/secure.gravatar.com\\\/avatar\\\/d04101fa4a9fd431e939953b1500fdc7a73cd35029f86d98712fd8ccdaebaf9a?s=96&d=mm&r=g\",\"url\":\"https:\\\/\\\/secure.gravatar.com\\\/avatar\\\/d04101fa4a9fd431e939953b1500fdc7a73cd35029f86d98712fd8ccdaebaf9a?s=96&d=mm&r=g\",\"contentUrl\":\"https:\\\/\\\/secure.gravatar.com\\\/avatar\\\/d04101fa4a9fd431e939953b1500fdc7a73cd35029f86d98712fd8ccdaebaf9a?s=96&d=mm&r=g\",\"caption\":\"Casa de Campo Living\"},\"url\":\"https:\\\/\\\/casadecampoliving.com\\\/es\\\/author\\\/casa-de-campo-living\\\/\"}]}<\/script>\n<!-- \/ Yoast SEO plugin. -->","yoast_head_json":{"title":"\"MESTURA\" un intercambio de experiencias art\u00edsticas que promueve el arte contempor\u00e1neo | Casa de Campo Living","description":"La Galer\u00eda Altos de Chav\u00f3n di\u00f3 apertura la noche del mi\u00e9rcoles 16 de octubre, a la exhibici\u00f3n \u201cMESTURA\u201c de los artistas dominicanos F\u00e9lix Hern\u00e1ndez,","robots":{"index":"index","follow":"follow","max-snippet":"max-snippet:-1","max-image-preview":"max-image-preview:large","max-video-preview":"max-video-preview:-1"},"canonical":"https:\/\/casadecampoliving.com\/es\/mestura-un-intercambio-de-experiencias-artisticas-que-promueve-el-arte-contemporaneo\/","og_locale":"es_ES","og_type":"article","og_title":"\"MESTURA\" un intercambio de experiencias art\u00edsticas que promueve el arte contempor\u00e1neo | Casa de Campo Living","og_description":"La Galer\u00eda Altos de Chav\u00f3n di\u00f3 apertura la noche del mi\u00e9rcoles 16 de octubre, a la exhibici\u00f3n \u201cMESTURA\u201c de los artistas dominicanos F\u00e9lix Hern\u00e1ndez,","og_url":"https:\/\/casadecampoliving.com\/es\/mestura-un-intercambio-de-experiencias-artisticas-que-promueve-el-arte-contemporaneo\/","og_site_name":"Casa de Campo Living","article_publisher":"https:\/\/www.facebook.com\/casadecampoliving","article_published_time":"2019-10-21T04:00:00+00:00","article_modified_time":"2022-11-10T14:03:21+00:00","og_image":[{"width":1000,"height":638,"url":"https:\/\/i0.wp.com\/casadecampoliving.com\/wp-content\/uploads\/2022\/10\/DSC3822.jpg?fit=1000%2C638&ssl=1","type":"image\/jpeg"}],"author":"Casa de Campo Living","twitter_card":"summary_large_image","twitter_creator":"@cdcliving","twitter_site":"@cdcliving","twitter_misc":{"Escrito por":"Casa de Campo Living","Tiempo de lectura":"2 minutos"},"schema":{"@context":"https:\/\/schema.org","@graph":[{"@type":"Article","@id":"https:\/\/casadecampoliving.com\/es\/mestura-un-intercambio-de-experiencias-artisticas-que-promueve-el-arte-contemporaneo\/#article","isPartOf":{"@id":"https:\/\/casadecampoliving.com\/es\/mestura-un-intercambio-de-experiencias-artisticas-que-promueve-el-arte-contemporaneo\/"},"author":{"name":"Casa de Campo Living","@id":"https:\/\/casadecampoliving.com\/es\/#\/schema\/person\/5d2171637a9d11e0e43ce6b8555f9422"},"headline":"\u00abMESTURA\u00bb un intercambio de experiencias art\u00edsticas que promueve el arte contempor\u00e1neo","datePublished":"2019-10-21T04:00:00+00:00","dateModified":"2022-11-10T14:03:21+00:00","mainEntityOfPage":{"@id":"https:\/\/casadecampoliving.com\/es\/mestura-un-intercambio-de-experiencias-artisticas-que-promueve-el-arte-contemporaneo\/"},"wordCount":321,"publisher":{"@id":"https:\/\/casadecampoliving.com\/es\/#organization"},"image":{"@id":"https:\/\/casadecampoliving.com\/es\/mestura-un-intercambio-de-experiencias-artisticas-que-promueve-el-arte-contemporaneo\/#primaryimage"},"thumbnailUrl":"https:\/\/i0.wp.com\/casadecampoliving.com\/wp-content\/uploads\/2022\/10\/DSC3822.jpg?fit=1000%2C638&ssl=1","keywords":["Altos de Chavon -es","bellas artes","egresados","Featured-TopView @es","F\u00e9lix Hern\u00e1ndez","Freddy Guerrero","galeria","George Heinsen","Jonathan Carela","Lizander Jim\u00e9nez","Miguel Alc\u00e1ntara","William Tuesca"],"articleSection":["Altos de Chavon @es","Arte y cultura","Casa de Campo Living @es","CCL recomienda","CCL recomienda","Destacados","Estilo de Vida","Eventos","Fundaciones","Noticias Locales","Rep\u00fablica Dominicana @es"],"inLanguage":"es"},{"@type":"WebPage","@id":"https:\/\/casadecampoliving.com\/es\/mestura-un-intercambio-de-experiencias-artisticas-que-promueve-el-arte-contemporaneo\/","url":"https:\/\/casadecampoliving.com\/es\/mestura-un-intercambio-de-experiencias-artisticas-que-promueve-el-arte-contemporaneo\/","name":"\"MESTURA\" un intercambio de experiencias art\u00edsticas que promueve el arte contempor\u00e1neo | Casa de Campo Living","isPartOf":{"@id":"https:\/\/casadecampoliving.com\/es\/#website"},"primaryImageOfPage":{"@id":"https:\/\/casadecampoliving.com\/es\/mestura-un-intercambio-de-experiencias-artisticas-que-promueve-el-arte-contemporaneo\/#primaryimage"},"image":{"@id":"https:\/\/casadecampoliving.com\/es\/mestura-un-intercambio-de-experiencias-artisticas-que-promueve-el-arte-contemporaneo\/#primaryimage"},"thumbnailUrl":"https:\/\/i0.wp.com\/casadecampoliving.com\/wp-content\/uploads\/2022\/10\/DSC3822.jpg?fit=1000%2C638&ssl=1","datePublished":"2019-10-21T04:00:00+00:00","dateModified":"2022-11-10T14:03:21+00:00","description":"La Galer\u00eda Altos de Chav\u00f3n di\u00f3 apertura la noche del mi\u00e9rcoles 16 de octubre, a la exhibici\u00f3n \u201cMESTURA\u201c de los artistas dominicanos F\u00e9lix Hern\u00e1ndez,","breadcrumb":{"@id":"https:\/\/casadecampoliving.com\/es\/mestura-un-intercambio-de-experiencias-artisticas-que-promueve-el-arte-contemporaneo\/#breadcrumb"},"inLanguage":"es","potentialAction":[{"@type":"ReadAction","target":["https:\/\/casadecampoliving.com\/es\/mestura-un-intercambio-de-experiencias-artisticas-que-promueve-el-arte-contemporaneo\/"]}]},{"@type":"ImageObject","inLanguage":"es","@id":"https:\/\/casadecampoliving.com\/es\/mestura-un-intercambio-de-experiencias-artisticas-que-promueve-el-arte-contemporaneo\/#primaryimage","url":"https:\/\/i0.wp.com\/casadecampoliving.com\/wp-content\/uploads\/2022\/10\/DSC3822.jpg?fit=1000%2C638&ssl=1","contentUrl":"https:\/\/i0.wp.com\/casadecampoliving.com\/wp-content\/uploads\/2022\/10\/DSC3822.jpg?fit=1000%2C638&ssl=1","width":1000,"height":638},{"@type":"BreadcrumbList","@id":"https:\/\/casadecampoliving.com\/es\/mestura-un-intercambio-de-experiencias-artisticas-que-promueve-el-arte-contemporaneo\/#breadcrumb","itemListElement":[{"@type":"ListItem","position":1,"name":"Home","item":"https:\/\/casadecampoliving.com\/es\/"},{"@type":"ListItem","position":2,"name":"&#8220;MESTURA&#8221; un intercambio de experiencias art\u00edsticas que promueve el arte contempor\u00e1neo"}]},{"@type":"WebSite","@id":"https:\/\/casadecampoliving.com\/es\/#website","url":"https:\/\/casadecampoliving.com\/es\/","name":"Casa de Campo Living","description":"Resort community news and resources.","publisher":{"@id":"https:\/\/casadecampoliving.com\/es\/#organization"},"potentialAction":[{"@type":"SearchAction","target":{"@type":"EntryPoint","urlTemplate":"https:\/\/casadecampoliving.com\/es\/?s={search_term_string}"},"query-input":{"@type":"PropertyValueSpecification","valueRequired":true,"valueName":"search_term_string"}}],"inLanguage":"es"},{"@type":"Organization","@id":"https:\/\/casadecampoliving.com\/es\/#organization","name":"Casa de Campo Living","url":"https:\/\/casadecampoliving.com\/es\/","logo":{"@type":"ImageObject","inLanguage":"es","@id":"https:\/\/casadecampoliving.com\/es\/#\/schema\/logo\/image\/","url":"https:\/\/i0.wp.com\/casadecampoliving.com\/wp-content\/uploads\/2022\/07\/CDCLivingLogo_V1-white-sized.png?fit=800%2C214&ssl=1","contentUrl":"https:\/\/i0.wp.com\/casadecampoliving.com\/wp-content\/uploads\/2022\/07\/CDCLivingLogo_V1-white-sized.png?fit=800%2C214&ssl=1","width":800,"height":214,"caption":"Casa de Campo Living"},"image":{"@id":"https:\/\/casadecampoliving.com\/es\/#\/schema\/logo\/image\/"},"sameAs":["https:\/\/www.facebook.com\/casadecampoliving","https:\/\/x.com\/cdcliving"]},{"@type":"Person","@id":"https:\/\/casadecampoliving.com\/es\/#\/schema\/person\/5d2171637a9d11e0e43ce6b8555f9422","name":"Casa de Campo Living","image":{"@type":"ImageObject","inLanguage":"es","@id":"https:\/\/secure.gravatar.com\/avatar\/d04101fa4a9fd431e939953b1500fdc7a73cd35029f86d98712fd8ccdaebaf9a?s=96&d=mm&r=g","url":"https:\/\/secure.gravatar.com\/avatar\/d04101fa4a9fd431e939953b1500fdc7a73cd35029f86d98712fd8ccdaebaf9a?s=96&d=mm&r=g","contentUrl":"https:\/\/secure.gravatar.com\/avatar\/d04101fa4a9fd431e939953b1500fdc7a73cd35029f86d98712fd8ccdaebaf9a?s=96&d=mm&r=g","caption":"Casa de Campo Living"},"url":"https:\/\/casadecampoliving.com\/es\/author\/casa-de-campo-living\/"}]}},"parsely":{"version":"1.1.0","canonical_url":"https:\/\/casadecampoliving.com\/es\/mestura-un-intercambio-de-experiencias-artisticas-que-promueve-el-arte-contemporaneo\/","smart_links":{"inbound":0,"outbound":0},"traffic_boost_suggestions_count":0,"meta":{"@context":"https:\/\/schema.org","@type":"NewsArticle","headline":"\u00abMESTURA\u00bb un intercambio de experiencias art\u00edsticas que promueve el arte contempor\u00e1neo","url":"http:\/\/casadecampoliving.com\/es\/mestura-un-intercambio-de-experiencias-artisticas-que-promueve-el-arte-contemporaneo\/","mainEntityOfPage":{"@type":"WebPage","@id":"http:\/\/casadecampoliving.com\/es\/mestura-un-intercambio-de-experiencias-artisticas-que-promueve-el-arte-contemporaneo\/"},"thumbnailUrl":"https:\/\/i0.wp.com\/casadecampoliving.com\/wp-content\/uploads\/2022\/10\/DSC3822.jpg?resize=150%2C150&ssl=1","image":{"@type":"ImageObject","url":"https:\/\/i0.wp.com\/casadecampoliving.com\/wp-content\/uploads\/2022\/10\/DSC3822.jpg?fit=1000%2C638&ssl=1"},"articleSection":"Altos de Chavon @es","author":[{"@type":"Person","name":"Casa de Campo Living"}],"creator":["Casa de Campo Living"],"publisher":{"@type":"Organization","name":"Casa de Campo Living","logo":"https:\/\/casadecampoliving.com\/wp-content\/uploads\/2022\/07\/CDCLivingLogo_V1-white-sized.png"},"keywords":["altos de chavon -es","bellas artes","egresados","featured-topview @es","f\u00e9lix hern\u00e1ndez","freddy guerrero","galeria","george heinsen","jonathan carela","lizander jim\u00e9nez","miguel alc\u00e1ntara","william tuesca"],"dateCreated":"2019-10-21T04:00:00Z","datePublished":"2019-10-21T04:00:00Z","dateModified":"2022-11-10T14:03:21Z"},"rendered":"<meta name=\"parsely-title\" content=\"\u00abMESTURA\u00bb un intercambio de experiencias art\u00edsticas que promueve el arte contempor\u00e1neo\" \/>\n<meta name=\"parsely-link\" content=\"http:\/\/casadecampoliving.com\/es\/mestura-un-intercambio-de-experiencias-artisticas-que-promueve-el-arte-contemporaneo\/\" \/>\n<meta name=\"parsely-type\" content=\"post\" \/>\n<meta name=\"parsely-image-url\" content=\"https:\/\/i0.wp.com\/casadecampoliving.com\/wp-content\/uploads\/2022\/10\/DSC3822.jpg?resize=150%2C150&amp;ssl=1\" \/>\n<meta name=\"parsely-pub-date\" content=\"2019-10-21T04:00:00Z\" \/>\n<meta name=\"parsely-section\" content=\"Altos de Chavon @es\" \/>\n<meta name=\"parsely-tags\" content=\"altos de chavon -es,bellas artes,egresados,featured-topview @es,f\u00e9lix hern\u00e1ndez,freddy guerrero,galeria,george heinsen,jonathan carela,lizander jim\u00e9nez,miguel alc\u00e1ntara,william tuesca\" \/>\n<meta name=\"parsely-author\" content=\"Casa de Campo Living\" \/>","tracker_url":"https:\/\/cdn.parsely.com\/keys\/casadecampoliving.com\/p.js"},"jetpack_publicize_connections":[],"jetpack-related-posts":[{"id":353571,"url":"https:\/\/casadecampoliving.com\/es\/la-galeria-altos-de-chavon-presentara-la-exhibicion-collectiva-mestura\/","url_meta":{"origin":353575,"position":0},"title":"La Galer\u00eda Altos de Chav\u00f3n presentar\u00e1 la exhibici\u00f3n collectiva \u201cMESTURA\u201d","author":"Casa de Campo Living","date":"9 Oct, 2019","format":false,"excerpt":"La Galer\u00eda Altos de Chav\u00f3n presentar\u00e1 a partir del mi\u00e9rcoles 16 de octubre, la exhibici\u00f3n \u201cMESTURA\u201c de los artistas dominicanos F\u00e9lix Hern\u00e1ndez, George Heinsen, Jonathan Carela, Lizarder Jim\u00e9nez, Miguel Alc\u00e1ntara, Freddy Guerrero y William Tuesca. Egresados de Chav\u00f3n La Escuela de Dise\u00f1o, nos traen una propuesta fresca y moderna del\u2026","rel":"","context":"En \u00abAltos de Chavon @es\u00bb","block_context":{"text":"Altos de Chavon @es","link":"https:\/\/casadecampoliving.com\/category\/altos-de-chavon-es\/"},"img":{"alt_text":"","src":"https:\/\/i0.wp.com\/casadecampoliving.com\/wp-content\/uploads\/2022\/10\/IMG_5363.jpg?fit=1000%2C613&ssl=1&resize=350%2C200","width":350,"height":200,"srcset":"https:\/\/i0.wp.com\/casadecampoliving.com\/wp-content\/uploads\/2022\/10\/IMG_5363.jpg?fit=1000%2C613&ssl=1&resize=350%2C200 1x, https:\/\/i0.wp.com\/casadecampoliving.com\/wp-content\/uploads\/2022\/10\/IMG_5363.jpg?fit=1000%2C613&ssl=1&resize=525%2C300 1.5x, https:\/\/i0.wp.com\/casadecampoliving.com\/wp-content\/uploads\/2022\/10\/IMG_5363.jpg?fit=1000%2C613&ssl=1&resize=700%2C400 2x"},"classes":[]},{"id":330695,"url":"https:\/\/casadecampoliving.com\/the-altos-de-chavon-gallery-will-presents-the-collective-exhibition-mestura\/","url_meta":{"origin":353575,"position":1},"title":"The Altos de Chav\u00f3n Gallery will presents the collective exhibition \u201cMESTURA\u201d","author":"Casa de Campo Living","date":"9 Oct, 2019","format":false,"excerpt":"The Altos de Chav\u00f3n Gallery will present on Wednesday, October 16, the exhibition \u201cMESTURA\u201d by Dominican artists F\u00e9lix Hern\u00e1ndez, George Heinsen, Jonathan Carela, Lizarder Jim\u00e9nez, Miguel Alc\u00e1ntara, Freddy Guerrero and William Tuesca. The aforementioned Chav\u00f3n School of Design graduates bring us a fresh and modern proposal of contemporary art. With\u2026","rel":"","context":"En \u00abAltos de Chavon\u00bb","block_context":{"text":"Altos de Chavon","link":"https:\/\/casadecampoliving.com\/category\/altos-de-chavon\/"},"img":{"alt_text":"","src":"https:\/\/i0.wp.com\/casadecampoliving.com\/wp-content\/uploads\/2022\/10\/MESTURA-1080x1920-igstorie-1.jpg?fit=600%2C1068&ssl=1&resize=350%2C200","width":350,"height":200,"srcset":"https:\/\/i0.wp.com\/casadecampoliving.com\/wp-content\/uploads\/2022\/10\/MESTURA-1080x1920-igstorie-1.jpg?fit=600%2C1068&ssl=1&resize=350%2C200 1x, https:\/\/i0.wp.com\/casadecampoliving.com\/wp-content\/uploads\/2022\/10\/MESTURA-1080x1920-igstorie-1.jpg?fit=600%2C1068&ssl=1&resize=525%2C300 1.5x"},"classes":[]},{"id":330701,"url":"https:\/\/casadecampoliving.com\/mestura-an-exchange-of-artistic-experiences-that-promotes-contemporary-art\/","url_meta":{"origin":353575,"position":2},"title":"\u00abMESTURA\u00bb An exchange of artistic experiences that promotes contemporary art","author":"Casa de Campo Living","date":"21 Oct, 2019","format":false,"excerpt":"On Wednesday, October 16th the Altos de Chav\u00f3n Gallery opened the exhibition \u201cMESTURA\u201d by Dominican artists F\u00e9lix Hern\u00e1ndez, George Heinsen, Jonathan Carela, Lizarder Jim\u00e9nez, Miguel Alc\u00e1ntara, Freddy Guerrero and William Tuesca. All the artists of this exhibition are graduates of Chav\u00f3n La Escuela de Dise\u00f1o, and show us a fresh\u2026","rel":"","context":"En \u00abAltos de Chavon\u00bb","block_context":{"text":"Altos de Chavon","link":"https:\/\/casadecampoliving.com\/category\/altos-de-chavon\/"},"img":{"alt_text":"","src":"https:\/\/i0.wp.com\/casadecampoliving.com\/wp-content\/uploads\/2022\/10\/DSC3822.jpg?fit=1000%2C638&ssl=1&resize=350%2C200","width":350,"height":200,"srcset":"https:\/\/i0.wp.com\/casadecampoliving.com\/wp-content\/uploads\/2022\/10\/DSC3822.jpg?fit=1000%2C638&ssl=1&resize=350%2C200 1x, https:\/\/i0.wp.com\/casadecampoliving.com\/wp-content\/uploads\/2022\/10\/DSC3822.jpg?fit=1000%2C638&ssl=1&resize=525%2C300 1.5x, https:\/\/i0.wp.com\/casadecampoliving.com\/wp-content\/uploads\/2022\/10\/DSC3822.jpg?fit=1000%2C638&ssl=1&resize=700%2C400 2x"},"classes":[]},{"id":433460,"url":"https:\/\/casadecampoliving.com\/es\/no-se-pierdan-el-increible-tributo-a-frank-sinatra-para-celebrar-el-40-aniversario-del-anfiteatro-altos-de-chavon\/","url_meta":{"origin":353575,"position":3},"title":"No se pierdan el incre\u00edble tributo a Frank Sinatra para celebrar el 40 aniversario del\u00a0Anfiteatro Altos de Chav\u00f3n","author":"Casa de Campo Living","date":"20 Oct, 2022","format":false,"excerpt":"Siendo uno de los escenarios m\u00e1s emblem\u00e1ticos del pa\u00eds, Casa de Campo Resort\u00ae & Villas celebra las cuatro d\u00e9cadas de aniversario de Altos de Chav\u00f3n con un tributo al gran Frank Sinatra, protagonizado por artistas invitados y una big band tal cual la que acompa\u00f1\u00f3 al artista hace 40 a\u00f1os\u2026","rel":"","context":"En \u00abUncategorized @es\u00bb","block_context":{"text":"Uncategorized @es","link":"https:\/\/casadecampoliving.com\/es\/category\/uncategorized-es\/"},"img":{"alt_text":"","src":"https:\/\/i0.wp.com\/casadecampoliving.com\/wp-content\/uploads\/2022\/10\/Tributo-Frank-Sinatra-Foto-Principal-Amaury-Sanchez-Danilo-Ginebra-Andres-Pichardo-y-Jose-Gabriel-Perez-.jpg?fit=1200%2C873&ssl=1&resize=350%2C200","width":350,"height":200,"srcset":"https:\/\/i0.wp.com\/casadecampoliving.com\/wp-content\/uploads\/2022\/10\/Tributo-Frank-Sinatra-Foto-Principal-Amaury-Sanchez-Danilo-Ginebra-Andres-Pichardo-y-Jose-Gabriel-Perez-.jpg?fit=1200%2C873&ssl=1&resize=350%2C200 1x, https:\/\/i0.wp.com\/casadecampoliving.com\/wp-content\/uploads\/2022\/10\/Tributo-Frank-Sinatra-Foto-Principal-Amaury-Sanchez-Danilo-Ginebra-Andres-Pichardo-y-Jose-Gabriel-Perez-.jpg?fit=1200%2C873&ssl=1&resize=525%2C300 1.5x, https:\/\/i0.wp.com\/casadecampoliving.com\/wp-content\/uploads\/2022\/10\/Tributo-Frank-Sinatra-Foto-Principal-Amaury-Sanchez-Danilo-Ginebra-Andres-Pichardo-y-Jose-Gabriel-Perez-.jpg?fit=1200%2C873&ssl=1&resize=700%2C400 2x, https:\/\/i0.wp.com\/casadecampoliving.com\/wp-content\/uploads\/2022\/10\/Tributo-Frank-Sinatra-Foto-Principal-Amaury-Sanchez-Danilo-Ginebra-Andres-Pichardo-y-Jose-Gabriel-Perez-.jpg?fit=1200%2C873&ssl=1&resize=1050%2C600 3x"},"classes":[]},{"id":348016,"url":"https:\/\/casadecampoliving.com\/es\/exhibicion-selection-en-jenny-polanco-project\/","url_meta":{"origin":353575,"position":4},"title":"Exhibici\u00f3n de arte SELECTION en Jenny Polanco Project","author":"Perkin Agramonte","date":"6 Ago, 2015","format":false,"excerpt":"El pr\u00f3ximo s\u00e1bado, 15 de agosto esl Jenny Polanco Project en colaboraci\u00f3n con Casa Quien trae a Altos de Chav\u00f3n una exhibici\u00f3n de arte llamada \u201cSelection\u201d, con obras realizadas por artistas contempor\u00e1neos dominicanos. Casa Quien es un espacio de arte abierto por Amy Hussein (egresada de La Escuela de Dise\u00f1o\u2026","rel":"","context":"En \u00abAltos de Chavon @es\u00bb","block_context":{"text":"Altos de Chavon @es","link":"https:\/\/casadecampoliving.com\/category\/altos-de-chavon-es\/"},"img":{"alt_text":"","src":"https:\/\/i0.wp.com\/casadecampoliving.com\/wp-content\/uploads\/2022\/10\/SELECTION_art_exhibit-1.png?fit=1200%2C694&ssl=1&resize=350%2C200","width":350,"height":200,"srcset":"https:\/\/i0.wp.com\/casadecampoliving.com\/wp-content\/uploads\/2022\/10\/SELECTION_art_exhibit-1.png?fit=1200%2C694&ssl=1&resize=350%2C200 1x, https:\/\/i0.wp.com\/casadecampoliving.com\/wp-content\/uploads\/2022\/10\/SELECTION_art_exhibit-1.png?fit=1200%2C694&ssl=1&resize=525%2C300 1.5x, https:\/\/i0.wp.com\/casadecampoliving.com\/wp-content\/uploads\/2022\/10\/SELECTION_art_exhibit-1.png?fit=1200%2C694&ssl=1&resize=700%2C400 2x, https:\/\/i0.wp.com\/casadecampoliving.com\/wp-content\/uploads\/2022\/10\/SELECTION_art_exhibit-1.png?fit=1200%2C694&ssl=1&resize=1050%2C600 3x"},"classes":[]},{"id":351832,"url":"https:\/\/casadecampoliving.com\/es\/la-galeria-de-altos-de-chavon-invita-a-la-exposicion-savages\/","url_meta":{"origin":353575,"position":5},"title":"* ACTUALIZACI\u00d3N: \u00a1NUEVA FECHA! * La Galer\u00eda de Altos de Chav\u00f3n invita a la exposici\u00f3n \u00abSavages\u00bb","author":"Marlenys Guzm\u00e1n Casta\u00f1os","date":"10 Ago, 2017","format":false,"excerpt":"* ACTUALIZACI\u00d3N: Debido al hurac\u00e1n Irma, la Galer\u00eda abrir\u00e1 la exposici\u00f3n \u201cSavages\u201d el JUEVES, 14 DE SEPTIEMBRE. Esperamos que todos hayan permanecido a salvo durante la tormenta y vengan la pr\u00f3xima semana para apoyar a estos dos artistas que tienen fuertes lazos con la comunidad y Altos de Chav\u00f3n. La\u2026","rel":"","context":"En \u00abAltos de Chavon @es\u00bb","block_context":{"text":"Altos de Chavon @es","link":"https:\/\/casadecampoliving.com\/category\/altos-de-chavon-es\/"},"img":{"alt_text":"","src":"https:\/\/i0.wp.com\/casadecampoliving.com\/wp-content\/uploads\/2022\/10\/IMG_5363.jpg?fit=1000%2C613&ssl=1&resize=350%2C200","width":350,"height":200,"srcset":"https:\/\/i0.wp.com\/casadecampoliving.com\/wp-content\/uploads\/2022\/10\/IMG_5363.jpg?fit=1000%2C613&ssl=1&resize=350%2C200 1x, https:\/\/i0.wp.com\/casadecampoliving.com\/wp-content\/uploads\/2022\/10\/IMG_5363.jpg?fit=1000%2C613&ssl=1&resize=525%2C300 1.5x, https:\/\/i0.wp.com\/casadecampoliving.com\/wp-content\/uploads\/2022\/10\/IMG_5363.jpg?fit=1000%2C613&ssl=1&resize=700%2C400 2x"},"classes":[]}],"jetpack_sharing_enabled":true,"jetpack_featured_media_url":"https:\/\/i0.wp.com\/casadecampoliving.com\/wp-content\/uploads\/2022\/10\/DSC3822.jpg?fit=1000%2C638&ssl=1","_links":{"self":[{"href":"https:\/\/casadecampoliving.com\/es\/wp-json\/wp\/v2\/posts\/353575","targetHints":{"allow":["GET"]}}],"collection":[{"href":"https:\/\/casadecampoliving.com\/es\/wp-json\/wp\/v2\/posts"}],"about":[{"href":"https:\/\/casadecampoliving.com\/es\/wp-json\/wp\/v2\/types\/post"}],"author":[{"embeddable":true,"href":"https:\/\/casadecampoliving.com\/es\/wp-json\/wp\/v2\/users\/36791"}],"replies":[{"embeddable":true,"href":"https:\/\/casadecampoliving.com\/es\/wp-json\/wp\/v2\/comments?post=353575"}],"version-history":[{"count":1,"href":"https:\/\/casadecampoliving.com\/es\/wp-json\/wp\/v2\/posts\/353575\/revisions"}],"predecessor-version":[{"id":504448,"href":"https:\/\/casadecampoliving.com\/es\/wp-json\/wp\/v2\/posts\/353575\/revisions\/504448"}],"wp:featuredmedia":[{"embeddable":true,"href":"https:\/\/casadecampoliving.com\/es\/wp-json\/wp\/v2\/media\/308788"}],"wp:attachment":[{"href":"https:\/\/casadecampoliving.com\/es\/wp-json\/wp\/v2\/media?parent=353575"}],"wp:term":[{"taxonomy":"category","embeddable":true,"href":"https:\/\/casadecampoliving.com\/es\/wp-json\/wp\/v2\/categories?post=353575"},{"taxonomy":"post_tag","embeddable":true,"href":"https:\/\/casadecampoliving.com\/es\/wp-json\/wp\/v2\/tags?post=353575"},{"taxonomy":"newspack_spnsrs_tax","embeddable":true,"href":"https:\/\/casadecampoliving.com\/es\/wp-json\/wp\/v2\/newspack_spnsrs_tax?post=353575"}],"curies":[{"name":"wp","href":"https:\/\/api.w.org\/{rel}","templated":true}]}}