{"id":353572,"date":"2019-10-14T00:00:00","date_gmt":"2019-10-14T04:00:00","guid":{"rendered":"https:\/\/casadecampoliving.com\/the-casa-de-campo-corre-for-the-hogar-del-nino-2019-is-this-sunday-get-out-and-run-for-a-good-cause\/"},"modified":"2022-11-10T10:03:29","modified_gmt":"2022-11-10T14:03:29","slug":"the-casa-de-campo-corre-for-the-hogar-del-nino-2019-is-this-sunday-get-out-and-run-for-a-good-cause","status":"publish","type":"post","link":"https:\/\/casadecampoliving.com\/es\/the-casa-de-campo-corre-for-the-hogar-del-nino-2019-is-this-sunday-get-out-and-run-for-a-good-cause\/","title":{"rendered":"\u00a1Casa de Campo Corre para el Hogar del Ni\u00f1o 2019 es este domingo! \u00a1Sal y corre por una buena causa!"},"content":{"rendered":"<p>Ponte los zapatos para correr \u2026 \u00a1el Casa de Campo Corre para el Hogar del Ni\u00f1o es este domingo! Esperamos que todos est\u00e9n en buena forma para todo lo que el Patronato Ben\u00e9fico Oriental tiene para usted este domingo 20 de octubre a partir de las 5:30 am.&nbsp;<\/p>\n<p>El evento incluye un Marat\u00f3n (42K ), Medio Marat\u00f3n (21K) y carreras de distancia de 10K y 5K cuyas rutas son certificadas por la International Association of Athletic Federations (IAAF). Este evento ya se ha vuelto muy popular en el pa\u00eds, logrando alcanzar tambi\u00e9n corredores en el extranjero, que han venido desde Puerto Rico, Estados Unidos, Europa, Colombia y Venezuela entre otros, y que han tenido la oportunidad de correr un Marat\u00f3n disfrutando del Resort tur\u00edstico m\u00e1s lujoso y exclusivo del Caribe.&nbsp; \u00a1As\u00ed que prep\u00e1rate para correr!<\/p>\n<p style=\"text-align: center;\"><iframe loading=\"lazy\" src=\"https:\/\/api.smugmug.com\/services\/embed\/8831238321_3VxZ7cw?width=890&amp;height=390&amp;albumId=197750766&amp;albumKey=xnJCDK\" width=\"890\" height=\"390\" frameborder=\"0\" scrolling=\"no\"><span data-mce-type=\"bookmark\" style=\"display: inline-block; width: 0px; overflow: hidden; line-height: 0;\" class=\"mce_SELRES_start\">\ufeff<\/span><\/iframe><\/p>\n<p>Cada corredor registrado recibir\u00e1 un kit de una mochila del evento, un ajuste oficial de la marat\u00f3n, la gorra BIB y CHIP. Los kits se entregar\u00e1n a los corredores ubicados en Santo Domingo y ciudades cercanas el jueves 17 de 10 am a 7 pm; en las oficinas de PBO en La Romana el viernes 18 de 9 a.m. a 5 p.m., y el s\u00e1bado 19 de 10 a.m. a 9 p.m., aqu\u00ed en Casa de Campo en Salon Cacique para recoger su kit, debe presentar su identificaci\u00f3n y su comprobante de entrada de compra. Tambi\u00e9n hay transporte disponible desde Santo Domingo e Higuey, consulte los horarios a continuaci\u00f3n.<\/p>\n<p>Cada competidor recibir\u00e1 medallas por alcanzar la Meta, as\u00ed como premios, certificados e importantes premios en efectivo. Las carreras comenzar\u00e1n con los 42K y 21K a partir de las 5:30 de la ma\u00f1ana, mientras que los de 10K y 5K comenzar\u00e1n a las 7:00 de la ma\u00f1ana, antes de los distintos comienzos, habr\u00e1 sesiones de calentamiento para los corredores.<\/p>\n<p><img data-recalc-dims=\"1\" loading=\"lazy\" decoding=\"async\" data-attachment-id=\"201842\" data-permalink=\"https:\/\/casadecampoliving.com\/es\/bdc_9201\/\" data-orig-file=\"https:\/\/i0.wp.com\/casadecampoliving.com\/wp-content\/uploads\/2019\/10\/BDC_9201.jpg?fit=1000%2C603&amp;ssl=1\" data-orig-size=\"1000,603\" data-comments-opened=\"0\" data-image-meta=\"{&quot;aperture&quot;:&quot;3.5&quot;,&quot;credit&quot;:&quot;Brayan_de_la_Cruz&quot;,&quot;camera&quot;:&quot;Canon EOS 5D Mark III&quot;,&quot;caption&quot;:&quot;&quot;,&quot;created_timestamp&quot;:&quot;1543086787&quot;,&quot;copyright&quot;:&quot;&quot;,&quot;focal_length&quot;:&quot;130&quot;,&quot;iso&quot;:&quot;1600&quot;,&quot;shutter_speed&quot;:&quot;0.002&quot;,&quot;title&quot;:&quot;&quot;,&quot;orientation&quot;:&quot;1&quot;}\" data-image-title=\"BDC_9201\" data-image-description=\"\" data-image-caption=\"\" data-large-file=\"https:\/\/i0.wp.com\/casadecampoliving.com\/wp-content\/uploads\/2019\/10\/BDC_9201.jpg?fit=1000%2C603&amp;ssl=1\" class=\"aligncenter wp-image-201842 size-full\" src=\"https:\/\/i0.wp.com\/casadecampoliving.com\/wp-content\/uploads\/2022\/10\/BDC_9201.jpg?resize=1000%2C603&#038;ssl=1\" alt=\"\" width=\"1000\" height=\"603\"><\/p>\n<p><a href=\"https:\/\/casadecampoliving.com\/es\/casa-de-campo-corre-for-the-hogar-del-nino-2019-is-next-month-have-you-signed-up\/\" target=\"_blank\" rel=\"noopener noreferrer\">Durante la rueda de prensa que tuvo lugar el 11 de septiembre,<\/a> Xiomarita Men\u00e9ndez D\u00e1jer explic\u00f3 que los fondos recaudados ser\u00e1n destinados a los programas de Educaci\u00f3n F\u00edsica que desarrolla el Hogar del Ni\u00f1o como instituci\u00f3n para el bienestar educativo y alimenticio de miles de ni\u00f1os de las comunidades vulnerables de La Romana. <strong>\u201cEs un verdadero honor para nosotros poder llevar a cabo esta actividad por quinto a\u00f1o consecutivo lo cual es una prueba fehaciente de que los resultados que hemos obtenido en ediciones pasadas han sido positivas y alentadoras. Nos complace contar con el apoyo de todos aquellos que siempre est\u00e1n dispuestos a aportar, adem\u00e1s de un granito de arena, sus pasos, apoyando esta propuesta que beneficia a quienes necesitan\u201d<\/strong>, manifest\u00f3 Xiomara Men\u00e9ndez D\u00e1jer.<\/p>\n<p>Las siguientes im\u00e1genes fueron tomadas por Bryan de la Cruz durante la Casa de Campo Corre 2018 para el Hogar del Ni\u00f1o en Casa de Campo, el domingo 25 de noviembre:<\/p>\n<p>[nggallery id = 3274]<\/p>\n<blockquote>\n<h3><strong>Kits de corredores<\/strong><\/h3>\n<p><img data-recalc-dims=\"1\" loading=\"lazy\" decoding=\"async\" data-attachment-id=\"201848\" data-permalink=\"https:\/\/casadecampoliving.com\/es\/cdc-corre-2019-kits\/\" data-orig-file=\"https:\/\/i0.wp.com\/casadecampoliving.com\/wp-content\/uploads\/2019\/10\/CDC-Corre-2019-kits.jpg?fit=800%2C800&amp;ssl=1\" data-orig-size=\"800,800\" data-comments-opened=\"0\" data-image-meta=\"{&quot;aperture&quot;:&quot;0&quot;,&quot;credit&quot;:&quot;&quot;,&quot;camera&quot;:&quot;&quot;,&quot;caption&quot;:&quot;&quot;,&quot;created_timestamp&quot;:&quot;0&quot;,&quot;copyright&quot;:&quot;&quot;,&quot;focal_length&quot;:&quot;0&quot;,&quot;iso&quot;:&quot;0&quot;,&quot;shutter_speed&quot;:&quot;0&quot;,&quot;title&quot;:&quot;&quot;,&quot;orientation&quot;:&quot;0&quot;}\" data-image-title=\"CDC Corre 2019 kits\" data-image-description=\"\" data-image-caption=\"\" data-large-file=\"https:\/\/i0.wp.com\/casadecampoliving.com\/wp-content\/uploads\/2019\/10\/CDC-Corre-2019-kits.jpg?fit=800%2C800&amp;ssl=1\" class=\"aligncenter wp-image-201848 size-full\" src=\"https:\/\/i0.wp.com\/casadecampoliving.com\/wp-content\/uploads\/2022\/10\/CDC-Corre-2019-kits.jpg?resize=800%2C800&#038;ssl=1\" alt=\"\" width=\"800\" height=\"800\"><\/p><\/blockquote>\n<blockquote>\n<h3><strong>Horario de&nbsp; transporte&nbsp;<\/strong><\/h3>\n<p><img data-recalc-dims=\"1\" loading=\"lazy\" decoding=\"async\" data-attachment-id=\"201846\" data-permalink=\"https:\/\/casadecampoliving.com\/es\/cdc-corre-2019-transporte-sto-dom\/\" data-orig-file=\"https:\/\/i0.wp.com\/casadecampoliving.com\/wp-content\/uploads\/2019\/10\/CDC-Corre-2019-Transporte-Sto-Dom.jpg?fit=800%2C800&amp;ssl=1\" data-orig-size=\"800,800\" data-comments-opened=\"0\" data-image-meta=\"{&quot;aperture&quot;:&quot;0&quot;,&quot;credit&quot;:&quot;&quot;,&quot;camera&quot;:&quot;&quot;,&quot;caption&quot;:&quot;&quot;,&quot;created_timestamp&quot;:&quot;0&quot;,&quot;copyright&quot;:&quot;&quot;,&quot;focal_length&quot;:&quot;0&quot;,&quot;iso&quot;:&quot;0&quot;,&quot;shutter_speed&quot;:&quot;0&quot;,&quot;title&quot;:&quot;&quot;,&quot;orientation&quot;:&quot;0&quot;}\" data-image-title=\"Casa de Campo Corre 2019 Transporte Sto Dom\" data-image-description=\"\" data-image-caption=\"\" data-large-file=\"https:\/\/i0.wp.com\/casadecampoliving.com\/wp-content\/uploads\/2019\/10\/CDC-Corre-2019-Transporte-Sto-Dom.jpg?fit=800%2C800&amp;ssl=1\" class=\"aligncenter wp-image-201846 size-full\" src=\"https:\/\/i0.wp.com\/casadecampoliving.com\/wp-content\/uploads\/2022\/10\/CDC-Corre-2019-Transporte-Sto-Dom.jpg?resize=800%2C800&#038;ssl=1\" alt=\"\" width=\"800\" height=\"800\"><\/p>\n<p><img data-recalc-dims=\"1\" loading=\"lazy\" decoding=\"async\" data-attachment-id=\"201844\" data-permalink=\"https:\/\/casadecampoliving.com\/es\/cdc-corre-2019-transporte-higuey\/\" data-orig-file=\"https:\/\/i0.wp.com\/casadecampoliving.com\/wp-content\/uploads\/2019\/10\/CDC-Corre-2019-Transporte-Higuey.jpg?fit=800%2C800&amp;ssl=1\" data-orig-size=\"800,800\" data-comments-opened=\"0\" data-image-meta=\"{&quot;aperture&quot;:&quot;0&quot;,&quot;credit&quot;:&quot;&quot;,&quot;camera&quot;:&quot;&quot;,&quot;caption&quot;:&quot;&quot;,&quot;created_timestamp&quot;:&quot;0&quot;,&quot;copyright&quot;:&quot;&quot;,&quot;focal_length&quot;:&quot;0&quot;,&quot;iso&quot;:&quot;0&quot;,&quot;shutter_speed&quot;:&quot;0&quot;,&quot;title&quot;:&quot;&quot;,&quot;orientation&quot;:&quot;0&quot;}\" data-image-title=\"Casa de Campo Corre 2019 Transporte Higuey\" data-image-description=\"\" data-image-caption=\"\" data-large-file=\"https:\/\/i0.wp.com\/casadecampoliving.com\/wp-content\/uploads\/2019\/10\/CDC-Corre-2019-Transporte-Higuey.jpg?fit=800%2C800&amp;ssl=1\" class=\"aligncenter wp-image-201844 size-full\" src=\"https:\/\/i0.wp.com\/casadecampoliving.com\/wp-content\/uploads\/2022\/10\/CDC-Corre-2019-Transporte-Higuey.jpg?resize=800%2C800&#038;ssl=1\" alt=\"\" width=\"800\" height=\"800\"><\/p><\/blockquote>\n<blockquote>\n<h4>HOGAR DEL NI\u00d1O<\/h4>\n<p><img data-recalc-dims=\"1\" loading=\"lazy\" decoding=\"async\" class=\"alignright size-full wp-image-118912\" src=\"https:\/\/i0.wp.com\/casadecampoliving.com\/wp-content\/uploads\/2022\/10\/hogar_del_nino-29.jpg?resize=200%2C105&#038;ssl=1\" alt=\"hogar_del_nino\" width=\"200\" height=\"105\"><\/p>\n<p>El Hogar del Ni\u00f1o es un centro educacional y de cuidado para m\u00e1s de 1,500 ni\u00f1os, ubicado en el pueblo de La Romana, justo a las afueras de Casa de Campo. Ni\u00f1os que van desde los pocas semanas de nacidos hasta los 18 a\u00f1os de edad, son cuidados y educados a diario desde las 5:30am las 7pm.<\/p>\n<p>La organizaci\u00f3n tambi\u00e9n provee educaci\u00f3n especial para ni\u00f1os especiales que padecen de ceguera o con limitaciones auditivas, al igual que una escuela vocacional en la que m\u00e1s de 235 estudiantes reciben educaci\u00f3n en las distintas \u00e1reas como: costura, preparaci\u00f3n industrial, mantenimiento e instalaci\u00f3n el\u00e9ctrica; manejo de programas de c\u00f3mputos.<\/p>\n<p><strong>Comun\u00edquese con el Hogar del Ni\u00f1o al:<br \/>\nTel:&nbsp;<\/strong>(809) 523-8901<strong>&nbsp;<\/strong>o al (809) 556-3181<strong><br \/>\nEmail:&nbsp;<\/strong><a href=\"mailto:info@pbo.org.do\" target=\"_blank\" rel=\"noopener noreferrer\">info@pbo.org.do<\/a><strong><br \/>\nSitio Web:&nbsp;<\/strong><a href=\"http:\/\/pbo.org.do\/site\/es\/\" target=\"_blank\" rel=\"noopener noreferrer\">pbo.org.do<\/a><\/p><\/blockquote>\n","protected":false},"excerpt":{"rendered":"<p>Ponte los zapatos para correr \u2026 \u00a1el Casa de Campo Corre para el Hogar del Ni\u00f1o es este domingo! Esperamos que todos est\u00e9n en buena forma para todo lo que el Patronato Ben\u00e9fico Oriental tiene para usted este domingo 20 de octubre a partir de las 5:30 am.&nbsp; El evento incluye un Marat\u00f3n (42K ), [&hellip;]<\/p>\n","protected":false},"author":36791,"featured_media":308626,"comment_status":"closed","ping_status":"closed","sticky":false,"template":"","format":"standard","meta":{"newspack_ads_suppress_ads":false,"newspack_popups_has_disabled_popups":false,"newspack_sponsor_sponsorship_scope":"","newspack_sponsor_native_byline_display":"inherit","newspack_sponsor_native_category_display":"inherit","newspack_sponsor_underwriter_style":"inherit","newspack_sponsor_underwriter_placement":"inherit","_newspack_byline_active":false,"_newspack_byline":"","newspack_hide_updated_date":false,"newspack_show_updated_date":false,"newspack_content_restriction_is_exempt":false,"newspack_featured_image_position":"","newspack_post_subtitle":"","newspack_article_summary_title":"Overview:","newspack_article_summary":"","_jetpack_memberships_contains_paid_content":false,"footnotes":"","jetpack_publicize_message":"","jetpack_publicize_feature_enabled":true,"jetpack_social_post_already_shared":false,"jetpack_social_options":{"image_generator_settings":{"template":"highway","default_image_id":0,"font":"","enabled":false},"version":2},"_wpas_customize_per_network":false},"categories":[26820,2525,2524,14631,2522,2514,2516,14627,2521,26822,2527,19622],"tags":[9018,4484,24346,14736,2635,23828,3177],"newspack_spnsrs_tax":[],"class_list":["post-353572","post","type-post","status-publish","format-standard","has-post-thumbnail","hentry","category-casa-de-campo-resort","category-golf-deportes-es","category-destacados","category-estilo-de-vida","category-eventos-es","category-fundaciones-es","category-hogar-del-nino-es","category-proximamente","category-republica-dominicana-2","category-resort-casa-de-campo","category-salud","category-video-es-2","tag-casa-de-campo-corre","tag-el-hogar-del-nino","tag-featured-es","tag-featured-topview-es","tag-maraton","tag-patronato-benefico-oriental-es-2","tag-pbo","entry"],"yoast_head":"<!-- This site is optimized with the Yoast SEO plugin v27.4 - https:\/\/yoast.com\/product\/yoast-seo-wordpress\/ -->\n<title>\u00a1Casa de Campo Corre para el Hogar del Ni\u00f1o 2019 es este domingo! \u00a1Sal y corre por una buena causa! | Casa de Campo Living<\/title>\n<meta name=\"description\" content=\"Ponte los zapatos para correr \u2026 \u00a1el Casa de Campo Corre para el Hogar del Ni\u00f1o es este domingo! Esperamos que todos est\u00e9n en buena forma para todo lo que\" \/>\n<meta name=\"robots\" content=\"index, follow, max-snippet:-1, max-image-preview:large, max-video-preview:-1\" \/>\n<link rel=\"canonical\" href=\"https:\/\/casadecampoliving.com\/es\/the-casa-de-campo-corre-for-the-hogar-del-nino-2019-is-this-sunday-get-out-and-run-for-a-good-cause\/\" \/>\n<meta property=\"og:locale\" content=\"es_ES\" \/>\n<meta property=\"og:type\" content=\"article\" \/>\n<meta property=\"og:title\" content=\"\u00a1Casa de Campo Corre para el Hogar del Ni\u00f1o 2019 es este domingo! \u00a1Sal y corre por una buena causa! | Casa de Campo Living\" \/>\n<meta property=\"og:description\" content=\"Ponte los zapatos para correr \u2026 \u00a1el Casa de Campo Corre para el Hogar del Ni\u00f1o es este domingo! Esperamos que todos est\u00e9n en buena forma para todo lo que\" \/>\n<meta property=\"og:url\" content=\"https:\/\/casadecampoliving.com\/es\/the-casa-de-campo-corre-for-the-hogar-del-nino-2019-is-this-sunday-get-out-and-run-for-a-good-cause\/\" \/>\n<meta property=\"og:site_name\" content=\"Casa de Campo Living\" \/>\n<meta property=\"article:publisher\" content=\"https:\/\/www.facebook.com\/casadecampoliving\" \/>\n<meta property=\"article:published_time\" content=\"2019-10-14T04:00:00+00:00\" \/>\n<meta property=\"article:modified_time\" content=\"2022-11-10T14:03:29+00:00\" \/>\n<meta property=\"og:image\" content=\"https:\/\/i0.wp.com\/casadecampoliving.com\/wp-content\/uploads\/2022\/10\/BDC_9585.jpg?fit=1000%2C604&ssl=1\" \/>\n\t<meta property=\"og:image:width\" content=\"1000\" \/>\n\t<meta property=\"og:image:height\" content=\"604\" \/>\n\t<meta property=\"og:image:type\" content=\"image\/jpeg\" \/>\n<meta name=\"author\" content=\"Casa de Campo Living\" \/>\n<meta name=\"twitter:card\" content=\"summary_large_image\" \/>\n<meta name=\"twitter:creator\" content=\"@cdcliving\" \/>\n<meta name=\"twitter:site\" content=\"@cdcliving\" \/>\n<meta name=\"twitter:label1\" content=\"Escrito por\" \/>\n\t<meta name=\"twitter:data1\" content=\"Casa de Campo Living\" \/>\n\t<meta name=\"twitter:label2\" content=\"Tiempo de lectura\" \/>\n\t<meta name=\"twitter:data2\" content=\"3 minutos\" \/>\n<script type=\"application\/ld+json\" class=\"yoast-schema-graph\">{\"@context\":\"https:\\\/\\\/schema.org\",\"@graph\":[{\"@type\":\"Article\",\"@id\":\"https:\\\/\\\/casadecampoliving.com\\\/es\\\/the-casa-de-campo-corre-for-the-hogar-del-nino-2019-is-this-sunday-get-out-and-run-for-a-good-cause\\\/#article\",\"isPartOf\":{\"@id\":\"https:\\\/\\\/casadecampoliving.com\\\/es\\\/the-casa-de-campo-corre-for-the-hogar-del-nino-2019-is-this-sunday-get-out-and-run-for-a-good-cause\\\/\"},\"author\":{\"name\":\"Casa de Campo Living\",\"@id\":\"https:\\\/\\\/casadecampoliving.com\\\/es\\\/#\\\/schema\\\/person\\\/5d2171637a9d11e0e43ce6b8555f9422\"},\"headline\":\"\u00a1Casa de Campo Corre para el Hogar del Ni\u00f1o 2019 es este domingo! \u00a1Sal y corre por una buena causa!\",\"datePublished\":\"2019-10-14T04:00:00+00:00\",\"dateModified\":\"2022-11-10T14:03:29+00:00\",\"mainEntityOfPage\":{\"@id\":\"https:\\\/\\\/casadecampoliving.com\\\/es\\\/the-casa-de-campo-corre-for-the-hogar-del-nino-2019-is-this-sunday-get-out-and-run-for-a-good-cause\\\/\"},\"wordCount\":663,\"publisher\":{\"@id\":\"https:\\\/\\\/casadecampoliving.com\\\/es\\\/#organization\"},\"image\":{\"@id\":\"https:\\\/\\\/casadecampoliving.com\\\/es\\\/the-casa-de-campo-corre-for-the-hogar-del-nino-2019-is-this-sunday-get-out-and-run-for-a-good-cause\\\/#primaryimage\"},\"thumbnailUrl\":\"https:\\\/\\\/i0.wp.com\\\/casadecampoliving.com\\\/wp-content\\\/uploads\\\/2022\\\/10\\\/BDC_9585.jpg?fit=1000%2C604&ssl=1\",\"keywords\":[\"casa de campo corre\",\"el hogar del nino\",\"Featured\",\"Featured-TopView @es\",\"maraton\",\"patronato ben\u00e9fico oriental\",\"pbo\"],\"articleSection\":[\"Casa de Campo Resort\",\"Deportes\",\"Destacados\",\"Estilo de Vida\",\"Eventos\",\"Fundaciones\",\"Hogar del Ni\u00f1o @es\",\"Proximamente\",\"Rep\u00fablica Dominicana @es\",\"Resort Casa de Campo\",\"Salud\",\"Video\"],\"inLanguage\":\"es\"},{\"@type\":\"WebPage\",\"@id\":\"https:\\\/\\\/casadecampoliving.com\\\/es\\\/the-casa-de-campo-corre-for-the-hogar-del-nino-2019-is-this-sunday-get-out-and-run-for-a-good-cause\\\/\",\"url\":\"https:\\\/\\\/casadecampoliving.com\\\/es\\\/the-casa-de-campo-corre-for-the-hogar-del-nino-2019-is-this-sunday-get-out-and-run-for-a-good-cause\\\/\",\"name\":\"\u00a1Casa de Campo Corre para el Hogar del Ni\u00f1o 2019 es este domingo! \u00a1Sal y corre por una buena causa! | Casa de Campo Living\",\"isPartOf\":{\"@id\":\"https:\\\/\\\/casadecampoliving.com\\\/es\\\/#website\"},\"primaryImageOfPage\":{\"@id\":\"https:\\\/\\\/casadecampoliving.com\\\/es\\\/the-casa-de-campo-corre-for-the-hogar-del-nino-2019-is-this-sunday-get-out-and-run-for-a-good-cause\\\/#primaryimage\"},\"image\":{\"@id\":\"https:\\\/\\\/casadecampoliving.com\\\/es\\\/the-casa-de-campo-corre-for-the-hogar-del-nino-2019-is-this-sunday-get-out-and-run-for-a-good-cause\\\/#primaryimage\"},\"thumbnailUrl\":\"https:\\\/\\\/i0.wp.com\\\/casadecampoliving.com\\\/wp-content\\\/uploads\\\/2022\\\/10\\\/BDC_9585.jpg?fit=1000%2C604&ssl=1\",\"datePublished\":\"2019-10-14T04:00:00+00:00\",\"dateModified\":\"2022-11-10T14:03:29+00:00\",\"description\":\"Ponte los zapatos para correr \u2026 \u00a1el Casa de Campo Corre para el Hogar del Ni\u00f1o es este domingo! Esperamos que todos est\u00e9n en buena forma para todo lo que\",\"breadcrumb\":{\"@id\":\"https:\\\/\\\/casadecampoliving.com\\\/es\\\/the-casa-de-campo-corre-for-the-hogar-del-nino-2019-is-this-sunday-get-out-and-run-for-a-good-cause\\\/#breadcrumb\"},\"inLanguage\":\"es\",\"potentialAction\":[{\"@type\":\"ReadAction\",\"target\":[\"https:\\\/\\\/casadecampoliving.com\\\/es\\\/the-casa-de-campo-corre-for-the-hogar-del-nino-2019-is-this-sunday-get-out-and-run-for-a-good-cause\\\/\"]}]},{\"@type\":\"ImageObject\",\"inLanguage\":\"es\",\"@id\":\"https:\\\/\\\/casadecampoliving.com\\\/es\\\/the-casa-de-campo-corre-for-the-hogar-del-nino-2019-is-this-sunday-get-out-and-run-for-a-good-cause\\\/#primaryimage\",\"url\":\"https:\\\/\\\/i0.wp.com\\\/casadecampoliving.com\\\/wp-content\\\/uploads\\\/2022\\\/10\\\/BDC_9585.jpg?fit=1000%2C604&ssl=1\",\"contentUrl\":\"https:\\\/\\\/i0.wp.com\\\/casadecampoliving.com\\\/wp-content\\\/uploads\\\/2022\\\/10\\\/BDC_9585.jpg?fit=1000%2C604&ssl=1\",\"width\":1000,\"height\":604},{\"@type\":\"BreadcrumbList\",\"@id\":\"https:\\\/\\\/casadecampoliving.com\\\/es\\\/the-casa-de-campo-corre-for-the-hogar-del-nino-2019-is-this-sunday-get-out-and-run-for-a-good-cause\\\/#breadcrumb\",\"itemListElement\":[{\"@type\":\"ListItem\",\"position\":1,\"name\":\"Home\",\"item\":\"https:\\\/\\\/casadecampoliving.com\\\/es\\\/\"},{\"@type\":\"ListItem\",\"position\":2,\"name\":\"\u00a1Casa de Campo Corre para el Hogar del Ni\u00f1o 2019 es este domingo! \u00a1Sal y corre por una buena causa!\"}]},{\"@type\":\"WebSite\",\"@id\":\"https:\\\/\\\/casadecampoliving.com\\\/es\\\/#website\",\"url\":\"https:\\\/\\\/casadecampoliving.com\\\/es\\\/\",\"name\":\"Casa de Campo Living\",\"description\":\"Resort community news and resources.\",\"publisher\":{\"@id\":\"https:\\\/\\\/casadecampoliving.com\\\/es\\\/#organization\"},\"potentialAction\":[{\"@type\":\"SearchAction\",\"target\":{\"@type\":\"EntryPoint\",\"urlTemplate\":\"https:\\\/\\\/casadecampoliving.com\\\/es\\\/?s={search_term_string}\"},\"query-input\":{\"@type\":\"PropertyValueSpecification\",\"valueRequired\":true,\"valueName\":\"search_term_string\"}}],\"inLanguage\":\"es\"},{\"@type\":\"Organization\",\"@id\":\"https:\\\/\\\/casadecampoliving.com\\\/es\\\/#organization\",\"name\":\"Casa de Campo Living\",\"url\":\"https:\\\/\\\/casadecampoliving.com\\\/es\\\/\",\"logo\":{\"@type\":\"ImageObject\",\"inLanguage\":\"es\",\"@id\":\"https:\\\/\\\/casadecampoliving.com\\\/es\\\/#\\\/schema\\\/logo\\\/image\\\/\",\"url\":\"https:\\\/\\\/i0.wp.com\\\/casadecampoliving.com\\\/wp-content\\\/uploads\\\/2022\\\/07\\\/CDCLivingLogo_V1-white-sized.png?fit=800%2C214&ssl=1\",\"contentUrl\":\"https:\\\/\\\/i0.wp.com\\\/casadecampoliving.com\\\/wp-content\\\/uploads\\\/2022\\\/07\\\/CDCLivingLogo_V1-white-sized.png?fit=800%2C214&ssl=1\",\"width\":800,\"height\":214,\"caption\":\"Casa de Campo Living\"},\"image\":{\"@id\":\"https:\\\/\\\/casadecampoliving.com\\\/es\\\/#\\\/schema\\\/logo\\\/image\\\/\"},\"sameAs\":[\"https:\\\/\\\/www.facebook.com\\\/casadecampoliving\",\"https:\\\/\\\/x.com\\\/cdcliving\"]},{\"@type\":\"Person\",\"@id\":\"https:\\\/\\\/casadecampoliving.com\\\/es\\\/#\\\/schema\\\/person\\\/5d2171637a9d11e0e43ce6b8555f9422\",\"name\":\"Casa de Campo Living\",\"image\":{\"@type\":\"ImageObject\",\"inLanguage\":\"es\",\"@id\":\"https:\\\/\\\/secure.gravatar.com\\\/avatar\\\/d04101fa4a9fd431e939953b1500fdc7a73cd35029f86d98712fd8ccdaebaf9a?s=96&d=mm&r=g\",\"url\":\"https:\\\/\\\/secure.gravatar.com\\\/avatar\\\/d04101fa4a9fd431e939953b1500fdc7a73cd35029f86d98712fd8ccdaebaf9a?s=96&d=mm&r=g\",\"contentUrl\":\"https:\\\/\\\/secure.gravatar.com\\\/avatar\\\/d04101fa4a9fd431e939953b1500fdc7a73cd35029f86d98712fd8ccdaebaf9a?s=96&d=mm&r=g\",\"caption\":\"Casa de Campo Living\"},\"url\":\"https:\\\/\\\/casadecampoliving.com\\\/es\\\/author\\\/casa-de-campo-living\\\/\"}]}<\/script>\n<!-- \/ Yoast SEO plugin. -->","yoast_head_json":{"title":"\u00a1Casa de Campo Corre para el Hogar del Ni\u00f1o 2019 es este domingo! \u00a1Sal y corre por una buena causa! | Casa de Campo Living","description":"Ponte los zapatos para correr \u2026 \u00a1el Casa de Campo Corre para el Hogar del Ni\u00f1o es este domingo! Esperamos que todos est\u00e9n en buena forma para todo lo que","robots":{"index":"index","follow":"follow","max-snippet":"max-snippet:-1","max-image-preview":"max-image-preview:large","max-video-preview":"max-video-preview:-1"},"canonical":"https:\/\/casadecampoliving.com\/es\/the-casa-de-campo-corre-for-the-hogar-del-nino-2019-is-this-sunday-get-out-and-run-for-a-good-cause\/","og_locale":"es_ES","og_type":"article","og_title":"\u00a1Casa de Campo Corre para el Hogar del Ni\u00f1o 2019 es este domingo! \u00a1Sal y corre por una buena causa! | Casa de Campo Living","og_description":"Ponte los zapatos para correr \u2026 \u00a1el Casa de Campo Corre para el Hogar del Ni\u00f1o es este domingo! Esperamos que todos est\u00e9n en buena forma para todo lo que","og_url":"https:\/\/casadecampoliving.com\/es\/the-casa-de-campo-corre-for-the-hogar-del-nino-2019-is-this-sunday-get-out-and-run-for-a-good-cause\/","og_site_name":"Casa de Campo Living","article_publisher":"https:\/\/www.facebook.com\/casadecampoliving","article_published_time":"2019-10-14T04:00:00+00:00","article_modified_time":"2022-11-10T14:03:29+00:00","og_image":[{"width":1000,"height":604,"url":"https:\/\/i0.wp.com\/casadecampoliving.com\/wp-content\/uploads\/2022\/10\/BDC_9585.jpg?fit=1000%2C604&ssl=1","type":"image\/jpeg"}],"author":"Casa de Campo Living","twitter_card":"summary_large_image","twitter_creator":"@cdcliving","twitter_site":"@cdcliving","twitter_misc":{"Escrito por":"Casa de Campo Living","Tiempo de lectura":"3 minutos"},"schema":{"@context":"https:\/\/schema.org","@graph":[{"@type":"Article","@id":"https:\/\/casadecampoliving.com\/es\/the-casa-de-campo-corre-for-the-hogar-del-nino-2019-is-this-sunday-get-out-and-run-for-a-good-cause\/#article","isPartOf":{"@id":"https:\/\/casadecampoliving.com\/es\/the-casa-de-campo-corre-for-the-hogar-del-nino-2019-is-this-sunday-get-out-and-run-for-a-good-cause\/"},"author":{"name":"Casa de Campo Living","@id":"https:\/\/casadecampoliving.com\/es\/#\/schema\/person\/5d2171637a9d11e0e43ce6b8555f9422"},"headline":"\u00a1Casa de Campo Corre para el Hogar del Ni\u00f1o 2019 es este domingo! \u00a1Sal y corre por una buena causa!","datePublished":"2019-10-14T04:00:00+00:00","dateModified":"2022-11-10T14:03:29+00:00","mainEntityOfPage":{"@id":"https:\/\/casadecampoliving.com\/es\/the-casa-de-campo-corre-for-the-hogar-del-nino-2019-is-this-sunday-get-out-and-run-for-a-good-cause\/"},"wordCount":663,"publisher":{"@id":"https:\/\/casadecampoliving.com\/es\/#organization"},"image":{"@id":"https:\/\/casadecampoliving.com\/es\/the-casa-de-campo-corre-for-the-hogar-del-nino-2019-is-this-sunday-get-out-and-run-for-a-good-cause\/#primaryimage"},"thumbnailUrl":"https:\/\/i0.wp.com\/casadecampoliving.com\/wp-content\/uploads\/2022\/10\/BDC_9585.jpg?fit=1000%2C604&ssl=1","keywords":["casa de campo corre","el hogar del nino","Featured","Featured-TopView @es","maraton","patronato ben\u00e9fico oriental","pbo"],"articleSection":["Casa de Campo Resort","Deportes","Destacados","Estilo de Vida","Eventos","Fundaciones","Hogar del Ni\u00f1o @es","Proximamente","Rep\u00fablica Dominicana @es","Resort Casa de Campo","Salud","Video"],"inLanguage":"es"},{"@type":"WebPage","@id":"https:\/\/casadecampoliving.com\/es\/the-casa-de-campo-corre-for-the-hogar-del-nino-2019-is-this-sunday-get-out-and-run-for-a-good-cause\/","url":"https:\/\/casadecampoliving.com\/es\/the-casa-de-campo-corre-for-the-hogar-del-nino-2019-is-this-sunday-get-out-and-run-for-a-good-cause\/","name":"\u00a1Casa de Campo Corre para el Hogar del Ni\u00f1o 2019 es este domingo! \u00a1Sal y corre por una buena causa! | Casa de Campo Living","isPartOf":{"@id":"https:\/\/casadecampoliving.com\/es\/#website"},"primaryImageOfPage":{"@id":"https:\/\/casadecampoliving.com\/es\/the-casa-de-campo-corre-for-the-hogar-del-nino-2019-is-this-sunday-get-out-and-run-for-a-good-cause\/#primaryimage"},"image":{"@id":"https:\/\/casadecampoliving.com\/es\/the-casa-de-campo-corre-for-the-hogar-del-nino-2019-is-this-sunday-get-out-and-run-for-a-good-cause\/#primaryimage"},"thumbnailUrl":"https:\/\/i0.wp.com\/casadecampoliving.com\/wp-content\/uploads\/2022\/10\/BDC_9585.jpg?fit=1000%2C604&ssl=1","datePublished":"2019-10-14T04:00:00+00:00","dateModified":"2022-11-10T14:03:29+00:00","description":"Ponte los zapatos para correr \u2026 \u00a1el Casa de Campo Corre para el Hogar del Ni\u00f1o es este domingo! Esperamos que todos est\u00e9n en buena forma para todo lo que","breadcrumb":{"@id":"https:\/\/casadecampoliving.com\/es\/the-casa-de-campo-corre-for-the-hogar-del-nino-2019-is-this-sunday-get-out-and-run-for-a-good-cause\/#breadcrumb"},"inLanguage":"es","potentialAction":[{"@type":"ReadAction","target":["https:\/\/casadecampoliving.com\/es\/the-casa-de-campo-corre-for-the-hogar-del-nino-2019-is-this-sunday-get-out-and-run-for-a-good-cause\/"]}]},{"@type":"ImageObject","inLanguage":"es","@id":"https:\/\/casadecampoliving.com\/es\/the-casa-de-campo-corre-for-the-hogar-del-nino-2019-is-this-sunday-get-out-and-run-for-a-good-cause\/#primaryimage","url":"https:\/\/i0.wp.com\/casadecampoliving.com\/wp-content\/uploads\/2022\/10\/BDC_9585.jpg?fit=1000%2C604&ssl=1","contentUrl":"https:\/\/i0.wp.com\/casadecampoliving.com\/wp-content\/uploads\/2022\/10\/BDC_9585.jpg?fit=1000%2C604&ssl=1","width":1000,"height":604},{"@type":"BreadcrumbList","@id":"https:\/\/casadecampoliving.com\/es\/the-casa-de-campo-corre-for-the-hogar-del-nino-2019-is-this-sunday-get-out-and-run-for-a-good-cause\/#breadcrumb","itemListElement":[{"@type":"ListItem","position":1,"name":"Home","item":"https:\/\/casadecampoliving.com\/es\/"},{"@type":"ListItem","position":2,"name":"\u00a1Casa de Campo Corre para el Hogar del Ni\u00f1o 2019 es este domingo! \u00a1Sal y corre por una buena causa!"}]},{"@type":"WebSite","@id":"https:\/\/casadecampoliving.com\/es\/#website","url":"https:\/\/casadecampoliving.com\/es\/","name":"Casa de Campo Living","description":"Resort community news and resources.","publisher":{"@id":"https:\/\/casadecampoliving.com\/es\/#organization"},"potentialAction":[{"@type":"SearchAction","target":{"@type":"EntryPoint","urlTemplate":"https:\/\/casadecampoliving.com\/es\/?s={search_term_string}"},"query-input":{"@type":"PropertyValueSpecification","valueRequired":true,"valueName":"search_term_string"}}],"inLanguage":"es"},{"@type":"Organization","@id":"https:\/\/casadecampoliving.com\/es\/#organization","name":"Casa de Campo Living","url":"https:\/\/casadecampoliving.com\/es\/","logo":{"@type":"ImageObject","inLanguage":"es","@id":"https:\/\/casadecampoliving.com\/es\/#\/schema\/logo\/image\/","url":"https:\/\/i0.wp.com\/casadecampoliving.com\/wp-content\/uploads\/2022\/07\/CDCLivingLogo_V1-white-sized.png?fit=800%2C214&ssl=1","contentUrl":"https:\/\/i0.wp.com\/casadecampoliving.com\/wp-content\/uploads\/2022\/07\/CDCLivingLogo_V1-white-sized.png?fit=800%2C214&ssl=1","width":800,"height":214,"caption":"Casa de Campo Living"},"image":{"@id":"https:\/\/casadecampoliving.com\/es\/#\/schema\/logo\/image\/"},"sameAs":["https:\/\/www.facebook.com\/casadecampoliving","https:\/\/x.com\/cdcliving"]},{"@type":"Person","@id":"https:\/\/casadecampoliving.com\/es\/#\/schema\/person\/5d2171637a9d11e0e43ce6b8555f9422","name":"Casa de Campo Living","image":{"@type":"ImageObject","inLanguage":"es","@id":"https:\/\/secure.gravatar.com\/avatar\/d04101fa4a9fd431e939953b1500fdc7a73cd35029f86d98712fd8ccdaebaf9a?s=96&d=mm&r=g","url":"https:\/\/secure.gravatar.com\/avatar\/d04101fa4a9fd431e939953b1500fdc7a73cd35029f86d98712fd8ccdaebaf9a?s=96&d=mm&r=g","contentUrl":"https:\/\/secure.gravatar.com\/avatar\/d04101fa4a9fd431e939953b1500fdc7a73cd35029f86d98712fd8ccdaebaf9a?s=96&d=mm&r=g","caption":"Casa de Campo Living"},"url":"https:\/\/casadecampoliving.com\/es\/author\/casa-de-campo-living\/"}]}},"parsely":{"version":"1.1.0","canonical_url":"https:\/\/casadecampoliving.com\/es\/the-casa-de-campo-corre-for-the-hogar-del-nino-2019-is-this-sunday-get-out-and-run-for-a-good-cause\/","smart_links":{"inbound":0,"outbound":0},"traffic_boost_suggestions_count":0,"meta":{"@context":"https:\/\/schema.org","@type":"NewsArticle","headline":"\u00a1Casa de Campo Corre para el Hogar del Ni\u00f1o 2019 es este domingo! \u00a1Sal y corre por una buena causa!","url":"http:\/\/casadecampoliving.com\/es\/the-casa-de-campo-corre-for-the-hogar-del-nino-2019-is-this-sunday-get-out-and-run-for-a-good-cause\/","mainEntityOfPage":{"@type":"WebPage","@id":"http:\/\/casadecampoliving.com\/es\/the-casa-de-campo-corre-for-the-hogar-del-nino-2019-is-this-sunday-get-out-and-run-for-a-good-cause\/"},"thumbnailUrl":"https:\/\/i0.wp.com\/casadecampoliving.com\/wp-content\/uploads\/2022\/10\/BDC_9585.jpg?resize=150%2C150&ssl=1","image":{"@type":"ImageObject","url":"https:\/\/i0.wp.com\/casadecampoliving.com\/wp-content\/uploads\/2022\/10\/BDC_9585.jpg?fit=1000%2C604&ssl=1"},"articleSection":"Casa de Campo Resort","author":[{"@type":"Person","name":"Casa de Campo Living"}],"creator":["Casa de Campo Living"],"publisher":{"@type":"Organization","name":"Casa de Campo Living","logo":"https:\/\/casadecampoliving.com\/wp-content\/uploads\/2022\/07\/CDCLivingLogo_V1-white-sized.png"},"keywords":["casa de campo corre","el hogar del nino","featured","featured-topview @es","maraton","patronato ben\u00e9fico oriental","pbo"],"dateCreated":"2019-10-14T04:00:00Z","datePublished":"2019-10-14T04:00:00Z","dateModified":"2022-11-10T14:03:29Z"},"rendered":"<script type=\"application\/ld+json\" class=\"wp-parsely-metadata\">{\"@context\":\"https:\\\/\\\/schema.org\",\"@type\":\"NewsArticle\",\"headline\":\"\\u00a1Casa de Campo Corre para el Hogar del Ni\\u00f1o 2019 es este domingo! \\u00a1Sal y corre por una buena causa!\",\"url\":\"http:\\\/\\\/casadecampoliving.com\\\/es\\\/the-casa-de-campo-corre-for-the-hogar-del-nino-2019-is-this-sunday-get-out-and-run-for-a-good-cause\\\/\",\"mainEntityOfPage\":{\"@type\":\"WebPage\",\"@id\":\"http:\\\/\\\/casadecampoliving.com\\\/es\\\/the-casa-de-campo-corre-for-the-hogar-del-nino-2019-is-this-sunday-get-out-and-run-for-a-good-cause\\\/\"},\"thumbnailUrl\":\"https:\\\/\\\/i0.wp.com\\\/casadecampoliving.com\\\/wp-content\\\/uploads\\\/2022\\\/10\\\/BDC_9585.jpg?resize=150%2C150&ssl=1\",\"image\":{\"@type\":\"ImageObject\",\"url\":\"https:\\\/\\\/i0.wp.com\\\/casadecampoliving.com\\\/wp-content\\\/uploads\\\/2022\\\/10\\\/BDC_9585.jpg?fit=1000%2C604&ssl=1\"},\"articleSection\":\"Casa de Campo Resort\",\"author\":[{\"@type\":\"Person\",\"name\":\"Casa de Campo Living\"}],\"creator\":[\"Casa de Campo Living\"],\"publisher\":{\"@type\":\"Organization\",\"name\":\"Casa de Campo Living\",\"logo\":\"https:\\\/\\\/casadecampoliving.com\\\/wp-content\\\/uploads\\\/2022\\\/07\\\/CDCLivingLogo_V1-white-sized.png\"},\"keywords\":[\"casa de campo corre\",\"el hogar del nino\",\"featured\",\"featured-topview @es\",\"maraton\",\"patronato ben\\u00e9fico oriental\",\"pbo\"],\"dateCreated\":\"2019-10-14T04:00:00Z\",\"datePublished\":\"2019-10-14T04:00:00Z\",\"dateModified\":\"2022-11-10T14:03:29Z\"}<\/script>","tracker_url":"https:\/\/cdn.parsely.com\/keys\/casadecampoliving.com\/p.js"},"jetpack_publicize_connections":[],"jetpack_featured_media_url":"https:\/\/i0.wp.com\/casadecampoliving.com\/wp-content\/uploads\/2022\/10\/BDC_9585.jpg?fit=1000%2C604&ssl=1","jetpack-related-posts":[{"id":352059,"url":"https:\/\/casadecampoliving.com\/es\/casa-de-campo-corre-por-hogar-del-nino-2017-es-el-mes-que-viene-ya-se-inscribieron\/","url_meta":{"origin":353572,"position":0},"title":"\u00a1Casa de Campo Corre por Hogar del Ni\u00f1o 2017 es el mes que viene! \u00bfYa se inscribieron?","author":"Marlenys Guzm\u00e1n Casta\u00f1os","date":"6 Oct, 2017","format":false,"excerpt":"Casa de Campo Resort & Villas anunci\u00f3 la cuarta edici\u00f3n del Marat\u00f3n Casa de Campo corre por Hogar del Ni\u00f1o, evento que adem\u00e1s del Marat\u00f3n ( 42K ) incluye el Medio Marat\u00f3n (21K) y carreras de distancia de 10K y\u00a0 5K\u00a0 cuyas rutas son certificadas por la Association of International\u2026","rel":"","context":"En \u00abDeportes\u00bb","block_context":{"text":"Deportes","link":"https:\/\/casadecampoliving.com\/es\/category\/golf-deportes-es\/"},"img":{"alt_text":"","src":"https:\/\/i0.wp.com\/casadecampoliving.com\/wp-content\/uploads\/2022\/10\/Erika-Vilain_-Xiomara-Mene%CC%81ndez_-Bernard-Conway_-Sandra-Alvarado-y-Alexandra-Avanzini.jpg?fit=1000%2C668&ssl=1&resize=350%2C200","width":350,"height":200,"srcset":"https:\/\/i0.wp.com\/casadecampoliving.com\/wp-content\/uploads\/2022\/10\/Erika-Vilain_-Xiomara-Mene%CC%81ndez_-Bernard-Conway_-Sandra-Alvarado-y-Alexandra-Avanzini.jpg?fit=1000%2C668&ssl=1&resize=350%2C200 1x, https:\/\/i0.wp.com\/casadecampoliving.com\/wp-content\/uploads\/2022\/10\/Erika-Vilain_-Xiomara-Mene%CC%81ndez_-Bernard-Conway_-Sandra-Alvarado-y-Alexandra-Avanzini.jpg?fit=1000%2C668&ssl=1&resize=525%2C300 1.5x, https:\/\/i0.wp.com\/casadecampoliving.com\/wp-content\/uploads\/2022\/10\/Erika-Vilain_-Xiomara-Mene%CC%81ndez_-Bernard-Conway_-Sandra-Alvarado-y-Alexandra-Avanzini.jpg?fit=1000%2C668&ssl=1&resize=700%2C400 2x"},"classes":[]},{"id":352952,"url":"https:\/\/casadecampoliving.com\/es\/casa-de-campo-corre-para-el-hogar-del-nino-2018-el-proximo-mes\/","url_meta":{"origin":353572,"position":1},"title":"\u00a1Casa de Campo Corre para el Hogar del Ni\u00f1o 2018 el pr\u00f3ximo mes!","author":"Casa de Campo Living","date":"18 Oct, 2018","format":false,"excerpt":"Casa de Campo Resort & Villas anunci\u00f3 la quinta edici\u00f3n del Marat\u00f3n Casa de Campo corre por Hogar del Ni\u00f1o, evento que adem\u00e1s del Marat\u00f3n (42K ) incluye el Medio Marat\u00f3n (21K) y carreras de distancia de 10K y 5K cuyas rutas son certificadas por la International Association of Athletic\u2026","rel":"","context":"En \u00abRep\u00fablica Dominicana @es\u00bb","block_context":{"text":"Rep\u00fablica Dominicana @es","link":"https:\/\/casadecampoliving.com\/es\/category\/republica-dominicana-2\/"},"img":{"alt_text":"BDC_1117","src":"https:\/\/i0.wp.com\/casadecampoliving.com\/wp-content\/uploads\/2022\/10\/BDC_1117.jpg?resize=350%2C200","width":350,"height":200,"srcset":"https:\/\/i0.wp.com\/casadecampoliving.com\/wp-content\/uploads\/2022\/10\/BDC_1117.jpg?resize=350%2C200 1x, https:\/\/i0.wp.com\/casadecampoliving.com\/wp-content\/uploads\/2022\/10\/BDC_1117.jpg?resize=525%2C300 1.5x, https:\/\/i0.wp.com\/casadecampoliving.com\/wp-content\/uploads\/2022\/10\/BDC_1117.jpg?resize=700%2C400 2x"},"classes":[]},{"id":353545,"url":"https:\/\/casadecampoliving.com\/es\/casa-de-campo-corre-for-the-hogar-del-nino-2019-is-next-month-have-you-signed-up\/","url_meta":{"origin":353572,"position":2},"title":"\u00a1Casa de Campo Corre por Hogar del Ni\u00f1o 2019 es el mes que viene! \u00bfYa se inscribieron?","author":"Casa de Campo Living","date":"13 Sep, 2019","format":false,"excerpt":"Casa de Campo Resort & Villas y el Patronato Ben\u00e9fico Oriental anunciaron la sexta edici\u00f3n del Marat\u00f3n Casa de Campo corre por Hogar del Ni\u00f1o, evento que adem\u00e1s del Marat\u00f3n (42K ) incluye el Medio Marat\u00f3n (21K) y carreras de distancia de 10K y 5K cuyas rutas son certificadas por\u2026","rel":"","context":"En \u00abRep\u00fablica Dominicana @es\u00bb","block_context":{"text":"Rep\u00fablica Dominicana @es","link":"https:\/\/casadecampoliving.com\/es\/category\/republica-dominicana-2\/"},"img":{"alt_text":"","src":"https:\/\/i0.wp.com\/casadecampoliving.com\/wp-content\/uploads\/2022\/10\/BDC_0032.jpg?fit=1000%2C670&ssl=1&resize=350%2C200","width":350,"height":200,"srcset":"https:\/\/i0.wp.com\/casadecampoliving.com\/wp-content\/uploads\/2022\/10\/BDC_0032.jpg?fit=1000%2C670&ssl=1&resize=350%2C200 1x, https:\/\/i0.wp.com\/casadecampoliving.com\/wp-content\/uploads\/2022\/10\/BDC_0032.jpg?fit=1000%2C670&ssl=1&resize=525%2C300 1.5x, https:\/\/i0.wp.com\/casadecampoliving.com\/wp-content\/uploads\/2022\/10\/BDC_0032.jpg?fit=1000%2C670&ssl=1&resize=700%2C400 2x"},"classes":[]},{"id":345754,"url":"https:\/\/casadecampoliving.com\/es\/nashla-bogaert-participara-en-la-maraton-casa-de-campo-corre\/","url_meta":{"origin":353572,"position":3},"title":"Nashla Bogaert participar\u00e1 en la marat\u00f3n Casa de Campo Corre","author":"Maria Isabel B\u00e1ez","date":"21 Oct, 2014","format":false,"excerpt":"El Hogar del Ni\u00f1o est\u00e1 preparando uno de los eventos deportivos m\u00e1s importantes e impresionantes del a\u00f1o para la comunidad de Casa de Campo. \u00a1Disculpen! No s\u00f3lo para nosotros, pero para todo el pa\u00eds en general\u2026 Unas muy buenas noticias para este marat\u00f3n Casa de Campo Corre es que la\u2026","rel":"","context":"En \u00abCasa de Campo Living @es\u00bb","block_context":{"text":"Casa de Campo Living @es","link":"https:\/\/casadecampoliving.com\/category\/casa-de-campo-living-es\/"},"img":{"alt_text":"","src":"https:\/\/i0.wp.com\/casadecampoliving.com\/wp-content\/uploads\/2022\/10\/Casa-de-Campo-Corre-1-1.png?fit=646%2C450&ssl=1&resize=350%2C200","width":350,"height":200,"srcset":"https:\/\/i0.wp.com\/casadecampoliving.com\/wp-content\/uploads\/2022\/10\/Casa-de-Campo-Corre-1-1.png?fit=646%2C450&ssl=1&resize=350%2C200 1x, https:\/\/i0.wp.com\/casadecampoliving.com\/wp-content\/uploads\/2022\/10\/Casa-de-Campo-Corre-1-1.png?fit=646%2C450&ssl=1&resize=525%2C300 1.5x"},"classes":[]},{"id":353007,"url":"https:\/\/casadecampoliving.com\/es\/el-casa-de-campo-corre-para-el-hogar-del-nino-2018-es-este-domingo\/","url_meta":{"origin":353572,"position":4},"title":"\u00a1El Casa de Campo Corre para el Hogar del Ni\u00f1o 2018 es este domingo!","author":"Casa de Campo Living","date":"22 Nov, 2018","format":false,"excerpt":"Ponte los zapatos para correr \u2026 \u00a1el Casa de Campo Corre para el Hogar del Ni\u00f1o es este domingo! Esperamos que todos est\u00e9n en buena forma para todo lo que el Patronato Ben\u00e9fico Oriental tiene para usted este domingo 25 de noviembre a partir de las 5:30 am. El evento\u2026","rel":"","context":"En \u00abDeportes\u00bb","block_context":{"text":"Deportes","link":"https:\/\/casadecampoliving.com\/es\/category\/golf-deportes-es\/"},"img":{"alt_text":"","src":"https:\/\/i0.wp.com\/casadecampoliving.com\/wp-content\/uploads\/2018\/11\/GRB06338-1.jpg?resize=350%2C200&ssl=1","width":350,"height":200,"srcset":"https:\/\/i0.wp.com\/casadecampoliving.com\/wp-content\/uploads\/2018\/11\/GRB06338-1.jpg?resize=350%2C200&ssl=1 1x, https:\/\/i0.wp.com\/casadecampoliving.com\/wp-content\/uploads\/2018\/11\/GRB06338-1.jpg?resize=525%2C300&ssl=1 1.5x, https:\/\/i0.wp.com\/casadecampoliving.com\/wp-content\/uploads\/2018\/11\/GRB06338-1.jpg?resize=700%2C400&ssl=1 2x"},"classes":[]},{"id":352801,"url":"https:\/\/casadecampoliving.com\/es\/guarde-la-fecha-para-el-casa-de-campo-corre-por-el-hogar-del-nino-de-este-ano\/","url_meta":{"origin":353572,"position":5},"title":"\u00a1Guarde la fecha para el Casa de Campo Corre por el Hogar del Ni\u00f1o de este a\u00f1o!","author":"Marlenys Guzm\u00e1n Casta\u00f1os","date":"4 Ago, 2018","format":false,"excerpt":"\u00a1El Patronato Ben\u00e9fico Oriental ha anunciado la fecha de la 5\u00aa edici\u00f3n de la edici\u00f3n anual de Casa de Campo Corre! El 5\u00b0 evento anual se llevar\u00e1 a cabo el domingo 25 de noviembre y como ya est\u00e1 entrenando para el Bayahibe 10k de septiembre, \u00a1estamos seguros de que estar\u00e1\u2026","rel":"","context":"En \u00abRep\u00fablica Dominicana @es\u00bb","block_context":{"text":"Rep\u00fablica Dominicana @es","link":"https:\/\/casadecampoliving.com\/es\/category\/republica-dominicana-2\/"},"img":{"alt_text":"","src":"https:\/\/i0.wp.com\/casadecampoliving.com\/wp-content\/uploads\/2022\/10\/GRB06318-1024x683-2.jpg?fit=1024%2C683&ssl=1&resize=350%2C200","width":350,"height":200,"srcset":"https:\/\/i0.wp.com\/casadecampoliving.com\/wp-content\/uploads\/2022\/10\/GRB06318-1024x683-2.jpg?fit=1024%2C683&ssl=1&resize=350%2C200 1x, https:\/\/i0.wp.com\/casadecampoliving.com\/wp-content\/uploads\/2022\/10\/GRB06318-1024x683-2.jpg?fit=1024%2C683&ssl=1&resize=525%2C300 1.5x, https:\/\/i0.wp.com\/casadecampoliving.com\/wp-content\/uploads\/2022\/10\/GRB06318-1024x683-2.jpg?fit=1024%2C683&ssl=1&resize=700%2C400 2x"},"classes":[]}],"jetpack_sharing_enabled":true,"_links":{"self":[{"href":"https:\/\/casadecampoliving.com\/es\/wp-json\/wp\/v2\/posts\/353572","targetHints":{"allow":["GET"]}}],"collection":[{"href":"https:\/\/casadecampoliving.com\/es\/wp-json\/wp\/v2\/posts"}],"about":[{"href":"https:\/\/casadecampoliving.com\/es\/wp-json\/wp\/v2\/types\/post"}],"author":[{"embeddable":true,"href":"https:\/\/casadecampoliving.com\/es\/wp-json\/wp\/v2\/users\/36791"}],"replies":[{"embeddable":true,"href":"https:\/\/casadecampoliving.com\/es\/wp-json\/wp\/v2\/comments?post=353572"}],"version-history":[{"count":1,"href":"https:\/\/casadecampoliving.com\/es\/wp-json\/wp\/v2\/posts\/353572\/revisions"}],"predecessor-version":[{"id":504486,"href":"https:\/\/casadecampoliving.com\/es\/wp-json\/wp\/v2\/posts\/353572\/revisions\/504486"}],"wp:featuredmedia":[{"embeddable":true,"href":"https:\/\/casadecampoliving.com\/es\/wp-json\/wp\/v2\/media\/308626"}],"wp:attachment":[{"href":"https:\/\/casadecampoliving.com\/es\/wp-json\/wp\/v2\/media?parent=353572"}],"wp:term":[{"taxonomy":"category","embeddable":true,"href":"https:\/\/casadecampoliving.com\/es\/wp-json\/wp\/v2\/categories?post=353572"},{"taxonomy":"post_tag","embeddable":true,"href":"https:\/\/casadecampoliving.com\/es\/wp-json\/wp\/v2\/tags?post=353572"},{"taxonomy":"newspack_spnsrs_tax","embeddable":true,"href":"https:\/\/casadecampoliving.com\/es\/wp-json\/wp\/v2\/newspack_spnsrs_tax?post=353572"}],"curies":[{"name":"wp","href":"https:\/\/api.w.org\/{rel}","templated":true}]}}