{"id":353554,"date":"2019-09-23T00:00:00","date_gmt":"2019-09-23T04:00:00","guid":{"rendered":"https:\/\/casadecampoliving.com\/el-oktoberfest-de-este-ano-fue-un-evento-maravilloso-que-hizo-vibrar-las-piedras-de-altos-de-chavon\/"},"modified":"2022-11-10T10:03:50","modified_gmt":"2022-11-10T14:03:50","slug":"el-oktoberfest-de-este-ano-fue-un-evento-maravilloso-que-hizo-vibrar-las-piedras-de-altos-de-chavon","status":"publish","type":"post","link":"https:\/\/casadecampoliving.com\/es\/el-oktoberfest-de-este-ano-fue-un-evento-maravilloso-que-hizo-vibrar-las-piedras-de-altos-de-chavon\/","title":{"rendered":"\u00a1El Oktoberfest de este a\u00f1o fue un evento maravilloso que hizo vibrar las piedras de Altos de Chav\u00f3n!"},"content":{"rendered":"<p>El s\u00e1bado 21 de septiembre, Altos de Chav\u00f3n estaba lleno de familiares y amigos caminando por sus adoquines disfrutando de todas las actividades que hab\u00edan planeado para ellos. Pod\u00edas escuchar la m\u00fasica y la risa de los ni\u00f1os en el aire; Fue realmente magn\u00edfico. \u00a1No hab\u00eda un alma que no estuviera en las festividades! Los ni\u00f1os estaban coloreando, jugando o corriendo por la aldea en una divertida b\u00fasqueda del tesoro mientras sus padres estaban atentos pero al mismo tiempo disfrutaban del evento.<\/p>\n<p><img data-recalc-dims=\"1\" loading=\"lazy\" decoding=\"async\" data-attachment-id=\"201421\" data-permalink=\"https:\/\/casadecampoliving.com\/es\/img_0062-3\/\" data-orig-file=\"https:\/\/i0.wp.com\/casadecampoliving.com\/wp-content\/uploads\/2019\/09\/IMG_0062.jpg?fit=1000%2C667&amp;ssl=1\" data-orig-size=\"1000,667\" data-comments-opened=\"0\" data-image-meta=\"{&quot;aperture&quot;:&quot;2.5&quot;,&quot;credit&quot;:&quot;&quot;,&quot;camera&quot;:&quot;Canon EOS 60D&quot;,&quot;caption&quot;:&quot;&quot;,&quot;created_timestamp&quot;:&quot;1569096905&quot;,&quot;copyright&quot;:&quot;&quot;,&quot;focal_length&quot;:&quot;30&quot;,&quot;iso&quot;:&quot;2000&quot;,&quot;shutter_speed&quot;:&quot;0.01&quot;,&quot;title&quot;:&quot;&quot;,&quot;orientation&quot;:&quot;1&quot;}\" data-image-title=\"IMG_0062\" data-image-description=\"\" data-image-caption=\"\" data-large-file=\"https:\/\/i0.wp.com\/casadecampoliving.com\/wp-content\/uploads\/2019\/09\/IMG_0062.jpg?fit=1000%2C667&amp;ssl=1\" class=\"aligncenter wp-image-201421 size-full\" src=\"https:\/\/i0.wp.com\/casadecampoliving-wp.s3-accelerate.amazonaws.com\/2019\/09\/IMG_0062.jpg?resize=1000%2C667&#038;ssl=1\" alt=\"\" width=\"1000\" height=\"667\" srcset=\"https:\/\/i0.wp.com\/casadecampoliving.com\/wp-content\/uploads\/2019\/09\/IMG_0062.jpg?w=1000&amp;ssl=1 1000w, https:\/\/i0.wp.com\/casadecampoliving.com\/wp-content\/uploads\/2019\/09\/IMG_0062.jpg?resize=300%2C200&amp;ssl=1 300w, https:\/\/i0.wp.com\/casadecampoliving.com\/wp-content\/uploads\/2019\/09\/IMG_0062.jpg?resize=768%2C512&amp;ssl=1 768w, https:\/\/i0.wp.com\/casadecampoliving-wp.s3-accelerate.amazonaws.com\/2019\/09\/IMG_0062.jpg?w=370&amp;ssl=1 370w, https:\/\/i0.wp.com\/casadecampoliving-wp.s3-accelerate.amazonaws.com\/2019\/09\/IMG_0062.jpg?w=400&amp;ssl=1 400w\" sizes=\"auto, (max-width: 1000px) 100vw, 1000px\" \/><\/p>\n<p>\u00a1El Volksfest m\u00e1s grande del mundo (que significa festival de cerveza y parque de atracciones itinerante) que comenz\u00f3 en Munich hace un par de siglos ahora es una fiesta celebrada en todo el mundo y Altos de Chav\u00f3n no era uno para quedarse! \u00a1El pasado fin de semana Altos de Chav\u00f3n celebr\u00f3 su versi\u00f3n Oktoberfest y vaya que fue un \u00e9xito total y absoluto! Fue un placer ver a Altos de Chav\u00f3n lleno de vida y m\u00fasica, y esperamos verlo as\u00ed con m\u00e1s frecuencia. Las tiendas, restaurantes y talleres artesanales, todos participaron, proporcionaron a los visitantes men\u00fas \u00fanicos y recuerdos.<\/p>\n<p>La plaza estaba bellamente decorada con luces de cuerda y el \u00e1rea frente a la iglesia estaba configurada con altas mesas de c\u00f3ctel y mesas rectangulares con manteles de picnic cuadrados rojos. \u00a1El escenario estaba hacia el extremo de la plaza y alrededor del \u00e1rea estaban las diversas marcas de cerveza disponibles y una barbacoa de Casa de Campo!<\/p>\n<p><img data-recalc-dims=\"1\" loading=\"lazy\" decoding=\"async\" data-attachment-id=\"201415\" data-permalink=\"https:\/\/casadecampoliving.com\/es\/ambiente-33-2\/\" data-orig-file=\"https:\/\/i0.wp.com\/casadecampoliving.com\/wp-content\/uploads\/2019\/09\/Ambiente-33.jpg?fit=1000%2C667&amp;ssl=1\" data-orig-size=\"1000,667\" data-comments-opened=\"0\" data-image-meta=\"{&quot;aperture&quot;:&quot;2.8&quot;,&quot;credit&quot;:&quot;&quot;,&quot;camera&quot;:&quot;NIKON D750&quot;,&quot;caption&quot;:&quot;&quot;,&quot;created_timestamp&quot;:&quot;1569096068&quot;,&quot;copyright&quot;:&quot;&quot;,&quot;focal_length&quot;:&quot;70&quot;,&quot;iso&quot;:&quot;800&quot;,&quot;shutter_speed&quot;:&quot;0.02&quot;,&quot;title&quot;:&quot;&quot;,&quot;orientation&quot;:&quot;1&quot;}\" data-image-title=\"Ambiente-33\" data-image-description=\"\" data-image-caption=\"\" data-large-file=\"https:\/\/i0.wp.com\/casadecampoliving.com\/wp-content\/uploads\/2019\/09\/Ambiente-33.jpg?fit=1000%2C667&amp;ssl=1\" class=\"aligncenter size-full wp-image-201415\" src=\"https:\/\/i0.wp.com\/casadecampoliving.com\/wp-content\/uploads\/2022\/10\/Ambiente-33.jpg?resize=1000%2C667&#038;ssl=1\" alt=\"\" width=\"1000\" height=\"667\"><\/p>\n<p>Las compa\u00f1\u00edas de cerveza que pudimos saborear incluyeron: Stout de mantequilla de man\u00ed, Catalina, Damm Estrella Barcelona, \u200b\u200bBeck, Paulaner, La More, Guibia, Tina Bazuka, entre otras. La mayor\u00eda de ellos incluyeron recuerdos geniales. Dentro del men\u00fa de barbacoa, el complejo ofrece varios tipos de salchichas alemanas con chucrut, pretzels y pan artesanal. Mmm !!<\/p>\n<p>La programaci\u00f3n musical comenz\u00f3 a las 7 pm con Akusticos que entusiasmaron a todos y dejaron a la gente queriendo m\u00e1s, \u00a1y luego obtuvieron m\u00e1s! La l\u00ednea continu\u00f3 con Mariela Pichardo, tambi\u00e9n conocida como \u00abLa Marimba\u00bb, una joven artista talentosa de Santo Domingo que forma parte de la nueva generaci\u00f3n de m\u00fasica alternativa dominicana. Para finalizar este espectacular evento, la Banda de Fusi\u00f3n Folcl\u00f3rica Reggae &amp; HipHop de Santiago \u00abConuko Band Roots\u00bb nos deleit\u00f3 con su repertorio.<\/p>\n<p><img data-recalc-dims=\"1\" loading=\"lazy\" decoding=\"async\" data-attachment-id=\"201417\" data-permalink=\"https:\/\/casadecampoliving.com\/es\/conuko-band-roots-2\/\" data-orig-file=\"https:\/\/i0.wp.com\/casadecampoliving.com\/wp-content\/uploads\/2019\/09\/Conuko-Band-Roots.jpg?fit=1000%2C667&amp;ssl=1\" data-orig-size=\"1000,667\" data-comments-opened=\"0\" data-image-meta=\"{&quot;aperture&quot;:&quot;2.8&quot;,&quot;credit&quot;:&quot;&quot;,&quot;camera&quot;:&quot;NIKON D750&quot;,&quot;caption&quot;:&quot;&quot;,&quot;created_timestamp&quot;:&quot;1569105710&quot;,&quot;copyright&quot;:&quot;&quot;,&quot;focal_length&quot;:&quot;29&quot;,&quot;iso&quot;:&quot;1000&quot;,&quot;shutter_speed&quot;:&quot;0.008&quot;,&quot;title&quot;:&quot;&quot;,&quot;orientation&quot;:&quot;1&quot;}\" data-image-title=\"Conuko Band Roots\" data-image-description=\"\" data-image-caption=\"\" data-large-file=\"https:\/\/i0.wp.com\/casadecampoliving.com\/wp-content\/uploads\/2019\/09\/Conuko-Band-Roots.jpg?fit=1000%2C667&amp;ssl=1\" class=\"aligncenter wp-image-201417 size-full\" src=\"https:\/\/i0.wp.com\/casadecampoliving.com\/wp-content\/uploads\/2022\/10\/Conuko-Band-Roots.jpg?resize=1000%2C667&#038;ssl=1\" alt=\"\" width=\"1000\" height=\"667\"><\/p>\n<p>Hemos escuchado excelentes comentarios por todas partes, \u00a1a todos les encant\u00f3 c\u00f3mo result\u00f3 todo! Fue un evento maravilloso que anim\u00f3 a Altos de Chav\u00f3n, \u00a1algo que ciertamente deseamos ver con m\u00e1s frecuencia!<\/p>\n<p>Las siguientes im\u00e1genes fueron tomadas por Eurys Mercedes el s\u00e1bado 21 de septiembre durante el primer Oktoberfest de Altos de Chav\u00f3n:<\/p>\n<p>[nggallery id=3265]<\/p>\n<p>y por Af foto film:<\/p>\n<p>[nggallery id=3266]<\/p>\n","protected":false},"excerpt":{"rendered":"<p>El s\u00e1bado 21 de septiembre, Altos de Chav\u00f3n estaba lleno de familiares y amigos caminando por sus adoquines disfrutando de todas las actividades que hab\u00edan planeado para ellos. Pod\u00edas escuchar la m\u00fasica y la risa de los ni\u00f1os en el aire; Fue realmente magn\u00edfico. \u00a1No hab\u00eda un alma que no estuviera en las festividades! Los [&hellip;]<\/p>\n","protected":false},"author":36791,"featured_media":307844,"comment_status":"closed","ping_status":"closed","sticky":false,"template":"","format":"standard","meta":{"newspack_ads_suppress_ads":false,"newspack_popups_has_disabled_popups":false,"newspack_sponsor_sponsorship_scope":"","newspack_sponsor_native_byline_display":"inherit","newspack_sponsor_native_category_display":"inherit","newspack_sponsor_underwriter_style":"inherit","newspack_sponsor_underwriter_placement":"inherit","_newspack_byline_active":false,"_newspack_byline":"","newspack_hide_updated_date":false,"newspack_show_updated_date":false,"newspack_featured_image_position":"","newspack_post_subtitle":"","newspack_article_summary_title":"Overview:","newspack_article_summary":"","_jetpack_memberships_contains_paid_content":false,"footnotes":"","jetpack_publicize_message":"{title}\n\n{excerpt}\n\n{url}","jetpack_publicize_feature_enabled":true,"jetpack_social_post_already_shared":false,"jetpack_social_options":{"image_generator_settings":{"template":"highway","default_image_id":0,"font":"","enabled":false},"version":2},"_wpas_customize_per_network":false},"categories":[26819,26936,26952,2510,14629,2518,14631,2522,14625,2521,26822],"tags":[3575,23815,18627,14736,3905,21881],"newspack_spnsrs_tax":[],"class_list":["post-353554","post","type-post","status-publish","format-standard","has-post-thumbnail","hentry","category-altos-de-chavon-es","category-casa-de-campo-living-es","category-ccl-recomienda","category-ccl-recomienda-es","category-comidas-bebidas","category-conciertos-es","category-estilo-de-vida","category-eventos-es","category-noticias-locales","category-republica-dominicana-2","category-resort-casa-de-campo","tag-altos-de-chavon-es-2","tag-casa-de-campo-es-17","tag-cerveza","tag-featured-topview-es","tag-festival","tag-oktoberfest","entry"],"yoast_head":"<!-- This site is optimized with the Yoast SEO plugin v28.4 - https:\/\/yoast.com\/product\/yoast-seo-wordpress\/ -->\n<title>\u00a1El Oktoberfest de este a\u00f1o fue un evento maravilloso que hizo vibrar las piedras de Altos de Chav\u00f3n! | Casa de Campo Living<\/title>\n<meta name=\"description\" content=\"El s\u00e1bado 21 de septiembre, Altos de Chav\u00f3n estaba lleno de familiares y amigos caminando por sus adoquines disfrutando de todas las actividades que\" \/>\n<meta name=\"robots\" content=\"index, follow, max-snippet:-1, max-image-preview:large, max-video-preview:-1\" \/>\n<link rel=\"canonical\" href=\"https:\/\/casadecampoliving.com\/es\/el-oktoberfest-de-este-ano-fue-un-evento-maravilloso-que-hizo-vibrar-las-piedras-de-altos-de-chavon\/\" \/>\n<meta property=\"og:locale\" content=\"es_ES\" \/>\n<meta property=\"og:type\" content=\"article\" \/>\n<meta property=\"og:title\" content=\"\u00a1El Oktoberfest de este a\u00f1o fue un evento maravilloso que hizo vibrar las piedras de Altos de Chav\u00f3n! | Casa de Campo Living\" \/>\n<meta property=\"og:description\" content=\"El s\u00e1bado 21 de septiembre, Altos de Chav\u00f3n estaba lleno de familiares y amigos caminando por sus adoquines disfrutando de todas las actividades que\" \/>\n<meta property=\"og:url\" content=\"https:\/\/casadecampoliving.com\/es\/el-oktoberfest-de-este-ano-fue-un-evento-maravilloso-que-hizo-vibrar-las-piedras-de-altos-de-chavon\/\" \/>\n<meta property=\"og:site_name\" content=\"Casa de Campo Living\" \/>\n<meta property=\"article:publisher\" content=\"https:\/\/www.facebook.com\/casadecampoliving\" \/>\n<meta property=\"article:published_time\" content=\"2019-09-23T04:00:00+00:00\" \/>\n<meta property=\"article:modified_time\" content=\"2022-11-10T14:03:50+00:00\" \/>\n<meta property=\"og:image\" content=\"https:\/\/i0.wp.com\/casadecampoliving.com\/wp-content\/uploads\/2022\/10\/Pu\u0301blico-Asistente-8.jpg?fit=1000%2C667&ssl=1\" \/>\n\t<meta property=\"og:image:width\" content=\"1000\" \/>\n\t<meta property=\"og:image:height\" content=\"667\" \/>\n\t<meta property=\"og:image:type\" content=\"image\/jpeg\" \/>\n<meta name=\"author\" content=\"Casa de Campo Living\" \/>\n<meta name=\"twitter:card\" content=\"summary_large_image\" \/>\n<meta name=\"twitter:creator\" content=\"@cdcliving\" \/>\n<meta name=\"twitter:site\" content=\"@cdcliving\" \/>\n<meta name=\"twitter:label1\" content=\"Escrito por\" \/>\n\t<meta name=\"twitter:data1\" content=\"Casa de Campo Living\" \/>\n\t<meta name=\"twitter:label2\" content=\"Tiempo de lectura\" \/>\n\t<meta name=\"twitter:data2\" content=\"2 minutos\" \/>\n<script type=\"application\/ld+json\" class=\"yoast-schema-graph\">{\"@context\":\"https:\\\/\\\/schema.org\",\"@graph\":[{\"@type\":\"Article\",\"@id\":\"https:\\\/\\\/casadecampoliving.com\\\/es\\\/el-oktoberfest-de-este-ano-fue-un-evento-maravilloso-que-hizo-vibrar-las-piedras-de-altos-de-chavon\\\/#article\",\"isPartOf\":{\"@id\":\"https:\\\/\\\/casadecampoliving.com\\\/es\\\/el-oktoberfest-de-este-ano-fue-un-evento-maravilloso-que-hizo-vibrar-las-piedras-de-altos-de-chavon\\\/\"},\"author\":{\"name\":\"Casa de Campo Living\",\"@id\":\"https:\\\/\\\/casadecampoliving.com\\\/es\\\/#\\\/schema\\\/person\\\/5d2171637a9d11e0e43ce6b8555f9422\"},\"headline\":\"\u00a1El Oktoberfest de este a\u00f1o fue un evento maravilloso que hizo vibrar las piedras de Altos de Chav\u00f3n!\",\"datePublished\":\"2019-09-23T04:00:00+00:00\",\"dateModified\":\"2022-11-10T14:03:50+00:00\",\"mainEntityOfPage\":{\"@id\":\"https:\\\/\\\/casadecampoliving.com\\\/es\\\/el-oktoberfest-de-este-ano-fue-un-evento-maravilloso-que-hizo-vibrar-las-piedras-de-altos-de-chavon\\\/\"},\"wordCount\":486,\"publisher\":{\"@id\":\"https:\\\/\\\/casadecampoliving.com\\\/es\\\/#organization\"},\"image\":{\"@id\":\"https:\\\/\\\/casadecampoliving.com\\\/es\\\/el-oktoberfest-de-este-ano-fue-un-evento-maravilloso-que-hizo-vibrar-las-piedras-de-altos-de-chavon\\\/#primaryimage\"},\"thumbnailUrl\":\"https:\\\/\\\/i0.wp.com\\\/casadecampoliving.com\\\/wp-content\\\/uploads\\\/2022\\\/10\\\/Pu%CC%81blico-Asistente-8.jpg?fit=1000%2C667&ssl=1\",\"keywords\":[\"Altos de Chavon -es\",\"Casa de Campo\",\"cerveza\",\"Featured-TopView @es\",\"festival\",\"Oktoberfest\"],\"articleSection\":[\"Altos de Chavon @es\",\"Casa de Campo Living @es\",\"CCL recomienda\",\"CCL recomienda\",\"Comidas &amp; Bebidas\",\"Conciertos\",\"Estilo de Vida\",\"Eventos\",\"Noticias Locales\",\"Rep\u00fablica Dominicana @es\",\"Resort Casa de Campo\"],\"inLanguage\":\"es\"},{\"@type\":\"WebPage\",\"@id\":\"https:\\\/\\\/casadecampoliving.com\\\/es\\\/el-oktoberfest-de-este-ano-fue-un-evento-maravilloso-que-hizo-vibrar-las-piedras-de-altos-de-chavon\\\/\",\"url\":\"https:\\\/\\\/casadecampoliving.com\\\/es\\\/el-oktoberfest-de-este-ano-fue-un-evento-maravilloso-que-hizo-vibrar-las-piedras-de-altos-de-chavon\\\/\",\"name\":\"\u00a1El Oktoberfest de este a\u00f1o fue un evento maravilloso que hizo vibrar las piedras de Altos de Chav\u00f3n! | Casa de Campo Living\",\"isPartOf\":{\"@id\":\"https:\\\/\\\/casadecampoliving.com\\\/es\\\/#website\"},\"primaryImageOfPage\":{\"@id\":\"https:\\\/\\\/casadecampoliving.com\\\/es\\\/el-oktoberfest-de-este-ano-fue-un-evento-maravilloso-que-hizo-vibrar-las-piedras-de-altos-de-chavon\\\/#primaryimage\"},\"image\":{\"@id\":\"https:\\\/\\\/casadecampoliving.com\\\/es\\\/el-oktoberfest-de-este-ano-fue-un-evento-maravilloso-que-hizo-vibrar-las-piedras-de-altos-de-chavon\\\/#primaryimage\"},\"thumbnailUrl\":\"https:\\\/\\\/i0.wp.com\\\/casadecampoliving.com\\\/wp-content\\\/uploads\\\/2022\\\/10\\\/Pu%CC%81blico-Asistente-8.jpg?fit=1000%2C667&ssl=1\",\"datePublished\":\"2019-09-23T04:00:00+00:00\",\"dateModified\":\"2022-11-10T14:03:50+00:00\",\"description\":\"El s\u00e1bado 21 de septiembre, Altos de Chav\u00f3n estaba lleno de familiares y amigos caminando por sus adoquines disfrutando de todas las actividades que\",\"breadcrumb\":{\"@id\":\"https:\\\/\\\/casadecampoliving.com\\\/es\\\/el-oktoberfest-de-este-ano-fue-un-evento-maravilloso-que-hizo-vibrar-las-piedras-de-altos-de-chavon\\\/#breadcrumb\"},\"inLanguage\":\"es\",\"potentialAction\":[{\"@type\":\"ReadAction\",\"target\":[\"https:\\\/\\\/casadecampoliving.com\\\/es\\\/el-oktoberfest-de-este-ano-fue-un-evento-maravilloso-que-hizo-vibrar-las-piedras-de-altos-de-chavon\\\/\"]}]},{\"@type\":\"ImageObject\",\"inLanguage\":\"es\",\"@id\":\"https:\\\/\\\/casadecampoliving.com\\\/es\\\/el-oktoberfest-de-este-ano-fue-un-evento-maravilloso-que-hizo-vibrar-las-piedras-de-altos-de-chavon\\\/#primaryimage\",\"url\":\"https:\\\/\\\/i0.wp.com\\\/casadecampoliving.com\\\/wp-content\\\/uploads\\\/2022\\\/10\\\/Pu%CC%81blico-Asistente-8.jpg?fit=1000%2C667&ssl=1\",\"contentUrl\":\"https:\\\/\\\/i0.wp.com\\\/casadecampoliving.com\\\/wp-content\\\/uploads\\\/2022\\\/10\\\/Pu%CC%81blico-Asistente-8.jpg?fit=1000%2C667&ssl=1\",\"width\":1000,\"height\":667},{\"@type\":\"BreadcrumbList\",\"@id\":\"https:\\\/\\\/casadecampoliving.com\\\/es\\\/el-oktoberfest-de-este-ano-fue-un-evento-maravilloso-que-hizo-vibrar-las-piedras-de-altos-de-chavon\\\/#breadcrumb\",\"itemListElement\":[{\"@type\":\"ListItem\",\"position\":1,\"name\":\"Home\",\"item\":\"https:\\\/\\\/casadecampoliving.com\\\/es\\\/\"},{\"@type\":\"ListItem\",\"position\":2,\"name\":\"\u00a1El Oktoberfest de este a\u00f1o fue un evento maravilloso que hizo vibrar las piedras de Altos de Chav\u00f3n!\"}]},{\"@type\":\"WebSite\",\"@id\":\"https:\\\/\\\/casadecampoliving.com\\\/es\\\/#website\",\"url\":\"https:\\\/\\\/casadecampoliving.com\\\/es\\\/\",\"name\":\"Casa de Campo Living\",\"description\":\"Resort community news and resources.\",\"publisher\":{\"@id\":\"https:\\\/\\\/casadecampoliving.com\\\/es\\\/#organization\"},\"potentialAction\":[{\"@type\":\"SearchAction\",\"target\":{\"@type\":\"EntryPoint\",\"urlTemplate\":\"https:\\\/\\\/casadecampoliving.com\\\/es\\\/?s={search_term_string}\"},\"query-input\":{\"@type\":\"PropertyValueSpecification\",\"valueRequired\":true,\"valueName\":\"search_term_string\"}}],\"inLanguage\":\"es\"},{\"@type\":\"Organization\",\"@id\":\"https:\\\/\\\/casadecampoliving.com\\\/es\\\/#organization\",\"name\":\"Casa de Campo Living\",\"url\":\"https:\\\/\\\/casadecampoliving.com\\\/es\\\/\",\"logo\":{\"@type\":\"ImageObject\",\"inLanguage\":\"es\",\"@id\":\"https:\\\/\\\/casadecampoliving.com\\\/es\\\/#\\\/schema\\\/logo\\\/image\\\/\",\"url\":\"https:\\\/\\\/i0.wp.com\\\/casadecampoliving.com\\\/wp-content\\\/uploads\\\/2022\\\/07\\\/CDCLivingLogo_V1-white-sized.png?fit=800%2C214&ssl=1\",\"contentUrl\":\"https:\\\/\\\/i0.wp.com\\\/casadecampoliving.com\\\/wp-content\\\/uploads\\\/2022\\\/07\\\/CDCLivingLogo_V1-white-sized.png?fit=800%2C214&ssl=1\",\"width\":800,\"height\":214,\"caption\":\"Casa de Campo Living\"},\"image\":{\"@id\":\"https:\\\/\\\/casadecampoliving.com\\\/es\\\/#\\\/schema\\\/logo\\\/image\\\/\"},\"sameAs\":[\"https:\\\/\\\/www.facebook.com\\\/casadecampoliving\",\"https:\\\/\\\/x.com\\\/cdcliving\"]},{\"@type\":\"Person\",\"@id\":\"https:\\\/\\\/casadecampoliving.com\\\/es\\\/#\\\/schema\\\/person\\\/5d2171637a9d11e0e43ce6b8555f9422\",\"name\":\"Casa de Campo Living\",\"image\":{\"@type\":\"ImageObject\",\"inLanguage\":\"es\",\"@id\":\"https:\\\/\\\/secure.gravatar.com\\\/avatar\\\/d04101fa4a9fd431e939953b1500fdc7a73cd35029f86d98712fd8ccdaebaf9a?s=96&d=mm&r=g\",\"url\":\"https:\\\/\\\/secure.gravatar.com\\\/avatar\\\/d04101fa4a9fd431e939953b1500fdc7a73cd35029f86d98712fd8ccdaebaf9a?s=96&d=mm&r=g\",\"contentUrl\":\"https:\\\/\\\/secure.gravatar.com\\\/avatar\\\/d04101fa4a9fd431e939953b1500fdc7a73cd35029f86d98712fd8ccdaebaf9a?s=96&d=mm&r=g\",\"caption\":\"Casa de Campo Living\"},\"url\":\"https:\\\/\\\/casadecampoliving.com\\\/es\\\/author\\\/casa-de-campo-living\\\/\"}]}<\/script>\n<!-- \/ Yoast SEO plugin. -->","yoast_head_json":{"title":"\u00a1El Oktoberfest de este a\u00f1o fue un evento maravilloso que hizo vibrar las piedras de Altos de Chav\u00f3n! | Casa de Campo Living","description":"El s\u00e1bado 21 de septiembre, Altos de Chav\u00f3n estaba lleno de familiares y amigos caminando por sus adoquines disfrutando de todas las actividades que","robots":{"index":"index","follow":"follow","max-snippet":"max-snippet:-1","max-image-preview":"max-image-preview:large","max-video-preview":"max-video-preview:-1"},"canonical":"https:\/\/casadecampoliving.com\/es\/el-oktoberfest-de-este-ano-fue-un-evento-maravilloso-que-hizo-vibrar-las-piedras-de-altos-de-chavon\/","og_locale":"es_ES","og_type":"article","og_title":"\u00a1El Oktoberfest de este a\u00f1o fue un evento maravilloso que hizo vibrar las piedras de Altos de Chav\u00f3n! | Casa de Campo Living","og_description":"El s\u00e1bado 21 de septiembre, Altos de Chav\u00f3n estaba lleno de familiares y amigos caminando por sus adoquines disfrutando de todas las actividades que","og_url":"https:\/\/casadecampoliving.com\/es\/el-oktoberfest-de-este-ano-fue-un-evento-maravilloso-que-hizo-vibrar-las-piedras-de-altos-de-chavon\/","og_site_name":"Casa de Campo Living","article_publisher":"https:\/\/www.facebook.com\/casadecampoliving","article_published_time":"2019-09-23T04:00:00+00:00","article_modified_time":"2022-11-10T14:03:50+00:00","og_image":[{"width":1000,"height":667,"url":"https:\/\/i0.wp.com\/casadecampoliving.com\/wp-content\/uploads\/2022\/10\/Pu\u0301blico-Asistente-8.jpg?fit=1000%2C667&ssl=1","type":"image\/jpeg"}],"author":"Casa de Campo Living","twitter_card":"summary_large_image","twitter_creator":"@cdcliving","twitter_site":"@cdcliving","twitter_misc":{"Escrito por":"Casa de Campo Living","Tiempo de lectura":"2 minutos"},"schema":{"@context":"https:\/\/schema.org","@graph":[{"@type":"Article","@id":"https:\/\/casadecampoliving.com\/es\/el-oktoberfest-de-este-ano-fue-un-evento-maravilloso-que-hizo-vibrar-las-piedras-de-altos-de-chavon\/#article","isPartOf":{"@id":"https:\/\/casadecampoliving.com\/es\/el-oktoberfest-de-este-ano-fue-un-evento-maravilloso-que-hizo-vibrar-las-piedras-de-altos-de-chavon\/"},"author":{"name":"Casa de Campo Living","@id":"https:\/\/casadecampoliving.com\/es\/#\/schema\/person\/5d2171637a9d11e0e43ce6b8555f9422"},"headline":"\u00a1El Oktoberfest de este a\u00f1o fue un evento maravilloso que hizo vibrar las piedras de Altos de Chav\u00f3n!","datePublished":"2019-09-23T04:00:00+00:00","dateModified":"2022-11-10T14:03:50+00:00","mainEntityOfPage":{"@id":"https:\/\/casadecampoliving.com\/es\/el-oktoberfest-de-este-ano-fue-un-evento-maravilloso-que-hizo-vibrar-las-piedras-de-altos-de-chavon\/"},"wordCount":486,"publisher":{"@id":"https:\/\/casadecampoliving.com\/es\/#organization"},"image":{"@id":"https:\/\/casadecampoliving.com\/es\/el-oktoberfest-de-este-ano-fue-un-evento-maravilloso-que-hizo-vibrar-las-piedras-de-altos-de-chavon\/#primaryimage"},"thumbnailUrl":"https:\/\/i0.wp.com\/casadecampoliving.com\/wp-content\/uploads\/2022\/10\/Pu%CC%81blico-Asistente-8.jpg?fit=1000%2C667&ssl=1","keywords":["Altos de Chavon -es","Casa de Campo","cerveza","Featured-TopView @es","festival","Oktoberfest"],"articleSection":["Altos de Chavon @es","Casa de Campo Living @es","CCL recomienda","CCL recomienda","Comidas &amp; Bebidas","Conciertos","Estilo de Vida","Eventos","Noticias Locales","Rep\u00fablica Dominicana @es","Resort Casa de Campo"],"inLanguage":"es"},{"@type":"WebPage","@id":"https:\/\/casadecampoliving.com\/es\/el-oktoberfest-de-este-ano-fue-un-evento-maravilloso-que-hizo-vibrar-las-piedras-de-altos-de-chavon\/","url":"https:\/\/casadecampoliving.com\/es\/el-oktoberfest-de-este-ano-fue-un-evento-maravilloso-que-hizo-vibrar-las-piedras-de-altos-de-chavon\/","name":"\u00a1El Oktoberfest de este a\u00f1o fue un evento maravilloso que hizo vibrar las piedras de Altos de Chav\u00f3n! | Casa de Campo Living","isPartOf":{"@id":"https:\/\/casadecampoliving.com\/es\/#website"},"primaryImageOfPage":{"@id":"https:\/\/casadecampoliving.com\/es\/el-oktoberfest-de-este-ano-fue-un-evento-maravilloso-que-hizo-vibrar-las-piedras-de-altos-de-chavon\/#primaryimage"},"image":{"@id":"https:\/\/casadecampoliving.com\/es\/el-oktoberfest-de-este-ano-fue-un-evento-maravilloso-que-hizo-vibrar-las-piedras-de-altos-de-chavon\/#primaryimage"},"thumbnailUrl":"https:\/\/i0.wp.com\/casadecampoliving.com\/wp-content\/uploads\/2022\/10\/Pu%CC%81blico-Asistente-8.jpg?fit=1000%2C667&ssl=1","datePublished":"2019-09-23T04:00:00+00:00","dateModified":"2022-11-10T14:03:50+00:00","description":"El s\u00e1bado 21 de septiembre, Altos de Chav\u00f3n estaba lleno de familiares y amigos caminando por sus adoquines disfrutando de todas las actividades que","breadcrumb":{"@id":"https:\/\/casadecampoliving.com\/es\/el-oktoberfest-de-este-ano-fue-un-evento-maravilloso-que-hizo-vibrar-las-piedras-de-altos-de-chavon\/#breadcrumb"},"inLanguage":"es","potentialAction":[{"@type":"ReadAction","target":["https:\/\/casadecampoliving.com\/es\/el-oktoberfest-de-este-ano-fue-un-evento-maravilloso-que-hizo-vibrar-las-piedras-de-altos-de-chavon\/"]}]},{"@type":"ImageObject","inLanguage":"es","@id":"https:\/\/casadecampoliving.com\/es\/el-oktoberfest-de-este-ano-fue-un-evento-maravilloso-que-hizo-vibrar-las-piedras-de-altos-de-chavon\/#primaryimage","url":"https:\/\/i0.wp.com\/casadecampoliving.com\/wp-content\/uploads\/2022\/10\/Pu%CC%81blico-Asistente-8.jpg?fit=1000%2C667&ssl=1","contentUrl":"https:\/\/i0.wp.com\/casadecampoliving.com\/wp-content\/uploads\/2022\/10\/Pu%CC%81blico-Asistente-8.jpg?fit=1000%2C667&ssl=1","width":1000,"height":667},{"@type":"BreadcrumbList","@id":"https:\/\/casadecampoliving.com\/es\/el-oktoberfest-de-este-ano-fue-un-evento-maravilloso-que-hizo-vibrar-las-piedras-de-altos-de-chavon\/#breadcrumb","itemListElement":[{"@type":"ListItem","position":1,"name":"Home","item":"https:\/\/casadecampoliving.com\/es\/"},{"@type":"ListItem","position":2,"name":"\u00a1El Oktoberfest de este a\u00f1o fue un evento maravilloso que hizo vibrar las piedras de Altos de Chav\u00f3n!"}]},{"@type":"WebSite","@id":"https:\/\/casadecampoliving.com\/es\/#website","url":"https:\/\/casadecampoliving.com\/es\/","name":"Casa de Campo Living","description":"Resort community news and resources.","publisher":{"@id":"https:\/\/casadecampoliving.com\/es\/#organization"},"potentialAction":[{"@type":"SearchAction","target":{"@type":"EntryPoint","urlTemplate":"https:\/\/casadecampoliving.com\/es\/?s={search_term_string}"},"query-input":{"@type":"PropertyValueSpecification","valueRequired":true,"valueName":"search_term_string"}}],"inLanguage":"es"},{"@type":"Organization","@id":"https:\/\/casadecampoliving.com\/es\/#organization","name":"Casa de Campo Living","url":"https:\/\/casadecampoliving.com\/es\/","logo":{"@type":"ImageObject","inLanguage":"es","@id":"https:\/\/casadecampoliving.com\/es\/#\/schema\/logo\/image\/","url":"https:\/\/i0.wp.com\/casadecampoliving.com\/wp-content\/uploads\/2022\/07\/CDCLivingLogo_V1-white-sized.png?fit=800%2C214&ssl=1","contentUrl":"https:\/\/i0.wp.com\/casadecampoliving.com\/wp-content\/uploads\/2022\/07\/CDCLivingLogo_V1-white-sized.png?fit=800%2C214&ssl=1","width":800,"height":214,"caption":"Casa de Campo Living"},"image":{"@id":"https:\/\/casadecampoliving.com\/es\/#\/schema\/logo\/image\/"},"sameAs":["https:\/\/www.facebook.com\/casadecampoliving","https:\/\/x.com\/cdcliving"]},{"@type":"Person","@id":"https:\/\/casadecampoliving.com\/es\/#\/schema\/person\/5d2171637a9d11e0e43ce6b8555f9422","name":"Casa de Campo Living","image":{"@type":"ImageObject","inLanguage":"es","@id":"https:\/\/secure.gravatar.com\/avatar\/d04101fa4a9fd431e939953b1500fdc7a73cd35029f86d98712fd8ccdaebaf9a?s=96&d=mm&r=g","url":"https:\/\/secure.gravatar.com\/avatar\/d04101fa4a9fd431e939953b1500fdc7a73cd35029f86d98712fd8ccdaebaf9a?s=96&d=mm&r=g","contentUrl":"https:\/\/secure.gravatar.com\/avatar\/d04101fa4a9fd431e939953b1500fdc7a73cd35029f86d98712fd8ccdaebaf9a?s=96&d=mm&r=g","caption":"Casa de Campo Living"},"url":"https:\/\/casadecampoliving.com\/es\/author\/casa-de-campo-living\/"}]}},"parsely":{"version":"1.1.0","canonical_url":"https:\/\/casadecampoliving.com\/es\/el-oktoberfest-de-este-ano-fue-un-evento-maravilloso-que-hizo-vibrar-las-piedras-de-altos-de-chavon\/","smart_links":{"inbound":0,"outbound":0},"traffic_boost_suggestions_count":0,"meta":{"@context":"https:\/\/schema.org","@type":"NewsArticle","headline":"\u00a1El Oktoberfest de este a\u00f1o fue un evento maravilloso que hizo vibrar las piedras de Altos de Chav\u00f3n!","url":"http:\/\/casadecampoliving.com\/es\/el-oktoberfest-de-este-ano-fue-un-evento-maravilloso-que-hizo-vibrar-las-piedras-de-altos-de-chavon\/","mainEntityOfPage":{"@type":"WebPage","@id":"http:\/\/casadecampoliving.com\/es\/el-oktoberfest-de-este-ano-fue-un-evento-maravilloso-que-hizo-vibrar-las-piedras-de-altos-de-chavon\/"},"thumbnailUrl":"https:\/\/i0.wp.com\/casadecampoliving.com\/wp-content\/uploads\/2022\/10\/Pu%CC%81blico-Asistente-8.jpg?resize=150%2C150&ssl=1","image":{"@type":"ImageObject","url":"https:\/\/i0.wp.com\/casadecampoliving.com\/wp-content\/uploads\/2022\/10\/Pu%CC%81blico-Asistente-8.jpg?fit=1000%2C667&ssl=1"},"articleSection":"Altos de Chavon @es","author":[{"@type":"Person","name":"Casa de Campo Living"}],"creator":["Casa de Campo Living"],"publisher":{"@type":"Organization","name":"Casa de Campo Living","logo":"https:\/\/casadecampoliving.com\/wp-content\/uploads\/2022\/07\/CDCLivingLogo_V1-white-sized.png"},"keywords":["altos de chavon -es","casa de campo","cerveza","featured-topview @es","festival","oktoberfest"],"dateCreated":"2019-09-23T04:00:00Z","datePublished":"2019-09-23T04:00:00Z","dateModified":"2022-11-10T14:03:50Z"},"rendered":"<meta name=\"parsely-title\" content=\"\u00a1El Oktoberfest de este a\u00f1o fue un evento maravilloso que hizo vibrar las piedras de Altos de Chav\u00f3n!\" \/>\n<meta name=\"parsely-link\" content=\"http:\/\/casadecampoliving.com\/es\/el-oktoberfest-de-este-ano-fue-un-evento-maravilloso-que-hizo-vibrar-las-piedras-de-altos-de-chavon\/\" \/>\n<meta name=\"parsely-type\" content=\"post\" \/>\n<meta name=\"parsely-image-url\" content=\"https:\/\/i0.wp.com\/casadecampoliving.com\/wp-content\/uploads\/2022\/10\/Pu%CC%81blico-Asistente-8.jpg?resize=150%2C150&amp;ssl=1\" \/>\n<meta name=\"parsely-pub-date\" content=\"2019-09-23T04:00:00Z\" \/>\n<meta name=\"parsely-section\" content=\"Altos de Chavon @es\" \/>\n<meta name=\"parsely-tags\" content=\"altos de chavon -es,casa de campo,cerveza,featured-topview @es,festival,oktoberfest\" \/>\n<meta name=\"parsely-author\" content=\"Casa de Campo Living\" \/>","tracker_url":"https:\/\/cdn.parsely.com\/keys\/casadecampoliving.com\/p.js"},"jetpack_publicize_connections":[],"jetpack-related-posts":[{"id":433460,"url":"https:\/\/casadecampoliving.com\/es\/no-se-pierdan-el-increible-tributo-a-frank-sinatra-para-celebrar-el-40-aniversario-del-anfiteatro-altos-de-chavon\/","url_meta":{"origin":353554,"position":0},"title":"No se pierdan el incre\u00edble tributo a Frank Sinatra para celebrar el 40 aniversario del\u00a0Anfiteatro Altos de Chav\u00f3n","author":"Casa de Campo Living","date":"20 Oct, 2022","format":false,"excerpt":"Siendo uno de los escenarios m\u00e1s emblem\u00e1ticos del pa\u00eds, Casa de Campo Resort\u00ae & Villas celebra las cuatro d\u00e9cadas de aniversario de Altos de Chav\u00f3n con un tributo al gran Frank Sinatra, protagonizado por artistas invitados y una big band tal cual la que acompa\u00f1\u00f3 al artista hace 40 a\u00f1os\u2026","rel":"","context":"En \u00abUncategorized @es\u00bb","block_context":{"text":"Uncategorized @es","link":"https:\/\/casadecampoliving.com\/es\/category\/uncategorized-es\/"},"img":{"alt_text":"","src":"https:\/\/i0.wp.com\/casadecampoliving.com\/wp-content\/uploads\/2022\/10\/Tributo-Frank-Sinatra-Foto-Principal-Amaury-Sanchez-Danilo-Ginebra-Andres-Pichardo-y-Jose-Gabriel-Perez-.jpg?fit=1200%2C873&ssl=1&resize=350%2C200","width":350,"height":200,"srcset":"https:\/\/i0.wp.com\/casadecampoliving.com\/wp-content\/uploads\/2022\/10\/Tributo-Frank-Sinatra-Foto-Principal-Amaury-Sanchez-Danilo-Ginebra-Andres-Pichardo-y-Jose-Gabriel-Perez-.jpg?fit=1200%2C873&ssl=1&resize=350%2C200 1x, https:\/\/i0.wp.com\/casadecampoliving.com\/wp-content\/uploads\/2022\/10\/Tributo-Frank-Sinatra-Foto-Principal-Amaury-Sanchez-Danilo-Ginebra-Andres-Pichardo-y-Jose-Gabriel-Perez-.jpg?fit=1200%2C873&ssl=1&resize=525%2C300 1.5x, https:\/\/i0.wp.com\/casadecampoliving.com\/wp-content\/uploads\/2022\/10\/Tributo-Frank-Sinatra-Foto-Principal-Amaury-Sanchez-Danilo-Ginebra-Andres-Pichardo-y-Jose-Gabriel-Perez-.jpg?fit=1200%2C873&ssl=1&resize=700%2C400 2x, https:\/\/i0.wp.com\/casadecampoliving.com\/wp-content\/uploads\/2022\/10\/Tributo-Frank-Sinatra-Foto-Principal-Amaury-Sanchez-Danilo-Ginebra-Andres-Pichardo-y-Jose-Gabriel-Perez-.jpg?fit=1200%2C873&ssl=1&resize=1050%2C600 3x"},"classes":[]},{"id":352123,"url":"https:\/\/casadecampoliving.com\/es\/el-primer-oktoberfest-de-altos-de-chavon-fue-un-exito\/","url_meta":{"origin":353554,"position":1},"title":"\u00a1El primer Oktoberfest de Altos de Chav\u00f3n fue un \u00e9xito memorable!","author":"Marlenys Guzm\u00e1n Casta\u00f1os","date":"24 Oct, 2017","format":false,"excerpt":"El Volksfest m\u00e1s grande del mundo (que significa festival de la cerveza y feria de viajes) que comenz\u00f3 en Munich hace un par de siglos, ahora es una festividad celebrada en todo el mundo en el mes de octubre y Altos de Chav\u00f3n no se qued\u00f3 atr\u00e1s. Este fin de\u2026","rel":"","context":"En \u00abAltos de Chavon @es\u00bb","block_context":{"text":"Altos de Chavon @es","link":"https:\/\/casadecampoliving.com\/category\/altos-de-chavon-es\/"},"img":{"alt_text":"","src":"https:\/\/i0.wp.com\/casadecampoliving.com\/wp-content\/uploads\/2022\/10\/Mauricio-Ramirez-jr-Maria-Isabel-Novoa-Maria-Jose-Ramirez-Mauricio-Ramirez.jpg?fit=1000%2C667&ssl=1&resize=350%2C200","width":350,"height":200,"srcset":"https:\/\/i0.wp.com\/casadecampoliving.com\/wp-content\/uploads\/2022\/10\/Mauricio-Ramirez-jr-Maria-Isabel-Novoa-Maria-Jose-Ramirez-Mauricio-Ramirez.jpg?fit=1000%2C667&ssl=1&resize=350%2C200 1x, https:\/\/i0.wp.com\/casadecampoliving.com\/wp-content\/uploads\/2022\/10\/Mauricio-Ramirez-jr-Maria-Isabel-Novoa-Maria-Jose-Ramirez-Mauricio-Ramirez.jpg?fit=1000%2C667&ssl=1&resize=525%2C300 1.5x, https:\/\/i0.wp.com\/casadecampoliving.com\/wp-content\/uploads\/2022\/10\/Mauricio-Ramirez-jr-Maria-Isabel-Novoa-Maria-Jose-Ramirez-Mauricio-Ramirez.jpg?fit=1000%2C667&ssl=1&resize=700%2C400 2x"},"classes":[]},{"id":354570,"url":"https:\/\/casadecampoliving.com\/es\/el-oktoberfest-2022-fue-un-evento-fabuloso-que-animo-a-altos-de-chavon\/","url_meta":{"origin":353554,"position":2},"title":"\u00a1El Oktoberfest 2022 fue un evento fabuloso que anim\u00f3 a Altos de Chav\u00f3n!","author":"Casa de Campo Living","date":"10 Oct, 2022","format":false,"excerpt":"El s\u00e1bado 8 de octubre, Altos de Chav\u00f3n celebr\u00f3 su versi\u00f3n del Oktoberfest, \u00a1y vaya si podemos decir que fue un \u00e9xito total y absoluto! Familias y amigos paseaban por sus adoquines disfrutando de todas las actividades que se ten\u00edan previstas para ellos. Se pod\u00eda escuchar la m\u00fasica y las\u2026","rel":"","context":"En \u00abAltos de Chavon @es\u00bb","block_context":{"text":"Altos de Chavon @es","link":"https:\/\/casadecampoliving.com\/category\/altos-de-chavon-es\/"},"img":{"alt_text":"","src":"https:\/\/i0.wp.com\/casadecampoliving.com\/wp-content\/uploads\/2022\/10\/RaffaellayGabriellaGrisolia-e1665420833583-1.jpg?fit=1000%2C667&ssl=1&resize=350%2C200","width":350,"height":200,"srcset":"https:\/\/i0.wp.com\/casadecampoliving.com\/wp-content\/uploads\/2022\/10\/RaffaellayGabriellaGrisolia-e1665420833583-1.jpg?fit=1000%2C667&ssl=1&resize=350%2C200 1x, https:\/\/i0.wp.com\/casadecampoliving.com\/wp-content\/uploads\/2022\/10\/RaffaellayGabriellaGrisolia-e1665420833583-1.jpg?fit=1000%2C667&ssl=1&resize=525%2C300 1.5x, https:\/\/i0.wp.com\/casadecampoliving.com\/wp-content\/uploads\/2022\/10\/RaffaellayGabriellaGrisolia-e1665420833583-1.jpg?fit=1000%2C667&ssl=1&resize=700%2C400 2x"},"classes":[]},{"id":353878,"url":"https:\/\/casadecampoliving.com\/es\/el-oktoberfest-volvera-a-altos-de-chavon-este-sabado\/","url_meta":{"origin":353554,"position":3},"title":"\u00a1El Oktoberfest volver\u00e1 a Altos de Chav\u00f3n este s\u00e1bado!","author":"Casa de Campo Living","date":"12 Oct, 2020","format":false,"excerpt":"Oktoberfest, el festival de oto\u00f1o alem\u00e1n que celebra las cosas favoritas de todos: comida, cerveza y festejos, regresa a Altos de Chav\u00f3n este fin de semana. Aunque la celebraci\u00f3n oficial del Oktoberfest que se lleva a cabo en Munich, Baviera fue cancelada este a\u00f1o, Casa de Campo celebrar\u00e1 lo que\u2026","rel":"","context":"En \u00abEstilo de Vida\u00bb","block_context":{"text":"Estilo de Vida","link":"https:\/\/casadecampoliving.com\/es\/category\/estilo-de-vida\/"},"img":{"alt_text":"","src":"https:\/\/i0.wp.com\/casadecampoliving.com\/wp-content\/uploads\/2022\/10\/IMG_0056-3.jpg?fit=1000%2C667&ssl=1&resize=350%2C200","width":350,"height":200,"srcset":"https:\/\/i0.wp.com\/casadecampoliving.com\/wp-content\/uploads\/2022\/10\/IMG_0056-3.jpg?fit=1000%2C667&ssl=1&resize=350%2C200 1x, https:\/\/i0.wp.com\/casadecampoliving.com\/wp-content\/uploads\/2022\/10\/IMG_0056-3.jpg?fit=1000%2C667&ssl=1&resize=525%2C300 1.5x, https:\/\/i0.wp.com\/casadecampoliving.com\/wp-content\/uploads\/2022\/10\/IMG_0056-3.jpg?fit=1000%2C667&ssl=1&resize=700%2C400 2x"},"classes":[]},{"id":523006,"url":"https:\/\/casadecampoliving.com\/es\/altos-de-chavon-se-prepara-para-celebrar-oktoberfest-2023\/","url_meta":{"origin":353554,"position":4},"title":"Altos de Chav\u00f3n se prepara para celebrar Oktoberfest 2023","author":"Casa de Campo Living","date":"3 Oct, 2023","format":false,"excerpt":"Mientras el aire fresco del oto\u00f1o puede sentirse a miles de kil\u00f3metros de las encantadoras calles de M\u00fanich, el 14 de octubre, Altos de Chav\u00f3n volver\u00e1 a abrazar el esp\u00edritu de Oktoberfest. Conocido en todo el mundo por su celebraci\u00f3n de la comida, la cerveza y la alegr\u00eda, el festival\u2026","rel":"","context":"En \u00abAltos de Chav\u00f3n\u00bb","block_context":{"text":"Altos de Chav\u00f3n","link":"https:\/\/casadecampoliving.com\/es\/category\/altos-de-chavon-6\/"},"img":{"alt_text":"","src":"https:\/\/i0.wp.com\/casadecampoliving.com\/wp-content\/uploads\/2023\/10\/Oktoberfest2.jpg?fit=1200%2C800&ssl=1&resize=350%2C200","width":350,"height":200,"srcset":"https:\/\/i0.wp.com\/casadecampoliving.com\/wp-content\/uploads\/2023\/10\/Oktoberfest2.jpg?fit=1200%2C800&ssl=1&resize=350%2C200 1x, https:\/\/i0.wp.com\/casadecampoliving.com\/wp-content\/uploads\/2023\/10\/Oktoberfest2.jpg?fit=1200%2C800&ssl=1&resize=525%2C300 1.5x, https:\/\/i0.wp.com\/casadecampoliving.com\/wp-content\/uploads\/2023\/10\/Oktoberfest2.jpg?fit=1200%2C800&ssl=1&resize=700%2C400 2x, https:\/\/i0.wp.com\/casadecampoliving.com\/wp-content\/uploads\/2023\/10\/Oktoberfest2.jpg?fit=1200%2C800&ssl=1&resize=1050%2C600 3x"},"classes":[]},{"id":354509,"url":"https:\/\/casadecampoliving.com\/es\/oktoberfest-regresa-a-altos-de-chavon-el-proximo-mes\/","url_meta":{"origin":353554,"position":5},"title":"\u00a1Oktoberfest regresa a Altos de Chav\u00f3n EL PR\u00d3XIMO mes!","author":"Casa de Campo Living","date":"26 Sep, 2022","format":false,"excerpt":"Oktoberfest, el festival de oto\u00f1o alem\u00e1n que celebra las cosas favoritas de todos: comida, cerveza y jolgorio, \u00a1regresa a Altos de Chav\u00f3n el PR\u00d3XIMO mes! Aunque la celebraci\u00f3n oficial del Oktoberfest se lleva a cabo en Munich, Bavaria, un festival anual que atrae a m\u00e1s de seis millones de personas,\u2026","rel":"","context":"En \u00abAltos de Chavon @es\u00bb","block_context":{"text":"Altos de Chavon @es","link":"https:\/\/casadecampoliving.com\/category\/altos-de-chavon-es\/"},"img":{"alt_text":"","src":"https:\/\/i0.wp.com\/casadecampoliving.com\/wp-content\/uploads\/2022\/10\/IMG_0092-1.jpg?fit=1000%2C667&ssl=1&resize=350%2C200","width":350,"height":200,"srcset":"https:\/\/i0.wp.com\/casadecampoliving.com\/wp-content\/uploads\/2022\/10\/IMG_0092-1.jpg?fit=1000%2C667&ssl=1&resize=350%2C200 1x, https:\/\/i0.wp.com\/casadecampoliving.com\/wp-content\/uploads\/2022\/10\/IMG_0092-1.jpg?fit=1000%2C667&ssl=1&resize=525%2C300 1.5x, https:\/\/i0.wp.com\/casadecampoliving.com\/wp-content\/uploads\/2022\/10\/IMG_0092-1.jpg?fit=1000%2C667&ssl=1&resize=700%2C400 2x"},"classes":[]}],"jetpack_sharing_enabled":true,"jetpack_featured_media_url":"https:\/\/i0.wp.com\/casadecampoliving.com\/wp-content\/uploads\/2022\/10\/Pu%CC%81blico-Asistente-8.jpg?fit=1000%2C667&ssl=1","_links":{"self":[{"href":"https:\/\/casadecampoliving.com\/es\/wp-json\/wp\/v2\/posts\/353554","targetHints":{"allow":["GET"]}}],"collection":[{"href":"https:\/\/casadecampoliving.com\/es\/wp-json\/wp\/v2\/posts"}],"about":[{"href":"https:\/\/casadecampoliving.com\/es\/wp-json\/wp\/v2\/types\/post"}],"author":[{"embeddable":true,"href":"https:\/\/casadecampoliving.com\/es\/wp-json\/wp\/v2\/users\/36791"}],"replies":[{"embeddable":true,"href":"https:\/\/casadecampoliving.com\/es\/wp-json\/wp\/v2\/comments?post=353554"}],"version-history":[{"count":1,"href":"https:\/\/casadecampoliving.com\/es\/wp-json\/wp\/v2\/posts\/353554\/revisions"}],"predecessor-version":[{"id":504582,"href":"https:\/\/casadecampoliving.com\/es\/wp-json\/wp\/v2\/posts\/353554\/revisions\/504582"}],"wp:featuredmedia":[{"embeddable":true,"href":"https:\/\/casadecampoliving.com\/es\/wp-json\/wp\/v2\/media\/307844"}],"wp:attachment":[{"href":"https:\/\/casadecampoliving.com\/es\/wp-json\/wp\/v2\/media?parent=353554"}],"wp:term":[{"taxonomy":"category","embeddable":true,"href":"https:\/\/casadecampoliving.com\/es\/wp-json\/wp\/v2\/categories?post=353554"},{"taxonomy":"post_tag","embeddable":true,"href":"https:\/\/casadecampoliving.com\/es\/wp-json\/wp\/v2\/tags?post=353554"},{"taxonomy":"newspack_spnsrs_tax","embeddable":true,"href":"https:\/\/casadecampoliving.com\/es\/wp-json\/wp\/v2\/newspack_spnsrs_tax?post=353554"}],"curies":[{"name":"wp","href":"https:\/\/api.w.org\/{rel}","templated":true}]}}