{"id":353537,"date":"2019-09-02T00:00:00","date_gmt":"2019-09-02T04:00:00","guid":{"rendered":"https:\/\/casadecampoliving.com\/oktoberfest-regresa-a-altos-de-chavon-este-mes\/"},"modified":"2022-10-21T19:09:41","modified_gmt":"2022-10-21T23:09:41","slug":"oktoberfest-regresa-a-altos-de-chavon-este-mes","status":"publish","type":"post","link":"https:\/\/casadecampoliving.com\/es\/oktoberfest-regresa-a-altos-de-chavon-este-mes\/","title":{"rendered":"\u00a1Oktoberfest regresa a Altos de Chav\u00f3n este mes!"},"content":{"rendered":"\n<p>\u00a1Oktoberfest, el festival de oto\u00f1o alem\u00e1n que celebra las cosas favoritas de todos: comida, cerveza y festejos, regresar\u00e1 a Altos de Chav\u00f3n este mes! Aunque la celebraci\u00f3n oficial del Oktoberfest tiene lugar en Munich, Baviera, un festival anual que atrae a m\u00e1s de seis millones de personas, hay celebraciones inspiradas en todo el mundo, \u00a1incluido nuestro maravilloso pedazo de para\u00edso, Altos de Chav\u00f3n!<\/p>\n\n\n<div class=\"wp-block-image\">\n<figure class=\"aligncenter is-resized\"><img loading=\"lazy\" decoding=\"async\" data-attachment-id=\"171994\" data-permalink=\"https:\/\/casadecampoliving.com\/es\/jolanthe-suchy-jose-lopez-davide-cavicchioli-wendy-mangiarotti\/\" data-orig-file=\"https:\/\/i0.wp.com\/casadecampoliving.com\/wp-content\/uploads\/2019\/09\/Jolanthe-Suchy-Jose-Lopez-Davide-Cavicchioli-Wendy-Mangiarotti.jpg?fit=1000%2C667&amp;ssl=1\" data-orig-size=\"1000,667\" data-comments-opened=\"0\" data-image-meta=\"{&quot;aperture&quot;:&quot;5.6&quot;,&quot;credit&quot;:&quot;Mairobi Herrera\\nCristian Pittaro&quot;,&quot;camera&quot;:&quot;Canon EOS 5D Mark III&quot;,&quot;caption&quot;:&quot;&quot;,&quot;created_timestamp&quot;:&quot;1508616571&quot;,&quot;copyright&quot;:&quot;Can&#039;t use or distribuit without express autorization from owner&quot;,&quot;focal_length&quot;:&quot;28&quot;,&quot;iso&quot;:&quot;500&quot;,&quot;shutter_speed&quot;:&quot;0.0166666666667&quot;,&quot;title&quot;:&quot;&quot;,&quot;orientation&quot;:&quot;1&quot;}\" data-image-title=\"Jolanthe Suchy, Jose Lopez, Davide Cavicchioli, Wendy Mangiarotti\" data-image-description=\"\" data-image-caption=\"\" data-large-file=\"https:\/\/i0.wp.com\/casadecampoliving.com\/wp-content\/uploads\/2019\/09\/Jolanthe-Suchy-Jose-Lopez-Davide-Cavicchioli-Wendy-Mangiarotti.jpg?fit=1000%2C667&amp;ssl=1\" src=\"https:\/\/i0.wp.com\/casadecampoliving.com\/wp-content\/uploads\/2022\/10\/Jolanthe-Suchy-Jose-Lopez-Davide-Cavicchioli-Wendy-Mangiarotti-2.jpg?resize=1000%2C667&amp;ssl=1\" alt=\"\" class=\"wp-image-171994\" height=\"667\" width=\"1000\"\/><\/figure>\n<\/div>\n\n\n<p>En honor al festival alem\u00e1n, el 21 de septiembre, a partir de las 5:00 p.m., el resort organizar\u00e1 un d\u00eda lleno de actividades donde los hu\u00e9spedes y residentes podr\u00e1n disfrutar de una tarde de m\u00fasica en vivo de fusi\u00f3n caribe\u00f1a con la banda de Santiago \u201cConuko Band Roots\u201d y \u201cLa Marimba\u201d de Santo Domingo; atracciones para toda la familia y cervezas nacionales e internacionales.&nbsp;<\/p>\n\n\n\n<p>Los ni\u00f1os disfrutar\u00e1n de juegos, b\u00fasquedas del tesoro y otras sorpresas en Altos de Chav\u00f3n, mientras que las empresas de la zona se integrar\u00e1n con men\u00fas especiales en restaurantes, ofertas de cerveza, una barbacoa y un horario extendido en los museos y tiendas.<\/p>\n\n\n\n<blockquote class=\"wp-block-quote is-layout-flow wp-block-quote-is-layout-flow\"><p><strong>Aqu\u00ed hay 5 palabras en alem\u00e1n que debe saber para prepararse para el Oktoberfest:<\/strong><\/p><p><strong>Bier \u2013<\/strong>&nbsp;significa cerveza en alem\u00e1n<\/p><p><strong>Dirndl<\/strong>&nbsp;\u2013 vestido t\u00edpico de mujer usado en Oktoberfest que consiste en un corpi\u00f1o, una blusa, una falda y un delantal<\/p><p><strong>Lederhosen<\/strong>&nbsp;\u2013 guardarropa masculino compuesto por pantalones de cuero con camisa blanca y calcetines hasta la rodilla<\/p><p><strong>Ma\u00dfkrug \u2013<\/strong>&nbsp;es una taza alemana con exactamente 1 litro de&nbsp;<em>Bier<\/em>. Ordene un Ma\u00df por corto<\/p><p><strong>Prost \u2013<\/strong>&nbsp;\u201c\u00a1Salud!\u201d en alem\u00e1n. Alternativamente, puede usar la frase&nbsp;<em>\u201cZum Wohl\u201d<\/em><\/p><\/blockquote>\n\n\n\n<p>\u00a1El 185\u00ba Oktoberfest termin\u00f3 con alrededor de 7.2 millones de personas de todo el mundo que visitaron Alemania y consumieron 6.9 millones de litros de cerveza *! Entonces, \u00bfest\u00e1s listo para que la diversi\u00f3n comience en Altos de Chav\u00f3n? No importa d\u00f3nde se celebre este festival, una cosa es segura, \u00a1siempre habr\u00e1 m\u00fasica animada, comida deliciosa y grandes, grandes pintas de cerveza! AHORRE LA FECHA y memorice esta frase: <em>\u201cEin Bier, bitte!\u201d (\u00a1Una cerveza por favor!)<\/em><\/p>\n\n\n\n<p><em>* Estad\u00edsticas de Oktoberfest 2018 de oktoberfest.de<\/em><\/p>\n\n\n\n<p><em>* Fotos del Oktoberfest 2017 en Altos de Chav\u00f3n<\/em><\/p>\n","protected":false},"excerpt":{"rendered":"<p>\u00a1Oktoberfest, el festival de oto\u00f1o alem\u00e1n que celebra las cosas favoritas de todos: comida, cerveza y festejos, regresar\u00e1 a Altos de Chav\u00f3n este mes! Aunque la celebraci\u00f3n oficial del Oktoberfest tiene lugar en Munich, Baviera, un festival anual que atrae a m\u00e1s de seis millones de personas, hay celebraciones inspiradas en todo el mundo, \u00a1incluido [&hellip;]<\/p>\n","protected":false},"author":36791,"featured_media":307116,"comment_status":"closed","ping_status":"open","sticky":false,"template":"","format":"standard","meta":{"newspack_ads_suppress_ads":false,"newspack_popups_has_disabled_popups":false,"newspack_sponsor_sponsorship_scope":"","newspack_sponsor_native_byline_display":"inherit","newspack_sponsor_native_category_display":"inherit","newspack_sponsor_underwriter_style":"inherit","newspack_sponsor_underwriter_placement":"inherit","_newspack_byline_active":false,"_newspack_byline":"","newspack_hide_updated_date":false,"newspack_show_updated_date":false,"newspack_content_restriction_is_exempt":false,"newspack_featured_image_position":"","newspack_post_subtitle":"","newspack_article_summary_title":"Overview:","newspack_article_summary":"","_jetpack_memberships_contains_paid_content":false,"footnotes":"","jetpack_publicize_message":"","jetpack_publicize_feature_enabled":true,"jetpack_social_post_already_shared":false,"jetpack_social_options":{"image_generator_settings":{"template":"highway","default_image_id":0,"font":"","enabled":false},"version":2},"_wpas_customize_per_network":false},"categories":[26819,26823,14629,14631,2522,14625,14627,2521,26822,2520,2501],"tags":[2911,15387,18627,9917,14736,4501,8676,21887],"newspack_spnsrs_tax":[],"class_list":["post-353537","post","type-post","status-publish","format-standard","has-post-thumbnail","hentry","category-altos-de-chavon-es","category-arte-y-cultura","category-comidas-bebidas","category-estilo-de-vida","category-eventos-es","category-noticias-locales","category-proximamente","category-republica-dominicana-2","category-resort-casa-de-campo","category-restaurantes-es","category-vida-nocturna-es","tag-alemania","tag-altos-de-chavon-es","tag-cerveza","tag-evento","tag-featured-topview-es","tag-musica-en-vivo","tag-ninos","tag-oktoberfest-es","entry"],"yoast_head":"<!-- This site is optimized with the Yoast SEO plugin v27.4 - https:\/\/yoast.com\/product\/yoast-seo-wordpress\/ -->\n<title>\u00a1Oktoberfest regresa a Altos de Chav\u00f3n este mes! | Casa de Campo Living<\/title>\n<meta name=\"description\" content=\"\u00a1Oktoberfest, el festival de oto\u00f1o alem\u00e1n que celebra las cosas favoritas de todos: comida, cerveza y festejos, regresar\u00e1 a Altos de Chav\u00f3n este mes!\" \/>\n<meta name=\"robots\" content=\"index, follow, max-snippet:-1, max-image-preview:large, max-video-preview:-1\" \/>\n<link rel=\"canonical\" href=\"https:\/\/casadecampoliving.com\/es\/oktoberfest-regresa-a-altos-de-chavon-este-mes\/\" \/>\n<meta property=\"og:locale\" content=\"es_ES\" \/>\n<meta property=\"og:type\" content=\"article\" \/>\n<meta property=\"og:title\" content=\"\u00a1Oktoberfest regresa a Altos de Chav\u00f3n este mes! | Casa de Campo Living\" \/>\n<meta property=\"og:description\" content=\"\u00a1Oktoberfest, el festival de oto\u00f1o alem\u00e1n que celebra las cosas favoritas de todos: comida, cerveza y festejos, regresar\u00e1 a Altos de Chav\u00f3n este mes!\" \/>\n<meta property=\"og:url\" content=\"https:\/\/casadecampoliving.com\/es\/oktoberfest-regresa-a-altos-de-chavon-este-mes\/\" \/>\n<meta property=\"og:site_name\" content=\"Casa de Campo Living\" \/>\n<meta property=\"article:publisher\" content=\"https:\/\/www.facebook.com\/casadecampoliving\" \/>\n<meta property=\"article:published_time\" content=\"2019-09-02T04:00:00+00:00\" \/>\n<meta property=\"article:modified_time\" content=\"2022-10-21T23:09:41+00:00\" \/>\n<meta property=\"og:image\" content=\"https:\/\/i0.wp.com\/casadecampoliving.com\/wp-content\/uploads\/2022\/10\/EJ4B6269-1-1.jpg?fit=1000%2C600&ssl=1\" \/>\n\t<meta property=\"og:image:width\" content=\"1000\" \/>\n\t<meta property=\"og:image:height\" content=\"600\" \/>\n\t<meta property=\"og:image:type\" content=\"image\/jpeg\" \/>\n<meta name=\"author\" content=\"Casa de Campo Living\" \/>\n<meta name=\"twitter:card\" content=\"summary_large_image\" \/>\n<meta name=\"twitter:creator\" content=\"@cdcliving\" \/>\n<meta name=\"twitter:site\" content=\"@cdcliving\" \/>\n<meta name=\"twitter:label1\" content=\"Escrito por\" \/>\n\t<meta name=\"twitter:data1\" content=\"Casa de Campo Living\" \/>\n\t<meta name=\"twitter:label2\" content=\"Tiempo de lectura\" \/>\n\t<meta name=\"twitter:data2\" content=\"2 minutos\" \/>\n<script type=\"application\/ld+json\" class=\"yoast-schema-graph\">{\"@context\":\"https:\\\/\\\/schema.org\",\"@graph\":[{\"@type\":\"Article\",\"@id\":\"https:\\\/\\\/casadecampoliving.com\\\/es\\\/oktoberfest-regresa-a-altos-de-chavon-este-mes\\\/#article\",\"isPartOf\":{\"@id\":\"https:\\\/\\\/casadecampoliving.com\\\/es\\\/oktoberfest-regresa-a-altos-de-chavon-este-mes\\\/\"},\"author\":{\"name\":\"Casa de Campo Living\",\"@id\":\"https:\\\/\\\/casadecampoliving.com\\\/es\\\/#\\\/schema\\\/person\\\/5d2171637a9d11e0e43ce6b8555f9422\"},\"headline\":\"\u00a1Oktoberfest regresa a Altos de Chav\u00f3n este mes!\",\"datePublished\":\"2019-09-02T04:00:00+00:00\",\"dateModified\":\"2022-10-21T23:09:41+00:00\",\"mainEntityOfPage\":{\"@id\":\"https:\\\/\\\/casadecampoliving.com\\\/es\\\/oktoberfest-regresa-a-altos-de-chavon-este-mes\\\/\"},\"wordCount\":384,\"publisher\":{\"@id\":\"https:\\\/\\\/casadecampoliving.com\\\/es\\\/#organization\"},\"image\":{\"@id\":\"https:\\\/\\\/casadecampoliving.com\\\/es\\\/oktoberfest-regresa-a-altos-de-chavon-este-mes\\\/#primaryimage\"},\"thumbnailUrl\":\"https:\\\/\\\/i0.wp.com\\\/casadecampoliving.com\\\/wp-content\\\/uploads\\\/2022\\\/10\\\/EJ4B6269-1-1.jpg?fit=1000%2C600&ssl=1\",\"keywords\":[\"alemania\",\"Altos de Chavon\",\"cerveza\",\"evento\",\"Featured-TopView @es\",\"musica en vivo\",\"ni\u00f1os\",\"oktoberfest @es\"],\"articleSection\":[\"Altos de Chavon @es\",\"Arte y cultura\",\"Comidas &amp; Bebidas\",\"Estilo de Vida\",\"Eventos\",\"Noticias Locales\",\"Proximamente\",\"Rep\u00fablica Dominicana @es\",\"Resort Casa de Campo\",\"Restaurantes\",\"Vida Nocturna\"],\"inLanguage\":\"es\"},{\"@type\":\"WebPage\",\"@id\":\"https:\\\/\\\/casadecampoliving.com\\\/es\\\/oktoberfest-regresa-a-altos-de-chavon-este-mes\\\/\",\"url\":\"https:\\\/\\\/casadecampoliving.com\\\/es\\\/oktoberfest-regresa-a-altos-de-chavon-este-mes\\\/\",\"name\":\"\u00a1Oktoberfest regresa a Altos de Chav\u00f3n este mes! | Casa de Campo Living\",\"isPartOf\":{\"@id\":\"https:\\\/\\\/casadecampoliving.com\\\/es\\\/#website\"},\"primaryImageOfPage\":{\"@id\":\"https:\\\/\\\/casadecampoliving.com\\\/es\\\/oktoberfest-regresa-a-altos-de-chavon-este-mes\\\/#primaryimage\"},\"image\":{\"@id\":\"https:\\\/\\\/casadecampoliving.com\\\/es\\\/oktoberfest-regresa-a-altos-de-chavon-este-mes\\\/#primaryimage\"},\"thumbnailUrl\":\"https:\\\/\\\/i0.wp.com\\\/casadecampoliving.com\\\/wp-content\\\/uploads\\\/2022\\\/10\\\/EJ4B6269-1-1.jpg?fit=1000%2C600&ssl=1\",\"datePublished\":\"2019-09-02T04:00:00+00:00\",\"dateModified\":\"2022-10-21T23:09:41+00:00\",\"description\":\"\u00a1Oktoberfest, el festival de oto\u00f1o alem\u00e1n que celebra las cosas favoritas de todos: comida, cerveza y festejos, regresar\u00e1 a Altos de Chav\u00f3n este mes!\",\"breadcrumb\":{\"@id\":\"https:\\\/\\\/casadecampoliving.com\\\/es\\\/oktoberfest-regresa-a-altos-de-chavon-este-mes\\\/#breadcrumb\"},\"inLanguage\":\"es\",\"potentialAction\":[{\"@type\":\"ReadAction\",\"target\":[\"https:\\\/\\\/casadecampoliving.com\\\/es\\\/oktoberfest-regresa-a-altos-de-chavon-este-mes\\\/\"]}]},{\"@type\":\"ImageObject\",\"inLanguage\":\"es\",\"@id\":\"https:\\\/\\\/casadecampoliving.com\\\/es\\\/oktoberfest-regresa-a-altos-de-chavon-este-mes\\\/#primaryimage\",\"url\":\"https:\\\/\\\/i0.wp.com\\\/casadecampoliving.com\\\/wp-content\\\/uploads\\\/2022\\\/10\\\/EJ4B6269-1-1.jpg?fit=1000%2C600&ssl=1\",\"contentUrl\":\"https:\\\/\\\/i0.wp.com\\\/casadecampoliving.com\\\/wp-content\\\/uploads\\\/2022\\\/10\\\/EJ4B6269-1-1.jpg?fit=1000%2C600&ssl=1\",\"width\":1000,\"height\":600},{\"@type\":\"BreadcrumbList\",\"@id\":\"https:\\\/\\\/casadecampoliving.com\\\/es\\\/oktoberfest-regresa-a-altos-de-chavon-este-mes\\\/#breadcrumb\",\"itemListElement\":[{\"@type\":\"ListItem\",\"position\":1,\"name\":\"Home\",\"item\":\"https:\\\/\\\/casadecampoliving.com\\\/es\\\/\"},{\"@type\":\"ListItem\",\"position\":2,\"name\":\"\u00a1Oktoberfest regresa a Altos de Chav\u00f3n este mes!\"}]},{\"@type\":\"WebSite\",\"@id\":\"https:\\\/\\\/casadecampoliving.com\\\/es\\\/#website\",\"url\":\"https:\\\/\\\/casadecampoliving.com\\\/es\\\/\",\"name\":\"Casa de Campo Living\",\"description\":\"Resort community news and resources.\",\"publisher\":{\"@id\":\"https:\\\/\\\/casadecampoliving.com\\\/es\\\/#organization\"},\"potentialAction\":[{\"@type\":\"SearchAction\",\"target\":{\"@type\":\"EntryPoint\",\"urlTemplate\":\"https:\\\/\\\/casadecampoliving.com\\\/es\\\/?s={search_term_string}\"},\"query-input\":{\"@type\":\"PropertyValueSpecification\",\"valueRequired\":true,\"valueName\":\"search_term_string\"}}],\"inLanguage\":\"es\"},{\"@type\":\"Organization\",\"@id\":\"https:\\\/\\\/casadecampoliving.com\\\/es\\\/#organization\",\"name\":\"Casa de Campo Living\",\"url\":\"https:\\\/\\\/casadecampoliving.com\\\/es\\\/\",\"logo\":{\"@type\":\"ImageObject\",\"inLanguage\":\"es\",\"@id\":\"https:\\\/\\\/casadecampoliving.com\\\/es\\\/#\\\/schema\\\/logo\\\/image\\\/\",\"url\":\"https:\\\/\\\/i0.wp.com\\\/casadecampoliving.com\\\/wp-content\\\/uploads\\\/2022\\\/07\\\/CDCLivingLogo_V1-white-sized.png?fit=800%2C214&ssl=1\",\"contentUrl\":\"https:\\\/\\\/i0.wp.com\\\/casadecampoliving.com\\\/wp-content\\\/uploads\\\/2022\\\/07\\\/CDCLivingLogo_V1-white-sized.png?fit=800%2C214&ssl=1\",\"width\":800,\"height\":214,\"caption\":\"Casa de Campo Living\"},\"image\":{\"@id\":\"https:\\\/\\\/casadecampoliving.com\\\/es\\\/#\\\/schema\\\/logo\\\/image\\\/\"},\"sameAs\":[\"https:\\\/\\\/www.facebook.com\\\/casadecampoliving\",\"https:\\\/\\\/x.com\\\/cdcliving\"]},{\"@type\":\"Person\",\"@id\":\"https:\\\/\\\/casadecampoliving.com\\\/es\\\/#\\\/schema\\\/person\\\/5d2171637a9d11e0e43ce6b8555f9422\",\"name\":\"Casa de Campo Living\",\"image\":{\"@type\":\"ImageObject\",\"inLanguage\":\"es\",\"@id\":\"https:\\\/\\\/secure.gravatar.com\\\/avatar\\\/d04101fa4a9fd431e939953b1500fdc7a73cd35029f86d98712fd8ccdaebaf9a?s=96&d=mm&r=g\",\"url\":\"https:\\\/\\\/secure.gravatar.com\\\/avatar\\\/d04101fa4a9fd431e939953b1500fdc7a73cd35029f86d98712fd8ccdaebaf9a?s=96&d=mm&r=g\",\"contentUrl\":\"https:\\\/\\\/secure.gravatar.com\\\/avatar\\\/d04101fa4a9fd431e939953b1500fdc7a73cd35029f86d98712fd8ccdaebaf9a?s=96&d=mm&r=g\",\"caption\":\"Casa de Campo Living\"},\"url\":\"https:\\\/\\\/casadecampoliving.com\\\/es\\\/author\\\/casa-de-campo-living\\\/\"}]}<\/script>\n<!-- \/ Yoast SEO plugin. -->","yoast_head_json":{"title":"\u00a1Oktoberfest regresa a Altos de Chav\u00f3n este mes! | Casa de Campo Living","description":"\u00a1Oktoberfest, el festival de oto\u00f1o alem\u00e1n que celebra las cosas favoritas de todos: comida, cerveza y festejos, regresar\u00e1 a Altos de Chav\u00f3n este mes!","robots":{"index":"index","follow":"follow","max-snippet":"max-snippet:-1","max-image-preview":"max-image-preview:large","max-video-preview":"max-video-preview:-1"},"canonical":"https:\/\/casadecampoliving.com\/es\/oktoberfest-regresa-a-altos-de-chavon-este-mes\/","og_locale":"es_ES","og_type":"article","og_title":"\u00a1Oktoberfest regresa a Altos de Chav\u00f3n este mes! | Casa de Campo Living","og_description":"\u00a1Oktoberfest, el festival de oto\u00f1o alem\u00e1n que celebra las cosas favoritas de todos: comida, cerveza y festejos, regresar\u00e1 a Altos de Chav\u00f3n este mes!","og_url":"https:\/\/casadecampoliving.com\/es\/oktoberfest-regresa-a-altos-de-chavon-este-mes\/","og_site_name":"Casa de Campo Living","article_publisher":"https:\/\/www.facebook.com\/casadecampoliving","article_published_time":"2019-09-02T04:00:00+00:00","article_modified_time":"2022-10-21T23:09:41+00:00","og_image":[{"width":1000,"height":600,"url":"https:\/\/i0.wp.com\/casadecampoliving.com\/wp-content\/uploads\/2022\/10\/EJ4B6269-1-1.jpg?fit=1000%2C600&ssl=1","type":"image\/jpeg"}],"author":"Casa de Campo Living","twitter_card":"summary_large_image","twitter_creator":"@cdcliving","twitter_site":"@cdcliving","twitter_misc":{"Escrito por":"Casa de Campo Living","Tiempo de lectura":"2 minutos"},"schema":{"@context":"https:\/\/schema.org","@graph":[{"@type":"Article","@id":"https:\/\/casadecampoliving.com\/es\/oktoberfest-regresa-a-altos-de-chavon-este-mes\/#article","isPartOf":{"@id":"https:\/\/casadecampoliving.com\/es\/oktoberfest-regresa-a-altos-de-chavon-este-mes\/"},"author":{"name":"Casa de Campo Living","@id":"https:\/\/casadecampoliving.com\/es\/#\/schema\/person\/5d2171637a9d11e0e43ce6b8555f9422"},"headline":"\u00a1Oktoberfest regresa a Altos de Chav\u00f3n este mes!","datePublished":"2019-09-02T04:00:00+00:00","dateModified":"2022-10-21T23:09:41+00:00","mainEntityOfPage":{"@id":"https:\/\/casadecampoliving.com\/es\/oktoberfest-regresa-a-altos-de-chavon-este-mes\/"},"wordCount":384,"publisher":{"@id":"https:\/\/casadecampoliving.com\/es\/#organization"},"image":{"@id":"https:\/\/casadecampoliving.com\/es\/oktoberfest-regresa-a-altos-de-chavon-este-mes\/#primaryimage"},"thumbnailUrl":"https:\/\/i0.wp.com\/casadecampoliving.com\/wp-content\/uploads\/2022\/10\/EJ4B6269-1-1.jpg?fit=1000%2C600&ssl=1","keywords":["alemania","Altos de Chavon","cerveza","evento","Featured-TopView @es","musica en vivo","ni\u00f1os","oktoberfest @es"],"articleSection":["Altos de Chavon @es","Arte y cultura","Comidas &amp; Bebidas","Estilo de Vida","Eventos","Noticias Locales","Proximamente","Rep\u00fablica Dominicana @es","Resort Casa de Campo","Restaurantes","Vida Nocturna"],"inLanguage":"es"},{"@type":"WebPage","@id":"https:\/\/casadecampoliving.com\/es\/oktoberfest-regresa-a-altos-de-chavon-este-mes\/","url":"https:\/\/casadecampoliving.com\/es\/oktoberfest-regresa-a-altos-de-chavon-este-mes\/","name":"\u00a1Oktoberfest regresa a Altos de Chav\u00f3n este mes! | Casa de Campo Living","isPartOf":{"@id":"https:\/\/casadecampoliving.com\/es\/#website"},"primaryImageOfPage":{"@id":"https:\/\/casadecampoliving.com\/es\/oktoberfest-regresa-a-altos-de-chavon-este-mes\/#primaryimage"},"image":{"@id":"https:\/\/casadecampoliving.com\/es\/oktoberfest-regresa-a-altos-de-chavon-este-mes\/#primaryimage"},"thumbnailUrl":"https:\/\/i0.wp.com\/casadecampoliving.com\/wp-content\/uploads\/2022\/10\/EJ4B6269-1-1.jpg?fit=1000%2C600&ssl=1","datePublished":"2019-09-02T04:00:00+00:00","dateModified":"2022-10-21T23:09:41+00:00","description":"\u00a1Oktoberfest, el festival de oto\u00f1o alem\u00e1n que celebra las cosas favoritas de todos: comida, cerveza y festejos, regresar\u00e1 a Altos de Chav\u00f3n este mes!","breadcrumb":{"@id":"https:\/\/casadecampoliving.com\/es\/oktoberfest-regresa-a-altos-de-chavon-este-mes\/#breadcrumb"},"inLanguage":"es","potentialAction":[{"@type":"ReadAction","target":["https:\/\/casadecampoliving.com\/es\/oktoberfest-regresa-a-altos-de-chavon-este-mes\/"]}]},{"@type":"ImageObject","inLanguage":"es","@id":"https:\/\/casadecampoliving.com\/es\/oktoberfest-regresa-a-altos-de-chavon-este-mes\/#primaryimage","url":"https:\/\/i0.wp.com\/casadecampoliving.com\/wp-content\/uploads\/2022\/10\/EJ4B6269-1-1.jpg?fit=1000%2C600&ssl=1","contentUrl":"https:\/\/i0.wp.com\/casadecampoliving.com\/wp-content\/uploads\/2022\/10\/EJ4B6269-1-1.jpg?fit=1000%2C600&ssl=1","width":1000,"height":600},{"@type":"BreadcrumbList","@id":"https:\/\/casadecampoliving.com\/es\/oktoberfest-regresa-a-altos-de-chavon-este-mes\/#breadcrumb","itemListElement":[{"@type":"ListItem","position":1,"name":"Home","item":"https:\/\/casadecampoliving.com\/es\/"},{"@type":"ListItem","position":2,"name":"\u00a1Oktoberfest regresa a Altos de Chav\u00f3n este mes!"}]},{"@type":"WebSite","@id":"https:\/\/casadecampoliving.com\/es\/#website","url":"https:\/\/casadecampoliving.com\/es\/","name":"Casa de Campo Living","description":"Resort community news and resources.","publisher":{"@id":"https:\/\/casadecampoliving.com\/es\/#organization"},"potentialAction":[{"@type":"SearchAction","target":{"@type":"EntryPoint","urlTemplate":"https:\/\/casadecampoliving.com\/es\/?s={search_term_string}"},"query-input":{"@type":"PropertyValueSpecification","valueRequired":true,"valueName":"search_term_string"}}],"inLanguage":"es"},{"@type":"Organization","@id":"https:\/\/casadecampoliving.com\/es\/#organization","name":"Casa de Campo Living","url":"https:\/\/casadecampoliving.com\/es\/","logo":{"@type":"ImageObject","inLanguage":"es","@id":"https:\/\/casadecampoliving.com\/es\/#\/schema\/logo\/image\/","url":"https:\/\/i0.wp.com\/casadecampoliving.com\/wp-content\/uploads\/2022\/07\/CDCLivingLogo_V1-white-sized.png?fit=800%2C214&ssl=1","contentUrl":"https:\/\/i0.wp.com\/casadecampoliving.com\/wp-content\/uploads\/2022\/07\/CDCLivingLogo_V1-white-sized.png?fit=800%2C214&ssl=1","width":800,"height":214,"caption":"Casa de Campo Living"},"image":{"@id":"https:\/\/casadecampoliving.com\/es\/#\/schema\/logo\/image\/"},"sameAs":["https:\/\/www.facebook.com\/casadecampoliving","https:\/\/x.com\/cdcliving"]},{"@type":"Person","@id":"https:\/\/casadecampoliving.com\/es\/#\/schema\/person\/5d2171637a9d11e0e43ce6b8555f9422","name":"Casa de Campo Living","image":{"@type":"ImageObject","inLanguage":"es","@id":"https:\/\/secure.gravatar.com\/avatar\/d04101fa4a9fd431e939953b1500fdc7a73cd35029f86d98712fd8ccdaebaf9a?s=96&d=mm&r=g","url":"https:\/\/secure.gravatar.com\/avatar\/d04101fa4a9fd431e939953b1500fdc7a73cd35029f86d98712fd8ccdaebaf9a?s=96&d=mm&r=g","contentUrl":"https:\/\/secure.gravatar.com\/avatar\/d04101fa4a9fd431e939953b1500fdc7a73cd35029f86d98712fd8ccdaebaf9a?s=96&d=mm&r=g","caption":"Casa de Campo Living"},"url":"https:\/\/casadecampoliving.com\/es\/author\/casa-de-campo-living\/"}]}},"parsely":{"version":"1.1.0","canonical_url":"https:\/\/casadecampoliving.com\/es\/oktoberfest-regresa-a-altos-de-chavon-este-mes\/","smart_links":{"inbound":0,"outbound":0},"traffic_boost_suggestions_count":0,"meta":{"@context":"https:\/\/schema.org","@type":"NewsArticle","headline":"\u00a1Oktoberfest regresa a Altos de Chav\u00f3n este mes!","url":"http:\/\/casadecampoliving.com\/es\/oktoberfest-regresa-a-altos-de-chavon-este-mes\/","mainEntityOfPage":{"@type":"WebPage","@id":"http:\/\/casadecampoliving.com\/es\/oktoberfest-regresa-a-altos-de-chavon-este-mes\/"},"thumbnailUrl":"https:\/\/i0.wp.com\/casadecampoliving.com\/wp-content\/uploads\/2022\/10\/EJ4B6269-1-1.jpg?resize=150%2C150&ssl=1","image":{"@type":"ImageObject","url":"https:\/\/i0.wp.com\/casadecampoliving.com\/wp-content\/uploads\/2022\/10\/EJ4B6269-1-1.jpg?fit=1000%2C600&ssl=1"},"articleSection":"Altos de Chavon @es","author":[{"@type":"Person","name":"Casa de Campo Living"}],"creator":["Casa de Campo Living"],"publisher":{"@type":"Organization","name":"Casa de Campo Living","logo":"https:\/\/casadecampoliving.com\/wp-content\/uploads\/2022\/07\/CDCLivingLogo_V1-white-sized.png"},"keywords":["alemania","altos de chavon","cerveza","evento","featured-topview @es","musica en vivo","ni\u00f1os","oktoberfest @es"],"dateCreated":"2019-09-02T04:00:00Z","datePublished":"2019-09-02T04:00:00Z","dateModified":"2022-10-21T23:09:41Z"},"rendered":"<script type=\"application\/ld+json\" class=\"wp-parsely-metadata\">{\"@context\":\"https:\\\/\\\/schema.org\",\"@type\":\"NewsArticle\",\"headline\":\"\\u00a1Oktoberfest regresa a Altos de Chav\\u00f3n este mes!\",\"url\":\"http:\\\/\\\/casadecampoliving.com\\\/es\\\/oktoberfest-regresa-a-altos-de-chavon-este-mes\\\/\",\"mainEntityOfPage\":{\"@type\":\"WebPage\",\"@id\":\"http:\\\/\\\/casadecampoliving.com\\\/es\\\/oktoberfest-regresa-a-altos-de-chavon-este-mes\\\/\"},\"thumbnailUrl\":\"https:\\\/\\\/i0.wp.com\\\/casadecampoliving.com\\\/wp-content\\\/uploads\\\/2022\\\/10\\\/EJ4B6269-1-1.jpg?resize=150%2C150&ssl=1\",\"image\":{\"@type\":\"ImageObject\",\"url\":\"https:\\\/\\\/i0.wp.com\\\/casadecampoliving.com\\\/wp-content\\\/uploads\\\/2022\\\/10\\\/EJ4B6269-1-1.jpg?fit=1000%2C600&ssl=1\"},\"articleSection\":\"Altos de Chavon @es\",\"author\":[{\"@type\":\"Person\",\"name\":\"Casa de Campo Living\"}],\"creator\":[\"Casa de Campo Living\"],\"publisher\":{\"@type\":\"Organization\",\"name\":\"Casa de Campo Living\",\"logo\":\"https:\\\/\\\/casadecampoliving.com\\\/wp-content\\\/uploads\\\/2022\\\/07\\\/CDCLivingLogo_V1-white-sized.png\"},\"keywords\":[\"alemania\",\"altos de chavon\",\"cerveza\",\"evento\",\"featured-topview @es\",\"musica en vivo\",\"ni\\u00f1os\",\"oktoberfest @es\"],\"dateCreated\":\"2019-09-02T04:00:00Z\",\"datePublished\":\"2019-09-02T04:00:00Z\",\"dateModified\":\"2022-10-21T23:09:41Z\"}<\/script>","tracker_url":"https:\/\/cdn.parsely.com\/keys\/casadecampoliving.com\/p.js"},"jetpack_publicize_connections":[],"jetpack_featured_media_url":"https:\/\/i0.wp.com\/casadecampoliving.com\/wp-content\/uploads\/2022\/10\/EJ4B6269-1-1.jpg?fit=1000%2C600&ssl=1","jetpack-related-posts":[{"id":354509,"url":"https:\/\/casadecampoliving.com\/es\/oktoberfest-regresa-a-altos-de-chavon-el-proximo-mes\/","url_meta":{"origin":353537,"position":0},"title":"\u00a1Oktoberfest regresa a Altos de Chav\u00f3n EL PR\u00d3XIMO mes!","author":"Casa de Campo Living","date":"26 Sep, 2022","format":false,"excerpt":"Oktoberfest, el festival de oto\u00f1o alem\u00e1n que celebra las cosas favoritas de todos: comida, cerveza y jolgorio, \u00a1regresa a Altos de Chav\u00f3n el PR\u00d3XIMO mes! Aunque la celebraci\u00f3n oficial del Oktoberfest se lleva a cabo en Munich, Bavaria, un festival anual que atrae a m\u00e1s de seis millones de personas,\u2026","rel":"","context":"En \u00abAltos de Chavon @es\u00bb","block_context":{"text":"Altos de Chavon @es","link":"https:\/\/casadecampoliving.com\/category\/altos-de-chavon-es\/"},"img":{"alt_text":"","src":"https:\/\/i0.wp.com\/casadecampoliving.com\/wp-content\/uploads\/2022\/10\/IMG_0092-1.jpg?fit=1000%2C667&ssl=1&resize=350%2C200","width":350,"height":200,"srcset":"https:\/\/i0.wp.com\/casadecampoliving.com\/wp-content\/uploads\/2022\/10\/IMG_0092-1.jpg?fit=1000%2C667&ssl=1&resize=350%2C200 1x, https:\/\/i0.wp.com\/casadecampoliving.com\/wp-content\/uploads\/2022\/10\/IMG_0092-1.jpg?fit=1000%2C667&ssl=1&resize=525%2C300 1.5x, https:\/\/i0.wp.com\/casadecampoliving.com\/wp-content\/uploads\/2022\/10\/IMG_0092-1.jpg?fit=1000%2C667&ssl=1&resize=700%2C400 2x"},"classes":[]},{"id":353878,"url":"https:\/\/casadecampoliving.com\/es\/el-oktoberfest-volvera-a-altos-de-chavon-este-sabado\/","url_meta":{"origin":353537,"position":1},"title":"\u00a1El Oktoberfest volver\u00e1 a Altos de Chav\u00f3n este s\u00e1bado!","author":"Casa de Campo Living","date":"12 Oct, 2020","format":false,"excerpt":"Oktoberfest, el festival de oto\u00f1o alem\u00e1n que celebra las cosas favoritas de todos: comida, cerveza y festejos, regresa a Altos de Chav\u00f3n este fin de semana. Aunque la celebraci\u00f3n oficial del Oktoberfest que se lleva a cabo en Munich, Baviera fue cancelada este a\u00f1o, Casa de Campo celebrar\u00e1 lo que\u2026","rel":"","context":"En \u00abEstilo de Vida\u00bb","block_context":{"text":"Estilo de Vida","link":"https:\/\/casadecampoliving.com\/es\/category\/estilo-de-vida\/"},"img":{"alt_text":"","src":"https:\/\/i0.wp.com\/casadecampoliving.com\/wp-content\/uploads\/2022\/10\/IMG_0056-3.jpg?fit=1000%2C667&ssl=1&resize=350%2C200","width":350,"height":200,"srcset":"https:\/\/i0.wp.com\/casadecampoliving.com\/wp-content\/uploads\/2022\/10\/IMG_0056-3.jpg?fit=1000%2C667&ssl=1&resize=350%2C200 1x, https:\/\/i0.wp.com\/casadecampoliving.com\/wp-content\/uploads\/2022\/10\/IMG_0056-3.jpg?fit=1000%2C667&ssl=1&resize=525%2C300 1.5x, https:\/\/i0.wp.com\/casadecampoliving.com\/wp-content\/uploads\/2022\/10\/IMG_0056-3.jpg?fit=1000%2C667&ssl=1&resize=700%2C400 2x"},"classes":[]},{"id":523006,"url":"https:\/\/casadecampoliving.com\/es\/altos-de-chavon-se-prepara-para-celebrar-oktoberfest-2023\/","url_meta":{"origin":353537,"position":2},"title":"Altos de Chav\u00f3n se prepara para celebrar Oktoberfest 2023","author":"Casa de Campo Living","date":"3 Oct, 2023","format":false,"excerpt":"Mientras el aire fresco del oto\u00f1o puede sentirse a miles de kil\u00f3metros de las encantadoras calles de M\u00fanich, el 14 de octubre, Altos de Chav\u00f3n volver\u00e1 a abrazar el esp\u00edritu de Oktoberfest. Conocido en todo el mundo por su celebraci\u00f3n de la comida, la cerveza y la alegr\u00eda, el festival\u2026","rel":"","context":"En \u00abAltos de Chav\u00f3n\u00bb","block_context":{"text":"Altos de Chav\u00f3n","link":"https:\/\/casadecampoliving.com\/es\/category\/altos-de-chavon-6\/"},"img":{"alt_text":"","src":"https:\/\/i0.wp.com\/casadecampoliving.com\/wp-content\/uploads\/2023\/10\/Oktoberfest2.jpg?fit=1200%2C800&ssl=1&resize=350%2C200","width":350,"height":200,"srcset":"https:\/\/i0.wp.com\/casadecampoliving.com\/wp-content\/uploads\/2023\/10\/Oktoberfest2.jpg?fit=1200%2C800&ssl=1&resize=350%2C200 1x, https:\/\/i0.wp.com\/casadecampoliving.com\/wp-content\/uploads\/2023\/10\/Oktoberfest2.jpg?fit=1200%2C800&ssl=1&resize=525%2C300 1.5x, https:\/\/i0.wp.com\/casadecampoliving.com\/wp-content\/uploads\/2023\/10\/Oktoberfest2.jpg?fit=1200%2C800&ssl=1&resize=700%2C400 2x, https:\/\/i0.wp.com\/casadecampoliving.com\/wp-content\/uploads\/2023\/10\/Oktoberfest2.jpg?fit=1200%2C800&ssl=1&resize=1050%2C600 3x"},"classes":[]},{"id":532303,"url":"https:\/\/casadecampoliving.com\/es\/reserva-la-fecha-oktoberfest-regresa-a-altos-de-chavon-el-5-de-octubre\/","url_meta":{"origin":353537,"position":3},"title":"Reserva la Fecha: Oktoberfest Regresa a Altos de Chav\u00f3n el 5 de Octubre","author":"Casa de Campo Living","date":"26 Jul, 2024","format":false,"excerpt":"Casa de Campo y Altos de Chav\u00f3n volver\u00e1n a celebrar su versi\u00f3n unica del popular festival Oktoberfest el 5 de octubre. Este animado evento, conocido por su comida, cerveza y alegr\u00eda, se llevar\u00e1 a cabo en la plaza principal a partir de las 7 p.m. Los asistentes podr\u00e1n disfrutar de\u2026","rel":"","context":"En \u00abAltos de Chav\u00f3n\u00bb","block_context":{"text":"Altos de Chav\u00f3n","link":"https:\/\/casadecampoliving.com\/es\/category\/altos-de-chavon-6\/"},"img":{"alt_text":"","src":"https:\/\/i0.wp.com\/casadecampoliving.com\/wp-content\/uploads\/2024\/07\/EJ4B9677-scaled.jpg?fit=1200%2C800&ssl=1&resize=350%2C200","width":350,"height":200,"srcset":"https:\/\/i0.wp.com\/casadecampoliving.com\/wp-content\/uploads\/2024\/07\/EJ4B9677-scaled.jpg?fit=1200%2C800&ssl=1&resize=350%2C200 1x, https:\/\/i0.wp.com\/casadecampoliving.com\/wp-content\/uploads\/2024\/07\/EJ4B9677-scaled.jpg?fit=1200%2C800&ssl=1&resize=525%2C300 1.5x, https:\/\/i0.wp.com\/casadecampoliving.com\/wp-content\/uploads\/2024\/07\/EJ4B9677-scaled.jpg?fit=1200%2C800&ssl=1&resize=700%2C400 2x, https:\/\/i0.wp.com\/casadecampoliving.com\/wp-content\/uploads\/2024\/07\/EJ4B9677-scaled.jpg?fit=1200%2C800&ssl=1&resize=1050%2C600 3x"},"classes":[]},{"id":523252,"url":"https:\/\/casadecampoliving.com\/es\/cerveza-musica-y-diversion-en-el-oktoberfest-de-altos-de-chavon\/","url_meta":{"origin":353537,"position":4},"title":"Cerveza, m\u00fasica y diversi\u00f3n en el Oktoberfest de Altos de Chav\u00f3n","author":"Casa de Campo Living","date":"17 Oct, 2023","format":false,"excerpt":"En la noche del s\u00e1bado 14 de octubre, la pintoresca Plaza de Altos de Chav\u00f3n se llen\u00f3 de una animada celebraci\u00f3n, marcando la llegada anual del Oktoberfest, una querida tradici\u00f3n esperada con entusiasmo por los residentes y visitantes de Casa de Campo. Desde las 7:00 p.m. hasta las 12:30 a.m.,\u2026","rel":"","context":"En \u00abAltos de Chav\u00f3n\u00bb","block_context":{"text":"Altos de Chav\u00f3n","link":"https:\/\/casadecampoliving.com\/es\/category\/altos-de-chavon-6\/"},"img":{"alt_text":"","src":"https:\/\/i0.wp.com\/casadecampoliving.com\/wp-content\/uploads\/2023\/10\/13Oktoberfest2023-1.jpg?fit=1200%2C800&ssl=1&resize=350%2C200","width":350,"height":200,"srcset":"https:\/\/i0.wp.com\/casadecampoliving.com\/wp-content\/uploads\/2023\/10\/13Oktoberfest2023-1.jpg?fit=1200%2C800&ssl=1&resize=350%2C200 1x, https:\/\/i0.wp.com\/casadecampoliving.com\/wp-content\/uploads\/2023\/10\/13Oktoberfest2023-1.jpg?fit=1200%2C800&ssl=1&resize=525%2C300 1.5x, https:\/\/i0.wp.com\/casadecampoliving.com\/wp-content\/uploads\/2023\/10\/13Oktoberfest2023-1.jpg?fit=1200%2C800&ssl=1&resize=700%2C400 2x, https:\/\/i0.wp.com\/casadecampoliving.com\/wp-content\/uploads\/2023\/10\/13Oktoberfest2023-1.jpg?fit=1200%2C800&ssl=1&resize=1050%2C600 3x"},"classes":[]},{"id":352078,"url":"https:\/\/casadecampoliving.com\/es\/oktoberfest-llegara-altos-de-chavon\/","url_meta":{"origin":353537,"position":5},"title":"\u00a1Oktoberfest llegar\u00e1 a Altos de Chav\u00f3n el pr\u00f3ximo fin de semana!","author":"Heather Lincoln","date":"12 Oct, 2017","format":false,"excerpt":"Octubre es uno de mis momentos preferidos del a\u00f1o, probablemente debido a que crec\u00ed en EEUU y este tiempo indicaba el inicio del clima m\u00e1s fr\u00edo y las hojas de oto\u00f1o crujiendo bajo tus zapatos. En la Rep\u00fablica Dominicana, octubre, para m\u00ed, es el mes que marca la llegada del\u2026","rel":"","context":"En \u00abAltos de Chavon @es\u00bb","block_context":{"text":"Altos de Chavon @es","link":"https:\/\/casadecampoliving.com\/category\/altos-de-chavon-es\/"},"img":{"alt_text":"Oktoberfest","src":"https:\/\/i0.wp.com\/casadecampoliving.com\/wp-content\/uploads\/2022\/10\/oktoberfest_chavon.jpg?fit=1000%2C490&ssl=1&resize=350%2C200","width":350,"height":200,"srcset":"https:\/\/i0.wp.com\/casadecampoliving.com\/wp-content\/uploads\/2022\/10\/oktoberfest_chavon.jpg?fit=1000%2C490&ssl=1&resize=350%2C200 1x, https:\/\/i0.wp.com\/casadecampoliving.com\/wp-content\/uploads\/2022\/10\/oktoberfest_chavon.jpg?fit=1000%2C490&ssl=1&resize=525%2C300 1.5x, https:\/\/i0.wp.com\/casadecampoliving.com\/wp-content\/uploads\/2022\/10\/oktoberfest_chavon.jpg?fit=1000%2C490&ssl=1&resize=700%2C400 2x"},"classes":[]}],"jetpack_sharing_enabled":true,"_links":{"self":[{"href":"https:\/\/casadecampoliving.com\/es\/wp-json\/wp\/v2\/posts\/353537","targetHints":{"allow":["GET"]}}],"collection":[{"href":"https:\/\/casadecampoliving.com\/es\/wp-json\/wp\/v2\/posts"}],"about":[{"href":"https:\/\/casadecampoliving.com\/es\/wp-json\/wp\/v2\/types\/post"}],"author":[{"embeddable":true,"href":"https:\/\/casadecampoliving.com\/es\/wp-json\/wp\/v2\/users\/36791"}],"replies":[{"embeddable":true,"href":"https:\/\/casadecampoliving.com\/es\/wp-json\/wp\/v2\/comments?post=353537"}],"version-history":[{"count":0,"href":"https:\/\/casadecampoliving.com\/es\/wp-json\/wp\/v2\/posts\/353537\/revisions"}],"wp:featuredmedia":[{"embeddable":true,"href":"https:\/\/casadecampoliving.com\/es\/wp-json\/wp\/v2\/media\/307116"}],"wp:attachment":[{"href":"https:\/\/casadecampoliving.com\/es\/wp-json\/wp\/v2\/media?parent=353537"}],"wp:term":[{"taxonomy":"category","embeddable":true,"href":"https:\/\/casadecampoliving.com\/es\/wp-json\/wp\/v2\/categories?post=353537"},{"taxonomy":"post_tag","embeddable":true,"href":"https:\/\/casadecampoliving.com\/es\/wp-json\/wp\/v2\/tags?post=353537"},{"taxonomy":"newspack_spnsrs_tax","embeddable":true,"href":"https:\/\/casadecampoliving.com\/es\/wp-json\/wp\/v2\/newspack_spnsrs_tax?post=353537"}],"curies":[{"name":"wp","href":"https:\/\/api.w.org\/{rel}","templated":true}]}}