{"id":353513,"date":"2019-08-05T00:00:00","date_gmt":"2019-08-05T04:00:00","guid":{"rendered":"https:\/\/casadecampoliving.com\/el-cafe-de-la-leche-de-este-mes-lo-invita-a-ponerse-su-mejor-atuendo-club-nautico\/"},"modified":"2022-10-21T19:06:40","modified_gmt":"2022-10-21T23:06:40","slug":"el-cafe-de-la-leche-de-este-mes-lo-invita-a-ponerse-su-mejor-atuendo-club-nautico","status":"publish","type":"post","link":"https:\/\/casadecampoliving.com\/es\/el-cafe-de-la-leche-de-este-mes-lo-invita-a-ponerse-su-mejor-atuendo-club-nautico\/","title":{"rendered":"\u00a1El Caf\u00e9 de la Leche de este mes lo invita a ponerse su mejor atuendo para club n\u00e1utico!"},"content":{"rendered":"\n<p>\u00a1Vuelve el Caf\u00e9 de la Leche! El momento en que las damas de Casa de Campo (y a veces los caballeros) se re\u00fanen para pasar una tarde \/ noche de moda y pasar un buen rato al mismo tiempo que apoyan una buena causa. Este viernes 9 de agosto, el Patronato Ben\u00e9fico Oriental (PBO) solicita su asistencia a una edici\u00f3n muy especial de Caf\u00e9 de la Leche. El evento tendr\u00e1 lugar en Los Lagos # 21 y sus anfitrionas, Amalia I. de Hern\u00e1ndez y Mar\u00eda Amalia Hern\u00e1ndez, \u00a1lo invitan a ponerse su mejor atuendo de club n\u00e1utico!<\/p>\n\n\n\n<p>\u00a1Este a\u00f1o se cumplen 18 a\u00f1os desde el comienzo de las reuniones mensuales que comenzaron en 2001! Para aquellos de ustedes que no saben, el Caf\u00e9 de la Leche es esencialmente un evento de recaudaci\u00f3n de fondos, al que todos est\u00e1n invitados a asistir a cambio de una donaci\u00f3n de leche en polvo y f\u00f3rmula para beb\u00e9s. Las contribuciones reunidas en estos eventos representan actualmente el 80% de la leche consumida en la sala de cuna del Hogar del Ni\u00f1o, con su ayuda, el Caf\u00e9 de la Leche espera aumentar este porcentaje para ayudar a muchos m\u00e1s ni\u00f1os necesitados.<\/p>\n\n\n\n<p>Si desea obtener m\u00e1s informaci\u00f3n sobre el Caf\u00e9 de la Leche y la Sala de cunas del Hogar del Ni\u00f1o, echemos un vistazo al siguiente video:<\/p>\n\n\n\n<p class=\"has-text-align-center\"><iframe loading=\"lazy\" src=\"https:\/\/www.youtube.com\/embed\/UNRleVFAGGA\" width=\"800\" height=\"500\" frameborder=\"0\" allowfullscreen=\"allowfullscreen\" data-mce-fragment=\"1\"><\/iframe><\/p>\n\n\n\n<p>Es por eso que amamos las reuniones de Caf\u00e9 de la Leche y por qu\u00e9 no debe perderse los pr\u00f3ximos eventos. \u00a1No solo nos juntamos para compartir, sino que tambi\u00e9n lo hacemos por los beb\u00e9s! Si nunca ha asistido a la reuni\u00f3n mensual, le recomendamos que se unas a nosotros y si es un \u201chabitual\u201d, \u00a1recuerda por qu\u00e9 asiste y no se pierda la pr\u00f3xima! Esperamos verlos a todos all\u00ed para pasar una tarde divertida y, como siempre, los hombres tambi\u00e9n son bienvenidos, \u00a1as\u00ed que no los dejen en casa!<\/p>\n\n\n\n<blockquote><h3>CAF\u00c9 DE LA LECHE AGOSTO 2019<\/h3><figure><img decoding=\"async\" data-attachment-id=\"171389\" data-permalink=\"https:\/\/casadecampoliving.com\/es\/600x400-2\/\" data-orig-file=\"https:\/\/i0.wp.com\/casadecampoliving.com\/wp-content\/uploads\/2019\/08\/600x400.png?fit=600%2C400&amp;ssl=1\" data-orig-size=\"600,400\" data-comments-opened=\"0\" data-image-meta=\"{&quot;aperture&quot;:&quot;0&quot;,&quot;credit&quot;:&quot;&quot;,&quot;camera&quot;:&quot;&quot;,&quot;caption&quot;:&quot;&quot;,&quot;created_timestamp&quot;:&quot;0&quot;,&quot;copyright&quot;:&quot;&quot;,&quot;focal_length&quot;:&quot;0&quot;,&quot;iso&quot;:&quot;0&quot;,&quot;shutter_speed&quot;:&quot;0&quot;,&quot;title&quot;:&quot;&quot;,&quot;orientation&quot;:&quot;0&quot;}\" data-image-title=\"600&amp;#215;400\" data-image-description=\"\" data-image-caption=\"\" data-large-file=\"https:\/\/i0.wp.com\/casadecampoliving.com\/wp-content\/uploads\/2019\/08\/600x400.png?fit=600%2C400&amp;ssl=1\" loading=\"lazy\" class=\"aligncenter wp-image-171389 size-full\" src=\"https:\/\/i0.wp.com\/casadecampoliving.com\/wp-content\/uploads\/2022\/10\/600x400.png?resize=600%2C400&amp;ssl=1\" alt=\"\" width=\"600\" height=\"400\"><\/figure><p><strong>Cu\u00e1ndo:<\/strong> ESTE viernes 9 de agosto<\/p><p><strong>Hora<\/strong>: 5:00 \u2013 7:00 p.m.<\/p><p><strong>Donde<\/strong>: Los Lagos # 21, Casa de Campo<\/p><p><strong>Contribuci\u00f3n<\/strong>: Milex Kinder, Gold, NAN, Enfamil, Alacta Plus, Nido Crecimiento de 1,800 gramos, o RD 1,200<\/p><\/blockquote>\n\n\n\n<blockquote><h4>HOGAR DEL NI\u00d1O<\/h4><figure><img decoding=\"async\" loading=\"lazy\" class=\"alignright size-full wp-image-118912\" src=\"https:\/\/i0.wp.com\/casadecampoliving.com\/wp-content\/uploads\/2022\/10\/hogar_del_nino-29.jpg?resize=200%2C105&amp;ssl=1\" alt=\"hogar_del_nino\" width=\"200\" height=\"105\"><\/figure><p>El Hogar del Ni\u00f1o es un centro educacional y de cuidado para m\u00e1s de 1,500 ni\u00f1os, ubicado en el pueblo de La Romana, justo a las afueras de Casa de Campo. Ni\u00f1os que van desde los pocas semanas de nacidos hasta los 18 a\u00f1os de edad, son cuidados y educados a diario desde las 5:30am las 7pm.<\/p><p>La organizaci\u00f3n tambi\u00e9n provee educaci\u00f3n especial para ni\u00f1os especiales que padecen de ceguera o con limitaciones auditivas, al igual que una escuela vocacional en la que m\u00e1s de 235 estudiantes reciben educaci\u00f3n en las distintas \u00e1reas como: costura, preparaci\u00f3n industrial, mantenimiento e instalaci\u00f3n el\u00e9ctrica; manejo de programas de c\u00f3mputos.<\/p><p><strong>Comun\u00edquese con el Hogar del Ni\u00f1o al:<br>\nTel:&nbsp;<\/strong>(809) 523-8901<strong>&nbsp;<\/strong>o al (809) 556-3181<strong><br>\nEmail:&nbsp;<\/strong><a href=\"mailto:info@pbo.org.do\" target=\"_blank\" rel=\"noopener noreferrer\">info@pbo.org.do<\/a><strong><br>\nSitio Web:&nbsp;<\/strong><a href=\"http:\/\/pbo.org.do\/site\/es\/\" target=\"_blank\" rel=\"noopener noreferrer\">pbo.org.do<\/a><\/p><\/blockquote>\n","protected":false},"excerpt":{"rendered":"<p>\u00a1Vuelve el Caf\u00e9 de la Leche! El momento en que las damas de Casa de Campo (y a veces los caballeros) se re\u00fanen para pasar una tarde \/ noche de moda y pasar un buen rato al mismo tiempo que apoyan una buena causa. Este viernes 9 de agosto, el Patronato Ben\u00e9fico Oriental (PBO) solicita [&hellip;]<\/p>\n","protected":false},"author":36791,"featured_media":306230,"comment_status":"closed","ping_status":"open","sticky":false,"template":"","format":"standard","meta":{"newspack_ads_suppress_ads":false,"newspack_popups_has_disabled_popups":false,"newspack_sponsor_sponsorship_scope":"","newspack_sponsor_native_byline_display":"inherit","newspack_sponsor_native_category_display":"inherit","newspack_sponsor_underwriter_style":"inherit","newspack_sponsor_underwriter_placement":"inherit","_newspack_byline_active":false,"_newspack_byline":"","newspack_hide_updated_date":false,"newspack_show_updated_date":false,"newspack_content_restriction_is_exempt":false,"newspack_featured_image_position":"","newspack_post_subtitle":"","newspack_article_summary_title":"Overview:","newspack_article_summary":"","_jetpack_memberships_contains_paid_content":false,"footnotes":"","jetpack_publicize_message":"","jetpack_publicize_feature_enabled":true,"jetpack_social_post_already_shared":false,"jetpack_social_options":{"image_generator_settings":{"template":"highway","default_image_id":0,"font":"","enabled":false},"version":2},"_wpas_customize_per_network":false},"categories":[14631,2522,2514,2516,14625,2521,19622],"tags":[5744,14736,23758,3177],"newspack_spnsrs_tax":[],"class_list":["post-353513","post","type-post","status-publish","format-standard","has-post-thumbnail","hentry","category-estilo-de-vida","category-eventos-es","category-fundaciones-es","category-hogar-del-nino-es","category-noticias-locales","category-republica-dominicana-2","category-video-es-2","tag-cafe-de-la-leche-es","tag-featured-topview-es","tag-milk-es-2","tag-pbo","entry"],"yoast_head":"<!-- This site is optimized with the Yoast SEO plugin v27.5 - https:\/\/yoast.com\/product\/yoast-seo-wordpress\/ -->\n<title>\u00a1El Caf\u00e9 de la Leche de este mes lo invita a ponerse su mejor atuendo para club n\u00e1utico! | Casa de Campo Living<\/title>\n<meta name=\"description\" content=\"\u00a1Vuelve el Caf\u00e9 de la Leche! El momento en que las damas de Casa de Campo (y a veces los caballeros) se re\u00fanen para pasar una tarde \/ noche de moda y\" \/>\n<meta name=\"robots\" content=\"index, follow, max-snippet:-1, max-image-preview:large, max-video-preview:-1\" \/>\n<link rel=\"canonical\" href=\"https:\/\/casadecampoliving.com\/es\/el-cafe-de-la-leche-de-este-mes-lo-invita-a-ponerse-su-mejor-atuendo-club-nautico\/\" \/>\n<meta property=\"og:locale\" content=\"es_ES\" \/>\n<meta property=\"og:type\" content=\"article\" \/>\n<meta property=\"og:title\" content=\"\u00a1El Caf\u00e9 de la Leche de este mes lo invita a ponerse su mejor atuendo para club n\u00e1utico! | Casa de Campo Living\" \/>\n<meta property=\"og:description\" content=\"\u00a1Vuelve el Caf\u00e9 de la Leche! El momento en que las damas de Casa de Campo (y a veces los caballeros) se re\u00fanen para pasar una tarde \/ noche de moda y\" \/>\n<meta property=\"og:url\" content=\"https:\/\/casadecampoliving.com\/es\/el-cafe-de-la-leche-de-este-mes-lo-invita-a-ponerse-su-mejor-atuendo-club-nautico\/\" \/>\n<meta property=\"og:site_name\" content=\"Casa de Campo Living\" \/>\n<meta property=\"article:publisher\" content=\"https:\/\/www.facebook.com\/casadecampoliving\" \/>\n<meta property=\"article:published_time\" content=\"2019-08-05T04:00:00+00:00\" \/>\n<meta property=\"article:modified_time\" content=\"2022-10-21T23:06:40+00:00\" \/>\n<meta property=\"og:image\" content=\"https:\/\/i0.wp.com\/casadecampoliving.com\/wp-content\/uploads\/2022\/10\/IMG_9945.jpg?fit=1000%2C601&ssl=1\" \/>\n\t<meta property=\"og:image:width\" content=\"1000\" \/>\n\t<meta property=\"og:image:height\" content=\"601\" \/>\n\t<meta property=\"og:image:type\" content=\"image\/jpeg\" \/>\n<meta name=\"author\" content=\"Casa de Campo Living\" \/>\n<meta name=\"twitter:card\" content=\"summary_large_image\" \/>\n<meta name=\"twitter:creator\" content=\"@cdcliving\" \/>\n<meta name=\"twitter:site\" content=\"@cdcliving\" \/>\n<meta name=\"twitter:label1\" content=\"Escrito por\" \/>\n\t<meta name=\"twitter:data1\" content=\"Casa de Campo Living\" \/>\n\t<meta name=\"twitter:label2\" content=\"Tiempo de lectura\" \/>\n\t<meta name=\"twitter:data2\" content=\"3 minutos\" \/>\n<script type=\"application\/ld+json\" class=\"yoast-schema-graph\">{\"@context\":\"https:\\\/\\\/schema.org\",\"@graph\":[{\"@type\":\"Article\",\"@id\":\"https:\\\/\\\/casadecampoliving.com\\\/es\\\/el-cafe-de-la-leche-de-este-mes-lo-invita-a-ponerse-su-mejor-atuendo-club-nautico\\\/#article\",\"isPartOf\":{\"@id\":\"https:\\\/\\\/casadecampoliving.com\\\/es\\\/el-cafe-de-la-leche-de-este-mes-lo-invita-a-ponerse-su-mejor-atuendo-club-nautico\\\/\"},\"author\":{\"name\":\"Casa de Campo Living\",\"@id\":\"https:\\\/\\\/casadecampoliving.com\\\/es\\\/#\\\/schema\\\/person\\\/5d2171637a9d11e0e43ce6b8555f9422\"},\"headline\":\"\u00a1El Caf\u00e9 de la Leche de este mes lo invita a ponerse su mejor atuendo para club n\u00e1utico!\",\"datePublished\":\"2019-08-05T04:00:00+00:00\",\"dateModified\":\"2022-10-21T23:06:40+00:00\",\"mainEntityOfPage\":{\"@id\":\"https:\\\/\\\/casadecampoliving.com\\\/es\\\/el-cafe-de-la-leche-de-este-mes-lo-invita-a-ponerse-su-mejor-atuendo-club-nautico\\\/\"},\"wordCount\":535,\"publisher\":{\"@id\":\"https:\\\/\\\/casadecampoliving.com\\\/es\\\/#organization\"},\"image\":{\"@id\":\"https:\\\/\\\/casadecampoliving.com\\\/es\\\/el-cafe-de-la-leche-de-este-mes-lo-invita-a-ponerse-su-mejor-atuendo-club-nautico\\\/#primaryimage\"},\"thumbnailUrl\":\"https:\\\/\\\/i0.wp.com\\\/casadecampoliving.com\\\/wp-content\\\/uploads\\\/2022\\\/10\\\/IMG_9945.jpg?fit=1000%2C601&ssl=1\",\"keywords\":[\"cafe de la leche @es\",\"Featured-TopView @es\",\"Milk\",\"pbo\"],\"articleSection\":[\"Estilo de Vida\",\"Eventos\",\"Fundaciones\",\"Hogar del Ni\u00f1o @es\",\"Noticias Locales\",\"Rep\u00fablica Dominicana @es\",\"Video\"],\"inLanguage\":\"es\"},{\"@type\":\"WebPage\",\"@id\":\"https:\\\/\\\/casadecampoliving.com\\\/es\\\/el-cafe-de-la-leche-de-este-mes-lo-invita-a-ponerse-su-mejor-atuendo-club-nautico\\\/\",\"url\":\"https:\\\/\\\/casadecampoliving.com\\\/es\\\/el-cafe-de-la-leche-de-este-mes-lo-invita-a-ponerse-su-mejor-atuendo-club-nautico\\\/\",\"name\":\"\u00a1El Caf\u00e9 de la Leche de este mes lo invita a ponerse su mejor atuendo para club n\u00e1utico! | Casa de Campo Living\",\"isPartOf\":{\"@id\":\"https:\\\/\\\/casadecampoliving.com\\\/es\\\/#website\"},\"primaryImageOfPage\":{\"@id\":\"https:\\\/\\\/casadecampoliving.com\\\/es\\\/el-cafe-de-la-leche-de-este-mes-lo-invita-a-ponerse-su-mejor-atuendo-club-nautico\\\/#primaryimage\"},\"image\":{\"@id\":\"https:\\\/\\\/casadecampoliving.com\\\/es\\\/el-cafe-de-la-leche-de-este-mes-lo-invita-a-ponerse-su-mejor-atuendo-club-nautico\\\/#primaryimage\"},\"thumbnailUrl\":\"https:\\\/\\\/i0.wp.com\\\/casadecampoliving.com\\\/wp-content\\\/uploads\\\/2022\\\/10\\\/IMG_9945.jpg?fit=1000%2C601&ssl=1\",\"datePublished\":\"2019-08-05T04:00:00+00:00\",\"dateModified\":\"2022-10-21T23:06:40+00:00\",\"description\":\"\u00a1Vuelve el Caf\u00e9 de la Leche! El momento en que las damas de Casa de Campo (y a veces los caballeros) se re\u00fanen para pasar una tarde \\\/ noche de moda y\",\"breadcrumb\":{\"@id\":\"https:\\\/\\\/casadecampoliving.com\\\/es\\\/el-cafe-de-la-leche-de-este-mes-lo-invita-a-ponerse-su-mejor-atuendo-club-nautico\\\/#breadcrumb\"},\"inLanguage\":\"es\",\"potentialAction\":[{\"@type\":\"ReadAction\",\"target\":[\"https:\\\/\\\/casadecampoliving.com\\\/es\\\/el-cafe-de-la-leche-de-este-mes-lo-invita-a-ponerse-su-mejor-atuendo-club-nautico\\\/\"]}]},{\"@type\":\"ImageObject\",\"inLanguage\":\"es\",\"@id\":\"https:\\\/\\\/casadecampoliving.com\\\/es\\\/el-cafe-de-la-leche-de-este-mes-lo-invita-a-ponerse-su-mejor-atuendo-club-nautico\\\/#primaryimage\",\"url\":\"https:\\\/\\\/i0.wp.com\\\/casadecampoliving.com\\\/wp-content\\\/uploads\\\/2022\\\/10\\\/IMG_9945.jpg?fit=1000%2C601&ssl=1\",\"contentUrl\":\"https:\\\/\\\/i0.wp.com\\\/casadecampoliving.com\\\/wp-content\\\/uploads\\\/2022\\\/10\\\/IMG_9945.jpg?fit=1000%2C601&ssl=1\",\"width\":1000,\"height\":601},{\"@type\":\"BreadcrumbList\",\"@id\":\"https:\\\/\\\/casadecampoliving.com\\\/es\\\/el-cafe-de-la-leche-de-este-mes-lo-invita-a-ponerse-su-mejor-atuendo-club-nautico\\\/#breadcrumb\",\"itemListElement\":[{\"@type\":\"ListItem\",\"position\":1,\"name\":\"Home\",\"item\":\"https:\\\/\\\/casadecampoliving.com\\\/es\\\/\"},{\"@type\":\"ListItem\",\"position\":2,\"name\":\"\u00a1El Caf\u00e9 de la Leche de este mes lo invita a ponerse su mejor atuendo para club n\u00e1utico!\"}]},{\"@type\":\"WebSite\",\"@id\":\"https:\\\/\\\/casadecampoliving.com\\\/es\\\/#website\",\"url\":\"https:\\\/\\\/casadecampoliving.com\\\/es\\\/\",\"name\":\"Casa de Campo Living\",\"description\":\"Resort community news and resources.\",\"publisher\":{\"@id\":\"https:\\\/\\\/casadecampoliving.com\\\/es\\\/#organization\"},\"potentialAction\":[{\"@type\":\"SearchAction\",\"target\":{\"@type\":\"EntryPoint\",\"urlTemplate\":\"https:\\\/\\\/casadecampoliving.com\\\/es\\\/?s={search_term_string}\"},\"query-input\":{\"@type\":\"PropertyValueSpecification\",\"valueRequired\":true,\"valueName\":\"search_term_string\"}}],\"inLanguage\":\"es\"},{\"@type\":\"Organization\",\"@id\":\"https:\\\/\\\/casadecampoliving.com\\\/es\\\/#organization\",\"name\":\"Casa de Campo Living\",\"url\":\"https:\\\/\\\/casadecampoliving.com\\\/es\\\/\",\"logo\":{\"@type\":\"ImageObject\",\"inLanguage\":\"es\",\"@id\":\"https:\\\/\\\/casadecampoliving.com\\\/es\\\/#\\\/schema\\\/logo\\\/image\\\/\",\"url\":\"https:\\\/\\\/i0.wp.com\\\/casadecampoliving.com\\\/wp-content\\\/uploads\\\/2022\\\/07\\\/CDCLivingLogo_V1-white-sized.png?fit=800%2C214&ssl=1\",\"contentUrl\":\"https:\\\/\\\/i0.wp.com\\\/casadecampoliving.com\\\/wp-content\\\/uploads\\\/2022\\\/07\\\/CDCLivingLogo_V1-white-sized.png?fit=800%2C214&ssl=1\",\"width\":800,\"height\":214,\"caption\":\"Casa de Campo Living\"},\"image\":{\"@id\":\"https:\\\/\\\/casadecampoliving.com\\\/es\\\/#\\\/schema\\\/logo\\\/image\\\/\"},\"sameAs\":[\"https:\\\/\\\/www.facebook.com\\\/casadecampoliving\",\"https:\\\/\\\/x.com\\\/cdcliving\"]},{\"@type\":\"Person\",\"@id\":\"https:\\\/\\\/casadecampoliving.com\\\/es\\\/#\\\/schema\\\/person\\\/5d2171637a9d11e0e43ce6b8555f9422\",\"name\":\"Casa de Campo Living\",\"image\":{\"@type\":\"ImageObject\",\"inLanguage\":\"es\",\"@id\":\"https:\\\/\\\/secure.gravatar.com\\\/avatar\\\/d04101fa4a9fd431e939953b1500fdc7a73cd35029f86d98712fd8ccdaebaf9a?s=96&d=mm&r=g\",\"url\":\"https:\\\/\\\/secure.gravatar.com\\\/avatar\\\/d04101fa4a9fd431e939953b1500fdc7a73cd35029f86d98712fd8ccdaebaf9a?s=96&d=mm&r=g\",\"contentUrl\":\"https:\\\/\\\/secure.gravatar.com\\\/avatar\\\/d04101fa4a9fd431e939953b1500fdc7a73cd35029f86d98712fd8ccdaebaf9a?s=96&d=mm&r=g\",\"caption\":\"Casa de Campo Living\"},\"url\":\"https:\\\/\\\/casadecampoliving.com\\\/es\\\/author\\\/casa-de-campo-living\\\/\"}]}<\/script>\n<!-- \/ Yoast SEO plugin. -->","yoast_head_json":{"title":"\u00a1El Caf\u00e9 de la Leche de este mes lo invita a ponerse su mejor atuendo para club n\u00e1utico! | Casa de Campo Living","description":"\u00a1Vuelve el Caf\u00e9 de la Leche! El momento en que las damas de Casa de Campo (y a veces los caballeros) se re\u00fanen para pasar una tarde \/ noche de moda y","robots":{"index":"index","follow":"follow","max-snippet":"max-snippet:-1","max-image-preview":"max-image-preview:large","max-video-preview":"max-video-preview:-1"},"canonical":"https:\/\/casadecampoliving.com\/es\/el-cafe-de-la-leche-de-este-mes-lo-invita-a-ponerse-su-mejor-atuendo-club-nautico\/","og_locale":"es_ES","og_type":"article","og_title":"\u00a1El Caf\u00e9 de la Leche de este mes lo invita a ponerse su mejor atuendo para club n\u00e1utico! | Casa de Campo Living","og_description":"\u00a1Vuelve el Caf\u00e9 de la Leche! El momento en que las damas de Casa de Campo (y a veces los caballeros) se re\u00fanen para pasar una tarde \/ noche de moda y","og_url":"https:\/\/casadecampoliving.com\/es\/el-cafe-de-la-leche-de-este-mes-lo-invita-a-ponerse-su-mejor-atuendo-club-nautico\/","og_site_name":"Casa de Campo Living","article_publisher":"https:\/\/www.facebook.com\/casadecampoliving","article_published_time":"2019-08-05T04:00:00+00:00","article_modified_time":"2022-10-21T23:06:40+00:00","og_image":[{"width":1000,"height":601,"url":"https:\/\/i0.wp.com\/casadecampoliving.com\/wp-content\/uploads\/2022\/10\/IMG_9945.jpg?fit=1000%2C601&ssl=1","type":"image\/jpeg"}],"author":"Casa de Campo Living","twitter_card":"summary_large_image","twitter_creator":"@cdcliving","twitter_site":"@cdcliving","twitter_misc":{"Escrito por":"Casa de Campo Living","Tiempo de lectura":"3 minutos"},"schema":{"@context":"https:\/\/schema.org","@graph":[{"@type":"Article","@id":"https:\/\/casadecampoliving.com\/es\/el-cafe-de-la-leche-de-este-mes-lo-invita-a-ponerse-su-mejor-atuendo-club-nautico\/#article","isPartOf":{"@id":"https:\/\/casadecampoliving.com\/es\/el-cafe-de-la-leche-de-este-mes-lo-invita-a-ponerse-su-mejor-atuendo-club-nautico\/"},"author":{"name":"Casa de Campo Living","@id":"https:\/\/casadecampoliving.com\/es\/#\/schema\/person\/5d2171637a9d11e0e43ce6b8555f9422"},"headline":"\u00a1El Caf\u00e9 de la Leche de este mes lo invita a ponerse su mejor atuendo para club n\u00e1utico!","datePublished":"2019-08-05T04:00:00+00:00","dateModified":"2022-10-21T23:06:40+00:00","mainEntityOfPage":{"@id":"https:\/\/casadecampoliving.com\/es\/el-cafe-de-la-leche-de-este-mes-lo-invita-a-ponerse-su-mejor-atuendo-club-nautico\/"},"wordCount":535,"publisher":{"@id":"https:\/\/casadecampoliving.com\/es\/#organization"},"image":{"@id":"https:\/\/casadecampoliving.com\/es\/el-cafe-de-la-leche-de-este-mes-lo-invita-a-ponerse-su-mejor-atuendo-club-nautico\/#primaryimage"},"thumbnailUrl":"https:\/\/i0.wp.com\/casadecampoliving.com\/wp-content\/uploads\/2022\/10\/IMG_9945.jpg?fit=1000%2C601&ssl=1","keywords":["cafe de la leche @es","Featured-TopView @es","Milk","pbo"],"articleSection":["Estilo de Vida","Eventos","Fundaciones","Hogar del Ni\u00f1o @es","Noticias Locales","Rep\u00fablica Dominicana @es","Video"],"inLanguage":"es"},{"@type":"WebPage","@id":"https:\/\/casadecampoliving.com\/es\/el-cafe-de-la-leche-de-este-mes-lo-invita-a-ponerse-su-mejor-atuendo-club-nautico\/","url":"https:\/\/casadecampoliving.com\/es\/el-cafe-de-la-leche-de-este-mes-lo-invita-a-ponerse-su-mejor-atuendo-club-nautico\/","name":"\u00a1El Caf\u00e9 de la Leche de este mes lo invita a ponerse su mejor atuendo para club n\u00e1utico! | Casa de Campo Living","isPartOf":{"@id":"https:\/\/casadecampoliving.com\/es\/#website"},"primaryImageOfPage":{"@id":"https:\/\/casadecampoliving.com\/es\/el-cafe-de-la-leche-de-este-mes-lo-invita-a-ponerse-su-mejor-atuendo-club-nautico\/#primaryimage"},"image":{"@id":"https:\/\/casadecampoliving.com\/es\/el-cafe-de-la-leche-de-este-mes-lo-invita-a-ponerse-su-mejor-atuendo-club-nautico\/#primaryimage"},"thumbnailUrl":"https:\/\/i0.wp.com\/casadecampoliving.com\/wp-content\/uploads\/2022\/10\/IMG_9945.jpg?fit=1000%2C601&ssl=1","datePublished":"2019-08-05T04:00:00+00:00","dateModified":"2022-10-21T23:06:40+00:00","description":"\u00a1Vuelve el Caf\u00e9 de la Leche! El momento en que las damas de Casa de Campo (y a veces los caballeros) se re\u00fanen para pasar una tarde \/ noche de moda y","breadcrumb":{"@id":"https:\/\/casadecampoliving.com\/es\/el-cafe-de-la-leche-de-este-mes-lo-invita-a-ponerse-su-mejor-atuendo-club-nautico\/#breadcrumb"},"inLanguage":"es","potentialAction":[{"@type":"ReadAction","target":["https:\/\/casadecampoliving.com\/es\/el-cafe-de-la-leche-de-este-mes-lo-invita-a-ponerse-su-mejor-atuendo-club-nautico\/"]}]},{"@type":"ImageObject","inLanguage":"es","@id":"https:\/\/casadecampoliving.com\/es\/el-cafe-de-la-leche-de-este-mes-lo-invita-a-ponerse-su-mejor-atuendo-club-nautico\/#primaryimage","url":"https:\/\/i0.wp.com\/casadecampoliving.com\/wp-content\/uploads\/2022\/10\/IMG_9945.jpg?fit=1000%2C601&ssl=1","contentUrl":"https:\/\/i0.wp.com\/casadecampoliving.com\/wp-content\/uploads\/2022\/10\/IMG_9945.jpg?fit=1000%2C601&ssl=1","width":1000,"height":601},{"@type":"BreadcrumbList","@id":"https:\/\/casadecampoliving.com\/es\/el-cafe-de-la-leche-de-este-mes-lo-invita-a-ponerse-su-mejor-atuendo-club-nautico\/#breadcrumb","itemListElement":[{"@type":"ListItem","position":1,"name":"Home","item":"https:\/\/casadecampoliving.com\/es\/"},{"@type":"ListItem","position":2,"name":"\u00a1El Caf\u00e9 de la Leche de este mes lo invita a ponerse su mejor atuendo para club n\u00e1utico!"}]},{"@type":"WebSite","@id":"https:\/\/casadecampoliving.com\/es\/#website","url":"https:\/\/casadecampoliving.com\/es\/","name":"Casa de Campo Living","description":"Resort community news and resources.","publisher":{"@id":"https:\/\/casadecampoliving.com\/es\/#organization"},"potentialAction":[{"@type":"SearchAction","target":{"@type":"EntryPoint","urlTemplate":"https:\/\/casadecampoliving.com\/es\/?s={search_term_string}"},"query-input":{"@type":"PropertyValueSpecification","valueRequired":true,"valueName":"search_term_string"}}],"inLanguage":"es"},{"@type":"Organization","@id":"https:\/\/casadecampoliving.com\/es\/#organization","name":"Casa de Campo Living","url":"https:\/\/casadecampoliving.com\/es\/","logo":{"@type":"ImageObject","inLanguage":"es","@id":"https:\/\/casadecampoliving.com\/es\/#\/schema\/logo\/image\/","url":"https:\/\/i0.wp.com\/casadecampoliving.com\/wp-content\/uploads\/2022\/07\/CDCLivingLogo_V1-white-sized.png?fit=800%2C214&ssl=1","contentUrl":"https:\/\/i0.wp.com\/casadecampoliving.com\/wp-content\/uploads\/2022\/07\/CDCLivingLogo_V1-white-sized.png?fit=800%2C214&ssl=1","width":800,"height":214,"caption":"Casa de Campo Living"},"image":{"@id":"https:\/\/casadecampoliving.com\/es\/#\/schema\/logo\/image\/"},"sameAs":["https:\/\/www.facebook.com\/casadecampoliving","https:\/\/x.com\/cdcliving"]},{"@type":"Person","@id":"https:\/\/casadecampoliving.com\/es\/#\/schema\/person\/5d2171637a9d11e0e43ce6b8555f9422","name":"Casa de Campo Living","image":{"@type":"ImageObject","inLanguage":"es","@id":"https:\/\/secure.gravatar.com\/avatar\/d04101fa4a9fd431e939953b1500fdc7a73cd35029f86d98712fd8ccdaebaf9a?s=96&d=mm&r=g","url":"https:\/\/secure.gravatar.com\/avatar\/d04101fa4a9fd431e939953b1500fdc7a73cd35029f86d98712fd8ccdaebaf9a?s=96&d=mm&r=g","contentUrl":"https:\/\/secure.gravatar.com\/avatar\/d04101fa4a9fd431e939953b1500fdc7a73cd35029f86d98712fd8ccdaebaf9a?s=96&d=mm&r=g","caption":"Casa de Campo Living"},"url":"https:\/\/casadecampoliving.com\/es\/author\/casa-de-campo-living\/"}]}},"parsely":{"version":"1.1.0","canonical_url":"https:\/\/casadecampoliving.com\/es\/el-cafe-de-la-leche-de-este-mes-lo-invita-a-ponerse-su-mejor-atuendo-club-nautico\/","smart_links":{"inbound":0,"outbound":0},"traffic_boost_suggestions_count":0,"meta":{"@context":"https:\/\/schema.org","@type":"NewsArticle","headline":"\u00a1El Caf\u00e9 de la Leche de este mes lo invita a ponerse su mejor atuendo para club n\u00e1utico!","url":"http:\/\/casadecampoliving.com\/es\/el-cafe-de-la-leche-de-este-mes-lo-invita-a-ponerse-su-mejor-atuendo-club-nautico\/","mainEntityOfPage":{"@type":"WebPage","@id":"http:\/\/casadecampoliving.com\/es\/el-cafe-de-la-leche-de-este-mes-lo-invita-a-ponerse-su-mejor-atuendo-club-nautico\/"},"thumbnailUrl":"https:\/\/i0.wp.com\/casadecampoliving.com\/wp-content\/uploads\/2022\/10\/IMG_9945.jpg?resize=150%2C150&ssl=1","image":{"@type":"ImageObject","url":"https:\/\/i0.wp.com\/casadecampoliving.com\/wp-content\/uploads\/2022\/10\/IMG_9945.jpg?fit=1000%2C601&ssl=1"},"articleSection":"Estilo de Vida","author":[{"@type":"Person","name":"Casa de Campo Living"}],"creator":["Casa de Campo Living"],"publisher":{"@type":"Organization","name":"Casa de Campo Living","logo":"https:\/\/casadecampoliving.com\/wp-content\/uploads\/2022\/07\/CDCLivingLogo_V1-white-sized.png"},"keywords":["cafe de la leche @es","featured-topview @es","milk","pbo"],"dateCreated":"2019-08-05T04:00:00Z","datePublished":"2019-08-05T04:00:00Z","dateModified":"2022-10-21T23:06:40Z"},"rendered":"<script type=\"application\/ld+json\" class=\"wp-parsely-metadata\">{\"@context\":\"https:\\\/\\\/schema.org\",\"@type\":\"NewsArticle\",\"headline\":\"\\u00a1El Caf\\u00e9 de la Leche de este mes lo invita a ponerse su mejor atuendo para club n\\u00e1utico!\",\"url\":\"http:\\\/\\\/casadecampoliving.com\\\/es\\\/el-cafe-de-la-leche-de-este-mes-lo-invita-a-ponerse-su-mejor-atuendo-club-nautico\\\/\",\"mainEntityOfPage\":{\"@type\":\"WebPage\",\"@id\":\"http:\\\/\\\/casadecampoliving.com\\\/es\\\/el-cafe-de-la-leche-de-este-mes-lo-invita-a-ponerse-su-mejor-atuendo-club-nautico\\\/\"},\"thumbnailUrl\":\"https:\\\/\\\/i0.wp.com\\\/casadecampoliving.com\\\/wp-content\\\/uploads\\\/2022\\\/10\\\/IMG_9945.jpg?resize=150%2C150&ssl=1\",\"image\":{\"@type\":\"ImageObject\",\"url\":\"https:\\\/\\\/i0.wp.com\\\/casadecampoliving.com\\\/wp-content\\\/uploads\\\/2022\\\/10\\\/IMG_9945.jpg?fit=1000%2C601&ssl=1\"},\"articleSection\":\"Estilo de Vida\",\"author\":[{\"@type\":\"Person\",\"name\":\"Casa de Campo Living\"}],\"creator\":[\"Casa de Campo Living\"],\"publisher\":{\"@type\":\"Organization\",\"name\":\"Casa de Campo Living\",\"logo\":\"https:\\\/\\\/casadecampoliving.com\\\/wp-content\\\/uploads\\\/2022\\\/07\\\/CDCLivingLogo_V1-white-sized.png\"},\"keywords\":[\"cafe de la leche @es\",\"featured-topview @es\",\"milk\",\"pbo\"],\"dateCreated\":\"2019-08-05T04:00:00Z\",\"datePublished\":\"2019-08-05T04:00:00Z\",\"dateModified\":\"2022-10-21T23:06:40Z\"}<\/script>","tracker_url":"https:\/\/cdn.parsely.com\/keys\/casadecampoliving.com\/p.js"},"jetpack_publicize_connections":[],"jetpack_featured_media_url":"https:\/\/i0.wp.com\/casadecampoliving.com\/wp-content\/uploads\/2022\/10\/IMG_9945.jpg?fit=1000%2C601&ssl=1","jetpack-related-posts":[{"id":353525,"url":"https:\/\/casadecampoliving.com\/es\/dandole-la-bienvenida-al-domingo-del-verano-en-el-cafe-de-la-leche-de-este-mes\/","url_meta":{"origin":353513,"position":0},"title":"D\u00e1ndole la bienvenida al \u00abDomingo del Verano\u00bb en el Caf\u00e9 de la Leche de este mes","author":"Casa de Campo Living","date":"19 Ago, 2019","format":false,"excerpt":"El viernes 9 de agosto, Amalia I. de Hern\u00e1ndez y Mar\u00eda Amalia Hern\u00e1ndez organizaron el \u00faltimo Caf\u00e9 de la Leche del verano. Como siempre, fue un maravilloso evento de caridad reunirse con las encantadoras, elegantes y apasionadas damas de Casa de Campo. Siempre es bueno ver caras familiares e igual\u2026","rel":"","context":"En \u00abCasa de Campo Living @es\u00bb","block_context":{"text":"Casa de Campo Living @es","link":"https:\/\/casadecampoliving.com\/category\/casa-de-campo-living-es\/"},"img":{"alt_text":"","src":"https:\/\/i0.wp.com\/casadecampoliving.com\/wp-content\/uploads\/2022\/10\/IMG_2781.jpg?fit=1200%2C800&ssl=1&resize=350%2C200","width":350,"height":200,"srcset":"https:\/\/i0.wp.com\/casadecampoliving.com\/wp-content\/uploads\/2022\/10\/IMG_2781.jpg?fit=1200%2C800&ssl=1&resize=350%2C200 1x, https:\/\/i0.wp.com\/casadecampoliving.com\/wp-content\/uploads\/2022\/10\/IMG_2781.jpg?fit=1200%2C800&ssl=1&resize=525%2C300 1.5x, https:\/\/i0.wp.com\/casadecampoliving.com\/wp-content\/uploads\/2022\/10\/IMG_2781.jpg?fit=1200%2C800&ssl=1&resize=700%2C400 2x, https:\/\/i0.wp.com\/casadecampoliving.com\/wp-content\/uploads\/2022\/10\/IMG_2781.jpg?fit=1200%2C800&ssl=1&resize=1050%2C600 3x"},"classes":[]},{"id":433460,"url":"https:\/\/casadecampoliving.com\/es\/no-se-pierdan-el-increible-tributo-a-frank-sinatra-para-celebrar-el-40-aniversario-del-anfiteatro-altos-de-chavon\/","url_meta":{"origin":353513,"position":1},"title":"No se pierdan el incre\u00edble tributo a Frank Sinatra para celebrar el 40 aniversario del\u00a0Anfiteatro Altos de Chav\u00f3n","author":"Casa de Campo Living","date":"20 Oct, 2022","format":false,"excerpt":"Siendo uno de los escenarios m\u00e1s emblem\u00e1ticos del pa\u00eds, Casa de Campo Resort\u00ae & Villas celebra las cuatro d\u00e9cadas de aniversario de Altos de Chav\u00f3n con un tributo al gran Frank Sinatra, protagonizado por artistas invitados y una big band tal cual la que acompa\u00f1\u00f3 al artista hace 40 a\u00f1os\u2026","rel":"","context":"En \u00abUncategorized @es\u00bb","block_context":{"text":"Uncategorized @es","link":"https:\/\/casadecampoliving.com\/es\/category\/uncategorized-es\/"},"img":{"alt_text":"","src":"https:\/\/i0.wp.com\/casadecampoliving.com\/wp-content\/uploads\/2022\/10\/Tributo-Frank-Sinatra-Foto-Principal-Amaury-Sanchez-Danilo-Ginebra-Andres-Pichardo-y-Jose-Gabriel-Perez-.jpg?fit=1200%2C873&ssl=1&resize=350%2C200","width":350,"height":200,"srcset":"https:\/\/i0.wp.com\/casadecampoliving.com\/wp-content\/uploads\/2022\/10\/Tributo-Frank-Sinatra-Foto-Principal-Amaury-Sanchez-Danilo-Ginebra-Andres-Pichardo-y-Jose-Gabriel-Perez-.jpg?fit=1200%2C873&ssl=1&resize=350%2C200 1x, https:\/\/i0.wp.com\/casadecampoliving.com\/wp-content\/uploads\/2022\/10\/Tributo-Frank-Sinatra-Foto-Principal-Amaury-Sanchez-Danilo-Ginebra-Andres-Pichardo-y-Jose-Gabriel-Perez-.jpg?fit=1200%2C873&ssl=1&resize=525%2C300 1.5x, https:\/\/i0.wp.com\/casadecampoliving.com\/wp-content\/uploads\/2022\/10\/Tributo-Frank-Sinatra-Foto-Principal-Amaury-Sanchez-Danilo-Ginebra-Andres-Pichardo-y-Jose-Gabriel-Perez-.jpg?fit=1200%2C873&ssl=1&resize=700%2C400 2x, https:\/\/i0.wp.com\/casadecampoliving.com\/wp-content\/uploads\/2022\/10\/Tributo-Frank-Sinatra-Foto-Principal-Amaury-Sanchez-Danilo-Ginebra-Andres-Pichardo-y-Jose-Gabriel-Perez-.jpg?fit=1200%2C873&ssl=1&resize=1050%2C600 3x"},"classes":[]},{"id":353556,"url":"https:\/\/casadecampoliving.com\/es\/amelia-pereyra-te-invita-a-celebrar-el-18o-aniversario-del-cafe-de-la-leche-este-viernes\/","url_meta":{"origin":353513,"position":2},"title":"\u00a1Amelia Pereyra te invita a celebrar el 18\u00ba aniversario del Caf\u00e9 de la Leche este viernes!","author":"Casa de Campo Living","date":"26 Sep, 2019","format":false,"excerpt":"Este viernes 27 de septiembre, el Patronato Ben\u00e9fico Oriental (PBO) solicita su asistencia a una edici\u00f3n muy especial de Caf\u00e9 de la Leche. El evento, que ser\u00e1 organizado por Amelia Pereyra en The Living Room by Good Vibe en Altos de Chav\u00f3n, \u00a1marca 18 a\u00f1os desde el comienzo de las\u2026","rel":"","context":"En \u00abAltos de Chavon @es\u00bb","block_context":{"text":"Altos de Chavon @es","link":"https:\/\/casadecampoliving.com\/category\/altos-de-chavon-es\/"},"img":{"alt_text":"","src":"https:\/\/i0.wp.com\/casadecampoliving.com\/wp-content\/uploads\/2022\/10\/IMG_9960.jpg?fit=1000%2C600&ssl=1&resize=350%2C200","width":350,"height":200,"srcset":"https:\/\/i0.wp.com\/casadecampoliving.com\/wp-content\/uploads\/2022\/10\/IMG_9960.jpg?fit=1000%2C600&ssl=1&resize=350%2C200 1x, https:\/\/i0.wp.com\/casadecampoliving.com\/wp-content\/uploads\/2022\/10\/IMG_9960.jpg?fit=1000%2C600&ssl=1&resize=525%2C300 1.5x, https:\/\/i0.wp.com\/casadecampoliving.com\/wp-content\/uploads\/2022\/10\/IMG_9960.jpg?fit=1000%2C600&ssl=1&resize=700%2C400 2x"},"classes":[]},{"id":350453,"url":"https:\/\/casadecampoliving.com\/es\/cafe-de-la-leche-15to-aniversario\/","url_meta":{"origin":353513,"position":3},"title":"\u00a1Caf\u00e9 de la Leche los invita a la celebraci\u00f3n de su 15to aniversario este jueves!","author":"Heather Lincoln","date":"5 Sep, 2016","format":false,"excerpt":"Este jueves 8 de septiembre, el Patronato Ben\u00e9fico Oriental (PBO) los invita a una edici\u00f3n muy especial del Caf\u00e9 de la Leche. Este evento, que ser\u00e1 organizado por Amelia Pereyra en\u00a0Golf Villa #279, \u00a1marca\u00a0el 15to aniversario de este evento mensual que comenz\u00f3 en 2001! A trav\u00e9s de las contribuciones del\u2026","rel":"","context":"En \u00abEstilo de Vida\u00bb","block_context":{"text":"Estilo de Vida","link":"https:\/\/casadecampoliving.com\/es\/category\/estilo-de-vida\/"},"img":{"alt_text":"Cafe de la Leche","src":"https:\/\/i0.wp.com\/casadecampoliving.com\/wp-content\/uploads\/2022\/10\/BDC_5982-e1473100245255.jpg?fit=1000%2C667&ssl=1&resize=350%2C200","width":350,"height":200,"srcset":"https:\/\/i0.wp.com\/casadecampoliving.com\/wp-content\/uploads\/2022\/10\/BDC_5982-e1473100245255.jpg?fit=1000%2C667&ssl=1&resize=350%2C200 1x, https:\/\/i0.wp.com\/casadecampoliving.com\/wp-content\/uploads\/2022\/10\/BDC_5982-e1473100245255.jpg?fit=1000%2C667&ssl=1&resize=525%2C300 1.5x, https:\/\/i0.wp.com\/casadecampoliving.com\/wp-content\/uploads\/2022\/10\/BDC_5982-e1473100245255.jpg?fit=1000%2C667&ssl=1&resize=700%2C400 2x"},"classes":[]},{"id":510475,"url":"https:\/\/casadecampoliving.com\/es\/cafe-de-la-leche-sabado-19-de-noviembre-en-azimut-cafe-en-la-marina-casa-de-campo\/","url_meta":{"origin":353513,"position":4},"title":"Caf\u00e9 de la Leche: \u00a1S\u00e1bado 19 de noviembre en Azimut Caf\u00e9 en la Marina Casa de Campo!","author":"Casa de Campo Living","date":"10 Nov, 2022","format":false,"excerpt":"\u00a1Este mes trae una nueva oportunidad de unirnos por una gran causa! Caf\u00e9 de la Leche vuelve el 19 de noviembre de la mano de Alice Caslini en Azimut Caf\u00e9 de La Marina. \u00a1Este ser\u00e1 sin duda un evento magn\u00edfico y una forma maravillosa de comenzar a celebrar las festividades!\u2026","rel":"","context":"En \u00abEventos\u00bb","block_context":{"text":"Eventos","link":"https:\/\/casadecampoliving.com\/es\/category\/eventos-es\/"},"img":{"alt_text":"","src":"https:\/\/i0.wp.com\/casadecampoliving.com\/wp-content\/uploads\/2022\/11\/EJ4B8874-e1668391483512.jpg?fit=1200%2C800&ssl=1&resize=350%2C200","width":350,"height":200,"srcset":"https:\/\/i0.wp.com\/casadecampoliving.com\/wp-content\/uploads\/2022\/11\/EJ4B8874-e1668391483512.jpg?fit=1200%2C800&ssl=1&resize=350%2C200 1x, https:\/\/i0.wp.com\/casadecampoliving.com\/wp-content\/uploads\/2022\/11\/EJ4B8874-e1668391483512.jpg?fit=1200%2C800&ssl=1&resize=525%2C300 1.5x, https:\/\/i0.wp.com\/casadecampoliving.com\/wp-content\/uploads\/2022\/11\/EJ4B8874-e1668391483512.jpg?fit=1200%2C800&ssl=1&resize=700%2C400 2x, https:\/\/i0.wp.com\/casadecampoliving.com\/wp-content\/uploads\/2022\/11\/EJ4B8874-e1668391483512.jpg?fit=1200%2C800&ssl=1&resize=1050%2C600 3x"},"classes":[]},{"id":352632,"url":"https:\/\/casadecampoliving.com\/es\/mexican-chic-soiree-para-el-cafe-de-la-leche-de-este-mes\/","url_meta":{"origin":353513,"position":5},"title":"\u00a1\u00bbMexican Chic Soir\u00e9e\u00bb con Idarmis y Lauren para el Caf\u00e9 de la Leche de este mes!","author":"Marlenys Guzm\u00e1n Casta\u00f1os","date":"1 May, 2018","format":false,"excerpt":"Las fiestas tem\u00e1ticas han hecho furor en Casa de Campo, especialmente desde que el Caf\u00e9 de la Leche ha tomado la tendencia dentro de sus reuniones mensuales. \u00a1El siguiente en la lista es un \u201cMexican Chic Soir\u00e9e\u201d con Idarmis Cucurullo de Vel\u00e1zquez y Lauren Llenas! El elegante evento se llevar\u00e1\u2026","rel":"","context":"En \u00abEstilo de Vida\u00bb","block_context":{"text":"Estilo de Vida","link":"https:\/\/casadecampoliving.com\/es\/category\/estilo-de-vida\/"},"img":{"alt_text":"","src":"https:\/\/i0.wp.com\/casadecampoliving.com\/wp-content\/uploads\/2018\/05\/Screen-Shot-2018-05-01-at-10.39.01-AM.png?resize=350%2C200&ssl=1","width":350,"height":200},"classes":[]}],"jetpack_sharing_enabled":true,"_links":{"self":[{"href":"https:\/\/casadecampoliving.com\/es\/wp-json\/wp\/v2\/posts\/353513","targetHints":{"allow":["GET"]}}],"collection":[{"href":"https:\/\/casadecampoliving.com\/es\/wp-json\/wp\/v2\/posts"}],"about":[{"href":"https:\/\/casadecampoliving.com\/es\/wp-json\/wp\/v2\/types\/post"}],"author":[{"embeddable":true,"href":"https:\/\/casadecampoliving.com\/es\/wp-json\/wp\/v2\/users\/36791"}],"replies":[{"embeddable":true,"href":"https:\/\/casadecampoliving.com\/es\/wp-json\/wp\/v2\/comments?post=353513"}],"version-history":[{"count":0,"href":"https:\/\/casadecampoliving.com\/es\/wp-json\/wp\/v2\/posts\/353513\/revisions"}],"wp:featuredmedia":[{"embeddable":true,"href":"https:\/\/casadecampoliving.com\/es\/wp-json\/wp\/v2\/media\/306230"}],"wp:attachment":[{"href":"https:\/\/casadecampoliving.com\/es\/wp-json\/wp\/v2\/media?parent=353513"}],"wp:term":[{"taxonomy":"category","embeddable":true,"href":"https:\/\/casadecampoliving.com\/es\/wp-json\/wp\/v2\/categories?post=353513"},{"taxonomy":"post_tag","embeddable":true,"href":"https:\/\/casadecampoliving.com\/es\/wp-json\/wp\/v2\/tags?post=353513"},{"taxonomy":"newspack_spnsrs_tax","embeddable":true,"href":"https:\/\/casadecampoliving.com\/es\/wp-json\/wp\/v2\/newspack_spnsrs_tax?post=353513"}],"curies":[{"name":"wp","href":"https:\/\/api.w.org\/{rel}","templated":true}]}}