{"id":353507,"date":"2019-07-26T00:00:00","date_gmt":"2019-07-26T04:00:00","guid":{"rendered":"https:\/\/casadecampoliving.com\/cartelera-de-peliculas-25-de-julio-1-de-agosto\/"},"modified":"2022-10-21T19:05:58","modified_gmt":"2022-10-21T23:05:58","slug":"cartelera-de-peliculas-25-de-julio-1-de-agosto","status":"publish","type":"post","link":"https:\/\/casadecampoliving.com\/es\/cartelera-de-peliculas-25-de-julio-1-de-agosto\/","title":{"rendered":"Cartelera de pel\u00edculas: 25 de julio &#8211; 1 de agosto"},"content":{"rendered":"\n<p>No hay nada como sentarse con palomitas de ma\u00edz y una buena pel\u00edcula para disfrutar solo, con alguien especial o con amigos y familiares. Dada nuestra pasi\u00f3n por las pel\u00edculas, presentamos con orgullo un resumen de los nuevos estrenos de esta semana, de lo que todav\u00eda se proyecta y lo que viene pronto.<span id=\"more-170516\"><\/span><span id=\"more-170896\"><\/span><span id=\"more-171209\"><\/span><br>\n<\/p>\n\n\n\n<!--more-->\n\n\n\n<h2 class=\"wp-block-heading\">ESTRENOS DE ESTA SEMANA:<\/h2>\n\n\n\n<blockquote><h3>\u201cPoms\u201d<\/h3><p><strong>Sinopsis:<\/strong> POMS es una comedia sobre un grupo de mujeres que forman un escuadr\u00f3n de animadoras en su comunidad de jubilados, lo que demuestra que nunca es demasiado viejo para \u201ctraerlo\u201d.<\/p><p><strong>Trailer:<\/strong><\/p><p><iframe loading=\"lazy\" src=\"https:\/\/www.youtube.com\/embed\/-9PypHxfY_M\" width=\"560\" height=\"315\" frameborder=\"0\" allowfullscreen=\"allowfullscreen\" data-mce-fragment=\"1\"><\/iframe><\/p><p><strong>La Marina:<\/strong> 5:10 PM, 7:15 PM, 9:20 PM<\/p><p><strong>Blue Mall Santo Domingo:<\/strong>&nbsp; 9:00 PM, 9:25 PM<\/p><\/blockquote>\n\n\n\n<h2 class=\"wp-block-heading\">A\u00daN EN EL CINE<\/h2>\n\n\n\n<blockquote><h3>\u201cEL REY LE\u00d3N\u201d<\/h3><p><strong>Sinopsis<\/strong><em><strong>:<\/strong>&nbsp;Despu\u00e9s del asesinato de su padre, un joven pr\u00edncipe le\u00f3n huye de su reino solo para aprender el verdadero significado de la responsabilidad y la valent\u00eda.<\/em><\/p><p><strong>Trailer:<\/strong><\/p><p><iframe loading=\"lazy\" src=\"https:\/\/www.youtube.com\/embed\/7TavVZMewpY\" width=\"560\" height=\"315\" frameborder=\"0\" allowfullscreen=\"allowfullscreen\" data-mce-fragment=\"1\"><\/iframe><\/p><p><strong>Multiplaza La Romana:<\/strong> 4:20 PM, 6:00 PM, 6:55 PM, 8:35 PM, 9:30 PM<\/p><p><strong>La Marina:<\/strong> 4:30 PM, 7:00 PM, 9:30 PM<\/p><p><strong>Blue Mall Santo Domingo:<\/strong> 6:00 PM, 7:00 PM, 8:00 PM, 8:35 PM, 9:35 PM<\/p><\/blockquote>\n\n\n\n<blockquote><h3>\u201cSTUBER\u201d<\/h3><p><strong>Sinopsis:<\/strong>&nbsp;<em>un detective recluta a su conductor de Uber en una inesperada noche de aventuras.<\/em><\/p><p><strong>Trailer:<\/strong><\/p><p><strong>Trailer:<\/strong><\/p><p><iframe loading=\"lazy\" src=\"https:\/\/www.youtube.com\/embed\/rtYEiBR1sCk\" width=\"560\" height=\"315\" frameborder=\"0\" allowfullscreen=\"allowfullscreen\" data-mce-fragment=\"1\"><\/iframe><\/p><p><strong>Multiplaza La Romana:<\/strong> 4:30 PM, 6:30 PM<\/p><\/blockquote>\n\n\n\n<blockquote><h3>\u201cSPIDER-MAN: LEJOS DE CASA\u201d<\/h3><p><strong>Sinopsis:<\/strong>&nbsp;<em>Siguiendo los eventos de Avengers: Endgame, Spider-Man debe actuar para enfrentar nuevas amenazas en un mundo que ha cambiado para siempre.<\/em><\/p><p><strong>Trailer:<\/strong><\/p><p><iframe loading=\"lazy\" src=\"https:\/\/www.youtube.com\/embed\/Nt9L1jCKGnE\" width=\"560\" height=\"315\" frameborder=\"0\" allowfullscreen=\"allowfullscreen\" data-mce-fragment=\"1\"><\/iframe><\/p><p><strong>Multiplaza La Romana:<\/strong> 4:10 PM, 6:40 PM, 8:35 PM, 9:20 PM<\/p><p><strong>La Marina:<\/strong> 9:10 PM<\/p><p><strong>Blue Mall Santo Domingo:<\/strong> 5:30 PM, 6:10 PM, 7:00 PM, 8:00 PM, 9:00 PM, 9:45 PM, 10:00 PM<\/p><\/blockquote>\n\n\n\n<blockquote><h3>\u201cANNABELLE VIENE A CASA\u201d<\/h3><p><strong>Sinopsis:<\/strong>&nbsp;<em>Mientras cuidaba a la hija de Ed y Lorraine Warren, una adolescente y su amiga, sin saberlo, despiertan a un esp\u00edritu maligno atrapado en una mu\u00f1eca.<\/em><\/p><p><strong>Trailer:<\/strong><\/p><p><iframe loading=\"lazy\" src=\"https:\/\/www.youtube.com\/embed\/bCxm7cTpBAs\" width=\"560\" height=\"315\" frameborder=\"0\" allowfullscreen=\"allowfullscreen\" data-mce-fragment=\"1\"><\/iframe><\/p><p><strong>Multiplaza La Romana:<\/strong> 5:05 PM, 7:20 PM, 9:35 PM<\/p><\/blockquote>\n\n\n\n<blockquote><h3>\u201cTOY STORY 4\u201d<\/h3><p><strong>Sinopsis:<\/strong>&nbsp;<em>cuando un nuevo juguete llamado \u201cForky\u201d se une a Woody y la pandilla, un viaje por carretera junto a viejos y nuevos amigos revela qu\u00e9 tan grande puede ser el mundo para un juguete.<\/em><\/p><p><strong>Trailer:<\/strong><\/p><p><iframe loading=\"lazy\" src=\"https:\/\/www.youtube.com\/embed\/wmiIUN-7qhE\" width=\"560\" height=\"315\" frameborder=\"0\" allowfullscreen=\"allowfullscreen\" data-mce-fragment=\"1\"><\/iframe><\/p><p><strong>Multiplaza La Romana:<\/strong> 4:20 PM, 6:30 PM, 8:40 PM<\/p><p><strong>La Marina:<\/strong> 4:40 PM, 6:55 PM<\/p><p><strong>Blue Mall Santo Domingo:<\/strong> 4:00 PM, 6:30PM, 8:30 PM<\/p><\/blockquote>\n\n\n\n<blockquote><h3>\u201cALADINO\u201d<\/h3><p><strong>Sinopsis:<\/strong>&nbsp;<em>Un ladroncillo de la calle de buen coraz\u00f3n y un Gran visir hambriento de poder compiten por una l\u00e1mpara m\u00e1gica que tiene el poder de hacer realidad sus deseos m\u00e1s profundos.<\/em><\/p><p><strong>Trailer:<\/strong><\/p><p><iframe loading=\"lazy\" src=\"https:\/\/www.youtube.com\/embed\/foyufD52aog\" width=\"560\" height=\"315\" frameborder=\"0\" allowfullscreen=\"allowfullscreen\" data-mce-fragment=\"1\"><\/iframe><\/p><p><strong>Multiplaza La Romana:<\/strong> 4:15 PM, 6:30 PM, 9:10 PM<\/p><\/blockquote>\n\n\n\n<h2 class=\"wp-block-heading\">PR\u00d3XIMAMENTE:<\/h2>\n\n\n\n<blockquote><h3><strong>\u201cR\u00c1PIDO Y FURIOSO: HOBBS Y SHAW\u201d<\/strong><\/h3><p><strong>Sinopsis:<\/strong>&nbsp;<em>Lawman Luke Hobbs y el marginado Deckard Shaw forman una alianza improbable cuando un villano gen\u00e9ticamente mejorado amenaza el futuro de la humanidad.<\/em><\/p><p><strong>Trailer:<\/strong><\/p><p><iframe loading=\"lazy\" src=\"https:\/\/www.youtube.com\/embed\/HZ7PAyCDwEg\" width=\"560\" height=\"315\" frameborder=\"0\" allowfullscreen=\"allowfullscreen\" data-mce-fragment=\"1\"><\/iframe><\/p><\/blockquote>\n","protected":false},"excerpt":{"rendered":"<p>No hay nada como sentarse con palomitas de ma\u00edz y una buena pel\u00edcula para disfrutar solo, con alguien especial o con amigos y familiares. Dada nuestra pasi\u00f3n por las pel\u00edculas, presentamos con orgullo un resumen de los nuevos estrenos de esta semana, de lo que todav\u00eda se proyecta y lo que viene pronto.<\/p>\n","protected":false},"author":36791,"featured_media":331774,"comment_status":"closed","ping_status":"open","sticky":false,"template":"","format":"standard","meta":{"newspack_ads_suppress_ads":false,"newspack_popups_has_disabled_popups":false,"newspack_sponsor_sponsorship_scope":"","newspack_sponsor_native_byline_display":"inherit","newspack_sponsor_native_category_display":"inherit","newspack_sponsor_underwriter_style":"inherit","newspack_sponsor_underwriter_placement":"inherit","_newspack_byline_active":false,"_newspack_byline":"","newspack_hide_updated_date":false,"newspack_show_updated_date":false,"newspack_content_restriction_is_exempt":false,"newspack_featured_image_position":"","newspack_post_subtitle":"","newspack_article_summary_title":"Overview:","newspack_article_summary":"","_jetpack_memberships_contains_paid_content":false,"footnotes":"","jetpack_publicize_message":"","jetpack_publicize_feature_enabled":true,"jetpack_social_post_already_shared":false,"jetpack_social_options":{"image_generator_settings":{"template":"highway","default_image_id":0,"font":"","enabled":false},"version":2},"_wpas_customize_per_network":false},"categories":[3126,14631,2506,2521],"tags":[2780,2559,2674,18058,2558],"newspack_spnsrs_tax":[],"class_list":["post-353507","post","type-post","status-publish","format-standard","has-post-thumbnail","hentry","category-cine-3","category-estilo-de-vida","category-mas-alla-de-casa-es","category-republica-dominicana-2","tag-cartelera","tag-cine","tag-estrenos","tag-horario","tag-peliculas","entry"],"yoast_head":"<!-- This site is optimized with the Yoast SEO plugin v27.5 - https:\/\/yoast.com\/product\/yoast-seo-wordpress\/ -->\n<title>Cartelera de pel\u00edculas: 25 de julio - 1 de agosto | Casa de Campo Living<\/title>\n<meta name=\"description\" content=\"No hay nada como sentarse con palomitas de ma\u00edz y una buena pel\u00edcula para disfrutar solo, con alguien especial o con amigos y familiares. Dada nuestra\" \/>\n<meta name=\"robots\" content=\"index, follow, max-snippet:-1, max-image-preview:large, max-video-preview:-1\" \/>\n<link rel=\"canonical\" href=\"https:\/\/casadecampoliving.com\/es\/cartelera-de-peliculas-25-de-julio-1-de-agosto\/\" \/>\n<meta property=\"og:locale\" content=\"es_ES\" \/>\n<meta property=\"og:type\" content=\"article\" \/>\n<meta property=\"og:title\" content=\"Cartelera de pel\u00edculas: 25 de julio - 1 de agosto | Casa de Campo Living\" \/>\n<meta property=\"og:description\" content=\"No hay nada como sentarse con palomitas de ma\u00edz y una buena pel\u00edcula para disfrutar solo, con alguien especial o con amigos y familiares. Dada nuestra\" \/>\n<meta property=\"og:url\" content=\"https:\/\/casadecampoliving.com\/es\/cartelera-de-peliculas-25-de-julio-1-de-agosto\/\" \/>\n<meta property=\"og:site_name\" content=\"Casa de Campo Living\" \/>\n<meta property=\"article:publisher\" content=\"https:\/\/www.facebook.com\/casadecampoliving\" \/>\n<meta property=\"article:published_time\" content=\"2019-07-26T04:00:00+00:00\" \/>\n<meta property=\"article:modified_time\" content=\"2022-10-21T23:05:58+00:00\" \/>\n<meta property=\"og:image\" content=\"https:\/\/i0.wp.com\/casadecampoliving.com\/wp-content\/uploads\/2022\/10\/movies-_banner-1000x550-1-2.jpg?fit=1000%2C550&ssl=1\" \/>\n\t<meta property=\"og:image:width\" content=\"1000\" \/>\n\t<meta property=\"og:image:height\" content=\"550\" \/>\n\t<meta property=\"og:image:type\" content=\"image\/jpeg\" \/>\n<meta name=\"author\" content=\"Casa de Campo Living\" \/>\n<meta name=\"twitter:card\" content=\"summary_large_image\" \/>\n<meta name=\"twitter:creator\" content=\"@cdcliving\" \/>\n<meta name=\"twitter:site\" content=\"@cdcliving\" \/>\n<meta name=\"twitter:label1\" content=\"Escrito por\" \/>\n\t<meta name=\"twitter:data1\" content=\"Casa de Campo Living\" \/>\n\t<meta name=\"twitter:label2\" content=\"Tiempo de lectura\" \/>\n\t<meta name=\"twitter:data2\" content=\"2 minutos\" \/>\n<script type=\"application\/ld+json\" class=\"yoast-schema-graph\">{\"@context\":\"https:\\\/\\\/schema.org\",\"@graph\":[{\"@type\":\"Article\",\"@id\":\"https:\\\/\\\/casadecampoliving.com\\\/es\\\/cartelera-de-peliculas-25-de-julio-1-de-agosto\\\/#article\",\"isPartOf\":{\"@id\":\"https:\\\/\\\/casadecampoliving.com\\\/es\\\/cartelera-de-peliculas-25-de-julio-1-de-agosto\\\/\"},\"author\":{\"name\":\"Casa de Campo Living\",\"@id\":\"https:\\\/\\\/casadecampoliving.com\\\/es\\\/#\\\/schema\\\/person\\\/5d2171637a9d11e0e43ce6b8555f9422\"},\"headline\":\"Cartelera de pel\u00edculas: 25 de julio &#8211; 1 de agosto\",\"datePublished\":\"2019-07-26T04:00:00+00:00\",\"dateModified\":\"2022-10-21T23:05:58+00:00\",\"mainEntityOfPage\":{\"@id\":\"https:\\\/\\\/casadecampoliving.com\\\/es\\\/cartelera-de-peliculas-25-de-julio-1-de-agosto\\\/\"},\"wordCount\":432,\"publisher\":{\"@id\":\"https:\\\/\\\/casadecampoliving.com\\\/es\\\/#organization\"},\"image\":{\"@id\":\"https:\\\/\\\/casadecampoliving.com\\\/es\\\/cartelera-de-peliculas-25-de-julio-1-de-agosto\\\/#primaryimage\"},\"thumbnailUrl\":\"https:\\\/\\\/i0.wp.com\\\/casadecampoliving.com\\\/wp-content\\\/uploads\\\/2022\\\/10\\\/movies-_banner-1000x550-1-2.jpg?fit=1000%2C550&ssl=1\",\"keywords\":[\"cartelera\",\"cine\",\"estrenos\",\"horario;\",\"peliculas\"],\"articleSection\":[\"Cine @es\",\"Estilo de Vida\",\"M\u00e1s all\u00e1 de Casa\",\"Rep\u00fablica Dominicana @es\"],\"inLanguage\":\"es\"},{\"@type\":\"WebPage\",\"@id\":\"https:\\\/\\\/casadecampoliving.com\\\/es\\\/cartelera-de-peliculas-25-de-julio-1-de-agosto\\\/\",\"url\":\"https:\\\/\\\/casadecampoliving.com\\\/es\\\/cartelera-de-peliculas-25-de-julio-1-de-agosto\\\/\",\"name\":\"Cartelera de pel\u00edculas: 25 de julio - 1 de agosto | Casa de Campo Living\",\"isPartOf\":{\"@id\":\"https:\\\/\\\/casadecampoliving.com\\\/es\\\/#website\"},\"primaryImageOfPage\":{\"@id\":\"https:\\\/\\\/casadecampoliving.com\\\/es\\\/cartelera-de-peliculas-25-de-julio-1-de-agosto\\\/#primaryimage\"},\"image\":{\"@id\":\"https:\\\/\\\/casadecampoliving.com\\\/es\\\/cartelera-de-peliculas-25-de-julio-1-de-agosto\\\/#primaryimage\"},\"thumbnailUrl\":\"https:\\\/\\\/i0.wp.com\\\/casadecampoliving.com\\\/wp-content\\\/uploads\\\/2022\\\/10\\\/movies-_banner-1000x550-1-2.jpg?fit=1000%2C550&ssl=1\",\"datePublished\":\"2019-07-26T04:00:00+00:00\",\"dateModified\":\"2022-10-21T23:05:58+00:00\",\"description\":\"No hay nada como sentarse con palomitas de ma\u00edz y una buena pel\u00edcula para disfrutar solo, con alguien especial o con amigos y familiares. Dada nuestra\",\"breadcrumb\":{\"@id\":\"https:\\\/\\\/casadecampoliving.com\\\/es\\\/cartelera-de-peliculas-25-de-julio-1-de-agosto\\\/#breadcrumb\"},\"inLanguage\":\"es\",\"potentialAction\":[{\"@type\":\"ReadAction\",\"target\":[\"https:\\\/\\\/casadecampoliving.com\\\/es\\\/cartelera-de-peliculas-25-de-julio-1-de-agosto\\\/\"]}]},{\"@type\":\"ImageObject\",\"inLanguage\":\"es\",\"@id\":\"https:\\\/\\\/casadecampoliving.com\\\/es\\\/cartelera-de-peliculas-25-de-julio-1-de-agosto\\\/#primaryimage\",\"url\":\"https:\\\/\\\/i0.wp.com\\\/casadecampoliving.com\\\/wp-content\\\/uploads\\\/2022\\\/10\\\/movies-_banner-1000x550-1-2.jpg?fit=1000%2C550&ssl=1\",\"contentUrl\":\"https:\\\/\\\/i0.wp.com\\\/casadecampoliving.com\\\/wp-content\\\/uploads\\\/2022\\\/10\\\/movies-_banner-1000x550-1-2.jpg?fit=1000%2C550&ssl=1\",\"width\":1000,\"height\":550},{\"@type\":\"BreadcrumbList\",\"@id\":\"https:\\\/\\\/casadecampoliving.com\\\/es\\\/cartelera-de-peliculas-25-de-julio-1-de-agosto\\\/#breadcrumb\",\"itemListElement\":[{\"@type\":\"ListItem\",\"position\":1,\"name\":\"Home\",\"item\":\"https:\\\/\\\/casadecampoliving.com\\\/es\\\/\"},{\"@type\":\"ListItem\",\"position\":2,\"name\":\"Cartelera de pel\u00edculas: 25 de julio &#8211; 1 de agosto\"}]},{\"@type\":\"WebSite\",\"@id\":\"https:\\\/\\\/casadecampoliving.com\\\/es\\\/#website\",\"url\":\"https:\\\/\\\/casadecampoliving.com\\\/es\\\/\",\"name\":\"Casa de Campo Living\",\"description\":\"Resort community news and resources.\",\"publisher\":{\"@id\":\"https:\\\/\\\/casadecampoliving.com\\\/es\\\/#organization\"},\"potentialAction\":[{\"@type\":\"SearchAction\",\"target\":{\"@type\":\"EntryPoint\",\"urlTemplate\":\"https:\\\/\\\/casadecampoliving.com\\\/es\\\/?s={search_term_string}\"},\"query-input\":{\"@type\":\"PropertyValueSpecification\",\"valueRequired\":true,\"valueName\":\"search_term_string\"}}],\"inLanguage\":\"es\"},{\"@type\":\"Organization\",\"@id\":\"https:\\\/\\\/casadecampoliving.com\\\/es\\\/#organization\",\"name\":\"Casa de Campo Living\",\"url\":\"https:\\\/\\\/casadecampoliving.com\\\/es\\\/\",\"logo\":{\"@type\":\"ImageObject\",\"inLanguage\":\"es\",\"@id\":\"https:\\\/\\\/casadecampoliving.com\\\/es\\\/#\\\/schema\\\/logo\\\/image\\\/\",\"url\":\"https:\\\/\\\/i0.wp.com\\\/casadecampoliving.com\\\/wp-content\\\/uploads\\\/2022\\\/07\\\/CDCLivingLogo_V1-white-sized.png?fit=800%2C214&ssl=1\",\"contentUrl\":\"https:\\\/\\\/i0.wp.com\\\/casadecampoliving.com\\\/wp-content\\\/uploads\\\/2022\\\/07\\\/CDCLivingLogo_V1-white-sized.png?fit=800%2C214&ssl=1\",\"width\":800,\"height\":214,\"caption\":\"Casa de Campo Living\"},\"image\":{\"@id\":\"https:\\\/\\\/casadecampoliving.com\\\/es\\\/#\\\/schema\\\/logo\\\/image\\\/\"},\"sameAs\":[\"https:\\\/\\\/www.facebook.com\\\/casadecampoliving\",\"https:\\\/\\\/x.com\\\/cdcliving\"]},{\"@type\":\"Person\",\"@id\":\"https:\\\/\\\/casadecampoliving.com\\\/es\\\/#\\\/schema\\\/person\\\/5d2171637a9d11e0e43ce6b8555f9422\",\"name\":\"Casa de Campo Living\",\"image\":{\"@type\":\"ImageObject\",\"inLanguage\":\"es\",\"@id\":\"https:\\\/\\\/secure.gravatar.com\\\/avatar\\\/d04101fa4a9fd431e939953b1500fdc7a73cd35029f86d98712fd8ccdaebaf9a?s=96&d=mm&r=g\",\"url\":\"https:\\\/\\\/secure.gravatar.com\\\/avatar\\\/d04101fa4a9fd431e939953b1500fdc7a73cd35029f86d98712fd8ccdaebaf9a?s=96&d=mm&r=g\",\"contentUrl\":\"https:\\\/\\\/secure.gravatar.com\\\/avatar\\\/d04101fa4a9fd431e939953b1500fdc7a73cd35029f86d98712fd8ccdaebaf9a?s=96&d=mm&r=g\",\"caption\":\"Casa de Campo Living\"},\"url\":\"https:\\\/\\\/casadecampoliving.com\\\/es\\\/author\\\/casa-de-campo-living\\\/\"}]}<\/script>\n<!-- \/ Yoast SEO plugin. -->","yoast_head_json":{"title":"Cartelera de pel\u00edculas: 25 de julio - 1 de agosto | Casa de Campo Living","description":"No hay nada como sentarse con palomitas de ma\u00edz y una buena pel\u00edcula para disfrutar solo, con alguien especial o con amigos y familiares. Dada nuestra","robots":{"index":"index","follow":"follow","max-snippet":"max-snippet:-1","max-image-preview":"max-image-preview:large","max-video-preview":"max-video-preview:-1"},"canonical":"https:\/\/casadecampoliving.com\/es\/cartelera-de-peliculas-25-de-julio-1-de-agosto\/","og_locale":"es_ES","og_type":"article","og_title":"Cartelera de pel\u00edculas: 25 de julio - 1 de agosto | Casa de Campo Living","og_description":"No hay nada como sentarse con palomitas de ma\u00edz y una buena pel\u00edcula para disfrutar solo, con alguien especial o con amigos y familiares. Dada nuestra","og_url":"https:\/\/casadecampoliving.com\/es\/cartelera-de-peliculas-25-de-julio-1-de-agosto\/","og_site_name":"Casa de Campo Living","article_publisher":"https:\/\/www.facebook.com\/casadecampoliving","article_published_time":"2019-07-26T04:00:00+00:00","article_modified_time":"2022-10-21T23:05:58+00:00","og_image":[{"width":1000,"height":550,"url":"https:\/\/i0.wp.com\/casadecampoliving.com\/wp-content\/uploads\/2022\/10\/movies-_banner-1000x550-1-2.jpg?fit=1000%2C550&ssl=1","type":"image\/jpeg"}],"author":"Casa de Campo Living","twitter_card":"summary_large_image","twitter_creator":"@cdcliving","twitter_site":"@cdcliving","twitter_misc":{"Escrito por":"Casa de Campo Living","Tiempo de lectura":"2 minutos"},"schema":{"@context":"https:\/\/schema.org","@graph":[{"@type":"Article","@id":"https:\/\/casadecampoliving.com\/es\/cartelera-de-peliculas-25-de-julio-1-de-agosto\/#article","isPartOf":{"@id":"https:\/\/casadecampoliving.com\/es\/cartelera-de-peliculas-25-de-julio-1-de-agosto\/"},"author":{"name":"Casa de Campo Living","@id":"https:\/\/casadecampoliving.com\/es\/#\/schema\/person\/5d2171637a9d11e0e43ce6b8555f9422"},"headline":"Cartelera de pel\u00edculas: 25 de julio &#8211; 1 de agosto","datePublished":"2019-07-26T04:00:00+00:00","dateModified":"2022-10-21T23:05:58+00:00","mainEntityOfPage":{"@id":"https:\/\/casadecampoliving.com\/es\/cartelera-de-peliculas-25-de-julio-1-de-agosto\/"},"wordCount":432,"publisher":{"@id":"https:\/\/casadecampoliving.com\/es\/#organization"},"image":{"@id":"https:\/\/casadecampoliving.com\/es\/cartelera-de-peliculas-25-de-julio-1-de-agosto\/#primaryimage"},"thumbnailUrl":"https:\/\/i0.wp.com\/casadecampoliving.com\/wp-content\/uploads\/2022\/10\/movies-_banner-1000x550-1-2.jpg?fit=1000%2C550&ssl=1","keywords":["cartelera","cine","estrenos","horario;","peliculas"],"articleSection":["Cine @es","Estilo de Vida","M\u00e1s all\u00e1 de Casa","Rep\u00fablica Dominicana @es"],"inLanguage":"es"},{"@type":"WebPage","@id":"https:\/\/casadecampoliving.com\/es\/cartelera-de-peliculas-25-de-julio-1-de-agosto\/","url":"https:\/\/casadecampoliving.com\/es\/cartelera-de-peliculas-25-de-julio-1-de-agosto\/","name":"Cartelera de pel\u00edculas: 25 de julio - 1 de agosto | Casa de Campo Living","isPartOf":{"@id":"https:\/\/casadecampoliving.com\/es\/#website"},"primaryImageOfPage":{"@id":"https:\/\/casadecampoliving.com\/es\/cartelera-de-peliculas-25-de-julio-1-de-agosto\/#primaryimage"},"image":{"@id":"https:\/\/casadecampoliving.com\/es\/cartelera-de-peliculas-25-de-julio-1-de-agosto\/#primaryimage"},"thumbnailUrl":"https:\/\/i0.wp.com\/casadecampoliving.com\/wp-content\/uploads\/2022\/10\/movies-_banner-1000x550-1-2.jpg?fit=1000%2C550&ssl=1","datePublished":"2019-07-26T04:00:00+00:00","dateModified":"2022-10-21T23:05:58+00:00","description":"No hay nada como sentarse con palomitas de ma\u00edz y una buena pel\u00edcula para disfrutar solo, con alguien especial o con amigos y familiares. Dada nuestra","breadcrumb":{"@id":"https:\/\/casadecampoliving.com\/es\/cartelera-de-peliculas-25-de-julio-1-de-agosto\/#breadcrumb"},"inLanguage":"es","potentialAction":[{"@type":"ReadAction","target":["https:\/\/casadecampoliving.com\/es\/cartelera-de-peliculas-25-de-julio-1-de-agosto\/"]}]},{"@type":"ImageObject","inLanguage":"es","@id":"https:\/\/casadecampoliving.com\/es\/cartelera-de-peliculas-25-de-julio-1-de-agosto\/#primaryimage","url":"https:\/\/i0.wp.com\/casadecampoliving.com\/wp-content\/uploads\/2022\/10\/movies-_banner-1000x550-1-2.jpg?fit=1000%2C550&ssl=1","contentUrl":"https:\/\/i0.wp.com\/casadecampoliving.com\/wp-content\/uploads\/2022\/10\/movies-_banner-1000x550-1-2.jpg?fit=1000%2C550&ssl=1","width":1000,"height":550},{"@type":"BreadcrumbList","@id":"https:\/\/casadecampoliving.com\/es\/cartelera-de-peliculas-25-de-julio-1-de-agosto\/#breadcrumb","itemListElement":[{"@type":"ListItem","position":1,"name":"Home","item":"https:\/\/casadecampoliving.com\/es\/"},{"@type":"ListItem","position":2,"name":"Cartelera de pel\u00edculas: 25 de julio &#8211; 1 de agosto"}]},{"@type":"WebSite","@id":"https:\/\/casadecampoliving.com\/es\/#website","url":"https:\/\/casadecampoliving.com\/es\/","name":"Casa de Campo Living","description":"Resort community news and resources.","publisher":{"@id":"https:\/\/casadecampoliving.com\/es\/#organization"},"potentialAction":[{"@type":"SearchAction","target":{"@type":"EntryPoint","urlTemplate":"https:\/\/casadecampoliving.com\/es\/?s={search_term_string}"},"query-input":{"@type":"PropertyValueSpecification","valueRequired":true,"valueName":"search_term_string"}}],"inLanguage":"es"},{"@type":"Organization","@id":"https:\/\/casadecampoliving.com\/es\/#organization","name":"Casa de Campo Living","url":"https:\/\/casadecampoliving.com\/es\/","logo":{"@type":"ImageObject","inLanguage":"es","@id":"https:\/\/casadecampoliving.com\/es\/#\/schema\/logo\/image\/","url":"https:\/\/i0.wp.com\/casadecampoliving.com\/wp-content\/uploads\/2022\/07\/CDCLivingLogo_V1-white-sized.png?fit=800%2C214&ssl=1","contentUrl":"https:\/\/i0.wp.com\/casadecampoliving.com\/wp-content\/uploads\/2022\/07\/CDCLivingLogo_V1-white-sized.png?fit=800%2C214&ssl=1","width":800,"height":214,"caption":"Casa de Campo Living"},"image":{"@id":"https:\/\/casadecampoliving.com\/es\/#\/schema\/logo\/image\/"},"sameAs":["https:\/\/www.facebook.com\/casadecampoliving","https:\/\/x.com\/cdcliving"]},{"@type":"Person","@id":"https:\/\/casadecampoliving.com\/es\/#\/schema\/person\/5d2171637a9d11e0e43ce6b8555f9422","name":"Casa de Campo Living","image":{"@type":"ImageObject","inLanguage":"es","@id":"https:\/\/secure.gravatar.com\/avatar\/d04101fa4a9fd431e939953b1500fdc7a73cd35029f86d98712fd8ccdaebaf9a?s=96&d=mm&r=g","url":"https:\/\/secure.gravatar.com\/avatar\/d04101fa4a9fd431e939953b1500fdc7a73cd35029f86d98712fd8ccdaebaf9a?s=96&d=mm&r=g","contentUrl":"https:\/\/secure.gravatar.com\/avatar\/d04101fa4a9fd431e939953b1500fdc7a73cd35029f86d98712fd8ccdaebaf9a?s=96&d=mm&r=g","caption":"Casa de Campo Living"},"url":"https:\/\/casadecampoliving.com\/es\/author\/casa-de-campo-living\/"}]}},"parsely":{"version":"1.1.0","canonical_url":"https:\/\/casadecampoliving.com\/es\/cartelera-de-peliculas-25-de-julio-1-de-agosto\/","smart_links":{"inbound":0,"outbound":0},"traffic_boost_suggestions_count":0,"meta":{"@context":"https:\/\/schema.org","@type":"NewsArticle","headline":"Cartelera de pel\u00edculas: 25 de julio &#8211; 1 de agosto","url":"http:\/\/casadecampoliving.com\/es\/cartelera-de-peliculas-25-de-julio-1-de-agosto\/","mainEntityOfPage":{"@type":"WebPage","@id":"http:\/\/casadecampoliving.com\/es\/cartelera-de-peliculas-25-de-julio-1-de-agosto\/"},"thumbnailUrl":"https:\/\/i0.wp.com\/casadecampoliving.com\/wp-content\/uploads\/2022\/10\/movies-_banner-1000x550-1-2.jpg?resize=150%2C150&ssl=1","image":{"@type":"ImageObject","url":"https:\/\/i0.wp.com\/casadecampoliving.com\/wp-content\/uploads\/2022\/10\/movies-_banner-1000x550-1-2.jpg?fit=1000%2C550&ssl=1"},"articleSection":"Cine @es","author":[{"@type":"Person","name":"Casa de Campo Living"}],"creator":["Casa de Campo Living"],"publisher":{"@type":"Organization","name":"Casa de Campo Living","logo":"https:\/\/casadecampoliving.com\/wp-content\/uploads\/2022\/07\/CDCLivingLogo_V1-white-sized.png"},"keywords":["cartelera","cine","estrenos","horario;","peliculas"],"dateCreated":"2019-07-26T04:00:00Z","datePublished":"2019-07-26T04:00:00Z","dateModified":"2022-10-21T23:05:58Z"},"rendered":"<script type=\"application\/ld+json\" class=\"wp-parsely-metadata\">{\"@context\":\"https:\\\/\\\/schema.org\",\"@type\":\"NewsArticle\",\"headline\":\"Cartelera de pel\\u00edculas: 25 de julio &#8211; 1 de agosto\",\"url\":\"http:\\\/\\\/casadecampoliving.com\\\/es\\\/cartelera-de-peliculas-25-de-julio-1-de-agosto\\\/\",\"mainEntityOfPage\":{\"@type\":\"WebPage\",\"@id\":\"http:\\\/\\\/casadecampoliving.com\\\/es\\\/cartelera-de-peliculas-25-de-julio-1-de-agosto\\\/\"},\"thumbnailUrl\":\"https:\\\/\\\/i0.wp.com\\\/casadecampoliving.com\\\/wp-content\\\/uploads\\\/2022\\\/10\\\/movies-_banner-1000x550-1-2.jpg?resize=150%2C150&ssl=1\",\"image\":{\"@type\":\"ImageObject\",\"url\":\"https:\\\/\\\/i0.wp.com\\\/casadecampoliving.com\\\/wp-content\\\/uploads\\\/2022\\\/10\\\/movies-_banner-1000x550-1-2.jpg?fit=1000%2C550&ssl=1\"},\"articleSection\":\"Cine @es\",\"author\":[{\"@type\":\"Person\",\"name\":\"Casa de Campo Living\"}],\"creator\":[\"Casa de Campo Living\"],\"publisher\":{\"@type\":\"Organization\",\"name\":\"Casa de Campo Living\",\"logo\":\"https:\\\/\\\/casadecampoliving.com\\\/wp-content\\\/uploads\\\/2022\\\/07\\\/CDCLivingLogo_V1-white-sized.png\"},\"keywords\":[\"cartelera\",\"cine\",\"estrenos\",\"horario;\",\"peliculas\"],\"dateCreated\":\"2019-07-26T04:00:00Z\",\"datePublished\":\"2019-07-26T04:00:00Z\",\"dateModified\":\"2022-10-21T23:05:58Z\"}<\/script>","tracker_url":"https:\/\/cdn.parsely.com\/keys\/casadecampoliving.com\/p.js"},"jetpack_publicize_connections":[],"jetpack_featured_media_url":"https:\/\/i0.wp.com\/casadecampoliving.com\/wp-content\/uploads\/2022\/10\/movies-_banner-1000x550-1-2.jpg?fit=1000%2C550&ssl=1","jetpack-related-posts":[{"id":351743,"url":"https:\/\/casadecampoliving.com\/es\/marina-casa-de-campo-cartelera-de-peliculas-20-26-de-julio\/","url_meta":{"origin":353507,"position":0},"title":"Marina Casa de Campo Cartelera de pel\u00edculas: 20 &#8211; 26 de julio","author":"Heather Lincoln","date":"20 Jul, 2017","format":false,"excerpt":"Es una semana en la que los ni\u00f1os tienen preferencia en el cine, \u00a1aunque muchos de nosotros tambi\u00e9n somos fans de los Transformers! La Marina Casa de Campo tiene como estreno de esta semana la ultima pelicula de la serie llena de acci\u00f3n, \u201cTransformer: El \u00daltimo Caballero\u201d, mientras sigue proyectando\u2026","rel":"","context":"En \u00abCine @es\u00bb","block_context":{"text":"Cine @es","link":"https:\/\/casadecampoliving.com\/es\/category\/cine-3\/"},"img":{"alt_text":"movie times","src":"https:\/\/i0.wp.com\/casadecampoliving.com\/wp-content\/uploads\/2022\/10\/CDCAMP-20-de-Julio-e1500561593321.jpg?fit=800%2C356&ssl=1&resize=350%2C200","width":350,"height":200,"srcset":"https:\/\/i0.wp.com\/casadecampoliving.com\/wp-content\/uploads\/2022\/10\/CDCAMP-20-de-Julio-e1500561593321.jpg?fit=800%2C356&ssl=1&resize=350%2C200 1x, https:\/\/i0.wp.com\/casadecampoliving.com\/wp-content\/uploads\/2022\/10\/CDCAMP-20-de-Julio-e1500561593321.jpg?fit=800%2C356&ssl=1&resize=525%2C300 1.5x, https:\/\/i0.wp.com\/casadecampoliving.com\/wp-content\/uploads\/2022\/10\/CDCAMP-20-de-Julio-e1500561593321.jpg?fit=800%2C356&ssl=1&resize=700%2C400 2x"},"classes":[]},{"id":354102,"url":"https:\/\/casadecampoliving.com\/es\/marina-casa-de-campo-cartelera-de-peliculas-15-al-21-de-julio\/","url_meta":{"origin":353507,"position":1},"title":"Marina Casa de Campo Cartelera de pel\u00edculas: 15 al 21 de julio","author":"Casa de Campo Living","date":"15 Jul, 2021","format":false,"excerpt":"No hay nada como sentarse con unas palomitas de ma\u00edz calientes y una buena pel\u00edcula para disfrutar solo, con alguien especial o con amigos y familiares. En su pr\u00f3xima visita al teatro, notar\u00e1 que se han tomado medidas para garantizar la salud y seguridad de sus invitados, incluyendo filas m\u00e1s\u2026","rel":"","context":"En \u00abCasa de Campo Living @es\u00bb","block_context":{"text":"Casa de Campo Living @es","link":"https:\/\/casadecampoliving.com\/category\/casa-de-campo-living-es\/"},"img":{"alt_text":"","src":"https:\/\/i0.wp.com\/casadecampoliving.com\/wp-content\/uploads\/2022\/10\/cc_lamaricacdc_banner2048x1365-e1605895844463-1.png?fit=1000%2C667&ssl=1&resize=350%2C200","width":350,"height":200,"srcset":"https:\/\/i0.wp.com\/casadecampoliving.com\/wp-content\/uploads\/2022\/10\/cc_lamaricacdc_banner2048x1365-e1605895844463-1.png?fit=1000%2C667&ssl=1&resize=350%2C200 1x, https:\/\/i0.wp.com\/casadecampoliving.com\/wp-content\/uploads\/2022\/10\/cc_lamaricacdc_banner2048x1365-e1605895844463-1.png?fit=1000%2C667&ssl=1&resize=525%2C300 1.5x, https:\/\/i0.wp.com\/casadecampoliving.com\/wp-content\/uploads\/2022\/10\/cc_lamaricacdc_banner2048x1365-e1605895844463-1.png?fit=1000%2C667&ssl=1&resize=700%2C400 2x"},"classes":[]},{"id":354436,"url":"https:\/\/casadecampoliving.com\/es\/marina-casa-de-campo-cartelera-de-peliculas-7-13-de-julio\/","url_meta":{"origin":353507,"position":2},"title":"Marina Casa de Campo Cartelera de pel\u00edculas: 7-13 de julio","author":"Casa de Campo Living","date":"8 Jul, 2022","format":false,"excerpt":"No hay nada como sentarse con unas palomitas de ma\u00edz calientes y una buena pel\u00edcula para disfrutar solo, con alguien especial o con amigos y familiares. En su pr\u00f3xima visita al teatro, notar\u00e1 que se han tomado medidas para garantizar la salud y seguridad de sus invitados, incluyendo filas m\u00e1s\u2026","rel":"","context":"En \u00abCasa de Campo Living @es\u00bb","block_context":{"text":"Casa de Campo Living @es","link":"https:\/\/casadecampoliving.com\/category\/casa-de-campo-living-es\/"},"img":{"alt_text":"","src":"https:\/\/i0.wp.com\/casadecampoliving.com\/wp-content\/uploads\/2022\/10\/cc_lamaricacdc_banner2048x1365-e1605895844463-1.png?fit=1000%2C667&ssl=1&resize=350%2C200","width":350,"height":200,"srcset":"https:\/\/i0.wp.com\/casadecampoliving.com\/wp-content\/uploads\/2022\/10\/cc_lamaricacdc_banner2048x1365-e1605895844463-1.png?fit=1000%2C667&ssl=1&resize=350%2C200 1x, https:\/\/i0.wp.com\/casadecampoliving.com\/wp-content\/uploads\/2022\/10\/cc_lamaricacdc_banner2048x1365-e1605895844463-1.png?fit=1000%2C667&ssl=1&resize=525%2C300 1.5x, https:\/\/i0.wp.com\/casadecampoliving.com\/wp-content\/uploads\/2022\/10\/cc_lamaricacdc_banner2048x1365-e1605895844463-1.png?fit=1000%2C667&ssl=1&resize=700%2C400 2x"},"classes":[]},{"id":350925,"url":"https:\/\/casadecampoliving.com\/es\/marina-casa-de-campo-cartelera-de-cine-15-21-diciembre\/","url_meta":{"origin":353507,"position":3},"title":"Marina Casa de Campo Cartelera de Cine: 15-21 Diciembre","author":"Marlenys Guzm\u00e1n Casta\u00f1os","date":"16 Dic, 2016","format":false,"excerpt":"Esta semana los nuevos estrenos en la cartelera\u00a0de cine de Marina Casa de Campo incluyen: \u201cRogue One\u201d,\u00a0\u201cEl Abogado del Mal\u201d\u00a0mientras que todav\u00eda se est\u00e1n proyectando\u00a0 \u201cSully\u201d. \u201cRogue One\u201dProyecciones: Lunes \u2013 Viernes\u00a06:30pm, 6:45pm, 9:25pm S\u00e1bado\u00a0\u2013 Domingo\u00a04:15pm, 4:25pm, 6:30, 6:45pm, 9:25pm Sinopsis: La Rebeli\u00f3n hace un movimiento arriesgado para robar los planos\u2026","rel":"","context":"En \u00abCine @es\u00bb","block_context":{"text":"Cine @es","link":"https:\/\/casadecampoliving.com\/es\/category\/cine-3\/"},"img":{"alt_text":"","src":"https:\/\/i0.wp.com\/casadecampoliving.com\/wp-content\/uploads\/2022\/10\/CDCAMP-15-de-Diciembre.jpg?fit=800%2C348&ssl=1&resize=350%2C200","width":350,"height":200,"srcset":"https:\/\/i0.wp.com\/casadecampoliving.com\/wp-content\/uploads\/2022\/10\/CDCAMP-15-de-Diciembre.jpg?fit=800%2C348&ssl=1&resize=350%2C200 1x, https:\/\/i0.wp.com\/casadecampoliving.com\/wp-content\/uploads\/2022\/10\/CDCAMP-15-de-Diciembre.jpg?fit=800%2C348&ssl=1&resize=525%2C300 1.5x, https:\/\/i0.wp.com\/casadecampoliving.com\/wp-content\/uploads\/2022\/10\/CDCAMP-15-de-Diciembre.jpg?fit=800%2C348&ssl=1&resize=700%2C400 2x"},"classes":[]},{"id":350803,"url":"https:\/\/casadecampoliving.com\/es\/marina-casa-de-campo-cartelera-de-cine-10-16-de-noviembre\/","url_meta":{"origin":353507,"position":4},"title":"Marina Casa de Campo Cartelera de cine: 10-16 de noviembre","author":"Marlenys Guzm\u00e1n Casta\u00f1os","date":"11 Nov, 2016","format":false,"excerpt":"Esta semana los estrenos en la cartelera\u00a0de cine en la Marina de Casa de Campo: \u201cJack Reacher: Never Go Back\u201d, y \u00a0\u201cArrival\u201d\u00a0mientras tanto siguen proyect\u00e1ndose\u00a0de \u201cDoctor Strange\u201d y \u201cTrolls\u201d. \u201cJack Reacher: Nunca vuelvas atr\u00e1s\u201dProyecciones: Lunes\u00a0\u2013 Viernes\u00a07:00pm, 9:35pm S\u00e1bado\u00a0\u2013 Domingo\u00a04:25pm, 7:00pm & 9:25pm Sinopsis: Jack Reacher debe descubrir la verdad detr\u00e1s\u2026","rel":"","context":"En \u00abCine @es\u00bb","block_context":{"text":"Cine @es","link":"https:\/\/casadecampoliving.com\/es\/category\/cine-3\/"},"img":{"alt_text":"Movie Times Casa de Campo","src":"https:\/\/i0.wp.com\/casadecampoliving.com\/wp-content\/uploads\/2022\/10\/CDCAMP-10-de-Noviembre-1-e1478874633213.jpg?fit=800%2C348&ssl=1&resize=350%2C200","width":350,"height":200,"srcset":"https:\/\/i0.wp.com\/casadecampoliving.com\/wp-content\/uploads\/2022\/10\/CDCAMP-10-de-Noviembre-1-e1478874633213.jpg?fit=800%2C348&ssl=1&resize=350%2C200 1x, https:\/\/i0.wp.com\/casadecampoliving.com\/wp-content\/uploads\/2022\/10\/CDCAMP-10-de-Noviembre-1-e1478874633213.jpg?fit=800%2C348&ssl=1&resize=525%2C300 1.5x, https:\/\/i0.wp.com\/casadecampoliving.com\/wp-content\/uploads\/2022\/10\/CDCAMP-10-de-Noviembre-1-e1478874633213.jpg?fit=800%2C348&ssl=1&resize=700%2C400 2x"},"classes":[]},{"id":354234,"url":"https:\/\/casadecampoliving.com\/es\/marina-casa-de-campo-cartelera-de-peliculas-23-29-de-diciembre\/","url_meta":{"origin":353507,"position":5},"title":"Marina Casa de Campo Cartelera de pel\u00edculas: 23-29 de diciembre","author":"Casa de Campo Living","date":"23 Dic, 2021","format":false,"excerpt":"No hay nada como sentarse con unas palomitas de ma\u00edz calientes y una buena pel\u00edcula para disfrutar solo, con alguien especial o con amigos y familiares. En su pr\u00f3xima visita al teatro, notar\u00e1 que se han tomado medidas para garantizar la salud y seguridad de sus invitados, incluyendo filas m\u00e1s\u2026","rel":"","context":"En \u00abCasa de Campo Living @es\u00bb","block_context":{"text":"Casa de Campo Living @es","link":"https:\/\/casadecampoliving.com\/category\/casa-de-campo-living-es\/"},"img":{"alt_text":"","src":"https:\/\/i0.wp.com\/casadecampoliving.com\/wp-content\/uploads\/2022\/10\/cc_lamaricacdc_banner2048x1365-e1605895844463-1.png?fit=1000%2C667&ssl=1&resize=350%2C200","width":350,"height":200,"srcset":"https:\/\/i0.wp.com\/casadecampoliving.com\/wp-content\/uploads\/2022\/10\/cc_lamaricacdc_banner2048x1365-e1605895844463-1.png?fit=1000%2C667&ssl=1&resize=350%2C200 1x, https:\/\/i0.wp.com\/casadecampoliving.com\/wp-content\/uploads\/2022\/10\/cc_lamaricacdc_banner2048x1365-e1605895844463-1.png?fit=1000%2C667&ssl=1&resize=525%2C300 1.5x, https:\/\/i0.wp.com\/casadecampoliving.com\/wp-content\/uploads\/2022\/10\/cc_lamaricacdc_banner2048x1365-e1605895844463-1.png?fit=1000%2C667&ssl=1&resize=700%2C400 2x"},"classes":[]}],"jetpack_sharing_enabled":true,"_links":{"self":[{"href":"https:\/\/casadecampoliving.com\/es\/wp-json\/wp\/v2\/posts\/353507","targetHints":{"allow":["GET"]}}],"collection":[{"href":"https:\/\/casadecampoliving.com\/es\/wp-json\/wp\/v2\/posts"}],"about":[{"href":"https:\/\/casadecampoliving.com\/es\/wp-json\/wp\/v2\/types\/post"}],"author":[{"embeddable":true,"href":"https:\/\/casadecampoliving.com\/es\/wp-json\/wp\/v2\/users\/36791"}],"replies":[{"embeddable":true,"href":"https:\/\/casadecampoliving.com\/es\/wp-json\/wp\/v2\/comments?post=353507"}],"version-history":[{"count":0,"href":"https:\/\/casadecampoliving.com\/es\/wp-json\/wp\/v2\/posts\/353507\/revisions"}],"wp:featuredmedia":[{"embeddable":true,"href":"https:\/\/casadecampoliving.com\/es\/wp-json\/wp\/v2\/media\/331774"}],"wp:attachment":[{"href":"https:\/\/casadecampoliving.com\/es\/wp-json\/wp\/v2\/media?parent=353507"}],"wp:term":[{"taxonomy":"category","embeddable":true,"href":"https:\/\/casadecampoliving.com\/es\/wp-json\/wp\/v2\/categories?post=353507"},{"taxonomy":"post_tag","embeddable":true,"href":"https:\/\/casadecampoliving.com\/es\/wp-json\/wp\/v2\/tags?post=353507"},{"taxonomy":"newspack_spnsrs_tax","embeddable":true,"href":"https:\/\/casadecampoliving.com\/es\/wp-json\/wp\/v2\/newspack_spnsrs_tax?post=353507"}],"curies":[{"name":"wp","href":"https:\/\/api.w.org\/{rel}","templated":true}]}}