{"id":353503,"date":"2019-07-16T00:00:00","date_gmt":"2019-07-16T04:00:00","guid":{"rendered":"https:\/\/casadecampoliving.com\/la-quinta-annual-latin-america-pro-am-se-realizara-en-dos-semanas-no-olvide-inscribirse\/"},"modified":"2022-11-10T10:05:04","modified_gmt":"2022-11-10T14:05:04","slug":"la-quinta-annual-latin-america-pro-am-se-realizara-en-dos-semanas-no-olvide-inscribirse","status":"publish","type":"post","link":"https:\/\/casadecampoliving.com\/es\/la-quinta-annual-latin-america-pro-am-se-realizara-en-dos-semanas-no-olvide-inscribirse\/","title":{"rendered":"La quinta edici\u00f3n Annual Latin America Pro Am se realizar\u00e1 en dos semanas. \u00a1No olvide inscribirse!"},"content":{"rendered":"<p>Tanto los aficionados como los profesionales est\u00e1n invitados a participar en la 5\u00aa edici\u00f3n Annual Latin America Pro Am que tendr\u00e1 lugar en el Teeth of the Dog del 6 al 10 de agosto. Al igual que en a\u00f1os anteriores, los equipos se forman con un profesional y cuatro amateurs, el campo es limitado, as\u00ed que aseg\u00farese de asegurar su lugar al registrarse hoy.<\/p>\n<p><img data-recalc-dims=\"1\" loading=\"lazy\" decoding=\"async\" class=\"aligncenter size-full wp-image-171291\" src=\"https:\/\/i0.wp.com\/casadecampoliving-wp.s3-accelerate.amazonaws.com\/2019\/07\/IMG_4217.jpg?resize=1000%2C667&#038;ssl=1\" alt=\"\" width=\"1000\" height=\"667\" srcset=\"https:\/\/i0.wp.com\/casadecampoliving.com\/wp-content\/uploads\/2019\/07\/IMG_4217.jpg?w=1000&amp;ssl=1 1000w, https:\/\/i0.wp.com\/casadecampoliving.com\/wp-content\/uploads\/2019\/07\/IMG_4217.jpg?resize=300%2C200&amp;ssl=1 300w, https:\/\/i0.wp.com\/casadecampoliving.com\/wp-content\/uploads\/2019\/07\/IMG_4217.jpg?resize=768%2C512&amp;ssl=1 768w, https:\/\/i0.wp.com\/casadecampoliving-wp.s3-accelerate.amazonaws.com\/2019\/07\/IMG_4217.jpg?w=370&amp;ssl=1 370w, https:\/\/i0.wp.com\/casadecampoliving-wp.s3-accelerate.amazonaws.com\/2019\/07\/IMG_4217.jpg?w=400&amp;ssl=1 400w\" sizes=\"auto, (max-width: 1000px) 100vw, 1000px\" \/><\/p>\n<p>El torneo ser\u00e1 un evento de equipo de 54 hoyos, jugado en Teeth of the Dog, clasificado entre los 50 mejores del mundo. La primera ronda ser\u00e1 la mejor bola neta, la segunda ronda ser\u00e1 la mejor bola neta y la mejor (no se puede usar la misma pelota de golf) y la ronda final ser\u00e1 la mejor bola neta. Los equipos se dividir\u00e1n en vuelos seg\u00fan la desventaja total del equipo. \u00a1Los premios se otorgar\u00e1n en cada vuelo m\u00e1s el campe\u00f3n del equipo general y el equipo Campe\u00f3n General levantar\u00e1 la \u00abCopa de Campeones\u00bb! Otros concursos incluyen Daily Closest to the Pin para todos los jugadores y Net y Gross Skins opcionales y Hole in One Pot: US $ 60 en efectivo.<\/p>\n<p>El a\u00f1o pasado, el evento cont\u00f3 con 115 jugadores y no jugadores de golf para un total de 150 participantes de diferentes pa\u00edses, incluidos Argentina, Paraguay, Uruguay, M\u00e9xico, Puerto Rico, Estados Unidos y Canad\u00e1. \u00a1Hubo 24 equipos, un r\u00e9cord de participantes en la historia del evento! En la categor\u00eda profesional, Rafael Guerrero Lauria gan\u00f3 el 1er lugar, mientras que Julio Zapata lleg\u00f3 en el segundo lugar y Luciano Giometti en el tercero. El equipo campe\u00f3n general del torneo incluy\u00f3 al profesional de golf, Armando L\u00f3pez Ron, Oscar Mart\u00edn, Oscar Yoshinori M, Jos\u00e9 Luis Vel\u00e1zquez y Arturo Rubio.<\/p>\n<p><em><strong>\u00a1No pierdas la oportunidad de ser coronado como el ganador de este a\u00f1o <a href=\"https:\/\/www.casadecampoteetimes.com\/latinamericapro19.php?t=15638211269661cd1df59525d8c6dd71e8115d48c614810335296a3cc3388042f7c187c9b7a87a5716e0\" target=\"_blank\" rel=\"noopener noreferrer\">y reg\u00edstrate!<\/a><\/strong><\/em><\/p>\n<p><em>Fotos de la ceremonia de premiaci\u00f3n del a\u00f1o pasado tomadas por Dariana Soriano:<\/em><\/p>\n<p>[nggallery id=3134]<\/p>\n<blockquote><p><strong>5\u00aa edici\u00f3n Annual Latin America Pro Am<\/strong><\/p>\n<p>Para saber m\u00e1s sobre \u00e9ste u otros eventos de golf, puede comunicarse con el departamento de golf al n\u00famero 809-523-8115 o escr\u00edbanos un <a href=\"mailto:j.guerrero@ccampo.com.do\" target=\"_blank\" rel=\"noopener noreferrer\">j.guerrero@ccampo.com.do<\/a><\/p><\/blockquote>\n<div class=\"table-responsive\">\n<blockquote>\n<table id=\"tablepress-408\" class=\"tablepress tablepress-id-408 table table-striped\">\n<thead>\n<tr class=\"row-1 odd\">\n<th class=\"column-1\">FECHA<\/th>\n<th class=\"column-2\">AGENDA<\/th>\n<\/tr>\n<\/thead>\n<tbody class=\"row-hover\">\n<tr class=\"row-2 even\">\n<td class=\"column-1\">6 de agosto<\/td>\n<td class=\"column-2\">\n<ul>\n<li>Llegada y rondas de pr\u00e1ctica<\/li>\n<li>Coctel de bienvenida y cena a las 7:30 p.m.<\/li>\n<\/ul>\n<\/td>\n<\/tr>\n<tr class=\"row-3 odd\">\n<td class=\"column-1\">7 de agosto<\/td>\n<td class=\"column-2\">\n<ul>\n<li>Primera ronda en Teeth of the Dog \u2013 Tiempos de salida desde las 7:30 a.m. \u2013 Una mejor bola neta<\/li>\n<li>Noche libre para disfrutar los restaurantes del resort<\/li>\n<\/ul>\n<\/td>\n<\/tr>\n<tr class=\"row-4 even\">\n<td class=\"column-1\">8 de agosto<\/td>\n<td class=\"column-2\">\n<ul>\n<li>Segunda ronda en Teeth of the Dog \u2013 Tiempos de salida desde las 7:30 a.m. \u2013 Una mejor bola neta + Una mejor bola bruta (no puede ser la misma bola)<\/li>\n<li>Noche libre para disfrutar de los restaurantes del resort<\/li>\n<\/ul>\n<\/td>\n<\/tr>\n<tr class=\"row-5 odd\">\n<td class=\"column-1\">9 de agosto<\/td>\n<td class=\"column-2\">\n<ul>\n<li>Tercera ronda en Teeth of the Dog \u2013 Tiempos de salida desde las 7:30 a.m.\u2013 Dos mejores bolas netas<\/li>\n<li>Coctel de premiaci\u00f3n y cena a las 7:30 p.m.<\/li>\n<\/ul>\n<\/td>\n<\/tr>\n<tr class=\"row-6 even\">\n<td class=\"column-1\">10 de agosto<\/td>\n<td class=\"column-2\">\n<ul>\n<li>D\u00eda de salida<\/li>\n<\/ul>\n<\/td>\n<\/tr>\n<\/tbody>\n<\/table>\n<p>&nbsp;<\/p><\/blockquote>\n<\/div>\n","protected":false},"excerpt":{"rendered":"<p>Tanto los aficionados como los profesionales est\u00e1n invitados a participar en la 5\u00aa edici\u00f3n Annual Latin America Pro Am que tendr\u00e1 lugar en el Teeth of the Dog del 6 al 10 de agosto. Al igual que en a\u00f1os anteriores, los equipos se forman con un profesional y cuatro amateurs, el campo es limitado, as\u00ed [&hellip;]<\/p>\n","protected":false},"author":36791,"featured_media":0,"comment_status":"closed","ping_status":"closed","sticky":false,"template":"","format":"standard","meta":{"newspack_ads_suppress_ads":false,"newspack_popups_has_disabled_popups":false,"newspack_sponsor_sponsorship_scope":"","newspack_sponsor_native_byline_display":"inherit","newspack_sponsor_native_category_display":"inherit","newspack_sponsor_underwriter_style":"inherit","newspack_sponsor_underwriter_placement":"inherit","_newspack_byline_active":false,"_newspack_byline":"","newspack_hide_updated_date":false,"newspack_show_updated_date":false,"newspack_content_restriction_is_exempt":false,"newspack_featured_image_position":"","newspack_post_subtitle":"","newspack_article_summary_title":"Overview:","newspack_article_summary":"","_jetpack_memberships_contains_paid_content":false,"footnotes":"","jetpack_publicize_message":"","jetpack_publicize_feature_enabled":true,"jetpack_social_post_already_shared":false,"jetpack_social_options":{"image_generator_settings":{"template":"highway","default_image_id":0,"font":"","enabled":false},"version":2},"_wpas_customize_per_network":false},"categories":[2525,14631,2522,14627,2521,26822],"tags":[5449,23088,23815,22371,14736,176,782],"newspack_spnsrs_tax":[],"class_list":["post-353503","post","type-post","status-publish","format-standard","hentry","category-golf-deportes-es","category-estilo-de-vida","category-eventos-es","category-proximamente","category-republica-dominicana-2","category-resort-casa-de-campo","tag-amateurs","tag-america-latina-pro-am","tag-casa-de-campo-es-17","tag-dientes-del-perro","tag-featured-topview-es","tag-golf","tag-golf-professionals","entry"],"yoast_head":"<!-- This site is optimized with the Yoast SEO plugin v27.5 - https:\/\/yoast.com\/product\/yoast-seo-wordpress\/ -->\n<title>La quinta edici\u00f3n Annual Latin America Pro Am se realizar\u00e1 en dos semanas. \u00a1No olvide inscribirse! | Casa de Campo Living<\/title>\n<meta name=\"description\" content=\"Tanto los aficionados como los profesionales est\u00e1n invitados a participar en la 5\u00aa edici\u00f3n Annual Latin America Pro Am que tendr\u00e1 lugar en el Teeth of the\" \/>\n<meta name=\"robots\" content=\"index, follow, max-snippet:-1, max-image-preview:large, max-video-preview:-1\" \/>\n<link rel=\"canonical\" href=\"https:\/\/casadecampoliving.com\/es\/la-quinta-annual-latin-america-pro-am-se-realizara-en-dos-semanas-no-olvide-inscribirse\/\" \/>\n<meta property=\"og:locale\" content=\"es_ES\" \/>\n<meta property=\"og:type\" content=\"article\" \/>\n<meta property=\"og:title\" content=\"La quinta edici\u00f3n Annual Latin America Pro Am se realizar\u00e1 en dos semanas. \u00a1No olvide inscribirse! | Casa de Campo Living\" \/>\n<meta property=\"og:description\" content=\"Tanto los aficionados como los profesionales est\u00e1n invitados a participar en la 5\u00aa edici\u00f3n Annual Latin America Pro Am que tendr\u00e1 lugar en el Teeth of the\" \/>\n<meta property=\"og:url\" content=\"https:\/\/casadecampoliving.com\/es\/la-quinta-annual-latin-america-pro-am-se-realizara-en-dos-semanas-no-olvide-inscribirse\/\" \/>\n<meta property=\"og:site_name\" content=\"Casa de Campo Living\" \/>\n<meta property=\"article:publisher\" content=\"https:\/\/www.facebook.com\/casadecampoliving\" \/>\n<meta property=\"article:published_time\" content=\"2019-07-16T04:00:00+00:00\" \/>\n<meta property=\"article:modified_time\" content=\"2022-11-10T14:05:04+00:00\" \/>\n<meta property=\"og:image\" content=\"https:\/\/casadecampoliving-wp.s3-accelerate.amazonaws.com\/2019\/07\/IMG_4217.jpg\" \/>\n<meta name=\"author\" content=\"Casa de Campo Living\" \/>\n<meta name=\"twitter:card\" content=\"summary_large_image\" \/>\n<meta name=\"twitter:creator\" content=\"@cdcliving\" \/>\n<meta name=\"twitter:site\" content=\"@cdcliving\" \/>\n<meta name=\"twitter:label1\" content=\"Escrito por\" \/>\n\t<meta name=\"twitter:data1\" content=\"Casa de Campo Living\" \/>\n\t<meta name=\"twitter:label2\" content=\"Tiempo de lectura\" \/>\n\t<meta name=\"twitter:data2\" content=\"2 minutos\" \/>\n<script type=\"application\/ld+json\" class=\"yoast-schema-graph\">{\"@context\":\"https:\\\/\\\/schema.org\",\"@graph\":[{\"@type\":\"Article\",\"@id\":\"https:\\\/\\\/casadecampoliving.com\\\/es\\\/la-quinta-annual-latin-america-pro-am-se-realizara-en-dos-semanas-no-olvide-inscribirse\\\/#article\",\"isPartOf\":{\"@id\":\"https:\\\/\\\/casadecampoliving.com\\\/es\\\/la-quinta-annual-latin-america-pro-am-se-realizara-en-dos-semanas-no-olvide-inscribirse\\\/\"},\"author\":{\"name\":\"Casa de Campo Living\",\"@id\":\"https:\\\/\\\/casadecampoliving.com\\\/es\\\/#\\\/schema\\\/person\\\/5d2171637a9d11e0e43ce6b8555f9422\"},\"headline\":\"La quinta edici\u00f3n Annual Latin America Pro Am se realizar\u00e1 en dos semanas. \u00a1No olvide inscribirse!\",\"datePublished\":\"2019-07-16T04:00:00+00:00\",\"dateModified\":\"2022-11-10T14:05:04+00:00\",\"mainEntityOfPage\":{\"@id\":\"https:\\\/\\\/casadecampoliving.com\\\/es\\\/la-quinta-annual-latin-america-pro-am-se-realizara-en-dos-semanas-no-olvide-inscribirse\\\/\"},\"wordCount\":506,\"publisher\":{\"@id\":\"https:\\\/\\\/casadecampoliving.com\\\/es\\\/#organization\"},\"image\":{\"@id\":\"https:\\\/\\\/casadecampoliving.com\\\/es\\\/la-quinta-annual-latin-america-pro-am-se-realizara-en-dos-semanas-no-olvide-inscribirse\\\/#primaryimage\"},\"thumbnailUrl\":\"https:\\\/\\\/casadecampoliving-wp.s3-accelerate.amazonaws.com\\\/2019\\\/07\\\/IMG_4217.jpg\",\"keywords\":[\"amateurs\",\"AM\u00c9RICA LATINA PRO-AM\",\"Casa de Campo\",\"DIENTES DEL PERRO\",\"Featured-TopView @es\",\"Golf\",\"Golf professionals\"],\"articleSection\":[\"Deportes\",\"Estilo de Vida\",\"Eventos\",\"Proximamente\",\"Rep\u00fablica Dominicana @es\",\"Resort Casa de Campo\"],\"inLanguage\":\"es\"},{\"@type\":\"WebPage\",\"@id\":\"https:\\\/\\\/casadecampoliving.com\\\/es\\\/la-quinta-annual-latin-america-pro-am-se-realizara-en-dos-semanas-no-olvide-inscribirse\\\/\",\"url\":\"https:\\\/\\\/casadecampoliving.com\\\/es\\\/la-quinta-annual-latin-america-pro-am-se-realizara-en-dos-semanas-no-olvide-inscribirse\\\/\",\"name\":\"La quinta edici\u00f3n Annual Latin America Pro Am se realizar\u00e1 en dos semanas. \u00a1No olvide inscribirse! | Casa de Campo Living\",\"isPartOf\":{\"@id\":\"https:\\\/\\\/casadecampoliving.com\\\/es\\\/#website\"},\"primaryImageOfPage\":{\"@id\":\"https:\\\/\\\/casadecampoliving.com\\\/es\\\/la-quinta-annual-latin-america-pro-am-se-realizara-en-dos-semanas-no-olvide-inscribirse\\\/#primaryimage\"},\"image\":{\"@id\":\"https:\\\/\\\/casadecampoliving.com\\\/es\\\/la-quinta-annual-latin-america-pro-am-se-realizara-en-dos-semanas-no-olvide-inscribirse\\\/#primaryimage\"},\"thumbnailUrl\":\"https:\\\/\\\/casadecampoliving-wp.s3-accelerate.amazonaws.com\\\/2019\\\/07\\\/IMG_4217.jpg\",\"datePublished\":\"2019-07-16T04:00:00+00:00\",\"dateModified\":\"2022-11-10T14:05:04+00:00\",\"description\":\"Tanto los aficionados como los profesionales est\u00e1n invitados a participar en la 5\u00aa edici\u00f3n Annual Latin America Pro Am que tendr\u00e1 lugar en el Teeth of the\",\"breadcrumb\":{\"@id\":\"https:\\\/\\\/casadecampoliving.com\\\/es\\\/la-quinta-annual-latin-america-pro-am-se-realizara-en-dos-semanas-no-olvide-inscribirse\\\/#breadcrumb\"},\"inLanguage\":\"es\",\"potentialAction\":[{\"@type\":\"ReadAction\",\"target\":[\"https:\\\/\\\/casadecampoliving.com\\\/es\\\/la-quinta-annual-latin-america-pro-am-se-realizara-en-dos-semanas-no-olvide-inscribirse\\\/\"]}]},{\"@type\":\"ImageObject\",\"inLanguage\":\"es\",\"@id\":\"https:\\\/\\\/casadecampoliving.com\\\/es\\\/la-quinta-annual-latin-america-pro-am-se-realizara-en-dos-semanas-no-olvide-inscribirse\\\/#primaryimage\",\"url\":\"https:\\\/\\\/casadecampoliving-wp.s3-accelerate.amazonaws.com\\\/2019\\\/07\\\/IMG_4217.jpg\",\"contentUrl\":\"https:\\\/\\\/casadecampoliving-wp.s3-accelerate.amazonaws.com\\\/2019\\\/07\\\/IMG_4217.jpg\"},{\"@type\":\"BreadcrumbList\",\"@id\":\"https:\\\/\\\/casadecampoliving.com\\\/es\\\/la-quinta-annual-latin-america-pro-am-se-realizara-en-dos-semanas-no-olvide-inscribirse\\\/#breadcrumb\",\"itemListElement\":[{\"@type\":\"ListItem\",\"position\":1,\"name\":\"Home\",\"item\":\"https:\\\/\\\/casadecampoliving.com\\\/es\\\/\"},{\"@type\":\"ListItem\",\"position\":2,\"name\":\"La quinta edici\u00f3n Annual Latin America Pro Am se realizar\u00e1 en dos semanas. \u00a1No olvide inscribirse!\"}]},{\"@type\":\"WebSite\",\"@id\":\"https:\\\/\\\/casadecampoliving.com\\\/es\\\/#website\",\"url\":\"https:\\\/\\\/casadecampoliving.com\\\/es\\\/\",\"name\":\"Casa de Campo Living\",\"description\":\"Resort community news and resources.\",\"publisher\":{\"@id\":\"https:\\\/\\\/casadecampoliving.com\\\/es\\\/#organization\"},\"potentialAction\":[{\"@type\":\"SearchAction\",\"target\":{\"@type\":\"EntryPoint\",\"urlTemplate\":\"https:\\\/\\\/casadecampoliving.com\\\/es\\\/?s={search_term_string}\"},\"query-input\":{\"@type\":\"PropertyValueSpecification\",\"valueRequired\":true,\"valueName\":\"search_term_string\"}}],\"inLanguage\":\"es\"},{\"@type\":\"Organization\",\"@id\":\"https:\\\/\\\/casadecampoliving.com\\\/es\\\/#organization\",\"name\":\"Casa de Campo Living\",\"url\":\"https:\\\/\\\/casadecampoliving.com\\\/es\\\/\",\"logo\":{\"@type\":\"ImageObject\",\"inLanguage\":\"es\",\"@id\":\"https:\\\/\\\/casadecampoliving.com\\\/es\\\/#\\\/schema\\\/logo\\\/image\\\/\",\"url\":\"https:\\\/\\\/i0.wp.com\\\/casadecampoliving.com\\\/wp-content\\\/uploads\\\/2022\\\/07\\\/CDCLivingLogo_V1-white-sized.png?fit=800%2C214&ssl=1\",\"contentUrl\":\"https:\\\/\\\/i0.wp.com\\\/casadecampoliving.com\\\/wp-content\\\/uploads\\\/2022\\\/07\\\/CDCLivingLogo_V1-white-sized.png?fit=800%2C214&ssl=1\",\"width\":800,\"height\":214,\"caption\":\"Casa de Campo Living\"},\"image\":{\"@id\":\"https:\\\/\\\/casadecampoliving.com\\\/es\\\/#\\\/schema\\\/logo\\\/image\\\/\"},\"sameAs\":[\"https:\\\/\\\/www.facebook.com\\\/casadecampoliving\",\"https:\\\/\\\/x.com\\\/cdcliving\"]},{\"@type\":\"Person\",\"@id\":\"https:\\\/\\\/casadecampoliving.com\\\/es\\\/#\\\/schema\\\/person\\\/5d2171637a9d11e0e43ce6b8555f9422\",\"name\":\"Casa de Campo Living\",\"image\":{\"@type\":\"ImageObject\",\"inLanguage\":\"es\",\"@id\":\"https:\\\/\\\/secure.gravatar.com\\\/avatar\\\/d04101fa4a9fd431e939953b1500fdc7a73cd35029f86d98712fd8ccdaebaf9a?s=96&d=mm&r=g\",\"url\":\"https:\\\/\\\/secure.gravatar.com\\\/avatar\\\/d04101fa4a9fd431e939953b1500fdc7a73cd35029f86d98712fd8ccdaebaf9a?s=96&d=mm&r=g\",\"contentUrl\":\"https:\\\/\\\/secure.gravatar.com\\\/avatar\\\/d04101fa4a9fd431e939953b1500fdc7a73cd35029f86d98712fd8ccdaebaf9a?s=96&d=mm&r=g\",\"caption\":\"Casa de Campo Living\"},\"url\":\"https:\\\/\\\/casadecampoliving.com\\\/es\\\/author\\\/casa-de-campo-living\\\/\"}]}<\/script>\n<!-- \/ Yoast SEO plugin. -->","yoast_head_json":{"title":"La quinta edici\u00f3n Annual Latin America Pro Am se realizar\u00e1 en dos semanas. \u00a1No olvide inscribirse! | Casa de Campo Living","description":"Tanto los aficionados como los profesionales est\u00e1n invitados a participar en la 5\u00aa edici\u00f3n Annual Latin America Pro Am que tendr\u00e1 lugar en el Teeth of the","robots":{"index":"index","follow":"follow","max-snippet":"max-snippet:-1","max-image-preview":"max-image-preview:large","max-video-preview":"max-video-preview:-1"},"canonical":"https:\/\/casadecampoliving.com\/es\/la-quinta-annual-latin-america-pro-am-se-realizara-en-dos-semanas-no-olvide-inscribirse\/","og_locale":"es_ES","og_type":"article","og_title":"La quinta edici\u00f3n Annual Latin America Pro Am se realizar\u00e1 en dos semanas. \u00a1No olvide inscribirse! | Casa de Campo Living","og_description":"Tanto los aficionados como los profesionales est\u00e1n invitados a participar en la 5\u00aa edici\u00f3n Annual Latin America Pro Am que tendr\u00e1 lugar en el Teeth of the","og_url":"https:\/\/casadecampoliving.com\/es\/la-quinta-annual-latin-america-pro-am-se-realizara-en-dos-semanas-no-olvide-inscribirse\/","og_site_name":"Casa de Campo Living","article_publisher":"https:\/\/www.facebook.com\/casadecampoliving","article_published_time":"2019-07-16T04:00:00+00:00","article_modified_time":"2022-11-10T14:05:04+00:00","og_image":[{"url":"https:\/\/casadecampoliving-wp.s3-accelerate.amazonaws.com\/2019\/07\/IMG_4217.jpg","type":"","width":"","height":""}],"author":"Casa de Campo Living","twitter_card":"summary_large_image","twitter_creator":"@cdcliving","twitter_site":"@cdcliving","twitter_misc":{"Escrito por":"Casa de Campo Living","Tiempo de lectura":"2 minutos"},"schema":{"@context":"https:\/\/schema.org","@graph":[{"@type":"Article","@id":"https:\/\/casadecampoliving.com\/es\/la-quinta-annual-latin-america-pro-am-se-realizara-en-dos-semanas-no-olvide-inscribirse\/#article","isPartOf":{"@id":"https:\/\/casadecampoliving.com\/es\/la-quinta-annual-latin-america-pro-am-se-realizara-en-dos-semanas-no-olvide-inscribirse\/"},"author":{"name":"Casa de Campo Living","@id":"https:\/\/casadecampoliving.com\/es\/#\/schema\/person\/5d2171637a9d11e0e43ce6b8555f9422"},"headline":"La quinta edici\u00f3n Annual Latin America Pro Am se realizar\u00e1 en dos semanas. \u00a1No olvide inscribirse!","datePublished":"2019-07-16T04:00:00+00:00","dateModified":"2022-11-10T14:05:04+00:00","mainEntityOfPage":{"@id":"https:\/\/casadecampoliving.com\/es\/la-quinta-annual-latin-america-pro-am-se-realizara-en-dos-semanas-no-olvide-inscribirse\/"},"wordCount":506,"publisher":{"@id":"https:\/\/casadecampoliving.com\/es\/#organization"},"image":{"@id":"https:\/\/casadecampoliving.com\/es\/la-quinta-annual-latin-america-pro-am-se-realizara-en-dos-semanas-no-olvide-inscribirse\/#primaryimage"},"thumbnailUrl":"https:\/\/casadecampoliving-wp.s3-accelerate.amazonaws.com\/2019\/07\/IMG_4217.jpg","keywords":["amateurs","AM\u00c9RICA LATINA PRO-AM","Casa de Campo","DIENTES DEL PERRO","Featured-TopView @es","Golf","Golf professionals"],"articleSection":["Deportes","Estilo de Vida","Eventos","Proximamente","Rep\u00fablica Dominicana @es","Resort Casa de Campo"],"inLanguage":"es"},{"@type":"WebPage","@id":"https:\/\/casadecampoliving.com\/es\/la-quinta-annual-latin-america-pro-am-se-realizara-en-dos-semanas-no-olvide-inscribirse\/","url":"https:\/\/casadecampoliving.com\/es\/la-quinta-annual-latin-america-pro-am-se-realizara-en-dos-semanas-no-olvide-inscribirse\/","name":"La quinta edici\u00f3n Annual Latin America Pro Am se realizar\u00e1 en dos semanas. \u00a1No olvide inscribirse! | Casa de Campo Living","isPartOf":{"@id":"https:\/\/casadecampoliving.com\/es\/#website"},"primaryImageOfPage":{"@id":"https:\/\/casadecampoliving.com\/es\/la-quinta-annual-latin-america-pro-am-se-realizara-en-dos-semanas-no-olvide-inscribirse\/#primaryimage"},"image":{"@id":"https:\/\/casadecampoliving.com\/es\/la-quinta-annual-latin-america-pro-am-se-realizara-en-dos-semanas-no-olvide-inscribirse\/#primaryimage"},"thumbnailUrl":"https:\/\/casadecampoliving-wp.s3-accelerate.amazonaws.com\/2019\/07\/IMG_4217.jpg","datePublished":"2019-07-16T04:00:00+00:00","dateModified":"2022-11-10T14:05:04+00:00","description":"Tanto los aficionados como los profesionales est\u00e1n invitados a participar en la 5\u00aa edici\u00f3n Annual Latin America Pro Am que tendr\u00e1 lugar en el Teeth of the","breadcrumb":{"@id":"https:\/\/casadecampoliving.com\/es\/la-quinta-annual-latin-america-pro-am-se-realizara-en-dos-semanas-no-olvide-inscribirse\/#breadcrumb"},"inLanguage":"es","potentialAction":[{"@type":"ReadAction","target":["https:\/\/casadecampoliving.com\/es\/la-quinta-annual-latin-america-pro-am-se-realizara-en-dos-semanas-no-olvide-inscribirse\/"]}]},{"@type":"ImageObject","inLanguage":"es","@id":"https:\/\/casadecampoliving.com\/es\/la-quinta-annual-latin-america-pro-am-se-realizara-en-dos-semanas-no-olvide-inscribirse\/#primaryimage","url":"https:\/\/casadecampoliving-wp.s3-accelerate.amazonaws.com\/2019\/07\/IMG_4217.jpg","contentUrl":"https:\/\/casadecampoliving-wp.s3-accelerate.amazonaws.com\/2019\/07\/IMG_4217.jpg"},{"@type":"BreadcrumbList","@id":"https:\/\/casadecampoliving.com\/es\/la-quinta-annual-latin-america-pro-am-se-realizara-en-dos-semanas-no-olvide-inscribirse\/#breadcrumb","itemListElement":[{"@type":"ListItem","position":1,"name":"Home","item":"https:\/\/casadecampoliving.com\/es\/"},{"@type":"ListItem","position":2,"name":"La quinta edici\u00f3n Annual Latin America Pro Am se realizar\u00e1 en dos semanas. \u00a1No olvide inscribirse!"}]},{"@type":"WebSite","@id":"https:\/\/casadecampoliving.com\/es\/#website","url":"https:\/\/casadecampoliving.com\/es\/","name":"Casa de Campo Living","description":"Resort community news and resources.","publisher":{"@id":"https:\/\/casadecampoliving.com\/es\/#organization"},"potentialAction":[{"@type":"SearchAction","target":{"@type":"EntryPoint","urlTemplate":"https:\/\/casadecampoliving.com\/es\/?s={search_term_string}"},"query-input":{"@type":"PropertyValueSpecification","valueRequired":true,"valueName":"search_term_string"}}],"inLanguage":"es"},{"@type":"Organization","@id":"https:\/\/casadecampoliving.com\/es\/#organization","name":"Casa de Campo Living","url":"https:\/\/casadecampoliving.com\/es\/","logo":{"@type":"ImageObject","inLanguage":"es","@id":"https:\/\/casadecampoliving.com\/es\/#\/schema\/logo\/image\/","url":"https:\/\/i0.wp.com\/casadecampoliving.com\/wp-content\/uploads\/2022\/07\/CDCLivingLogo_V1-white-sized.png?fit=800%2C214&ssl=1","contentUrl":"https:\/\/i0.wp.com\/casadecampoliving.com\/wp-content\/uploads\/2022\/07\/CDCLivingLogo_V1-white-sized.png?fit=800%2C214&ssl=1","width":800,"height":214,"caption":"Casa de Campo Living"},"image":{"@id":"https:\/\/casadecampoliving.com\/es\/#\/schema\/logo\/image\/"},"sameAs":["https:\/\/www.facebook.com\/casadecampoliving","https:\/\/x.com\/cdcliving"]},{"@type":"Person","@id":"https:\/\/casadecampoliving.com\/es\/#\/schema\/person\/5d2171637a9d11e0e43ce6b8555f9422","name":"Casa de Campo Living","image":{"@type":"ImageObject","inLanguage":"es","@id":"https:\/\/secure.gravatar.com\/avatar\/d04101fa4a9fd431e939953b1500fdc7a73cd35029f86d98712fd8ccdaebaf9a?s=96&d=mm&r=g","url":"https:\/\/secure.gravatar.com\/avatar\/d04101fa4a9fd431e939953b1500fdc7a73cd35029f86d98712fd8ccdaebaf9a?s=96&d=mm&r=g","contentUrl":"https:\/\/secure.gravatar.com\/avatar\/d04101fa4a9fd431e939953b1500fdc7a73cd35029f86d98712fd8ccdaebaf9a?s=96&d=mm&r=g","caption":"Casa de Campo Living"},"url":"https:\/\/casadecampoliving.com\/es\/author\/casa-de-campo-living\/"}]}},"parsely":{"version":"1.1.0","canonical_url":"https:\/\/casadecampoliving.com\/es\/la-quinta-annual-latin-america-pro-am-se-realizara-en-dos-semanas-no-olvide-inscribirse\/","smart_links":{"inbound":0,"outbound":0},"traffic_boost_suggestions_count":0,"meta":{"@context":"https:\/\/schema.org","@type":"NewsArticle","headline":"La quinta edici\u00f3n Annual Latin America Pro Am se realizar\u00e1 en dos semanas. \u00a1No olvide inscribirse!","url":"http:\/\/casadecampoliving.com\/es\/la-quinta-annual-latin-america-pro-am-se-realizara-en-dos-semanas-no-olvide-inscribirse\/","mainEntityOfPage":{"@type":"WebPage","@id":"http:\/\/casadecampoliving.com\/es\/la-quinta-annual-latin-america-pro-am-se-realizara-en-dos-semanas-no-olvide-inscribirse\/"},"thumbnailUrl":"","image":{"@type":"ImageObject","url":""},"articleSection":"Deportes","author":[{"@type":"Person","name":"Casa de Campo Living"}],"creator":["Casa de Campo Living"],"publisher":{"@type":"Organization","name":"Casa de Campo Living","logo":"https:\/\/casadecampoliving.com\/wp-content\/uploads\/2022\/07\/CDCLivingLogo_V1-white-sized.png"},"keywords":["amateurs","am\u00e9rica latina pro-am","casa de campo","dientes del perro","featured-topview @es","golf","golf professionals"],"dateCreated":"2019-07-16T04:00:00Z","datePublished":"2019-07-16T04:00:00Z","dateModified":"2022-11-10T14:05:04Z"},"rendered":"<script type=\"application\/ld+json\" class=\"wp-parsely-metadata\">{\"@context\":\"https:\\\/\\\/schema.org\",\"@type\":\"NewsArticle\",\"headline\":\"La quinta edici\\u00f3n Annual Latin America Pro Am se realizar\\u00e1 en dos semanas. \\u00a1No olvide inscribirse!\",\"url\":\"http:\\\/\\\/casadecampoliving.com\\\/es\\\/la-quinta-annual-latin-america-pro-am-se-realizara-en-dos-semanas-no-olvide-inscribirse\\\/\",\"mainEntityOfPage\":{\"@type\":\"WebPage\",\"@id\":\"http:\\\/\\\/casadecampoliving.com\\\/es\\\/la-quinta-annual-latin-america-pro-am-se-realizara-en-dos-semanas-no-olvide-inscribirse\\\/\"},\"thumbnailUrl\":\"\",\"image\":{\"@type\":\"ImageObject\",\"url\":\"\"},\"articleSection\":\"Deportes\",\"author\":[{\"@type\":\"Person\",\"name\":\"Casa de Campo Living\"}],\"creator\":[\"Casa de Campo Living\"],\"publisher\":{\"@type\":\"Organization\",\"name\":\"Casa de Campo Living\",\"logo\":\"https:\\\/\\\/casadecampoliving.com\\\/wp-content\\\/uploads\\\/2022\\\/07\\\/CDCLivingLogo_V1-white-sized.png\"},\"keywords\":[\"amateurs\",\"am\\u00e9rica latina pro-am\",\"casa de campo\",\"dientes del perro\",\"featured-topview @es\",\"golf\",\"golf professionals\"],\"dateCreated\":\"2019-07-16T04:00:00Z\",\"datePublished\":\"2019-07-16T04:00:00Z\",\"dateModified\":\"2022-11-10T14:05:04Z\"}<\/script>","tracker_url":"https:\/\/cdn.parsely.com\/keys\/casadecampoliving.com\/p.js"},"jetpack_publicize_connections":[],"jetpack_featured_media_url":"","jetpack-related-posts":[{"id":352786,"url":"https:\/\/casadecampoliving.com\/es\/no-olvide-inscribirse-en-la-4ta-edicion-anual-de-pro-america-latina-el-proximo-mes\/","url_meta":{"origin":353503,"position":0},"title":"\u00a1No olvide inscribirse en la 4ta edici\u00f3n anual del Latin America Pro Am el pr\u00f3ximo mes!","author":"Casa de Campo Living","date":"23 Jul, 2018","format":false,"excerpt":"En dos semanas, la 4ta edici\u00f3n anual de Latin Am\u00e9rica Pro-Am regresa al Teeth of the Dog del 11 al 17 de agosto y ver\u00e1 a aficionados y profesionales poner a prueba sus habilidades. El torneo consistir\u00e1 en un evento de equipo de 54 hoyos, jugado en Teeth of the\u2026","rel":"","context":"En \u00abDeportes\u00bb","block_context":{"text":"Deportes","link":"https:\/\/casadecampoliving.com\/es\/category\/golf-deportes-es\/"},"img":{"alt_text":"","src":"https:\/\/i0.wp.com\/casadecampoliving.com\/wp-content\/uploads\/2018\/07\/EJ4B9955.jpg?resize=350%2C200&ssl=1","width":350,"height":200,"srcset":"https:\/\/i0.wp.com\/casadecampoliving.com\/wp-content\/uploads\/2018\/07\/EJ4B9955.jpg?resize=350%2C200&ssl=1 1x, https:\/\/i0.wp.com\/casadecampoliving.com\/wp-content\/uploads\/2018\/07\/EJ4B9955.jpg?resize=525%2C300&ssl=1 1.5x, https:\/\/i0.wp.com\/casadecampoliving.com\/wp-content\/uploads\/2018\/07\/EJ4B9955.jpg?resize=700%2C400&ssl=1 2x"},"classes":[]},{"id":354097,"url":"https:\/\/casadecampoliving.com\/es\/la-septima-edicion-del-latin-america-pro-am-anual-es-el-proximo-mes-no-olvide-registrarse\/","url_meta":{"origin":353503,"position":1},"title":"La s\u00e9ptima edici\u00f3n del Latin America Pro Am anual es el pr\u00f3ximo mes. \u00a1No olvide registrarse!","author":"Casa de Campo Living","date":"7 Jul, 2021","format":false,"excerpt":"Tanto los aficionados como los profesionales est\u00e1n invitados a jugar en el S\u00e9ptimo Latin American Pro Am que se llevar\u00e1 a cabo en Teeth of the Dog del 10 al 14 de agosto. Como en a\u00f1os anteriores, los equipos se forman con un profesional y cuatro amateurs, el cupo es\u2026","rel":"","context":"En \u00abCasa de Campo Living @es\u00bb","block_context":{"text":"Casa de Campo Living @es","link":"https:\/\/casadecampoliving.com\/category\/casa-de-campo-living-es\/"},"img":{"alt_text":"","src":"https:\/\/i0.wp.com\/casadecampoliving.com\/wp-content\/uploads\/2022\/10\/MG_1245-e1461005009907.jpg?fit=1000%2C667&ssl=1&resize=350%2C200","width":350,"height":200,"srcset":"https:\/\/i0.wp.com\/casadecampoliving.com\/wp-content\/uploads\/2022\/10\/MG_1245-e1461005009907.jpg?fit=1000%2C667&ssl=1&resize=350%2C200 1x, https:\/\/i0.wp.com\/casadecampoliving.com\/wp-content\/uploads\/2022\/10\/MG_1245-e1461005009907.jpg?fit=1000%2C667&ssl=1&resize=525%2C300 1.5x, https:\/\/i0.wp.com\/casadecampoliving.com\/wp-content\/uploads\/2022\/10\/MG_1245-e1461005009907.jpg?fit=1000%2C667&ssl=1&resize=700%2C400 2x"},"classes":[]},{"id":351771,"url":"https:\/\/casadecampoliving.com\/es\/la-tercera-edicion-de-latin-america-pro-esta-menos-de-dos-semanas\/","url_meta":{"origin":353503,"position":2},"title":"\u00a1La tercera edici\u00f3n de Latin America Pro-Am est\u00e1 a menos de dos semanas!","author":"Heather Lincoln","date":"27 Jul, 2017","format":false,"excerpt":"Tanto los aficionados como los profesionales est\u00e1n invitados a participar en el 3er Torneo Anual Latin America Pro-Am que tendr\u00e1 lugar en el Teeth of the Dog del 8 al 12 de agosto. Como en a\u00f1os anteriores, los equipos se forman con un profesional y cuatro aficionados, \u00a1y hay descuentos\u2026","rel":"","context":"En \u00abDominican Republic\u00bb","block_context":{"text":"Dominican Republic","link":"https:\/\/casadecampoliving.com\/category\/dominican-republic\/"},"img":{"alt_text":"Teeth of the Dog","src":"https:\/\/i0.wp.com\/casadecampoliving.com\/wp-content\/uploads\/2022\/10\/DSC_0405-e1501172055206.jpg?fit=1000%2C600&ssl=1&resize=350%2C200","width":350,"height":200,"srcset":"https:\/\/i0.wp.com\/casadecampoliving.com\/wp-content\/uploads\/2022\/10\/DSC_0405-e1501172055206.jpg?fit=1000%2C600&ssl=1&resize=350%2C200 1x, https:\/\/i0.wp.com\/casadecampoliving.com\/wp-content\/uploads\/2022\/10\/DSC_0405-e1501172055206.jpg?fit=1000%2C600&ssl=1&resize=525%2C300 1.5x, https:\/\/i0.wp.com\/casadecampoliving.com\/wp-content\/uploads\/2022\/10\/DSC_0405-e1501172055206.jpg?fit=1000%2C600&ssl=1&resize=700%2C400 2x"},"classes":[]},{"id":350312,"url":"https:\/\/casadecampoliving.com\/es\/2do-torneo-anual-pro-am-latinoamerica-vuelve-a-teeth-of-the-dog\/","url_meta":{"origin":353503,"position":3},"title":"2do. Torneo Anual Pro Am Latinoam\u00e9rica vuelve a Teeth of the Dog en dos semanas","author":"Heather Lincoln","date":"3 Ago, 2016","format":false,"excerpt":"A lo largo de los a\u00f1os, Casa de Campo ha sido el hogar de una gran variedad de torneos de golf, recientemente se realizo el 7mo Torneo de Golf del Hospital Buen Samaritano, que ayuda a personas de escasos recursos en\u00a0\u00e1rea de La Romana. Dentro de\u00a0dos semanas, el 2do. Torneo\u2026","rel":"","context":"En \u00abDeportes\u00bb","block_context":{"text":"Deportes","link":"https:\/\/casadecampoliving.com\/es\/category\/golf-deportes-es\/"},"img":{"alt_text":"Teeth of the Dog","src":"https:\/\/i0.wp.com\/casadecampoliving.com\/wp-content\/uploads\/2022\/10\/TeethoftheDog-e1470256831855.jpg?fit=1000%2C667&ssl=1&resize=350%2C200","width":350,"height":200,"srcset":"https:\/\/i0.wp.com\/casadecampoliving.com\/wp-content\/uploads\/2022\/10\/TeethoftheDog-e1470256831855.jpg?fit=1000%2C667&ssl=1&resize=350%2C200 1x, https:\/\/i0.wp.com\/casadecampoliving.com\/wp-content\/uploads\/2022\/10\/TeethoftheDog-e1470256831855.jpg?fit=1000%2C667&ssl=1&resize=525%2C300 1.5x, https:\/\/i0.wp.com\/casadecampoliving.com\/wp-content\/uploads\/2022\/10\/TeethoftheDog-e1470256831855.jpg?fit=1000%2C667&ssl=1&resize=700%2C400 2x"},"classes":[]},{"id":519547,"url":"https:\/\/casadecampoliving.com\/es\/9na-edicion-del-latin-america-pro-am-listo-para-llevarse-a-cabo-en-casa-de-campo-del-14-al-19-de-agosto\/","url_meta":{"origin":353503,"position":4},"title":"9na edici\u00f3n del Latin America Pro-Am listo para llevarse a cabo en Casa de Campo del 14 al 19 de agosto","author":"Casa de Campo Living","date":"28 Jun, 2023","format":false,"excerpt":"La 9\u00aa edici\u00f3n del Latin America Pro-Am, que se llevar\u00e1 a cabo en Casa de Campo, tendr\u00e1 lugar del 14 al 19 de agosto. Este prestigioso torneo de golf contar\u00e1 con dos rondas en el reconocido campo Teeth of the Dog y dos rondas en el campo Dye Fore. Con\u2026","rel":"","context":"En \u00abEstilo de Vida\u00bb","block_context":{"text":"Estilo de Vida","link":"https:\/\/casadecampoliving.com\/es\/category\/estilo-de-vida\/"},"img":{"alt_text":"","src":"https:\/\/i0.wp.com\/casadecampoliving.com\/wp-content\/uploads\/2022\/10\/88732981N8A4147-1-1.jpg?fit=1000%2C900&ssl=1&resize=350%2C200","width":350,"height":200,"srcset":"https:\/\/i0.wp.com\/casadecampoliving.com\/wp-content\/uploads\/2022\/10\/88732981N8A4147-1-1.jpg?fit=1000%2C900&ssl=1&resize=350%2C200 1x, https:\/\/i0.wp.com\/casadecampoliving.com\/wp-content\/uploads\/2022\/10\/88732981N8A4147-1-1.jpg?fit=1000%2C900&ssl=1&resize=525%2C300 1.5x, https:\/\/i0.wp.com\/casadecampoliving.com\/wp-content\/uploads\/2022\/10\/88732981N8A4147-1-1.jpg?fit=1000%2C900&ssl=1&resize=700%2C400 2x"},"classes":[]},{"id":352917,"url":"https:\/\/casadecampoliving.com\/es\/proam-en-celebracion-de-pete-dye-unete-a-la-diversion\/","url_meta":{"origin":353503,"position":5},"title":"ProAm en Celebraci\u00f3n de Pete Dye: \u00a1\u00danete a la diversi\u00f3n!","author":"Casa de Campo Living","date":"5 Oct, 2018","format":false,"excerpt":"Pete Dye, uno de los dise\u00f1adores de campos de golf m\u00e1s exitosos e influyentes del mundo, quien tambi\u00e9n es el dise\u00f1ador de todos los campos de fama mundial de Casa de Campo; Teeth of the Dog, Links, Dye Fore y La Romana Country Club, cumpli\u00f3 92 a\u00f1os a principios de\u2026","rel":"","context":"En \u00abDeportes\u00bb","block_context":{"text":"Deportes","link":"https:\/\/casadecampoliving.com\/es\/category\/golf-deportes-es\/"},"img":{"alt_text":"","src":"https:\/\/i0.wp.com\/casadecampoliving.com\/wp-content\/uploads\/2018\/10\/IMG_0381.jpg?resize=350%2C200&ssl=1","width":350,"height":200,"srcset":"https:\/\/i0.wp.com\/casadecampoliving.com\/wp-content\/uploads\/2018\/10\/IMG_0381.jpg?resize=350%2C200&ssl=1 1x, https:\/\/i0.wp.com\/casadecampoliving.com\/wp-content\/uploads\/2018\/10\/IMG_0381.jpg?resize=525%2C300&ssl=1 1.5x, https:\/\/i0.wp.com\/casadecampoliving.com\/wp-content\/uploads\/2018\/10\/IMG_0381.jpg?resize=700%2C400&ssl=1 2x"},"classes":[]}],"jetpack_sharing_enabled":true,"_links":{"self":[{"href":"https:\/\/casadecampoliving.com\/es\/wp-json\/wp\/v2\/posts\/353503","targetHints":{"allow":["GET"]}}],"collection":[{"href":"https:\/\/casadecampoliving.com\/es\/wp-json\/wp\/v2\/posts"}],"about":[{"href":"https:\/\/casadecampoliving.com\/es\/wp-json\/wp\/v2\/types\/post"}],"author":[{"embeddable":true,"href":"https:\/\/casadecampoliving.com\/es\/wp-json\/wp\/v2\/users\/36791"}],"replies":[{"embeddable":true,"href":"https:\/\/casadecampoliving.com\/es\/wp-json\/wp\/v2\/comments?post=353503"}],"version-history":[{"count":1,"href":"https:\/\/casadecampoliving.com\/es\/wp-json\/wp\/v2\/posts\/353503\/revisions"}],"predecessor-version":[{"id":504892,"href":"https:\/\/casadecampoliving.com\/es\/wp-json\/wp\/v2\/posts\/353503\/revisions\/504892"}],"wp:attachment":[{"href":"https:\/\/casadecampoliving.com\/es\/wp-json\/wp\/v2\/media?parent=353503"}],"wp:term":[{"taxonomy":"category","embeddable":true,"href":"https:\/\/casadecampoliving.com\/es\/wp-json\/wp\/v2\/categories?post=353503"},{"taxonomy":"post_tag","embeddable":true,"href":"https:\/\/casadecampoliving.com\/es\/wp-json\/wp\/v2\/tags?post=353503"},{"taxonomy":"newspack_spnsrs_tax","embeddable":true,"href":"https:\/\/casadecampoliving.com\/es\/wp-json\/wp\/v2\/newspack_spnsrs_tax?post=353503"}],"curies":[{"name":"wp","href":"https:\/\/api.w.org\/{rel}","templated":true}]}}