{"id":353500,"date":"2019-07-19T00:00:00","date_gmt":"2019-07-19T04:00:00","guid":{"rendered":"https:\/\/casadecampoliving.com\/bill-clinton-realiza-recorrido-cultural-por-altos-de-chavon-durante-su-visita-a-casa-de-campo-resort\/"},"modified":"2022-11-10T10:32:39","modified_gmt":"2022-11-10T14:32:39","slug":"bill-clinton-realiza-recorrido-cultural-por-altos-de-chavon-durante-su-visita-a-casa-de-campo-resort","status":"publish","type":"post","link":"https:\/\/casadecampoliving.com\/es\/bill-clinton-realiza-recorrido-cultural-por-altos-de-chavon-durante-su-visita-a-casa-de-campo-resort\/","title":{"rendered":"Bill Clinton realiza recorrido cultural por Altos de Chavon, durante su visita a Casa de Campo Resort"},"content":{"rendered":"El ex-presidente de los Estados Unidos Bill Clinton, visit\u00f3 en la tarde de hoy las instalaciones de Altos de Chav\u00f3n, realizando un recorrido cultural por el Museo Arqueol\u00f3gico Regional, Iglesia Altos de Chav\u00f3n, Museo del Ambar, La Tienda y los talleres artesanales de cer\u00e1mica, serigraf\u00eda y tejidos.\n\nClinton quien estuvo acompado de Jason Kycek vicepresidente Senior de ventas y mercadeo del Resort Casa de Campo y Rolando Gonz\u00e1lez Bunster, empresario y CEO de InterEnergy y anfitriones de su visita en Casa de Campo.\n\n<img data-recalc-dims=\"1\" loading=\"lazy\" decoding=\"async\" data-attachment-id=\"171220\" data-permalink=\"https:\/\/casadecampoliving.com\/es\/p1144856\/\" data-orig-file=\"https:\/\/i0.wp.com\/casadecampoliving.com\/wp-content\/uploads\/2019\/07\/P1144856.jpg?fit=1000%2C750&amp;ssl=1\" data-orig-size=\"1000,750\" data-comments-opened=\"0\" data-image-meta=\"{&quot;aperture&quot;:&quot;5.6&quot;,&quot;credit&quot;:&quot;&quot;,&quot;camera&quot;:&quot;DC-GH5&quot;,&quot;caption&quot;:&quot;&quot;,&quot;created_timestamp&quot;:&quot;1563542634&quot;,&quot;copyright&quot;:&quot;&quot;,&quot;focal_length&quot;:&quot;60&quot;,&quot;iso&quot;:&quot;200&quot;,&quot;shutter_speed&quot;:&quot;0.002&quot;,&quot;title&quot;:&quot;&quot;,&quot;orientation&quot;:&quot;1&quot;}\" data-image-title=\"P1144856 Bill Clinton at Altos de Chav\u00f3n\" data-image-description=\"\" data-image-caption=\"\" data-large-file=\"https:\/\/i0.wp.com\/casadecampoliving.com\/wp-content\/uploads\/2019\/07\/P1144856.jpg?fit=1000%2C750&amp;ssl=1\" class=\"aligncenter size-full wp-image-171220\" src=\"https:\/\/i0.wp.com\/casadecampoliving.com\/wp-content\/uploads\/2022\/10\/P1144856.jpg?resize=1000%2C750&#038;ssl=1\" alt=\"\" width=\"1000\" height=\"750\">\n\nEn su visita, comparti\u00f3 con los cl\u00e1sicos vendedores artesanos que representan a trav\u00e9s de sus credenciales, la cultura Dominicana, compr\u00f3 sourvenir para su esposa, hija, nieto y compa\u00f1eros de oficina y para finalizar bail\u00f3 al ritmo de un \u201cperico ripiao\u201d, danza t\u00edpica nacional.\n\nEl ex-presidente norteamericano lleg\u00f3 a Casa de Campo Resort este jueves fue recibido por el presidente de Casa de Campo, Andr\u00e9s Pichardo Rosenberg, quien le brind\u00f3 una calurosa bienvenida al complejo tur\u00edstico, el cual ha sido visitado por el ex presidente en varias ocasiones en los ultimos 20 a\u00f1os. Luego de su llegada, jug\u00f3 una partida de Golf en los reconocidos campos del Resort, en compa\u00f1\u00eda de su amigo y due\u00f1o de villa Rolando Gonz\u00e1lez Bunster, tambi\u00e9n participaron Roberto Herrera y Bob Mancini. Al caer la noche, degust\u00f3 de una cena en el restaurante SBG, en la Marina de Casa de Campo, donde accedio a saludar y a tomarse selfies con los asistentes.\n\n<img data-recalc-dims=\"1\" loading=\"lazy\" decoding=\"async\" data-attachment-id=\"171222\" data-permalink=\"https:\/\/casadecampoliving.com\/es\/roberto-herrera-rolando-gonzalez-bunster-bill-clinton-bob-mancini\/\" data-orig-file=\"https:\/\/i0.wp.com\/casadecampoliving.com\/wp-content\/uploads\/2019\/07\/Roberto-Herrera-Rolando-Gonzalez-Bunster-Bill-Clinton-Bob-Mancini.jpg?fit=1000%2C667&amp;ssl=1\" data-orig-size=\"1000,667\" data-comments-opened=\"0\" data-image-meta=\"{&quot;aperture&quot;:&quot;10&quot;,&quot;credit&quot;:&quot;Mairobi Herrera\\nCristian Pittaro&quot;,&quot;camera&quot;:&quot;Canon EOS 5D Mark III&quot;,&quot;caption&quot;:&quot;&quot;,&quot;created_timestamp&quot;:&quot;1563470508&quot;,&quot;copyright&quot;:&quot;Can&#039;t use or distribuit without express autorization from owner&quot;,&quot;focal_length&quot;:&quot;41&quot;,&quot;iso&quot;:&quot;100&quot;,&quot;shutter_speed&quot;:&quot;0.01&quot;,&quot;title&quot;:&quot;&quot;,&quot;orientation&quot;:&quot;1&quot;}\" data-image-title=\"Bill Clinton at Casa de Campo\" data-image-description=\"\" data-image-caption=\"\" data-large-file=\"https:\/\/i0.wp.com\/casadecampoliving.com\/wp-content\/uploads\/2019\/07\/Roberto-Herrera-Rolando-Gonzalez-Bunster-Bill-Clinton-Bob-Mancini.jpg?fit=1000%2C667&amp;ssl=1\" class=\"aligncenter size-full wp-image-171222\" src=\"https:\/\/i0.wp.com\/casadecampoliving.com\/wp-content\/uploads\/2022\/10\/Roberto-Herrera-Rolando-Gonzalez-Bunster-Bill-Clinton-Bob-Mancini.jpg?resize=1000%2C667&#038;ssl=1\" alt=\"\" width=\"1000\" height=\"667\">\n\nNo es un secreto que Bill Clinton es amante de Casa de Campo Resort y de sus campos de golf. En todas las visitas disfruta jugar una partida de golf en el campo Teeth of the Dog, uno de sus campos favoritos, seg\u00fan ha indicado. Definitivamente, Casa de Campo es el lugar preferido de las celebridades para pasar sus vacaciones.\n\nAdem\u00e1s de Bill Clinton otras figuras pol\u00edticas internacionales han jugado al golf en Casa de Campo, por ejemplo: los ex presidentes de los Estados Unidos Carter, George W. Bush y George Bush Senior, as\u00ed como al ex primer ministro de Canad\u00e1 Jean Chr\u00e9tien.\n\nDebajo una galeria de fotos tomadas durante la visita del ex-presidente de los Estados Unidos Bill Clinton:\n\n\n<figure class=\"wp-block-gallery has-nested-images columns-default is-cropped wp-block-gallery-1 is-layout-flex wp-block-gallery-is-layout-flex\">\n<figure class=\"wp-block-image size-large\"><img data-recalc-dims=\"1\" loading=\"lazy\" decoding=\"async\" width=\"1000\" height=\"750\" data-id=\"456821\" src=\"https:\/\/i0.wp.com\/casadecampoliving.com\/wp-content\/uploads\/2022\/10\/Clinton-Pichardo.jpg?resize=1000%2C750&#038;ssl=1\" alt=\"\" class=\"wp-image-456821\" srcset=\"https:\/\/i0.wp.com\/casadecampoliving.com\/wp-content\/uploads\/2022\/10\/Clinton-Pichardo.jpg?w=1000&amp;ssl=1 1000w, https:\/\/i0.wp.com\/casadecampoliving.com\/wp-content\/uploads\/2022\/10\/Clinton-Pichardo.jpg?resize=300%2C225&amp;ssl=1 300w, https:\/\/i0.wp.com\/casadecampoliving.com\/wp-content\/uploads\/2022\/10\/Clinton-Pichardo.jpg?resize=768%2C576&amp;ssl=1 768w, https:\/\/i0.wp.com\/casadecampoliving.com\/wp-content\/uploads\/2022\/10\/Clinton-Pichardo.jpg?resize=800%2C600&amp;ssl=1 800w, https:\/\/i0.wp.com\/casadecampoliving.com\/wp-content\/uploads\/2022\/10\/Clinton-Pichardo.jpg?resize=400%2C300&amp;ssl=1 400w, https:\/\/i0.wp.com\/casadecampoliving.com\/wp-content\/uploads\/2022\/10\/Clinton-Pichardo.jpg?resize=200%2C150&amp;ssl=1 200w, https:\/\/i0.wp.com\/casadecampoliving.com\/wp-content\/uploads\/2022\/10\/Clinton-Pichardo.jpg?resize=706%2C530&amp;ssl=1 706w, https:\/\/i0.wp.com\/casadecampoliving.com\/wp-content\/uploads\/2022\/10\/Clinton-Pichardo.jpg?resize=150%2C113&amp;ssl=1 150w, https:\/\/i0.wp.com\/casadecampoliving.com\/wp-content\/uploads\/2022\/10\/Clinton-Pichardo.jpg?w=370&amp;ssl=1 370w\" sizes=\"auto, (max-width: 1000px) 100vw, 1000px\" \/><\/figure>\n\n\n\n<figure class=\"wp-block-image size-large\"><img data-recalc-dims=\"1\" loading=\"lazy\" decoding=\"async\" width=\"1000\" height=\"667\" data-id=\"456840\" src=\"https:\/\/i0.wp.com\/casadecampoliving.com\/wp-content\/uploads\/2022\/10\/EJ4B2477-3.jpg?resize=1000%2C667&#038;ssl=1\" alt=\"\" class=\"wp-image-456840\" srcset=\"https:\/\/i0.wp.com\/casadecampoliving.com\/wp-content\/uploads\/2022\/10\/EJ4B2477-3.jpg?w=1000&amp;ssl=1 1000w, https:\/\/i0.wp.com\/casadecampoliving.com\/wp-content\/uploads\/2022\/10\/EJ4B2477-3.jpg?resize=300%2C200&amp;ssl=1 300w, https:\/\/i0.wp.com\/casadecampoliving.com\/wp-content\/uploads\/2022\/10\/EJ4B2477-3.jpg?resize=768%2C512&amp;ssl=1 768w, https:\/\/i0.wp.com\/casadecampoliving.com\/wp-content\/uploads\/2022\/10\/EJ4B2477-3.jpg?resize=400%2C267&amp;ssl=1 400w, https:\/\/i0.wp.com\/casadecampoliving.com\/wp-content\/uploads\/2022\/10\/EJ4B2477-3.jpg?resize=706%2C471&amp;ssl=1 706w, https:\/\/i0.wp.com\/casadecampoliving.com\/wp-content\/uploads\/2022\/10\/EJ4B2477-3.jpg?resize=150%2C100&amp;ssl=1 150w, https:\/\/i0.wp.com\/casadecampoliving.com\/wp-content\/uploads\/2022\/10\/EJ4B2477-3.jpg?w=370&amp;ssl=1 370w\" sizes=\"auto, (max-width: 1000px) 100vw, 1000px\" \/><\/figure>\n\n\n\n<figure class=\"wp-block-image size-large\"><img data-recalc-dims=\"1\" loading=\"lazy\" decoding=\"async\" width=\"667\" height=\"1000\" data-id=\"456861\" src=\"https:\/\/i0.wp.com\/casadecampoliving.com\/wp-content\/uploads\/2022\/10\/EJ4B2494.jpg?resize=667%2C1000&#038;ssl=1\" alt=\"\" class=\"wp-image-456861\" srcset=\"https:\/\/i0.wp.com\/casadecampoliving.com\/wp-content\/uploads\/2022\/10\/EJ4B2494.jpg?w=667&amp;ssl=1 667w, https:\/\/i0.wp.com\/casadecampoliving.com\/wp-content\/uploads\/2022\/10\/EJ4B2494.jpg?resize=200%2C300&amp;ssl=1 200w, https:\/\/i0.wp.com\/casadecampoliving.com\/wp-content\/uploads\/2022\/10\/EJ4B2494.jpg?resize=400%2C600&amp;ssl=1 400w, https:\/\/i0.wp.com\/casadecampoliving.com\/wp-content\/uploads\/2022\/10\/EJ4B2494.jpg?resize=150%2C225&amp;ssl=1 150w, https:\/\/i0.wp.com\/casadecampoliving.com\/wp-content\/uploads\/2022\/10\/EJ4B2494.jpg?w=370&amp;ssl=1 370w\" sizes=\"auto, (max-width: 667px) 100vw, 667px\" \/><\/figure>\n\n\n\n<figure class=\"wp-block-image size-large\"><img data-recalc-dims=\"1\" loading=\"lazy\" decoding=\"async\" width=\"1000\" height=\"667\" data-id=\"456883\" src=\"https:\/\/i0.wp.com\/casadecampoliving.com\/wp-content\/uploads\/2022\/10\/EJ4B2498.jpg?resize=1000%2C667&#038;ssl=1\" alt=\"\" class=\"wp-image-456883\" srcset=\"https:\/\/i0.wp.com\/casadecampoliving.com\/wp-content\/uploads\/2022\/10\/EJ4B2498.jpg?w=1000&amp;ssl=1 1000w, https:\/\/i0.wp.com\/casadecampoliving.com\/wp-content\/uploads\/2022\/10\/EJ4B2498.jpg?resize=300%2C200&amp;ssl=1 300w, https:\/\/i0.wp.com\/casadecampoliving.com\/wp-content\/uploads\/2022\/10\/EJ4B2498.jpg?resize=768%2C512&amp;ssl=1 768w, https:\/\/i0.wp.com\/casadecampoliving.com\/wp-content\/uploads\/2022\/10\/EJ4B2498.jpg?resize=400%2C267&amp;ssl=1 400w, https:\/\/i0.wp.com\/casadecampoliving.com\/wp-content\/uploads\/2022\/10\/EJ4B2498.jpg?resize=706%2C471&amp;ssl=1 706w, https:\/\/i0.wp.com\/casadecampoliving.com\/wp-content\/uploads\/2022\/10\/EJ4B2498.jpg?resize=150%2C100&amp;ssl=1 150w, https:\/\/i0.wp.com\/casadecampoliving.com\/wp-content\/uploads\/2022\/10\/EJ4B2498.jpg?w=370&amp;ssl=1 370w\" sizes=\"auto, (max-width: 1000px) 100vw, 1000px\" \/><\/figure>\n\n\n\n<figure class=\"wp-block-image size-large\"><img data-recalc-dims=\"1\" loading=\"lazy\" decoding=\"async\" width=\"1000\" height=\"750\" data-id=\"456904\" src=\"https:\/\/i0.wp.com\/casadecampoliving.com\/wp-content\/uploads\/2022\/10\/P1144693.jpg?resize=1000%2C750&#038;ssl=1\" alt=\"\" class=\"wp-image-456904\" srcset=\"https:\/\/i0.wp.com\/casadecampoliving.com\/wp-content\/uploads\/2022\/10\/P1144693.jpg?w=1000&amp;ssl=1 1000w, https:\/\/i0.wp.com\/casadecampoliving.com\/wp-content\/uploads\/2022\/10\/P1144693.jpg?resize=300%2C225&amp;ssl=1 300w, https:\/\/i0.wp.com\/casadecampoliving.com\/wp-content\/uploads\/2022\/10\/P1144693.jpg?resize=768%2C576&amp;ssl=1 768w, https:\/\/i0.wp.com\/casadecampoliving.com\/wp-content\/uploads\/2022\/10\/P1144693.jpg?resize=800%2C600&amp;ssl=1 800w, https:\/\/i0.wp.com\/casadecampoliving.com\/wp-content\/uploads\/2022\/10\/P1144693.jpg?resize=400%2C300&amp;ssl=1 400w, https:\/\/i0.wp.com\/casadecampoliving.com\/wp-content\/uploads\/2022\/10\/P1144693.jpg?resize=200%2C150&amp;ssl=1 200w, https:\/\/i0.wp.com\/casadecampoliving.com\/wp-content\/uploads\/2022\/10\/P1144693.jpg?resize=706%2C530&amp;ssl=1 706w, https:\/\/i0.wp.com\/casadecampoliving.com\/wp-content\/uploads\/2022\/10\/P1144693.jpg?resize=150%2C113&amp;ssl=1 150w, https:\/\/i0.wp.com\/casadecampoliving.com\/wp-content\/uploads\/2022\/10\/P1144693.jpg?w=370&amp;ssl=1 370w\" sizes=\"auto, (max-width: 1000px) 100vw, 1000px\" \/><\/figure>\n\n\n\n<figure class=\"wp-block-image size-large\"><img data-recalc-dims=\"1\" loading=\"lazy\" decoding=\"async\" width=\"1000\" height=\"750\" data-id=\"456921\" src=\"https:\/\/i0.wp.com\/casadecampoliving.com\/wp-content\/uploads\/2022\/10\/P1144702.jpg?resize=1000%2C750&#038;ssl=1\" alt=\"\" class=\"wp-image-456921\" srcset=\"https:\/\/i0.wp.com\/casadecampoliving.com\/wp-content\/uploads\/2022\/10\/P1144702.jpg?w=1000&amp;ssl=1 1000w, https:\/\/i0.wp.com\/casadecampoliving.com\/wp-content\/uploads\/2022\/10\/P1144702.jpg?resize=300%2C225&amp;ssl=1 300w, https:\/\/i0.wp.com\/casadecampoliving.com\/wp-content\/uploads\/2022\/10\/P1144702.jpg?resize=768%2C576&amp;ssl=1 768w, https:\/\/i0.wp.com\/casadecampoliving.com\/wp-content\/uploads\/2022\/10\/P1144702.jpg?resize=800%2C600&amp;ssl=1 800w, https:\/\/i0.wp.com\/casadecampoliving.com\/wp-content\/uploads\/2022\/10\/P1144702.jpg?resize=400%2C300&amp;ssl=1 400w, https:\/\/i0.wp.com\/casadecampoliving.com\/wp-content\/uploads\/2022\/10\/P1144702.jpg?resize=200%2C150&amp;ssl=1 200w, https:\/\/i0.wp.com\/casadecampoliving.com\/wp-content\/uploads\/2022\/10\/P1144702.jpg?resize=706%2C530&amp;ssl=1 706w, https:\/\/i0.wp.com\/casadecampoliving.com\/wp-content\/uploads\/2022\/10\/P1144702.jpg?resize=150%2C113&amp;ssl=1 150w, https:\/\/i0.wp.com\/casadecampoliving.com\/wp-content\/uploads\/2022\/10\/P1144702.jpg?w=370&amp;ssl=1 370w\" sizes=\"auto, (max-width: 1000px) 100vw, 1000px\" \/><\/figure>\n\n\n\n<figure class=\"wp-block-image size-large\"><img data-recalc-dims=\"1\" loading=\"lazy\" decoding=\"async\" width=\"1000\" height=\"750\" data-id=\"456946\" src=\"https:\/\/i0.wp.com\/casadecampoliving.com\/wp-content\/uploads\/2022\/10\/P1144736.jpg?resize=1000%2C750&#038;ssl=1\" alt=\"\" class=\"wp-image-456946\" srcset=\"https:\/\/i0.wp.com\/casadecampoliving.com\/wp-content\/uploads\/2022\/10\/P1144736.jpg?w=1000&amp;ssl=1 1000w, https:\/\/i0.wp.com\/casadecampoliving.com\/wp-content\/uploads\/2022\/10\/P1144736.jpg?resize=300%2C225&amp;ssl=1 300w, https:\/\/i0.wp.com\/casadecampoliving.com\/wp-content\/uploads\/2022\/10\/P1144736.jpg?resize=768%2C576&amp;ssl=1 768w, https:\/\/i0.wp.com\/casadecampoliving.com\/wp-content\/uploads\/2022\/10\/P1144736.jpg?resize=800%2C600&amp;ssl=1 800w, https:\/\/i0.wp.com\/casadecampoliving.com\/wp-content\/uploads\/2022\/10\/P1144736.jpg?resize=400%2C300&amp;ssl=1 400w, https:\/\/i0.wp.com\/casadecampoliving.com\/wp-content\/uploads\/2022\/10\/P1144736.jpg?resize=200%2C150&amp;ssl=1 200w, https:\/\/i0.wp.com\/casadecampoliving.com\/wp-content\/uploads\/2022\/10\/P1144736.jpg?resize=706%2C530&amp;ssl=1 706w, https:\/\/i0.wp.com\/casadecampoliving.com\/wp-content\/uploads\/2022\/10\/P1144736.jpg?resize=150%2C113&amp;ssl=1 150w, https:\/\/i0.wp.com\/casadecampoliving.com\/wp-content\/uploads\/2022\/10\/P1144736.jpg?w=370&amp;ssl=1 370w\" sizes=\"auto, (max-width: 1000px) 100vw, 1000px\" \/><\/figure>\n\n\n\n<figure class=\"wp-block-image size-large\"><img data-recalc-dims=\"1\" loading=\"lazy\" decoding=\"async\" width=\"1000\" height=\"667\" data-id=\"456961\" src=\"https:\/\/i0.wp.com\/casadecampoliving.com\/wp-content\/uploads\/2022\/10\/Roberto-Herrera-Rolando-Gonzalez-Bunster-Bill-Clinton-Bob-Mancini-y-equipo-de-caddy-de-Casa-de-Campo.jpg?resize=1000%2C667&#038;ssl=1\" alt=\"\" class=\"wp-image-456961\" srcset=\"https:\/\/i0.wp.com\/casadecampoliving.com\/wp-content\/uploads\/2022\/10\/Roberto-Herrera-Rolando-Gonzalez-Bunster-Bill-Clinton-Bob-Mancini-y-equipo-de-caddy-de-Casa-de-Campo.jpg?w=1000&amp;ssl=1 1000w, https:\/\/i0.wp.com\/casadecampoliving.com\/wp-content\/uploads\/2022\/10\/Roberto-Herrera-Rolando-Gonzalez-Bunster-Bill-Clinton-Bob-Mancini-y-equipo-de-caddy-de-Casa-de-Campo.jpg?resize=300%2C200&amp;ssl=1 300w, https:\/\/i0.wp.com\/casadecampoliving.com\/wp-content\/uploads\/2022\/10\/Roberto-Herrera-Rolando-Gonzalez-Bunster-Bill-Clinton-Bob-Mancini-y-equipo-de-caddy-de-Casa-de-Campo.jpg?resize=768%2C512&amp;ssl=1 768w, https:\/\/i0.wp.com\/casadecampoliving.com\/wp-content\/uploads\/2022\/10\/Roberto-Herrera-Rolando-Gonzalez-Bunster-Bill-Clinton-Bob-Mancini-y-equipo-de-caddy-de-Casa-de-Campo.jpg?resize=400%2C267&amp;ssl=1 400w, https:\/\/i0.wp.com\/casadecampoliving.com\/wp-content\/uploads\/2022\/10\/Roberto-Herrera-Rolando-Gonzalez-Bunster-Bill-Clinton-Bob-Mancini-y-equipo-de-caddy-de-Casa-de-Campo.jpg?resize=706%2C471&amp;ssl=1 706w, https:\/\/i0.wp.com\/casadecampoliving.com\/wp-content\/uploads\/2022\/10\/Roberto-Herrera-Rolando-Gonzalez-Bunster-Bill-Clinton-Bob-Mancini-y-equipo-de-caddy-de-Casa-de-Campo.jpg?resize=150%2C100&amp;ssl=1 150w, https:\/\/i0.wp.com\/casadecampoliving.com\/wp-content\/uploads\/2022\/10\/Roberto-Herrera-Rolando-Gonzalez-Bunster-Bill-Clinton-Bob-Mancini-y-equipo-de-caddy-de-Casa-de-Campo.jpg?w=370&amp;ssl=1 370w\" sizes=\"auto, (max-width: 1000px) 100vw, 1000px\" \/><\/figure>\n\n\n\n<figure class=\"wp-block-image size-large\"><img data-recalc-dims=\"1\" loading=\"lazy\" decoding=\"async\" width=\"1000\" height=\"667\" data-id=\"456982\" src=\"https:\/\/i0.wp.com\/casadecampoliving.com\/wp-content\/uploads\/2022\/10\/zEJ4B2511.jpg?resize=1000%2C667&#038;ssl=1\" alt=\"\" class=\"wp-image-456982\" srcset=\"https:\/\/i0.wp.com\/casadecampoliving.com\/wp-content\/uploads\/2022\/10\/zEJ4B2511.jpg?w=1000&amp;ssl=1 1000w, https:\/\/i0.wp.com\/casadecampoliving.com\/wp-content\/uploads\/2022\/10\/zEJ4B2511.jpg?resize=300%2C200&amp;ssl=1 300w, https:\/\/i0.wp.com\/casadecampoliving.com\/wp-content\/uploads\/2022\/10\/zEJ4B2511.jpg?resize=768%2C512&amp;ssl=1 768w, https:\/\/i0.wp.com\/casadecampoliving.com\/wp-content\/uploads\/2022\/10\/zEJ4B2511.jpg?resize=400%2C267&amp;ssl=1 400w, https:\/\/i0.wp.com\/casadecampoliving.com\/wp-content\/uploads\/2022\/10\/zEJ4B2511.jpg?resize=706%2C471&amp;ssl=1 706w, https:\/\/i0.wp.com\/casadecampoliving.com\/wp-content\/uploads\/2022\/10\/zEJ4B2511.jpg?resize=150%2C100&amp;ssl=1 150w, https:\/\/i0.wp.com\/casadecampoliving.com\/wp-content\/uploads\/2022\/10\/zEJ4B2511.jpg?w=370&amp;ssl=1 370w\" sizes=\"auto, (max-width: 1000px) 100vw, 1000px\" \/><\/figure>\n\n\n\n<figure class=\"wp-block-image size-large\"><img data-recalc-dims=\"1\" loading=\"lazy\" decoding=\"async\" width=\"1000\" height=\"667\" data-id=\"456996\" src=\"https:\/\/i0.wp.com\/casadecampoliving.com\/wp-content\/uploads\/2022\/10\/zEJ4B2523.jpg?resize=1000%2C667&#038;ssl=1\" alt=\"\" class=\"wp-image-456996\" srcset=\"https:\/\/i0.wp.com\/casadecampoliving.com\/wp-content\/uploads\/2022\/10\/zEJ4B2523.jpg?w=1000&amp;ssl=1 1000w, https:\/\/i0.wp.com\/casadecampoliving.com\/wp-content\/uploads\/2022\/10\/zEJ4B2523.jpg?resize=300%2C200&amp;ssl=1 300w, https:\/\/i0.wp.com\/casadecampoliving.com\/wp-content\/uploads\/2022\/10\/zEJ4B2523.jpg?resize=768%2C512&amp;ssl=1 768w, https:\/\/i0.wp.com\/casadecampoliving.com\/wp-content\/uploads\/2022\/10\/zEJ4B2523.jpg?resize=400%2C267&amp;ssl=1 400w, https:\/\/i0.wp.com\/casadecampoliving.com\/wp-content\/uploads\/2022\/10\/zEJ4B2523.jpg?resize=706%2C471&amp;ssl=1 706w, https:\/\/i0.wp.com\/casadecampoliving.com\/wp-content\/uploads\/2022\/10\/zEJ4B2523.jpg?resize=150%2C100&amp;ssl=1 150w, https:\/\/i0.wp.com\/casadecampoliving.com\/wp-content\/uploads\/2022\/10\/zEJ4B2523.jpg?w=370&amp;ssl=1 370w\" sizes=\"auto, (max-width: 1000px) 100vw, 1000px\" \/><\/figure>\n\n\n\n<figure class=\"wp-block-image size-large\"><img data-recalc-dims=\"1\" loading=\"lazy\" decoding=\"async\" width=\"1000\" height=\"773\" data-id=\"457017\" src=\"https:\/\/i0.wp.com\/casadecampoliving.com\/wp-content\/uploads\/2022\/10\/P1144781.jpg?resize=1000%2C773&#038;ssl=1\" alt=\"\" class=\"wp-image-457017\" srcset=\"https:\/\/i0.wp.com\/casadecampoliving.com\/wp-content\/uploads\/2022\/10\/P1144781.jpg?w=1000&amp;ssl=1 1000w, https:\/\/i0.wp.com\/casadecampoliving.com\/wp-content\/uploads\/2022\/10\/P1144781.jpg?resize=300%2C232&amp;ssl=1 300w, https:\/\/i0.wp.com\/casadecampoliving.com\/wp-content\/uploads\/2022\/10\/P1144781.jpg?resize=768%2C594&amp;ssl=1 768w, https:\/\/i0.wp.com\/casadecampoliving.com\/wp-content\/uploads\/2022\/10\/P1144781.jpg?resize=400%2C309&amp;ssl=1 400w, https:\/\/i0.wp.com\/casadecampoliving.com\/wp-content\/uploads\/2022\/10\/P1144781.jpg?resize=706%2C546&amp;ssl=1 706w, https:\/\/i0.wp.com\/casadecampoliving.com\/wp-content\/uploads\/2022\/10\/P1144781.jpg?resize=150%2C116&amp;ssl=1 150w, https:\/\/i0.wp.com\/casadecampoliving.com\/wp-content\/uploads\/2022\/10\/P1144781.jpg?w=370&amp;ssl=1 370w\" sizes=\"auto, (max-width: 1000px) 100vw, 1000px\" \/><\/figure>\n\n\n\n<figure class=\"wp-block-image size-large\"><img data-recalc-dims=\"1\" loading=\"lazy\" decoding=\"async\" width=\"1000\" height=\"750\" data-id=\"457039\" src=\"https:\/\/i0.wp.com\/casadecampoliving.com\/wp-content\/uploads\/2022\/10\/P1144813.jpg?resize=1000%2C750&#038;ssl=1\" alt=\"\" class=\"wp-image-457039\" srcset=\"https:\/\/i0.wp.com\/casadecampoliving.com\/wp-content\/uploads\/2022\/10\/P1144813.jpg?w=1000&amp;ssl=1 1000w, https:\/\/i0.wp.com\/casadecampoliving.com\/wp-content\/uploads\/2022\/10\/P1144813.jpg?resize=300%2C225&amp;ssl=1 300w, https:\/\/i0.wp.com\/casadecampoliving.com\/wp-content\/uploads\/2022\/10\/P1144813.jpg?resize=768%2C576&amp;ssl=1 768w, https:\/\/i0.wp.com\/casadecampoliving.com\/wp-content\/uploads\/2022\/10\/P1144813.jpg?resize=800%2C600&amp;ssl=1 800w, https:\/\/i0.wp.com\/casadecampoliving.com\/wp-content\/uploads\/2022\/10\/P1144813.jpg?resize=400%2C300&amp;ssl=1 400w, https:\/\/i0.wp.com\/casadecampoliving.com\/wp-content\/uploads\/2022\/10\/P1144813.jpg?resize=200%2C150&amp;ssl=1 200w, https:\/\/i0.wp.com\/casadecampoliving.com\/wp-content\/uploads\/2022\/10\/P1144813.jpg?resize=706%2C530&amp;ssl=1 706w, https:\/\/i0.wp.com\/casadecampoliving.com\/wp-content\/uploads\/2022\/10\/P1144813.jpg?resize=150%2C113&amp;ssl=1 150w, https:\/\/i0.wp.com\/casadecampoliving.com\/wp-content\/uploads\/2022\/10\/P1144813.jpg?w=370&amp;ssl=1 370w\" sizes=\"auto, (max-width: 1000px) 100vw, 1000px\" \/><\/figure>\n\n\n\n<figure class=\"wp-block-image size-large\"><img data-recalc-dims=\"1\" loading=\"lazy\" decoding=\"async\" width=\"1000\" height=\"750\" data-id=\"457060\" src=\"https:\/\/i0.wp.com\/casadecampoliving.com\/wp-content\/uploads\/2022\/10\/P1144834.jpg?resize=1000%2C750&#038;ssl=1\" alt=\"\" class=\"wp-image-457060\" srcset=\"https:\/\/i0.wp.com\/casadecampoliving.com\/wp-content\/uploads\/2022\/10\/P1144834.jpg?w=1000&amp;ssl=1 1000w, https:\/\/i0.wp.com\/casadecampoliving.com\/wp-content\/uploads\/2022\/10\/P1144834.jpg?resize=300%2C225&amp;ssl=1 300w, https:\/\/i0.wp.com\/casadecampoliving.com\/wp-content\/uploads\/2022\/10\/P1144834.jpg?resize=768%2C576&amp;ssl=1 768w, https:\/\/i0.wp.com\/casadecampoliving.com\/wp-content\/uploads\/2022\/10\/P1144834.jpg?resize=800%2C600&amp;ssl=1 800w, https:\/\/i0.wp.com\/casadecampoliving.com\/wp-content\/uploads\/2022\/10\/P1144834.jpg?resize=400%2C300&amp;ssl=1 400w, https:\/\/i0.wp.com\/casadecampoliving.com\/wp-content\/uploads\/2022\/10\/P1144834.jpg?resize=200%2C150&amp;ssl=1 200w, https:\/\/i0.wp.com\/casadecampoliving.com\/wp-content\/uploads\/2022\/10\/P1144834.jpg?resize=706%2C530&amp;ssl=1 706w, https:\/\/i0.wp.com\/casadecampoliving.com\/wp-content\/uploads\/2022\/10\/P1144834.jpg?resize=150%2C113&amp;ssl=1 150w, https:\/\/i0.wp.com\/casadecampoliving.com\/wp-content\/uploads\/2022\/10\/P1144834.jpg?w=370&amp;ssl=1 370w\" sizes=\"auto, (max-width: 1000px) 100vw, 1000px\" \/><\/figure>\n\n\n\n<figure class=\"wp-block-image size-large\"><img data-recalc-dims=\"1\" loading=\"lazy\" decoding=\"async\" width=\"1000\" height=\"750\" data-id=\"457081\" src=\"https:\/\/i0.wp.com\/casadecampoliving.com\/wp-content\/uploads\/2022\/10\/P1144853.jpg?resize=1000%2C750&#038;ssl=1\" alt=\"\" class=\"wp-image-457081\" srcset=\"https:\/\/i0.wp.com\/casadecampoliving.com\/wp-content\/uploads\/2022\/10\/P1144853.jpg?w=1000&amp;ssl=1 1000w, https:\/\/i0.wp.com\/casadecampoliving.com\/wp-content\/uploads\/2022\/10\/P1144853.jpg?resize=300%2C225&amp;ssl=1 300w, https:\/\/i0.wp.com\/casadecampoliving.com\/wp-content\/uploads\/2022\/10\/P1144853.jpg?resize=768%2C576&amp;ssl=1 768w, https:\/\/i0.wp.com\/casadecampoliving.com\/wp-content\/uploads\/2022\/10\/P1144853.jpg?resize=800%2C600&amp;ssl=1 800w, https:\/\/i0.wp.com\/casadecampoliving.com\/wp-content\/uploads\/2022\/10\/P1144853.jpg?resize=400%2C300&amp;ssl=1 400w, https:\/\/i0.wp.com\/casadecampoliving.com\/wp-content\/uploads\/2022\/10\/P1144853.jpg?resize=200%2C150&amp;ssl=1 200w, https:\/\/i0.wp.com\/casadecampoliving.com\/wp-content\/uploads\/2022\/10\/P1144853.jpg?resize=706%2C530&amp;ssl=1 706w, https:\/\/i0.wp.com\/casadecampoliving.com\/wp-content\/uploads\/2022\/10\/P1144853.jpg?resize=150%2C113&amp;ssl=1 150w, https:\/\/i0.wp.com\/casadecampoliving.com\/wp-content\/uploads\/2022\/10\/P1144853.jpg?w=370&amp;ssl=1 370w\" sizes=\"auto, (max-width: 1000px) 100vw, 1000px\" \/><\/figure>\n<\/figure>\n","protected":false},"excerpt":{"rendered":"<p>El ex-presidente de los Estados Unidos Bill Clinton, visit\u00f3 en la tarde de hoy las instalaciones de Altos de Chav\u00f3n, realizando un recorrido cultural por el Museo Arqueol\u00f3gico Regional, Iglesia Altos de Chav\u00f3n, Museo del Ambar, La Tienda y los talleres artesanales de cer\u00e1mica, serigraf\u00eda y tejidos. Clinton quien estuvo acompado de Jason Kycek vicepresidente [&hellip;]<\/p>\n","protected":false},"author":36675,"featured_media":305827,"comment_status":"closed","ping_status":"closed","sticky":false,"template":"","format":"standard","meta":{"newspack_ads_suppress_ads":false,"newspack_popups_has_disabled_popups":false,"newspack_sponsor_sponsorship_scope":"","newspack_sponsor_native_byline_display":"inherit","newspack_sponsor_native_category_display":"inherit","newspack_sponsor_underwriter_style":"inherit","newspack_sponsor_underwriter_placement":"inherit","_newspack_byline_active":false,"_newspack_byline":"","newspack_hide_updated_date":false,"newspack_show_updated_date":false,"newspack_content_restriction_is_exempt":false,"newspack_featured_image_position":"","newspack_post_subtitle":"","newspack_article_summary_title":"Overview:","newspack_article_summary":"","_jetpack_memberships_contains_paid_content":false,"footnotes":"","jetpack_publicize_message":"","jetpack_publicize_feature_enabled":true,"jetpack_social_post_already_shared":false,"jetpack_social_options":{"image_generator_settings":{"template":"highway","default_image_id":0,"font":"","enabled":false},"version":2},"_wpas_customize_per_network":false},"categories":[26819,26823,26820,2513,2521,14631,26822],"tags":[3575,6182,23815,3334,5391,14736,176,9530],"newspack_spnsrs_tax":[],"class_list":["post-353500","post","type-post","status-publish","format-standard","has-post-thumbnail","hentry","category-altos-de-chavon-es","category-arte-y-cultura","category-casa-de-campo-resort","category-celebridades-es","category-republica-dominicana-2","category-estilo-de-vida","category-resort-casa-de-campo","tag-altos-de-chavon-es-2","tag-bill-clinton","tag-casa-de-campo-es-17","tag-cultura","tag-culture","tag-featured-topview-es","tag-golf","tag-visita","entry"],"yoast_head":"<!-- This site is optimized with the Yoast SEO plugin v27.5 - https:\/\/yoast.com\/product\/yoast-seo-wordpress\/ -->\n<title>Bill Clinton realiza recorrido cultural por Altos de Chavon, durante su visita a Casa de Campo Resort | Casa de Campo Living<\/title>\n<meta name=\"description\" content=\"El ex-presidente de los Estados Unidos Bill Clinton, visit\u00f3 en la tarde de hoy las instalaciones de Altos de Chav\u00f3n, realizando un recorrido cultural por\" \/>\n<meta name=\"robots\" content=\"index, follow, max-snippet:-1, max-image-preview:large, max-video-preview:-1\" \/>\n<link rel=\"canonical\" href=\"https:\/\/casadecampoliving.com\/es\/bill-clinton-realiza-recorrido-cultural-por-altos-de-chavon-durante-su-visita-a-casa-de-campo-resort\/\" \/>\n<meta property=\"og:locale\" content=\"es_ES\" \/>\n<meta property=\"og:type\" content=\"article\" \/>\n<meta property=\"og:title\" content=\"Bill Clinton realiza recorrido cultural por Altos de Chavon, durante su visita a Casa de Campo Resort | Casa de Campo Living\" \/>\n<meta property=\"og:description\" content=\"El ex-presidente de los Estados Unidos Bill Clinton, visit\u00f3 en la tarde de hoy las instalaciones de Altos de Chav\u00f3n, realizando un recorrido cultural por\" \/>\n<meta property=\"og:url\" content=\"https:\/\/casadecampoliving.com\/es\/bill-clinton-realiza-recorrido-cultural-por-altos-de-chavon-durante-su-visita-a-casa-de-campo-resort\/\" \/>\n<meta property=\"og:site_name\" content=\"Casa de Campo Living\" \/>\n<meta property=\"article:publisher\" content=\"https:\/\/www.facebook.com\/casadecampoliving\" \/>\n<meta property=\"article:published_time\" content=\"2019-07-19T04:00:00+00:00\" \/>\n<meta property=\"article:modified_time\" content=\"2022-11-10T14:32:39+00:00\" \/>\n<meta property=\"og:image\" content=\"https:\/\/i0.wp.com\/casadecampoliving.com\/wp-content\/uploads\/2022\/10\/P1144796.jpg?fit=1000%2C600&ssl=1\" \/>\n\t<meta property=\"og:image:width\" content=\"1000\" \/>\n\t<meta property=\"og:image:height\" content=\"600\" \/>\n\t<meta property=\"og:image:type\" content=\"image\/jpeg\" \/>\n<meta name=\"author\" content=\"Casa de Campo Resort\" \/>\n<meta name=\"twitter:card\" content=\"summary_large_image\" \/>\n<meta name=\"twitter:creator\" content=\"@cdcliving\" \/>\n<meta name=\"twitter:site\" content=\"@cdcliving\" \/>\n<meta name=\"twitter:label1\" content=\"Escrito por\" \/>\n\t<meta name=\"twitter:data1\" content=\"Casa de Campo Resort\" \/>\n\t<meta name=\"twitter:label2\" content=\"Tiempo de lectura\" \/>\n\t<meta name=\"twitter:data2\" content=\"2 minutos\" \/>\n<script type=\"application\/ld+json\" class=\"yoast-schema-graph\">{\"@context\":\"https:\\\/\\\/schema.org\",\"@graph\":[{\"@type\":\"Article\",\"@id\":\"https:\\\/\\\/casadecampoliving.com\\\/es\\\/bill-clinton-realiza-recorrido-cultural-por-altos-de-chavon-durante-su-visita-a-casa-de-campo-resort\\\/#article\",\"isPartOf\":{\"@id\":\"https:\\\/\\\/casadecampoliving.com\\\/es\\\/bill-clinton-realiza-recorrido-cultural-por-altos-de-chavon-durante-su-visita-a-casa-de-campo-resort\\\/\"},\"author\":{\"name\":\"Casa de Campo Resort\",\"@id\":\"https:\\\/\\\/casadecampoliving.com\\\/es\\\/#\\\/schema\\\/person\\\/52642ac476979f209529cc58bb6c9787\"},\"headline\":\"Bill Clinton realiza recorrido cultural por Altos de Chavon, durante su visita a Casa de Campo Resort\",\"datePublished\":\"2019-07-19T04:00:00+00:00\",\"dateModified\":\"2022-11-10T14:32:39+00:00\",\"mainEntityOfPage\":{\"@id\":\"https:\\\/\\\/casadecampoliving.com\\\/es\\\/bill-clinton-realiza-recorrido-cultural-por-altos-de-chavon-durante-su-visita-a-casa-de-campo-resort\\\/\"},\"wordCount\":396,\"publisher\":{\"@id\":\"https:\\\/\\\/casadecampoliving.com\\\/es\\\/#organization\"},\"image\":{\"@id\":\"https:\\\/\\\/casadecampoliving.com\\\/es\\\/bill-clinton-realiza-recorrido-cultural-por-altos-de-chavon-durante-su-visita-a-casa-de-campo-resort\\\/#primaryimage\"},\"thumbnailUrl\":\"https:\\\/\\\/i0.wp.com\\\/casadecampoliving.com\\\/wp-content\\\/uploads\\\/2022\\\/10\\\/P1144796.jpg?fit=1000%2C600&ssl=1\",\"keywords\":[\"Altos de Chavon -es\",\"bill clinton\",\"Casa de Campo\",\"cultura\",\"culture\",\"Featured-TopView @es\",\"Golf\",\"visita\"],\"articleSection\":[\"Altos de Chavon @es\",\"Arte y cultura\",\"Casa de Campo Resort\",\"Celebridades\",\"Rep\u00fablica Dominicana @es\",\"Estilo de Vida\",\"Resort Casa de Campo\"],\"inLanguage\":\"es\"},{\"@type\":\"WebPage\",\"@id\":\"https:\\\/\\\/casadecampoliving.com\\\/es\\\/bill-clinton-realiza-recorrido-cultural-por-altos-de-chavon-durante-su-visita-a-casa-de-campo-resort\\\/\",\"url\":\"https:\\\/\\\/casadecampoliving.com\\\/es\\\/bill-clinton-realiza-recorrido-cultural-por-altos-de-chavon-durante-su-visita-a-casa-de-campo-resort\\\/\",\"name\":\"Bill Clinton realiza recorrido cultural por Altos de Chavon, durante su visita a Casa de Campo Resort | Casa de Campo Living\",\"isPartOf\":{\"@id\":\"https:\\\/\\\/casadecampoliving.com\\\/es\\\/#website\"},\"primaryImageOfPage\":{\"@id\":\"https:\\\/\\\/casadecampoliving.com\\\/es\\\/bill-clinton-realiza-recorrido-cultural-por-altos-de-chavon-durante-su-visita-a-casa-de-campo-resort\\\/#primaryimage\"},\"image\":{\"@id\":\"https:\\\/\\\/casadecampoliving.com\\\/es\\\/bill-clinton-realiza-recorrido-cultural-por-altos-de-chavon-durante-su-visita-a-casa-de-campo-resort\\\/#primaryimage\"},\"thumbnailUrl\":\"https:\\\/\\\/i0.wp.com\\\/casadecampoliving.com\\\/wp-content\\\/uploads\\\/2022\\\/10\\\/P1144796.jpg?fit=1000%2C600&ssl=1\",\"datePublished\":\"2019-07-19T04:00:00+00:00\",\"dateModified\":\"2022-11-10T14:32:39+00:00\",\"description\":\"El ex-presidente de los Estados Unidos Bill Clinton, visit\u00f3 en la tarde de hoy las instalaciones de Altos de Chav\u00f3n, realizando un recorrido cultural por\",\"breadcrumb\":{\"@id\":\"https:\\\/\\\/casadecampoliving.com\\\/es\\\/bill-clinton-realiza-recorrido-cultural-por-altos-de-chavon-durante-su-visita-a-casa-de-campo-resort\\\/#breadcrumb\"},\"inLanguage\":\"es\",\"potentialAction\":[{\"@type\":\"ReadAction\",\"target\":[\"https:\\\/\\\/casadecampoliving.com\\\/es\\\/bill-clinton-realiza-recorrido-cultural-por-altos-de-chavon-durante-su-visita-a-casa-de-campo-resort\\\/\"]}]},{\"@type\":\"ImageObject\",\"inLanguage\":\"es\",\"@id\":\"https:\\\/\\\/casadecampoliving.com\\\/es\\\/bill-clinton-realiza-recorrido-cultural-por-altos-de-chavon-durante-su-visita-a-casa-de-campo-resort\\\/#primaryimage\",\"url\":\"https:\\\/\\\/i0.wp.com\\\/casadecampoliving.com\\\/wp-content\\\/uploads\\\/2022\\\/10\\\/P1144796.jpg?fit=1000%2C600&ssl=1\",\"contentUrl\":\"https:\\\/\\\/i0.wp.com\\\/casadecampoliving.com\\\/wp-content\\\/uploads\\\/2022\\\/10\\\/P1144796.jpg?fit=1000%2C600&ssl=1\",\"width\":1000,\"height\":600},{\"@type\":\"BreadcrumbList\",\"@id\":\"https:\\\/\\\/casadecampoliving.com\\\/es\\\/bill-clinton-realiza-recorrido-cultural-por-altos-de-chavon-durante-su-visita-a-casa-de-campo-resort\\\/#breadcrumb\",\"itemListElement\":[{\"@type\":\"ListItem\",\"position\":1,\"name\":\"Home\",\"item\":\"https:\\\/\\\/casadecampoliving.com\\\/es\\\/\"},{\"@type\":\"ListItem\",\"position\":2,\"name\":\"Bill Clinton realiza recorrido cultural por Altos de Chavon, durante su visita a Casa de Campo Resort\"}]},{\"@type\":\"WebSite\",\"@id\":\"https:\\\/\\\/casadecampoliving.com\\\/es\\\/#website\",\"url\":\"https:\\\/\\\/casadecampoliving.com\\\/es\\\/\",\"name\":\"Casa de Campo Living\",\"description\":\"Resort community news and resources.\",\"publisher\":{\"@id\":\"https:\\\/\\\/casadecampoliving.com\\\/es\\\/#organization\"},\"potentialAction\":[{\"@type\":\"SearchAction\",\"target\":{\"@type\":\"EntryPoint\",\"urlTemplate\":\"https:\\\/\\\/casadecampoliving.com\\\/es\\\/?s={search_term_string}\"},\"query-input\":{\"@type\":\"PropertyValueSpecification\",\"valueRequired\":true,\"valueName\":\"search_term_string\"}}],\"inLanguage\":\"es\"},{\"@type\":\"Organization\",\"@id\":\"https:\\\/\\\/casadecampoliving.com\\\/es\\\/#organization\",\"name\":\"Casa de Campo Living\",\"url\":\"https:\\\/\\\/casadecampoliving.com\\\/es\\\/\",\"logo\":{\"@type\":\"ImageObject\",\"inLanguage\":\"es\",\"@id\":\"https:\\\/\\\/casadecampoliving.com\\\/es\\\/#\\\/schema\\\/logo\\\/image\\\/\",\"url\":\"https:\\\/\\\/i0.wp.com\\\/casadecampoliving.com\\\/wp-content\\\/uploads\\\/2022\\\/07\\\/CDCLivingLogo_V1-white-sized.png?fit=800%2C214&ssl=1\",\"contentUrl\":\"https:\\\/\\\/i0.wp.com\\\/casadecampoliving.com\\\/wp-content\\\/uploads\\\/2022\\\/07\\\/CDCLivingLogo_V1-white-sized.png?fit=800%2C214&ssl=1\",\"width\":800,\"height\":214,\"caption\":\"Casa de Campo Living\"},\"image\":{\"@id\":\"https:\\\/\\\/casadecampoliving.com\\\/es\\\/#\\\/schema\\\/logo\\\/image\\\/\"},\"sameAs\":[\"https:\\\/\\\/www.facebook.com\\\/casadecampoliving\",\"https:\\\/\\\/x.com\\\/cdcliving\"]},{\"@type\":\"Person\",\"@id\":\"https:\\\/\\\/casadecampoliving.com\\\/es\\\/#\\\/schema\\\/person\\\/52642ac476979f209529cc58bb6c9787\",\"name\":\"Casa de Campo Resort\",\"image\":{\"@type\":\"ImageObject\",\"inLanguage\":\"es\",\"@id\":\"https:\\\/\\\/secure.gravatar.com\\\/avatar\\\/630e193f5d6de4142cc28292ac77a3b7ec1b8b66d948ac83f36a80720ef224d5?s=96&d=mm&r=g\",\"url\":\"https:\\\/\\\/secure.gravatar.com\\\/avatar\\\/630e193f5d6de4142cc28292ac77a3b7ec1b8b66d948ac83f36a80720ef224d5?s=96&d=mm&r=g\",\"contentUrl\":\"https:\\\/\\\/secure.gravatar.com\\\/avatar\\\/630e193f5d6de4142cc28292ac77a3b7ec1b8b66d948ac83f36a80720ef224d5?s=96&d=mm&r=g\",\"caption\":\"Casa de Campo Resort\"},\"url\":\"https:\\\/\\\/casadecampoliving.com\\\/es\\\/author\\\/cdc\\\/\"}]}<\/script>\n<!-- \/ Yoast SEO plugin. -->","yoast_head_json":{"title":"Bill Clinton realiza recorrido cultural por Altos de Chavon, durante su visita a Casa de Campo Resort | Casa de Campo Living","description":"El ex-presidente de los Estados Unidos Bill Clinton, visit\u00f3 en la tarde de hoy las instalaciones de Altos de Chav\u00f3n, realizando un recorrido cultural por","robots":{"index":"index","follow":"follow","max-snippet":"max-snippet:-1","max-image-preview":"max-image-preview:large","max-video-preview":"max-video-preview:-1"},"canonical":"https:\/\/casadecampoliving.com\/es\/bill-clinton-realiza-recorrido-cultural-por-altos-de-chavon-durante-su-visita-a-casa-de-campo-resort\/","og_locale":"es_ES","og_type":"article","og_title":"Bill Clinton realiza recorrido cultural por Altos de Chavon, durante su visita a Casa de Campo Resort | Casa de Campo Living","og_description":"El ex-presidente de los Estados Unidos Bill Clinton, visit\u00f3 en la tarde de hoy las instalaciones de Altos de Chav\u00f3n, realizando un recorrido cultural por","og_url":"https:\/\/casadecampoliving.com\/es\/bill-clinton-realiza-recorrido-cultural-por-altos-de-chavon-durante-su-visita-a-casa-de-campo-resort\/","og_site_name":"Casa de Campo Living","article_publisher":"https:\/\/www.facebook.com\/casadecampoliving","article_published_time":"2019-07-19T04:00:00+00:00","article_modified_time":"2022-11-10T14:32:39+00:00","og_image":[{"width":1000,"height":600,"url":"https:\/\/i0.wp.com\/casadecampoliving.com\/wp-content\/uploads\/2022\/10\/P1144796.jpg?fit=1000%2C600&ssl=1","type":"image\/jpeg"}],"author":"Casa de Campo Resort","twitter_card":"summary_large_image","twitter_creator":"@cdcliving","twitter_site":"@cdcliving","twitter_misc":{"Escrito por":"Casa de Campo Resort","Tiempo de lectura":"2 minutos"},"schema":{"@context":"https:\/\/schema.org","@graph":[{"@type":"Article","@id":"https:\/\/casadecampoliving.com\/es\/bill-clinton-realiza-recorrido-cultural-por-altos-de-chavon-durante-su-visita-a-casa-de-campo-resort\/#article","isPartOf":{"@id":"https:\/\/casadecampoliving.com\/es\/bill-clinton-realiza-recorrido-cultural-por-altos-de-chavon-durante-su-visita-a-casa-de-campo-resort\/"},"author":{"name":"Casa de Campo Resort","@id":"https:\/\/casadecampoliving.com\/es\/#\/schema\/person\/52642ac476979f209529cc58bb6c9787"},"headline":"Bill Clinton realiza recorrido cultural por Altos de Chavon, durante su visita a Casa de Campo Resort","datePublished":"2019-07-19T04:00:00+00:00","dateModified":"2022-11-10T14:32:39+00:00","mainEntityOfPage":{"@id":"https:\/\/casadecampoliving.com\/es\/bill-clinton-realiza-recorrido-cultural-por-altos-de-chavon-durante-su-visita-a-casa-de-campo-resort\/"},"wordCount":396,"publisher":{"@id":"https:\/\/casadecampoliving.com\/es\/#organization"},"image":{"@id":"https:\/\/casadecampoliving.com\/es\/bill-clinton-realiza-recorrido-cultural-por-altos-de-chavon-durante-su-visita-a-casa-de-campo-resort\/#primaryimage"},"thumbnailUrl":"https:\/\/i0.wp.com\/casadecampoliving.com\/wp-content\/uploads\/2022\/10\/P1144796.jpg?fit=1000%2C600&ssl=1","keywords":["Altos de Chavon -es","bill clinton","Casa de Campo","cultura","culture","Featured-TopView @es","Golf","visita"],"articleSection":["Altos de Chavon @es","Arte y cultura","Casa de Campo Resort","Celebridades","Rep\u00fablica Dominicana @es","Estilo de Vida","Resort Casa de Campo"],"inLanguage":"es"},{"@type":"WebPage","@id":"https:\/\/casadecampoliving.com\/es\/bill-clinton-realiza-recorrido-cultural-por-altos-de-chavon-durante-su-visita-a-casa-de-campo-resort\/","url":"https:\/\/casadecampoliving.com\/es\/bill-clinton-realiza-recorrido-cultural-por-altos-de-chavon-durante-su-visita-a-casa-de-campo-resort\/","name":"Bill Clinton realiza recorrido cultural por Altos de Chavon, durante su visita a Casa de Campo Resort | Casa de Campo Living","isPartOf":{"@id":"https:\/\/casadecampoliving.com\/es\/#website"},"primaryImageOfPage":{"@id":"https:\/\/casadecampoliving.com\/es\/bill-clinton-realiza-recorrido-cultural-por-altos-de-chavon-durante-su-visita-a-casa-de-campo-resort\/#primaryimage"},"image":{"@id":"https:\/\/casadecampoliving.com\/es\/bill-clinton-realiza-recorrido-cultural-por-altos-de-chavon-durante-su-visita-a-casa-de-campo-resort\/#primaryimage"},"thumbnailUrl":"https:\/\/i0.wp.com\/casadecampoliving.com\/wp-content\/uploads\/2022\/10\/P1144796.jpg?fit=1000%2C600&ssl=1","datePublished":"2019-07-19T04:00:00+00:00","dateModified":"2022-11-10T14:32:39+00:00","description":"El ex-presidente de los Estados Unidos Bill Clinton, visit\u00f3 en la tarde de hoy las instalaciones de Altos de Chav\u00f3n, realizando un recorrido cultural por","breadcrumb":{"@id":"https:\/\/casadecampoliving.com\/es\/bill-clinton-realiza-recorrido-cultural-por-altos-de-chavon-durante-su-visita-a-casa-de-campo-resort\/#breadcrumb"},"inLanguage":"es","potentialAction":[{"@type":"ReadAction","target":["https:\/\/casadecampoliving.com\/es\/bill-clinton-realiza-recorrido-cultural-por-altos-de-chavon-durante-su-visita-a-casa-de-campo-resort\/"]}]},{"@type":"ImageObject","inLanguage":"es","@id":"https:\/\/casadecampoliving.com\/es\/bill-clinton-realiza-recorrido-cultural-por-altos-de-chavon-durante-su-visita-a-casa-de-campo-resort\/#primaryimage","url":"https:\/\/i0.wp.com\/casadecampoliving.com\/wp-content\/uploads\/2022\/10\/P1144796.jpg?fit=1000%2C600&ssl=1","contentUrl":"https:\/\/i0.wp.com\/casadecampoliving.com\/wp-content\/uploads\/2022\/10\/P1144796.jpg?fit=1000%2C600&ssl=1","width":1000,"height":600},{"@type":"BreadcrumbList","@id":"https:\/\/casadecampoliving.com\/es\/bill-clinton-realiza-recorrido-cultural-por-altos-de-chavon-durante-su-visita-a-casa-de-campo-resort\/#breadcrumb","itemListElement":[{"@type":"ListItem","position":1,"name":"Home","item":"https:\/\/casadecampoliving.com\/es\/"},{"@type":"ListItem","position":2,"name":"Bill Clinton realiza recorrido cultural por Altos de Chavon, durante su visita a Casa de Campo Resort"}]},{"@type":"WebSite","@id":"https:\/\/casadecampoliving.com\/es\/#website","url":"https:\/\/casadecampoliving.com\/es\/","name":"Casa de Campo Living","description":"Resort community news and resources.","publisher":{"@id":"https:\/\/casadecampoliving.com\/es\/#organization"},"potentialAction":[{"@type":"SearchAction","target":{"@type":"EntryPoint","urlTemplate":"https:\/\/casadecampoliving.com\/es\/?s={search_term_string}"},"query-input":{"@type":"PropertyValueSpecification","valueRequired":true,"valueName":"search_term_string"}}],"inLanguage":"es"},{"@type":"Organization","@id":"https:\/\/casadecampoliving.com\/es\/#organization","name":"Casa de Campo Living","url":"https:\/\/casadecampoliving.com\/es\/","logo":{"@type":"ImageObject","inLanguage":"es","@id":"https:\/\/casadecampoliving.com\/es\/#\/schema\/logo\/image\/","url":"https:\/\/i0.wp.com\/casadecampoliving.com\/wp-content\/uploads\/2022\/07\/CDCLivingLogo_V1-white-sized.png?fit=800%2C214&ssl=1","contentUrl":"https:\/\/i0.wp.com\/casadecampoliving.com\/wp-content\/uploads\/2022\/07\/CDCLivingLogo_V1-white-sized.png?fit=800%2C214&ssl=1","width":800,"height":214,"caption":"Casa de Campo Living"},"image":{"@id":"https:\/\/casadecampoliving.com\/es\/#\/schema\/logo\/image\/"},"sameAs":["https:\/\/www.facebook.com\/casadecampoliving","https:\/\/x.com\/cdcliving"]},{"@type":"Person","@id":"https:\/\/casadecampoliving.com\/es\/#\/schema\/person\/52642ac476979f209529cc58bb6c9787","name":"Casa de Campo Resort","image":{"@type":"ImageObject","inLanguage":"es","@id":"https:\/\/secure.gravatar.com\/avatar\/630e193f5d6de4142cc28292ac77a3b7ec1b8b66d948ac83f36a80720ef224d5?s=96&d=mm&r=g","url":"https:\/\/secure.gravatar.com\/avatar\/630e193f5d6de4142cc28292ac77a3b7ec1b8b66d948ac83f36a80720ef224d5?s=96&d=mm&r=g","contentUrl":"https:\/\/secure.gravatar.com\/avatar\/630e193f5d6de4142cc28292ac77a3b7ec1b8b66d948ac83f36a80720ef224d5?s=96&d=mm&r=g","caption":"Casa de Campo Resort"},"url":"https:\/\/casadecampoliving.com\/es\/author\/cdc\/"}]}},"parsely":{"version":"1.1.0","canonical_url":"https:\/\/casadecampoliving.com\/es\/bill-clinton-realiza-recorrido-cultural-por-altos-de-chavon-durante-su-visita-a-casa-de-campo-resort\/","smart_links":{"inbound":0,"outbound":0},"traffic_boost_suggestions_count":0,"meta":{"@context":"https:\/\/schema.org","@type":"NewsArticle","headline":"Bill Clinton realiza recorrido cultural por Altos de Chavon, durante su visita a Casa de Campo Resort","url":"http:\/\/casadecampoliving.com\/es\/bill-clinton-realiza-recorrido-cultural-por-altos-de-chavon-durante-su-visita-a-casa-de-campo-resort\/","mainEntityOfPage":{"@type":"WebPage","@id":"http:\/\/casadecampoliving.com\/es\/bill-clinton-realiza-recorrido-cultural-por-altos-de-chavon-durante-su-visita-a-casa-de-campo-resort\/"},"thumbnailUrl":"https:\/\/i0.wp.com\/casadecampoliving.com\/wp-content\/uploads\/2022\/10\/P1144796.jpg?resize=150%2C150&ssl=1","image":{"@type":"ImageObject","url":"https:\/\/i0.wp.com\/casadecampoliving.com\/wp-content\/uploads\/2022\/10\/P1144796.jpg?fit=1000%2C600&ssl=1"},"articleSection":"Altos de Chavon @es","author":[{"@type":"Person","name":"Casa de Campo Resort"}],"creator":["Casa de Campo Resort"],"publisher":{"@type":"Organization","name":"Casa de Campo Living","logo":"https:\/\/casadecampoliving.com\/wp-content\/uploads\/2022\/07\/CDCLivingLogo_V1-white-sized.png"},"keywords":["altos de chavon -es","bill clinton","casa de campo","cultura","culture","featured-topview @es","golf","visita"],"dateCreated":"2019-07-19T04:00:00Z","datePublished":"2019-07-19T04:00:00Z","dateModified":"2022-11-10T14:32:39Z"},"rendered":"<script type=\"application\/ld+json\" class=\"wp-parsely-metadata\">{\"@context\":\"https:\\\/\\\/schema.org\",\"@type\":\"NewsArticle\",\"headline\":\"Bill Clinton realiza recorrido cultural por Altos de Chavon, durante su visita a Casa de Campo Resort\",\"url\":\"http:\\\/\\\/casadecampoliving.com\\\/es\\\/bill-clinton-realiza-recorrido-cultural-por-altos-de-chavon-durante-su-visita-a-casa-de-campo-resort\\\/\",\"mainEntityOfPage\":{\"@type\":\"WebPage\",\"@id\":\"http:\\\/\\\/casadecampoliving.com\\\/es\\\/bill-clinton-realiza-recorrido-cultural-por-altos-de-chavon-durante-su-visita-a-casa-de-campo-resort\\\/\"},\"thumbnailUrl\":\"https:\\\/\\\/i0.wp.com\\\/casadecampoliving.com\\\/wp-content\\\/uploads\\\/2022\\\/10\\\/P1144796.jpg?resize=150%2C150&ssl=1\",\"image\":{\"@type\":\"ImageObject\",\"url\":\"https:\\\/\\\/i0.wp.com\\\/casadecampoliving.com\\\/wp-content\\\/uploads\\\/2022\\\/10\\\/P1144796.jpg?fit=1000%2C600&ssl=1\"},\"articleSection\":\"Altos de Chavon @es\",\"author\":[{\"@type\":\"Person\",\"name\":\"Casa de Campo Resort\"}],\"creator\":[\"Casa de Campo Resort\"],\"publisher\":{\"@type\":\"Organization\",\"name\":\"Casa de Campo Living\",\"logo\":\"https:\\\/\\\/casadecampoliving.com\\\/wp-content\\\/uploads\\\/2022\\\/07\\\/CDCLivingLogo_V1-white-sized.png\"},\"keywords\":[\"altos de chavon -es\",\"bill clinton\",\"casa de campo\",\"cultura\",\"culture\",\"featured-topview @es\",\"golf\",\"visita\"],\"dateCreated\":\"2019-07-19T04:00:00Z\",\"datePublished\":\"2019-07-19T04:00:00Z\",\"dateModified\":\"2022-11-10T14:32:39Z\"}<\/script>","tracker_url":"https:\/\/cdn.parsely.com\/keys\/casadecampoliving.com\/p.js"},"jetpack_publicize_connections":[],"jetpack_featured_media_url":"https:\/\/i0.wp.com\/casadecampoliving.com\/wp-content\/uploads\/2022\/10\/P1144796.jpg?fit=1000%2C600&ssl=1","jetpack-related-posts":[{"id":433460,"url":"https:\/\/casadecampoliving.com\/es\/no-se-pierdan-el-increible-tributo-a-frank-sinatra-para-celebrar-el-40-aniversario-del-anfiteatro-altos-de-chavon\/","url_meta":{"origin":353500,"position":0},"title":"No se pierdan el incre\u00edble tributo a Frank Sinatra para celebrar el 40 aniversario del\u00a0Anfiteatro Altos de Chav\u00f3n","author":"Casa de Campo Living","date":"20 Oct, 2022","format":false,"excerpt":"Siendo uno de los escenarios m\u00e1s emblem\u00e1ticos del pa\u00eds, Casa de Campo Resort\u00ae & Villas celebra las cuatro d\u00e9cadas de aniversario de Altos de Chav\u00f3n con un tributo al gran Frank Sinatra, protagonizado por artistas invitados y una big band tal cual la que acompa\u00f1\u00f3 al artista hace 40 a\u00f1os\u2026","rel":"","context":"En \u00abUncategorized @es\u00bb","block_context":{"text":"Uncategorized @es","link":"https:\/\/casadecampoliving.com\/es\/category\/uncategorized-es\/"},"img":{"alt_text":"","src":"https:\/\/i0.wp.com\/casadecampoliving.com\/wp-content\/uploads\/2022\/10\/Tributo-Frank-Sinatra-Foto-Principal-Amaury-Sanchez-Danilo-Ginebra-Andres-Pichardo-y-Jose-Gabriel-Perez-.jpg?fit=1200%2C873&ssl=1&resize=350%2C200","width":350,"height":200,"srcset":"https:\/\/i0.wp.com\/casadecampoliving.com\/wp-content\/uploads\/2022\/10\/Tributo-Frank-Sinatra-Foto-Principal-Amaury-Sanchez-Danilo-Ginebra-Andres-Pichardo-y-Jose-Gabriel-Perez-.jpg?fit=1200%2C873&ssl=1&resize=350%2C200 1x, https:\/\/i0.wp.com\/casadecampoliving.com\/wp-content\/uploads\/2022\/10\/Tributo-Frank-Sinatra-Foto-Principal-Amaury-Sanchez-Danilo-Ginebra-Andres-Pichardo-y-Jose-Gabriel-Perez-.jpg?fit=1200%2C873&ssl=1&resize=525%2C300 1.5x, https:\/\/i0.wp.com\/casadecampoliving.com\/wp-content\/uploads\/2022\/10\/Tributo-Frank-Sinatra-Foto-Principal-Amaury-Sanchez-Danilo-Ginebra-Andres-Pichardo-y-Jose-Gabriel-Perez-.jpg?fit=1200%2C873&ssl=1&resize=700%2C400 2x, https:\/\/i0.wp.com\/casadecampoliving.com\/wp-content\/uploads\/2022\/10\/Tributo-Frank-Sinatra-Foto-Principal-Amaury-Sanchez-Danilo-Ginebra-Andres-Pichardo-y-Jose-Gabriel-Perez-.jpg?fit=1200%2C873&ssl=1&resize=1050%2C600 3x"},"classes":[]},{"id":502469,"url":"https:\/\/casadecampoliving.com\/es\/visita-guiada-a-traves-del-museo-arqueologico-regional-altos-de-chavon-narrada-por-el-historiador-christian-martinez\/","url_meta":{"origin":353500,"position":1},"title":"Visita guiada a trav\u00e9s del Museo Arqueol\u00f3gico Regional Altos de Chav\u00f3n narrada por el historiador Christian Mart\u00ednez","author":"Casa de Campo Living","date":"28 Oct, 2022","format":false,"excerpt":"El viernes 14 de octubre a las 7pm el Arquitecto, arque\u00f3logo y artista pl\u00e1stico Christian Mart\u00ednez nos brind\u00f3 una visita guiada por la colecci\u00f3n del museo donde explicaba, de manera anecd\u00f3tica, historias, leyendas y mitos de los abor\u00edgenes de Quisqueya. La visita guiada narrada duro dos horas aproximadamente y cont\u00f3\u2026","rel":"","context":"En \u00abAltos de Chav\u00f3n\u00bb","block_context":{"text":"Altos de Chav\u00f3n","link":"https:\/\/casadecampoliving.com\/es\/category\/altos-de-chavon-6\/"},"img":{"alt_text":"","src":"https:\/\/i0.wp.com\/casadecampoliving.com\/wp-content\/uploads\/2022\/10\/EduardoOteroChristianMartinezErikaPelaez.jpg?fit=1200%2C800&ssl=1&resize=350%2C200","width":350,"height":200,"srcset":"https:\/\/i0.wp.com\/casadecampoliving.com\/wp-content\/uploads\/2022\/10\/EduardoOteroChristianMartinezErikaPelaez.jpg?fit=1200%2C800&ssl=1&resize=350%2C200 1x, https:\/\/i0.wp.com\/casadecampoliving.com\/wp-content\/uploads\/2022\/10\/EduardoOteroChristianMartinezErikaPelaez.jpg?fit=1200%2C800&ssl=1&resize=525%2C300 1.5x, https:\/\/i0.wp.com\/casadecampoliving.com\/wp-content\/uploads\/2022\/10\/EduardoOteroChristianMartinezErikaPelaez.jpg?fit=1200%2C800&ssl=1&resize=700%2C400 2x, https:\/\/i0.wp.com\/casadecampoliving.com\/wp-content\/uploads\/2022\/10\/EduardoOteroChristianMartinezErikaPelaez.jpg?fit=1200%2C800&ssl=1&resize=1050%2C600 3x"},"classes":[]},{"id":351128,"url":"https:\/\/casadecampoliving.com\/es\/primera-dama-candida-montilla-de-medina-visita-altos-de-chavon-con-distinguidas-damas-de-america-latina\/","url_meta":{"origin":353500,"position":2},"title":"Primera Dama C\u00e1ndida Montilla de Medina visita Altos de Chav\u00f3n con distinguidas damas de Am\u00e9rica Latina","author":"Marlenys Guzm\u00e1n Casta\u00f1os","date":"8 Feb, 2017","format":false,"excerpt":"Hace unas semanas, la Rep\u00fablica Dominicana fue la sede de la V Cumbre de Jefes y Jefas de Estado y\/o de Gobierno de la Comunidad de Estados Latinoamericanos y Caribe\u00f1os (CELAC) celebrada en Punta Cana, donde varios Presidentes vinieron a profundizar la integraci\u00f3n de los pa\u00edses de Am\u00e9rica Latina y\u2026","rel":"","context":"En \u00abAltos de Chavon @es\u00bb","block_context":{"text":"Altos de Chavon @es","link":"https:\/\/casadecampoliving.com\/category\/altos-de-chavon-es\/"},"img":{"alt_text":"","src":"https:\/\/i0.wp.com\/casadecampoliving.com\/wp-content\/uploads\/2022\/10\/32486717286_4208150332_h-1.jpg?fit=1000%2C666&ssl=1&resize=350%2C200","width":350,"height":200,"srcset":"https:\/\/i0.wp.com\/casadecampoliving.com\/wp-content\/uploads\/2022\/10\/32486717286_4208150332_h-1.jpg?fit=1000%2C666&ssl=1&resize=350%2C200 1x, https:\/\/i0.wp.com\/casadecampoliving.com\/wp-content\/uploads\/2022\/10\/32486717286_4208150332_h-1.jpg?fit=1000%2C666&ssl=1&resize=525%2C300 1.5x, https:\/\/i0.wp.com\/casadecampoliving.com\/wp-content\/uploads\/2022\/10\/32486717286_4208150332_h-1.jpg?fit=1000%2C666&ssl=1&resize=700%2C400 2x"},"classes":[]},{"id":347480,"url":"https:\/\/casadecampoliving.com\/es\/renovacion-museo-altos-de-chavon\/","url_meta":{"origin":353500,"position":3},"title":"Renovaci\u00f3n del Museo Regional Arqueol\u00f3gico Altos de Chav\u00f3n","author":"Perkin Agramonte","date":"5 Jun, 2015","format":false,"excerpt":"El Museo Regional Arqueol\u00f3gico Altos de Chav\u00f3n est\u00e1 actualmente cerrado por reparaciones, y permanecer\u00e1 cerrado hasta el 20 de julio. Situado detr\u00e1s de la iglesia San Estanislao en Altos de Chav\u00f3n, el Museo Regional Arqueol\u00f3gico Altos de Chav\u00f3n es el lugar perfecto para aprender sobre la rica herencia ancestral de\u2026","rel":"","context":"En \u00abAltos de Chavon @es\u00bb","block_context":{"text":"Altos de Chavon @es","link":"https:\/\/casadecampoliving.com\/category\/altos-de-chavon-es\/"},"img":{"alt_text":"","src":"https:\/\/i0.wp.com\/casadecampoliving.com\/wp-content\/uploads\/2022\/10\/Museo-Regional-Arqueologico-Altos-de-Chavon.jpg?fit=1024%2C683&ssl=1&resize=350%2C200","width":350,"height":200,"srcset":"https:\/\/i0.wp.com\/casadecampoliving.com\/wp-content\/uploads\/2022\/10\/Museo-Regional-Arqueologico-Altos-de-Chavon.jpg?fit=1024%2C683&ssl=1&resize=350%2C200 1x, https:\/\/i0.wp.com\/casadecampoliving.com\/wp-content\/uploads\/2022\/10\/Museo-Regional-Arqueologico-Altos-de-Chavon.jpg?fit=1024%2C683&ssl=1&resize=525%2C300 1.5x, https:\/\/i0.wp.com\/casadecampoliving.com\/wp-content\/uploads\/2022\/10\/Museo-Regional-Arqueologico-Altos-de-Chavon.jpg?fit=1024%2C683&ssl=1&resize=700%2C400 2x"},"classes":[]},{"id":354562,"url":"https:\/\/casadecampoliving.com\/es\/en-octubre-festival-de-la-herencia-indigena-en-el-museo-arqueologico-regional-altos-de-chavon\/","url_meta":{"origin":353500,"position":4},"title":"\u00a1En Octubre! 1er Festival de la Herencia Ind\u00edgena en el Museo Arqueol\u00f3gico Regional Altos de Chav\u00f3n","author":"Casa de Campo Living","date":"28 Sep, 2022","format":false,"excerpt":"El Museo de Arqueolog\u00eda Regional de Altos de Chav\u00f3n acaba de anunciar su primer Festival de la Herencia Ind\u00edgena. El 12 de octubre es el d\u00eda del descubrimiento de Am\u00e9rica, el d\u00eda de la Raza. Por tal motivo, el Museo Arqueol\u00f3gico Regional quiso darle un giro de orgullo e identidad\u2026","rel":"","context":"En \u00abAltos de Chavon @es\u00bb","block_context":{"text":"Altos de Chavon @es","link":"https:\/\/casadecampoliving.com\/category\/altos-de-chavon-es\/"},"img":{"alt_text":"","src":"https:\/\/i0.wp.com\/casadecampoliving.com\/wp-content\/uploads\/2022\/10\/FAchada-MARAC.jpg?fit=1000%2C572&ssl=1&resize=350%2C200","width":350,"height":200,"srcset":"https:\/\/i0.wp.com\/casadecampoliving.com\/wp-content\/uploads\/2022\/10\/FAchada-MARAC.jpg?fit=1000%2C572&ssl=1&resize=350%2C200 1x, https:\/\/i0.wp.com\/casadecampoliving.com\/wp-content\/uploads\/2022\/10\/FAchada-MARAC.jpg?fit=1000%2C572&ssl=1&resize=525%2C300 1.5x, https:\/\/i0.wp.com\/casadecampoliving.com\/wp-content\/uploads\/2022\/10\/FAchada-MARAC.jpg?fit=1000%2C572&ssl=1&resize=700%2C400 2x"},"classes":[]},{"id":346986,"url":"https:\/\/casadecampoliving.com\/es\/campamento-explorando-el-pasado-en-el-museo-arqueologico-altos-de-chavon\/","url_meta":{"origin":353500,"position":5},"title":"Campamento \u00abExplorando el Pasado\u00bb en el Museo Arqueol\u00f3gico Altos de Chav\u00f3n","author":"Perkin Agramonte","date":"19 Mar, 2015","format":false,"excerpt":"\u00a1Anote la Fecha! El Museo Regional Arqueol\u00f3gico Altos de Chav\u00f3n estar\u00e1 llevando a cabo su Campamento de Verano del lunes 6 al viernes 17 de julio. Al igual que el a\u00f1o pasado el tema es \u201cExplorando el Pasado\u201d, donde los ni\u00f1os aprende sobre la historia a trav\u00e9s del arte, exploraciones\u2026","rel":"","context":"En \u00abAltos de Chavon @es\u00bb","block_context":{"text":"Altos de Chavon @es","link":"https:\/\/casadecampoliving.com\/category\/altos-de-chavon-es\/"},"img":{"alt_text":"Altos de Chavon Regional Museum Archaeology","src":"https:\/\/i0.wp.com\/casadecampoliving.com\/wp-content\/uploads\/2022\/10\/Altos_de_Chavon_Regional_Museum_-Archaeology-1.jpg?fit=980%2C428&ssl=1&resize=350%2C200","width":350,"height":200,"srcset":"https:\/\/i0.wp.com\/casadecampoliving.com\/wp-content\/uploads\/2022\/10\/Altos_de_Chavon_Regional_Museum_-Archaeology-1.jpg?fit=980%2C428&ssl=1&resize=350%2C200 1x, https:\/\/i0.wp.com\/casadecampoliving.com\/wp-content\/uploads\/2022\/10\/Altos_de_Chavon_Regional_Museum_-Archaeology-1.jpg?fit=980%2C428&ssl=1&resize=525%2C300 1.5x, https:\/\/i0.wp.com\/casadecampoliving.com\/wp-content\/uploads\/2022\/10\/Altos_de_Chavon_Regional_Museum_-Archaeology-1.jpg?fit=980%2C428&ssl=1&resize=700%2C400 2x"},"classes":[]}],"jetpack_sharing_enabled":true,"_links":{"self":[{"href":"https:\/\/casadecampoliving.com\/es\/wp-json\/wp\/v2\/posts\/353500","targetHints":{"allow":["GET"]}}],"collection":[{"href":"https:\/\/casadecampoliving.com\/es\/wp-json\/wp\/v2\/posts"}],"about":[{"href":"https:\/\/casadecampoliving.com\/es\/wp-json\/wp\/v2\/types\/post"}],"author":[{"embeddable":true,"href":"https:\/\/casadecampoliving.com\/es\/wp-json\/wp\/v2\/users\/36675"}],"replies":[{"embeddable":true,"href":"https:\/\/casadecampoliving.com\/es\/wp-json\/wp\/v2\/comments?post=353500"}],"version-history":[{"count":2,"href":"https:\/\/casadecampoliving.com\/es\/wp-json\/wp\/v2\/posts\/353500\/revisions"}],"predecessor-version":[{"id":507112,"href":"https:\/\/casadecampoliving.com\/es\/wp-json\/wp\/v2\/posts\/353500\/revisions\/507112"}],"wp:featuredmedia":[{"embeddable":true,"href":"https:\/\/casadecampoliving.com\/es\/wp-json\/wp\/v2\/media\/305827"}],"wp:attachment":[{"href":"https:\/\/casadecampoliving.com\/es\/wp-json\/wp\/v2\/media?parent=353500"}],"wp:term":[{"taxonomy":"category","embeddable":true,"href":"https:\/\/casadecampoliving.com\/es\/wp-json\/wp\/v2\/categories?post=353500"},{"taxonomy":"post_tag","embeddable":true,"href":"https:\/\/casadecampoliving.com\/es\/wp-json\/wp\/v2\/tags?post=353500"},{"taxonomy":"newspack_spnsrs_tax","embeddable":true,"href":"https:\/\/casadecampoliving.com\/es\/wp-json\/wp\/v2\/newspack_spnsrs_tax?post=353500"}],"curies":[{"name":"wp","href":"https:\/\/api.w.org\/{rel}","templated":true}]}}