{"id":353484,"date":"2019-07-09T00:00:00","date_gmt":"2019-07-09T04:00:00","guid":{"rendered":"https:\/\/casadecampoliving.com\/recordatorio-fin-de-semana-familiar-de-fundacion-mir-2019\/"},"modified":"2022-10-21T19:17:45","modified_gmt":"2022-10-21T23:17:45","slug":"recordatorio-fin-de-semana-familiar-de-fundacion-mir-2019","status":"publish","type":"post","link":"https:\/\/casadecampoliving.com\/es\/recordatorio-fin-de-semana-familiar-de-fundacion-mir-2019\/","title":{"rendered":"Recordatorio: \u00a1El fin de semana familiar de Fundaci\u00f3n MIR 2019 est\u00e1 a tan s\u00f3lo un mes de distancia!"},"content":{"rendered":"\n<p>\u00bfSabes lo que viene en el calendario, damas y caballeros? \u00a1Fin de semana familiar de la Fundaci\u00f3n MIR para la vida, por supuesto! Como si pudiera olvidarlo, la fiesta anual que viene con una variedad de torneos beneficia a los ni\u00f1os necesitados de La Romana que asisten a las escuelas de la Fundaci\u00f3n MIR. El evento que se llevar\u00e1 a cabo el 17 de agosto incluye un torneo de golf el s\u00e1bado junto con cl\u00ednicas de tenis para los ni\u00f1os y una ceremonia de entrega de premios y cena de gala en la playa de Minitas.<br>\n<\/p>\n\n\n\n<!--more-->\n\n\n<div class=\"wp-block-image\">\n<figure class=\"aligncenter is-resized\"><img loading=\"lazy\" decoding=\"async\" src=\"https:\/\/i0.wp.com\/casadecampoliving.com\/wp-content\/uploads\/2022\/10\/DSC_7038.jpg?resize=1000%2C600&amp;ssl=1\" alt=\"\" class=\"wp-image-170886\" height=\"600\" width=\"1000\"\/><\/figure>\n<\/div>\n\n\n<p>\u00bfQu\u00e9 no debe amar el fin de semana que re\u00fane a amigos y familiares, as\u00ed como a visitantes internacionales, para apoyar una organizaci\u00f3n ben\u00e9fica excelente? <strong>GUARDE LA FECHA para la organizaci\u00f3n ben\u00e9fica cuyo lema es: <em>\u201cAyudando a ser\u201d,<\/em><\/strong> al asistir al Fin de semana familiar de la Fundaci\u00f3n MIR este verano, su donaci\u00f3n contribuir\u00e1 al \u00e9xito futuro de estos ni\u00f1os prometedores y talentosos.<\/p>\n\n\n\n<p>\u00a1Tenemos excelentes recuerdos del Fin de Semana Familiar de la Fundaci\u00f3n MIR 2018! <a href=\"https:\/\/casadecampoliving.com\/es\/gracias-fundacion-mir-por-un-fabuloso-fin-de-semana-familiar-2018\/\" target=\"_blank\" rel=\"noopener noreferrer\">Haga clic en el enlace<\/a> para ver fotos y recordar los buenos tiempos!<\/p>\n\n\n\n<blockquote><h3><b>Fin de semana Fundaci\u00f3n MIR 2019<\/b><\/h3><figure><img decoding=\"async\" loading=\"lazy\" class=\"aligncenter size-large wp-image-170882\" src=\"https:\/\/i0.wp.com\/casadecampoliving.com\/wp-content\/uploads\/2022\/10\/Family-Weekend-1024x642-2.jpeg?resize=1000%2C627&amp;ssl=1\" alt=\"\" width=\"1000\" height=\"627\"><\/figure><p><strong>Cu\u00e1ndo:<\/strong> s\u00e1bado 17 de agosto de 2019.<\/p><p><strong>D\u00f3nde:<\/strong> Casa de Campo Resort, La Romana<\/p><p><strong>Qu\u00e9:<\/strong> Eventos de golf y tenis, as\u00ed como una ceremonia de entrega de premios durante la Cena-Gala en beneficio de los proyectos de la Fundaci\u00f3n MIR.<\/p><p><strong>Contacto:<\/strong> tel. (809) -523-8270 (DR) o (561) -366-5095 (EE. UU.) Correo electr\u00f3nico: info@fundacionmir.org<\/p><p><strong>Programa<\/strong><\/p><p><strong>S\u00e1bado 17 de agosto:<\/strong><\/p><p><strong>10:00 am:<\/strong> Cl\u00ednicas de tenis para ni\u00f1os.<\/p><p>Menores de 12 a\u00f1os en La Romana Country Club.<\/p><p><strong>1:00 pm:<\/strong> Torneo de golf, La Romana Country Club<\/p><p><strong>8:00 pm:<\/strong> Cena y ceremonia de premiaci\u00f3n en la playa de Minitas, seguida de una fiesta posterior para DJ. \u00a1Prep\u00e1rate para bailar!<\/p><\/blockquote>\n","protected":false},"excerpt":{"rendered":"<p>\u00bfSabes lo que viene en el calendario, damas y caballeros? \u00a1Fin de semana familiar de la Fundaci\u00f3n MIR para la vida, por supuesto! Como si pudiera olvidarlo, la fiesta anual que viene con una variedad de torneos beneficia a los ni\u00f1os necesitados de La Romana que asisten a las escuelas de la Fundaci\u00f3n MIR. El [&hellip;]<\/p>\n","protected":false},"author":36791,"featured_media":305249,"comment_status":"closed","ping_status":"open","sticky":false,"template":"","format":"standard","meta":{"newspack_ads_suppress_ads":false,"newspack_popups_has_disabled_popups":false,"newspack_sponsor_sponsorship_scope":"","newspack_sponsor_native_byline_display":"inherit","newspack_sponsor_native_category_display":"inherit","newspack_sponsor_underwriter_style":"inherit","newspack_sponsor_underwriter_placement":"inherit","_newspack_byline_active":false,"_newspack_byline":"","newspack_hide_updated_date":false,"newspack_show_updated_date":false,"newspack_content_restriction_is_exempt":false,"newspack_featured_image_position":"","newspack_post_subtitle":"","newspack_article_summary_title":"Overview:","newspack_article_summary":"","_jetpack_memberships_contains_paid_content":false,"footnotes":"","jetpack_publicize_message":"","jetpack_publicize_feature_enabled":true,"jetpack_social_post_already_shared":false,"jetpack_social_options":{"image_generator_settings":{"template":"highway","default_image_id":0,"font":"","enabled":false},"version":2},"_wpas_customize_per_network":false},"categories":[2528,14631,2522,2515,2514,14627,2521,26822],"tags":[21035,3890,14736,23844,24715,7553,3680,3734,21034],"newspack_spnsrs_tax":[],"class_list":["post-353484","post","type-post","status-publish","format-standard","has-post-thumbnail","hentry","category-country-club-la-romana-es","category-estilo-de-vida","category-eventos-es","category-fundacion-mir-es","category-fundaciones-es","category-proximamente","category-republica-dominicana-2","category-resort-casa-de-campo","tag-clinica-de-tenis","tag-deportes","tag-featured-topview-es","tag-fin-de-semana-familiar-2019","tag-fundacion-mir-es","tag-genesis-es","tag-golf-es","tag-la-romana-country-club-es","tag-reserve-la-fecha","entry"],"yoast_head":"<!-- This site is optimized with the Yoast SEO plugin v27.5 - https:\/\/yoast.com\/product\/yoast-seo-wordpress\/ -->\n<title>Recordatorio: \u00a1El fin de semana familiar de Fundaci\u00f3n MIR 2019 est\u00e1 a tan s\u00f3lo un mes de distancia! | Casa de Campo Living<\/title>\n<meta name=\"description\" content=\"\u00bfSabes lo que viene en el calendario, damas y caballeros? \u00a1Fin de semana familiar de la Fundaci\u00f3n MIR para la vida, por supuesto! Como si pudiera\" \/>\n<meta name=\"robots\" content=\"index, follow, max-snippet:-1, max-image-preview:large, max-video-preview:-1\" \/>\n<link rel=\"canonical\" href=\"https:\/\/casadecampoliving.com\/es\/recordatorio-fin-de-semana-familiar-de-fundacion-mir-2019\/\" \/>\n<meta property=\"og:locale\" content=\"es_ES\" \/>\n<meta property=\"og:type\" content=\"article\" \/>\n<meta property=\"og:title\" content=\"Recordatorio: \u00a1El fin de semana familiar de Fundaci\u00f3n MIR 2019 est\u00e1 a tan s\u00f3lo un mes de distancia! | Casa de Campo Living\" \/>\n<meta property=\"og:description\" content=\"\u00bfSabes lo que viene en el calendario, damas y caballeros? \u00a1Fin de semana familiar de la Fundaci\u00f3n MIR para la vida, por supuesto! Como si pudiera\" \/>\n<meta property=\"og:url\" content=\"https:\/\/casadecampoliving.com\/es\/recordatorio-fin-de-semana-familiar-de-fundacion-mir-2019\/\" \/>\n<meta property=\"og:site_name\" content=\"Casa de Campo Living\" \/>\n<meta property=\"article:publisher\" content=\"https:\/\/www.facebook.com\/casadecampoliving\" \/>\n<meta property=\"article:published_time\" content=\"2019-07-09T04:00:00+00:00\" \/>\n<meta property=\"article:modified_time\" content=\"2022-10-21T23:17:45+00:00\" \/>\n<meta property=\"og:image\" content=\"https:\/\/i0.wp.com\/casadecampoliving.com\/wp-content\/uploads\/2022\/10\/IMG_0856.jpg?fit=1000%2C561&ssl=1\" \/>\n\t<meta property=\"og:image:width\" content=\"1000\" \/>\n\t<meta property=\"og:image:height\" content=\"561\" \/>\n\t<meta property=\"og:image:type\" content=\"image\/jpeg\" \/>\n<meta name=\"author\" content=\"Casa de Campo Living\" \/>\n<meta name=\"twitter:card\" content=\"summary_large_image\" \/>\n<meta name=\"twitter:creator\" content=\"@cdcliving\" \/>\n<meta name=\"twitter:site\" content=\"@cdcliving\" \/>\n<meta name=\"twitter:label1\" content=\"Escrito por\" \/>\n\t<meta name=\"twitter:data1\" content=\"Casa de Campo Living\" \/>\n\t<meta name=\"twitter:label2\" content=\"Tiempo de lectura\" \/>\n\t<meta name=\"twitter:data2\" content=\"2 minutos\" \/>\n<script type=\"application\/ld+json\" class=\"yoast-schema-graph\">{\"@context\":\"https:\\\/\\\/schema.org\",\"@graph\":[{\"@type\":\"Article\",\"@id\":\"https:\\\/\\\/casadecampoliving.com\\\/es\\\/recordatorio-fin-de-semana-familiar-de-fundacion-mir-2019\\\/#article\",\"isPartOf\":{\"@id\":\"https:\\\/\\\/casadecampoliving.com\\\/es\\\/recordatorio-fin-de-semana-familiar-de-fundacion-mir-2019\\\/\"},\"author\":{\"name\":\"Casa de Campo Living\",\"@id\":\"https:\\\/\\\/casadecampoliving.com\\\/es\\\/#\\\/schema\\\/person\\\/5d2171637a9d11e0e43ce6b8555f9422\"},\"headline\":\"Recordatorio: \u00a1El fin de semana familiar de Fundaci\u00f3n MIR 2019 est\u00e1 a tan s\u00f3lo un mes de distancia!\",\"datePublished\":\"2019-07-09T04:00:00+00:00\",\"dateModified\":\"2022-10-21T23:17:45+00:00\",\"mainEntityOfPage\":{\"@id\":\"https:\\\/\\\/casadecampoliving.com\\\/es\\\/recordatorio-fin-de-semana-familiar-de-fundacion-mir-2019\\\/\"},\"wordCount\":334,\"publisher\":{\"@id\":\"https:\\\/\\\/casadecampoliving.com\\\/es\\\/#organization\"},\"image\":{\"@id\":\"https:\\\/\\\/casadecampoliving.com\\\/es\\\/recordatorio-fin-de-semana-familiar-de-fundacion-mir-2019\\\/#primaryimage\"},\"thumbnailUrl\":\"https:\\\/\\\/i0.wp.com\\\/casadecampoliving.com\\\/wp-content\\\/uploads\\\/2022\\\/10\\\/IMG_0856.jpg?fit=1000%2C561&ssl=1\",\"keywords\":[\"Clinica de tenis\",\"deportes\",\"Featured-TopView @es\",\"FIN DE SEMANA FAMILIAR 2019\",\"Fundacion MIR\",\"genesis @es\",\"golf @es\",\"la romana country club @es\",\"Reserve la Fecha\"],\"articleSection\":[\"Country Club La Romana\",\"Estilo de Vida\",\"Eventos\",\"Fundaci\u00f3n MIR @es\",\"Fundaciones\",\"Proximamente\",\"Rep\u00fablica Dominicana @es\",\"Resort Casa de Campo\"],\"inLanguage\":\"es\"},{\"@type\":\"WebPage\",\"@id\":\"https:\\\/\\\/casadecampoliving.com\\\/es\\\/recordatorio-fin-de-semana-familiar-de-fundacion-mir-2019\\\/\",\"url\":\"https:\\\/\\\/casadecampoliving.com\\\/es\\\/recordatorio-fin-de-semana-familiar-de-fundacion-mir-2019\\\/\",\"name\":\"Recordatorio: \u00a1El fin de semana familiar de Fundaci\u00f3n MIR 2019 est\u00e1 a tan s\u00f3lo un mes de distancia! | Casa de Campo Living\",\"isPartOf\":{\"@id\":\"https:\\\/\\\/casadecampoliving.com\\\/es\\\/#website\"},\"primaryImageOfPage\":{\"@id\":\"https:\\\/\\\/casadecampoliving.com\\\/es\\\/recordatorio-fin-de-semana-familiar-de-fundacion-mir-2019\\\/#primaryimage\"},\"image\":{\"@id\":\"https:\\\/\\\/casadecampoliving.com\\\/es\\\/recordatorio-fin-de-semana-familiar-de-fundacion-mir-2019\\\/#primaryimage\"},\"thumbnailUrl\":\"https:\\\/\\\/i0.wp.com\\\/casadecampoliving.com\\\/wp-content\\\/uploads\\\/2022\\\/10\\\/IMG_0856.jpg?fit=1000%2C561&ssl=1\",\"datePublished\":\"2019-07-09T04:00:00+00:00\",\"dateModified\":\"2022-10-21T23:17:45+00:00\",\"description\":\"\u00bfSabes lo que viene en el calendario, damas y caballeros? \u00a1Fin de semana familiar de la Fundaci\u00f3n MIR para la vida, por supuesto! Como si pudiera\",\"breadcrumb\":{\"@id\":\"https:\\\/\\\/casadecampoliving.com\\\/es\\\/recordatorio-fin-de-semana-familiar-de-fundacion-mir-2019\\\/#breadcrumb\"},\"inLanguage\":\"es\",\"potentialAction\":[{\"@type\":\"ReadAction\",\"target\":[\"https:\\\/\\\/casadecampoliving.com\\\/es\\\/recordatorio-fin-de-semana-familiar-de-fundacion-mir-2019\\\/\"]}]},{\"@type\":\"ImageObject\",\"inLanguage\":\"es\",\"@id\":\"https:\\\/\\\/casadecampoliving.com\\\/es\\\/recordatorio-fin-de-semana-familiar-de-fundacion-mir-2019\\\/#primaryimage\",\"url\":\"https:\\\/\\\/i0.wp.com\\\/casadecampoliving.com\\\/wp-content\\\/uploads\\\/2022\\\/10\\\/IMG_0856.jpg?fit=1000%2C561&ssl=1\",\"contentUrl\":\"https:\\\/\\\/i0.wp.com\\\/casadecampoliving.com\\\/wp-content\\\/uploads\\\/2022\\\/10\\\/IMG_0856.jpg?fit=1000%2C561&ssl=1\",\"width\":1000,\"height\":561},{\"@type\":\"BreadcrumbList\",\"@id\":\"https:\\\/\\\/casadecampoliving.com\\\/es\\\/recordatorio-fin-de-semana-familiar-de-fundacion-mir-2019\\\/#breadcrumb\",\"itemListElement\":[{\"@type\":\"ListItem\",\"position\":1,\"name\":\"Home\",\"item\":\"https:\\\/\\\/casadecampoliving.com\\\/es\\\/\"},{\"@type\":\"ListItem\",\"position\":2,\"name\":\"Recordatorio: \u00a1El fin de semana familiar de Fundaci\u00f3n MIR 2019 est\u00e1 a tan s\u00f3lo un mes de distancia!\"}]},{\"@type\":\"WebSite\",\"@id\":\"https:\\\/\\\/casadecampoliving.com\\\/es\\\/#website\",\"url\":\"https:\\\/\\\/casadecampoliving.com\\\/es\\\/\",\"name\":\"Casa de Campo Living\",\"description\":\"Resort community news and resources.\",\"publisher\":{\"@id\":\"https:\\\/\\\/casadecampoliving.com\\\/es\\\/#organization\"},\"potentialAction\":[{\"@type\":\"SearchAction\",\"target\":{\"@type\":\"EntryPoint\",\"urlTemplate\":\"https:\\\/\\\/casadecampoliving.com\\\/es\\\/?s={search_term_string}\"},\"query-input\":{\"@type\":\"PropertyValueSpecification\",\"valueRequired\":true,\"valueName\":\"search_term_string\"}}],\"inLanguage\":\"es\"},{\"@type\":\"Organization\",\"@id\":\"https:\\\/\\\/casadecampoliving.com\\\/es\\\/#organization\",\"name\":\"Casa de Campo Living\",\"url\":\"https:\\\/\\\/casadecampoliving.com\\\/es\\\/\",\"logo\":{\"@type\":\"ImageObject\",\"inLanguage\":\"es\",\"@id\":\"https:\\\/\\\/casadecampoliving.com\\\/es\\\/#\\\/schema\\\/logo\\\/image\\\/\",\"url\":\"https:\\\/\\\/i0.wp.com\\\/casadecampoliving.com\\\/wp-content\\\/uploads\\\/2022\\\/07\\\/CDCLivingLogo_V1-white-sized.png?fit=800%2C214&ssl=1\",\"contentUrl\":\"https:\\\/\\\/i0.wp.com\\\/casadecampoliving.com\\\/wp-content\\\/uploads\\\/2022\\\/07\\\/CDCLivingLogo_V1-white-sized.png?fit=800%2C214&ssl=1\",\"width\":800,\"height\":214,\"caption\":\"Casa de Campo Living\"},\"image\":{\"@id\":\"https:\\\/\\\/casadecampoliving.com\\\/es\\\/#\\\/schema\\\/logo\\\/image\\\/\"},\"sameAs\":[\"https:\\\/\\\/www.facebook.com\\\/casadecampoliving\",\"https:\\\/\\\/x.com\\\/cdcliving\"]},{\"@type\":\"Person\",\"@id\":\"https:\\\/\\\/casadecampoliving.com\\\/es\\\/#\\\/schema\\\/person\\\/5d2171637a9d11e0e43ce6b8555f9422\",\"name\":\"Casa de Campo Living\",\"image\":{\"@type\":\"ImageObject\",\"inLanguage\":\"es\",\"@id\":\"https:\\\/\\\/secure.gravatar.com\\\/avatar\\\/d04101fa4a9fd431e939953b1500fdc7a73cd35029f86d98712fd8ccdaebaf9a?s=96&d=mm&r=g\",\"url\":\"https:\\\/\\\/secure.gravatar.com\\\/avatar\\\/d04101fa4a9fd431e939953b1500fdc7a73cd35029f86d98712fd8ccdaebaf9a?s=96&d=mm&r=g\",\"contentUrl\":\"https:\\\/\\\/secure.gravatar.com\\\/avatar\\\/d04101fa4a9fd431e939953b1500fdc7a73cd35029f86d98712fd8ccdaebaf9a?s=96&d=mm&r=g\",\"caption\":\"Casa de Campo Living\"},\"url\":\"https:\\\/\\\/casadecampoliving.com\\\/es\\\/author\\\/casa-de-campo-living\\\/\"}]}<\/script>\n<!-- \/ Yoast SEO plugin. -->","yoast_head_json":{"title":"Recordatorio: \u00a1El fin de semana familiar de Fundaci\u00f3n MIR 2019 est\u00e1 a tan s\u00f3lo un mes de distancia! | Casa de Campo Living","description":"\u00bfSabes lo que viene en el calendario, damas y caballeros? \u00a1Fin de semana familiar de la Fundaci\u00f3n MIR para la vida, por supuesto! Como si pudiera","robots":{"index":"index","follow":"follow","max-snippet":"max-snippet:-1","max-image-preview":"max-image-preview:large","max-video-preview":"max-video-preview:-1"},"canonical":"https:\/\/casadecampoliving.com\/es\/recordatorio-fin-de-semana-familiar-de-fundacion-mir-2019\/","og_locale":"es_ES","og_type":"article","og_title":"Recordatorio: \u00a1El fin de semana familiar de Fundaci\u00f3n MIR 2019 est\u00e1 a tan s\u00f3lo un mes de distancia! | Casa de Campo Living","og_description":"\u00bfSabes lo que viene en el calendario, damas y caballeros? \u00a1Fin de semana familiar de la Fundaci\u00f3n MIR para la vida, por supuesto! Como si pudiera","og_url":"https:\/\/casadecampoliving.com\/es\/recordatorio-fin-de-semana-familiar-de-fundacion-mir-2019\/","og_site_name":"Casa de Campo Living","article_publisher":"https:\/\/www.facebook.com\/casadecampoliving","article_published_time":"2019-07-09T04:00:00+00:00","article_modified_time":"2022-10-21T23:17:45+00:00","og_image":[{"width":1000,"height":561,"url":"https:\/\/i0.wp.com\/casadecampoliving.com\/wp-content\/uploads\/2022\/10\/IMG_0856.jpg?fit=1000%2C561&ssl=1","type":"image\/jpeg"}],"author":"Casa de Campo Living","twitter_card":"summary_large_image","twitter_creator":"@cdcliving","twitter_site":"@cdcliving","twitter_misc":{"Escrito por":"Casa de Campo Living","Tiempo de lectura":"2 minutos"},"schema":{"@context":"https:\/\/schema.org","@graph":[{"@type":"Article","@id":"https:\/\/casadecampoliving.com\/es\/recordatorio-fin-de-semana-familiar-de-fundacion-mir-2019\/#article","isPartOf":{"@id":"https:\/\/casadecampoliving.com\/es\/recordatorio-fin-de-semana-familiar-de-fundacion-mir-2019\/"},"author":{"name":"Casa de Campo Living","@id":"https:\/\/casadecampoliving.com\/es\/#\/schema\/person\/5d2171637a9d11e0e43ce6b8555f9422"},"headline":"Recordatorio: \u00a1El fin de semana familiar de Fundaci\u00f3n MIR 2019 est\u00e1 a tan s\u00f3lo un mes de distancia!","datePublished":"2019-07-09T04:00:00+00:00","dateModified":"2022-10-21T23:17:45+00:00","mainEntityOfPage":{"@id":"https:\/\/casadecampoliving.com\/es\/recordatorio-fin-de-semana-familiar-de-fundacion-mir-2019\/"},"wordCount":334,"publisher":{"@id":"https:\/\/casadecampoliving.com\/es\/#organization"},"image":{"@id":"https:\/\/casadecampoliving.com\/es\/recordatorio-fin-de-semana-familiar-de-fundacion-mir-2019\/#primaryimage"},"thumbnailUrl":"https:\/\/i0.wp.com\/casadecampoliving.com\/wp-content\/uploads\/2022\/10\/IMG_0856.jpg?fit=1000%2C561&ssl=1","keywords":["Clinica de tenis","deportes","Featured-TopView @es","FIN DE SEMANA FAMILIAR 2019","Fundacion MIR","genesis @es","golf @es","la romana country club @es","Reserve la Fecha"],"articleSection":["Country Club La Romana","Estilo de Vida","Eventos","Fundaci\u00f3n MIR @es","Fundaciones","Proximamente","Rep\u00fablica Dominicana @es","Resort Casa de Campo"],"inLanguage":"es"},{"@type":"WebPage","@id":"https:\/\/casadecampoliving.com\/es\/recordatorio-fin-de-semana-familiar-de-fundacion-mir-2019\/","url":"https:\/\/casadecampoliving.com\/es\/recordatorio-fin-de-semana-familiar-de-fundacion-mir-2019\/","name":"Recordatorio: \u00a1El fin de semana familiar de Fundaci\u00f3n MIR 2019 est\u00e1 a tan s\u00f3lo un mes de distancia! | Casa de Campo Living","isPartOf":{"@id":"https:\/\/casadecampoliving.com\/es\/#website"},"primaryImageOfPage":{"@id":"https:\/\/casadecampoliving.com\/es\/recordatorio-fin-de-semana-familiar-de-fundacion-mir-2019\/#primaryimage"},"image":{"@id":"https:\/\/casadecampoliving.com\/es\/recordatorio-fin-de-semana-familiar-de-fundacion-mir-2019\/#primaryimage"},"thumbnailUrl":"https:\/\/i0.wp.com\/casadecampoliving.com\/wp-content\/uploads\/2022\/10\/IMG_0856.jpg?fit=1000%2C561&ssl=1","datePublished":"2019-07-09T04:00:00+00:00","dateModified":"2022-10-21T23:17:45+00:00","description":"\u00bfSabes lo que viene en el calendario, damas y caballeros? \u00a1Fin de semana familiar de la Fundaci\u00f3n MIR para la vida, por supuesto! Como si pudiera","breadcrumb":{"@id":"https:\/\/casadecampoliving.com\/es\/recordatorio-fin-de-semana-familiar-de-fundacion-mir-2019\/#breadcrumb"},"inLanguage":"es","potentialAction":[{"@type":"ReadAction","target":["https:\/\/casadecampoliving.com\/es\/recordatorio-fin-de-semana-familiar-de-fundacion-mir-2019\/"]}]},{"@type":"ImageObject","inLanguage":"es","@id":"https:\/\/casadecampoliving.com\/es\/recordatorio-fin-de-semana-familiar-de-fundacion-mir-2019\/#primaryimage","url":"https:\/\/i0.wp.com\/casadecampoliving.com\/wp-content\/uploads\/2022\/10\/IMG_0856.jpg?fit=1000%2C561&ssl=1","contentUrl":"https:\/\/i0.wp.com\/casadecampoliving.com\/wp-content\/uploads\/2022\/10\/IMG_0856.jpg?fit=1000%2C561&ssl=1","width":1000,"height":561},{"@type":"BreadcrumbList","@id":"https:\/\/casadecampoliving.com\/es\/recordatorio-fin-de-semana-familiar-de-fundacion-mir-2019\/#breadcrumb","itemListElement":[{"@type":"ListItem","position":1,"name":"Home","item":"https:\/\/casadecampoliving.com\/es\/"},{"@type":"ListItem","position":2,"name":"Recordatorio: \u00a1El fin de semana familiar de Fundaci\u00f3n MIR 2019 est\u00e1 a tan s\u00f3lo un mes de distancia!"}]},{"@type":"WebSite","@id":"https:\/\/casadecampoliving.com\/es\/#website","url":"https:\/\/casadecampoliving.com\/es\/","name":"Casa de Campo Living","description":"Resort community news and resources.","publisher":{"@id":"https:\/\/casadecampoliving.com\/es\/#organization"},"potentialAction":[{"@type":"SearchAction","target":{"@type":"EntryPoint","urlTemplate":"https:\/\/casadecampoliving.com\/es\/?s={search_term_string}"},"query-input":{"@type":"PropertyValueSpecification","valueRequired":true,"valueName":"search_term_string"}}],"inLanguage":"es"},{"@type":"Organization","@id":"https:\/\/casadecampoliving.com\/es\/#organization","name":"Casa de Campo Living","url":"https:\/\/casadecampoliving.com\/es\/","logo":{"@type":"ImageObject","inLanguage":"es","@id":"https:\/\/casadecampoliving.com\/es\/#\/schema\/logo\/image\/","url":"https:\/\/i0.wp.com\/casadecampoliving.com\/wp-content\/uploads\/2022\/07\/CDCLivingLogo_V1-white-sized.png?fit=800%2C214&ssl=1","contentUrl":"https:\/\/i0.wp.com\/casadecampoliving.com\/wp-content\/uploads\/2022\/07\/CDCLivingLogo_V1-white-sized.png?fit=800%2C214&ssl=1","width":800,"height":214,"caption":"Casa de Campo Living"},"image":{"@id":"https:\/\/casadecampoliving.com\/es\/#\/schema\/logo\/image\/"},"sameAs":["https:\/\/www.facebook.com\/casadecampoliving","https:\/\/x.com\/cdcliving"]},{"@type":"Person","@id":"https:\/\/casadecampoliving.com\/es\/#\/schema\/person\/5d2171637a9d11e0e43ce6b8555f9422","name":"Casa de Campo Living","image":{"@type":"ImageObject","inLanguage":"es","@id":"https:\/\/secure.gravatar.com\/avatar\/d04101fa4a9fd431e939953b1500fdc7a73cd35029f86d98712fd8ccdaebaf9a?s=96&d=mm&r=g","url":"https:\/\/secure.gravatar.com\/avatar\/d04101fa4a9fd431e939953b1500fdc7a73cd35029f86d98712fd8ccdaebaf9a?s=96&d=mm&r=g","contentUrl":"https:\/\/secure.gravatar.com\/avatar\/d04101fa4a9fd431e939953b1500fdc7a73cd35029f86d98712fd8ccdaebaf9a?s=96&d=mm&r=g","caption":"Casa de Campo Living"},"url":"https:\/\/casadecampoliving.com\/es\/author\/casa-de-campo-living\/"}]}},"parsely":{"version":"1.1.0","canonical_url":"https:\/\/casadecampoliving.com\/es\/recordatorio-fin-de-semana-familiar-de-fundacion-mir-2019\/","smart_links":{"inbound":0,"outbound":0},"traffic_boost_suggestions_count":0,"meta":{"@context":"https:\/\/schema.org","@type":"NewsArticle","headline":"Recordatorio: \u00a1El fin de semana familiar de Fundaci\u00f3n MIR 2019 est\u00e1 a tan s\u00f3lo un mes de distancia!","url":"http:\/\/casadecampoliving.com\/es\/recordatorio-fin-de-semana-familiar-de-fundacion-mir-2019\/","mainEntityOfPage":{"@type":"WebPage","@id":"http:\/\/casadecampoliving.com\/es\/recordatorio-fin-de-semana-familiar-de-fundacion-mir-2019\/"},"thumbnailUrl":"https:\/\/i0.wp.com\/casadecampoliving.com\/wp-content\/uploads\/2022\/10\/IMG_0856.jpg?resize=150%2C150&ssl=1","image":{"@type":"ImageObject","url":"https:\/\/i0.wp.com\/casadecampoliving.com\/wp-content\/uploads\/2022\/10\/IMG_0856.jpg?fit=1000%2C561&ssl=1"},"articleSection":"Country Club La Romana","author":[{"@type":"Person","name":"Casa de Campo Living"}],"creator":["Casa de Campo Living"],"publisher":{"@type":"Organization","name":"Casa de Campo Living","logo":"https:\/\/casadecampoliving.com\/wp-content\/uploads\/2022\/07\/CDCLivingLogo_V1-white-sized.png"},"keywords":["clinica de tenis","deportes","featured-topview @es","fin de semana familiar 2019","fundacion mir","genesis @es","golf @es","la romana country club @es","reserve la fecha"],"dateCreated":"2019-07-09T04:00:00Z","datePublished":"2019-07-09T04:00:00Z","dateModified":"2022-10-21T23:17:45Z"},"rendered":"<script type=\"application\/ld+json\" class=\"wp-parsely-metadata\">{\"@context\":\"https:\\\/\\\/schema.org\",\"@type\":\"NewsArticle\",\"headline\":\"Recordatorio: \\u00a1El fin de semana familiar de Fundaci\\u00f3n MIR 2019 est\\u00e1 a tan s\\u00f3lo un mes de distancia!\",\"url\":\"http:\\\/\\\/casadecampoliving.com\\\/es\\\/recordatorio-fin-de-semana-familiar-de-fundacion-mir-2019\\\/\",\"mainEntityOfPage\":{\"@type\":\"WebPage\",\"@id\":\"http:\\\/\\\/casadecampoliving.com\\\/es\\\/recordatorio-fin-de-semana-familiar-de-fundacion-mir-2019\\\/\"},\"thumbnailUrl\":\"https:\\\/\\\/i0.wp.com\\\/casadecampoliving.com\\\/wp-content\\\/uploads\\\/2022\\\/10\\\/IMG_0856.jpg?resize=150%2C150&ssl=1\",\"image\":{\"@type\":\"ImageObject\",\"url\":\"https:\\\/\\\/i0.wp.com\\\/casadecampoliving.com\\\/wp-content\\\/uploads\\\/2022\\\/10\\\/IMG_0856.jpg?fit=1000%2C561&ssl=1\"},\"articleSection\":\"Country Club La Romana\",\"author\":[{\"@type\":\"Person\",\"name\":\"Casa de Campo Living\"}],\"creator\":[\"Casa de Campo Living\"],\"publisher\":{\"@type\":\"Organization\",\"name\":\"Casa de Campo Living\",\"logo\":\"https:\\\/\\\/casadecampoliving.com\\\/wp-content\\\/uploads\\\/2022\\\/07\\\/CDCLivingLogo_V1-white-sized.png\"},\"keywords\":[\"clinica de tenis\",\"deportes\",\"featured-topview @es\",\"fin de semana familiar 2019\",\"fundacion mir\",\"genesis @es\",\"golf @es\",\"la romana country club @es\",\"reserve la fecha\"],\"dateCreated\":\"2019-07-09T04:00:00Z\",\"datePublished\":\"2019-07-09T04:00:00Z\",\"dateModified\":\"2022-10-21T23:17:45Z\"}<\/script>","tracker_url":"https:\/\/cdn.parsely.com\/keys\/casadecampoliving.com\/p.js"},"jetpack_publicize_connections":[],"jetpack_featured_media_url":"https:\/\/i0.wp.com\/casadecampoliving.com\/wp-content\/uploads\/2022\/10\/IMG_0856.jpg?fit=1000%2C561&ssl=1","jetpack-related-posts":[{"id":351733,"url":"https:\/\/casadecampoliving.com\/es\/recordatorio-fin-de-semana-familiar-de-la-fundacion-mir\/","url_meta":{"origin":353484,"position":0},"title":"Recordatorio: \u00a1El fin de semana familiar de la Fundaci\u00f3n MIR est\u00e1 a tan s\u00f3lo un mes de distancia!","author":"Heather Lincoln","date":"17 Jul, 2017","format":false,"excerpt":"\u00bfSaben cual evento se aproxima, damas y caballeros? \u00a1El Fin de Semana Familiar de la Fundaci\u00f3n MIR para la Vida, por supuesto! Como si pudiera olvidar la fiesta anual que viene con una gama de torneos a beneficio de los ni\u00f1os necesitados de La Romana que asisten a las escuelas\u2026","rel":"","context":"En \u00abEstilo de Vida\u00bb","block_context":{"text":"Estilo de Vida","link":"https:\/\/casadecampoliving.com\/es\/category\/estilo-de-vida\/"},"img":{"alt_text":"Fundaci\u00f3n MIR","src":"https:\/\/i0.wp.com\/casadecampoliving.com\/wp-content\/uploads\/2022\/10\/DSC_5268-e1500306478242.jpg?fit=1000%2C600&ssl=1&resize=350%2C200","width":350,"height":200,"srcset":"https:\/\/i0.wp.com\/casadecampoliving.com\/wp-content\/uploads\/2022\/10\/DSC_5268-e1500306478242.jpg?fit=1000%2C600&ssl=1&resize=350%2C200 1x, https:\/\/i0.wp.com\/casadecampoliving.com\/wp-content\/uploads\/2022\/10\/DSC_5268-e1500306478242.jpg?fit=1000%2C600&ssl=1&resize=525%2C300 1.5x, https:\/\/i0.wp.com\/casadecampoliving.com\/wp-content\/uploads\/2022\/10\/DSC_5268-e1500306478242.jpg?fit=1000%2C600&ssl=1&resize=700%2C400 2x"},"classes":[]},{"id":353519,"url":"https:\/\/casadecampoliving.com\/es\/el-fin-de-semana-familiar-de-la-fundacion-mir-para-la-vida-2019-es-este-sabado-nos-vemos-alla\/","url_meta":{"origin":353484,"position":1},"title":"\u00a1El fin de semana familiar de la Fundaci\u00f3n MIR para la vida 2019 es este s\u00e1bado! \u00bfNos vemos all\u00e1?","author":"Casa de Campo Living","date":"12 Ago, 2019","format":false,"excerpt":"Nos acercamos r\u00e1pidamente a lo que todos hemos estado esperando: \u00a1el Fin de semana familiar para la vida 2019 de Fundaci\u00f3n MIR! A estas alturas, estamos seguros de que ha escuchado todo lo relacionado con el pr\u00f3ximo evento e incluso ha recibido volantes a su puerta, pero si no, aqu\u00ed\u2026","rel":"","context":"En \u00abCountry Club La Romana\u00bb","block_context":{"text":"Country Club La Romana","link":"https:\/\/casadecampoliving.com\/es\/category\/country-club-la-romana-es\/"},"img":{"alt_text":"","src":"https:\/\/i0.wp.com\/casadecampoliving.com\/wp-content\/uploads\/2022\/10\/DSC_7072.jpg?fit=1000%2C600&ssl=1&resize=350%2C200","width":350,"height":200,"srcset":"https:\/\/i0.wp.com\/casadecampoliving.com\/wp-content\/uploads\/2022\/10\/DSC_7072.jpg?fit=1000%2C600&ssl=1&resize=350%2C200 1x, https:\/\/i0.wp.com\/casadecampoliving.com\/wp-content\/uploads\/2022\/10\/DSC_7072.jpg?fit=1000%2C600&ssl=1&resize=525%2C300 1.5x, https:\/\/i0.wp.com\/casadecampoliving.com\/wp-content\/uploads\/2022\/10\/DSC_7072.jpg?fit=1000%2C600&ssl=1&resize=700%2C400 2x"},"classes":[]},{"id":352750,"url":"https:\/\/casadecampoliving.com\/es\/recordatorio-el-fin-de-semana-familiar-de-fundacion-mir-es-el-mes-que-viene\/","url_meta":{"origin":353484,"position":2},"title":"Recordatorio: \u00a1El Fin de Semana Familiar de Fundaci\u00f3n MIR es el mes que viene!","author":"Marlenys Guzm\u00e1n Casta\u00f1os","date":"2 Jul, 2018","format":false,"excerpt":"\u00bfSaben cual evento se aproxima, damas y caballeros? \u00a1El Fin de Semana Familiar de la Fundaci\u00f3n MIR para la Vida, por supuesto! La fiesta anual que viene con una gama de torneos a beneficio de los ni\u00f1os necesitados de La Romana que asisten a las escuelas de la Fundaci\u00f3n MIR.\u2026","rel":"","context":"En \u00abCountry Club La Romana\u00bb","block_context":{"text":"Country Club La Romana","link":"https:\/\/casadecampoliving.com\/es\/category\/country-club-la-romana-es\/"},"img":{"alt_text":"","src":"https:\/\/i0.wp.com\/casadecampoliving-wp.s3-accelerate.amazonaws.com\/2018\/07\/DSC_1044.jpg?resize=350%2C200&ssl=1","width":350,"height":200,"srcset":"https:\/\/i0.wp.com\/casadecampoliving-wp.s3-accelerate.amazonaws.com\/2018\/07\/DSC_1044.jpg?resize=350%2C200&ssl=1 1x, https:\/\/i0.wp.com\/casadecampoliving-wp.s3-accelerate.amazonaws.com\/2018\/07\/DSC_1044.jpg?resize=525%2C300&ssl=1 1.5x, https:\/\/i0.wp.com\/casadecampoliving-wp.s3-accelerate.amazonaws.com\/2018\/07\/DSC_1044.jpg?resize=700%2C400&ssl=1 2x"},"classes":[]},{"id":350216,"url":"https:\/\/casadecampoliving.com\/es\/fin-de-semana-familiar-fundacion-mir-esta-al-doblar-la-esquina\/","url_meta":{"origin":353484,"position":3},"title":"\u00a1Atencion! \u00a1El Fin de Semana Familiar Fundaci\u00f3n MIR est\u00e1 al doblar la esquina!","author":"Marlenys Guzm\u00e1n Casta\u00f1os","date":"19 Jul, 2016","format":false,"excerpt":"Ya estamos a menos de un mes para celebrar uno de los eventos m\u00e1s esperados del verano, el Fin de Semana Familiar Fundaci\u00f3n MIR, el cual se llevar\u00e1 a cabo por todo el resort Casa de Campo del 12 al 13 de agosto. El Fin de Semana Familiar de Fundaci\u00f3n\u2026","rel":"","context":"En \u00abAltos de Chavon @es\u00bb","block_context":{"text":"Altos de Chavon @es","link":"https:\/\/casadecampoliving.com\/category\/altos-de-chavon-es\/"},"img":{"alt_text":"","src":"https:\/\/i0.wp.com\/casadecampoliving.com\/wp-content\/uploads\/2022\/10\/Fundacio%CC%81n-MIR.jpg?fit=1000%2C600&ssl=1&resize=350%2C200","width":350,"height":200,"srcset":"https:\/\/i0.wp.com\/casadecampoliving.com\/wp-content\/uploads\/2022\/10\/Fundacio%CC%81n-MIR.jpg?fit=1000%2C600&ssl=1&resize=350%2C200 1x, https:\/\/i0.wp.com\/casadecampoliving.com\/wp-content\/uploads\/2022\/10\/Fundacio%CC%81n-MIR.jpg?fit=1000%2C600&ssl=1&resize=525%2C300 1.5x, https:\/\/i0.wp.com\/casadecampoliving.com\/wp-content\/uploads\/2022\/10\/Fundacio%CC%81n-MIR.jpg?fit=1000%2C600&ssl=1&resize=700%2C400 2x"},"classes":[]},{"id":350090,"url":"https:\/\/casadecampoliving.com\/es\/pronto-fin-de-semana-familiar-2016-fundacion-mir\/","url_meta":{"origin":353484,"position":4},"title":"En tan solo un mes y medio disfrutaremos del Fin de Semana Familiar 2016 de la Fundacion MIR","author":"Heather Lincoln","date":"28 Jun, 2016","format":false,"excerpt":"Como siempre este es uno de los eventos m\u00e1s esperados del verano, \u00a1pronto se llevar\u00e1 a cabo el Fin de Semana Familiar MIR de este a\u00f1o! El 12 y 13 de agosto celebraremos la labor realizada por Mission International Rescue (MIR) y sus iniciativas para ofrecer educaci\u00f3n, salud y vivienda\u2026","rel":"","context":"En \u00abCountry Club La Romana\u00bb","block_context":{"text":"Country Club La Romana","link":"https:\/\/casadecampoliving.com\/es\/category\/country-club-la-romana-es\/"},"img":{"alt_text":"","src":"https:\/\/i0.wp.com\/casadecampoliving.com\/wp-content\/uploads\/2022\/10\/DSC_0446-e1467145453396.jpg?fit=1000%2C667&ssl=1&resize=350%2C200","width":350,"height":200,"srcset":"https:\/\/i0.wp.com\/casadecampoliving.com\/wp-content\/uploads\/2022\/10\/DSC_0446-e1467145453396.jpg?fit=1000%2C667&ssl=1&resize=350%2C200 1x, https:\/\/i0.wp.com\/casadecampoliving.com\/wp-content\/uploads\/2022\/10\/DSC_0446-e1467145453396.jpg?fit=1000%2C667&ssl=1&resize=525%2C300 1.5x, https:\/\/i0.wp.com\/casadecampoliving.com\/wp-content\/uploads\/2022\/10\/DSC_0446-e1467145453396.jpg?fit=1000%2C667&ssl=1&resize=700%2C400 2x"},"classes":[]},{"id":347958,"url":"https:\/\/casadecampoliving.com\/es\/el-fin-de-semana-familiar-fundacion-mir\/","url_meta":{"origin":353484,"position":5},"title":"\u00a1El Fin de Semana Familiar Fundaci\u00f3n MIR esta al doblar la esquina!","author":"Perkin Agramonte","date":"29 Jul, 2015","format":false,"excerpt":"Ya estamos a menos de un mes para celebrar uno de los eventos mas esperados del verano, el Fin de Semana Familiar Fundaci\u00f3n MIR, el cual se llevara a cabo por todo el resort Casa de Campo el s\u00e1bado 15 de agosto. El Fin de Semana Familiar de Fundaci\u00f3n MIR\u2026","rel":"","context":"En \u00abCasa de Campo Living @es\u00bb","block_context":{"text":"Casa de Campo Living @es","link":"https:\/\/casadecampoliving.com\/category\/casa-de-campo-living-es\/"},"img":{"alt_text":"","src":"https:\/\/i0.wp.com\/casadecampoliving.com\/wp-content\/uploads\/2022\/10\/Family_Weekend_1-1.jpg?fit=880%2C609&ssl=1&resize=350%2C200","width":350,"height":200,"srcset":"https:\/\/i0.wp.com\/casadecampoliving.com\/wp-content\/uploads\/2022\/10\/Family_Weekend_1-1.jpg?fit=880%2C609&ssl=1&resize=350%2C200 1x, https:\/\/i0.wp.com\/casadecampoliving.com\/wp-content\/uploads\/2022\/10\/Family_Weekend_1-1.jpg?fit=880%2C609&ssl=1&resize=525%2C300 1.5x, https:\/\/i0.wp.com\/casadecampoliving.com\/wp-content\/uploads\/2022\/10\/Family_Weekend_1-1.jpg?fit=880%2C609&ssl=1&resize=700%2C400 2x"},"classes":[]}],"jetpack_sharing_enabled":true,"_links":{"self":[{"href":"https:\/\/casadecampoliving.com\/es\/wp-json\/wp\/v2\/posts\/353484","targetHints":{"allow":["GET"]}}],"collection":[{"href":"https:\/\/casadecampoliving.com\/es\/wp-json\/wp\/v2\/posts"}],"about":[{"href":"https:\/\/casadecampoliving.com\/es\/wp-json\/wp\/v2\/types\/post"}],"author":[{"embeddable":true,"href":"https:\/\/casadecampoliving.com\/es\/wp-json\/wp\/v2\/users\/36791"}],"replies":[{"embeddable":true,"href":"https:\/\/casadecampoliving.com\/es\/wp-json\/wp\/v2\/comments?post=353484"}],"version-history":[{"count":0,"href":"https:\/\/casadecampoliving.com\/es\/wp-json\/wp\/v2\/posts\/353484\/revisions"}],"wp:featuredmedia":[{"embeddable":true,"href":"https:\/\/casadecampoliving.com\/es\/wp-json\/wp\/v2\/media\/305249"}],"wp:attachment":[{"href":"https:\/\/casadecampoliving.com\/es\/wp-json\/wp\/v2\/media?parent=353484"}],"wp:term":[{"taxonomy":"category","embeddable":true,"href":"https:\/\/casadecampoliving.com\/es\/wp-json\/wp\/v2\/categories?post=353484"},{"taxonomy":"post_tag","embeddable":true,"href":"https:\/\/casadecampoliving.com\/es\/wp-json\/wp\/v2\/tags?post=353484"},{"taxonomy":"newspack_spnsrs_tax","embeddable":true,"href":"https:\/\/casadecampoliving.com\/es\/wp-json\/wp\/v2\/newspack_spnsrs_tax?post=353484"}],"curies":[{"name":"wp","href":"https:\/\/api.w.org\/{rel}","templated":true}]}}