{"id":353432,"date":"2019-05-13T00:00:00","date_gmt":"2019-05-13T04:00:00","guid":{"rendered":"https:\/\/casadecampoliving.com\/reserve-la-fecha-para-el-fin-de-semana-familiar-fundacion-mir-2019\/"},"modified":"2022-10-17T03:47:06","modified_gmt":"2022-10-17T07:47:06","slug":"reserve-la-fecha-para-el-fin-de-semana-familiar-fundacion-mir-2019","status":"publish","type":"post","link":"https:\/\/casadecampoliving.com\/es\/reserve-la-fecha-para-el-fin-de-semana-familiar-fundacion-mir-2019\/","title":{"rendered":"\u00a1Reserve la fecha para el Fin de Semana Familiar Fundaci\u00f3n MIR 2019!"},"content":{"rendered":"\n<p>Como siempre este es uno de los eventos m\u00e1s esperados del verano, \u00a1pronto se llevar\u00e1 a cabo el Fin de Semana Familiar MIR de este a\u00f1o! El 12 y 13 de agosto celebraremos la labor realizada por Mission International Rescue (MIR) y sus iniciativas para ofrecer educaci\u00f3n, salud y vivienda a j\u00f3venes de escasos recursos en La Romana.<br><\/p>\n\n\n\n<figure class=\"wp-block-image\"><img data-recalc-dims=\"1\" loading=\"lazy\" decoding=\"async\" width=\"1000\" height=\"561\" src=\"https:\/\/i0.wp.com\/casadecampoliving.com\/wp-content\/uploads\/2022\/10\/IMG_0810-2.jpg?resize=1000%2C561&#038;ssl=1\" alt=\"\" class=\"wp-image-170127\"\/><\/figure>\n\n\n\n<p><em><strong>\u201cAyudando a ser\u201d<\/strong>&nbsp;<\/em>\u2013 es el lema de la organizaci\u00f3n ben\u00e9fica Fundaci\u00f3n MIR que dirige 3 escuelas en La Romana con m\u00e1s de 1,200 estudiantes, y al asistir al Fin de Semana Familiar de la Fundaci\u00f3n MIR este verano, su donaci\u00f3n contribuir\u00e1 al \u00e9xito futuro de estos ni\u00f1os prometedores y talentosos.<\/p>\n\n\n\n<p>El evento anual tambi\u00e9n es una gran oportunidad para pasar un gran momento con su familia y amigos en Casa de Campo, donde los residentes, visitantes y propietarios disfrutar\u00e1n de un fabuloso d\u00eda de golf, un torneo de tenis, as\u00ed como una cena fiesta bailable la noche del ultimo d\u00eda.<\/p>\n\n\n\n<figure class=\"wp-block-image\"><img data-recalc-dims=\"1\" loading=\"lazy\" decoding=\"async\" width=\"1000\" height=\"667\" src=\"https:\/\/i0.wp.com\/casadecampoliving.com\/wp-content\/uploads\/2022\/10\/DSC_7000.jpg?resize=1000%2C667&#038;ssl=1\" alt=\"\" class=\"wp-image-170128\"\/><\/figure>\n\n\n\n<p>La Fundaci\u00f3n MIR lo alienta a GUARDAR LA FECHA para el Fin de Semana Familiar 2018 que sin duda ver\u00e1 mucha acci\u00f3n dentro del complejo. Nuestros esp\u00edritus son altos ya que esperamos apoyar el trabajo de la fundaci\u00f3n. \u00danase a la causa de una manera divertida y activa: marque sus calendarios y est\u00e9 atento al calendario completo.<\/p>\n\n\n\n<figure class=\"wp-block-image\"><img data-recalc-dims=\"1\" decoding=\"async\" src=\"https:\/\/i0.wp.com\/casadecampoliving.com\/wp-content\/uploads\/2022\/10\/Save-the-date-MIR-Weekend-20191-2.jpg?ssl=1\" alt=\"\" class=\"wp-image-170169\"\/><figcaption><strong>FIN DE SEMANA FAMILIAR MIR 2019 \u00a1GUARDE LA FECHA!<\/strong><br><br><strong>Cu\u00e1ndo:<\/strong> s\u00e1bado 17 de agosto de 2018.<br><strong>Donde:<\/strong> Casa de Campo Resort, La Romana<br><strong>Qu\u00e9: <\/strong>Fiestas, eventos de golf y tenis, as\u00ed como una ceremonia de entrega de premios durante la Cena-Gala en beneficio de los proyectos de la Fundaci\u00f3n MIR.<br><strong>Contacto:<br>Tel.&nbsp;<\/strong>(809)-523-8270 (DR) or (561)-366-5095 (USA)<br><strong>Email:&nbsp;<\/strong><a rel=\"noreferrer noopener\" href=\"mailto:info@fundacionmir.org\" target=\"_blank\">info@fundacionmir.org<\/a><\/figcaption><\/figure>\n","protected":false},"excerpt":{"rendered":"<p>Como siempre este es uno de los eventos m\u00e1s esperados del verano, \u00a1pronto se llevar\u00e1 a cabo el Fin de Semana Familiar MIR de este a\u00f1o! El 12 y 13 de agosto celebraremos la labor realizada por Mission International Rescue (MIR) y sus iniciativas para ofrecer educaci\u00f3n, salud y vivienda a j\u00f3venes de escasos recursos [&hellip;]<\/p>\n","protected":false},"author":36791,"featured_media":303049,"comment_status":"closed","ping_status":"open","sticky":false,"template":"","format":"standard","meta":{"newspack_ads_suppress_ads":false,"newspack_popups_has_disabled_popups":false,"newspack_sponsor_sponsorship_scope":"","newspack_sponsor_native_byline_display":"inherit","newspack_sponsor_native_category_display":"inherit","newspack_sponsor_underwriter_style":"inherit","newspack_sponsor_underwriter_placement":"inherit","_newspack_byline_active":false,"_newspack_byline":"","newspack_content_restriction_is_exempt":false,"newspack_featured_image_position":"","newspack_post_subtitle":"","newspack_article_summary_title":"Overview:","newspack_article_summary":"","newspack_hide_updated_date":false,"newspack_show_updated_date":false,"_jetpack_memberships_contains_paid_content":false,"footnotes":"","jetpack_publicize_message":"","jetpack_publicize_feature_enabled":true,"jetpack_social_post_already_shared":false,"jetpack_social_options":{"image_generator_settings":{"template":"highway","default_image_id":0,"font":"","enabled":false},"version":2},"_wpas_customize_per_network":false},"categories":[2528,2525,14631,2522,2515,2514,14625,14627,2521,26822,2498],"tags":[23815,21035,3890,14736,23844,24715,3680,18932,3734,21034],"newspack_spnsrs_tax":[],"class_list":["post-353432","post","type-post","status-publish","format-standard","has-post-thumbnail","hentry","category-country-club-la-romana-es","category-golf-deportes-es","category-estilo-de-vida","category-eventos-es","category-fundacion-mir-es","category-fundaciones-es","category-noticias-locales","category-proximamente","category-republica-dominicana-2","category-resort-casa-de-campo","category-uncategorized-es","tag-casa-de-campo-es-17","tag-clinica-de-tenis","tag-deportes","tag-featured-topview-es","tag-fin-de-semana-familiar-2019","tag-fundacion-mir-es","tag-golf-es","tag-la-romana-es-4","tag-la-romana-country-club-es","tag-reserve-la-fecha","entry"],"yoast_head":"<!-- This site is optimized with the Yoast SEO plugin v27.2 - https:\/\/yoast.com\/product\/yoast-seo-wordpress\/ -->\n<title>\u00a1Reserve la fecha para el Fin de Semana Familiar Fundaci\u00f3n MIR 2019! | Casa de Campo Living<\/title>\n<meta name=\"description\" content=\"Como siempre este es uno de los eventos m\u00e1s esperados del verano, \u00a1pronto se llevar\u00e1 a cabo el Fin de Semana Familiar MIR de este a\u00f1o! El 12 y 13 de\" \/>\n<meta name=\"robots\" content=\"index, follow, max-snippet:-1, max-image-preview:large, max-video-preview:-1\" \/>\n<link rel=\"canonical\" href=\"https:\/\/casadecampoliving.com\/es\/reserve-la-fecha-para-el-fin-de-semana-familiar-fundacion-mir-2019\/\" \/>\n<meta property=\"og:locale\" content=\"es_ES\" \/>\n<meta property=\"og:type\" content=\"article\" \/>\n<meta property=\"og:title\" content=\"\u00a1Reserve la fecha para el Fin de Semana Familiar Fundaci\u00f3n MIR 2019! | Casa de Campo Living\" \/>\n<meta property=\"og:description\" content=\"Como siempre este es uno de los eventos m\u00e1s esperados del verano, \u00a1pronto se llevar\u00e1 a cabo el Fin de Semana Familiar MIR de este a\u00f1o! El 12 y 13 de\" \/>\n<meta property=\"og:url\" content=\"https:\/\/casadecampoliving.com\/es\/reserve-la-fecha-para-el-fin-de-semana-familiar-fundacion-mir-2019\/\" \/>\n<meta property=\"og:site_name\" content=\"Casa de Campo Living\" \/>\n<meta property=\"article:publisher\" content=\"https:\/\/www.facebook.com\/casadecampoliving\" \/>\n<meta property=\"article:published_time\" content=\"2019-05-13T04:00:00+00:00\" \/>\n<meta property=\"article:modified_time\" content=\"2022-10-17T07:47:06+00:00\" \/>\n<meta property=\"og:image\" content=\"https:\/\/i0.wp.com\/casadecampoliving.com\/wp-content\/uploads\/2022\/10\/DSC_7042.jpg?fit=1000%2C609&ssl=1\" \/>\n\t<meta property=\"og:image:width\" content=\"1000\" \/>\n\t<meta property=\"og:image:height\" content=\"609\" \/>\n\t<meta property=\"og:image:type\" content=\"image\/jpeg\" \/>\n<meta name=\"author\" content=\"Casa de Campo Living\" \/>\n<meta name=\"twitter:card\" content=\"summary_large_image\" \/>\n<meta name=\"twitter:creator\" content=\"@cdcliving\" \/>\n<meta name=\"twitter:site\" content=\"@cdcliving\" \/>\n<meta name=\"twitter:label1\" content=\"Escrito por\" \/>\n\t<meta name=\"twitter:data1\" content=\"Casa de Campo Living\" \/>\n\t<meta name=\"twitter:label2\" content=\"Tiempo de lectura\" \/>\n\t<meta name=\"twitter:data2\" content=\"1 minuto\" \/>\n<script type=\"application\/ld+json\" class=\"yoast-schema-graph\">{\"@context\":\"https:\/\/schema.org\",\"@graph\":[{\"@type\":\"Article\",\"@id\":\"https:\/\/casadecampoliving.com\/es\/reserve-la-fecha-para-el-fin-de-semana-familiar-fundacion-mir-2019\/#article\",\"isPartOf\":{\"@id\":\"https:\/\/casadecampoliving.com\/es\/reserve-la-fecha-para-el-fin-de-semana-familiar-fundacion-mir-2019\/\"},\"author\":{\"name\":\"Casa de Campo Living\",\"@id\":\"https:\/\/casadecampoliving.com\/es\/#\/schema\/person\/5d2171637a9d11e0e43ce6b8555f9422\"},\"headline\":\"\u00a1Reserve la fecha para el Fin de Semana Familiar Fundaci\u00f3n MIR 2019!\",\"datePublished\":\"2019-05-13T04:00:00+00:00\",\"dateModified\":\"2022-10-17T07:47:06+00:00\",\"mainEntityOfPage\":{\"@id\":\"https:\/\/casadecampoliving.com\/es\/reserve-la-fecha-para-el-fin-de-semana-familiar-fundacion-mir-2019\/\"},\"wordCount\":307,\"publisher\":{\"@id\":\"https:\/\/casadecampoliving.com\/es\/#organization\"},\"image\":{\"@id\":\"https:\/\/casadecampoliving.com\/es\/reserve-la-fecha-para-el-fin-de-semana-familiar-fundacion-mir-2019\/#primaryimage\"},\"thumbnailUrl\":\"https:\/\/i0.wp.com\/casadecampoliving.com\/wp-content\/uploads\/2022\/10\/DSC_7042.jpg?fit=1000%2C609&ssl=1\",\"keywords\":[\"Casa de Campo\",\"Clinica de tenis\",\"deportes\",\"Featured-TopView @es\",\"FIN DE SEMANA FAMILIAR 2019\",\"Fundacion MIR\",\"golf @es\",\"La Romana\",\"la romana country club @es\",\"Reserve la Fecha\"],\"articleSection\":[\"Country Club La Romana\",\"Deportes\",\"Estilo de Vida\",\"Eventos\",\"Fundaci\u00f3n MIR @es\",\"Fundaciones\",\"Noticias Locales\",\"Proximamente\",\"Rep\u00fablica Dominicana @es\",\"Resort Casa de Campo\",\"Uncategorized @es\"],\"inLanguage\":\"es\"},{\"@type\":\"WebPage\",\"@id\":\"https:\/\/casadecampoliving.com\/es\/reserve-la-fecha-para-el-fin-de-semana-familiar-fundacion-mir-2019\/\",\"url\":\"https:\/\/casadecampoliving.com\/es\/reserve-la-fecha-para-el-fin-de-semana-familiar-fundacion-mir-2019\/\",\"name\":\"\u00a1Reserve la fecha para el Fin de Semana Familiar Fundaci\u00f3n MIR 2019! | Casa de Campo Living\",\"isPartOf\":{\"@id\":\"https:\/\/casadecampoliving.com\/es\/#website\"},\"primaryImageOfPage\":{\"@id\":\"https:\/\/casadecampoliving.com\/es\/reserve-la-fecha-para-el-fin-de-semana-familiar-fundacion-mir-2019\/#primaryimage\"},\"image\":{\"@id\":\"https:\/\/casadecampoliving.com\/es\/reserve-la-fecha-para-el-fin-de-semana-familiar-fundacion-mir-2019\/#primaryimage\"},\"thumbnailUrl\":\"https:\/\/i0.wp.com\/casadecampoliving.com\/wp-content\/uploads\/2022\/10\/DSC_7042.jpg?fit=1000%2C609&ssl=1\",\"datePublished\":\"2019-05-13T04:00:00+00:00\",\"dateModified\":\"2022-10-17T07:47:06+00:00\",\"description\":\"Como siempre este es uno de los eventos m\u00e1s esperados del verano, \u00a1pronto se llevar\u00e1 a cabo el Fin de Semana Familiar MIR de este a\u00f1o! El 12 y 13 de\",\"breadcrumb\":{\"@id\":\"https:\/\/casadecampoliving.com\/es\/reserve-la-fecha-para-el-fin-de-semana-familiar-fundacion-mir-2019\/#breadcrumb\"},\"inLanguage\":\"es\",\"potentialAction\":[{\"@type\":\"ReadAction\",\"target\":[\"https:\/\/casadecampoliving.com\/es\/reserve-la-fecha-para-el-fin-de-semana-familiar-fundacion-mir-2019\/\"]}]},{\"@type\":\"ImageObject\",\"inLanguage\":\"es\",\"@id\":\"https:\/\/casadecampoliving.com\/es\/reserve-la-fecha-para-el-fin-de-semana-familiar-fundacion-mir-2019\/#primaryimage\",\"url\":\"https:\/\/i0.wp.com\/casadecampoliving.com\/wp-content\/uploads\/2022\/10\/DSC_7042.jpg?fit=1000%2C609&ssl=1\",\"contentUrl\":\"https:\/\/i0.wp.com\/casadecampoliving.com\/wp-content\/uploads\/2022\/10\/DSC_7042.jpg?fit=1000%2C609&ssl=1\",\"width\":1000,\"height\":609},{\"@type\":\"BreadcrumbList\",\"@id\":\"https:\/\/casadecampoliving.com\/es\/reserve-la-fecha-para-el-fin-de-semana-familiar-fundacion-mir-2019\/#breadcrumb\",\"itemListElement\":[{\"@type\":\"ListItem\",\"position\":1,\"name\":\"Home\",\"item\":\"https:\/\/casadecampoliving.com\/es\/\"},{\"@type\":\"ListItem\",\"position\":2,\"name\":\"\u00a1Reserve la fecha para el Fin de Semana Familiar Fundaci\u00f3n MIR 2019!\"}]},{\"@type\":\"WebSite\",\"@id\":\"https:\/\/casadecampoliving.com\/es\/#website\",\"url\":\"https:\/\/casadecampoliving.com\/es\/\",\"name\":\"Casa de Campo Living\",\"description\":\"Resort community news and resources.\",\"publisher\":{\"@id\":\"https:\/\/casadecampoliving.com\/es\/#organization\"},\"potentialAction\":[{\"@type\":\"SearchAction\",\"target\":{\"@type\":\"EntryPoint\",\"urlTemplate\":\"https:\/\/casadecampoliving.com\/es\/?s={search_term_string}\"},\"query-input\":{\"@type\":\"PropertyValueSpecification\",\"valueRequired\":true,\"valueName\":\"search_term_string\"}}],\"inLanguage\":\"es\"},{\"@type\":\"Organization\",\"@id\":\"https:\/\/casadecampoliving.com\/es\/#organization\",\"name\":\"Casa de Campo Living\",\"url\":\"https:\/\/casadecampoliving.com\/es\/\",\"logo\":{\"@type\":\"ImageObject\",\"inLanguage\":\"es\",\"@id\":\"https:\/\/casadecampoliving.com\/es\/#\/schema\/logo\/image\/\",\"url\":\"https:\/\/i0.wp.com\/casadecampoliving.com\/wp-content\/uploads\/2022\/07\/CDCLivingLogo_V1-white-sized.png?fit=800%2C214&ssl=1\",\"contentUrl\":\"https:\/\/i0.wp.com\/casadecampoliving.com\/wp-content\/uploads\/2022\/07\/CDCLivingLogo_V1-white-sized.png?fit=800%2C214&ssl=1\",\"width\":800,\"height\":214,\"caption\":\"Casa de Campo Living\"},\"image\":{\"@id\":\"https:\/\/casadecampoliving.com\/es\/#\/schema\/logo\/image\/\"},\"sameAs\":[\"https:\/\/www.facebook.com\/casadecampoliving\",\"https:\/\/x.com\/cdcliving\"]},{\"@type\":\"Person\",\"@id\":\"https:\/\/casadecampoliving.com\/es\/#\/schema\/person\/5d2171637a9d11e0e43ce6b8555f9422\",\"name\":\"Casa de Campo Living\",\"image\":{\"@type\":\"ImageObject\",\"inLanguage\":\"es\",\"@id\":\"https:\/\/secure.gravatar.com\/avatar\/d04101fa4a9fd431e939953b1500fdc7a73cd35029f86d98712fd8ccdaebaf9a?s=96&d=mm&r=g\",\"url\":\"https:\/\/secure.gravatar.com\/avatar\/d04101fa4a9fd431e939953b1500fdc7a73cd35029f86d98712fd8ccdaebaf9a?s=96&d=mm&r=g\",\"contentUrl\":\"https:\/\/secure.gravatar.com\/avatar\/d04101fa4a9fd431e939953b1500fdc7a73cd35029f86d98712fd8ccdaebaf9a?s=96&d=mm&r=g\",\"caption\":\"Casa de Campo Living\"},\"url\":\"https:\/\/casadecampoliving.com\/es\/author\/casa-de-campo-living\/\"}]}<\/script>\n<!-- \/ Yoast SEO plugin. -->","yoast_head_json":{"title":"\u00a1Reserve la fecha para el Fin de Semana Familiar Fundaci\u00f3n MIR 2019! | Casa de Campo Living","description":"Como siempre este es uno de los eventos m\u00e1s esperados del verano, \u00a1pronto se llevar\u00e1 a cabo el Fin de Semana Familiar MIR de este a\u00f1o! El 12 y 13 de","robots":{"index":"index","follow":"follow","max-snippet":"max-snippet:-1","max-image-preview":"max-image-preview:large","max-video-preview":"max-video-preview:-1"},"canonical":"https:\/\/casadecampoliving.com\/es\/reserve-la-fecha-para-el-fin-de-semana-familiar-fundacion-mir-2019\/","og_locale":"es_ES","og_type":"article","og_title":"\u00a1Reserve la fecha para el Fin de Semana Familiar Fundaci\u00f3n MIR 2019! | Casa de Campo Living","og_description":"Como siempre este es uno de los eventos m\u00e1s esperados del verano, \u00a1pronto se llevar\u00e1 a cabo el Fin de Semana Familiar MIR de este a\u00f1o! El 12 y 13 de","og_url":"https:\/\/casadecampoliving.com\/es\/reserve-la-fecha-para-el-fin-de-semana-familiar-fundacion-mir-2019\/","og_site_name":"Casa de Campo Living","article_publisher":"https:\/\/www.facebook.com\/casadecampoliving","article_published_time":"2019-05-13T04:00:00+00:00","article_modified_time":"2022-10-17T07:47:06+00:00","og_image":[{"width":1000,"height":609,"url":"https:\/\/i0.wp.com\/casadecampoliving.com\/wp-content\/uploads\/2022\/10\/DSC_7042.jpg?fit=1000%2C609&ssl=1","type":"image\/jpeg"}],"author":"Casa de Campo Living","twitter_card":"summary_large_image","twitter_creator":"@cdcliving","twitter_site":"@cdcliving","twitter_misc":{"Escrito por":"Casa de Campo Living","Tiempo de lectura":"1 minuto"},"schema":{"@context":"https:\/\/schema.org","@graph":[{"@type":"Article","@id":"https:\/\/casadecampoliving.com\/es\/reserve-la-fecha-para-el-fin-de-semana-familiar-fundacion-mir-2019\/#article","isPartOf":{"@id":"https:\/\/casadecampoliving.com\/es\/reserve-la-fecha-para-el-fin-de-semana-familiar-fundacion-mir-2019\/"},"author":{"name":"Casa de Campo Living","@id":"https:\/\/casadecampoliving.com\/es\/#\/schema\/person\/5d2171637a9d11e0e43ce6b8555f9422"},"headline":"\u00a1Reserve la fecha para el Fin de Semana Familiar Fundaci\u00f3n MIR 2019!","datePublished":"2019-05-13T04:00:00+00:00","dateModified":"2022-10-17T07:47:06+00:00","mainEntityOfPage":{"@id":"https:\/\/casadecampoliving.com\/es\/reserve-la-fecha-para-el-fin-de-semana-familiar-fundacion-mir-2019\/"},"wordCount":307,"publisher":{"@id":"https:\/\/casadecampoliving.com\/es\/#organization"},"image":{"@id":"https:\/\/casadecampoliving.com\/es\/reserve-la-fecha-para-el-fin-de-semana-familiar-fundacion-mir-2019\/#primaryimage"},"thumbnailUrl":"https:\/\/i0.wp.com\/casadecampoliving.com\/wp-content\/uploads\/2022\/10\/DSC_7042.jpg?fit=1000%2C609&ssl=1","keywords":["Casa de Campo","Clinica de tenis","deportes","Featured-TopView @es","FIN DE SEMANA FAMILIAR 2019","Fundacion MIR","golf @es","La Romana","la romana country club @es","Reserve la Fecha"],"articleSection":["Country Club La Romana","Deportes","Estilo de Vida","Eventos","Fundaci\u00f3n MIR @es","Fundaciones","Noticias Locales","Proximamente","Rep\u00fablica Dominicana @es","Resort Casa de Campo","Uncategorized @es"],"inLanguage":"es"},{"@type":"WebPage","@id":"https:\/\/casadecampoliving.com\/es\/reserve-la-fecha-para-el-fin-de-semana-familiar-fundacion-mir-2019\/","url":"https:\/\/casadecampoliving.com\/es\/reserve-la-fecha-para-el-fin-de-semana-familiar-fundacion-mir-2019\/","name":"\u00a1Reserve la fecha para el Fin de Semana Familiar Fundaci\u00f3n MIR 2019! | Casa de Campo Living","isPartOf":{"@id":"https:\/\/casadecampoliving.com\/es\/#website"},"primaryImageOfPage":{"@id":"https:\/\/casadecampoliving.com\/es\/reserve-la-fecha-para-el-fin-de-semana-familiar-fundacion-mir-2019\/#primaryimage"},"image":{"@id":"https:\/\/casadecampoliving.com\/es\/reserve-la-fecha-para-el-fin-de-semana-familiar-fundacion-mir-2019\/#primaryimage"},"thumbnailUrl":"https:\/\/i0.wp.com\/casadecampoliving.com\/wp-content\/uploads\/2022\/10\/DSC_7042.jpg?fit=1000%2C609&ssl=1","datePublished":"2019-05-13T04:00:00+00:00","dateModified":"2022-10-17T07:47:06+00:00","description":"Como siempre este es uno de los eventos m\u00e1s esperados del verano, \u00a1pronto se llevar\u00e1 a cabo el Fin de Semana Familiar MIR de este a\u00f1o! El 12 y 13 de","breadcrumb":{"@id":"https:\/\/casadecampoliving.com\/es\/reserve-la-fecha-para-el-fin-de-semana-familiar-fundacion-mir-2019\/#breadcrumb"},"inLanguage":"es","potentialAction":[{"@type":"ReadAction","target":["https:\/\/casadecampoliving.com\/es\/reserve-la-fecha-para-el-fin-de-semana-familiar-fundacion-mir-2019\/"]}]},{"@type":"ImageObject","inLanguage":"es","@id":"https:\/\/casadecampoliving.com\/es\/reserve-la-fecha-para-el-fin-de-semana-familiar-fundacion-mir-2019\/#primaryimage","url":"https:\/\/i0.wp.com\/casadecampoliving.com\/wp-content\/uploads\/2022\/10\/DSC_7042.jpg?fit=1000%2C609&ssl=1","contentUrl":"https:\/\/i0.wp.com\/casadecampoliving.com\/wp-content\/uploads\/2022\/10\/DSC_7042.jpg?fit=1000%2C609&ssl=1","width":1000,"height":609},{"@type":"BreadcrumbList","@id":"https:\/\/casadecampoliving.com\/es\/reserve-la-fecha-para-el-fin-de-semana-familiar-fundacion-mir-2019\/#breadcrumb","itemListElement":[{"@type":"ListItem","position":1,"name":"Home","item":"https:\/\/casadecampoliving.com\/es\/"},{"@type":"ListItem","position":2,"name":"\u00a1Reserve la fecha para el Fin de Semana Familiar Fundaci\u00f3n MIR 2019!"}]},{"@type":"WebSite","@id":"https:\/\/casadecampoliving.com\/es\/#website","url":"https:\/\/casadecampoliving.com\/es\/","name":"Casa de Campo Living","description":"Resort community news and resources.","publisher":{"@id":"https:\/\/casadecampoliving.com\/es\/#organization"},"potentialAction":[{"@type":"SearchAction","target":{"@type":"EntryPoint","urlTemplate":"https:\/\/casadecampoliving.com\/es\/?s={search_term_string}"},"query-input":{"@type":"PropertyValueSpecification","valueRequired":true,"valueName":"search_term_string"}}],"inLanguage":"es"},{"@type":"Organization","@id":"https:\/\/casadecampoliving.com\/es\/#organization","name":"Casa de Campo Living","url":"https:\/\/casadecampoliving.com\/es\/","logo":{"@type":"ImageObject","inLanguage":"es","@id":"https:\/\/casadecampoliving.com\/es\/#\/schema\/logo\/image\/","url":"https:\/\/i0.wp.com\/casadecampoliving.com\/wp-content\/uploads\/2022\/07\/CDCLivingLogo_V1-white-sized.png?fit=800%2C214&ssl=1","contentUrl":"https:\/\/i0.wp.com\/casadecampoliving.com\/wp-content\/uploads\/2022\/07\/CDCLivingLogo_V1-white-sized.png?fit=800%2C214&ssl=1","width":800,"height":214,"caption":"Casa de Campo Living"},"image":{"@id":"https:\/\/casadecampoliving.com\/es\/#\/schema\/logo\/image\/"},"sameAs":["https:\/\/www.facebook.com\/casadecampoliving","https:\/\/x.com\/cdcliving"]},{"@type":"Person","@id":"https:\/\/casadecampoliving.com\/es\/#\/schema\/person\/5d2171637a9d11e0e43ce6b8555f9422","name":"Casa de Campo Living","image":{"@type":"ImageObject","inLanguage":"es","@id":"https:\/\/secure.gravatar.com\/avatar\/d04101fa4a9fd431e939953b1500fdc7a73cd35029f86d98712fd8ccdaebaf9a?s=96&d=mm&r=g","url":"https:\/\/secure.gravatar.com\/avatar\/d04101fa4a9fd431e939953b1500fdc7a73cd35029f86d98712fd8ccdaebaf9a?s=96&d=mm&r=g","contentUrl":"https:\/\/secure.gravatar.com\/avatar\/d04101fa4a9fd431e939953b1500fdc7a73cd35029f86d98712fd8ccdaebaf9a?s=96&d=mm&r=g","caption":"Casa de Campo Living"},"url":"https:\/\/casadecampoliving.com\/es\/author\/casa-de-campo-living\/"}]}},"parsely":{"version":"1.1.0","canonical_url":"https:\/\/casadecampoliving.com\/es\/reserve-la-fecha-para-el-fin-de-semana-familiar-fundacion-mir-2019\/","smart_links":{"inbound":0,"outbound":0},"traffic_boost_suggestions_count":0,"meta":{"@context":"https:\/\/schema.org","@type":"NewsArticle","headline":"\u00a1Reserve la fecha para el Fin de Semana Familiar Fundaci\u00f3n MIR 2019!","url":"http:\/\/casadecampoliving.com\/es\/reserve-la-fecha-para-el-fin-de-semana-familiar-fundacion-mir-2019\/","mainEntityOfPage":{"@type":"WebPage","@id":"http:\/\/casadecampoliving.com\/es\/reserve-la-fecha-para-el-fin-de-semana-familiar-fundacion-mir-2019\/"},"thumbnailUrl":"https:\/\/i0.wp.com\/casadecampoliving.com\/wp-content\/uploads\/2022\/10\/DSC_7042.jpg?resize=150%2C150&ssl=1","image":{"@type":"ImageObject","url":"https:\/\/i0.wp.com\/casadecampoliving.com\/wp-content\/uploads\/2022\/10\/DSC_7042.jpg?fit=1000%2C609&ssl=1"},"articleSection":"Country Club La Romana","author":[{"@type":"Person","name":"Casa de Campo Living"}],"creator":["Casa de Campo Living"],"publisher":{"@type":"Organization","name":"Casa de Campo Living","logo":"https:\/\/casadecampoliving.com\/wp-content\/uploads\/2022\/07\/CDCLivingLogo_V1-white-sized.png"},"keywords":["casa de campo","clinica de tenis","deportes","featured-topview @es","fin de semana familiar 2019","fundacion mir","golf @es","la romana","la romana country club @es","reserve la fecha"],"dateCreated":"2019-05-13T04:00:00Z","datePublished":"2019-05-13T04:00:00Z","dateModified":"2022-10-17T07:47:06Z"},"rendered":"<script type=\"application\/ld+json\" class=\"wp-parsely-metadata\">{\"@context\":\"https:\\\/\\\/schema.org\",\"@type\":\"NewsArticle\",\"headline\":\"\\u00a1Reserve la fecha para el Fin de Semana Familiar Fundaci\\u00f3n MIR 2019!\",\"url\":\"http:\\\/\\\/casadecampoliving.com\\\/es\\\/reserve-la-fecha-para-el-fin-de-semana-familiar-fundacion-mir-2019\\\/\",\"mainEntityOfPage\":{\"@type\":\"WebPage\",\"@id\":\"http:\\\/\\\/casadecampoliving.com\\\/es\\\/reserve-la-fecha-para-el-fin-de-semana-familiar-fundacion-mir-2019\\\/\"},\"thumbnailUrl\":\"https:\\\/\\\/i0.wp.com\\\/casadecampoliving.com\\\/wp-content\\\/uploads\\\/2022\\\/10\\\/DSC_7042.jpg?resize=150%2C150&ssl=1\",\"image\":{\"@type\":\"ImageObject\",\"url\":\"https:\\\/\\\/i0.wp.com\\\/casadecampoliving.com\\\/wp-content\\\/uploads\\\/2022\\\/10\\\/DSC_7042.jpg?fit=1000%2C609&ssl=1\"},\"articleSection\":\"Country Club La Romana\",\"author\":[{\"@type\":\"Person\",\"name\":\"Casa de Campo Living\"}],\"creator\":[\"Casa de Campo Living\"],\"publisher\":{\"@type\":\"Organization\",\"name\":\"Casa de Campo Living\",\"logo\":\"https:\\\/\\\/casadecampoliving.com\\\/wp-content\\\/uploads\\\/2022\\\/07\\\/CDCLivingLogo_V1-white-sized.png\"},\"keywords\":[\"casa de campo\",\"clinica de tenis\",\"deportes\",\"featured-topview @es\",\"fin de semana familiar 2019\",\"fundacion mir\",\"golf @es\",\"la romana\",\"la romana country club @es\",\"reserve la fecha\"],\"dateCreated\":\"2019-05-13T04:00:00Z\",\"datePublished\":\"2019-05-13T04:00:00Z\",\"dateModified\":\"2022-10-17T07:47:06Z\"}<\/script>","tracker_url":"https:\/\/cdn.parsely.com\/keys\/casadecampoliving.com\/p.js"},"jetpack_publicize_connections":[],"jetpack_featured_media_url":"https:\/\/i0.wp.com\/casadecampoliving.com\/wp-content\/uploads\/2022\/10\/DSC_7042.jpg?fit=1000%2C609&ssl=1","jetpack-related-posts":[{"id":353484,"url":"https:\/\/casadecampoliving.com\/es\/recordatorio-fin-de-semana-familiar-de-fundacion-mir-2019\/","url_meta":{"origin":353432,"position":0},"title":"Recordatorio: \u00a1El fin de semana familiar de Fundaci\u00f3n MIR 2019 est\u00e1 a tan s\u00f3lo un mes de distancia!","author":"Casa de Campo Living","date":"9 Jul, 2019","format":false,"excerpt":"\u00bfSabes lo que viene en el calendario, damas y caballeros? \u00a1Fin de semana familiar de la Fundaci\u00f3n MIR para la vida, por supuesto! Como si pudiera olvidarlo, la fiesta anual que viene con una variedad de torneos beneficia a los ni\u00f1os necesitados de La Romana que asisten a las escuelas\u2026","rel":"","context":"En \u00abCountry Club La Romana\u00bb","block_context":{"text":"Country Club La Romana","link":"https:\/\/casadecampoliving.com\/es\/category\/country-club-la-romana-es\/"},"img":{"alt_text":"","src":"https:\/\/i0.wp.com\/casadecampoliving.com\/wp-content\/uploads\/2022\/10\/IMG_0856.jpg?fit=1000%2C561&ssl=1&resize=350%2C200","width":350,"height":200,"srcset":"https:\/\/i0.wp.com\/casadecampoliving.com\/wp-content\/uploads\/2022\/10\/IMG_0856.jpg?fit=1000%2C561&ssl=1&resize=350%2C200 1x, https:\/\/i0.wp.com\/casadecampoliving.com\/wp-content\/uploads\/2022\/10\/IMG_0856.jpg?fit=1000%2C561&ssl=1&resize=525%2C300 1.5x, https:\/\/i0.wp.com\/casadecampoliving.com\/wp-content\/uploads\/2022\/10\/IMG_0856.jpg?fit=1000%2C561&ssl=1&resize=700%2C400 2x"},"classes":[]},{"id":352653,"url":"https:\/\/casadecampoliving.com\/es\/reserve-la-fecha-para-el-fin-de-semana-familiar-fundacion-mir-de-este-ano\/","url_meta":{"origin":353432,"position":1},"title":"\u00a1Reserve la fecha para el Fin de Semana Familiar Fundaci\u00f3n MIR de este a\u00f1o!","author":"Marlenys Guzm\u00e1n Casta\u00f1os","date":"14 May, 2018","format":false,"excerpt":"\u00a1Reserven la fecha! \u00a1El Fin de Semana Familiar Fundaci\u00f3n MIR 2018 est\u00e1 a dos meses de distancia y est\u00e1 llena de actividades que no querr\u00e1 perderse! Lo que tendr\u00e1 lugar los d\u00edas 17 y 18 de agosto contar\u00e1 con el apoyo de cientos de miembros de la comunidad e invitados\u2026","rel":"","context":"En \u00abEstilo de Vida\u00bb","block_context":{"text":"Estilo de Vida","link":"https:\/\/casadecampoliving.com\/es\/category\/estilo-de-vida\/"},"img":{"alt_text":"","src":"https:\/\/i0.wp.com\/casadecampoliving.com\/wp-content\/uploads\/2022\/10\/fundacion_MIR2-8.jpg?fit=620%2C311&ssl=1&resize=350%2C200","width":350,"height":200,"srcset":"https:\/\/i0.wp.com\/casadecampoliving.com\/wp-content\/uploads\/2022\/10\/fundacion_MIR2-8.jpg?fit=620%2C311&ssl=1&resize=350%2C200 1x, https:\/\/i0.wp.com\/casadecampoliving.com\/wp-content\/uploads\/2022\/10\/fundacion_MIR2-8.jpg?fit=620%2C311&ssl=1&resize=525%2C300 1.5x"},"classes":[]},{"id":351733,"url":"https:\/\/casadecampoliving.com\/es\/recordatorio-fin-de-semana-familiar-de-la-fundacion-mir\/","url_meta":{"origin":353432,"position":2},"title":"Recordatorio: \u00a1El fin de semana familiar de la Fundaci\u00f3n MIR est\u00e1 a tan s\u00f3lo un mes de distancia!","author":"Heather Lincoln","date":"17 Jul, 2017","format":false,"excerpt":"\u00bfSaben cual evento se aproxima, damas y caballeros? \u00a1El Fin de Semana Familiar de la Fundaci\u00f3n MIR para la Vida, por supuesto! Como si pudiera olvidar la fiesta anual que viene con una gama de torneos a beneficio de los ni\u00f1os necesitados de La Romana que asisten a las escuelas\u2026","rel":"","context":"En \u00abEstilo de Vida\u00bb","block_context":{"text":"Estilo de Vida","link":"https:\/\/casadecampoliving.com\/es\/category\/estilo-de-vida\/"},"img":{"alt_text":"Fundaci\u00f3n MIR","src":"https:\/\/i0.wp.com\/casadecampoliving.com\/wp-content\/uploads\/2022\/10\/DSC_5268-e1500306478242.jpg?fit=1000%2C600&ssl=1&resize=350%2C200","width":350,"height":200,"srcset":"https:\/\/i0.wp.com\/casadecampoliving.com\/wp-content\/uploads\/2022\/10\/DSC_5268-e1500306478242.jpg?fit=1000%2C600&ssl=1&resize=350%2C200 1x, https:\/\/i0.wp.com\/casadecampoliving.com\/wp-content\/uploads\/2022\/10\/DSC_5268-e1500306478242.jpg?fit=1000%2C600&ssl=1&resize=525%2C300 1.5x, https:\/\/i0.wp.com\/casadecampoliving.com\/wp-content\/uploads\/2022\/10\/DSC_5268-e1500306478242.jpg?fit=1000%2C600&ssl=1&resize=700%2C400 2x"},"classes":[]},{"id":351851,"url":"https:\/\/casadecampoliving.com\/es\/el-fin-de-semana-fundacion-mir-para-la-vida-2017-es-este-fin-de-semana\/","url_meta":{"origin":353432,"position":3},"title":"\u00a1El Fin de Semana Familiar Fundaci\u00f3n MIR Para la Vida 2017 es este fin de semana!","author":"Heather Lincoln","date":"14 Ago, 2017","format":false,"excerpt":"Ya pronto se estar\u00e1 celebrando un evento que hemos estado esperando con ansias \u2013 \u00a1El Fin de Semana familiar Fundaci\u00f3n MIR para la Vida 2017! Estamos seguros de que has escuchado todo lo relacionado con el evento e incluso ha recibido volantes a su puerta, pero si no, aqu\u00ed tienes\u2026","rel":"","context":"En \u00abAltos de Chavon @es\u00bb","block_context":{"text":"Altos de Chavon @es","link":"https:\/\/casadecampoliving.com\/category\/altos-de-chavon-es\/"},"img":{"alt_text":"Fundaci\u00f3n MIR Family Weekend for Life","src":"https:\/\/i0.wp.com\/casadecampoliving.com\/wp-content\/uploads\/2022\/10\/DSC_2627-e1502732245378.jpg?fit=1000%2C597&ssl=1&resize=350%2C200","width":350,"height":200,"srcset":"https:\/\/i0.wp.com\/casadecampoliving.com\/wp-content\/uploads\/2022\/10\/DSC_2627-e1502732245378.jpg?fit=1000%2C597&ssl=1&resize=350%2C200 1x, https:\/\/i0.wp.com\/casadecampoliving.com\/wp-content\/uploads\/2022\/10\/DSC_2627-e1502732245378.jpg?fit=1000%2C597&ssl=1&resize=525%2C300 1.5x, https:\/\/i0.wp.com\/casadecampoliving.com\/wp-content\/uploads\/2022\/10\/DSC_2627-e1502732245378.jpg?fit=1000%2C597&ssl=1&resize=700%2C400 2x"},"classes":[]},{"id":353519,"url":"https:\/\/casadecampoliving.com\/es\/el-fin-de-semana-familiar-de-la-fundacion-mir-para-la-vida-2019-es-este-sabado-nos-vemos-alla\/","url_meta":{"origin":353432,"position":4},"title":"\u00a1El fin de semana familiar de la Fundaci\u00f3n MIR para la vida 2019 es este s\u00e1bado! \u00bfNos vemos all\u00e1?","author":"Casa de Campo Living","date":"12 Ago, 2019","format":false,"excerpt":"Nos acercamos r\u00e1pidamente a lo que todos hemos estado esperando: \u00a1el Fin de semana familiar para la vida 2019 de Fundaci\u00f3n MIR! A estas alturas, estamos seguros de que ha escuchado todo lo relacionado con el pr\u00f3ximo evento e incluso ha recibido volantes a su puerta, pero si no, aqu\u00ed\u2026","rel":"","context":"En \u00abCountry Club La Romana\u00bb","block_context":{"text":"Country Club La Romana","link":"https:\/\/casadecampoliving.com\/es\/category\/country-club-la-romana-es\/"},"img":{"alt_text":"","src":"https:\/\/i0.wp.com\/casadecampoliving.com\/wp-content\/uploads\/2022\/10\/DSC_7072.jpg?fit=1000%2C600&ssl=1&resize=350%2C200","width":350,"height":200,"srcset":"https:\/\/i0.wp.com\/casadecampoliving.com\/wp-content\/uploads\/2022\/10\/DSC_7072.jpg?fit=1000%2C600&ssl=1&resize=350%2C200 1x, https:\/\/i0.wp.com\/casadecampoliving.com\/wp-content\/uploads\/2022\/10\/DSC_7072.jpg?fit=1000%2C600&ssl=1&resize=525%2C300 1.5x, https:\/\/i0.wp.com\/casadecampoliving.com\/wp-content\/uploads\/2022\/10\/DSC_7072.jpg?fit=1000%2C600&ssl=1&resize=700%2C400 2x"},"classes":[]},{"id":344157,"url":"https:\/\/casadecampoliving.com\/es\/anote-la-fecha-fin-de-semana-familiar-fundacion-mir-16-de-agosto\/","url_meta":{"origin":353432,"position":5},"title":"Anote la fecha: Fin de Semana Familiar Fundaci\u00f3n MIR &#8211; 16 de agosto","author":"Perkin Agramonte","date":"5 May, 2014","format":false,"excerpt":"\u00a1Reserve la fecha! Y \u00fanase a nosotros para una celebraci\u00f3n maravillosa por una causa a\u00fan m\u00e1s maravillosa \u2013 el \u201cFin de Semana Familiar por la Vida\u201d de la Fundaci\u00f3n MIR. Este a\u00f1o esta gran celebraci\u00f3n para toda la familia tendr\u00e1 lugar el s\u00e1bado 16 de agosto de 2014 \u2013 y\u2026","rel":"","context":"En \u00abCountry Club La Romana\u00bb","block_context":{"text":"Country Club La Romana","link":"https:\/\/casadecampoliving.com\/es\/category\/country-club-la-romana-es\/"},"img":{"alt_text":"","src":"https:\/\/i0.wp.com\/casadecampoliving.com\/wp-content\/uploads\/2022\/10\/Fundacion_MIR1-1.jpg?fit=650%2C473&ssl=1&resize=350%2C200","width":350,"height":200,"srcset":"https:\/\/i0.wp.com\/casadecampoliving.com\/wp-content\/uploads\/2022\/10\/Fundacion_MIR1-1.jpg?fit=650%2C473&ssl=1&resize=350%2C200 1x, https:\/\/i0.wp.com\/casadecampoliving.com\/wp-content\/uploads\/2022\/10\/Fundacion_MIR1-1.jpg?fit=650%2C473&ssl=1&resize=525%2C300 1.5x"},"classes":[]}],"jetpack_sharing_enabled":true,"_links":{"self":[{"href":"https:\/\/casadecampoliving.com\/es\/wp-json\/wp\/v2\/posts\/353432","targetHints":{"allow":["GET"]}}],"collection":[{"href":"https:\/\/casadecampoliving.com\/es\/wp-json\/wp\/v2\/posts"}],"about":[{"href":"https:\/\/casadecampoliving.com\/es\/wp-json\/wp\/v2\/types\/post"}],"author":[{"embeddable":true,"href":"https:\/\/casadecampoliving.com\/es\/wp-json\/wp\/v2\/users\/36791"}],"replies":[{"embeddable":true,"href":"https:\/\/casadecampoliving.com\/es\/wp-json\/wp\/v2\/comments?post=353432"}],"version-history":[{"count":0,"href":"https:\/\/casadecampoliving.com\/es\/wp-json\/wp\/v2\/posts\/353432\/revisions"}],"wp:featuredmedia":[{"embeddable":true,"href":"https:\/\/casadecampoliving.com\/es\/wp-json\/wp\/v2\/media\/303049"}],"wp:attachment":[{"href":"https:\/\/casadecampoliving.com\/es\/wp-json\/wp\/v2\/media?parent=353432"}],"wp:term":[{"taxonomy":"category","embeddable":true,"href":"https:\/\/casadecampoliving.com\/es\/wp-json\/wp\/v2\/categories?post=353432"},{"taxonomy":"post_tag","embeddable":true,"href":"https:\/\/casadecampoliving.com\/es\/wp-json\/wp\/v2\/tags?post=353432"},{"taxonomy":"newspack_spnsrs_tax","embeddable":true,"href":"https:\/\/casadecampoliving.com\/es\/wp-json\/wp\/v2\/newspack_spnsrs_tax?post=353432"}],"curies":[{"name":"wp","href":"https:\/\/api.w.org\/{rel}","templated":true}]}}