{"id":353404,"date":"2019-04-24T00:00:00","date_gmt":"2019-04-24T04:00:00","guid":{"rendered":"https:\/\/casadecampoliving.com\/a-casa-llena-ozuna-presenta-un-exitoso-concierto-en-altos-de-chavon\/"},"modified":"2022-11-10T10:33:12","modified_gmt":"2022-11-10T14:33:12","slug":"a-casa-llena-ozuna-presenta-un-exitoso-concierto-en-altos-de-chavon","status":"publish","type":"post","link":"https:\/\/casadecampoliving.com\/es\/a-casa-llena-ozuna-presenta-un-exitoso-concierto-en-altos-de-chavon\/","title":{"rendered":"\u00a1A casa llena! Ozuna presenta un exitoso concierto en Altos de Chav\u00f3n"},"content":{"rendered":"\n<p>El tradicional concierto del feriado de Samana Santa present\u00f3 a Ozuna, el artista m\u00e1s popular del momento, en un concierto que mantuvo al p\u00fablico de pie cantando y bailando de principio a fin. <\/p>\n\n\n\n<p>La noche inici\u00f3 a ritmo de Lo Blanquito, para dar paso a Raymond Pozo y Miguel C\u00e9spedes, los reyes del humor, quienes con la gracia que los caracteriza presentaron a Ozuna, en un show sin desperdicio de principio a fin; acompa\u00f1ado de luces, fuego y la ovaci\u00f3n de sus seguidores. <\/p>\n\n\n\n<figure class=\"wp-block-image\"><img data-recalc-dims=\"1\" loading=\"lazy\" decoding=\"async\" width=\"1000\" height=\"667\" src=\"https:\/\/i0.wp.com\/casadecampoliving.com\/wp-content\/uploads\/2022\/10\/IMG_7102.jpg?resize=1000%2C667&#038;ssl=1\" alt=\"\" class=\"wp-image-169466\"\/><figcaption>pic by Eurys Mercedes<\/figcaption><\/figure>\n\n\n\n<p>El anfiteatro de Altos de Chav\u00f3n fue protagonista para que \u201cEl negrito de ojos claros\u201d cumpliera su deseo de cantar sus \u00e9xitos en este gran escenario. \u201cBuenas noches Rep\u00fablica Dominicana. Esta es una noche muy especial, mi primer concierto en Altos de Chav\u00f3n. Una noche muy m\u00e1gica con mi gente que me ha dado mucho cari\u00f1o desde el d\u00eda uno\u201d, expres\u00f3 el artista, quien durante toda la noche se mantuvo con una sonrisa dibujada en su rostro y una energia contagiosa. Interpretaciones como Baila, baila, baila\u201d, \u201cTaki taki\u201d, \u201cLa modelo\u201d, \u201cIbiza\u201d, \u201cVaina loca\u201d y \u201c\u00danica\u201d; fueron algunas de las canciones que cantaron a viva voz cada uno de los presentes y que pertenecen a la gira Ozuna 2019 Aura Tour. <\/p>\n\n\n\n<figure class=\"wp-block-image\"><img data-recalc-dims=\"1\" loading=\"lazy\" decoding=\"async\" width=\"1000\" height=\"667\" src=\"https:\/\/i0.wp.com\/casadecampoliving.com\/wp-content\/uploads\/2022\/10\/IMG_7407.jpg?resize=1000%2C667&#038;ssl=1\" alt=\"\" class=\"wp-image-169467\"\/><\/figure>\n\n\n\n<p>Jason Kycek, vicepresidente Senior de Ventas y Marketing de Casa de Campo Resort, manifest\u00f3 su gran satisfacci\u00f3n: \u201cofrecemos un servicio de calidad como parte de la experiencia que tienen nuestros hu\u00e9spedes y residentes y los espect\u00e1culos no son la excepci\u00f3n de este paquete. A\u00f1o tras a\u00f1o, aqu\u00ed en Altos de Chav\u00f3n se presentan las principales celebridades de la m\u00fasica latina y anglosajona para el disfrute de toda la familia. Ozuna ofreci\u00f3 una noche que el p\u00fablico pudo disfrutar en grande, como esper\u00e1bamos que fuera, una experiencia para recordar\u201d.<\/p>\n\n\n\n<p>El carism\u00e1tico cantante boricua concluy\u00f3 el 2018 como el artista latino m\u00e1s visto en YouTube y durante todo ese trayecto, sus \u00e1lbumes Odisea y Aura pasaron en conjunto 46 semanas en el top de las listas de \u00e9xitos de Billboard. <\/p>\n\n\n\n<figure class=\"wp-block-image\"><img data-recalc-dims=\"1\" loading=\"lazy\" decoding=\"async\" width=\"1000\" height=\"667\" src=\"https:\/\/i0.wp.com\/casadecampoliving.com\/wp-content\/uploads\/2022\/10\/Vanessa-de-Estan-Mari%CC%81a-Melo-de-Estaban-Pedro-Esteban-y-Rau%CC%81l-Esteban.jpg?resize=1000%2C667&#038;ssl=1\" alt=\"\" class=\"wp-image-169469\"\/><\/figure>\n\n\n\n<p>Casa de Campo y el empresario art\u00edstico Gamal Hach\u00e9, con el auspicio de Ron Brugal, solo en los \u00faltimos dos a\u00f1os se han presentado en Altos de Chav\u00f3n s\u00faper estrellas que siempre est\u00e1n a la cabeza de las listas de \u00e9xitos, como Bad Bunny, Daddy Yankee, Jennifer L\u00f3pez, J Balvin, Maluma, Wisin y Yandel, Carlos Vives, Enrique Iglesias, Gente de Zona, David Guetta y Luis Fonsi. <\/p>\n\n\n\n<p>La siguiente colecci\u00f3n de fotos se tom\u00f3 durante el concierto de Ozuna el s\u00e1bado 20 de abril en el anfiteatro de Altos de Chav\u00f3n:<\/p>\n\n\n<p>\n<figure class=\"wp-block-gallery has-nested-images columns-default is-cropped wp-block-gallery-1 is-layout-flex wp-block-gallery-is-layout-flex\">\n<figure class=\"wp-block-image size-large\"><img data-recalc-dims=\"1\" loading=\"lazy\" decoding=\"async\" width=\"667\" height=\"1000\" data-id=\"444043\" src=\"https:\/\/i0.wp.com\/casadecampoliving.com\/wp-content\/uploads\/2022\/10\/Alzira-Rodriguez-y-Bernardo-Turbides.jpg?resize=667%2C1000&#038;ssl=1\" alt=\"\" class=\"wp-image-444043\" srcset=\"https:\/\/i0.wp.com\/casadecampoliving.com\/wp-content\/uploads\/2022\/10\/Alzira-Rodriguez-y-Bernardo-Turbides.jpg?w=667&amp;ssl=1 667w, https:\/\/i0.wp.com\/casadecampoliving.com\/wp-content\/uploads\/2022\/10\/Alzira-Rodriguez-y-Bernardo-Turbides.jpg?resize=200%2C300&amp;ssl=1 200w, https:\/\/i0.wp.com\/casadecampoliving.com\/wp-content\/uploads\/2022\/10\/Alzira-Rodriguez-y-Bernardo-Turbides.jpg?resize=400%2C600&amp;ssl=1 400w, https:\/\/i0.wp.com\/casadecampoliving.com\/wp-content\/uploads\/2022\/10\/Alzira-Rodriguez-y-Bernardo-Turbides.jpg?resize=150%2C225&amp;ssl=1 150w, https:\/\/i0.wp.com\/casadecampoliving.com\/wp-content\/uploads\/2022\/10\/Alzira-Rodriguez-y-Bernardo-Turbides.jpg?w=370&amp;ssl=1 370w\" sizes=\"auto, (max-width: 667px) 100vw, 667px\" \/><\/figure>\n\n\n\n<figure class=\"wp-block-image size-large\"><img data-recalc-dims=\"1\" loading=\"lazy\" decoding=\"async\" width=\"1000\" height=\"667\" data-id=\"444061\" src=\"https:\/\/i0.wp.com\/casadecampoliving.com\/wp-content\/uploads\/2022\/10\/Andre%CC%81s-Pichardo-Thomas-Pichardo-Armando-Pichardo-Daniela-Azar-y-Nancy-Florentino.jpg?resize=1000%2C667&#038;ssl=1\" alt=\"\" class=\"wp-image-444061\" srcset=\"https:\/\/i0.wp.com\/casadecampoliving.com\/wp-content\/uploads\/2022\/10\/Andre%CC%81s-Pichardo-Thomas-Pichardo-Armando-Pichardo-Daniela-Azar-y-Nancy-Florentino.jpg?w=1000&amp;ssl=1 1000w, https:\/\/i0.wp.com\/casadecampoliving.com\/wp-content\/uploads\/2022\/10\/Andre%CC%81s-Pichardo-Thomas-Pichardo-Armando-Pichardo-Daniela-Azar-y-Nancy-Florentino.jpg?resize=300%2C200&amp;ssl=1 300w, https:\/\/i0.wp.com\/casadecampoliving.com\/wp-content\/uploads\/2022\/10\/Andre%CC%81s-Pichardo-Thomas-Pichardo-Armando-Pichardo-Daniela-Azar-y-Nancy-Florentino.jpg?resize=768%2C512&amp;ssl=1 768w, https:\/\/i0.wp.com\/casadecampoliving.com\/wp-content\/uploads\/2022\/10\/Andre%CC%81s-Pichardo-Thomas-Pichardo-Armando-Pichardo-Daniela-Azar-y-Nancy-Florentino.jpg?resize=400%2C267&amp;ssl=1 400w, https:\/\/i0.wp.com\/casadecampoliving.com\/wp-content\/uploads\/2022\/10\/Andre%CC%81s-Pichardo-Thomas-Pichardo-Armando-Pichardo-Daniela-Azar-y-Nancy-Florentino.jpg?resize=706%2C471&amp;ssl=1 706w, https:\/\/i0.wp.com\/casadecampoliving.com\/wp-content\/uploads\/2022\/10\/Andre%CC%81s-Pichardo-Thomas-Pichardo-Armando-Pichardo-Daniela-Azar-y-Nancy-Florentino.jpg?resize=150%2C100&amp;ssl=1 150w, https:\/\/i0.wp.com\/casadecampoliving.com\/wp-content\/uploads\/2022\/10\/Andre%CC%81s-Pichardo-Thomas-Pichardo-Armando-Pichardo-Daniela-Azar-y-Nancy-Florentino.jpg?w=370&amp;ssl=1 370w\" sizes=\"auto, (max-width: 1000px) 100vw, 1000px\" \/><\/figure>\n\n\n\n<figure class=\"wp-block-image size-large\"><img data-recalc-dims=\"1\" loading=\"lazy\" decoding=\"async\" width=\"667\" height=\"1000\" data-id=\"444084\" src=\"https:\/\/i0.wp.com\/casadecampoliving.com\/wp-content\/uploads\/2022\/10\/Aurora-de-Paz-y-Rafael-Paz.jpg?resize=667%2C1000&#038;ssl=1\" alt=\"\" class=\"wp-image-444084\" srcset=\"https:\/\/i0.wp.com\/casadecampoliving.com\/wp-content\/uploads\/2022\/10\/Aurora-de-Paz-y-Rafael-Paz.jpg?w=667&amp;ssl=1 667w, https:\/\/i0.wp.com\/casadecampoliving.com\/wp-content\/uploads\/2022\/10\/Aurora-de-Paz-y-Rafael-Paz.jpg?resize=200%2C300&amp;ssl=1 200w, https:\/\/i0.wp.com\/casadecampoliving.com\/wp-content\/uploads\/2022\/10\/Aurora-de-Paz-y-Rafael-Paz.jpg?resize=400%2C600&amp;ssl=1 400w, https:\/\/i0.wp.com\/casadecampoliving.com\/wp-content\/uploads\/2022\/10\/Aurora-de-Paz-y-Rafael-Paz.jpg?resize=150%2C225&amp;ssl=1 150w, https:\/\/i0.wp.com\/casadecampoliving.com\/wp-content\/uploads\/2022\/10\/Aurora-de-Paz-y-Rafael-Paz.jpg?w=370&amp;ssl=1 370w\" sizes=\"auto, (max-width: 667px) 100vw, 667px\" \/><\/figure>\n\n\n\n<figure class=\"wp-block-image size-large\"><img data-recalc-dims=\"1\" loading=\"lazy\" decoding=\"async\" width=\"1000\" height=\"667\" data-id=\"444109\" src=\"https:\/\/i0.wp.com\/casadecampoliving.com\/wp-content\/uploads\/2022\/10\/Bernardo-Wallis-Diego-Ozores-y-Noelia-Massiel-Jacobo.jpg?resize=1000%2C667&#038;ssl=1\" alt=\"\" class=\"wp-image-444109\" srcset=\"https:\/\/i0.wp.com\/casadecampoliving.com\/wp-content\/uploads\/2022\/10\/Bernardo-Wallis-Diego-Ozores-y-Noelia-Massiel-Jacobo.jpg?w=1000&amp;ssl=1 1000w, https:\/\/i0.wp.com\/casadecampoliving.com\/wp-content\/uploads\/2022\/10\/Bernardo-Wallis-Diego-Ozores-y-Noelia-Massiel-Jacobo.jpg?resize=300%2C200&amp;ssl=1 300w, https:\/\/i0.wp.com\/casadecampoliving.com\/wp-content\/uploads\/2022\/10\/Bernardo-Wallis-Diego-Ozores-y-Noelia-Massiel-Jacobo.jpg?resize=768%2C512&amp;ssl=1 768w, https:\/\/i0.wp.com\/casadecampoliving.com\/wp-content\/uploads\/2022\/10\/Bernardo-Wallis-Diego-Ozores-y-Noelia-Massiel-Jacobo.jpg?resize=400%2C267&amp;ssl=1 400w, https:\/\/i0.wp.com\/casadecampoliving.com\/wp-content\/uploads\/2022\/10\/Bernardo-Wallis-Diego-Ozores-y-Noelia-Massiel-Jacobo.jpg?resize=706%2C471&amp;ssl=1 706w, https:\/\/i0.wp.com\/casadecampoliving.com\/wp-content\/uploads\/2022\/10\/Bernardo-Wallis-Diego-Ozores-y-Noelia-Massiel-Jacobo.jpg?resize=150%2C100&amp;ssl=1 150w, https:\/\/i0.wp.com\/casadecampoliving.com\/wp-content\/uploads\/2022\/10\/Bernardo-Wallis-Diego-Ozores-y-Noelia-Massiel-Jacobo.jpg?w=370&amp;ssl=1 370w\" sizes=\"auto, (max-width: 1000px) 100vw, 1000px\" \/><\/figure>\n\n\n\n<figure class=\"wp-block-image size-large\"><img data-recalc-dims=\"1\" loading=\"lazy\" decoding=\"async\" width=\"1000\" height=\"667\" data-id=\"444128\" src=\"https:\/\/i0.wp.com\/casadecampoliving.com\/wp-content\/uploads\/2022\/10\/Edgar-Guerra-Norka-Medori-Camila-Guerra-y-Tariq-Guerra.jpg?resize=1000%2C667&#038;ssl=1\" alt=\"\" class=\"wp-image-444128\" srcset=\"https:\/\/i0.wp.com\/casadecampoliving.com\/wp-content\/uploads\/2022\/10\/Edgar-Guerra-Norka-Medori-Camila-Guerra-y-Tariq-Guerra.jpg?w=1000&amp;ssl=1 1000w, https:\/\/i0.wp.com\/casadecampoliving.com\/wp-content\/uploads\/2022\/10\/Edgar-Guerra-Norka-Medori-Camila-Guerra-y-Tariq-Guerra.jpg?resize=300%2C200&amp;ssl=1 300w, https:\/\/i0.wp.com\/casadecampoliving.com\/wp-content\/uploads\/2022\/10\/Edgar-Guerra-Norka-Medori-Camila-Guerra-y-Tariq-Guerra.jpg?resize=768%2C512&amp;ssl=1 768w, https:\/\/i0.wp.com\/casadecampoliving.com\/wp-content\/uploads\/2022\/10\/Edgar-Guerra-Norka-Medori-Camila-Guerra-y-Tariq-Guerra.jpg?resize=400%2C267&amp;ssl=1 400w, https:\/\/i0.wp.com\/casadecampoliving.com\/wp-content\/uploads\/2022\/10\/Edgar-Guerra-Norka-Medori-Camila-Guerra-y-Tariq-Guerra.jpg?resize=706%2C471&amp;ssl=1 706w, https:\/\/i0.wp.com\/casadecampoliving.com\/wp-content\/uploads\/2022\/10\/Edgar-Guerra-Norka-Medori-Camila-Guerra-y-Tariq-Guerra.jpg?resize=150%2C100&amp;ssl=1 150w, https:\/\/i0.wp.com\/casadecampoliving.com\/wp-content\/uploads\/2022\/10\/Edgar-Guerra-Norka-Medori-Camila-Guerra-y-Tariq-Guerra.jpg?w=370&amp;ssl=1 370w\" sizes=\"auto, (max-width: 1000px) 100vw, 1000px\" \/><\/figure>\n\n\n\n<figure class=\"wp-block-image size-large\"><img data-recalc-dims=\"1\" loading=\"lazy\" decoding=\"async\" width=\"667\" height=\"1000\" data-id=\"444147\" src=\"https:\/\/i0.wp.com\/casadecampoliving.com\/wp-content\/uploads\/2022\/10\/Fabiola-de-Suarez-y-Sixto-Suarez.jpg?resize=667%2C1000&#038;ssl=1\" alt=\"\" class=\"wp-image-444147\" srcset=\"https:\/\/i0.wp.com\/casadecampoliving.com\/wp-content\/uploads\/2022\/10\/Fabiola-de-Suarez-y-Sixto-Suarez.jpg?w=667&amp;ssl=1 667w, https:\/\/i0.wp.com\/casadecampoliving.com\/wp-content\/uploads\/2022\/10\/Fabiola-de-Suarez-y-Sixto-Suarez.jpg?resize=200%2C300&amp;ssl=1 200w, https:\/\/i0.wp.com\/casadecampoliving.com\/wp-content\/uploads\/2022\/10\/Fabiola-de-Suarez-y-Sixto-Suarez.jpg?resize=400%2C600&amp;ssl=1 400w, https:\/\/i0.wp.com\/casadecampoliving.com\/wp-content\/uploads\/2022\/10\/Fabiola-de-Suarez-y-Sixto-Suarez.jpg?resize=150%2C225&amp;ssl=1 150w, https:\/\/i0.wp.com\/casadecampoliving.com\/wp-content\/uploads\/2022\/10\/Fabiola-de-Suarez-y-Sixto-Suarez.jpg?w=370&amp;ssl=1 370w\" sizes=\"auto, (max-width: 667px) 100vw, 667px\" \/><\/figure>\n\n\n\n<figure class=\"wp-block-image size-large\"><img data-recalc-dims=\"1\" loading=\"lazy\" decoding=\"async\" width=\"667\" height=\"1000\" data-id=\"444168\" src=\"https:\/\/i0.wp.com\/casadecampoliving.com\/wp-content\/uploads\/2022\/10\/Francis-Lora-y-Alexis-Espinal.jpg?resize=667%2C1000&#038;ssl=1\" alt=\"\" class=\"wp-image-444168\" srcset=\"https:\/\/i0.wp.com\/casadecampoliving.com\/wp-content\/uploads\/2022\/10\/Francis-Lora-y-Alexis-Espinal.jpg?w=667&amp;ssl=1 667w, https:\/\/i0.wp.com\/casadecampoliving.com\/wp-content\/uploads\/2022\/10\/Francis-Lora-y-Alexis-Espinal.jpg?resize=200%2C300&amp;ssl=1 200w, https:\/\/i0.wp.com\/casadecampoliving.com\/wp-content\/uploads\/2022\/10\/Francis-Lora-y-Alexis-Espinal.jpg?resize=400%2C600&amp;ssl=1 400w, https:\/\/i0.wp.com\/casadecampoliving.com\/wp-content\/uploads\/2022\/10\/Francis-Lora-y-Alexis-Espinal.jpg?resize=150%2C225&amp;ssl=1 150w, https:\/\/i0.wp.com\/casadecampoliving.com\/wp-content\/uploads\/2022\/10\/Francis-Lora-y-Alexis-Espinal.jpg?w=370&amp;ssl=1 370w\" sizes=\"auto, (max-width: 667px) 100vw, 667px\" \/><\/figure>\n\n\n\n<figure class=\"wp-block-image size-large\"><img data-recalc-dims=\"1\" loading=\"lazy\" decoding=\"async\" width=\"667\" height=\"1000\" data-id=\"444182\" src=\"https:\/\/i0.wp.com\/casadecampoliving.com\/wp-content\/uploads\/2022\/10\/Gelda-Castillo-y-Antonio-Jorge.jpg?resize=667%2C1000&#038;ssl=1\" alt=\"\" class=\"wp-image-444182\" srcset=\"https:\/\/i0.wp.com\/casadecampoliving.com\/wp-content\/uploads\/2022\/10\/Gelda-Castillo-y-Antonio-Jorge.jpg?w=667&amp;ssl=1 667w, https:\/\/i0.wp.com\/casadecampoliving.com\/wp-content\/uploads\/2022\/10\/Gelda-Castillo-y-Antonio-Jorge.jpg?resize=200%2C300&amp;ssl=1 200w, https:\/\/i0.wp.com\/casadecampoliving.com\/wp-content\/uploads\/2022\/10\/Gelda-Castillo-y-Antonio-Jorge.jpg?resize=400%2C600&amp;ssl=1 400w, https:\/\/i0.wp.com\/casadecampoliving.com\/wp-content\/uploads\/2022\/10\/Gelda-Castillo-y-Antonio-Jorge.jpg?resize=150%2C225&amp;ssl=1 150w, https:\/\/i0.wp.com\/casadecampoliving.com\/wp-content\/uploads\/2022\/10\/Gelda-Castillo-y-Antonio-Jorge.jpg?w=370&amp;ssl=1 370w\" sizes=\"auto, (max-width: 667px) 100vw, 667px\" \/><\/figure>\n\n\n\n<figure class=\"wp-block-image size-large\"><img data-recalc-dims=\"1\" loading=\"lazy\" decoding=\"async\" width=\"766\" height=\"1000\" data-id=\"444208\" src=\"https:\/\/i0.wp.com\/casadecampoliving.com\/wp-content\/uploads\/2022\/10\/Gisselle-Malespin-y-Raymundo-Jose-Rubio.jpg?resize=766%2C1000&#038;ssl=1\" alt=\"\" class=\"wp-image-444208\" srcset=\"https:\/\/i0.wp.com\/casadecampoliving.com\/wp-content\/uploads\/2022\/10\/Gisselle-Malespin-y-Raymundo-Jose-Rubio.jpg?w=766&amp;ssl=1 766w, https:\/\/i0.wp.com\/casadecampoliving.com\/wp-content\/uploads\/2022\/10\/Gisselle-Malespin-y-Raymundo-Jose-Rubio.jpg?resize=230%2C300&amp;ssl=1 230w, https:\/\/i0.wp.com\/casadecampoliving.com\/wp-content\/uploads\/2022\/10\/Gisselle-Malespin-y-Raymundo-Jose-Rubio.jpg?resize=400%2C522&amp;ssl=1 400w, https:\/\/i0.wp.com\/casadecampoliving.com\/wp-content\/uploads\/2022\/10\/Gisselle-Malespin-y-Raymundo-Jose-Rubio.jpg?resize=706%2C922&amp;ssl=1 706w, https:\/\/i0.wp.com\/casadecampoliving.com\/wp-content\/uploads\/2022\/10\/Gisselle-Malespin-y-Raymundo-Jose-Rubio.jpg?resize=150%2C196&amp;ssl=1 150w, https:\/\/i0.wp.com\/casadecampoliving.com\/wp-content\/uploads\/2022\/10\/Gisselle-Malespin-y-Raymundo-Jose-Rubio.jpg?w=370&amp;ssl=1 370w\" sizes=\"auto, (max-width: 766px) 100vw, 766px\" \/><\/figure>\n\n\n\n<figure class=\"wp-block-image size-large\"><img data-recalc-dims=\"1\" loading=\"lazy\" decoding=\"async\" width=\"667\" height=\"1000\" data-id=\"444222\" src=\"https:\/\/i0.wp.com\/casadecampoliving.com\/wp-content\/uploads\/2022\/10\/Isabela-Pichardo-y-Gary-Mejia.jpg?resize=667%2C1000&#038;ssl=1\" alt=\"\" class=\"wp-image-444222\" srcset=\"https:\/\/i0.wp.com\/casadecampoliving.com\/wp-content\/uploads\/2022\/10\/Isabela-Pichardo-y-Gary-Mejia.jpg?w=667&amp;ssl=1 667w, https:\/\/i0.wp.com\/casadecampoliving.com\/wp-content\/uploads\/2022\/10\/Isabela-Pichardo-y-Gary-Mejia.jpg?resize=200%2C300&amp;ssl=1 200w, https:\/\/i0.wp.com\/casadecampoliving.com\/wp-content\/uploads\/2022\/10\/Isabela-Pichardo-y-Gary-Mejia.jpg?resize=400%2C600&amp;ssl=1 400w, https:\/\/i0.wp.com\/casadecampoliving.com\/wp-content\/uploads\/2022\/10\/Isabela-Pichardo-y-Gary-Mejia.jpg?resize=150%2C225&amp;ssl=1 150w, https:\/\/i0.wp.com\/casadecampoliving.com\/wp-content\/uploads\/2022\/10\/Isabela-Pichardo-y-Gary-Mejia.jpg?w=370&amp;ssl=1 370w\" sizes=\"auto, (max-width: 667px) 100vw, 667px\" \/><\/figure>\n\n\n\n<figure class=\"wp-block-image size-large\"><img data-recalc-dims=\"1\" loading=\"lazy\" decoding=\"async\" width=\"667\" height=\"1000\" data-id=\"444245\" src=\"https:\/\/i0.wp.com\/casadecampoliving.com\/wp-content\/uploads\/2022\/10\/Jacinto-Peynado-Hijo-y-Lorena-Pierre.jpg?resize=667%2C1000&#038;ssl=1\" alt=\"\" class=\"wp-image-444245\" srcset=\"https:\/\/i0.wp.com\/casadecampoliving.com\/wp-content\/uploads\/2022\/10\/Jacinto-Peynado-Hijo-y-Lorena-Pierre.jpg?w=667&amp;ssl=1 667w, https:\/\/i0.wp.com\/casadecampoliving.com\/wp-content\/uploads\/2022\/10\/Jacinto-Peynado-Hijo-y-Lorena-Pierre.jpg?resize=200%2C300&amp;ssl=1 200w, https:\/\/i0.wp.com\/casadecampoliving.com\/wp-content\/uploads\/2022\/10\/Jacinto-Peynado-Hijo-y-Lorena-Pierre.jpg?resize=400%2C600&amp;ssl=1 400w, https:\/\/i0.wp.com\/casadecampoliving.com\/wp-content\/uploads\/2022\/10\/Jacinto-Peynado-Hijo-y-Lorena-Pierre.jpg?resize=150%2C225&amp;ssl=1 150w, https:\/\/i0.wp.com\/casadecampoliving.com\/wp-content\/uploads\/2022\/10\/Jacinto-Peynado-Hijo-y-Lorena-Pierre.jpg?w=370&amp;ssl=1 370w\" sizes=\"auto, (max-width: 667px) 100vw, 667px\" \/><\/figure>\n\n\n\n<figure class=\"wp-block-image size-large\"><img data-recalc-dims=\"1\" loading=\"lazy\" decoding=\"async\" width=\"667\" height=\"1000\" data-id=\"444261\" src=\"https:\/\/i0.wp.com\/casadecampoliving.com\/wp-content\/uploads\/2022\/10\/Jason-Kycek-y-Loyda-Kycek.jpg?resize=667%2C1000&#038;ssl=1\" alt=\"\" class=\"wp-image-444261\" srcset=\"https:\/\/i0.wp.com\/casadecampoliving.com\/wp-content\/uploads\/2022\/10\/Jason-Kycek-y-Loyda-Kycek.jpg?w=667&amp;ssl=1 667w, https:\/\/i0.wp.com\/casadecampoliving.com\/wp-content\/uploads\/2022\/10\/Jason-Kycek-y-Loyda-Kycek.jpg?resize=200%2C300&amp;ssl=1 200w, https:\/\/i0.wp.com\/casadecampoliving.com\/wp-content\/uploads\/2022\/10\/Jason-Kycek-y-Loyda-Kycek.jpg?resize=400%2C600&amp;ssl=1 400w, https:\/\/i0.wp.com\/casadecampoliving.com\/wp-content\/uploads\/2022\/10\/Jason-Kycek-y-Loyda-Kycek.jpg?resize=150%2C225&amp;ssl=1 150w, https:\/\/i0.wp.com\/casadecampoliving.com\/wp-content\/uploads\/2022\/10\/Jason-Kycek-y-Loyda-Kycek.jpg?w=370&amp;ssl=1 370w\" sizes=\"auto, (max-width: 667px) 100vw, 667px\" \/><\/figure>\n\n\n\n<figure class=\"wp-block-image size-large\"><img data-recalc-dims=\"1\" loading=\"lazy\" decoding=\"async\" width=\"667\" height=\"1000\" data-id=\"444283\" src=\"https:\/\/i0.wp.com\/casadecampoliving.com\/wp-content\/uploads\/2022\/10\/Jatna-Tito-y-Nicole-Aybar.jpg?resize=667%2C1000&#038;ssl=1\" alt=\"\" class=\"wp-image-444283\" srcset=\"https:\/\/i0.wp.com\/casadecampoliving.com\/wp-content\/uploads\/2022\/10\/Jatna-Tito-y-Nicole-Aybar.jpg?w=667&amp;ssl=1 667w, https:\/\/i0.wp.com\/casadecampoliving.com\/wp-content\/uploads\/2022\/10\/Jatna-Tito-y-Nicole-Aybar.jpg?resize=200%2C300&amp;ssl=1 200w, https:\/\/i0.wp.com\/casadecampoliving.com\/wp-content\/uploads\/2022\/10\/Jatna-Tito-y-Nicole-Aybar.jpg?resize=400%2C600&amp;ssl=1 400w, https:\/\/i0.wp.com\/casadecampoliving.com\/wp-content\/uploads\/2022\/10\/Jatna-Tito-y-Nicole-Aybar.jpg?resize=150%2C225&amp;ssl=1 150w, https:\/\/i0.wp.com\/casadecampoliving.com\/wp-content\/uploads\/2022\/10\/Jatna-Tito-y-Nicole-Aybar.jpg?w=370&amp;ssl=1 370w\" sizes=\"auto, (max-width: 667px) 100vw, 667px\" \/><\/figure>\n\n\n\n<figure class=\"wp-block-image size-large\"><img data-recalc-dims=\"1\" loading=\"lazy\" decoding=\"async\" width=\"667\" height=\"1000\" data-id=\"444302\" src=\"https:\/\/i0.wp.com\/casadecampoliving.com\/wp-content\/uploads\/2022\/10\/Jose-Di%CC%81az-y-Maria-Isabel-Lo%CC%81pez-Lay.jpg?resize=667%2C1000&#038;ssl=1\" alt=\"\" class=\"wp-image-444302\" srcset=\"https:\/\/i0.wp.com\/casadecampoliving.com\/wp-content\/uploads\/2022\/10\/Jose-Di%CC%81az-y-Maria-Isabel-Lo%CC%81pez-Lay.jpg?w=667&amp;ssl=1 667w, https:\/\/i0.wp.com\/casadecampoliving.com\/wp-content\/uploads\/2022\/10\/Jose-Di%CC%81az-y-Maria-Isabel-Lo%CC%81pez-Lay.jpg?resize=200%2C300&amp;ssl=1 200w, https:\/\/i0.wp.com\/casadecampoliving.com\/wp-content\/uploads\/2022\/10\/Jose-Di%CC%81az-y-Maria-Isabel-Lo%CC%81pez-Lay.jpg?resize=400%2C600&amp;ssl=1 400w, https:\/\/i0.wp.com\/casadecampoliving.com\/wp-content\/uploads\/2022\/10\/Jose-Di%CC%81az-y-Maria-Isabel-Lo%CC%81pez-Lay.jpg?resize=150%2C225&amp;ssl=1 150w, https:\/\/i0.wp.com\/casadecampoliving.com\/wp-content\/uploads\/2022\/10\/Jose-Di%CC%81az-y-Maria-Isabel-Lo%CC%81pez-Lay.jpg?w=370&amp;ssl=1 370w\" sizes=\"auto, (max-width: 667px) 100vw, 667px\" \/><\/figure>\n\n\n\n<figure class=\"wp-block-image size-large\"><img data-recalc-dims=\"1\" loading=\"lazy\" decoding=\"async\" width=\"667\" height=\"1000\" data-id=\"444326\" src=\"https:\/\/i0.wp.com\/casadecampoliving.com\/wp-content\/uploads\/2022\/10\/Juan-O.-Vela%CC%81zquez-y-Laura-Camps.jpg?resize=667%2C1000&#038;ssl=1\" alt=\"\" class=\"wp-image-444326\" srcset=\"https:\/\/i0.wp.com\/casadecampoliving.com\/wp-content\/uploads\/2022\/10\/Juan-O.-Vela%CC%81zquez-y-Laura-Camps.jpg?w=667&amp;ssl=1 667w, https:\/\/i0.wp.com\/casadecampoliving.com\/wp-content\/uploads\/2022\/10\/Juan-O.-Vela%CC%81zquez-y-Laura-Camps.jpg?resize=200%2C300&amp;ssl=1 200w, https:\/\/i0.wp.com\/casadecampoliving.com\/wp-content\/uploads\/2022\/10\/Juan-O.-Vela%CC%81zquez-y-Laura-Camps.jpg?resize=400%2C600&amp;ssl=1 400w, https:\/\/i0.wp.com\/casadecampoliving.com\/wp-content\/uploads\/2022\/10\/Juan-O.-Vela%CC%81zquez-y-Laura-Camps.jpg?resize=150%2C225&amp;ssl=1 150w, https:\/\/i0.wp.com\/casadecampoliving.com\/wp-content\/uploads\/2022\/10\/Juan-O.-Vela%CC%81zquez-y-Laura-Camps.jpg?w=370&amp;ssl=1 370w\" sizes=\"auto, (max-width: 667px) 100vw, 667px\" \/><\/figure>\n\n\n\n<figure class=\"wp-block-image size-large\"><img data-recalc-dims=\"1\" loading=\"lazy\" decoding=\"async\" width=\"667\" height=\"1000\" data-id=\"444346\" src=\"https:\/\/i0.wp.com\/casadecampoliving.com\/wp-content\/uploads\/2022\/10\/Juan-Vela%CC%81zquez-e-Idarmis-de-Vela%CC%81zquez.jpg?resize=667%2C1000&#038;ssl=1\" alt=\"\" class=\"wp-image-444346\" srcset=\"https:\/\/i0.wp.com\/casadecampoliving.com\/wp-content\/uploads\/2022\/10\/Juan-Vela%CC%81zquez-e-Idarmis-de-Vela%CC%81zquez.jpg?w=667&amp;ssl=1 667w, https:\/\/i0.wp.com\/casadecampoliving.com\/wp-content\/uploads\/2022\/10\/Juan-Vela%CC%81zquez-e-Idarmis-de-Vela%CC%81zquez.jpg?resize=200%2C300&amp;ssl=1 200w, https:\/\/i0.wp.com\/casadecampoliving.com\/wp-content\/uploads\/2022\/10\/Juan-Vela%CC%81zquez-e-Idarmis-de-Vela%CC%81zquez.jpg?resize=400%2C600&amp;ssl=1 400w, https:\/\/i0.wp.com\/casadecampoliving.com\/wp-content\/uploads\/2022\/10\/Juan-Vela%CC%81zquez-e-Idarmis-de-Vela%CC%81zquez.jpg?resize=150%2C225&amp;ssl=1 150w, https:\/\/i0.wp.com\/casadecampoliving.com\/wp-content\/uploads\/2022\/10\/Juan-Vela%CC%81zquez-e-Idarmis-de-Vela%CC%81zquez.jpg?w=370&amp;ssl=1 370w\" sizes=\"auto, (max-width: 667px) 100vw, 667px\" \/><\/figure>\n\n\n\n<figure class=\"wp-block-image size-large\"><img data-recalc-dims=\"1\" loading=\"lazy\" decoding=\"async\" width=\"667\" height=\"1000\" data-id=\"444366\" src=\"https:\/\/i0.wp.com\/casadecampoliving.com\/wp-content\/uploads\/2022\/10\/Mabel-rosado-y-Gustavo-Susana.jpg?resize=667%2C1000&#038;ssl=1\" alt=\"\" class=\"wp-image-444366\" srcset=\"https:\/\/i0.wp.com\/casadecampoliving.com\/wp-content\/uploads\/2022\/10\/Mabel-rosado-y-Gustavo-Susana.jpg?w=667&amp;ssl=1 667w, https:\/\/i0.wp.com\/casadecampoliving.com\/wp-content\/uploads\/2022\/10\/Mabel-rosado-y-Gustavo-Susana.jpg?resize=200%2C300&amp;ssl=1 200w, https:\/\/i0.wp.com\/casadecampoliving.com\/wp-content\/uploads\/2022\/10\/Mabel-rosado-y-Gustavo-Susana.jpg?resize=400%2C600&amp;ssl=1 400w, https:\/\/i0.wp.com\/casadecampoliving.com\/wp-content\/uploads\/2022\/10\/Mabel-rosado-y-Gustavo-Susana.jpg?resize=150%2C225&amp;ssl=1 150w, https:\/\/i0.wp.com\/casadecampoliving.com\/wp-content\/uploads\/2022\/10\/Mabel-rosado-y-Gustavo-Susana.jpg?w=370&amp;ssl=1 370w\" sizes=\"auto, (max-width: 667px) 100vw, 667px\" \/><\/figure>\n\n\n\n<figure class=\"wp-block-image size-large\"><img data-recalc-dims=\"1\" loading=\"lazy\" decoding=\"async\" width=\"667\" height=\"1000\" data-id=\"444387\" src=\"https:\/\/i0.wp.com\/casadecampoliving.com\/wp-content\/uploads\/2022\/10\/Marianna-Castillo-y-Vanesa-Medina.jpg?resize=667%2C1000&#038;ssl=1\" alt=\"\" class=\"wp-image-444387\" srcset=\"https:\/\/i0.wp.com\/casadecampoliving.com\/wp-content\/uploads\/2022\/10\/Marianna-Castillo-y-Vanesa-Medina.jpg?w=667&amp;ssl=1 667w, https:\/\/i0.wp.com\/casadecampoliving.com\/wp-content\/uploads\/2022\/10\/Marianna-Castillo-y-Vanesa-Medina.jpg?resize=200%2C300&amp;ssl=1 200w, https:\/\/i0.wp.com\/casadecampoliving.com\/wp-content\/uploads\/2022\/10\/Marianna-Castillo-y-Vanesa-Medina.jpg?resize=400%2C600&amp;ssl=1 400w, https:\/\/i0.wp.com\/casadecampoliving.com\/wp-content\/uploads\/2022\/10\/Marianna-Castillo-y-Vanesa-Medina.jpg?resize=150%2C225&amp;ssl=1 150w, https:\/\/i0.wp.com\/casadecampoliving.com\/wp-content\/uploads\/2022\/10\/Marianna-Castillo-y-Vanesa-Medina.jpg?w=370&amp;ssl=1 370w\" sizes=\"auto, (max-width: 667px) 100vw, 667px\" \/><\/figure>\n\n\n\n<figure class=\"wp-block-image size-large\"><img data-recalc-dims=\"1\" loading=\"lazy\" decoding=\"async\" width=\"667\" height=\"1000\" data-id=\"444403\" src=\"https:\/\/i0.wp.com\/casadecampoliving.com\/wp-content\/uploads\/2022\/10\/Mariel-Valeiron-y-Jeannette-Tovar.jpg?resize=667%2C1000&#038;ssl=1\" alt=\"\" class=\"wp-image-444403\" srcset=\"https:\/\/i0.wp.com\/casadecampoliving.com\/wp-content\/uploads\/2022\/10\/Mariel-Valeiron-y-Jeannette-Tovar.jpg?w=667&amp;ssl=1 667w, https:\/\/i0.wp.com\/casadecampoliving.com\/wp-content\/uploads\/2022\/10\/Mariel-Valeiron-y-Jeannette-Tovar.jpg?resize=200%2C300&amp;ssl=1 200w, https:\/\/i0.wp.com\/casadecampoliving.com\/wp-content\/uploads\/2022\/10\/Mariel-Valeiron-y-Jeannette-Tovar.jpg?resize=400%2C600&amp;ssl=1 400w, https:\/\/i0.wp.com\/casadecampoliving.com\/wp-content\/uploads\/2022\/10\/Mariel-Valeiron-y-Jeannette-Tovar.jpg?resize=150%2C225&amp;ssl=1 150w, https:\/\/i0.wp.com\/casadecampoliving.com\/wp-content\/uploads\/2022\/10\/Mariel-Valeiron-y-Jeannette-Tovar.jpg?w=370&amp;ssl=1 370w\" sizes=\"auto, (max-width: 667px) 100vw, 667px\" \/><\/figure>\n\n\n\n<figure class=\"wp-block-image size-large\"><img data-recalc-dims=\"1\" loading=\"lazy\" decoding=\"async\" width=\"1000\" height=\"667\" data-id=\"444430\" src=\"https:\/\/i0.wp.com\/casadecampoliving.com\/wp-content\/uploads\/2022\/10\/Maysaa-Ibrahim-Karina-Rodriguez-Sausan-Manah-Hanadi-Ibrahim-y-Gigante-Ibrahim.jpg?resize=1000%2C667&#038;ssl=1\" alt=\"\" class=\"wp-image-444430\" srcset=\"https:\/\/i0.wp.com\/casadecampoliving.com\/wp-content\/uploads\/2022\/10\/Maysaa-Ibrahim-Karina-Rodriguez-Sausan-Manah-Hanadi-Ibrahim-y-Gigante-Ibrahim.jpg?w=1000&amp;ssl=1 1000w, https:\/\/i0.wp.com\/casadecampoliving.com\/wp-content\/uploads\/2022\/10\/Maysaa-Ibrahim-Karina-Rodriguez-Sausan-Manah-Hanadi-Ibrahim-y-Gigante-Ibrahim.jpg?resize=300%2C200&amp;ssl=1 300w, https:\/\/i0.wp.com\/casadecampoliving.com\/wp-content\/uploads\/2022\/10\/Maysaa-Ibrahim-Karina-Rodriguez-Sausan-Manah-Hanadi-Ibrahim-y-Gigante-Ibrahim.jpg?resize=768%2C512&amp;ssl=1 768w, https:\/\/i0.wp.com\/casadecampoliving.com\/wp-content\/uploads\/2022\/10\/Maysaa-Ibrahim-Karina-Rodriguez-Sausan-Manah-Hanadi-Ibrahim-y-Gigante-Ibrahim.jpg?resize=400%2C267&amp;ssl=1 400w, https:\/\/i0.wp.com\/casadecampoliving.com\/wp-content\/uploads\/2022\/10\/Maysaa-Ibrahim-Karina-Rodriguez-Sausan-Manah-Hanadi-Ibrahim-y-Gigante-Ibrahim.jpg?resize=706%2C471&amp;ssl=1 706w, https:\/\/i0.wp.com\/casadecampoliving.com\/wp-content\/uploads\/2022\/10\/Maysaa-Ibrahim-Karina-Rodriguez-Sausan-Manah-Hanadi-Ibrahim-y-Gigante-Ibrahim.jpg?resize=150%2C100&amp;ssl=1 150w, https:\/\/i0.wp.com\/casadecampoliving.com\/wp-content\/uploads\/2022\/10\/Maysaa-Ibrahim-Karina-Rodriguez-Sausan-Manah-Hanadi-Ibrahim-y-Gigante-Ibrahim.jpg?w=370&amp;ssl=1 370w\" sizes=\"auto, (max-width: 1000px) 100vw, 1000px\" \/><\/figure>\n\n\n\n<figure class=\"wp-block-image size-large\"><img data-recalc-dims=\"1\" loading=\"lazy\" decoding=\"async\" width=\"667\" height=\"1000\" data-id=\"444452\" src=\"https:\/\/i0.wp.com\/casadecampoliving.com\/wp-content\/uploads\/2022\/10\/Noriam-De-Leo%CC%81n-y-Rogelio-Ovando.jpg?resize=667%2C1000&#038;ssl=1\" alt=\"\" class=\"wp-image-444452\" srcset=\"https:\/\/i0.wp.com\/casadecampoliving.com\/wp-content\/uploads\/2022\/10\/Noriam-De-Leo%CC%81n-y-Rogelio-Ovando.jpg?w=667&amp;ssl=1 667w, https:\/\/i0.wp.com\/casadecampoliving.com\/wp-content\/uploads\/2022\/10\/Noriam-De-Leo%CC%81n-y-Rogelio-Ovando.jpg?resize=200%2C300&amp;ssl=1 200w, https:\/\/i0.wp.com\/casadecampoliving.com\/wp-content\/uploads\/2022\/10\/Noriam-De-Leo%CC%81n-y-Rogelio-Ovando.jpg?resize=400%2C600&amp;ssl=1 400w, https:\/\/i0.wp.com\/casadecampoliving.com\/wp-content\/uploads\/2022\/10\/Noriam-De-Leo%CC%81n-y-Rogelio-Ovando.jpg?resize=150%2C225&amp;ssl=1 150w, https:\/\/i0.wp.com\/casadecampoliving.com\/wp-content\/uploads\/2022\/10\/Noriam-De-Leo%CC%81n-y-Rogelio-Ovando.jpg?w=370&amp;ssl=1 370w\" sizes=\"auto, (max-width: 667px) 100vw, 667px\" \/><\/figure>\n\n\n\n<figure class=\"wp-block-image size-large\"><img data-recalc-dims=\"1\" loading=\"lazy\" decoding=\"async\" width=\"1000\" height=\"667\" data-id=\"444470\" src=\"https:\/\/i0.wp.com\/casadecampoliving.com\/wp-content\/uploads\/2022\/10\/Paul-Fortuna-Dawilda-Gonza%CC%81lez-Helen-Blandino-y-Jose%CC%81-Ga%CC%81mez.jpg?resize=1000%2C667&#038;ssl=1\" alt=\"\" class=\"wp-image-444470\" srcset=\"https:\/\/i0.wp.com\/casadecampoliving.com\/wp-content\/uploads\/2022\/10\/Paul-Fortuna-Dawilda-Gonza%CC%81lez-Helen-Blandino-y-Jose%CC%81-Ga%CC%81mez.jpg?w=1000&amp;ssl=1 1000w, https:\/\/i0.wp.com\/casadecampoliving.com\/wp-content\/uploads\/2022\/10\/Paul-Fortuna-Dawilda-Gonza%CC%81lez-Helen-Blandino-y-Jose%CC%81-Ga%CC%81mez.jpg?resize=300%2C200&amp;ssl=1 300w, https:\/\/i0.wp.com\/casadecampoliving.com\/wp-content\/uploads\/2022\/10\/Paul-Fortuna-Dawilda-Gonza%CC%81lez-Helen-Blandino-y-Jose%CC%81-Ga%CC%81mez.jpg?resize=768%2C512&amp;ssl=1 768w, https:\/\/i0.wp.com\/casadecampoliving.com\/wp-content\/uploads\/2022\/10\/Paul-Fortuna-Dawilda-Gonza%CC%81lez-Helen-Blandino-y-Jose%CC%81-Ga%CC%81mez.jpg?resize=400%2C267&amp;ssl=1 400w, https:\/\/i0.wp.com\/casadecampoliving.com\/wp-content\/uploads\/2022\/10\/Paul-Fortuna-Dawilda-Gonza%CC%81lez-Helen-Blandino-y-Jose%CC%81-Ga%CC%81mez.jpg?resize=706%2C471&amp;ssl=1 706w, https:\/\/i0.wp.com\/casadecampoliving.com\/wp-content\/uploads\/2022\/10\/Paul-Fortuna-Dawilda-Gonza%CC%81lez-Helen-Blandino-y-Jose%CC%81-Ga%CC%81mez.jpg?resize=150%2C100&amp;ssl=1 150w, https:\/\/i0.wp.com\/casadecampoliving.com\/wp-content\/uploads\/2022\/10\/Paul-Fortuna-Dawilda-Gonza%CC%81lez-Helen-Blandino-y-Jose%CC%81-Ga%CC%81mez.jpg?w=370&amp;ssl=1 370w\" sizes=\"auto, (max-width: 1000px) 100vw, 1000px\" \/><\/figure>\n\n\n\n<figure class=\"wp-block-image size-large\"><img data-recalc-dims=\"1\" loading=\"lazy\" decoding=\"async\" width=\"667\" height=\"1000\" data-id=\"444492\" src=\"https:\/\/i0.wp.com\/casadecampoliving.com\/wp-content\/uploads\/2022\/10\/Pedro-Hache-Amalia-Prida-Alexia-Cabrera-Hache.jpg?resize=667%2C1000&#038;ssl=1\" alt=\"\" class=\"wp-image-444492\" srcset=\"https:\/\/i0.wp.com\/casadecampoliving.com\/wp-content\/uploads\/2022\/10\/Pedro-Hache-Amalia-Prida-Alexia-Cabrera-Hache.jpg?w=667&amp;ssl=1 667w, https:\/\/i0.wp.com\/casadecampoliving.com\/wp-content\/uploads\/2022\/10\/Pedro-Hache-Amalia-Prida-Alexia-Cabrera-Hache.jpg?resize=200%2C300&amp;ssl=1 200w, https:\/\/i0.wp.com\/casadecampoliving.com\/wp-content\/uploads\/2022\/10\/Pedro-Hache-Amalia-Prida-Alexia-Cabrera-Hache.jpg?resize=400%2C600&amp;ssl=1 400w, https:\/\/i0.wp.com\/casadecampoliving.com\/wp-content\/uploads\/2022\/10\/Pedro-Hache-Amalia-Prida-Alexia-Cabrera-Hache.jpg?resize=150%2C225&amp;ssl=1 150w, https:\/\/i0.wp.com\/casadecampoliving.com\/wp-content\/uploads\/2022\/10\/Pedro-Hache-Amalia-Prida-Alexia-Cabrera-Hache.jpg?w=370&amp;ssl=1 370w\" sizes=\"auto, (max-width: 667px) 100vw, 667px\" \/><\/figure>\n\n\n\n<figure class=\"wp-block-image size-large\"><img data-recalc-dims=\"1\" loading=\"lazy\" decoding=\"async\" width=\"667\" height=\"1000\" data-id=\"444513\" src=\"https:\/\/i0.wp.com\/casadecampoliving.com\/wp-content\/uploads\/2022\/10\/Roberto-A%CC%81ngel-Salcedo-y-Johanna-Pen%CC%83a-de-Salcedo.jpg?resize=667%2C1000&#038;ssl=1\" alt=\"\" class=\"wp-image-444513\" srcset=\"https:\/\/i0.wp.com\/casadecampoliving.com\/wp-content\/uploads\/2022\/10\/Roberto-A%CC%81ngel-Salcedo-y-Johanna-Pen%CC%83a-de-Salcedo.jpg?w=667&amp;ssl=1 667w, https:\/\/i0.wp.com\/casadecampoliving.com\/wp-content\/uploads\/2022\/10\/Roberto-A%CC%81ngel-Salcedo-y-Johanna-Pen%CC%83a-de-Salcedo.jpg?resize=200%2C300&amp;ssl=1 200w, https:\/\/i0.wp.com\/casadecampoliving.com\/wp-content\/uploads\/2022\/10\/Roberto-A%CC%81ngel-Salcedo-y-Johanna-Pen%CC%83a-de-Salcedo.jpg?resize=400%2C600&amp;ssl=1 400w, https:\/\/i0.wp.com\/casadecampoliving.com\/wp-content\/uploads\/2022\/10\/Roberto-A%CC%81ngel-Salcedo-y-Johanna-Pen%CC%83a-de-Salcedo.jpg?resize=150%2C225&amp;ssl=1 150w, https:\/\/i0.wp.com\/casadecampoliving.com\/wp-content\/uploads\/2022\/10\/Roberto-A%CC%81ngel-Salcedo-y-Johanna-Pen%CC%83a-de-Salcedo.jpg?w=370&amp;ssl=1 370w\" sizes=\"auto, (max-width: 667px) 100vw, 667px\" \/><\/figure>\n\n\n\n<figure class=\"wp-block-image size-large\"><img data-recalc-dims=\"1\" loading=\"lazy\" decoding=\"async\" width=\"667\" height=\"1000\" data-id=\"444537\" src=\"https:\/\/i0.wp.com\/casadecampoliving.com\/wp-content\/uploads\/2022\/10\/Sarah-Leyva-Gabriel-Garci%CC%81a-y-Valeria-Rodri%CC%81guez.jpg?resize=667%2C1000&#038;ssl=1\" alt=\"\" class=\"wp-image-444537\" srcset=\"https:\/\/i0.wp.com\/casadecampoliving.com\/wp-content\/uploads\/2022\/10\/Sarah-Leyva-Gabriel-Garci%CC%81a-y-Valeria-Rodri%CC%81guez.jpg?w=667&amp;ssl=1 667w, https:\/\/i0.wp.com\/casadecampoliving.com\/wp-content\/uploads\/2022\/10\/Sarah-Leyva-Gabriel-Garci%CC%81a-y-Valeria-Rodri%CC%81guez.jpg?resize=200%2C300&amp;ssl=1 200w, https:\/\/i0.wp.com\/casadecampoliving.com\/wp-content\/uploads\/2022\/10\/Sarah-Leyva-Gabriel-Garci%CC%81a-y-Valeria-Rodri%CC%81guez.jpg?resize=400%2C600&amp;ssl=1 400w, https:\/\/i0.wp.com\/casadecampoliving.com\/wp-content\/uploads\/2022\/10\/Sarah-Leyva-Gabriel-Garci%CC%81a-y-Valeria-Rodri%CC%81guez.jpg?resize=150%2C225&amp;ssl=1 150w, https:\/\/i0.wp.com\/casadecampoliving.com\/wp-content\/uploads\/2022\/10\/Sarah-Leyva-Gabriel-Garci%CC%81a-y-Valeria-Rodri%CC%81guez.jpg?w=370&amp;ssl=1 370w\" sizes=\"auto, (max-width: 667px) 100vw, 667px\" \/><\/figure>\n\n\n\n<figure class=\"wp-block-image size-large\"><img data-recalc-dims=\"1\" loading=\"lazy\" decoding=\"async\" width=\"667\" height=\"1000\" data-id=\"444565\" src=\"https:\/\/i0.wp.com\/casadecampoliving.com\/wp-content\/uploads\/2022\/10\/Shaimely-Concepcio%CC%81n-y-Esteban-Rodri%CC%81guez-2.jpg?resize=667%2C1000&#038;ssl=1\" alt=\"\" class=\"wp-image-444565\" srcset=\"https:\/\/i0.wp.com\/casadecampoliving.com\/wp-content\/uploads\/2022\/10\/Shaimely-Concepcio%CC%81n-y-Esteban-Rodri%CC%81guez-2.jpg?w=667&amp;ssl=1 667w, https:\/\/i0.wp.com\/casadecampoliving.com\/wp-content\/uploads\/2022\/10\/Shaimely-Concepcio%CC%81n-y-Esteban-Rodri%CC%81guez-2.jpg?resize=200%2C300&amp;ssl=1 200w, https:\/\/i0.wp.com\/casadecampoliving.com\/wp-content\/uploads\/2022\/10\/Shaimely-Concepcio%CC%81n-y-Esteban-Rodri%CC%81guez-2.jpg?resize=400%2C600&amp;ssl=1 400w, https:\/\/i0.wp.com\/casadecampoliving.com\/wp-content\/uploads\/2022\/10\/Shaimely-Concepcio%CC%81n-y-Esteban-Rodri%CC%81guez-2.jpg?resize=150%2C225&amp;ssl=1 150w, https:\/\/i0.wp.com\/casadecampoliving.com\/wp-content\/uploads\/2022\/10\/Shaimely-Concepcio%CC%81n-y-Esteban-Rodri%CC%81guez-2.jpg?w=370&amp;ssl=1 370w\" sizes=\"auto, (max-width: 667px) 100vw, 667px\" \/><\/figure>\n\n\n\n<figure class=\"wp-block-image size-large\"><img data-recalc-dims=\"1\" loading=\"lazy\" decoding=\"async\" width=\"730\" height=\"1000\" data-id=\"444577\" src=\"https:\/\/i0.wp.com\/casadecampoliving.com\/wp-content\/uploads\/2022\/10\/Sofia-Barderas-Gimena-de-Lorenzo-y-Daniel-de-Lorenzo.jpg?resize=730%2C1000&#038;ssl=1\" alt=\"\" class=\"wp-image-444577\" srcset=\"https:\/\/i0.wp.com\/casadecampoliving.com\/wp-content\/uploads\/2022\/10\/Sofia-Barderas-Gimena-de-Lorenzo-y-Daniel-de-Lorenzo.jpg?w=730&amp;ssl=1 730w, https:\/\/i0.wp.com\/casadecampoliving.com\/wp-content\/uploads\/2022\/10\/Sofia-Barderas-Gimena-de-Lorenzo-y-Daniel-de-Lorenzo.jpg?resize=219%2C300&amp;ssl=1 219w, https:\/\/i0.wp.com\/casadecampoliving.com\/wp-content\/uploads\/2022\/10\/Sofia-Barderas-Gimena-de-Lorenzo-y-Daniel-de-Lorenzo.jpg?resize=400%2C548&amp;ssl=1 400w, https:\/\/i0.wp.com\/casadecampoliving.com\/wp-content\/uploads\/2022\/10\/Sofia-Barderas-Gimena-de-Lorenzo-y-Daniel-de-Lorenzo.jpg?resize=706%2C967&amp;ssl=1 706w, https:\/\/i0.wp.com\/casadecampoliving.com\/wp-content\/uploads\/2022\/10\/Sofia-Barderas-Gimena-de-Lorenzo-y-Daniel-de-Lorenzo.jpg?resize=150%2C205&amp;ssl=1 150w, https:\/\/i0.wp.com\/casadecampoliving.com\/wp-content\/uploads\/2022\/10\/Sofia-Barderas-Gimena-de-Lorenzo-y-Daniel-de-Lorenzo.jpg?w=370&amp;ssl=1 370w\" sizes=\"auto, (max-width: 730px) 100vw, 730px\" \/><\/figure>\n\n\n\n<figure class=\"wp-block-image size-large\"><img data-recalc-dims=\"1\" loading=\"lazy\" decoding=\"async\" width=\"667\" height=\"1000\" data-id=\"444601\" src=\"https:\/\/i0.wp.com\/casadecampoliving.com\/wp-content\/uploads\/2022\/10\/Yomari-y-Luz-Garci%CC%81a.jpg?resize=667%2C1000&#038;ssl=1\" alt=\"\" class=\"wp-image-444601\" srcset=\"https:\/\/i0.wp.com\/casadecampoliving.com\/wp-content\/uploads\/2022\/10\/Yomari-y-Luz-Garci%CC%81a.jpg?w=667&amp;ssl=1 667w, https:\/\/i0.wp.com\/casadecampoliving.com\/wp-content\/uploads\/2022\/10\/Yomari-y-Luz-Garci%CC%81a.jpg?resize=200%2C300&amp;ssl=1 200w, https:\/\/i0.wp.com\/casadecampoliving.com\/wp-content\/uploads\/2022\/10\/Yomari-y-Luz-Garci%CC%81a.jpg?resize=400%2C600&amp;ssl=1 400w, https:\/\/i0.wp.com\/casadecampoliving.com\/wp-content\/uploads\/2022\/10\/Yomari-y-Luz-Garci%CC%81a.jpg?resize=150%2C225&amp;ssl=1 150w, https:\/\/i0.wp.com\/casadecampoliving.com\/wp-content\/uploads\/2022\/10\/Yomari-y-Luz-Garci%CC%81a.jpg?w=370&amp;ssl=1 370w\" sizes=\"auto, (max-width: 667px) 100vw, 667px\" \/><\/figure>\n\n\n\n<figure class=\"wp-block-image size-large\"><img data-recalc-dims=\"1\" loading=\"lazy\" decoding=\"async\" width=\"1000\" height=\"667\" data-id=\"444620\" src=\"https:\/\/i0.wp.com\/casadecampoliving.com\/wp-content\/uploads\/2022\/10\/Karla-Aguilera-y-Violet-Masri-2.jpg?resize=1000%2C667&#038;ssl=1\" alt=\"\" class=\"wp-image-444620\" srcset=\"https:\/\/i0.wp.com\/casadecampoliving.com\/wp-content\/uploads\/2022\/10\/Karla-Aguilera-y-Violet-Masri-2.jpg?w=1000&amp;ssl=1 1000w, https:\/\/i0.wp.com\/casadecampoliving.com\/wp-content\/uploads\/2022\/10\/Karla-Aguilera-y-Violet-Masri-2.jpg?resize=300%2C200&amp;ssl=1 300w, https:\/\/i0.wp.com\/casadecampoliving.com\/wp-content\/uploads\/2022\/10\/Karla-Aguilera-y-Violet-Masri-2.jpg?resize=768%2C512&amp;ssl=1 768w, https:\/\/i0.wp.com\/casadecampoliving.com\/wp-content\/uploads\/2022\/10\/Karla-Aguilera-y-Violet-Masri-2.jpg?resize=400%2C267&amp;ssl=1 400w, https:\/\/i0.wp.com\/casadecampoliving.com\/wp-content\/uploads\/2022\/10\/Karla-Aguilera-y-Violet-Masri-2.jpg?resize=706%2C471&amp;ssl=1 706w, https:\/\/i0.wp.com\/casadecampoliving.com\/wp-content\/uploads\/2022\/10\/Karla-Aguilera-y-Violet-Masri-2.jpg?resize=150%2C100&amp;ssl=1 150w, https:\/\/i0.wp.com\/casadecampoliving.com\/wp-content\/uploads\/2022\/10\/Karla-Aguilera-y-Violet-Masri-2.jpg?w=370&amp;ssl=1 370w\" sizes=\"auto, (max-width: 1000px) 100vw, 1000px\" \/><\/figure>\n\n\n\n<figure class=\"wp-block-image size-large\"><img data-recalc-dims=\"1\" loading=\"lazy\" decoding=\"async\" width=\"1000\" height=\"667\" data-id=\"444640\" src=\"https:\/\/i0.wp.com\/casadecampoliving.com\/wp-content\/uploads\/2022\/10\/Larissa-Guerrero-Odil-Aquino-Aurilen-Castillo-y-Claridiana-Mejia.jpg?resize=1000%2C667&#038;ssl=1\" alt=\"\" class=\"wp-image-444640\" srcset=\"https:\/\/i0.wp.com\/casadecampoliving.com\/wp-content\/uploads\/2022\/10\/Larissa-Guerrero-Odil-Aquino-Aurilen-Castillo-y-Claridiana-Mejia.jpg?w=1000&amp;ssl=1 1000w, https:\/\/i0.wp.com\/casadecampoliving.com\/wp-content\/uploads\/2022\/10\/Larissa-Guerrero-Odil-Aquino-Aurilen-Castillo-y-Claridiana-Mejia.jpg?resize=300%2C200&amp;ssl=1 300w, https:\/\/i0.wp.com\/casadecampoliving.com\/wp-content\/uploads\/2022\/10\/Larissa-Guerrero-Odil-Aquino-Aurilen-Castillo-y-Claridiana-Mejia.jpg?resize=768%2C512&amp;ssl=1 768w, https:\/\/i0.wp.com\/casadecampoliving.com\/wp-content\/uploads\/2022\/10\/Larissa-Guerrero-Odil-Aquino-Aurilen-Castillo-y-Claridiana-Mejia.jpg?resize=400%2C267&amp;ssl=1 400w, https:\/\/i0.wp.com\/casadecampoliving.com\/wp-content\/uploads\/2022\/10\/Larissa-Guerrero-Odil-Aquino-Aurilen-Castillo-y-Claridiana-Mejia.jpg?resize=706%2C471&amp;ssl=1 706w, https:\/\/i0.wp.com\/casadecampoliving.com\/wp-content\/uploads\/2022\/10\/Larissa-Guerrero-Odil-Aquino-Aurilen-Castillo-y-Claridiana-Mejia.jpg?resize=150%2C100&amp;ssl=1 150w, https:\/\/i0.wp.com\/casadecampoliving.com\/wp-content\/uploads\/2022\/10\/Larissa-Guerrero-Odil-Aquino-Aurilen-Castillo-y-Claridiana-Mejia.jpg?w=370&amp;ssl=1 370w\" sizes=\"auto, (max-width: 1000px) 100vw, 1000px\" \/><\/figure>\n<\/figure>\n<\/p>\n\n\n<p>y por Eurys Mercedes:<\/p>\n\n\n<p>[nggallery id=3229]<\/p>\n","protected":false},"excerpt":{"rendered":"<p>El tradicional concierto del feriado de Samana Santa present\u00f3 a Ozuna, el artista m\u00e1s popular del momento, en un concierto que mantuvo al p\u00fablico de pie cantando y bailando de principio a fin. La noche inici\u00f3 a ritmo de Lo Blanquito, para dar paso a Raymond Pozo y Miguel C\u00e9spedes, los reyes del humor, quienes [&hellip;]<\/p>\n","protected":false},"author":36791,"featured_media":301764,"comment_status":"closed","ping_status":"closed","sticky":false,"template":"","format":"standard","meta":{"newspack_ads_suppress_ads":false,"newspack_popups_has_disabled_popups":false,"newspack_sponsor_sponsorship_scope":"","newspack_sponsor_native_byline_display":"inherit","newspack_sponsor_native_category_display":"inherit","newspack_sponsor_underwriter_style":"inherit","newspack_sponsor_underwriter_placement":"inherit","_newspack_byline_active":false,"_newspack_byline":"","newspack_hide_updated_date":false,"newspack_show_updated_date":false,"newspack_content_restriction_is_exempt":false,"newspack_featured_image_position":"","newspack_post_subtitle":"","newspack_article_summary_title":"Overview:","newspack_article_summary":"","_jetpack_memberships_contains_paid_content":false,"footnotes":"","jetpack_publicize_message":"","jetpack_publicize_feature_enabled":true,"jetpack_social_post_already_shared":false,"jetpack_social_options":{"image_generator_settings":{"template":"highway","default_image_id":0,"font":"","enabled":false},"version":2},"_wpas_customize_per_network":false},"categories":[26936,2513,14631],"tags":[15387,3575,18836,2963,14736,23549,23212,1074],"newspack_spnsrs_tax":[],"class_list":["post-353404","post","type-post","status-publish","format-standard","has-post-thumbnail","hentry","category-casa-de-campo-living-es","category-celebridades-es","category-estilo-de-vida","tag-altos-de-chavon-es","tag-altos-de-chavon-es-2","tag-concert-es-2","tag-concierto","tag-featured-topview-es","tag-nibiru","tag-pronto","tag-semana-santa","entry"],"yoast_head":"<!-- This site is optimized with the Yoast SEO plugin v27.5 - https:\/\/yoast.com\/product\/yoast-seo-wordpress\/ -->\n<title>\u00a1A casa llena! Ozuna presenta un exitoso concierto en Altos de Chav\u00f3n | Casa de Campo Living<\/title>\n<meta name=\"description\" content=\"El tradicional concierto del feriado de Samana Santa present\u00f3 a Ozuna, el artista m\u00e1s popular del momento, en un concierto que mantuvo al p\u00fablico de pie\" \/>\n<meta name=\"robots\" content=\"index, follow, max-snippet:-1, max-image-preview:large, max-video-preview:-1\" \/>\n<link rel=\"canonical\" href=\"https:\/\/casadecampoliving.com\/es\/a-casa-llena-ozuna-presenta-un-exitoso-concierto-en-altos-de-chavon\/\" \/>\n<meta property=\"og:locale\" content=\"es_ES\" \/>\n<meta property=\"og:type\" content=\"article\" \/>\n<meta property=\"og:title\" content=\"\u00a1A casa llena! Ozuna presenta un exitoso concierto en Altos de Chav\u00f3n | Casa de Campo Living\" \/>\n<meta property=\"og:description\" content=\"El tradicional concierto del feriado de Samana Santa present\u00f3 a Ozuna, el artista m\u00e1s popular del momento, en un concierto que mantuvo al p\u00fablico de pie\" \/>\n<meta property=\"og:url\" content=\"https:\/\/casadecampoliving.com\/es\/a-casa-llena-ozuna-presenta-un-exitoso-concierto-en-altos-de-chavon\/\" \/>\n<meta property=\"og:site_name\" content=\"Casa de Campo Living\" \/>\n<meta property=\"article:publisher\" content=\"https:\/\/www.facebook.com\/casadecampoliving\" \/>\n<meta property=\"article:published_time\" content=\"2019-04-24T04:00:00+00:00\" \/>\n<meta property=\"article:modified_time\" content=\"2022-11-10T14:33:12+00:00\" \/>\n<meta property=\"og:image\" content=\"https:\/\/i0.wp.com\/casadecampoliving.com\/wp-content\/uploads\/2022\/10\/IMG_73271.jpg?fit=1000%2C600&ssl=1\" \/>\n\t<meta property=\"og:image:width\" content=\"1000\" \/>\n\t<meta property=\"og:image:height\" content=\"600\" \/>\n\t<meta property=\"og:image:type\" content=\"image\/jpeg\" \/>\n<meta name=\"author\" content=\"Casa de Campo Living\" \/>\n<meta name=\"twitter:card\" content=\"summary_large_image\" \/>\n<meta name=\"twitter:creator\" content=\"@cdcliving\" \/>\n<meta name=\"twitter:site\" content=\"@cdcliving\" \/>\n<meta name=\"twitter:label1\" content=\"Escrito por\" \/>\n\t<meta name=\"twitter:data1\" content=\"Casa de Campo Living\" \/>\n\t<meta name=\"twitter:label2\" content=\"Tiempo de lectura\" \/>\n\t<meta name=\"twitter:data2\" content=\"2 minutos\" \/>\n<script type=\"application\/ld+json\" class=\"yoast-schema-graph\">{\"@context\":\"https:\\\/\\\/schema.org\",\"@graph\":[{\"@type\":\"Article\",\"@id\":\"https:\\\/\\\/casadecampoliving.com\\\/es\\\/a-casa-llena-ozuna-presenta-un-exitoso-concierto-en-altos-de-chavon\\\/#article\",\"isPartOf\":{\"@id\":\"https:\\\/\\\/casadecampoliving.com\\\/es\\\/a-casa-llena-ozuna-presenta-un-exitoso-concierto-en-altos-de-chavon\\\/\"},\"author\":{\"name\":\"Casa de Campo Living\",\"@id\":\"https:\\\/\\\/casadecampoliving.com\\\/es\\\/#\\\/schema\\\/person\\\/5d2171637a9d11e0e43ce6b8555f9422\"},\"headline\":\"\u00a1A casa llena! Ozuna presenta un exitoso concierto en Altos de Chav\u00f3n\",\"datePublished\":\"2019-04-24T04:00:00+00:00\",\"dateModified\":\"2022-11-10T14:33:12+00:00\",\"mainEntityOfPage\":{\"@id\":\"https:\\\/\\\/casadecampoliving.com\\\/es\\\/a-casa-llena-ozuna-presenta-un-exitoso-concierto-en-altos-de-chavon\\\/\"},\"wordCount\":472,\"publisher\":{\"@id\":\"https:\\\/\\\/casadecampoliving.com\\\/es\\\/#organization\"},\"image\":{\"@id\":\"https:\\\/\\\/casadecampoliving.com\\\/es\\\/a-casa-llena-ozuna-presenta-un-exitoso-concierto-en-altos-de-chavon\\\/#primaryimage\"},\"thumbnailUrl\":\"https:\\\/\\\/i0.wp.com\\\/casadecampoliving.com\\\/wp-content\\\/uploads\\\/2022\\\/10\\\/IMG_73271.jpg?fit=1000%2C600&ssl=1\",\"keywords\":[\"Altos de Chavon\",\"Altos de Chavon -es\",\"concert\",\"concierto\",\"Featured-TopView @es\",\"nibiru\",\"PRONTO\",\"semana santa\"],\"articleSection\":[\"Casa de Campo Living @es\",\"Celebridades\",\"Estilo de Vida\"],\"inLanguage\":\"es\"},{\"@type\":\"WebPage\",\"@id\":\"https:\\\/\\\/casadecampoliving.com\\\/es\\\/a-casa-llena-ozuna-presenta-un-exitoso-concierto-en-altos-de-chavon\\\/\",\"url\":\"https:\\\/\\\/casadecampoliving.com\\\/es\\\/a-casa-llena-ozuna-presenta-un-exitoso-concierto-en-altos-de-chavon\\\/\",\"name\":\"\u00a1A casa llena! Ozuna presenta un exitoso concierto en Altos de Chav\u00f3n | Casa de Campo Living\",\"isPartOf\":{\"@id\":\"https:\\\/\\\/casadecampoliving.com\\\/es\\\/#website\"},\"primaryImageOfPage\":{\"@id\":\"https:\\\/\\\/casadecampoliving.com\\\/es\\\/a-casa-llena-ozuna-presenta-un-exitoso-concierto-en-altos-de-chavon\\\/#primaryimage\"},\"image\":{\"@id\":\"https:\\\/\\\/casadecampoliving.com\\\/es\\\/a-casa-llena-ozuna-presenta-un-exitoso-concierto-en-altos-de-chavon\\\/#primaryimage\"},\"thumbnailUrl\":\"https:\\\/\\\/i0.wp.com\\\/casadecampoliving.com\\\/wp-content\\\/uploads\\\/2022\\\/10\\\/IMG_73271.jpg?fit=1000%2C600&ssl=1\",\"datePublished\":\"2019-04-24T04:00:00+00:00\",\"dateModified\":\"2022-11-10T14:33:12+00:00\",\"description\":\"El tradicional concierto del feriado de Samana Santa present\u00f3 a Ozuna, el artista m\u00e1s popular del momento, en un concierto que mantuvo al p\u00fablico de pie\",\"breadcrumb\":{\"@id\":\"https:\\\/\\\/casadecampoliving.com\\\/es\\\/a-casa-llena-ozuna-presenta-un-exitoso-concierto-en-altos-de-chavon\\\/#breadcrumb\"},\"inLanguage\":\"es\",\"potentialAction\":[{\"@type\":\"ReadAction\",\"target\":[\"https:\\\/\\\/casadecampoliving.com\\\/es\\\/a-casa-llena-ozuna-presenta-un-exitoso-concierto-en-altos-de-chavon\\\/\"]}]},{\"@type\":\"ImageObject\",\"inLanguage\":\"es\",\"@id\":\"https:\\\/\\\/casadecampoliving.com\\\/es\\\/a-casa-llena-ozuna-presenta-un-exitoso-concierto-en-altos-de-chavon\\\/#primaryimage\",\"url\":\"https:\\\/\\\/i0.wp.com\\\/casadecampoliving.com\\\/wp-content\\\/uploads\\\/2022\\\/10\\\/IMG_73271.jpg?fit=1000%2C600&ssl=1\",\"contentUrl\":\"https:\\\/\\\/i0.wp.com\\\/casadecampoliving.com\\\/wp-content\\\/uploads\\\/2022\\\/10\\\/IMG_73271.jpg?fit=1000%2C600&ssl=1\",\"width\":1000,\"height\":600},{\"@type\":\"BreadcrumbList\",\"@id\":\"https:\\\/\\\/casadecampoliving.com\\\/es\\\/a-casa-llena-ozuna-presenta-un-exitoso-concierto-en-altos-de-chavon\\\/#breadcrumb\",\"itemListElement\":[{\"@type\":\"ListItem\",\"position\":1,\"name\":\"Home\",\"item\":\"https:\\\/\\\/casadecampoliving.com\\\/es\\\/\"},{\"@type\":\"ListItem\",\"position\":2,\"name\":\"\u00a1A casa llena! Ozuna presenta un exitoso concierto en Altos de Chav\u00f3n\"}]},{\"@type\":\"WebSite\",\"@id\":\"https:\\\/\\\/casadecampoliving.com\\\/es\\\/#website\",\"url\":\"https:\\\/\\\/casadecampoliving.com\\\/es\\\/\",\"name\":\"Casa de Campo Living\",\"description\":\"Resort community news and resources.\",\"publisher\":{\"@id\":\"https:\\\/\\\/casadecampoliving.com\\\/es\\\/#organization\"},\"potentialAction\":[{\"@type\":\"SearchAction\",\"target\":{\"@type\":\"EntryPoint\",\"urlTemplate\":\"https:\\\/\\\/casadecampoliving.com\\\/es\\\/?s={search_term_string}\"},\"query-input\":{\"@type\":\"PropertyValueSpecification\",\"valueRequired\":true,\"valueName\":\"search_term_string\"}}],\"inLanguage\":\"es\"},{\"@type\":\"Organization\",\"@id\":\"https:\\\/\\\/casadecampoliving.com\\\/es\\\/#organization\",\"name\":\"Casa de Campo Living\",\"url\":\"https:\\\/\\\/casadecampoliving.com\\\/es\\\/\",\"logo\":{\"@type\":\"ImageObject\",\"inLanguage\":\"es\",\"@id\":\"https:\\\/\\\/casadecampoliving.com\\\/es\\\/#\\\/schema\\\/logo\\\/image\\\/\",\"url\":\"https:\\\/\\\/i0.wp.com\\\/casadecampoliving.com\\\/wp-content\\\/uploads\\\/2022\\\/07\\\/CDCLivingLogo_V1-white-sized.png?fit=800%2C214&ssl=1\",\"contentUrl\":\"https:\\\/\\\/i0.wp.com\\\/casadecampoliving.com\\\/wp-content\\\/uploads\\\/2022\\\/07\\\/CDCLivingLogo_V1-white-sized.png?fit=800%2C214&ssl=1\",\"width\":800,\"height\":214,\"caption\":\"Casa de Campo Living\"},\"image\":{\"@id\":\"https:\\\/\\\/casadecampoliving.com\\\/es\\\/#\\\/schema\\\/logo\\\/image\\\/\"},\"sameAs\":[\"https:\\\/\\\/www.facebook.com\\\/casadecampoliving\",\"https:\\\/\\\/x.com\\\/cdcliving\"]},{\"@type\":\"Person\",\"@id\":\"https:\\\/\\\/casadecampoliving.com\\\/es\\\/#\\\/schema\\\/person\\\/5d2171637a9d11e0e43ce6b8555f9422\",\"name\":\"Casa de Campo Living\",\"image\":{\"@type\":\"ImageObject\",\"inLanguage\":\"es\",\"@id\":\"https:\\\/\\\/secure.gravatar.com\\\/avatar\\\/d04101fa4a9fd431e939953b1500fdc7a73cd35029f86d98712fd8ccdaebaf9a?s=96&d=mm&r=g\",\"url\":\"https:\\\/\\\/secure.gravatar.com\\\/avatar\\\/d04101fa4a9fd431e939953b1500fdc7a73cd35029f86d98712fd8ccdaebaf9a?s=96&d=mm&r=g\",\"contentUrl\":\"https:\\\/\\\/secure.gravatar.com\\\/avatar\\\/d04101fa4a9fd431e939953b1500fdc7a73cd35029f86d98712fd8ccdaebaf9a?s=96&d=mm&r=g\",\"caption\":\"Casa de Campo Living\"},\"url\":\"https:\\\/\\\/casadecampoliving.com\\\/es\\\/author\\\/casa-de-campo-living\\\/\"}]}<\/script>\n<!-- \/ Yoast SEO plugin. -->","yoast_head_json":{"title":"\u00a1A casa llena! Ozuna presenta un exitoso concierto en Altos de Chav\u00f3n | Casa de Campo Living","description":"El tradicional concierto del feriado de Samana Santa present\u00f3 a Ozuna, el artista m\u00e1s popular del momento, en un concierto que mantuvo al p\u00fablico de pie","robots":{"index":"index","follow":"follow","max-snippet":"max-snippet:-1","max-image-preview":"max-image-preview:large","max-video-preview":"max-video-preview:-1"},"canonical":"https:\/\/casadecampoliving.com\/es\/a-casa-llena-ozuna-presenta-un-exitoso-concierto-en-altos-de-chavon\/","og_locale":"es_ES","og_type":"article","og_title":"\u00a1A casa llena! Ozuna presenta un exitoso concierto en Altos de Chav\u00f3n | Casa de Campo Living","og_description":"El tradicional concierto del feriado de Samana Santa present\u00f3 a Ozuna, el artista m\u00e1s popular del momento, en un concierto que mantuvo al p\u00fablico de pie","og_url":"https:\/\/casadecampoliving.com\/es\/a-casa-llena-ozuna-presenta-un-exitoso-concierto-en-altos-de-chavon\/","og_site_name":"Casa de Campo Living","article_publisher":"https:\/\/www.facebook.com\/casadecampoliving","article_published_time":"2019-04-24T04:00:00+00:00","article_modified_time":"2022-11-10T14:33:12+00:00","og_image":[{"width":1000,"height":600,"url":"https:\/\/i0.wp.com\/casadecampoliving.com\/wp-content\/uploads\/2022\/10\/IMG_73271.jpg?fit=1000%2C600&ssl=1","type":"image\/jpeg"}],"author":"Casa de Campo Living","twitter_card":"summary_large_image","twitter_creator":"@cdcliving","twitter_site":"@cdcliving","twitter_misc":{"Escrito por":"Casa de Campo Living","Tiempo de lectura":"2 minutos"},"schema":{"@context":"https:\/\/schema.org","@graph":[{"@type":"Article","@id":"https:\/\/casadecampoliving.com\/es\/a-casa-llena-ozuna-presenta-un-exitoso-concierto-en-altos-de-chavon\/#article","isPartOf":{"@id":"https:\/\/casadecampoliving.com\/es\/a-casa-llena-ozuna-presenta-un-exitoso-concierto-en-altos-de-chavon\/"},"author":{"name":"Casa de Campo Living","@id":"https:\/\/casadecampoliving.com\/es\/#\/schema\/person\/5d2171637a9d11e0e43ce6b8555f9422"},"headline":"\u00a1A casa llena! Ozuna presenta un exitoso concierto en Altos de Chav\u00f3n","datePublished":"2019-04-24T04:00:00+00:00","dateModified":"2022-11-10T14:33:12+00:00","mainEntityOfPage":{"@id":"https:\/\/casadecampoliving.com\/es\/a-casa-llena-ozuna-presenta-un-exitoso-concierto-en-altos-de-chavon\/"},"wordCount":472,"publisher":{"@id":"https:\/\/casadecampoliving.com\/es\/#organization"},"image":{"@id":"https:\/\/casadecampoliving.com\/es\/a-casa-llena-ozuna-presenta-un-exitoso-concierto-en-altos-de-chavon\/#primaryimage"},"thumbnailUrl":"https:\/\/i0.wp.com\/casadecampoliving.com\/wp-content\/uploads\/2022\/10\/IMG_73271.jpg?fit=1000%2C600&ssl=1","keywords":["Altos de Chavon","Altos de Chavon -es","concert","concierto","Featured-TopView @es","nibiru","PRONTO","semana santa"],"articleSection":["Casa de Campo Living @es","Celebridades","Estilo de Vida"],"inLanguage":"es"},{"@type":"WebPage","@id":"https:\/\/casadecampoliving.com\/es\/a-casa-llena-ozuna-presenta-un-exitoso-concierto-en-altos-de-chavon\/","url":"https:\/\/casadecampoliving.com\/es\/a-casa-llena-ozuna-presenta-un-exitoso-concierto-en-altos-de-chavon\/","name":"\u00a1A casa llena! Ozuna presenta un exitoso concierto en Altos de Chav\u00f3n | Casa de Campo Living","isPartOf":{"@id":"https:\/\/casadecampoliving.com\/es\/#website"},"primaryImageOfPage":{"@id":"https:\/\/casadecampoliving.com\/es\/a-casa-llena-ozuna-presenta-un-exitoso-concierto-en-altos-de-chavon\/#primaryimage"},"image":{"@id":"https:\/\/casadecampoliving.com\/es\/a-casa-llena-ozuna-presenta-un-exitoso-concierto-en-altos-de-chavon\/#primaryimage"},"thumbnailUrl":"https:\/\/i0.wp.com\/casadecampoliving.com\/wp-content\/uploads\/2022\/10\/IMG_73271.jpg?fit=1000%2C600&ssl=1","datePublished":"2019-04-24T04:00:00+00:00","dateModified":"2022-11-10T14:33:12+00:00","description":"El tradicional concierto del feriado de Samana Santa present\u00f3 a Ozuna, el artista m\u00e1s popular del momento, en un concierto que mantuvo al p\u00fablico de pie","breadcrumb":{"@id":"https:\/\/casadecampoliving.com\/es\/a-casa-llena-ozuna-presenta-un-exitoso-concierto-en-altos-de-chavon\/#breadcrumb"},"inLanguage":"es","potentialAction":[{"@type":"ReadAction","target":["https:\/\/casadecampoliving.com\/es\/a-casa-llena-ozuna-presenta-un-exitoso-concierto-en-altos-de-chavon\/"]}]},{"@type":"ImageObject","inLanguage":"es","@id":"https:\/\/casadecampoliving.com\/es\/a-casa-llena-ozuna-presenta-un-exitoso-concierto-en-altos-de-chavon\/#primaryimage","url":"https:\/\/i0.wp.com\/casadecampoliving.com\/wp-content\/uploads\/2022\/10\/IMG_73271.jpg?fit=1000%2C600&ssl=1","contentUrl":"https:\/\/i0.wp.com\/casadecampoliving.com\/wp-content\/uploads\/2022\/10\/IMG_73271.jpg?fit=1000%2C600&ssl=1","width":1000,"height":600},{"@type":"BreadcrumbList","@id":"https:\/\/casadecampoliving.com\/es\/a-casa-llena-ozuna-presenta-un-exitoso-concierto-en-altos-de-chavon\/#breadcrumb","itemListElement":[{"@type":"ListItem","position":1,"name":"Home","item":"https:\/\/casadecampoliving.com\/es\/"},{"@type":"ListItem","position":2,"name":"\u00a1A casa llena! Ozuna presenta un exitoso concierto en Altos de Chav\u00f3n"}]},{"@type":"WebSite","@id":"https:\/\/casadecampoliving.com\/es\/#website","url":"https:\/\/casadecampoliving.com\/es\/","name":"Casa de Campo Living","description":"Resort community news and resources.","publisher":{"@id":"https:\/\/casadecampoliving.com\/es\/#organization"},"potentialAction":[{"@type":"SearchAction","target":{"@type":"EntryPoint","urlTemplate":"https:\/\/casadecampoliving.com\/es\/?s={search_term_string}"},"query-input":{"@type":"PropertyValueSpecification","valueRequired":true,"valueName":"search_term_string"}}],"inLanguage":"es"},{"@type":"Organization","@id":"https:\/\/casadecampoliving.com\/es\/#organization","name":"Casa de Campo Living","url":"https:\/\/casadecampoliving.com\/es\/","logo":{"@type":"ImageObject","inLanguage":"es","@id":"https:\/\/casadecampoliving.com\/es\/#\/schema\/logo\/image\/","url":"https:\/\/i0.wp.com\/casadecampoliving.com\/wp-content\/uploads\/2022\/07\/CDCLivingLogo_V1-white-sized.png?fit=800%2C214&ssl=1","contentUrl":"https:\/\/i0.wp.com\/casadecampoliving.com\/wp-content\/uploads\/2022\/07\/CDCLivingLogo_V1-white-sized.png?fit=800%2C214&ssl=1","width":800,"height":214,"caption":"Casa de Campo Living"},"image":{"@id":"https:\/\/casadecampoliving.com\/es\/#\/schema\/logo\/image\/"},"sameAs":["https:\/\/www.facebook.com\/casadecampoliving","https:\/\/x.com\/cdcliving"]},{"@type":"Person","@id":"https:\/\/casadecampoliving.com\/es\/#\/schema\/person\/5d2171637a9d11e0e43ce6b8555f9422","name":"Casa de Campo Living","image":{"@type":"ImageObject","inLanguage":"es","@id":"https:\/\/secure.gravatar.com\/avatar\/d04101fa4a9fd431e939953b1500fdc7a73cd35029f86d98712fd8ccdaebaf9a?s=96&d=mm&r=g","url":"https:\/\/secure.gravatar.com\/avatar\/d04101fa4a9fd431e939953b1500fdc7a73cd35029f86d98712fd8ccdaebaf9a?s=96&d=mm&r=g","contentUrl":"https:\/\/secure.gravatar.com\/avatar\/d04101fa4a9fd431e939953b1500fdc7a73cd35029f86d98712fd8ccdaebaf9a?s=96&d=mm&r=g","caption":"Casa de Campo Living"},"url":"https:\/\/casadecampoliving.com\/es\/author\/casa-de-campo-living\/"}]}},"parsely":{"version":"1.1.0","canonical_url":"https:\/\/casadecampoliving.com\/es\/a-casa-llena-ozuna-presenta-un-exitoso-concierto-en-altos-de-chavon\/","smart_links":{"inbound":0,"outbound":0},"traffic_boost_suggestions_count":0,"meta":{"@context":"https:\/\/schema.org","@type":"NewsArticle","headline":"\u00a1A casa llena! Ozuna presenta un exitoso concierto en Altos de Chav\u00f3n","url":"http:\/\/casadecampoliving.com\/es\/a-casa-llena-ozuna-presenta-un-exitoso-concierto-en-altos-de-chavon\/","mainEntityOfPage":{"@type":"WebPage","@id":"http:\/\/casadecampoliving.com\/es\/a-casa-llena-ozuna-presenta-un-exitoso-concierto-en-altos-de-chavon\/"},"thumbnailUrl":"https:\/\/i0.wp.com\/casadecampoliving.com\/wp-content\/uploads\/2022\/10\/IMG_73271.jpg?resize=150%2C150&ssl=1","image":{"@type":"ImageObject","url":"https:\/\/i0.wp.com\/casadecampoliving.com\/wp-content\/uploads\/2022\/10\/IMG_73271.jpg?fit=1000%2C600&ssl=1"},"articleSection":"Casa de Campo Living @es","author":[{"@type":"Person","name":"Casa de Campo Living"}],"creator":["Casa de Campo Living"],"publisher":{"@type":"Organization","name":"Casa de Campo Living","logo":"https:\/\/casadecampoliving.com\/wp-content\/uploads\/2022\/07\/CDCLivingLogo_V1-white-sized.png"},"keywords":["altos de chavon","altos de chavon -es","concert","concierto","featured-topview @es","nibiru","pronto","semana santa"],"dateCreated":"2019-04-24T04:00:00Z","datePublished":"2019-04-24T04:00:00Z","dateModified":"2022-11-10T14:33:12Z"},"rendered":"<script type=\"application\/ld+json\" class=\"wp-parsely-metadata\">{\"@context\":\"https:\\\/\\\/schema.org\",\"@type\":\"NewsArticle\",\"headline\":\"\\u00a1A casa llena! Ozuna presenta un exitoso concierto en Altos de Chav\\u00f3n\",\"url\":\"http:\\\/\\\/casadecampoliving.com\\\/es\\\/a-casa-llena-ozuna-presenta-un-exitoso-concierto-en-altos-de-chavon\\\/\",\"mainEntityOfPage\":{\"@type\":\"WebPage\",\"@id\":\"http:\\\/\\\/casadecampoliving.com\\\/es\\\/a-casa-llena-ozuna-presenta-un-exitoso-concierto-en-altos-de-chavon\\\/\"},\"thumbnailUrl\":\"https:\\\/\\\/i0.wp.com\\\/casadecampoliving.com\\\/wp-content\\\/uploads\\\/2022\\\/10\\\/IMG_73271.jpg?resize=150%2C150&ssl=1\",\"image\":{\"@type\":\"ImageObject\",\"url\":\"https:\\\/\\\/i0.wp.com\\\/casadecampoliving.com\\\/wp-content\\\/uploads\\\/2022\\\/10\\\/IMG_73271.jpg?fit=1000%2C600&ssl=1\"},\"articleSection\":\"Casa de Campo Living @es\",\"author\":[{\"@type\":\"Person\",\"name\":\"Casa de Campo Living\"}],\"creator\":[\"Casa de Campo Living\"],\"publisher\":{\"@type\":\"Organization\",\"name\":\"Casa de Campo Living\",\"logo\":\"https:\\\/\\\/casadecampoliving.com\\\/wp-content\\\/uploads\\\/2022\\\/07\\\/CDCLivingLogo_V1-white-sized.png\"},\"keywords\":[\"altos de chavon\",\"altos de chavon -es\",\"concert\",\"concierto\",\"featured-topview @es\",\"nibiru\",\"pronto\",\"semana santa\"],\"dateCreated\":\"2019-04-24T04:00:00Z\",\"datePublished\":\"2019-04-24T04:00:00Z\",\"dateModified\":\"2022-11-10T14:33:12Z\"}<\/script>","tracker_url":"https:\/\/cdn.parsely.com\/keys\/casadecampoliving.com\/p.js"},"jetpack_publicize_connections":[],"jetpack_featured_media_url":"https:\/\/i0.wp.com\/casadecampoliving.com\/wp-content\/uploads\/2022\/10\/IMG_73271.jpg?fit=1000%2C600&ssl=1","jetpack-related-posts":[{"id":433460,"url":"https:\/\/casadecampoliving.com\/es\/no-se-pierdan-el-increible-tributo-a-frank-sinatra-para-celebrar-el-40-aniversario-del-anfiteatro-altos-de-chavon\/","url_meta":{"origin":353404,"position":0},"title":"No se pierdan el incre\u00edble tributo a Frank Sinatra para celebrar el 40 aniversario del\u00a0Anfiteatro Altos de Chav\u00f3n","author":"Casa de Campo Living","date":"20 Oct, 2022","format":false,"excerpt":"Siendo uno de los escenarios m\u00e1s emblem\u00e1ticos del pa\u00eds, Casa de Campo Resort\u00ae & Villas celebra las cuatro d\u00e9cadas de aniversario de Altos de Chav\u00f3n con un tributo al gran Frank Sinatra, protagonizado por artistas invitados y una big band tal cual la que acompa\u00f1\u00f3 al artista hace 40 a\u00f1os\u2026","rel":"","context":"En \u00abUncategorized @es\u00bb","block_context":{"text":"Uncategorized @es","link":"https:\/\/casadecampoliving.com\/es\/category\/uncategorized-es\/"},"img":{"alt_text":"","src":"https:\/\/i0.wp.com\/casadecampoliving.com\/wp-content\/uploads\/2022\/10\/Tributo-Frank-Sinatra-Foto-Principal-Amaury-Sanchez-Danilo-Ginebra-Andres-Pichardo-y-Jose-Gabriel-Perez-.jpg?fit=1200%2C873&ssl=1&resize=350%2C200","width":350,"height":200,"srcset":"https:\/\/i0.wp.com\/casadecampoliving.com\/wp-content\/uploads\/2022\/10\/Tributo-Frank-Sinatra-Foto-Principal-Amaury-Sanchez-Danilo-Ginebra-Andres-Pichardo-y-Jose-Gabriel-Perez-.jpg?fit=1200%2C873&ssl=1&resize=350%2C200 1x, https:\/\/i0.wp.com\/casadecampoliving.com\/wp-content\/uploads\/2022\/10\/Tributo-Frank-Sinatra-Foto-Principal-Amaury-Sanchez-Danilo-Ginebra-Andres-Pichardo-y-Jose-Gabriel-Perez-.jpg?fit=1200%2C873&ssl=1&resize=525%2C300 1.5x, https:\/\/i0.wp.com\/casadecampoliving.com\/wp-content\/uploads\/2022\/10\/Tributo-Frank-Sinatra-Foto-Principal-Amaury-Sanchez-Danilo-Ginebra-Andres-Pichardo-y-Jose-Gabriel-Perez-.jpg?fit=1200%2C873&ssl=1&resize=700%2C400 2x, https:\/\/i0.wp.com\/casadecampoliving.com\/wp-content\/uploads\/2022\/10\/Tributo-Frank-Sinatra-Foto-Principal-Amaury-Sanchez-Danilo-Ginebra-Andres-Pichardo-y-Jose-Gabriel-Perez-.jpg?fit=1200%2C873&ssl=1&resize=1050%2C600 3x"},"classes":[]},{"id":353171,"url":"https:\/\/casadecampoliving.com\/es\/inicia-preventa-para-el-concierto-de-ozuna-en-chavon\/","url_meta":{"origin":353404,"position":1},"title":"Inicia preventa para el concierto de Ozuna en Altos de Chav\u00f3n","author":"Casa de Campo Resort","date":"4 Feb, 2019","format":false,"excerpt":"Los preparativos para el esperado concierto de Ozuna en Altos de Chav\u00f3n van viento en popa. Los organizadores del evento informaron que este lunes 4 de febrero inicia la preventa exclusiva de MasterCard, a trav\u00e9s de la cual los tarjeta habientes podr\u00e1n adquirir sus boletas con un 15 por ciento\u2026","rel":"","context":"En \u00abAltos de Chavon @es\u00bb","block_context":{"text":"Altos de Chavon @es","link":"https:\/\/casadecampoliving.com\/category\/altos-de-chavon-es\/"},"img":{"alt_text":"","src":"https:\/\/i0.wp.com\/casadecampoliving.com\/wp-content\/uploads\/2022\/10\/50681675_2434726996555247_7117020478899748864_n.jpg?fit=960%2C618&ssl=1&resize=350%2C200","width":350,"height":200,"srcset":"https:\/\/i0.wp.com\/casadecampoliving.com\/wp-content\/uploads\/2022\/10\/50681675_2434726996555247_7117020478899748864_n.jpg?fit=960%2C618&ssl=1&resize=350%2C200 1x, https:\/\/i0.wp.com\/casadecampoliving.com\/wp-content\/uploads\/2022\/10\/50681675_2434726996555247_7117020478899748864_n.jpg?fit=960%2C618&ssl=1&resize=525%2C300 1.5x, https:\/\/i0.wp.com\/casadecampoliving.com\/wp-content\/uploads\/2022\/10\/50681675_2434726996555247_7117020478899748864_n.jpg?fit=960%2C618&ssl=1&resize=700%2C400 2x"},"classes":[]},{"id":526811,"url":"https:\/\/casadecampoliving.com\/es\/ozuna-regresa-a-altos-de-chavon-el-sabado-santo\/","url_meta":{"origin":353404,"position":2},"title":"Ozuna regresa a Altos de Chav\u00f3n el S\u00e1bado Santo","author":"Casa de Campo Living","date":"16 Feb, 2024","format":false,"excerpt":"En un regreso muy esperado a la Rep\u00fablica Dominicana, el \u00edcono de la m\u00fasica urbana Ozuna honrar\u00e1 las ic\u00f3nicas piedras de Altos de Chav\u00f3n este S\u00e1bado Santo. Cuatro a\u00f1os despu\u00e9s de su \u00faltima actuaci\u00f3n en suelo dominicano, Ozuna promete una noche espectacular el 30 de marzo, compartiendo sus mayores \u00e9xitos\u2026","rel":"","context":"En \u00abAltos de Chav\u00f3n\u00bb","block_context":{"text":"Altos de Chav\u00f3n","link":"https:\/\/casadecampoliving.com\/es\/category\/altos-de-chavon-6\/"},"img":{"alt_text":"","src":"https:\/\/i0.wp.com\/casadecampoliving.com\/wp-content\/uploads\/2024\/02\/Ozuna-32-scaled.jpg?fit=1200%2C800&ssl=1&resize=350%2C200","width":350,"height":200,"srcset":"https:\/\/i0.wp.com\/casadecampoliving.com\/wp-content\/uploads\/2024\/02\/Ozuna-32-scaled.jpg?fit=1200%2C800&ssl=1&resize=350%2C200 1x, https:\/\/i0.wp.com\/casadecampoliving.com\/wp-content\/uploads\/2024\/02\/Ozuna-32-scaled.jpg?fit=1200%2C800&ssl=1&resize=525%2C300 1.5x, https:\/\/i0.wp.com\/casadecampoliving.com\/wp-content\/uploads\/2024\/02\/Ozuna-32-scaled.jpg?fit=1200%2C800&ssl=1&resize=700%2C400 2x, https:\/\/i0.wp.com\/casadecampoliving.com\/wp-content\/uploads\/2024\/02\/Ozuna-32-scaled.jpg?fit=1200%2C800&ssl=1&resize=1050%2C600 3x"},"classes":[]},{"id":529555,"url":"https:\/\/casadecampoliving.com\/es\/ozuna-innova-en-anfiteatro-de-chavon-con-gigantesca-pantalla\/","url_meta":{"origin":353404,"position":3},"title":"Ozuna innova en anfiteatro de Chav\u00f3n con gigantesca pantalla","author":"Mairobi Herrera","date":"1 Abr, 2024","format":false,"excerpt":"Y Chav\u00f3n lo vuelve a hacer. El pasado S\u00e1bado Santo miles de fan\u00e1ticos abarrotaron el emblem\u00e1tico anfiteatro de Altos de Chav\u00f3n para presenciar el esperado concierto del cantante de m\u00fasica urbana Ozuna. Con una asistencia r\u00e9cord, el artista puertorrique\u00f1o hizo su entrada triunfal al escenario alrededor de las 10 de\u2026","rel":"","context":"En \u00abAltos de Chav\u00f3n\u00bb","block_context":{"text":"Altos de Chav\u00f3n","link":"https:\/\/casadecampoliving.com\/es\/category\/altos-de-chavon-6\/"},"img":{"alt_text":"","src":"https:\/\/i0.wp.com\/casadecampoliving.com\/wp-content\/uploads\/2024\/04\/FN3A5772-scaled.jpg?fit=1200%2C800&ssl=1&resize=350%2C200","width":350,"height":200,"srcset":"https:\/\/i0.wp.com\/casadecampoliving.com\/wp-content\/uploads\/2024\/04\/FN3A5772-scaled.jpg?fit=1200%2C800&ssl=1&resize=350%2C200 1x, https:\/\/i0.wp.com\/casadecampoliving.com\/wp-content\/uploads\/2024\/04\/FN3A5772-scaled.jpg?fit=1200%2C800&ssl=1&resize=525%2C300 1.5x, https:\/\/i0.wp.com\/casadecampoliving.com\/wp-content\/uploads\/2024\/04\/FN3A5772-scaled.jpg?fit=1200%2C800&ssl=1&resize=700%2C400 2x, https:\/\/i0.wp.com\/casadecampoliving.com\/wp-content\/uploads\/2024\/04\/FN3A5772-scaled.jpg?fit=1200%2C800&ssl=1&resize=1050%2C600 3x"},"classes":[]},{"id":353134,"url":"https:\/\/casadecampoliving.com\/es\/guarden-la-fecha-ozuna-se-presentara-en-altos-de-chavon-el-sabado-santo\/","url_meta":{"origin":353404,"position":4},"title":"Guarden la fecha: Ozuna se presentar\u00e1 en Altos de Chav\u00f3n el S\u00e1bado Santo","author":"Casa de Campo Resort","date":"14 Ene, 2019","format":false,"excerpt":"El artista m\u00e1s popular del momento, Ozuna, ven\u00eda acariciando la posibilidad de cantar en el escenario de mayor prestigio en Rep\u00fablica Dominicana, y el S\u00e1bado Santo el sue\u00f1o de actuar en Altos de Chavar\u00f3n se har\u00e1 realidad. Ser\u00e1 el s\u00e1bado 20 de abril cuando el carism\u00e1tico cantante boricua materialice su\u2026","rel":"","context":"En \u00abCelebridades\u00bb","block_context":{"text":"Celebridades","link":"https:\/\/casadecampoliving.com\/es\/category\/celebridades-es\/"},"img":{"alt_text":"","src":"https:\/\/i0.wp.com\/casadecampoliving.com\/wp-content\/uploads\/2022\/10\/40370435_2220684837959465_7394516267194908672_o.jpg?fit=1000%2C712&ssl=1&resize=350%2C200","width":350,"height":200,"srcset":"https:\/\/i0.wp.com\/casadecampoliving.com\/wp-content\/uploads\/2022\/10\/40370435_2220684837959465_7394516267194908672_o.jpg?fit=1000%2C712&ssl=1&resize=350%2C200 1x, https:\/\/i0.wp.com\/casadecampoliving.com\/wp-content\/uploads\/2022\/10\/40370435_2220684837959465_7394516267194908672_o.jpg?fit=1000%2C712&ssl=1&resize=525%2C300 1.5x, https:\/\/i0.wp.com\/casadecampoliving.com\/wp-content\/uploads\/2022\/10\/40370435_2220684837959465_7394516267194908672_o.jpg?fit=1000%2C712&ssl=1&resize=700%2C400 2x"},"classes":[]},{"id":353654,"url":"https:\/\/casadecampoliving.com\/es\/los-iconos-musicales-steve-aoki-y-sech-despiden-el-ano-en-altos-de-chavon\/","url_meta":{"origin":353404,"position":5},"title":"Los \u00edconos musicales Steve Aoki y Sech despiden el a\u00f1o en Altos de Chav\u00f3n","author":"Casa de Campo Resort","date":"31 Dic, 2019","format":false,"excerpt":"Casa de Campo Resort present\u00f3 la gran fiesta de fin de a\u00f1o con el DJ y productor estadounidense Steve Aoki y el afamado exponente urbano Sech, en un concierto sin precedentes, donde los presentes vivieron una experiencia inolvidable. El anfiteatro de Altos de Chav\u00f3n estaba resplandeciente, con un p\u00fablico euf\u00f3rico\u2026","rel":"","context":"En \u00abCasa de Campo Resort\u00bb","block_context":{"text":"Casa de Campo Resort","link":"https:\/\/casadecampoliving.com\/category\/casa-de-campo-resort\/"},"img":{"alt_text":"","src":"https:\/\/i0.wp.com\/casadecampoliving.com\/wp-content\/uploads\/2022\/10\/Steve-Aoki-puso-a-bailar-a-todos-los-presentes.jpg?fit=1000%2C667&ssl=1&resize=350%2C200","width":350,"height":200,"srcset":"https:\/\/i0.wp.com\/casadecampoliving.com\/wp-content\/uploads\/2022\/10\/Steve-Aoki-puso-a-bailar-a-todos-los-presentes.jpg?fit=1000%2C667&ssl=1&resize=350%2C200 1x, https:\/\/i0.wp.com\/casadecampoliving.com\/wp-content\/uploads\/2022\/10\/Steve-Aoki-puso-a-bailar-a-todos-los-presentes.jpg?fit=1000%2C667&ssl=1&resize=525%2C300 1.5x, https:\/\/i0.wp.com\/casadecampoliving.com\/wp-content\/uploads\/2022\/10\/Steve-Aoki-puso-a-bailar-a-todos-los-presentes.jpg?fit=1000%2C667&ssl=1&resize=700%2C400 2x"},"classes":[]}],"jetpack_sharing_enabled":true,"_links":{"self":[{"href":"https:\/\/casadecampoliving.com\/es\/wp-json\/wp\/v2\/posts\/353404","targetHints":{"allow":["GET"]}}],"collection":[{"href":"https:\/\/casadecampoliving.com\/es\/wp-json\/wp\/v2\/posts"}],"about":[{"href":"https:\/\/casadecampoliving.com\/es\/wp-json\/wp\/v2\/types\/post"}],"author":[{"embeddable":true,"href":"https:\/\/casadecampoliving.com\/es\/wp-json\/wp\/v2\/users\/36791"}],"replies":[{"embeddable":true,"href":"https:\/\/casadecampoliving.com\/es\/wp-json\/wp\/v2\/comments?post=353404"}],"version-history":[{"count":2,"href":"https:\/\/casadecampoliving.com\/es\/wp-json\/wp\/v2\/posts\/353404\/revisions"}],"predecessor-version":[{"id":507236,"href":"https:\/\/casadecampoliving.com\/es\/wp-json\/wp\/v2\/posts\/353404\/revisions\/507236"}],"wp:featuredmedia":[{"embeddable":true,"href":"https:\/\/casadecampoliving.com\/es\/wp-json\/wp\/v2\/media\/301764"}],"wp:attachment":[{"href":"https:\/\/casadecampoliving.com\/es\/wp-json\/wp\/v2\/media?parent=353404"}],"wp:term":[{"taxonomy":"category","embeddable":true,"href":"https:\/\/casadecampoliving.com\/es\/wp-json\/wp\/v2\/categories?post=353404"},{"taxonomy":"post_tag","embeddable":true,"href":"https:\/\/casadecampoliving.com\/es\/wp-json\/wp\/v2\/tags?post=353404"},{"taxonomy":"newspack_spnsrs_tax","embeddable":true,"href":"https:\/\/casadecampoliving.com\/es\/wp-json\/wp\/v2\/newspack_spnsrs_tax?post=353404"}],"curies":[{"name":"wp","href":"https:\/\/api.w.org\/{rel}","templated":true}]}}