{"id":353309,"date":"2019-03-23T00:00:00","date_gmt":"2019-03-23T04:00:00","guid":{"rendered":"https:\/\/casadecampoliving.com\/el-agua-fuente-de-vida-agua-el-eden\/"},"modified":"2022-10-21T19:13:09","modified_gmt":"2022-10-21T23:13:09","slug":"el-agua-fuente-de-vida-agua-el-eden","status":"publish","type":"post","link":"https:\/\/casadecampoliving.com\/es\/el-agua-fuente-de-vida-agua-el-eden\/","title":{"rendered":"El agua, fuente de vida"},"content":{"rendered":"\n<p>El agua es esencial para la vida. El 22 de marzo se conmemora el D\u00eda Mundial del Agua, las Naciones Unidas nos dice que <strong>\u201cLa humanidad necesita agua: Una gota de agua es flexible. Una gota de agua es poderosa. Una gota de agua es m\u00e1s necesaria que nunca\u201d.<\/strong><\/p>\n\n\n\n<!--more-->\n\n\n<div class=\"wp-block-image\">\n<figure class=\"aligncenter is-resized\"><img loading=\"lazy\" decoding=\"async\" src=\"https:\/\/i0.wp.com\/casadecampoliving.com\/wp-content\/uploads\/2022\/10\/dog-700227_1920.jpg?resize=1000%2C599&amp;ssl=1\" alt=\"\" class=\"wp-image-168204\" height=\"599\" width=\"1000\"\/><\/figure>\n<\/div>\n\n\n<p>Este l\u00edquido debe considerarse el elemento m\u00e1s valioso del mundo al igual que el aire dado que sin ellos no podemos vivir, no crecer\u00edan las plantas, los animales, el mundo ser\u00eda un gran desierto sin vida. Y aunque el planeta tierra tiene un 70 % de agua, la gran mayor\u00eda es agua salada, s\u00f3lo el 3 % del agua de la tierra es potable, y la mayor\u00eda aparece en forma de hielo en los polos terrestres.<\/p>\n\n\n\n<p>El agua potable nos ayuda a estar sanos, a hacer la digesti\u00f3n, mantiene la musculatura en buen estado, act\u00faa refrigerando o calentando el cuerpo y ayuda a transportar el ox\u00edgeno entre las c\u00e9lulas de nuestro cuerpo. Seg\u00fan la edad de la persona, el estado de salud en el que se encuentre y su nutrici\u00f3n, el porcentaje de agua que tiene el cuerpo humano puede variar, aunque oscila entre el 50 y el 70%.<\/p>\n\n\n<div class=\"wp-block-image\">\n<figure class=\"aligncenter is-resized\"><img loading=\"lazy\" decoding=\"async\" src=\"https:\/\/i0.wp.com\/casadecampoliving.com\/wp-content\/uploads\/2022\/10\/drink-drinking-female-1458671.jpg?resize=1000%2C667&amp;ssl=1\" alt=\"\" class=\"wp-image-168203\" height=\"667\" width=\"1000\"\/><\/figure>\n<\/div>\n\n\n<p>En muchos pa\u00edses del mundo se puede conseguir agua potable y apta para el consumo con solo abrir el grifo en nuestras cocinas y ba\u00f1os, esto por el trato dado y el cuidado dado no solo al agua sino tambi\u00e9n al sistema de acueductos, esto para que el agua que llegue a Casa no solo sea para la higiene, regar las plantas o limpiar, tambi\u00e9n para preservar la vida. Actualmente no contamos con agua potable al abrir la llave, pero sabemos que podemos contar con Agua el Ed\u00e9n, y para no tener que preocuparnos ellos nos llevan el agua potable a casa con solo una llamada y listo.<\/p>\n\n\n\n<p>Recuerda que el agua es un elemento esencial del desarrollo sostenible, propicia el bienestar de la poblaci\u00f3n y de nuestras mascotas. El agua potable es esencial para mantener nuestra salud y bienestar.<\/p>\n\n\n\n<blockquote class=\"wp-block-quote is-layout-flow wp-block-quote-is-layout-flow\"><p><strong>Agua el Ed\u00e9n<\/strong><\/p><p><span class=\"w8qArf\"><strong>Direcci\u00f3n:<\/strong>&nbsp;<\/span><span class=\"LrzXr\">Penetracion Nte, La Romana 22000<\/span><br>\n<strong><span class=\"w8qArf\">Tel\u00e9fono:<\/span><\/strong><span class=\"w8qArf\">&nbsp;<\/span><span class=\"LrzXr zdqRlf kno-fv\">(809) 556-5403<\/span><br>\n<strong>Horario:<\/strong> Lunes a s\u00e1bado 8am- 6pm domingo 7-10am<br>\n<strong>Redes sociales: IG:&nbsp;<\/strong><a href=\"https:\/\/www.instagram.com\/aguaeleden\/?utm_source=ig_profile_share&amp;igshid=cgxwvgbltzt5\" target=\"_blank\" rel=\"noopener\">aguaeleden<\/a>&nbsp;<strong>FB:<\/strong>&nbsp;&nbsp;<a class=\"_64-f\" href=\"https:\/\/www.facebook.com\/Agua-El-Ed%C3%A9n-1049559578543803\/\">Agua El Ed\u00e9n<\/a><\/p><\/blockquote>\n","protected":false},"excerpt":{"rendered":"<p>El agua es esencial para la vida. El 22 de marzo se conmemora el D\u00eda Mundial del Agua, las Naciones Unidas nos dice que \u201cLa humanidad necesita agua: Una gota de agua es flexible. Una gota de agua es poderosa. Una gota de agua es m\u00e1s necesaria que nunca\u201d.<\/p>\n","protected":false},"author":36791,"featured_media":299472,"comment_status":"closed","ping_status":"closed","sticky":false,"template":"","format":"standard","meta":{"newspack_ads_suppress_ads":false,"newspack_popups_has_disabled_popups":false,"newspack_sponsor_sponsorship_scope":"","newspack_sponsor_native_byline_display":"inherit","newspack_sponsor_native_category_display":"inherit","newspack_sponsor_underwriter_style":"inherit","newspack_sponsor_underwriter_placement":"inherit","_newspack_byline_active":false,"_newspack_byline":"","newspack_content_restriction_is_exempt":false,"newspack_featured_image_position":"","newspack_post_subtitle":"","newspack_article_summary_title":"Overview:","newspack_article_summary":"","newspack_hide_updated_date":false,"newspack_show_updated_date":false,"_jetpack_memberships_contains_paid_content":false,"footnotes":"","jetpack_publicize_message":"","jetpack_publicize_feature_enabled":true,"jetpack_social_post_already_shared":false,"jetpack_social_options":{"image_generator_settings":{"template":"highway","default_image_id":0,"font":"","enabled":false},"version":2},"_wpas_customize_per_network":false},"categories":[2524,14631,21634,9719],"tags":[12764,14736],"newspack_spnsrs_tax":[],"class_list":["post-353309","post","type-post","status-publish","format-standard","has-post-thumbnail","hentry","category-destacados","category-estilo-de-vida","category-naturaleza","category-naturaleza-y-fauna","tag-agua","tag-featured-topview-es","entry"],"yoast_head":"<!-- This site is optimized with the Yoast SEO plugin v27.2 - https:\/\/yoast.com\/product\/yoast-seo-wordpress\/ -->\n<title>El agua, fuente de vida | Casa de Campo Living<\/title>\n<meta name=\"description\" content=\"El agua es esencial para la vida. El 22 de marzo se conmemora el D\u00eda Mundial del Agua, las Naciones Unidas nos dice que \u201cLa humanidad necesita agua: Una\" \/>\n<meta name=\"robots\" content=\"index, follow, max-snippet:-1, max-image-preview:large, max-video-preview:-1\" \/>\n<link rel=\"canonical\" href=\"https:\/\/casadecampoliving.com\/es\/el-agua-fuente-de-vida-agua-el-eden\/\" \/>\n<meta property=\"og:locale\" content=\"es_ES\" \/>\n<meta property=\"og:type\" content=\"article\" \/>\n<meta property=\"og:title\" content=\"El agua, fuente de vida | Casa de Campo Living\" \/>\n<meta property=\"og:description\" content=\"El agua es esencial para la vida. El 22 de marzo se conmemora el D\u00eda Mundial del Agua, las Naciones Unidas nos dice que \u201cLa humanidad necesita agua: Una\" \/>\n<meta property=\"og:url\" content=\"https:\/\/casadecampoliving.com\/es\/el-agua-fuente-de-vida-agua-el-eden\/\" \/>\n<meta property=\"og:site_name\" content=\"Casa de Campo Living\" \/>\n<meta property=\"article:publisher\" content=\"https:\/\/www.facebook.com\/casadecampoliving\" \/>\n<meta property=\"article:published_time\" content=\"2019-03-23T04:00:00+00:00\" \/>\n<meta property=\"article:modified_time\" content=\"2022-10-21T23:13:09+00:00\" \/>\n<meta property=\"og:image\" content=\"https:\/\/i0.wp.com\/casadecampoliving.com\/wp-content\/uploads\/2022\/10\/adult-background-beach-296282.jpg?fit=1000%2C601&ssl=1\" \/>\n\t<meta property=\"og:image:width\" content=\"1000\" \/>\n\t<meta property=\"og:image:height\" content=\"601\" \/>\n\t<meta property=\"og:image:type\" content=\"image\/jpeg\" \/>\n<meta name=\"author\" content=\"Casa de Campo Living\" \/>\n<meta name=\"twitter:card\" content=\"summary_large_image\" \/>\n<meta name=\"twitter:creator\" content=\"@cdcliving\" \/>\n<meta name=\"twitter:site\" content=\"@cdcliving\" \/>\n<meta name=\"twitter:label1\" content=\"Escrito por\" \/>\n\t<meta name=\"twitter:data1\" content=\"Casa de Campo Living\" \/>\n\t<meta name=\"twitter:label2\" content=\"Tiempo de lectura\" \/>\n\t<meta name=\"twitter:data2\" content=\"2 minutos\" \/>\n<script type=\"application\/ld+json\" class=\"yoast-schema-graph\">{\"@context\":\"https:\/\/schema.org\",\"@graph\":[{\"@type\":\"Article\",\"@id\":\"https:\/\/casadecampoliving.com\/es\/el-agua-fuente-de-vida-agua-el-eden\/#article\",\"isPartOf\":{\"@id\":\"https:\/\/casadecampoliving.com\/es\/el-agua-fuente-de-vida-agua-el-eden\/\"},\"author\":{\"name\":\"Casa de Campo Living\",\"@id\":\"https:\/\/casadecampoliving.com\/es\/#\/schema\/person\/5d2171637a9d11e0e43ce6b8555f9422\"},\"headline\":\"El agua, fuente de vida\",\"datePublished\":\"2019-03-23T04:00:00+00:00\",\"dateModified\":\"2022-10-21T23:13:09+00:00\",\"mainEntityOfPage\":{\"@id\":\"https:\/\/casadecampoliving.com\/es\/el-agua-fuente-de-vida-agua-el-eden\/\"},\"wordCount\":395,\"publisher\":{\"@id\":\"https:\/\/casadecampoliving.com\/es\/#organization\"},\"image\":{\"@id\":\"https:\/\/casadecampoliving.com\/es\/el-agua-fuente-de-vida-agua-el-eden\/#primaryimage\"},\"thumbnailUrl\":\"https:\/\/i0.wp.com\/casadecampoliving.com\/wp-content\/uploads\/2022\/10\/adult-background-beach-296282.jpg?fit=1000%2C601&ssl=1\",\"keywords\":[\"Agua\",\"Featured-TopView @es\"],\"articleSection\":[\"Destacados\",\"Estilo de Vida\",\"Naturaleza\",\"Naturaleza y Fauna\"],\"inLanguage\":\"es\"},{\"@type\":\"WebPage\",\"@id\":\"https:\/\/casadecampoliving.com\/es\/el-agua-fuente-de-vida-agua-el-eden\/\",\"url\":\"https:\/\/casadecampoliving.com\/es\/el-agua-fuente-de-vida-agua-el-eden\/\",\"name\":\"El agua, fuente de vida | Casa de Campo Living\",\"isPartOf\":{\"@id\":\"https:\/\/casadecampoliving.com\/es\/#website\"},\"primaryImageOfPage\":{\"@id\":\"https:\/\/casadecampoliving.com\/es\/el-agua-fuente-de-vida-agua-el-eden\/#primaryimage\"},\"image\":{\"@id\":\"https:\/\/casadecampoliving.com\/es\/el-agua-fuente-de-vida-agua-el-eden\/#primaryimage\"},\"thumbnailUrl\":\"https:\/\/i0.wp.com\/casadecampoliving.com\/wp-content\/uploads\/2022\/10\/adult-background-beach-296282.jpg?fit=1000%2C601&ssl=1\",\"datePublished\":\"2019-03-23T04:00:00+00:00\",\"dateModified\":\"2022-10-21T23:13:09+00:00\",\"description\":\"El agua es esencial para la vida. El 22 de marzo se conmemora el D\u00eda Mundial del Agua, las Naciones Unidas nos dice que \u201cLa humanidad necesita agua: Una\",\"breadcrumb\":{\"@id\":\"https:\/\/casadecampoliving.com\/es\/el-agua-fuente-de-vida-agua-el-eden\/#breadcrumb\"},\"inLanguage\":\"es\",\"potentialAction\":[{\"@type\":\"ReadAction\",\"target\":[\"https:\/\/casadecampoliving.com\/es\/el-agua-fuente-de-vida-agua-el-eden\/\"]}]},{\"@type\":\"ImageObject\",\"inLanguage\":\"es\",\"@id\":\"https:\/\/casadecampoliving.com\/es\/el-agua-fuente-de-vida-agua-el-eden\/#primaryimage\",\"url\":\"https:\/\/i0.wp.com\/casadecampoliving.com\/wp-content\/uploads\/2022\/10\/adult-background-beach-296282.jpg?fit=1000%2C601&ssl=1\",\"contentUrl\":\"https:\/\/i0.wp.com\/casadecampoliving.com\/wp-content\/uploads\/2022\/10\/adult-background-beach-296282.jpg?fit=1000%2C601&ssl=1\",\"width\":1000,\"height\":601},{\"@type\":\"BreadcrumbList\",\"@id\":\"https:\/\/casadecampoliving.com\/es\/el-agua-fuente-de-vida-agua-el-eden\/#breadcrumb\",\"itemListElement\":[{\"@type\":\"ListItem\",\"position\":1,\"name\":\"Home\",\"item\":\"https:\/\/casadecampoliving.com\/es\/\"},{\"@type\":\"ListItem\",\"position\":2,\"name\":\"El agua, fuente de vida\"}]},{\"@type\":\"WebSite\",\"@id\":\"https:\/\/casadecampoliving.com\/es\/#website\",\"url\":\"https:\/\/casadecampoliving.com\/es\/\",\"name\":\"Casa de Campo Living\",\"description\":\"Resort community news and resources.\",\"publisher\":{\"@id\":\"https:\/\/casadecampoliving.com\/es\/#organization\"},\"potentialAction\":[{\"@type\":\"SearchAction\",\"target\":{\"@type\":\"EntryPoint\",\"urlTemplate\":\"https:\/\/casadecampoliving.com\/es\/?s={search_term_string}\"},\"query-input\":{\"@type\":\"PropertyValueSpecification\",\"valueRequired\":true,\"valueName\":\"search_term_string\"}}],\"inLanguage\":\"es\"},{\"@type\":\"Organization\",\"@id\":\"https:\/\/casadecampoliving.com\/es\/#organization\",\"name\":\"Casa de Campo Living\",\"url\":\"https:\/\/casadecampoliving.com\/es\/\",\"logo\":{\"@type\":\"ImageObject\",\"inLanguage\":\"es\",\"@id\":\"https:\/\/casadecampoliving.com\/es\/#\/schema\/logo\/image\/\",\"url\":\"https:\/\/i0.wp.com\/casadecampoliving.com\/wp-content\/uploads\/2022\/07\/CDCLivingLogo_V1-white-sized.png?fit=800%2C214&ssl=1\",\"contentUrl\":\"https:\/\/i0.wp.com\/casadecampoliving.com\/wp-content\/uploads\/2022\/07\/CDCLivingLogo_V1-white-sized.png?fit=800%2C214&ssl=1\",\"width\":800,\"height\":214,\"caption\":\"Casa de Campo Living\"},\"image\":{\"@id\":\"https:\/\/casadecampoliving.com\/es\/#\/schema\/logo\/image\/\"},\"sameAs\":[\"https:\/\/www.facebook.com\/casadecampoliving\",\"https:\/\/x.com\/cdcliving\"]},{\"@type\":\"Person\",\"@id\":\"https:\/\/casadecampoliving.com\/es\/#\/schema\/person\/5d2171637a9d11e0e43ce6b8555f9422\",\"name\":\"Casa de Campo Living\",\"image\":{\"@type\":\"ImageObject\",\"inLanguage\":\"es\",\"@id\":\"https:\/\/secure.gravatar.com\/avatar\/d04101fa4a9fd431e939953b1500fdc7a73cd35029f86d98712fd8ccdaebaf9a?s=96&d=mm&r=g\",\"url\":\"https:\/\/secure.gravatar.com\/avatar\/d04101fa4a9fd431e939953b1500fdc7a73cd35029f86d98712fd8ccdaebaf9a?s=96&d=mm&r=g\",\"contentUrl\":\"https:\/\/secure.gravatar.com\/avatar\/d04101fa4a9fd431e939953b1500fdc7a73cd35029f86d98712fd8ccdaebaf9a?s=96&d=mm&r=g\",\"caption\":\"Casa de Campo Living\"},\"url\":\"https:\/\/casadecampoliving.com\/es\/author\/casa-de-campo-living\/\"}]}<\/script>\n<!-- \/ Yoast SEO plugin. -->","yoast_head_json":{"title":"El agua, fuente de vida | Casa de Campo Living","description":"El agua es esencial para la vida. El 22 de marzo se conmemora el D\u00eda Mundial del Agua, las Naciones Unidas nos dice que \u201cLa humanidad necesita agua: Una","robots":{"index":"index","follow":"follow","max-snippet":"max-snippet:-1","max-image-preview":"max-image-preview:large","max-video-preview":"max-video-preview:-1"},"canonical":"https:\/\/casadecampoliving.com\/es\/el-agua-fuente-de-vida-agua-el-eden\/","og_locale":"es_ES","og_type":"article","og_title":"El agua, fuente de vida | Casa de Campo Living","og_description":"El agua es esencial para la vida. El 22 de marzo se conmemora el D\u00eda Mundial del Agua, las Naciones Unidas nos dice que \u201cLa humanidad necesita agua: Una","og_url":"https:\/\/casadecampoliving.com\/es\/el-agua-fuente-de-vida-agua-el-eden\/","og_site_name":"Casa de Campo Living","article_publisher":"https:\/\/www.facebook.com\/casadecampoliving","article_published_time":"2019-03-23T04:00:00+00:00","article_modified_time":"2022-10-21T23:13:09+00:00","og_image":[{"width":1000,"height":601,"url":"https:\/\/i0.wp.com\/casadecampoliving.com\/wp-content\/uploads\/2022\/10\/adult-background-beach-296282.jpg?fit=1000%2C601&ssl=1","type":"image\/jpeg"}],"author":"Casa de Campo Living","twitter_card":"summary_large_image","twitter_creator":"@cdcliving","twitter_site":"@cdcliving","twitter_misc":{"Escrito por":"Casa de Campo Living","Tiempo de lectura":"2 minutos"},"schema":{"@context":"https:\/\/schema.org","@graph":[{"@type":"Article","@id":"https:\/\/casadecampoliving.com\/es\/el-agua-fuente-de-vida-agua-el-eden\/#article","isPartOf":{"@id":"https:\/\/casadecampoliving.com\/es\/el-agua-fuente-de-vida-agua-el-eden\/"},"author":{"name":"Casa de Campo Living","@id":"https:\/\/casadecampoliving.com\/es\/#\/schema\/person\/5d2171637a9d11e0e43ce6b8555f9422"},"headline":"El agua, fuente de vida","datePublished":"2019-03-23T04:00:00+00:00","dateModified":"2022-10-21T23:13:09+00:00","mainEntityOfPage":{"@id":"https:\/\/casadecampoliving.com\/es\/el-agua-fuente-de-vida-agua-el-eden\/"},"wordCount":395,"publisher":{"@id":"https:\/\/casadecampoliving.com\/es\/#organization"},"image":{"@id":"https:\/\/casadecampoliving.com\/es\/el-agua-fuente-de-vida-agua-el-eden\/#primaryimage"},"thumbnailUrl":"https:\/\/i0.wp.com\/casadecampoliving.com\/wp-content\/uploads\/2022\/10\/adult-background-beach-296282.jpg?fit=1000%2C601&ssl=1","keywords":["Agua","Featured-TopView @es"],"articleSection":["Destacados","Estilo de Vida","Naturaleza","Naturaleza y Fauna"],"inLanguage":"es"},{"@type":"WebPage","@id":"https:\/\/casadecampoliving.com\/es\/el-agua-fuente-de-vida-agua-el-eden\/","url":"https:\/\/casadecampoliving.com\/es\/el-agua-fuente-de-vida-agua-el-eden\/","name":"El agua, fuente de vida | Casa de Campo Living","isPartOf":{"@id":"https:\/\/casadecampoliving.com\/es\/#website"},"primaryImageOfPage":{"@id":"https:\/\/casadecampoliving.com\/es\/el-agua-fuente-de-vida-agua-el-eden\/#primaryimage"},"image":{"@id":"https:\/\/casadecampoliving.com\/es\/el-agua-fuente-de-vida-agua-el-eden\/#primaryimage"},"thumbnailUrl":"https:\/\/i0.wp.com\/casadecampoliving.com\/wp-content\/uploads\/2022\/10\/adult-background-beach-296282.jpg?fit=1000%2C601&ssl=1","datePublished":"2019-03-23T04:00:00+00:00","dateModified":"2022-10-21T23:13:09+00:00","description":"El agua es esencial para la vida. El 22 de marzo se conmemora el D\u00eda Mundial del Agua, las Naciones Unidas nos dice que \u201cLa humanidad necesita agua: Una","breadcrumb":{"@id":"https:\/\/casadecampoliving.com\/es\/el-agua-fuente-de-vida-agua-el-eden\/#breadcrumb"},"inLanguage":"es","potentialAction":[{"@type":"ReadAction","target":["https:\/\/casadecampoliving.com\/es\/el-agua-fuente-de-vida-agua-el-eden\/"]}]},{"@type":"ImageObject","inLanguage":"es","@id":"https:\/\/casadecampoliving.com\/es\/el-agua-fuente-de-vida-agua-el-eden\/#primaryimage","url":"https:\/\/i0.wp.com\/casadecampoliving.com\/wp-content\/uploads\/2022\/10\/adult-background-beach-296282.jpg?fit=1000%2C601&ssl=1","contentUrl":"https:\/\/i0.wp.com\/casadecampoliving.com\/wp-content\/uploads\/2022\/10\/adult-background-beach-296282.jpg?fit=1000%2C601&ssl=1","width":1000,"height":601},{"@type":"BreadcrumbList","@id":"https:\/\/casadecampoliving.com\/es\/el-agua-fuente-de-vida-agua-el-eden\/#breadcrumb","itemListElement":[{"@type":"ListItem","position":1,"name":"Home","item":"https:\/\/casadecampoliving.com\/es\/"},{"@type":"ListItem","position":2,"name":"El agua, fuente de vida"}]},{"@type":"WebSite","@id":"https:\/\/casadecampoliving.com\/es\/#website","url":"https:\/\/casadecampoliving.com\/es\/","name":"Casa de Campo Living","description":"Resort community news and resources.","publisher":{"@id":"https:\/\/casadecampoliving.com\/es\/#organization"},"potentialAction":[{"@type":"SearchAction","target":{"@type":"EntryPoint","urlTemplate":"https:\/\/casadecampoliving.com\/es\/?s={search_term_string}"},"query-input":{"@type":"PropertyValueSpecification","valueRequired":true,"valueName":"search_term_string"}}],"inLanguage":"es"},{"@type":"Organization","@id":"https:\/\/casadecampoliving.com\/es\/#organization","name":"Casa de Campo Living","url":"https:\/\/casadecampoliving.com\/es\/","logo":{"@type":"ImageObject","inLanguage":"es","@id":"https:\/\/casadecampoliving.com\/es\/#\/schema\/logo\/image\/","url":"https:\/\/i0.wp.com\/casadecampoliving.com\/wp-content\/uploads\/2022\/07\/CDCLivingLogo_V1-white-sized.png?fit=800%2C214&ssl=1","contentUrl":"https:\/\/i0.wp.com\/casadecampoliving.com\/wp-content\/uploads\/2022\/07\/CDCLivingLogo_V1-white-sized.png?fit=800%2C214&ssl=1","width":800,"height":214,"caption":"Casa de Campo Living"},"image":{"@id":"https:\/\/casadecampoliving.com\/es\/#\/schema\/logo\/image\/"},"sameAs":["https:\/\/www.facebook.com\/casadecampoliving","https:\/\/x.com\/cdcliving"]},{"@type":"Person","@id":"https:\/\/casadecampoliving.com\/es\/#\/schema\/person\/5d2171637a9d11e0e43ce6b8555f9422","name":"Casa de Campo Living","image":{"@type":"ImageObject","inLanguage":"es","@id":"https:\/\/secure.gravatar.com\/avatar\/d04101fa4a9fd431e939953b1500fdc7a73cd35029f86d98712fd8ccdaebaf9a?s=96&d=mm&r=g","url":"https:\/\/secure.gravatar.com\/avatar\/d04101fa4a9fd431e939953b1500fdc7a73cd35029f86d98712fd8ccdaebaf9a?s=96&d=mm&r=g","contentUrl":"https:\/\/secure.gravatar.com\/avatar\/d04101fa4a9fd431e939953b1500fdc7a73cd35029f86d98712fd8ccdaebaf9a?s=96&d=mm&r=g","caption":"Casa de Campo Living"},"url":"https:\/\/casadecampoliving.com\/es\/author\/casa-de-campo-living\/"}]}},"parsely":{"version":"1.1.0","canonical_url":"https:\/\/casadecampoliving.com\/es\/el-agua-fuente-de-vida-agua-el-eden\/","smart_links":{"inbound":0,"outbound":0},"traffic_boost_suggestions_count":0,"meta":{"@context":"https:\/\/schema.org","@type":"NewsArticle","headline":"El agua, fuente de vida","url":"http:\/\/casadecampoliving.com\/es\/el-agua-fuente-de-vida-agua-el-eden\/","mainEntityOfPage":{"@type":"WebPage","@id":"http:\/\/casadecampoliving.com\/es\/el-agua-fuente-de-vida-agua-el-eden\/"},"thumbnailUrl":"https:\/\/i0.wp.com\/casadecampoliving.com\/wp-content\/uploads\/2022\/10\/adult-background-beach-296282.jpg?resize=150%2C150&ssl=1","image":{"@type":"ImageObject","url":"https:\/\/i0.wp.com\/casadecampoliving.com\/wp-content\/uploads\/2022\/10\/adult-background-beach-296282.jpg?fit=1000%2C601&ssl=1"},"articleSection":"Destacados","author":[{"@type":"Person","name":"Casa de Campo Living"}],"creator":["Casa de Campo Living"],"publisher":{"@type":"Organization","name":"Casa de Campo Living","logo":"https:\/\/casadecampoliving.com\/wp-content\/uploads\/2022\/07\/CDCLivingLogo_V1-white-sized.png"},"keywords":["agua","featured-topview @es"],"dateCreated":"2019-03-23T04:00:00Z","datePublished":"2019-03-23T04:00:00Z","dateModified":"2022-10-21T23:13:09Z"},"rendered":"<script type=\"application\/ld+json\" class=\"wp-parsely-metadata\">{\"@context\":\"https:\\\/\\\/schema.org\",\"@type\":\"NewsArticle\",\"headline\":\"El agua, fuente de vida\",\"url\":\"http:\\\/\\\/casadecampoliving.com\\\/es\\\/el-agua-fuente-de-vida-agua-el-eden\\\/\",\"mainEntityOfPage\":{\"@type\":\"WebPage\",\"@id\":\"http:\\\/\\\/casadecampoliving.com\\\/es\\\/el-agua-fuente-de-vida-agua-el-eden\\\/\"},\"thumbnailUrl\":\"https:\\\/\\\/i0.wp.com\\\/casadecampoliving.com\\\/wp-content\\\/uploads\\\/2022\\\/10\\\/adult-background-beach-296282.jpg?resize=150%2C150&ssl=1\",\"image\":{\"@type\":\"ImageObject\",\"url\":\"https:\\\/\\\/i0.wp.com\\\/casadecampoliving.com\\\/wp-content\\\/uploads\\\/2022\\\/10\\\/adult-background-beach-296282.jpg?fit=1000%2C601&ssl=1\"},\"articleSection\":\"Destacados\",\"author\":[{\"@type\":\"Person\",\"name\":\"Casa de Campo Living\"}],\"creator\":[\"Casa de Campo Living\"],\"publisher\":{\"@type\":\"Organization\",\"name\":\"Casa de Campo Living\",\"logo\":\"https:\\\/\\\/casadecampoliving.com\\\/wp-content\\\/uploads\\\/2022\\\/07\\\/CDCLivingLogo_V1-white-sized.png\"},\"keywords\":[\"agua\",\"featured-topview @es\"],\"dateCreated\":\"2019-03-23T04:00:00Z\",\"datePublished\":\"2019-03-23T04:00:00Z\",\"dateModified\":\"2022-10-21T23:13:09Z\"}<\/script>","tracker_url":"https:\/\/cdn.parsely.com\/keys\/casadecampoliving.com\/p.js"},"jetpack_publicize_connections":[],"jetpack_featured_media_url":"https:\/\/i0.wp.com\/casadecampoliving.com\/wp-content\/uploads\/2022\/10\/adult-background-beach-296282.jpg?fit=1000%2C601&ssl=1","jetpack-related-posts":[{"id":352545,"url":"https:\/\/casadecampoliving.com\/es\/dia-mundial-del-agua-cada-gota-cuenta\/","url_meta":{"origin":353309,"position":0},"title":"D\u00eda Mundial del Agua: cada gota cuenta","author":"Gallagher Foxworthy","date":"22 Mar, 2018","format":false,"excerpt":"\u00a0El agua representa el 71 por ciento de nuestro mundo, pero de ese 71 por ciento, solo el 1 por ciento es potable y, lo que es m\u00e1s importante, accesible. La ONU design\u00f3 hoy, 22 de marzo, como el D\u00eda Mundial del Agua hace 25 a\u00f1os para crear conciencia y\u2026","rel":"","context":"En \u00abNaturaleza\u00bb","block_context":{"text":"Naturaleza","link":"https:\/\/casadecampoliving.com\/es\/category\/naturaleza\/"},"img":{"alt_text":"","src":"https:\/\/i0.wp.com\/casadecampoliving.com\/wp-content\/uploads\/2018\/03\/Screen-Shot-2018-03-22-at-5.46.46-PM.png?resize=350%2C200&ssl=1","width":350,"height":200,"srcset":"https:\/\/i0.wp.com\/casadecampoliving.com\/wp-content\/uploads\/2018\/03\/Screen-Shot-2018-03-22-at-5.46.46-PM.png?resize=350%2C200&ssl=1 1x, https:\/\/i0.wp.com\/casadecampoliving.com\/wp-content\/uploads\/2018\/03\/Screen-Shot-2018-03-22-at-5.46.46-PM.png?resize=525%2C300&ssl=1 1.5x, https:\/\/i0.wp.com\/casadecampoliving.com\/wp-content\/uploads\/2018\/03\/Screen-Shot-2018-03-22-at-5.46.46-PM.png?resize=700%2C400&ssl=1 2x"},"classes":[]},{"id":345093,"url":"https:\/\/casadecampoliving.com\/es\/5-maneras-de-combatir-el-calor\/","url_meta":{"origin":353309,"position":1},"title":"5 maneras de combatir el calor","author":"Daniela Medina","date":"25 Sep, 2014","format":false,"excerpt":"La temperatura est\u00e1 muy caliente all\u00e1 afuera, pero por suerte hay varias maneras de mantenerse frescos. Aqu\u00ed les comparto algunas soluciones f\u00e1ciles para combatir el calor sin tener que recurrir al agua embotellada o al helado. 1. Prepare agua de spa. Intente agregar unos trozos de su guarnici\u00f3n favorita al\u2026","rel":"","context":"En \u00abCasa de Campo Living @es\u00bb","block_context":{"text":"Casa de Campo Living @es","link":"https:\/\/casadecampoliving.com\/category\/casa-de-campo-living-es\/"},"img":{"alt_text":"watermelon","src":"https:\/\/i0.wp.com\/casadecampoliving.com\/wp-content\/uploads\/2022\/10\/watermelon1-1.jpg?fit=650%2C434&ssl=1&resize=350%2C200","width":350,"height":200,"srcset":"https:\/\/i0.wp.com\/casadecampoliving.com\/wp-content\/uploads\/2022\/10\/watermelon1-1.jpg?fit=650%2C434&ssl=1&resize=350%2C200 1x, https:\/\/i0.wp.com\/casadecampoliving.com\/wp-content\/uploads\/2022\/10\/watermelon1-1.jpg?fit=650%2C434&ssl=1&resize=525%2C300 1.5x"},"classes":[]},{"id":433460,"url":"https:\/\/casadecampoliving.com\/es\/no-se-pierdan-el-increible-tributo-a-frank-sinatra-para-celebrar-el-40-aniversario-del-anfiteatro-altos-de-chavon\/","url_meta":{"origin":353309,"position":2},"title":"No se pierdan el incre\u00edble tributo a Frank Sinatra para celebrar el 40 aniversario del\u00a0Anfiteatro Altos de Chav\u00f3n","author":"Casa de Campo Living","date":"20 Oct, 2022","format":false,"excerpt":"Siendo uno de los escenarios m\u00e1s emblem\u00e1ticos del pa\u00eds, Casa de Campo Resort\u00ae & Villas celebra las cuatro d\u00e9cadas de aniversario de Altos de Chav\u00f3n con un tributo al gran Frank Sinatra, protagonizado por artistas invitados y una big band tal cual la que acompa\u00f1\u00f3 al artista hace 40 a\u00f1os\u2026","rel":"","context":"En \u00abUncategorized @es\u00bb","block_context":{"text":"Uncategorized @es","link":"https:\/\/casadecampoliving.com\/es\/category\/uncategorized-es\/"},"img":{"alt_text":"","src":"https:\/\/i0.wp.com\/casadecampoliving.com\/wp-content\/uploads\/2022\/10\/Tributo-Frank-Sinatra-Foto-Principal-Amaury-Sanchez-Danilo-Ginebra-Andres-Pichardo-y-Jose-Gabriel-Perez-.jpg?fit=1200%2C873&ssl=1&resize=350%2C200","width":350,"height":200,"srcset":"https:\/\/i0.wp.com\/casadecampoliving.com\/wp-content\/uploads\/2022\/10\/Tributo-Frank-Sinatra-Foto-Principal-Amaury-Sanchez-Danilo-Ginebra-Andres-Pichardo-y-Jose-Gabriel-Perez-.jpg?fit=1200%2C873&ssl=1&resize=350%2C200 1x, https:\/\/i0.wp.com\/casadecampoliving.com\/wp-content\/uploads\/2022\/10\/Tributo-Frank-Sinatra-Foto-Principal-Amaury-Sanchez-Danilo-Ginebra-Andres-Pichardo-y-Jose-Gabriel-Perez-.jpg?fit=1200%2C873&ssl=1&resize=525%2C300 1.5x, https:\/\/i0.wp.com\/casadecampoliving.com\/wp-content\/uploads\/2022\/10\/Tributo-Frank-Sinatra-Foto-Principal-Amaury-Sanchez-Danilo-Ginebra-Andres-Pichardo-y-Jose-Gabriel-Perez-.jpg?fit=1200%2C873&ssl=1&resize=700%2C400 2x, https:\/\/i0.wp.com\/casadecampoliving.com\/wp-content\/uploads\/2022\/10\/Tributo-Frank-Sinatra-Foto-Principal-Amaury-Sanchez-Danilo-Ginebra-Andres-Pichardo-y-Jose-Gabriel-Perez-.jpg?fit=1200%2C873&ssl=1&resize=1050%2C600 3x"},"classes":[]},{"id":351898,"url":"https:\/\/casadecampoliving.com\/es\/water-movement-miriam-calzada\/","url_meta":{"origin":353309,"position":3},"title":"Un Movimiento de Agua con Miriam Calzada","author":"Heather Lincoln","date":"25 Ago, 2017","format":false,"excerpt":"Esta entrevista fue publicada previamente en nuestra\u00a0revista\u00a0hermana CasaLife. Inspirados\u00a0por la impresionante fotograf\u00eda de Miriam Calzada y su compromiso de compartir el cambiante paisaje ambiental de la Rep\u00fablica Dominicana con los ciudadanos cercanos y lejanos, nos detuvimos en su casa de Santo Domingo para ver mapas de las \u00e1reas que ella\u00a0misma\u2026","rel":"","context":"En \u00abArte y cultura\u00bb","block_context":{"text":"Arte y cultura","link":"https:\/\/casadecampoliving.com\/category\/arte-y-cultura\/"},"img":{"alt_text":"Interview with Miriam Calzada","src":"https:\/\/i0.wp.com\/casadecampoliving.com\/wp-content\/uploads\/2022\/10\/Miriam_Calzada_6-e1503596064573.jpg?fit=1000%2C600&ssl=1&resize=350%2C200","width":350,"height":200,"srcset":"https:\/\/i0.wp.com\/casadecampoliving.com\/wp-content\/uploads\/2022\/10\/Miriam_Calzada_6-e1503596064573.jpg?fit=1000%2C600&ssl=1&resize=350%2C200 1x, https:\/\/i0.wp.com\/casadecampoliving.com\/wp-content\/uploads\/2022\/10\/Miriam_Calzada_6-e1503596064573.jpg?fit=1000%2C600&ssl=1&resize=525%2C300 1.5x, https:\/\/i0.wp.com\/casadecampoliving.com\/wp-content\/uploads\/2022\/10\/Miriam_Calzada_6-e1503596064573.jpg?fit=1000%2C600&ssl=1&resize=700%2C400 2x"},"classes":[]},{"id":340374,"url":"https:\/\/casadecampoliving.com\/es\/agua-conectando-la-vida-exhibicion-de-ceramica-y-evento-benefico-con-disenos-de-emilio-robba-y-mayra-gonzalez\/","url_meta":{"origin":353309,"position":4},"title":"\u00abAgua Conectando la Vida\u00bb &#8211; exhibici\u00f3n de cer\u00e1mica y evento ben\u00e9fico con dise\u00f1os de Emilio Robba y Mayra Gonzalez","author":"lperdomo","date":"24 Dic, 2012","format":false,"excerpt":"El s\u00e1bado 5 de Enero del 2013, la galer\u00eda de arte de Altos de Chav\u00f3n estar\u00e1 celebrando la apertura de su nueva exhibici\u00f3n de arte \u201cAgua Conectando la Vida\u201d con dise\u00f1os de\u00a0Emilio Robba, Mayra Gonzalez y Lisa Ballentine. Los proyectos de \u201cAgua Conectando la Vida\u201d \u00a0est\u00e1n siendo tra\u00eddos a Casa\u2026","rel":"","context":"En \u00abAltos de Chavon @es\u00bb","block_context":{"text":"Altos de Chavon @es","link":"https:\/\/casadecampoliving.com\/category\/altos-de-chavon-es\/"},"img":{"alt_text":"agua pure","src":"https:\/\/i0.wp.com\/casadecampoliving.com\/wp-content\/uploads\/2022\/10\/agua_pure-1.jpg?fit=650%2C490&ssl=1&resize=350%2C200","width":350,"height":200,"srcset":"https:\/\/i0.wp.com\/casadecampoliving.com\/wp-content\/uploads\/2022\/10\/agua_pure-1.jpg?fit=650%2C490&ssl=1&resize=350%2C200 1x, https:\/\/i0.wp.com\/casadecampoliving.com\/wp-content\/uploads\/2022\/10\/agua_pure-1.jpg?fit=650%2C490&ssl=1&resize=525%2C300 1.5x"},"classes":[]},{"id":340118,"url":"https:\/\/casadecampoliving.com\/es\/el-proyecto-aguas-conectando-vidas-traen-agua-potable-a-habitantes-de-la-hispanola\/","url_meta":{"origin":353309,"position":5},"title":"El proyecto \u00abAguas Conectando Vidas\u00bb traen agua potable a habitantes de La Hispa\u00f1ola","author":"","date":"18 Nov, 2012","format":false,"excerpt":"FilterPure Inc., (llamado \u201cAquaPure\u201d, en esta localidad), es una organizaci\u00f3n sin fines de lucro que tiene la misi\u00f3n de ofrecer agua purificada a personas de muy escasos recursos que habitan en pa\u00edses en v\u00edas de desarrollo, y en la actualidad se encuentra trabajando con las comunidades en Hait\u00ed y la\u2026","rel":"","context":"En \u00abAltos de Chavon @es\u00bb","block_context":{"text":"Altos de Chavon @es","link":"https:\/\/casadecampoliving.com\/category\/altos-de-chavon-es\/"},"img":{"alt_text":"filter pure","src":"https:\/\/i0.wp.com\/casadecampoliving.com\/wp-content\/uploads\/2022\/10\/filter_pure-1.jpg?fit=650%2C488&ssl=1&resize=350%2C200","width":350,"height":200,"srcset":"https:\/\/i0.wp.com\/casadecampoliving.com\/wp-content\/uploads\/2022\/10\/filter_pure-1.jpg?fit=650%2C488&ssl=1&resize=350%2C200 1x, https:\/\/i0.wp.com\/casadecampoliving.com\/wp-content\/uploads\/2022\/10\/filter_pure-1.jpg?fit=650%2C488&ssl=1&resize=525%2C300 1.5x"},"classes":[]}],"jetpack_sharing_enabled":true,"_links":{"self":[{"href":"https:\/\/casadecampoliving.com\/es\/wp-json\/wp\/v2\/posts\/353309","targetHints":{"allow":["GET"]}}],"collection":[{"href":"https:\/\/casadecampoliving.com\/es\/wp-json\/wp\/v2\/posts"}],"about":[{"href":"https:\/\/casadecampoliving.com\/es\/wp-json\/wp\/v2\/types\/post"}],"author":[{"embeddable":true,"href":"https:\/\/casadecampoliving.com\/es\/wp-json\/wp\/v2\/users\/36791"}],"replies":[{"embeddable":true,"href":"https:\/\/casadecampoliving.com\/es\/wp-json\/wp\/v2\/comments?post=353309"}],"version-history":[{"count":1,"href":"https:\/\/casadecampoliving.com\/es\/wp-json\/wp\/v2\/posts\/353309\/revisions"}],"predecessor-version":[{"id":353310,"href":"https:\/\/casadecampoliving.com\/es\/wp-json\/wp\/v2\/posts\/353309\/revisions\/353310"}],"wp:featuredmedia":[{"embeddable":true,"href":"https:\/\/casadecampoliving.com\/es\/wp-json\/wp\/v2\/media\/299472"}],"wp:attachment":[{"href":"https:\/\/casadecampoliving.com\/es\/wp-json\/wp\/v2\/media?parent=353309"}],"wp:term":[{"taxonomy":"category","embeddable":true,"href":"https:\/\/casadecampoliving.com\/es\/wp-json\/wp\/v2\/categories?post=353309"},{"taxonomy":"post_tag","embeddable":true,"href":"https:\/\/casadecampoliving.com\/es\/wp-json\/wp\/v2\/tags?post=353309"},{"taxonomy":"newspack_spnsrs_tax","embeddable":true,"href":"https:\/\/casadecampoliving.com\/es\/wp-json\/wp\/v2\/newspack_spnsrs_tax?post=353309"}],"curies":[{"name":"wp","href":"https:\/\/api.w.org\/{rel}","templated":true}]}}