{"id":353285,"date":"2019-03-11T00:00:00","date_gmt":"2019-03-11T04:00:00","guid":{"rendered":"https:\/\/casadecampoliving.com\/fundacion-lirio-del-valle-te-invita-una-tarde-de-paella-sangria-y-flamenco-beneficio-de-los-ninos-de-villa-caoba\/"},"modified":"2022-10-21T19:11:00","modified_gmt":"2022-10-21T23:11:00","slug":"fundacion-lirio-del-valle-te-invita-una-tarde-de-paella-sangria-y-flamenco-beneficio-de-los-ninos-de-villa-caoba","status":"publish","type":"post","link":"https:\/\/casadecampoliving.com\/es\/fundacion-lirio-del-valle-te-invita-una-tarde-de-paella-sangria-y-flamenco-beneficio-de-los-ninos-de-villa-caoba\/","title":{"rendered":"Fundaci\u00f3n Lirio del Valle te invita a una tarde de paella, sangr\u00eda y flamenco a beneficio de los ni\u00f1os de Villa Caoba."},"content":{"rendered":"\n<p>La Fundaci\u00f3n Lirio del Valle le invita este viernes 15 de marzo a compartir una picadera, paella, sangr\u00eda espa\u00f1ola y una presentaci\u00f3n de flamenco en nombre de los ni\u00f1os de Villa Caoba. Esta iniciativa de recaudaci\u00f3n de fondos, auspiciada por Inge Demyttenaere, se llevar\u00e1 a cabo en la villa Tornojas #7 de 5 a 7 p.m. y contribuir\u00e1 a la educaci\u00f3n de m\u00e1s de 120 ni\u00f1os. Desde 2009, la organizaci\u00f3n sin fines de lucro, dirigida por Anna Maria Pl\u00e0 Pujal, miembro de la comunidad de Casa de Campo, ofrece educaci\u00f3n y alimentaci\u00f3n a ni\u00f1os de 3 a 13 a\u00f1os de edad que viven en La Romana.<\/p>\n\n\n\n<!--more-->\n\n\n<div class=\"wp-block-image wp-image-167806\">\n<figure class=\"aligncenter is-resized\"><img loading=\"lazy\" decoding=\"async\" src=\"https:\/\/i0.wp.com\/casadecampoliving.com\/wp-content\/uploads\/2022\/10\/0001-452.jpg?resize=1000%2C665&amp;ssl=1\" alt=\"\" class=\"wp-image-167806\" height=\"665\" width=\"1000\"\/><figcaption>Image from http:\/\/w<a href=\"http:\/\/www.villacaoba.com\/es\/index.htm\" target=\"_blank\" rel=\"noopener\">ww.villacaoba.com\/<\/a><\/figcaption><\/figure>\n<\/div>\n\n\n<p>Anna Maria, originaria de Barcelona, busc\u00f3 el apoyo de socios, voluntarios y patrocinadores en la Rep\u00fablica Dominicana y Espa\u00f1a (que incluye la asociaci\u00f3n de la Asociaci\u00f3n de Amics de Villa Caoba) para ofrecer actividades educativas y recreativas a los ni\u00f1os de Villa Caoba, una de las comunidades m\u00e1s pobres de La Romana. Una peque\u00f1a contribuci\u00f3n de RD $ 2,000 \u00f3 US $ 50 ayuda mucho a los esfuerzos de la fundaci\u00f3n, que incluyen:<\/p>\n\n\n\n<blockquote><h4>FUNDACI\u00d3N LIRIO DEL VALLE<\/h4><ul>\n<li>120 ni\u00f1os en los programas de Fundaci\u00f3n Lirio del Valle<\/li>\n<li>75 ni\u00f1os patrocinados (\u00a1Necesitamos m\u00e1s patrocindores!)<\/li>\n<li>Coordinaci\u00f3n de actividades, juegos, y alimento para los ni\u00f1os<\/li>\n<li>Ropa y almuerzos para las familias de los ni\u00f1os<\/li>\n<li>Educaci\u00f3n sobre la higiene personal<\/li>\n<li>Les ense\u00f1an a cantar, jugar y aprender a hacer frente a los desaf\u00edos<\/li>\n<li>Ense\u00f1ar valores morales y \u00e9ticos (como compartir, respeto hacia los dem\u00e1s y otras habilidades sociales)<\/li>\n<li>Citas frecuentes para desparasitar con m\u00e9dicos voluntarios de La Romana<\/li>\n<li>Talleres educativos para madres sobre valores e higiene<\/li>\n<li>Los voluntarios visitan cada s\u00e1bado y asisten con las comidas y actividades<\/li>\n<li>Coordinaci\u00f3n de voluntarios de Espa\u00f1a<\/li>\n<\/ul><\/blockquote>\n\n\n\n<p>Algunos de estos ni\u00f1os han sido patrocinados por donantes bondadosos, que pagan entre USD $ 29 y USD $ 43 al mes para proporcionar comidas, asistencia despu\u00e9s de la escuela y actividades recreativas, as\u00ed como utiles escolares, instrucci\u00f3n y uniforme, \u00a1pero a\u00fan necesitan m\u00e1s!&nbsp;<\/p>\n\n\n<div class=\"wp-block-image\">\n<figure class=\"aligncenter is-resized\"><img loading=\"lazy\" decoding=\"async\" src=\"https:\/\/i0.wp.com\/casadecampoliving.com\/wp-content\/uploads\/2022\/10\/IMG_8939-1.jpg?resize=1000%2C667&amp;ssl=1\" alt=\"\" class=\"wp-image-167802\" height=\"667\" width=\"1000\"\/><\/figure>\n<\/div>\n\n\n<p>Vamos a seguir apoyando esta fundaci\u00f3n y si usted no ha o\u00eddo hablar de ella, es una gran oportunidad para conocer a quienes est\u00e1n detr\u00e1s de ella y unirse a su misi\u00f3n. Si no puede asistir al evento pero desea contribuir, puede hacerlo verificando las diferente opciones de donaci\u00f3n&nbsp;<a href=\"http:\/\/www.villacaoba.com\/cast\/comayuda.htm\">aqu\u00ed<\/a>.&nbsp;<strong>La invitaci\u00f3n del viernes est\u00e1 abierta a todos y busca su ayuda para contribuir al bienestar de los ni\u00f1os de Villa Caoba.<\/strong><\/p>\n\n\n\n<blockquote class=\"wp-block-quote is-layout-flow wp-block-quote-is-layout-flow\"><p><strong>Paella Espa\u00f1ola y Sangria con sevillanas \/ flamenco<\/strong><\/p><p><strong>Cu\u00e1ndo:<\/strong> viernes 15 de marzo de 2019 de 5:00 p.m. a las 7:00 p.m.<\/p><p><strong>D\u00f3nde:<\/strong> Toronjas, 7 Casa de Campo.<\/p><p>RSVP 809-330-7644 Dolly Molinari<\/p><p>RSVP ext. 8015 Evangelia Uckert<\/p><p><strong>Contribuci\u00f3n:<\/strong> RD $ 2,500 o US $ 50.<\/p><\/blockquote>\n\n\n\n<blockquote><p><strong>Para saber m\u00e1s sobre la Fundaci\u00f3n Lirio del Valle o hacerse patrocinador:<\/strong><\/p><figure><img decoding=\"async\" loading=\"lazy\" class=\"alignright wp-image-118104 size-thumbnail\" src=\"https:\/\/i0.wp.com\/casadecampoliving.com\/wp-content\/uploads\/2022\/10\/Fundacio\u0301n-Lirio-del-Valle-4.png?resize=150%2C150&amp;ssl=1\" sizes=\"auto, (max-width: 150px) 100vw, 150px\" srcset=\"https:\/\/4536t5285udz1dgg85o8bdfj-wpengine.netdna-ssl.com\/wp-content\/uploads\/2016\/03\/Fundacio\u0301n-Lirio-del-Valle-150x150.png 150w, https:\/\/4536t5285udz1dgg85o8bdfj-wpengine.netdna-ssl.com\/wp-content\/uploads\/2016\/03\/Fundacio\u0301n-Lirio-del-Valle-80x80.png 80w, https:\/\/4536t5285udz1dgg85o8bdfj-wpengine.netdna-ssl.com\/wp-content\/uploads\/2016\/03\/Fundacio\u0301n-Lirio-del-Valle.png 300w\" alt=\"Fundacio\u0301n Lirio del Valle Logo\" width=\"150\" height=\"150\"><\/figure><p><strong>Contacto:<\/strong><\/p><p>Anna Maria Pl\u00e0 Pujal, Founder: (809) 742-7247<\/p><p>Dolly Esteban: (809) 330-7644<\/p><p>Evangelina Uckert: (809) 523-8015<\/p><p>Inge&nbsp;Demyttenaere: (809) 543-2001<\/p><p><strong>Email:<\/strong><a href=\"mailto:presidenta@villacaoba.com\" target=\"_blank\" rel=\"noopener\">presidenta@villacaoba.com<\/a><\/p><p><strong>Webpage:<\/strong><a href=\"http:\/\/www.villacaoba.com\/eng\/index.htm\" target=\"_blank\" rel=\"noopener\">www.villacaoba.com<\/a><\/p><p><strong>Facebook:&nbsp;<\/strong><a href=\"https:\/\/www.facebook.com\/Amics-de-VillaCaoba-Amigos-de-VillaCaoba-190276144325258\/\" target=\"_blank\" rel=\"noopener\">Amigos de villa Caoba<\/a><\/p><\/blockquote>\n\n\n\n<p><em>Im\u00e1genes del \u00faltimo encuentro en apoyo a los ni\u00f1os de Villa Caoba.<\/em><\/p>\n","protected":false},"excerpt":{"rendered":"<p>La Fundaci\u00f3n Lirio del Valle le invita este viernes 15 de marzo a compartir una picadera, paella, sangr\u00eda espa\u00f1ola y una presentaci\u00f3n de flamenco en nombre de los ni\u00f1os de Villa Caoba. Esta iniciativa de recaudaci\u00f3n de fondos, auspiciada por Inge Demyttenaere, se llevar\u00e1 a cabo en la villa Tornojas #7 de 5 a 7 [&hellip;]<\/p>\n","protected":false},"author":36791,"featured_media":298428,"comment_status":"closed","ping_status":"closed","sticky":false,"template":"","format":"standard","meta":{"newspack_ads_suppress_ads":false,"newspack_popups_has_disabled_popups":false,"newspack_sponsor_sponsorship_scope":"","newspack_sponsor_native_byline_display":"inherit","newspack_sponsor_native_category_display":"inherit","newspack_sponsor_underwriter_style":"inherit","newspack_sponsor_underwriter_placement":"inherit","_newspack_byline_active":false,"_newspack_byline":"","newspack_hide_updated_date":false,"newspack_show_updated_date":false,"newspack_content_restriction_is_exempt":false,"newspack_featured_image_position":"","newspack_post_subtitle":"","newspack_article_summary_title":"Overview:","newspack_article_summary":"","_jetpack_memberships_contains_paid_content":false,"footnotes":"","jetpack_publicize_message":"","jetpack_publicize_feature_enabled":true,"jetpack_social_post_already_shared":false,"jetpack_social_options":{"image_generator_settings":{"template":"highway","default_image_id":0,"font":"","enabled":false},"version":2},"_wpas_customize_per_network":false},"categories":[14631,2522,2514,14627,2521],"tags":[1033,1181,18932,8676,20569,11922],"newspack_spnsrs_tax":[],"class_list":["post-353285","post","type-post","status-publish","format-standard","has-post-thumbnail","hentry","category-estilo-de-vida","category-eventos-es","category-fundaciones-es","category-proximamente","category-republica-dominicana-2","tag-fundacion-lirio-del-valle","tag-inge-demyttenaere","tag-la-romana-es-4","tag-ninos","tag-toronjas-7","tag-villa-caoba","entry"],"yoast_head":"<!-- This site is optimized with the Yoast SEO plugin v27.5 - https:\/\/yoast.com\/product\/yoast-seo-wordpress\/ -->\n<title>Fundaci\u00f3n Lirio del Valle te invita a una tarde de paella, sangr\u00eda y flamenco a beneficio de los ni\u00f1os de Villa Caoba. | Casa de Campo Living<\/title>\n<meta name=\"description\" content=\"La Fundaci\u00f3n Lirio del Valle le invita este viernes 15 de marzo a compartir una picadera, paella, sangr\u00eda espa\u00f1ola y una presentaci\u00f3n de flamenco en\" \/>\n<meta name=\"robots\" content=\"index, follow, max-snippet:-1, max-image-preview:large, max-video-preview:-1\" \/>\n<link rel=\"canonical\" href=\"https:\/\/casadecampoliving.com\/es\/fundacion-lirio-del-valle-te-invita-una-tarde-de-paella-sangria-y-flamenco-beneficio-de-los-ninos-de-villa-caoba\/\" \/>\n<meta property=\"og:locale\" content=\"es_ES\" \/>\n<meta property=\"og:type\" content=\"article\" \/>\n<meta property=\"og:title\" content=\"Fundaci\u00f3n Lirio del Valle te invita a una tarde de paella, sangr\u00eda y flamenco a beneficio de los ni\u00f1os de Villa Caoba. | Casa de Campo Living\" \/>\n<meta property=\"og:description\" content=\"La Fundaci\u00f3n Lirio del Valle le invita este viernes 15 de marzo a compartir una picadera, paella, sangr\u00eda espa\u00f1ola y una presentaci\u00f3n de flamenco en\" \/>\n<meta property=\"og:url\" content=\"https:\/\/casadecampoliving.com\/es\/fundacion-lirio-del-valle-te-invita-una-tarde-de-paella-sangria-y-flamenco-beneficio-de-los-ninos-de-villa-caoba\/\" \/>\n<meta property=\"og:site_name\" content=\"Casa de Campo Living\" \/>\n<meta property=\"article:publisher\" content=\"https:\/\/www.facebook.com\/casadecampoliving\" \/>\n<meta property=\"article:published_time\" content=\"2019-03-11T04:00:00+00:00\" \/>\n<meta property=\"article:modified_time\" content=\"2022-10-21T23:11:00+00:00\" \/>\n<meta property=\"og:image\" content=\"https:\/\/i0.wp.com\/casadecampoliving.com\/wp-content\/uploads\/2022\/10\/IMG_8955-2.jpg?fit=1000%2C667&ssl=1\" \/>\n\t<meta property=\"og:image:width\" content=\"1000\" \/>\n\t<meta property=\"og:image:height\" content=\"667\" \/>\n\t<meta property=\"og:image:type\" content=\"image\/jpeg\" \/>\n<meta name=\"author\" content=\"Casa de Campo Living\" \/>\n<meta name=\"twitter:card\" content=\"summary_large_image\" \/>\n<meta name=\"twitter:creator\" content=\"@cdcliving\" \/>\n<meta name=\"twitter:site\" content=\"@cdcliving\" \/>\n<meta name=\"twitter:label1\" content=\"Escrito por\" \/>\n\t<meta name=\"twitter:data1\" content=\"Casa de Campo Living\" \/>\n\t<meta name=\"twitter:label2\" content=\"Tiempo de lectura\" \/>\n\t<meta name=\"twitter:data2\" content=\"3 minutos\" \/>\n<script type=\"application\/ld+json\" class=\"yoast-schema-graph\">{\"@context\":\"https:\\\/\\\/schema.org\",\"@graph\":[{\"@type\":\"Article\",\"@id\":\"https:\\\/\\\/casadecampoliving.com\\\/es\\\/fundacion-lirio-del-valle-te-invita-una-tarde-de-paella-sangria-y-flamenco-beneficio-de-los-ninos-de-villa-caoba\\\/#article\",\"isPartOf\":{\"@id\":\"https:\\\/\\\/casadecampoliving.com\\\/es\\\/fundacion-lirio-del-valle-te-invita-una-tarde-de-paella-sangria-y-flamenco-beneficio-de-los-ninos-de-villa-caoba\\\/\"},\"author\":{\"name\":\"Casa de Campo Living\",\"@id\":\"https:\\\/\\\/casadecampoliving.com\\\/es\\\/#\\\/schema\\\/person\\\/5d2171637a9d11e0e43ce6b8555f9422\"},\"headline\":\"Fundaci\u00f3n Lirio del Valle te invita a una tarde de paella, sangr\u00eda y flamenco a beneficio de los ni\u00f1os de Villa Caoba.\",\"datePublished\":\"2019-03-11T04:00:00+00:00\",\"dateModified\":\"2022-10-21T23:11:00+00:00\",\"mainEntityOfPage\":{\"@id\":\"https:\\\/\\\/casadecampoliving.com\\\/es\\\/fundacion-lirio-del-valle-te-invita-una-tarde-de-paella-sangria-y-flamenco-beneficio-de-los-ninos-de-villa-caoba\\\/\"},\"wordCount\":570,\"publisher\":{\"@id\":\"https:\\\/\\\/casadecampoliving.com\\\/es\\\/#organization\"},\"image\":{\"@id\":\"https:\\\/\\\/casadecampoliving.com\\\/es\\\/fundacion-lirio-del-valle-te-invita-una-tarde-de-paella-sangria-y-flamenco-beneficio-de-los-ninos-de-villa-caoba\\\/#primaryimage\"},\"thumbnailUrl\":\"https:\\\/\\\/i0.wp.com\\\/casadecampoliving.com\\\/wp-content\\\/uploads\\\/2022\\\/10\\\/IMG_8955-2.jpg?fit=1000%2C667&ssl=1\",\"keywords\":[\"Fundacion Lirio del valle\",\"Inge Demyttenaere\",\"La Romana\",\"ni\u00f1os\",\"Toronjas #7\",\"Villa Caoba\"],\"articleSection\":[\"Estilo de Vida\",\"Eventos\",\"Fundaciones\",\"Proximamente\",\"Rep\u00fablica Dominicana @es\"],\"inLanguage\":\"es\"},{\"@type\":\"WebPage\",\"@id\":\"https:\\\/\\\/casadecampoliving.com\\\/es\\\/fundacion-lirio-del-valle-te-invita-una-tarde-de-paella-sangria-y-flamenco-beneficio-de-los-ninos-de-villa-caoba\\\/\",\"url\":\"https:\\\/\\\/casadecampoliving.com\\\/es\\\/fundacion-lirio-del-valle-te-invita-una-tarde-de-paella-sangria-y-flamenco-beneficio-de-los-ninos-de-villa-caoba\\\/\",\"name\":\"Fundaci\u00f3n Lirio del Valle te invita a una tarde de paella, sangr\u00eda y flamenco a beneficio de los ni\u00f1os de Villa Caoba. | Casa de Campo Living\",\"isPartOf\":{\"@id\":\"https:\\\/\\\/casadecampoliving.com\\\/es\\\/#website\"},\"primaryImageOfPage\":{\"@id\":\"https:\\\/\\\/casadecampoliving.com\\\/es\\\/fundacion-lirio-del-valle-te-invita-una-tarde-de-paella-sangria-y-flamenco-beneficio-de-los-ninos-de-villa-caoba\\\/#primaryimage\"},\"image\":{\"@id\":\"https:\\\/\\\/casadecampoliving.com\\\/es\\\/fundacion-lirio-del-valle-te-invita-una-tarde-de-paella-sangria-y-flamenco-beneficio-de-los-ninos-de-villa-caoba\\\/#primaryimage\"},\"thumbnailUrl\":\"https:\\\/\\\/i0.wp.com\\\/casadecampoliving.com\\\/wp-content\\\/uploads\\\/2022\\\/10\\\/IMG_8955-2.jpg?fit=1000%2C667&ssl=1\",\"datePublished\":\"2019-03-11T04:00:00+00:00\",\"dateModified\":\"2022-10-21T23:11:00+00:00\",\"description\":\"La Fundaci\u00f3n Lirio del Valle le invita este viernes 15 de marzo a compartir una picadera, paella, sangr\u00eda espa\u00f1ola y una presentaci\u00f3n de flamenco en\",\"breadcrumb\":{\"@id\":\"https:\\\/\\\/casadecampoliving.com\\\/es\\\/fundacion-lirio-del-valle-te-invita-una-tarde-de-paella-sangria-y-flamenco-beneficio-de-los-ninos-de-villa-caoba\\\/#breadcrumb\"},\"inLanguage\":\"es\",\"potentialAction\":[{\"@type\":\"ReadAction\",\"target\":[\"https:\\\/\\\/casadecampoliving.com\\\/es\\\/fundacion-lirio-del-valle-te-invita-una-tarde-de-paella-sangria-y-flamenco-beneficio-de-los-ninos-de-villa-caoba\\\/\"]}]},{\"@type\":\"ImageObject\",\"inLanguage\":\"es\",\"@id\":\"https:\\\/\\\/casadecampoliving.com\\\/es\\\/fundacion-lirio-del-valle-te-invita-una-tarde-de-paella-sangria-y-flamenco-beneficio-de-los-ninos-de-villa-caoba\\\/#primaryimage\",\"url\":\"https:\\\/\\\/i0.wp.com\\\/casadecampoliving.com\\\/wp-content\\\/uploads\\\/2022\\\/10\\\/IMG_8955-2.jpg?fit=1000%2C667&ssl=1\",\"contentUrl\":\"https:\\\/\\\/i0.wp.com\\\/casadecampoliving.com\\\/wp-content\\\/uploads\\\/2022\\\/10\\\/IMG_8955-2.jpg?fit=1000%2C667&ssl=1\",\"width\":1000,\"height\":667},{\"@type\":\"BreadcrumbList\",\"@id\":\"https:\\\/\\\/casadecampoliving.com\\\/es\\\/fundacion-lirio-del-valle-te-invita-una-tarde-de-paella-sangria-y-flamenco-beneficio-de-los-ninos-de-villa-caoba\\\/#breadcrumb\",\"itemListElement\":[{\"@type\":\"ListItem\",\"position\":1,\"name\":\"Home\",\"item\":\"https:\\\/\\\/casadecampoliving.com\\\/es\\\/\"},{\"@type\":\"ListItem\",\"position\":2,\"name\":\"Fundaci\u00f3n Lirio del Valle te invita a una tarde de paella, sangr\u00eda y flamenco a beneficio de los ni\u00f1os de Villa Caoba.\"}]},{\"@type\":\"WebSite\",\"@id\":\"https:\\\/\\\/casadecampoliving.com\\\/es\\\/#website\",\"url\":\"https:\\\/\\\/casadecampoliving.com\\\/es\\\/\",\"name\":\"Casa de Campo Living\",\"description\":\"Resort community news and resources.\",\"publisher\":{\"@id\":\"https:\\\/\\\/casadecampoliving.com\\\/es\\\/#organization\"},\"potentialAction\":[{\"@type\":\"SearchAction\",\"target\":{\"@type\":\"EntryPoint\",\"urlTemplate\":\"https:\\\/\\\/casadecampoliving.com\\\/es\\\/?s={search_term_string}\"},\"query-input\":{\"@type\":\"PropertyValueSpecification\",\"valueRequired\":true,\"valueName\":\"search_term_string\"}}],\"inLanguage\":\"es\"},{\"@type\":\"Organization\",\"@id\":\"https:\\\/\\\/casadecampoliving.com\\\/es\\\/#organization\",\"name\":\"Casa de Campo Living\",\"url\":\"https:\\\/\\\/casadecampoliving.com\\\/es\\\/\",\"logo\":{\"@type\":\"ImageObject\",\"inLanguage\":\"es\",\"@id\":\"https:\\\/\\\/casadecampoliving.com\\\/es\\\/#\\\/schema\\\/logo\\\/image\\\/\",\"url\":\"https:\\\/\\\/i0.wp.com\\\/casadecampoliving.com\\\/wp-content\\\/uploads\\\/2022\\\/07\\\/CDCLivingLogo_V1-white-sized.png?fit=800%2C214&ssl=1\",\"contentUrl\":\"https:\\\/\\\/i0.wp.com\\\/casadecampoliving.com\\\/wp-content\\\/uploads\\\/2022\\\/07\\\/CDCLivingLogo_V1-white-sized.png?fit=800%2C214&ssl=1\",\"width\":800,\"height\":214,\"caption\":\"Casa de Campo Living\"},\"image\":{\"@id\":\"https:\\\/\\\/casadecampoliving.com\\\/es\\\/#\\\/schema\\\/logo\\\/image\\\/\"},\"sameAs\":[\"https:\\\/\\\/www.facebook.com\\\/casadecampoliving\",\"https:\\\/\\\/x.com\\\/cdcliving\"]},{\"@type\":\"Person\",\"@id\":\"https:\\\/\\\/casadecampoliving.com\\\/es\\\/#\\\/schema\\\/person\\\/5d2171637a9d11e0e43ce6b8555f9422\",\"name\":\"Casa de Campo Living\",\"image\":{\"@type\":\"ImageObject\",\"inLanguage\":\"es\",\"@id\":\"https:\\\/\\\/secure.gravatar.com\\\/avatar\\\/d04101fa4a9fd431e939953b1500fdc7a73cd35029f86d98712fd8ccdaebaf9a?s=96&d=mm&r=g\",\"url\":\"https:\\\/\\\/secure.gravatar.com\\\/avatar\\\/d04101fa4a9fd431e939953b1500fdc7a73cd35029f86d98712fd8ccdaebaf9a?s=96&d=mm&r=g\",\"contentUrl\":\"https:\\\/\\\/secure.gravatar.com\\\/avatar\\\/d04101fa4a9fd431e939953b1500fdc7a73cd35029f86d98712fd8ccdaebaf9a?s=96&d=mm&r=g\",\"caption\":\"Casa de Campo Living\"},\"url\":\"https:\\\/\\\/casadecampoliving.com\\\/es\\\/author\\\/casa-de-campo-living\\\/\"}]}<\/script>\n<!-- \/ Yoast SEO plugin. -->","yoast_head_json":{"title":"Fundaci\u00f3n Lirio del Valle te invita a una tarde de paella, sangr\u00eda y flamenco a beneficio de los ni\u00f1os de Villa Caoba. | Casa de Campo Living","description":"La Fundaci\u00f3n Lirio del Valle le invita este viernes 15 de marzo a compartir una picadera, paella, sangr\u00eda espa\u00f1ola y una presentaci\u00f3n de flamenco en","robots":{"index":"index","follow":"follow","max-snippet":"max-snippet:-1","max-image-preview":"max-image-preview:large","max-video-preview":"max-video-preview:-1"},"canonical":"https:\/\/casadecampoliving.com\/es\/fundacion-lirio-del-valle-te-invita-una-tarde-de-paella-sangria-y-flamenco-beneficio-de-los-ninos-de-villa-caoba\/","og_locale":"es_ES","og_type":"article","og_title":"Fundaci\u00f3n Lirio del Valle te invita a una tarde de paella, sangr\u00eda y flamenco a beneficio de los ni\u00f1os de Villa Caoba. | Casa de Campo Living","og_description":"La Fundaci\u00f3n Lirio del Valle le invita este viernes 15 de marzo a compartir una picadera, paella, sangr\u00eda espa\u00f1ola y una presentaci\u00f3n de flamenco en","og_url":"https:\/\/casadecampoliving.com\/es\/fundacion-lirio-del-valle-te-invita-una-tarde-de-paella-sangria-y-flamenco-beneficio-de-los-ninos-de-villa-caoba\/","og_site_name":"Casa de Campo Living","article_publisher":"https:\/\/www.facebook.com\/casadecampoliving","article_published_time":"2019-03-11T04:00:00+00:00","article_modified_time":"2022-10-21T23:11:00+00:00","og_image":[{"width":1000,"height":667,"url":"https:\/\/i0.wp.com\/casadecampoliving.com\/wp-content\/uploads\/2022\/10\/IMG_8955-2.jpg?fit=1000%2C667&ssl=1","type":"image\/jpeg"}],"author":"Casa de Campo Living","twitter_card":"summary_large_image","twitter_creator":"@cdcliving","twitter_site":"@cdcliving","twitter_misc":{"Escrito por":"Casa de Campo Living","Tiempo de lectura":"3 minutos"},"schema":{"@context":"https:\/\/schema.org","@graph":[{"@type":"Article","@id":"https:\/\/casadecampoliving.com\/es\/fundacion-lirio-del-valle-te-invita-una-tarde-de-paella-sangria-y-flamenco-beneficio-de-los-ninos-de-villa-caoba\/#article","isPartOf":{"@id":"https:\/\/casadecampoliving.com\/es\/fundacion-lirio-del-valle-te-invita-una-tarde-de-paella-sangria-y-flamenco-beneficio-de-los-ninos-de-villa-caoba\/"},"author":{"name":"Casa de Campo Living","@id":"https:\/\/casadecampoliving.com\/es\/#\/schema\/person\/5d2171637a9d11e0e43ce6b8555f9422"},"headline":"Fundaci\u00f3n Lirio del Valle te invita a una tarde de paella, sangr\u00eda y flamenco a beneficio de los ni\u00f1os de Villa Caoba.","datePublished":"2019-03-11T04:00:00+00:00","dateModified":"2022-10-21T23:11:00+00:00","mainEntityOfPage":{"@id":"https:\/\/casadecampoliving.com\/es\/fundacion-lirio-del-valle-te-invita-una-tarde-de-paella-sangria-y-flamenco-beneficio-de-los-ninos-de-villa-caoba\/"},"wordCount":570,"publisher":{"@id":"https:\/\/casadecampoliving.com\/es\/#organization"},"image":{"@id":"https:\/\/casadecampoliving.com\/es\/fundacion-lirio-del-valle-te-invita-una-tarde-de-paella-sangria-y-flamenco-beneficio-de-los-ninos-de-villa-caoba\/#primaryimage"},"thumbnailUrl":"https:\/\/i0.wp.com\/casadecampoliving.com\/wp-content\/uploads\/2022\/10\/IMG_8955-2.jpg?fit=1000%2C667&ssl=1","keywords":["Fundacion Lirio del valle","Inge Demyttenaere","La Romana","ni\u00f1os","Toronjas #7","Villa Caoba"],"articleSection":["Estilo de Vida","Eventos","Fundaciones","Proximamente","Rep\u00fablica Dominicana @es"],"inLanguage":"es"},{"@type":"WebPage","@id":"https:\/\/casadecampoliving.com\/es\/fundacion-lirio-del-valle-te-invita-una-tarde-de-paella-sangria-y-flamenco-beneficio-de-los-ninos-de-villa-caoba\/","url":"https:\/\/casadecampoliving.com\/es\/fundacion-lirio-del-valle-te-invita-una-tarde-de-paella-sangria-y-flamenco-beneficio-de-los-ninos-de-villa-caoba\/","name":"Fundaci\u00f3n Lirio del Valle te invita a una tarde de paella, sangr\u00eda y flamenco a beneficio de los ni\u00f1os de Villa Caoba. | Casa de Campo Living","isPartOf":{"@id":"https:\/\/casadecampoliving.com\/es\/#website"},"primaryImageOfPage":{"@id":"https:\/\/casadecampoliving.com\/es\/fundacion-lirio-del-valle-te-invita-una-tarde-de-paella-sangria-y-flamenco-beneficio-de-los-ninos-de-villa-caoba\/#primaryimage"},"image":{"@id":"https:\/\/casadecampoliving.com\/es\/fundacion-lirio-del-valle-te-invita-una-tarde-de-paella-sangria-y-flamenco-beneficio-de-los-ninos-de-villa-caoba\/#primaryimage"},"thumbnailUrl":"https:\/\/i0.wp.com\/casadecampoliving.com\/wp-content\/uploads\/2022\/10\/IMG_8955-2.jpg?fit=1000%2C667&ssl=1","datePublished":"2019-03-11T04:00:00+00:00","dateModified":"2022-10-21T23:11:00+00:00","description":"La Fundaci\u00f3n Lirio del Valle le invita este viernes 15 de marzo a compartir una picadera, paella, sangr\u00eda espa\u00f1ola y una presentaci\u00f3n de flamenco en","breadcrumb":{"@id":"https:\/\/casadecampoliving.com\/es\/fundacion-lirio-del-valle-te-invita-una-tarde-de-paella-sangria-y-flamenco-beneficio-de-los-ninos-de-villa-caoba\/#breadcrumb"},"inLanguage":"es","potentialAction":[{"@type":"ReadAction","target":["https:\/\/casadecampoliving.com\/es\/fundacion-lirio-del-valle-te-invita-una-tarde-de-paella-sangria-y-flamenco-beneficio-de-los-ninos-de-villa-caoba\/"]}]},{"@type":"ImageObject","inLanguage":"es","@id":"https:\/\/casadecampoliving.com\/es\/fundacion-lirio-del-valle-te-invita-una-tarde-de-paella-sangria-y-flamenco-beneficio-de-los-ninos-de-villa-caoba\/#primaryimage","url":"https:\/\/i0.wp.com\/casadecampoliving.com\/wp-content\/uploads\/2022\/10\/IMG_8955-2.jpg?fit=1000%2C667&ssl=1","contentUrl":"https:\/\/i0.wp.com\/casadecampoliving.com\/wp-content\/uploads\/2022\/10\/IMG_8955-2.jpg?fit=1000%2C667&ssl=1","width":1000,"height":667},{"@type":"BreadcrumbList","@id":"https:\/\/casadecampoliving.com\/es\/fundacion-lirio-del-valle-te-invita-una-tarde-de-paella-sangria-y-flamenco-beneficio-de-los-ninos-de-villa-caoba\/#breadcrumb","itemListElement":[{"@type":"ListItem","position":1,"name":"Home","item":"https:\/\/casadecampoliving.com\/es\/"},{"@type":"ListItem","position":2,"name":"Fundaci\u00f3n Lirio del Valle te invita a una tarde de paella, sangr\u00eda y flamenco a beneficio de los ni\u00f1os de Villa Caoba."}]},{"@type":"WebSite","@id":"https:\/\/casadecampoliving.com\/es\/#website","url":"https:\/\/casadecampoliving.com\/es\/","name":"Casa de Campo Living","description":"Resort community news and resources.","publisher":{"@id":"https:\/\/casadecampoliving.com\/es\/#organization"},"potentialAction":[{"@type":"SearchAction","target":{"@type":"EntryPoint","urlTemplate":"https:\/\/casadecampoliving.com\/es\/?s={search_term_string}"},"query-input":{"@type":"PropertyValueSpecification","valueRequired":true,"valueName":"search_term_string"}}],"inLanguage":"es"},{"@type":"Organization","@id":"https:\/\/casadecampoliving.com\/es\/#organization","name":"Casa de Campo Living","url":"https:\/\/casadecampoliving.com\/es\/","logo":{"@type":"ImageObject","inLanguage":"es","@id":"https:\/\/casadecampoliving.com\/es\/#\/schema\/logo\/image\/","url":"https:\/\/i0.wp.com\/casadecampoliving.com\/wp-content\/uploads\/2022\/07\/CDCLivingLogo_V1-white-sized.png?fit=800%2C214&ssl=1","contentUrl":"https:\/\/i0.wp.com\/casadecampoliving.com\/wp-content\/uploads\/2022\/07\/CDCLivingLogo_V1-white-sized.png?fit=800%2C214&ssl=1","width":800,"height":214,"caption":"Casa de Campo Living"},"image":{"@id":"https:\/\/casadecampoliving.com\/es\/#\/schema\/logo\/image\/"},"sameAs":["https:\/\/www.facebook.com\/casadecampoliving","https:\/\/x.com\/cdcliving"]},{"@type":"Person","@id":"https:\/\/casadecampoliving.com\/es\/#\/schema\/person\/5d2171637a9d11e0e43ce6b8555f9422","name":"Casa de Campo Living","image":{"@type":"ImageObject","inLanguage":"es","@id":"https:\/\/secure.gravatar.com\/avatar\/d04101fa4a9fd431e939953b1500fdc7a73cd35029f86d98712fd8ccdaebaf9a?s=96&d=mm&r=g","url":"https:\/\/secure.gravatar.com\/avatar\/d04101fa4a9fd431e939953b1500fdc7a73cd35029f86d98712fd8ccdaebaf9a?s=96&d=mm&r=g","contentUrl":"https:\/\/secure.gravatar.com\/avatar\/d04101fa4a9fd431e939953b1500fdc7a73cd35029f86d98712fd8ccdaebaf9a?s=96&d=mm&r=g","caption":"Casa de Campo Living"},"url":"https:\/\/casadecampoliving.com\/es\/author\/casa-de-campo-living\/"}]}},"parsely":{"version":"1.1.0","canonical_url":"https:\/\/casadecampoliving.com\/es\/fundacion-lirio-del-valle-te-invita-una-tarde-de-paella-sangria-y-flamenco-beneficio-de-los-ninos-de-villa-caoba\/","smart_links":{"inbound":0,"outbound":0},"traffic_boost_suggestions_count":0,"meta":{"@context":"https:\/\/schema.org","@type":"NewsArticle","headline":"Fundaci\u00f3n Lirio del Valle te invita a una tarde de paella, sangr\u00eda y flamenco a beneficio de los ni\u00f1os de Villa Caoba.","url":"http:\/\/casadecampoliving.com\/es\/fundacion-lirio-del-valle-te-invita-una-tarde-de-paella-sangria-y-flamenco-beneficio-de-los-ninos-de-villa-caoba\/","mainEntityOfPage":{"@type":"WebPage","@id":"http:\/\/casadecampoliving.com\/es\/fundacion-lirio-del-valle-te-invita-una-tarde-de-paella-sangria-y-flamenco-beneficio-de-los-ninos-de-villa-caoba\/"},"thumbnailUrl":"https:\/\/i0.wp.com\/casadecampoliving.com\/wp-content\/uploads\/2022\/10\/IMG_8955-2.jpg?resize=150%2C150&ssl=1","image":{"@type":"ImageObject","url":"https:\/\/i0.wp.com\/casadecampoliving.com\/wp-content\/uploads\/2022\/10\/IMG_8955-2.jpg?fit=1000%2C667&ssl=1"},"articleSection":"Estilo de Vida","author":[{"@type":"Person","name":"Casa de Campo Living"}],"creator":["Casa de Campo Living"],"publisher":{"@type":"Organization","name":"Casa de Campo Living","logo":"https:\/\/casadecampoliving.com\/wp-content\/uploads\/2022\/07\/CDCLivingLogo_V1-white-sized.png"},"keywords":["fundacion lirio del valle","inge demyttenaere","la romana","ni\u00f1os","toronjas #7","villa caoba"],"dateCreated":"2019-03-11T04:00:00Z","datePublished":"2019-03-11T04:00:00Z","dateModified":"2022-10-21T23:11:00Z"},"rendered":"<script type=\"application\/ld+json\" class=\"wp-parsely-metadata\">{\"@context\":\"https:\\\/\\\/schema.org\",\"@type\":\"NewsArticle\",\"headline\":\"Fundaci\\u00f3n Lirio del Valle te invita a una tarde de paella, sangr\\u00eda y flamenco a beneficio de los ni\\u00f1os de Villa Caoba.\",\"url\":\"http:\\\/\\\/casadecampoliving.com\\\/es\\\/fundacion-lirio-del-valle-te-invita-una-tarde-de-paella-sangria-y-flamenco-beneficio-de-los-ninos-de-villa-caoba\\\/\",\"mainEntityOfPage\":{\"@type\":\"WebPage\",\"@id\":\"http:\\\/\\\/casadecampoliving.com\\\/es\\\/fundacion-lirio-del-valle-te-invita-una-tarde-de-paella-sangria-y-flamenco-beneficio-de-los-ninos-de-villa-caoba\\\/\"},\"thumbnailUrl\":\"https:\\\/\\\/i0.wp.com\\\/casadecampoliving.com\\\/wp-content\\\/uploads\\\/2022\\\/10\\\/IMG_8955-2.jpg?resize=150%2C150&ssl=1\",\"image\":{\"@type\":\"ImageObject\",\"url\":\"https:\\\/\\\/i0.wp.com\\\/casadecampoliving.com\\\/wp-content\\\/uploads\\\/2022\\\/10\\\/IMG_8955-2.jpg?fit=1000%2C667&ssl=1\"},\"articleSection\":\"Estilo de Vida\",\"author\":[{\"@type\":\"Person\",\"name\":\"Casa de Campo Living\"}],\"creator\":[\"Casa de Campo Living\"],\"publisher\":{\"@type\":\"Organization\",\"name\":\"Casa de Campo Living\",\"logo\":\"https:\\\/\\\/casadecampoliving.com\\\/wp-content\\\/uploads\\\/2022\\\/07\\\/CDCLivingLogo_V1-white-sized.png\"},\"keywords\":[\"fundacion lirio del valle\",\"inge demyttenaere\",\"la romana\",\"ni\\u00f1os\",\"toronjas #7\",\"villa caoba\"],\"dateCreated\":\"2019-03-11T04:00:00Z\",\"datePublished\":\"2019-03-11T04:00:00Z\",\"dateModified\":\"2022-10-21T23:11:00Z\"}<\/script>","tracker_url":"https:\/\/cdn.parsely.com\/keys\/casadecampoliving.com\/p.js"},"jetpack_publicize_connections":[],"jetpack_featured_media_url":"https:\/\/i0.wp.com\/casadecampoliving.com\/wp-content\/uploads\/2022\/10\/IMG_8955-2.jpg?fit=1000%2C667&ssl=1","jetpack-related-posts":[{"id":351272,"url":"https:\/\/casadecampoliving.com\/es\/unete-fundacion-lirio-del-valle-y-inge-demyttenaere-este-viernes-para-apoyar-los-ninos-de-villa-caoba\/","url_meta":{"origin":353285,"position":0},"title":"\u00danete a Fundaci\u00f3n Lirio del Valle y Inge Demyttenaere este viernes para apoyar a los ni\u00f1os de Villa Caoba","author":"Heather Lincoln","date":"20 Mar, 2017","format":false,"excerpt":"La Fundaci\u00f3n Lirio del Valle le invita este viernes 24 de marzo a compartir una picadera, paella y sangr\u00eda espa\u00f1ola en nombre de los ni\u00f1os de Villa Caoba. Esta iniciativa de recaudaci\u00f3n de fondos, auspiciada por Inge Demyttenaere, se llevar\u00e1 a cabo en la villa Tornojas #7 de 5 a\u2026","rel":"","context":"En \u00abEstilo de Vida\u00bb","block_context":{"text":"Estilo de Vida","link":"https:\/\/casadecampoliving.com\/es\/category\/estilo-de-vida\/"},"img":{"alt_text":"Fundaci\u00f3n Lirio del Valle","src":"https:\/\/i0.wp.com\/casadecampoliving.com\/wp-content\/uploads\/2022\/10\/Fundacion_Lirio_del_Valle04-e1490034887139.jpg?fit=1000%2C600&ssl=1&resize=350%2C200","width":350,"height":200,"srcset":"https:\/\/i0.wp.com\/casadecampoliving.com\/wp-content\/uploads\/2022\/10\/Fundacion_Lirio_del_Valle04-e1490034887139.jpg?fit=1000%2C600&ssl=1&resize=350%2C200 1x, https:\/\/i0.wp.com\/casadecampoliving.com\/wp-content\/uploads\/2022\/10\/Fundacion_Lirio_del_Valle04-e1490034887139.jpg?fit=1000%2C600&ssl=1&resize=525%2C300 1.5x, https:\/\/i0.wp.com\/casadecampoliving.com\/wp-content\/uploads\/2022\/10\/Fundacion_Lirio_del_Valle04-e1490034887139.jpg?fit=1000%2C600&ssl=1&resize=700%2C400 2x"},"classes":[]},{"id":353307,"url":"https:\/\/casadecampoliving.com\/es\/paella-aperitivos-sangrias-y-flamenco-en-nombre-de-los-ninos-de-villa-caoba\/","url_meta":{"origin":353285,"position":1},"title":"Paella, aperitivos, sangr\u00edas y flamenco en nombre de los ni\u00f1os de Villa Caoba","author":"Casa de Campo Living","date":"20 Mar, 2019","format":false,"excerpt":"El viernes 15 de marzo, amigos de la Fundaci\u00f3n Lirio del Valle se reunieron para una tarde maravillosa en nombre de los ni\u00f1os de Villa Caoba. Inge Demyttenaere organiz\u00f3 una hermosa reuni\u00f3n en Toronjas # 7 en Casa de Campo, mezclando la cultura espa\u00f1ola con una gran causa. Tan pronto\u2026","rel":"","context":"En \u00abRep\u00fablica Dominicana @es\u00bb","block_context":{"text":"Rep\u00fablica Dominicana @es","link":"https:\/\/casadecampoliving.com\/es\/category\/republica-dominicana-2\/"},"img":{"alt_text":"","src":"https:\/\/i0.wp.com\/casadecampoliving.com\/wp-content\/uploads\/2022\/10\/IMG_9316.jpg?fit=1000%2C667&ssl=1&resize=350%2C200","width":350,"height":200,"srcset":"https:\/\/i0.wp.com\/casadecampoliving.com\/wp-content\/uploads\/2022\/10\/IMG_9316.jpg?fit=1000%2C667&ssl=1&resize=350%2C200 1x, https:\/\/i0.wp.com\/casadecampoliving.com\/wp-content\/uploads\/2022\/10\/IMG_9316.jpg?fit=1000%2C667&ssl=1&resize=525%2C300 1.5x, https:\/\/i0.wp.com\/casadecampoliving.com\/wp-content\/uploads\/2022\/10\/IMG_9316.jpg?fit=1000%2C667&ssl=1&resize=700%2C400 2x"},"classes":[]},{"id":330459,"url":"https:\/\/casadecampoliving.com\/fundacion-lirio-del-valle-invites-you-to-an-afternoon-of-paella-sangria-and-flamenco-for-the-children-of-villa-caoba\/","url_meta":{"origin":353285,"position":2},"title":"Fundaci\u00f3n Lirio del Valle invites you to an afternoon of paella, sangria and flamenco for the children of Villa Caoba","author":"Casa de Campo Living","date":"11 Mar, 2019","format":false,"excerpt":"The Fundaci\u00f3n Lirio del Valle invites you this\u00a0Friday, March 15th to partake in picadera, paella, Spanish sangria and an incredible flamenco presentation on behalf of the children of Villa\u00a0Caoba. This fundraising initiative, hosted by Inge Demyttenaere, will be held in villa Tornojas no.7 from 5 p.m. \u2013 7 p.m. and\u2026","rel":"","context":"En \u00abDominican Republic\u00bb","block_context":{"text":"Dominican Republic","link":"https:\/\/casadecampoliving.com\/category\/dominican-republic\/"},"img":{"alt_text":"","src":"https:\/\/i0.wp.com\/casadecampoliving.com\/wp-content\/uploads\/2022\/10\/IMG_8955-2.jpg?fit=1000%2C667&ssl=1&resize=350%2C200","width":350,"height":200,"srcset":"https:\/\/i0.wp.com\/casadecampoliving.com\/wp-content\/uploads\/2022\/10\/IMG_8955-2.jpg?fit=1000%2C667&ssl=1&resize=350%2C200 1x, https:\/\/i0.wp.com\/casadecampoliving.com\/wp-content\/uploads\/2022\/10\/IMG_8955-2.jpg?fit=1000%2C667&ssl=1&resize=525%2C300 1.5x, https:\/\/i0.wp.com\/casadecampoliving.com\/wp-content\/uploads\/2022\/10\/IMG_8955-2.jpg?fit=1000%2C667&ssl=1&resize=700%2C400 2x"},"classes":[]},{"id":330471,"url":"https:\/\/casadecampoliving.com\/paella-snacks-sangrias-and-flamenco-on-behalf-of-the-children-of-villa-caoba\/","url_meta":{"origin":353285,"position":3},"title":"Paella, snacks, sangrias and flamenco on behalf of the children of Villa Caoba","author":"Casa de Campo Living","date":"20 Mar, 2019","format":false,"excerpt":"On Friday, March 15th, friends of the\u00a0Fundaci\u00f3n Lirio del Valle got together for a wonderful afternoon on behalf of the children of Villa Caoba. Inge Demyttenaere hosted a beautiful get together at Toronjas #7 in Casa de Campo, mixing Spanish culture with a great cause. As soon as we\u00a0walked into\u2026","rel":"","context":"En \u00abDominican Republic\u00bb","block_context":{"text":"Dominican Republic","link":"https:\/\/casadecampoliving.com\/category\/dominican-republic\/"},"img":{"alt_text":"","src":"https:\/\/i0.wp.com\/casadecampoliving.com\/wp-content\/uploads\/2022\/10\/IMG_9316.jpg?fit=1000%2C667&ssl=1&resize=350%2C200","width":350,"height":200,"srcset":"https:\/\/i0.wp.com\/casadecampoliving.com\/wp-content\/uploads\/2022\/10\/IMG_9316.jpg?fit=1000%2C667&ssl=1&resize=350%2C200 1x, https:\/\/i0.wp.com\/casadecampoliving.com\/wp-content\/uploads\/2022\/10\/IMG_9316.jpg?fit=1000%2C667&ssl=1&resize=525%2C300 1.5x, https:\/\/i0.wp.com\/casadecampoliving.com\/wp-content\/uploads\/2022\/10\/IMG_9316.jpg?fit=1000%2C667&ssl=1&resize=700%2C400 2x"},"classes":[]},{"id":351293,"url":"https:\/\/casadecampoliving.com\/es\/una-tarde-de-paella-merienda-y-sangrias-en-nombre-de-los-ninos-de-villa-caoba\/","url_meta":{"origin":353285,"position":4},"title":"Una tarde de paella, meriendas y sangrias a beneficio de los ni\u00f1os de Villa Caoba","author":"Marlenys Guzm\u00e1n Casta\u00f1os","date":"27 Mar, 2017","format":false,"excerpt":"El viernes 25 de marzo, los amigos de la Fundaci\u00f3n Lirio del Valle se reunieron para una tarde maravillosa en nombre de los ni\u00f1os de Villa Caoba. Inge Demyttenaere organiz\u00f3 una hermosa reuni\u00f3n en Toronjas # 7 en Casa de Campo, mezclando la cultura espa\u00f1ola con una gran causa. En\u2026","rel":"","context":"En \u00abRep\u00fablica Dominicana @es\u00bb","block_context":{"text":"Rep\u00fablica Dominicana @es","link":"https:\/\/casadecampoliving.com\/es\/category\/republica-dominicana-2\/"},"img":{"alt_text":"","src":"https:\/\/i0.wp.com\/casadecampoliving.com\/wp-content\/uploads\/2022\/10\/IMG_8939.jpg?fit=1000%2C667&ssl=1&resize=350%2C200","width":350,"height":200,"srcset":"https:\/\/i0.wp.com\/casadecampoliving.com\/wp-content\/uploads\/2022\/10\/IMG_8939.jpg?fit=1000%2C667&ssl=1&resize=350%2C200 1x, https:\/\/i0.wp.com\/casadecampoliving.com\/wp-content\/uploads\/2022\/10\/IMG_8939.jpg?fit=1000%2C667&ssl=1&resize=525%2C300 1.5x, https:\/\/i0.wp.com\/casadecampoliving.com\/wp-content\/uploads\/2022\/10\/IMG_8939.jpg?fit=1000%2C667&ssl=1&resize=700%2C400 2x"},"classes":[]},{"id":329143,"url":"https:\/\/casadecampoliving.com\/support-fundacion-lirio-del-valle-march-24\/","url_meta":{"origin":353285,"position":5},"title":"Join Fundaci\u00f3n Lirio del Valle this Friday with Inge Demyttenaere to support the children of Villa Caoba","author":"Heather Lincoln","date":"20 Mar, 2017","format":false,"excerpt":"The Fundaci\u00f3n Lirio del Valle invites you this\u00a0Friday, March 24th to partake in picadera, paella, and Spanish sangria on behalf of the children of Villa\u00a0Caoba. This fundraising initiative, hosted by Inge Demyttenaere, will be held in villa Tornojas no.7 from 5 p.m. \u2013 7 p.m. and contributes to the education\u2026","rel":"","context":"En \u00abBeyond Casa\u00bb","block_context":{"text":"Beyond Casa","link":"https:\/\/casadecampoliving.com\/category\/beyond-casa\/"},"img":{"alt_text":"Fundaci\u00f3n Lirio del Valle","src":"https:\/\/i0.wp.com\/casadecampoliving.com\/wp-content\/uploads\/2022\/10\/Fundacion_Lirio_del_Valle04-e1490034887139.jpg?fit=1000%2C600&ssl=1&resize=350%2C200","width":350,"height":200,"srcset":"https:\/\/i0.wp.com\/casadecampoliving.com\/wp-content\/uploads\/2022\/10\/Fundacion_Lirio_del_Valle04-e1490034887139.jpg?fit=1000%2C600&ssl=1&resize=350%2C200 1x, https:\/\/i0.wp.com\/casadecampoliving.com\/wp-content\/uploads\/2022\/10\/Fundacion_Lirio_del_Valle04-e1490034887139.jpg?fit=1000%2C600&ssl=1&resize=525%2C300 1.5x, https:\/\/i0.wp.com\/casadecampoliving.com\/wp-content\/uploads\/2022\/10\/Fundacion_Lirio_del_Valle04-e1490034887139.jpg?fit=1000%2C600&ssl=1&resize=700%2C400 2x"},"classes":[]}],"jetpack_sharing_enabled":true,"_links":{"self":[{"href":"https:\/\/casadecampoliving.com\/es\/wp-json\/wp\/v2\/posts\/353285","targetHints":{"allow":["GET"]}}],"collection":[{"href":"https:\/\/casadecampoliving.com\/es\/wp-json\/wp\/v2\/posts"}],"about":[{"href":"https:\/\/casadecampoliving.com\/es\/wp-json\/wp\/v2\/types\/post"}],"author":[{"embeddable":true,"href":"https:\/\/casadecampoliving.com\/es\/wp-json\/wp\/v2\/users\/36791"}],"replies":[{"embeddable":true,"href":"https:\/\/casadecampoliving.com\/es\/wp-json\/wp\/v2\/comments?post=353285"}],"version-history":[{"count":1,"href":"https:\/\/casadecampoliving.com\/es\/wp-json\/wp\/v2\/posts\/353285\/revisions"}],"predecessor-version":[{"id":353286,"href":"https:\/\/casadecampoliving.com\/es\/wp-json\/wp\/v2\/posts\/353285\/revisions\/353286"}],"wp:featuredmedia":[{"embeddable":true,"href":"https:\/\/casadecampoliving.com\/es\/wp-json\/wp\/v2\/media\/298428"}],"wp:attachment":[{"href":"https:\/\/casadecampoliving.com\/es\/wp-json\/wp\/v2\/media?parent=353285"}],"wp:term":[{"taxonomy":"category","embeddable":true,"href":"https:\/\/casadecampoliving.com\/es\/wp-json\/wp\/v2\/categories?post=353285"},{"taxonomy":"post_tag","embeddable":true,"href":"https:\/\/casadecampoliving.com\/es\/wp-json\/wp\/v2\/tags?post=353285"},{"taxonomy":"newspack_spnsrs_tax","embeddable":true,"href":"https:\/\/casadecampoliving.com\/es\/wp-json\/wp\/v2\/newspack_spnsrs_tax?post=353285"}],"curies":[{"name":"wp","href":"https:\/\/api.w.org\/{rel}","templated":true}]}}