{"id":353171,"date":"2019-02-04T00:00:00","date_gmt":"2019-02-04T04:00:00","guid":{"rendered":"https:\/\/casadecampoliving.com\/inicia-preventa-para-el-concierto-de-ozuna-en-chavon\/"},"modified":"2022-10-21T19:07:30","modified_gmt":"2022-10-21T23:07:30","slug":"inicia-preventa-para-el-concierto-de-ozuna-en-chavon","status":"publish","type":"post","link":"https:\/\/casadecampoliving.com\/es\/inicia-preventa-para-el-concierto-de-ozuna-en-chavon\/","title":{"rendered":"Inicia preventa para el concierto de Ozuna en Altos de Chav\u00f3n"},"content":{"rendered":"\n<p>Los preparativos para el esperado concierto de Ozuna en Altos de Chav\u00f3n van viento en popa. Los organizadores del evento informaron que este lunes 4 de febrero inicia la preventa exclusiva de MasterCard, a trav\u00e9s de la cual los tarjeta habientes podr\u00e1n adquirir sus boletas con un 15 por ciento de descuento al pagar con sus tarjetas Mastercard de debito o cr\u00e9dito.<\/p>\n\n\n\n<!--more-->\n\n\n\n<p>Los precios de las boletas de esta preventa, que permanecer\u00e1 hasta el 18 de febrero, son en \u00e1rea general RD$3,865 y en VIP RD$6,350, montos que incluyen el cargo por servicio de UEPA Tickets. Del 4 al 18 de febrero, todos los tarjeta habientes de Mastercard pueden aprovechar la ventaja de adquirir sus boletas con este descuento. Podr\u00e1n adquirir sus boletas en todos los puntos de venta de UEPA Tickets y CCN Servicios de Supermercados Nacional y Jumbo as\u00ed como en la oficina principal del Club de Due\u00f1os de Casa de Campo.<\/p>\n\n\n<div class=\"wp-block-image\">\n<figure class=\"aligncenter is-resized\"><img loading=\"lazy\" decoding=\"async\" src=\"https:\/\/i0.wp.com\/casadecampoliving.com\/wp-content\/uploads\/2022\/10\/50626243_2434727003221913_3617155511763337216_n.jpg?resize=960%2C634&amp;ssl=1\" alt=\"\" class=\"wp-image-166662\" height=\"634\" width=\"960\"\/><\/figure>\n<\/div>\n\n\n<p>La preventa de los tickets para disfrutar de este gran concierto, es parte de los beneficios que ofrece Casa de Campo para que la familia dominicana y los turistas que se encuentren en el pa\u00eds tengan la oportunidad de vivir una experiencia inolvidable. El 15 por ciento de descuento tambi\u00e9n es v\u00e1lido para el hospedaje en el hotel y las villas de Casa de Campo.<\/p>\n\n\n\n<p>Ozuna es uno de los artistas m\u00e1s populares del momento y ofrecer un concierto en el escenario de mayor prestigio en Rep\u00fablica Dominicana es un sue\u00f1o que se hace realidad cuando su m\u00fasica sigue ganando trascendencia a nivel internacional. En Chav\u00f3n se han presentado en los \u00faltimos tiempos s\u00faper estrellas como Jennifer L\u00f3pez, Marc Anthony, Bad Bunny, Wisin &amp; Yandel, Maluma, tan solo para citar algunos.<\/p>\n\n\n\n<p class=\"has-text-align-center\"><iframe loading=\"lazy\" src=\"https:\/\/www.youtube.com\/embed\/NhJXHVOBCeI\" width=\"850\" height=\"450\" frameborder=\"0\" allowfullscreen=\"allowfullscreen\"><\/iframe><\/p>\n\n\n\n<p>Casa de Campo y Casa Brugal informaron que con este concierto, que es una producci\u00f3n del empresario Gamal Hach\u00e9, ha generado una gran expectativa desde que se confirm\u00f3 el regreso del s\u00faper astro de la m\u00fasica latina nacido en Puerto Rico. Ozuna concluy\u00f3 el 2018 como el artista latino m\u00e1s visto en YouTube y en todo ese trayecto, sus \u00e1lbumes Odisea y Aura pasaron en conjunto 46 semanas en el top de las listas de \u00e9xitos de Billboard. Adem\u00e1s, Ozuna tuvo 43 canciones durante el a\u00f1o en el Hot Latin Songs.<\/p>\n\n\n\n<p>El concierto en Altos de Chav\u00f3n cuenta con el patrocinio oficial de Ron Brugal y MasterCard. Las boletas estar\u00e1n a la venta en UEPA Tickets, CCN Servicios en Supermercados Nacional, Jumbo, y en la oficina del Club de Due\u00f1os de Villas en Casa de Campo.&nbsp;<\/p>\n\n\n\n<blockquote><p><strong>Ozuna en Altos de Chav\u00f3n<\/strong><\/p><figure><img decoding=\"async\" loading=\"lazy\" class=\"aligncenter size-full wp-image-166301\" src=\"https:\/\/i0.wp.com\/casadecampoliving.com\/wp-content\/uploads\/2022\/10\/Ozuna.jpg?resize=900%2C900&amp;ssl=1\" alt=\"\" width=\"900\" height=\"900\"><\/figure><p><strong>D\u00f3nde<\/strong>: Anfiteatro de Altos de Chav\u00f3n<\/p><p><strong>Cu\u00e1ndo<\/strong>: S\u00e1bado, 20 de abril de 2019&nbsp;<\/p><p><strong>Puntos de Venta:<\/strong>&nbsp; UEPA Tickets, Club Due\u00f1o Casa de Campo, Servicios CCN en el Supermercado Nacional y Jumbo<\/p><p><strong>Precios:<\/strong><\/p><p><strong>Preventa del 4 de febrero al 18 de febrero:<\/strong> \u00e1rea general RD$3,865 y en VIP RD$6,350<\/p><\/blockquote>\n","protected":false},"excerpt":{"rendered":"<p>Los preparativos para el esperado concierto de Ozuna en Altos de Chav\u00f3n van viento en popa. Los organizadores del evento informaron que este lunes 4 de febrero inicia la preventa exclusiva de MasterCard, a trav\u00e9s de la cual los tarjeta habientes podr\u00e1n adquirir sus boletas con un 15 por ciento de descuento al pagar con [&hellip;]<\/p>\n","protected":false},"author":36675,"featured_media":295809,"comment_status":"closed","ping_status":"closed","sticky":false,"template":"","format":"standard","meta":{"newspack_ads_suppress_ads":false,"newspack_popups_has_disabled_popups":false,"newspack_sponsor_sponsorship_scope":"","newspack_sponsor_native_byline_display":"inherit","newspack_sponsor_native_category_display":"inherit","newspack_sponsor_underwriter_style":"inherit","newspack_sponsor_underwriter_placement":"inherit","_newspack_byline_active":false,"_newspack_byline":"","newspack_hide_updated_date":false,"newspack_show_updated_date":false,"newspack_content_restriction_is_exempt":false,"newspack_featured_image_position":"","newspack_post_subtitle":"","newspack_article_summary_title":"Overview:","newspack_article_summary":"","_jetpack_memberships_contains_paid_content":false,"footnotes":"","jetpack_publicize_message":"","jetpack_publicize_feature_enabled":true,"jetpack_social_post_already_shared":false,"jetpack_social_options":{"image_generator_settings":{"template":"highway","default_image_id":0,"font":"","enabled":false},"version":2},"_wpas_customize_per_network":false},"categories":[26819,2513,2530,2518,14631,2522,14627,2521,26822,19622],"tags":[15387,3575,2963,14736,23549,23193,23212,1074],"newspack_spnsrs_tax":[],"class_list":["post-353171","post","type-post","status-publish","format-standard","has-post-thumbnail","hentry","category-altos-de-chavon-es","category-celebridades-es","category-compras-es","category-conciertos-es","category-estilo-de-vida","category-eventos-es","category-proximamente","category-republica-dominicana-2","category-resort-casa-de-campo","category-video-es-2","tag-altos-de-chavon-es","tag-altos-de-chavon-es-2","tag-concierto","tag-featured-topview-es","tag-nibiru","tag-ozuna","tag-pronto","tag-semana-santa","entry"],"yoast_head":"<!-- This site is optimized with the Yoast SEO plugin v27.4 - https:\/\/yoast.com\/product\/yoast-seo-wordpress\/ -->\n<title>Inicia preventa para el concierto de Ozuna en Altos de Chav\u00f3n | Casa de Campo Living<\/title>\n<meta name=\"description\" content=\"Los preparativos para el esperado concierto de Ozuna en Altos de Chav\u00f3n van viento en popa. Los organizadores del evento informaron que este lunes 4 de\" \/>\n<meta name=\"robots\" content=\"index, follow, max-snippet:-1, max-image-preview:large, max-video-preview:-1\" \/>\n<link rel=\"canonical\" href=\"https:\/\/casadecampoliving.com\/es\/inicia-preventa-para-el-concierto-de-ozuna-en-chavon\/\" \/>\n<meta property=\"og:locale\" content=\"es_ES\" \/>\n<meta property=\"og:type\" content=\"article\" \/>\n<meta property=\"og:title\" content=\"Inicia preventa para el concierto de Ozuna en Altos de Chav\u00f3n | Casa de Campo Living\" \/>\n<meta property=\"og:description\" content=\"Los preparativos para el esperado concierto de Ozuna en Altos de Chav\u00f3n van viento en popa. Los organizadores del evento informaron que este lunes 4 de\" \/>\n<meta property=\"og:url\" content=\"https:\/\/casadecampoliving.com\/es\/inicia-preventa-para-el-concierto-de-ozuna-en-chavon\/\" \/>\n<meta property=\"og:site_name\" content=\"Casa de Campo Living\" \/>\n<meta property=\"article:publisher\" content=\"https:\/\/www.facebook.com\/casadecampoliving\" \/>\n<meta property=\"article:published_time\" content=\"2019-02-04T04:00:00+00:00\" \/>\n<meta property=\"article:modified_time\" content=\"2022-10-21T23:07:30+00:00\" \/>\n<meta property=\"og:image\" content=\"https:\/\/i0.wp.com\/casadecampoliving.com\/wp-content\/uploads\/2022\/10\/50681675_2434726996555247_7117020478899748864_n.jpg?fit=960%2C618&ssl=1\" \/>\n\t<meta property=\"og:image:width\" content=\"960\" \/>\n\t<meta property=\"og:image:height\" content=\"618\" \/>\n\t<meta property=\"og:image:type\" content=\"image\/jpeg\" \/>\n<meta name=\"author\" content=\"Casa de Campo Resort\" \/>\n<meta name=\"twitter:card\" content=\"summary_large_image\" \/>\n<meta name=\"twitter:creator\" content=\"@cdcliving\" \/>\n<meta name=\"twitter:site\" content=\"@cdcliving\" \/>\n<meta name=\"twitter:label1\" content=\"Escrito por\" \/>\n\t<meta name=\"twitter:data1\" content=\"Casa de Campo Resort\" \/>\n\t<meta name=\"twitter:label2\" content=\"Tiempo de lectura\" \/>\n\t<meta name=\"twitter:data2\" content=\"2 minutos\" \/>\n<script type=\"application\/ld+json\" class=\"yoast-schema-graph\">{\"@context\":\"https:\\\/\\\/schema.org\",\"@graph\":[{\"@type\":\"Article\",\"@id\":\"https:\\\/\\\/casadecampoliving.com\\\/es\\\/inicia-preventa-para-el-concierto-de-ozuna-en-chavon\\\/#article\",\"isPartOf\":{\"@id\":\"https:\\\/\\\/casadecampoliving.com\\\/es\\\/inicia-preventa-para-el-concierto-de-ozuna-en-chavon\\\/\"},\"author\":{\"name\":\"Casa de Campo Resort\",\"@id\":\"https:\\\/\\\/casadecampoliving.com\\\/es\\\/#\\\/schema\\\/person\\\/52642ac476979f209529cc58bb6c9787\"},\"headline\":\"Inicia preventa para el concierto de Ozuna en Altos de Chav\u00f3n\",\"datePublished\":\"2019-02-04T04:00:00+00:00\",\"dateModified\":\"2022-10-21T23:07:30+00:00\",\"mainEntityOfPage\":{\"@id\":\"https:\\\/\\\/casadecampoliving.com\\\/es\\\/inicia-preventa-para-el-concierto-de-ozuna-en-chavon\\\/\"},\"wordCount\":507,\"publisher\":{\"@id\":\"https:\\\/\\\/casadecampoliving.com\\\/es\\\/#organization\"},\"image\":{\"@id\":\"https:\\\/\\\/casadecampoliving.com\\\/es\\\/inicia-preventa-para-el-concierto-de-ozuna-en-chavon\\\/#primaryimage\"},\"thumbnailUrl\":\"https:\\\/\\\/i0.wp.com\\\/casadecampoliving.com\\\/wp-content\\\/uploads\\\/2022\\\/10\\\/50681675_2434726996555247_7117020478899748864_n.jpg?fit=960%2C618&ssl=1\",\"keywords\":[\"Altos de Chavon\",\"Altos de Chavon -es\",\"concierto\",\"Featured-TopView @es\",\"nibiru\",\"ozuna\",\"PRONTO\",\"semana santa\"],\"articleSection\":[\"Altos de Chavon @es\",\"Celebridades\",\"Compras\",\"Conciertos\",\"Estilo de Vida\",\"Eventos\",\"Proximamente\",\"Rep\u00fablica Dominicana @es\",\"Resort Casa de Campo\",\"Video\"],\"inLanguage\":\"es\"},{\"@type\":\"WebPage\",\"@id\":\"https:\\\/\\\/casadecampoliving.com\\\/es\\\/inicia-preventa-para-el-concierto-de-ozuna-en-chavon\\\/\",\"url\":\"https:\\\/\\\/casadecampoliving.com\\\/es\\\/inicia-preventa-para-el-concierto-de-ozuna-en-chavon\\\/\",\"name\":\"Inicia preventa para el concierto de Ozuna en Altos de Chav\u00f3n | Casa de Campo Living\",\"isPartOf\":{\"@id\":\"https:\\\/\\\/casadecampoliving.com\\\/es\\\/#website\"},\"primaryImageOfPage\":{\"@id\":\"https:\\\/\\\/casadecampoliving.com\\\/es\\\/inicia-preventa-para-el-concierto-de-ozuna-en-chavon\\\/#primaryimage\"},\"image\":{\"@id\":\"https:\\\/\\\/casadecampoliving.com\\\/es\\\/inicia-preventa-para-el-concierto-de-ozuna-en-chavon\\\/#primaryimage\"},\"thumbnailUrl\":\"https:\\\/\\\/i0.wp.com\\\/casadecampoliving.com\\\/wp-content\\\/uploads\\\/2022\\\/10\\\/50681675_2434726996555247_7117020478899748864_n.jpg?fit=960%2C618&ssl=1\",\"datePublished\":\"2019-02-04T04:00:00+00:00\",\"dateModified\":\"2022-10-21T23:07:30+00:00\",\"description\":\"Los preparativos para el esperado concierto de Ozuna en Altos de Chav\u00f3n van viento en popa. Los organizadores del evento informaron que este lunes 4 de\",\"breadcrumb\":{\"@id\":\"https:\\\/\\\/casadecampoliving.com\\\/es\\\/inicia-preventa-para-el-concierto-de-ozuna-en-chavon\\\/#breadcrumb\"},\"inLanguage\":\"es\",\"potentialAction\":[{\"@type\":\"ReadAction\",\"target\":[\"https:\\\/\\\/casadecampoliving.com\\\/es\\\/inicia-preventa-para-el-concierto-de-ozuna-en-chavon\\\/\"]}]},{\"@type\":\"ImageObject\",\"inLanguage\":\"es\",\"@id\":\"https:\\\/\\\/casadecampoliving.com\\\/es\\\/inicia-preventa-para-el-concierto-de-ozuna-en-chavon\\\/#primaryimage\",\"url\":\"https:\\\/\\\/i0.wp.com\\\/casadecampoliving.com\\\/wp-content\\\/uploads\\\/2022\\\/10\\\/50681675_2434726996555247_7117020478899748864_n.jpg?fit=960%2C618&ssl=1\",\"contentUrl\":\"https:\\\/\\\/i0.wp.com\\\/casadecampoliving.com\\\/wp-content\\\/uploads\\\/2022\\\/10\\\/50681675_2434726996555247_7117020478899748864_n.jpg?fit=960%2C618&ssl=1\",\"width\":960,\"height\":618},{\"@type\":\"BreadcrumbList\",\"@id\":\"https:\\\/\\\/casadecampoliving.com\\\/es\\\/inicia-preventa-para-el-concierto-de-ozuna-en-chavon\\\/#breadcrumb\",\"itemListElement\":[{\"@type\":\"ListItem\",\"position\":1,\"name\":\"Home\",\"item\":\"https:\\\/\\\/casadecampoliving.com\\\/es\\\/\"},{\"@type\":\"ListItem\",\"position\":2,\"name\":\"Inicia preventa para el concierto de Ozuna en Altos de Chav\u00f3n\"}]},{\"@type\":\"WebSite\",\"@id\":\"https:\\\/\\\/casadecampoliving.com\\\/es\\\/#website\",\"url\":\"https:\\\/\\\/casadecampoliving.com\\\/es\\\/\",\"name\":\"Casa de Campo Living\",\"description\":\"Resort community news and resources.\",\"publisher\":{\"@id\":\"https:\\\/\\\/casadecampoliving.com\\\/es\\\/#organization\"},\"potentialAction\":[{\"@type\":\"SearchAction\",\"target\":{\"@type\":\"EntryPoint\",\"urlTemplate\":\"https:\\\/\\\/casadecampoliving.com\\\/es\\\/?s={search_term_string}\"},\"query-input\":{\"@type\":\"PropertyValueSpecification\",\"valueRequired\":true,\"valueName\":\"search_term_string\"}}],\"inLanguage\":\"es\"},{\"@type\":\"Organization\",\"@id\":\"https:\\\/\\\/casadecampoliving.com\\\/es\\\/#organization\",\"name\":\"Casa de Campo Living\",\"url\":\"https:\\\/\\\/casadecampoliving.com\\\/es\\\/\",\"logo\":{\"@type\":\"ImageObject\",\"inLanguage\":\"es\",\"@id\":\"https:\\\/\\\/casadecampoliving.com\\\/es\\\/#\\\/schema\\\/logo\\\/image\\\/\",\"url\":\"https:\\\/\\\/i0.wp.com\\\/casadecampoliving.com\\\/wp-content\\\/uploads\\\/2022\\\/07\\\/CDCLivingLogo_V1-white-sized.png?fit=800%2C214&ssl=1\",\"contentUrl\":\"https:\\\/\\\/i0.wp.com\\\/casadecampoliving.com\\\/wp-content\\\/uploads\\\/2022\\\/07\\\/CDCLivingLogo_V1-white-sized.png?fit=800%2C214&ssl=1\",\"width\":800,\"height\":214,\"caption\":\"Casa de Campo Living\"},\"image\":{\"@id\":\"https:\\\/\\\/casadecampoliving.com\\\/es\\\/#\\\/schema\\\/logo\\\/image\\\/\"},\"sameAs\":[\"https:\\\/\\\/www.facebook.com\\\/casadecampoliving\",\"https:\\\/\\\/x.com\\\/cdcliving\"]},{\"@type\":\"Person\",\"@id\":\"https:\\\/\\\/casadecampoliving.com\\\/es\\\/#\\\/schema\\\/person\\\/52642ac476979f209529cc58bb6c9787\",\"name\":\"Casa de Campo Resort\",\"image\":{\"@type\":\"ImageObject\",\"inLanguage\":\"es\",\"@id\":\"https:\\\/\\\/secure.gravatar.com\\\/avatar\\\/630e193f5d6de4142cc28292ac77a3b7ec1b8b66d948ac83f36a80720ef224d5?s=96&d=mm&r=g\",\"url\":\"https:\\\/\\\/secure.gravatar.com\\\/avatar\\\/630e193f5d6de4142cc28292ac77a3b7ec1b8b66d948ac83f36a80720ef224d5?s=96&d=mm&r=g\",\"contentUrl\":\"https:\\\/\\\/secure.gravatar.com\\\/avatar\\\/630e193f5d6de4142cc28292ac77a3b7ec1b8b66d948ac83f36a80720ef224d5?s=96&d=mm&r=g\",\"caption\":\"Casa de Campo Resort\"},\"url\":\"https:\\\/\\\/casadecampoliving.com\\\/es\\\/author\\\/cdc\\\/\"}]}<\/script>\n<!-- \/ Yoast SEO plugin. -->","yoast_head_json":{"title":"Inicia preventa para el concierto de Ozuna en Altos de Chav\u00f3n | Casa de Campo Living","description":"Los preparativos para el esperado concierto de Ozuna en Altos de Chav\u00f3n van viento en popa. Los organizadores del evento informaron que este lunes 4 de","robots":{"index":"index","follow":"follow","max-snippet":"max-snippet:-1","max-image-preview":"max-image-preview:large","max-video-preview":"max-video-preview:-1"},"canonical":"https:\/\/casadecampoliving.com\/es\/inicia-preventa-para-el-concierto-de-ozuna-en-chavon\/","og_locale":"es_ES","og_type":"article","og_title":"Inicia preventa para el concierto de Ozuna en Altos de Chav\u00f3n | Casa de Campo Living","og_description":"Los preparativos para el esperado concierto de Ozuna en Altos de Chav\u00f3n van viento en popa. Los organizadores del evento informaron que este lunes 4 de","og_url":"https:\/\/casadecampoliving.com\/es\/inicia-preventa-para-el-concierto-de-ozuna-en-chavon\/","og_site_name":"Casa de Campo Living","article_publisher":"https:\/\/www.facebook.com\/casadecampoliving","article_published_time":"2019-02-04T04:00:00+00:00","article_modified_time":"2022-10-21T23:07:30+00:00","og_image":[{"width":960,"height":618,"url":"https:\/\/i0.wp.com\/casadecampoliving.com\/wp-content\/uploads\/2022\/10\/50681675_2434726996555247_7117020478899748864_n.jpg?fit=960%2C618&ssl=1","type":"image\/jpeg"}],"author":"Casa de Campo Resort","twitter_card":"summary_large_image","twitter_creator":"@cdcliving","twitter_site":"@cdcliving","twitter_misc":{"Escrito por":"Casa de Campo Resort","Tiempo de lectura":"2 minutos"},"schema":{"@context":"https:\/\/schema.org","@graph":[{"@type":"Article","@id":"https:\/\/casadecampoliving.com\/es\/inicia-preventa-para-el-concierto-de-ozuna-en-chavon\/#article","isPartOf":{"@id":"https:\/\/casadecampoliving.com\/es\/inicia-preventa-para-el-concierto-de-ozuna-en-chavon\/"},"author":{"name":"Casa de Campo Resort","@id":"https:\/\/casadecampoliving.com\/es\/#\/schema\/person\/52642ac476979f209529cc58bb6c9787"},"headline":"Inicia preventa para el concierto de Ozuna en Altos de Chav\u00f3n","datePublished":"2019-02-04T04:00:00+00:00","dateModified":"2022-10-21T23:07:30+00:00","mainEntityOfPage":{"@id":"https:\/\/casadecampoliving.com\/es\/inicia-preventa-para-el-concierto-de-ozuna-en-chavon\/"},"wordCount":507,"publisher":{"@id":"https:\/\/casadecampoliving.com\/es\/#organization"},"image":{"@id":"https:\/\/casadecampoliving.com\/es\/inicia-preventa-para-el-concierto-de-ozuna-en-chavon\/#primaryimage"},"thumbnailUrl":"https:\/\/i0.wp.com\/casadecampoliving.com\/wp-content\/uploads\/2022\/10\/50681675_2434726996555247_7117020478899748864_n.jpg?fit=960%2C618&ssl=1","keywords":["Altos de Chavon","Altos de Chavon -es","concierto","Featured-TopView @es","nibiru","ozuna","PRONTO","semana santa"],"articleSection":["Altos de Chavon @es","Celebridades","Compras","Conciertos","Estilo de Vida","Eventos","Proximamente","Rep\u00fablica Dominicana @es","Resort Casa de Campo","Video"],"inLanguage":"es"},{"@type":"WebPage","@id":"https:\/\/casadecampoliving.com\/es\/inicia-preventa-para-el-concierto-de-ozuna-en-chavon\/","url":"https:\/\/casadecampoliving.com\/es\/inicia-preventa-para-el-concierto-de-ozuna-en-chavon\/","name":"Inicia preventa para el concierto de Ozuna en Altos de Chav\u00f3n | Casa de Campo Living","isPartOf":{"@id":"https:\/\/casadecampoliving.com\/es\/#website"},"primaryImageOfPage":{"@id":"https:\/\/casadecampoliving.com\/es\/inicia-preventa-para-el-concierto-de-ozuna-en-chavon\/#primaryimage"},"image":{"@id":"https:\/\/casadecampoliving.com\/es\/inicia-preventa-para-el-concierto-de-ozuna-en-chavon\/#primaryimage"},"thumbnailUrl":"https:\/\/i0.wp.com\/casadecampoliving.com\/wp-content\/uploads\/2022\/10\/50681675_2434726996555247_7117020478899748864_n.jpg?fit=960%2C618&ssl=1","datePublished":"2019-02-04T04:00:00+00:00","dateModified":"2022-10-21T23:07:30+00:00","description":"Los preparativos para el esperado concierto de Ozuna en Altos de Chav\u00f3n van viento en popa. Los organizadores del evento informaron que este lunes 4 de","breadcrumb":{"@id":"https:\/\/casadecampoliving.com\/es\/inicia-preventa-para-el-concierto-de-ozuna-en-chavon\/#breadcrumb"},"inLanguage":"es","potentialAction":[{"@type":"ReadAction","target":["https:\/\/casadecampoliving.com\/es\/inicia-preventa-para-el-concierto-de-ozuna-en-chavon\/"]}]},{"@type":"ImageObject","inLanguage":"es","@id":"https:\/\/casadecampoliving.com\/es\/inicia-preventa-para-el-concierto-de-ozuna-en-chavon\/#primaryimage","url":"https:\/\/i0.wp.com\/casadecampoliving.com\/wp-content\/uploads\/2022\/10\/50681675_2434726996555247_7117020478899748864_n.jpg?fit=960%2C618&ssl=1","contentUrl":"https:\/\/i0.wp.com\/casadecampoliving.com\/wp-content\/uploads\/2022\/10\/50681675_2434726996555247_7117020478899748864_n.jpg?fit=960%2C618&ssl=1","width":960,"height":618},{"@type":"BreadcrumbList","@id":"https:\/\/casadecampoliving.com\/es\/inicia-preventa-para-el-concierto-de-ozuna-en-chavon\/#breadcrumb","itemListElement":[{"@type":"ListItem","position":1,"name":"Home","item":"https:\/\/casadecampoliving.com\/es\/"},{"@type":"ListItem","position":2,"name":"Inicia preventa para el concierto de Ozuna en Altos de Chav\u00f3n"}]},{"@type":"WebSite","@id":"https:\/\/casadecampoliving.com\/es\/#website","url":"https:\/\/casadecampoliving.com\/es\/","name":"Casa de Campo Living","description":"Resort community news and resources.","publisher":{"@id":"https:\/\/casadecampoliving.com\/es\/#organization"},"potentialAction":[{"@type":"SearchAction","target":{"@type":"EntryPoint","urlTemplate":"https:\/\/casadecampoliving.com\/es\/?s={search_term_string}"},"query-input":{"@type":"PropertyValueSpecification","valueRequired":true,"valueName":"search_term_string"}}],"inLanguage":"es"},{"@type":"Organization","@id":"https:\/\/casadecampoliving.com\/es\/#organization","name":"Casa de Campo Living","url":"https:\/\/casadecampoliving.com\/es\/","logo":{"@type":"ImageObject","inLanguage":"es","@id":"https:\/\/casadecampoliving.com\/es\/#\/schema\/logo\/image\/","url":"https:\/\/i0.wp.com\/casadecampoliving.com\/wp-content\/uploads\/2022\/07\/CDCLivingLogo_V1-white-sized.png?fit=800%2C214&ssl=1","contentUrl":"https:\/\/i0.wp.com\/casadecampoliving.com\/wp-content\/uploads\/2022\/07\/CDCLivingLogo_V1-white-sized.png?fit=800%2C214&ssl=1","width":800,"height":214,"caption":"Casa de Campo Living"},"image":{"@id":"https:\/\/casadecampoliving.com\/es\/#\/schema\/logo\/image\/"},"sameAs":["https:\/\/www.facebook.com\/casadecampoliving","https:\/\/x.com\/cdcliving"]},{"@type":"Person","@id":"https:\/\/casadecampoliving.com\/es\/#\/schema\/person\/52642ac476979f209529cc58bb6c9787","name":"Casa de Campo Resort","image":{"@type":"ImageObject","inLanguage":"es","@id":"https:\/\/secure.gravatar.com\/avatar\/630e193f5d6de4142cc28292ac77a3b7ec1b8b66d948ac83f36a80720ef224d5?s=96&d=mm&r=g","url":"https:\/\/secure.gravatar.com\/avatar\/630e193f5d6de4142cc28292ac77a3b7ec1b8b66d948ac83f36a80720ef224d5?s=96&d=mm&r=g","contentUrl":"https:\/\/secure.gravatar.com\/avatar\/630e193f5d6de4142cc28292ac77a3b7ec1b8b66d948ac83f36a80720ef224d5?s=96&d=mm&r=g","caption":"Casa de Campo Resort"},"url":"https:\/\/casadecampoliving.com\/es\/author\/cdc\/"}]}},"parsely":{"version":"1.1.0","canonical_url":"https:\/\/casadecampoliving.com\/es\/inicia-preventa-para-el-concierto-de-ozuna-en-chavon\/","smart_links":{"inbound":0,"outbound":0},"traffic_boost_suggestions_count":0,"meta":{"@context":"https:\/\/schema.org","@type":"NewsArticle","headline":"Inicia preventa para el concierto de Ozuna en Altos de Chav\u00f3n","url":"http:\/\/casadecampoliving.com\/es\/inicia-preventa-para-el-concierto-de-ozuna-en-chavon\/","mainEntityOfPage":{"@type":"WebPage","@id":"http:\/\/casadecampoliving.com\/es\/inicia-preventa-para-el-concierto-de-ozuna-en-chavon\/"},"thumbnailUrl":"https:\/\/i0.wp.com\/casadecampoliving.com\/wp-content\/uploads\/2022\/10\/50681675_2434726996555247_7117020478899748864_n.jpg?resize=150%2C150&ssl=1","image":{"@type":"ImageObject","url":"https:\/\/i0.wp.com\/casadecampoliving.com\/wp-content\/uploads\/2022\/10\/50681675_2434726996555247_7117020478899748864_n.jpg?fit=960%2C618&ssl=1"},"articleSection":"Altos de Chavon @es","author":[{"@type":"Person","name":"Casa de Campo Resort"}],"creator":["Casa de Campo Resort"],"publisher":{"@type":"Organization","name":"Casa de Campo Living","logo":"https:\/\/casadecampoliving.com\/wp-content\/uploads\/2022\/07\/CDCLivingLogo_V1-white-sized.png"},"keywords":["altos de chavon","altos de chavon -es","concierto","featured-topview @es","nibiru","ozuna","pronto","semana santa"],"dateCreated":"2019-02-04T04:00:00Z","datePublished":"2019-02-04T04:00:00Z","dateModified":"2022-10-21T23:07:30Z"},"rendered":"<script type=\"application\/ld+json\" class=\"wp-parsely-metadata\">{\"@context\":\"https:\\\/\\\/schema.org\",\"@type\":\"NewsArticle\",\"headline\":\"Inicia preventa para el concierto de Ozuna en Altos de Chav\\u00f3n\",\"url\":\"http:\\\/\\\/casadecampoliving.com\\\/es\\\/inicia-preventa-para-el-concierto-de-ozuna-en-chavon\\\/\",\"mainEntityOfPage\":{\"@type\":\"WebPage\",\"@id\":\"http:\\\/\\\/casadecampoliving.com\\\/es\\\/inicia-preventa-para-el-concierto-de-ozuna-en-chavon\\\/\"},\"thumbnailUrl\":\"https:\\\/\\\/i0.wp.com\\\/casadecampoliving.com\\\/wp-content\\\/uploads\\\/2022\\\/10\\\/50681675_2434726996555247_7117020478899748864_n.jpg?resize=150%2C150&ssl=1\",\"image\":{\"@type\":\"ImageObject\",\"url\":\"https:\\\/\\\/i0.wp.com\\\/casadecampoliving.com\\\/wp-content\\\/uploads\\\/2022\\\/10\\\/50681675_2434726996555247_7117020478899748864_n.jpg?fit=960%2C618&ssl=1\"},\"articleSection\":\"Altos de Chavon @es\",\"author\":[{\"@type\":\"Person\",\"name\":\"Casa de Campo Resort\"}],\"creator\":[\"Casa de Campo Resort\"],\"publisher\":{\"@type\":\"Organization\",\"name\":\"Casa de Campo Living\",\"logo\":\"https:\\\/\\\/casadecampoliving.com\\\/wp-content\\\/uploads\\\/2022\\\/07\\\/CDCLivingLogo_V1-white-sized.png\"},\"keywords\":[\"altos de chavon\",\"altos de chavon -es\",\"concierto\",\"featured-topview @es\",\"nibiru\",\"ozuna\",\"pronto\",\"semana santa\"],\"dateCreated\":\"2019-02-04T04:00:00Z\",\"datePublished\":\"2019-02-04T04:00:00Z\",\"dateModified\":\"2022-10-21T23:07:30Z\"}<\/script>","tracker_url":"https:\/\/cdn.parsely.com\/keys\/casadecampoliving.com\/p.js"},"jetpack_publicize_connections":[],"jetpack_featured_media_url":"https:\/\/i0.wp.com\/casadecampoliving.com\/wp-content\/uploads\/2022\/10\/50681675_2434726996555247_7117020478899748864_n.jpg?fit=960%2C618&ssl=1","jetpack-related-posts":[{"id":433460,"url":"https:\/\/casadecampoliving.com\/es\/no-se-pierdan-el-increible-tributo-a-frank-sinatra-para-celebrar-el-40-aniversario-del-anfiteatro-altos-de-chavon\/","url_meta":{"origin":353171,"position":0},"title":"No se pierdan el incre\u00edble tributo a Frank Sinatra para celebrar el 40 aniversario del\u00a0Anfiteatro Altos de Chav\u00f3n","author":"Casa de Campo Living","date":"20 Oct, 2022","format":false,"excerpt":"Siendo uno de los escenarios m\u00e1s emblem\u00e1ticos del pa\u00eds, Casa de Campo Resort\u00ae & Villas celebra las cuatro d\u00e9cadas de aniversario de Altos de Chav\u00f3n con un tributo al gran Frank Sinatra, protagonizado por artistas invitados y una big band tal cual la que acompa\u00f1\u00f3 al artista hace 40 a\u00f1os\u2026","rel":"","context":"En \u00abUncategorized @es\u00bb","block_context":{"text":"Uncategorized @es","link":"https:\/\/casadecampoliving.com\/es\/category\/uncategorized-es\/"},"img":{"alt_text":"","src":"https:\/\/i0.wp.com\/casadecampoliving.com\/wp-content\/uploads\/2022\/10\/Tributo-Frank-Sinatra-Foto-Principal-Amaury-Sanchez-Danilo-Ginebra-Andres-Pichardo-y-Jose-Gabriel-Perez-.jpg?fit=1200%2C873&ssl=1&resize=350%2C200","width":350,"height":200,"srcset":"https:\/\/i0.wp.com\/casadecampoliving.com\/wp-content\/uploads\/2022\/10\/Tributo-Frank-Sinatra-Foto-Principal-Amaury-Sanchez-Danilo-Ginebra-Andres-Pichardo-y-Jose-Gabriel-Perez-.jpg?fit=1200%2C873&ssl=1&resize=350%2C200 1x, https:\/\/i0.wp.com\/casadecampoliving.com\/wp-content\/uploads\/2022\/10\/Tributo-Frank-Sinatra-Foto-Principal-Amaury-Sanchez-Danilo-Ginebra-Andres-Pichardo-y-Jose-Gabriel-Perez-.jpg?fit=1200%2C873&ssl=1&resize=525%2C300 1.5x, https:\/\/i0.wp.com\/casadecampoliving.com\/wp-content\/uploads\/2022\/10\/Tributo-Frank-Sinatra-Foto-Principal-Amaury-Sanchez-Danilo-Ginebra-Andres-Pichardo-y-Jose-Gabriel-Perez-.jpg?fit=1200%2C873&ssl=1&resize=700%2C400 2x, https:\/\/i0.wp.com\/casadecampoliving.com\/wp-content\/uploads\/2022\/10\/Tributo-Frank-Sinatra-Foto-Principal-Amaury-Sanchez-Danilo-Ginebra-Andres-Pichardo-y-Jose-Gabriel-Perez-.jpg?fit=1200%2C873&ssl=1&resize=1050%2C600 3x"},"classes":[]},{"id":526811,"url":"https:\/\/casadecampoliving.com\/es\/ozuna-regresa-a-altos-de-chavon-el-sabado-santo\/","url_meta":{"origin":353171,"position":1},"title":"Ozuna regresa a Altos de Chav\u00f3n el S\u00e1bado Santo","author":"Casa de Campo Living","date":"16 Feb, 2024","format":false,"excerpt":"En un regreso muy esperado a la Rep\u00fablica Dominicana, el \u00edcono de la m\u00fasica urbana Ozuna honrar\u00e1 las ic\u00f3nicas piedras de Altos de Chav\u00f3n este S\u00e1bado Santo. Cuatro a\u00f1os despu\u00e9s de su \u00faltima actuaci\u00f3n en suelo dominicano, Ozuna promete una noche espectacular el 30 de marzo, compartiendo sus mayores \u00e9xitos\u2026","rel":"","context":"En \u00abAltos de Chav\u00f3n\u00bb","block_context":{"text":"Altos de Chav\u00f3n","link":"https:\/\/casadecampoliving.com\/es\/category\/altos-de-chavon-6\/"},"img":{"alt_text":"","src":"https:\/\/i0.wp.com\/casadecampoliving.com\/wp-content\/uploads\/2024\/02\/Ozuna-32-scaled.jpg?fit=1200%2C800&ssl=1&resize=350%2C200","width":350,"height":200,"srcset":"https:\/\/i0.wp.com\/casadecampoliving.com\/wp-content\/uploads\/2024\/02\/Ozuna-32-scaled.jpg?fit=1200%2C800&ssl=1&resize=350%2C200 1x, https:\/\/i0.wp.com\/casadecampoliving.com\/wp-content\/uploads\/2024\/02\/Ozuna-32-scaled.jpg?fit=1200%2C800&ssl=1&resize=525%2C300 1.5x, https:\/\/i0.wp.com\/casadecampoliving.com\/wp-content\/uploads\/2024\/02\/Ozuna-32-scaled.jpg?fit=1200%2C800&ssl=1&resize=700%2C400 2x, https:\/\/i0.wp.com\/casadecampoliving.com\/wp-content\/uploads\/2024\/02\/Ozuna-32-scaled.jpg?fit=1200%2C800&ssl=1&resize=1050%2C600 3x"},"classes":[]},{"id":353134,"url":"https:\/\/casadecampoliving.com\/es\/guarden-la-fecha-ozuna-se-presentara-en-altos-de-chavon-el-sabado-santo\/","url_meta":{"origin":353171,"position":2},"title":"Guarden la fecha: Ozuna se presentar\u00e1 en Altos de Chav\u00f3n el S\u00e1bado Santo","author":"Casa de Campo Resort","date":"14 Ene, 2019","format":false,"excerpt":"El artista m\u00e1s popular del momento, Ozuna, ven\u00eda acariciando la posibilidad de cantar en el escenario de mayor prestigio en Rep\u00fablica Dominicana, y el S\u00e1bado Santo el sue\u00f1o de actuar en Altos de Chavar\u00f3n se har\u00e1 realidad. Ser\u00e1 el s\u00e1bado 20 de abril cuando el carism\u00e1tico cantante boricua materialice su\u2026","rel":"","context":"En \u00abCelebridades\u00bb","block_context":{"text":"Celebridades","link":"https:\/\/casadecampoliving.com\/es\/category\/celebridades-es\/"},"img":{"alt_text":"","src":"https:\/\/i0.wp.com\/casadecampoliving.com\/wp-content\/uploads\/2022\/10\/40370435_2220684837959465_7394516267194908672_o.jpg?fit=1000%2C712&ssl=1&resize=350%2C200","width":350,"height":200,"srcset":"https:\/\/i0.wp.com\/casadecampoliving.com\/wp-content\/uploads\/2022\/10\/40370435_2220684837959465_7394516267194908672_o.jpg?fit=1000%2C712&ssl=1&resize=350%2C200 1x, https:\/\/i0.wp.com\/casadecampoliving.com\/wp-content\/uploads\/2022\/10\/40370435_2220684837959465_7394516267194908672_o.jpg?fit=1000%2C712&ssl=1&resize=525%2C300 1.5x, https:\/\/i0.wp.com\/casadecampoliving.com\/wp-content\/uploads\/2022\/10\/40370435_2220684837959465_7394516267194908672_o.jpg?fit=1000%2C712&ssl=1&resize=700%2C400 2x"},"classes":[]},{"id":352457,"url":"https:\/\/casadecampoliving.com\/es\/inicia-preventa-concierto-de-wisin-y-yandel-en-chavon\/","url_meta":{"origin":353171,"position":3},"title":"Inicia preventa concierto de Wisin y Yandel en Chav\u00f3n","author":"Casa de Campo Resort","date":"19 Feb, 2018","format":false,"excerpt":"Desde que se oficializ\u00f3 la nueva gira de Wisin y Yandel con la fecha que los traer\u00e1 de vuelta a Rep\u00fablica Dominicana en Altos de Chav\u00f3n el S\u00e1bado Santo 31 de marzo, sus fan\u00e1ticos empezaron a frotarse las manos y a esperar el momento en que los tickets en preventa\u2026","rel":"","context":"En \u00abAltos de Chavon @es\u00bb","block_context":{"text":"Altos de Chavon @es","link":"https:\/\/casadecampoliving.com\/category\/altos-de-chavon-es\/"},"img":{"alt_text":"","src":"https:\/\/i0.wp.com\/casadecampoliving.com\/wp-content\/uploads\/2018\/02\/wisin-and-yandel-live-2013-billboard-1548.jpg?resize=350%2C200&ssl=1","width":350,"height":200,"srcset":"https:\/\/i0.wp.com\/casadecampoliving.com\/wp-content\/uploads\/2018\/02\/wisin-and-yandel-live-2013-billboard-1548.jpg?resize=350%2C200&ssl=1 1x, https:\/\/i0.wp.com\/casadecampoliving.com\/wp-content\/uploads\/2018\/02\/wisin-and-yandel-live-2013-billboard-1548.jpg?resize=525%2C300&ssl=1 1.5x, https:\/\/i0.wp.com\/casadecampoliving.com\/wp-content\/uploads\/2018\/02\/wisin-and-yandel-live-2013-billboard-1548.jpg?resize=700%2C400&ssl=1 2x"},"classes":[]},{"id":353696,"url":"https:\/\/casadecampoliving.com\/es\/casa-de-campo-presentara-a-chayanne-el-sabado-santo-en-el-anfiteatro-de-altos-de-chavon\/","url_meta":{"origin":353171,"position":4},"title":"Casa de Campo presentar\u00e1 a Chayanne el S\u00e1bado Santo en el  anfiteatro de Altos de Chav\u00f3n","author":"Casa de Campo Resort","date":"13 Feb, 2020","format":false,"excerpt":"Chayanne, uno de los cantantes latinos m\u00e1s reconocidos y queridos, se presentar\u00e1 en el anfiteatro de Altos de Chav\u00f3n el s\u00e1bado 11 de abril. El carism\u00e1tico cantante boricua cantar\u00e1 en el legendario anfiteatro de Altos de Chav\u00f3n, el escenario de mayor prestigio en el pa\u00eds, el cual ha acogido en\u2026","rel":"","context":"En \u00abAltos de Chavon @es\u00bb","block_context":{"text":"Altos de Chavon @es","link":"https:\/\/casadecampoliving.com\/category\/altos-de-chavon-es\/"},"img":{"alt_text":"","src":"https:\/\/i0.wp.com\/casadecampoliving.com\/wp-content\/uploads\/2022\/10\/Chayanne-4-Sony-By-Gio-Alma-2017_DSC6095b-copy.jpg?fit=1000%2C599&ssl=1&resize=350%2C200","width":350,"height":200,"srcset":"https:\/\/i0.wp.com\/casadecampoliving.com\/wp-content\/uploads\/2022\/10\/Chayanne-4-Sony-By-Gio-Alma-2017_DSC6095b-copy.jpg?fit=1000%2C599&ssl=1&resize=350%2C200 1x, https:\/\/i0.wp.com\/casadecampoliving.com\/wp-content\/uploads\/2022\/10\/Chayanne-4-Sony-By-Gio-Alma-2017_DSC6095b-copy.jpg?fit=1000%2C599&ssl=1&resize=525%2C300 1.5x, https:\/\/i0.wp.com\/casadecampoliving.com\/wp-content\/uploads\/2022\/10\/Chayanne-4-Sony-By-Gio-Alma-2017_DSC6095b-copy.jpg?fit=1000%2C599&ssl=1&resize=700%2C400 2x"},"classes":[]},{"id":352639,"url":"https:\/\/casadecampoliving.com\/es\/compre-sus-boletas-para-el-concierto-de-luis-fonsi-en-altos-de-chavon-el-proximo-mes\/","url_meta":{"origin":353171,"position":5},"title":"\u00a1Compre sus boletas para el concierto de Luis Fonsi en Altos de Chav\u00f3n el pr\u00f3ximo mes!","author":"Marlenys Guzm\u00e1n Casta\u00f1os","date":"7 May, 2018","format":false,"excerpt":"\u00a1En poco m\u00e1s de un mes, el s\u00e1bado 9 de junio, Luis Fonsi se presentar\u00e1 una vez m\u00e1s en el anfiteatro Altos de Chav\u00f3n para el concierto de verano de Casa de Campo! El anuncio no lleg\u00f3 mucho despu\u00e9s del mega concierto de Wisin y Yandel, \u00a1y la gente est\u00e1\u2026","rel":"","context":"En \u00abAltos de Chavon @es\u00bb","block_context":{"text":"Altos de Chavon @es","link":"https:\/\/casadecampoliving.com\/category\/altos-de-chavon-es\/"},"img":{"alt_text":"","src":"https:\/\/i0.wp.com\/casadecampoliving.com\/wp-content\/uploads\/2018\/05\/luis-fonsi-billboard.jpg?resize=350%2C200&ssl=1","width":350,"height":200,"srcset":"https:\/\/i0.wp.com\/casadecampoliving.com\/wp-content\/uploads\/2018\/05\/luis-fonsi-billboard.jpg?resize=350%2C200&ssl=1 1x, https:\/\/i0.wp.com\/casadecampoliving.com\/wp-content\/uploads\/2018\/05\/luis-fonsi-billboard.jpg?resize=525%2C300&ssl=1 1.5x, https:\/\/i0.wp.com\/casadecampoliving.com\/wp-content\/uploads\/2018\/05\/luis-fonsi-billboard.jpg?resize=700%2C400&ssl=1 2x"},"classes":[]}],"jetpack_sharing_enabled":true,"_links":{"self":[{"href":"https:\/\/casadecampoliving.com\/es\/wp-json\/wp\/v2\/posts\/353171","targetHints":{"allow":["GET"]}}],"collection":[{"href":"https:\/\/casadecampoliving.com\/es\/wp-json\/wp\/v2\/posts"}],"about":[{"href":"https:\/\/casadecampoliving.com\/es\/wp-json\/wp\/v2\/types\/post"}],"author":[{"embeddable":true,"href":"https:\/\/casadecampoliving.com\/es\/wp-json\/wp\/v2\/users\/36675"}],"replies":[{"embeddable":true,"href":"https:\/\/casadecampoliving.com\/es\/wp-json\/wp\/v2\/comments?post=353171"}],"version-history":[{"count":1,"href":"https:\/\/casadecampoliving.com\/es\/wp-json\/wp\/v2\/posts\/353171\/revisions"}],"predecessor-version":[{"id":353172,"href":"https:\/\/casadecampoliving.com\/es\/wp-json\/wp\/v2\/posts\/353171\/revisions\/353172"}],"wp:featuredmedia":[{"embeddable":true,"href":"https:\/\/casadecampoliving.com\/es\/wp-json\/wp\/v2\/media\/295809"}],"wp:attachment":[{"href":"https:\/\/casadecampoliving.com\/es\/wp-json\/wp\/v2\/media?parent=353171"}],"wp:term":[{"taxonomy":"category","embeddable":true,"href":"https:\/\/casadecampoliving.com\/es\/wp-json\/wp\/v2\/categories?post=353171"},{"taxonomy":"post_tag","embeddable":true,"href":"https:\/\/casadecampoliving.com\/es\/wp-json\/wp\/v2\/tags?post=353171"},{"taxonomy":"newspack_spnsrs_tax","embeddable":true,"href":"https:\/\/casadecampoliving.com\/es\/wp-json\/wp\/v2\/newspack_spnsrs_tax?post=353171"}],"curies":[{"name":"wp","href":"https:\/\/api.w.org\/{rel}","templated":true}]}}