{"id":353119,"date":"2019-01-14T00:00:00","date_gmt":"2019-01-14T04:00:00","guid":{"rendered":"https:\/\/casadecampoliving.com\/minister-health-rafael-sanchez-cardenas-visits-fundacion-mir-campo-esperanza-school-2\/"},"modified":"2022-11-10T10:34:43","modified_gmt":"2022-11-10T14:34:43","slug":"minister-health-rafael-sanchez-cardenas-visits-fundacion-mir-campo-esperanza-school-2","status":"publish","type":"post","link":"https:\/\/casadecampoliving.com\/es\/minister-health-rafael-sanchez-cardenas-visits-fundacion-mir-campo-esperanza-school-2\/","title":{"rendered":"El ministro de Salud, Rafael S\u00e1nchez C\u00e1rdenas, visita el colegio Fundaci\u00f3n MIR Campo Esperanza."},"content":{"rendered":"El pasado Viernes 11 de enero, el Sr. Ministro de Salud; Rafael S\u00e1nchez C\u00e1rdenas, visit\u00f3 las instalaciones de la Fundaci\u00f3n MIR y se hizo entrega oficial de la habilitaci\u00f3n de la Cl\u00ednica Dental World of Smiles a operar regularmente en Campo MIR Esperanza. La cl\u00ednica cuenta con dos consultorios; un cuarto de Rayos X y esterilizaci\u00f3n y un cuarto de Cirug\u00eda completamente equipado. Estas fueron donadas por el Dr. Hudson de New York y el Rotary Club de Florida.<!--more-->\n\nLos ni\u00f1os de la Fundaci\u00f3n MIR recibieron a los asistentes y a la prensa con un hermoso acto y hermosas palabras de bienvenida. Mostr\u00e1ndose felices y afectuosos todo el tiempo. El Ministro S\u00e1nchez C\u00e1rdenas, se impresion\u00f3 con las instalaciones y el funcionamiento de la escuela y se comprometi\u00f3 a desarrollar amplios programas en conjunto para que la Fundaci\u00f3n MIR ampl\u00ede sus servicios de educaci\u00f3n y bienestar para la comunidad.\n\n<img data-recalc-dims=\"1\" loading=\"lazy\" decoding=\"async\" class=\"aligncenter size-full wp-image-166236\" src=\"https:\/\/i0.wp.com\/casadecampoliving.com\/wp-content\/uploads\/2022\/10\/D4A6931.jpg?resize=1000%2C666&#038;ssl=1\" alt=\"\" width=\"1000\" height=\"666\">\n\nEl recorrido del Ministro acompa\u00f1ado por la Sra. Lian Fanjul de Azqueta; Presidente y Fundadora de la Organizaci\u00f3n abarc\u00f3 el Museo de Taxidermia, \u00fanico en la regi\u00f3n y pr\u00f3ximamente abierto al p\u00fablico; La cocina de gastronom\u00eda, donde los estudiantes del Polit\u00e9cnico MIR Esperanza recibieron a los visitantes con entremeses muy apetitosos; Las nuevas aulas de la Primaria y la Biblioteca de Inicial, donde los ni\u00f1os estuvieron disfrutando de una lectura dramatizada por una de sus docentes.\n\nEntre las personalidades presentes estaban; Sandra Hern\u00e1ndez, miembro de la Junta Directiva de la Fundaci\u00f3n; el Sr. Daniel Hern\u00e1ndez, Vicepresidente de la cadena AmResorts; el Sr. Gustavo Hernando, Asesor del Ministro de Salud; El Dr. Bruno Calder\u00f3n Troncoso, Director de Habilitaci\u00f3n y Acreditaci\u00f3n y El Sr. Jorge Sturla, Director de Comunicaciones de Central Romana Corporation, as\u00ed como autoridades provinciales de Salud.\n\n<img data-recalc-dims=\"1\" loading=\"lazy\" decoding=\"async\" class=\"aligncenter size-full wp-image-166238\" src=\"https:\/\/i0.wp.com\/casadecampoliving.com\/wp-content\/uploads\/2022\/10\/IMG_8262.jpg?resize=1000%2C667&#038;ssl=1\" alt=\"\" width=\"1000\" height=\"667\">\n\nFundaci\u00f3n MIR sigue ampliando sus ofertas y servicios por el progreso de la comunidad y el crecimiento cultural de La Romana.\n\nBelow is a collection of photos provided by Fundaci\u00f3n MIR taken during the visit:\n\n\n<figure class=\"wp-block-gallery has-nested-images columns-default is-cropped wp-block-gallery-1 is-layout-flex wp-block-gallery-is-layout-flex\">\n<figure class=\"wp-block-image size-large\"><img data-recalc-dims=\"1\" loading=\"lazy\" decoding=\"async\" width=\"1000\" height=\"666\" data-id=\"415839\" src=\"https:\/\/i0.wp.com\/casadecampoliving.com\/wp-content\/uploads\/2022\/10\/D4A6712.jpg?resize=1000%2C666&#038;ssl=1\" alt=\"\" class=\"wp-image-415839\" srcset=\"https:\/\/i0.wp.com\/casadecampoliving.com\/wp-content\/uploads\/2022\/10\/D4A6712.jpg?w=1000&amp;ssl=1 1000w, https:\/\/i0.wp.com\/casadecampoliving.com\/wp-content\/uploads\/2022\/10\/D4A6712.jpg?resize=300%2C200&amp;ssl=1 300w, https:\/\/i0.wp.com\/casadecampoliving.com\/wp-content\/uploads\/2022\/10\/D4A6712.jpg?resize=768%2C511&amp;ssl=1 768w, https:\/\/i0.wp.com\/casadecampoliving.com\/wp-content\/uploads\/2022\/10\/D4A6712.jpg?resize=400%2C266&amp;ssl=1 400w, https:\/\/i0.wp.com\/casadecampoliving.com\/wp-content\/uploads\/2022\/10\/D4A6712.jpg?resize=706%2C470&amp;ssl=1 706w, https:\/\/i0.wp.com\/casadecampoliving.com\/wp-content\/uploads\/2022\/10\/D4A6712.jpg?resize=150%2C100&amp;ssl=1 150w, https:\/\/i0.wp.com\/casadecampoliving.com\/wp-content\/uploads\/2022\/10\/D4A6712.jpg?w=370&amp;ssl=1 370w\" sizes=\"auto, (max-width: 1000px) 100vw, 1000px\" \/><\/figure>\n\n\n\n<figure class=\"wp-block-image size-large\"><img data-recalc-dims=\"1\" loading=\"lazy\" decoding=\"async\" width=\"1000\" height=\"666\" data-id=\"415862\" src=\"https:\/\/i0.wp.com\/casadecampoliving.com\/wp-content\/uploads\/2022\/10\/D4A6840.jpg?resize=1000%2C666&#038;ssl=1\" alt=\"\" class=\"wp-image-415862\" srcset=\"https:\/\/i0.wp.com\/casadecampoliving.com\/wp-content\/uploads\/2022\/10\/D4A6840.jpg?w=1000&amp;ssl=1 1000w, https:\/\/i0.wp.com\/casadecampoliving.com\/wp-content\/uploads\/2022\/10\/D4A6840.jpg?resize=300%2C200&amp;ssl=1 300w, https:\/\/i0.wp.com\/casadecampoliving.com\/wp-content\/uploads\/2022\/10\/D4A6840.jpg?resize=768%2C511&amp;ssl=1 768w, https:\/\/i0.wp.com\/casadecampoliving.com\/wp-content\/uploads\/2022\/10\/D4A6840.jpg?resize=400%2C266&amp;ssl=1 400w, https:\/\/i0.wp.com\/casadecampoliving.com\/wp-content\/uploads\/2022\/10\/D4A6840.jpg?resize=706%2C470&amp;ssl=1 706w, https:\/\/i0.wp.com\/casadecampoliving.com\/wp-content\/uploads\/2022\/10\/D4A6840.jpg?resize=150%2C100&amp;ssl=1 150w, https:\/\/i0.wp.com\/casadecampoliving.com\/wp-content\/uploads\/2022\/10\/D4A6840.jpg?w=370&amp;ssl=1 370w\" sizes=\"auto, (max-width: 1000px) 100vw, 1000px\" \/><\/figure>\n\n\n\n<figure class=\"wp-block-image size-large\"><img data-recalc-dims=\"1\" loading=\"lazy\" decoding=\"async\" width=\"1000\" height=\"666\" data-id=\"415888\" src=\"https:\/\/i0.wp.com\/casadecampoliving.com\/wp-content\/uploads\/2022\/10\/D4A6861.jpg?resize=1000%2C666&#038;ssl=1\" alt=\"\" class=\"wp-image-415888\" srcset=\"https:\/\/i0.wp.com\/casadecampoliving.com\/wp-content\/uploads\/2022\/10\/D4A6861.jpg?w=1000&amp;ssl=1 1000w, https:\/\/i0.wp.com\/casadecampoliving.com\/wp-content\/uploads\/2022\/10\/D4A6861.jpg?resize=300%2C200&amp;ssl=1 300w, https:\/\/i0.wp.com\/casadecampoliving.com\/wp-content\/uploads\/2022\/10\/D4A6861.jpg?resize=768%2C511&amp;ssl=1 768w, https:\/\/i0.wp.com\/casadecampoliving.com\/wp-content\/uploads\/2022\/10\/D4A6861.jpg?resize=400%2C266&amp;ssl=1 400w, https:\/\/i0.wp.com\/casadecampoliving.com\/wp-content\/uploads\/2022\/10\/D4A6861.jpg?resize=706%2C470&amp;ssl=1 706w, https:\/\/i0.wp.com\/casadecampoliving.com\/wp-content\/uploads\/2022\/10\/D4A6861.jpg?resize=150%2C100&amp;ssl=1 150w, https:\/\/i0.wp.com\/casadecampoliving.com\/wp-content\/uploads\/2022\/10\/D4A6861.jpg?w=370&amp;ssl=1 370w\" sizes=\"auto, (max-width: 1000px) 100vw, 1000px\" \/><\/figure>\n\n\n\n<figure class=\"wp-block-image size-large\"><img data-recalc-dims=\"1\" loading=\"lazy\" decoding=\"async\" width=\"1000\" height=\"666\" data-id=\"415915\" src=\"https:\/\/i0.wp.com\/casadecampoliving.com\/wp-content\/uploads\/2022\/10\/D4A6931-2.jpg?resize=1000%2C666&#038;ssl=1\" alt=\"\" class=\"wp-image-415915\" srcset=\"https:\/\/i0.wp.com\/casadecampoliving.com\/wp-content\/uploads\/2022\/10\/D4A6931-2.jpg?w=1000&amp;ssl=1 1000w, https:\/\/i0.wp.com\/casadecampoliving.com\/wp-content\/uploads\/2022\/10\/D4A6931-2.jpg?resize=300%2C200&amp;ssl=1 300w, https:\/\/i0.wp.com\/casadecampoliving.com\/wp-content\/uploads\/2022\/10\/D4A6931-2.jpg?resize=768%2C511&amp;ssl=1 768w, https:\/\/i0.wp.com\/casadecampoliving.com\/wp-content\/uploads\/2022\/10\/D4A6931-2.jpg?resize=400%2C266&amp;ssl=1 400w, https:\/\/i0.wp.com\/casadecampoliving.com\/wp-content\/uploads\/2022\/10\/D4A6931-2.jpg?resize=706%2C470&amp;ssl=1 706w, https:\/\/i0.wp.com\/casadecampoliving.com\/wp-content\/uploads\/2022\/10\/D4A6931-2.jpg?resize=150%2C100&amp;ssl=1 150w, https:\/\/i0.wp.com\/casadecampoliving.com\/wp-content\/uploads\/2022\/10\/D4A6931-2.jpg?w=370&amp;ssl=1 370w\" sizes=\"auto, (max-width: 1000px) 100vw, 1000px\" \/><\/figure>\n\n\n\n<figure class=\"wp-block-image size-large\"><img data-recalc-dims=\"1\" loading=\"lazy\" decoding=\"async\" width=\"1000\" height=\"667\" data-id=\"415946\" src=\"https:\/\/i0.wp.com\/casadecampoliving.com\/wp-content\/uploads\/2022\/10\/IMG_8198.jpg?resize=1000%2C667&#038;ssl=1\" alt=\"\" class=\"wp-image-415946\" srcset=\"https:\/\/i0.wp.com\/casadecampoliving.com\/wp-content\/uploads\/2022\/10\/IMG_8198.jpg?w=1000&amp;ssl=1 1000w, https:\/\/i0.wp.com\/casadecampoliving.com\/wp-content\/uploads\/2022\/10\/IMG_8198.jpg?resize=300%2C200&amp;ssl=1 300w, https:\/\/i0.wp.com\/casadecampoliving.com\/wp-content\/uploads\/2022\/10\/IMG_8198.jpg?resize=768%2C512&amp;ssl=1 768w, https:\/\/i0.wp.com\/casadecampoliving.com\/wp-content\/uploads\/2022\/10\/IMG_8198.jpg?resize=400%2C267&amp;ssl=1 400w, https:\/\/i0.wp.com\/casadecampoliving.com\/wp-content\/uploads\/2022\/10\/IMG_8198.jpg?resize=706%2C471&amp;ssl=1 706w, https:\/\/i0.wp.com\/casadecampoliving.com\/wp-content\/uploads\/2022\/10\/IMG_8198.jpg?resize=150%2C100&amp;ssl=1 150w, https:\/\/i0.wp.com\/casadecampoliving.com\/wp-content\/uploads\/2022\/10\/IMG_8198.jpg?w=370&amp;ssl=1 370w\" sizes=\"auto, (max-width: 1000px) 100vw, 1000px\" \/><\/figure>\n\n\n\n<figure class=\"wp-block-image size-large\"><img data-recalc-dims=\"1\" loading=\"lazy\" decoding=\"async\" width=\"1000\" height=\"667\" data-id=\"415974\" src=\"https:\/\/i0.wp.com\/casadecampoliving.com\/wp-content\/uploads\/2022\/10\/IMG_8201-1.jpg?resize=1000%2C667&#038;ssl=1\" alt=\"\" class=\"wp-image-415974\" srcset=\"https:\/\/i0.wp.com\/casadecampoliving.com\/wp-content\/uploads\/2022\/10\/IMG_8201-1.jpg?w=1000&amp;ssl=1 1000w, https:\/\/i0.wp.com\/casadecampoliving.com\/wp-content\/uploads\/2022\/10\/IMG_8201-1.jpg?resize=300%2C200&amp;ssl=1 300w, https:\/\/i0.wp.com\/casadecampoliving.com\/wp-content\/uploads\/2022\/10\/IMG_8201-1.jpg?resize=768%2C512&amp;ssl=1 768w, https:\/\/i0.wp.com\/casadecampoliving.com\/wp-content\/uploads\/2022\/10\/IMG_8201-1.jpg?resize=400%2C267&amp;ssl=1 400w, https:\/\/i0.wp.com\/casadecampoliving.com\/wp-content\/uploads\/2022\/10\/IMG_8201-1.jpg?resize=706%2C471&amp;ssl=1 706w, https:\/\/i0.wp.com\/casadecampoliving.com\/wp-content\/uploads\/2022\/10\/IMG_8201-1.jpg?resize=150%2C100&amp;ssl=1 150w, https:\/\/i0.wp.com\/casadecampoliving.com\/wp-content\/uploads\/2022\/10\/IMG_8201-1.jpg?w=370&amp;ssl=1 370w\" sizes=\"auto, (max-width: 1000px) 100vw, 1000px\" \/><\/figure>\n\n\n\n<figure class=\"wp-block-image size-large\"><img data-recalc-dims=\"1\" loading=\"lazy\" decoding=\"async\" width=\"1000\" height=\"667\" data-id=\"416001\" src=\"https:\/\/i0.wp.com\/casadecampoliving.com\/wp-content\/uploads\/2022\/10\/IMG_8278.jpg?resize=1000%2C667&#038;ssl=1\" alt=\"\" class=\"wp-image-416001\" srcset=\"https:\/\/i0.wp.com\/casadecampoliving.com\/wp-content\/uploads\/2022\/10\/IMG_8278.jpg?w=1000&amp;ssl=1 1000w, https:\/\/i0.wp.com\/casadecampoliving.com\/wp-content\/uploads\/2022\/10\/IMG_8278.jpg?resize=300%2C200&amp;ssl=1 300w, https:\/\/i0.wp.com\/casadecampoliving.com\/wp-content\/uploads\/2022\/10\/IMG_8278.jpg?resize=768%2C512&amp;ssl=1 768w, https:\/\/i0.wp.com\/casadecampoliving.com\/wp-content\/uploads\/2022\/10\/IMG_8278.jpg?resize=400%2C267&amp;ssl=1 400w, https:\/\/i0.wp.com\/casadecampoliving.com\/wp-content\/uploads\/2022\/10\/IMG_8278.jpg?resize=706%2C471&amp;ssl=1 706w, https:\/\/i0.wp.com\/casadecampoliving.com\/wp-content\/uploads\/2022\/10\/IMG_8278.jpg?resize=150%2C100&amp;ssl=1 150w, https:\/\/i0.wp.com\/casadecampoliving.com\/wp-content\/uploads\/2022\/10\/IMG_8278.jpg?w=370&amp;ssl=1 370w\" sizes=\"auto, (max-width: 1000px) 100vw, 1000px\" \/><\/figure>\n\n\n\n<figure class=\"wp-block-image size-large\"><img data-recalc-dims=\"1\" loading=\"lazy\" decoding=\"async\" width=\"1000\" height=\"667\" data-id=\"416023\" src=\"https:\/\/i0.wp.com\/casadecampoliving.com\/wp-content\/uploads\/2022\/10\/IMG_8298.jpg?resize=1000%2C667&#038;ssl=1\" alt=\"\" class=\"wp-image-416023\" srcset=\"https:\/\/i0.wp.com\/casadecampoliving.com\/wp-content\/uploads\/2022\/10\/IMG_8298.jpg?w=1000&amp;ssl=1 1000w, https:\/\/i0.wp.com\/casadecampoliving.com\/wp-content\/uploads\/2022\/10\/IMG_8298.jpg?resize=300%2C200&amp;ssl=1 300w, https:\/\/i0.wp.com\/casadecampoliving.com\/wp-content\/uploads\/2022\/10\/IMG_8298.jpg?resize=768%2C512&amp;ssl=1 768w, https:\/\/i0.wp.com\/casadecampoliving.com\/wp-content\/uploads\/2022\/10\/IMG_8298.jpg?resize=400%2C267&amp;ssl=1 400w, https:\/\/i0.wp.com\/casadecampoliving.com\/wp-content\/uploads\/2022\/10\/IMG_8298.jpg?resize=706%2C471&amp;ssl=1 706w, https:\/\/i0.wp.com\/casadecampoliving.com\/wp-content\/uploads\/2022\/10\/IMG_8298.jpg?resize=150%2C100&amp;ssl=1 150w, https:\/\/i0.wp.com\/casadecampoliving.com\/wp-content\/uploads\/2022\/10\/IMG_8298.jpg?w=370&amp;ssl=1 370w\" sizes=\"auto, (max-width: 1000px) 100vw, 1000px\" \/><\/figure>\n\n\n\n<figure class=\"wp-block-image size-large\"><img data-recalc-dims=\"1\" loading=\"lazy\" decoding=\"async\" width=\"1000\" height=\"667\" data-id=\"416047\" src=\"https:\/\/i0.wp.com\/casadecampoliving.com\/wp-content\/uploads\/2022\/10\/IMG_8300.jpg?resize=1000%2C667&#038;ssl=1\" alt=\"\" class=\"wp-image-416047\" srcset=\"https:\/\/i0.wp.com\/casadecampoliving.com\/wp-content\/uploads\/2022\/10\/IMG_8300.jpg?w=1000&amp;ssl=1 1000w, https:\/\/i0.wp.com\/casadecampoliving.com\/wp-content\/uploads\/2022\/10\/IMG_8300.jpg?resize=300%2C200&amp;ssl=1 300w, https:\/\/i0.wp.com\/casadecampoliving.com\/wp-content\/uploads\/2022\/10\/IMG_8300.jpg?resize=768%2C512&amp;ssl=1 768w, https:\/\/i0.wp.com\/casadecampoliving.com\/wp-content\/uploads\/2022\/10\/IMG_8300.jpg?resize=400%2C267&amp;ssl=1 400w, https:\/\/i0.wp.com\/casadecampoliving.com\/wp-content\/uploads\/2022\/10\/IMG_8300.jpg?resize=706%2C471&amp;ssl=1 706w, https:\/\/i0.wp.com\/casadecampoliving.com\/wp-content\/uploads\/2022\/10\/IMG_8300.jpg?resize=150%2C100&amp;ssl=1 150w, https:\/\/i0.wp.com\/casadecampoliving.com\/wp-content\/uploads\/2022\/10\/IMG_8300.jpg?w=370&amp;ssl=1 370w\" sizes=\"auto, (max-width: 1000px) 100vw, 1000px\" \/><\/figure>\n\n\n\n<figure class=\"wp-block-image size-large\"><img data-recalc-dims=\"1\" loading=\"lazy\" decoding=\"async\" width=\"1000\" height=\"667\" data-id=\"416071\" src=\"https:\/\/i0.wp.com\/casadecampoliving.com\/wp-content\/uploads\/2022\/10\/IMG_8384.jpg?resize=1000%2C667&#038;ssl=1\" alt=\"\" class=\"wp-image-416071\" srcset=\"https:\/\/i0.wp.com\/casadecampoliving.com\/wp-content\/uploads\/2022\/10\/IMG_8384.jpg?w=1000&amp;ssl=1 1000w, https:\/\/i0.wp.com\/casadecampoliving.com\/wp-content\/uploads\/2022\/10\/IMG_8384.jpg?resize=300%2C200&amp;ssl=1 300w, https:\/\/i0.wp.com\/casadecampoliving.com\/wp-content\/uploads\/2022\/10\/IMG_8384.jpg?resize=768%2C512&amp;ssl=1 768w, https:\/\/i0.wp.com\/casadecampoliving.com\/wp-content\/uploads\/2022\/10\/IMG_8384.jpg?resize=400%2C267&amp;ssl=1 400w, https:\/\/i0.wp.com\/casadecampoliving.com\/wp-content\/uploads\/2022\/10\/IMG_8384.jpg?resize=706%2C471&amp;ssl=1 706w, https:\/\/i0.wp.com\/casadecampoliving.com\/wp-content\/uploads\/2022\/10\/IMG_8384.jpg?resize=150%2C100&amp;ssl=1 150w, https:\/\/i0.wp.com\/casadecampoliving.com\/wp-content\/uploads\/2022\/10\/IMG_8384.jpg?w=370&amp;ssl=1 370w\" sizes=\"auto, (max-width: 1000px) 100vw, 1000px\" \/><\/figure>\n\n\n\n<figure class=\"wp-block-image size-large\"><img data-recalc-dims=\"1\" loading=\"lazy\" decoding=\"async\" width=\"1000\" height=\"667\" data-id=\"416101\" src=\"https:\/\/i0.wp.com\/casadecampoliving.com\/wp-content\/uploads\/2022\/10\/IMG_8429.jpg?resize=1000%2C667&#038;ssl=1\" alt=\"\" class=\"wp-image-416101\" srcset=\"https:\/\/i0.wp.com\/casadecampoliving.com\/wp-content\/uploads\/2022\/10\/IMG_8429.jpg?w=1000&amp;ssl=1 1000w, https:\/\/i0.wp.com\/casadecampoliving.com\/wp-content\/uploads\/2022\/10\/IMG_8429.jpg?resize=300%2C200&amp;ssl=1 300w, https:\/\/i0.wp.com\/casadecampoliving.com\/wp-content\/uploads\/2022\/10\/IMG_8429.jpg?resize=768%2C512&amp;ssl=1 768w, https:\/\/i0.wp.com\/casadecampoliving.com\/wp-content\/uploads\/2022\/10\/IMG_8429.jpg?resize=400%2C267&amp;ssl=1 400w, https:\/\/i0.wp.com\/casadecampoliving.com\/wp-content\/uploads\/2022\/10\/IMG_8429.jpg?resize=706%2C471&amp;ssl=1 706w, https:\/\/i0.wp.com\/casadecampoliving.com\/wp-content\/uploads\/2022\/10\/IMG_8429.jpg?resize=150%2C100&amp;ssl=1 150w, https:\/\/i0.wp.com\/casadecampoliving.com\/wp-content\/uploads\/2022\/10\/IMG_8429.jpg?w=370&amp;ssl=1 370w\" sizes=\"auto, (max-width: 1000px) 100vw, 1000px\" \/><\/figure>\n\n\n\n<figure class=\"wp-block-image size-large\"><img data-recalc-dims=\"1\" loading=\"lazy\" decoding=\"async\" width=\"1000\" height=\"667\" data-id=\"416117\" src=\"https:\/\/i0.wp.com\/casadecampoliving.com\/wp-content\/uploads\/2022\/10\/IMG_8458.jpg?resize=1000%2C667&#038;ssl=1\" alt=\"\" class=\"wp-image-416117\" srcset=\"https:\/\/i0.wp.com\/casadecampoliving.com\/wp-content\/uploads\/2022\/10\/IMG_8458.jpg?w=1000&amp;ssl=1 1000w, https:\/\/i0.wp.com\/casadecampoliving.com\/wp-content\/uploads\/2022\/10\/IMG_8458.jpg?resize=300%2C200&amp;ssl=1 300w, https:\/\/i0.wp.com\/casadecampoliving.com\/wp-content\/uploads\/2022\/10\/IMG_8458.jpg?resize=768%2C512&amp;ssl=1 768w, https:\/\/i0.wp.com\/casadecampoliving.com\/wp-content\/uploads\/2022\/10\/IMG_8458.jpg?resize=400%2C267&amp;ssl=1 400w, https:\/\/i0.wp.com\/casadecampoliving.com\/wp-content\/uploads\/2022\/10\/IMG_8458.jpg?resize=706%2C471&amp;ssl=1 706w, https:\/\/i0.wp.com\/casadecampoliving.com\/wp-content\/uploads\/2022\/10\/IMG_8458.jpg?resize=150%2C100&amp;ssl=1 150w, https:\/\/i0.wp.com\/casadecampoliving.com\/wp-content\/uploads\/2022\/10\/IMG_8458.jpg?w=370&amp;ssl=1 370w\" sizes=\"auto, (max-width: 1000px) 100vw, 1000px\" \/><\/figure>\n\n\n\n<figure class=\"wp-block-image size-large\"><img data-recalc-dims=\"1\" loading=\"lazy\" decoding=\"async\" width=\"1000\" height=\"667\" data-id=\"416147\" src=\"https:\/\/i0.wp.com\/casadecampoliving.com\/wp-content\/uploads\/2022\/10\/IMG_8478.jpg?resize=1000%2C667&#038;ssl=1\" alt=\"\" class=\"wp-image-416147\" srcset=\"https:\/\/i0.wp.com\/casadecampoliving.com\/wp-content\/uploads\/2022\/10\/IMG_8478.jpg?w=1000&amp;ssl=1 1000w, https:\/\/i0.wp.com\/casadecampoliving.com\/wp-content\/uploads\/2022\/10\/IMG_8478.jpg?resize=300%2C200&amp;ssl=1 300w, https:\/\/i0.wp.com\/casadecampoliving.com\/wp-content\/uploads\/2022\/10\/IMG_8478.jpg?resize=768%2C512&amp;ssl=1 768w, https:\/\/i0.wp.com\/casadecampoliving.com\/wp-content\/uploads\/2022\/10\/IMG_8478.jpg?resize=400%2C267&amp;ssl=1 400w, https:\/\/i0.wp.com\/casadecampoliving.com\/wp-content\/uploads\/2022\/10\/IMG_8478.jpg?resize=706%2C471&amp;ssl=1 706w, https:\/\/i0.wp.com\/casadecampoliving.com\/wp-content\/uploads\/2022\/10\/IMG_8478.jpg?resize=150%2C100&amp;ssl=1 150w, https:\/\/i0.wp.com\/casadecampoliving.com\/wp-content\/uploads\/2022\/10\/IMG_8478.jpg?w=370&amp;ssl=1 370w\" sizes=\"auto, (max-width: 1000px) 100vw, 1000px\" \/><\/figure>\n\n\n\n<figure class=\"wp-block-image size-large\"><img data-recalc-dims=\"1\" loading=\"lazy\" decoding=\"async\" width=\"1000\" height=\"667\" data-id=\"416163\" src=\"https:\/\/i0.wp.com\/casadecampoliving.com\/wp-content\/uploads\/2022\/10\/IMG_8482.jpg?resize=1000%2C667&#038;ssl=1\" alt=\"\" class=\"wp-image-416163\" srcset=\"https:\/\/i0.wp.com\/casadecampoliving.com\/wp-content\/uploads\/2022\/10\/IMG_8482.jpg?w=1000&amp;ssl=1 1000w, https:\/\/i0.wp.com\/casadecampoliving.com\/wp-content\/uploads\/2022\/10\/IMG_8482.jpg?resize=300%2C200&amp;ssl=1 300w, https:\/\/i0.wp.com\/casadecampoliving.com\/wp-content\/uploads\/2022\/10\/IMG_8482.jpg?resize=768%2C512&amp;ssl=1 768w, https:\/\/i0.wp.com\/casadecampoliving.com\/wp-content\/uploads\/2022\/10\/IMG_8482.jpg?resize=400%2C267&amp;ssl=1 400w, https:\/\/i0.wp.com\/casadecampoliving.com\/wp-content\/uploads\/2022\/10\/IMG_8482.jpg?resize=706%2C471&amp;ssl=1 706w, https:\/\/i0.wp.com\/casadecampoliving.com\/wp-content\/uploads\/2022\/10\/IMG_8482.jpg?resize=150%2C100&amp;ssl=1 150w, https:\/\/i0.wp.com\/casadecampoliving.com\/wp-content\/uploads\/2022\/10\/IMG_8482.jpg?w=370&amp;ssl=1 370w\" sizes=\"auto, (max-width: 1000px) 100vw, 1000px\" \/><\/figure>\n\n\n\n<figure class=\"wp-block-image size-large\"><img data-recalc-dims=\"1\" loading=\"lazy\" decoding=\"async\" width=\"1000\" height=\"667\" data-id=\"416190\" src=\"https:\/\/i0.wp.com\/casadecampoliving.com\/wp-content\/uploads\/2022\/10\/IMG_8494.jpg?resize=1000%2C667&#038;ssl=1\" alt=\"\" class=\"wp-image-416190\" srcset=\"https:\/\/i0.wp.com\/casadecampoliving.com\/wp-content\/uploads\/2022\/10\/IMG_8494.jpg?w=1000&amp;ssl=1 1000w, https:\/\/i0.wp.com\/casadecampoliving.com\/wp-content\/uploads\/2022\/10\/IMG_8494.jpg?resize=300%2C200&amp;ssl=1 300w, https:\/\/i0.wp.com\/casadecampoliving.com\/wp-content\/uploads\/2022\/10\/IMG_8494.jpg?resize=768%2C512&amp;ssl=1 768w, https:\/\/i0.wp.com\/casadecampoliving.com\/wp-content\/uploads\/2022\/10\/IMG_8494.jpg?resize=400%2C267&amp;ssl=1 400w, https:\/\/i0.wp.com\/casadecampoliving.com\/wp-content\/uploads\/2022\/10\/IMG_8494.jpg?resize=706%2C471&amp;ssl=1 706w, https:\/\/i0.wp.com\/casadecampoliving.com\/wp-content\/uploads\/2022\/10\/IMG_8494.jpg?resize=150%2C100&amp;ssl=1 150w, https:\/\/i0.wp.com\/casadecampoliving.com\/wp-content\/uploads\/2022\/10\/IMG_8494.jpg?w=370&amp;ssl=1 370w\" sizes=\"auto, (max-width: 1000px) 100vw, 1000px\" \/><\/figure>\n\n\n\n<figure class=\"wp-block-image size-large\"><img data-recalc-dims=\"1\" loading=\"lazy\" decoding=\"async\" width=\"1000\" height=\"667\" data-id=\"416209\" src=\"https:\/\/i0.wp.com\/casadecampoliving.com\/wp-content\/uploads\/2022\/10\/IMG_8499.jpg?resize=1000%2C667&#038;ssl=1\" alt=\"\" class=\"wp-image-416209\" srcset=\"https:\/\/i0.wp.com\/casadecampoliving.com\/wp-content\/uploads\/2022\/10\/IMG_8499.jpg?w=1000&amp;ssl=1 1000w, https:\/\/i0.wp.com\/casadecampoliving.com\/wp-content\/uploads\/2022\/10\/IMG_8499.jpg?resize=300%2C200&amp;ssl=1 300w, https:\/\/i0.wp.com\/casadecampoliving.com\/wp-content\/uploads\/2022\/10\/IMG_8499.jpg?resize=768%2C512&amp;ssl=1 768w, https:\/\/i0.wp.com\/casadecampoliving.com\/wp-content\/uploads\/2022\/10\/IMG_8499.jpg?resize=400%2C267&amp;ssl=1 400w, https:\/\/i0.wp.com\/casadecampoliving.com\/wp-content\/uploads\/2022\/10\/IMG_8499.jpg?resize=706%2C471&amp;ssl=1 706w, https:\/\/i0.wp.com\/casadecampoliving.com\/wp-content\/uploads\/2022\/10\/IMG_8499.jpg?resize=150%2C100&amp;ssl=1 150w, https:\/\/i0.wp.com\/casadecampoliving.com\/wp-content\/uploads\/2022\/10\/IMG_8499.jpg?w=370&amp;ssl=1 370w\" sizes=\"auto, (max-width: 1000px) 100vw, 1000px\" \/><\/figure>\n\n\n\n<figure class=\"wp-block-image size-large\"><img data-recalc-dims=\"1\" loading=\"lazy\" decoding=\"async\" width=\"1000\" height=\"667\" data-id=\"416236\" src=\"https:\/\/i0.wp.com\/casadecampoliving.com\/wp-content\/uploads\/2022\/10\/IMG_8503.jpg?resize=1000%2C667&#038;ssl=1\" alt=\"\" class=\"wp-image-416236\" srcset=\"https:\/\/i0.wp.com\/casadecampoliving.com\/wp-content\/uploads\/2022\/10\/IMG_8503.jpg?w=1000&amp;ssl=1 1000w, https:\/\/i0.wp.com\/casadecampoliving.com\/wp-content\/uploads\/2022\/10\/IMG_8503.jpg?resize=300%2C200&amp;ssl=1 300w, https:\/\/i0.wp.com\/casadecampoliving.com\/wp-content\/uploads\/2022\/10\/IMG_8503.jpg?resize=768%2C512&amp;ssl=1 768w, https:\/\/i0.wp.com\/casadecampoliving.com\/wp-content\/uploads\/2022\/10\/IMG_8503.jpg?resize=400%2C267&amp;ssl=1 400w, https:\/\/i0.wp.com\/casadecampoliving.com\/wp-content\/uploads\/2022\/10\/IMG_8503.jpg?resize=706%2C471&amp;ssl=1 706w, https:\/\/i0.wp.com\/casadecampoliving.com\/wp-content\/uploads\/2022\/10\/IMG_8503.jpg?resize=150%2C100&amp;ssl=1 150w, https:\/\/i0.wp.com\/casadecampoliving.com\/wp-content\/uploads\/2022\/10\/IMG_8503.jpg?w=370&amp;ssl=1 370w\" sizes=\"auto, (max-width: 1000px) 100vw, 1000px\" \/><\/figure>\n\n\n\n<figure class=\"wp-block-image size-large\"><img data-recalc-dims=\"1\" loading=\"lazy\" decoding=\"async\" width=\"1000\" height=\"667\" data-id=\"416260\" src=\"https:\/\/i0.wp.com\/casadecampoliving.com\/wp-content\/uploads\/2022\/10\/IMG_8531.jpg?resize=1000%2C667&#038;ssl=1\" alt=\"\" class=\"wp-image-416260\" srcset=\"https:\/\/i0.wp.com\/casadecampoliving.com\/wp-content\/uploads\/2022\/10\/IMG_8531.jpg?w=1000&amp;ssl=1 1000w, https:\/\/i0.wp.com\/casadecampoliving.com\/wp-content\/uploads\/2022\/10\/IMG_8531.jpg?resize=300%2C200&amp;ssl=1 300w, https:\/\/i0.wp.com\/casadecampoliving.com\/wp-content\/uploads\/2022\/10\/IMG_8531.jpg?resize=768%2C512&amp;ssl=1 768w, https:\/\/i0.wp.com\/casadecampoliving.com\/wp-content\/uploads\/2022\/10\/IMG_8531.jpg?resize=400%2C267&amp;ssl=1 400w, https:\/\/i0.wp.com\/casadecampoliving.com\/wp-content\/uploads\/2022\/10\/IMG_8531.jpg?resize=706%2C471&amp;ssl=1 706w, https:\/\/i0.wp.com\/casadecampoliving.com\/wp-content\/uploads\/2022\/10\/IMG_8531.jpg?resize=150%2C100&amp;ssl=1 150w, https:\/\/i0.wp.com\/casadecampoliving.com\/wp-content\/uploads\/2022\/10\/IMG_8531.jpg?w=370&amp;ssl=1 370w\" sizes=\"auto, (max-width: 1000px) 100vw, 1000px\" \/><\/figure>\n\n\n\n<figure class=\"wp-block-image size-large\"><img data-recalc-dims=\"1\" loading=\"lazy\" decoding=\"async\" width=\"1000\" height=\"667\" data-id=\"416282\" src=\"https:\/\/i0.wp.com\/casadecampoliving.com\/wp-content\/uploads\/2022\/10\/IMG_8543.jpg?resize=1000%2C667&#038;ssl=1\" alt=\"\" class=\"wp-image-416282\" srcset=\"https:\/\/i0.wp.com\/casadecampoliving.com\/wp-content\/uploads\/2022\/10\/IMG_8543.jpg?w=1000&amp;ssl=1 1000w, https:\/\/i0.wp.com\/casadecampoliving.com\/wp-content\/uploads\/2022\/10\/IMG_8543.jpg?resize=300%2C200&amp;ssl=1 300w, https:\/\/i0.wp.com\/casadecampoliving.com\/wp-content\/uploads\/2022\/10\/IMG_8543.jpg?resize=768%2C512&amp;ssl=1 768w, https:\/\/i0.wp.com\/casadecampoliving.com\/wp-content\/uploads\/2022\/10\/IMG_8543.jpg?resize=400%2C267&amp;ssl=1 400w, https:\/\/i0.wp.com\/casadecampoliving.com\/wp-content\/uploads\/2022\/10\/IMG_8543.jpg?resize=706%2C471&amp;ssl=1 706w, https:\/\/i0.wp.com\/casadecampoliving.com\/wp-content\/uploads\/2022\/10\/IMG_8543.jpg?resize=150%2C100&amp;ssl=1 150w, https:\/\/i0.wp.com\/casadecampoliving.com\/wp-content\/uploads\/2022\/10\/IMG_8543.jpg?w=370&amp;ssl=1 370w\" sizes=\"auto, (max-width: 1000px) 100vw, 1000px\" \/><\/figure>\n\n\n\n<figure class=\"wp-block-image size-large\"><img data-recalc-dims=\"1\" loading=\"lazy\" decoding=\"async\" width=\"1000\" height=\"667\" data-id=\"416309\" src=\"https:\/\/i0.wp.com\/casadecampoliving.com\/wp-content\/uploads\/2022\/10\/IMG_8557.jpg?resize=1000%2C667&#038;ssl=1\" alt=\"\" class=\"wp-image-416309\" srcset=\"https:\/\/i0.wp.com\/casadecampoliving.com\/wp-content\/uploads\/2022\/10\/IMG_8557.jpg?w=1000&amp;ssl=1 1000w, https:\/\/i0.wp.com\/casadecampoliving.com\/wp-content\/uploads\/2022\/10\/IMG_8557.jpg?resize=300%2C200&amp;ssl=1 300w, https:\/\/i0.wp.com\/casadecampoliving.com\/wp-content\/uploads\/2022\/10\/IMG_8557.jpg?resize=768%2C512&amp;ssl=1 768w, https:\/\/i0.wp.com\/casadecampoliving.com\/wp-content\/uploads\/2022\/10\/IMG_8557.jpg?resize=400%2C267&amp;ssl=1 400w, https:\/\/i0.wp.com\/casadecampoliving.com\/wp-content\/uploads\/2022\/10\/IMG_8557.jpg?resize=706%2C471&amp;ssl=1 706w, https:\/\/i0.wp.com\/casadecampoliving.com\/wp-content\/uploads\/2022\/10\/IMG_8557.jpg?resize=150%2C100&amp;ssl=1 150w, https:\/\/i0.wp.com\/casadecampoliving.com\/wp-content\/uploads\/2022\/10\/IMG_8557.jpg?w=370&amp;ssl=1 370w\" sizes=\"auto, (max-width: 1000px) 100vw, 1000px\" \/><\/figure>\n\n\n\n<figure class=\"wp-block-image size-large\"><img data-recalc-dims=\"1\" loading=\"lazy\" decoding=\"async\" width=\"667\" height=\"1000\" data-id=\"416334\" src=\"https:\/\/i0.wp.com\/casadecampoliving.com\/wp-content\/uploads\/2022\/10\/IMG_9726-2.jpg?resize=667%2C1000&#038;ssl=1\" alt=\"\" class=\"wp-image-416334\" srcset=\"https:\/\/i0.wp.com\/casadecampoliving.com\/wp-content\/uploads\/2022\/10\/IMG_9726-2.jpg?w=667&amp;ssl=1 667w, https:\/\/i0.wp.com\/casadecampoliving.com\/wp-content\/uploads\/2022\/10\/IMG_9726-2.jpg?resize=200%2C300&amp;ssl=1 200w, https:\/\/i0.wp.com\/casadecampoliving.com\/wp-content\/uploads\/2022\/10\/IMG_9726-2.jpg?resize=400%2C600&amp;ssl=1 400w, https:\/\/i0.wp.com\/casadecampoliving.com\/wp-content\/uploads\/2022\/10\/IMG_9726-2.jpg?resize=150%2C225&amp;ssl=1 150w, https:\/\/i0.wp.com\/casadecampoliving.com\/wp-content\/uploads\/2022\/10\/IMG_9726-2.jpg?w=370&amp;ssl=1 370w\" sizes=\"auto, (max-width: 667px) 100vw, 667px\" \/><\/figure>\n\n\n\n<figure class=\"wp-block-image size-large\"><img data-recalc-dims=\"1\" loading=\"lazy\" decoding=\"async\" width=\"667\" height=\"1000\" data-id=\"416359\" src=\"https:\/\/i0.wp.com\/casadecampoliving.com\/wp-content\/uploads\/2022\/10\/IMG_9766.jpg?resize=667%2C1000&#038;ssl=1\" alt=\"\" class=\"wp-image-416359\" srcset=\"https:\/\/i0.wp.com\/casadecampoliving.com\/wp-content\/uploads\/2022\/10\/IMG_9766.jpg?w=667&amp;ssl=1 667w, https:\/\/i0.wp.com\/casadecampoliving.com\/wp-content\/uploads\/2022\/10\/IMG_9766.jpg?resize=200%2C300&amp;ssl=1 200w, https:\/\/i0.wp.com\/casadecampoliving.com\/wp-content\/uploads\/2022\/10\/IMG_9766.jpg?resize=400%2C600&amp;ssl=1 400w, https:\/\/i0.wp.com\/casadecampoliving.com\/wp-content\/uploads\/2022\/10\/IMG_9766.jpg?resize=150%2C225&amp;ssl=1 150w, https:\/\/i0.wp.com\/casadecampoliving.com\/wp-content\/uploads\/2022\/10\/IMG_9766.jpg?w=370&amp;ssl=1 370w\" sizes=\"auto, (max-width: 667px) 100vw, 667px\" \/><\/figure>\n\n\n\n<figure class=\"wp-block-image size-large\"><img data-recalc-dims=\"1\" loading=\"lazy\" decoding=\"async\" width=\"1000\" height=\"667\" data-id=\"416386\" src=\"https:\/\/i0.wp.com\/casadecampoliving.com\/wp-content\/uploads\/2022\/10\/IMG_9769.jpg?resize=1000%2C667&#038;ssl=1\" alt=\"\" class=\"wp-image-416386\" srcset=\"https:\/\/i0.wp.com\/casadecampoliving.com\/wp-content\/uploads\/2022\/10\/IMG_9769.jpg?w=1000&amp;ssl=1 1000w, https:\/\/i0.wp.com\/casadecampoliving.com\/wp-content\/uploads\/2022\/10\/IMG_9769.jpg?resize=300%2C200&amp;ssl=1 300w, https:\/\/i0.wp.com\/casadecampoliving.com\/wp-content\/uploads\/2022\/10\/IMG_9769.jpg?resize=768%2C512&amp;ssl=1 768w, https:\/\/i0.wp.com\/casadecampoliving.com\/wp-content\/uploads\/2022\/10\/IMG_9769.jpg?resize=400%2C267&amp;ssl=1 400w, https:\/\/i0.wp.com\/casadecampoliving.com\/wp-content\/uploads\/2022\/10\/IMG_9769.jpg?resize=706%2C471&amp;ssl=1 706w, https:\/\/i0.wp.com\/casadecampoliving.com\/wp-content\/uploads\/2022\/10\/IMG_9769.jpg?resize=150%2C100&amp;ssl=1 150w, https:\/\/i0.wp.com\/casadecampoliving.com\/wp-content\/uploads\/2022\/10\/IMG_9769.jpg?w=370&amp;ssl=1 370w\" sizes=\"auto, (max-width: 1000px) 100vw, 1000px\" \/><\/figure>\n<\/figure>\n\n<blockquote>&nbsp;\n\n<strong><a href=\"https:\/\/casadecampoliving.com\/the-fundacion-mir\/\">Fundaci\u00f3n&nbsp;MIR<\/a><\/strong>\n\n<img data-recalc-dims=\"1\" loading=\"lazy\" decoding=\"async\" class=\"alignright size-thumbnail wp-image-164104\" src=\"https:\/\/i0.wp.com\/casadecampoliving-wp.s3-accelerate.amazonaws.com\/2018\/10\/fundacion-mir-logo-150x150.png?resize=150%2C150&#038;ssl=1\" sizes=\"auto, (max-width: 150px) 100vw, 150px\" srcset=\"https:\/\/casadecampoliving-wp.s3-accelerate.amazonaws.com\/2018\/10\/fundacion-mir-logo-150x150.png 150w, https:\/\/casadecampoliving-wp.s3-accelerate.amazonaws.com\/2018\/10\/fundacion-mir-logo-300x300.png 300w, https:\/\/casadecampoliving-wp.s3-accelerate.amazonaws.com\/2018\/10\/fundacion-mir-logo-80x80.png 80w, https:\/\/casadecampoliving-wp.s3-accelerate.amazonaws.com\/2018\/10\/fundacion-mir-logo.png 576w\" alt=\"\" width=\"150\" height=\"150\">\n\nLa&nbsp;<a href=\"https:\/\/casadecampoliving.com\/the-fundacion-mir\/\">Fundaci\u00f3n MIR&nbsp;<\/a>&nbsp;es una organizac\u00f3n sin fines de lucro que trabaja para proveerle educaci\u00f3n a los ni\u00f1os m\u00e1s necesitados de La Romana. Ellos dirigen tres escuelas; MIR Esperanza (escuela vocacional de ni\u00f1os), la Escuela Tecnica Vocacional&nbsp;Fundaci\u00f3n&nbsp;MIR (escuela vocacional de ni\u00f1as) y la&nbsp;<a href=\"https:\/\/casadecampoliving.com\/the-fundacion-mir\/\">Primaria MIR&nbsp;<\/a>(escuela infantil).\n\nPara m\u00e1s informaci\u00f3n sobre la Fundaci\u00f3n MIR y para hacer una donaci\u00f3n, favor visitar la p\u00e1gina web:&nbsp;<a href=\"http:\/\/www.mirinternational.org\/\">www.FundacionMIR.org<\/a>\n\nPara hacer una donaci\u00f3n contacte la oficina MIR en Casa de Campo(809-523-8270) o en West Palm Beach (561-366-5095). \u00a1Donaciones para los ciudadanos de Estados Unidos son deducibles de impuestos!\n\n<em><strong><a href=\"https:\/\/casadecampoliving.com\/the-fundacion-mir\/\">Para descrubir m\u00e1s y leer art\u00edculos sobre otros eventos organizados por la Fundaci\u00f3n MIR \u2013 \u00a1cliquee aqu\u00ed!<\/a><\/strong><\/em><\/blockquote>","protected":false},"excerpt":{"rendered":"<p>El pasado Viernes 11 de enero, el Sr. Ministro de Salud; Rafael S\u00e1nchez C\u00e1rdenas, visit\u00f3 las instalaciones de la Fundaci\u00f3n MIR y se hizo entrega oficial de la habilitaci\u00f3n de la Cl\u00ednica Dental World of Smiles a operar regularmente en Campo MIR Esperanza. La cl\u00ednica cuenta con dos consultorios; un cuarto de Rayos X y [&hellip;]<\/p>\n","protected":false},"author":36791,"featured_media":294202,"comment_status":"closed","ping_status":"closed","sticky":false,"template":"","format":"standard","meta":{"newspack_ads_suppress_ads":false,"newspack_popups_has_disabled_popups":false,"newspack_sponsor_sponsorship_scope":"","newspack_sponsor_native_byline_display":"inherit","newspack_sponsor_native_category_display":"inherit","newspack_sponsor_underwriter_style":"inherit","newspack_sponsor_underwriter_placement":"inherit","_newspack_byline_active":false,"_newspack_byline":"","newspack_hide_updated_date":false,"newspack_show_updated_date":false,"newspack_content_restriction_is_exempt":false,"newspack_featured_image_position":"","newspack_post_subtitle":"","newspack_article_summary_title":"Overview:","newspack_article_summary":"","_jetpack_memberships_contains_paid_content":false,"footnotes":"","jetpack_publicize_message":"","jetpack_publicize_feature_enabled":true,"jetpack_social_post_already_shared":false,"jetpack_social_options":{"image_generator_settings":{"template":"highway","default_image_id":0,"font":"","enabled":false},"version":2},"_wpas_customize_per_network":false},"categories":[172,75,51,526,527,72,12567],"tags":[18078,14736,24715,13829,18075,18932],"newspack_spnsrs_tax":[],"class_list":["post-353119","post","type-post","status-publish","format-standard","has-post-thumbnail","hentry","category-beyond-casa","category-dominican-republic","category-events-and-activities","category-explore-la-romana","category-fundacion-mir","category-health","category-philanthrophy","tag-clinica-dental","tag-featured-topview-es","tag-fundacion-mir-es","tag-fundacion-mir","tag-iniciativa-dental","tag-la-romana-es-4","entry"],"yoast_head":"<!-- This site is optimized with the Yoast SEO plugin v27.5 - https:\/\/yoast.com\/product\/yoast-seo-wordpress\/ -->\n<title>El ministro de Salud, Rafael S\u00e1nchez C\u00e1rdenas, visita el colegio Fundaci\u00f3n MIR Campo Esperanza. | Casa de Campo Living<\/title>\n<meta name=\"description\" content=\"El pasado Viernes 11 de enero, el Sr. Ministro de Salud; Rafael S\u00e1nchez C\u00e1rdenas, visit\u00f3 las instalaciones de la Fundaci\u00f3n MIR y se hizo entrega oficial\" \/>\n<meta name=\"robots\" content=\"index, follow, max-snippet:-1, max-image-preview:large, max-video-preview:-1\" \/>\n<link rel=\"canonical\" href=\"https:\/\/casadecampoliving.com\/es\/minister-health-rafael-sanchez-cardenas-visits-fundacion-mir-campo-esperanza-school-2\/\" \/>\n<meta property=\"og:locale\" content=\"es_ES\" \/>\n<meta property=\"og:type\" content=\"article\" \/>\n<meta property=\"og:title\" content=\"El ministro de Salud, Rafael S\u00e1nchez C\u00e1rdenas, visita el colegio Fundaci\u00f3n MIR Campo Esperanza. | Casa de Campo Living\" \/>\n<meta property=\"og:description\" content=\"El pasado Viernes 11 de enero, el Sr. Ministro de Salud; Rafael S\u00e1nchez C\u00e1rdenas, visit\u00f3 las instalaciones de la Fundaci\u00f3n MIR y se hizo entrega oficial\" \/>\n<meta property=\"og:url\" content=\"https:\/\/casadecampoliving.com\/es\/minister-health-rafael-sanchez-cardenas-visits-fundacion-mir-campo-esperanza-school-2\/\" \/>\n<meta property=\"og:site_name\" content=\"Casa de Campo Living\" \/>\n<meta property=\"article:publisher\" content=\"https:\/\/www.facebook.com\/casadecampoliving\" \/>\n<meta property=\"article:published_time\" content=\"2019-01-14T04:00:00+00:00\" \/>\n<meta property=\"article:modified_time\" content=\"2022-11-10T14:34:43+00:00\" \/>\n<meta property=\"og:image\" content=\"https:\/\/i0.wp.com\/casadecampoliving.com\/wp-content\/uploads\/2022\/10\/IMG_8525.jpg?fit=1000%2C667&ssl=1\" \/>\n\t<meta property=\"og:image:width\" content=\"1000\" \/>\n\t<meta property=\"og:image:height\" content=\"667\" \/>\n\t<meta property=\"og:image:type\" content=\"image\/jpeg\" \/>\n<meta name=\"author\" content=\"Casa de Campo Living\" \/>\n<meta name=\"twitter:card\" content=\"summary_large_image\" \/>\n<meta name=\"twitter:creator\" content=\"@cdcliving\" \/>\n<meta name=\"twitter:site\" content=\"@cdcliving\" \/>\n<meta name=\"twitter:label1\" content=\"Escrito por\" \/>\n\t<meta name=\"twitter:data1\" content=\"Casa de Campo Living\" \/>\n\t<meta name=\"twitter:label2\" content=\"Tiempo de lectura\" \/>\n\t<meta name=\"twitter:data2\" content=\"2 minutos\" \/>\n<script type=\"application\/ld+json\" class=\"yoast-schema-graph\">{\"@context\":\"https:\\\/\\\/schema.org\",\"@graph\":[{\"@type\":\"Article\",\"@id\":\"https:\\\/\\\/casadecampoliving.com\\\/es\\\/minister-health-rafael-sanchez-cardenas-visits-fundacion-mir-campo-esperanza-school-2\\\/#article\",\"isPartOf\":{\"@id\":\"https:\\\/\\\/casadecampoliving.com\\\/es\\\/minister-health-rafael-sanchez-cardenas-visits-fundacion-mir-campo-esperanza-school-2\\\/\"},\"author\":{\"name\":\"Casa de Campo Living\",\"@id\":\"https:\\\/\\\/casadecampoliving.com\\\/es\\\/#\\\/schema\\\/person\\\/5d2171637a9d11e0e43ce6b8555f9422\"},\"headline\":\"El ministro de Salud, Rafael S\u00e1nchez C\u00e1rdenas, visita el colegio Fundaci\u00f3n MIR Campo Esperanza.\",\"datePublished\":\"2019-01-14T04:00:00+00:00\",\"dateModified\":\"2022-11-10T14:34:43+00:00\",\"mainEntityOfPage\":{\"@id\":\"https:\\\/\\\/casadecampoliving.com\\\/es\\\/minister-health-rafael-sanchez-cardenas-visits-fundacion-mir-campo-esperanza-school-2\\\/\"},\"wordCount\":515,\"publisher\":{\"@id\":\"https:\\\/\\\/casadecampoliving.com\\\/es\\\/#organization\"},\"image\":{\"@id\":\"https:\\\/\\\/casadecampoliving.com\\\/es\\\/minister-health-rafael-sanchez-cardenas-visits-fundacion-mir-campo-esperanza-school-2\\\/#primaryimage\"},\"thumbnailUrl\":\"https:\\\/\\\/i0.wp.com\\\/casadecampoliving.com\\\/wp-content\\\/uploads\\\/2022\\\/10\\\/IMG_8525.jpg?fit=1000%2C667&ssl=1\",\"keywords\":[\"clinica dental\",\"Featured-TopView @es\",\"Fundacion MIR\",\"Fundacion MIR\",\"iniciativa Dental\",\"La Romana\"],\"articleSection\":[\"Beyond Casa\",\"Dominican Republic\",\"Events and Activities\",\"Explore La Romana\",\"Fundacion MIR\",\"Health\",\"Philanthrophy\"],\"inLanguage\":\"es\"},{\"@type\":\"WebPage\",\"@id\":\"https:\\\/\\\/casadecampoliving.com\\\/es\\\/minister-health-rafael-sanchez-cardenas-visits-fundacion-mir-campo-esperanza-school-2\\\/\",\"url\":\"https:\\\/\\\/casadecampoliving.com\\\/es\\\/minister-health-rafael-sanchez-cardenas-visits-fundacion-mir-campo-esperanza-school-2\\\/\",\"name\":\"El ministro de Salud, Rafael S\u00e1nchez C\u00e1rdenas, visita el colegio Fundaci\u00f3n MIR Campo Esperanza. | Casa de Campo Living\",\"isPartOf\":{\"@id\":\"https:\\\/\\\/casadecampoliving.com\\\/es\\\/#website\"},\"primaryImageOfPage\":{\"@id\":\"https:\\\/\\\/casadecampoliving.com\\\/es\\\/minister-health-rafael-sanchez-cardenas-visits-fundacion-mir-campo-esperanza-school-2\\\/#primaryimage\"},\"image\":{\"@id\":\"https:\\\/\\\/casadecampoliving.com\\\/es\\\/minister-health-rafael-sanchez-cardenas-visits-fundacion-mir-campo-esperanza-school-2\\\/#primaryimage\"},\"thumbnailUrl\":\"https:\\\/\\\/i0.wp.com\\\/casadecampoliving.com\\\/wp-content\\\/uploads\\\/2022\\\/10\\\/IMG_8525.jpg?fit=1000%2C667&ssl=1\",\"datePublished\":\"2019-01-14T04:00:00+00:00\",\"dateModified\":\"2022-11-10T14:34:43+00:00\",\"description\":\"El pasado Viernes 11 de enero, el Sr. Ministro de Salud; Rafael S\u00e1nchez C\u00e1rdenas, visit\u00f3 las instalaciones de la Fundaci\u00f3n MIR y se hizo entrega oficial\",\"breadcrumb\":{\"@id\":\"https:\\\/\\\/casadecampoliving.com\\\/es\\\/minister-health-rafael-sanchez-cardenas-visits-fundacion-mir-campo-esperanza-school-2\\\/#breadcrumb\"},\"inLanguage\":\"es\",\"potentialAction\":[{\"@type\":\"ReadAction\",\"target\":[\"https:\\\/\\\/casadecampoliving.com\\\/es\\\/minister-health-rafael-sanchez-cardenas-visits-fundacion-mir-campo-esperanza-school-2\\\/\"]}]},{\"@type\":\"ImageObject\",\"inLanguage\":\"es\",\"@id\":\"https:\\\/\\\/casadecampoliving.com\\\/es\\\/minister-health-rafael-sanchez-cardenas-visits-fundacion-mir-campo-esperanza-school-2\\\/#primaryimage\",\"url\":\"https:\\\/\\\/i0.wp.com\\\/casadecampoliving.com\\\/wp-content\\\/uploads\\\/2022\\\/10\\\/IMG_8525.jpg?fit=1000%2C667&ssl=1\",\"contentUrl\":\"https:\\\/\\\/i0.wp.com\\\/casadecampoliving.com\\\/wp-content\\\/uploads\\\/2022\\\/10\\\/IMG_8525.jpg?fit=1000%2C667&ssl=1\",\"width\":1000,\"height\":667},{\"@type\":\"BreadcrumbList\",\"@id\":\"https:\\\/\\\/casadecampoliving.com\\\/es\\\/minister-health-rafael-sanchez-cardenas-visits-fundacion-mir-campo-esperanza-school-2\\\/#breadcrumb\",\"itemListElement\":[{\"@type\":\"ListItem\",\"position\":1,\"name\":\"Home\",\"item\":\"https:\\\/\\\/casadecampoliving.com\\\/es\\\/\"},{\"@type\":\"ListItem\",\"position\":2,\"name\":\"El ministro de Salud, Rafael S\u00e1nchez C\u00e1rdenas, visita el colegio Fundaci\u00f3n MIR Campo Esperanza.\"}]},{\"@type\":\"WebSite\",\"@id\":\"https:\\\/\\\/casadecampoliving.com\\\/es\\\/#website\",\"url\":\"https:\\\/\\\/casadecampoliving.com\\\/es\\\/\",\"name\":\"Casa de Campo Living\",\"description\":\"Resort community news and resources.\",\"publisher\":{\"@id\":\"https:\\\/\\\/casadecampoliving.com\\\/es\\\/#organization\"},\"potentialAction\":[{\"@type\":\"SearchAction\",\"target\":{\"@type\":\"EntryPoint\",\"urlTemplate\":\"https:\\\/\\\/casadecampoliving.com\\\/es\\\/?s={search_term_string}\"},\"query-input\":{\"@type\":\"PropertyValueSpecification\",\"valueRequired\":true,\"valueName\":\"search_term_string\"}}],\"inLanguage\":\"es\"},{\"@type\":\"Organization\",\"@id\":\"https:\\\/\\\/casadecampoliving.com\\\/es\\\/#organization\",\"name\":\"Casa de Campo Living\",\"url\":\"https:\\\/\\\/casadecampoliving.com\\\/es\\\/\",\"logo\":{\"@type\":\"ImageObject\",\"inLanguage\":\"es\",\"@id\":\"https:\\\/\\\/casadecampoliving.com\\\/es\\\/#\\\/schema\\\/logo\\\/image\\\/\",\"url\":\"https:\\\/\\\/i0.wp.com\\\/casadecampoliving.com\\\/wp-content\\\/uploads\\\/2022\\\/07\\\/CDCLivingLogo_V1-white-sized.png?fit=800%2C214&ssl=1\",\"contentUrl\":\"https:\\\/\\\/i0.wp.com\\\/casadecampoliving.com\\\/wp-content\\\/uploads\\\/2022\\\/07\\\/CDCLivingLogo_V1-white-sized.png?fit=800%2C214&ssl=1\",\"width\":800,\"height\":214,\"caption\":\"Casa de Campo Living\"},\"image\":{\"@id\":\"https:\\\/\\\/casadecampoliving.com\\\/es\\\/#\\\/schema\\\/logo\\\/image\\\/\"},\"sameAs\":[\"https:\\\/\\\/www.facebook.com\\\/casadecampoliving\",\"https:\\\/\\\/x.com\\\/cdcliving\"]},{\"@type\":\"Person\",\"@id\":\"https:\\\/\\\/casadecampoliving.com\\\/es\\\/#\\\/schema\\\/person\\\/5d2171637a9d11e0e43ce6b8555f9422\",\"name\":\"Casa de Campo Living\",\"image\":{\"@type\":\"ImageObject\",\"inLanguage\":\"es\",\"@id\":\"https:\\\/\\\/secure.gravatar.com\\\/avatar\\\/d04101fa4a9fd431e939953b1500fdc7a73cd35029f86d98712fd8ccdaebaf9a?s=96&d=mm&r=g\",\"url\":\"https:\\\/\\\/secure.gravatar.com\\\/avatar\\\/d04101fa4a9fd431e939953b1500fdc7a73cd35029f86d98712fd8ccdaebaf9a?s=96&d=mm&r=g\",\"contentUrl\":\"https:\\\/\\\/secure.gravatar.com\\\/avatar\\\/d04101fa4a9fd431e939953b1500fdc7a73cd35029f86d98712fd8ccdaebaf9a?s=96&d=mm&r=g\",\"caption\":\"Casa de Campo Living\"},\"url\":\"https:\\\/\\\/casadecampoliving.com\\\/es\\\/author\\\/casa-de-campo-living\\\/\"}]}<\/script>\n<!-- \/ Yoast SEO plugin. -->","yoast_head_json":{"title":"El ministro de Salud, Rafael S\u00e1nchez C\u00e1rdenas, visita el colegio Fundaci\u00f3n MIR Campo Esperanza. | Casa de Campo Living","description":"El pasado Viernes 11 de enero, el Sr. Ministro de Salud; Rafael S\u00e1nchez C\u00e1rdenas, visit\u00f3 las instalaciones de la Fundaci\u00f3n MIR y se hizo entrega oficial","robots":{"index":"index","follow":"follow","max-snippet":"max-snippet:-1","max-image-preview":"max-image-preview:large","max-video-preview":"max-video-preview:-1"},"canonical":"https:\/\/casadecampoliving.com\/es\/minister-health-rafael-sanchez-cardenas-visits-fundacion-mir-campo-esperanza-school-2\/","og_locale":"es_ES","og_type":"article","og_title":"El ministro de Salud, Rafael S\u00e1nchez C\u00e1rdenas, visita el colegio Fundaci\u00f3n MIR Campo Esperanza. | Casa de Campo Living","og_description":"El pasado Viernes 11 de enero, el Sr. Ministro de Salud; Rafael S\u00e1nchez C\u00e1rdenas, visit\u00f3 las instalaciones de la Fundaci\u00f3n MIR y se hizo entrega oficial","og_url":"https:\/\/casadecampoliving.com\/es\/minister-health-rafael-sanchez-cardenas-visits-fundacion-mir-campo-esperanza-school-2\/","og_site_name":"Casa de Campo Living","article_publisher":"https:\/\/www.facebook.com\/casadecampoliving","article_published_time":"2019-01-14T04:00:00+00:00","article_modified_time":"2022-11-10T14:34:43+00:00","og_image":[{"width":1000,"height":667,"url":"https:\/\/i0.wp.com\/casadecampoliving.com\/wp-content\/uploads\/2022\/10\/IMG_8525.jpg?fit=1000%2C667&ssl=1","type":"image\/jpeg"}],"author":"Casa de Campo Living","twitter_card":"summary_large_image","twitter_creator":"@cdcliving","twitter_site":"@cdcliving","twitter_misc":{"Escrito por":"Casa de Campo Living","Tiempo de lectura":"2 minutos"},"schema":{"@context":"https:\/\/schema.org","@graph":[{"@type":"Article","@id":"https:\/\/casadecampoliving.com\/es\/minister-health-rafael-sanchez-cardenas-visits-fundacion-mir-campo-esperanza-school-2\/#article","isPartOf":{"@id":"https:\/\/casadecampoliving.com\/es\/minister-health-rafael-sanchez-cardenas-visits-fundacion-mir-campo-esperanza-school-2\/"},"author":{"name":"Casa de Campo Living","@id":"https:\/\/casadecampoliving.com\/es\/#\/schema\/person\/5d2171637a9d11e0e43ce6b8555f9422"},"headline":"El ministro de Salud, Rafael S\u00e1nchez C\u00e1rdenas, visita el colegio Fundaci\u00f3n MIR Campo Esperanza.","datePublished":"2019-01-14T04:00:00+00:00","dateModified":"2022-11-10T14:34:43+00:00","mainEntityOfPage":{"@id":"https:\/\/casadecampoliving.com\/es\/minister-health-rafael-sanchez-cardenas-visits-fundacion-mir-campo-esperanza-school-2\/"},"wordCount":515,"publisher":{"@id":"https:\/\/casadecampoliving.com\/es\/#organization"},"image":{"@id":"https:\/\/casadecampoliving.com\/es\/minister-health-rafael-sanchez-cardenas-visits-fundacion-mir-campo-esperanza-school-2\/#primaryimage"},"thumbnailUrl":"https:\/\/i0.wp.com\/casadecampoliving.com\/wp-content\/uploads\/2022\/10\/IMG_8525.jpg?fit=1000%2C667&ssl=1","keywords":["clinica dental","Featured-TopView @es","Fundacion MIR","Fundacion MIR","iniciativa Dental","La Romana"],"articleSection":["Beyond Casa","Dominican Republic","Events and Activities","Explore La Romana","Fundacion MIR","Health","Philanthrophy"],"inLanguage":"es"},{"@type":"WebPage","@id":"https:\/\/casadecampoliving.com\/es\/minister-health-rafael-sanchez-cardenas-visits-fundacion-mir-campo-esperanza-school-2\/","url":"https:\/\/casadecampoliving.com\/es\/minister-health-rafael-sanchez-cardenas-visits-fundacion-mir-campo-esperanza-school-2\/","name":"El ministro de Salud, Rafael S\u00e1nchez C\u00e1rdenas, visita el colegio Fundaci\u00f3n MIR Campo Esperanza. | Casa de Campo Living","isPartOf":{"@id":"https:\/\/casadecampoliving.com\/es\/#website"},"primaryImageOfPage":{"@id":"https:\/\/casadecampoliving.com\/es\/minister-health-rafael-sanchez-cardenas-visits-fundacion-mir-campo-esperanza-school-2\/#primaryimage"},"image":{"@id":"https:\/\/casadecampoliving.com\/es\/minister-health-rafael-sanchez-cardenas-visits-fundacion-mir-campo-esperanza-school-2\/#primaryimage"},"thumbnailUrl":"https:\/\/i0.wp.com\/casadecampoliving.com\/wp-content\/uploads\/2022\/10\/IMG_8525.jpg?fit=1000%2C667&ssl=1","datePublished":"2019-01-14T04:00:00+00:00","dateModified":"2022-11-10T14:34:43+00:00","description":"El pasado Viernes 11 de enero, el Sr. Ministro de Salud; Rafael S\u00e1nchez C\u00e1rdenas, visit\u00f3 las instalaciones de la Fundaci\u00f3n MIR y se hizo entrega oficial","breadcrumb":{"@id":"https:\/\/casadecampoliving.com\/es\/minister-health-rafael-sanchez-cardenas-visits-fundacion-mir-campo-esperanza-school-2\/#breadcrumb"},"inLanguage":"es","potentialAction":[{"@type":"ReadAction","target":["https:\/\/casadecampoliving.com\/es\/minister-health-rafael-sanchez-cardenas-visits-fundacion-mir-campo-esperanza-school-2\/"]}]},{"@type":"ImageObject","inLanguage":"es","@id":"https:\/\/casadecampoliving.com\/es\/minister-health-rafael-sanchez-cardenas-visits-fundacion-mir-campo-esperanza-school-2\/#primaryimage","url":"https:\/\/i0.wp.com\/casadecampoliving.com\/wp-content\/uploads\/2022\/10\/IMG_8525.jpg?fit=1000%2C667&ssl=1","contentUrl":"https:\/\/i0.wp.com\/casadecampoliving.com\/wp-content\/uploads\/2022\/10\/IMG_8525.jpg?fit=1000%2C667&ssl=1","width":1000,"height":667},{"@type":"BreadcrumbList","@id":"https:\/\/casadecampoliving.com\/es\/minister-health-rafael-sanchez-cardenas-visits-fundacion-mir-campo-esperanza-school-2\/#breadcrumb","itemListElement":[{"@type":"ListItem","position":1,"name":"Home","item":"https:\/\/casadecampoliving.com\/es\/"},{"@type":"ListItem","position":2,"name":"El ministro de Salud, Rafael S\u00e1nchez C\u00e1rdenas, visita el colegio Fundaci\u00f3n MIR Campo Esperanza."}]},{"@type":"WebSite","@id":"https:\/\/casadecampoliving.com\/es\/#website","url":"https:\/\/casadecampoliving.com\/es\/","name":"Casa de Campo Living","description":"Resort community news and resources.","publisher":{"@id":"https:\/\/casadecampoliving.com\/es\/#organization"},"potentialAction":[{"@type":"SearchAction","target":{"@type":"EntryPoint","urlTemplate":"https:\/\/casadecampoliving.com\/es\/?s={search_term_string}"},"query-input":{"@type":"PropertyValueSpecification","valueRequired":true,"valueName":"search_term_string"}}],"inLanguage":"es"},{"@type":"Organization","@id":"https:\/\/casadecampoliving.com\/es\/#organization","name":"Casa de Campo Living","url":"https:\/\/casadecampoliving.com\/es\/","logo":{"@type":"ImageObject","inLanguage":"es","@id":"https:\/\/casadecampoliving.com\/es\/#\/schema\/logo\/image\/","url":"https:\/\/i0.wp.com\/casadecampoliving.com\/wp-content\/uploads\/2022\/07\/CDCLivingLogo_V1-white-sized.png?fit=800%2C214&ssl=1","contentUrl":"https:\/\/i0.wp.com\/casadecampoliving.com\/wp-content\/uploads\/2022\/07\/CDCLivingLogo_V1-white-sized.png?fit=800%2C214&ssl=1","width":800,"height":214,"caption":"Casa de Campo Living"},"image":{"@id":"https:\/\/casadecampoliving.com\/es\/#\/schema\/logo\/image\/"},"sameAs":["https:\/\/www.facebook.com\/casadecampoliving","https:\/\/x.com\/cdcliving"]},{"@type":"Person","@id":"https:\/\/casadecampoliving.com\/es\/#\/schema\/person\/5d2171637a9d11e0e43ce6b8555f9422","name":"Casa de Campo Living","image":{"@type":"ImageObject","inLanguage":"es","@id":"https:\/\/secure.gravatar.com\/avatar\/d04101fa4a9fd431e939953b1500fdc7a73cd35029f86d98712fd8ccdaebaf9a?s=96&d=mm&r=g","url":"https:\/\/secure.gravatar.com\/avatar\/d04101fa4a9fd431e939953b1500fdc7a73cd35029f86d98712fd8ccdaebaf9a?s=96&d=mm&r=g","contentUrl":"https:\/\/secure.gravatar.com\/avatar\/d04101fa4a9fd431e939953b1500fdc7a73cd35029f86d98712fd8ccdaebaf9a?s=96&d=mm&r=g","caption":"Casa de Campo Living"},"url":"https:\/\/casadecampoliving.com\/es\/author\/casa-de-campo-living\/"}]}},"parsely":{"version":"1.1.0","canonical_url":"https:\/\/casadecampoliving.com\/es\/minister-health-rafael-sanchez-cardenas-visits-fundacion-mir-campo-esperanza-school-2\/","smart_links":{"inbound":0,"outbound":0},"traffic_boost_suggestions_count":0,"meta":{"@context":"https:\/\/schema.org","@type":"NewsArticle","headline":"El ministro de Salud, Rafael S\u00e1nchez C\u00e1rdenas, visita el colegio Fundaci\u00f3n MIR Campo Esperanza.","url":"http:\/\/casadecampoliving.com\/es\/minister-health-rafael-sanchez-cardenas-visits-fundacion-mir-campo-esperanza-school-2\/","mainEntityOfPage":{"@type":"WebPage","@id":"http:\/\/casadecampoliving.com\/es\/minister-health-rafael-sanchez-cardenas-visits-fundacion-mir-campo-esperanza-school-2\/"},"thumbnailUrl":"https:\/\/i0.wp.com\/casadecampoliving.com\/wp-content\/uploads\/2022\/10\/IMG_8525.jpg?resize=150%2C150&ssl=1","image":{"@type":"ImageObject","url":"https:\/\/i0.wp.com\/casadecampoliving.com\/wp-content\/uploads\/2022\/10\/IMG_8525.jpg?fit=1000%2C667&ssl=1"},"articleSection":"Dominican Republic","author":[{"@type":"Person","name":"Casa de Campo Living"}],"creator":["Casa de Campo Living"],"publisher":{"@type":"Organization","name":"Casa de Campo Living","logo":"https:\/\/casadecampoliving.com\/wp-content\/uploads\/2022\/07\/CDCLivingLogo_V1-white-sized.png"},"keywords":["clinica dental","featured-topview @es","fundacion mir","iniciativa dental","la romana"],"dateCreated":"2019-01-14T04:00:00Z","datePublished":"2019-01-14T04:00:00Z","dateModified":"2022-11-10T14:34:43Z"},"rendered":"<script type=\"application\/ld+json\" class=\"wp-parsely-metadata\">{\"@context\":\"https:\\\/\\\/schema.org\",\"@type\":\"NewsArticle\",\"headline\":\"El ministro de Salud, Rafael S\\u00e1nchez C\\u00e1rdenas, visita el colegio Fundaci\\u00f3n MIR Campo Esperanza.\",\"url\":\"http:\\\/\\\/casadecampoliving.com\\\/es\\\/minister-health-rafael-sanchez-cardenas-visits-fundacion-mir-campo-esperanza-school-2\\\/\",\"mainEntityOfPage\":{\"@type\":\"WebPage\",\"@id\":\"http:\\\/\\\/casadecampoliving.com\\\/es\\\/minister-health-rafael-sanchez-cardenas-visits-fundacion-mir-campo-esperanza-school-2\\\/\"},\"thumbnailUrl\":\"https:\\\/\\\/i0.wp.com\\\/casadecampoliving.com\\\/wp-content\\\/uploads\\\/2022\\\/10\\\/IMG_8525.jpg?resize=150%2C150&ssl=1\",\"image\":{\"@type\":\"ImageObject\",\"url\":\"https:\\\/\\\/i0.wp.com\\\/casadecampoliving.com\\\/wp-content\\\/uploads\\\/2022\\\/10\\\/IMG_8525.jpg?fit=1000%2C667&ssl=1\"},\"articleSection\":\"Dominican Republic\",\"author\":[{\"@type\":\"Person\",\"name\":\"Casa de Campo Living\"}],\"creator\":[\"Casa de Campo Living\"],\"publisher\":{\"@type\":\"Organization\",\"name\":\"Casa de Campo Living\",\"logo\":\"https:\\\/\\\/casadecampoliving.com\\\/wp-content\\\/uploads\\\/2022\\\/07\\\/CDCLivingLogo_V1-white-sized.png\"},\"keywords\":[\"clinica dental\",\"featured-topview @es\",\"fundacion mir\",\"iniciativa dental\",\"la romana\"],\"dateCreated\":\"2019-01-14T04:00:00Z\",\"datePublished\":\"2019-01-14T04:00:00Z\",\"dateModified\":\"2022-11-10T14:34:43Z\"}<\/script>","tracker_url":"https:\/\/cdn.parsely.com\/keys\/casadecampoliving.com\/p.js"},"jetpack_publicize_connections":[],"jetpack_featured_media_url":"https:\/\/i0.wp.com\/casadecampoliving.com\/wp-content\/uploads\/2022\/10\/IMG_8525.jpg?fit=1000%2C667&ssl=1","jetpack-related-posts":[{"id":330383,"url":"https:\/\/casadecampoliving.com\/minister-of-health-rafael-sanchez-cardenas-visits-fundacion-mir-campo-esperanza-school\/","url_meta":{"origin":353119,"position":0},"title":"Minister of Health Rafael S\u00e1nchez C\u00e1rdenas visits Fundaci\u00f3n MIR Campo Esperanza School","author":"Casa de Campo Living","date":"14 Ene, 2019","format":false,"excerpt":"Last Friday, January 11, the Minister of Health of the Dominican Republic; Rafael S\u00e1nchez C\u00e1rdenas visited the facilities of MIR Charities and the World of Smiles Dental Clinic was officially authorized to operate regularly in Campo MIR Esperanza. The clinic has two Dental offices, an X-Ray and Sterilization Room and\u2026","rel":"","context":"En \u00abBeyond Casa\u00bb","block_context":{"text":"Beyond Casa","link":"https:\/\/casadecampoliving.com\/category\/beyond-casa\/"},"img":{"alt_text":"","src":"https:\/\/i0.wp.com\/casadecampoliving.com\/wp-content\/uploads\/2022\/10\/IMG_8525.jpg?fit=1000%2C667&ssl=1&resize=350%2C200","width":350,"height":200,"srcset":"https:\/\/i0.wp.com\/casadecampoliving.com\/wp-content\/uploads\/2022\/10\/IMG_8525.jpg?fit=1000%2C667&ssl=1&resize=350%2C200 1x, https:\/\/i0.wp.com\/casadecampoliving.com\/wp-content\/uploads\/2022\/10\/IMG_8525.jpg?fit=1000%2C667&ssl=1&resize=525%2C300 1.5x, https:\/\/i0.wp.com\/casadecampoliving.com\/wp-content\/uploads\/2022\/10\/IMG_8525.jpg?fit=1000%2C667&ssl=1&resize=700%2C400 2x"},"classes":[]},{"id":353017,"url":"https:\/\/casadecampoliving.com\/es\/dientes-limpios-y-grandes-sonrisas-en-la-2o-operativo-de-salud-bucal-del-ano-de-la-fundacion-mir\/","url_meta":{"origin":353119,"position":1},"title":"\u00a1Dientes limpios y grandes sonrisas en la 2\u00ba \u201cOperativo de salud bucal\u201d del a\u00f1o de la Fundaci\u00f3n MIR!","author":"Casa de Campo Living","date":"26 Nov, 2018","format":false,"excerpt":"Este a\u00f1o, la Fundaci\u00f3n MIR organiz\u00f3 dos operativos dentales en La Escuela Campo Nueva Esperanza. Del 12 al 15 de noviembre, el Dr. Hudson, un dentista de Nueva York cuya lista de clientes incluye a J.Pepe Fanjul, junto con un grupo de dentistas y cirujanos voluntarios de Nueva York llevaron\u2026","rel":"","context":"En \u00abM\u00e1s all\u00e1 de Casa\u00bb","block_context":{"text":"M\u00e1s all\u00e1 de Casa","link":"https:\/\/casadecampoliving.com\/es\/category\/mas-alla-de-casa-es\/"},"img":{"alt_text":"IMG_9154","src":"https:\/\/i0.wp.com\/casadecampoliving.com\/wp-content\/uploads\/2022\/10\/IMG_9154.jpg?resize=350%2C200","width":350,"height":200,"srcset":"https:\/\/i0.wp.com\/casadecampoliving.com\/wp-content\/uploads\/2022\/10\/IMG_9154.jpg?resize=350%2C200 1x, https:\/\/i0.wp.com\/casadecampoliving.com\/wp-content\/uploads\/2022\/10\/IMG_9154.jpg?resize=525%2C300 1.5x"},"classes":[]},{"id":349848,"url":"https:\/\/casadecampoliving.com\/es\/fundacion-mir-nueva-clinica-dental\/","url_meta":{"origin":353119,"position":2},"title":"\u00a1La iniciativa dental de la Fundaci\u00f3n MIR est\u00e1 en funci\u00f3n en su nueva cl\u00ednica dental!","author":"Anna Pavilsova","date":"21 May, 2016","format":false,"excerpt":"Por seis a\u00f1os consecutivos, Fundaci\u00f3n MIR ha contribuido con las sonrisas y cuidado dental de los ni\u00f1os de La Romana con su programa Semana Dental en la Escuela Campo Nueva Esperanza con el Dr. James Hudson. El Dr. James Hudson, el dentista personal de Pepe Fanjul, junto con ocho dentistas\u2026","rel":"","context":"En \u00abFundaci\u00f3n MIR @es\u00bb","block_context":{"text":"Fundaci\u00f3n MIR @es","link":"https:\/\/casadecampoliving.com\/es\/category\/fundaciones-es\/fundacion-mir-es\/"},"img":{"alt_text":"Featured Image Operativo Dental Fundacion MIR","src":"https:\/\/i0.wp.com\/casadecampoliving.com\/wp-content\/uploads\/2022\/10\/Featured-Image-Operativo-Dental-Fundacion-MIR.jpg?fit=1000%2C600&ssl=1&resize=350%2C200","width":350,"height":200,"srcset":"https:\/\/i0.wp.com\/casadecampoliving.com\/wp-content\/uploads\/2022\/10\/Featured-Image-Operativo-Dental-Fundacion-MIR.jpg?fit=1000%2C600&ssl=1&resize=350%2C200 1x, https:\/\/i0.wp.com\/casadecampoliving.com\/wp-content\/uploads\/2022\/10\/Featured-Image-Operativo-Dental-Fundacion-MIR.jpg?fit=1000%2C600&ssl=1&resize=525%2C300 1.5x, https:\/\/i0.wp.com\/casadecampoliving.com\/wp-content\/uploads\/2022\/10\/Featured-Image-Operativo-Dental-Fundacion-MIR.jpg?fit=1000%2C600&ssl=1&resize=700%2C400 2x"},"classes":[]},{"id":351476,"url":"https:\/\/casadecampoliving.com\/es\/dr-hudson-y-voluntarios-de-la-universidad-rutgers-de-odontologia-ayudan-alegrar-las-sonrisas-de-los-estudiantes-de-la-fundacion-mir\/","url_meta":{"origin":353119,"position":3},"title":"El Dr. Hudson y voluntarios de la Universidad Rutgers de Odontolog\u00eda visitan a los estudiantes de la Fundaci\u00f3n MIR","author":"Marlenys Guzm\u00e1n Casta\u00f1os","date":"8 May, 2017","format":false,"excerpt":"A principios de abril, la Fundaci\u00f3n MIR llev\u00f3 a cabo su Operativo de Salud Bucal Anual con el Dr. Hudson, que este a\u00f1o vino con un grupo de dentistas voluntarios y estudiantes de odontolog\u00eda de la Universidad de Odontolog\u00eda de Rutgers en Nueva Jersey y ofreci\u00f3 servicios dentales a los\u2026","rel":"","context":"En \u00abFundaci\u00f3n MIR @es\u00bb","block_context":{"text":"Fundaci\u00f3n MIR @es","link":"https:\/\/casadecampoliving.com\/es\/category\/fundaciones-es\/fundacion-mir-es\/"},"img":{"alt_text":"Fundaci\u00f3n MIR Dental Operative 2017","src":"https:\/\/i0.wp.com\/casadecampoliving.com\/wp-content\/uploads\/2022\/10\/DSC_0557-e1494258956453.jpg?fit=1000%2C600&ssl=1&resize=350%2C200","width":350,"height":200,"srcset":"https:\/\/i0.wp.com\/casadecampoliving.com\/wp-content\/uploads\/2022\/10\/DSC_0557-e1494258956453.jpg?fit=1000%2C600&ssl=1&resize=350%2C200 1x, https:\/\/i0.wp.com\/casadecampoliving.com\/wp-content\/uploads\/2022\/10\/DSC_0557-e1494258956453.jpg?fit=1000%2C600&ssl=1&resize=525%2C300 1.5x, https:\/\/i0.wp.com\/casadecampoliving.com\/wp-content\/uploads\/2022\/10\/DSC_0557-e1494258956453.jpg?fit=1000%2C600&ssl=1&resize=700%2C400 2x"},"classes":[]},{"id":347135,"url":"https:\/\/casadecampoliving.com\/es\/500-ninos-tratados-en-la-mision-dental-en-la-fundacion-mir\/","url_meta":{"origin":353119,"position":4},"title":"500 ni\u00f1os tratados en la Misi\u00f3n Dental en la Fundaci\u00f3n MIR","author":"Rebecca Silvestri","date":"5 Abr, 2015","format":false,"excerpt":"A finales de marzo, el Dr. Hudson, dentista personal de Pepe Fanjul, junto a\u00a017 dentistas voluntarios y estudiantes de la universidad de Columbia en Nueva York, vinieron a brindarles\u00a0servicios dentales a los alumnos\u00a0de las diferentes escuelas de la Fundaci\u00f3n MIR durante\u00a04 d\u00edas. La operaci\u00f3n dental realizada frente a los campos\u2026","rel":"","context":"En \u00abM\u00e1s all\u00e1 de Casa\u00bb","block_context":{"text":"M\u00e1s all\u00e1 de Casa","link":"https:\/\/casadecampoliving.com\/es\/category\/mas-alla-de-casa-es\/"},"img":{"alt_text":"","src":"https:\/\/i0.wp.com\/casadecampoliving.com\/wp-content\/uploads\/2022\/10\/Operativo-dental-MIR-2015-3-X2-1.jpg?fit=1200%2C797&ssl=1&resize=350%2C200","width":350,"height":200,"srcset":"https:\/\/i0.wp.com\/casadecampoliving.com\/wp-content\/uploads\/2022\/10\/Operativo-dental-MIR-2015-3-X2-1.jpg?fit=1200%2C797&ssl=1&resize=350%2C200 1x, https:\/\/i0.wp.com\/casadecampoliving.com\/wp-content\/uploads\/2022\/10\/Operativo-dental-MIR-2015-3-X2-1.jpg?fit=1200%2C797&ssl=1&resize=525%2C300 1.5x, https:\/\/i0.wp.com\/casadecampoliving.com\/wp-content\/uploads\/2022\/10\/Operativo-dental-MIR-2015-3-X2-1.jpg?fit=1200%2C797&ssl=1&resize=700%2C400 2x, https:\/\/i0.wp.com\/casadecampoliving.com\/wp-content\/uploads\/2022\/10\/Operativo-dental-MIR-2015-3-X2-1.jpg?fit=1200%2C797&ssl=1&resize=1050%2C600 3x"},"classes":[]},{"id":353522,"url":"https:\/\/casadecampoliving.com\/es\/fundacion-mir-celebra-una-hermosa-ceremonia-de-graduacion-para-estudiantes-103\/","url_meta":{"origin":353119,"position":5},"title":"\u00a1Fundaci\u00f3n MIR celebra una hermosa ceremonia de graduaci\u00f3n para 103 estudiantes!","author":"Casa de Campo Living","date":"19 Ago, 2019","format":false,"excerpt":"La Fundaci\u00f3n MIR, una organizaci\u00f3n sin fines de lucro con escuelas vocacionales para ni\u00f1os y ni\u00f1as en La Romana, celebr\u00f3 recientemente su decimocuarta graduaci\u00f3n de alumnos de sus escuelas para ni\u00f1os y ni\u00f1as. La graduaci\u00f3n se realiz\u00f3 el 16 de agosto en el \u201cSal\u00f3n Multiusos\u201d de la Fundaci\u00f3n MIR, ubicado\u2026","rel":"","context":"En \u00abM\u00e1s all\u00e1 de Casa\u00bb","block_context":{"text":"M\u00e1s all\u00e1 de Casa","link":"https:\/\/casadecampoliving.com\/es\/category\/mas-alla-de-casa-es\/"},"img":{"alt_text":"","src":"https:\/\/i0.wp.com\/casadecampoliving.com\/wp-content\/uploads\/2022\/10\/EJ4B3838.jpg?fit=1000%2C667&ssl=1&resize=350%2C200","width":350,"height":200,"srcset":"https:\/\/i0.wp.com\/casadecampoliving.com\/wp-content\/uploads\/2022\/10\/EJ4B3838.jpg?fit=1000%2C667&ssl=1&resize=350%2C200 1x, https:\/\/i0.wp.com\/casadecampoliving.com\/wp-content\/uploads\/2022\/10\/EJ4B3838.jpg?fit=1000%2C667&ssl=1&resize=525%2C300 1.5x, https:\/\/i0.wp.com\/casadecampoliving.com\/wp-content\/uploads\/2022\/10\/EJ4B3838.jpg?fit=1000%2C667&ssl=1&resize=700%2C400 2x"},"classes":[]}],"jetpack_sharing_enabled":true,"_links":{"self":[{"href":"https:\/\/casadecampoliving.com\/es\/wp-json\/wp\/v2\/posts\/353119","targetHints":{"allow":["GET"]}}],"collection":[{"href":"https:\/\/casadecampoliving.com\/es\/wp-json\/wp\/v2\/posts"}],"about":[{"href":"https:\/\/casadecampoliving.com\/es\/wp-json\/wp\/v2\/types\/post"}],"author":[{"embeddable":true,"href":"https:\/\/casadecampoliving.com\/es\/wp-json\/wp\/v2\/users\/36791"}],"replies":[{"embeddable":true,"href":"https:\/\/casadecampoliving.com\/es\/wp-json\/wp\/v2\/comments?post=353119"}],"version-history":[{"count":2,"href":"https:\/\/casadecampoliving.com\/es\/wp-json\/wp\/v2\/posts\/353119\/revisions"}],"predecessor-version":[{"id":507571,"href":"https:\/\/casadecampoliving.com\/es\/wp-json\/wp\/v2\/posts\/353119\/revisions\/507571"}],"wp:featuredmedia":[{"embeddable":true,"href":"https:\/\/casadecampoliving.com\/es\/wp-json\/wp\/v2\/media\/294202"}],"wp:attachment":[{"href":"https:\/\/casadecampoliving.com\/es\/wp-json\/wp\/v2\/media?parent=353119"}],"wp:term":[{"taxonomy":"category","embeddable":true,"href":"https:\/\/casadecampoliving.com\/es\/wp-json\/wp\/v2\/categories?post=353119"},{"taxonomy":"post_tag","embeddable":true,"href":"https:\/\/casadecampoliving.com\/es\/wp-json\/wp\/v2\/tags?post=353119"},{"taxonomy":"newspack_spnsrs_tax","embeddable":true,"href":"https:\/\/casadecampoliving.com\/es\/wp-json\/wp\/v2\/newspack_spnsrs_tax?post=353119"}],"curies":[{"name":"wp","href":"https:\/\/api.w.org\/{rel}","templated":true}]}}