{"id":353090,"date":"2019-01-02T00:00:00","date_gmt":"2019-01-02T04:00:00","guid":{"rendered":"https:\/\/casadecampoliving.com\/paul-chaplet-y-jorge-garcia-regresan-teeth-dog-por-mas-gloria-laac\/"},"modified":"2022-10-21T19:20:02","modified_gmt":"2022-10-21T23:20:02","slug":"paul-chaplet-y-jorge-garcia-regresan-teeth-dog-por-mas-gloria-laac","status":"publish","type":"post","link":"https:\/\/casadecampoliving.com\/es\/paul-chaplet-y-jorge-garcia-regresan-teeth-dog-por-mas-gloria-laac\/","title":{"rendered":"Paul Chaplet y Jorge Garc\u00eda regresan a Teeth of the Dog por m\u00e1s gloria"},"content":{"rendered":"\n<p>El costarricense volver\u00e1 a Casa de Campo, Rep\u00fablica Dominicana, donde hizo historia al convertirse en el m\u00e1s joven campe\u00f3n del Latin America Amateur Championship en 2016. El venezolano fue el subcampe\u00f3n y buscar\u00e1 su revancha.<\/p>\n\n\n\n<!--more-->\n\n\n\n<p>Cuando comience la semana de la quinta edici\u00f3n del LAAC ser\u00e1 dif\u00edcil no pensar en el paso del campeonato por este escenario hace tres a\u00f1os, especialmente para los que fueron las figuras de esa ocasi\u00f3n: el campe\u00f3n Paul Chaplet y Jorge Garc\u00eda, que finaliz\u00f3 en el segundo lugar a solo un golpe. Aquella batalla \u00e9pica entre estos dos grandes jugadores aficionados quedar\u00e1 en el recuerdo, especialmente para ellos que regresar\u00e1n con diferentes objetivos, uno para demostrar que aquel logro no fue casualidad y otro quitarse esa espina de llegar como candidato todos los a\u00f1os y no poder confirmar ese lugar.<\/p>\n\n\n\n<p>\u201cMe siento contento y preparado para dar lo mejor de m\u00ed como lo hice en 2016. Es una cancha espectacular y siempre ser\u00e1 un lugar especial. Es un incentivo extra jugar en un lugar donde todos son buenos recuerdos. Creo que las claves son simples, hay que tener tremenda paciencia, determinaci\u00f3n y saber fallar por el lado correcto\u201d, afirma Chaplet.<\/p>\n\n\n<div class=\"wp-block-image size-full wp-image-166049\">\n<figure class=\"aligncenter is-resized\"><img loading=\"lazy\" decoding=\"async\" src=\"https:\/\/i0.wp.com\/casadecampoliving.com\/wp-content\/uploads\/2022\/10\/24450450375_1581a187d4_o.jpg?resize=1000%2C592&amp;ssl=1\" alt=\"\" class=\"wp-image-166049\" height=\"592\" width=\"1000\"\/><figcaption>Paul Caplet of Costa Rica during the final round of the 2016 Latin America Amateur Championship at CASA DE CAMPO on Sunday January 17th, 2016. Enrique Berardi\/LAAC.<\/figcaption><\/figure>\n<\/div>\n\n\n<p>Por su parte, Garc\u00eda analiza: \u201cEn el 2016 el ball striking fue lo m\u00e1s constante y lo que me ayud\u00f3 m\u00e1s. Creo que es lo m\u00e1s importante en ese campo por que el viento lo pone interesante. He estado muy acertado sobre el green estos \u00faltimos meses y espero mantener esas buenas sensaciones. Mi meta es llegar con chances de ganar en los \u00faltimos 9 hoyos. Si hago eso, pase lo que pase, voy a estar satisfecho con el resultado. He estado jugando un golf muy s\u00f3lido el \u00faltimo a\u00f1o. Me he reencontrado a m\u00ed mismo dentro del campo y s\u00e9 que puedo llevarme la copa el pr\u00f3ximo enero\u201d.<\/p>\n\n\n\n<p>Lo cierto es que Chaplet descubri\u00f3 los secretos del dise\u00f1o de Pete Dye y logr\u00f3 superar las dificultades de Teeth of the Dog. El costarricense firm\u00f3 una ronda final de 70 golpes (-2) y con un total de 285 (-3) se consagr\u00f3 campe\u00f3n del LAAC 2016 tras aventajar a uno de los grandes favoritos de esa edici\u00f3n. \u201cRecuerdo que durante la \u00faltima ronda no me daba cuenta de lo que estaba pasando hasta que llegu\u00e9 al hoyo 17. Ganar el LAAC signific\u00f3 mucho porque me hizo saber que tengo el juego para competir en el alto nivel y que puedo medirme con los mejores. Esa victoria fue de gran ayuda para mi carrera, me dio confianza y cambi\u00f3 mi mentalidad de juego\u201d, recuerda el ahora joven de 19 a\u00f1os.<\/p>\n\n\n\n<center><div style=\"width: 1920px;\" class=\"wp-video\"><video class=\"wp-video-shortcode\" id=\"video-353090-1\" width=\"1920\" height=\"1080\" preload=\"metadata\" controls=\"controls\"><source type=\"video\/mp4\" src=\"https:\/\/casadecampoliving-wp.s3-accelerate.amazonaws.com\/2019\/01\/ARMADO_V9_FINAL.mp4?_=1\" \/><a href=\"https:\/\/casadecampoliving-wp.s3-accelerate.amazonaws.com\/2019\/01\/ARMADO_V9_FINAL.mp4\">https:\/\/casadecampoliving-wp.s3-accelerate.amazonaws.com\/2019\/01\/ARMADO_V9_FINAL.mp4<\/a><\/video><\/div><p><\/p>\n<p>&nbsp;<\/p>\n<p><\/p><\/center>\n\n\n\n<p>Es para destacar los beneficios que otorga el Latin America Amateur Championship porque cada a\u00f1o el campe\u00f3n recibe una invitaci\u00f3n para participar en el Masters Tournament. Adem\u00e1s, el ganador y el jugador o jugadores que terminen en el segundo lugar ingresan en forma directa a las fases finales de clasificaci\u00f3n para ingresar a The Open y al U.S. Open. Por \u00faltimo, el campe\u00f3n recibe exenciones completas para disputar The Amateur Championship, el U.S. Amateur Championship y todo otro campeonato amateur de la USGA para el cual sea elegible.<\/p>\n\n\n\n<p>\u201cJugar el Masters no solo fue una experiencia \u00fanica, sino tambi\u00e9n un sue\u00f1o que todo joven tiene. Igualmente, ese sue\u00f1o sigue en mi cabeza y, si se repite, tendr\u00e9 algo m\u00e1s de experiencia al haber jugado en Augusta National. El LAAC es un torneo que brinda las oportunidades m\u00e1s grandes en Latinoam\u00e9rica, \u00e9sta es una de las principales razones por la que los j\u00f3venes est\u00e1n elevando cada vez m\u00e1s su nivel y tambi\u00e9n est\u00e1n recibiendo becas para poder estudiar y jugar en las universidades de los Estados Unidos. El Masters, The R&amp;A, y USGA han sido una gran parte de mi vida y tambi\u00e9n de muchos amateurs de la regi\u00f3n\u201d, comenta Chaplet, nacido en San Jos\u00e9 de Costa Rica y que actualmente estudia arquitectura en Arizona State University.<\/p>\n\n\n<div class=\"wp-block-image size-full wp-image-166048\">\n<figure class=\"aligncenter is-resized\"><img loading=\"lazy\" decoding=\"async\" src=\"https:\/\/i0.wp.com\/casadecampoliving.com\/wp-content\/uploads\/2022\/10\/24342146702_bab8974c1c_o.jpg?resize=1000%2C647&amp;ssl=1\" alt=\"\" class=\"wp-image-166048\" height=\"647\" width=\"1000\"\/><figcaption>Jorge Garcia of Venezuela during the final round of the 2016 Latin America Amateur Championship at CASA DE CAMPO on Sunday January 17th, 2016. Enrique Berardi\/LAAC.<\/figcaption><\/figure>\n<\/div>\n\n\n<p>El Latin America Amateur Championship abri\u00f3 un sinf\u00edn de puertas a todos los aficionados de la regi\u00f3n. Adem\u00e1s, con cuatro ediciones disputadas, logr\u00f3 superar todas las expectativas. \u201cTen\u00eda muchas dudas si de verdad se iba a lograr traer un torneo tan importante para nosotros a Latinoam\u00e9rica, pero ha sido una experiencia incre\u00edble poder participar y ver como los torneos han ido mejorando cada a\u00f1o. Creo que el hambre de gloria de los jugadores ha crecido mucho y cada vez se ven m\u00e1s enfocados. Tambi\u00e9n ayud\u00f3 a muchos de nosotros a madurar. Ahora estamos planificando los torneos de todo el a\u00f1o en base al LAAC\u201d, explica Pichu, nacido en la ciudad de Anaco hace 22 a\u00f1os, y actualmente en Barry University, donde desarrolla una especializaci\u00f3n en Comunicaci\u00f3n y Estudios de Medios.<\/p>\n\n\n\n<p>Chaplet y Garc\u00eda ser\u00e1n dos de los candidatos m\u00e1s importantes dentro de los 108 aficionados que conformar\u00e1n el field de jugadores que estar\u00e1n del 17 al 20 de enero en Casa de Campo, Rep\u00fablica Dominicana, para una nueva edici\u00f3n del Latin America Amateur Championship.<\/p>\n\n\n\n<p><em>Fotos tomadas por&nbsp;Enrique Berardi\/LAAC 2016 en Casa de Campo,&nbsp;Informaci\u00f3n cortes\u00eda de<a href=\"http:\/\/www.laacgolf.com\/\" target=\"_blank\" rel=\"noopener\">&nbsp;LAAC<\/a><\/em><\/p>\n","protected":false},"excerpt":{"rendered":"<p>El costarricense volver\u00e1 a Casa de Campo, Rep\u00fablica Dominicana, donde hizo historia al convertirse en el m\u00e1s joven campe\u00f3n del Latin America Amateur Championship en 2016. El venezolano fue el subcampe\u00f3n y buscar\u00e1 su revancha.<\/p>\n","protected":false},"author":36791,"featured_media":293433,"comment_status":"closed","ping_status":"closed","sticky":false,"template":"","format":"standard","meta":{"newspack_ads_suppress_ads":false,"newspack_popups_has_disabled_popups":false,"newspack_sponsor_sponsorship_scope":"","newspack_sponsor_native_byline_display":"inherit","newspack_sponsor_native_category_display":"inherit","newspack_sponsor_underwriter_style":"inherit","newspack_sponsor_underwriter_placement":"inherit","_newspack_byline_active":false,"_newspack_byline":"","newspack_hide_updated_date":false,"newspack_show_updated_date":false,"newspack_content_restriction_is_exempt":false,"newspack_featured_image_position":"","newspack_post_subtitle":"","newspack_article_summary_title":"Overview:","newspack_article_summary":"","_jetpack_memberships_contains_paid_content":false,"footnotes":"","jetpack_publicize_message":"","jetpack_publicize_feature_enabled":true,"jetpack_social_post_already_shared":false,"jetpack_social_options":{"image_generator_settings":{"template":"highway","default_image_id":0,"font":"","enabled":false},"version":2},"_wpas_customize_per_network":false},"categories":[2525,14631,2522,14627,2521,26822,19622,2531],"tags":[22456,23815,22371,18629,22455,14030,18932,22454,22457,14777],"newspack_spnsrs_tax":[],"class_list":["post-353090","post","type-post","status-publish","format-standard","has-post-thumbnail","hentry","category-golf-deportes-es","category-estilo-de-vida","category-eventos-es","category-proximamente","category-republica-dominicana-2","category-resort-casa-de-campo","category-video-es-2","category-video-es","tag-campeonato-de-amateur-latinoamericano","tag-casa-de-campo-es-17","tag-dientes-del-perro","tag-dominican-republic-es-5","tag-ganador-de-laac","tag-jorge-garcia","tag-la-romana-es-4","tag-laac-republica-dominicana","tag-pabellon-de-pablo","tag-republica-dominicana-es-18","entry"],"yoast_head":"<!-- This site is optimized with the Yoast SEO plugin v27.5 - https:\/\/yoast.com\/product\/yoast-seo-wordpress\/ -->\n<title>Paul Chaplet y Jorge Garc\u00eda regresan a Teeth of the Dog por m\u00e1s gloria | Casa de Campo Living<\/title>\n<meta name=\"description\" content=\"El costarricense volver\u00e1 a Casa de Campo, Rep\u00fablica Dominicana, donde hizo historia al convertirse en el m\u00e1s joven campe\u00f3n del Latin America Amateur\" \/>\n<meta name=\"robots\" content=\"index, follow, max-snippet:-1, max-image-preview:large, max-video-preview:-1\" \/>\n<link rel=\"canonical\" href=\"https:\/\/casadecampoliving.com\/es\/paul-chaplet-y-jorge-garcia-regresan-teeth-dog-por-mas-gloria-laac\/\" \/>\n<meta property=\"og:locale\" content=\"es_ES\" \/>\n<meta property=\"og:type\" content=\"article\" \/>\n<meta property=\"og:title\" content=\"Paul Chaplet y Jorge Garc\u00eda regresan a Teeth of the Dog por m\u00e1s gloria | Casa de Campo Living\" \/>\n<meta property=\"og:description\" content=\"El costarricense volver\u00e1 a Casa de Campo, Rep\u00fablica Dominicana, donde hizo historia al convertirse en el m\u00e1s joven campe\u00f3n del Latin America Amateur\" \/>\n<meta property=\"og:url\" content=\"https:\/\/casadecampoliving.com\/es\/paul-chaplet-y-jorge-garcia-regresan-teeth-dog-por-mas-gloria-laac\/\" \/>\n<meta property=\"og:site_name\" content=\"Casa de Campo Living\" \/>\n<meta property=\"article:publisher\" content=\"https:\/\/www.facebook.com\/casadecampoliving\" \/>\n<meta property=\"article:published_time\" content=\"2019-01-02T04:00:00+00:00\" \/>\n<meta property=\"article:modified_time\" content=\"2022-10-21T23:20:02+00:00\" \/>\n<meta property=\"og:image\" content=\"https:\/\/i0.wp.com\/casadecampoliving.com\/wp-content\/uploads\/2022\/10\/24424206956_8f9058e813_o.jpg?fit=1000%2C666&ssl=1\" \/>\n\t<meta property=\"og:image:width\" content=\"1000\" \/>\n\t<meta property=\"og:image:height\" content=\"666\" \/>\n\t<meta property=\"og:image:type\" content=\"image\/jpeg\" \/>\n<meta name=\"author\" content=\"Casa de Campo Living\" \/>\n<meta name=\"twitter:card\" content=\"summary_large_image\" \/>\n<meta name=\"twitter:creator\" content=\"@cdcliving\" \/>\n<meta name=\"twitter:site\" content=\"@cdcliving\" \/>\n<meta name=\"twitter:label1\" content=\"Escrito por\" \/>\n\t<meta name=\"twitter:data1\" content=\"Casa de Campo Living\" \/>\n\t<meta name=\"twitter:label2\" content=\"Tiempo de lectura\" \/>\n\t<meta name=\"twitter:data2\" content=\"5 minutos\" \/>\n<script type=\"application\/ld+json\" class=\"yoast-schema-graph\">{\"@context\":\"https:\\\/\\\/schema.org\",\"@graph\":[{\"@type\":\"Article\",\"@id\":\"https:\\\/\\\/casadecampoliving.com\\\/es\\\/paul-chaplet-y-jorge-garcia-regresan-teeth-dog-por-mas-gloria-laac\\\/#article\",\"isPartOf\":{\"@id\":\"https:\\\/\\\/casadecampoliving.com\\\/es\\\/paul-chaplet-y-jorge-garcia-regresan-teeth-dog-por-mas-gloria-laac\\\/\"},\"author\":{\"name\":\"Casa de Campo Living\",\"@id\":\"https:\\\/\\\/casadecampoliving.com\\\/es\\\/#\\\/schema\\\/person\\\/5d2171637a9d11e0e43ce6b8555f9422\"},\"headline\":\"Paul Chaplet y Jorge Garc\u00eda regresan a Teeth of the Dog por m\u00e1s gloria\",\"datePublished\":\"2019-01-02T04:00:00+00:00\",\"dateModified\":\"2022-10-21T23:20:02+00:00\",\"mainEntityOfPage\":{\"@id\":\"https:\\\/\\\/casadecampoliving.com\\\/es\\\/paul-chaplet-y-jorge-garcia-regresan-teeth-dog-por-mas-gloria-laac\\\/\"},\"wordCount\":979,\"publisher\":{\"@id\":\"https:\\\/\\\/casadecampoliving.com\\\/es\\\/#organization\"},\"image\":{\"@id\":\"https:\\\/\\\/casadecampoliving.com\\\/es\\\/paul-chaplet-y-jorge-garcia-regresan-teeth-dog-por-mas-gloria-laac\\\/#primaryimage\"},\"thumbnailUrl\":\"https:\\\/\\\/i0.wp.com\\\/casadecampoliving.com\\\/wp-content\\\/uploads\\\/2022\\\/10\\\/24424206956_8f9058e813_o.jpg?fit=1000%2C666&ssl=1\",\"keywords\":[\"CAMPEONATO DE AMATEUR LATINOAMERICANO\",\"Casa de Campo\",\"DIENTES DEL PERRO\",\"Dominican Republic\",\"GANADOR DE LAAC\",\"Jorge Garcia\",\"La Romana\",\"LAAC REP\u00daBLICA DOMINICANA\",\"PABELL\u00d3N DE PABLO\",\"Republica Dominicana\"],\"articleSection\":[\"Deportes\",\"Estilo de Vida\",\"Eventos\",\"Proximamente\",\"Rep\u00fablica Dominicana @es\",\"Resort Casa de Campo\",\"Video\",\"Video @es\"],\"inLanguage\":\"es\"},{\"@type\":\"WebPage\",\"@id\":\"https:\\\/\\\/casadecampoliving.com\\\/es\\\/paul-chaplet-y-jorge-garcia-regresan-teeth-dog-por-mas-gloria-laac\\\/\",\"url\":\"https:\\\/\\\/casadecampoliving.com\\\/es\\\/paul-chaplet-y-jorge-garcia-regresan-teeth-dog-por-mas-gloria-laac\\\/\",\"name\":\"Paul Chaplet y Jorge Garc\u00eda regresan a Teeth of the Dog por m\u00e1s gloria | Casa de Campo Living\",\"isPartOf\":{\"@id\":\"https:\\\/\\\/casadecampoliving.com\\\/es\\\/#website\"},\"primaryImageOfPage\":{\"@id\":\"https:\\\/\\\/casadecampoliving.com\\\/es\\\/paul-chaplet-y-jorge-garcia-regresan-teeth-dog-por-mas-gloria-laac\\\/#primaryimage\"},\"image\":{\"@id\":\"https:\\\/\\\/casadecampoliving.com\\\/es\\\/paul-chaplet-y-jorge-garcia-regresan-teeth-dog-por-mas-gloria-laac\\\/#primaryimage\"},\"thumbnailUrl\":\"https:\\\/\\\/i0.wp.com\\\/casadecampoliving.com\\\/wp-content\\\/uploads\\\/2022\\\/10\\\/24424206956_8f9058e813_o.jpg?fit=1000%2C666&ssl=1\",\"datePublished\":\"2019-01-02T04:00:00+00:00\",\"dateModified\":\"2022-10-21T23:20:02+00:00\",\"description\":\"El costarricense volver\u00e1 a Casa de Campo, Rep\u00fablica Dominicana, donde hizo historia al convertirse en el m\u00e1s joven campe\u00f3n del Latin America Amateur\",\"breadcrumb\":{\"@id\":\"https:\\\/\\\/casadecampoliving.com\\\/es\\\/paul-chaplet-y-jorge-garcia-regresan-teeth-dog-por-mas-gloria-laac\\\/#breadcrumb\"},\"inLanguage\":\"es\",\"potentialAction\":[{\"@type\":\"ReadAction\",\"target\":[\"https:\\\/\\\/casadecampoliving.com\\\/es\\\/paul-chaplet-y-jorge-garcia-regresan-teeth-dog-por-mas-gloria-laac\\\/\"]}]},{\"@type\":\"ImageObject\",\"inLanguage\":\"es\",\"@id\":\"https:\\\/\\\/casadecampoliving.com\\\/es\\\/paul-chaplet-y-jorge-garcia-regresan-teeth-dog-por-mas-gloria-laac\\\/#primaryimage\",\"url\":\"https:\\\/\\\/i0.wp.com\\\/casadecampoliving.com\\\/wp-content\\\/uploads\\\/2022\\\/10\\\/24424206956_8f9058e813_o.jpg?fit=1000%2C666&ssl=1\",\"contentUrl\":\"https:\\\/\\\/i0.wp.com\\\/casadecampoliving.com\\\/wp-content\\\/uploads\\\/2022\\\/10\\\/24424206956_8f9058e813_o.jpg?fit=1000%2C666&ssl=1\",\"width\":1000,\"height\":666,\"caption\":\"Paul Chaplet of Costa Rica and Jorge Garcia of Venezuela with the trophy of the 2016 Latin America Amateur Championship at CASA DE CAMPO on Sunday January 17th, 2016. Enrique Berardi\\\/LAAC.\"},{\"@type\":\"BreadcrumbList\",\"@id\":\"https:\\\/\\\/casadecampoliving.com\\\/es\\\/paul-chaplet-y-jorge-garcia-regresan-teeth-dog-por-mas-gloria-laac\\\/#breadcrumb\",\"itemListElement\":[{\"@type\":\"ListItem\",\"position\":1,\"name\":\"Home\",\"item\":\"https:\\\/\\\/casadecampoliving.com\\\/es\\\/\"},{\"@type\":\"ListItem\",\"position\":2,\"name\":\"Paul Chaplet y Jorge Garc\u00eda regresan a Teeth of the Dog por m\u00e1s gloria\"}]},{\"@type\":\"WebSite\",\"@id\":\"https:\\\/\\\/casadecampoliving.com\\\/es\\\/#website\",\"url\":\"https:\\\/\\\/casadecampoliving.com\\\/es\\\/\",\"name\":\"Casa de Campo Living\",\"description\":\"Resort community news and resources.\",\"publisher\":{\"@id\":\"https:\\\/\\\/casadecampoliving.com\\\/es\\\/#organization\"},\"potentialAction\":[{\"@type\":\"SearchAction\",\"target\":{\"@type\":\"EntryPoint\",\"urlTemplate\":\"https:\\\/\\\/casadecampoliving.com\\\/es\\\/?s={search_term_string}\"},\"query-input\":{\"@type\":\"PropertyValueSpecification\",\"valueRequired\":true,\"valueName\":\"search_term_string\"}}],\"inLanguage\":\"es\"},{\"@type\":\"Organization\",\"@id\":\"https:\\\/\\\/casadecampoliving.com\\\/es\\\/#organization\",\"name\":\"Casa de Campo Living\",\"url\":\"https:\\\/\\\/casadecampoliving.com\\\/es\\\/\",\"logo\":{\"@type\":\"ImageObject\",\"inLanguage\":\"es\",\"@id\":\"https:\\\/\\\/casadecampoliving.com\\\/es\\\/#\\\/schema\\\/logo\\\/image\\\/\",\"url\":\"https:\\\/\\\/i0.wp.com\\\/casadecampoliving.com\\\/wp-content\\\/uploads\\\/2022\\\/07\\\/CDCLivingLogo_V1-white-sized.png?fit=800%2C214&ssl=1\",\"contentUrl\":\"https:\\\/\\\/i0.wp.com\\\/casadecampoliving.com\\\/wp-content\\\/uploads\\\/2022\\\/07\\\/CDCLivingLogo_V1-white-sized.png?fit=800%2C214&ssl=1\",\"width\":800,\"height\":214,\"caption\":\"Casa de Campo Living\"},\"image\":{\"@id\":\"https:\\\/\\\/casadecampoliving.com\\\/es\\\/#\\\/schema\\\/logo\\\/image\\\/\"},\"sameAs\":[\"https:\\\/\\\/www.facebook.com\\\/casadecampoliving\",\"https:\\\/\\\/x.com\\\/cdcliving\"]},{\"@type\":\"Person\",\"@id\":\"https:\\\/\\\/casadecampoliving.com\\\/es\\\/#\\\/schema\\\/person\\\/5d2171637a9d11e0e43ce6b8555f9422\",\"name\":\"Casa de Campo Living\",\"image\":{\"@type\":\"ImageObject\",\"inLanguage\":\"es\",\"@id\":\"https:\\\/\\\/secure.gravatar.com\\\/avatar\\\/d04101fa4a9fd431e939953b1500fdc7a73cd35029f86d98712fd8ccdaebaf9a?s=96&d=mm&r=g\",\"url\":\"https:\\\/\\\/secure.gravatar.com\\\/avatar\\\/d04101fa4a9fd431e939953b1500fdc7a73cd35029f86d98712fd8ccdaebaf9a?s=96&d=mm&r=g\",\"contentUrl\":\"https:\\\/\\\/secure.gravatar.com\\\/avatar\\\/d04101fa4a9fd431e939953b1500fdc7a73cd35029f86d98712fd8ccdaebaf9a?s=96&d=mm&r=g\",\"caption\":\"Casa de Campo Living\"},\"url\":\"https:\\\/\\\/casadecampoliving.com\\\/es\\\/author\\\/casa-de-campo-living\\\/\"}]}<\/script>\n<!-- \/ Yoast SEO plugin. -->","yoast_head_json":{"title":"Paul Chaplet y Jorge Garc\u00eda regresan a Teeth of the Dog por m\u00e1s gloria | Casa de Campo Living","description":"El costarricense volver\u00e1 a Casa de Campo, Rep\u00fablica Dominicana, donde hizo historia al convertirse en el m\u00e1s joven campe\u00f3n del Latin America Amateur","robots":{"index":"index","follow":"follow","max-snippet":"max-snippet:-1","max-image-preview":"max-image-preview:large","max-video-preview":"max-video-preview:-1"},"canonical":"https:\/\/casadecampoliving.com\/es\/paul-chaplet-y-jorge-garcia-regresan-teeth-dog-por-mas-gloria-laac\/","og_locale":"es_ES","og_type":"article","og_title":"Paul Chaplet y Jorge Garc\u00eda regresan a Teeth of the Dog por m\u00e1s gloria | Casa de Campo Living","og_description":"El costarricense volver\u00e1 a Casa de Campo, Rep\u00fablica Dominicana, donde hizo historia al convertirse en el m\u00e1s joven campe\u00f3n del Latin America Amateur","og_url":"https:\/\/casadecampoliving.com\/es\/paul-chaplet-y-jorge-garcia-regresan-teeth-dog-por-mas-gloria-laac\/","og_site_name":"Casa de Campo Living","article_publisher":"https:\/\/www.facebook.com\/casadecampoliving","article_published_time":"2019-01-02T04:00:00+00:00","article_modified_time":"2022-10-21T23:20:02+00:00","og_image":[{"width":1000,"height":666,"url":"https:\/\/i0.wp.com\/casadecampoliving.com\/wp-content\/uploads\/2022\/10\/24424206956_8f9058e813_o.jpg?fit=1000%2C666&ssl=1","type":"image\/jpeg"}],"author":"Casa de Campo Living","twitter_card":"summary_large_image","twitter_creator":"@cdcliving","twitter_site":"@cdcliving","twitter_misc":{"Escrito por":"Casa de Campo Living","Tiempo de lectura":"5 minutos"},"schema":{"@context":"https:\/\/schema.org","@graph":[{"@type":"Article","@id":"https:\/\/casadecampoliving.com\/es\/paul-chaplet-y-jorge-garcia-regresan-teeth-dog-por-mas-gloria-laac\/#article","isPartOf":{"@id":"https:\/\/casadecampoliving.com\/es\/paul-chaplet-y-jorge-garcia-regresan-teeth-dog-por-mas-gloria-laac\/"},"author":{"name":"Casa de Campo Living","@id":"https:\/\/casadecampoliving.com\/es\/#\/schema\/person\/5d2171637a9d11e0e43ce6b8555f9422"},"headline":"Paul Chaplet y Jorge Garc\u00eda regresan a Teeth of the Dog por m\u00e1s gloria","datePublished":"2019-01-02T04:00:00+00:00","dateModified":"2022-10-21T23:20:02+00:00","mainEntityOfPage":{"@id":"https:\/\/casadecampoliving.com\/es\/paul-chaplet-y-jorge-garcia-regresan-teeth-dog-por-mas-gloria-laac\/"},"wordCount":979,"publisher":{"@id":"https:\/\/casadecampoliving.com\/es\/#organization"},"image":{"@id":"https:\/\/casadecampoliving.com\/es\/paul-chaplet-y-jorge-garcia-regresan-teeth-dog-por-mas-gloria-laac\/#primaryimage"},"thumbnailUrl":"https:\/\/i0.wp.com\/casadecampoliving.com\/wp-content\/uploads\/2022\/10\/24424206956_8f9058e813_o.jpg?fit=1000%2C666&ssl=1","keywords":["CAMPEONATO DE AMATEUR LATINOAMERICANO","Casa de Campo","DIENTES DEL PERRO","Dominican Republic","GANADOR DE LAAC","Jorge Garcia","La Romana","LAAC REP\u00daBLICA DOMINICANA","PABELL\u00d3N DE PABLO","Republica Dominicana"],"articleSection":["Deportes","Estilo de Vida","Eventos","Proximamente","Rep\u00fablica Dominicana @es","Resort Casa de Campo","Video","Video @es"],"inLanguage":"es"},{"@type":"WebPage","@id":"https:\/\/casadecampoliving.com\/es\/paul-chaplet-y-jorge-garcia-regresan-teeth-dog-por-mas-gloria-laac\/","url":"https:\/\/casadecampoliving.com\/es\/paul-chaplet-y-jorge-garcia-regresan-teeth-dog-por-mas-gloria-laac\/","name":"Paul Chaplet y Jorge Garc\u00eda regresan a Teeth of the Dog por m\u00e1s gloria | Casa de Campo Living","isPartOf":{"@id":"https:\/\/casadecampoliving.com\/es\/#website"},"primaryImageOfPage":{"@id":"https:\/\/casadecampoliving.com\/es\/paul-chaplet-y-jorge-garcia-regresan-teeth-dog-por-mas-gloria-laac\/#primaryimage"},"image":{"@id":"https:\/\/casadecampoliving.com\/es\/paul-chaplet-y-jorge-garcia-regresan-teeth-dog-por-mas-gloria-laac\/#primaryimage"},"thumbnailUrl":"https:\/\/i0.wp.com\/casadecampoliving.com\/wp-content\/uploads\/2022\/10\/24424206956_8f9058e813_o.jpg?fit=1000%2C666&ssl=1","datePublished":"2019-01-02T04:00:00+00:00","dateModified":"2022-10-21T23:20:02+00:00","description":"El costarricense volver\u00e1 a Casa de Campo, Rep\u00fablica Dominicana, donde hizo historia al convertirse en el m\u00e1s joven campe\u00f3n del Latin America Amateur","breadcrumb":{"@id":"https:\/\/casadecampoliving.com\/es\/paul-chaplet-y-jorge-garcia-regresan-teeth-dog-por-mas-gloria-laac\/#breadcrumb"},"inLanguage":"es","potentialAction":[{"@type":"ReadAction","target":["https:\/\/casadecampoliving.com\/es\/paul-chaplet-y-jorge-garcia-regresan-teeth-dog-por-mas-gloria-laac\/"]}]},{"@type":"ImageObject","inLanguage":"es","@id":"https:\/\/casadecampoliving.com\/es\/paul-chaplet-y-jorge-garcia-regresan-teeth-dog-por-mas-gloria-laac\/#primaryimage","url":"https:\/\/i0.wp.com\/casadecampoliving.com\/wp-content\/uploads\/2022\/10\/24424206956_8f9058e813_o.jpg?fit=1000%2C666&ssl=1","contentUrl":"https:\/\/i0.wp.com\/casadecampoliving.com\/wp-content\/uploads\/2022\/10\/24424206956_8f9058e813_o.jpg?fit=1000%2C666&ssl=1","width":1000,"height":666,"caption":"Paul Chaplet of Costa Rica and Jorge Garcia of Venezuela with the trophy of the 2016 Latin America Amateur Championship at CASA DE CAMPO on Sunday January 17th, 2016. Enrique Berardi\/LAAC."},{"@type":"BreadcrumbList","@id":"https:\/\/casadecampoliving.com\/es\/paul-chaplet-y-jorge-garcia-regresan-teeth-dog-por-mas-gloria-laac\/#breadcrumb","itemListElement":[{"@type":"ListItem","position":1,"name":"Home","item":"https:\/\/casadecampoliving.com\/es\/"},{"@type":"ListItem","position":2,"name":"Paul Chaplet y Jorge Garc\u00eda regresan a Teeth of the Dog por m\u00e1s gloria"}]},{"@type":"WebSite","@id":"https:\/\/casadecampoliving.com\/es\/#website","url":"https:\/\/casadecampoliving.com\/es\/","name":"Casa de Campo Living","description":"Resort community news and resources.","publisher":{"@id":"https:\/\/casadecampoliving.com\/es\/#organization"},"potentialAction":[{"@type":"SearchAction","target":{"@type":"EntryPoint","urlTemplate":"https:\/\/casadecampoliving.com\/es\/?s={search_term_string}"},"query-input":{"@type":"PropertyValueSpecification","valueRequired":true,"valueName":"search_term_string"}}],"inLanguage":"es"},{"@type":"Organization","@id":"https:\/\/casadecampoliving.com\/es\/#organization","name":"Casa de Campo Living","url":"https:\/\/casadecampoliving.com\/es\/","logo":{"@type":"ImageObject","inLanguage":"es","@id":"https:\/\/casadecampoliving.com\/es\/#\/schema\/logo\/image\/","url":"https:\/\/i0.wp.com\/casadecampoliving.com\/wp-content\/uploads\/2022\/07\/CDCLivingLogo_V1-white-sized.png?fit=800%2C214&ssl=1","contentUrl":"https:\/\/i0.wp.com\/casadecampoliving.com\/wp-content\/uploads\/2022\/07\/CDCLivingLogo_V1-white-sized.png?fit=800%2C214&ssl=1","width":800,"height":214,"caption":"Casa de Campo Living"},"image":{"@id":"https:\/\/casadecampoliving.com\/es\/#\/schema\/logo\/image\/"},"sameAs":["https:\/\/www.facebook.com\/casadecampoliving","https:\/\/x.com\/cdcliving"]},{"@type":"Person","@id":"https:\/\/casadecampoliving.com\/es\/#\/schema\/person\/5d2171637a9d11e0e43ce6b8555f9422","name":"Casa de Campo Living","image":{"@type":"ImageObject","inLanguage":"es","@id":"https:\/\/secure.gravatar.com\/avatar\/d04101fa4a9fd431e939953b1500fdc7a73cd35029f86d98712fd8ccdaebaf9a?s=96&d=mm&r=g","url":"https:\/\/secure.gravatar.com\/avatar\/d04101fa4a9fd431e939953b1500fdc7a73cd35029f86d98712fd8ccdaebaf9a?s=96&d=mm&r=g","contentUrl":"https:\/\/secure.gravatar.com\/avatar\/d04101fa4a9fd431e939953b1500fdc7a73cd35029f86d98712fd8ccdaebaf9a?s=96&d=mm&r=g","caption":"Casa de Campo Living"},"url":"https:\/\/casadecampoliving.com\/es\/author\/casa-de-campo-living\/"}]}},"parsely":{"version":"1.1.0","canonical_url":"https:\/\/casadecampoliving.com\/es\/paul-chaplet-y-jorge-garcia-regresan-teeth-dog-por-mas-gloria-laac\/","smart_links":{"inbound":0,"outbound":0},"traffic_boost_suggestions_count":0,"meta":{"@context":"https:\/\/schema.org","@type":"NewsArticle","headline":"Paul Chaplet y Jorge Garc\u00eda regresan a Teeth of the Dog por m\u00e1s gloria","url":"http:\/\/casadecampoliving.com\/es\/paul-chaplet-y-jorge-garcia-regresan-teeth-dog-por-mas-gloria-laac\/","mainEntityOfPage":{"@type":"WebPage","@id":"http:\/\/casadecampoliving.com\/es\/paul-chaplet-y-jorge-garcia-regresan-teeth-dog-por-mas-gloria-laac\/"},"thumbnailUrl":"https:\/\/i0.wp.com\/casadecampoliving.com\/wp-content\/uploads\/2022\/10\/24424206956_8f9058e813_o.jpg?resize=150%2C150&ssl=1","image":{"@type":"ImageObject","url":"https:\/\/i0.wp.com\/casadecampoliving.com\/wp-content\/uploads\/2022\/10\/24424206956_8f9058e813_o.jpg?fit=1000%2C666&ssl=1"},"articleSection":"Deportes","author":[{"@type":"Person","name":"Casa de Campo Living"}],"creator":["Casa de Campo Living"],"publisher":{"@type":"Organization","name":"Casa de Campo Living","logo":"https:\/\/casadecampoliving.com\/wp-content\/uploads\/2022\/07\/CDCLivingLogo_V1-white-sized.png"},"keywords":["campeonato de amateur latinoamericano","casa de campo","dientes del perro","dominican republic","ganador de laac","jorge garcia","la romana","laac rep\u00fablica dominicana","pabell\u00f3n de pablo","republica dominicana"],"dateCreated":"2019-01-02T04:00:00Z","datePublished":"2019-01-02T04:00:00Z","dateModified":"2022-10-21T23:20:02Z"},"rendered":"<script type=\"application\/ld+json\" class=\"wp-parsely-metadata\">{\"@context\":\"https:\\\/\\\/schema.org\",\"@type\":\"NewsArticle\",\"headline\":\"Paul Chaplet y Jorge Garc\\u00eda regresan a Teeth of the Dog por m\\u00e1s gloria\",\"url\":\"http:\\\/\\\/casadecampoliving.com\\\/es\\\/paul-chaplet-y-jorge-garcia-regresan-teeth-dog-por-mas-gloria-laac\\\/\",\"mainEntityOfPage\":{\"@type\":\"WebPage\",\"@id\":\"http:\\\/\\\/casadecampoliving.com\\\/es\\\/paul-chaplet-y-jorge-garcia-regresan-teeth-dog-por-mas-gloria-laac\\\/\"},\"thumbnailUrl\":\"https:\\\/\\\/i0.wp.com\\\/casadecampoliving.com\\\/wp-content\\\/uploads\\\/2022\\\/10\\\/24424206956_8f9058e813_o.jpg?resize=150%2C150&ssl=1\",\"image\":{\"@type\":\"ImageObject\",\"url\":\"https:\\\/\\\/i0.wp.com\\\/casadecampoliving.com\\\/wp-content\\\/uploads\\\/2022\\\/10\\\/24424206956_8f9058e813_o.jpg?fit=1000%2C666&ssl=1\"},\"articleSection\":\"Deportes\",\"author\":[{\"@type\":\"Person\",\"name\":\"Casa de Campo Living\"}],\"creator\":[\"Casa de Campo Living\"],\"publisher\":{\"@type\":\"Organization\",\"name\":\"Casa de Campo Living\",\"logo\":\"https:\\\/\\\/casadecampoliving.com\\\/wp-content\\\/uploads\\\/2022\\\/07\\\/CDCLivingLogo_V1-white-sized.png\"},\"keywords\":[\"campeonato de amateur latinoamericano\",\"casa de campo\",\"dientes del perro\",\"dominican republic\",\"ganador de laac\",\"jorge garcia\",\"la romana\",\"laac rep\\u00fablica dominicana\",\"pabell\\u00f3n de pablo\",\"republica dominicana\"],\"dateCreated\":\"2019-01-02T04:00:00Z\",\"datePublished\":\"2019-01-02T04:00:00Z\",\"dateModified\":\"2022-10-21T23:20:02Z\"}<\/script>","tracker_url":"https:\/\/cdn.parsely.com\/keys\/casadecampoliving.com\/p.js"},"jetpack_publicize_connections":[],"jetpack_featured_media_url":"https:\/\/i0.wp.com\/casadecampoliving.com\/wp-content\/uploads\/2022\/10\/24424206956_8f9058e813_o.jpg?fit=1000%2C666&ssl=1","jetpack-related-posts":[{"id":352407,"url":"https:\/\/casadecampoliving.com\/es\/el-latin-america-amateur-championship-laac-regresara-casa-de-campo-resort-villas\/","url_meta":{"origin":353090,"position":0},"title":"El Latin America Amateur Championship (LAAC) regresar\u00e1 a Casa de Campo Resort &#038; Villas","author":"Casa de Campo Resort","date":"22 Ene, 2018","format":false,"excerpt":"El Latin America Amateur Championship (LAAC) regresar\u00e1 a Casa de Campo Resort & Villas en Rep\u00fablica Dominicana para celebrar la quinta edici\u00f3n, que se llevar\u00e1 a cabo del 17 al 20 de enero de 2019, en el afamado campo Teeth of the Dog \/Diente de Perro. El anuncio fue realizado\u2026","rel":"","context":"En \u00abDeportes\u00bb","block_context":{"text":"Deportes","link":"https:\/\/casadecampoliving.com\/es\/category\/golf-deportes-es\/"},"img":{"alt_text":"","src":"https:\/\/i0.wp.com\/casadecampoliving.com\/wp-content\/uploads\/2022\/10\/LAAC_Final_Round_es-e1453149758713.jpg?fit=650%2C406&ssl=1&resize=350%2C200","width":350,"height":200,"srcset":"https:\/\/i0.wp.com\/casadecampoliving.com\/wp-content\/uploads\/2022\/10\/LAAC_Final_Round_es-e1453149758713.jpg?fit=650%2C406&ssl=1&resize=350%2C200 1x, https:\/\/i0.wp.com\/casadecampoliving.com\/wp-content\/uploads\/2022\/10\/LAAC_Final_Round_es-e1453149758713.jpg?fit=650%2C406&ssl=1&resize=525%2C300 1.5x"},"classes":[]},{"id":354153,"url":"https:\/\/casadecampoliving.com\/es\/el-latin-america-amateur-championship-2022-regresa-a-casa-de-campo-en-republica-dominicana\/","url_meta":{"origin":353090,"position":1},"title":"El Latin America Amateur Championship 2022 regresa a Casa de Campo en Rep\u00fablica Dominicana","author":"Casa de Campo Living","date":"17 Sep, 2021","format":false,"excerpt":"La s\u00e9ptima edici\u00f3n del Latin America Amateur Championship (LAAC) se llevar\u00e1 a cabo en Casa de Campo Resort & Villas, Rep\u00fablica Dominicana, del 20 al 23 de Enero de 2022. El LAAC 2021, originalmente programado del 14 al 17 de enero en el Lima Golf Club en Per\u00fa, fue cancelado\u2026","rel":"","context":"En \u00abCasa de Campo Living @es\u00bb","block_context":{"text":"Casa de Campo Living @es","link":"https:\/\/casadecampoliving.com\/category\/casa-de-campo-living-es\/"},"img":{"alt_text":"","src":"https:\/\/i0.wp.com\/casadecampoliving.com\/wp-content\/uploads\/2022\/10\/24367955851_f2d1b71676_o-1.jpg?fit=1000%2C667&ssl=1&resize=350%2C200","width":350,"height":200,"srcset":"https:\/\/i0.wp.com\/casadecampoliving.com\/wp-content\/uploads\/2022\/10\/24367955851_f2d1b71676_o-1.jpg?fit=1000%2C667&ssl=1&resize=350%2C200 1x, https:\/\/i0.wp.com\/casadecampoliving.com\/wp-content\/uploads\/2022\/10\/24367955851_f2d1b71676_o-1.jpg?fit=1000%2C667&ssl=1&resize=525%2C300 1.5x, https:\/\/i0.wp.com\/casadecampoliving.com\/wp-content\/uploads\/2022\/10\/24367955851_f2d1b71676_o-1.jpg?fit=1000%2C667&ssl=1&resize=700%2C400 2x"},"classes":[]},{"id":349012,"url":"https:\/\/casadecampoliving.com\/es\/paul-chaplet-de-costa-rica-gana-el-latin-america-amateur-championship-laac\/","url_meta":{"origin":353090,"position":2},"title":"\u00a1Paul Chaplet de Costa Rica gana el Lat\u00edn Am\u00e9rica Amateur Championship (LAAC)!","author":"Heather Lincoln","date":"18 Ene, 2016","format":false,"excerpt":"Paul Chaplet, de Costa Rica y uno de los m\u00e1s j\u00f3venes jugadores del torneo, sorprendi\u00f3 a todo el mundo al consagrarse campe\u00f3n del Latin American Amateur Championship, LAAC, en Casa de Campo este a\u00f1o y ganando una invitaci\u00f3n a jugar en el Masters en abril. El ganador del LAAC Rep\u00fablica\u2026","rel":"","context":"En \u00abCasa de Campo Living @es\u00bb","block_context":{"text":"Casa de Campo Living @es","link":"https:\/\/casadecampoliving.com\/category\/casa-de-campo-living-es\/"},"img":{"alt_text":"","src":"https:\/\/i0.wp.com\/casadecampoliving.com\/wp-content\/uploads\/2022\/10\/Paul_Chaplet_LAAC1.jpg?fit=650%2C400&ssl=1&resize=350%2C200","width":350,"height":200,"srcset":"https:\/\/i0.wp.com\/casadecampoliving.com\/wp-content\/uploads\/2022\/10\/Paul_Chaplet_LAAC1.jpg?fit=650%2C400&ssl=1&resize=350%2C200 1x, https:\/\/i0.wp.com\/casadecampoliving.com\/wp-content\/uploads\/2022\/10\/Paul_Chaplet_LAAC1.jpg?fit=650%2C400&ssl=1&resize=525%2C300 1.5x"},"classes":[]},{"id":330371,"url":"https:\/\/casadecampoliving.com\/paul-chaplet-jorge-garcia-return-teeth-dog-glory-laac\/","url_meta":{"origin":353090,"position":3},"title":"Paul Chaplet and Jorge Garc\u00eda return to Teeth of the Dog for more glory","author":"Casa de Campo Living","date":"2 Ene, 2019","format":false,"excerpt":"The Costa Rican will return to Casa de Campo, Dominican Republic, where he made history by becoming the youngest champion of the Latin America Amateur Championship in 2016. The Venezuelan was the runner-up and will seek his rematch. When the week of the fifth edition of the LAAC begins it\u2026","rel":"","context":"En \u00abCasa de Campo Resort\u00bb","block_context":{"text":"Casa de Campo Resort","link":"https:\/\/casadecampoliving.com\/category\/casa-de-campo-resort\/"},"img":{"alt_text":"","src":"https:\/\/i0.wp.com\/casadecampoliving.com\/wp-content\/uploads\/2022\/10\/24424206956_8f9058e813_o.jpg?fit=1000%2C666&ssl=1&resize=350%2C200","width":350,"height":200,"srcset":"https:\/\/i0.wp.com\/casadecampoliving.com\/wp-content\/uploads\/2022\/10\/24424206956_8f9058e813_o.jpg?fit=1000%2C666&ssl=1&resize=350%2C200 1x, https:\/\/i0.wp.com\/casadecampoliving.com\/wp-content\/uploads\/2022\/10\/24424206956_8f9058e813_o.jpg?fit=1000%2C666&ssl=1&resize=525%2C300 1.5x, https:\/\/i0.wp.com\/casadecampoliving.com\/wp-content\/uploads\/2022\/10\/24424206956_8f9058e813_o.jpg?fit=1000%2C666&ssl=1&resize=700%2C400 2x"},"classes":[]},{"id":354225,"url":"https:\/\/casadecampoliving.com\/es\/lanzamiento-oficial-del-latin-america-amateur-championship-2022\/","url_meta":{"origin":353090,"position":4},"title":"Lanzamiento oficial del Latin America Amateur Championship 2022","author":"Casa de Campo Resort","date":"16 Dic, 2021","format":false,"excerpt":"El Latin America Amateur Championship 2022 que se disputar\u00e1 del 20 al 23 de enero en Casa de Campo, Rep\u00fablica Dominicana, qued\u00f3 oficialmente presentado este mi\u00e9rcoles tras la conferencia de prensa que se realiz\u00f3 de manera virtual con la participaci\u00f3n de periodistas especializados y responsables de comunicaci\u00f3n de asociaciones y\u2026","rel":"","context":"En \u00abCasa de Campo Living @es\u00bb","block_context":{"text":"Casa de Campo Living @es","link":"https:\/\/casadecampoliving.com\/category\/casa-de-campo-living-es\/"},"img":{"alt_text":"","src":"https:\/\/i0.wp.com\/casadecampoliving.com\/wp-content\/uploads\/2022\/10\/1234413Trophies_20160111_001649-1-1.jpg?fit=1000%2C667&ssl=1&resize=350%2C200","width":350,"height":200,"srcset":"https:\/\/i0.wp.com\/casadecampoliving.com\/wp-content\/uploads\/2022\/10\/1234413Trophies_20160111_001649-1-1.jpg?fit=1000%2C667&ssl=1&resize=350%2C200 1x, https:\/\/i0.wp.com\/casadecampoliving.com\/wp-content\/uploads\/2022\/10\/1234413Trophies_20160111_001649-1-1.jpg?fit=1000%2C667&ssl=1&resize=525%2C300 1.5x, https:\/\/i0.wp.com\/casadecampoliving.com\/wp-content\/uploads\/2022\/10\/1234413Trophies_20160111_001649-1-1.jpg?fit=1000%2C667&ssl=1&resize=700%2C400 2x"},"classes":[]},{"id":352966,"url":"https:\/\/casadecampoliving.com\/es\/el-laac-2019-se-presento-ante-la-prensa-de-republica-dominicana\/","url_meta":{"origin":353090,"position":5},"title":"El LAAC 2019 se present\u00f3 ante la prensa de Rep\u00fablica Dominicana","author":"Casa de Campo Living","date":"29 Oct, 2018","format":false,"excerpt":"Se realiz\u00f3 la presentaci\u00f3n del Latin America Amateur Championship (LAAC) ante los medios de comunicaci\u00f3n m\u00e1s importantes de Rep\u00fablica Dominicana, que ser\u00e1 la sede del campeonato m\u00e1s importante de la regi\u00f3n del 17 al 20 de enero de 2019 en la cancha de Teeth of the Dog en Casa de\u2026","rel":"","context":"En \u00abM\u00e1s all\u00e1 de Casa\u00bb","block_context":{"text":"M\u00e1s all\u00e1 de Casa","link":"https:\/\/casadecampoliving.com\/es\/category\/mas-alla-de-casa-es\/"},"img":{"alt_text":"IMG_1507","src":"https:\/\/i0.wp.com\/casadecampoliving.com\/wp-content\/uploads\/2022\/10\/IMG_1507.jpg?resize=350%2C200","width":350,"height":200,"srcset":"https:\/\/i0.wp.com\/casadecampoliving.com\/wp-content\/uploads\/2022\/10\/IMG_1507.jpg?resize=350%2C200 1x, https:\/\/i0.wp.com\/casadecampoliving.com\/wp-content\/uploads\/2022\/10\/IMG_1507.jpg?resize=525%2C300 1.5x"},"classes":[]}],"jetpack_sharing_enabled":true,"_links":{"self":[{"href":"https:\/\/casadecampoliving.com\/es\/wp-json\/wp\/v2\/posts\/353090","targetHints":{"allow":["GET"]}}],"collection":[{"href":"https:\/\/casadecampoliving.com\/es\/wp-json\/wp\/v2\/posts"}],"about":[{"href":"https:\/\/casadecampoliving.com\/es\/wp-json\/wp\/v2\/types\/post"}],"author":[{"embeddable":true,"href":"https:\/\/casadecampoliving.com\/es\/wp-json\/wp\/v2\/users\/36791"}],"replies":[{"embeddable":true,"href":"https:\/\/casadecampoliving.com\/es\/wp-json\/wp\/v2\/comments?post=353090"}],"version-history":[{"count":1,"href":"https:\/\/casadecampoliving.com\/es\/wp-json\/wp\/v2\/posts\/353090\/revisions"}],"predecessor-version":[{"id":353091,"href":"https:\/\/casadecampoliving.com\/es\/wp-json\/wp\/v2\/posts\/353090\/revisions\/353091"}],"wp:featuredmedia":[{"embeddable":true,"href":"https:\/\/casadecampoliving.com\/es\/wp-json\/wp\/v2\/media\/293433"}],"wp:attachment":[{"href":"https:\/\/casadecampoliving.com\/es\/wp-json\/wp\/v2\/media?parent=353090"}],"wp:term":[{"taxonomy":"category","embeddable":true,"href":"https:\/\/casadecampoliving.com\/es\/wp-json\/wp\/v2\/categories?post=353090"},{"taxonomy":"post_tag","embeddable":true,"href":"https:\/\/casadecampoliving.com\/es\/wp-json\/wp\/v2\/tags?post=353090"},{"taxonomy":"newspack_spnsrs_tax","embeddable":true,"href":"https:\/\/casadecampoliving.com\/es\/wp-json\/wp\/v2\/newspack_spnsrs_tax?post=353090"}],"curies":[{"name":"wp","href":"https:\/\/api.w.org\/{rel}","templated":true}]}}