{"id":353051,"date":"2018-12-12T00:00:00","date_gmt":"2018-12-12T04:00:00","guid":{"rendered":"https:\/\/casadecampoliving.com\/charla-de-multiplicadores-de-la-escuela-hogar-del-nino-en-conmemoracion-del-dia-mundial-del-sida\/"},"modified":"2022-10-21T19:14:55","modified_gmt":"2022-10-21T23:14:55","slug":"charla-de-multiplicadores-de-la-escuela-hogar-del-nino-en-conmemoracion-del-dia-mundial-del-sida","status":"publish","type":"post","link":"https:\/\/casadecampoliving.com\/es\/charla-de-multiplicadores-de-la-escuela-hogar-del-nino-en-conmemoracion-del-dia-mundial-del-sida\/","title":{"rendered":"Charla de Multiplicadores de la Escuela Hogar del Ni\u00f1o en Conmemoraci\u00f3n del D\u00eda Mundial del SIDA"},"content":{"rendered":"\n<p>El M\u00f3dulo Anexo Materno Infantil (MAMI) realiza durante el a\u00f1o escolar charlas sobre educaci\u00f3n sexual y reproductiva en escuelas y liceos de La Romana, as\u00ed como bateyes cercanos, las cuales abarcan temas sobre prevenci\u00f3n de embarazos en adolescentes, planificaci\u00f3n familiar, prevenci\u00f3n de infecciones de transmisi\u00f3n sexual, entre otras, con el objetivo de educar y empoderar a los j\u00f3venes con los conocimientos necesarios para vivir una vida saludable. Un grupo de j\u00f3venes voluntarios de uno de estos centros educativos que han recibido las charlas de este programa son reclutados y pueden capacitarse como j\u00f3venes multiplicadores, los cuales son entrenados por el equipo de educadores del MAMI con los conocimientos necesarios para facilitar estos temas, para que a su vez puedan replicar estos conocimientos con sus amigos, compa\u00f1eros de clases, familiares y la comunidad donde viven.<\/p>\n\n\n\n<!--more-->\n\n\n<div class=\"wp-block-image\">\n<figure class=\"aligncenter is-resized\"><img loading=\"lazy\" decoding=\"async\" src=\"https:\/\/i0.wp.com\/casadecampoliving-wp.s3-accelerate.amazonaws.com\/2018\/12\/DSC_0311-2-2.jpg?resize=1000%2C665&amp;ssl=1\" alt=\"\" class=\"wp-image-165236\" height=\"665\" width=\"1000\" srcset=\"https:\/\/i0.wp.com\/casadecampoliving.com\/wp-content\/uploads\/2018\/12\/DSC_0311-2-2.jpg?w=1000&amp;ssl=1 1000w, https:\/\/i0.wp.com\/casadecampoliving.com\/wp-content\/uploads\/2018\/12\/DSC_0311-2-2.jpg?resize=300%2C200&amp;ssl=1 300w, https:\/\/i0.wp.com\/casadecampoliving.com\/wp-content\/uploads\/2018\/12\/DSC_0311-2-2.jpg?resize=768%2C511&amp;ssl=1 768w, https:\/\/i0.wp.com\/casadecampoliving-wp.s3-accelerate.amazonaws.com\/2018\/12\/DSC_0311-2-2.jpg?w=370 370w, https:\/\/i0.wp.com\/casadecampoliving-wp.s3-accelerate.amazonaws.com\/2018\/12\/DSC_0311-2-2.jpg?w=400 400w\" sizes=\"auto, (max-width: 1000px) 100vw, 1000px\" \/><\/figure>\n<\/div>\n\n\n<p>El pasado viernes, 30 de noviembre, con motivo del D\u00eda Mundial del SIDA, el grupo de multiplicadores pertenecientes a la Escuela Hogar del Ni\u00f1o del Patronato Ben\u00e9fico Oriental realizaron una exposici\u00f3n sobre el VIH y el SIDA con un contenido que inclu\u00eda detalles sobre transmisi\u00f3n, prevenci\u00f3n, tratamiento y discriminaci\u00f3n de las personas que viven con VIH. La directora del MAMI, Lic. Luz Messina, tuvo a su cargo la bienvenida de los all\u00ed presentes y luego dio inicio a las diferentes exposiciones. La actividad tuvo lugar en la cancha multiuso de dicho centro y cont\u00f3 con la asistencia de aproximadamente 500 estudiantes desde sexto de b\u00e1sica hasta el bachiller, as\u00ed como algunos representantes de otras instituciones como el Liceo Mar\u00eda Mercedes Lazala y Cl\u00ednica de Familia La Romana.<\/p>\n\n\n\n<p>Los j\u00f3venes multiplicadores tuvieron la oportunidad de facilitar sus temas y poner en pr\u00e1ctica los conocimientos aprendidos durante casi un a\u00f1o de entrenamiento como multiplicadores. Luego de la participaci\u00f3n de cada grupo exponente, el educador del MAMI, Omar Hern\u00e1ndez, realiz\u00f3 un peque\u00f1o resumen de los temas all\u00ed expuestos con la interacci\u00f3n de los estudiantes presentes, asegurando que los estudiantes puedan replicar la informaci\u00f3n recibida. Ya para concluir la actividad, los expositores recibieron certificados de participaci\u00f3n.<\/p>\n\n\n<div class=\"wp-block-image\">\n<figure class=\"aligncenter is-resized\"><img loading=\"lazy\" decoding=\"async\" src=\"https:\/\/i0.wp.com\/casadecampoliving-wp.s3-accelerate.amazonaws.com\/2018\/12\/DSC_0504-1.jpg?resize=1000%2C665&amp;ssl=1\" alt=\"\" class=\"wp-image-165238\" height=\"665\" width=\"1000\" srcset=\"https:\/\/i0.wp.com\/casadecampoliving.com\/wp-content\/uploads\/2018\/12\/DSC_0504-1.jpg?w=1000&amp;ssl=1 1000w, https:\/\/i0.wp.com\/casadecampoliving.com\/wp-content\/uploads\/2018\/12\/DSC_0504-1.jpg?resize=300%2C200&amp;ssl=1 300w, https:\/\/i0.wp.com\/casadecampoliving.com\/wp-content\/uploads\/2018\/12\/DSC_0504-1.jpg?resize=768%2C511&amp;ssl=1 768w, https:\/\/i0.wp.com\/casadecampoliving-wp.s3-accelerate.amazonaws.com\/2018\/12\/DSC_0504-1.jpg?w=370 370w, https:\/\/i0.wp.com\/casadecampoliving-wp.s3-accelerate.amazonaws.com\/2018\/12\/DSC_0504-1.jpg?w=400 400w\" sizes=\"auto, (max-width: 1000px) 100vw, 1000px\" \/><\/figure>\n<\/div>\n\n\n<p>Agradecemos el desarrollo de esta actividad al personal docente del \u00e1rea de psicolog\u00eda de la Escuela Hogar del Ni\u00f1o, quienes tuvieron a su cargo las orientaciones necesarias de los temas, as\u00ed como el apoyo para que los grupos prepararan sus presentaciones. Por igual nuestro agradecimiento a la directora de la escuela, Lic. M\u00f3nique Acevedo, por su acogida a esta iniciativa.<\/p>\n\n\n\n<p><em>Informaci\u00f3n cortes\u00eda de la Cl\u00ednica de Familia, Fotos provistas por Sarah Cohen.<\/em><\/p>\n\n\n\n<blockquote><h3><strong>CL\u00cdNICA DE FAMILIA LA ROMANA<\/strong><\/h3><figure><img decoding=\"async\" loading=\"lazy\" class=\"alignright\" src=\"https:\/\/i0.wp.com\/casadecampoliving.com\/wp-content\/uploads\/2022\/10\/clinica_de_familia.png?resize=218%2C168&amp;ssl=1\" alt=\"Clinica de Familia La Romana\" width=\"218\" height=\"168\"><\/figure><p><strong><\/strong>Encuentre m\u00e1s informaci\u00f3n de la Cl\u00ednica de Familia La Romana en:<\/p><p><a href=\"http:\/\/www.clinicadefamilia.org.do\/\" target=\"_blank\" rel=\"noopener\">www.clinicadefamilia.org.do<\/a><\/p><p><a href=\"http:\/\/www.clinicadefamilia.org.do\/programas\/campamento\/\" target=\"_blank\" rel=\"noopener\">info@clinicadefamilia.org.do<\/a><\/p><p>Tambi\u00e9n puede ver un video informativo de 18 minutos en Ingl\u00e9s acerca de los programas y servicios de la Cl\u00ednica de Familia en:<br>\n<a href=\"http:\/\/www.clinicadefamilia.org.do\/video\" target=\"_blank\" rel=\"noopener\">www.clinicadefamilia.org.do\/video<\/a><\/p><p>Si desea saber m\u00e1s acerca del MAMI, por favor visite la p\u00e1gina web en: <a href=\"http:\/\/www.clinicadefamilia.org.do\/mami\/\">www.clinicadefamilia.org.do\/mami\/<\/a> o env\u00ede un correo electr\u00f3nico a <a href=\"mailto:luzmessina@clinicadefamilia.org.do\">luz@clinicadefamilia.org.do<\/a> o puede contactarnos al: 809-556-8001.<\/p><\/blockquote>\n","protected":false},"excerpt":{"rendered":"<p>El M\u00f3dulo Anexo Materno Infantil (MAMI) realiza durante el a\u00f1o escolar charlas sobre educaci\u00f3n sexual y reproductiva en escuelas y liceos de La Romana, as\u00ed como bateyes cercanos, las cuales abarcan temas sobre prevenci\u00f3n de embarazos en adolescentes, planificaci\u00f3n familiar, prevenci\u00f3n de infecciones de transmisi\u00f3n sexual, entre otras, con el objetivo de educar y empoderar [&hellip;]<\/p>\n","protected":false},"author":36791,"featured_media":227973,"comment_status":"closed","ping_status":"closed","sticky":false,"template":"","format":"standard","meta":{"newspack_ads_suppress_ads":false,"newspack_popups_has_disabled_popups":false,"newspack_sponsor_sponsorship_scope":"","newspack_sponsor_native_byline_display":"inherit","newspack_sponsor_native_category_display":"inherit","newspack_sponsor_underwriter_style":"inherit","newspack_sponsor_underwriter_placement":"inherit","_newspack_byline_active":false,"_newspack_byline":"","newspack_hide_updated_date":false,"newspack_show_updated_date":false,"newspack_content_restriction_is_exempt":false,"newspack_featured_image_position":"","newspack_post_subtitle":"","newspack_article_summary_title":"Overview:","newspack_article_summary":"","_jetpack_memberships_contains_paid_content":false,"footnotes":"","jetpack_publicize_message":"","jetpack_publicize_feature_enabled":true,"jetpack_social_post_already_shared":false,"jetpack_social_options":{"image_generator_settings":{"template":"highway","default_image_id":0,"font":"","enabled":false},"version":2},"_wpas_customize_per_network":false},"categories":[2507,2506,2527],"tags":[6706,5887,6164],"newspack_spnsrs_tax":[],"class_list":["post-353051","post","type-post","status-publish","format-standard","has-post-thumbnail","hentry","category-la-romana-es","category-mas-alla-de-casa-es","category-salud","tag-mami","tag-sida","tag-vih","entry"],"yoast_head":"<!-- This site is optimized with the Yoast SEO plugin v27.5 - https:\/\/yoast.com\/product\/yoast-seo-wordpress\/ -->\n<title>Charla de Multiplicadores de la Escuela Hogar del Ni\u00f1o en Conmemoraci\u00f3n del D\u00eda Mundial del SIDA | Casa de Campo Living<\/title>\n<meta name=\"description\" content=\"El M\u00f3dulo Anexo Materno Infantil (MAMI) realiza durante el a\u00f1o escolar charlas sobre educaci\u00f3n sexual y reproductiva en escuelas y liceos de La Romana,\" \/>\n<meta name=\"robots\" content=\"index, follow, max-snippet:-1, max-image-preview:large, max-video-preview:-1\" \/>\n<link rel=\"canonical\" href=\"https:\/\/casadecampoliving.com\/es\/charla-de-multiplicadores-de-la-escuela-hogar-del-nino-en-conmemoracion-del-dia-mundial-del-sida\/\" \/>\n<meta property=\"og:locale\" content=\"es_ES\" \/>\n<meta property=\"og:type\" content=\"article\" \/>\n<meta property=\"og:title\" content=\"Charla de Multiplicadores de la Escuela Hogar del Ni\u00f1o en Conmemoraci\u00f3n del D\u00eda Mundial del SIDA | Casa de Campo Living\" \/>\n<meta property=\"og:description\" content=\"El M\u00f3dulo Anexo Materno Infantil (MAMI) realiza durante el a\u00f1o escolar charlas sobre educaci\u00f3n sexual y reproductiva en escuelas y liceos de La Romana,\" \/>\n<meta property=\"og:url\" content=\"https:\/\/casadecampoliving.com\/es\/charla-de-multiplicadores-de-la-escuela-hogar-del-nino-en-conmemoracion-del-dia-mundial-del-sida\/\" \/>\n<meta property=\"og:site_name\" content=\"Casa de Campo Living\" \/>\n<meta property=\"article:publisher\" content=\"https:\/\/www.facebook.com\/casadecampoliving\" \/>\n<meta property=\"article:published_time\" content=\"2018-12-12T04:00:00+00:00\" \/>\n<meta property=\"article:modified_time\" content=\"2022-10-21T23:14:55+00:00\" \/>\n<meta property=\"og:image\" content=\"https:\/\/i0.wp.com\/casadecampoliving.com\/wp-content\/uploads\/2022\/10\/clinica_de_familia.png?fit=218%2C168&ssl=1\" \/>\n\t<meta property=\"og:image:width\" content=\"218\" \/>\n\t<meta property=\"og:image:height\" content=\"168\" \/>\n\t<meta property=\"og:image:type\" content=\"image\/png\" \/>\n<meta name=\"author\" content=\"Casa de Campo Living\" \/>\n<meta name=\"twitter:card\" content=\"summary_large_image\" \/>\n<meta name=\"twitter:creator\" content=\"@cdcliving\" \/>\n<meta name=\"twitter:site\" content=\"@cdcliving\" \/>\n<meta name=\"twitter:label1\" content=\"Escrito por\" \/>\n\t<meta name=\"twitter:data1\" content=\"Casa de Campo Living\" \/>\n\t<meta name=\"twitter:label2\" content=\"Tiempo de lectura\" \/>\n\t<meta name=\"twitter:data2\" content=\"3 minutos\" \/>\n<script type=\"application\/ld+json\" class=\"yoast-schema-graph\">{\"@context\":\"https:\\\/\\\/schema.org\",\"@graph\":[{\"@type\":\"Article\",\"@id\":\"https:\\\/\\\/casadecampoliving.com\\\/es\\\/charla-de-multiplicadores-de-la-escuela-hogar-del-nino-en-conmemoracion-del-dia-mundial-del-sida\\\/#article\",\"isPartOf\":{\"@id\":\"https:\\\/\\\/casadecampoliving.com\\\/es\\\/charla-de-multiplicadores-de-la-escuela-hogar-del-nino-en-conmemoracion-del-dia-mundial-del-sida\\\/\"},\"author\":{\"name\":\"Casa de Campo Living\",\"@id\":\"https:\\\/\\\/casadecampoliving.com\\\/es\\\/#\\\/schema\\\/person\\\/5d2171637a9d11e0e43ce6b8555f9422\"},\"headline\":\"Charla de Multiplicadores de la Escuela Hogar del Ni\u00f1o en Conmemoraci\u00f3n del D\u00eda Mundial del SIDA\",\"datePublished\":\"2018-12-12T04:00:00+00:00\",\"dateModified\":\"2022-10-21T23:14:55+00:00\",\"mainEntityOfPage\":{\"@id\":\"https:\\\/\\\/casadecampoliving.com\\\/es\\\/charla-de-multiplicadores-de-la-escuela-hogar-del-nino-en-conmemoracion-del-dia-mundial-del-sida\\\/\"},\"wordCount\":559,\"publisher\":{\"@id\":\"https:\\\/\\\/casadecampoliving.com\\\/es\\\/#organization\"},\"image\":{\"@id\":\"https:\\\/\\\/casadecampoliving.com\\\/es\\\/charla-de-multiplicadores-de-la-escuela-hogar-del-nino-en-conmemoracion-del-dia-mundial-del-sida\\\/#primaryimage\"},\"thumbnailUrl\":\"https:\\\/\\\/i0.wp.com\\\/casadecampoliving.com\\\/wp-content\\\/uploads\\\/2022\\\/10\\\/clinica_de_familia.png?fit=218%2C168&ssl=1\",\"keywords\":[\"MAMI\",\"sida\",\"vih\"],\"articleSection\":[\"La Romana @es\",\"M\u00e1s all\u00e1 de Casa\",\"Salud\"],\"inLanguage\":\"es\"},{\"@type\":\"WebPage\",\"@id\":\"https:\\\/\\\/casadecampoliving.com\\\/es\\\/charla-de-multiplicadores-de-la-escuela-hogar-del-nino-en-conmemoracion-del-dia-mundial-del-sida\\\/\",\"url\":\"https:\\\/\\\/casadecampoliving.com\\\/es\\\/charla-de-multiplicadores-de-la-escuela-hogar-del-nino-en-conmemoracion-del-dia-mundial-del-sida\\\/\",\"name\":\"Charla de Multiplicadores de la Escuela Hogar del Ni\u00f1o en Conmemoraci\u00f3n del D\u00eda Mundial del SIDA | Casa de Campo Living\",\"isPartOf\":{\"@id\":\"https:\\\/\\\/casadecampoliving.com\\\/es\\\/#website\"},\"primaryImageOfPage\":{\"@id\":\"https:\\\/\\\/casadecampoliving.com\\\/es\\\/charla-de-multiplicadores-de-la-escuela-hogar-del-nino-en-conmemoracion-del-dia-mundial-del-sida\\\/#primaryimage\"},\"image\":{\"@id\":\"https:\\\/\\\/casadecampoliving.com\\\/es\\\/charla-de-multiplicadores-de-la-escuela-hogar-del-nino-en-conmemoracion-del-dia-mundial-del-sida\\\/#primaryimage\"},\"thumbnailUrl\":\"https:\\\/\\\/i0.wp.com\\\/casadecampoliving.com\\\/wp-content\\\/uploads\\\/2022\\\/10\\\/clinica_de_familia.png?fit=218%2C168&ssl=1\",\"datePublished\":\"2018-12-12T04:00:00+00:00\",\"dateModified\":\"2022-10-21T23:14:55+00:00\",\"description\":\"El M\u00f3dulo Anexo Materno Infantil (MAMI) realiza durante el a\u00f1o escolar charlas sobre educaci\u00f3n sexual y reproductiva en escuelas y liceos de La Romana,\",\"breadcrumb\":{\"@id\":\"https:\\\/\\\/casadecampoliving.com\\\/es\\\/charla-de-multiplicadores-de-la-escuela-hogar-del-nino-en-conmemoracion-del-dia-mundial-del-sida\\\/#breadcrumb\"},\"inLanguage\":\"es\",\"potentialAction\":[{\"@type\":\"ReadAction\",\"target\":[\"https:\\\/\\\/casadecampoliving.com\\\/es\\\/charla-de-multiplicadores-de-la-escuela-hogar-del-nino-en-conmemoracion-del-dia-mundial-del-sida\\\/\"]}]},{\"@type\":\"ImageObject\",\"inLanguage\":\"es\",\"@id\":\"https:\\\/\\\/casadecampoliving.com\\\/es\\\/charla-de-multiplicadores-de-la-escuela-hogar-del-nino-en-conmemoracion-del-dia-mundial-del-sida\\\/#primaryimage\",\"url\":\"https:\\\/\\\/i0.wp.com\\\/casadecampoliving.com\\\/wp-content\\\/uploads\\\/2022\\\/10\\\/clinica_de_familia.png?fit=218%2C168&ssl=1\",\"contentUrl\":\"https:\\\/\\\/i0.wp.com\\\/casadecampoliving.com\\\/wp-content\\\/uploads\\\/2022\\\/10\\\/clinica_de_familia.png?fit=218%2C168&ssl=1\",\"width\":218,\"height\":168},{\"@type\":\"BreadcrumbList\",\"@id\":\"https:\\\/\\\/casadecampoliving.com\\\/es\\\/charla-de-multiplicadores-de-la-escuela-hogar-del-nino-en-conmemoracion-del-dia-mundial-del-sida\\\/#breadcrumb\",\"itemListElement\":[{\"@type\":\"ListItem\",\"position\":1,\"name\":\"Home\",\"item\":\"https:\\\/\\\/casadecampoliving.com\\\/es\\\/\"},{\"@type\":\"ListItem\",\"position\":2,\"name\":\"Charla de Multiplicadores de la Escuela Hogar del Ni\u00f1o en Conmemoraci\u00f3n del D\u00eda Mundial del SIDA\"}]},{\"@type\":\"WebSite\",\"@id\":\"https:\\\/\\\/casadecampoliving.com\\\/es\\\/#website\",\"url\":\"https:\\\/\\\/casadecampoliving.com\\\/es\\\/\",\"name\":\"Casa de Campo Living\",\"description\":\"Resort community news and resources.\",\"publisher\":{\"@id\":\"https:\\\/\\\/casadecampoliving.com\\\/es\\\/#organization\"},\"potentialAction\":[{\"@type\":\"SearchAction\",\"target\":{\"@type\":\"EntryPoint\",\"urlTemplate\":\"https:\\\/\\\/casadecampoliving.com\\\/es\\\/?s={search_term_string}\"},\"query-input\":{\"@type\":\"PropertyValueSpecification\",\"valueRequired\":true,\"valueName\":\"search_term_string\"}}],\"inLanguage\":\"es\"},{\"@type\":\"Organization\",\"@id\":\"https:\\\/\\\/casadecampoliving.com\\\/es\\\/#organization\",\"name\":\"Casa de Campo Living\",\"url\":\"https:\\\/\\\/casadecampoliving.com\\\/es\\\/\",\"logo\":{\"@type\":\"ImageObject\",\"inLanguage\":\"es\",\"@id\":\"https:\\\/\\\/casadecampoliving.com\\\/es\\\/#\\\/schema\\\/logo\\\/image\\\/\",\"url\":\"https:\\\/\\\/i0.wp.com\\\/casadecampoliving.com\\\/wp-content\\\/uploads\\\/2022\\\/07\\\/CDCLivingLogo_V1-white-sized.png?fit=800%2C214&ssl=1\",\"contentUrl\":\"https:\\\/\\\/i0.wp.com\\\/casadecampoliving.com\\\/wp-content\\\/uploads\\\/2022\\\/07\\\/CDCLivingLogo_V1-white-sized.png?fit=800%2C214&ssl=1\",\"width\":800,\"height\":214,\"caption\":\"Casa de Campo Living\"},\"image\":{\"@id\":\"https:\\\/\\\/casadecampoliving.com\\\/es\\\/#\\\/schema\\\/logo\\\/image\\\/\"},\"sameAs\":[\"https:\\\/\\\/www.facebook.com\\\/casadecampoliving\",\"https:\\\/\\\/x.com\\\/cdcliving\"]},{\"@type\":\"Person\",\"@id\":\"https:\\\/\\\/casadecampoliving.com\\\/es\\\/#\\\/schema\\\/person\\\/5d2171637a9d11e0e43ce6b8555f9422\",\"name\":\"Casa de Campo Living\",\"image\":{\"@type\":\"ImageObject\",\"inLanguage\":\"es\",\"@id\":\"https:\\\/\\\/secure.gravatar.com\\\/avatar\\\/d04101fa4a9fd431e939953b1500fdc7a73cd35029f86d98712fd8ccdaebaf9a?s=96&d=mm&r=g\",\"url\":\"https:\\\/\\\/secure.gravatar.com\\\/avatar\\\/d04101fa4a9fd431e939953b1500fdc7a73cd35029f86d98712fd8ccdaebaf9a?s=96&d=mm&r=g\",\"contentUrl\":\"https:\\\/\\\/secure.gravatar.com\\\/avatar\\\/d04101fa4a9fd431e939953b1500fdc7a73cd35029f86d98712fd8ccdaebaf9a?s=96&d=mm&r=g\",\"caption\":\"Casa de Campo Living\"},\"url\":\"https:\\\/\\\/casadecampoliving.com\\\/es\\\/author\\\/casa-de-campo-living\\\/\"}]}<\/script>\n<!-- \/ Yoast SEO plugin. -->","yoast_head_json":{"title":"Charla de Multiplicadores de la Escuela Hogar del Ni\u00f1o en Conmemoraci\u00f3n del D\u00eda Mundial del SIDA | Casa de Campo Living","description":"El M\u00f3dulo Anexo Materno Infantil (MAMI) realiza durante el a\u00f1o escolar charlas sobre educaci\u00f3n sexual y reproductiva en escuelas y liceos de La Romana,","robots":{"index":"index","follow":"follow","max-snippet":"max-snippet:-1","max-image-preview":"max-image-preview:large","max-video-preview":"max-video-preview:-1"},"canonical":"https:\/\/casadecampoliving.com\/es\/charla-de-multiplicadores-de-la-escuela-hogar-del-nino-en-conmemoracion-del-dia-mundial-del-sida\/","og_locale":"es_ES","og_type":"article","og_title":"Charla de Multiplicadores de la Escuela Hogar del Ni\u00f1o en Conmemoraci\u00f3n del D\u00eda Mundial del SIDA | Casa de Campo Living","og_description":"El M\u00f3dulo Anexo Materno Infantil (MAMI) realiza durante el a\u00f1o escolar charlas sobre educaci\u00f3n sexual y reproductiva en escuelas y liceos de La Romana,","og_url":"https:\/\/casadecampoliving.com\/es\/charla-de-multiplicadores-de-la-escuela-hogar-del-nino-en-conmemoracion-del-dia-mundial-del-sida\/","og_site_name":"Casa de Campo Living","article_publisher":"https:\/\/www.facebook.com\/casadecampoliving","article_published_time":"2018-12-12T04:00:00+00:00","article_modified_time":"2022-10-21T23:14:55+00:00","og_image":[{"width":218,"height":168,"url":"https:\/\/i0.wp.com\/casadecampoliving.com\/wp-content\/uploads\/2022\/10\/clinica_de_familia.png?fit=218%2C168&ssl=1","type":"image\/png"}],"author":"Casa de Campo Living","twitter_card":"summary_large_image","twitter_creator":"@cdcliving","twitter_site":"@cdcliving","twitter_misc":{"Escrito por":"Casa de Campo Living","Tiempo de lectura":"3 minutos"},"schema":{"@context":"https:\/\/schema.org","@graph":[{"@type":"Article","@id":"https:\/\/casadecampoliving.com\/es\/charla-de-multiplicadores-de-la-escuela-hogar-del-nino-en-conmemoracion-del-dia-mundial-del-sida\/#article","isPartOf":{"@id":"https:\/\/casadecampoliving.com\/es\/charla-de-multiplicadores-de-la-escuela-hogar-del-nino-en-conmemoracion-del-dia-mundial-del-sida\/"},"author":{"name":"Casa de Campo Living","@id":"https:\/\/casadecampoliving.com\/es\/#\/schema\/person\/5d2171637a9d11e0e43ce6b8555f9422"},"headline":"Charla de Multiplicadores de la Escuela Hogar del Ni\u00f1o en Conmemoraci\u00f3n del D\u00eda Mundial del SIDA","datePublished":"2018-12-12T04:00:00+00:00","dateModified":"2022-10-21T23:14:55+00:00","mainEntityOfPage":{"@id":"https:\/\/casadecampoliving.com\/es\/charla-de-multiplicadores-de-la-escuela-hogar-del-nino-en-conmemoracion-del-dia-mundial-del-sida\/"},"wordCount":559,"publisher":{"@id":"https:\/\/casadecampoliving.com\/es\/#organization"},"image":{"@id":"https:\/\/casadecampoliving.com\/es\/charla-de-multiplicadores-de-la-escuela-hogar-del-nino-en-conmemoracion-del-dia-mundial-del-sida\/#primaryimage"},"thumbnailUrl":"https:\/\/i0.wp.com\/casadecampoliving.com\/wp-content\/uploads\/2022\/10\/clinica_de_familia.png?fit=218%2C168&ssl=1","keywords":["MAMI","sida","vih"],"articleSection":["La Romana @es","M\u00e1s all\u00e1 de Casa","Salud"],"inLanguage":"es"},{"@type":"WebPage","@id":"https:\/\/casadecampoliving.com\/es\/charla-de-multiplicadores-de-la-escuela-hogar-del-nino-en-conmemoracion-del-dia-mundial-del-sida\/","url":"https:\/\/casadecampoliving.com\/es\/charla-de-multiplicadores-de-la-escuela-hogar-del-nino-en-conmemoracion-del-dia-mundial-del-sida\/","name":"Charla de Multiplicadores de la Escuela Hogar del Ni\u00f1o en Conmemoraci\u00f3n del D\u00eda Mundial del SIDA | Casa de Campo Living","isPartOf":{"@id":"https:\/\/casadecampoliving.com\/es\/#website"},"primaryImageOfPage":{"@id":"https:\/\/casadecampoliving.com\/es\/charla-de-multiplicadores-de-la-escuela-hogar-del-nino-en-conmemoracion-del-dia-mundial-del-sida\/#primaryimage"},"image":{"@id":"https:\/\/casadecampoliving.com\/es\/charla-de-multiplicadores-de-la-escuela-hogar-del-nino-en-conmemoracion-del-dia-mundial-del-sida\/#primaryimage"},"thumbnailUrl":"https:\/\/i0.wp.com\/casadecampoliving.com\/wp-content\/uploads\/2022\/10\/clinica_de_familia.png?fit=218%2C168&ssl=1","datePublished":"2018-12-12T04:00:00+00:00","dateModified":"2022-10-21T23:14:55+00:00","description":"El M\u00f3dulo Anexo Materno Infantil (MAMI) realiza durante el a\u00f1o escolar charlas sobre educaci\u00f3n sexual y reproductiva en escuelas y liceos de La Romana,","breadcrumb":{"@id":"https:\/\/casadecampoliving.com\/es\/charla-de-multiplicadores-de-la-escuela-hogar-del-nino-en-conmemoracion-del-dia-mundial-del-sida\/#breadcrumb"},"inLanguage":"es","potentialAction":[{"@type":"ReadAction","target":["https:\/\/casadecampoliving.com\/es\/charla-de-multiplicadores-de-la-escuela-hogar-del-nino-en-conmemoracion-del-dia-mundial-del-sida\/"]}]},{"@type":"ImageObject","inLanguage":"es","@id":"https:\/\/casadecampoliving.com\/es\/charla-de-multiplicadores-de-la-escuela-hogar-del-nino-en-conmemoracion-del-dia-mundial-del-sida\/#primaryimage","url":"https:\/\/i0.wp.com\/casadecampoliving.com\/wp-content\/uploads\/2022\/10\/clinica_de_familia.png?fit=218%2C168&ssl=1","contentUrl":"https:\/\/i0.wp.com\/casadecampoliving.com\/wp-content\/uploads\/2022\/10\/clinica_de_familia.png?fit=218%2C168&ssl=1","width":218,"height":168},{"@type":"BreadcrumbList","@id":"https:\/\/casadecampoliving.com\/es\/charla-de-multiplicadores-de-la-escuela-hogar-del-nino-en-conmemoracion-del-dia-mundial-del-sida\/#breadcrumb","itemListElement":[{"@type":"ListItem","position":1,"name":"Home","item":"https:\/\/casadecampoliving.com\/es\/"},{"@type":"ListItem","position":2,"name":"Charla de Multiplicadores de la Escuela Hogar del Ni\u00f1o en Conmemoraci\u00f3n del D\u00eda Mundial del SIDA"}]},{"@type":"WebSite","@id":"https:\/\/casadecampoliving.com\/es\/#website","url":"https:\/\/casadecampoliving.com\/es\/","name":"Casa de Campo Living","description":"Resort community news and resources.","publisher":{"@id":"https:\/\/casadecampoliving.com\/es\/#organization"},"potentialAction":[{"@type":"SearchAction","target":{"@type":"EntryPoint","urlTemplate":"https:\/\/casadecampoliving.com\/es\/?s={search_term_string}"},"query-input":{"@type":"PropertyValueSpecification","valueRequired":true,"valueName":"search_term_string"}}],"inLanguage":"es"},{"@type":"Organization","@id":"https:\/\/casadecampoliving.com\/es\/#organization","name":"Casa de Campo Living","url":"https:\/\/casadecampoliving.com\/es\/","logo":{"@type":"ImageObject","inLanguage":"es","@id":"https:\/\/casadecampoliving.com\/es\/#\/schema\/logo\/image\/","url":"https:\/\/i0.wp.com\/casadecampoliving.com\/wp-content\/uploads\/2022\/07\/CDCLivingLogo_V1-white-sized.png?fit=800%2C214&ssl=1","contentUrl":"https:\/\/i0.wp.com\/casadecampoliving.com\/wp-content\/uploads\/2022\/07\/CDCLivingLogo_V1-white-sized.png?fit=800%2C214&ssl=1","width":800,"height":214,"caption":"Casa de Campo Living"},"image":{"@id":"https:\/\/casadecampoliving.com\/es\/#\/schema\/logo\/image\/"},"sameAs":["https:\/\/www.facebook.com\/casadecampoliving","https:\/\/x.com\/cdcliving"]},{"@type":"Person","@id":"https:\/\/casadecampoliving.com\/es\/#\/schema\/person\/5d2171637a9d11e0e43ce6b8555f9422","name":"Casa de Campo Living","image":{"@type":"ImageObject","inLanguage":"es","@id":"https:\/\/secure.gravatar.com\/avatar\/d04101fa4a9fd431e939953b1500fdc7a73cd35029f86d98712fd8ccdaebaf9a?s=96&d=mm&r=g","url":"https:\/\/secure.gravatar.com\/avatar\/d04101fa4a9fd431e939953b1500fdc7a73cd35029f86d98712fd8ccdaebaf9a?s=96&d=mm&r=g","contentUrl":"https:\/\/secure.gravatar.com\/avatar\/d04101fa4a9fd431e939953b1500fdc7a73cd35029f86d98712fd8ccdaebaf9a?s=96&d=mm&r=g","caption":"Casa de Campo Living"},"url":"https:\/\/casadecampoliving.com\/es\/author\/casa-de-campo-living\/"}]}},"parsely":{"version":"1.1.0","canonical_url":"https:\/\/casadecampoliving.com\/es\/charla-de-multiplicadores-de-la-escuela-hogar-del-nino-en-conmemoracion-del-dia-mundial-del-sida\/","smart_links":{"inbound":0,"outbound":0},"traffic_boost_suggestions_count":0,"meta":{"@context":"https:\/\/schema.org","@type":"NewsArticle","headline":"Charla de Multiplicadores de la Escuela Hogar del Ni\u00f1o en Conmemoraci\u00f3n del D\u00eda Mundial del SIDA","url":"http:\/\/casadecampoliving.com\/es\/charla-de-multiplicadores-de-la-escuela-hogar-del-nino-en-conmemoracion-del-dia-mundial-del-sida\/","mainEntityOfPage":{"@type":"WebPage","@id":"http:\/\/casadecampoliving.com\/es\/charla-de-multiplicadores-de-la-escuela-hogar-del-nino-en-conmemoracion-del-dia-mundial-del-sida\/"},"thumbnailUrl":"https:\/\/i0.wp.com\/casadecampoliving.com\/wp-content\/uploads\/2022\/10\/clinica_de_familia.png?resize=150%2C150&ssl=1","image":{"@type":"ImageObject","url":"https:\/\/i0.wp.com\/casadecampoliving.com\/wp-content\/uploads\/2022\/10\/clinica_de_familia.png?fit=218%2C168&ssl=1"},"articleSection":"La Romana @es","author":[{"@type":"Person","name":"Casa de Campo Living"}],"creator":["Casa de Campo Living"],"publisher":{"@type":"Organization","name":"Casa de Campo Living","logo":"https:\/\/casadecampoliving.com\/wp-content\/uploads\/2022\/07\/CDCLivingLogo_V1-white-sized.png"},"keywords":["mami","sida","vih"],"dateCreated":"2018-12-12T04:00:00Z","datePublished":"2018-12-12T04:00:00Z","dateModified":"2022-10-21T23:14:55Z"},"rendered":"<script type=\"application\/ld+json\" class=\"wp-parsely-metadata\">{\"@context\":\"https:\\\/\\\/schema.org\",\"@type\":\"NewsArticle\",\"headline\":\"Charla de Multiplicadores de la Escuela Hogar del Ni\\u00f1o en Conmemoraci\\u00f3n del D\\u00eda Mundial del SIDA\",\"url\":\"http:\\\/\\\/casadecampoliving.com\\\/es\\\/charla-de-multiplicadores-de-la-escuela-hogar-del-nino-en-conmemoracion-del-dia-mundial-del-sida\\\/\",\"mainEntityOfPage\":{\"@type\":\"WebPage\",\"@id\":\"http:\\\/\\\/casadecampoliving.com\\\/es\\\/charla-de-multiplicadores-de-la-escuela-hogar-del-nino-en-conmemoracion-del-dia-mundial-del-sida\\\/\"},\"thumbnailUrl\":\"https:\\\/\\\/i0.wp.com\\\/casadecampoliving.com\\\/wp-content\\\/uploads\\\/2022\\\/10\\\/clinica_de_familia.png?resize=150%2C150&ssl=1\",\"image\":{\"@type\":\"ImageObject\",\"url\":\"https:\\\/\\\/i0.wp.com\\\/casadecampoliving.com\\\/wp-content\\\/uploads\\\/2022\\\/10\\\/clinica_de_familia.png?fit=218%2C168&ssl=1\"},\"articleSection\":\"La Romana @es\",\"author\":[{\"@type\":\"Person\",\"name\":\"Casa de Campo Living\"}],\"creator\":[\"Casa de Campo Living\"],\"publisher\":{\"@type\":\"Organization\",\"name\":\"Casa de Campo Living\",\"logo\":\"https:\\\/\\\/casadecampoliving.com\\\/wp-content\\\/uploads\\\/2022\\\/07\\\/CDCLivingLogo_V1-white-sized.png\"},\"keywords\":[\"mami\",\"sida\",\"vih\"],\"dateCreated\":\"2018-12-12T04:00:00Z\",\"datePublished\":\"2018-12-12T04:00:00Z\",\"dateModified\":\"2022-10-21T23:14:55Z\"}<\/script>","tracker_url":"https:\/\/cdn.parsely.com\/keys\/casadecampoliving.com\/p.js"},"jetpack_publicize_connections":[],"jetpack_featured_media_url":"https:\/\/i0.wp.com\/casadecampoliving.com\/wp-content\/uploads\/2022\/10\/clinica_de_familia.png?fit=218%2C168&ssl=1","jetpack-related-posts":[{"id":348807,"url":"https:\/\/casadecampoliving.com\/es\/exposicion-artistica-y-cientifica-por-el-dia-mundial-del-sida\/","url_meta":{"origin":353051,"position":0},"title":"Exposici\u00f3n Art\u00edstica y Cient\u00edfica por el D\u00eda Mundial del SIDA","author":"Felix Guerrero","date":"12 Dic, 2015","format":false,"excerpt":"El pasado martes, 1ro\u00a0de diciembre, con motivo del D\u00eda Mundial del SIDA, la Cl\u00ednica de Familia La Romana junto con el M\u00f3dulo Anexo Materno Infantil (MAMI) organizaron por tercer a\u00f1o consecutivo su tradicional\u00a0Muestra Cient\u00edfica y Art\u00edstica\u00a0en el Sal\u00f3n Parroquial de la Iglesia Sagrado Coraz\u00f3n de Jes\u00fas en La Romana y\u2026","rel":"","context":"En \u00abArte y cultura\u00bb","block_context":{"text":"Arte y cultura","link":"https:\/\/casadecampoliving.com\/category\/arte-y-cultura\/"},"img":{"alt_text":"Hogar del Ni\u00f1o D\u00eda Mundial del SIDA","src":"https:\/\/i0.wp.com\/casadecampoliving.com\/wp-content\/uploads\/2022\/10\/Hogar-del-Nino-Dia-Mundial-del-SIDA-1.jpg?fit=650%2C400&ssl=1&resize=350%2C200","width":350,"height":200,"srcset":"https:\/\/i0.wp.com\/casadecampoliving.com\/wp-content\/uploads\/2022\/10\/Hogar-del-Nino-Dia-Mundial-del-SIDA-1.jpg?fit=650%2C400&ssl=1&resize=350%2C200 1x, https:\/\/i0.wp.com\/casadecampoliving.com\/wp-content\/uploads\/2022\/10\/Hogar-del-Nino-Dia-Mundial-del-SIDA-1.jpg?fit=650%2C400&ssl=1&resize=525%2C300 1.5x"},"classes":[]},{"id":346174,"url":"https:\/\/casadecampoliving.com\/es\/muestra-cientifica-y-artistica-dia-mundial-del-sida-en-la-aldea-cultural-santa-rosa-de-lima\/","url_meta":{"origin":353051,"position":1},"title":"Muestra Cientifica y Art\u00edstica D\u00eda Mundial del SIDA en la Aldea Cultural Santa Rosa de Lima","author":"Daniela Medina","date":"13 Dic, 2014","format":false,"excerpt":"Para iniciar el mes con eventos que promueven la solidaridad en nuestra comunidad, el pasado lunes 1 de diciembre con motivo del D\u00eda Mundial de SIDA, se realiz\u00f3 la primera Muestra Cient\u00edfica y Art\u00edstica. Dicha actividad tuvo lugar en la Aldea Cultural Santa Rosa de Lima, antigua Fortaleza Santa Rosa\u2026","rel":"","context":"En \u00abEstilo de Vida\u00bb","block_context":{"text":"Estilo de Vida","link":"https:\/\/casadecampoliving.com\/es\/category\/estilo-de-vida\/"},"img":{"alt_text":"","src":"https:\/\/i0.wp.com\/casadecampoliving.com\/wp-content\/uploads\/2022\/10\/DSC_0355-1-scaled.jpg?fit=1200%2C797&ssl=1&resize=350%2C200","width":350,"height":200,"srcset":"https:\/\/i0.wp.com\/casadecampoliving.com\/wp-content\/uploads\/2022\/10\/DSC_0355-1-scaled.jpg?fit=1200%2C797&ssl=1&resize=350%2C200 1x, https:\/\/i0.wp.com\/casadecampoliving.com\/wp-content\/uploads\/2022\/10\/DSC_0355-1-scaled.jpg?fit=1200%2C797&ssl=1&resize=525%2C300 1.5x, https:\/\/i0.wp.com\/casadecampoliving.com\/wp-content\/uploads\/2022\/10\/DSC_0355-1-scaled.jpg?fit=1200%2C797&ssl=1&resize=700%2C400 2x, https:\/\/i0.wp.com\/casadecampoliving.com\/wp-content\/uploads\/2022\/10\/DSC_0355-1-scaled.jpg?fit=1200%2C797&ssl=1&resize=1050%2C600 3x"},"classes":[]},{"id":353713,"url":"https:\/\/casadecampoliving.com\/es\/modulo-de-adolescentes-materno-infantil-mami-ahora-en-su-nuevo-espacio\/","url_meta":{"origin":353051,"position":2},"title":"Modulo de Adolescentes Materno Infantil MAMI ahora en su nuevo espacio","author":"Casa de Campo Living","date":"5 Mar, 2020","format":false,"excerpt":"El M\u00f3dulo de Adolescentes Materno Infantil (MAMI) estrena nuevo espacio ahora en el remodelado Hospital Materno Infantil Dr. Francisco A. Gonzalvo de esta ciudad de La Romana. Como parte de la colaboraci\u00f3n existente desde sus inicio con Cl\u00ednica de Familia La Romana y el Hospital, los y las adolescentes del\u2026","rel":"","context":"En \u00abFundaciones\u00bb","block_context":{"text":"Fundaciones","link":"https:\/\/casadecampoliving.com\/es\/category\/fundaciones-es\/"},"img":{"alt_text":"","src":"https:\/\/i0.wp.com\/casadecampoliving.com\/wp-content\/uploads\/2022\/10\/20191013_145332.jpg?fit=1000%2C562&ssl=1&resize=350%2C200","width":350,"height":200,"srcset":"https:\/\/i0.wp.com\/casadecampoliving.com\/wp-content\/uploads\/2022\/10\/20191013_145332.jpg?fit=1000%2C562&ssl=1&resize=350%2C200 1x, https:\/\/i0.wp.com\/casadecampoliving.com\/wp-content\/uploads\/2022\/10\/20191013_145332.jpg?fit=1000%2C562&ssl=1&resize=525%2C300 1.5x, https:\/\/i0.wp.com\/casadecampoliving.com\/wp-content\/uploads\/2022\/10\/20191013_145332.jpg?fit=1000%2C562&ssl=1&resize=700%2C400 2x"},"classes":[]},{"id":354069,"url":"https:\/\/casadecampoliving.com\/es\/clinica-de-familia-la-romana-reconoce-a-jovenes-multiplicadoras-de-su-programa-de-adolescentes\/","url_meta":{"origin":353051,"position":3},"title":"Cl\u00ednica de Familia La Romana reconoce a J\u00f3venes Multiplicadoras de su Programa de Adolescentes","author":"Casa de Campo Living","date":"30 May, 2021","format":false,"excerpt":"El 13 de mayo, el Programa de Adolescentes de Cl\u00ednica de Familia La Romana reconoci\u00f3 con gran satisfacci\u00f3n a las j\u00f3venes Ceribel Santiago, Luz Violenny Mateo y Diana Mateo, por el excelente desempe\u00f1o y liderazgo en la participaci\u00f3n y formaci\u00f3n de grupos de j\u00f3venes multiplicadores. Uno de los objetivos de\u2026","rel":"","context":"En \u00abLa Romana @es\u00bb","block_context":{"text":"La Romana @es","link":"https:\/\/casadecampoliving.com\/es\/category\/mas-alla-de-casa-es\/la-romana-es\/"},"img":{"alt_text":"","src":"https:\/\/i0.wp.com\/casadecampoliving.com\/wp-content\/uploads\/2022\/10\/Foto-Reconocimiento-Jovenes-Multiplicadoras-1.jpeg?fit=1000%2C600&ssl=1&resize=350%2C200","width":350,"height":200,"srcset":"https:\/\/i0.wp.com\/casadecampoliving.com\/wp-content\/uploads\/2022\/10\/Foto-Reconocimiento-Jovenes-Multiplicadoras-1.jpeg?fit=1000%2C600&ssl=1&resize=350%2C200 1x, https:\/\/i0.wp.com\/casadecampoliving.com\/wp-content\/uploads\/2022\/10\/Foto-Reconocimiento-Jovenes-Multiplicadoras-1.jpeg?fit=1000%2C600&ssl=1&resize=525%2C300 1.5x, https:\/\/i0.wp.com\/casadecampoliving.com\/wp-content\/uploads\/2022\/10\/Foto-Reconocimiento-Jovenes-Multiplicadoras-1.jpeg?fit=1000%2C600&ssl=1&resize=700%2C400 2x"},"classes":[]},{"id":349431,"url":"https:\/\/casadecampoliving.com\/es\/ayudando-ninos-y-familias-con-estres-toxico\/","url_meta":{"origin":353051,"position":4},"title":"Ayudando a Ni\u00f1os y Familias con Estr\u00e9s T\u00f3xico","author":"Gabriella Flynn","date":"17 Mar, 2016","format":false,"excerpt":"El estr\u00e9s t\u00f3xico es una preocupaci\u00f3n de salud la cual est\u00e1 afectando a muchas de nuestras familias en La Romana. Muchos de nuestros ni\u00f1os j\u00f3venes est\u00e1n expuestos a situaciones de estr\u00e9s frecuente, fuerte y de larga duraci\u00f3n. Est\u00e1s situaciones de largo plazo se convierten en t\u00f3xicas porque son peligrosas y\u2026","rel":"","context":"En \u00abM\u00e1s all\u00e1 de Casa\u00bb","block_context":{"text":"M\u00e1s all\u00e1 de Casa","link":"https:\/\/casadecampoliving.com\/es\/category\/mas-alla-de-casa-es\/"},"img":{"alt_text":"Helping Children and Families with Toxic Stress","src":"https:\/\/i0.wp.com\/casadecampoliving.com\/wp-content\/uploads\/2022\/10\/Helping-Children-and-Families-with-Toxic-Stress.jpg?fit=1000%2C667&ssl=1&resize=350%2C200","width":350,"height":200,"srcset":"https:\/\/i0.wp.com\/casadecampoliving.com\/wp-content\/uploads\/2022\/10\/Helping-Children-and-Families-with-Toxic-Stress.jpg?fit=1000%2C667&ssl=1&resize=350%2C200 1x, https:\/\/i0.wp.com\/casadecampoliving.com\/wp-content\/uploads\/2022\/10\/Helping-Children-and-Families-with-Toxic-Stress.jpg?fit=1000%2C667&ssl=1&resize=525%2C300 1.5x, https:\/\/i0.wp.com\/casadecampoliving.com\/wp-content\/uploads\/2022\/10\/Helping-Children-and-Families-with-Toxic-Stress.jpg?fit=1000%2C667&ssl=1&resize=700%2C400 2x"},"classes":[]},{"id":433460,"url":"https:\/\/casadecampoliving.com\/es\/no-se-pierdan-el-increible-tributo-a-frank-sinatra-para-celebrar-el-40-aniversario-del-anfiteatro-altos-de-chavon\/","url_meta":{"origin":353051,"position":5},"title":"No se pierdan el incre\u00edble tributo a Frank Sinatra para celebrar el 40 aniversario del\u00a0Anfiteatro Altos de Chav\u00f3n","author":"Casa de Campo Living","date":"20 Oct, 2022","format":false,"excerpt":"Siendo uno de los escenarios m\u00e1s emblem\u00e1ticos del pa\u00eds, Casa de Campo Resort\u00ae & Villas celebra las cuatro d\u00e9cadas de aniversario de Altos de Chav\u00f3n con un tributo al gran Frank Sinatra, protagonizado por artistas invitados y una big band tal cual la que acompa\u00f1\u00f3 al artista hace 40 a\u00f1os\u2026","rel":"","context":"En \u00abUncategorized @es\u00bb","block_context":{"text":"Uncategorized @es","link":"https:\/\/casadecampoliving.com\/es\/category\/uncategorized-es\/"},"img":{"alt_text":"","src":"https:\/\/i0.wp.com\/casadecampoliving.com\/wp-content\/uploads\/2022\/10\/Tributo-Frank-Sinatra-Foto-Principal-Amaury-Sanchez-Danilo-Ginebra-Andres-Pichardo-y-Jose-Gabriel-Perez-.jpg?fit=1200%2C873&ssl=1&resize=350%2C200","width":350,"height":200,"srcset":"https:\/\/i0.wp.com\/casadecampoliving.com\/wp-content\/uploads\/2022\/10\/Tributo-Frank-Sinatra-Foto-Principal-Amaury-Sanchez-Danilo-Ginebra-Andres-Pichardo-y-Jose-Gabriel-Perez-.jpg?fit=1200%2C873&ssl=1&resize=350%2C200 1x, https:\/\/i0.wp.com\/casadecampoliving.com\/wp-content\/uploads\/2022\/10\/Tributo-Frank-Sinatra-Foto-Principal-Amaury-Sanchez-Danilo-Ginebra-Andres-Pichardo-y-Jose-Gabriel-Perez-.jpg?fit=1200%2C873&ssl=1&resize=525%2C300 1.5x, https:\/\/i0.wp.com\/casadecampoliving.com\/wp-content\/uploads\/2022\/10\/Tributo-Frank-Sinatra-Foto-Principal-Amaury-Sanchez-Danilo-Ginebra-Andres-Pichardo-y-Jose-Gabriel-Perez-.jpg?fit=1200%2C873&ssl=1&resize=700%2C400 2x, https:\/\/i0.wp.com\/casadecampoliving.com\/wp-content\/uploads\/2022\/10\/Tributo-Frank-Sinatra-Foto-Principal-Amaury-Sanchez-Danilo-Ginebra-Andres-Pichardo-y-Jose-Gabriel-Perez-.jpg?fit=1200%2C873&ssl=1&resize=1050%2C600 3x"},"classes":[]}],"jetpack_sharing_enabled":true,"_links":{"self":[{"href":"https:\/\/casadecampoliving.com\/es\/wp-json\/wp\/v2\/posts\/353051","targetHints":{"allow":["GET"]}}],"collection":[{"href":"https:\/\/casadecampoliving.com\/es\/wp-json\/wp\/v2\/posts"}],"about":[{"href":"https:\/\/casadecampoliving.com\/es\/wp-json\/wp\/v2\/types\/post"}],"author":[{"embeddable":true,"href":"https:\/\/casadecampoliving.com\/es\/wp-json\/wp\/v2\/users\/36791"}],"replies":[{"embeddable":true,"href":"https:\/\/casadecampoliving.com\/es\/wp-json\/wp\/v2\/comments?post=353051"}],"version-history":[{"count":1,"href":"https:\/\/casadecampoliving.com\/es\/wp-json\/wp\/v2\/posts\/353051\/revisions"}],"predecessor-version":[{"id":353052,"href":"https:\/\/casadecampoliving.com\/es\/wp-json\/wp\/v2\/posts\/353051\/revisions\/353052"}],"wp:featuredmedia":[{"embeddable":true,"href":"https:\/\/casadecampoliving.com\/es\/wp-json\/wp\/v2\/media\/227973"}],"wp:attachment":[{"href":"https:\/\/casadecampoliving.com\/es\/wp-json\/wp\/v2\/media?parent=353051"}],"wp:term":[{"taxonomy":"category","embeddable":true,"href":"https:\/\/casadecampoliving.com\/es\/wp-json\/wp\/v2\/categories?post=353051"},{"taxonomy":"post_tag","embeddable":true,"href":"https:\/\/casadecampoliving.com\/es\/wp-json\/wp\/v2\/tags?post=353051"},{"taxonomy":"newspack_spnsrs_tax","embeddable":true,"href":"https:\/\/casadecampoliving.com\/es\/wp-json\/wp\/v2\/newspack_spnsrs_tax?post=353051"}],"curies":[{"name":"wp","href":"https:\/\/api.w.org\/{rel}","templated":true}]}}