{"id":353047,"date":"2018-12-11T00:00:00","date_gmt":"2018-12-11T04:00:00","guid":{"rendered":"https:\/\/casadecampoliving.com\/destino-la-romana-reafirma-su-compromiso-con-la-sostenibilidad-y-accesibilidad\/"},"modified":"2022-10-21T19:14:33","modified_gmt":"2022-10-21T23:14:33","slug":"destino-la-romana-reafirma-su-compromiso-con-la-sostenibilidad-y-accesibilidad","status":"publish","type":"post","link":"https:\/\/casadecampoliving.com\/es\/destino-la-romana-reafirma-su-compromiso-con-la-sostenibilidad-y-accesibilidad\/","title":{"rendered":"Destino La Romana reafirma su compromiso con la sostenibilidad y accesibilidad"},"content":{"rendered":"\n<p>La Asociaci\u00f3n de Hoteles La Romana Bayahibe ratifica su continuo apoyo a las acciones de los proyectos de promoci\u00f3n, accesibilidad, educaci\u00f3n y sostenibilidad para seguir impulsando el desarrollo en el Destino La Romana. La entidad que re\u00fane a los hoteles de La Romana realiz\u00f3 estas afirmaciones en su tradicional cena de navidad celebrada en el restaurante Minitas en Casa de Campo.<\/p>\n\n\n\n<!--more-->\n\n\n<div class=\"wp-block-image\">\n<figure class=\"aligncenter is-resized\"><img loading=\"lazy\" decoding=\"async\" src=\"https:\/\/i0.wp.com\/casadecampoliving-wp.s3-accelerate.amazonaws.com\/2018\/12\/Andres-Fernandez-Claudia-Brito-Ana-Garcia-Sotoca.jpg?resize=1000%2C667&amp;ssl=1\" alt=\"\" class=\"wp-image-165226\" height=\"667\" width=\"1000\" srcset=\"https:\/\/i0.wp.com\/casadecampoliving.com\/wp-content\/uploads\/2018\/12\/Andres-Fernandez-Claudia-Brito-Ana-Garcia-Sotoca.jpg?w=1000&amp;ssl=1 1000w, https:\/\/i0.wp.com\/casadecampoliving.com\/wp-content\/uploads\/2018\/12\/Andres-Fernandez-Claudia-Brito-Ana-Garcia-Sotoca.jpg?resize=300%2C200&amp;ssl=1 300w, https:\/\/i0.wp.com\/casadecampoliving.com\/wp-content\/uploads\/2018\/12\/Andres-Fernandez-Claudia-Brito-Ana-Garcia-Sotoca.jpg?resize=768%2C512&amp;ssl=1 768w, https:\/\/i0.wp.com\/casadecampoliving-wp.s3-accelerate.amazonaws.com\/2018\/12\/Andres-Fernandez-Claudia-Brito-Ana-Garcia-Sotoca.jpg?w=370 370w, https:\/\/i0.wp.com\/casadecampoliving-wp.s3-accelerate.amazonaws.com\/2018\/12\/Andres-Fernandez-Claudia-Brito-Ana-Garcia-Sotoca.jpg?w=400 400w\" sizes=\"auto, (max-width: 1000px) 100vw, 1000px\" \/><\/figure>\n<\/div>\n\n\n<p>Andr\u00e9s Fern\u00e1ndez, presidente de la Asociaci\u00f3n de Hoteles La Romana Bayahibe, expres\u00f3 que la instituci\u00f3n ha ocupado una buena parte de sus esfuerzos en la proyecci\u00f3n a nivel nacional e internacional, promocionando el destino en las principales ferias tur\u00edsticas destacando Fitur, Anato, ITB y la World Travel Market.<\/p>\n\n\n\n<p>\u201cContinuamos haciendo esfuerzos para lograr que La Romana sea un destino inclusivo para todos los visitantes y reafirmamos nuestros compromiso con el turismo accesible a trav\u00e9s de programas, actividades y proyectos que garanticen la inclusi\u00f3n social de las personas con discapacidad en condiciones de igualdad en las instalaciones tur\u00edsticas del Destino La Romana\u201d, afirm\u00f3 Fern\u00e1ndez.<\/p>\n\n\n\n<p>Explic\u00f3 el compromiso de la Asociaci\u00f3n con la educaci\u00f3n apoyando cada a estudiantes de La Romana con el patrocinio de estudios en el \u00e1rea de turismo para contribuir a la formaci\u00f3n de j\u00f3venes talentos de la zona.<\/p>\n\n\n<div class=\"wp-block-image\">\n<figure class=\"aligncenter is-resized\"><img loading=\"lazy\" decoding=\"async\" src=\"https:\/\/i0.wp.com\/casadecampoliving-wp.s3-accelerate.amazonaws.com\/2018\/12\/Andres-Fernandez-Javier-Noguera-Ana-Garcia-Sotoca.jpg?resize=1000%2C667&amp;ssl=1\" alt=\"\" class=\"wp-image-165225\" height=\"667\" width=\"1000\" srcset=\"https:\/\/i0.wp.com\/casadecampoliving.com\/wp-content\/uploads\/2018\/12\/Andres-Fernandez-Javier-Noguera-Ana-Garcia-Sotoca.jpg?w=1000&amp;ssl=1 1000w, https:\/\/i0.wp.com\/casadecampoliving.com\/wp-content\/uploads\/2018\/12\/Andres-Fernandez-Javier-Noguera-Ana-Garcia-Sotoca.jpg?resize=300%2C200&amp;ssl=1 300w, https:\/\/i0.wp.com\/casadecampoliving.com\/wp-content\/uploads\/2018\/12\/Andres-Fernandez-Javier-Noguera-Ana-Garcia-Sotoca.jpg?resize=768%2C512&amp;ssl=1 768w, https:\/\/i0.wp.com\/casadecampoliving-wp.s3-accelerate.amazonaws.com\/2018\/12\/Andres-Fernandez-Javier-Noguera-Ana-Garcia-Sotoca.jpg?w=370 370w, https:\/\/i0.wp.com\/casadecampoliving-wp.s3-accelerate.amazonaws.com\/2018\/12\/Andres-Fernandez-Javier-Noguera-Ana-Garcia-Sotoca.jpg?w=400 400w\" sizes=\"auto, (max-width: 1000px) 100vw, 1000px\" \/><\/figure>\n<\/div>\n\n\n<p>Indic\u00f3 que han logrado crear alianzas estrat\u00e9gicas con los principales actores del destino para dar continuidad a los diferentes proyectos ambientales que realizan desde el a\u00f1o 2000 para participar activamente con el sector ambientalista dominicano en la mitigaci\u00f3n del impacto ambiental que genera en los ecosistemas marinos.<\/p>\n\n\n\n<p>Durante la actividad fue reconocida \u201cAFP Siembra\u201d por su constante apoyo a las iniciativas de la Asociaci\u00f3n impulsando el deporte en la zona colaborando en cada una de las ediciones de la carrera Bayahibe 10k. As\u00ed mismo fue galardonado Javier Noguera del portal web \u201cInfotur Dominicano\u201d por su firme colaboraci\u00f3n y contribuci\u00f3n a las acciones de promoci\u00f3n del destino La Romana y al fortalecimiento del turismo local.<\/p>\n","protected":false},"excerpt":{"rendered":"<p>La Asociaci\u00f3n de Hoteles La Romana Bayahibe ratifica su continuo apoyo a las acciones de los proyectos de promoci\u00f3n, accesibilidad, educaci\u00f3n y sostenibilidad para seguir impulsando el desarrollo en el Destino La Romana. La entidad que re\u00fane a los hoteles de La Romana realiz\u00f3 estas afirmaciones en su tradicional cena de navidad celebrada en el [&hellip;]<\/p>\n","protected":false},"author":36791,"featured_media":0,"comment_status":"closed","ping_status":"closed","sticky":false,"template":"","format":"standard","meta":{"newspack_ads_suppress_ads":false,"newspack_popups_has_disabled_popups":false,"newspack_sponsor_sponsorship_scope":"","newspack_sponsor_native_byline_display":"inherit","newspack_sponsor_native_category_display":"inherit","newspack_sponsor_underwriter_style":"inherit","newspack_sponsor_underwriter_placement":"inherit","_newspack_byline_active":false,"_newspack_byline":"","newspack_hide_updated_date":false,"newspack_show_updated_date":false,"newspack_content_restriction_is_exempt":false,"newspack_featured_image_position":"","newspack_post_subtitle":"","newspack_article_summary_title":"Overview:","newspack_article_summary":"","_jetpack_memberships_contains_paid_content":false,"footnotes":"","jetpack_publicize_message":"","jetpack_publicize_feature_enabled":true,"jetpack_social_post_already_shared":false,"jetpack_social_options":{"image_generator_settings":{"template":"highway","default_image_id":0,"font":"","enabled":false},"version":2},"_wpas_customize_per_network":false},"categories":[2507,2506,26822],"tags":[5897,4377,139,18932,23426],"newspack_spnsrs_tax":[],"class_list":["post-353047","post","type-post","status-publish","format-standard","hentry","category-la-romana-es","category-mas-alla-de-casa-es","category-resort-casa-de-campo","tag-andres-fernandez","tag-asociacion-de-hoteles-la-romana-bayahibe","tag-bayahibe","tag-la-romana-es-4","tag-sostenibilidad","entry"],"yoast_head":"<!-- This site is optimized with the Yoast SEO plugin v27.5 - https:\/\/yoast.com\/product\/yoast-seo-wordpress\/ -->\n<title>Destino La Romana reafirma su compromiso con la sostenibilidad y accesibilidad | Casa de Campo Living<\/title>\n<meta name=\"description\" content=\"La Asociaci\u00f3n de Hoteles La Romana Bayahibe ratifica su continuo apoyo a las acciones de los proyectos de promoci\u00f3n, accesibilidad, educaci\u00f3n y\" \/>\n<meta name=\"robots\" content=\"index, follow, max-snippet:-1, max-image-preview:large, max-video-preview:-1\" \/>\n<link rel=\"canonical\" href=\"https:\/\/casadecampoliving.com\/es\/destino-la-romana-reafirma-su-compromiso-con-la-sostenibilidad-y-accesibilidad\/\" \/>\n<meta property=\"og:locale\" content=\"es_ES\" \/>\n<meta property=\"og:type\" content=\"article\" \/>\n<meta property=\"og:title\" content=\"Destino La Romana reafirma su compromiso con la sostenibilidad y accesibilidad | Casa de Campo Living\" \/>\n<meta property=\"og:description\" content=\"La Asociaci\u00f3n de Hoteles La Romana Bayahibe ratifica su continuo apoyo a las acciones de los proyectos de promoci\u00f3n, accesibilidad, educaci\u00f3n y\" \/>\n<meta property=\"og:url\" content=\"https:\/\/casadecampoliving.com\/es\/destino-la-romana-reafirma-su-compromiso-con-la-sostenibilidad-y-accesibilidad\/\" \/>\n<meta property=\"og:site_name\" content=\"Casa de Campo Living\" \/>\n<meta property=\"article:publisher\" content=\"https:\/\/www.facebook.com\/casadecampoliving\" \/>\n<meta property=\"article:published_time\" content=\"2018-12-11T04:00:00+00:00\" \/>\n<meta property=\"article:modified_time\" content=\"2022-10-21T23:14:33+00:00\" \/>\n<meta property=\"og:image\" content=\"https:\/\/i0.wp.com\/casadecampoliving-wp.s3-accelerate.amazonaws.com\/2018\/12\/Andres-Fernandez-Claudia-Brito-Ana-Garcia-Sotoca.jpg?resize=1000%2C667&amp;ssl=1\" \/>\n<meta name=\"author\" content=\"Casa de Campo Living\" \/>\n<meta name=\"twitter:card\" content=\"summary_large_image\" \/>\n<meta name=\"twitter:creator\" content=\"@cdcliving\" \/>\n<meta name=\"twitter:site\" content=\"@cdcliving\" \/>\n<meta name=\"twitter:label1\" content=\"Escrito por\" \/>\n\t<meta name=\"twitter:data1\" content=\"Casa de Campo Living\" \/>\n\t<meta name=\"twitter:label2\" content=\"Tiempo de lectura\" \/>\n\t<meta name=\"twitter:data2\" content=\"2 minutos\" \/>\n<script type=\"application\/ld+json\" class=\"yoast-schema-graph\">{\"@context\":\"https:\\\/\\\/schema.org\",\"@graph\":[{\"@type\":\"Article\",\"@id\":\"https:\\\/\\\/casadecampoliving.com\\\/es\\\/destino-la-romana-reafirma-su-compromiso-con-la-sostenibilidad-y-accesibilidad\\\/#article\",\"isPartOf\":{\"@id\":\"https:\\\/\\\/casadecampoliving.com\\\/es\\\/destino-la-romana-reafirma-su-compromiso-con-la-sostenibilidad-y-accesibilidad\\\/\"},\"author\":{\"name\":\"Casa de Campo Living\",\"@id\":\"https:\\\/\\\/casadecampoliving.com\\\/es\\\/#\\\/schema\\\/person\\\/5d2171637a9d11e0e43ce6b8555f9422\"},\"headline\":\"Destino La Romana reafirma su compromiso con la sostenibilidad y accesibilidad\",\"datePublished\":\"2018-12-11T04:00:00+00:00\",\"dateModified\":\"2022-10-21T23:14:33+00:00\",\"mainEntityOfPage\":{\"@id\":\"https:\\\/\\\/casadecampoliving.com\\\/es\\\/destino-la-romana-reafirma-su-compromiso-con-la-sostenibilidad-y-accesibilidad\\\/\"},\"wordCount\":350,\"publisher\":{\"@id\":\"https:\\\/\\\/casadecampoliving.com\\\/es\\\/#organization\"},\"image\":{\"@id\":\"https:\\\/\\\/casadecampoliving.com\\\/es\\\/destino-la-romana-reafirma-su-compromiso-con-la-sostenibilidad-y-accesibilidad\\\/#primaryimage\"},\"thumbnailUrl\":\"https:\\\/\\\/i0.wp.com\\\/casadecampoliving-wp.s3-accelerate.amazonaws.com\\\/2018\\\/12\\\/Andres-Fernandez-Claudia-Brito-Ana-Garcia-Sotoca.jpg?resize=1000%2C667&amp;ssl=1\",\"keywords\":[\"andres fernandez\",\"asociacion de hoteles la romana bayahibe\",\"Bayahibe\",\"La Romana\",\"sostenibilidad\"],\"articleSection\":[\"La Romana @es\",\"M\u00e1s all\u00e1 de Casa\",\"Resort Casa de Campo\"],\"inLanguage\":\"es\"},{\"@type\":\"WebPage\",\"@id\":\"https:\\\/\\\/casadecampoliving.com\\\/es\\\/destino-la-romana-reafirma-su-compromiso-con-la-sostenibilidad-y-accesibilidad\\\/\",\"url\":\"https:\\\/\\\/casadecampoliving.com\\\/es\\\/destino-la-romana-reafirma-su-compromiso-con-la-sostenibilidad-y-accesibilidad\\\/\",\"name\":\"Destino La Romana reafirma su compromiso con la sostenibilidad y accesibilidad | Casa de Campo Living\",\"isPartOf\":{\"@id\":\"https:\\\/\\\/casadecampoliving.com\\\/es\\\/#website\"},\"primaryImageOfPage\":{\"@id\":\"https:\\\/\\\/casadecampoliving.com\\\/es\\\/destino-la-romana-reafirma-su-compromiso-con-la-sostenibilidad-y-accesibilidad\\\/#primaryimage\"},\"image\":{\"@id\":\"https:\\\/\\\/casadecampoliving.com\\\/es\\\/destino-la-romana-reafirma-su-compromiso-con-la-sostenibilidad-y-accesibilidad\\\/#primaryimage\"},\"thumbnailUrl\":\"https:\\\/\\\/i0.wp.com\\\/casadecampoliving-wp.s3-accelerate.amazonaws.com\\\/2018\\\/12\\\/Andres-Fernandez-Claudia-Brito-Ana-Garcia-Sotoca.jpg?resize=1000%2C667&amp;ssl=1\",\"datePublished\":\"2018-12-11T04:00:00+00:00\",\"dateModified\":\"2022-10-21T23:14:33+00:00\",\"description\":\"La Asociaci\u00f3n de Hoteles La Romana Bayahibe ratifica su continuo apoyo a las acciones de los proyectos de promoci\u00f3n, accesibilidad, educaci\u00f3n y\",\"breadcrumb\":{\"@id\":\"https:\\\/\\\/casadecampoliving.com\\\/es\\\/destino-la-romana-reafirma-su-compromiso-con-la-sostenibilidad-y-accesibilidad\\\/#breadcrumb\"},\"inLanguage\":\"es\",\"potentialAction\":[{\"@type\":\"ReadAction\",\"target\":[\"https:\\\/\\\/casadecampoliving.com\\\/es\\\/destino-la-romana-reafirma-su-compromiso-con-la-sostenibilidad-y-accesibilidad\\\/\"]}]},{\"@type\":\"ImageObject\",\"inLanguage\":\"es\",\"@id\":\"https:\\\/\\\/casadecampoliving.com\\\/es\\\/destino-la-romana-reafirma-su-compromiso-con-la-sostenibilidad-y-accesibilidad\\\/#primaryimage\",\"url\":\"https:\\\/\\\/i0.wp.com\\\/casadecampoliving-wp.s3-accelerate.amazonaws.com\\\/2018\\\/12\\\/Andres-Fernandez-Claudia-Brito-Ana-Garcia-Sotoca.jpg?resize=1000%2C667&amp;ssl=1\",\"contentUrl\":\"https:\\\/\\\/i0.wp.com\\\/casadecampoliving-wp.s3-accelerate.amazonaws.com\\\/2018\\\/12\\\/Andres-Fernandez-Claudia-Brito-Ana-Garcia-Sotoca.jpg?resize=1000%2C667&amp;ssl=1\"},{\"@type\":\"BreadcrumbList\",\"@id\":\"https:\\\/\\\/casadecampoliving.com\\\/es\\\/destino-la-romana-reafirma-su-compromiso-con-la-sostenibilidad-y-accesibilidad\\\/#breadcrumb\",\"itemListElement\":[{\"@type\":\"ListItem\",\"position\":1,\"name\":\"Home\",\"item\":\"https:\\\/\\\/casadecampoliving.com\\\/es\\\/\"},{\"@type\":\"ListItem\",\"position\":2,\"name\":\"Destino La Romana reafirma su compromiso con la sostenibilidad y accesibilidad\"}]},{\"@type\":\"WebSite\",\"@id\":\"https:\\\/\\\/casadecampoliving.com\\\/es\\\/#website\",\"url\":\"https:\\\/\\\/casadecampoliving.com\\\/es\\\/\",\"name\":\"Casa de Campo Living\",\"description\":\"Resort community news and resources.\",\"publisher\":{\"@id\":\"https:\\\/\\\/casadecampoliving.com\\\/es\\\/#organization\"},\"potentialAction\":[{\"@type\":\"SearchAction\",\"target\":{\"@type\":\"EntryPoint\",\"urlTemplate\":\"https:\\\/\\\/casadecampoliving.com\\\/es\\\/?s={search_term_string}\"},\"query-input\":{\"@type\":\"PropertyValueSpecification\",\"valueRequired\":true,\"valueName\":\"search_term_string\"}}],\"inLanguage\":\"es\"},{\"@type\":\"Organization\",\"@id\":\"https:\\\/\\\/casadecampoliving.com\\\/es\\\/#organization\",\"name\":\"Casa de Campo Living\",\"url\":\"https:\\\/\\\/casadecampoliving.com\\\/es\\\/\",\"logo\":{\"@type\":\"ImageObject\",\"inLanguage\":\"es\",\"@id\":\"https:\\\/\\\/casadecampoliving.com\\\/es\\\/#\\\/schema\\\/logo\\\/image\\\/\",\"url\":\"https:\\\/\\\/i0.wp.com\\\/casadecampoliving.com\\\/wp-content\\\/uploads\\\/2022\\\/07\\\/CDCLivingLogo_V1-white-sized.png?fit=800%2C214&ssl=1\",\"contentUrl\":\"https:\\\/\\\/i0.wp.com\\\/casadecampoliving.com\\\/wp-content\\\/uploads\\\/2022\\\/07\\\/CDCLivingLogo_V1-white-sized.png?fit=800%2C214&ssl=1\",\"width\":800,\"height\":214,\"caption\":\"Casa de Campo Living\"},\"image\":{\"@id\":\"https:\\\/\\\/casadecampoliving.com\\\/es\\\/#\\\/schema\\\/logo\\\/image\\\/\"},\"sameAs\":[\"https:\\\/\\\/www.facebook.com\\\/casadecampoliving\",\"https:\\\/\\\/x.com\\\/cdcliving\"]},{\"@type\":\"Person\",\"@id\":\"https:\\\/\\\/casadecampoliving.com\\\/es\\\/#\\\/schema\\\/person\\\/5d2171637a9d11e0e43ce6b8555f9422\",\"name\":\"Casa de Campo Living\",\"image\":{\"@type\":\"ImageObject\",\"inLanguage\":\"es\",\"@id\":\"https:\\\/\\\/secure.gravatar.com\\\/avatar\\\/d04101fa4a9fd431e939953b1500fdc7a73cd35029f86d98712fd8ccdaebaf9a?s=96&d=mm&r=g\",\"url\":\"https:\\\/\\\/secure.gravatar.com\\\/avatar\\\/d04101fa4a9fd431e939953b1500fdc7a73cd35029f86d98712fd8ccdaebaf9a?s=96&d=mm&r=g\",\"contentUrl\":\"https:\\\/\\\/secure.gravatar.com\\\/avatar\\\/d04101fa4a9fd431e939953b1500fdc7a73cd35029f86d98712fd8ccdaebaf9a?s=96&d=mm&r=g\",\"caption\":\"Casa de Campo Living\"},\"url\":\"https:\\\/\\\/casadecampoliving.com\\\/es\\\/author\\\/casa-de-campo-living\\\/\"}]}<\/script>\n<!-- \/ Yoast SEO plugin. -->","yoast_head_json":{"title":"Destino La Romana reafirma su compromiso con la sostenibilidad y accesibilidad | Casa de Campo Living","description":"La Asociaci\u00f3n de Hoteles La Romana Bayahibe ratifica su continuo apoyo a las acciones de los proyectos de promoci\u00f3n, accesibilidad, educaci\u00f3n y","robots":{"index":"index","follow":"follow","max-snippet":"max-snippet:-1","max-image-preview":"max-image-preview:large","max-video-preview":"max-video-preview:-1"},"canonical":"https:\/\/casadecampoliving.com\/es\/destino-la-romana-reafirma-su-compromiso-con-la-sostenibilidad-y-accesibilidad\/","og_locale":"es_ES","og_type":"article","og_title":"Destino La Romana reafirma su compromiso con la sostenibilidad y accesibilidad | Casa de Campo Living","og_description":"La Asociaci\u00f3n de Hoteles La Romana Bayahibe ratifica su continuo apoyo a las acciones de los proyectos de promoci\u00f3n, accesibilidad, educaci\u00f3n y","og_url":"https:\/\/casadecampoliving.com\/es\/destino-la-romana-reafirma-su-compromiso-con-la-sostenibilidad-y-accesibilidad\/","og_site_name":"Casa de Campo Living","article_publisher":"https:\/\/www.facebook.com\/casadecampoliving","article_published_time":"2018-12-11T04:00:00+00:00","article_modified_time":"2022-10-21T23:14:33+00:00","og_image":[{"url":"https:\/\/i0.wp.com\/casadecampoliving-wp.s3-accelerate.amazonaws.com\/2018\/12\/Andres-Fernandez-Claudia-Brito-Ana-Garcia-Sotoca.jpg?resize=1000%2C667&amp;ssl=1","type":"","width":"","height":""}],"author":"Casa de Campo Living","twitter_card":"summary_large_image","twitter_creator":"@cdcliving","twitter_site":"@cdcliving","twitter_misc":{"Escrito por":"Casa de Campo Living","Tiempo de lectura":"2 minutos"},"schema":{"@context":"https:\/\/schema.org","@graph":[{"@type":"Article","@id":"https:\/\/casadecampoliving.com\/es\/destino-la-romana-reafirma-su-compromiso-con-la-sostenibilidad-y-accesibilidad\/#article","isPartOf":{"@id":"https:\/\/casadecampoliving.com\/es\/destino-la-romana-reafirma-su-compromiso-con-la-sostenibilidad-y-accesibilidad\/"},"author":{"name":"Casa de Campo Living","@id":"https:\/\/casadecampoliving.com\/es\/#\/schema\/person\/5d2171637a9d11e0e43ce6b8555f9422"},"headline":"Destino La Romana reafirma su compromiso con la sostenibilidad y accesibilidad","datePublished":"2018-12-11T04:00:00+00:00","dateModified":"2022-10-21T23:14:33+00:00","mainEntityOfPage":{"@id":"https:\/\/casadecampoliving.com\/es\/destino-la-romana-reafirma-su-compromiso-con-la-sostenibilidad-y-accesibilidad\/"},"wordCount":350,"publisher":{"@id":"https:\/\/casadecampoliving.com\/es\/#organization"},"image":{"@id":"https:\/\/casadecampoliving.com\/es\/destino-la-romana-reafirma-su-compromiso-con-la-sostenibilidad-y-accesibilidad\/#primaryimage"},"thumbnailUrl":"https:\/\/i0.wp.com\/casadecampoliving-wp.s3-accelerate.amazonaws.com\/2018\/12\/Andres-Fernandez-Claudia-Brito-Ana-Garcia-Sotoca.jpg?resize=1000%2C667&amp;ssl=1","keywords":["andres fernandez","asociacion de hoteles la romana bayahibe","Bayahibe","La Romana","sostenibilidad"],"articleSection":["La Romana @es","M\u00e1s all\u00e1 de Casa","Resort Casa de Campo"],"inLanguage":"es"},{"@type":"WebPage","@id":"https:\/\/casadecampoliving.com\/es\/destino-la-romana-reafirma-su-compromiso-con-la-sostenibilidad-y-accesibilidad\/","url":"https:\/\/casadecampoliving.com\/es\/destino-la-romana-reafirma-su-compromiso-con-la-sostenibilidad-y-accesibilidad\/","name":"Destino La Romana reafirma su compromiso con la sostenibilidad y accesibilidad | Casa de Campo Living","isPartOf":{"@id":"https:\/\/casadecampoliving.com\/es\/#website"},"primaryImageOfPage":{"@id":"https:\/\/casadecampoliving.com\/es\/destino-la-romana-reafirma-su-compromiso-con-la-sostenibilidad-y-accesibilidad\/#primaryimage"},"image":{"@id":"https:\/\/casadecampoliving.com\/es\/destino-la-romana-reafirma-su-compromiso-con-la-sostenibilidad-y-accesibilidad\/#primaryimage"},"thumbnailUrl":"https:\/\/i0.wp.com\/casadecampoliving-wp.s3-accelerate.amazonaws.com\/2018\/12\/Andres-Fernandez-Claudia-Brito-Ana-Garcia-Sotoca.jpg?resize=1000%2C667&amp;ssl=1","datePublished":"2018-12-11T04:00:00+00:00","dateModified":"2022-10-21T23:14:33+00:00","description":"La Asociaci\u00f3n de Hoteles La Romana Bayahibe ratifica su continuo apoyo a las acciones de los proyectos de promoci\u00f3n, accesibilidad, educaci\u00f3n y","breadcrumb":{"@id":"https:\/\/casadecampoliving.com\/es\/destino-la-romana-reafirma-su-compromiso-con-la-sostenibilidad-y-accesibilidad\/#breadcrumb"},"inLanguage":"es","potentialAction":[{"@type":"ReadAction","target":["https:\/\/casadecampoliving.com\/es\/destino-la-romana-reafirma-su-compromiso-con-la-sostenibilidad-y-accesibilidad\/"]}]},{"@type":"ImageObject","inLanguage":"es","@id":"https:\/\/casadecampoliving.com\/es\/destino-la-romana-reafirma-su-compromiso-con-la-sostenibilidad-y-accesibilidad\/#primaryimage","url":"https:\/\/i0.wp.com\/casadecampoliving-wp.s3-accelerate.amazonaws.com\/2018\/12\/Andres-Fernandez-Claudia-Brito-Ana-Garcia-Sotoca.jpg?resize=1000%2C667&amp;ssl=1","contentUrl":"https:\/\/i0.wp.com\/casadecampoliving-wp.s3-accelerate.amazonaws.com\/2018\/12\/Andres-Fernandez-Claudia-Brito-Ana-Garcia-Sotoca.jpg?resize=1000%2C667&amp;ssl=1"},{"@type":"BreadcrumbList","@id":"https:\/\/casadecampoliving.com\/es\/destino-la-romana-reafirma-su-compromiso-con-la-sostenibilidad-y-accesibilidad\/#breadcrumb","itemListElement":[{"@type":"ListItem","position":1,"name":"Home","item":"https:\/\/casadecampoliving.com\/es\/"},{"@type":"ListItem","position":2,"name":"Destino La Romana reafirma su compromiso con la sostenibilidad y accesibilidad"}]},{"@type":"WebSite","@id":"https:\/\/casadecampoliving.com\/es\/#website","url":"https:\/\/casadecampoliving.com\/es\/","name":"Casa de Campo Living","description":"Resort community news and resources.","publisher":{"@id":"https:\/\/casadecampoliving.com\/es\/#organization"},"potentialAction":[{"@type":"SearchAction","target":{"@type":"EntryPoint","urlTemplate":"https:\/\/casadecampoliving.com\/es\/?s={search_term_string}"},"query-input":{"@type":"PropertyValueSpecification","valueRequired":true,"valueName":"search_term_string"}}],"inLanguage":"es"},{"@type":"Organization","@id":"https:\/\/casadecampoliving.com\/es\/#organization","name":"Casa de Campo Living","url":"https:\/\/casadecampoliving.com\/es\/","logo":{"@type":"ImageObject","inLanguage":"es","@id":"https:\/\/casadecampoliving.com\/es\/#\/schema\/logo\/image\/","url":"https:\/\/i0.wp.com\/casadecampoliving.com\/wp-content\/uploads\/2022\/07\/CDCLivingLogo_V1-white-sized.png?fit=800%2C214&ssl=1","contentUrl":"https:\/\/i0.wp.com\/casadecampoliving.com\/wp-content\/uploads\/2022\/07\/CDCLivingLogo_V1-white-sized.png?fit=800%2C214&ssl=1","width":800,"height":214,"caption":"Casa de Campo Living"},"image":{"@id":"https:\/\/casadecampoliving.com\/es\/#\/schema\/logo\/image\/"},"sameAs":["https:\/\/www.facebook.com\/casadecampoliving","https:\/\/x.com\/cdcliving"]},{"@type":"Person","@id":"https:\/\/casadecampoliving.com\/es\/#\/schema\/person\/5d2171637a9d11e0e43ce6b8555f9422","name":"Casa de Campo Living","image":{"@type":"ImageObject","inLanguage":"es","@id":"https:\/\/secure.gravatar.com\/avatar\/d04101fa4a9fd431e939953b1500fdc7a73cd35029f86d98712fd8ccdaebaf9a?s=96&d=mm&r=g","url":"https:\/\/secure.gravatar.com\/avatar\/d04101fa4a9fd431e939953b1500fdc7a73cd35029f86d98712fd8ccdaebaf9a?s=96&d=mm&r=g","contentUrl":"https:\/\/secure.gravatar.com\/avatar\/d04101fa4a9fd431e939953b1500fdc7a73cd35029f86d98712fd8ccdaebaf9a?s=96&d=mm&r=g","caption":"Casa de Campo Living"},"url":"https:\/\/casadecampoliving.com\/es\/author\/casa-de-campo-living\/"}]}},"parsely":{"version":"1.1.0","canonical_url":"https:\/\/casadecampoliving.com\/es\/destino-la-romana-reafirma-su-compromiso-con-la-sostenibilidad-y-accesibilidad\/","smart_links":{"inbound":0,"outbound":0},"traffic_boost_suggestions_count":0,"meta":{"@context":"https:\/\/schema.org","@type":"NewsArticle","headline":"Destino La Romana reafirma su compromiso con la sostenibilidad y accesibilidad","url":"http:\/\/casadecampoliving.com\/es\/destino-la-romana-reafirma-su-compromiso-con-la-sostenibilidad-y-accesibilidad\/","mainEntityOfPage":{"@type":"WebPage","@id":"http:\/\/casadecampoliving.com\/es\/destino-la-romana-reafirma-su-compromiso-con-la-sostenibilidad-y-accesibilidad\/"},"thumbnailUrl":"","image":{"@type":"ImageObject","url":""},"articleSection":"La Romana @es","author":[{"@type":"Person","name":"Casa de Campo Living"}],"creator":["Casa de Campo Living"],"publisher":{"@type":"Organization","name":"Casa de Campo Living","logo":"https:\/\/casadecampoliving.com\/wp-content\/uploads\/2022\/07\/CDCLivingLogo_V1-white-sized.png"},"keywords":["andres fernandez","asociacion de hoteles la romana bayahibe","bayahibe","la romana","sostenibilidad"],"dateCreated":"2018-12-11T04:00:00Z","datePublished":"2018-12-11T04:00:00Z","dateModified":"2022-10-21T23:14:33Z"},"rendered":"<script type=\"application\/ld+json\" class=\"wp-parsely-metadata\">{\"@context\":\"https:\\\/\\\/schema.org\",\"@type\":\"NewsArticle\",\"headline\":\"Destino La Romana reafirma su compromiso con la sostenibilidad y accesibilidad\",\"url\":\"http:\\\/\\\/casadecampoliving.com\\\/es\\\/destino-la-romana-reafirma-su-compromiso-con-la-sostenibilidad-y-accesibilidad\\\/\",\"mainEntityOfPage\":{\"@type\":\"WebPage\",\"@id\":\"http:\\\/\\\/casadecampoliving.com\\\/es\\\/destino-la-romana-reafirma-su-compromiso-con-la-sostenibilidad-y-accesibilidad\\\/\"},\"thumbnailUrl\":\"\",\"image\":{\"@type\":\"ImageObject\",\"url\":\"\"},\"articleSection\":\"La Romana @es\",\"author\":[{\"@type\":\"Person\",\"name\":\"Casa de Campo Living\"}],\"creator\":[\"Casa de Campo Living\"],\"publisher\":{\"@type\":\"Organization\",\"name\":\"Casa de Campo Living\",\"logo\":\"https:\\\/\\\/casadecampoliving.com\\\/wp-content\\\/uploads\\\/2022\\\/07\\\/CDCLivingLogo_V1-white-sized.png\"},\"keywords\":[\"andres fernandez\",\"asociacion de hoteles la romana bayahibe\",\"bayahibe\",\"la romana\",\"sostenibilidad\"],\"dateCreated\":\"2018-12-11T04:00:00Z\",\"datePublished\":\"2018-12-11T04:00:00Z\",\"dateModified\":\"2022-10-21T23:14:33Z\"}<\/script>","tracker_url":"https:\/\/cdn.parsely.com\/keys\/casadecampoliving.com\/p.js"},"jetpack_publicize_connections":[],"jetpack_featured_media_url":"","jetpack-related-posts":[{"id":330344,"url":"https:\/\/casadecampoliving.com\/destino-la-romana-reafirma-su-compromiso-con-la-sostenibilidad-y-accesibilidad\/","url_meta":{"origin":353047,"position":0},"title":"Destination La Romana reaffirms its commitment to sustainability and accessibility","author":"Casa de Campo Living","date":"11 Dic, 2018","format":false,"excerpt":"The Hotel Association La Romana Bayahibe confirms its continued support to the actions of the projects of promotion, accessibility, education and sustainability to continue promoting the development in the La Romana Destination. The entity that brings together the hotels of La Romana made these statements at their traditional Christmas dinner\u2026","rel":"","context":"En \u00abBeyond Casa\u00bb","block_context":{"text":"Beyond Casa","link":"https:\/\/casadecampoliving.com\/category\/beyond-casa\/"},"img":{"alt_text":"","src":"https:\/\/i0.wp.com\/casadecampoliving.com\/wp-content\/uploads\/2018\/12\/Andres-Fernandez-Claudia-Brito-Ana-Garcia-Sotoca.jpg?resize=350%2C200&ssl=1","width":350,"height":200,"srcset":"https:\/\/i0.wp.com\/casadecampoliving.com\/wp-content\/uploads\/2018\/12\/Andres-Fernandez-Claudia-Brito-Ana-Garcia-Sotoca.jpg?resize=350%2C200&ssl=1 1x, https:\/\/i0.wp.com\/casadecampoliving.com\/wp-content\/uploads\/2018\/12\/Andres-Fernandez-Claudia-Brito-Ana-Garcia-Sotoca.jpg?resize=525%2C300&ssl=1 1.5x, https:\/\/i0.wp.com\/casadecampoliving.com\/wp-content\/uploads\/2018\/12\/Andres-Fernandez-Claudia-Brito-Ana-Garcia-Sotoca.jpg?resize=700%2C400&ssl=1 2x"},"classes":[]},{"id":536070,"url":"https:\/\/casadecampoliving.com\/es\/asociacion-de-hoteles-la-romana-bayahibe-reconoce-a-casa-de-campo\/","url_meta":{"origin":353047,"position":1},"title":"Asociaci\u00f3n de Hoteles La Romana Bayahibe reconoce a Casa de Campo","author":"Mairobi Herrera","date":"1 Ene, 2025","format":false,"excerpt":"Andr\u00e9s Pichardo, presidente de Casa de Campo Resort and Villas acompa\u00f1ados de Andr\u00e9s Fern\u00e1ndez y Ana Garcia-Sotoca. La Asociaci\u00f3n de Hoteles La Romana Bayahibe (AHRB) otorg\u00f3 un merecido reconocimiento a Casa de Campo Resort & Villas por sus cinco d\u00e9cadas de liderazgo y su significativa contribuci\u00f3n al desarrollo tur\u00edstico de\u2026","rel":"","context":"En \u00abCasa de Campo Resort &amp; Villas\u00bb","block_context":{"text":"Casa de Campo Resort &amp; Villas","link":"https:\/\/casadecampoliving.com\/es\/category\/casa-de-campo-resort-villas\/"},"img":{"alt_text":"","src":"https:\/\/i0.wp.com\/casadecampoliving.com\/wp-content\/uploads\/2025\/01\/DSC00238-scaled.jpg?fit=1200%2C800&ssl=1&resize=350%2C200","width":350,"height":200,"srcset":"https:\/\/i0.wp.com\/casadecampoliving.com\/wp-content\/uploads\/2025\/01\/DSC00238-scaled.jpg?fit=1200%2C800&ssl=1&resize=350%2C200 1x, https:\/\/i0.wp.com\/casadecampoliving.com\/wp-content\/uploads\/2025\/01\/DSC00238-scaled.jpg?fit=1200%2C800&ssl=1&resize=525%2C300 1.5x, https:\/\/i0.wp.com\/casadecampoliving.com\/wp-content\/uploads\/2025\/01\/DSC00238-scaled.jpg?fit=1200%2C800&ssl=1&resize=700%2C400 2x, https:\/\/i0.wp.com\/casadecampoliving.com\/wp-content\/uploads\/2025\/01\/DSC00238-scaled.jpg?fit=1200%2C800&ssl=1&resize=1050%2C600 3x"},"classes":[]},{"id":535219,"url":"https:\/\/casadecampoliving.com\/es\/la-romana-bayahibe-avances-y-proyecciones\/","url_meta":{"origin":353047,"position":2},"title":"La Romana-Bayahibe: Avances y proyecciones","author":"Mairobi Herrera","date":"5 Dic, 2024","format":false,"excerpt":"La Romana-Bayahibe, uno de los destinos tur\u00edsticos m\u00e1s destacados de la Rep\u00fablica Dominicana, sigue consolid\u00e1ndose como un modelo de sostenibilidad y desarrollo social. Andr\u00e9s Fern\u00e1ndez, presidente del Consejo Directivo de la Asociaci\u00f3n de Hoteles Romana-Bayahibe (AHRB), present\u00f3 los logros m\u00e1s significativos alcanzados durante este a\u00f1o 2024, que posicionan a la\u2026","rel":"","context":"En \u00abDominican Republic\u00bb","block_context":{"text":"Dominican Republic","link":"https:\/\/casadecampoliving.com\/es\/category\/dominican-republic-2\/"},"img":{"alt_text":"","src":"https:\/\/i0.wp.com\/casadecampoliving.com\/wp-content\/uploads\/2024\/12\/FN3A5682-scaled.jpg?fit=1200%2C800&ssl=1&resize=350%2C200","width":350,"height":200,"srcset":"https:\/\/i0.wp.com\/casadecampoliving.com\/wp-content\/uploads\/2024\/12\/FN3A5682-scaled.jpg?fit=1200%2C800&ssl=1&resize=350%2C200 1x, https:\/\/i0.wp.com\/casadecampoliving.com\/wp-content\/uploads\/2024\/12\/FN3A5682-scaled.jpg?fit=1200%2C800&ssl=1&resize=525%2C300 1.5x, https:\/\/i0.wp.com\/casadecampoliving.com\/wp-content\/uploads\/2024\/12\/FN3A5682-scaled.jpg?fit=1200%2C800&ssl=1&resize=700%2C400 2x, https:\/\/i0.wp.com\/casadecampoliving.com\/wp-content\/uploads\/2024\/12\/FN3A5682-scaled.jpg?fit=1200%2C800&ssl=1&resize=1050%2C600 3x"},"classes":[]},{"id":353774,"url":"https:\/\/casadecampoliving.com\/es\/campana-ven-a-la-romana\/","url_meta":{"origin":353047,"position":3},"title":"\u00a1Ven a La Romana! Campa\u00f1a de la Asociaci\u00f3n de Hoteles La Romana-Bayahibe y el Cl\u00faster Tur\u00edstico","author":"Casa de Campo Living","date":"18 May, 2020","format":false,"excerpt":"Recientemente la Asociaci\u00f3n de Hoteles La Romana-Bayahibe \u00a0(AHRB) y el Cl\u00faster Tur\u00edstico\u00a0La Romana-Bayahibe (CTRB) la campa\u00f1a VEN A LA ROMANA a trav\u00e9s de las redes sociales. Con ella quieren lograr hacer llegar contenido positivo sobre nuestro destino, y lograr as\u00ed que tras el paso del estado de emergencia, y cuando\u2026","rel":"","context":"En \u00abLa Romana @es\u00bb","block_context":{"text":"La Romana @es","link":"https:\/\/casadecampoliving.com\/es\/category\/mas-alla-de-casa-es\/la-romana-es\/"},"img":{"alt_text":"","src":"https:\/\/i0.wp.com\/casadecampoliving.com\/wp-content\/uploads\/2022\/10\/unnamed-29-2.jpg?fit=1000%2C600&ssl=1&resize=350%2C200","width":350,"height":200,"srcset":"https:\/\/i0.wp.com\/casadecampoliving.com\/wp-content\/uploads\/2022\/10\/unnamed-29-2.jpg?fit=1000%2C600&ssl=1&resize=350%2C200 1x, https:\/\/i0.wp.com\/casadecampoliving.com\/wp-content\/uploads\/2022\/10\/unnamed-29-2.jpg?fit=1000%2C600&ssl=1&resize=525%2C300 1.5x, https:\/\/i0.wp.com\/casadecampoliving.com\/wp-content\/uploads\/2022\/10\/unnamed-29-2.jpg?fit=1000%2C600&ssl=1&resize=700%2C400 2x"},"classes":[]},{"id":346433,"url":"https:\/\/casadecampoliving.com\/es\/ana-garcia-honrada-en-gala-navidena-de-la-asociacion-de-hoteles-la-romana-bayahibe\/","url_meta":{"origin":353047,"position":4},"title":"Ana Garc\u00eda honrada en Gala Navide\u00f1a de la Asociaci\u00f3n de Hoteles La Romana-Bayahibe","author":"Rebecca Hughes","date":"4 Ene, 2015","format":false,"excerpt":"Honor a quien honor merece, y en el caso del reciente reconocimiento otorgado a Ana Garc\u00eda en la Gala Navide\u00f1a de la Asociaci\u00f3n de Hoteles La Romana-Bayahibe, sin duda, estuvo muy bien merecido. Ana Garc\u00eda es la director del Cl\u00faster Tur\u00edstico\u00a0La Romana-Bayahibe, una organizaci\u00f3n cuyo objetivo es \"desarrollar la regi\u00f3n\u2026","rel":"","context":"En \u00abAltos de Chavon @es\u00bb","block_context":{"text":"Altos de Chavon @es","link":"https:\/\/casadecampoliving.com\/category\/altos-de-chavon-es\/"},"img":{"alt_text":"Ana Garcia, Philip Silvestri, Daniel Hernandez, Andres Fernandez","src":"https:\/\/i0.wp.com\/casadecampoliving.com\/wp-content\/uploads\/2022\/10\/ana_garcia-Philip_Silvestri-Daniel_Hernandez-Andres_Fernandez-1.jpg?fit=650%2C443&ssl=1&resize=350%2C200","width":350,"height":200,"srcset":"https:\/\/i0.wp.com\/casadecampoliving.com\/wp-content\/uploads\/2022\/10\/ana_garcia-Philip_Silvestri-Daniel_Hernandez-Andres_Fernandez-1.jpg?fit=650%2C443&ssl=1&resize=350%2C200 1x, https:\/\/i0.wp.com\/casadecampoliving.com\/wp-content\/uploads\/2022\/10\/ana_garcia-Philip_Silvestri-Daniel_Hernandez-Andres_Fernandez-1.jpg?fit=650%2C443&ssl=1&resize=525%2C300 1.5x"},"classes":[]},{"id":351506,"url":"https:\/\/casadecampoliving.com\/es\/asociacion-de-hoteles-romana-bayahibe-designa-andres-fernandez-como-nuevo-presidente\/","url_meta":{"origin":353047,"position":5},"title":"Asociaci\u00f3n de Hoteles Romana-Bayah\u00edbe designa a Andr\u00e9s Fern\u00e1ndez como nuevo presidente","author":"Casa de Campo Living","date":"18 May, 2017","format":false,"excerpt":"Tras salida del Se\u00f1or Daniel Hernandez, Casa de Campo confirm\u00f3 Andr\u00e9s Fern\u00e1ndez ser\u00e1 su nuevo representante frente a la Asociaci\u00f3n de Hoteles Romana-Bayah\u00edbe (AHRB) asumiendo por tanto la presidencia de dicha instituci\u00f3n. Despu\u00e9s de administrar su agencia de viajes \u201cIndiana Tours\u201d Andr\u00e9s\u00a0\u00a0 Fern\u00e1ndez, Ingeniero de Sistemas\u00a0\u00a0 y\u00a0\u00a0 Diplomado en Turismo,\u2026","rel":"","context":"En \u00abAeropuerto Internacional de La Romana, Casa de Campo\u00bb","block_context":{"text":"Aeropuerto Internacional de La Romana, Casa de Campo","link":"https:\/\/casadecampoliving.com\/es\/category\/aeropuerto-internacional-de-la-romana-2\/"},"img":{"alt_text":"Bayahibe hotels","src":"https:\/\/i0.wp.com\/casadecampoliving.com\/wp-content\/uploads\/2022\/10\/Bayahibe_hotels-e1495132229758.jpg?fit=1000%2C600&ssl=1&resize=350%2C200","width":350,"height":200,"srcset":"https:\/\/i0.wp.com\/casadecampoliving.com\/wp-content\/uploads\/2022\/10\/Bayahibe_hotels-e1495132229758.jpg?fit=1000%2C600&ssl=1&resize=350%2C200 1x, https:\/\/i0.wp.com\/casadecampoliving.com\/wp-content\/uploads\/2022\/10\/Bayahibe_hotels-e1495132229758.jpg?fit=1000%2C600&ssl=1&resize=525%2C300 1.5x, https:\/\/i0.wp.com\/casadecampoliving.com\/wp-content\/uploads\/2022\/10\/Bayahibe_hotels-e1495132229758.jpg?fit=1000%2C600&ssl=1&resize=700%2C400 2x"},"classes":[]}],"jetpack_sharing_enabled":true,"_links":{"self":[{"href":"https:\/\/casadecampoliving.com\/es\/wp-json\/wp\/v2\/posts\/353047","targetHints":{"allow":["GET"]}}],"collection":[{"href":"https:\/\/casadecampoliving.com\/es\/wp-json\/wp\/v2\/posts"}],"about":[{"href":"https:\/\/casadecampoliving.com\/es\/wp-json\/wp\/v2\/types\/post"}],"author":[{"embeddable":true,"href":"https:\/\/casadecampoliving.com\/es\/wp-json\/wp\/v2\/users\/36791"}],"replies":[{"embeddable":true,"href":"https:\/\/casadecampoliving.com\/es\/wp-json\/wp\/v2\/comments?post=353047"}],"version-history":[{"count":1,"href":"https:\/\/casadecampoliving.com\/es\/wp-json\/wp\/v2\/posts\/353047\/revisions"}],"predecessor-version":[{"id":353048,"href":"https:\/\/casadecampoliving.com\/es\/wp-json\/wp\/v2\/posts\/353047\/revisions\/353048"}],"wp:attachment":[{"href":"https:\/\/casadecampoliving.com\/es\/wp-json\/wp\/v2\/media?parent=353047"}],"wp:term":[{"taxonomy":"category","embeddable":true,"href":"https:\/\/casadecampoliving.com\/es\/wp-json\/wp\/v2\/categories?post=353047"},{"taxonomy":"post_tag","embeddable":true,"href":"https:\/\/casadecampoliving.com\/es\/wp-json\/wp\/v2\/tags?post=353047"},{"taxonomy":"newspack_spnsrs_tax","embeddable":true,"href":"https:\/\/casadecampoliving.com\/es\/wp-json\/wp\/v2\/newspack_spnsrs_tax?post=353047"}],"curies":[{"name":"wp","href":"https:\/\/api.w.org\/{rel}","templated":true}]}}