{"id":353044,"date":"2018-12-10T00:00:00","date_gmt":"2018-12-10T04:00:00","guid":{"rendered":"https:\/\/casadecampoliving.com\/la-eskina-tiene-un-nuevo-hogar-en-altos-de-chavon\/"},"modified":"2022-11-10T10:35:10","modified_gmt":"2022-11-10T14:35:10","slug":"la-eskina-tiene-un-nuevo-hogar-en-altos-de-chavon","status":"publish","type":"post","link":"https:\/\/casadecampoliving.com\/es\/la-eskina-tiene-un-nuevo-hogar-en-altos-de-chavon\/","title":{"rendered":"La Eskina tiene un nuevo \u00abhogar\u00bb en Altos de Chav\u00f3n!"},"content":{"rendered":"<img data-recalc-dims=\"1\" loading=\"lazy\" decoding=\"async\" class=\"alignright wp-image-165022\" src=\"https:\/\/i0.wp.com\/casadecampoliving-wp.s3-accelerate.amazonaws.com\/2018\/12\/WhatsApp-Image-2018-12-10-at-12.33.34-PM-1-225x300.jpeg?resize=375%2C500&#038;ssl=1\" alt=\"\" width=\"375\" height=\"500\" srcset=\"https:\/\/i0.wp.com\/casadecampoliving.com\/wp-content\/uploads\/2018\/12\/WhatsApp-Image-2018-12-10-at-12.33.34-PM-1.jpeg?resize=225%2C300&amp;ssl=1 225w, https:\/\/i0.wp.com\/casadecampoliving.com\/wp-content\/uploads\/2018\/12\/WhatsApp-Image-2018-12-10-at-12.33.34-PM-1.jpeg?w=750&amp;ssl=1 750w, https:\/\/i0.wp.com\/casadecampoliving-wp.s3-accelerate.amazonaws.com\/2018\/12\/WhatsApp-Image-2018-12-10-at-12.33.34-PM-1-225x300.jpeg?w=370&amp;ssl=1 370w, https:\/\/i0.wp.com\/casadecampoliving-wp.s3-accelerate.amazonaws.com\/2018\/12\/WhatsApp-Image-2018-12-10-at-12.33.34-PM-1-225x300.jpeg?w=400&amp;ssl=1 400w\" sizes=\"auto, (max-width: 375px) 100vw, 375px\" \/>\n\nEn 2016, durante el Chav\u00f3n Fall Fest, Fresh Fresh abri\u00f3 un nuevo <em>rinc\u00f3n<\/em> en su local llamada <em>La Eskina<\/em>. En aquel entonces, estaba ubicado a las afueras de su colorido caf\u00e9, creando un espacio para locales y turistas que buscaban m\u00e1s que un batido. Ahora, La Eskina se ha mudado al local justo al final del pasillo de la Galer\u00eda con la entrada mirando hacia el mercadito.\n\nPor lo tanto, si a\u00fan no has visitado La Eskina, \u00a1lo recomendamos altamente!&nbsp;Es un ambiente relajado, informal, muy en sinton\u00eda con su nombre y s\u00faper casual. Ven como eres, de d\u00eda o de noche a su lugar, su esquina. Ambas \u00e1reas se conectan para que pueda disfrutar de lo mejor de ambos mundos, un wrap saludable o una ensalada de Fresh Fresh y tome una bebida fr\u00eda en una c\u00e1lida tarde y disfrutar de la brisa de Chav\u00f3n en el bar. Con un mont\u00f3n de <em>pikaderas<\/em>, cervezas para elegir y <em>kokteles<\/em> escritos en pizarras que sirven como un tema de decoraci\u00f3n bohemio y pr\u00e1ctico, le ser\u00e1 dif\u00edcil no encontrar algo para disfrutar con amigos.\n\nVea im\u00e1genes del nuevo local a continuaci\u00f3n:\n\n\n<figure class=\"wp-block-gallery has-nested-images columns-default is-cropped wp-block-gallery-1 is-layout-flex wp-block-gallery-is-layout-flex\">\n<figure class=\"wp-block-image size-large\"><img data-recalc-dims=\"1\" loading=\"lazy\" decoding=\"async\" width=\"563\" height=\"1000\" data-id=\"403804\" src=\"https:\/\/i0.wp.com\/casadecampoliving.com\/wp-content\/uploads\/2022\/10\/WhatsApp-Image-2018-12-07-at-2.53.20-PM.jpeg?resize=563%2C1000&#038;ssl=1\" alt=\"\" class=\"wp-image-403804\" srcset=\"https:\/\/i0.wp.com\/casadecampoliving.com\/wp-content\/uploads\/2022\/10\/WhatsApp-Image-2018-12-07-at-2.53.20-PM.jpeg?w=563&amp;ssl=1 563w, https:\/\/i0.wp.com\/casadecampoliving.com\/wp-content\/uploads\/2022\/10\/WhatsApp-Image-2018-12-07-at-2.53.20-PM.jpeg?resize=169%2C300&amp;ssl=1 169w, https:\/\/i0.wp.com\/casadecampoliving.com\/wp-content\/uploads\/2022\/10\/WhatsApp-Image-2018-12-07-at-2.53.20-PM.jpeg?resize=400%2C710&amp;ssl=1 400w, https:\/\/i0.wp.com\/casadecampoliving.com\/wp-content\/uploads\/2022\/10\/WhatsApp-Image-2018-12-07-at-2.53.20-PM.jpeg?resize=150%2C266&amp;ssl=1 150w, https:\/\/i0.wp.com\/casadecampoliving.com\/wp-content\/uploads\/2022\/10\/WhatsApp-Image-2018-12-07-at-2.53.20-PM.jpeg?w=370&amp;ssl=1 370w\" sizes=\"auto, (max-width: 563px) 100vw, 563px\" \/><\/figure>\n\n\n\n<figure class=\"wp-block-image size-large\"><img data-recalc-dims=\"1\" loading=\"lazy\" decoding=\"async\" width=\"750\" height=\"1000\" data-id=\"403826\" src=\"https:\/\/i0.wp.com\/casadecampoliving.com\/wp-content\/uploads\/2022\/10\/WhatsApp-Image-2018-12-10-at-12.33.34-PM-1.jpeg?resize=750%2C1000&#038;ssl=1\" alt=\"\" class=\"wp-image-403826\" srcset=\"https:\/\/i0.wp.com\/casadecampoliving.com\/wp-content\/uploads\/2022\/10\/WhatsApp-Image-2018-12-10-at-12.33.34-PM-1.jpeg?w=750&amp;ssl=1 750w, https:\/\/i0.wp.com\/casadecampoliving.com\/wp-content\/uploads\/2022\/10\/WhatsApp-Image-2018-12-10-at-12.33.34-PM-1.jpeg?resize=225%2C300&amp;ssl=1 225w, https:\/\/i0.wp.com\/casadecampoliving.com\/wp-content\/uploads\/2022\/10\/WhatsApp-Image-2018-12-10-at-12.33.34-PM-1.jpeg?resize=600%2C800&amp;ssl=1 600w, https:\/\/i0.wp.com\/casadecampoliving.com\/wp-content\/uploads\/2022\/10\/WhatsApp-Image-2018-12-10-at-12.33.34-PM-1.jpeg?resize=300%2C400&amp;ssl=1 300w, https:\/\/i0.wp.com\/casadecampoliving.com\/wp-content\/uploads\/2022\/10\/WhatsApp-Image-2018-12-10-at-12.33.34-PM-1.jpeg?resize=150%2C200&amp;ssl=1 150w, https:\/\/i0.wp.com\/casadecampoliving.com\/wp-content\/uploads\/2022\/10\/WhatsApp-Image-2018-12-10-at-12.33.34-PM-1.jpeg?resize=400%2C533&amp;ssl=1 400w, https:\/\/i0.wp.com\/casadecampoliving.com\/wp-content\/uploads\/2022\/10\/WhatsApp-Image-2018-12-10-at-12.33.34-PM-1.jpeg?resize=706%2C941&amp;ssl=1 706w, https:\/\/i0.wp.com\/casadecampoliving.com\/wp-content\/uploads\/2022\/10\/WhatsApp-Image-2018-12-10-at-12.33.34-PM-1.jpeg?resize=640%2C853&amp;ssl=1 640w, https:\/\/i0.wp.com\/casadecampoliving.com\/wp-content\/uploads\/2022\/10\/WhatsApp-Image-2018-12-10-at-12.33.34-PM-1.jpeg?w=370&amp;ssl=1 370w\" sizes=\"auto, (max-width: 750px) 100vw, 750px\" \/><\/figure>\n\n\n\n<figure class=\"wp-block-image size-large\"><img data-recalc-dims=\"1\" loading=\"lazy\" decoding=\"async\" width=\"563\" height=\"1000\" data-id=\"403845\" src=\"https:\/\/i0.wp.com\/casadecampoliving.com\/wp-content\/uploads\/2022\/10\/WhatsApp-Image-2018-12-07-at-2.54.39-PM.jpeg?resize=563%2C1000&#038;ssl=1\" alt=\"\" class=\"wp-image-403845\" srcset=\"https:\/\/i0.wp.com\/casadecampoliving.com\/wp-content\/uploads\/2022\/10\/WhatsApp-Image-2018-12-07-at-2.54.39-PM.jpeg?w=563&amp;ssl=1 563w, https:\/\/i0.wp.com\/casadecampoliving.com\/wp-content\/uploads\/2022\/10\/WhatsApp-Image-2018-12-07-at-2.54.39-PM.jpeg?resize=169%2C300&amp;ssl=1 169w, https:\/\/i0.wp.com\/casadecampoliving.com\/wp-content\/uploads\/2022\/10\/WhatsApp-Image-2018-12-07-at-2.54.39-PM.jpeg?resize=400%2C710&amp;ssl=1 400w, https:\/\/i0.wp.com\/casadecampoliving.com\/wp-content\/uploads\/2022\/10\/WhatsApp-Image-2018-12-07-at-2.54.39-PM.jpeg?resize=150%2C266&amp;ssl=1 150w, https:\/\/i0.wp.com\/casadecampoliving.com\/wp-content\/uploads\/2022\/10\/WhatsApp-Image-2018-12-07-at-2.54.39-PM.jpeg?w=370&amp;ssl=1 370w\" sizes=\"auto, (max-width: 563px) 100vw, 563px\" \/><\/figure>\n\n\n\n<figure class=\"wp-block-image size-large\"><img data-recalc-dims=\"1\" loading=\"lazy\" decoding=\"async\" width=\"563\" height=\"1000\" data-id=\"403869\" src=\"https:\/\/i0.wp.com\/casadecampoliving.com\/wp-content\/uploads\/2022\/10\/WhatsApp-Image-2018-12-07-at-2.55.32-PM.jpeg?resize=563%2C1000&#038;ssl=1\" alt=\"\" class=\"wp-image-403869\" srcset=\"https:\/\/i0.wp.com\/casadecampoliving.com\/wp-content\/uploads\/2022\/10\/WhatsApp-Image-2018-12-07-at-2.55.32-PM.jpeg?w=563&amp;ssl=1 563w, https:\/\/i0.wp.com\/casadecampoliving.com\/wp-content\/uploads\/2022\/10\/WhatsApp-Image-2018-12-07-at-2.55.32-PM.jpeg?resize=169%2C300&amp;ssl=1 169w, https:\/\/i0.wp.com\/casadecampoliving.com\/wp-content\/uploads\/2022\/10\/WhatsApp-Image-2018-12-07-at-2.55.32-PM.jpeg?resize=400%2C710&amp;ssl=1 400w, https:\/\/i0.wp.com\/casadecampoliving.com\/wp-content\/uploads\/2022\/10\/WhatsApp-Image-2018-12-07-at-2.55.32-PM.jpeg?resize=150%2C266&amp;ssl=1 150w, https:\/\/i0.wp.com\/casadecampoliving.com\/wp-content\/uploads\/2022\/10\/WhatsApp-Image-2018-12-07-at-2.55.32-PM.jpeg?w=370&amp;ssl=1 370w\" sizes=\"auto, (max-width: 563px) 100vw, 563px\" \/><\/figure>\n\n\n\n<figure class=\"wp-block-image size-large\"><img data-recalc-dims=\"1\" loading=\"lazy\" decoding=\"async\" width=\"1000\" height=\"750\" data-id=\"403894\" src=\"https:\/\/i0.wp.com\/casadecampoliving.com\/wp-content\/uploads\/2022\/10\/WhatsApp-Image-2018-12-10-at-12.33.34-PM.jpeg?resize=1000%2C750&#038;ssl=1\" alt=\"\" class=\"wp-image-403894\" srcset=\"https:\/\/i0.wp.com\/casadecampoliving.com\/wp-content\/uploads\/2022\/10\/WhatsApp-Image-2018-12-10-at-12.33.34-PM.jpeg?w=1000&amp;ssl=1 1000w, https:\/\/i0.wp.com\/casadecampoliving.com\/wp-content\/uploads\/2022\/10\/WhatsApp-Image-2018-12-10-at-12.33.34-PM.jpeg?resize=300%2C225&amp;ssl=1 300w, https:\/\/i0.wp.com\/casadecampoliving.com\/wp-content\/uploads\/2022\/10\/WhatsApp-Image-2018-12-10-at-12.33.34-PM.jpeg?resize=768%2C576&amp;ssl=1 768w, https:\/\/i0.wp.com\/casadecampoliving.com\/wp-content\/uploads\/2022\/10\/WhatsApp-Image-2018-12-10-at-12.33.34-PM.jpeg?resize=800%2C600&amp;ssl=1 800w, https:\/\/i0.wp.com\/casadecampoliving.com\/wp-content\/uploads\/2022\/10\/WhatsApp-Image-2018-12-10-at-12.33.34-PM.jpeg?resize=400%2C300&amp;ssl=1 400w, https:\/\/i0.wp.com\/casadecampoliving.com\/wp-content\/uploads\/2022\/10\/WhatsApp-Image-2018-12-10-at-12.33.34-PM.jpeg?resize=200%2C150&amp;ssl=1 200w, https:\/\/i0.wp.com\/casadecampoliving.com\/wp-content\/uploads\/2022\/10\/WhatsApp-Image-2018-12-10-at-12.33.34-PM.jpeg?resize=706%2C530&amp;ssl=1 706w, https:\/\/i0.wp.com\/casadecampoliving.com\/wp-content\/uploads\/2022\/10\/WhatsApp-Image-2018-12-10-at-12.33.34-PM.jpeg?resize=150%2C113&amp;ssl=1 150w, https:\/\/i0.wp.com\/casadecampoliving.com\/wp-content\/uploads\/2022\/10\/WhatsApp-Image-2018-12-10-at-12.33.34-PM.jpeg?w=370&amp;ssl=1 370w\" sizes=\"auto, (max-width: 1000px) 100vw, 1000px\" \/><\/figure>\n<\/figure>\n","protected":false},"excerpt":{"rendered":"<p>En 2016, durante el Chav\u00f3n Fall Fest, Fresh Fresh abri\u00f3 un nuevo rinc\u00f3n en su local llamada La Eskina. En aquel entonces, estaba ubicado a las afueras de su colorido caf\u00e9, creando un espacio para locales y turistas que buscaban m\u00e1s que un batido. Ahora, La Eskina se ha mudado al local justo al final [&hellip;]<\/p>\n","protected":false},"author":36791,"featured_media":0,"comment_status":"closed","ping_status":"closed","sticky":false,"template":"","format":"standard","meta":{"newspack_ads_suppress_ads":false,"newspack_popups_has_disabled_popups":false,"newspack_sponsor_sponsorship_scope":"","newspack_sponsor_native_byline_display":"inherit","newspack_sponsor_native_category_display":"inherit","newspack_sponsor_underwriter_style":"inherit","newspack_sponsor_underwriter_placement":"inherit","_newspack_byline_active":false,"_newspack_byline":"","newspack_hide_updated_date":false,"newspack_show_updated_date":false,"newspack_content_restriction_is_exempt":false,"newspack_featured_image_position":"","newspack_post_subtitle":"","newspack_article_summary_title":"Overview:","newspack_article_summary":"","_jetpack_memberships_contains_paid_content":false,"footnotes":"","jetpack_publicize_message":"","jetpack_publicize_feature_enabled":true,"jetpack_social_post_already_shared":false,"jetpack_social_options":{"image_generator_settings":{"template":"highway","default_image_id":0,"font":"","enabled":false},"version":2},"_wpas_customize_per_network":false},"categories":[26819,2520,2521,14629,14631,26822,2498],"tags":[15387,9702,23815,14736,18837,19714],"newspack_spnsrs_tax":[],"class_list":["post-353044","post","type-post","status-publish","format-standard","hentry","category-altos-de-chavon-es","category-restaurantes-es","category-republica-dominicana-2","category-comidas-bebidas","category-estilo-de-vida","category-resort-casa-de-campo","category-uncategorized-es","tag-altos-de-chavon-es","tag-bar","tag-casa-de-campo-es-17","tag-featured-topview-es","tag-fresh-fresh-cafe-es-2","tag-la-eskina-es","entry"],"yoast_head":"<!-- This site is optimized with the Yoast SEO plugin v27.5 - https:\/\/yoast.com\/product\/yoast-seo-wordpress\/ -->\n<title>La Eskina tiene un nuevo &quot;hogar&quot; en Altos de Chav\u00f3n! | Casa de Campo Living<\/title>\n<meta name=\"description\" content=\"En 2016, durante el Chav\u00f3n Fall Fest, Fresh Fresh abri\u00f3 un nuevo rinc\u00f3n en su local llamada La Eskina. En aquel entonces, estaba ubicado a las afueras de\" \/>\n<meta name=\"robots\" content=\"index, follow, max-snippet:-1, max-image-preview:large, max-video-preview:-1\" \/>\n<link rel=\"canonical\" href=\"https:\/\/casadecampoliving.com\/es\/la-eskina-tiene-un-nuevo-hogar-en-altos-de-chavon\/\" \/>\n<meta property=\"og:locale\" content=\"es_ES\" \/>\n<meta property=\"og:type\" content=\"article\" \/>\n<meta property=\"og:title\" content=\"La Eskina tiene un nuevo &quot;hogar&quot; en Altos de Chav\u00f3n! | Casa de Campo Living\" \/>\n<meta property=\"og:description\" content=\"En 2016, durante el Chav\u00f3n Fall Fest, Fresh Fresh abri\u00f3 un nuevo rinc\u00f3n en su local llamada La Eskina. En aquel entonces, estaba ubicado a las afueras de\" \/>\n<meta property=\"og:url\" content=\"https:\/\/casadecampoliving.com\/es\/la-eskina-tiene-un-nuevo-hogar-en-altos-de-chavon\/\" \/>\n<meta property=\"og:site_name\" content=\"Casa de Campo Living\" \/>\n<meta property=\"article:publisher\" content=\"https:\/\/www.facebook.com\/casadecampoliving\" \/>\n<meta property=\"article:published_time\" content=\"2018-12-10T04:00:00+00:00\" \/>\n<meta property=\"article:modified_time\" content=\"2022-11-10T14:35:10+00:00\" \/>\n<meta property=\"og:image\" content=\"https:\/\/casadecampoliving-wp.s3-accelerate.amazonaws.com\/2018\/12\/WhatsApp-Image-2018-12-10-at-12.33.34-PM-1-225x300.jpeg\" \/>\n<meta name=\"author\" content=\"Casa de Campo Living\" \/>\n<meta name=\"twitter:card\" content=\"summary_large_image\" \/>\n<meta name=\"twitter:creator\" content=\"@cdcliving\" \/>\n<meta name=\"twitter:site\" content=\"@cdcliving\" \/>\n<meta name=\"twitter:label1\" content=\"Escrito por\" \/>\n\t<meta name=\"twitter:data1\" content=\"Casa de Campo Living\" \/>\n\t<meta name=\"twitter:label2\" content=\"Tiempo de lectura\" \/>\n\t<meta name=\"twitter:data2\" content=\"1 minuto\" \/>\n<script type=\"application\/ld+json\" class=\"yoast-schema-graph\">{\"@context\":\"https:\\\/\\\/schema.org\",\"@graph\":[{\"@type\":\"Article\",\"@id\":\"https:\\\/\\\/casadecampoliving.com\\\/es\\\/la-eskina-tiene-un-nuevo-hogar-en-altos-de-chavon\\\/#article\",\"isPartOf\":{\"@id\":\"https:\\\/\\\/casadecampoliving.com\\\/es\\\/la-eskina-tiene-un-nuevo-hogar-en-altos-de-chavon\\\/\"},\"author\":{\"name\":\"Casa de Campo Living\",\"@id\":\"https:\\\/\\\/casadecampoliving.com\\\/es\\\/#\\\/schema\\\/person\\\/5d2171637a9d11e0e43ce6b8555f9422\"},\"headline\":\"La Eskina tiene un nuevo \u00abhogar\u00bb en Altos de Chav\u00f3n!\",\"datePublished\":\"2018-12-10T04:00:00+00:00\",\"dateModified\":\"2022-11-10T14:35:10+00:00\",\"mainEntityOfPage\":{\"@id\":\"https:\\\/\\\/casadecampoliving.com\\\/es\\\/la-eskina-tiene-un-nuevo-hogar-en-altos-de-chavon\\\/\"},\"wordCount\":217,\"publisher\":{\"@id\":\"https:\\\/\\\/casadecampoliving.com\\\/es\\\/#organization\"},\"image\":{\"@id\":\"https:\\\/\\\/casadecampoliving.com\\\/es\\\/la-eskina-tiene-un-nuevo-hogar-en-altos-de-chavon\\\/#primaryimage\"},\"thumbnailUrl\":\"https:\\\/\\\/casadecampoliving-wp.s3-accelerate.amazonaws.com\\\/2018\\\/12\\\/WhatsApp-Image-2018-12-10-at-12.33.34-PM-1-225x300.jpeg\",\"keywords\":[\"Altos de Chavon\",\"bar\",\"Casa de Campo\",\"Featured-TopView @es\",\"Fresh Fresh Caf\u00e9\",\"la Eskina @es\"],\"articleSection\":[\"Altos de Chavon @es\",\"Restaurantes\",\"Rep\u00fablica Dominicana @es\",\"Comidas &amp; Bebidas\",\"Estilo de Vida\",\"Resort Casa de Campo\",\"Uncategorized @es\"],\"inLanguage\":\"es\"},{\"@type\":\"WebPage\",\"@id\":\"https:\\\/\\\/casadecampoliving.com\\\/es\\\/la-eskina-tiene-un-nuevo-hogar-en-altos-de-chavon\\\/\",\"url\":\"https:\\\/\\\/casadecampoliving.com\\\/es\\\/la-eskina-tiene-un-nuevo-hogar-en-altos-de-chavon\\\/\",\"name\":\"La Eskina tiene un nuevo \\\"hogar\\\" en Altos de Chav\u00f3n! | Casa de Campo Living\",\"isPartOf\":{\"@id\":\"https:\\\/\\\/casadecampoliving.com\\\/es\\\/#website\"},\"primaryImageOfPage\":{\"@id\":\"https:\\\/\\\/casadecampoliving.com\\\/es\\\/la-eskina-tiene-un-nuevo-hogar-en-altos-de-chavon\\\/#primaryimage\"},\"image\":{\"@id\":\"https:\\\/\\\/casadecampoliving.com\\\/es\\\/la-eskina-tiene-un-nuevo-hogar-en-altos-de-chavon\\\/#primaryimage\"},\"thumbnailUrl\":\"https:\\\/\\\/casadecampoliving-wp.s3-accelerate.amazonaws.com\\\/2018\\\/12\\\/WhatsApp-Image-2018-12-10-at-12.33.34-PM-1-225x300.jpeg\",\"datePublished\":\"2018-12-10T04:00:00+00:00\",\"dateModified\":\"2022-11-10T14:35:10+00:00\",\"description\":\"En 2016, durante el Chav\u00f3n Fall Fest, Fresh Fresh abri\u00f3 un nuevo rinc\u00f3n en su local llamada La Eskina. En aquel entonces, estaba ubicado a las afueras de\",\"breadcrumb\":{\"@id\":\"https:\\\/\\\/casadecampoliving.com\\\/es\\\/la-eskina-tiene-un-nuevo-hogar-en-altos-de-chavon\\\/#breadcrumb\"},\"inLanguage\":\"es\",\"potentialAction\":[{\"@type\":\"ReadAction\",\"target\":[\"https:\\\/\\\/casadecampoliving.com\\\/es\\\/la-eskina-tiene-un-nuevo-hogar-en-altos-de-chavon\\\/\"]}]},{\"@type\":\"ImageObject\",\"inLanguage\":\"es\",\"@id\":\"https:\\\/\\\/casadecampoliving.com\\\/es\\\/la-eskina-tiene-un-nuevo-hogar-en-altos-de-chavon\\\/#primaryimage\",\"url\":\"https:\\\/\\\/casadecampoliving-wp.s3-accelerate.amazonaws.com\\\/2018\\\/12\\\/WhatsApp-Image-2018-12-10-at-12.33.34-PM-1-225x300.jpeg\",\"contentUrl\":\"https:\\\/\\\/casadecampoliving-wp.s3-accelerate.amazonaws.com\\\/2018\\\/12\\\/WhatsApp-Image-2018-12-10-at-12.33.34-PM-1-225x300.jpeg\"},{\"@type\":\"BreadcrumbList\",\"@id\":\"https:\\\/\\\/casadecampoliving.com\\\/es\\\/la-eskina-tiene-un-nuevo-hogar-en-altos-de-chavon\\\/#breadcrumb\",\"itemListElement\":[{\"@type\":\"ListItem\",\"position\":1,\"name\":\"Home\",\"item\":\"https:\\\/\\\/casadecampoliving.com\\\/es\\\/\"},{\"@type\":\"ListItem\",\"position\":2,\"name\":\"La Eskina tiene un nuevo &#8220;hogar&#8221; en Altos de Chav\u00f3n!\"}]},{\"@type\":\"WebSite\",\"@id\":\"https:\\\/\\\/casadecampoliving.com\\\/es\\\/#website\",\"url\":\"https:\\\/\\\/casadecampoliving.com\\\/es\\\/\",\"name\":\"Casa de Campo Living\",\"description\":\"Resort community news and resources.\",\"publisher\":{\"@id\":\"https:\\\/\\\/casadecampoliving.com\\\/es\\\/#organization\"},\"potentialAction\":[{\"@type\":\"SearchAction\",\"target\":{\"@type\":\"EntryPoint\",\"urlTemplate\":\"https:\\\/\\\/casadecampoliving.com\\\/es\\\/?s={search_term_string}\"},\"query-input\":{\"@type\":\"PropertyValueSpecification\",\"valueRequired\":true,\"valueName\":\"search_term_string\"}}],\"inLanguage\":\"es\"},{\"@type\":\"Organization\",\"@id\":\"https:\\\/\\\/casadecampoliving.com\\\/es\\\/#organization\",\"name\":\"Casa de Campo Living\",\"url\":\"https:\\\/\\\/casadecampoliving.com\\\/es\\\/\",\"logo\":{\"@type\":\"ImageObject\",\"inLanguage\":\"es\",\"@id\":\"https:\\\/\\\/casadecampoliving.com\\\/es\\\/#\\\/schema\\\/logo\\\/image\\\/\",\"url\":\"https:\\\/\\\/i0.wp.com\\\/casadecampoliving.com\\\/wp-content\\\/uploads\\\/2022\\\/07\\\/CDCLivingLogo_V1-white-sized.png?fit=800%2C214&ssl=1\",\"contentUrl\":\"https:\\\/\\\/i0.wp.com\\\/casadecampoliving.com\\\/wp-content\\\/uploads\\\/2022\\\/07\\\/CDCLivingLogo_V1-white-sized.png?fit=800%2C214&ssl=1\",\"width\":800,\"height\":214,\"caption\":\"Casa de Campo Living\"},\"image\":{\"@id\":\"https:\\\/\\\/casadecampoliving.com\\\/es\\\/#\\\/schema\\\/logo\\\/image\\\/\"},\"sameAs\":[\"https:\\\/\\\/www.facebook.com\\\/casadecampoliving\",\"https:\\\/\\\/x.com\\\/cdcliving\"]},{\"@type\":\"Person\",\"@id\":\"https:\\\/\\\/casadecampoliving.com\\\/es\\\/#\\\/schema\\\/person\\\/5d2171637a9d11e0e43ce6b8555f9422\",\"name\":\"Casa de Campo Living\",\"image\":{\"@type\":\"ImageObject\",\"inLanguage\":\"es\",\"@id\":\"https:\\\/\\\/secure.gravatar.com\\\/avatar\\\/d04101fa4a9fd431e939953b1500fdc7a73cd35029f86d98712fd8ccdaebaf9a?s=96&d=mm&r=g\",\"url\":\"https:\\\/\\\/secure.gravatar.com\\\/avatar\\\/d04101fa4a9fd431e939953b1500fdc7a73cd35029f86d98712fd8ccdaebaf9a?s=96&d=mm&r=g\",\"contentUrl\":\"https:\\\/\\\/secure.gravatar.com\\\/avatar\\\/d04101fa4a9fd431e939953b1500fdc7a73cd35029f86d98712fd8ccdaebaf9a?s=96&d=mm&r=g\",\"caption\":\"Casa de Campo Living\"},\"url\":\"https:\\\/\\\/casadecampoliving.com\\\/es\\\/author\\\/casa-de-campo-living\\\/\"}]}<\/script>\n<!-- \/ Yoast SEO plugin. -->","yoast_head_json":{"title":"La Eskina tiene un nuevo \"hogar\" en Altos de Chav\u00f3n! | Casa de Campo Living","description":"En 2016, durante el Chav\u00f3n Fall Fest, Fresh Fresh abri\u00f3 un nuevo rinc\u00f3n en su local llamada La Eskina. En aquel entonces, estaba ubicado a las afueras de","robots":{"index":"index","follow":"follow","max-snippet":"max-snippet:-1","max-image-preview":"max-image-preview:large","max-video-preview":"max-video-preview:-1"},"canonical":"https:\/\/casadecampoliving.com\/es\/la-eskina-tiene-un-nuevo-hogar-en-altos-de-chavon\/","og_locale":"es_ES","og_type":"article","og_title":"La Eskina tiene un nuevo \"hogar\" en Altos de Chav\u00f3n! | Casa de Campo Living","og_description":"En 2016, durante el Chav\u00f3n Fall Fest, Fresh Fresh abri\u00f3 un nuevo rinc\u00f3n en su local llamada La Eskina. En aquel entonces, estaba ubicado a las afueras de","og_url":"https:\/\/casadecampoliving.com\/es\/la-eskina-tiene-un-nuevo-hogar-en-altos-de-chavon\/","og_site_name":"Casa de Campo Living","article_publisher":"https:\/\/www.facebook.com\/casadecampoliving","article_published_time":"2018-12-10T04:00:00+00:00","article_modified_time":"2022-11-10T14:35:10+00:00","og_image":[{"url":"https:\/\/casadecampoliving-wp.s3-accelerate.amazonaws.com\/2018\/12\/WhatsApp-Image-2018-12-10-at-12.33.34-PM-1-225x300.jpeg","type":"","width":"","height":""}],"author":"Casa de Campo Living","twitter_card":"summary_large_image","twitter_creator":"@cdcliving","twitter_site":"@cdcliving","twitter_misc":{"Escrito por":"Casa de Campo Living","Tiempo de lectura":"1 minuto"},"schema":{"@context":"https:\/\/schema.org","@graph":[{"@type":"Article","@id":"https:\/\/casadecampoliving.com\/es\/la-eskina-tiene-un-nuevo-hogar-en-altos-de-chavon\/#article","isPartOf":{"@id":"https:\/\/casadecampoliving.com\/es\/la-eskina-tiene-un-nuevo-hogar-en-altos-de-chavon\/"},"author":{"name":"Casa de Campo Living","@id":"https:\/\/casadecampoliving.com\/es\/#\/schema\/person\/5d2171637a9d11e0e43ce6b8555f9422"},"headline":"La Eskina tiene un nuevo \u00abhogar\u00bb en Altos de Chav\u00f3n!","datePublished":"2018-12-10T04:00:00+00:00","dateModified":"2022-11-10T14:35:10+00:00","mainEntityOfPage":{"@id":"https:\/\/casadecampoliving.com\/es\/la-eskina-tiene-un-nuevo-hogar-en-altos-de-chavon\/"},"wordCount":217,"publisher":{"@id":"https:\/\/casadecampoliving.com\/es\/#organization"},"image":{"@id":"https:\/\/casadecampoliving.com\/es\/la-eskina-tiene-un-nuevo-hogar-en-altos-de-chavon\/#primaryimage"},"thumbnailUrl":"https:\/\/casadecampoliving-wp.s3-accelerate.amazonaws.com\/2018\/12\/WhatsApp-Image-2018-12-10-at-12.33.34-PM-1-225x300.jpeg","keywords":["Altos de Chavon","bar","Casa de Campo","Featured-TopView @es","Fresh Fresh Caf\u00e9","la Eskina @es"],"articleSection":["Altos de Chavon @es","Restaurantes","Rep\u00fablica Dominicana @es","Comidas &amp; Bebidas","Estilo de Vida","Resort Casa de Campo","Uncategorized @es"],"inLanguage":"es"},{"@type":"WebPage","@id":"https:\/\/casadecampoliving.com\/es\/la-eskina-tiene-un-nuevo-hogar-en-altos-de-chavon\/","url":"https:\/\/casadecampoliving.com\/es\/la-eskina-tiene-un-nuevo-hogar-en-altos-de-chavon\/","name":"La Eskina tiene un nuevo \"hogar\" en Altos de Chav\u00f3n! | Casa de Campo Living","isPartOf":{"@id":"https:\/\/casadecampoliving.com\/es\/#website"},"primaryImageOfPage":{"@id":"https:\/\/casadecampoliving.com\/es\/la-eskina-tiene-un-nuevo-hogar-en-altos-de-chavon\/#primaryimage"},"image":{"@id":"https:\/\/casadecampoliving.com\/es\/la-eskina-tiene-un-nuevo-hogar-en-altos-de-chavon\/#primaryimage"},"thumbnailUrl":"https:\/\/casadecampoliving-wp.s3-accelerate.amazonaws.com\/2018\/12\/WhatsApp-Image-2018-12-10-at-12.33.34-PM-1-225x300.jpeg","datePublished":"2018-12-10T04:00:00+00:00","dateModified":"2022-11-10T14:35:10+00:00","description":"En 2016, durante el Chav\u00f3n Fall Fest, Fresh Fresh abri\u00f3 un nuevo rinc\u00f3n en su local llamada La Eskina. En aquel entonces, estaba ubicado a las afueras de","breadcrumb":{"@id":"https:\/\/casadecampoliving.com\/es\/la-eskina-tiene-un-nuevo-hogar-en-altos-de-chavon\/#breadcrumb"},"inLanguage":"es","potentialAction":[{"@type":"ReadAction","target":["https:\/\/casadecampoliving.com\/es\/la-eskina-tiene-un-nuevo-hogar-en-altos-de-chavon\/"]}]},{"@type":"ImageObject","inLanguage":"es","@id":"https:\/\/casadecampoliving.com\/es\/la-eskina-tiene-un-nuevo-hogar-en-altos-de-chavon\/#primaryimage","url":"https:\/\/casadecampoliving-wp.s3-accelerate.amazonaws.com\/2018\/12\/WhatsApp-Image-2018-12-10-at-12.33.34-PM-1-225x300.jpeg","contentUrl":"https:\/\/casadecampoliving-wp.s3-accelerate.amazonaws.com\/2018\/12\/WhatsApp-Image-2018-12-10-at-12.33.34-PM-1-225x300.jpeg"},{"@type":"BreadcrumbList","@id":"https:\/\/casadecampoliving.com\/es\/la-eskina-tiene-un-nuevo-hogar-en-altos-de-chavon\/#breadcrumb","itemListElement":[{"@type":"ListItem","position":1,"name":"Home","item":"https:\/\/casadecampoliving.com\/es\/"},{"@type":"ListItem","position":2,"name":"La Eskina tiene un nuevo &#8220;hogar&#8221; en Altos de Chav\u00f3n!"}]},{"@type":"WebSite","@id":"https:\/\/casadecampoliving.com\/es\/#website","url":"https:\/\/casadecampoliving.com\/es\/","name":"Casa de Campo Living","description":"Resort community news and resources.","publisher":{"@id":"https:\/\/casadecampoliving.com\/es\/#organization"},"potentialAction":[{"@type":"SearchAction","target":{"@type":"EntryPoint","urlTemplate":"https:\/\/casadecampoliving.com\/es\/?s={search_term_string}"},"query-input":{"@type":"PropertyValueSpecification","valueRequired":true,"valueName":"search_term_string"}}],"inLanguage":"es"},{"@type":"Organization","@id":"https:\/\/casadecampoliving.com\/es\/#organization","name":"Casa de Campo Living","url":"https:\/\/casadecampoliving.com\/es\/","logo":{"@type":"ImageObject","inLanguage":"es","@id":"https:\/\/casadecampoliving.com\/es\/#\/schema\/logo\/image\/","url":"https:\/\/i0.wp.com\/casadecampoliving.com\/wp-content\/uploads\/2022\/07\/CDCLivingLogo_V1-white-sized.png?fit=800%2C214&ssl=1","contentUrl":"https:\/\/i0.wp.com\/casadecampoliving.com\/wp-content\/uploads\/2022\/07\/CDCLivingLogo_V1-white-sized.png?fit=800%2C214&ssl=1","width":800,"height":214,"caption":"Casa de Campo Living"},"image":{"@id":"https:\/\/casadecampoliving.com\/es\/#\/schema\/logo\/image\/"},"sameAs":["https:\/\/www.facebook.com\/casadecampoliving","https:\/\/x.com\/cdcliving"]},{"@type":"Person","@id":"https:\/\/casadecampoliving.com\/es\/#\/schema\/person\/5d2171637a9d11e0e43ce6b8555f9422","name":"Casa de Campo Living","image":{"@type":"ImageObject","inLanguage":"es","@id":"https:\/\/secure.gravatar.com\/avatar\/d04101fa4a9fd431e939953b1500fdc7a73cd35029f86d98712fd8ccdaebaf9a?s=96&d=mm&r=g","url":"https:\/\/secure.gravatar.com\/avatar\/d04101fa4a9fd431e939953b1500fdc7a73cd35029f86d98712fd8ccdaebaf9a?s=96&d=mm&r=g","contentUrl":"https:\/\/secure.gravatar.com\/avatar\/d04101fa4a9fd431e939953b1500fdc7a73cd35029f86d98712fd8ccdaebaf9a?s=96&d=mm&r=g","caption":"Casa de Campo Living"},"url":"https:\/\/casadecampoliving.com\/es\/author\/casa-de-campo-living\/"}]}},"parsely":{"version":"1.1.0","canonical_url":"https:\/\/casadecampoliving.com\/es\/la-eskina-tiene-un-nuevo-hogar-en-altos-de-chavon\/","smart_links":{"inbound":0,"outbound":0},"traffic_boost_suggestions_count":0,"meta":{"@context":"https:\/\/schema.org","@type":"NewsArticle","headline":"La Eskina tiene un nuevo \u00abhogar\u00bb en Altos de Chav\u00f3n!","url":"http:\/\/casadecampoliving.com\/es\/la-eskina-tiene-un-nuevo-hogar-en-altos-de-chavon\/","mainEntityOfPage":{"@type":"WebPage","@id":"http:\/\/casadecampoliving.com\/es\/la-eskina-tiene-un-nuevo-hogar-en-altos-de-chavon\/"},"thumbnailUrl":"","image":{"@type":"ImageObject","url":""},"articleSection":"Altos de Chavon @es","author":[{"@type":"Person","name":"Casa de Campo Living"}],"creator":["Casa de Campo Living"],"publisher":{"@type":"Organization","name":"Casa de Campo Living","logo":"https:\/\/casadecampoliving.com\/wp-content\/uploads\/2022\/07\/CDCLivingLogo_V1-white-sized.png"},"keywords":["altos de chavon","bar","casa de campo","featured-topview @es","fresh fresh caf\u00e9","la eskina @es"],"dateCreated":"2018-12-10T04:00:00Z","datePublished":"2018-12-10T04:00:00Z","dateModified":"2022-11-10T14:35:10Z"},"rendered":"<script type=\"application\/ld+json\" class=\"wp-parsely-metadata\">{\"@context\":\"https:\\\/\\\/schema.org\",\"@type\":\"NewsArticle\",\"headline\":\"La Eskina tiene un nuevo \\u00abhogar\\u00bb en Altos de Chav\\u00f3n!\",\"url\":\"http:\\\/\\\/casadecampoliving.com\\\/es\\\/la-eskina-tiene-un-nuevo-hogar-en-altos-de-chavon\\\/\",\"mainEntityOfPage\":{\"@type\":\"WebPage\",\"@id\":\"http:\\\/\\\/casadecampoliving.com\\\/es\\\/la-eskina-tiene-un-nuevo-hogar-en-altos-de-chavon\\\/\"},\"thumbnailUrl\":\"\",\"image\":{\"@type\":\"ImageObject\",\"url\":\"\"},\"articleSection\":\"Altos de Chavon @es\",\"author\":[{\"@type\":\"Person\",\"name\":\"Casa de Campo Living\"}],\"creator\":[\"Casa de Campo Living\"],\"publisher\":{\"@type\":\"Organization\",\"name\":\"Casa de Campo Living\",\"logo\":\"https:\\\/\\\/casadecampoliving.com\\\/wp-content\\\/uploads\\\/2022\\\/07\\\/CDCLivingLogo_V1-white-sized.png\"},\"keywords\":[\"altos de chavon\",\"bar\",\"casa de campo\",\"featured-topview @es\",\"fresh fresh caf\\u00e9\",\"la eskina @es\"],\"dateCreated\":\"2018-12-10T04:00:00Z\",\"datePublished\":\"2018-12-10T04:00:00Z\",\"dateModified\":\"2022-11-10T14:35:10Z\"}<\/script>","tracker_url":"https:\/\/cdn.parsely.com\/keys\/casadecampoliving.com\/p.js"},"jetpack_publicize_connections":[],"jetpack_featured_media_url":"","jetpack-related-posts":[{"id":350692,"url":"https:\/\/casadecampoliving.com\/es\/la-eskina-en-altos-de-chavon-justo-a-tiempo-para-el-fall-fest\/","url_meta":{"origin":353044,"position":0},"title":"\u00a1GRAN APERTURA! \u00a1La Eskina en Altos de Chav\u00f3n justo a tiempo para el Fall Fest!","author":"Heather Lincoln","date":"27 Oct, 2016","format":false,"excerpt":"En Altos de Chav\u00f3n hay muchos lugares para comer, pero \u00bfexiste alg\u00fan lugar donde\u00a0s\u00f3lo pueda ir tomar una cerveza y alguna picadera\u00a0sencilla? \u00a1Presentando La Eskina! Un nuevo concepto de Fresh Fresh que\u00a0est\u00e1 captando el inter\u00e9s de todos. En\u00a0la parte de\u00a0afuera de su colorida cafeter\u00eda, La Eskina es\u00a0un espacio para locales\u2026","rel":"","context":"En \u00abAltos de Chavon @es\u00bb","block_context":{"text":"Altos de Chavon @es","link":"https:\/\/casadecampoliving.com\/category\/altos-de-chavon-es\/"},"img":{"alt_text":"La Eskina Coming Soon","src":"https:\/\/i0.wp.com\/casadecampoliving.com\/wp-content\/uploads\/2022\/10\/la_eskina_coming_soon-e1477584664784-1.jpg?fit=1000%2C561&ssl=1&resize=350%2C200","width":350,"height":200,"srcset":"https:\/\/i0.wp.com\/casadecampoliving.com\/wp-content\/uploads\/2022\/10\/la_eskina_coming_soon-e1477584664784-1.jpg?fit=1000%2C561&ssl=1&resize=350%2C200 1x, https:\/\/i0.wp.com\/casadecampoliving.com\/wp-content\/uploads\/2022\/10\/la_eskina_coming_soon-e1477584664784-1.jpg?fit=1000%2C561&ssl=1&resize=525%2C300 1.5x, https:\/\/i0.wp.com\/casadecampoliving.com\/wp-content\/uploads\/2022\/10\/la_eskina_coming_soon-e1477584664784-1.jpg?fit=1000%2C561&ssl=1&resize=700%2C400 2x"},"classes":[]},{"id":350795,"url":"https:\/\/casadecampoliving.com\/es\/tatuajes-henna-en-la-eskina-este-domingo\/","url_meta":{"origin":353044,"position":1},"title":"\u00a1Una vez m\u00e1s La Eskina tendr\u00e1 a una artista de tatuajes Henna este domingo!","author":"Heather Lincoln","date":"10 Nov, 2016","format":false,"excerpt":"Fresh Fresh Caf\u00e9 en Altos de Chav\u00f3n continua\u00a0dejando su\u00a0una marca en la villa de los artistas, a menudo cuentan con presentaciones de m\u00fasica en vivo y recientemente una tarotista, \u00a1y este domingo dan la bienvenida a una artista del tatuaje henna! Judith L\u00f3pez Gonz\u00e1lez de La Jaiba Bazaar \u2013 una\u2026","rel":"","context":"En \u00abAltos de Chavon @es\u00bb","block_context":{"text":"Altos de Chavon @es","link":"https:\/\/casadecampoliving.com\/category\/altos-de-chavon-es\/"},"img":{"alt_text":"","src":"https:\/\/i0.wp.com\/casadecampoliving.com\/wp-content\/uploads\/2022\/10\/shutterstock_468138770.jpg?fit=1000%2C667&ssl=1&resize=350%2C200","width":350,"height":200,"srcset":"https:\/\/i0.wp.com\/casadecampoliving.com\/wp-content\/uploads\/2022\/10\/shutterstock_468138770.jpg?fit=1000%2C667&ssl=1&resize=350%2C200 1x, https:\/\/i0.wp.com\/casadecampoliving.com\/wp-content\/uploads\/2022\/10\/shutterstock_468138770.jpg?fit=1000%2C667&ssl=1&resize=525%2C300 1.5x, https:\/\/i0.wp.com\/casadecampoliving.com\/wp-content\/uploads\/2022\/10\/shutterstock_468138770.jpg?fit=1000%2C667&ssl=1&resize=700%2C400 2x"},"classes":[]},{"id":433460,"url":"https:\/\/casadecampoliving.com\/es\/no-se-pierdan-el-increible-tributo-a-frank-sinatra-para-celebrar-el-40-aniversario-del-anfiteatro-altos-de-chavon\/","url_meta":{"origin":353044,"position":2},"title":"No se pierdan el incre\u00edble tributo a Frank Sinatra para celebrar el 40 aniversario del\u00a0Anfiteatro Altos de Chav\u00f3n","author":"Casa de Campo Living","date":"20 Oct, 2022","format":false,"excerpt":"Siendo uno de los escenarios m\u00e1s emblem\u00e1ticos del pa\u00eds, Casa de Campo Resort\u00ae & Villas celebra las cuatro d\u00e9cadas de aniversario de Altos de Chav\u00f3n con un tributo al gran Frank Sinatra, protagonizado por artistas invitados y una big band tal cual la que acompa\u00f1\u00f3 al artista hace 40 a\u00f1os\u2026","rel":"","context":"En \u00abUncategorized @es\u00bb","block_context":{"text":"Uncategorized @es","link":"https:\/\/casadecampoliving.com\/es\/category\/uncategorized-es\/"},"img":{"alt_text":"","src":"https:\/\/i0.wp.com\/casadecampoliving.com\/wp-content\/uploads\/2022\/10\/Tributo-Frank-Sinatra-Foto-Principal-Amaury-Sanchez-Danilo-Ginebra-Andres-Pichardo-y-Jose-Gabriel-Perez-.jpg?fit=1200%2C873&ssl=1&resize=350%2C200","width":350,"height":200,"srcset":"https:\/\/i0.wp.com\/casadecampoliving.com\/wp-content\/uploads\/2022\/10\/Tributo-Frank-Sinatra-Foto-Principal-Amaury-Sanchez-Danilo-Ginebra-Andres-Pichardo-y-Jose-Gabriel-Perez-.jpg?fit=1200%2C873&ssl=1&resize=350%2C200 1x, https:\/\/i0.wp.com\/casadecampoliving.com\/wp-content\/uploads\/2022\/10\/Tributo-Frank-Sinatra-Foto-Principal-Amaury-Sanchez-Danilo-Ginebra-Andres-Pichardo-y-Jose-Gabriel-Perez-.jpg?fit=1200%2C873&ssl=1&resize=525%2C300 1.5x, https:\/\/i0.wp.com\/casadecampoliving.com\/wp-content\/uploads\/2022\/10\/Tributo-Frank-Sinatra-Foto-Principal-Amaury-Sanchez-Danilo-Ginebra-Andres-Pichardo-y-Jose-Gabriel-Perez-.jpg?fit=1200%2C873&ssl=1&resize=700%2C400 2x, https:\/\/i0.wp.com\/casadecampoliving.com\/wp-content\/uploads\/2022\/10\/Tributo-Frank-Sinatra-Foto-Principal-Amaury-Sanchez-Danilo-Ginebra-Andres-Pichardo-y-Jose-Gabriel-Perez-.jpg?fit=1200%2C873&ssl=1&resize=1050%2C600 3x"},"classes":[]},{"id":330343,"url":"https:\/\/casadecampoliving.com\/la-eskina-new-spot-altos-de-chavon\/","url_meta":{"origin":353044,"position":3},"title":"La Eskina has a new spot in Altos de Chav\u00f3n!","author":"Casa de Campo Living","date":"10 Dic, 2018","format":false,"excerpt":"Back in 2016, during Chav\u00f3n Fall Fest,\u00a0Fresh Fresh opened a new corner in their caf\u00e9 area called La Eskina. Back then it was located just outside of their colorful\u00a0caf\u00e9, creating a space for locals and tourists looking for more than a smoothie. Now, La Eskina has moved to the spot\u2026","rel":"","context":"En \u00abAltos de Chavon\u00bb","block_context":{"text":"Altos de Chavon","link":"https:\/\/casadecampoliving.com\/category\/altos-de-chavon\/"},"img":{"alt_text":"WhatsApp Image 2018-12-07 at 2.53.20 PM","src":"https:\/\/i0.wp.com\/casadecampoliving.com\/wp-content\/uploads\/2022\/10\/WhatsApp-Image-2018-12-07-at-2.53.20-PM.jpeg?resize=350%2C200","width":350,"height":200,"srcset":"https:\/\/i0.wp.com\/casadecampoliving.com\/wp-content\/uploads\/2022\/10\/WhatsApp-Image-2018-12-07-at-2.53.20-PM.jpeg?resize=350%2C200 1x, https:\/\/i0.wp.com\/casadecampoliving.com\/wp-content\/uploads\/2022\/10\/WhatsApp-Image-2018-12-07-at-2.53.20-PM.jpeg?resize=525%2C300 1.5x"},"classes":[]},{"id":327992,"url":"https:\/\/casadecampoliving.com\/la-eskina-altos-de-chavon-fall-fest\/","url_meta":{"origin":353044,"position":4},"title":"GRAND OPENING! La Eskina in Altos de Chav\u00f3n just in time for Fall Fest!","author":"Heather Lincoln","date":"27 Oct, 2016","format":false,"excerpt":"In Altos de Chav\u00f3n there\u2019s a lot of places to eat, but is there a joint where you can just grab a beer and some simple snacks? Introducing La Eskina! Fresh Fresh\u2019s new concept is stirring up quite the buzz. Located just outside of their colorful\u00a0caf\u00e9,\u00a0La Eskina creates a space\u2026","rel":"","context":"En \u00abAltos de Chavon\u00bb","block_context":{"text":"Altos de Chavon","link":"https:\/\/casadecampoliving.com\/category\/altos-de-chavon\/"},"img":{"alt_text":"La Eskina Coming Soon","src":"https:\/\/i0.wp.com\/casadecampoliving.com\/wp-content\/uploads\/2022\/10\/la_eskina_coming_soon-e1477584664784-1.jpg?fit=1000%2C561&ssl=1&resize=350%2C200","width":350,"height":200,"srcset":"https:\/\/i0.wp.com\/casadecampoliving.com\/wp-content\/uploads\/2022\/10\/la_eskina_coming_soon-e1477584664784-1.jpg?fit=1000%2C561&ssl=1&resize=350%2C200 1x, https:\/\/i0.wp.com\/casadecampoliving.com\/wp-content\/uploads\/2022\/10\/la_eskina_coming_soon-e1477584664784-1.jpg?fit=1000%2C561&ssl=1&resize=525%2C300 1.5x, https:\/\/i0.wp.com\/casadecampoliving.com\/wp-content\/uploads\/2022\/10\/la_eskina_coming_soon-e1477584664784-1.jpg?fit=1000%2C561&ssl=1&resize=700%2C400 2x"},"classes":[]},{"id":328365,"url":"https:\/\/casadecampoliving.com\/henna-tattoo-la-eskina\/","url_meta":{"origin":353044,"position":5},"title":"Get a Henna Tattoo this Sunday at La Eskina!","author":"Heather Lincoln","date":"10 Nov, 2016","format":false,"excerpt":"As Fresh Fresh Caf\u00e9 in Altos de Chav\u00f3n keeps making a mark on the artist\u2019s village, often bringing in live music and most recently a tarot reader, this Sunday they welcome a henna tattoo artist! Judith L\u00f3pez Gonz\u00e1lez from\u00a0La Jaiba Bazaar \u2013 the contemporary clothing and accessories brand from\u00a0San Pedro\u2026","rel":"","context":"En \u00abAltos de Chavon\u00bb","block_context":{"text":"Altos de Chavon","link":"https:\/\/casadecampoliving.com\/category\/altos-de-chavon\/"},"img":{"alt_text":"","src":"https:\/\/i0.wp.com\/casadecampoliving.com\/wp-content\/uploads\/2022\/10\/shutterstock_468138770.jpg?fit=1000%2C667&ssl=1&resize=350%2C200","width":350,"height":200,"srcset":"https:\/\/i0.wp.com\/casadecampoliving.com\/wp-content\/uploads\/2022\/10\/shutterstock_468138770.jpg?fit=1000%2C667&ssl=1&resize=350%2C200 1x, https:\/\/i0.wp.com\/casadecampoliving.com\/wp-content\/uploads\/2022\/10\/shutterstock_468138770.jpg?fit=1000%2C667&ssl=1&resize=525%2C300 1.5x, https:\/\/i0.wp.com\/casadecampoliving.com\/wp-content\/uploads\/2022\/10\/shutterstock_468138770.jpg?fit=1000%2C667&ssl=1&resize=700%2C400 2x"},"classes":[]}],"jetpack_sharing_enabled":true,"_links":{"self":[{"href":"https:\/\/casadecampoliving.com\/es\/wp-json\/wp\/v2\/posts\/353044","targetHints":{"allow":["GET"]}}],"collection":[{"href":"https:\/\/casadecampoliving.com\/es\/wp-json\/wp\/v2\/posts"}],"about":[{"href":"https:\/\/casadecampoliving.com\/es\/wp-json\/wp\/v2\/types\/post"}],"author":[{"embeddable":true,"href":"https:\/\/casadecampoliving.com\/es\/wp-json\/wp\/v2\/users\/36791"}],"replies":[{"embeddable":true,"href":"https:\/\/casadecampoliving.com\/es\/wp-json\/wp\/v2\/comments?post=353044"}],"version-history":[{"count":2,"href":"https:\/\/casadecampoliving.com\/es\/wp-json\/wp\/v2\/posts\/353044\/revisions"}],"predecessor-version":[{"id":507681,"href":"https:\/\/casadecampoliving.com\/es\/wp-json\/wp\/v2\/posts\/353044\/revisions\/507681"}],"wp:attachment":[{"href":"https:\/\/casadecampoliving.com\/es\/wp-json\/wp\/v2\/media?parent=353044"}],"wp:term":[{"taxonomy":"category","embeddable":true,"href":"https:\/\/casadecampoliving.com\/es\/wp-json\/wp\/v2\/categories?post=353044"},{"taxonomy":"post_tag","embeddable":true,"href":"https:\/\/casadecampoliving.com\/es\/wp-json\/wp\/v2\/tags?post=353044"},{"taxonomy":"newspack_spnsrs_tax","embeddable":true,"href":"https:\/\/casadecampoliving.com\/es\/wp-json\/wp\/v2\/newspack_spnsrs_tax?post=353044"}],"curies":[{"name":"wp","href":"https:\/\/api.w.org\/{rel}","templated":true}]}}