{"id":353021,"date":"2018-11-29T00:00:00","date_gmt":"2018-11-29T04:00:00","guid":{"rendered":"https:\/\/casadecampoliving.com\/la-2a-edicion-del-elserlibreyfeliz-internacional-golf-open-2018-sera-dedicado-george-bell\/"},"modified":"2022-10-21T19:11:49","modified_gmt":"2022-10-21T23:11:49","slug":"la-2a-edicion-del-elserlibreyfeliz-internacional-golf-open-2018-sera-dedicado-george-bell","status":"publish","type":"post","link":"https:\/\/casadecampoliving.com\/es\/la-2a-edicion-del-elserlibreyfeliz-internacional-golf-open-2018-sera-dedicado-george-bell\/","title":{"rendered":"La 3\u00aa edicion del \u2018ElSerLibreYFeliz Internacional Golf Open 2018&#8243; ser\u00e1 dedicado a George Bell"},"content":{"rendered":"\n<p>Destacados jugadores caballeros, damas y ni\u00f1os, participar\u00e1n en el Torneo \u201cElSerLibreYFeliz International Golf Open 2018\u201d el pr\u00f3ximo domingo 2 de diciembre en el retador campo Los Links de Casa de Campo Resort &amp; Villas.<\/p>\n\n\n\n<!--more-->\n\n\n\n<p>Todo est\u00e1 preparado para la tradicional justa, que lleva especial dedicatoria al prestigioso deportista dominicano, ex-liga mayorista y jugador m\u00e1s valioso (MVP) George Bell, seg\u00fan inform\u00f3 el licenciado William V\u00e9lez Cordero, presidente en funciones de de la Asociaci\u00f3n sin fines de lucro \u201cElSerLibreYFeliz\u201d, instituci\u00f3n coordinadora.<\/p>\n\n\n<div class=\"wp-block-image\">\n<figure class=\"aligncenter is-resized\"><img loading=\"lazy\" decoding=\"async\" src=\"https:\/\/i0.wp.com\/casadecampoliving-wp.s3-accelerate.amazonaws.com\/2018\/11\/IMG_2982.jpg?resize=1000%2C600&amp;ssl=1\" alt=\"\" class=\"wp-image-164748\" height=\"600\" width=\"1000\" srcset=\"https:\/\/i0.wp.com\/casadecampoliving.com\/wp-content\/uploads\/2018\/11\/IMG_2982.jpg?w=1000&amp;ssl=1 1000w, https:\/\/i0.wp.com\/casadecampoliving.com\/wp-content\/uploads\/2018\/11\/IMG_2982.jpg?resize=300%2C180&amp;ssl=1 300w, https:\/\/i0.wp.com\/casadecampoliving.com\/wp-content\/uploads\/2018\/11\/IMG_2982.jpg?resize=768%2C461&amp;ssl=1 768w, https:\/\/i0.wp.com\/casadecampoliving.com\/wp-content\/uploads\/2018\/11\/IMG_2982.jpg?resize=450%2C270&amp;ssl=1 450w, https:\/\/i0.wp.com\/casadecampoliving-wp.s3-accelerate.amazonaws.com\/2018\/11\/IMG_2982.jpg?w=370 370w, https:\/\/i0.wp.com\/casadecampoliving-wp.s3-accelerate.amazonaws.com\/2018\/11\/IMG_2982.jpg?w=400 400w\" sizes=\"auto, (max-width: 1000px) 100vw, 1000px\" \/><\/figure>\n<\/div>\n\n\n<p>V\u00e9lez Cordero explic\u00f3 que el torneo cuenta con el importante apoyo institucional del Programa de las Naciones Unidas para el Desarrollo (PNUD) y el Consejo Nacional de Discapacidad (CONADIS). Agreg\u00f3 que el certamen, cuyo director es el destacado golfista y empresario del sector salud, doctor Abel Gonz\u00e1lez, se realizar\u00e1 a beneficio de la Fiesta Navide\u00f1a \u201cNavidad Feliz 2018\u201d para todos los ni\u00f1os, ni\u00f1as y adolescentes con discapacidad y dem\u00e1s estudiantes de La Escuela de Educaci\u00f3n Especial Padre Sebasti\u00e1n Cavalotto.<\/p>\n\n\n\n<p>Vel\u00e9z Cordero agradeci\u00f3 el apoyo de los patrocinadores que ya han confirmado su apoyo; Central Romana Corporation, Ltd, Casa de Campo Resort &amp; Villas, ARS SIMAG, Productos Hig\u00fceral, Brugal &amp; Cia, Cerveza Canita, Restaurante La Casita Marina, Marina Casa de Campo, Grisol\u00eda &amp; Asociados (Abogados), Cl\u00ednica Canela, escuchamiRADIO.com, Agente de Cambio Quezada, Eventos &amp; Catering (by Gladys Qui\u00f1ones), Restaurante La Grasa, La Entradita Parrilla &amp; Bar, Hielo &amp; Agua El Ed\u00e9n, Transporte ECHIEE, Casa de Campo Living, Golfistas Dominicanos, y CasaLife Magazine.<\/p>\n\n\n\n<blockquote><p><b>ElSerLibreYFeliz International Golf Open 2018<\/b><\/p><figure><img decoding=\"async\" loading=\"lazy\" class=\"aligncenter size-large wp-image-164747\" src=\"https:\/\/i0.wp.com\/casadecampoliving-wp.s3-accelerate.amazonaws.com\/2018\/11\/BANNER-FINAL-1024x1024.png?resize=620%2C620&amp;ssl=1\" alt=\"\" width=\"620\" height=\"620\" srcset=\"https:\/\/i0.wp.com\/casadecampoliving.com\/wp-content\/uploads\/2018\/11\/BANNER-FINAL.png?resize=1024%2C1024&amp;ssl=1 1024w, https:\/\/i0.wp.com\/casadecampoliving.com\/wp-content\/uploads\/2018\/11\/BANNER-FINAL.png?resize=150%2C150&amp;ssl=1 150w, https:\/\/i0.wp.com\/casadecampoliving.com\/wp-content\/uploads\/2018\/11\/BANNER-FINAL.png?resize=300%2C300&amp;ssl=1 300w, https:\/\/i0.wp.com\/casadecampoliving.com\/wp-content\/uploads\/2018\/11\/BANNER-FINAL.png?resize=768%2C768&amp;ssl=1 768w, https:\/\/i0.wp.com\/casadecampoliving.com\/wp-content\/uploads\/2018\/11\/BANNER-FINAL.png?resize=80%2C80&amp;ssl=1 80w, https:\/\/i0.wp.com\/casadecampoliving.com\/wp-content\/uploads\/BANNER-FINAL.png?w=2000&amp;ssl=1 2000w\" sizes=\"auto, (max-width: 620px) 100vw, 620px\"><\/figure><p><strong>Cu\u00e1ndo:<\/strong> Domingo 2 de diciembre del 2018, campo de golf \u201cThe Links\u201d en Casa de Campo Resort &amp; Villas.<\/p><p><strong>Modalidad de juego:<\/strong> Stableford individual. Habr\u00e1n Trofeos y Rifas para los participantes.<\/p><p><strong>Costo de inscripci\u00f3n:<\/strong> USD 120. &nbsp;Salida \u201cShot-gun\u201d a las 8:00 a.m.<\/p><p><em>Coctel de bienvenida: S\u00e1bado 1ro de diciembre, Don Ham La Romana, 7-9pm<\/em><\/p><p><em>Ceremonia de Premiaci\u00f3n, Almuerzo y Homenaje a George Bell ser\u00e1 a partir de las 12:30 p.m.&nbsp;en el \u201cLago Restaurant\u201d de Casa de Campo Resort &amp; Villas, La Romana, Rep\u00fablica Dominicana.<\/em><\/p><p>Reservas y patrocinios: 809-742-0617 \/&nbsp;<a href=\"mailto:info@elserlibreyfeliz.org\" target=\"_blank\" rel=\"noopener\"><em>info@elserlibreyfeliz.org<\/em><\/a> <a href=\"http:\/\/www.elserlibreyfeliz.org\/\" target=\"_blank\" rel=\"noopener\"><em>www.<wbr>elserlibreyfeliz.org<\/em><\/a><\/p><\/blockquote>\n\n\n\n<blockquote><h3>\u201cEL SER LIBRE Y FELIZ\u201d<\/h3><figure><img decoding=\"async\" loading=\"lazy\" class=\" wp-image-118538 alignright\" src=\"https:\/\/i0.wp.com\/casadecampoliving.com\/wp-content\/uploads\/2022\/10\/ElSerLibreyFelizlogo-e1460904887363.png?resize=170%2C170&amp;ssl=1\" alt=\"El Ser Libre y Feliz\" width=\"170\" height=\"170\"><\/figure><p>El Ser Libre y Feliz est\u00e1 dirigido a ayudar a instituciones de escasos recursos dedicadas a la educaci\u00f3n, la protecci\u00f3n y el desarrollo de los ni\u00f1os con discapacidades o que est\u00e1n en riesgo. Su visi\u00f3n es la de reducir la discriminaci\u00f3n para as\u00ed&nbsp;facilitar la inclusion de los ni\u00f1os y los adultos j\u00f3venes en la sociedad. Su deseo es que pueden llevar vidas productivas e independientes con alta autoestima y crecer sin limitaciones en un ambiente de aceptaci\u00f3n y respeto.<\/p><p>William V\u00e9lez, Presidente<\/p><p><strong>N\u00famero de tel\u00e9fono:&nbsp;<\/strong>809-742-0617<\/p><p><strong>Contactos:<\/strong><\/p><p>Email:&nbsp;<a class=\"textEditor-link\" href=\"mailto:info@elserlibreyfeliz.org\" target=\"_blank\" rel=\"noreferrer nofollow noopener\" data-is-link=\"mailto:info@elserlibreyfeliz.org\">info@elserlibreyfeliz.org<\/a>&nbsp;Website:<a href=\"http:\/\/www.elserlibreyfeliz.org\/\" target=\"_blank\" rel=\"noopener\">www.elserlibreyfeliz.org&nbsp;<\/a>Facebook:<a href=\"https:\/\/www.facebook.com\/elserlibreyfeliz\/info\/?tab=page_info\" target=\"_blank\" rel=\"noopener\">Fundaci\u00f3n El Ser Libre y Feliz&nbsp;<\/a>Twitter:<a href=\"https:\/\/twitter.com\/elserlibre\" target=\"_blank\" rel=\"noopener\">@elserlibre<\/a><\/p><\/blockquote>\n","protected":false},"excerpt":{"rendered":"<p>Destacados jugadores caballeros, damas y ni\u00f1os, participar\u00e1n en el Torneo \u201cElSerLibreYFeliz International Golf Open 2018\u201d el pr\u00f3ximo domingo 2 de diciembre en el retador campo Los Links de Casa de Campo Resort &amp; Villas.<\/p>\n","protected":false},"author":36791,"featured_media":290265,"comment_status":"closed","ping_status":"closed","sticky":false,"template":"","format":"standard","meta":{"newspack_ads_suppress_ads":false,"newspack_popups_has_disabled_popups":false,"newspack_sponsor_sponsorship_scope":"","newspack_sponsor_native_byline_display":"inherit","newspack_sponsor_native_category_display":"inherit","newspack_sponsor_underwriter_style":"inherit","newspack_sponsor_underwriter_placement":"inherit","_newspack_byline_active":false,"_newspack_byline":"","newspack_hide_updated_date":false,"newspack_show_updated_date":false,"newspack_content_restriction_is_exempt":false,"newspack_featured_image_position":"","newspack_post_subtitle":"","newspack_article_summary_title":"Overview:","newspack_article_summary":"","_jetpack_memberships_contains_paid_content":false,"footnotes":"","jetpack_publicize_message":"","jetpack_publicize_feature_enabled":true,"jetpack_social_post_already_shared":false,"jetpack_social_options":{"image_generator_settings":{"template":"highway","default_image_id":0,"font":"","enabled":false},"version":2},"_wpas_customize_per_network":false},"categories":[2525,14631,2522,2514,14627,2521],"tags":[21855,17272,18209,14836,21857,3680,18932,8676,7830],"newspack_spnsrs_tax":[],"class_list":["post-353021","post","type-post","status-publish","format-standard","has-post-thumbnail","hentry","category-golf-deportes-es","category-estilo-de-vida","category-eventos-es","category-fundaciones-es","category-proximamente","category-republica-dominicana-2","tag-abel-cayo-gonzalez-es","tag-apoyo","tag-ayuda","tag-el-ser-libre-y-feliz-es","tag-george-bell-es","tag-golf-es","tag-la-romana-es-4","tag-ninos","tag-torneo","entry"],"yoast_head":"<!-- This site is optimized with the Yoast SEO plugin v27.5 - https:\/\/yoast.com\/product\/yoast-seo-wordpress\/ -->\n<title>La 3\u00aa edicion del \u2018ElSerLibreYFeliz Internacional Golf Open 2018&quot; ser\u00e1 dedicado a George Bell | Casa de Campo Living<\/title>\n<meta name=\"description\" content=\"Destacados jugadores caballeros, damas y ni\u00f1os, participar\u00e1n en el Torneo \u201cElSerLibreYFeliz International Golf Open 2018\u201d el pr\u00f3ximo domingo 2 de\" \/>\n<meta name=\"robots\" content=\"index, follow, max-snippet:-1, max-image-preview:large, max-video-preview:-1\" \/>\n<link rel=\"canonical\" href=\"https:\/\/casadecampoliving.com\/es\/la-2a-edicion-del-elserlibreyfeliz-internacional-golf-open-2018-sera-dedicado-george-bell\/\" \/>\n<meta property=\"og:locale\" content=\"es_ES\" \/>\n<meta property=\"og:type\" content=\"article\" \/>\n<meta property=\"og:title\" content=\"La 3\u00aa edicion del \u2018ElSerLibreYFeliz Internacional Golf Open 2018&quot; ser\u00e1 dedicado a George Bell | Casa de Campo Living\" \/>\n<meta property=\"og:description\" content=\"Destacados jugadores caballeros, damas y ni\u00f1os, participar\u00e1n en el Torneo \u201cElSerLibreYFeliz International Golf Open 2018\u201d el pr\u00f3ximo domingo 2 de\" \/>\n<meta property=\"og:url\" content=\"https:\/\/casadecampoliving.com\/es\/la-2a-edicion-del-elserlibreyfeliz-internacional-golf-open-2018-sera-dedicado-george-bell\/\" \/>\n<meta property=\"og:site_name\" content=\"Casa de Campo Living\" \/>\n<meta property=\"article:publisher\" content=\"https:\/\/www.facebook.com\/casadecampoliving\" \/>\n<meta property=\"article:published_time\" content=\"2018-11-29T04:00:00+00:00\" \/>\n<meta property=\"article:modified_time\" content=\"2022-10-21T23:11:49+00:00\" \/>\n<meta property=\"og:image\" content=\"https:\/\/i0.wp.com\/casadecampoliving.com\/wp-content\/uploads\/2022\/10\/ElSerLibreyFelizlogo-e1460904887363.png?fit=200%2C200&ssl=1\" \/>\n\t<meta property=\"og:image:width\" content=\"200\" \/>\n\t<meta property=\"og:image:height\" content=\"200\" \/>\n\t<meta property=\"og:image:type\" content=\"image\/png\" \/>\n<meta name=\"author\" content=\"Casa de Campo Living\" \/>\n<meta name=\"twitter:card\" content=\"summary_large_image\" \/>\n<meta name=\"twitter:creator\" content=\"@cdcliving\" \/>\n<meta name=\"twitter:site\" content=\"@cdcliving\" \/>\n<meta name=\"twitter:label1\" content=\"Escrito por\" \/>\n\t<meta name=\"twitter:data1\" content=\"Casa de Campo Living\" \/>\n\t<meta name=\"twitter:label2\" content=\"Tiempo de lectura\" \/>\n\t<meta name=\"twitter:data2\" content=\"2 minutos\" \/>\n<script type=\"application\/ld+json\" class=\"yoast-schema-graph\">{\"@context\":\"https:\\\/\\\/schema.org\",\"@graph\":[{\"@type\":\"Article\",\"@id\":\"https:\\\/\\\/casadecampoliving.com\\\/es\\\/la-2a-edicion-del-elserlibreyfeliz-internacional-golf-open-2018-sera-dedicado-george-bell\\\/#article\",\"isPartOf\":{\"@id\":\"https:\\\/\\\/casadecampoliving.com\\\/es\\\/la-2a-edicion-del-elserlibreyfeliz-internacional-golf-open-2018-sera-dedicado-george-bell\\\/\"},\"author\":{\"name\":\"Casa de Campo Living\",\"@id\":\"https:\\\/\\\/casadecampoliving.com\\\/es\\\/#\\\/schema\\\/person\\\/5d2171637a9d11e0e43ce6b8555f9422\"},\"headline\":\"La 3\u00aa edicion del \u2018ElSerLibreYFeliz Internacional Golf Open 2018&#8243; ser\u00e1 dedicado a George Bell\",\"datePublished\":\"2018-11-29T04:00:00+00:00\",\"dateModified\":\"2022-10-21T23:11:49+00:00\",\"mainEntityOfPage\":{\"@id\":\"https:\\\/\\\/casadecampoliving.com\\\/es\\\/la-2a-edicion-del-elserlibreyfeliz-internacional-golf-open-2018-sera-dedicado-george-bell\\\/\"},\"wordCount\":509,\"publisher\":{\"@id\":\"https:\\\/\\\/casadecampoliving.com\\\/es\\\/#organization\"},\"image\":{\"@id\":\"https:\\\/\\\/casadecampoliving.com\\\/es\\\/la-2a-edicion-del-elserlibreyfeliz-internacional-golf-open-2018-sera-dedicado-george-bell\\\/#primaryimage\"},\"thumbnailUrl\":\"https:\\\/\\\/i0.wp.com\\\/casadecampoliving.com\\\/wp-content\\\/uploads\\\/2022\\\/10\\\/ElSerLibreyFelizlogo-e1460904887363.png?fit=200%2C200&ssl=1\",\"keywords\":[\"Abel \\\"Cayo\\\" Gonz\u00e1lez @es\",\"apoyo\",\"Ayuda\",\"El Ser Libre y Feliz @es\",\"george bell @es\",\"golf @es\",\"La Romana\",\"ni\u00f1os\",\"torneo\"],\"articleSection\":[\"Deportes\",\"Estilo de Vida\",\"Eventos\",\"Fundaciones\",\"Proximamente\",\"Rep\u00fablica Dominicana @es\"],\"inLanguage\":\"es\"},{\"@type\":\"WebPage\",\"@id\":\"https:\\\/\\\/casadecampoliving.com\\\/es\\\/la-2a-edicion-del-elserlibreyfeliz-internacional-golf-open-2018-sera-dedicado-george-bell\\\/\",\"url\":\"https:\\\/\\\/casadecampoliving.com\\\/es\\\/la-2a-edicion-del-elserlibreyfeliz-internacional-golf-open-2018-sera-dedicado-george-bell\\\/\",\"name\":\"La 3\u00aa edicion del \u2018ElSerLibreYFeliz Internacional Golf Open 2018\\\" ser\u00e1 dedicado a George Bell | Casa de Campo Living\",\"isPartOf\":{\"@id\":\"https:\\\/\\\/casadecampoliving.com\\\/es\\\/#website\"},\"primaryImageOfPage\":{\"@id\":\"https:\\\/\\\/casadecampoliving.com\\\/es\\\/la-2a-edicion-del-elserlibreyfeliz-internacional-golf-open-2018-sera-dedicado-george-bell\\\/#primaryimage\"},\"image\":{\"@id\":\"https:\\\/\\\/casadecampoliving.com\\\/es\\\/la-2a-edicion-del-elserlibreyfeliz-internacional-golf-open-2018-sera-dedicado-george-bell\\\/#primaryimage\"},\"thumbnailUrl\":\"https:\\\/\\\/i0.wp.com\\\/casadecampoliving.com\\\/wp-content\\\/uploads\\\/2022\\\/10\\\/ElSerLibreyFelizlogo-e1460904887363.png?fit=200%2C200&ssl=1\",\"datePublished\":\"2018-11-29T04:00:00+00:00\",\"dateModified\":\"2022-10-21T23:11:49+00:00\",\"description\":\"Destacados jugadores caballeros, damas y ni\u00f1os, participar\u00e1n en el Torneo \u201cElSerLibreYFeliz International Golf Open 2018\u201d el pr\u00f3ximo domingo 2 de\",\"breadcrumb\":{\"@id\":\"https:\\\/\\\/casadecampoliving.com\\\/es\\\/la-2a-edicion-del-elserlibreyfeliz-internacional-golf-open-2018-sera-dedicado-george-bell\\\/#breadcrumb\"},\"inLanguage\":\"es\",\"potentialAction\":[{\"@type\":\"ReadAction\",\"target\":[\"https:\\\/\\\/casadecampoliving.com\\\/es\\\/la-2a-edicion-del-elserlibreyfeliz-internacional-golf-open-2018-sera-dedicado-george-bell\\\/\"]}]},{\"@type\":\"ImageObject\",\"inLanguage\":\"es\",\"@id\":\"https:\\\/\\\/casadecampoliving.com\\\/es\\\/la-2a-edicion-del-elserlibreyfeliz-internacional-golf-open-2018-sera-dedicado-george-bell\\\/#primaryimage\",\"url\":\"https:\\\/\\\/i0.wp.com\\\/casadecampoliving.com\\\/wp-content\\\/uploads\\\/2022\\\/10\\\/ElSerLibreyFelizlogo-e1460904887363.png?fit=200%2C200&ssl=1\",\"contentUrl\":\"https:\\\/\\\/i0.wp.com\\\/casadecampoliving.com\\\/wp-content\\\/uploads\\\/2022\\\/10\\\/ElSerLibreyFelizlogo-e1460904887363.png?fit=200%2C200&ssl=1\",\"width\":200,\"height\":200},{\"@type\":\"BreadcrumbList\",\"@id\":\"https:\\\/\\\/casadecampoliving.com\\\/es\\\/la-2a-edicion-del-elserlibreyfeliz-internacional-golf-open-2018-sera-dedicado-george-bell\\\/#breadcrumb\",\"itemListElement\":[{\"@type\":\"ListItem\",\"position\":1,\"name\":\"Home\",\"item\":\"https:\\\/\\\/casadecampoliving.com\\\/es\\\/\"},{\"@type\":\"ListItem\",\"position\":2,\"name\":\"La 3\u00aa edicion del \u2018ElSerLibreYFeliz Internacional Golf Open 2018&#8243; ser\u00e1 dedicado a George Bell\"}]},{\"@type\":\"WebSite\",\"@id\":\"https:\\\/\\\/casadecampoliving.com\\\/es\\\/#website\",\"url\":\"https:\\\/\\\/casadecampoliving.com\\\/es\\\/\",\"name\":\"Casa de Campo Living\",\"description\":\"Resort community news and resources.\",\"publisher\":{\"@id\":\"https:\\\/\\\/casadecampoliving.com\\\/es\\\/#organization\"},\"potentialAction\":[{\"@type\":\"SearchAction\",\"target\":{\"@type\":\"EntryPoint\",\"urlTemplate\":\"https:\\\/\\\/casadecampoliving.com\\\/es\\\/?s={search_term_string}\"},\"query-input\":{\"@type\":\"PropertyValueSpecification\",\"valueRequired\":true,\"valueName\":\"search_term_string\"}}],\"inLanguage\":\"es\"},{\"@type\":\"Organization\",\"@id\":\"https:\\\/\\\/casadecampoliving.com\\\/es\\\/#organization\",\"name\":\"Casa de Campo Living\",\"url\":\"https:\\\/\\\/casadecampoliving.com\\\/es\\\/\",\"logo\":{\"@type\":\"ImageObject\",\"inLanguage\":\"es\",\"@id\":\"https:\\\/\\\/casadecampoliving.com\\\/es\\\/#\\\/schema\\\/logo\\\/image\\\/\",\"url\":\"https:\\\/\\\/i0.wp.com\\\/casadecampoliving.com\\\/wp-content\\\/uploads\\\/2022\\\/07\\\/CDCLivingLogo_V1-white-sized.png?fit=800%2C214&ssl=1\",\"contentUrl\":\"https:\\\/\\\/i0.wp.com\\\/casadecampoliving.com\\\/wp-content\\\/uploads\\\/2022\\\/07\\\/CDCLivingLogo_V1-white-sized.png?fit=800%2C214&ssl=1\",\"width\":800,\"height\":214,\"caption\":\"Casa de Campo Living\"},\"image\":{\"@id\":\"https:\\\/\\\/casadecampoliving.com\\\/es\\\/#\\\/schema\\\/logo\\\/image\\\/\"},\"sameAs\":[\"https:\\\/\\\/www.facebook.com\\\/casadecampoliving\",\"https:\\\/\\\/x.com\\\/cdcliving\"]},{\"@type\":\"Person\",\"@id\":\"https:\\\/\\\/casadecampoliving.com\\\/es\\\/#\\\/schema\\\/person\\\/5d2171637a9d11e0e43ce6b8555f9422\",\"name\":\"Casa de Campo Living\",\"image\":{\"@type\":\"ImageObject\",\"inLanguage\":\"es\",\"@id\":\"https:\\\/\\\/secure.gravatar.com\\\/avatar\\\/d04101fa4a9fd431e939953b1500fdc7a73cd35029f86d98712fd8ccdaebaf9a?s=96&d=mm&r=g\",\"url\":\"https:\\\/\\\/secure.gravatar.com\\\/avatar\\\/d04101fa4a9fd431e939953b1500fdc7a73cd35029f86d98712fd8ccdaebaf9a?s=96&d=mm&r=g\",\"contentUrl\":\"https:\\\/\\\/secure.gravatar.com\\\/avatar\\\/d04101fa4a9fd431e939953b1500fdc7a73cd35029f86d98712fd8ccdaebaf9a?s=96&d=mm&r=g\",\"caption\":\"Casa de Campo Living\"},\"url\":\"https:\\\/\\\/casadecampoliving.com\\\/es\\\/author\\\/casa-de-campo-living\\\/\"}]}<\/script>\n<!-- \/ Yoast SEO plugin. -->","yoast_head_json":{"title":"La 3\u00aa edicion del \u2018ElSerLibreYFeliz Internacional Golf Open 2018\" ser\u00e1 dedicado a George Bell | Casa de Campo Living","description":"Destacados jugadores caballeros, damas y ni\u00f1os, participar\u00e1n en el Torneo \u201cElSerLibreYFeliz International Golf Open 2018\u201d el pr\u00f3ximo domingo 2 de","robots":{"index":"index","follow":"follow","max-snippet":"max-snippet:-1","max-image-preview":"max-image-preview:large","max-video-preview":"max-video-preview:-1"},"canonical":"https:\/\/casadecampoliving.com\/es\/la-2a-edicion-del-elserlibreyfeliz-internacional-golf-open-2018-sera-dedicado-george-bell\/","og_locale":"es_ES","og_type":"article","og_title":"La 3\u00aa edicion del \u2018ElSerLibreYFeliz Internacional Golf Open 2018\" ser\u00e1 dedicado a George Bell | Casa de Campo Living","og_description":"Destacados jugadores caballeros, damas y ni\u00f1os, participar\u00e1n en el Torneo \u201cElSerLibreYFeliz International Golf Open 2018\u201d el pr\u00f3ximo domingo 2 de","og_url":"https:\/\/casadecampoliving.com\/es\/la-2a-edicion-del-elserlibreyfeliz-internacional-golf-open-2018-sera-dedicado-george-bell\/","og_site_name":"Casa de Campo Living","article_publisher":"https:\/\/www.facebook.com\/casadecampoliving","article_published_time":"2018-11-29T04:00:00+00:00","article_modified_time":"2022-10-21T23:11:49+00:00","og_image":[{"width":200,"height":200,"url":"https:\/\/i0.wp.com\/casadecampoliving.com\/wp-content\/uploads\/2022\/10\/ElSerLibreyFelizlogo-e1460904887363.png?fit=200%2C200&ssl=1","type":"image\/png"}],"author":"Casa de Campo Living","twitter_card":"summary_large_image","twitter_creator":"@cdcliving","twitter_site":"@cdcliving","twitter_misc":{"Escrito por":"Casa de Campo Living","Tiempo de lectura":"2 minutos"},"schema":{"@context":"https:\/\/schema.org","@graph":[{"@type":"Article","@id":"https:\/\/casadecampoliving.com\/es\/la-2a-edicion-del-elserlibreyfeliz-internacional-golf-open-2018-sera-dedicado-george-bell\/#article","isPartOf":{"@id":"https:\/\/casadecampoliving.com\/es\/la-2a-edicion-del-elserlibreyfeliz-internacional-golf-open-2018-sera-dedicado-george-bell\/"},"author":{"name":"Casa de Campo Living","@id":"https:\/\/casadecampoliving.com\/es\/#\/schema\/person\/5d2171637a9d11e0e43ce6b8555f9422"},"headline":"La 3\u00aa edicion del \u2018ElSerLibreYFeliz Internacional Golf Open 2018&#8243; ser\u00e1 dedicado a George Bell","datePublished":"2018-11-29T04:00:00+00:00","dateModified":"2022-10-21T23:11:49+00:00","mainEntityOfPage":{"@id":"https:\/\/casadecampoliving.com\/es\/la-2a-edicion-del-elserlibreyfeliz-internacional-golf-open-2018-sera-dedicado-george-bell\/"},"wordCount":509,"publisher":{"@id":"https:\/\/casadecampoliving.com\/es\/#organization"},"image":{"@id":"https:\/\/casadecampoliving.com\/es\/la-2a-edicion-del-elserlibreyfeliz-internacional-golf-open-2018-sera-dedicado-george-bell\/#primaryimage"},"thumbnailUrl":"https:\/\/i0.wp.com\/casadecampoliving.com\/wp-content\/uploads\/2022\/10\/ElSerLibreyFelizlogo-e1460904887363.png?fit=200%2C200&ssl=1","keywords":["Abel \"Cayo\" Gonz\u00e1lez @es","apoyo","Ayuda","El Ser Libre y Feliz @es","george bell @es","golf @es","La Romana","ni\u00f1os","torneo"],"articleSection":["Deportes","Estilo de Vida","Eventos","Fundaciones","Proximamente","Rep\u00fablica Dominicana @es"],"inLanguage":"es"},{"@type":"WebPage","@id":"https:\/\/casadecampoliving.com\/es\/la-2a-edicion-del-elserlibreyfeliz-internacional-golf-open-2018-sera-dedicado-george-bell\/","url":"https:\/\/casadecampoliving.com\/es\/la-2a-edicion-del-elserlibreyfeliz-internacional-golf-open-2018-sera-dedicado-george-bell\/","name":"La 3\u00aa edicion del \u2018ElSerLibreYFeliz Internacional Golf Open 2018\" ser\u00e1 dedicado a George Bell | Casa de Campo Living","isPartOf":{"@id":"https:\/\/casadecampoliving.com\/es\/#website"},"primaryImageOfPage":{"@id":"https:\/\/casadecampoliving.com\/es\/la-2a-edicion-del-elserlibreyfeliz-internacional-golf-open-2018-sera-dedicado-george-bell\/#primaryimage"},"image":{"@id":"https:\/\/casadecampoliving.com\/es\/la-2a-edicion-del-elserlibreyfeliz-internacional-golf-open-2018-sera-dedicado-george-bell\/#primaryimage"},"thumbnailUrl":"https:\/\/i0.wp.com\/casadecampoliving.com\/wp-content\/uploads\/2022\/10\/ElSerLibreyFelizlogo-e1460904887363.png?fit=200%2C200&ssl=1","datePublished":"2018-11-29T04:00:00+00:00","dateModified":"2022-10-21T23:11:49+00:00","description":"Destacados jugadores caballeros, damas y ni\u00f1os, participar\u00e1n en el Torneo \u201cElSerLibreYFeliz International Golf Open 2018\u201d el pr\u00f3ximo domingo 2 de","breadcrumb":{"@id":"https:\/\/casadecampoliving.com\/es\/la-2a-edicion-del-elserlibreyfeliz-internacional-golf-open-2018-sera-dedicado-george-bell\/#breadcrumb"},"inLanguage":"es","potentialAction":[{"@type":"ReadAction","target":["https:\/\/casadecampoliving.com\/es\/la-2a-edicion-del-elserlibreyfeliz-internacional-golf-open-2018-sera-dedicado-george-bell\/"]}]},{"@type":"ImageObject","inLanguage":"es","@id":"https:\/\/casadecampoliving.com\/es\/la-2a-edicion-del-elserlibreyfeliz-internacional-golf-open-2018-sera-dedicado-george-bell\/#primaryimage","url":"https:\/\/i0.wp.com\/casadecampoliving.com\/wp-content\/uploads\/2022\/10\/ElSerLibreyFelizlogo-e1460904887363.png?fit=200%2C200&ssl=1","contentUrl":"https:\/\/i0.wp.com\/casadecampoliving.com\/wp-content\/uploads\/2022\/10\/ElSerLibreyFelizlogo-e1460904887363.png?fit=200%2C200&ssl=1","width":200,"height":200},{"@type":"BreadcrumbList","@id":"https:\/\/casadecampoliving.com\/es\/la-2a-edicion-del-elserlibreyfeliz-internacional-golf-open-2018-sera-dedicado-george-bell\/#breadcrumb","itemListElement":[{"@type":"ListItem","position":1,"name":"Home","item":"https:\/\/casadecampoliving.com\/es\/"},{"@type":"ListItem","position":2,"name":"La 3\u00aa edicion del \u2018ElSerLibreYFeliz Internacional Golf Open 2018&#8243; ser\u00e1 dedicado a George Bell"}]},{"@type":"WebSite","@id":"https:\/\/casadecampoliving.com\/es\/#website","url":"https:\/\/casadecampoliving.com\/es\/","name":"Casa de Campo Living","description":"Resort community news and resources.","publisher":{"@id":"https:\/\/casadecampoliving.com\/es\/#organization"},"potentialAction":[{"@type":"SearchAction","target":{"@type":"EntryPoint","urlTemplate":"https:\/\/casadecampoliving.com\/es\/?s={search_term_string}"},"query-input":{"@type":"PropertyValueSpecification","valueRequired":true,"valueName":"search_term_string"}}],"inLanguage":"es"},{"@type":"Organization","@id":"https:\/\/casadecampoliving.com\/es\/#organization","name":"Casa de Campo Living","url":"https:\/\/casadecampoliving.com\/es\/","logo":{"@type":"ImageObject","inLanguage":"es","@id":"https:\/\/casadecampoliving.com\/es\/#\/schema\/logo\/image\/","url":"https:\/\/i0.wp.com\/casadecampoliving.com\/wp-content\/uploads\/2022\/07\/CDCLivingLogo_V1-white-sized.png?fit=800%2C214&ssl=1","contentUrl":"https:\/\/i0.wp.com\/casadecampoliving.com\/wp-content\/uploads\/2022\/07\/CDCLivingLogo_V1-white-sized.png?fit=800%2C214&ssl=1","width":800,"height":214,"caption":"Casa de Campo Living"},"image":{"@id":"https:\/\/casadecampoliving.com\/es\/#\/schema\/logo\/image\/"},"sameAs":["https:\/\/www.facebook.com\/casadecampoliving","https:\/\/x.com\/cdcliving"]},{"@type":"Person","@id":"https:\/\/casadecampoliving.com\/es\/#\/schema\/person\/5d2171637a9d11e0e43ce6b8555f9422","name":"Casa de Campo Living","image":{"@type":"ImageObject","inLanguage":"es","@id":"https:\/\/secure.gravatar.com\/avatar\/d04101fa4a9fd431e939953b1500fdc7a73cd35029f86d98712fd8ccdaebaf9a?s=96&d=mm&r=g","url":"https:\/\/secure.gravatar.com\/avatar\/d04101fa4a9fd431e939953b1500fdc7a73cd35029f86d98712fd8ccdaebaf9a?s=96&d=mm&r=g","contentUrl":"https:\/\/secure.gravatar.com\/avatar\/d04101fa4a9fd431e939953b1500fdc7a73cd35029f86d98712fd8ccdaebaf9a?s=96&d=mm&r=g","caption":"Casa de Campo Living"},"url":"https:\/\/casadecampoliving.com\/es\/author\/casa-de-campo-living\/"}]}},"parsely":{"version":"1.1.0","canonical_url":"https:\/\/casadecampoliving.com\/es\/la-2a-edicion-del-elserlibreyfeliz-internacional-golf-open-2018-sera-dedicado-george-bell\/","smart_links":{"inbound":0,"outbound":0},"traffic_boost_suggestions_count":0,"meta":{"@context":"https:\/\/schema.org","@type":"NewsArticle","headline":"La 3\u00aa edicion del \u2018ElSerLibreYFeliz Internacional Golf Open 2018&#8243; ser\u00e1 dedicado a George Bell","url":"http:\/\/casadecampoliving.com\/es\/la-2a-edicion-del-elserlibreyfeliz-internacional-golf-open-2018-sera-dedicado-george-bell\/","mainEntityOfPage":{"@type":"WebPage","@id":"http:\/\/casadecampoliving.com\/es\/la-2a-edicion-del-elserlibreyfeliz-internacional-golf-open-2018-sera-dedicado-george-bell\/"},"thumbnailUrl":"https:\/\/i0.wp.com\/casadecampoliving.com\/wp-content\/uploads\/2022\/10\/ElSerLibreyFelizlogo-e1460904887363.png?resize=150%2C150&ssl=1","image":{"@type":"ImageObject","url":"https:\/\/i0.wp.com\/casadecampoliving.com\/wp-content\/uploads\/2022\/10\/ElSerLibreyFelizlogo-e1460904887363.png?fit=200%2C200&ssl=1"},"articleSection":"Deportes","author":[{"@type":"Person","name":"Casa de Campo Living"}],"creator":["Casa de Campo Living"],"publisher":{"@type":"Organization","name":"Casa de Campo Living","logo":"https:\/\/casadecampoliving.com\/wp-content\/uploads\/2022\/07\/CDCLivingLogo_V1-white-sized.png"},"keywords":["abel \"cayo\" gonz\u00e1lez @es","apoyo","ayuda","el ser libre y feliz @es","george bell @es","golf @es","la romana","ni\u00f1os","torneo"],"dateCreated":"2018-11-29T04:00:00Z","datePublished":"2018-11-29T04:00:00Z","dateModified":"2022-10-21T23:11:49Z"},"rendered":"<script type=\"application\/ld+json\" class=\"wp-parsely-metadata\">{\"@context\":\"https:\\\/\\\/schema.org\",\"@type\":\"NewsArticle\",\"headline\":\"La 3\\u00aa edicion del \\u2018ElSerLibreYFeliz Internacional Golf Open 2018&#8243; ser\\u00e1 dedicado a George Bell\",\"url\":\"http:\\\/\\\/casadecampoliving.com\\\/es\\\/la-2a-edicion-del-elserlibreyfeliz-internacional-golf-open-2018-sera-dedicado-george-bell\\\/\",\"mainEntityOfPage\":{\"@type\":\"WebPage\",\"@id\":\"http:\\\/\\\/casadecampoliving.com\\\/es\\\/la-2a-edicion-del-elserlibreyfeliz-internacional-golf-open-2018-sera-dedicado-george-bell\\\/\"},\"thumbnailUrl\":\"https:\\\/\\\/i0.wp.com\\\/casadecampoliving.com\\\/wp-content\\\/uploads\\\/2022\\\/10\\\/ElSerLibreyFelizlogo-e1460904887363.png?resize=150%2C150&ssl=1\",\"image\":{\"@type\":\"ImageObject\",\"url\":\"https:\\\/\\\/i0.wp.com\\\/casadecampoliving.com\\\/wp-content\\\/uploads\\\/2022\\\/10\\\/ElSerLibreyFelizlogo-e1460904887363.png?fit=200%2C200&ssl=1\"},\"articleSection\":\"Deportes\",\"author\":[{\"@type\":\"Person\",\"name\":\"Casa de Campo Living\"}],\"creator\":[\"Casa de Campo Living\"],\"publisher\":{\"@type\":\"Organization\",\"name\":\"Casa de Campo Living\",\"logo\":\"https:\\\/\\\/casadecampoliving.com\\\/wp-content\\\/uploads\\\/2022\\\/07\\\/CDCLivingLogo_V1-white-sized.png\"},\"keywords\":[\"abel \\\"cayo\\\" gonz\\u00e1lez @es\",\"apoyo\",\"ayuda\",\"el ser libre y feliz @es\",\"george bell @es\",\"golf @es\",\"la romana\",\"ni\\u00f1os\",\"torneo\"],\"dateCreated\":\"2018-11-29T04:00:00Z\",\"datePublished\":\"2018-11-29T04:00:00Z\",\"dateModified\":\"2022-10-21T23:11:49Z\"}<\/script>","tracker_url":"https:\/\/cdn.parsely.com\/keys\/casadecampoliving.com\/p.js"},"jetpack_publicize_connections":[],"jetpack_featured_media_url":"https:\/\/i0.wp.com\/casadecampoliving.com\/wp-content\/uploads\/2022\/10\/ElSerLibreyFelizlogo-e1460904887363.png?fit=200%2C200&ssl=1","jetpack-related-posts":[{"id":353053,"url":"https:\/\/casadecampoliving.com\/es\/sampson-se-corona-campeon-en-elserlibreyfeliz-internacional-golf-open-2018\/","url_meta":{"origin":353021,"position":0},"title":"Sampson se corona campe\u00f3n en  \u2018ElSerLibreYFeliz Internacional Golf Open 2018&#8243;","author":"Casa de Campo Living","date":"14 Dic, 2018","format":false,"excerpt":"Steve Sampson, con un total 30 puntos, obtuvo el mejor score bruto, para coronarse campe\u00f3n del torneo \u201cElSerLibreYFeliz\u201d International Golf Open 2018, evento celebrado exitosamente en el campo \"The Links\" del prestigioso complejo tur\u00edstico Casa de Campo Resort & Villas en la ciudad de La Romana, dedicado a George Bell,\u2026","rel":"","context":"En \u00abRep\u00fablica Dominicana @es\u00bb","block_context":{"text":"Rep\u00fablica Dominicana @es","link":"https:\/\/casadecampoliving.com\/es\/category\/republica-dominicana-2\/"},"img":{"alt_text":"lectura semblanza George Bell","src":"https:\/\/i0.wp.com\/casadecampoliving.com\/wp-content\/uploads\/2022\/10\/lectura-semblanza-George-Bell.jpg?resize=350%2C200","width":350,"height":200,"srcset":"https:\/\/i0.wp.com\/casadecampoliving.com\/wp-content\/uploads\/2022\/10\/lectura-semblanza-George-Bell.jpg?resize=350%2C200 1x, https:\/\/i0.wp.com\/casadecampoliving.com\/wp-content\/uploads\/2022\/10\/lectura-semblanza-George-Bell.jpg?resize=525%2C300 1.5x, https:\/\/i0.wp.com\/casadecampoliving.com\/wp-content\/uploads\/2022\/10\/lectura-semblanza-George-Bell.jpg?resize=700%2C400 2x"},"classes":[]},{"id":330330,"url":"https:\/\/casadecampoliving.com\/3rd-edition-elserlibreyfeliz-internacional-golf-open-2018-will-dedicated-george-bell\/","url_meta":{"origin":353021,"position":1},"title":"The 3rd edition of &#8216;ElSerLibreYFeliz Internacional Golf Open 2018&#8217; will be dedicated to George Bell","author":"Casa de Campo Living","date":"29 Nov, 2018","format":false,"excerpt":"Outstanding players, ladies, gentleman and children, will participate in the \u201cElSerLibreYFeliz International Golf 2018\u201d Tournament THIS Sunday, December 2, at the challenging Los Links golf course in Casa de Campo Resort & Villas. Everything is prepared for the traditional event, which has a special dedication to the prestigious Dominican athlete,\u2026","rel":"","context":"En \u00abDominican Republic\u00bb","block_context":{"text":"Dominican Republic","link":"https:\/\/casadecampoliving.com\/category\/dominican-republic\/"},"img":{"alt_text":"","src":"https:\/\/i0.wp.com\/casadecampoliving.com\/wp-content\/uploads\/2018\/11\/IMG_2982.jpg?resize=350%2C200&ssl=1","width":350,"height":200,"srcset":"https:\/\/i0.wp.com\/casadecampoliving.com\/wp-content\/uploads\/2018\/11\/IMG_2982.jpg?resize=350%2C200&ssl=1 1x, https:\/\/i0.wp.com\/casadecampoliving.com\/wp-content\/uploads\/2018\/11\/IMG_2982.jpg?resize=525%2C300&ssl=1 1.5x, https:\/\/i0.wp.com\/casadecampoliving.com\/wp-content\/uploads\/2018\/11\/IMG_2982.jpg?resize=700%2C400&ssl=1 2x"},"classes":[]},{"id":330347,"url":"https:\/\/casadecampoliving.com\/sampson-se-corona-campeon-en-elserlibreyfeliz-internacional-golf-open-2018\/","url_meta":{"origin":353021,"position":2},"title":"Sampson crowned as champion of the 3rd &#8216;ElSerLibreYFeliz Internacional Golf Open 2018&#8217;","author":"Casa de Campo Living","date":"14 Dic, 2018","format":false,"excerpt":"Steve Sampson, with a total of 30 points, obtained the best gross score, to be crowned champion of the tournament \"ElSerLibreYFeliz\" International Golf Open 2018, an event successfully held in at \"The Links\" golf course of the prestigious resort Casa de Campo Resort & Villas in the City of La\u2026","rel":"","context":"En \u00abDominican Republic\u00bb","block_context":{"text":"Dominican Republic","link":"https:\/\/casadecampoliving.com\/category\/dominican-republic\/"},"img":{"alt_text":"lectura semblanza George Bell","src":"https:\/\/i0.wp.com\/casadecampoliving.com\/wp-content\/uploads\/2022\/10\/lectura-semblanza-George-Bell.jpg?resize=350%2C200","width":350,"height":200,"srcset":"https:\/\/i0.wp.com\/casadecampoliving.com\/wp-content\/uploads\/2022\/10\/lectura-semblanza-George-Bell.jpg?resize=350%2C200 1x, https:\/\/i0.wp.com\/casadecampoliving.com\/wp-content\/uploads\/2022\/10\/lectura-semblanza-George-Bell.jpg?resize=525%2C300 1.5x, https:\/\/i0.wp.com\/casadecampoliving.com\/wp-content\/uploads\/2022\/10\/lectura-semblanza-George-Bell.jpg?resize=700%2C400 2x"},"classes":[]},{"id":350702,"url":"https:\/\/casadecampoliving.com\/es\/el-ser-libre-y-feliz-international-golf-open-3\/","url_meta":{"origin":353021,"position":3},"title":"George Bell, Kevin Rodr\u00edguez y Mary Ledesma conquistan Primer torneo ElSerLibreYFeliz International Golf Open 2016","author":"Marlenys Guzm\u00e1n Casta\u00f1os","date":"31 Oct, 2016","format":false,"excerpt":"El evento ben\u00e9fico internacional se realiz\u00f3 en el campo Dye Fore, de Casa de Campo Resort & Villas a beneficio de la Escuela de Educaci\u00f3n Especial Padre Sebasti\u00e1n Cavalotto en la que hay m\u00e1s de 200 estudiantes con discapacidad.\u00a0Andr\u00e9s V\u00e9lez Cordero, presidente de la Asociaci\u00f3n El Ser Libre y Feliz,\u2026","rel":"","context":"En \u00abAltos de Chavon @es\u00bb","block_context":{"text":"Altos de Chavon @es","link":"https:\/\/casadecampoliving.com\/category\/altos-de-chavon-es\/"},"img":{"alt_text":"","src":"https:\/\/i0.wp.com\/casadecampoliving.com\/wp-content\/uploads\/2022\/10\/DSC_0857.jpg?fit=1000%2C667&ssl=1&resize=350%2C200","width":350,"height":200,"srcset":"https:\/\/i0.wp.com\/casadecampoliving.com\/wp-content\/uploads\/2022\/10\/DSC_0857.jpg?fit=1000%2C667&ssl=1&resize=350%2C200 1x, https:\/\/i0.wp.com\/casadecampoliving.com\/wp-content\/uploads\/2022\/10\/DSC_0857.jpg?fit=1000%2C667&ssl=1&resize=525%2C300 1.5x, https:\/\/i0.wp.com\/casadecampoliving.com\/wp-content\/uploads\/2022\/10\/DSC_0857.jpg?fit=1000%2C667&ssl=1&resize=700%2C400 2x"},"classes":[]},{"id":350550,"url":"https:\/\/casadecampoliving.com\/es\/el-ser-libre-y-feliz-international-golf-open\/","url_meta":{"origin":353021,"position":4},"title":"\u00a1Inscr\u00edbase en el 1er torneo \u00abEl Ser Libre y Feliz International Golf Open\u00bb en Casa de Campo!","author":"Marlenys Guzm\u00e1n Casta\u00f1os","date":"28 Sep, 2016","format":false,"excerpt":"La Fundaci\u00f3n El Ser Libre y Feliz, dirigido por Andr\u00e9s V\u00e9lez Cordero, fundada a principios de este a\u00f1o e inaugurado el 1 de marzo en La Marina, estar\u00e1 celebrando su primer Torneo Internacional de Golf el domingo 23 de octubre en el campo\u00a0de golf Dye Fore. Esto ser\u00e1 seguido por\u2026","rel":"","context":"En \u00abCasa de Campo Living @es\u00bb","block_context":{"text":"Casa de Campo Living @es","link":"https:\/\/casadecampoliving.com\/category\/casa-de-campo-living-es\/"},"img":{"alt_text":"Dye Fore","src":"https:\/\/i0.wp.com\/casadecampoliving.com\/wp-content\/uploads\/2022\/10\/Dye_Fore_Chavon_1-e1475032350216.jpg?fit=1000%2C666&ssl=1&resize=350%2C200","width":350,"height":200,"srcset":"https:\/\/i0.wp.com\/casadecampoliving.com\/wp-content\/uploads\/2022\/10\/Dye_Fore_Chavon_1-e1475032350216.jpg?fit=1000%2C666&ssl=1&resize=350%2C200 1x, https:\/\/i0.wp.com\/casadecampoliving.com\/wp-content\/uploads\/2022\/10\/Dye_Fore_Chavon_1-e1475032350216.jpg?fit=1000%2C666&ssl=1&resize=525%2C300 1.5x, https:\/\/i0.wp.com\/casadecampoliving.com\/wp-content\/uploads\/2022\/10\/Dye_Fore_Chavon_1-e1475032350216.jpg?fit=1000%2C666&ssl=1&resize=700%2C400 2x"},"classes":[]},{"id":350632,"url":"https:\/\/casadecampoliving.com\/es\/1er-torneo-el-ser-libre-y-feliz-international-golf-open\/","url_meta":{"origin":353021,"position":5},"title":"\u00a1El 1er torneo \u201cEl Ser Libre y Feliz International Golf Open\u201d en Casa de Campo ser\u00e1 la pr\u00f3xima semana!","author":"Marlenys Guzm\u00e1n Casta\u00f1os","date":"13 Oct, 2016","format":false,"excerpt":"El Golf nunca se detiene en Casa, y cuando usted juega el deporte\u00a0que ama y puede ayudar a contribuir a una buena causa, \u00a1hace que sea\u00a0a\u00fan mejor! La fundaci\u00f3n El Ser Libre y Feliz fundada\u00a0por Andr\u00e9s V\u00e9lez Cordero a principios de este a\u00f1o estar\u00e1 celebrando su primer Abierto de Golf\u2026","rel":"","context":"En \u00abCasa de Campo Living @es\u00bb","block_context":{"text":"Casa de Campo Living @es","link":"https:\/\/casadecampoliving.com\/category\/casa-de-campo-living-es\/"},"img":{"alt_text":"","src":"https:\/\/i0.wp.com\/casadecampoliving.com\/wp-content\/uploads\/2022\/10\/Dye-Fore-10_golfers.jpg?fit=1000%2C600&ssl=1&resize=350%2C200","width":350,"height":200,"srcset":"https:\/\/i0.wp.com\/casadecampoliving.com\/wp-content\/uploads\/2022\/10\/Dye-Fore-10_golfers.jpg?fit=1000%2C600&ssl=1&resize=350%2C200 1x, https:\/\/i0.wp.com\/casadecampoliving.com\/wp-content\/uploads\/2022\/10\/Dye-Fore-10_golfers.jpg?fit=1000%2C600&ssl=1&resize=525%2C300 1.5x, https:\/\/i0.wp.com\/casadecampoliving.com\/wp-content\/uploads\/2022\/10\/Dye-Fore-10_golfers.jpg?fit=1000%2C600&ssl=1&resize=700%2C400 2x"},"classes":[]}],"jetpack_sharing_enabled":true,"_links":{"self":[{"href":"https:\/\/casadecampoliving.com\/es\/wp-json\/wp\/v2\/posts\/353021","targetHints":{"allow":["GET"]}}],"collection":[{"href":"https:\/\/casadecampoliving.com\/es\/wp-json\/wp\/v2\/posts"}],"about":[{"href":"https:\/\/casadecampoliving.com\/es\/wp-json\/wp\/v2\/types\/post"}],"author":[{"embeddable":true,"href":"https:\/\/casadecampoliving.com\/es\/wp-json\/wp\/v2\/users\/36791"}],"replies":[{"embeddable":true,"href":"https:\/\/casadecampoliving.com\/es\/wp-json\/wp\/v2\/comments?post=353021"}],"version-history":[{"count":1,"href":"https:\/\/casadecampoliving.com\/es\/wp-json\/wp\/v2\/posts\/353021\/revisions"}],"predecessor-version":[{"id":353022,"href":"https:\/\/casadecampoliving.com\/es\/wp-json\/wp\/v2\/posts\/353021\/revisions\/353022"}],"wp:featuredmedia":[{"embeddable":true,"href":"https:\/\/casadecampoliving.com\/es\/wp-json\/wp\/v2\/media\/290265"}],"wp:attachment":[{"href":"https:\/\/casadecampoliving.com\/es\/wp-json\/wp\/v2\/media?parent=353021"}],"wp:term":[{"taxonomy":"category","embeddable":true,"href":"https:\/\/casadecampoliving.com\/es\/wp-json\/wp\/v2\/categories?post=353021"},{"taxonomy":"post_tag","embeddable":true,"href":"https:\/\/casadecampoliving.com\/es\/wp-json\/wp\/v2\/tags?post=353021"},{"taxonomy":"newspack_spnsrs_tax","embeddable":true,"href":"https:\/\/casadecampoliving.com\/es\/wp-json\/wp\/v2\/newspack_spnsrs_tax?post=353021"}],"curies":[{"name":"wp","href":"https:\/\/api.w.org\/{rel}","templated":true}]}}