{"id":352988,"date":"2018-11-12T00:00:00","date_gmt":"2018-11-12T04:00:00","guid":{"rendered":"https:\/\/casadecampoliving.com\/emilia-y-j-pepe-fanjul-le-invitan-al-coctel-benefico-de-este-ano-el-29-de-diciembre\/"},"modified":"2022-10-21T19:09:47","modified_gmt":"2022-10-21T23:09:47","slug":"emilia-y-j-pepe-fanjul-le-invitan-al-coctel-benefico-de-este-ano-el-29-de-diciembre","status":"publish","type":"post","link":"https:\/\/casadecampoliving.com\/es\/emilia-y-j-pepe-fanjul-le-invitan-al-coctel-benefico-de-este-ano-el-29-de-diciembre\/","title":{"rendered":"Emilia y J.Pepe Fanjul le invitan al C\u00f3ctel Ben\u00e9fico de este a\u00f1o, el 29 de diciembre."},"content":{"rendered":"\n<p>Emilia y J.Pepe Fanjul cordialmente lo invitan a la 28\u00aa edici\u00f3n de su tradicional Coctel de Beneficencia el s\u00e1bado 29 de diciembre en Casa Grande en Casa de Campo, en apoyo de la Fundaci\u00f3n MIR y el Hogar del Ni\u00f1o.<span id=\"more-151759\"><\/span><span id=\"more-130793\"><\/span><span id=\"more-151756\"><\/span><span id=\"more-130793\"><\/span><\/p>\n\n\n\n<!--more-->\n\n\n\n<p>El evento anual, que a lo largo de los a\u00f1os ha recaudado fondos para las organizaciones ben\u00e9ficas Fundaci\u00f3n MIR y Hogar del Ni\u00f1o, una vez m\u00e1s les promete a los propietarios de villas de Casa de Campo una noche glamorosa y entretenida en la casa de la familia Fanjul. Al igual que en eventos pasados, durante la noche habr\u00e1 una rifa de varios art\u00edculos especiales que han sido donados para el evento.&nbsp;<\/p>\n\n\n<div class=\"wp-block-image\">\n<figure class=\"aligncenter is-resized\"><img loading=\"lazy\" decoding=\"async\" src=\"https:\/\/i0.wp.com\/casadecampoliving-wp.s3-accelerate.amazonaws.com\/2018\/11\/Emilia-Fanjul-Crista-Ryan-Marina-Villalobos-Maritza-Bonetti.jpg?resize=1000%2C667&amp;ssl=1\" alt=\"\" class=\"wp-image-164366\" height=\"667\" width=\"1000\" srcset=\"https:\/\/i0.wp.com\/casadecampoliving.com\/wp-content\/uploads\/2018\/11\/Emilia-Fanjul-Crista-Ryan-Marina-Villalobos-Maritza-Bonetti.jpg?w=1000&amp;ssl=1 1000w, https:\/\/i0.wp.com\/casadecampoliving.com\/wp-content\/uploads\/2018\/11\/Emilia-Fanjul-Crista-Ryan-Marina-Villalobos-Maritza-Bonetti.jpg?resize=300%2C200&amp;ssl=1 300w, https:\/\/i0.wp.com\/casadecampoliving.com\/wp-content\/uploads\/2018\/11\/Emilia-Fanjul-Crista-Ryan-Marina-Villalobos-Maritza-Bonetti.jpg?resize=768%2C512&amp;ssl=1 768w, https:\/\/i0.wp.com\/casadecampoliving-wp.s3-accelerate.amazonaws.com\/2018\/11\/Emilia-Fanjul-Crista-Ryan-Marina-Villalobos-Maritza-Bonetti.jpg?w=370 370w, https:\/\/i0.wp.com\/casadecampoliving-wp.s3-accelerate.amazonaws.com\/2018\/11\/Emilia-Fanjul-Crista-Ryan-Marina-Villalobos-Maritza-Bonetti.jpg?w=400 400w\" sizes=\"auto, (max-width: 1000px) 100vw, 1000px\" \/><\/figure>\n<\/div>\n\n\n<p>Lo alentamos a que vaya, ya que es una oportunidad maravillosa para ayudar a dos organizaciones ben\u00e9ficas que est\u00e1n trabajando arduamente para educar a los j\u00f3venes de La Romana. Como el a\u00f1o pasado, el evento celebrar\u00e1 su tradicional c\u00f3ctel en la terraza exterior iluminada por las estrellas, donde tambi\u00e9n se llevar\u00e1 a cabo la rifa. \u00a1Todav\u00eda hay tiempo para comprar sus boletos! La entrada al coctel de beneficencia de se puede comprar con Carmelin B\u00e1ez por USD $ 150 con quien tambi\u00e9n puede comprar las boletas para la rifa o comprarlas la noche del evento.<\/p>\n\n\n\n<p>\u00a1Estamos seguros de que la celebraci\u00f3n de este a\u00f1o ser\u00e1 a\u00fan m\u00e1s exitosa que la anterior, as\u00ed que reserve la fecha y obtenga sus boletos ahora!<\/p>\n\n\n\n<p>*<em>&nbsp;Im\u00e1genes del evento del a\u00f1o pasado.<\/em><\/p>\n\n\n\n<blockquote><h3>COCTEL DE BENEFICENCIA POR EMILIA Y J. PEPE FANJUL<\/h3><p><strong>Cu\u00e1ndo:<\/strong>&nbsp;29 de diciembre, 5:00 p.m.<\/p><p><strong>D\u00f3nde:<\/strong>&nbsp;Casa Grande, Casa de Campo<\/p><p><strong>Entradas:<\/strong>&nbsp;c\u00f3ctel USD $ 150<\/p><p><em>Para boletos e informaci\u00f3n por favor cont\u00e1ctar:&nbsp;<strong>Carmelin Baez&nbsp;<\/strong><strong>Tel:<\/strong>&nbsp;809-523-7118 or 809-523-8771&nbsp;<strong>Email:<\/strong>&nbsp;carmelin.baez@gmail.com<\/em><\/p><\/blockquote>\n\n\n\n<blockquote><h3>&nbsp;<\/h3><p><strong><a href=\"https:\/\/casadecampoliving.com\/the-fundacion-mir\/\">Fundaci\u00f3n&nbsp;MIR<\/a><\/strong><\/p><figure><img decoding=\"async\" loading=\"lazy\" class=\"alignright size-thumbnail wp-image-164104\" src=\"https:\/\/i0.wp.com\/casadecampoliving-wp.s3-accelerate.amazonaws.com\/2018\/10\/fundacion-mir-logo-150x150.png?resize=150%2C150&amp;ssl=1\" sizes=\"auto, (max-width: 150px) 100vw, 150px\" srcset=\"https:\/\/i0.wp.com\/casadecampoliving-wp.s3-accelerate.amazonaws.com\/2018\/10\/fundacion-mir-logo-150x150.png?resize=150%2C150&amp;ssl=1 150w, https:\/\/casadecampoliving-wp.s3-accelerate.amazonaws.com\/2018\/10\/fundacion-mir-logo-300x300.png 300w, https:\/\/casadecampoliving-wp.s3-accelerate.amazonaws.com\/2018\/10\/fundacion-mir-logo-80x80.png 80w, https:\/\/casadecampoliving-wp.s3-accelerate.amazonaws.com\/2018\/10\/fundacion-mir-logo.png 576w\" alt=\"\" width=\"150\" height=\"150\"><\/figure><p>La&nbsp;<a href=\"https:\/\/casadecampoliving.com\/the-fundacion-mir\/\">Fundaci\u00f3n MIR&nbsp;<\/a>&nbsp;es una organizac\u00f3n sin fines de lucro que trabaja para proveerle educaci\u00f3n a los ni\u00f1os m\u00e1s necesitados de La Romana. Ellos dirigen tres escuelas; MIR Esperanza (escuela vocacional de ni\u00f1os), la Escuela Tecnica Vocacional&nbsp;Fundaci\u00f3n&nbsp;MIR (escuela vocacional de ni\u00f1as) y la&nbsp;<a href=\"https:\/\/casadecampoliving.com\/the-fundacion-mir\/\">Primaria MIR&nbsp;<\/a>(escuela infantil).<\/p><p>Para m\u00e1s informaci\u00f3n sobre la Fundaci\u00f3n MIR y para hacer una donaci\u00f3n, favor visitar la p\u00e1gina web:&nbsp;<a href=\"http:\/\/www.mirinternational.org\/\">www.FundacionMIR.org<\/a><\/p><p>Para hacer una donaci\u00f3n contacte la oficina MIR en Casa de Campo(809-523-8270) o en West Palm Beach (561-366-5095). \u00a1Donaciones para los ciudadanos de Estados Unidos son deducibles de impuestos!<\/p><\/blockquote>\n\n\n\n<blockquote><h3><strong><a href=\"https:\/\/casadecampoliving.com\/hogardelnino\/\">HOGAR DEL NI\u00d1O<\/a><\/strong><\/h3><figure><img decoding=\"async\" loading=\"lazy\" class=\"alignright\" title=\"hogar_del_nino\" src=\"https:\/\/i0.wp.com\/casadecampoliving.com\/wp-content\/uploads\/2022\/10\/hogar_del_nino-28.jpg?resize=200%2C105&amp;ssl=1\" alt=\"hogar del nino \" width=\"200\" height=\"105\"><\/figure><p>El Hogar del Ni\u00f1o es un centro educacional y de cuidado para m\u00e1s de 1,500 ni\u00f1os, ubicado en el pueblo de La Romana, justo a las afueras de Casa de Campo. Ni\u00f1os que van desde los pocas semanas de nacidos hasta los 18 a\u00f1os de edad, son cuidados y educados a diario desde las 5:30am las 7pm.<\/p><p>La organizaci\u00f3n tambi\u00e9n provee educaci\u00f3n especial para ni\u00f1os especiales que padecen de ceguera o con limitaciones auditivas, al igual que una escuela vocacional en la que m\u00e1s de 235 estudiantes reciben educaci\u00f3n en las distintas \u00e1reas como: costura, preparaci\u00f3n industrial, mantenimiento e instalaci\u00f3n el\u00e9ctrica; manejo de programas de c\u00f3mputos.<\/p><p><strong>Comun\u00edquese con el Hogar del Ni\u00f1o al:<br>\nTel:&nbsp;<\/strong>(809) 523-8901<strong>&nbsp;<\/strong>o al (809) 556-3181<strong><br>\nEmail:&nbsp;<\/strong><a href=\"mailto:info@pbo.org.do\" target=\"_blank\" rel=\"noopener\">info@pbo.org.do<\/a><strong><br>\nSitio Web:&nbsp;<\/strong><a href=\"http:\/\/pbo.org.do\/site\/es\/\" target=\"_blank\" rel=\"noopener\">pbo.org.do<\/a><\/p><\/blockquote>\n","protected":false},"excerpt":{"rendered":"<p>Emilia y J.Pepe Fanjul cordialmente lo invitan a la 28\u00aa edici\u00f3n de su tradicional Coctel de Beneficencia el s\u00e1bado 29 de diciembre en Casa Grande en Casa de Campo, en apoyo de la Fundaci\u00f3n MIR y el Hogar del Ni\u00f1o.<\/p>\n","protected":false},"author":36791,"featured_media":278550,"comment_status":"closed","ping_status":"closed","sticky":false,"template":"","format":"standard","meta":{"newspack_ads_suppress_ads":false,"newspack_popups_has_disabled_popups":false,"newspack_sponsor_sponsorship_scope":"","newspack_sponsor_native_byline_display":"inherit","newspack_sponsor_native_category_display":"inherit","newspack_sponsor_underwriter_style":"inherit","newspack_sponsor_underwriter_placement":"inherit","_newspack_byline_active":false,"_newspack_byline":"","newspack_hide_updated_date":false,"newspack_show_updated_date":false,"newspack_content_restriction_is_exempt":false,"newspack_featured_image_position":"","newspack_post_subtitle":"","newspack_article_summary_title":"Overview:","newspack_article_summary":"","_jetpack_memberships_contains_paid_content":false,"footnotes":"","jetpack_publicize_message":"","jetpack_publicize_feature_enabled":true,"jetpack_social_post_already_shared":false,"jetpack_social_options":{"image_generator_settings":{"template":"highway","default_image_id":0,"font":"","enabled":false},"version":2},"_wpas_customize_per_network":false},"categories":[14631,2522,2515,2514,2516,14627,2521],"tags":[18209,19930,4246,4484,6692,14736,24715,6344,19724],"newspack_spnsrs_tax":[],"class_list":["post-352988","post","type-post","status-publish","format-standard","has-post-thumbnail","hentry","category-estilo-de-vida","category-eventos-es","category-fundacion-mir-es","category-fundaciones-es","category-hogar-del-nino-es","category-proximamente","category-republica-dominicana-2","tag-ayuda","tag-beneficio","tag-coctel","tag-el-hogar-del-nino","tag-emilia-fanjul-es","tag-featured-topview-es","tag-fundacion-mir-es","tag-j-pepe-fanjul-es","tag-rifa","entry"],"yoast_head":"<!-- This site is optimized with the Yoast SEO plugin v27.5 - https:\/\/yoast.com\/product\/yoast-seo-wordpress\/ -->\n<title>Emilia y J.Pepe Fanjul le invitan al C\u00f3ctel Ben\u00e9fico de este a\u00f1o, el 29 de diciembre. | Casa de Campo Living<\/title>\n<meta name=\"description\" content=\"Emilia y J.Pepe Fanjul cordialmente lo invitan a la 28\u00aa edici\u00f3n de su tradicional Coctel de Beneficencia el s\u00e1bado 29 de diciembre en Casa Grande en Casa\" \/>\n<meta name=\"robots\" content=\"index, follow, max-snippet:-1, max-image-preview:large, max-video-preview:-1\" \/>\n<link rel=\"canonical\" href=\"https:\/\/casadecampoliving.com\/es\/emilia-y-j-pepe-fanjul-le-invitan-al-coctel-benefico-de-este-ano-el-29-de-diciembre\/\" \/>\n<meta property=\"og:locale\" content=\"es_ES\" \/>\n<meta property=\"og:type\" content=\"article\" \/>\n<meta property=\"og:title\" content=\"Emilia y J.Pepe Fanjul le invitan al C\u00f3ctel Ben\u00e9fico de este a\u00f1o, el 29 de diciembre. | Casa de Campo Living\" \/>\n<meta property=\"og:description\" content=\"Emilia y J.Pepe Fanjul cordialmente lo invitan a la 28\u00aa edici\u00f3n de su tradicional Coctel de Beneficencia el s\u00e1bado 29 de diciembre en Casa Grande en Casa\" \/>\n<meta property=\"og:url\" content=\"https:\/\/casadecampoliving.com\/es\/emilia-y-j-pepe-fanjul-le-invitan-al-coctel-benefico-de-este-ano-el-29-de-diciembre\/\" \/>\n<meta property=\"og:site_name\" content=\"Casa de Campo Living\" \/>\n<meta property=\"article:publisher\" content=\"https:\/\/www.facebook.com\/casadecampoliving\" \/>\n<meta property=\"article:published_time\" content=\"2018-11-12T04:00:00+00:00\" \/>\n<meta property=\"article:modified_time\" content=\"2022-10-21T23:09:47+00:00\" \/>\n<meta property=\"og:image\" content=\"https:\/\/i0.wp.com\/casadecampoliving.com\/wp-content\/uploads\/2022\/10\/hogar_del_nino-28.jpg?fit=200%2C105&ssl=1\" \/>\n\t<meta property=\"og:image:width\" content=\"200\" \/>\n\t<meta property=\"og:image:height\" content=\"105\" \/>\n\t<meta property=\"og:image:type\" content=\"image\/jpeg\" \/>\n<meta name=\"author\" content=\"Casa de Campo Living\" \/>\n<meta name=\"twitter:card\" content=\"summary_large_image\" \/>\n<meta name=\"twitter:creator\" content=\"@cdcliving\" \/>\n<meta name=\"twitter:site\" content=\"@cdcliving\" \/>\n<meta name=\"twitter:label1\" content=\"Escrito por\" \/>\n\t<meta name=\"twitter:data1\" content=\"Casa de Campo Living\" \/>\n\t<meta name=\"twitter:label2\" content=\"Tiempo de lectura\" \/>\n\t<meta name=\"twitter:data2\" content=\"3 minutos\" \/>\n<script type=\"application\/ld+json\" class=\"yoast-schema-graph\">{\"@context\":\"https:\\\/\\\/schema.org\",\"@graph\":[{\"@type\":\"Article\",\"@id\":\"https:\\\/\\\/casadecampoliving.com\\\/es\\\/emilia-y-j-pepe-fanjul-le-invitan-al-coctel-benefico-de-este-ano-el-29-de-diciembre\\\/#article\",\"isPartOf\":{\"@id\":\"https:\\\/\\\/casadecampoliving.com\\\/es\\\/emilia-y-j-pepe-fanjul-le-invitan-al-coctel-benefico-de-este-ano-el-29-de-diciembre\\\/\"},\"author\":{\"name\":\"Casa de Campo Living\",\"@id\":\"https:\\\/\\\/casadecampoliving.com\\\/es\\\/#\\\/schema\\\/person\\\/5d2171637a9d11e0e43ce6b8555f9422\"},\"headline\":\"Emilia y J.Pepe Fanjul le invitan al C\u00f3ctel Ben\u00e9fico de este a\u00f1o, el 29 de diciembre.\",\"datePublished\":\"2018-11-12T04:00:00+00:00\",\"dateModified\":\"2022-10-21T23:09:47+00:00\",\"mainEntityOfPage\":{\"@id\":\"https:\\\/\\\/casadecampoliving.com\\\/es\\\/emilia-y-j-pepe-fanjul-le-invitan-al-coctel-benefico-de-este-ano-el-29-de-diciembre\\\/\"},\"wordCount\":616,\"publisher\":{\"@id\":\"https:\\\/\\\/casadecampoliving.com\\\/es\\\/#organization\"},\"image\":{\"@id\":\"https:\\\/\\\/casadecampoliving.com\\\/es\\\/emilia-y-j-pepe-fanjul-le-invitan-al-coctel-benefico-de-este-ano-el-29-de-diciembre\\\/#primaryimage\"},\"thumbnailUrl\":\"https:\\\/\\\/i0.wp.com\\\/casadecampoliving.com\\\/wp-content\\\/uploads\\\/2022\\\/10\\\/hogar_del_nino-28.jpg?fit=200%2C105&ssl=1\",\"keywords\":[\"Ayuda\",\"beneficio\",\"coctel\",\"el hogar del nino\",\"emilia fanjul @es\",\"Featured-TopView @es\",\"Fundacion MIR\",\"j. pepe fanjul @es\",\"rifa\"],\"articleSection\":[\"Estilo de Vida\",\"Eventos\",\"Fundaci\u00f3n MIR @es\",\"Fundaciones\",\"Hogar del Ni\u00f1o @es\",\"Proximamente\",\"Rep\u00fablica Dominicana @es\"],\"inLanguage\":\"es\"},{\"@type\":\"WebPage\",\"@id\":\"https:\\\/\\\/casadecampoliving.com\\\/es\\\/emilia-y-j-pepe-fanjul-le-invitan-al-coctel-benefico-de-este-ano-el-29-de-diciembre\\\/\",\"url\":\"https:\\\/\\\/casadecampoliving.com\\\/es\\\/emilia-y-j-pepe-fanjul-le-invitan-al-coctel-benefico-de-este-ano-el-29-de-diciembre\\\/\",\"name\":\"Emilia y J.Pepe Fanjul le invitan al C\u00f3ctel Ben\u00e9fico de este a\u00f1o, el 29 de diciembre. | Casa de Campo Living\",\"isPartOf\":{\"@id\":\"https:\\\/\\\/casadecampoliving.com\\\/es\\\/#website\"},\"primaryImageOfPage\":{\"@id\":\"https:\\\/\\\/casadecampoliving.com\\\/es\\\/emilia-y-j-pepe-fanjul-le-invitan-al-coctel-benefico-de-este-ano-el-29-de-diciembre\\\/#primaryimage\"},\"image\":{\"@id\":\"https:\\\/\\\/casadecampoliving.com\\\/es\\\/emilia-y-j-pepe-fanjul-le-invitan-al-coctel-benefico-de-este-ano-el-29-de-diciembre\\\/#primaryimage\"},\"thumbnailUrl\":\"https:\\\/\\\/i0.wp.com\\\/casadecampoliving.com\\\/wp-content\\\/uploads\\\/2022\\\/10\\\/hogar_del_nino-28.jpg?fit=200%2C105&ssl=1\",\"datePublished\":\"2018-11-12T04:00:00+00:00\",\"dateModified\":\"2022-10-21T23:09:47+00:00\",\"description\":\"Emilia y J.Pepe Fanjul cordialmente lo invitan a la 28\u00aa edici\u00f3n de su tradicional Coctel de Beneficencia el s\u00e1bado 29 de diciembre en Casa Grande en Casa\",\"breadcrumb\":{\"@id\":\"https:\\\/\\\/casadecampoliving.com\\\/es\\\/emilia-y-j-pepe-fanjul-le-invitan-al-coctel-benefico-de-este-ano-el-29-de-diciembre\\\/#breadcrumb\"},\"inLanguage\":\"es\",\"potentialAction\":[{\"@type\":\"ReadAction\",\"target\":[\"https:\\\/\\\/casadecampoliving.com\\\/es\\\/emilia-y-j-pepe-fanjul-le-invitan-al-coctel-benefico-de-este-ano-el-29-de-diciembre\\\/\"]}]},{\"@type\":\"ImageObject\",\"inLanguage\":\"es\",\"@id\":\"https:\\\/\\\/casadecampoliving.com\\\/es\\\/emilia-y-j-pepe-fanjul-le-invitan-al-coctel-benefico-de-este-ano-el-29-de-diciembre\\\/#primaryimage\",\"url\":\"https:\\\/\\\/i0.wp.com\\\/casadecampoliving.com\\\/wp-content\\\/uploads\\\/2022\\\/10\\\/hogar_del_nino-28.jpg?fit=200%2C105&ssl=1\",\"contentUrl\":\"https:\\\/\\\/i0.wp.com\\\/casadecampoliving.com\\\/wp-content\\\/uploads\\\/2022\\\/10\\\/hogar_del_nino-28.jpg?fit=200%2C105&ssl=1\",\"width\":200,\"height\":105},{\"@type\":\"BreadcrumbList\",\"@id\":\"https:\\\/\\\/casadecampoliving.com\\\/es\\\/emilia-y-j-pepe-fanjul-le-invitan-al-coctel-benefico-de-este-ano-el-29-de-diciembre\\\/#breadcrumb\",\"itemListElement\":[{\"@type\":\"ListItem\",\"position\":1,\"name\":\"Home\",\"item\":\"https:\\\/\\\/casadecampoliving.com\\\/es\\\/\"},{\"@type\":\"ListItem\",\"position\":2,\"name\":\"Emilia y J.Pepe Fanjul le invitan al C\u00f3ctel Ben\u00e9fico de este a\u00f1o, el 29 de diciembre.\"}]},{\"@type\":\"WebSite\",\"@id\":\"https:\\\/\\\/casadecampoliving.com\\\/es\\\/#website\",\"url\":\"https:\\\/\\\/casadecampoliving.com\\\/es\\\/\",\"name\":\"Casa de Campo Living\",\"description\":\"Resort community news and resources.\",\"publisher\":{\"@id\":\"https:\\\/\\\/casadecampoliving.com\\\/es\\\/#organization\"},\"potentialAction\":[{\"@type\":\"SearchAction\",\"target\":{\"@type\":\"EntryPoint\",\"urlTemplate\":\"https:\\\/\\\/casadecampoliving.com\\\/es\\\/?s={search_term_string}\"},\"query-input\":{\"@type\":\"PropertyValueSpecification\",\"valueRequired\":true,\"valueName\":\"search_term_string\"}}],\"inLanguage\":\"es\"},{\"@type\":\"Organization\",\"@id\":\"https:\\\/\\\/casadecampoliving.com\\\/es\\\/#organization\",\"name\":\"Casa de Campo Living\",\"url\":\"https:\\\/\\\/casadecampoliving.com\\\/es\\\/\",\"logo\":{\"@type\":\"ImageObject\",\"inLanguage\":\"es\",\"@id\":\"https:\\\/\\\/casadecampoliving.com\\\/es\\\/#\\\/schema\\\/logo\\\/image\\\/\",\"url\":\"https:\\\/\\\/i0.wp.com\\\/casadecampoliving.com\\\/wp-content\\\/uploads\\\/2022\\\/07\\\/CDCLivingLogo_V1-white-sized.png?fit=800%2C214&ssl=1\",\"contentUrl\":\"https:\\\/\\\/i0.wp.com\\\/casadecampoliving.com\\\/wp-content\\\/uploads\\\/2022\\\/07\\\/CDCLivingLogo_V1-white-sized.png?fit=800%2C214&ssl=1\",\"width\":800,\"height\":214,\"caption\":\"Casa de Campo Living\"},\"image\":{\"@id\":\"https:\\\/\\\/casadecampoliving.com\\\/es\\\/#\\\/schema\\\/logo\\\/image\\\/\"},\"sameAs\":[\"https:\\\/\\\/www.facebook.com\\\/casadecampoliving\",\"https:\\\/\\\/x.com\\\/cdcliving\"]},{\"@type\":\"Person\",\"@id\":\"https:\\\/\\\/casadecampoliving.com\\\/es\\\/#\\\/schema\\\/person\\\/5d2171637a9d11e0e43ce6b8555f9422\",\"name\":\"Casa de Campo Living\",\"image\":{\"@type\":\"ImageObject\",\"inLanguage\":\"es\",\"@id\":\"https:\\\/\\\/secure.gravatar.com\\\/avatar\\\/d04101fa4a9fd431e939953b1500fdc7a73cd35029f86d98712fd8ccdaebaf9a?s=96&d=mm&r=g\",\"url\":\"https:\\\/\\\/secure.gravatar.com\\\/avatar\\\/d04101fa4a9fd431e939953b1500fdc7a73cd35029f86d98712fd8ccdaebaf9a?s=96&d=mm&r=g\",\"contentUrl\":\"https:\\\/\\\/secure.gravatar.com\\\/avatar\\\/d04101fa4a9fd431e939953b1500fdc7a73cd35029f86d98712fd8ccdaebaf9a?s=96&d=mm&r=g\",\"caption\":\"Casa de Campo Living\"},\"url\":\"https:\\\/\\\/casadecampoliving.com\\\/es\\\/author\\\/casa-de-campo-living\\\/\"}]}<\/script>\n<!-- \/ Yoast SEO plugin. -->","yoast_head_json":{"title":"Emilia y J.Pepe Fanjul le invitan al C\u00f3ctel Ben\u00e9fico de este a\u00f1o, el 29 de diciembre. | Casa de Campo Living","description":"Emilia y J.Pepe Fanjul cordialmente lo invitan a la 28\u00aa edici\u00f3n de su tradicional Coctel de Beneficencia el s\u00e1bado 29 de diciembre en Casa Grande en Casa","robots":{"index":"index","follow":"follow","max-snippet":"max-snippet:-1","max-image-preview":"max-image-preview:large","max-video-preview":"max-video-preview:-1"},"canonical":"https:\/\/casadecampoliving.com\/es\/emilia-y-j-pepe-fanjul-le-invitan-al-coctel-benefico-de-este-ano-el-29-de-diciembre\/","og_locale":"es_ES","og_type":"article","og_title":"Emilia y J.Pepe Fanjul le invitan al C\u00f3ctel Ben\u00e9fico de este a\u00f1o, el 29 de diciembre. | Casa de Campo Living","og_description":"Emilia y J.Pepe Fanjul cordialmente lo invitan a la 28\u00aa edici\u00f3n de su tradicional Coctel de Beneficencia el s\u00e1bado 29 de diciembre en Casa Grande en Casa","og_url":"https:\/\/casadecampoliving.com\/es\/emilia-y-j-pepe-fanjul-le-invitan-al-coctel-benefico-de-este-ano-el-29-de-diciembre\/","og_site_name":"Casa de Campo Living","article_publisher":"https:\/\/www.facebook.com\/casadecampoliving","article_published_time":"2018-11-12T04:00:00+00:00","article_modified_time":"2022-10-21T23:09:47+00:00","og_image":[{"width":200,"height":105,"url":"https:\/\/i0.wp.com\/casadecampoliving.com\/wp-content\/uploads\/2022\/10\/hogar_del_nino-28.jpg?fit=200%2C105&ssl=1","type":"image\/jpeg"}],"author":"Casa de Campo Living","twitter_card":"summary_large_image","twitter_creator":"@cdcliving","twitter_site":"@cdcliving","twitter_misc":{"Escrito por":"Casa de Campo Living","Tiempo de lectura":"3 minutos"},"schema":{"@context":"https:\/\/schema.org","@graph":[{"@type":"Article","@id":"https:\/\/casadecampoliving.com\/es\/emilia-y-j-pepe-fanjul-le-invitan-al-coctel-benefico-de-este-ano-el-29-de-diciembre\/#article","isPartOf":{"@id":"https:\/\/casadecampoliving.com\/es\/emilia-y-j-pepe-fanjul-le-invitan-al-coctel-benefico-de-este-ano-el-29-de-diciembre\/"},"author":{"name":"Casa de Campo Living","@id":"https:\/\/casadecampoliving.com\/es\/#\/schema\/person\/5d2171637a9d11e0e43ce6b8555f9422"},"headline":"Emilia y J.Pepe Fanjul le invitan al C\u00f3ctel Ben\u00e9fico de este a\u00f1o, el 29 de diciembre.","datePublished":"2018-11-12T04:00:00+00:00","dateModified":"2022-10-21T23:09:47+00:00","mainEntityOfPage":{"@id":"https:\/\/casadecampoliving.com\/es\/emilia-y-j-pepe-fanjul-le-invitan-al-coctel-benefico-de-este-ano-el-29-de-diciembre\/"},"wordCount":616,"publisher":{"@id":"https:\/\/casadecampoliving.com\/es\/#organization"},"image":{"@id":"https:\/\/casadecampoliving.com\/es\/emilia-y-j-pepe-fanjul-le-invitan-al-coctel-benefico-de-este-ano-el-29-de-diciembre\/#primaryimage"},"thumbnailUrl":"https:\/\/i0.wp.com\/casadecampoliving.com\/wp-content\/uploads\/2022\/10\/hogar_del_nino-28.jpg?fit=200%2C105&ssl=1","keywords":["Ayuda","beneficio","coctel","el hogar del nino","emilia fanjul @es","Featured-TopView @es","Fundacion MIR","j. pepe fanjul @es","rifa"],"articleSection":["Estilo de Vida","Eventos","Fundaci\u00f3n MIR @es","Fundaciones","Hogar del Ni\u00f1o @es","Proximamente","Rep\u00fablica Dominicana @es"],"inLanguage":"es"},{"@type":"WebPage","@id":"https:\/\/casadecampoliving.com\/es\/emilia-y-j-pepe-fanjul-le-invitan-al-coctel-benefico-de-este-ano-el-29-de-diciembre\/","url":"https:\/\/casadecampoliving.com\/es\/emilia-y-j-pepe-fanjul-le-invitan-al-coctel-benefico-de-este-ano-el-29-de-diciembre\/","name":"Emilia y J.Pepe Fanjul le invitan al C\u00f3ctel Ben\u00e9fico de este a\u00f1o, el 29 de diciembre. | Casa de Campo Living","isPartOf":{"@id":"https:\/\/casadecampoliving.com\/es\/#website"},"primaryImageOfPage":{"@id":"https:\/\/casadecampoliving.com\/es\/emilia-y-j-pepe-fanjul-le-invitan-al-coctel-benefico-de-este-ano-el-29-de-diciembre\/#primaryimage"},"image":{"@id":"https:\/\/casadecampoliving.com\/es\/emilia-y-j-pepe-fanjul-le-invitan-al-coctel-benefico-de-este-ano-el-29-de-diciembre\/#primaryimage"},"thumbnailUrl":"https:\/\/i0.wp.com\/casadecampoliving.com\/wp-content\/uploads\/2022\/10\/hogar_del_nino-28.jpg?fit=200%2C105&ssl=1","datePublished":"2018-11-12T04:00:00+00:00","dateModified":"2022-10-21T23:09:47+00:00","description":"Emilia y J.Pepe Fanjul cordialmente lo invitan a la 28\u00aa edici\u00f3n de su tradicional Coctel de Beneficencia el s\u00e1bado 29 de diciembre en Casa Grande en Casa","breadcrumb":{"@id":"https:\/\/casadecampoliving.com\/es\/emilia-y-j-pepe-fanjul-le-invitan-al-coctel-benefico-de-este-ano-el-29-de-diciembre\/#breadcrumb"},"inLanguage":"es","potentialAction":[{"@type":"ReadAction","target":["https:\/\/casadecampoliving.com\/es\/emilia-y-j-pepe-fanjul-le-invitan-al-coctel-benefico-de-este-ano-el-29-de-diciembre\/"]}]},{"@type":"ImageObject","inLanguage":"es","@id":"https:\/\/casadecampoliving.com\/es\/emilia-y-j-pepe-fanjul-le-invitan-al-coctel-benefico-de-este-ano-el-29-de-diciembre\/#primaryimage","url":"https:\/\/i0.wp.com\/casadecampoliving.com\/wp-content\/uploads\/2022\/10\/hogar_del_nino-28.jpg?fit=200%2C105&ssl=1","contentUrl":"https:\/\/i0.wp.com\/casadecampoliving.com\/wp-content\/uploads\/2022\/10\/hogar_del_nino-28.jpg?fit=200%2C105&ssl=1","width":200,"height":105},{"@type":"BreadcrumbList","@id":"https:\/\/casadecampoliving.com\/es\/emilia-y-j-pepe-fanjul-le-invitan-al-coctel-benefico-de-este-ano-el-29-de-diciembre\/#breadcrumb","itemListElement":[{"@type":"ListItem","position":1,"name":"Home","item":"https:\/\/casadecampoliving.com\/es\/"},{"@type":"ListItem","position":2,"name":"Emilia y J.Pepe Fanjul le invitan al C\u00f3ctel Ben\u00e9fico de este a\u00f1o, el 29 de diciembre."}]},{"@type":"WebSite","@id":"https:\/\/casadecampoliving.com\/es\/#website","url":"https:\/\/casadecampoliving.com\/es\/","name":"Casa de Campo Living","description":"Resort community news and resources.","publisher":{"@id":"https:\/\/casadecampoliving.com\/es\/#organization"},"potentialAction":[{"@type":"SearchAction","target":{"@type":"EntryPoint","urlTemplate":"https:\/\/casadecampoliving.com\/es\/?s={search_term_string}"},"query-input":{"@type":"PropertyValueSpecification","valueRequired":true,"valueName":"search_term_string"}}],"inLanguage":"es"},{"@type":"Organization","@id":"https:\/\/casadecampoliving.com\/es\/#organization","name":"Casa de Campo Living","url":"https:\/\/casadecampoliving.com\/es\/","logo":{"@type":"ImageObject","inLanguage":"es","@id":"https:\/\/casadecampoliving.com\/es\/#\/schema\/logo\/image\/","url":"https:\/\/i0.wp.com\/casadecampoliving.com\/wp-content\/uploads\/2022\/07\/CDCLivingLogo_V1-white-sized.png?fit=800%2C214&ssl=1","contentUrl":"https:\/\/i0.wp.com\/casadecampoliving.com\/wp-content\/uploads\/2022\/07\/CDCLivingLogo_V1-white-sized.png?fit=800%2C214&ssl=1","width":800,"height":214,"caption":"Casa de Campo Living"},"image":{"@id":"https:\/\/casadecampoliving.com\/es\/#\/schema\/logo\/image\/"},"sameAs":["https:\/\/www.facebook.com\/casadecampoliving","https:\/\/x.com\/cdcliving"]},{"@type":"Person","@id":"https:\/\/casadecampoliving.com\/es\/#\/schema\/person\/5d2171637a9d11e0e43ce6b8555f9422","name":"Casa de Campo Living","image":{"@type":"ImageObject","inLanguage":"es","@id":"https:\/\/secure.gravatar.com\/avatar\/d04101fa4a9fd431e939953b1500fdc7a73cd35029f86d98712fd8ccdaebaf9a?s=96&d=mm&r=g","url":"https:\/\/secure.gravatar.com\/avatar\/d04101fa4a9fd431e939953b1500fdc7a73cd35029f86d98712fd8ccdaebaf9a?s=96&d=mm&r=g","contentUrl":"https:\/\/secure.gravatar.com\/avatar\/d04101fa4a9fd431e939953b1500fdc7a73cd35029f86d98712fd8ccdaebaf9a?s=96&d=mm&r=g","caption":"Casa de Campo Living"},"url":"https:\/\/casadecampoliving.com\/es\/author\/casa-de-campo-living\/"}]}},"parsely":{"version":"1.1.0","canonical_url":"https:\/\/casadecampoliving.com\/es\/emilia-y-j-pepe-fanjul-le-invitan-al-coctel-benefico-de-este-ano-el-29-de-diciembre\/","smart_links":{"inbound":0,"outbound":0},"traffic_boost_suggestions_count":0,"meta":{"@context":"https:\/\/schema.org","@type":"NewsArticle","headline":"Emilia y J.Pepe Fanjul le invitan al C\u00f3ctel Ben\u00e9fico de este a\u00f1o, el 29 de diciembre.","url":"http:\/\/casadecampoliving.com\/es\/emilia-y-j-pepe-fanjul-le-invitan-al-coctel-benefico-de-este-ano-el-29-de-diciembre\/","mainEntityOfPage":{"@type":"WebPage","@id":"http:\/\/casadecampoliving.com\/es\/emilia-y-j-pepe-fanjul-le-invitan-al-coctel-benefico-de-este-ano-el-29-de-diciembre\/"},"thumbnailUrl":"https:\/\/i0.wp.com\/casadecampoliving.com\/wp-content\/uploads\/2022\/10\/hogar_del_nino-28.jpg?resize=150%2C105&ssl=1","image":{"@type":"ImageObject","url":"https:\/\/i0.wp.com\/casadecampoliving.com\/wp-content\/uploads\/2022\/10\/hogar_del_nino-28.jpg?fit=200%2C105&ssl=1"},"articleSection":"Estilo de Vida","author":[{"@type":"Person","name":"Casa de Campo Living"}],"creator":["Casa de Campo Living"],"publisher":{"@type":"Organization","name":"Casa de Campo Living","logo":"https:\/\/casadecampoliving.com\/wp-content\/uploads\/2022\/07\/CDCLivingLogo_V1-white-sized.png"},"keywords":["ayuda","beneficio","coctel","el hogar del nino","emilia fanjul @es","featured-topview @es","fundacion mir","j. pepe fanjul @es","rifa"],"dateCreated":"2018-11-12T04:00:00Z","datePublished":"2018-11-12T04:00:00Z","dateModified":"2022-10-21T23:09:47Z"},"rendered":"<script type=\"application\/ld+json\" class=\"wp-parsely-metadata\">{\"@context\":\"https:\\\/\\\/schema.org\",\"@type\":\"NewsArticle\",\"headline\":\"Emilia y J.Pepe Fanjul le invitan al C\\u00f3ctel Ben\\u00e9fico de este a\\u00f1o, el 29 de diciembre.\",\"url\":\"http:\\\/\\\/casadecampoliving.com\\\/es\\\/emilia-y-j-pepe-fanjul-le-invitan-al-coctel-benefico-de-este-ano-el-29-de-diciembre\\\/\",\"mainEntityOfPage\":{\"@type\":\"WebPage\",\"@id\":\"http:\\\/\\\/casadecampoliving.com\\\/es\\\/emilia-y-j-pepe-fanjul-le-invitan-al-coctel-benefico-de-este-ano-el-29-de-diciembre\\\/\"},\"thumbnailUrl\":\"https:\\\/\\\/i0.wp.com\\\/casadecampoliving.com\\\/wp-content\\\/uploads\\\/2022\\\/10\\\/hogar_del_nino-28.jpg?resize=150%2C105&ssl=1\",\"image\":{\"@type\":\"ImageObject\",\"url\":\"https:\\\/\\\/i0.wp.com\\\/casadecampoliving.com\\\/wp-content\\\/uploads\\\/2022\\\/10\\\/hogar_del_nino-28.jpg?fit=200%2C105&ssl=1\"},\"articleSection\":\"Estilo de Vida\",\"author\":[{\"@type\":\"Person\",\"name\":\"Casa de Campo Living\"}],\"creator\":[\"Casa de Campo Living\"],\"publisher\":{\"@type\":\"Organization\",\"name\":\"Casa de Campo Living\",\"logo\":\"https:\\\/\\\/casadecampoliving.com\\\/wp-content\\\/uploads\\\/2022\\\/07\\\/CDCLivingLogo_V1-white-sized.png\"},\"keywords\":[\"ayuda\",\"beneficio\",\"coctel\",\"el hogar del nino\",\"emilia fanjul @es\",\"featured-topview @es\",\"fundacion mir\",\"j. pepe fanjul @es\",\"rifa\"],\"dateCreated\":\"2018-11-12T04:00:00Z\",\"datePublished\":\"2018-11-12T04:00:00Z\",\"dateModified\":\"2022-10-21T23:09:47Z\"}<\/script>","tracker_url":"https:\/\/cdn.parsely.com\/keys\/casadecampoliving.com\/p.js"},"jetpack_publicize_connections":[],"jetpack_featured_media_url":"https:\/\/i0.wp.com\/casadecampoliving.com\/wp-content\/uploads\/2022\/10\/hogar_del_nino-28.jpg?fit=200%2C105&ssl=1","jetpack-related-posts":[{"id":353613,"url":"https:\/\/casadecampoliving.com\/es\/reserve-la-fecha-para-el-coctel-de-beneficencia-de-este-ano-en-casa-grande-29-de-diciembre\/","url_meta":{"origin":352988,"position":0},"title":"Reserve la fecha para el c\u00f3ctel de beneficencia de este a\u00f1o en Casa Grande, 29 de diciembre","author":"Casa de Campo Living","date":"28 Nov, 2019","format":false,"excerpt":"Emilia y J.Pepe Fanjul cordialmente lo invitan a la 29\u00aa edici\u00f3n de su tradicional Coctel de Beneficencia el domingo 29 de diciembre en Casa Grande en Casa de Campo, en apoyo de la Fundaci\u00f3n MIR y el Hogar del Ni\u00f1o. El evento anual, que a lo largo de los a\u00f1os\u2026","rel":"","context":"En \u00abEstilo de Vida\u00bb","block_context":{"text":"Estilo de Vida","link":"https:\/\/casadecampoliving.com\/es\/category\/estilo-de-vida\/"},"img":{"alt_text":"","src":"https:\/\/i0.wp.com\/casadecampoliving.com\/wp-content\/uploads\/2022\/10\/6-1-2.jpg?fit=1000%2C602&ssl=1&resize=350%2C200","width":350,"height":200,"srcset":"https:\/\/i0.wp.com\/casadecampoliving.com\/wp-content\/uploads\/2022\/10\/6-1-2.jpg?fit=1000%2C602&ssl=1&resize=350%2C200 1x, https:\/\/i0.wp.com\/casadecampoliving.com\/wp-content\/uploads\/2022\/10\/6-1-2.jpg?fit=1000%2C602&ssl=1&resize=525%2C300 1.5x, https:\/\/i0.wp.com\/casadecampoliving.com\/wp-content\/uploads\/2022\/10\/6-1-2.jpg?fit=1000%2C602&ssl=1&resize=700%2C400 2x"},"classes":[]},{"id":352367,"url":"https:\/\/casadecampoliving.com\/es\/coctel-de-beneficencia-favor-de-la-fundacion-mir-y-hogar-del-nino\/","url_meta":{"origin":352988,"position":1},"title":"C\u00f3ctel de beneficencia a favor de la Fundaci\u00f3n MIR y Hogar del Ni\u00f1o","author":"Marlenys Guzm\u00e1n Casta\u00f1os","date":"5 Ene, 2018","format":false,"excerpt":"La semana pasada, el viernes 29 de diciembre, la Sra. Emilia y J.Pepe Fanjul celebraron su tradicional c\u00f3ctel anual en su hogar de Casa de Campo, Casa Grande, donde los invitados fueron recibidos al atardecer con m\u00fasica en vivo y una copa de vino espumoso. Este evento se realiza en\u2026","rel":"","context":"En \u00abRep\u00fablica Dominicana @es\u00bb","block_context":{"text":"Rep\u00fablica Dominicana @es","link":"https:\/\/casadecampoliving.com\/es\/category\/republica-dominicana-2\/"},"img":{"alt_text":"Benefit Cocktail 2017 hosted by Emilia and J.Pepe Fanjul","src":"https:\/\/i0.wp.com\/casadecampoliving.com\/wp-content\/uploads\/2022\/10\/Alfonso-Fierro-Emilia-Fanjul-Jose-Antonio-Muniz-Marita-Fierro-y-Francesca-Pfeifler.jpg?resize=350%2C200","width":350,"height":200,"srcset":"https:\/\/i0.wp.com\/casadecampoliving.com\/wp-content\/uploads\/2022\/10\/Alfonso-Fierro-Emilia-Fanjul-Jose-Antonio-Muniz-Marita-Fierro-y-Francesca-Pfeifler.jpg?resize=350%2C200 1x, https:\/\/i0.wp.com\/casadecampoliving.com\/wp-content\/uploads\/2022\/10\/Alfonso-Fierro-Emilia-Fanjul-Jose-Antonio-Muniz-Marita-Fierro-y-Francesca-Pfeifler.jpg?resize=525%2C300 1.5x, https:\/\/i0.wp.com\/casadecampoliving.com\/wp-content\/uploads\/2022\/10\/Alfonso-Fierro-Emilia-Fanjul-Jose-Antonio-Muniz-Marita-Fierro-y-Francesca-Pfeifler.jpg?resize=700%2C400 2x"},"classes":[]},{"id":353655,"url":"https:\/\/casadecampoliving.com\/es\/j-pepe-y-emilia-fanjul-celebran-coctel-a-beneficio-de-la-fundacion-mir-y-el-hogar-del-nino\/","url_meta":{"origin":352988,"position":2},"title":"J.Pepe y Emilia Fanjul celebran c\u00f3ctel a beneficio de la Fundaci\u00f3n MIR y el Hogar del Ni\u00f1o","author":"Casa de Campo Living","date":"31 Dic, 2019","format":false,"excerpt":"La semana pasada, el domingo 29 de diciembre, la Sra. Emilia y J.Pepe Fanjul celebraron su tradicional c\u00f3ctel anual en su hogar de Casa de Campo, Casa Grande, donde los invitados fueron recibidos al atardecer con m\u00fasica en vivo y una copa de vino espumoso. Este evento se realiza en\u2026","rel":"","context":"En \u00abEstilo de Vida\u00bb","block_context":{"text":"Estilo de Vida","link":"https:\/\/casadecampoliving.com\/es\/category\/estilo-de-vida\/"},"img":{"alt_text":"","src":"https:\/\/i0.wp.com\/casadecampoliving.com\/wp-content\/uploads\/2022\/10\/IMG_4213-scaled.jpg?fit=1200%2C800&ssl=1&resize=350%2C200","width":350,"height":200,"srcset":"https:\/\/i0.wp.com\/casadecampoliving.com\/wp-content\/uploads\/2022\/10\/IMG_4213-scaled.jpg?fit=1200%2C800&ssl=1&resize=350%2C200 1x, https:\/\/i0.wp.com\/casadecampoliving.com\/wp-content\/uploads\/2022\/10\/IMG_4213-scaled.jpg?fit=1200%2C800&ssl=1&resize=525%2C300 1.5x, https:\/\/i0.wp.com\/casadecampoliving.com\/wp-content\/uploads\/2022\/10\/IMG_4213-scaled.jpg?fit=1200%2C800&ssl=1&resize=700%2C400 2x, https:\/\/i0.wp.com\/casadecampoliving.com\/wp-content\/uploads\/2022\/10\/IMG_4213-scaled.jpg?fit=1200%2C800&ssl=1&resize=1050%2C600 3x"},"classes":[]},{"id":350940,"url":"https:\/\/casadecampoliving.com\/es\/marque-su-calendario-para-el-coctel-cartier-benefit-de-este-ano\/","url_meta":{"origin":352988,"position":3},"title":"Marque su calendario para el C\u00f3ctel Cartier Benefit de este a\u00f1o","author":"Marlenys Guzm\u00e1n Casta\u00f1os","date":"20 Dic, 2016","format":false,"excerpt":"Emilia y J.Pepe Fanjul le invitan cordialmente a la 26\u00aa edici\u00f3n del C\u00f3ctel Cartier Benefit el jueves 29 de diciembre en Casa Grande en Casa de Campo, en apoyo de la Fundaci\u00f3n MIR y del Hogar del Ni\u00f1o. El evento anual, que ha recaudado m\u00e1s de US $2 millones para\u2026","rel":"","context":"En \u00abEstilo de Vida\u00bb","block_context":{"text":"Estilo de Vida","link":"https:\/\/casadecampoliving.com\/es\/category\/estilo-de-vida\/"},"img":{"alt_text":"Cartier","src":"https:\/\/i0.wp.com\/casadecampoliving.com\/wp-content\/uploads\/2022\/10\/DSC_0045-2.jpg?fit=1000%2C600&ssl=1&resize=350%2C200","width":350,"height":200,"srcset":"https:\/\/i0.wp.com\/casadecampoliving.com\/wp-content\/uploads\/2022\/10\/DSC_0045-2.jpg?fit=1000%2C600&ssl=1&resize=350%2C200 1x, https:\/\/i0.wp.com\/casadecampoliving.com\/wp-content\/uploads\/2022\/10\/DSC_0045-2.jpg?fit=1000%2C600&ssl=1&resize=525%2C300 1.5x, https:\/\/i0.wp.com\/casadecampoliving.com\/wp-content\/uploads\/2022\/10\/DSC_0045-2.jpg?fit=1000%2C600&ssl=1&resize=700%2C400 2x"},"classes":[]},{"id":337138,"url":"https:\/\/casadecampoliving.com\/es\/reserve-la-fecha-cartier-benefit-para-la-fundacion-mir-y-hogar-del-nino-diciembre-29-2\/","url_meta":{"origin":352988,"position":4},"title":"Reserve la fecha! &#8216;Cartier Benefit&#8217; para la Fundaci\u00f3n MIR y Hogar del Ni\u00f1o: Diciembre 29","author":"Rebecca Silvestri","date":"4 Oct, 2011","format":false,"excerpt":"Reserve la fecha! Emilia y \u00a0J.Pepe Fanjul les invitan al evento benefico anual \u201cCartier Benefit\u201d un coctel y cena para recaudar fondos para las\u00a0Fundaciones MIR y el Hogar del Ni\u00f1o.\u00a0 Todavia no sabemos las detalles sobre este elegante evento pero, sabemos que el patrocinador ser\u00e1 como siempre Cartier, quienes en\u2026","rel":"","context":"En \u00abComidas &amp; Bebidas\u00bb","block_context":{"text":"Comidas &amp; Bebidas","link":"https:\/\/casadecampoliving.com\/es\/category\/comidas-bebidas\/"},"img":{"alt_text":"","src":"https:\/\/i0.wp.com\/casadecampoliving.com\/wp-content\/uploads\/2022\/10\/cartier_benefit_casa_de_campo-5.jpg?fit=565%2C403&ssl=1&resize=350%2C200","width":350,"height":200,"srcset":"https:\/\/i0.wp.com\/casadecampoliving.com\/wp-content\/uploads\/2022\/10\/cartier_benefit_casa_de_campo-5.jpg?fit=565%2C403&ssl=1&resize=350%2C200 1x, https:\/\/i0.wp.com\/casadecampoliving.com\/wp-content\/uploads\/2022\/10\/cartier_benefit_casa_de_campo-5.jpg?fit=565%2C403&ssl=1&resize=525%2C300 1.5x"},"classes":[]},{"id":352307,"url":"https:\/\/casadecampoliving.com\/es\/reserve-la-fecha-para-el-coctel-de-beneficencia-de-este-ano-en-casa-grande\/","url_meta":{"origin":352988,"position":5},"title":"Reserve la fecha para el c\u00f3ctel de beneficencia de este a\u00f1o en Casa Grande","author":"Marlenys Guzm\u00e1n Casta\u00f1os","date":"18 Dic, 2017","format":false,"excerpt":"Emilia y J.Pepe Fanjul cordialmente lo invitan a la 27\u00aa edici\u00f3n de su tradicional Coctel de Beneficencia el viernes 29 de diciembre en Casa Grande en Casa de Campo, en apoyo de la Fundaci\u00f3n MIR y el Hogar del Ni\u00f1o. El evento anual, que a lo largo de los a\u00f1os\u2026","rel":"","context":"En \u00abEstilo de Vida\u00bb","block_context":{"text":"Estilo de Vida","link":"https:\/\/casadecampoliving.com\/es\/category\/estilo-de-vida\/"},"img":{"alt_text":"","src":"https:\/\/i0.wp.com\/casadecampoliving.com\/wp-content\/uploads\/2022\/10\/DSC_2117.jpg?fit=1000%2C662&ssl=1&resize=350%2C200","width":350,"height":200,"srcset":"https:\/\/i0.wp.com\/casadecampoliving.com\/wp-content\/uploads\/2022\/10\/DSC_2117.jpg?fit=1000%2C662&ssl=1&resize=350%2C200 1x, https:\/\/i0.wp.com\/casadecampoliving.com\/wp-content\/uploads\/2022\/10\/DSC_2117.jpg?fit=1000%2C662&ssl=1&resize=525%2C300 1.5x, https:\/\/i0.wp.com\/casadecampoliving.com\/wp-content\/uploads\/2022\/10\/DSC_2117.jpg?fit=1000%2C662&ssl=1&resize=700%2C400 2x"},"classes":[]}],"jetpack_sharing_enabled":true,"_links":{"self":[{"href":"https:\/\/casadecampoliving.com\/es\/wp-json\/wp\/v2\/posts\/352988","targetHints":{"allow":["GET"]}}],"collection":[{"href":"https:\/\/casadecampoliving.com\/es\/wp-json\/wp\/v2\/posts"}],"about":[{"href":"https:\/\/casadecampoliving.com\/es\/wp-json\/wp\/v2\/types\/post"}],"author":[{"embeddable":true,"href":"https:\/\/casadecampoliving.com\/es\/wp-json\/wp\/v2\/users\/36791"}],"replies":[{"embeddable":true,"href":"https:\/\/casadecampoliving.com\/es\/wp-json\/wp\/v2\/comments?post=352988"}],"version-history":[{"count":1,"href":"https:\/\/casadecampoliving.com\/es\/wp-json\/wp\/v2\/posts\/352988\/revisions"}],"predecessor-version":[{"id":352989,"href":"https:\/\/casadecampoliving.com\/es\/wp-json\/wp\/v2\/posts\/352988\/revisions\/352989"}],"wp:featuredmedia":[{"embeddable":true,"href":"https:\/\/casadecampoliving.com\/es\/wp-json\/wp\/v2\/media\/278550"}],"wp:attachment":[{"href":"https:\/\/casadecampoliving.com\/es\/wp-json\/wp\/v2\/media?parent=352988"}],"wp:term":[{"taxonomy":"category","embeddable":true,"href":"https:\/\/casadecampoliving.com\/es\/wp-json\/wp\/v2\/categories?post=352988"},{"taxonomy":"post_tag","embeddable":true,"href":"https:\/\/casadecampoliving.com\/es\/wp-json\/wp\/v2\/tags?post=352988"},{"taxonomy":"newspack_spnsrs_tax","embeddable":true,"href":"https:\/\/casadecampoliving.com\/es\/wp-json\/wp\/v2\/newspack_spnsrs_tax?post=352988"}],"curies":[{"name":"wp","href":"https:\/\/api.w.org\/{rel}","templated":true}]}}