{"id":352966,"date":"2018-10-29T00:00:00","date_gmt":"2018-10-29T04:00:00","guid":{"rendered":"https:\/\/casadecampoliving.com\/el-laac-2019-se-presento-ante-la-prensa-de-republica-dominicana\/"},"modified":"2022-11-10T10:35:42","modified_gmt":"2022-11-10T14:35:42","slug":"el-laac-2019-se-presento-ante-la-prensa-de-republica-dominicana","status":"publish","type":"post","link":"https:\/\/casadecampoliving.com\/es\/el-laac-2019-se-presento-ante-la-prensa-de-republica-dominicana\/","title":{"rendered":"El LAAC 2019 se present\u00f3 ante la prensa de Rep\u00fablica Dominicana"},"content":{"rendered":"Se realiz\u00f3 la presentaci\u00f3n del <a href=\"https:\/\/casadecampoliving.com\/es\/casa-de-campo-sera-sede-del-campeonato-amateur-de-america-latina-laac-en-2019\/\" target=\"_blank\" rel=\"noopener\">Latin America Amateur Championship (LAAC)<\/a> ante los medios de comunicaci\u00f3n m\u00e1s importantes de Rep\u00fablica Dominicana, que ser\u00e1 la sede del campeonato m\u00e1s importante de la regi\u00f3n del 17 al 20 de enero de 2019 en la cancha de Teeth of the Dog en Casa de Campo. El almuerzo de prensa estuvo encabezado por Mark Lawrie, Director The R&amp;A para Latinoam\u00e9rica y el Caribe, quien estuvo acompa\u00f1ado adem\u00e1s por Rafael Villalona, Presidente de la Federaci\u00f3n Dominicana de Golf y Jason Kycek, Senior Vice President of Sales &amp; Marketing de Casa de Campo.<!--more-->\u201cEs muy grato para los organizadores del Latin America Amateur Championship saber que volvemos a Casa de Campo y estamos convencidos de que esta edici\u00f3n va a ser a\u00fan mejor que el exitoso LAAC de 2016. El campeonato que est\u00e1 pr\u00f3ximo a cumplir los cinco a\u00f1os, ha crecido y madurado de manera exponencial. Vemos una enorme evoluci\u00f3n, tanto en la organizaci\u00f3n como en la de los jugadores. Todos los pa\u00edses est\u00e1n interesados en recibir el evento en los pr\u00f3ximos a\u00f1os, de los cuales 4 o 5 est\u00e1n con posibilidades concretas de conseguirlo\u201d, manifest\u00f3 Lawrie, quien se mostr\u00f3 satisfecho por el renovado entusiasmo de la prensa local y de la Fedogolf por el regreso del LAAC a su pa\u00eds.\n\n<img data-recalc-dims=\"1\" loading=\"lazy\" decoding=\"async\" class=\"aligncenter size-full wp-image-164125\" src=\"https:\/\/i0.wp.com\/casadecampoliving-wp.s3-accelerate.amazonaws.com\/2018\/10\/IMG_1591.jpg?resize=1000%2C602&#038;ssl=1\" alt=\"\" width=\"1000\" height=\"602\" srcset=\"https:\/\/i0.wp.com\/casadecampoliving.com\/wp-content\/uploads\/2018\/10\/IMG_1591.jpg?w=1000&amp;ssl=1 1000w, https:\/\/i0.wp.com\/casadecampoliving.com\/wp-content\/uploads\/2018\/10\/IMG_1591.jpg?resize=300%2C180&amp;ssl=1 300w, https:\/\/i0.wp.com\/casadecampoliving.com\/wp-content\/uploads\/2018\/10\/IMG_1591.jpg?resize=768%2C462&amp;ssl=1 768w, https:\/\/i0.wp.com\/casadecampoliving.com\/wp-content\/uploads\/2018\/10\/IMG_1591.jpg?resize=450%2C270&amp;ssl=1 450w, https:\/\/i0.wp.com\/casadecampoliving-wp.s3-accelerate.amazonaws.com\/2018\/10\/IMG_1591.jpg?w=370&amp;ssl=1 370w, https:\/\/i0.wp.com\/casadecampoliving-wp.s3-accelerate.amazonaws.com\/2018\/10\/IMG_1591.jpg?w=400&amp;ssl=1 400w\" sizes=\"auto, (max-width: 1000px) 100vw, 1000px\" \/>\n\nPor su parte, Villalona expres\u00f3 su agradecimiento a los Socios Fundadores del torneo por haber vuelto a elegir a Rep\u00fablica Dominicana para ser sede de este prestigioso evento. \u201cEstamos muy contentos de que el LAAC vuelva a jugarse en Casa de Campo el pr\u00f3ximo enero, su paso por el pa\u00eds en 2016 nos ha dejado un legado muy importante y su aporte fue fundamental para ayudar al crecimiento de este deporte. Nos ha puesto en el mapa y esto permiti\u00f3 que podamos desarrollarnos a\u00fan m\u00e1s como Federaci\u00f3n. Hemos podido ayudar a muchos j\u00f3venes que se entusiasmaron al ver el LAAC en su pa\u00eds\u201d, indic\u00f3 el directivo.\n\nEn tanto, Kycek se refiri\u00f3 a todos los trabajos y mejoras que realizaron en Casa de Campo que podr\u00e1n disfrutar todos los que viajen para ver el torneo. \u201cEstamos muy contentos por recibir nuevamente a un evento de esta categor\u00eda en nuestro resort. Es un verdadero honor y privilegio ser anfitriones del campeonato organizado por el Masters Tournament, The R&amp;A y la USGA. Estamos esperando con ansias el comienzo del certamen y deseamos recibirlos a todos con los brazos abiertos\u201d.\n\n<img data-recalc-dims=\"1\" loading=\"lazy\" decoding=\"async\" class=\"aligncenter size-full wp-image-164126\" src=\"https:\/\/i0.wp.com\/casadecampoliving-wp.s3-accelerate.amazonaws.com\/2018\/10\/IMG_1566.jpg?resize=1000%2C667&#038;ssl=1\" alt=\"\" width=\"1000\" height=\"667\" srcset=\"https:\/\/i0.wp.com\/casadecampoliving.com\/wp-content\/uploads\/2018\/10\/IMG_1566.jpg?w=1000&amp;ssl=1 1000w, https:\/\/i0.wp.com\/casadecampoliving.com\/wp-content\/uploads\/2018\/10\/IMG_1566.jpg?resize=300%2C200&amp;ssl=1 300w, https:\/\/i0.wp.com\/casadecampoliving.com\/wp-content\/uploads\/2018\/10\/IMG_1566.jpg?resize=768%2C512&amp;ssl=1 768w, https:\/\/i0.wp.com\/casadecampoliving-wp.s3-accelerate.amazonaws.com\/2018\/10\/IMG_1566.jpg?w=370&amp;ssl=1 370w, https:\/\/i0.wp.com\/casadecampoliving-wp.s3-accelerate.amazonaws.com\/2018\/10\/IMG_1566.jpg?w=400&amp;ssl=1 400w\" sizes=\"auto, (max-width: 1000px) 100vw, 1000px\" \/>\n\nFundado por el Masters Tournament, The R&amp;A y la USGA, el Latin America Amateur Championship fue creado para desarrollar a\u00fan m\u00e1s el golf amateur en toda la regi\u00f3n, y en forma espec\u00edfica en Am\u00e9rica del Sur, Central, M\u00e9xico y el Caribe. El evento inaugural del LAAC se jug\u00f3 en 2015 en Pilar Golf, Buenos Aires, Argentina y tuvo como ganador al chileno Mat\u00edas Dom\u00ednguez. En 2016 el costarricense Paul Chaplet triunf\u00f3 en la segunda edici\u00f3n del LAAC en Teeth of The Dog en Casa de Campo, Rep\u00fablica Dominicana. En 2017 el chileno Toto Gana levant\u00f3 la copa en el Club de Golf de Panam\u00e1. Y en 2018 el chileno Joaqu\u00edn Niemann conquist\u00f3 el t\u00edtulo en el Prince of Wales Country Club, en Santiago, Chile.\n\nLos beneficios que otorga el LAAC son in\u00e9ditos dentro del golf latinoamericano: el ganador del Latin America Amateur Championship tendr\u00e1 la chance de jugar en tres Majors, ya que se asegura un lugar en el Masters Tournament 2019 y obtiene, junto al subcampe\u00f3n (es), la exenci\u00f3n para participar en las fases clasificatorias finales con la posibilidad de ingresar a The 148th Open, que se jugar\u00e1 en Royal Portrush, y al U.S. Open, que tendr\u00e1 lugar en Pebble Beach el pr\u00f3ximo a\u00f1o. Adem\u00e1s, el campe\u00f3n se gana un lugar en The Amateur Championship y U.S. Amateur de 2018, como cualquier otro campeonato aficionado de la USGA para el cual sea elegible.\n\n<em>Informaci\u00f3n y fotos cortes\u00eda de<a href=\"http:\/\/www.laacgolf.com\/\" target=\"_blank\" rel=\"noopener\">&nbsp;LAAC<\/a>&nbsp;y Casa de Campo<\/em>\n\n\n<figure class=\"wp-block-gallery has-nested-images columns-default is-cropped wp-block-gallery-1 is-layout-flex wp-block-gallery-is-layout-flex\">\n<figure class=\"wp-block-image size-large\"><img data-recalc-dims=\"1\" loading=\"lazy\" decoding=\"async\" width=\"667\" height=\"1000\" data-id=\"397013\" src=\"https:\/\/i0.wp.com\/casadecampoliving.com\/wp-content\/uploads\/2022\/10\/IMG_1507.jpg?resize=667%2C1000&#038;ssl=1\" alt=\"\" class=\"wp-image-397013\" srcset=\"https:\/\/i0.wp.com\/casadecampoliving.com\/wp-content\/uploads\/2022\/10\/IMG_1507.jpg?w=667&amp;ssl=1 667w, https:\/\/i0.wp.com\/casadecampoliving.com\/wp-content\/uploads\/2022\/10\/IMG_1507.jpg?resize=200%2C300&amp;ssl=1 200w, https:\/\/i0.wp.com\/casadecampoliving.com\/wp-content\/uploads\/2022\/10\/IMG_1507.jpg?resize=400%2C600&amp;ssl=1 400w, https:\/\/i0.wp.com\/casadecampoliving.com\/wp-content\/uploads\/2022\/10\/IMG_1507.jpg?resize=150%2C225&amp;ssl=1 150w, https:\/\/i0.wp.com\/casadecampoliving.com\/wp-content\/uploads\/2022\/10\/IMG_1507.jpg?w=370&amp;ssl=1 370w\" sizes=\"auto, (max-width: 667px) 100vw, 667px\" \/><\/figure>\n\n\n\n<figure class=\"wp-block-image size-large\"><img data-recalc-dims=\"1\" loading=\"lazy\" decoding=\"async\" width=\"667\" height=\"1000\" data-id=\"397040\" src=\"https:\/\/i0.wp.com\/casadecampoliving.com\/wp-content\/uploads\/2022\/10\/IMG_1513.jpg?resize=667%2C1000&#038;ssl=1\" alt=\"\" class=\"wp-image-397040\" srcset=\"https:\/\/i0.wp.com\/casadecampoliving.com\/wp-content\/uploads\/2022\/10\/IMG_1513.jpg?w=667&amp;ssl=1 667w, https:\/\/i0.wp.com\/casadecampoliving.com\/wp-content\/uploads\/2022\/10\/IMG_1513.jpg?resize=200%2C300&amp;ssl=1 200w, https:\/\/i0.wp.com\/casadecampoliving.com\/wp-content\/uploads\/2022\/10\/IMG_1513.jpg?resize=400%2C600&amp;ssl=1 400w, https:\/\/i0.wp.com\/casadecampoliving.com\/wp-content\/uploads\/2022\/10\/IMG_1513.jpg?resize=150%2C225&amp;ssl=1 150w, https:\/\/i0.wp.com\/casadecampoliving.com\/wp-content\/uploads\/2022\/10\/IMG_1513.jpg?w=370&amp;ssl=1 370w\" sizes=\"auto, (max-width: 667px) 100vw, 667px\" \/><\/figure>\n\n\n\n<figure class=\"wp-block-image size-large\"><img data-recalc-dims=\"1\" loading=\"lazy\" decoding=\"async\" width=\"667\" height=\"1000\" data-id=\"397062\" src=\"https:\/\/i0.wp.com\/casadecampoliving.com\/wp-content\/uploads\/2022\/10\/IMG_1515-1.jpg?resize=667%2C1000&#038;ssl=1\" alt=\"\" class=\"wp-image-397062\" srcset=\"https:\/\/i0.wp.com\/casadecampoliving.com\/wp-content\/uploads\/2022\/10\/IMG_1515-1.jpg?w=667&amp;ssl=1 667w, https:\/\/i0.wp.com\/casadecampoliving.com\/wp-content\/uploads\/2022\/10\/IMG_1515-1.jpg?resize=200%2C300&amp;ssl=1 200w, https:\/\/i0.wp.com\/casadecampoliving.com\/wp-content\/uploads\/2022\/10\/IMG_1515-1.jpg?resize=400%2C600&amp;ssl=1 400w, https:\/\/i0.wp.com\/casadecampoliving.com\/wp-content\/uploads\/2022\/10\/IMG_1515-1.jpg?resize=150%2C225&amp;ssl=1 150w, https:\/\/i0.wp.com\/casadecampoliving.com\/wp-content\/uploads\/2022\/10\/IMG_1515-1.jpg?w=370&amp;ssl=1 370w\" sizes=\"auto, (max-width: 667px) 100vw, 667px\" \/><\/figure>\n\n\n\n<figure class=\"wp-block-image size-large\"><img data-recalc-dims=\"1\" loading=\"lazy\" decoding=\"async\" width=\"1000\" height=\"667\" data-id=\"397088\" src=\"https:\/\/i0.wp.com\/casadecampoliving.com\/wp-content\/uploads\/2022\/10\/IMG_1523.jpg?resize=1000%2C667&#038;ssl=1\" alt=\"\" class=\"wp-image-397088\" srcset=\"https:\/\/i0.wp.com\/casadecampoliving.com\/wp-content\/uploads\/2022\/10\/IMG_1523.jpg?w=1000&amp;ssl=1 1000w, https:\/\/i0.wp.com\/casadecampoliving.com\/wp-content\/uploads\/2022\/10\/IMG_1523.jpg?resize=300%2C200&amp;ssl=1 300w, https:\/\/i0.wp.com\/casadecampoliving.com\/wp-content\/uploads\/2022\/10\/IMG_1523.jpg?resize=768%2C512&amp;ssl=1 768w, https:\/\/i0.wp.com\/casadecampoliving.com\/wp-content\/uploads\/2022\/10\/IMG_1523.jpg?resize=400%2C267&amp;ssl=1 400w, https:\/\/i0.wp.com\/casadecampoliving.com\/wp-content\/uploads\/2022\/10\/IMG_1523.jpg?resize=706%2C471&amp;ssl=1 706w, https:\/\/i0.wp.com\/casadecampoliving.com\/wp-content\/uploads\/2022\/10\/IMG_1523.jpg?resize=150%2C100&amp;ssl=1 150w, https:\/\/i0.wp.com\/casadecampoliving.com\/wp-content\/uploads\/2022\/10\/IMG_1523.jpg?w=370&amp;ssl=1 370w\" sizes=\"auto, (max-width: 1000px) 100vw, 1000px\" \/><\/figure>\n\n\n\n<figure class=\"wp-block-image size-large\"><img data-recalc-dims=\"1\" loading=\"lazy\" decoding=\"async\" width=\"1000\" height=\"667\" data-id=\"397103\" src=\"https:\/\/i0.wp.com\/casadecampoliving.com\/wp-content\/uploads\/2022\/10\/IMG_1530.jpg?resize=1000%2C667&#038;ssl=1\" alt=\"\" class=\"wp-image-397103\" srcset=\"https:\/\/i0.wp.com\/casadecampoliving.com\/wp-content\/uploads\/2022\/10\/IMG_1530.jpg?w=1000&amp;ssl=1 1000w, https:\/\/i0.wp.com\/casadecampoliving.com\/wp-content\/uploads\/2022\/10\/IMG_1530.jpg?resize=300%2C200&amp;ssl=1 300w, https:\/\/i0.wp.com\/casadecampoliving.com\/wp-content\/uploads\/2022\/10\/IMG_1530.jpg?resize=768%2C512&amp;ssl=1 768w, https:\/\/i0.wp.com\/casadecampoliving.com\/wp-content\/uploads\/2022\/10\/IMG_1530.jpg?resize=400%2C267&amp;ssl=1 400w, https:\/\/i0.wp.com\/casadecampoliving.com\/wp-content\/uploads\/2022\/10\/IMG_1530.jpg?resize=706%2C471&amp;ssl=1 706w, https:\/\/i0.wp.com\/casadecampoliving.com\/wp-content\/uploads\/2022\/10\/IMG_1530.jpg?resize=150%2C100&amp;ssl=1 150w, https:\/\/i0.wp.com\/casadecampoliving.com\/wp-content\/uploads\/2022\/10\/IMG_1530.jpg?w=370&amp;ssl=1 370w\" sizes=\"auto, (max-width: 1000px) 100vw, 1000px\" \/><\/figure>\n\n\n\n<figure class=\"wp-block-image size-large\"><img data-recalc-dims=\"1\" loading=\"lazy\" decoding=\"async\" width=\"1000\" height=\"667\" data-id=\"397128\" src=\"https:\/\/i0.wp.com\/casadecampoliving.com\/wp-content\/uploads\/2022\/10\/IMG_1534.jpg?resize=1000%2C667&#038;ssl=1\" alt=\"\" class=\"wp-image-397128\" srcset=\"https:\/\/i0.wp.com\/casadecampoliving.com\/wp-content\/uploads\/2022\/10\/IMG_1534.jpg?w=1000&amp;ssl=1 1000w, https:\/\/i0.wp.com\/casadecampoliving.com\/wp-content\/uploads\/2022\/10\/IMG_1534.jpg?resize=300%2C200&amp;ssl=1 300w, https:\/\/i0.wp.com\/casadecampoliving.com\/wp-content\/uploads\/2022\/10\/IMG_1534.jpg?resize=768%2C512&amp;ssl=1 768w, https:\/\/i0.wp.com\/casadecampoliving.com\/wp-content\/uploads\/2022\/10\/IMG_1534.jpg?resize=400%2C267&amp;ssl=1 400w, https:\/\/i0.wp.com\/casadecampoliving.com\/wp-content\/uploads\/2022\/10\/IMG_1534.jpg?resize=706%2C471&amp;ssl=1 706w, https:\/\/i0.wp.com\/casadecampoliving.com\/wp-content\/uploads\/2022\/10\/IMG_1534.jpg?resize=150%2C100&amp;ssl=1 150w, https:\/\/i0.wp.com\/casadecampoliving.com\/wp-content\/uploads\/2022\/10\/IMG_1534.jpg?w=370&amp;ssl=1 370w\" sizes=\"auto, (max-width: 1000px) 100vw, 1000px\" \/><\/figure>\n\n\n\n<figure class=\"wp-block-image size-large\"><img data-recalc-dims=\"1\" loading=\"lazy\" decoding=\"async\" width=\"1000\" height=\"667\" data-id=\"397152\" src=\"https:\/\/i0.wp.com\/casadecampoliving.com\/wp-content\/uploads\/2022\/10\/IMG_1579.jpg?resize=1000%2C667&#038;ssl=1\" alt=\"\" class=\"wp-image-397152\" srcset=\"https:\/\/i0.wp.com\/casadecampoliving.com\/wp-content\/uploads\/2022\/10\/IMG_1579.jpg?w=1000&amp;ssl=1 1000w, https:\/\/i0.wp.com\/casadecampoliving.com\/wp-content\/uploads\/2022\/10\/IMG_1579.jpg?resize=300%2C200&amp;ssl=1 300w, https:\/\/i0.wp.com\/casadecampoliving.com\/wp-content\/uploads\/2022\/10\/IMG_1579.jpg?resize=768%2C512&amp;ssl=1 768w, https:\/\/i0.wp.com\/casadecampoliving.com\/wp-content\/uploads\/2022\/10\/IMG_1579.jpg?resize=400%2C267&amp;ssl=1 400w, https:\/\/i0.wp.com\/casadecampoliving.com\/wp-content\/uploads\/2022\/10\/IMG_1579.jpg?resize=706%2C471&amp;ssl=1 706w, https:\/\/i0.wp.com\/casadecampoliving.com\/wp-content\/uploads\/2022\/10\/IMG_1579.jpg?resize=150%2C100&amp;ssl=1 150w, https:\/\/i0.wp.com\/casadecampoliving.com\/wp-content\/uploads\/2022\/10\/IMG_1579.jpg?w=370&amp;ssl=1 370w\" sizes=\"auto, (max-width: 1000px) 100vw, 1000px\" \/><\/figure>\n\n\n\n<figure class=\"wp-block-image size-large\"><img data-recalc-dims=\"1\" loading=\"lazy\" decoding=\"async\" width=\"667\" height=\"1000\" data-id=\"397176\" src=\"https:\/\/i0.wp.com\/casadecampoliving.com\/wp-content\/uploads\/2022\/10\/IMG_1598.jpg?resize=667%2C1000&#038;ssl=1\" alt=\"\" class=\"wp-image-397176\" srcset=\"https:\/\/i0.wp.com\/casadecampoliving.com\/wp-content\/uploads\/2022\/10\/IMG_1598.jpg?w=667&amp;ssl=1 667w, https:\/\/i0.wp.com\/casadecampoliving.com\/wp-content\/uploads\/2022\/10\/IMG_1598.jpg?resize=200%2C300&amp;ssl=1 200w, https:\/\/i0.wp.com\/casadecampoliving.com\/wp-content\/uploads\/2022\/10\/IMG_1598.jpg?resize=400%2C600&amp;ssl=1 400w, https:\/\/i0.wp.com\/casadecampoliving.com\/wp-content\/uploads\/2022\/10\/IMG_1598.jpg?resize=150%2C225&amp;ssl=1 150w, https:\/\/i0.wp.com\/casadecampoliving.com\/wp-content\/uploads\/2022\/10\/IMG_1598.jpg?w=370&amp;ssl=1 370w\" sizes=\"auto, (max-width: 667px) 100vw, 667px\" \/><\/figure>\n\n\n\n<figure class=\"wp-block-image size-large\"><img data-recalc-dims=\"1\" loading=\"lazy\" decoding=\"async\" width=\"667\" height=\"1000\" data-id=\"397197\" src=\"https:\/\/i0.wp.com\/casadecampoliving.com\/wp-content\/uploads\/2022\/10\/IMG_1625.jpg?resize=667%2C1000&#038;ssl=1\" alt=\"\" class=\"wp-image-397197\" srcset=\"https:\/\/i0.wp.com\/casadecampoliving.com\/wp-content\/uploads\/2022\/10\/IMG_1625.jpg?w=667&amp;ssl=1 667w, https:\/\/i0.wp.com\/casadecampoliving.com\/wp-content\/uploads\/2022\/10\/IMG_1625.jpg?resize=200%2C300&amp;ssl=1 200w, https:\/\/i0.wp.com\/casadecampoliving.com\/wp-content\/uploads\/2022\/10\/IMG_1625.jpg?resize=400%2C600&amp;ssl=1 400w, https:\/\/i0.wp.com\/casadecampoliving.com\/wp-content\/uploads\/2022\/10\/IMG_1625.jpg?resize=150%2C225&amp;ssl=1 150w, https:\/\/i0.wp.com\/casadecampoliving.com\/wp-content\/uploads\/2022\/10\/IMG_1625.jpg?w=370&amp;ssl=1 370w\" sizes=\"auto, (max-width: 667px) 100vw, 667px\" \/><\/figure>\n\n\n\n<figure class=\"wp-block-image size-large\"><img data-recalc-dims=\"1\" loading=\"lazy\" decoding=\"async\" width=\"667\" height=\"1000\" data-id=\"397221\" src=\"https:\/\/i0.wp.com\/casadecampoliving.com\/wp-content\/uploads\/2022\/10\/IMG_1635.jpg?resize=667%2C1000&#038;ssl=1\" alt=\"\" class=\"wp-image-397221\" srcset=\"https:\/\/i0.wp.com\/casadecampoliving.com\/wp-content\/uploads\/2022\/10\/IMG_1635.jpg?w=667&amp;ssl=1 667w, https:\/\/i0.wp.com\/casadecampoliving.com\/wp-content\/uploads\/2022\/10\/IMG_1635.jpg?resize=200%2C300&amp;ssl=1 200w, https:\/\/i0.wp.com\/casadecampoliving.com\/wp-content\/uploads\/2022\/10\/IMG_1635.jpg?resize=400%2C600&amp;ssl=1 400w, https:\/\/i0.wp.com\/casadecampoliving.com\/wp-content\/uploads\/2022\/10\/IMG_1635.jpg?resize=150%2C225&amp;ssl=1 150w, https:\/\/i0.wp.com\/casadecampoliving.com\/wp-content\/uploads\/2022\/10\/IMG_1635.jpg?w=370&amp;ssl=1 370w\" sizes=\"auto, (max-width: 667px) 100vw, 667px\" \/><\/figure>\n<\/figure>\n","protected":false},"excerpt":{"rendered":"<p>Se realiz\u00f3 la presentaci\u00f3n del Latin America Amateur Championship (LAAC) ante los medios de comunicaci\u00f3n m\u00e1s importantes de Rep\u00fablica Dominicana, que ser\u00e1 la sede del campeonato m\u00e1s importante de la regi\u00f3n del 17 al 20 de enero de 2019 en la cancha de Teeth of the Dog en Casa de Campo. El almuerzo de prensa [&hellip;]<\/p>\n","protected":false},"author":36791,"featured_media":0,"comment_status":"closed","ping_status":"closed","sticky":false,"template":"","format":"standard","meta":{"newspack_ads_suppress_ads":false,"newspack_popups_has_disabled_popups":false,"newspack_sponsor_sponsorship_scope":"","newspack_sponsor_native_byline_display":"inherit","newspack_sponsor_native_category_display":"inherit","newspack_sponsor_underwriter_style":"inherit","newspack_sponsor_underwriter_placement":"inherit","_newspack_byline_active":false,"_newspack_byline":"","newspack_hide_updated_date":false,"newspack_show_updated_date":false,"newspack_content_restriction_is_exempt":false,"newspack_featured_image_position":"","newspack_post_subtitle":"","newspack_article_summary_title":"Overview:","newspack_article_summary":"","_jetpack_memberships_contains_paid_content":false,"footnotes":"","jetpack_publicize_message":"","jetpack_publicize_feature_enabled":true,"jetpack_social_post_already_shared":false,"jetpack_social_options":{"image_generator_settings":{"template":"highway","default_image_id":0,"font":"","enabled":false},"version":2},"_wpas_customize_per_network":false},"categories":[2506,2521,2522,14631,14625,26822,2525,14627],"tags":[22456,23815,22371,18629,14736,22455,18932,22454,22457,14777],"newspack_spnsrs_tax":[],"class_list":["post-352966","post","type-post","status-publish","format-standard","hentry","category-mas-alla-de-casa-es","category-republica-dominicana-2","category-eventos-es","category-estilo-de-vida","category-noticias-locales","category-resort-casa-de-campo","category-golf-deportes-es","category-proximamente","tag-campeonato-de-amateur-latinoamericano","tag-casa-de-campo-es-17","tag-dientes-del-perro","tag-dominican-republic-es-5","tag-featured-topview-es","tag-ganador-de-laac","tag-la-romana-es-4","tag-laac-republica-dominicana","tag-pabellon-de-pablo","tag-republica-dominicana-es-18","entry"],"yoast_head":"<!-- This site is optimized with the Yoast SEO plugin v27.5 - https:\/\/yoast.com\/product\/yoast-seo-wordpress\/ -->\n<title>El LAAC 2019 se present\u00f3 ante la prensa de Rep\u00fablica Dominicana | Casa de Campo Living<\/title>\n<meta name=\"description\" content=\"Se realiz\u00f3 la presentaci\u00f3n del Latin America Amateur Championship (LAAC) ante los medios de comunicaci\u00f3n m\u00e1s importantes de Rep\u00fablica Dominicana, que ser\u00e1\" \/>\n<meta name=\"robots\" content=\"index, follow, max-snippet:-1, max-image-preview:large, max-video-preview:-1\" \/>\n<link rel=\"canonical\" href=\"https:\/\/casadecampoliving.com\/es\/el-laac-2019-se-presento-ante-la-prensa-de-republica-dominicana\/\" \/>\n<meta property=\"og:locale\" content=\"es_ES\" \/>\n<meta property=\"og:type\" content=\"article\" \/>\n<meta property=\"og:title\" content=\"El LAAC 2019 se present\u00f3 ante la prensa de Rep\u00fablica Dominicana | Casa de Campo Living\" \/>\n<meta property=\"og:description\" content=\"Se realiz\u00f3 la presentaci\u00f3n del Latin America Amateur Championship (LAAC) ante los medios de comunicaci\u00f3n m\u00e1s importantes de Rep\u00fablica Dominicana, que ser\u00e1\" \/>\n<meta property=\"og:url\" content=\"https:\/\/casadecampoliving.com\/es\/el-laac-2019-se-presento-ante-la-prensa-de-republica-dominicana\/\" \/>\n<meta property=\"og:site_name\" content=\"Casa de Campo Living\" \/>\n<meta property=\"article:publisher\" content=\"https:\/\/www.facebook.com\/casadecampoliving\" \/>\n<meta property=\"article:published_time\" content=\"2018-10-29T04:00:00+00:00\" \/>\n<meta property=\"article:modified_time\" content=\"2022-11-10T14:35:42+00:00\" \/>\n<meta property=\"og:image\" content=\"https:\/\/casadecampoliving-wp.s3-accelerate.amazonaws.com\/2018\/10\/IMG_1591.jpg\" \/>\n<meta name=\"author\" content=\"Casa de Campo Living\" \/>\n<meta name=\"twitter:card\" content=\"summary_large_image\" \/>\n<meta name=\"twitter:creator\" content=\"@cdcliving\" \/>\n<meta name=\"twitter:site\" content=\"@cdcliving\" \/>\n<meta name=\"twitter:label1\" content=\"Escrito por\" \/>\n\t<meta name=\"twitter:data1\" content=\"Casa de Campo Living\" \/>\n\t<meta name=\"twitter:label2\" content=\"Tiempo de lectura\" \/>\n\t<meta name=\"twitter:data2\" content=\"3 minutos\" \/>\n<script type=\"application\/ld+json\" class=\"yoast-schema-graph\">{\"@context\":\"https:\\\/\\\/schema.org\",\"@graph\":[{\"@type\":\"Article\",\"@id\":\"https:\\\/\\\/casadecampoliving.com\\\/es\\\/el-laac-2019-se-presento-ante-la-prensa-de-republica-dominicana\\\/#article\",\"isPartOf\":{\"@id\":\"https:\\\/\\\/casadecampoliving.com\\\/es\\\/el-laac-2019-se-presento-ante-la-prensa-de-republica-dominicana\\\/\"},\"author\":{\"name\":\"Casa de Campo Living\",\"@id\":\"https:\\\/\\\/casadecampoliving.com\\\/es\\\/#\\\/schema\\\/person\\\/5d2171637a9d11e0e43ce6b8555f9422\"},\"headline\":\"El LAAC 2019 se present\u00f3 ante la prensa de Rep\u00fablica Dominicana\",\"datePublished\":\"2018-10-29T04:00:00+00:00\",\"dateModified\":\"2022-11-10T14:35:42+00:00\",\"mainEntityOfPage\":{\"@id\":\"https:\\\/\\\/casadecampoliving.com\\\/es\\\/el-laac-2019-se-presento-ante-la-prensa-de-republica-dominicana\\\/\"},\"wordCount\":705,\"publisher\":{\"@id\":\"https:\\\/\\\/casadecampoliving.com\\\/es\\\/#organization\"},\"image\":{\"@id\":\"https:\\\/\\\/casadecampoliving.com\\\/es\\\/el-laac-2019-se-presento-ante-la-prensa-de-republica-dominicana\\\/#primaryimage\"},\"thumbnailUrl\":\"https:\\\/\\\/casadecampoliving-wp.s3-accelerate.amazonaws.com\\\/2018\\\/10\\\/IMG_1591.jpg\",\"keywords\":[\"CAMPEONATO DE AMATEUR LATINOAMERICANO\",\"Casa de Campo\",\"DIENTES DEL PERRO\",\"Dominican Republic\",\"Featured-TopView @es\",\"GANADOR DE LAAC\",\"La Romana\",\"LAAC REP\u00daBLICA DOMINICANA\",\"PABELL\u00d3N DE PABLO\",\"Republica Dominicana\"],\"articleSection\":[\"M\u00e1s all\u00e1 de Casa\",\"Rep\u00fablica Dominicana @es\",\"Eventos\",\"Estilo de Vida\",\"Noticias Locales\",\"Resort Casa de Campo\",\"Deportes\",\"Proximamente\"],\"inLanguage\":\"es\"},{\"@type\":\"WebPage\",\"@id\":\"https:\\\/\\\/casadecampoliving.com\\\/es\\\/el-laac-2019-se-presento-ante-la-prensa-de-republica-dominicana\\\/\",\"url\":\"https:\\\/\\\/casadecampoliving.com\\\/es\\\/el-laac-2019-se-presento-ante-la-prensa-de-republica-dominicana\\\/\",\"name\":\"El LAAC 2019 se present\u00f3 ante la prensa de Rep\u00fablica Dominicana | Casa de Campo Living\",\"isPartOf\":{\"@id\":\"https:\\\/\\\/casadecampoliving.com\\\/es\\\/#website\"},\"primaryImageOfPage\":{\"@id\":\"https:\\\/\\\/casadecampoliving.com\\\/es\\\/el-laac-2019-se-presento-ante-la-prensa-de-republica-dominicana\\\/#primaryimage\"},\"image\":{\"@id\":\"https:\\\/\\\/casadecampoliving.com\\\/es\\\/el-laac-2019-se-presento-ante-la-prensa-de-republica-dominicana\\\/#primaryimage\"},\"thumbnailUrl\":\"https:\\\/\\\/casadecampoliving-wp.s3-accelerate.amazonaws.com\\\/2018\\\/10\\\/IMG_1591.jpg\",\"datePublished\":\"2018-10-29T04:00:00+00:00\",\"dateModified\":\"2022-11-10T14:35:42+00:00\",\"description\":\"Se realiz\u00f3 la presentaci\u00f3n del Latin America Amateur Championship (LAAC) ante los medios de comunicaci\u00f3n m\u00e1s importantes de Rep\u00fablica Dominicana, que ser\u00e1\",\"breadcrumb\":{\"@id\":\"https:\\\/\\\/casadecampoliving.com\\\/es\\\/el-laac-2019-se-presento-ante-la-prensa-de-republica-dominicana\\\/#breadcrumb\"},\"inLanguage\":\"es\",\"potentialAction\":[{\"@type\":\"ReadAction\",\"target\":[\"https:\\\/\\\/casadecampoliving.com\\\/es\\\/el-laac-2019-se-presento-ante-la-prensa-de-republica-dominicana\\\/\"]}]},{\"@type\":\"ImageObject\",\"inLanguage\":\"es\",\"@id\":\"https:\\\/\\\/casadecampoliving.com\\\/es\\\/el-laac-2019-se-presento-ante-la-prensa-de-republica-dominicana\\\/#primaryimage\",\"url\":\"https:\\\/\\\/casadecampoliving-wp.s3-accelerate.amazonaws.com\\\/2018\\\/10\\\/IMG_1591.jpg\",\"contentUrl\":\"https:\\\/\\\/casadecampoliving-wp.s3-accelerate.amazonaws.com\\\/2018\\\/10\\\/IMG_1591.jpg\"},{\"@type\":\"BreadcrumbList\",\"@id\":\"https:\\\/\\\/casadecampoliving.com\\\/es\\\/el-laac-2019-se-presento-ante-la-prensa-de-republica-dominicana\\\/#breadcrumb\",\"itemListElement\":[{\"@type\":\"ListItem\",\"position\":1,\"name\":\"Home\",\"item\":\"https:\\\/\\\/casadecampoliving.com\\\/es\\\/\"},{\"@type\":\"ListItem\",\"position\":2,\"name\":\"El LAAC 2019 se present\u00f3 ante la prensa de Rep\u00fablica Dominicana\"}]},{\"@type\":\"WebSite\",\"@id\":\"https:\\\/\\\/casadecampoliving.com\\\/es\\\/#website\",\"url\":\"https:\\\/\\\/casadecampoliving.com\\\/es\\\/\",\"name\":\"Casa de Campo Living\",\"description\":\"Resort community news and resources.\",\"publisher\":{\"@id\":\"https:\\\/\\\/casadecampoliving.com\\\/es\\\/#organization\"},\"potentialAction\":[{\"@type\":\"SearchAction\",\"target\":{\"@type\":\"EntryPoint\",\"urlTemplate\":\"https:\\\/\\\/casadecampoliving.com\\\/es\\\/?s={search_term_string}\"},\"query-input\":{\"@type\":\"PropertyValueSpecification\",\"valueRequired\":true,\"valueName\":\"search_term_string\"}}],\"inLanguage\":\"es\"},{\"@type\":\"Organization\",\"@id\":\"https:\\\/\\\/casadecampoliving.com\\\/es\\\/#organization\",\"name\":\"Casa de Campo Living\",\"url\":\"https:\\\/\\\/casadecampoliving.com\\\/es\\\/\",\"logo\":{\"@type\":\"ImageObject\",\"inLanguage\":\"es\",\"@id\":\"https:\\\/\\\/casadecampoliving.com\\\/es\\\/#\\\/schema\\\/logo\\\/image\\\/\",\"url\":\"https:\\\/\\\/i0.wp.com\\\/casadecampoliving.com\\\/wp-content\\\/uploads\\\/2022\\\/07\\\/CDCLivingLogo_V1-white-sized.png?fit=800%2C214&ssl=1\",\"contentUrl\":\"https:\\\/\\\/i0.wp.com\\\/casadecampoliving.com\\\/wp-content\\\/uploads\\\/2022\\\/07\\\/CDCLivingLogo_V1-white-sized.png?fit=800%2C214&ssl=1\",\"width\":800,\"height\":214,\"caption\":\"Casa de Campo Living\"},\"image\":{\"@id\":\"https:\\\/\\\/casadecampoliving.com\\\/es\\\/#\\\/schema\\\/logo\\\/image\\\/\"},\"sameAs\":[\"https:\\\/\\\/www.facebook.com\\\/casadecampoliving\",\"https:\\\/\\\/x.com\\\/cdcliving\"]},{\"@type\":\"Person\",\"@id\":\"https:\\\/\\\/casadecampoliving.com\\\/es\\\/#\\\/schema\\\/person\\\/5d2171637a9d11e0e43ce6b8555f9422\",\"name\":\"Casa de Campo Living\",\"image\":{\"@type\":\"ImageObject\",\"inLanguage\":\"es\",\"@id\":\"https:\\\/\\\/secure.gravatar.com\\\/avatar\\\/d04101fa4a9fd431e939953b1500fdc7a73cd35029f86d98712fd8ccdaebaf9a?s=96&d=mm&r=g\",\"url\":\"https:\\\/\\\/secure.gravatar.com\\\/avatar\\\/d04101fa4a9fd431e939953b1500fdc7a73cd35029f86d98712fd8ccdaebaf9a?s=96&d=mm&r=g\",\"contentUrl\":\"https:\\\/\\\/secure.gravatar.com\\\/avatar\\\/d04101fa4a9fd431e939953b1500fdc7a73cd35029f86d98712fd8ccdaebaf9a?s=96&d=mm&r=g\",\"caption\":\"Casa de Campo Living\"},\"url\":\"https:\\\/\\\/casadecampoliving.com\\\/es\\\/author\\\/casa-de-campo-living\\\/\"}]}<\/script>\n<!-- \/ Yoast SEO plugin. -->","yoast_head_json":{"title":"El LAAC 2019 se present\u00f3 ante la prensa de Rep\u00fablica Dominicana | Casa de Campo Living","description":"Se realiz\u00f3 la presentaci\u00f3n del Latin America Amateur Championship (LAAC) ante los medios de comunicaci\u00f3n m\u00e1s importantes de Rep\u00fablica Dominicana, que ser\u00e1","robots":{"index":"index","follow":"follow","max-snippet":"max-snippet:-1","max-image-preview":"max-image-preview:large","max-video-preview":"max-video-preview:-1"},"canonical":"https:\/\/casadecampoliving.com\/es\/el-laac-2019-se-presento-ante-la-prensa-de-republica-dominicana\/","og_locale":"es_ES","og_type":"article","og_title":"El LAAC 2019 se present\u00f3 ante la prensa de Rep\u00fablica Dominicana | Casa de Campo Living","og_description":"Se realiz\u00f3 la presentaci\u00f3n del Latin America Amateur Championship (LAAC) ante los medios de comunicaci\u00f3n m\u00e1s importantes de Rep\u00fablica Dominicana, que ser\u00e1","og_url":"https:\/\/casadecampoliving.com\/es\/el-laac-2019-se-presento-ante-la-prensa-de-republica-dominicana\/","og_site_name":"Casa de Campo Living","article_publisher":"https:\/\/www.facebook.com\/casadecampoliving","article_published_time":"2018-10-29T04:00:00+00:00","article_modified_time":"2022-11-10T14:35:42+00:00","og_image":[{"url":"https:\/\/casadecampoliving-wp.s3-accelerate.amazonaws.com\/2018\/10\/IMG_1591.jpg","type":"","width":"","height":""}],"author":"Casa de Campo Living","twitter_card":"summary_large_image","twitter_creator":"@cdcliving","twitter_site":"@cdcliving","twitter_misc":{"Escrito por":"Casa de Campo Living","Tiempo de lectura":"3 minutos"},"schema":{"@context":"https:\/\/schema.org","@graph":[{"@type":"Article","@id":"https:\/\/casadecampoliving.com\/es\/el-laac-2019-se-presento-ante-la-prensa-de-republica-dominicana\/#article","isPartOf":{"@id":"https:\/\/casadecampoliving.com\/es\/el-laac-2019-se-presento-ante-la-prensa-de-republica-dominicana\/"},"author":{"name":"Casa de Campo Living","@id":"https:\/\/casadecampoliving.com\/es\/#\/schema\/person\/5d2171637a9d11e0e43ce6b8555f9422"},"headline":"El LAAC 2019 se present\u00f3 ante la prensa de Rep\u00fablica Dominicana","datePublished":"2018-10-29T04:00:00+00:00","dateModified":"2022-11-10T14:35:42+00:00","mainEntityOfPage":{"@id":"https:\/\/casadecampoliving.com\/es\/el-laac-2019-se-presento-ante-la-prensa-de-republica-dominicana\/"},"wordCount":705,"publisher":{"@id":"https:\/\/casadecampoliving.com\/es\/#organization"},"image":{"@id":"https:\/\/casadecampoliving.com\/es\/el-laac-2019-se-presento-ante-la-prensa-de-republica-dominicana\/#primaryimage"},"thumbnailUrl":"https:\/\/casadecampoliving-wp.s3-accelerate.amazonaws.com\/2018\/10\/IMG_1591.jpg","keywords":["CAMPEONATO DE AMATEUR LATINOAMERICANO","Casa de Campo","DIENTES DEL PERRO","Dominican Republic","Featured-TopView @es","GANADOR DE LAAC","La Romana","LAAC REP\u00daBLICA DOMINICANA","PABELL\u00d3N DE PABLO","Republica Dominicana"],"articleSection":["M\u00e1s all\u00e1 de Casa","Rep\u00fablica Dominicana @es","Eventos","Estilo de Vida","Noticias Locales","Resort Casa de Campo","Deportes","Proximamente"],"inLanguage":"es"},{"@type":"WebPage","@id":"https:\/\/casadecampoliving.com\/es\/el-laac-2019-se-presento-ante-la-prensa-de-republica-dominicana\/","url":"https:\/\/casadecampoliving.com\/es\/el-laac-2019-se-presento-ante-la-prensa-de-republica-dominicana\/","name":"El LAAC 2019 se present\u00f3 ante la prensa de Rep\u00fablica Dominicana | Casa de Campo Living","isPartOf":{"@id":"https:\/\/casadecampoliving.com\/es\/#website"},"primaryImageOfPage":{"@id":"https:\/\/casadecampoliving.com\/es\/el-laac-2019-se-presento-ante-la-prensa-de-republica-dominicana\/#primaryimage"},"image":{"@id":"https:\/\/casadecampoliving.com\/es\/el-laac-2019-se-presento-ante-la-prensa-de-republica-dominicana\/#primaryimage"},"thumbnailUrl":"https:\/\/casadecampoliving-wp.s3-accelerate.amazonaws.com\/2018\/10\/IMG_1591.jpg","datePublished":"2018-10-29T04:00:00+00:00","dateModified":"2022-11-10T14:35:42+00:00","description":"Se realiz\u00f3 la presentaci\u00f3n del Latin America Amateur Championship (LAAC) ante los medios de comunicaci\u00f3n m\u00e1s importantes de Rep\u00fablica Dominicana, que ser\u00e1","breadcrumb":{"@id":"https:\/\/casadecampoliving.com\/es\/el-laac-2019-se-presento-ante-la-prensa-de-republica-dominicana\/#breadcrumb"},"inLanguage":"es","potentialAction":[{"@type":"ReadAction","target":["https:\/\/casadecampoliving.com\/es\/el-laac-2019-se-presento-ante-la-prensa-de-republica-dominicana\/"]}]},{"@type":"ImageObject","inLanguage":"es","@id":"https:\/\/casadecampoliving.com\/es\/el-laac-2019-se-presento-ante-la-prensa-de-republica-dominicana\/#primaryimage","url":"https:\/\/casadecampoliving-wp.s3-accelerate.amazonaws.com\/2018\/10\/IMG_1591.jpg","contentUrl":"https:\/\/casadecampoliving-wp.s3-accelerate.amazonaws.com\/2018\/10\/IMG_1591.jpg"},{"@type":"BreadcrumbList","@id":"https:\/\/casadecampoliving.com\/es\/el-laac-2019-se-presento-ante-la-prensa-de-republica-dominicana\/#breadcrumb","itemListElement":[{"@type":"ListItem","position":1,"name":"Home","item":"https:\/\/casadecampoliving.com\/es\/"},{"@type":"ListItem","position":2,"name":"El LAAC 2019 se present\u00f3 ante la prensa de Rep\u00fablica Dominicana"}]},{"@type":"WebSite","@id":"https:\/\/casadecampoliving.com\/es\/#website","url":"https:\/\/casadecampoliving.com\/es\/","name":"Casa de Campo Living","description":"Resort community news and resources.","publisher":{"@id":"https:\/\/casadecampoliving.com\/es\/#organization"},"potentialAction":[{"@type":"SearchAction","target":{"@type":"EntryPoint","urlTemplate":"https:\/\/casadecampoliving.com\/es\/?s={search_term_string}"},"query-input":{"@type":"PropertyValueSpecification","valueRequired":true,"valueName":"search_term_string"}}],"inLanguage":"es"},{"@type":"Organization","@id":"https:\/\/casadecampoliving.com\/es\/#organization","name":"Casa de Campo Living","url":"https:\/\/casadecampoliving.com\/es\/","logo":{"@type":"ImageObject","inLanguage":"es","@id":"https:\/\/casadecampoliving.com\/es\/#\/schema\/logo\/image\/","url":"https:\/\/i0.wp.com\/casadecampoliving.com\/wp-content\/uploads\/2022\/07\/CDCLivingLogo_V1-white-sized.png?fit=800%2C214&ssl=1","contentUrl":"https:\/\/i0.wp.com\/casadecampoliving.com\/wp-content\/uploads\/2022\/07\/CDCLivingLogo_V1-white-sized.png?fit=800%2C214&ssl=1","width":800,"height":214,"caption":"Casa de Campo Living"},"image":{"@id":"https:\/\/casadecampoliving.com\/es\/#\/schema\/logo\/image\/"},"sameAs":["https:\/\/www.facebook.com\/casadecampoliving","https:\/\/x.com\/cdcliving"]},{"@type":"Person","@id":"https:\/\/casadecampoliving.com\/es\/#\/schema\/person\/5d2171637a9d11e0e43ce6b8555f9422","name":"Casa de Campo Living","image":{"@type":"ImageObject","inLanguage":"es","@id":"https:\/\/secure.gravatar.com\/avatar\/d04101fa4a9fd431e939953b1500fdc7a73cd35029f86d98712fd8ccdaebaf9a?s=96&d=mm&r=g","url":"https:\/\/secure.gravatar.com\/avatar\/d04101fa4a9fd431e939953b1500fdc7a73cd35029f86d98712fd8ccdaebaf9a?s=96&d=mm&r=g","contentUrl":"https:\/\/secure.gravatar.com\/avatar\/d04101fa4a9fd431e939953b1500fdc7a73cd35029f86d98712fd8ccdaebaf9a?s=96&d=mm&r=g","caption":"Casa de Campo Living"},"url":"https:\/\/casadecampoliving.com\/es\/author\/casa-de-campo-living\/"}]}},"parsely":{"version":"1.1.0","canonical_url":"https:\/\/casadecampoliving.com\/es\/el-laac-2019-se-presento-ante-la-prensa-de-republica-dominicana\/","smart_links":{"inbound":0,"outbound":0},"traffic_boost_suggestions_count":0,"meta":{"@context":"https:\/\/schema.org","@type":"NewsArticle","headline":"El LAAC 2019 se present\u00f3 ante la prensa de Rep\u00fablica Dominicana","url":"http:\/\/casadecampoliving.com\/es\/el-laac-2019-se-presento-ante-la-prensa-de-republica-dominicana\/","mainEntityOfPage":{"@type":"WebPage","@id":"http:\/\/casadecampoliving.com\/es\/el-laac-2019-se-presento-ante-la-prensa-de-republica-dominicana\/"},"thumbnailUrl":"","image":{"@type":"ImageObject","url":""},"articleSection":"M\u00e1s all\u00e1 de Casa","author":[{"@type":"Person","name":"Casa de Campo Living"}],"creator":["Casa de Campo Living"],"publisher":{"@type":"Organization","name":"Casa de Campo Living","logo":"https:\/\/casadecampoliving.com\/wp-content\/uploads\/2022\/07\/CDCLivingLogo_V1-white-sized.png"},"keywords":["campeonato de amateur latinoamericano","casa de campo","dientes del perro","dominican republic","featured-topview @es","ganador de laac","la romana","laac rep\u00fablica dominicana","pabell\u00f3n de pablo","republica dominicana"],"dateCreated":"2018-10-29T04:00:00Z","datePublished":"2018-10-29T04:00:00Z","dateModified":"2022-11-10T14:35:42Z"},"rendered":"<script type=\"application\/ld+json\" class=\"wp-parsely-metadata\">{\"@context\":\"https:\\\/\\\/schema.org\",\"@type\":\"NewsArticle\",\"headline\":\"El LAAC 2019 se present\\u00f3 ante la prensa de Rep\\u00fablica Dominicana\",\"url\":\"http:\\\/\\\/casadecampoliving.com\\\/es\\\/el-laac-2019-se-presento-ante-la-prensa-de-republica-dominicana\\\/\",\"mainEntityOfPage\":{\"@type\":\"WebPage\",\"@id\":\"http:\\\/\\\/casadecampoliving.com\\\/es\\\/el-laac-2019-se-presento-ante-la-prensa-de-republica-dominicana\\\/\"},\"thumbnailUrl\":\"\",\"image\":{\"@type\":\"ImageObject\",\"url\":\"\"},\"articleSection\":\"M\\u00e1s all\\u00e1 de Casa\",\"author\":[{\"@type\":\"Person\",\"name\":\"Casa de Campo Living\"}],\"creator\":[\"Casa de Campo Living\"],\"publisher\":{\"@type\":\"Organization\",\"name\":\"Casa de Campo Living\",\"logo\":\"https:\\\/\\\/casadecampoliving.com\\\/wp-content\\\/uploads\\\/2022\\\/07\\\/CDCLivingLogo_V1-white-sized.png\"},\"keywords\":[\"campeonato de amateur latinoamericano\",\"casa de campo\",\"dientes del perro\",\"dominican republic\",\"featured-topview @es\",\"ganador de laac\",\"la romana\",\"laac rep\\u00fablica dominicana\",\"pabell\\u00f3n de pablo\",\"republica dominicana\"],\"dateCreated\":\"2018-10-29T04:00:00Z\",\"datePublished\":\"2018-10-29T04:00:00Z\",\"dateModified\":\"2022-11-10T14:35:42Z\"}<\/script>","tracker_url":"https:\/\/cdn.parsely.com\/keys\/casadecampoliving.com\/p.js"},"jetpack_publicize_connections":[],"jetpack_featured_media_url":"","jetpack-related-posts":[{"id":354153,"url":"https:\/\/casadecampoliving.com\/es\/el-latin-america-amateur-championship-2022-regresa-a-casa-de-campo-en-republica-dominicana\/","url_meta":{"origin":352966,"position":0},"title":"El Latin America Amateur Championship 2022 regresa a Casa de Campo en Rep\u00fablica Dominicana","author":"Casa de Campo Living","date":"17 Sep, 2021","format":false,"excerpt":"La s\u00e9ptima edici\u00f3n del Latin America Amateur Championship (LAAC) se llevar\u00e1 a cabo en Casa de Campo Resort & Villas, Rep\u00fablica Dominicana, del 20 al 23 de Enero de 2022. El LAAC 2021, originalmente programado del 14 al 17 de enero en el Lima Golf Club en Per\u00fa, fue cancelado\u2026","rel":"","context":"En \u00abCasa de Campo Living @es\u00bb","block_context":{"text":"Casa de Campo Living @es","link":"https:\/\/casadecampoliving.com\/category\/casa-de-campo-living-es\/"},"img":{"alt_text":"","src":"https:\/\/i0.wp.com\/casadecampoliving.com\/wp-content\/uploads\/2022\/10\/24367955851_f2d1b71676_o-1.jpg?fit=1000%2C667&ssl=1&resize=350%2C200","width":350,"height":200,"srcset":"https:\/\/i0.wp.com\/casadecampoliving.com\/wp-content\/uploads\/2022\/10\/24367955851_f2d1b71676_o-1.jpg?fit=1000%2C667&ssl=1&resize=350%2C200 1x, https:\/\/i0.wp.com\/casadecampoliving.com\/wp-content\/uploads\/2022\/10\/24367955851_f2d1b71676_o-1.jpg?fit=1000%2C667&ssl=1&resize=525%2C300 1.5x, https:\/\/i0.wp.com\/casadecampoliving.com\/wp-content\/uploads\/2022\/10\/24367955851_f2d1b71676_o-1.jpg?fit=1000%2C667&ssl=1&resize=700%2C400 2x"},"classes":[]},{"id":353065,"url":"https:\/\/casadecampoliving.com\/es\/laac-2019-se-confirmo-el-field-de-jugadores\/","url_meta":{"origin":352966,"position":1},"title":"LAAC 2019: Se confirm\u00f3 el field de jugadores","author":"Casa de Campo Living","date":"20 Dic, 2018","format":false,"excerpt":"Los mejores 108 aficionados de 28 pa\u00edses de la regi\u00f3n estar\u00e1n del 17 al 20 de enero de 2019 en Casa de Campo, Rep\u00fablica Dominicana para disputar la quinta edici\u00f3n del Latin America Amateur Championship, el torneo al que los propios jugadores denominaron el \u201cMajor\u201d de los amateurs. During the\u2026","rel":"","context":"En \u00abDeportes\u00bb","block_context":{"text":"Deportes","link":"https:\/\/casadecampoliving.com\/es\/category\/golf-deportes-es\/"},"img":{"alt_text":"","src":"https:\/\/i0.wp.com\/casadecampoliving.com\/wp-content\/uploads\/2018\/12\/24154839720_3e0323c02b_o.jpg?resize=350%2C200&ssl=1","width":350,"height":200,"srcset":"https:\/\/i0.wp.com\/casadecampoliving.com\/wp-content\/uploads\/2018\/12\/24154839720_3e0323c02b_o.jpg?resize=350%2C200&ssl=1 1x, https:\/\/i0.wp.com\/casadecampoliving.com\/wp-content\/uploads\/2018\/12\/24154839720_3e0323c02b_o.jpg?resize=525%2C300&ssl=1 1.5x, https:\/\/i0.wp.com\/casadecampoliving.com\/wp-content\/uploads\/2018\/12\/24154839720_3e0323c02b_o.jpg?resize=700%2C400&ssl=1 2x"},"classes":[]},{"id":354225,"url":"https:\/\/casadecampoliving.com\/es\/lanzamiento-oficial-del-latin-america-amateur-championship-2022\/","url_meta":{"origin":352966,"position":2},"title":"Lanzamiento oficial del Latin America Amateur Championship 2022","author":"Casa de Campo Resort","date":"16 Dic, 2021","format":false,"excerpt":"El Latin America Amateur Championship 2022 que se disputar\u00e1 del 20 al 23 de enero en Casa de Campo, Rep\u00fablica Dominicana, qued\u00f3 oficialmente presentado este mi\u00e9rcoles tras la conferencia de prensa que se realiz\u00f3 de manera virtual con la participaci\u00f3n de periodistas especializados y responsables de comunicaci\u00f3n de asociaciones y\u2026","rel":"","context":"En \u00abCasa de Campo Living @es\u00bb","block_context":{"text":"Casa de Campo Living @es","link":"https:\/\/casadecampoliving.com\/category\/casa-de-campo-living-es\/"},"img":{"alt_text":"","src":"https:\/\/i0.wp.com\/casadecampoliving.com\/wp-content\/uploads\/2022\/10\/1234413Trophies_20160111_001649-1-1.jpg?fit=1000%2C667&ssl=1&resize=350%2C200","width":350,"height":200,"srcset":"https:\/\/i0.wp.com\/casadecampoliving.com\/wp-content\/uploads\/2022\/10\/1234413Trophies_20160111_001649-1-1.jpg?fit=1000%2C667&ssl=1&resize=350%2C200 1x, https:\/\/i0.wp.com\/casadecampoliving.com\/wp-content\/uploads\/2022\/10\/1234413Trophies_20160111_001649-1-1.jpg?fit=1000%2C667&ssl=1&resize=525%2C300 1.5x, https:\/\/i0.wp.com\/casadecampoliving.com\/wp-content\/uploads\/2022\/10\/1234413Trophies_20160111_001649-1-1.jpg?fit=1000%2C667&ssl=1&resize=700%2C400 2x"},"classes":[]},{"id":354253,"url":"https:\/\/casadecampoliving.com\/es\/el-torito-alento-a-los-jugadores-locales-y-recibio-consejos-de-golf-en-la-previa-del-laac-2022\/","url_meta":{"origin":352966,"position":3},"title":"El Torito alent\u00f3 a los jugadores locales y recibi\u00f3 consejos de golf en la previa del LAAC 2022","author":"Casa de Campo Living","date":"19 Ene, 2022","format":false,"excerpt":"La mascota de los Toros del Este, el tradicional equipo de b\u00e9isbol de La Romana, Rep\u00fablica Dominicana, fue invitado por la organizaci\u00f3n del Latin America Amateur Championship (LAAC) para alentar a los jugadores locales que participar\u00e1n a partir de este jueves del campeonato de golf para aficionados m\u00e1s importante de\u2026","rel":"","context":"En \u00abCasa de Campo Living @es\u00bb","block_context":{"text":"Casa de Campo Living @es","link":"https:\/\/casadecampoliving.com\/category\/casa-de-campo-living-es\/"},"img":{"alt_text":"","src":"https:\/\/i0.wp.com\/casadecampoliving.com\/wp-content\/uploads\/2022\/10\/6408363EB5_5465-1-1-1.jpg?fit=1000%2C607&ssl=1&resize=350%2C200","width":350,"height":200,"srcset":"https:\/\/i0.wp.com\/casadecampoliving.com\/wp-content\/uploads\/2022\/10\/6408363EB5_5465-1-1-1.jpg?fit=1000%2C607&ssl=1&resize=350%2C200 1x, https:\/\/i0.wp.com\/casadecampoliving.com\/wp-content\/uploads\/2022\/10\/6408363EB5_5465-1-1-1.jpg?fit=1000%2C607&ssl=1&resize=525%2C300 1.5x, https:\/\/i0.wp.com\/casadecampoliving.com\/wp-content\/uploads\/2022\/10\/6408363EB5_5465-1-1-1.jpg?fit=1000%2C607&ssl=1&resize=700%2C400 2x"},"classes":[]},{"id":352407,"url":"https:\/\/casadecampoliving.com\/es\/el-latin-america-amateur-championship-laac-regresara-casa-de-campo-resort-villas\/","url_meta":{"origin":352966,"position":4},"title":"El Latin America Amateur Championship (LAAC) regresar\u00e1 a Casa de Campo Resort &#038; Villas","author":"Casa de Campo Resort","date":"22 Ene, 2018","format":false,"excerpt":"El Latin America Amateur Championship (LAAC) regresar\u00e1 a Casa de Campo Resort & Villas en Rep\u00fablica Dominicana para celebrar la quinta edici\u00f3n, que se llevar\u00e1 a cabo del 17 al 20 de enero de 2019, en el afamado campo Teeth of the Dog \/Diente de Perro. El anuncio fue realizado\u2026","rel":"","context":"En \u00abDeportes\u00bb","block_context":{"text":"Deportes","link":"https:\/\/casadecampoliving.com\/es\/category\/golf-deportes-es\/"},"img":{"alt_text":"","src":"https:\/\/i0.wp.com\/casadecampoliving.com\/wp-content\/uploads\/2022\/10\/LAAC_Final_Round_es-e1453149758713.jpg?fit=650%2C406&ssl=1&resize=350%2C200","width":350,"height":200,"srcset":"https:\/\/i0.wp.com\/casadecampoliving.com\/wp-content\/uploads\/2022\/10\/LAAC_Final_Round_es-e1453149758713.jpg?fit=650%2C406&ssl=1&resize=350%2C200 1x, https:\/\/i0.wp.com\/casadecampoliving.com\/wp-content\/uploads\/2022\/10\/LAAC_Final_Round_es-e1453149758713.jpg?fit=650%2C406&ssl=1&resize=525%2C300 1.5x"},"classes":[]},{"id":525805,"url":"https:\/\/casadecampoliving.com\/es\/rhadames-pena-y-rodrigo-huerta-representaran-a-la-republica-dominicana-en-el-latin-american-amateur-championship-2024\/","url_meta":{"origin":352966,"position":5},"title":"Rhadam\u00e9s Pe\u00f1a y Rodrigo Huerta representar\u00e1n a la Rep\u00fablica Dominicana en el Latin American Amateur Championship 2024","author":"Casa de Campo Living","date":"4 Ene, 2024","format":false,"excerpt":"La Rep\u00fablica Dominicana estar\u00e1 bien representada en la pr\u00f3xima edici\u00f3n del Campeonato Amateur Latinoamericano (LAAC) que se celebrar\u00e1 este mes en Panam\u00e1. Rhadam\u00e9s Pe\u00f1a y Rodrigo Huerta ser\u00e1n los representantes de la naci\u00f3n en el evento, que se desarrollar\u00e1 en el Club de Golf Santa Mar\u00eda en Panam\u00e1 del 15\u2026","rel":"","context":"En \u00abDeportes\u00bb","block_context":{"text":"Deportes","link":"https:\/\/casadecampoliving.com\/es\/category\/golf-deportes-es\/"},"img":{"alt_text":"","src":"https:\/\/i0.wp.com\/casadecampoliving.com\/wp-content\/uploads\/2024\/01\/Rhadames-Pena-Laac.jpg?fit=1200%2C828&ssl=1&resize=350%2C200","width":350,"height":200,"srcset":"https:\/\/i0.wp.com\/casadecampoliving.com\/wp-content\/uploads\/2024\/01\/Rhadames-Pena-Laac.jpg?fit=1200%2C828&ssl=1&resize=350%2C200 1x, https:\/\/i0.wp.com\/casadecampoliving.com\/wp-content\/uploads\/2024\/01\/Rhadames-Pena-Laac.jpg?fit=1200%2C828&ssl=1&resize=525%2C300 1.5x, https:\/\/i0.wp.com\/casadecampoliving.com\/wp-content\/uploads\/2024\/01\/Rhadames-Pena-Laac.jpg?fit=1200%2C828&ssl=1&resize=700%2C400 2x, https:\/\/i0.wp.com\/casadecampoliving.com\/wp-content\/uploads\/2024\/01\/Rhadames-Pena-Laac.jpg?fit=1200%2C828&ssl=1&resize=1050%2C600 3x"},"classes":[]}],"jetpack_sharing_enabled":true,"_links":{"self":[{"href":"https:\/\/casadecampoliving.com\/es\/wp-json\/wp\/v2\/posts\/352966","targetHints":{"allow":["GET"]}}],"collection":[{"href":"https:\/\/casadecampoliving.com\/es\/wp-json\/wp\/v2\/posts"}],"about":[{"href":"https:\/\/casadecampoliving.com\/es\/wp-json\/wp\/v2\/types\/post"}],"author":[{"embeddable":true,"href":"https:\/\/casadecampoliving.com\/es\/wp-json\/wp\/v2\/users\/36791"}],"replies":[{"embeddable":true,"href":"https:\/\/casadecampoliving.com\/es\/wp-json\/wp\/v2\/comments?post=352966"}],"version-history":[{"count":2,"href":"https:\/\/casadecampoliving.com\/es\/wp-json\/wp\/v2\/posts\/352966\/revisions"}],"predecessor-version":[{"id":507810,"href":"https:\/\/casadecampoliving.com\/es\/wp-json\/wp\/v2\/posts\/352966\/revisions\/507810"}],"wp:attachment":[{"href":"https:\/\/casadecampoliving.com\/es\/wp-json\/wp\/v2\/media?parent=352966"}],"wp:term":[{"taxonomy":"category","embeddable":true,"href":"https:\/\/casadecampoliving.com\/es\/wp-json\/wp\/v2\/categories?post=352966"},{"taxonomy":"post_tag","embeddable":true,"href":"https:\/\/casadecampoliving.com\/es\/wp-json\/wp\/v2\/tags?post=352966"},{"taxonomy":"newspack_spnsrs_tax","embeddable":true,"href":"https:\/\/casadecampoliving.com\/es\/wp-json\/wp\/v2\/newspack_spnsrs_tax?post=352966"}],"curies":[{"name":"wp","href":"https:\/\/api.w.org\/{rel}","templated":true}]}}