{"id":352902,"date":"2018-09-27T00:00:00","date_gmt":"2018-09-27T04:00:00","guid":{"rendered":"https:\/\/casadecampoliving.com\/dijiste-adios-al-verano-de-la-manera-correcta\/"},"modified":"2022-11-10T10:00:06","modified_gmt":"2022-11-10T14:00:06","slug":"dijiste-adios-al-verano-de-la-manera-correcta","status":"publish","type":"post","link":"https:\/\/casadecampoliving.com\/es\/dijiste-adios-al-verano-de-la-manera-correcta\/","title":{"rendered":"\u00bfSe despidieron del verano de la manera correcta?"},"content":{"rendered":"<p>El \u00faltimo atardecer del verano tuvo lugar el s\u00e1bado 22 de septiembre de 2018 \u00a1y Casa de Campo Resort &amp; Villas organiz\u00f3 una de las fiestas m\u00e1s grandes y exclusivas para el final del verano! La fiesta <strong>\u00abPersiguiendo el \u00faltimo atardecer del verano\u00bb<\/strong> en Minitas Beach Club fue uno de los eventos m\u00e1s importantes del verano en uno de los mejores lugares para ver el atardecer en la Rep\u00fablica Dominicana.<br \/>\n<!--more--><\/p>\n<p><img data-recalc-dims=\"1\" loading=\"lazy\" decoding=\"async\" class=\"aligncenter size-full wp-image-162891\" src=\"https:\/\/i0.wp.com\/casadecampoliving-wp.s3-accelerate.amazonaws.com\/2018\/09\/Piso21-42.jpg?resize=1000%2C667&#038;ssl=1\" alt=\"\" width=\"1000\" height=\"667\" srcset=\"https:\/\/i0.wp.com\/casadecampoliving.com\/wp-content\/uploads\/2018\/09\/Piso21-42.jpg?w=1000&amp;ssl=1 1000w, https:\/\/i0.wp.com\/casadecampoliving.com\/wp-content\/uploads\/2018\/09\/Piso21-42.jpg?resize=300%2C200&amp;ssl=1 300w, https:\/\/i0.wp.com\/casadecampoliving.com\/wp-content\/uploads\/2018\/09\/Piso21-42.jpg?resize=768%2C512&amp;ssl=1 768w, https:\/\/i0.wp.com\/casadecampoliving-wp.s3-accelerate.amazonaws.com\/2018\/09\/Piso21-42.jpg?w=370&amp;ssl=1 370w, https:\/\/i0.wp.com\/casadecampoliving-wp.s3-accelerate.amazonaws.com\/2018\/09\/Piso21-42.jpg?w=400&amp;ssl=1 400w\" sizes=\"auto, (max-width: 1000px) 100vw, 1000px\" \/><\/p>\n<p>Este evento ofreci\u00f3 una propuesta gastron\u00f3mica \u00fanica para la ocasi\u00f3n, acompa\u00f1ada de un ambiente divertido lleno de entretenimiento que incluy\u00f3 DJs nacionales e internacionales como Slowhands y Korduroy, as\u00ed como actuaciones en vivo del tr\u00edo merenhouse dominicano Ilegales y Piso 21 un grupo musical colombiano pop latino.<\/p>\n<p><img data-recalc-dims=\"1\" loading=\"lazy\" decoding=\"async\" class=\"aligncenter size-full wp-image-162901\" src=\"https:\/\/i0.wp.com\/casadecampoliving-wp.s3-accelerate.amazonaws.com\/2018\/09\/IMG_4712.jpg?resize=1000%2C603&#038;ssl=1\" alt=\"\" width=\"1000\" height=\"603\" srcset=\"https:\/\/i0.wp.com\/casadecampoliving.com\/wp-content\/uploads\/2018\/09\/IMG_4712.jpg?w=1000&amp;ssl=1 1000w, https:\/\/i0.wp.com\/casadecampoliving.com\/wp-content\/uploads\/2018\/09\/IMG_4712.jpg?resize=300%2C180&amp;ssl=1 300w, https:\/\/i0.wp.com\/casadecampoliving.com\/wp-content\/uploads\/2018\/09\/IMG_4712.jpg?resize=768%2C463&amp;ssl=1 768w, https:\/\/i0.wp.com\/casadecampoliving.com\/wp-content\/uploads\/2018\/09\/IMG_4712.jpg?resize=450%2C270&amp;ssl=1 450w, https:\/\/i0.wp.com\/casadecampoliving-wp.s3-accelerate.amazonaws.com\/2018\/09\/IMG_4712.jpg?w=370&amp;ssl=1 370w, https:\/\/i0.wp.com\/casadecampoliving-wp.s3-accelerate.amazonaws.com\/2018\/09\/IMG_4712.jpg?w=400&amp;ssl=1 400w\" sizes=\"auto, (max-width: 1000px) 100vw, 1000px\" \/><\/p>\n<p>La popular banda Los Ilegales hizo que todos bailaran con sus mejores \u00e9xitos como \u00abChucuch\u00e1\u00bb y \u00abPasarla bien\u00bb, adem\u00e1s de sus cl\u00e1sicos de todos los tiempos \u00abLa Morena\u00bb y \u00abFiesta Caliente\u00bb, entre otros. Piso 21, cerr\u00f3 la noche y destac\u00f3 el honor de cantar en la Rep\u00fablica Dominicana una vez m\u00e1s, levantaron nuestra bandera nacional, e incluso vistieron camisetas de Los Toros, uno de los equipos dominicanos de b\u00e9isbol y equipo local de La Romana.<\/p>\n<p>\u00a1Esperamos que no se haya perdido esta fiesta! Aqu\u00ed hay algunas fotos incre\u00edbles cortes\u00eda de Casa de Campo, \u00a1y aseg\u00farese de no perderse la pr\u00f3xima!<\/p>\n<p>[nggallery id=3145]<\/p>\n","protected":false},"excerpt":{"rendered":"<p>El \u00faltimo atardecer del verano tuvo lugar el s\u00e1bado 22 de septiembre de 2018 \u00a1y Casa de Campo Resort &amp; Villas organiz\u00f3 una de las fiestas m\u00e1s grandes y exclusivas para el final del verano! La fiesta \u00abPersiguiendo el \u00faltimo atardecer del verano\u00bb en Minitas Beach Club fue uno de los eventos m\u00e1s importantes del [&hellip;]<\/p>\n","protected":false},"author":36682,"featured_media":0,"comment_status":"closed","ping_status":"closed","sticky":false,"template":"","format":"standard","meta":{"newspack_ads_suppress_ads":false,"newspack_popups_has_disabled_popups":false,"newspack_sponsor_sponsorship_scope":"","newspack_sponsor_native_byline_display":"inherit","newspack_sponsor_native_category_display":"inherit","newspack_sponsor_underwriter_style":"inherit","newspack_sponsor_underwriter_placement":"inherit","_newspack_byline_active":false,"_newspack_byline":"","newspack_hide_updated_date":false,"newspack_show_updated_date":false,"newspack_content_restriction_is_exempt":false,"newspack_featured_image_position":"","newspack_post_subtitle":"","newspack_article_summary_title":"Overview:","newspack_article_summary":"","_jetpack_memberships_contains_paid_content":false,"footnotes":"","jetpack_publicize_message":"","jetpack_publicize_feature_enabled":true,"jetpack_social_post_already_shared":false,"jetpack_social_options":{"image_generator_settings":{"template":"highway","default_image_id":0,"font":"","enabled":false},"version":2},"_wpas_customize_per_network":false},"categories":[2513,2518,2521,2522,14631,14625,26822],"tags":[23815,14736,2652,20389,687,23190],"newspack_spnsrs_tax":[],"class_list":["post-352902","post","type-post","status-publish","format-standard","hentry","category-celebridades-es","category-conciertos-es","category-republica-dominicana-2","category-eventos-es","category-estilo-de-vida","category-noticias-locales","category-resort-casa-de-campo","tag-casa-de-campo-es-17","tag-featured-topview-es","tag-fiesta","tag-ilegales","tag-party","tag-piso-21","entry"],"yoast_head":"<!-- This site is optimized with the Yoast SEO plugin v27.5 - https:\/\/yoast.com\/product\/yoast-seo-wordpress\/ -->\n<title>\u00bfSe despidieron del verano de la manera correcta? | Casa de Campo Living<\/title>\n<meta name=\"description\" content=\"El \u00faltimo atardecer del verano tuvo lugar el s\u00e1bado 22 de septiembre de 2018 \u00a1y Casa de Campo Resort &amp; Villas organiz\u00f3 una de las fiestas m\u00e1s grandes\" \/>\n<meta name=\"robots\" content=\"index, follow, max-snippet:-1, max-image-preview:large, max-video-preview:-1\" \/>\n<link rel=\"canonical\" href=\"https:\/\/casadecampoliving.com\/es\/dijiste-adios-al-verano-de-la-manera-correcta\/\" \/>\n<meta property=\"og:locale\" content=\"es_ES\" \/>\n<meta property=\"og:type\" content=\"article\" \/>\n<meta property=\"og:title\" content=\"\u00bfSe despidieron del verano de la manera correcta? | Casa de Campo Living\" \/>\n<meta property=\"og:description\" content=\"El \u00faltimo atardecer del verano tuvo lugar el s\u00e1bado 22 de septiembre de 2018 \u00a1y Casa de Campo Resort &amp; Villas organiz\u00f3 una de las fiestas m\u00e1s grandes\" \/>\n<meta property=\"og:url\" content=\"https:\/\/casadecampoliving.com\/es\/dijiste-adios-al-verano-de-la-manera-correcta\/\" \/>\n<meta property=\"og:site_name\" content=\"Casa de Campo Living\" \/>\n<meta property=\"article:publisher\" content=\"https:\/\/www.facebook.com\/casadecampoliving\" \/>\n<meta property=\"article:published_time\" content=\"2018-09-27T04:00:00+00:00\" \/>\n<meta property=\"article:modified_time\" content=\"2022-11-10T14:00:06+00:00\" \/>\n<meta property=\"og:image\" content=\"https:\/\/casadecampoliving-wp.s3-accelerate.amazonaws.com\/2018\/09\/Piso21-42.jpg\" \/>\n<meta name=\"author\" content=\"Marlenys Guzm\u00e1n Casta\u00f1os\" \/>\n<meta name=\"twitter:card\" content=\"summary_large_image\" \/>\n<meta name=\"twitter:creator\" content=\"@cdcliving\" \/>\n<meta name=\"twitter:site\" content=\"@cdcliving\" \/>\n<meta name=\"twitter:label1\" content=\"Escrito por\" \/>\n\t<meta name=\"twitter:data1\" content=\"Marlenys Guzm\u00e1n Casta\u00f1os\" \/>\n\t<meta name=\"twitter:label2\" content=\"Tiempo de lectura\" \/>\n\t<meta name=\"twitter:data2\" content=\"1 minuto\" \/>\n<script type=\"application\/ld+json\" class=\"yoast-schema-graph\">{\"@context\":\"https:\\\/\\\/schema.org\",\"@graph\":[{\"@type\":\"Article\",\"@id\":\"https:\\\/\\\/casadecampoliving.com\\\/es\\\/dijiste-adios-al-verano-de-la-manera-correcta\\\/#article\",\"isPartOf\":{\"@id\":\"https:\\\/\\\/casadecampoliving.com\\\/es\\\/dijiste-adios-al-verano-de-la-manera-correcta\\\/\"},\"author\":{\"name\":\"Marlenys Guzm\u00e1n Casta\u00f1os\",\"@id\":\"https:\\\/\\\/casadecampoliving.com\\\/es\\\/#\\\/schema\\\/person\\\/b6606bd87f9cec8f5903e2141cafda24\"},\"headline\":\"\u00bfSe despidieron del verano de la manera correcta?\",\"datePublished\":\"2018-09-27T04:00:00+00:00\",\"dateModified\":\"2022-11-10T14:00:06+00:00\",\"mainEntityOfPage\":{\"@id\":\"https:\\\/\\\/casadecampoliving.com\\\/es\\\/dijiste-adios-al-verano-de-la-manera-correcta\\\/\"},\"wordCount\":240,\"publisher\":{\"@id\":\"https:\\\/\\\/casadecampoliving.com\\\/es\\\/#organization\"},\"image\":{\"@id\":\"https:\\\/\\\/casadecampoliving.com\\\/es\\\/dijiste-adios-al-verano-de-la-manera-correcta\\\/#primaryimage\"},\"thumbnailUrl\":\"https:\\\/\\\/casadecampoliving-wp.s3-accelerate.amazonaws.com\\\/2018\\\/09\\\/Piso21-42.jpg\",\"keywords\":[\"Casa de Campo\",\"Featured-TopView @es\",\"fiesta\",\"ilegales\",\"party\",\"piso 21\"],\"articleSection\":[\"Celebridades\",\"Conciertos\",\"Rep\u00fablica Dominicana @es\",\"Eventos\",\"Estilo de Vida\",\"Noticias Locales\",\"Resort Casa de Campo\"],\"inLanguage\":\"es\"},{\"@type\":\"WebPage\",\"@id\":\"https:\\\/\\\/casadecampoliving.com\\\/es\\\/dijiste-adios-al-verano-de-la-manera-correcta\\\/\",\"url\":\"https:\\\/\\\/casadecampoliving.com\\\/es\\\/dijiste-adios-al-verano-de-la-manera-correcta\\\/\",\"name\":\"\u00bfSe despidieron del verano de la manera correcta? | Casa de Campo Living\",\"isPartOf\":{\"@id\":\"https:\\\/\\\/casadecampoliving.com\\\/es\\\/#website\"},\"primaryImageOfPage\":{\"@id\":\"https:\\\/\\\/casadecampoliving.com\\\/es\\\/dijiste-adios-al-verano-de-la-manera-correcta\\\/#primaryimage\"},\"image\":{\"@id\":\"https:\\\/\\\/casadecampoliving.com\\\/es\\\/dijiste-adios-al-verano-de-la-manera-correcta\\\/#primaryimage\"},\"thumbnailUrl\":\"https:\\\/\\\/casadecampoliving-wp.s3-accelerate.amazonaws.com\\\/2018\\\/09\\\/Piso21-42.jpg\",\"datePublished\":\"2018-09-27T04:00:00+00:00\",\"dateModified\":\"2022-11-10T14:00:06+00:00\",\"description\":\"El \u00faltimo atardecer del verano tuvo lugar el s\u00e1bado 22 de septiembre de 2018 \u00a1y Casa de Campo Resort &amp; Villas organiz\u00f3 una de las fiestas m\u00e1s grandes\",\"breadcrumb\":{\"@id\":\"https:\\\/\\\/casadecampoliving.com\\\/es\\\/dijiste-adios-al-verano-de-la-manera-correcta\\\/#breadcrumb\"},\"inLanguage\":\"es\",\"potentialAction\":[{\"@type\":\"ReadAction\",\"target\":[\"https:\\\/\\\/casadecampoliving.com\\\/es\\\/dijiste-adios-al-verano-de-la-manera-correcta\\\/\"]}]},{\"@type\":\"ImageObject\",\"inLanguage\":\"es\",\"@id\":\"https:\\\/\\\/casadecampoliving.com\\\/es\\\/dijiste-adios-al-verano-de-la-manera-correcta\\\/#primaryimage\",\"url\":\"https:\\\/\\\/casadecampoliving-wp.s3-accelerate.amazonaws.com\\\/2018\\\/09\\\/Piso21-42.jpg\",\"contentUrl\":\"https:\\\/\\\/casadecampoliving-wp.s3-accelerate.amazonaws.com\\\/2018\\\/09\\\/Piso21-42.jpg\"},{\"@type\":\"BreadcrumbList\",\"@id\":\"https:\\\/\\\/casadecampoliving.com\\\/es\\\/dijiste-adios-al-verano-de-la-manera-correcta\\\/#breadcrumb\",\"itemListElement\":[{\"@type\":\"ListItem\",\"position\":1,\"name\":\"Home\",\"item\":\"https:\\\/\\\/casadecampoliving.com\\\/es\\\/\"},{\"@type\":\"ListItem\",\"position\":2,\"name\":\"\u00bfSe despidieron del verano de la manera correcta?\"}]},{\"@type\":\"WebSite\",\"@id\":\"https:\\\/\\\/casadecampoliving.com\\\/es\\\/#website\",\"url\":\"https:\\\/\\\/casadecampoliving.com\\\/es\\\/\",\"name\":\"Casa de Campo Living\",\"description\":\"Resort community news and resources.\",\"publisher\":{\"@id\":\"https:\\\/\\\/casadecampoliving.com\\\/es\\\/#organization\"},\"potentialAction\":[{\"@type\":\"SearchAction\",\"target\":{\"@type\":\"EntryPoint\",\"urlTemplate\":\"https:\\\/\\\/casadecampoliving.com\\\/es\\\/?s={search_term_string}\"},\"query-input\":{\"@type\":\"PropertyValueSpecification\",\"valueRequired\":true,\"valueName\":\"search_term_string\"}}],\"inLanguage\":\"es\"},{\"@type\":\"Organization\",\"@id\":\"https:\\\/\\\/casadecampoliving.com\\\/es\\\/#organization\",\"name\":\"Casa de Campo Living\",\"url\":\"https:\\\/\\\/casadecampoliving.com\\\/es\\\/\",\"logo\":{\"@type\":\"ImageObject\",\"inLanguage\":\"es\",\"@id\":\"https:\\\/\\\/casadecampoliving.com\\\/es\\\/#\\\/schema\\\/logo\\\/image\\\/\",\"url\":\"https:\\\/\\\/i0.wp.com\\\/casadecampoliving.com\\\/wp-content\\\/uploads\\\/2022\\\/07\\\/CDCLivingLogo_V1-white-sized.png?fit=800%2C214&ssl=1\",\"contentUrl\":\"https:\\\/\\\/i0.wp.com\\\/casadecampoliving.com\\\/wp-content\\\/uploads\\\/2022\\\/07\\\/CDCLivingLogo_V1-white-sized.png?fit=800%2C214&ssl=1\",\"width\":800,\"height\":214,\"caption\":\"Casa de Campo Living\"},\"image\":{\"@id\":\"https:\\\/\\\/casadecampoliving.com\\\/es\\\/#\\\/schema\\\/logo\\\/image\\\/\"},\"sameAs\":[\"https:\\\/\\\/www.facebook.com\\\/casadecampoliving\",\"https:\\\/\\\/x.com\\\/cdcliving\"]},{\"@type\":\"Person\",\"@id\":\"https:\\\/\\\/casadecampoliving.com\\\/es\\\/#\\\/schema\\\/person\\\/b6606bd87f9cec8f5903e2141cafda24\",\"name\":\"Marlenys Guzm\u00e1n Casta\u00f1os\",\"image\":{\"@type\":\"ImageObject\",\"inLanguage\":\"es\",\"@id\":\"https:\\\/\\\/secure.gravatar.com\\\/avatar\\\/72f3f86b8e6b3ec744201aeadf11d4a6055e8af194aecd9ad30ffff4437878ee?s=96&d=mm&r=g\",\"url\":\"https:\\\/\\\/secure.gravatar.com\\\/avatar\\\/72f3f86b8e6b3ec744201aeadf11d4a6055e8af194aecd9ad30ffff4437878ee?s=96&d=mm&r=g\",\"contentUrl\":\"https:\\\/\\\/secure.gravatar.com\\\/avatar\\\/72f3f86b8e6b3ec744201aeadf11d4a6055e8af194aecd9ad30ffff4437878ee?s=96&d=mm&r=g\",\"caption\":\"Marlenys Guzm\u00e1n Casta\u00f1os\"},\"url\":\"https:\\\/\\\/casadecampoliving.com\\\/es\\\/author\\\/mguzman\\\/\"}]}<\/script>\n<!-- \/ Yoast SEO plugin. -->","yoast_head_json":{"title":"\u00bfSe despidieron del verano de la manera correcta? | Casa de Campo Living","description":"El \u00faltimo atardecer del verano tuvo lugar el s\u00e1bado 22 de septiembre de 2018 \u00a1y Casa de Campo Resort &amp; Villas organiz\u00f3 una de las fiestas m\u00e1s grandes","robots":{"index":"index","follow":"follow","max-snippet":"max-snippet:-1","max-image-preview":"max-image-preview:large","max-video-preview":"max-video-preview:-1"},"canonical":"https:\/\/casadecampoliving.com\/es\/dijiste-adios-al-verano-de-la-manera-correcta\/","og_locale":"es_ES","og_type":"article","og_title":"\u00bfSe despidieron del verano de la manera correcta? | Casa de Campo Living","og_description":"El \u00faltimo atardecer del verano tuvo lugar el s\u00e1bado 22 de septiembre de 2018 \u00a1y Casa de Campo Resort &amp; Villas organiz\u00f3 una de las fiestas m\u00e1s grandes","og_url":"https:\/\/casadecampoliving.com\/es\/dijiste-adios-al-verano-de-la-manera-correcta\/","og_site_name":"Casa de Campo Living","article_publisher":"https:\/\/www.facebook.com\/casadecampoliving","article_published_time":"2018-09-27T04:00:00+00:00","article_modified_time":"2022-11-10T14:00:06+00:00","og_image":[{"url":"https:\/\/casadecampoliving-wp.s3-accelerate.amazonaws.com\/2018\/09\/Piso21-42.jpg","type":"","width":"","height":""}],"author":"Marlenys Guzm\u00e1n Casta\u00f1os","twitter_card":"summary_large_image","twitter_creator":"@cdcliving","twitter_site":"@cdcliving","twitter_misc":{"Escrito por":"Marlenys Guzm\u00e1n Casta\u00f1os","Tiempo de lectura":"1 minuto"},"schema":{"@context":"https:\/\/schema.org","@graph":[{"@type":"Article","@id":"https:\/\/casadecampoliving.com\/es\/dijiste-adios-al-verano-de-la-manera-correcta\/#article","isPartOf":{"@id":"https:\/\/casadecampoliving.com\/es\/dijiste-adios-al-verano-de-la-manera-correcta\/"},"author":{"name":"Marlenys Guzm\u00e1n Casta\u00f1os","@id":"https:\/\/casadecampoliving.com\/es\/#\/schema\/person\/b6606bd87f9cec8f5903e2141cafda24"},"headline":"\u00bfSe despidieron del verano de la manera correcta?","datePublished":"2018-09-27T04:00:00+00:00","dateModified":"2022-11-10T14:00:06+00:00","mainEntityOfPage":{"@id":"https:\/\/casadecampoliving.com\/es\/dijiste-adios-al-verano-de-la-manera-correcta\/"},"wordCount":240,"publisher":{"@id":"https:\/\/casadecampoliving.com\/es\/#organization"},"image":{"@id":"https:\/\/casadecampoliving.com\/es\/dijiste-adios-al-verano-de-la-manera-correcta\/#primaryimage"},"thumbnailUrl":"https:\/\/casadecampoliving-wp.s3-accelerate.amazonaws.com\/2018\/09\/Piso21-42.jpg","keywords":["Casa de Campo","Featured-TopView @es","fiesta","ilegales","party","piso 21"],"articleSection":["Celebridades","Conciertos","Rep\u00fablica Dominicana @es","Eventos","Estilo de Vida","Noticias Locales","Resort Casa de Campo"],"inLanguage":"es"},{"@type":"WebPage","@id":"https:\/\/casadecampoliving.com\/es\/dijiste-adios-al-verano-de-la-manera-correcta\/","url":"https:\/\/casadecampoliving.com\/es\/dijiste-adios-al-verano-de-la-manera-correcta\/","name":"\u00bfSe despidieron del verano de la manera correcta? | Casa de Campo Living","isPartOf":{"@id":"https:\/\/casadecampoliving.com\/es\/#website"},"primaryImageOfPage":{"@id":"https:\/\/casadecampoliving.com\/es\/dijiste-adios-al-verano-de-la-manera-correcta\/#primaryimage"},"image":{"@id":"https:\/\/casadecampoliving.com\/es\/dijiste-adios-al-verano-de-la-manera-correcta\/#primaryimage"},"thumbnailUrl":"https:\/\/casadecampoliving-wp.s3-accelerate.amazonaws.com\/2018\/09\/Piso21-42.jpg","datePublished":"2018-09-27T04:00:00+00:00","dateModified":"2022-11-10T14:00:06+00:00","description":"El \u00faltimo atardecer del verano tuvo lugar el s\u00e1bado 22 de septiembre de 2018 \u00a1y Casa de Campo Resort &amp; Villas organiz\u00f3 una de las fiestas m\u00e1s grandes","breadcrumb":{"@id":"https:\/\/casadecampoliving.com\/es\/dijiste-adios-al-verano-de-la-manera-correcta\/#breadcrumb"},"inLanguage":"es","potentialAction":[{"@type":"ReadAction","target":["https:\/\/casadecampoliving.com\/es\/dijiste-adios-al-verano-de-la-manera-correcta\/"]}]},{"@type":"ImageObject","inLanguage":"es","@id":"https:\/\/casadecampoliving.com\/es\/dijiste-adios-al-verano-de-la-manera-correcta\/#primaryimage","url":"https:\/\/casadecampoliving-wp.s3-accelerate.amazonaws.com\/2018\/09\/Piso21-42.jpg","contentUrl":"https:\/\/casadecampoliving-wp.s3-accelerate.amazonaws.com\/2018\/09\/Piso21-42.jpg"},{"@type":"BreadcrumbList","@id":"https:\/\/casadecampoliving.com\/es\/dijiste-adios-al-verano-de-la-manera-correcta\/#breadcrumb","itemListElement":[{"@type":"ListItem","position":1,"name":"Home","item":"https:\/\/casadecampoliving.com\/es\/"},{"@type":"ListItem","position":2,"name":"\u00bfSe despidieron del verano de la manera correcta?"}]},{"@type":"WebSite","@id":"https:\/\/casadecampoliving.com\/es\/#website","url":"https:\/\/casadecampoliving.com\/es\/","name":"Casa de Campo Living","description":"Resort community news and resources.","publisher":{"@id":"https:\/\/casadecampoliving.com\/es\/#organization"},"potentialAction":[{"@type":"SearchAction","target":{"@type":"EntryPoint","urlTemplate":"https:\/\/casadecampoliving.com\/es\/?s={search_term_string}"},"query-input":{"@type":"PropertyValueSpecification","valueRequired":true,"valueName":"search_term_string"}}],"inLanguage":"es"},{"@type":"Organization","@id":"https:\/\/casadecampoliving.com\/es\/#organization","name":"Casa de Campo Living","url":"https:\/\/casadecampoliving.com\/es\/","logo":{"@type":"ImageObject","inLanguage":"es","@id":"https:\/\/casadecampoliving.com\/es\/#\/schema\/logo\/image\/","url":"https:\/\/i0.wp.com\/casadecampoliving.com\/wp-content\/uploads\/2022\/07\/CDCLivingLogo_V1-white-sized.png?fit=800%2C214&ssl=1","contentUrl":"https:\/\/i0.wp.com\/casadecampoliving.com\/wp-content\/uploads\/2022\/07\/CDCLivingLogo_V1-white-sized.png?fit=800%2C214&ssl=1","width":800,"height":214,"caption":"Casa de Campo Living"},"image":{"@id":"https:\/\/casadecampoliving.com\/es\/#\/schema\/logo\/image\/"},"sameAs":["https:\/\/www.facebook.com\/casadecampoliving","https:\/\/x.com\/cdcliving"]},{"@type":"Person","@id":"https:\/\/casadecampoliving.com\/es\/#\/schema\/person\/b6606bd87f9cec8f5903e2141cafda24","name":"Marlenys Guzm\u00e1n Casta\u00f1os","image":{"@type":"ImageObject","inLanguage":"es","@id":"https:\/\/secure.gravatar.com\/avatar\/72f3f86b8e6b3ec744201aeadf11d4a6055e8af194aecd9ad30ffff4437878ee?s=96&d=mm&r=g","url":"https:\/\/secure.gravatar.com\/avatar\/72f3f86b8e6b3ec744201aeadf11d4a6055e8af194aecd9ad30ffff4437878ee?s=96&d=mm&r=g","contentUrl":"https:\/\/secure.gravatar.com\/avatar\/72f3f86b8e6b3ec744201aeadf11d4a6055e8af194aecd9ad30ffff4437878ee?s=96&d=mm&r=g","caption":"Marlenys Guzm\u00e1n Casta\u00f1os"},"url":"https:\/\/casadecampoliving.com\/es\/author\/mguzman\/"}]}},"parsely":{"version":"1.1.0","canonical_url":"https:\/\/casadecampoliving.com\/es\/dijiste-adios-al-verano-de-la-manera-correcta\/","smart_links":{"inbound":0,"outbound":0},"traffic_boost_suggestions_count":0,"meta":{"@context":"https:\/\/schema.org","@type":"NewsArticle","headline":"\u00bfSe despidieron del verano de la manera correcta?","url":"http:\/\/casadecampoliving.com\/es\/dijiste-adios-al-verano-de-la-manera-correcta\/","mainEntityOfPage":{"@type":"WebPage","@id":"http:\/\/casadecampoliving.com\/es\/dijiste-adios-al-verano-de-la-manera-correcta\/"},"thumbnailUrl":"","image":{"@type":"ImageObject","url":""},"articleSection":"Celebridades","author":[{"@type":"Person","name":"Marlenys Guzm\u00e1n Casta\u00f1os"}],"creator":["Marlenys Guzm\u00e1n Casta\u00f1os"],"publisher":{"@type":"Organization","name":"Casa de Campo Living","logo":"https:\/\/casadecampoliving.com\/wp-content\/uploads\/2022\/07\/CDCLivingLogo_V1-white-sized.png"},"keywords":["casa de campo","featured-topview @es","fiesta","ilegales","party","piso 21"],"dateCreated":"2018-09-27T04:00:00Z","datePublished":"2018-09-27T04:00:00Z","dateModified":"2022-11-10T14:00:06Z"},"rendered":"<script type=\"application\/ld+json\" class=\"wp-parsely-metadata\">{\"@context\":\"https:\\\/\\\/schema.org\",\"@type\":\"NewsArticle\",\"headline\":\"\\u00bfSe despidieron del verano de la manera correcta?\",\"url\":\"http:\\\/\\\/casadecampoliving.com\\\/es\\\/dijiste-adios-al-verano-de-la-manera-correcta\\\/\",\"mainEntityOfPage\":{\"@type\":\"WebPage\",\"@id\":\"http:\\\/\\\/casadecampoliving.com\\\/es\\\/dijiste-adios-al-verano-de-la-manera-correcta\\\/\"},\"thumbnailUrl\":\"\",\"image\":{\"@type\":\"ImageObject\",\"url\":\"\"},\"articleSection\":\"Celebridades\",\"author\":[{\"@type\":\"Person\",\"name\":\"Marlenys Guzm\\u00e1n Casta\\u00f1os\"}],\"creator\":[\"Marlenys Guzm\\u00e1n Casta\\u00f1os\"],\"publisher\":{\"@type\":\"Organization\",\"name\":\"Casa de Campo Living\",\"logo\":\"https:\\\/\\\/casadecampoliving.com\\\/wp-content\\\/uploads\\\/2022\\\/07\\\/CDCLivingLogo_V1-white-sized.png\"},\"keywords\":[\"casa de campo\",\"featured-topview @es\",\"fiesta\",\"ilegales\",\"party\",\"piso 21\"],\"dateCreated\":\"2018-09-27T04:00:00Z\",\"datePublished\":\"2018-09-27T04:00:00Z\",\"dateModified\":\"2022-11-10T14:00:06Z\"}<\/script>","tracker_url":"https:\/\/cdn.parsely.com\/keys\/casadecampoliving.com\/p.js"},"jetpack_publicize_connections":[],"jetpack_featured_media_url":"","jetpack-related-posts":[{"id":352870,"url":"https:\/\/casadecampoliving.com\/es\/persiguiendo-el-ultimo-atardecer-de-verano-con-ilegales-y-piso-21-en-el-nuevo-minitas-beach-club\/","url_meta":{"origin":352902,"position":0},"title":"Persiguiendo el \u00faltimo atardecer de verano con Ilegales y Piso 21 en el nuevo Minitas Beach Club","author":"Marlenys Guzm\u00e1n Casta\u00f1os","date":"10 Sep, 2018","format":false,"excerpt":"\u00a1La \u00faltima puesta de sol del verano tendr\u00e1 lugar el s\u00e1bado 22 de septiembre de 2018 y con ella se celebra una gran fiesta en Casa! Casa de Campo Resort te invita a decir adi\u00f3s al verano con estilo con su fiesta \u201cPersiguiendo el \u00faltimo atardecer de verano\u201d en Minitas\u2026","rel":"","context":"En \u00abEstilo de Vida\u00bb","block_context":{"text":"Estilo de Vida","link":"https:\/\/casadecampoliving.com\/es\/category\/estilo-de-vida\/"},"img":{"alt_text":"","src":"https:\/\/i0.wp.com\/casadecampoliving.com\/wp-content\/uploads\/2018\/09\/Evento-32.jpg?resize=350%2C200&ssl=1","width":350,"height":200,"srcset":"https:\/\/i0.wp.com\/casadecampoliving.com\/wp-content\/uploads\/2018\/09\/Evento-32.jpg?resize=350%2C200&ssl=1 1x, https:\/\/i0.wp.com\/casadecampoliving.com\/wp-content\/uploads\/2018\/09\/Evento-32.jpg?resize=525%2C300&ssl=1 1.5x, https:\/\/i0.wp.com\/casadecampoliving.com\/wp-content\/uploads\/2018\/09\/Evento-32.jpg?resize=700%2C400&ssl=1 2x"},"classes":[]},{"id":433460,"url":"https:\/\/casadecampoliving.com\/es\/no-se-pierdan-el-increible-tributo-a-frank-sinatra-para-celebrar-el-40-aniversario-del-anfiteatro-altos-de-chavon\/","url_meta":{"origin":352902,"position":1},"title":"No se pierdan el incre\u00edble tributo a Frank Sinatra para celebrar el 40 aniversario del\u00a0Anfiteatro Altos de Chav\u00f3n","author":"Casa de Campo Living","date":"20 Oct, 2022","format":false,"excerpt":"Siendo uno de los escenarios m\u00e1s emblem\u00e1ticos del pa\u00eds, Casa de Campo Resort\u00ae & Villas celebra las cuatro d\u00e9cadas de aniversario de Altos de Chav\u00f3n con un tributo al gran Frank Sinatra, protagonizado por artistas invitados y una big band tal cual la que acompa\u00f1\u00f3 al artista hace 40 a\u00f1os\u2026","rel":"","context":"En \u00abUncategorized @es\u00bb","block_context":{"text":"Uncategorized @es","link":"https:\/\/casadecampoliving.com\/es\/category\/uncategorized-es\/"},"img":{"alt_text":"","src":"https:\/\/i0.wp.com\/casadecampoliving.com\/wp-content\/uploads\/2022\/10\/Tributo-Frank-Sinatra-Foto-Principal-Amaury-Sanchez-Danilo-Ginebra-Andres-Pichardo-y-Jose-Gabriel-Perez-.jpg?fit=1200%2C873&ssl=1&resize=350%2C200","width":350,"height":200,"srcset":"https:\/\/i0.wp.com\/casadecampoliving.com\/wp-content\/uploads\/2022\/10\/Tributo-Frank-Sinatra-Foto-Principal-Amaury-Sanchez-Danilo-Ginebra-Andres-Pichardo-y-Jose-Gabriel-Perez-.jpg?fit=1200%2C873&ssl=1&resize=350%2C200 1x, https:\/\/i0.wp.com\/casadecampoliving.com\/wp-content\/uploads\/2022\/10\/Tributo-Frank-Sinatra-Foto-Principal-Amaury-Sanchez-Danilo-Ginebra-Andres-Pichardo-y-Jose-Gabriel-Perez-.jpg?fit=1200%2C873&ssl=1&resize=525%2C300 1.5x, https:\/\/i0.wp.com\/casadecampoliving.com\/wp-content\/uploads\/2022\/10\/Tributo-Frank-Sinatra-Foto-Principal-Amaury-Sanchez-Danilo-Ginebra-Andres-Pichardo-y-Jose-Gabriel-Perez-.jpg?fit=1200%2C873&ssl=1&resize=700%2C400 2x, https:\/\/i0.wp.com\/casadecampoliving.com\/wp-content\/uploads\/2022\/10\/Tributo-Frank-Sinatra-Foto-Principal-Amaury-Sanchez-Danilo-Ginebra-Andres-Pichardo-y-Jose-Gabriel-Perez-.jpg?fit=1200%2C873&ssl=1&resize=1050%2C600 3x"},"classes":[]},{"id":344328,"url":"https:\/\/casadecampoliving.com\/es\/celebra-la-llegada-del-verano-con-el-proximo-atardecer-con-sabor-musica\/","url_meta":{"origin":352902,"position":2},"title":"Celebra la llegada del verano con el pr\u00f3ximo Atardecer con Sabor a M\u00fasica","author":"Perkin Agramonte","date":"7 May, 2014","format":false,"excerpt":"\u00a1Anote la fecha! Porque se acerca otro Atardecer con Sabor a M\u00fasica en Azimut Caf\u00e9 planeado a efectuarse el s\u00e1bado 24 de mayo, y es la excusa perfecta para disfrutar un par de c\u00f3cteles al atardecer, a la misma vez que celebramos el inicio del verano. \u00bfEstas listo para el\u2026","rel":"","context":"En \u00abCasa de Campo Living @es\u00bb","block_context":{"text":"Casa de Campo Living @es","link":"https:\/\/casadecampoliving.com\/category\/casa-de-campo-living-es\/"},"img":{"alt_text":"","src":"https:\/\/i0.wp.com\/casadecampoliving.com\/wp-content\/uploads\/2022\/10\/SUNSET_JAZZ_Azimut-1.jpg?fit=648%2C432&ssl=1&resize=350%2C200","width":350,"height":200,"srcset":"https:\/\/i0.wp.com\/casadecampoliving.com\/wp-content\/uploads\/2022\/10\/SUNSET_JAZZ_Azimut-1.jpg?fit=648%2C432&ssl=1&resize=350%2C200 1x, https:\/\/i0.wp.com\/casadecampoliving.com\/wp-content\/uploads\/2022\/10\/SUNSET_JAZZ_Azimut-1.jpg?fit=648%2C432&ssl=1&resize=525%2C300 1.5x"},"classes":[]},{"id":352883,"url":"https:\/\/casadecampoliving.com\/es\/despidase-del-verano-con-esta-increible-oferta-musical-en-minitas-beach-club-este-sabado\/","url_meta":{"origin":352902,"position":3},"title":"\u00a1Desp\u00eddase del verano con esta incre\u00edble oferta musical en Minitas Beach Club ESTE s\u00e1bado!","author":"Marlenys Guzm\u00e1n Casta\u00f1os","date":"17 Sep, 2018","format":false,"excerpt":"Este fin de semana es el \u00faltimo del verano y para algunos de nosotros nunca es f\u00e1cil despedirse de esta temporada. Para la mayor\u00eda, el verano simboliza todos los momentos divertidos y despreocupados que pudimos disfrutar durante estos meses. En honor a este cambio de temporada, Casa de Campo ofrecer\u00e1\u2026","rel":"","context":"En \u00abCelebridades\u00bb","block_context":{"text":"Celebridades","link":"https:\/\/casadecampoliving.com\/es\/category\/celebridades-es\/"},"img":{"alt_text":"","src":"https:\/\/i0.wp.com\/casadecampoliving.com\/wp-content\/uploads\/2018\/09\/SLOW-HANDS-LEFT.jpg?resize=350%2C200&ssl=1","width":350,"height":200,"srcset":"https:\/\/i0.wp.com\/casadecampoliving.com\/wp-content\/uploads\/2018\/09\/SLOW-HANDS-LEFT.jpg?resize=350%2C200&ssl=1 1x, https:\/\/i0.wp.com\/casadecampoliving.com\/wp-content\/uploads\/2018\/09\/SLOW-HANDS-LEFT.jpg?resize=525%2C300&ssl=1 1.5x, https:\/\/i0.wp.com\/casadecampoliving.com\/wp-content\/uploads\/2018\/09\/SLOW-HANDS-LEFT.jpg?resize=700%2C400&ssl=1 2x"},"classes":[]},{"id":519450,"url":"https:\/\/casadecampoliving.com\/es\/casa-de-campo-living-celebra-su-edicion-de-verano\/","url_meta":{"origin":352902,"position":4},"title":"Casa de Campo Living celebra su edici\u00f3n de verano","author":"Casa de Campo Living","date":"26 Jun, 2023","format":false,"excerpt":"Casa de Campo Living, en colaboraci\u00f3n con Casa de Campo Resort & Villas, celebr\u00f3 el esperado lanzamiento de su edici\u00f3n de verano con una espectacular fiesta de c\u00f3ctel. El evento tuvo lugar el viernes 23 de junio en la magn\u00edfica piscina principal de Casa de Campo, creando una noche inolvidable\u2026","rel":"","context":"En \u00abCCL presenta\u00bb","block_context":{"text":"CCL presenta","link":"https:\/\/casadecampoliving.com\/es\/category\/casa-de-campo-living-es\/ccl-presenta\/"},"img":{"alt_text":"","src":"https:\/\/i0.wp.com\/casadecampoliving.com\/wp-content\/uploads\/2023\/06\/CCL-Cover-party-35.jpg?fit=1049%2C700&ssl=1&resize=350%2C200","width":350,"height":200,"srcset":"https:\/\/i0.wp.com\/casadecampoliving.com\/wp-content\/uploads\/2023\/06\/CCL-Cover-party-35.jpg?fit=1049%2C700&ssl=1&resize=350%2C200 1x, https:\/\/i0.wp.com\/casadecampoliving.com\/wp-content\/uploads\/2023\/06\/CCL-Cover-party-35.jpg?fit=1049%2C700&ssl=1&resize=525%2C300 1.5x, https:\/\/i0.wp.com\/casadecampoliving.com\/wp-content\/uploads\/2023\/06\/CCL-Cover-party-35.jpg?fit=1049%2C700&ssl=1&resize=700%2C400 2x"},"classes":[]},{"id":346501,"url":"https:\/\/casadecampoliving.com\/es\/gianfranco-fini-acoge-fiesta-de-cocktail-al-atardecer\/","url_meta":{"origin":352902,"position":5},"title":"Gianfranco Fini acoge fiesta de cocktail al atardecer","author":"Esther Dariet Cazanova","date":"12 Ene, 2015","format":false,"excerpt":"El lunes 5 de enero, arquitecto Gianfranco Fini empez\u00f3 de maravilla el programa de eventos y actividades del 2015 con una intima\u00a0fiesta de cocktail al atardecer \u00a0en su hermosa villa de Casa de Campo en Vistamar. Gianfranco Fini recibi\u00f3 m\u00e1s de 50 invitados de la diversa comunidad de Casa de\u2026","rel":"","context":"En \u00abRevista CasaLife\u00bb","block_context":{"text":"Revista CasaLife","link":"https:\/\/casadecampoliving.com\/es\/category\/revista-casalife-es\/"},"img":{"alt_text":"Casa de Campo villa Gianfranco Fini","src":"https:\/\/i0.wp.com\/casadecampoliving.com\/wp-content\/uploads\/2022\/10\/Casa_de_Campo_villa_Gianfranco_Fini1-1.jpg?fit=650%2C457&ssl=1&resize=350%2C200","width":350,"height":200,"srcset":"https:\/\/i0.wp.com\/casadecampoliving.com\/wp-content\/uploads\/2022\/10\/Casa_de_Campo_villa_Gianfranco_Fini1-1.jpg?fit=650%2C457&ssl=1&resize=350%2C200 1x, https:\/\/i0.wp.com\/casadecampoliving.com\/wp-content\/uploads\/2022\/10\/Casa_de_Campo_villa_Gianfranco_Fini1-1.jpg?fit=650%2C457&ssl=1&resize=525%2C300 1.5x"},"classes":[]}],"jetpack_sharing_enabled":true,"_links":{"self":[{"href":"https:\/\/casadecampoliving.com\/es\/wp-json\/wp\/v2\/posts\/352902","targetHints":{"allow":["GET"]}}],"collection":[{"href":"https:\/\/casadecampoliving.com\/es\/wp-json\/wp\/v2\/posts"}],"about":[{"href":"https:\/\/casadecampoliving.com\/es\/wp-json\/wp\/v2\/types\/post"}],"author":[{"embeddable":true,"href":"https:\/\/casadecampoliving.com\/es\/wp-json\/wp\/v2\/users\/36682"}],"replies":[{"embeddable":true,"href":"https:\/\/casadecampoliving.com\/es\/wp-json\/wp\/v2\/comments?post=352902"}],"version-history":[{"count":1,"href":"https:\/\/casadecampoliving.com\/es\/wp-json\/wp\/v2\/posts\/352902\/revisions"}],"predecessor-version":[{"id":352903,"href":"https:\/\/casadecampoliving.com\/es\/wp-json\/wp\/v2\/posts\/352902\/revisions\/352903"}],"wp:attachment":[{"href":"https:\/\/casadecampoliving.com\/es\/wp-json\/wp\/v2\/media?parent=352902"}],"wp:term":[{"taxonomy":"category","embeddable":true,"href":"https:\/\/casadecampoliving.com\/es\/wp-json\/wp\/v2\/categories?post=352902"},{"taxonomy":"post_tag","embeddable":true,"href":"https:\/\/casadecampoliving.com\/es\/wp-json\/wp\/v2\/tags?post=352902"},{"taxonomy":"newspack_spnsrs_tax","embeddable":true,"href":"https:\/\/casadecampoliving.com\/es\/wp-json\/wp\/v2\/newspack_spnsrs_tax?post=352902"}],"curies":[{"name":"wp","href":"https:\/\/api.w.org\/{rel}","templated":true}]}}