{"id":352874,"date":"2018-09-13T00:00:00","date_gmt":"2018-09-13T04:00:00","guid":{"rendered":"https:\/\/casadecampoliving.com\/ozuna-lanzo-su-nuevo-video-musical-filmado-en-altos-de-chavon-con-akon\/"},"modified":"2022-10-21T19:16:29","modified_gmt":"2022-10-21T23:16:29","slug":"ozuna-lanzo-su-nuevo-video-musical-filmado-en-altos-de-chavon-con-akon","status":"publish","type":"post","link":"https:\/\/casadecampoliving.com\/es\/ozuna-lanzo-su-nuevo-video-musical-filmado-en-altos-de-chavon-con-akon\/","title":{"rendered":"\u00a1Ozuna estren\u00f3 su nuevo video musical filmado en Altos de Chav\u00f3n con Akon!"},"content":{"rendered":"\n<p>No estamos seguros si not\u00f3 hace unos pocos meses que Ozuna y Akon estaban filmando un video musical en Altos de Chav\u00f3n, bueno \u00a1ahora pueden verlo! \u00a1El video fue lanzado ayer y ya tiene m\u00e1s de 2 millones de visitas!<br>\n<\/p>\n\n\n\n<!--more-->\n\n\n<div class=\"wp-block-image\">\n<figure class=\"aligncenter is-resized\"><img loading=\"lazy\" decoding=\"async\" src=\"https:\/\/i0.wp.com\/casadecampoliving-wp.s3-accelerate.amazonaws.com\/2018\/09\/Screen-Shot-2018-09-13-at-11.30.11-AM.png?resize=1000%2C421&amp;ssl=1\" alt=\"\" class=\"wp-image-162570\" height=\"421\" width=\"1000\" srcset=\"https:\/\/i0.wp.com\/casadecampoliving.com\/wp-content\/uploads\/2018\/09\/Screen-Shot-2018-09-13-at-11.30.11-AM.png?w=1000&amp;ssl=1 1000w, https:\/\/i0.wp.com\/casadecampoliving.com\/wp-content\/uploads\/2018\/09\/Screen-Shot-2018-09-13-at-11.30.11-AM.png?resize=300%2C126&amp;ssl=1 300w, https:\/\/i0.wp.com\/casadecampoliving.com\/wp-content\/uploads\/2018\/09\/Screen-Shot-2018-09-13-at-11.30.11-AM.png?resize=768%2C323&amp;ssl=1 768w, https:\/\/i0.wp.com\/casadecampoliving-wp.s3-accelerate.amazonaws.com\/2018\/09\/Screen-Shot-2018-09-13-at-11.30.11-AM.png?w=370 370w, https:\/\/i0.wp.com\/casadecampoliving-wp.s3-accelerate.amazonaws.com\/2018\/09\/Screen-Shot-2018-09-13-at-11.30.11-AM.png?w=400 400w\" sizes=\"auto, (max-width: 1000px) 100vw, 1000px\" \/><\/figure>\n<\/div>\n\n\n<p>Ozuna naci\u00f3 en San Juan, Puerto Rico el 13 de marzo de 1992, de padres dominicanos, a menudo se describe a s\u00ed mismo como \u201cboricua con sangre dominicana\u201d. Se especializa en g\u00e9neros como trap y reggaet\u00f3n. Mostr\u00f3 inter\u00e9s en la m\u00fasica desde que ten\u00eda 12 a\u00f1os y salt\u00f3 a la fama en 2016 despu\u00e9s de colaborar con DJ Luian, Mambo Kingz, De La Ghetto, Arcangel y Anuel AA en \u201cLa ocasi\u00f3n\u201d. Actualmente, Ozuna ya es uno de los nombres m\u00e1s reconocidos del g\u00e9nero urbano. Akon, el famoso artista y compositor estadounidense de R &amp; B, no es ajeno a Casa. Ha estado aqu\u00ed antes e incluso<a href=\"https:\/\/casadecampoliving.com\/es\/akon-en-casa-de-campo-%C2%A1grabando-un-nuevo-video-musical-con-omega\/\" target=\"_blank\" rel=\"noopener\"> film\u00f3 otro video musical en 2011.<\/a> Se sabe que Akon, en m\u00e1s de una ocasi\u00f3n, ha expresado su inter\u00e9s en la m\u00fasica urbana latina y ahora lo demuestra con este nuevo d\u00fao musical, donde canta en Espa\u00f1ol.<\/p>\n\n\n<div class=\"wp-block-image\">\n<figure class=\"aligncenter is-resized\"><img loading=\"lazy\" decoding=\"async\" src=\"https:\/\/i0.wp.com\/casadecampoliving-wp.s3-accelerate.amazonaws.com\/2018\/09\/Screen-Shot-2018-09-13-at-11.25.49-AM.png?resize=1000%2C435&amp;ssl=1\" alt=\"\" class=\"wp-image-162569\" height=\"435\" width=\"1000\" srcset=\"https:\/\/i0.wp.com\/casadecampoliving.com\/wp-content\/uploads\/2018\/09\/Screen-Shot-2018-09-13-at-11.25.49-AM.png?w=1000&amp;ssl=1 1000w, https:\/\/i0.wp.com\/casadecampoliving.com\/wp-content\/uploads\/2018\/09\/Screen-Shot-2018-09-13-at-11.25.49-AM.png?resize=300%2C131&amp;ssl=1 300w, https:\/\/i0.wp.com\/casadecampoliving.com\/wp-content\/uploads\/2018\/09\/Screen-Shot-2018-09-13-at-11.25.49-AM.png?resize=768%2C334&amp;ssl=1 768w, https:\/\/i0.wp.com\/casadecampoliving-wp.s3-accelerate.amazonaws.com\/2018\/09\/Screen-Shot-2018-09-13-at-11.25.49-AM.png?w=370 370w, https:\/\/i0.wp.com\/casadecampoliving-wp.s3-accelerate.amazonaws.com\/2018\/09\/Screen-Shot-2018-09-13-at-11.25.49-AM.png?w=400 400w\" sizes=\"auto, (max-width: 1000px) 100vw, 1000px\" \/><\/figure>\n<\/div>\n\n\n<p>El video fue filmado en su totalidad en la Rep\u00fablica Dominicana, con hermosas escenas en Altos de Chav\u00f3n y el Faro a Col\u00f3n. El video musical, dirigido por el venezolano Nuno Gomes, cuenta la historia de amor entre el artista puertorrique\u00f1o y una joven cuya madre no est\u00e1 de acuerdo con su relaci\u00f3n. La canci\u00f3n pertenece al segundo \u00e1lbum del cantante \u201cAura\u201d, que se lanz\u00f3 el 24 de agosto y consta de 20 canciones con muchas colaboraciones con ritmos&nbsp;pegadizos con los artistas Nicky Jam, J Balvin, Romeo Santos, Cardi B, entre otros.<\/p>\n\n\n\n<p>\u00a1Y sin m\u00e1s pre\u00e1mbulos aqu\u00ed est\u00e1 el video! \u00a1Que lo disfruten!<\/p>\n\n\n\n<center><iframe loading=\"lazy\" src=\"https:\/\/www.youtube.com\/embed\/dG1my0cpTc8\" width=\"900\" height=\"550\" frameborder=\"0\" allowfullscreen=\"allowfullscreen\" data-mce-fragment=\"1\"><span data-mce-type=\"bookmark\" style=\"display: inline-block; width: 0px; overflow: hidden; line-height: 0;\" class=\"mce_SELRES_start\">\ufeff<\/span><span data-mce-type=\"bookmark\" style=\"display: inline-block; width: 0px; overflow: hidden; line-height: 0;\" class=\"mce_SELRES_start\">\ufeff<\/span><\/iframe><\/center>\n","protected":false},"excerpt":{"rendered":"<p>No estamos seguros si not\u00f3 hace unos pocos meses que Ozuna y Akon estaban filmando un video musical en Altos de Chav\u00f3n, bueno \u00a1ahora pueden verlo! \u00a1El video fue lanzado ayer y ya tiene m\u00e1s de 2 millones de visitas!<\/p>\n","protected":false},"author":36682,"featured_media":0,"comment_status":"closed","ping_status":"closed","sticky":false,"template":"","format":"standard","meta":{"newspack_ads_suppress_ads":false,"newspack_popups_has_disabled_popups":false,"newspack_sponsor_sponsorship_scope":"","newspack_sponsor_native_byline_display":"inherit","newspack_sponsor_native_category_display":"inherit","newspack_sponsor_underwriter_style":"inherit","newspack_sponsor_underwriter_placement":"inherit","_newspack_byline_active":false,"_newspack_byline":"","newspack_hide_updated_date":false,"newspack_show_updated_date":false,"newspack_content_restriction_is_exempt":false,"newspack_featured_image_position":"","newspack_post_subtitle":"","newspack_article_summary_title":"Overview:","newspack_article_summary":"","_jetpack_memberships_contains_paid_content":false,"footnotes":"","jetpack_publicize_message":"","jetpack_publicize_feature_enabled":true,"jetpack_social_post_already_shared":false,"jetpack_social_options":{"image_generator_settings":{"template":"highway","default_image_id":0,"font":"","enabled":false},"version":2},"_wpas_customize_per_network":false},"categories":[26819,2513,2521,19622,2531],"tags":[15387,14736,13839,2607],"newspack_spnsrs_tax":[],"class_list":["post-352874","post","type-post","status-publish","format-standard","hentry","category-altos-de-chavon-es","category-celebridades-es","category-republica-dominicana-2","category-video-es-2","category-video-es","tag-altos-de-chavon-es","tag-featured-topview-es","tag-video-es","tag-video-musical","entry"],"yoast_head":"<!-- This site is optimized with the Yoast SEO plugin v27.5 - https:\/\/yoast.com\/product\/yoast-seo-wordpress\/ -->\n<title>\u00a1Ozuna estren\u00f3 su nuevo video musical filmado en Altos de Chav\u00f3n con Akon! | Casa de Campo Living<\/title>\n<meta name=\"description\" content=\"No estamos seguros si not\u00f3 hace unos pocos meses que Ozuna y Akon estaban filmando un video musical en Altos de Chav\u00f3n, bueno \u00a1ahora pueden verlo! \u00a1El\" \/>\n<meta name=\"robots\" content=\"index, follow, max-snippet:-1, max-image-preview:large, max-video-preview:-1\" \/>\n<link rel=\"canonical\" href=\"https:\/\/casadecampoliving.com\/es\/ozuna-lanzo-su-nuevo-video-musical-filmado-en-altos-de-chavon-con-akon\/\" \/>\n<meta property=\"og:locale\" content=\"es_ES\" \/>\n<meta property=\"og:type\" content=\"article\" \/>\n<meta property=\"og:title\" content=\"\u00a1Ozuna estren\u00f3 su nuevo video musical filmado en Altos de Chav\u00f3n con Akon! | Casa de Campo Living\" \/>\n<meta property=\"og:description\" content=\"No estamos seguros si not\u00f3 hace unos pocos meses que Ozuna y Akon estaban filmando un video musical en Altos de Chav\u00f3n, bueno \u00a1ahora pueden verlo! \u00a1El\" \/>\n<meta property=\"og:url\" content=\"https:\/\/casadecampoliving.com\/es\/ozuna-lanzo-su-nuevo-video-musical-filmado-en-altos-de-chavon-con-akon\/\" \/>\n<meta property=\"og:site_name\" content=\"Casa de Campo Living\" \/>\n<meta property=\"article:publisher\" content=\"https:\/\/www.facebook.com\/casadecampoliving\" \/>\n<meta property=\"article:published_time\" content=\"2018-09-13T04:00:00+00:00\" \/>\n<meta property=\"article:modified_time\" content=\"2022-10-21T23:16:29+00:00\" \/>\n<meta property=\"og:image\" content=\"https:\/\/casadecampoliving-wp.s3-accelerate.amazonaws.com\/2018\/09\/Screen-Shot-2018-09-13-at-11.30.11-AM.png\" \/>\n<meta name=\"author\" content=\"Marlenys Guzm\u00e1n Casta\u00f1os\" \/>\n<meta name=\"twitter:card\" content=\"summary_large_image\" \/>\n<meta name=\"twitter:creator\" content=\"@cdcliving\" \/>\n<meta name=\"twitter:site\" content=\"@cdcliving\" \/>\n<meta name=\"twitter:label1\" content=\"Escrito por\" \/>\n\t<meta name=\"twitter:data1\" content=\"Marlenys Guzm\u00e1n Casta\u00f1os\" \/>\n\t<meta name=\"twitter:label2\" content=\"Tiempo de lectura\" \/>\n\t<meta name=\"twitter:data2\" content=\"2 minutos\" \/>\n<script type=\"application\/ld+json\" class=\"yoast-schema-graph\">{\"@context\":\"https:\\\/\\\/schema.org\",\"@graph\":[{\"@type\":\"Article\",\"@id\":\"https:\\\/\\\/casadecampoliving.com\\\/es\\\/ozuna-lanzo-su-nuevo-video-musical-filmado-en-altos-de-chavon-con-akon\\\/#article\",\"isPartOf\":{\"@id\":\"https:\\\/\\\/casadecampoliving.com\\\/es\\\/ozuna-lanzo-su-nuevo-video-musical-filmado-en-altos-de-chavon-con-akon\\\/\"},\"author\":{\"name\":\"Marlenys Guzm\u00e1n Casta\u00f1os\",\"@id\":\"https:\\\/\\\/casadecampoliving.com\\\/es\\\/#\\\/schema\\\/person\\\/b6606bd87f9cec8f5903e2141cafda24\"},\"headline\":\"\u00a1Ozuna estren\u00f3 su nuevo video musical filmado en Altos de Chav\u00f3n con Akon!\",\"datePublished\":\"2018-09-13T04:00:00+00:00\",\"dateModified\":\"2022-10-21T23:16:29+00:00\",\"mainEntityOfPage\":{\"@id\":\"https:\\\/\\\/casadecampoliving.com\\\/es\\\/ozuna-lanzo-su-nuevo-video-musical-filmado-en-altos-de-chavon-con-akon\\\/\"},\"wordCount\":320,\"publisher\":{\"@id\":\"https:\\\/\\\/casadecampoliving.com\\\/es\\\/#organization\"},\"image\":{\"@id\":\"https:\\\/\\\/casadecampoliving.com\\\/es\\\/ozuna-lanzo-su-nuevo-video-musical-filmado-en-altos-de-chavon-con-akon\\\/#primaryimage\"},\"thumbnailUrl\":\"https:\\\/\\\/i0.wp.com\\\/casadecampoliving-wp.s3-accelerate.amazonaws.com\\\/2018\\\/09\\\/Screen-Shot-2018-09-13-at-11.30.11-AM.png?resize=1000%2C421&amp;ssl=1\",\"keywords\":[\"Altos de Chavon\",\"Featured-TopView @es\",\"Video @es\",\"video musical\"],\"articleSection\":[\"Altos de Chavon @es\",\"Celebridades\",\"Rep\u00fablica Dominicana @es\",\"Video\",\"Video @es\"],\"inLanguage\":\"es\"},{\"@type\":\"WebPage\",\"@id\":\"https:\\\/\\\/casadecampoliving.com\\\/es\\\/ozuna-lanzo-su-nuevo-video-musical-filmado-en-altos-de-chavon-con-akon\\\/\",\"url\":\"https:\\\/\\\/casadecampoliving.com\\\/es\\\/ozuna-lanzo-su-nuevo-video-musical-filmado-en-altos-de-chavon-con-akon\\\/\",\"name\":\"\u00a1Ozuna estren\u00f3 su nuevo video musical filmado en Altos de Chav\u00f3n con Akon! | Casa de Campo Living\",\"isPartOf\":{\"@id\":\"https:\\\/\\\/casadecampoliving.com\\\/es\\\/#website\"},\"primaryImageOfPage\":{\"@id\":\"https:\\\/\\\/casadecampoliving.com\\\/es\\\/ozuna-lanzo-su-nuevo-video-musical-filmado-en-altos-de-chavon-con-akon\\\/#primaryimage\"},\"image\":{\"@id\":\"https:\\\/\\\/casadecampoliving.com\\\/es\\\/ozuna-lanzo-su-nuevo-video-musical-filmado-en-altos-de-chavon-con-akon\\\/#primaryimage\"},\"thumbnailUrl\":\"https:\\\/\\\/i0.wp.com\\\/casadecampoliving-wp.s3-accelerate.amazonaws.com\\\/2018\\\/09\\\/Screen-Shot-2018-09-13-at-11.30.11-AM.png?resize=1000%2C421&amp;ssl=1\",\"datePublished\":\"2018-09-13T04:00:00+00:00\",\"dateModified\":\"2022-10-21T23:16:29+00:00\",\"description\":\"No estamos seguros si not\u00f3 hace unos pocos meses que Ozuna y Akon estaban filmando un video musical en Altos de Chav\u00f3n, bueno \u00a1ahora pueden verlo! \u00a1El\",\"breadcrumb\":{\"@id\":\"https:\\\/\\\/casadecampoliving.com\\\/es\\\/ozuna-lanzo-su-nuevo-video-musical-filmado-en-altos-de-chavon-con-akon\\\/#breadcrumb\"},\"inLanguage\":\"es\",\"potentialAction\":[{\"@type\":\"ReadAction\",\"target\":[\"https:\\\/\\\/casadecampoliving.com\\\/es\\\/ozuna-lanzo-su-nuevo-video-musical-filmado-en-altos-de-chavon-con-akon\\\/\"]}]},{\"@type\":\"ImageObject\",\"inLanguage\":\"es\",\"@id\":\"https:\\\/\\\/casadecampoliving.com\\\/es\\\/ozuna-lanzo-su-nuevo-video-musical-filmado-en-altos-de-chavon-con-akon\\\/#primaryimage\",\"url\":\"https:\\\/\\\/i0.wp.com\\\/casadecampoliving-wp.s3-accelerate.amazonaws.com\\\/2018\\\/09\\\/Screen-Shot-2018-09-13-at-11.30.11-AM.png?resize=1000%2C421&amp;ssl=1\",\"contentUrl\":\"https:\\\/\\\/i0.wp.com\\\/casadecampoliving-wp.s3-accelerate.amazonaws.com\\\/2018\\\/09\\\/Screen-Shot-2018-09-13-at-11.30.11-AM.png?resize=1000%2C421&amp;ssl=1\"},{\"@type\":\"BreadcrumbList\",\"@id\":\"https:\\\/\\\/casadecampoliving.com\\\/es\\\/ozuna-lanzo-su-nuevo-video-musical-filmado-en-altos-de-chavon-con-akon\\\/#breadcrumb\",\"itemListElement\":[{\"@type\":\"ListItem\",\"position\":1,\"name\":\"Home\",\"item\":\"https:\\\/\\\/casadecampoliving.com\\\/es\\\/\"},{\"@type\":\"ListItem\",\"position\":2,\"name\":\"\u00a1Ozuna estren\u00f3 su nuevo video musical filmado en Altos de Chav\u00f3n con Akon!\"}]},{\"@type\":\"WebSite\",\"@id\":\"https:\\\/\\\/casadecampoliving.com\\\/es\\\/#website\",\"url\":\"https:\\\/\\\/casadecampoliving.com\\\/es\\\/\",\"name\":\"Casa de Campo Living\",\"description\":\"Resort community news and resources.\",\"publisher\":{\"@id\":\"https:\\\/\\\/casadecampoliving.com\\\/es\\\/#organization\"},\"potentialAction\":[{\"@type\":\"SearchAction\",\"target\":{\"@type\":\"EntryPoint\",\"urlTemplate\":\"https:\\\/\\\/casadecampoliving.com\\\/es\\\/?s={search_term_string}\"},\"query-input\":{\"@type\":\"PropertyValueSpecification\",\"valueRequired\":true,\"valueName\":\"search_term_string\"}}],\"inLanguage\":\"es\"},{\"@type\":\"Organization\",\"@id\":\"https:\\\/\\\/casadecampoliving.com\\\/es\\\/#organization\",\"name\":\"Casa de Campo Living\",\"url\":\"https:\\\/\\\/casadecampoliving.com\\\/es\\\/\",\"logo\":{\"@type\":\"ImageObject\",\"inLanguage\":\"es\",\"@id\":\"https:\\\/\\\/casadecampoliving.com\\\/es\\\/#\\\/schema\\\/logo\\\/image\\\/\",\"url\":\"https:\\\/\\\/i0.wp.com\\\/casadecampoliving.com\\\/wp-content\\\/uploads\\\/2022\\\/07\\\/CDCLivingLogo_V1-white-sized.png?fit=800%2C214&ssl=1\",\"contentUrl\":\"https:\\\/\\\/i0.wp.com\\\/casadecampoliving.com\\\/wp-content\\\/uploads\\\/2022\\\/07\\\/CDCLivingLogo_V1-white-sized.png?fit=800%2C214&ssl=1\",\"width\":800,\"height\":214,\"caption\":\"Casa de Campo Living\"},\"image\":{\"@id\":\"https:\\\/\\\/casadecampoliving.com\\\/es\\\/#\\\/schema\\\/logo\\\/image\\\/\"},\"sameAs\":[\"https:\\\/\\\/www.facebook.com\\\/casadecampoliving\",\"https:\\\/\\\/x.com\\\/cdcliving\"]},{\"@type\":\"Person\",\"@id\":\"https:\\\/\\\/casadecampoliving.com\\\/es\\\/#\\\/schema\\\/person\\\/b6606bd87f9cec8f5903e2141cafda24\",\"name\":\"Marlenys Guzm\u00e1n Casta\u00f1os\",\"image\":{\"@type\":\"ImageObject\",\"inLanguage\":\"es\",\"@id\":\"https:\\\/\\\/secure.gravatar.com\\\/avatar\\\/72f3f86b8e6b3ec744201aeadf11d4a6055e8af194aecd9ad30ffff4437878ee?s=96&d=mm&r=g\",\"url\":\"https:\\\/\\\/secure.gravatar.com\\\/avatar\\\/72f3f86b8e6b3ec744201aeadf11d4a6055e8af194aecd9ad30ffff4437878ee?s=96&d=mm&r=g\",\"contentUrl\":\"https:\\\/\\\/secure.gravatar.com\\\/avatar\\\/72f3f86b8e6b3ec744201aeadf11d4a6055e8af194aecd9ad30ffff4437878ee?s=96&d=mm&r=g\",\"caption\":\"Marlenys Guzm\u00e1n Casta\u00f1os\"},\"url\":\"https:\\\/\\\/casadecampoliving.com\\\/es\\\/author\\\/mguzman\\\/\"}]}<\/script>\n<!-- \/ Yoast SEO plugin. -->","yoast_head_json":{"title":"\u00a1Ozuna estren\u00f3 su nuevo video musical filmado en Altos de Chav\u00f3n con Akon! | Casa de Campo Living","description":"No estamos seguros si not\u00f3 hace unos pocos meses que Ozuna y Akon estaban filmando un video musical en Altos de Chav\u00f3n, bueno \u00a1ahora pueden verlo! \u00a1El","robots":{"index":"index","follow":"follow","max-snippet":"max-snippet:-1","max-image-preview":"max-image-preview:large","max-video-preview":"max-video-preview:-1"},"canonical":"https:\/\/casadecampoliving.com\/es\/ozuna-lanzo-su-nuevo-video-musical-filmado-en-altos-de-chavon-con-akon\/","og_locale":"es_ES","og_type":"article","og_title":"\u00a1Ozuna estren\u00f3 su nuevo video musical filmado en Altos de Chav\u00f3n con Akon! | Casa de Campo Living","og_description":"No estamos seguros si not\u00f3 hace unos pocos meses que Ozuna y Akon estaban filmando un video musical en Altos de Chav\u00f3n, bueno \u00a1ahora pueden verlo! \u00a1El","og_url":"https:\/\/casadecampoliving.com\/es\/ozuna-lanzo-su-nuevo-video-musical-filmado-en-altos-de-chavon-con-akon\/","og_site_name":"Casa de Campo Living","article_publisher":"https:\/\/www.facebook.com\/casadecampoliving","article_published_time":"2018-09-13T04:00:00+00:00","article_modified_time":"2022-10-21T23:16:29+00:00","og_image":[{"url":"https:\/\/casadecampoliving-wp.s3-accelerate.amazonaws.com\/2018\/09\/Screen-Shot-2018-09-13-at-11.30.11-AM.png","type":"","width":"","height":""}],"author":"Marlenys Guzm\u00e1n Casta\u00f1os","twitter_card":"summary_large_image","twitter_creator":"@cdcliving","twitter_site":"@cdcliving","twitter_misc":{"Escrito por":"Marlenys Guzm\u00e1n Casta\u00f1os","Tiempo de lectura":"2 minutos"},"schema":{"@context":"https:\/\/schema.org","@graph":[{"@type":"Article","@id":"https:\/\/casadecampoliving.com\/es\/ozuna-lanzo-su-nuevo-video-musical-filmado-en-altos-de-chavon-con-akon\/#article","isPartOf":{"@id":"https:\/\/casadecampoliving.com\/es\/ozuna-lanzo-su-nuevo-video-musical-filmado-en-altos-de-chavon-con-akon\/"},"author":{"name":"Marlenys Guzm\u00e1n Casta\u00f1os","@id":"https:\/\/casadecampoliving.com\/es\/#\/schema\/person\/b6606bd87f9cec8f5903e2141cafda24"},"headline":"\u00a1Ozuna estren\u00f3 su nuevo video musical filmado en Altos de Chav\u00f3n con Akon!","datePublished":"2018-09-13T04:00:00+00:00","dateModified":"2022-10-21T23:16:29+00:00","mainEntityOfPage":{"@id":"https:\/\/casadecampoliving.com\/es\/ozuna-lanzo-su-nuevo-video-musical-filmado-en-altos-de-chavon-con-akon\/"},"wordCount":320,"publisher":{"@id":"https:\/\/casadecampoliving.com\/es\/#organization"},"image":{"@id":"https:\/\/casadecampoliving.com\/es\/ozuna-lanzo-su-nuevo-video-musical-filmado-en-altos-de-chavon-con-akon\/#primaryimage"},"thumbnailUrl":"https:\/\/i0.wp.com\/casadecampoliving-wp.s3-accelerate.amazonaws.com\/2018\/09\/Screen-Shot-2018-09-13-at-11.30.11-AM.png?resize=1000%2C421&amp;ssl=1","keywords":["Altos de Chavon","Featured-TopView @es","Video @es","video musical"],"articleSection":["Altos de Chavon @es","Celebridades","Rep\u00fablica Dominicana @es","Video","Video @es"],"inLanguage":"es"},{"@type":"WebPage","@id":"https:\/\/casadecampoliving.com\/es\/ozuna-lanzo-su-nuevo-video-musical-filmado-en-altos-de-chavon-con-akon\/","url":"https:\/\/casadecampoliving.com\/es\/ozuna-lanzo-su-nuevo-video-musical-filmado-en-altos-de-chavon-con-akon\/","name":"\u00a1Ozuna estren\u00f3 su nuevo video musical filmado en Altos de Chav\u00f3n con Akon! | Casa de Campo Living","isPartOf":{"@id":"https:\/\/casadecampoliving.com\/es\/#website"},"primaryImageOfPage":{"@id":"https:\/\/casadecampoliving.com\/es\/ozuna-lanzo-su-nuevo-video-musical-filmado-en-altos-de-chavon-con-akon\/#primaryimage"},"image":{"@id":"https:\/\/casadecampoliving.com\/es\/ozuna-lanzo-su-nuevo-video-musical-filmado-en-altos-de-chavon-con-akon\/#primaryimage"},"thumbnailUrl":"https:\/\/i0.wp.com\/casadecampoliving-wp.s3-accelerate.amazonaws.com\/2018\/09\/Screen-Shot-2018-09-13-at-11.30.11-AM.png?resize=1000%2C421&amp;ssl=1","datePublished":"2018-09-13T04:00:00+00:00","dateModified":"2022-10-21T23:16:29+00:00","description":"No estamos seguros si not\u00f3 hace unos pocos meses que Ozuna y Akon estaban filmando un video musical en Altos de Chav\u00f3n, bueno \u00a1ahora pueden verlo! \u00a1El","breadcrumb":{"@id":"https:\/\/casadecampoliving.com\/es\/ozuna-lanzo-su-nuevo-video-musical-filmado-en-altos-de-chavon-con-akon\/#breadcrumb"},"inLanguage":"es","potentialAction":[{"@type":"ReadAction","target":["https:\/\/casadecampoliving.com\/es\/ozuna-lanzo-su-nuevo-video-musical-filmado-en-altos-de-chavon-con-akon\/"]}]},{"@type":"ImageObject","inLanguage":"es","@id":"https:\/\/casadecampoliving.com\/es\/ozuna-lanzo-su-nuevo-video-musical-filmado-en-altos-de-chavon-con-akon\/#primaryimage","url":"https:\/\/i0.wp.com\/casadecampoliving-wp.s3-accelerate.amazonaws.com\/2018\/09\/Screen-Shot-2018-09-13-at-11.30.11-AM.png?resize=1000%2C421&amp;ssl=1","contentUrl":"https:\/\/i0.wp.com\/casadecampoliving-wp.s3-accelerate.amazonaws.com\/2018\/09\/Screen-Shot-2018-09-13-at-11.30.11-AM.png?resize=1000%2C421&amp;ssl=1"},{"@type":"BreadcrumbList","@id":"https:\/\/casadecampoliving.com\/es\/ozuna-lanzo-su-nuevo-video-musical-filmado-en-altos-de-chavon-con-akon\/#breadcrumb","itemListElement":[{"@type":"ListItem","position":1,"name":"Home","item":"https:\/\/casadecampoliving.com\/es\/"},{"@type":"ListItem","position":2,"name":"\u00a1Ozuna estren\u00f3 su nuevo video musical filmado en Altos de Chav\u00f3n con Akon!"}]},{"@type":"WebSite","@id":"https:\/\/casadecampoliving.com\/es\/#website","url":"https:\/\/casadecampoliving.com\/es\/","name":"Casa de Campo Living","description":"Resort community news and resources.","publisher":{"@id":"https:\/\/casadecampoliving.com\/es\/#organization"},"potentialAction":[{"@type":"SearchAction","target":{"@type":"EntryPoint","urlTemplate":"https:\/\/casadecampoliving.com\/es\/?s={search_term_string}"},"query-input":{"@type":"PropertyValueSpecification","valueRequired":true,"valueName":"search_term_string"}}],"inLanguage":"es"},{"@type":"Organization","@id":"https:\/\/casadecampoliving.com\/es\/#organization","name":"Casa de Campo Living","url":"https:\/\/casadecampoliving.com\/es\/","logo":{"@type":"ImageObject","inLanguage":"es","@id":"https:\/\/casadecampoliving.com\/es\/#\/schema\/logo\/image\/","url":"https:\/\/i0.wp.com\/casadecampoliving.com\/wp-content\/uploads\/2022\/07\/CDCLivingLogo_V1-white-sized.png?fit=800%2C214&ssl=1","contentUrl":"https:\/\/i0.wp.com\/casadecampoliving.com\/wp-content\/uploads\/2022\/07\/CDCLivingLogo_V1-white-sized.png?fit=800%2C214&ssl=1","width":800,"height":214,"caption":"Casa de Campo Living"},"image":{"@id":"https:\/\/casadecampoliving.com\/es\/#\/schema\/logo\/image\/"},"sameAs":["https:\/\/www.facebook.com\/casadecampoliving","https:\/\/x.com\/cdcliving"]},{"@type":"Person","@id":"https:\/\/casadecampoliving.com\/es\/#\/schema\/person\/b6606bd87f9cec8f5903e2141cafda24","name":"Marlenys Guzm\u00e1n Casta\u00f1os","image":{"@type":"ImageObject","inLanguage":"es","@id":"https:\/\/secure.gravatar.com\/avatar\/72f3f86b8e6b3ec744201aeadf11d4a6055e8af194aecd9ad30ffff4437878ee?s=96&d=mm&r=g","url":"https:\/\/secure.gravatar.com\/avatar\/72f3f86b8e6b3ec744201aeadf11d4a6055e8af194aecd9ad30ffff4437878ee?s=96&d=mm&r=g","contentUrl":"https:\/\/secure.gravatar.com\/avatar\/72f3f86b8e6b3ec744201aeadf11d4a6055e8af194aecd9ad30ffff4437878ee?s=96&d=mm&r=g","caption":"Marlenys Guzm\u00e1n Casta\u00f1os"},"url":"https:\/\/casadecampoliving.com\/es\/author\/mguzman\/"}]}},"parsely":{"version":"1.1.0","canonical_url":"https:\/\/casadecampoliving.com\/es\/ozuna-lanzo-su-nuevo-video-musical-filmado-en-altos-de-chavon-con-akon\/","smart_links":{"inbound":0,"outbound":0},"traffic_boost_suggestions_count":0,"meta":{"@context":"https:\/\/schema.org","@type":"NewsArticle","headline":"\u00a1Ozuna estren\u00f3 su nuevo video musical filmado en Altos de Chav\u00f3n con Akon!","url":"http:\/\/casadecampoliving.com\/es\/ozuna-lanzo-su-nuevo-video-musical-filmado-en-altos-de-chavon-con-akon\/","mainEntityOfPage":{"@type":"WebPage","@id":"http:\/\/casadecampoliving.com\/es\/ozuna-lanzo-su-nuevo-video-musical-filmado-en-altos-de-chavon-con-akon\/"},"thumbnailUrl":"","image":{"@type":"ImageObject","url":""},"articleSection":"Altos de Chavon @es","author":[{"@type":"Person","name":"Marlenys Guzm\u00e1n Casta\u00f1os"}],"creator":["Marlenys Guzm\u00e1n Casta\u00f1os"],"publisher":{"@type":"Organization","name":"Casa de Campo Living","logo":"https:\/\/casadecampoliving.com\/wp-content\/uploads\/2022\/07\/CDCLivingLogo_V1-white-sized.png"},"keywords":["altos de chavon","featured-topview @es","video @es","video musical"],"dateCreated":"2018-09-13T04:00:00Z","datePublished":"2018-09-13T04:00:00Z","dateModified":"2022-10-21T23:16:29Z"},"rendered":"<script type=\"application\/ld+json\" class=\"wp-parsely-metadata\">{\"@context\":\"https:\\\/\\\/schema.org\",\"@type\":\"NewsArticle\",\"headline\":\"\\u00a1Ozuna estren\\u00f3 su nuevo video musical filmado en Altos de Chav\\u00f3n con Akon!\",\"url\":\"http:\\\/\\\/casadecampoliving.com\\\/es\\\/ozuna-lanzo-su-nuevo-video-musical-filmado-en-altos-de-chavon-con-akon\\\/\",\"mainEntityOfPage\":{\"@type\":\"WebPage\",\"@id\":\"http:\\\/\\\/casadecampoliving.com\\\/es\\\/ozuna-lanzo-su-nuevo-video-musical-filmado-en-altos-de-chavon-con-akon\\\/\"},\"thumbnailUrl\":\"\",\"image\":{\"@type\":\"ImageObject\",\"url\":\"\"},\"articleSection\":\"Altos de Chavon @es\",\"author\":[{\"@type\":\"Person\",\"name\":\"Marlenys Guzm\\u00e1n Casta\\u00f1os\"}],\"creator\":[\"Marlenys Guzm\\u00e1n Casta\\u00f1os\"],\"publisher\":{\"@type\":\"Organization\",\"name\":\"Casa de Campo Living\",\"logo\":\"https:\\\/\\\/casadecampoliving.com\\\/wp-content\\\/uploads\\\/2022\\\/07\\\/CDCLivingLogo_V1-white-sized.png\"},\"keywords\":[\"altos de chavon\",\"featured-topview @es\",\"video @es\",\"video musical\"],\"dateCreated\":\"2018-09-13T04:00:00Z\",\"datePublished\":\"2018-09-13T04:00:00Z\",\"dateModified\":\"2022-10-21T23:16:29Z\"}<\/script>","tracker_url":"https:\/\/cdn.parsely.com\/keys\/casadecampoliving.com\/p.js"},"jetpack_publicize_connections":[],"jetpack_featured_media_url":"","jetpack-related-posts":[{"id":433460,"url":"https:\/\/casadecampoliving.com\/es\/no-se-pierdan-el-increible-tributo-a-frank-sinatra-para-celebrar-el-40-aniversario-del-anfiteatro-altos-de-chavon\/","url_meta":{"origin":352874,"position":0},"title":"No se pierdan el incre\u00edble tributo a Frank Sinatra para celebrar el 40 aniversario del\u00a0Anfiteatro Altos de Chav\u00f3n","author":"Casa de Campo Living","date":"20 Oct, 2022","format":false,"excerpt":"Siendo uno de los escenarios m\u00e1s emblem\u00e1ticos del pa\u00eds, Casa de Campo Resort\u00ae & Villas celebra las cuatro d\u00e9cadas de aniversario de Altos de Chav\u00f3n con un tributo al gran Frank Sinatra, protagonizado por artistas invitados y una big band tal cual la que acompa\u00f1\u00f3 al artista hace 40 a\u00f1os\u2026","rel":"","context":"En \u00abUncategorized @es\u00bb","block_context":{"text":"Uncategorized @es","link":"https:\/\/casadecampoliving.com\/es\/category\/uncategorized-es\/"},"img":{"alt_text":"","src":"https:\/\/i0.wp.com\/casadecampoliving.com\/wp-content\/uploads\/2022\/10\/Tributo-Frank-Sinatra-Foto-Principal-Amaury-Sanchez-Danilo-Ginebra-Andres-Pichardo-y-Jose-Gabriel-Perez-.jpg?fit=1200%2C873&ssl=1&resize=350%2C200","width":350,"height":200,"srcset":"https:\/\/i0.wp.com\/casadecampoliving.com\/wp-content\/uploads\/2022\/10\/Tributo-Frank-Sinatra-Foto-Principal-Amaury-Sanchez-Danilo-Ginebra-Andres-Pichardo-y-Jose-Gabriel-Perez-.jpg?fit=1200%2C873&ssl=1&resize=350%2C200 1x, https:\/\/i0.wp.com\/casadecampoliving.com\/wp-content\/uploads\/2022\/10\/Tributo-Frank-Sinatra-Foto-Principal-Amaury-Sanchez-Danilo-Ginebra-Andres-Pichardo-y-Jose-Gabriel-Perez-.jpg?fit=1200%2C873&ssl=1&resize=525%2C300 1.5x, https:\/\/i0.wp.com\/casadecampoliving.com\/wp-content\/uploads\/2022\/10\/Tributo-Frank-Sinatra-Foto-Principal-Amaury-Sanchez-Danilo-Ginebra-Andres-Pichardo-y-Jose-Gabriel-Perez-.jpg?fit=1200%2C873&ssl=1&resize=700%2C400 2x, https:\/\/i0.wp.com\/casadecampoliving.com\/wp-content\/uploads\/2022\/10\/Tributo-Frank-Sinatra-Foto-Principal-Amaury-Sanchez-Danilo-Ginebra-Andres-Pichardo-y-Jose-Gabriel-Perez-.jpg?fit=1200%2C873&ssl=1&resize=1050%2C600 3x"},"classes":[]},{"id":330248,"url":"https:\/\/casadecampoliving.com\/ozuna-shoots-new-music-video-altos-de-chavon\/","url_meta":{"origin":352874,"position":1},"title":"Ozuna released his new music video shot in Altos de Chav\u00f3n featuring Akon!","author":"Marlenys Guzm\u00e1n Casta\u00f1os","date":"13 Sep, 2018","format":false,"excerpt":"Not sure if you noticed just a few short months ago that Ozuna and Akon were shooting a music video in Altos de Chav\u00f3n, well if you didn\u2019t you can now see it! The video was released yesterday and it already has over 2 million views!\u00a0 Ozuna was born in\u2026","rel":"","context":"En \u00abAltos de Chavon\u00bb","block_context":{"text":"Altos de Chavon","link":"https:\/\/casadecampoliving.com\/category\/altos-de-chavon\/"},"img":{"alt_text":"","src":"https:\/\/i0.wp.com\/casadecampoliving.com\/wp-content\/uploads\/2018\/09\/Screen-Shot-2018-09-13-at-11.30.11-AM.png?resize=350%2C200&ssl=1","width":350,"height":200,"srcset":"https:\/\/i0.wp.com\/casadecampoliving.com\/wp-content\/uploads\/2018\/09\/Screen-Shot-2018-09-13-at-11.30.11-AM.png?resize=350%2C200&ssl=1 1x, https:\/\/i0.wp.com\/casadecampoliving.com\/wp-content\/uploads\/2018\/09\/Screen-Shot-2018-09-13-at-11.30.11-AM.png?resize=525%2C300&ssl=1 1.5x, https:\/\/i0.wp.com\/casadecampoliving.com\/wp-content\/uploads\/2018\/09\/Screen-Shot-2018-09-13-at-11.30.11-AM.png?resize=700%2C400&ssl=1 2x"},"classes":[]},{"id":353171,"url":"https:\/\/casadecampoliving.com\/es\/inicia-preventa-para-el-concierto-de-ozuna-en-chavon\/","url_meta":{"origin":352874,"position":2},"title":"Inicia preventa para el concierto de Ozuna en Altos de Chav\u00f3n","author":"Casa de Campo Resort","date":"4 Feb, 2019","format":false,"excerpt":"Los preparativos para el esperado concierto de Ozuna en Altos de Chav\u00f3n van viento en popa. Los organizadores del evento informaron que este lunes 4 de febrero inicia la preventa exclusiva de MasterCard, a trav\u00e9s de la cual los tarjeta habientes podr\u00e1n adquirir sus boletas con un 15 por ciento\u2026","rel":"","context":"En \u00abAltos de Chavon @es\u00bb","block_context":{"text":"Altos de Chavon @es","link":"https:\/\/casadecampoliving.com\/category\/altos-de-chavon-es\/"},"img":{"alt_text":"","src":"https:\/\/i0.wp.com\/casadecampoliving.com\/wp-content\/uploads\/2022\/10\/50681675_2434726996555247_7117020478899748864_n.jpg?fit=960%2C618&ssl=1&resize=350%2C200","width":350,"height":200,"srcset":"https:\/\/i0.wp.com\/casadecampoliving.com\/wp-content\/uploads\/2022\/10\/50681675_2434726996555247_7117020478899748864_n.jpg?fit=960%2C618&ssl=1&resize=350%2C200 1x, https:\/\/i0.wp.com\/casadecampoliving.com\/wp-content\/uploads\/2022\/10\/50681675_2434726996555247_7117020478899748864_n.jpg?fit=960%2C618&ssl=1&resize=525%2C300 1.5x, https:\/\/i0.wp.com\/casadecampoliving.com\/wp-content\/uploads\/2022\/10\/50681675_2434726996555247_7117020478899748864_n.jpg?fit=960%2C618&ssl=1&resize=700%2C400 2x"},"classes":[]},{"id":353134,"url":"https:\/\/casadecampoliving.com\/es\/guarden-la-fecha-ozuna-se-presentara-en-altos-de-chavon-el-sabado-santo\/","url_meta":{"origin":352874,"position":3},"title":"Guarden la fecha: Ozuna se presentar\u00e1 en Altos de Chav\u00f3n el S\u00e1bado Santo","author":"Casa de Campo Resort","date":"14 Ene, 2019","format":false,"excerpt":"El artista m\u00e1s popular del momento, Ozuna, ven\u00eda acariciando la posibilidad de cantar en el escenario de mayor prestigio en Rep\u00fablica Dominicana, y el S\u00e1bado Santo el sue\u00f1o de actuar en Altos de Chavar\u00f3n se har\u00e1 realidad. Ser\u00e1 el s\u00e1bado 20 de abril cuando el carism\u00e1tico cantante boricua materialice su\u2026","rel":"","context":"En \u00abCelebridades\u00bb","block_context":{"text":"Celebridades","link":"https:\/\/casadecampoliving.com\/es\/category\/celebridades-es\/"},"img":{"alt_text":"","src":"https:\/\/i0.wp.com\/casadecampoliving.com\/wp-content\/uploads\/2022\/10\/40370435_2220684837959465_7394516267194908672_o.jpg?fit=1000%2C712&ssl=1&resize=350%2C200","width":350,"height":200,"srcset":"https:\/\/i0.wp.com\/casadecampoliving.com\/wp-content\/uploads\/2022\/10\/40370435_2220684837959465_7394516267194908672_o.jpg?fit=1000%2C712&ssl=1&resize=350%2C200 1x, https:\/\/i0.wp.com\/casadecampoliving.com\/wp-content\/uploads\/2022\/10\/40370435_2220684837959465_7394516267194908672_o.jpg?fit=1000%2C712&ssl=1&resize=525%2C300 1.5x, https:\/\/i0.wp.com\/casadecampoliving.com\/wp-content\/uploads\/2022\/10\/40370435_2220684837959465_7394516267194908672_o.jpg?fit=1000%2C712&ssl=1&resize=700%2C400 2x"},"classes":[]},{"id":526811,"url":"https:\/\/casadecampoliving.com\/es\/ozuna-regresa-a-altos-de-chavon-el-sabado-santo\/","url_meta":{"origin":352874,"position":4},"title":"Ozuna regresa a Altos de Chav\u00f3n el S\u00e1bado Santo","author":"Casa de Campo Living","date":"16 Feb, 2024","format":false,"excerpt":"En un regreso muy esperado a la Rep\u00fablica Dominicana, el \u00edcono de la m\u00fasica urbana Ozuna honrar\u00e1 las ic\u00f3nicas piedras de Altos de Chav\u00f3n este S\u00e1bado Santo. Cuatro a\u00f1os despu\u00e9s de su \u00faltima actuaci\u00f3n en suelo dominicano, Ozuna promete una noche espectacular el 30 de marzo, compartiendo sus mayores \u00e9xitos\u2026","rel":"","context":"En \u00abAltos de Chav\u00f3n\u00bb","block_context":{"text":"Altos de Chav\u00f3n","link":"https:\/\/casadecampoliving.com\/es\/category\/altos-de-chavon-6\/"},"img":{"alt_text":"","src":"https:\/\/i0.wp.com\/casadecampoliving.com\/wp-content\/uploads\/2024\/02\/Ozuna-32-scaled.jpg?fit=1200%2C800&ssl=1&resize=350%2C200","width":350,"height":200,"srcset":"https:\/\/i0.wp.com\/casadecampoliving.com\/wp-content\/uploads\/2024\/02\/Ozuna-32-scaled.jpg?fit=1200%2C800&ssl=1&resize=350%2C200 1x, https:\/\/i0.wp.com\/casadecampoliving.com\/wp-content\/uploads\/2024\/02\/Ozuna-32-scaled.jpg?fit=1200%2C800&ssl=1&resize=525%2C300 1.5x, https:\/\/i0.wp.com\/casadecampoliving.com\/wp-content\/uploads\/2024\/02\/Ozuna-32-scaled.jpg?fit=1200%2C800&ssl=1&resize=700%2C400 2x, https:\/\/i0.wp.com\/casadecampoliving.com\/wp-content\/uploads\/2024\/02\/Ozuna-32-scaled.jpg?fit=1200%2C800&ssl=1&resize=1050%2C600 3x"},"classes":[]},{"id":330385,"url":"https:\/\/casadecampoliving.com\/guarden-la-fecha-ozuna-se-presentara-en-altos-de-chavon-el-sabado-santo\/","url_meta":{"origin":352874,"position":5},"title":"Save the date: Ozuna will be performing at Altos de Chav\u00f3n on Holy Saturday","author":"Casa de Campo Resort","date":"14 Ene, 2019","format":false,"excerpt":"One of the most popular artist of the moment, Ozuna, has been wanting to perform on the most prestigious stage in the Dominican Republic for some time now, and on Holy Saturday the dream of singing in Altos de Chav\u00f3n will come true. On Saturday, April 20th the charismatic Puerto\u2026","rel":"","context":"En \u00abAltos de Chavon\u00bb","block_context":{"text":"Altos de Chavon","link":"https:\/\/casadecampoliving.com\/category\/altos-de-chavon\/"},"img":{"alt_text":"","src":"https:\/\/i0.wp.com\/casadecampoliving.com\/wp-content\/uploads\/2022\/10\/40370435_2220684837959465_7394516267194908672_o.jpg?fit=1000%2C712&ssl=1&resize=350%2C200","width":350,"height":200,"srcset":"https:\/\/i0.wp.com\/casadecampoliving.com\/wp-content\/uploads\/2022\/10\/40370435_2220684837959465_7394516267194908672_o.jpg?fit=1000%2C712&ssl=1&resize=350%2C200 1x, https:\/\/i0.wp.com\/casadecampoliving.com\/wp-content\/uploads\/2022\/10\/40370435_2220684837959465_7394516267194908672_o.jpg?fit=1000%2C712&ssl=1&resize=525%2C300 1.5x, https:\/\/i0.wp.com\/casadecampoliving.com\/wp-content\/uploads\/2022\/10\/40370435_2220684837959465_7394516267194908672_o.jpg?fit=1000%2C712&ssl=1&resize=700%2C400 2x"},"classes":[]}],"jetpack_sharing_enabled":true,"_links":{"self":[{"href":"https:\/\/casadecampoliving.com\/es\/wp-json\/wp\/v2\/posts\/352874","targetHints":{"allow":["GET"]}}],"collection":[{"href":"https:\/\/casadecampoliving.com\/es\/wp-json\/wp\/v2\/posts"}],"about":[{"href":"https:\/\/casadecampoliving.com\/es\/wp-json\/wp\/v2\/types\/post"}],"author":[{"embeddable":true,"href":"https:\/\/casadecampoliving.com\/es\/wp-json\/wp\/v2\/users\/36682"}],"replies":[{"embeddable":true,"href":"https:\/\/casadecampoliving.com\/es\/wp-json\/wp\/v2\/comments?post=352874"}],"version-history":[{"count":1,"href":"https:\/\/casadecampoliving.com\/es\/wp-json\/wp\/v2\/posts\/352874\/revisions"}],"predecessor-version":[{"id":352875,"href":"https:\/\/casadecampoliving.com\/es\/wp-json\/wp\/v2\/posts\/352874\/revisions\/352875"}],"wp:attachment":[{"href":"https:\/\/casadecampoliving.com\/es\/wp-json\/wp\/v2\/media?parent=352874"}],"wp:term":[{"taxonomy":"category","embeddable":true,"href":"https:\/\/casadecampoliving.com\/es\/wp-json\/wp\/v2\/categories?post=352874"},{"taxonomy":"post_tag","embeddable":true,"href":"https:\/\/casadecampoliving.com\/es\/wp-json\/wp\/v2\/tags?post=352874"},{"taxonomy":"newspack_spnsrs_tax","embeddable":true,"href":"https:\/\/casadecampoliving.com\/es\/wp-json\/wp\/v2\/newspack_spnsrs_tax?post=352874"}],"curies":[{"name":"wp","href":"https:\/\/api.w.org\/{rel}","templated":true}]}}