{"id":352844,"date":"2018-08-29T00:00:00","date_gmt":"2018-08-29T04:00:00","guid":{"rendered":"https:\/\/casadecampoliving.com\/campamento-de-verano-campo-esperanza-y-alegria-2018-conquistando-mi-proxima-meta\/"},"modified":"2022-10-21T19:12:46","modified_gmt":"2022-10-21T23:12:46","slug":"campamento-de-verano-campo-esperanza-y-alegria-2018-conquistando-mi-proxima-meta","status":"publish","type":"post","link":"https:\/\/casadecampoliving.com\/es\/campamento-de-verano-campo-esperanza-y-alegria-2018-conquistando-mi-proxima-meta\/","title":{"rendered":"Campamento de Verano Campo Esperanza y Alegr\u00eda 2018 &#8211; \u201cConquistando Mi Pr\u00f3xima Meta\u201d"},"content":{"rendered":"\n<p>El viernes 3 de agosto culmin\u00f3 Campamento Esperanza y Alegr\u00eda 2018, el campamento de verano para ni\u00f1os y adolescentes vulnerables de escasos recursos de la regi\u00f3n este del pa\u00eds que organiza desde hace catorce a\u00f1os Cl\u00ednica de Familia La Romana.&nbsp;<\/p>\n\n\n\n<!--more-->\n\n\n\n<p>El Campamento Esperanza y Alegr\u00eda es un ambiente seguro y alegre, durante el cual ni\u00f1os y adolescentes del programa de pediatr\u00eda de la Cl\u00ednica de Familia reciben apoyo, amor, cari\u00f1o y respeto de un equipo de adultos voluntarios, llamados \u201ct\u00edos\u201d. Los campistas realizan diversas actividades como pintura, deporte, m\u00fasica, dramas, juegos y manualidades, cuya finalidad es fortalecer sus habilidades y la confianza en s\u00ed mismos para tener una vida saludable. Cincuenta y cuatro campistas participaron en el campamento en Jarabacoa este a\u00f1o, bajo el lema \u201cConquistando Mi Pr\u00f3xima Meta\u201d y la tem\u00e1tica de las Olimpiadas. El broche de cierre del campamento fue el gran show de talentos durante el cual los campistas y t\u00edos, disfrazados con atuendos aleg\u00f3ricos a las olimpiadas, mostraron cuales eran los mejores atletas en canto, teatro, baile, y todos fueron premiados con medallas ol\u00edmpicas del campamento.<\/p>\n\n\n<div class=\"wp-block-image\">\n<figure class=\"aligncenter is-resized\"><img loading=\"lazy\" decoding=\"async\" src=\"https:\/\/i0.wp.com\/casadecampoliving-wp.s3-accelerate.amazonaws.com\/2018\/08\/DSC07375-1.jpg?resize=1000%2C664&amp;ssl=1\" alt=\"\" class=\"wp-image-162209\" height=\"664\" width=\"1000\" srcset=\"https:\/\/i0.wp.com\/casadecampoliving.com\/wp-content\/uploads\/2018\/08\/DSC07375-1.jpg?w=1000&amp;ssl=1 1000w, https:\/\/i0.wp.com\/casadecampoliving.com\/wp-content\/uploads\/2018\/08\/DSC07375-1.jpg?resize=300%2C199&amp;ssl=1 300w, https:\/\/i0.wp.com\/casadecampoliving.com\/wp-content\/uploads\/2018\/08\/DSC07375-1.jpg?resize=768%2C510&amp;ssl=1 768w, https:\/\/i0.wp.com\/casadecampoliving-wp.s3-accelerate.amazonaws.com\/2018\/08\/DSC07375-1.jpg?w=370 370w, https:\/\/i0.wp.com\/casadecampoliving-wp.s3-accelerate.amazonaws.com\/2018\/08\/DSC07375-1.jpg?w=400 400w\" sizes=\"auto, (max-width: 1000px) 100vw, 1000px\" \/><\/figure>\n<\/div>\n\n\n<p>La cara de los campistas se pone radiante cuando empiezan a hablar de sus experiencias en el campamento. Con su energ\u00eda y alegr\u00eda, es dif\u00edcil imaginar que a diario viven con muchas precariedades y en entornos familiares complejos. Al regresar de campamento, los campistas dieron testimonios emotivos sobre qu\u00e9 tan importante ha sido el campamento en sus vidas. Uno de los campistas al retornar en el autob\u00fas comentaba: \u201ceste a\u00f1o fue incre\u00edble, pudimos vivir un ambiente maravilloso, disfrutando de diferentes deportes que complementaban las olimpiadas que realizamos este a\u00f1o, trabajando en equipo y siendo s\u00faper campeones al llegar a la meta.\u201d A\u00fan no hab\u00eda terminado el campamento y ya manifestaban su gran anhelo de volver el pr\u00f3ximo a\u00f1o.<\/p>\n\n\n\n<p>Gracias al trabajo del departamento de recaudaci\u00f3n de fondos y las campa\u00f1as de promoci\u00f3n, pudimos recaudar los fondos que se requieren para la realizaci\u00f3n del campamento. Esto nos llena de satisfacci\u00f3n puesto que cada a\u00f1o poco a poco un mayor n\u00famero de personas y patrocinadores, tanto locales como internacionales, se sensibilizan e identifican con la celebraci\u00f3n de esta actividad y sobre la importancia y la necesidad de que nuestros ni\u00f1os y adolescentes asistan al Campamento Esperanza y Alegr\u00eda.<\/p>\n\n\n<div class=\"wp-block-image\">\n<figure class=\"aligncenter is-resized\"><img loading=\"lazy\" decoding=\"async\" src=\"https:\/\/i0.wp.com\/casadecampoliving-wp.s3-accelerate.amazonaws.com\/2018\/08\/Foto-Banderola-Patrocinios-Agradecimiento.png?resize=1000%2C309&amp;ssl=1\" alt=\"\" class=\"wp-image-162210\" height=\"309\" width=\"1000\" srcset=\"https:\/\/i0.wp.com\/casadecampoliving.com\/wp-content\/uploads\/2018\/08\/Foto-Banderola-Patrocinios-Agradecimiento.png?w=1000&amp;ssl=1 1000w, https:\/\/i0.wp.com\/casadecampoliving.com\/wp-content\/uploads\/2018\/08\/Foto-Banderola-Patrocinios-Agradecimiento.png?resize=300%2C93&amp;ssl=1 300w, https:\/\/i0.wp.com\/casadecampoliving.com\/wp-content\/uploads\/2018\/08\/Foto-Banderola-Patrocinios-Agradecimiento.png?resize=768%2C237&amp;ssl=1 768w, https:\/\/i0.wp.com\/casadecampoliving-wp.s3-accelerate.amazonaws.com\/2018\/08\/Foto-Banderola-Patrocinios-Agradecimiento.png?w=370 370w, https:\/\/i0.wp.com\/casadecampoliving-wp.s3-accelerate.amazonaws.com\/2018\/08\/Foto-Banderola-Patrocinios-Agradecimiento.png?w=400 400w\" sizes=\"auto, (max-width: 1000px) 100vw, 1000px\" \/><\/figure>\n<\/div>\n\n\n<p>Nuestra gratitud por siempre a las siguientes instituciones que hicieron posible el campamento este a\u00f1o 2018, entre ellas: International Women\u2019s Club, Children\u2019s Global Health Fund, Autozama, Fundaci\u00f3n Popular, Pricesmart, Bionuclear, Deloitte, Fundaci\u00f3n de Valle, Microfundaci\u00f3n FGLE, Grupo Ramos, Empresa Los \u00c1ngeles, Almacenes Iberia, Asociaci\u00f3n Cibao de Ahorros y Pr\u00e9stamos, Mapfre BHD Seguros, Asociaci\u00f3n Romana de Ahorros y Pr\u00e9stamos, Dielara, C por A, M. Gonz\u00e1lez &amp; Co., Comercial Rosa, Agua El Ed\u00e9n, Encajes La Rosario, Impresos Castro, Farma 2B y Asociaci\u00f3n de Hoteles Bayahibe La Romana, adem\u00e1s de todas las personas que donaron efectivo o en especie para la realizaci\u00f3n de campamento.<\/p>\n\n\n\n<p><em>Informaci\u00f3n y fotos cortes\u00eda de Cl\u00ednica de Familia La Romana.<\/em><\/p>\n\n\n\n<blockquote><h4><strong>CL\u00cdNICA DE FAMILIA LA ROMANA<\/strong><\/h4><figure><img decoding=\"async\" loading=\"lazy\" class=\"alignright size-full wp-image-119650\" src=\"https:\/\/i0.wp.com\/casadecampoliving.com\/wp-content\/uploads\/2022\/10\/clinica_de_familia-2.png?resize=218%2C168&amp;ssl=1\" alt=\"clinica_de_familia\" width=\"218\" height=\"168\"><\/figure><p><b>Direcci\u00f3n:&nbsp;<\/b>Calle Gregorio Luper\u00f3n, esquina Calle Gast\u00f3n Fernando Deligne #168 (al lado de la Iglesia Sagrado Coraz\u00f3n de Jes\u00fas), La Aviaci\u00f3n, La Romana<\/p><p><b>Horario:&nbsp;<\/b>Lunes, Miercoles y Jueves: 7AM \u2013 5PM<\/p><p>Martes: 7AM \u2013 7PM (\u00a1Horario extendido!)<\/p><p>Viernes: 7AM \u2013 4PM<\/p><p><b>Tel\u00e9fono<\/b><b>\/whatsapp:&nbsp;<\/b>809-813-2934<\/p><p><b>Fax:&nbsp;<\/b>809-556-3193<\/p><p><b>P\u00e1gina Web:&nbsp;<\/b><a href=\"http:\/\/www.clinicadefamilia.org.do\/\">www.clinicadefamilia.org.do<\/a><\/p><p><b>Email:&nbsp;<\/b>info@clinicadefamilia.org.do<\/p><p><b>Facebook:&nbsp;<\/b><a href=\"https:\/\/www.facebook.com\/ClinicaDeFamiliaLR\">https:\/\/www.facebook.com\/ClinicaDeFamiliaLR<\/a><\/p><p><b>Tambi\u00e9n puede ver un video informativo en Ingl\u00e9s acerca de los programas y servicios de la Cl\u00ednica de Familia en:<\/b><b>&nbsp;<\/b><a href=\"http:\/\/www.clinicadefamilia.org.do\/video\"><b>www.clinicadefamilia.org.do\/video<\/b><\/a><b>.<\/b><\/p><\/blockquote>\n","protected":false},"excerpt":{"rendered":"<p>El viernes 3 de agosto culmin\u00f3 Campamento Esperanza y Alegr\u00eda 2018, el campamento de verano para ni\u00f1os y adolescentes vulnerables de escasos recursos de la regi\u00f3n este del pa\u00eds que organiza desde hace catorce a\u00f1os Cl\u00ednica de Familia La Romana.&nbsp;<\/p>\n","protected":false},"author":36791,"featured_media":285085,"comment_status":"closed","ping_status":"closed","sticky":false,"template":"","format":"standard","meta":{"newspack_ads_suppress_ads":false,"newspack_popups_has_disabled_popups":false,"newspack_sponsor_sponsorship_scope":"","newspack_sponsor_native_byline_display":"inherit","newspack_sponsor_native_category_display":"inherit","newspack_sponsor_underwriter_style":"inherit","newspack_sponsor_underwriter_placement":"inherit","_newspack_byline_active":false,"_newspack_byline":"","newspack_hide_updated_date":false,"newspack_show_updated_date":false,"newspack_content_restriction_is_exempt":false,"newspack_featured_image_position":"","newspack_post_subtitle":"","newspack_article_summary_title":"Overview:","newspack_article_summary":"","_jetpack_memberships_contains_paid_content":false,"footnotes":"","jetpack_publicize_message":"","jetpack_publicize_feature_enabled":true,"jetpack_social_post_already_shared":false,"jetpack_social_options":{"image_generator_settings":{"template":"highway","default_image_id":0,"font":"","enabled":false},"version":2},"_wpas_customize_per_network":false},"categories":[2514,2506,2521,2527],"tags":[6877,7465,14542,5887,6164],"newspack_spnsrs_tax":[],"class_list":["post-352844","post","type-post","status-publish","format-standard","has-post-thumbnail","hentry","category-fundaciones-es","category-mas-alla-de-casa-es","category-republica-dominicana-2","category-salud","tag-campamento-esperanza-y-alegria","tag-clinica-de-familia-es","tag-la-romana-es","tag-sida","tag-vih","entry"],"yoast_head":"<!-- This site is optimized with the Yoast SEO plugin v27.5 - https:\/\/yoast.com\/product\/yoast-seo-wordpress\/ -->\n<title>Campamento de Verano Campo Esperanza y Alegr\u00eda 2018 - \u201cConquistando Mi Pr\u00f3xima Meta\u201d | Casa de Campo Living<\/title>\n<meta name=\"description\" content=\"El viernes 3 de agosto culmin\u00f3 Campamento Esperanza y Alegr\u00eda 2018, el campamento de verano para ni\u00f1os y adolescentes vulnerables de escasos recursos de\" \/>\n<meta name=\"robots\" content=\"index, follow, max-snippet:-1, max-image-preview:large, max-video-preview:-1\" \/>\n<link rel=\"canonical\" href=\"https:\/\/casadecampoliving.com\/es\/campamento-de-verano-campo-esperanza-y-alegria-2018-conquistando-mi-proxima-meta\/\" \/>\n<meta property=\"og:locale\" content=\"es_ES\" \/>\n<meta property=\"og:type\" content=\"article\" \/>\n<meta property=\"og:title\" content=\"Campamento de Verano Campo Esperanza y Alegr\u00eda 2018 - \u201cConquistando Mi Pr\u00f3xima Meta\u201d | Casa de Campo Living\" \/>\n<meta property=\"og:description\" content=\"El viernes 3 de agosto culmin\u00f3 Campamento Esperanza y Alegr\u00eda 2018, el campamento de verano para ni\u00f1os y adolescentes vulnerables de escasos recursos de\" \/>\n<meta property=\"og:url\" content=\"https:\/\/casadecampoliving.com\/es\/campamento-de-verano-campo-esperanza-y-alegria-2018-conquistando-mi-proxima-meta\/\" \/>\n<meta property=\"og:site_name\" content=\"Casa de Campo Living\" \/>\n<meta property=\"article:publisher\" content=\"https:\/\/www.facebook.com\/casadecampoliving\" \/>\n<meta property=\"article:published_time\" content=\"2018-08-29T04:00:00+00:00\" \/>\n<meta property=\"article:modified_time\" content=\"2022-10-21T23:12:46+00:00\" \/>\n<meta property=\"og:image\" content=\"https:\/\/i0.wp.com\/casadecampoliving.com\/wp-content\/uploads\/2022\/10\/clinica_de_familia-2.png?fit=218%2C168&ssl=1\" \/>\n\t<meta property=\"og:image:width\" content=\"218\" \/>\n\t<meta property=\"og:image:height\" content=\"168\" \/>\n\t<meta property=\"og:image:type\" content=\"image\/png\" \/>\n<meta name=\"author\" content=\"Casa de Campo Living\" \/>\n<meta name=\"twitter:card\" content=\"summary_large_image\" \/>\n<meta name=\"twitter:creator\" content=\"@cdcliving\" \/>\n<meta name=\"twitter:site\" content=\"@cdcliving\" \/>\n<meta name=\"twitter:label1\" content=\"Escrito por\" \/>\n\t<meta name=\"twitter:data1\" content=\"Casa de Campo Living\" \/>\n\t<meta name=\"twitter:label2\" content=\"Tiempo de lectura\" \/>\n\t<meta name=\"twitter:data2\" content=\"3 minutos\" \/>\n<script type=\"application\/ld+json\" class=\"yoast-schema-graph\">{\"@context\":\"https:\\\/\\\/schema.org\",\"@graph\":[{\"@type\":\"Article\",\"@id\":\"https:\\\/\\\/casadecampoliving.com\\\/es\\\/campamento-de-verano-campo-esperanza-y-alegria-2018-conquistando-mi-proxima-meta\\\/#article\",\"isPartOf\":{\"@id\":\"https:\\\/\\\/casadecampoliving.com\\\/es\\\/campamento-de-verano-campo-esperanza-y-alegria-2018-conquistando-mi-proxima-meta\\\/\"},\"author\":{\"name\":\"Casa de Campo Living\",\"@id\":\"https:\\\/\\\/casadecampoliving.com\\\/es\\\/#\\\/schema\\\/person\\\/5d2171637a9d11e0e43ce6b8555f9422\"},\"headline\":\"Campamento de Verano Campo Esperanza y Alegr\u00eda 2018 &#8211; \u201cConquistando Mi Pr\u00f3xima Meta\u201d\",\"datePublished\":\"2018-08-29T04:00:00+00:00\",\"dateModified\":\"2022-10-21T23:12:46+00:00\",\"mainEntityOfPage\":{\"@id\":\"https:\\\/\\\/casadecampoliving.com\\\/es\\\/campamento-de-verano-campo-esperanza-y-alegria-2018-conquistando-mi-proxima-meta\\\/\"},\"wordCount\":669,\"publisher\":{\"@id\":\"https:\\\/\\\/casadecampoliving.com\\\/es\\\/#organization\"},\"image\":{\"@id\":\"https:\\\/\\\/casadecampoliving.com\\\/es\\\/campamento-de-verano-campo-esperanza-y-alegria-2018-conquistando-mi-proxima-meta\\\/#primaryimage\"},\"thumbnailUrl\":\"https:\\\/\\\/i0.wp.com\\\/casadecampoliving.com\\\/wp-content\\\/uploads\\\/2022\\\/10\\\/clinica_de_familia-2.png?fit=218%2C168&ssl=1\",\"keywords\":[\"campamento esperanza y alegria\",\"clinica de familia @es\",\"La Romana @es\",\"sida\",\"vih\"],\"articleSection\":[\"Fundaciones\",\"M\u00e1s all\u00e1 de Casa\",\"Rep\u00fablica Dominicana @es\",\"Salud\"],\"inLanguage\":\"es\"},{\"@type\":\"WebPage\",\"@id\":\"https:\\\/\\\/casadecampoliving.com\\\/es\\\/campamento-de-verano-campo-esperanza-y-alegria-2018-conquistando-mi-proxima-meta\\\/\",\"url\":\"https:\\\/\\\/casadecampoliving.com\\\/es\\\/campamento-de-verano-campo-esperanza-y-alegria-2018-conquistando-mi-proxima-meta\\\/\",\"name\":\"Campamento de Verano Campo Esperanza y Alegr\u00eda 2018 - \u201cConquistando Mi Pr\u00f3xima Meta\u201d | Casa de Campo Living\",\"isPartOf\":{\"@id\":\"https:\\\/\\\/casadecampoliving.com\\\/es\\\/#website\"},\"primaryImageOfPage\":{\"@id\":\"https:\\\/\\\/casadecampoliving.com\\\/es\\\/campamento-de-verano-campo-esperanza-y-alegria-2018-conquistando-mi-proxima-meta\\\/#primaryimage\"},\"image\":{\"@id\":\"https:\\\/\\\/casadecampoliving.com\\\/es\\\/campamento-de-verano-campo-esperanza-y-alegria-2018-conquistando-mi-proxima-meta\\\/#primaryimage\"},\"thumbnailUrl\":\"https:\\\/\\\/i0.wp.com\\\/casadecampoliving.com\\\/wp-content\\\/uploads\\\/2022\\\/10\\\/clinica_de_familia-2.png?fit=218%2C168&ssl=1\",\"datePublished\":\"2018-08-29T04:00:00+00:00\",\"dateModified\":\"2022-10-21T23:12:46+00:00\",\"description\":\"El viernes 3 de agosto culmin\u00f3 Campamento Esperanza y Alegr\u00eda 2018, el campamento de verano para ni\u00f1os y adolescentes vulnerables de escasos recursos de\",\"breadcrumb\":{\"@id\":\"https:\\\/\\\/casadecampoliving.com\\\/es\\\/campamento-de-verano-campo-esperanza-y-alegria-2018-conquistando-mi-proxima-meta\\\/#breadcrumb\"},\"inLanguage\":\"es\",\"potentialAction\":[{\"@type\":\"ReadAction\",\"target\":[\"https:\\\/\\\/casadecampoliving.com\\\/es\\\/campamento-de-verano-campo-esperanza-y-alegria-2018-conquistando-mi-proxima-meta\\\/\"]}]},{\"@type\":\"ImageObject\",\"inLanguage\":\"es\",\"@id\":\"https:\\\/\\\/casadecampoliving.com\\\/es\\\/campamento-de-verano-campo-esperanza-y-alegria-2018-conquistando-mi-proxima-meta\\\/#primaryimage\",\"url\":\"https:\\\/\\\/i0.wp.com\\\/casadecampoliving.com\\\/wp-content\\\/uploads\\\/2022\\\/10\\\/clinica_de_familia-2.png?fit=218%2C168&ssl=1\",\"contentUrl\":\"https:\\\/\\\/i0.wp.com\\\/casadecampoliving.com\\\/wp-content\\\/uploads\\\/2022\\\/10\\\/clinica_de_familia-2.png?fit=218%2C168&ssl=1\",\"width\":218,\"height\":168},{\"@type\":\"BreadcrumbList\",\"@id\":\"https:\\\/\\\/casadecampoliving.com\\\/es\\\/campamento-de-verano-campo-esperanza-y-alegria-2018-conquistando-mi-proxima-meta\\\/#breadcrumb\",\"itemListElement\":[{\"@type\":\"ListItem\",\"position\":1,\"name\":\"Home\",\"item\":\"https:\\\/\\\/casadecampoliving.com\\\/es\\\/\"},{\"@type\":\"ListItem\",\"position\":2,\"name\":\"Campamento de Verano Campo Esperanza y Alegr\u00eda 2018 &#8211; \u201cConquistando Mi Pr\u00f3xima Meta\u201d\"}]},{\"@type\":\"WebSite\",\"@id\":\"https:\\\/\\\/casadecampoliving.com\\\/es\\\/#website\",\"url\":\"https:\\\/\\\/casadecampoliving.com\\\/es\\\/\",\"name\":\"Casa de Campo Living\",\"description\":\"Resort community news and resources.\",\"publisher\":{\"@id\":\"https:\\\/\\\/casadecampoliving.com\\\/es\\\/#organization\"},\"potentialAction\":[{\"@type\":\"SearchAction\",\"target\":{\"@type\":\"EntryPoint\",\"urlTemplate\":\"https:\\\/\\\/casadecampoliving.com\\\/es\\\/?s={search_term_string}\"},\"query-input\":{\"@type\":\"PropertyValueSpecification\",\"valueRequired\":true,\"valueName\":\"search_term_string\"}}],\"inLanguage\":\"es\"},{\"@type\":\"Organization\",\"@id\":\"https:\\\/\\\/casadecampoliving.com\\\/es\\\/#organization\",\"name\":\"Casa de Campo Living\",\"url\":\"https:\\\/\\\/casadecampoliving.com\\\/es\\\/\",\"logo\":{\"@type\":\"ImageObject\",\"inLanguage\":\"es\",\"@id\":\"https:\\\/\\\/casadecampoliving.com\\\/es\\\/#\\\/schema\\\/logo\\\/image\\\/\",\"url\":\"https:\\\/\\\/i0.wp.com\\\/casadecampoliving.com\\\/wp-content\\\/uploads\\\/2022\\\/07\\\/CDCLivingLogo_V1-white-sized.png?fit=800%2C214&ssl=1\",\"contentUrl\":\"https:\\\/\\\/i0.wp.com\\\/casadecampoliving.com\\\/wp-content\\\/uploads\\\/2022\\\/07\\\/CDCLivingLogo_V1-white-sized.png?fit=800%2C214&ssl=1\",\"width\":800,\"height\":214,\"caption\":\"Casa de Campo Living\"},\"image\":{\"@id\":\"https:\\\/\\\/casadecampoliving.com\\\/es\\\/#\\\/schema\\\/logo\\\/image\\\/\"},\"sameAs\":[\"https:\\\/\\\/www.facebook.com\\\/casadecampoliving\",\"https:\\\/\\\/x.com\\\/cdcliving\"]},{\"@type\":\"Person\",\"@id\":\"https:\\\/\\\/casadecampoliving.com\\\/es\\\/#\\\/schema\\\/person\\\/5d2171637a9d11e0e43ce6b8555f9422\",\"name\":\"Casa de Campo Living\",\"image\":{\"@type\":\"ImageObject\",\"inLanguage\":\"es\",\"@id\":\"https:\\\/\\\/secure.gravatar.com\\\/avatar\\\/d04101fa4a9fd431e939953b1500fdc7a73cd35029f86d98712fd8ccdaebaf9a?s=96&d=mm&r=g\",\"url\":\"https:\\\/\\\/secure.gravatar.com\\\/avatar\\\/d04101fa4a9fd431e939953b1500fdc7a73cd35029f86d98712fd8ccdaebaf9a?s=96&d=mm&r=g\",\"contentUrl\":\"https:\\\/\\\/secure.gravatar.com\\\/avatar\\\/d04101fa4a9fd431e939953b1500fdc7a73cd35029f86d98712fd8ccdaebaf9a?s=96&d=mm&r=g\",\"caption\":\"Casa de Campo Living\"},\"url\":\"https:\\\/\\\/casadecampoliving.com\\\/es\\\/author\\\/casa-de-campo-living\\\/\"}]}<\/script>\n<!-- \/ Yoast SEO plugin. -->","yoast_head_json":{"title":"Campamento de Verano Campo Esperanza y Alegr\u00eda 2018 - \u201cConquistando Mi Pr\u00f3xima Meta\u201d | Casa de Campo Living","description":"El viernes 3 de agosto culmin\u00f3 Campamento Esperanza y Alegr\u00eda 2018, el campamento de verano para ni\u00f1os y adolescentes vulnerables de escasos recursos de","robots":{"index":"index","follow":"follow","max-snippet":"max-snippet:-1","max-image-preview":"max-image-preview:large","max-video-preview":"max-video-preview:-1"},"canonical":"https:\/\/casadecampoliving.com\/es\/campamento-de-verano-campo-esperanza-y-alegria-2018-conquistando-mi-proxima-meta\/","og_locale":"es_ES","og_type":"article","og_title":"Campamento de Verano Campo Esperanza y Alegr\u00eda 2018 - \u201cConquistando Mi Pr\u00f3xima Meta\u201d | Casa de Campo Living","og_description":"El viernes 3 de agosto culmin\u00f3 Campamento Esperanza y Alegr\u00eda 2018, el campamento de verano para ni\u00f1os y adolescentes vulnerables de escasos recursos de","og_url":"https:\/\/casadecampoliving.com\/es\/campamento-de-verano-campo-esperanza-y-alegria-2018-conquistando-mi-proxima-meta\/","og_site_name":"Casa de Campo Living","article_publisher":"https:\/\/www.facebook.com\/casadecampoliving","article_published_time":"2018-08-29T04:00:00+00:00","article_modified_time":"2022-10-21T23:12:46+00:00","og_image":[{"width":218,"height":168,"url":"https:\/\/i0.wp.com\/casadecampoliving.com\/wp-content\/uploads\/2022\/10\/clinica_de_familia-2.png?fit=218%2C168&ssl=1","type":"image\/png"}],"author":"Casa de Campo Living","twitter_card":"summary_large_image","twitter_creator":"@cdcliving","twitter_site":"@cdcliving","twitter_misc":{"Escrito por":"Casa de Campo Living","Tiempo de lectura":"3 minutos"},"schema":{"@context":"https:\/\/schema.org","@graph":[{"@type":"Article","@id":"https:\/\/casadecampoliving.com\/es\/campamento-de-verano-campo-esperanza-y-alegria-2018-conquistando-mi-proxima-meta\/#article","isPartOf":{"@id":"https:\/\/casadecampoliving.com\/es\/campamento-de-verano-campo-esperanza-y-alegria-2018-conquistando-mi-proxima-meta\/"},"author":{"name":"Casa de Campo Living","@id":"https:\/\/casadecampoliving.com\/es\/#\/schema\/person\/5d2171637a9d11e0e43ce6b8555f9422"},"headline":"Campamento de Verano Campo Esperanza y Alegr\u00eda 2018 &#8211; \u201cConquistando Mi Pr\u00f3xima Meta\u201d","datePublished":"2018-08-29T04:00:00+00:00","dateModified":"2022-10-21T23:12:46+00:00","mainEntityOfPage":{"@id":"https:\/\/casadecampoliving.com\/es\/campamento-de-verano-campo-esperanza-y-alegria-2018-conquistando-mi-proxima-meta\/"},"wordCount":669,"publisher":{"@id":"https:\/\/casadecampoliving.com\/es\/#organization"},"image":{"@id":"https:\/\/casadecampoliving.com\/es\/campamento-de-verano-campo-esperanza-y-alegria-2018-conquistando-mi-proxima-meta\/#primaryimage"},"thumbnailUrl":"https:\/\/i0.wp.com\/casadecampoliving.com\/wp-content\/uploads\/2022\/10\/clinica_de_familia-2.png?fit=218%2C168&ssl=1","keywords":["campamento esperanza y alegria","clinica de familia @es","La Romana @es","sida","vih"],"articleSection":["Fundaciones","M\u00e1s all\u00e1 de Casa","Rep\u00fablica Dominicana @es","Salud"],"inLanguage":"es"},{"@type":"WebPage","@id":"https:\/\/casadecampoliving.com\/es\/campamento-de-verano-campo-esperanza-y-alegria-2018-conquistando-mi-proxima-meta\/","url":"https:\/\/casadecampoliving.com\/es\/campamento-de-verano-campo-esperanza-y-alegria-2018-conquistando-mi-proxima-meta\/","name":"Campamento de Verano Campo Esperanza y Alegr\u00eda 2018 - \u201cConquistando Mi Pr\u00f3xima Meta\u201d | Casa de Campo Living","isPartOf":{"@id":"https:\/\/casadecampoliving.com\/es\/#website"},"primaryImageOfPage":{"@id":"https:\/\/casadecampoliving.com\/es\/campamento-de-verano-campo-esperanza-y-alegria-2018-conquistando-mi-proxima-meta\/#primaryimage"},"image":{"@id":"https:\/\/casadecampoliving.com\/es\/campamento-de-verano-campo-esperanza-y-alegria-2018-conquistando-mi-proxima-meta\/#primaryimage"},"thumbnailUrl":"https:\/\/i0.wp.com\/casadecampoliving.com\/wp-content\/uploads\/2022\/10\/clinica_de_familia-2.png?fit=218%2C168&ssl=1","datePublished":"2018-08-29T04:00:00+00:00","dateModified":"2022-10-21T23:12:46+00:00","description":"El viernes 3 de agosto culmin\u00f3 Campamento Esperanza y Alegr\u00eda 2018, el campamento de verano para ni\u00f1os y adolescentes vulnerables de escasos recursos de","breadcrumb":{"@id":"https:\/\/casadecampoliving.com\/es\/campamento-de-verano-campo-esperanza-y-alegria-2018-conquistando-mi-proxima-meta\/#breadcrumb"},"inLanguage":"es","potentialAction":[{"@type":"ReadAction","target":["https:\/\/casadecampoliving.com\/es\/campamento-de-verano-campo-esperanza-y-alegria-2018-conquistando-mi-proxima-meta\/"]}]},{"@type":"ImageObject","inLanguage":"es","@id":"https:\/\/casadecampoliving.com\/es\/campamento-de-verano-campo-esperanza-y-alegria-2018-conquistando-mi-proxima-meta\/#primaryimage","url":"https:\/\/i0.wp.com\/casadecampoliving.com\/wp-content\/uploads\/2022\/10\/clinica_de_familia-2.png?fit=218%2C168&ssl=1","contentUrl":"https:\/\/i0.wp.com\/casadecampoliving.com\/wp-content\/uploads\/2022\/10\/clinica_de_familia-2.png?fit=218%2C168&ssl=1","width":218,"height":168},{"@type":"BreadcrumbList","@id":"https:\/\/casadecampoliving.com\/es\/campamento-de-verano-campo-esperanza-y-alegria-2018-conquistando-mi-proxima-meta\/#breadcrumb","itemListElement":[{"@type":"ListItem","position":1,"name":"Home","item":"https:\/\/casadecampoliving.com\/es\/"},{"@type":"ListItem","position":2,"name":"Campamento de Verano Campo Esperanza y Alegr\u00eda 2018 &#8211; \u201cConquistando Mi Pr\u00f3xima Meta\u201d"}]},{"@type":"WebSite","@id":"https:\/\/casadecampoliving.com\/es\/#website","url":"https:\/\/casadecampoliving.com\/es\/","name":"Casa de Campo Living","description":"Resort community news and resources.","publisher":{"@id":"https:\/\/casadecampoliving.com\/es\/#organization"},"potentialAction":[{"@type":"SearchAction","target":{"@type":"EntryPoint","urlTemplate":"https:\/\/casadecampoliving.com\/es\/?s={search_term_string}"},"query-input":{"@type":"PropertyValueSpecification","valueRequired":true,"valueName":"search_term_string"}}],"inLanguage":"es"},{"@type":"Organization","@id":"https:\/\/casadecampoliving.com\/es\/#organization","name":"Casa de Campo Living","url":"https:\/\/casadecampoliving.com\/es\/","logo":{"@type":"ImageObject","inLanguage":"es","@id":"https:\/\/casadecampoliving.com\/es\/#\/schema\/logo\/image\/","url":"https:\/\/i0.wp.com\/casadecampoliving.com\/wp-content\/uploads\/2022\/07\/CDCLivingLogo_V1-white-sized.png?fit=800%2C214&ssl=1","contentUrl":"https:\/\/i0.wp.com\/casadecampoliving.com\/wp-content\/uploads\/2022\/07\/CDCLivingLogo_V1-white-sized.png?fit=800%2C214&ssl=1","width":800,"height":214,"caption":"Casa de Campo Living"},"image":{"@id":"https:\/\/casadecampoliving.com\/es\/#\/schema\/logo\/image\/"},"sameAs":["https:\/\/www.facebook.com\/casadecampoliving","https:\/\/x.com\/cdcliving"]},{"@type":"Person","@id":"https:\/\/casadecampoliving.com\/es\/#\/schema\/person\/5d2171637a9d11e0e43ce6b8555f9422","name":"Casa de Campo Living","image":{"@type":"ImageObject","inLanguage":"es","@id":"https:\/\/secure.gravatar.com\/avatar\/d04101fa4a9fd431e939953b1500fdc7a73cd35029f86d98712fd8ccdaebaf9a?s=96&d=mm&r=g","url":"https:\/\/secure.gravatar.com\/avatar\/d04101fa4a9fd431e939953b1500fdc7a73cd35029f86d98712fd8ccdaebaf9a?s=96&d=mm&r=g","contentUrl":"https:\/\/secure.gravatar.com\/avatar\/d04101fa4a9fd431e939953b1500fdc7a73cd35029f86d98712fd8ccdaebaf9a?s=96&d=mm&r=g","caption":"Casa de Campo Living"},"url":"https:\/\/casadecampoliving.com\/es\/author\/casa-de-campo-living\/"}]}},"parsely":{"version":"1.1.0","canonical_url":"https:\/\/casadecampoliving.com\/es\/campamento-de-verano-campo-esperanza-y-alegria-2018-conquistando-mi-proxima-meta\/","smart_links":{"inbound":0,"outbound":0},"traffic_boost_suggestions_count":0,"meta":{"@context":"https:\/\/schema.org","@type":"NewsArticle","headline":"Campamento de Verano Campo Esperanza y Alegr\u00eda 2018 &#8211; \u201cConquistando Mi Pr\u00f3xima Meta\u201d","url":"http:\/\/casadecampoliving.com\/es\/campamento-de-verano-campo-esperanza-y-alegria-2018-conquistando-mi-proxima-meta\/","mainEntityOfPage":{"@type":"WebPage","@id":"http:\/\/casadecampoliving.com\/es\/campamento-de-verano-campo-esperanza-y-alegria-2018-conquistando-mi-proxima-meta\/"},"thumbnailUrl":"https:\/\/i0.wp.com\/casadecampoliving.com\/wp-content\/uploads\/2022\/10\/clinica_de_familia-2.png?resize=150%2C150&ssl=1","image":{"@type":"ImageObject","url":"https:\/\/i0.wp.com\/casadecampoliving.com\/wp-content\/uploads\/2022\/10\/clinica_de_familia-2.png?fit=218%2C168&ssl=1"},"articleSection":"Fundaciones","author":[{"@type":"Person","name":"Casa de Campo Living"}],"creator":["Casa de Campo Living"],"publisher":{"@type":"Organization","name":"Casa de Campo Living","logo":"https:\/\/casadecampoliving.com\/wp-content\/uploads\/2022\/07\/CDCLivingLogo_V1-white-sized.png"},"keywords":["campamento esperanza y alegria","clinica de familia @es","la romana @es","sida","vih"],"dateCreated":"2018-08-29T04:00:00Z","datePublished":"2018-08-29T04:00:00Z","dateModified":"2022-10-21T23:12:46Z"},"rendered":"<script type=\"application\/ld+json\" class=\"wp-parsely-metadata\">{\"@context\":\"https:\\\/\\\/schema.org\",\"@type\":\"NewsArticle\",\"headline\":\"Campamento de Verano Campo Esperanza y Alegr\\u00eda 2018 &#8211; \\u201cConquistando Mi Pr\\u00f3xima Meta\\u201d\",\"url\":\"http:\\\/\\\/casadecampoliving.com\\\/es\\\/campamento-de-verano-campo-esperanza-y-alegria-2018-conquistando-mi-proxima-meta\\\/\",\"mainEntityOfPage\":{\"@type\":\"WebPage\",\"@id\":\"http:\\\/\\\/casadecampoliving.com\\\/es\\\/campamento-de-verano-campo-esperanza-y-alegria-2018-conquistando-mi-proxima-meta\\\/\"},\"thumbnailUrl\":\"https:\\\/\\\/i0.wp.com\\\/casadecampoliving.com\\\/wp-content\\\/uploads\\\/2022\\\/10\\\/clinica_de_familia-2.png?resize=150%2C150&ssl=1\",\"image\":{\"@type\":\"ImageObject\",\"url\":\"https:\\\/\\\/i0.wp.com\\\/casadecampoliving.com\\\/wp-content\\\/uploads\\\/2022\\\/10\\\/clinica_de_familia-2.png?fit=218%2C168&ssl=1\"},\"articleSection\":\"Fundaciones\",\"author\":[{\"@type\":\"Person\",\"name\":\"Casa de Campo Living\"}],\"creator\":[\"Casa de Campo Living\"],\"publisher\":{\"@type\":\"Organization\",\"name\":\"Casa de Campo Living\",\"logo\":\"https:\\\/\\\/casadecampoliving.com\\\/wp-content\\\/uploads\\\/2022\\\/07\\\/CDCLivingLogo_V1-white-sized.png\"},\"keywords\":[\"campamento esperanza y alegria\",\"clinica de familia @es\",\"la romana @es\",\"sida\",\"vih\"],\"dateCreated\":\"2018-08-29T04:00:00Z\",\"datePublished\":\"2018-08-29T04:00:00Z\",\"dateModified\":\"2022-10-21T23:12:46Z\"}<\/script>","tracker_url":"https:\/\/cdn.parsely.com\/keys\/casadecampoliving.com\/p.js"},"jetpack_publicize_connections":[],"jetpack_featured_media_url":"https:\/\/i0.wp.com\/casadecampoliving.com\/wp-content\/uploads\/2022\/10\/clinica_de_familia-2.png?fit=218%2C168&ssl=1","jetpack-related-posts":[{"id":352726,"url":"https:\/\/casadecampoliving.com\/es\/ayudemos-la-clinica-de-familia-llevar-esperanza-y-alegria-los-ninos-de-la-romana\/","url_meta":{"origin":352844,"position":0},"title":"Ayudemos a la Cl\u00ednica de Familia a llevar \u00abEsperanza y Alegr\u00eda\u00bb a los ni\u00f1os de La Romana","author":"Marlenys Guzm\u00e1n Casta\u00f1os","date":"20 Jun, 2018","format":false,"excerpt":"La Cl\u00ednica de Familia La Romana (Cl\u00ednica Familiar) es una organizaci\u00f3n no gubernamental y sin fines de lucro que brinda servicios de atenci\u00f3n m\u00e9dica, con una metodolog\u00eda centrada en la familia desde hace m\u00e1s de 17 a\u00f1os. Trabajan con las poblaciones m\u00e1s vulnerables de la comunidad de La Romana y\u2026","rel":"","context":"En \u00abEventos\u00bb","block_context":{"text":"Eventos","link":"https:\/\/casadecampoliving.com\/es\/category\/eventos-es\/"},"img":{"alt_text":"","src":"https:\/\/i0.wp.com\/casadecampoliving.com\/wp-content\/uploads\/2022\/10\/Clinica-de-Familia-Camp-Hope-and-Joy-1.jpg?fit=1000%2C650&ssl=1&resize=350%2C200","width":350,"height":200,"srcset":"https:\/\/i0.wp.com\/casadecampoliving.com\/wp-content\/uploads\/2022\/10\/Clinica-de-Familia-Camp-Hope-and-Joy-1.jpg?fit=1000%2C650&ssl=1&resize=350%2C200 1x, https:\/\/i0.wp.com\/casadecampoliving.com\/wp-content\/uploads\/2022\/10\/Clinica-de-Familia-Camp-Hope-and-Joy-1.jpg?fit=1000%2C650&ssl=1&resize=525%2C300 1.5x, https:\/\/i0.wp.com\/casadecampoliving.com\/wp-content\/uploads\/2022\/10\/Clinica-de-Familia-Camp-Hope-and-Joy-1.jpg?fit=1000%2C650&ssl=1&resize=700%2C400 2x"},"classes":[]},{"id":351912,"url":"https:\/\/casadecampoliving.com\/es\/campamento-esperanza-alegria-2017-clinica-de-familia-la-romana\/","url_meta":{"origin":352844,"position":1},"title":"Campamento de Verano de Superh\u00e9roes Campo Esperanza y Alegr\u00eda 2017","author":"Heather Lincoln","date":"29 Ago, 2017","format":false,"excerpt":"El 4 de agosto culmin\u00f3 el Campamento Esperanza y Alegr\u00eda 2017, el campamento de verano para ni\u00f1os y adolescentes vulnerables de escasos recursos de la regi\u00f3n este del pa\u00eds que organiza desde hace trece a\u00f1os por Cl\u00ednica de Familia La Romana.\u00a0El Campamento Esperanza y Alegr\u00eda es un ambiente seguro y\u2026","rel":"","context":"En \u00abFundaciones\u00bb","block_context":{"text":"Fundaciones","link":"https:\/\/casadecampoliving.com\/es\/category\/fundaciones-es\/"},"img":{"alt_text":"Cl\u00ednica de la Familia","src":"https:\/\/i0.wp.com\/casadecampoliving.com\/wp-content\/uploads\/2022\/10\/clinicadefamilia05-e1504038341242.jpg?fit=1000%2C600&ssl=1&resize=350%2C200","width":350,"height":200,"srcset":"https:\/\/i0.wp.com\/casadecampoliving.com\/wp-content\/uploads\/2022\/10\/clinicadefamilia05-e1504038341242.jpg?fit=1000%2C600&ssl=1&resize=350%2C200 1x, https:\/\/i0.wp.com\/casadecampoliving.com\/wp-content\/uploads\/2022\/10\/clinicadefamilia05-e1504038341242.jpg?fit=1000%2C600&ssl=1&resize=525%2C300 1.5x, https:\/\/i0.wp.com\/casadecampoliving.com\/wp-content\/uploads\/2022\/10\/clinicadefamilia05-e1504038341242.jpg?fit=1000%2C600&ssl=1&resize=700%2C400 2x"},"classes":[]},{"id":342202,"url":"https:\/\/casadecampoliving.com\/es\/clinica-familia-organiza-el-campamento-esperanza-y-alegria-para-80-ninos-vih-positivo-julio-26-agosto-9\/","url_meta":{"origin":352844,"position":2},"title":"Cl\u00ednica Familia organiza el \u00abCampamento Esperanza y Alegr\u00eda\u00bb para 80 ni\u00f1os VIH positivo: julio 26-agosto 9","author":"Mairobi Herrera","date":"3 Jul, 2013","format":false,"excerpt":"Desde el 26 de julio al 9 de agosto, la Cl\u00ednica de Familia, un centro dedicado a la prestaci\u00f3n de asistencia m\u00e9dica a las mujeres y los ni\u00f1os con el virus del VIH, as\u00ed como numerosos programas de apoyo dirigidos a la comunidad de La Romana, realizar\u00e1n su campamento anual\u2026","rel":"","context":"En \u00abDestacados\u00bb","block_context":{"text":"Destacados","link":"https:\/\/casadecampoliving.com\/es\/category\/destacados\/"},"img":{"alt_text":"dominican republic","src":"https:\/\/i0.wp.com\/casadecampoliving.com\/wp-content\/uploads\/2022\/10\/dominican_republic-3.jpg?fit=650%2C314&ssl=1&resize=350%2C200","width":350,"height":200,"srcset":"https:\/\/i0.wp.com\/casadecampoliving.com\/wp-content\/uploads\/2022\/10\/dominican_republic-3.jpg?fit=650%2C314&ssl=1&resize=350%2C200 1x, https:\/\/i0.wp.com\/casadecampoliving.com\/wp-content\/uploads\/2022\/10\/dominican_republic-3.jpg?fit=650%2C314&ssl=1&resize=525%2C300 1.5x"},"classes":[]},{"id":353517,"url":"https:\/\/casadecampoliving.com\/es\/vive-la-fiesta-campamento-esperanza-y-alegria-2019-celebra-15-anos\/","url_meta":{"origin":352844,"position":3},"title":"\u00ab\u00a1Vive la fiesta!\u00bb Campamento Esperanza y Alegr\u00eda 2019 celebra 15 a\u00f1os","author":"Casa de Campo Living","date":"9 Ago, 2019","format":false,"excerpt":"El pasado viernes, 2 de agosto culmin\u00f3 Campamento Esperanza y Alegr\u00eda 2019, el campamento de verano para ni\u00f1os y adolescentes vulnerables de escasos recursos de la regi\u00f3n este del pa\u00eds que organiza desde hace quince a\u00f1os Cl\u00ednica de Familia La Romana. El Campamento Esperanza y Alegr\u00eda es un ambiente seguro\u2026","rel":"","context":"En \u00abFundaciones\u00bb","block_context":{"text":"Fundaciones","link":"https:\/\/casadecampoliving.com\/es\/category\/fundaciones-es\/"},"img":{"alt_text":"","src":"https:\/\/i0.wp.com\/casadecampoliving.com\/wp-content\/uploads\/2022\/10\/IMG_0805.jpg?fit=1000%2C608&ssl=1&resize=350%2C200","width":350,"height":200,"srcset":"https:\/\/i0.wp.com\/casadecampoliving.com\/wp-content\/uploads\/2022\/10\/IMG_0805.jpg?fit=1000%2C608&ssl=1&resize=350%2C200 1x, https:\/\/i0.wp.com\/casadecampoliving.com\/wp-content\/uploads\/2022\/10\/IMG_0805.jpg?fit=1000%2C608&ssl=1&resize=525%2C300 1.5x, https:\/\/i0.wp.com\/casadecampoliving.com\/wp-content\/uploads\/2022\/10\/IMG_0805.jpg?fit=1000%2C608&ssl=1&resize=700%2C400 2x"},"classes":[]},{"id":345690,"url":"https:\/\/casadecampoliving.com\/es\/campamento-esperanza-y-alegria-de-clinica-de-familia-la-romana-celebra-10-anos\/","url_meta":{"origin":352844,"position":4},"title":"Campamento Esperanza y Alegr\u00eda de Cl\u00ednica de Familia La Romana Celebra 10 A\u00f1os","author":"Perkin Agramonte","date":"20 Oct, 2014","format":false,"excerpt":"El pasado mes de agosto, la Cl\u00ednica de Familia La Romana celebr\u00f3 los diez a\u00f1os del Campamento Esperanza y Alegr\u00eda, un campamento de verano para ni\u00f1os y adolescentes con VIH. Este a\u00f1o el Campamento recibi\u00f3 m\u00e1s de 80 campistas en Jarabacoa bajo el lema: \u201cUn paso m\u00e1s, el cielo es\u2026","rel":"","context":"En \u00abCasa de Campo Living @es\u00bb","block_context":{"text":"Casa de Campo Living @es","link":"https:\/\/casadecampoliving.com\/category\/casa-de-campo-living-es\/"},"img":{"alt_text":"","src":"https:\/\/i0.wp.com\/casadecampoliving.com\/wp-content\/uploads\/2022\/10\/Clinica-de-Familia-5-1.jpg?fit=1200%2C797&ssl=1&resize=350%2C200","width":350,"height":200,"srcset":"https:\/\/i0.wp.com\/casadecampoliving.com\/wp-content\/uploads\/2022\/10\/Clinica-de-Familia-5-1.jpg?fit=1200%2C797&ssl=1&resize=350%2C200 1x, https:\/\/i0.wp.com\/casadecampoliving.com\/wp-content\/uploads\/2022\/10\/Clinica-de-Familia-5-1.jpg?fit=1200%2C797&ssl=1&resize=525%2C300 1.5x, https:\/\/i0.wp.com\/casadecampoliving.com\/wp-content\/uploads\/2022\/10\/Clinica-de-Familia-5-1.jpg?fit=1200%2C797&ssl=1&resize=700%2C400 2x, https:\/\/i0.wp.com\/casadecampoliving.com\/wp-content\/uploads\/2022\/10\/Clinica-de-Familia-5-1.jpg?fit=1200%2C797&ssl=1&resize=1050%2C600 3x"},"classes":[]},{"id":351715,"url":"https:\/\/casadecampoliving.com\/es\/ayudemos-la-clinica-de-familia-acoger-este-ano-el-campamento-de-esperanza-y-alegria\/","url_meta":{"origin":352844,"position":5},"title":"Ayudemos a la Cl\u00ednica de Familia a acoger este a\u00f1o \u00abEl Campamento de Esperanza y Alegr\u00eda\u00bb","author":"Heather Lincoln","date":"13 Jul, 2017","format":false,"excerpt":"Este mes, a partir del 21 de julio, la Cl\u00ednica de Familia, un centro dedicado a brindar asistencia m\u00e9dica a mujeres y ni\u00f1os con VIH, as\u00ed como de apoyar numerosos programas en beneficio del mejoramiento del \u00e1rea de La Romana, est\u00e1 auspiciando este a\u00f1o su campamento anual \u00a8Esperanza y Alegr\u00eda\u00a8.\u2026","rel":"","context":"En \u00abFundaciones\u00bb","block_context":{"text":"Fundaciones","link":"https:\/\/casadecampoliving.com\/es\/category\/fundaciones-es\/"},"img":{"alt_text":"Clinica de Familia Camp Hope and Joy","src":"https:\/\/i0.wp.com\/casadecampoliving.com\/wp-content\/uploads\/2022\/10\/Clinica-de-Familia-Camp-Hope-and-Joy.jpg?fit=1000%2C650&ssl=1&resize=350%2C200","width":350,"height":200,"srcset":"https:\/\/i0.wp.com\/casadecampoliving.com\/wp-content\/uploads\/2022\/10\/Clinica-de-Familia-Camp-Hope-and-Joy.jpg?fit=1000%2C650&ssl=1&resize=350%2C200 1x, https:\/\/i0.wp.com\/casadecampoliving.com\/wp-content\/uploads\/2022\/10\/Clinica-de-Familia-Camp-Hope-and-Joy.jpg?fit=1000%2C650&ssl=1&resize=525%2C300 1.5x, https:\/\/i0.wp.com\/casadecampoliving.com\/wp-content\/uploads\/2022\/10\/Clinica-de-Familia-Camp-Hope-and-Joy.jpg?fit=1000%2C650&ssl=1&resize=700%2C400 2x"},"classes":[]}],"jetpack_sharing_enabled":true,"_links":{"self":[{"href":"https:\/\/casadecampoliving.com\/es\/wp-json\/wp\/v2\/posts\/352844","targetHints":{"allow":["GET"]}}],"collection":[{"href":"https:\/\/casadecampoliving.com\/es\/wp-json\/wp\/v2\/posts"}],"about":[{"href":"https:\/\/casadecampoliving.com\/es\/wp-json\/wp\/v2\/types\/post"}],"author":[{"embeddable":true,"href":"https:\/\/casadecampoliving.com\/es\/wp-json\/wp\/v2\/users\/36791"}],"replies":[{"embeddable":true,"href":"https:\/\/casadecampoliving.com\/es\/wp-json\/wp\/v2\/comments?post=352844"}],"version-history":[{"count":1,"href":"https:\/\/casadecampoliving.com\/es\/wp-json\/wp\/v2\/posts\/352844\/revisions"}],"predecessor-version":[{"id":352845,"href":"https:\/\/casadecampoliving.com\/es\/wp-json\/wp\/v2\/posts\/352844\/revisions\/352845"}],"wp:featuredmedia":[{"embeddable":true,"href":"https:\/\/casadecampoliving.com\/es\/wp-json\/wp\/v2\/media\/285085"}],"wp:attachment":[{"href":"https:\/\/casadecampoliving.com\/es\/wp-json\/wp\/v2\/media?parent=352844"}],"wp:term":[{"taxonomy":"category","embeddable":true,"href":"https:\/\/casadecampoliving.com\/es\/wp-json\/wp\/v2\/categories?post=352844"},{"taxonomy":"post_tag","embeddable":true,"href":"https:\/\/casadecampoliving.com\/es\/wp-json\/wp\/v2\/tags?post=352844"},{"taxonomy":"newspack_spnsrs_tax","embeddable":true,"href":"https:\/\/casadecampoliving.com\/es\/wp-json\/wp\/v2\/newspack_spnsrs_tax?post=352844"}],"curies":[{"name":"wp","href":"https:\/\/api.w.org\/{rel}","templated":true}]}}