{"id":352833,"date":"2018-08-23T00:00:00","date_gmt":"2018-08-23T04:00:00","guid":{"rendered":"https:\/\/casadecampoliving.com\/gracias-fundacion-mir-por-un-fabuloso-fin-de-semana-familiar-2018\/"},"modified":"2022-11-10T10:00:49","modified_gmt":"2022-11-10T14:00:49","slug":"gracias-fundacion-mir-por-un-fabuloso-fin-de-semana-familiar-2018","status":"publish","type":"post","link":"https:\/\/casadecampoliving.com\/es\/gracias-fundacion-mir-por-un-fabuloso-fin-de-semana-familiar-2018\/","title":{"rendered":"\u00a1Gracias Fundaci\u00f3n MIR por un fabuloso Fin de Semana Familiar 2018!"},"content":{"rendered":"<p>El pasado fin de semana el complejo de Casa de Campo estuvo un poco m\u00e1s activo que de costumbre, todo gracias al Fin de Semana Familiar de Fundaci\u00f3n MIR, que reuni\u00f3 a m\u00e1s de 300 personas entre los propietarios de villa de Casa de Campo, residentes y visitantes, que disfrutaron de un circuito de actividades que comenzaron en La Romana Country Club con la cl\u00ednica de tenis para ni\u00f1os seguida del tradicional torneo de golf y terminando con una elegante cena-bailable en Minitas Beach.<br \/>\n<!--more--><span id=\"more-95695\"><\/span><\/p>\n<p><img data-recalc-dims=\"1\" loading=\"lazy\" decoding=\"async\" class=\"aligncenter size-full wp-image-161910\" src=\"https:\/\/i0.wp.com\/casadecampoliving-wp.s3-accelerate.amazonaws.com\/2018\/08\/DSC_7015.jpg?resize=1000%2C667&#038;ssl=1\" alt=\"\" width=\"1000\" height=\"667\" srcset=\"https:\/\/i0.wp.com\/casadecampoliving.com\/wp-content\/uploads\/2018\/08\/DSC_7015.jpg?w=1000&amp;ssl=1 1000w, https:\/\/i0.wp.com\/casadecampoliving.com\/wp-content\/uploads\/2018\/08\/DSC_7015.jpg?resize=300%2C200&amp;ssl=1 300w, https:\/\/i0.wp.com\/casadecampoliving.com\/wp-content\/uploads\/2018\/08\/DSC_7015.jpg?resize=768%2C512&amp;ssl=1 768w, https:\/\/i0.wp.com\/casadecampoliving-wp.s3-accelerate.amazonaws.com\/2018\/08\/DSC_7015.jpg?w=370&amp;ssl=1 370w, https:\/\/i0.wp.com\/casadecampoliving-wp.s3-accelerate.amazonaws.com\/2018\/08\/DSC_7015.jpg?w=400&amp;ssl=1 400w\" sizes=\"auto, (max-width: 1000px) 100vw, 1000px\" \/><\/p>\n<p>A pesar de la lluvia del d\u00eda, la cena, el baile y la fiesta se realizaron en playa Minitas, donde los invitados fueron recibidos, \u00a1en ingl\u00e9s! &#8211; por los estudiantes de MIR. Esta es una oportunidad maravillosa para que la comunidad vea qui\u00e9n se beneficia con sus contribuciones. Algo que tambi\u00e9n sugerimos hacer es visitar la escuela, si no lo ha hecho, ya que all\u00ed puede ver de primera mano todo lo que hacen y aprende los ni\u00f1os en las diversas instalaciones.<\/p>\n<p>El evento comenz\u00f3 con una hora de c\u00f3ctel en el nuevo bar Coco Mar con m\u00fasica del DJ Eduardo Louder y el muy popular \u00abMystery Wall\u00bb. Los invitados disfrutaron champagne, Chivas 18 y mojitos de Ron Atlantico, la manera perfecta de comenzar a celebrar el \u00e9xito del evento. Despu\u00e9s de un tiempo, la anfitriona, Pamela Sued invit\u00f3 a todos a tomar sus asientos. La ceremonia comenz\u00f3 con un video que nos muestra el motivo por el que todos est\u00e1bamos all\u00ed, y la Sra. Lian Fanjul de Azqueta, su hija Lyanne y un grupo de estudiantes subieron al escenario para agradecer a todos por su apoyo y ayudar a la Fundaci\u00f3n MIR a proporcionar a la juventud de La Romana con educaci\u00f3n y la oportunidad de una vida mejor.<\/p>\n<p><img data-recalc-dims=\"1\" loading=\"lazy\" decoding=\"async\" class=\"aligncenter wp-image-161909 size-full\" src=\"https:\/\/i0.wp.com\/casadecampoliving-wp.s3-accelerate.amazonaws.com\/2018\/08\/DSC_7026.jpg?resize=1000%2C667&#038;ssl=1\" alt=\"\" width=\"1000\" height=\"667\" srcset=\"https:\/\/i0.wp.com\/casadecampoliving.com\/wp-content\/uploads\/2018\/08\/DSC_7026.jpg?w=1000&amp;ssl=1 1000w, https:\/\/i0.wp.com\/casadecampoliving.com\/wp-content\/uploads\/2018\/08\/DSC_7026.jpg?resize=300%2C200&amp;ssl=1 300w, https:\/\/i0.wp.com\/casadecampoliving.com\/wp-content\/uploads\/2018\/08\/DSC_7026.jpg?resize=768%2C512&amp;ssl=1 768w, https:\/\/i0.wp.com\/casadecampoliving-wp.s3-accelerate.amazonaws.com\/2018\/08\/DSC_7026.jpg?w=370&amp;ssl=1 370w, https:\/\/i0.wp.com\/casadecampoliving-wp.s3-accelerate.amazonaws.com\/2018\/08\/DSC_7026.jpg?w=400&amp;ssl=1 400w\" sizes=\"auto, (max-width: 1000px) 100vw, 1000px\" \/><\/p>\n<p>Para cada uno de los muchos asistentes al evento, fue un placer saber que al participar, estaban marcando la diferencia en la vida de un ni\u00f1o, d\u00e1ndole el mejor regalo de todos: el conocimiento y la educaci\u00f3n, los medios para hacer una mejor vida.<\/p>\n<p>Como la mayor\u00eda ya sabe, Fundaci\u00f3n MIR (Mission International Rescue) es una organizaci\u00f3n sin fines de lucro que trabaja para proporcionar a la gente m\u00e1s marginada de Rep\u00fablica Dominicana una variedad de servicios que cambian la vida. Desde 1990, han servido a las mujeres, j\u00f3venes y ni\u00f1os de La Romana y la regi\u00f3n oriental de la Rep\u00fablica Dominicana al asociarse y proporcionar fondos para programas sociales. Con la ayuda de benefactores y contribuciones individuales, los programas proporcionan un hogar, asistencia m\u00e9dica, educaci\u00f3n y preparaci\u00f3n t\u00e9cnica para las personas que m\u00e1s lo necesitan en nuestra comunidad. La Fundaci\u00f3n MIR tiene 3 escuelas en La Romana; el MIR Esperanza (escuela vocacional para ni\u00f1os), la Escuela T\u00e9cnica Vocacional Fundaci\u00f3n MIR (escuela vocacional para ni\u00f1as) y la Primar\u00eda MIR (escuela infantil), con un total de m\u00e1s de 1500 estudiantes.<\/p>\n<p><img data-recalc-dims=\"1\" loading=\"lazy\" decoding=\"async\" class=\"aligncenter size-full wp-image-161907\" src=\"https:\/\/i0.wp.com\/casadecampoliving-wp.s3-accelerate.amazonaws.com\/2018\/08\/DSC_7182.jpg?resize=1000%2C667&#038;ssl=1\" alt=\"\" width=\"1000\" height=\"667\" srcset=\"https:\/\/i0.wp.com\/casadecampoliving.com\/wp-content\/uploads\/2018\/08\/DSC_7182.jpg?w=1000&amp;ssl=1 1000w, https:\/\/i0.wp.com\/casadecampoliving.com\/wp-content\/uploads\/2018\/08\/DSC_7182.jpg?resize=300%2C200&amp;ssl=1 300w, https:\/\/i0.wp.com\/casadecampoliving.com\/wp-content\/uploads\/2018\/08\/DSC_7182.jpg?resize=768%2C512&amp;ssl=1 768w, https:\/\/i0.wp.com\/casadecampoliving-wp.s3-accelerate.amazonaws.com\/2018\/08\/DSC_7182.jpg?w=370&amp;ssl=1 370w, https:\/\/i0.wp.com\/casadecampoliving-wp.s3-accelerate.amazonaws.com\/2018\/08\/DSC_7182.jpg?w=400&amp;ssl=1 400w\" sizes=\"auto, (max-width: 1000px) 100vw, 1000px\" \/><\/p>\n<p>Durante la noche tambi\u00e9n hubo una presentaci\u00f3n especial del artista puertorrique\u00f1o Christian Daniel, quien habl\u00f3 sobre su visita a las escuelas MIR y c\u00f3mo siempre ha sentido una conexi\u00f3n especial con Casa gracias a su padre. Interpret\u00f3 \u00abAhora que te vas\u00bb junto con el estudiante de MIR Feliz Cruz Santana y el coro de estudiantes, deleitando a todos con su presentaci\u00f3n esa noche. Los ganadores de los torneos de golf y tenis recibieron sus merecidos trofeos y obsequios justo antes de que comenzara la fiesta.<\/p>\n<p>Tan pronto como se termin\u00f3 el \u00faltimo bocado de la cena (deliciosamente preparada por Casa de Campo), el escenario se convirti\u00f3 en un concierto bailable con la aparici\u00f3n de la Orquesta Dekadas. Y cuando las primeras notas de merengue flotaron en el aire, todos se pasaron a la pista de baile acompa\u00f1ados por estudiantes de MIR que llevaban brillantes criaturas marinas que le daban a la noche un aire \u00abcarnavalesco\u00bb. \u00a1Fue una velada maravillosa! <strong>\u00a1Felicitaciones a la Fundaci\u00f3n MIR por organizar nuevamente un evento maravilloso, que estamos seguros fue muy exitoso para ayudar a mantener las tres escuelas de Fundaci\u00f3n MIR y sus proyectos futuros!<\/strong><\/p>\n<p>Las siguientes fotos fueron tomadas por Wilfredo Alvarez durante la cena-bailable de la Fundaci\u00f3n MIR Family Weekend for Life el s\u00e1bado 18 de agosto de 2018 en Minitas Beach en Casa de Campo:<\/p>\n<p>[nggallery id=3136]<\/p>\n<blockquote><p><strong><a href=\"https:\/\/casadecampoliving.com\/the-fundacion-mir\/\">Fundaci\u00f3n&nbsp;MIR<\/a><\/strong><\/p>\n<p><img data-recalc-dims=\"1\" loading=\"lazy\" decoding=\"async\" class=\"alignright\" title=\"fundacion_MIR\" src=\"https:\/\/i0.wp.com\/casadecampoliving.com\/wp-content\/uploads\/2022\/10\/fundacion_MIR-45.jpg?resize=144%2C138&#038;ssl=1\" alt=\"\" width=\"144\" height=\"138\"><\/p>\n<p>La&nbsp;<a href=\"https:\/\/casadecampoliving.com\/the-fundacion-mir\/\">Fundaci\u00f3n MIR&nbsp;<\/a>&nbsp;es una organizac\u00f3n sin fines de lucro que trabaja para proveerle educaci\u00f3n a los ni\u00f1os m\u00e1s necesitados de La Romana. Ellos dirigen tres escuelas; MIR Esperanza (escuela vocacional de ni\u00f1os), la Escuela Tecnica Vocacional&nbsp;Fundaci\u00f3n&nbsp;MIR (escuela vocacional de ni\u00f1as) y la&nbsp;<a href=\"https:\/\/casadecampoliving.com\/the-fundacion-mir\/\">Primaria MIR&nbsp;<\/a>(escuela infantil).<\/p>\n<p>Para m\u00e1s informaci\u00f3n sobre la Fundaci\u00f3n MIR y para hacer una donaci\u00f3n, favor visitar la p\u00e1gina web:&nbsp;<a href=\"http:\/\/www.mirinternational.org\/\">www.FundacionMIR.org<\/a><\/p>\n<p>Para hacer una donaci\u00f3n contacte la oficina MIR en Casa de Campo(809-523-8270) o en West Palm Beach (561-366-5095). \u00a1Donaciones para los ciudadanos de Estados Unidos son deducibles de impuestos!<\/p>\n<p><em><strong><a href=\"https:\/\/casadecampoliving.com\/the-fundacion-mir\/\">Para descrubir m\u00e1s y leer art\u00edculos sobre otros eventos organizados por la Fundaci\u00f3n MIR \u2013 \u00a1cliquee aqu\u00ed!<\/a><\/strong><\/em><\/p><\/blockquote>\n","protected":false},"excerpt":{"rendered":"<p>El pasado fin de semana el complejo de Casa de Campo estuvo un poco m\u00e1s activo que de costumbre, todo gracias al Fin de Semana Familiar de Fundaci\u00f3n MIR, que reuni\u00f3 a m\u00e1s de 300 personas entre los propietarios de villa de Casa de Campo, residentes y visitantes, que disfrutaron de un circuito de actividades [&hellip;]<\/p>\n","protected":false},"author":36682,"featured_media":288132,"comment_status":"closed","ping_status":"closed","sticky":false,"template":"","format":"standard","meta":{"newspack_ads_suppress_ads":false,"newspack_popups_has_disabled_popups":false,"newspack_sponsor_sponsorship_scope":"","newspack_sponsor_native_byline_display":"inherit","newspack_sponsor_native_category_display":"inherit","newspack_sponsor_underwriter_style":"inherit","newspack_sponsor_underwriter_placement":"inherit","_newspack_byline_active":false,"_newspack_byline":"","newspack_hide_updated_date":false,"newspack_show_updated_date":false,"newspack_content_restriction_is_exempt":false,"newspack_featured_image_position":"","newspack_post_subtitle":"","newspack_article_summary_title":"Overview:","newspack_article_summary":"","_jetpack_memberships_contains_paid_content":false,"footnotes":"","jetpack_publicize_message":"","jetpack_publicize_feature_enabled":true,"jetpack_social_post_already_shared":false,"jetpack_social_options":{"image_generator_settings":{"template":"highway","default_image_id":0,"font":"","enabled":false},"version":2},"_wpas_customize_per_network":false},"categories":[2521,2522,2515,14631,14625,2514,2498],"tags":[5584,3647,19080,2871,2535,14736,2652,24715,3577,1959,3765,55,4636,734],"newspack_spnsrs_tax":[],"class_list":["post-352833","post","type-post","status-publish","format-standard","has-post-thumbnail","hentry","category-republica-dominicana-2","category-eventos-es","category-fundacion-mir-es","category-estilo-de-vida","category-noticias-locales","category-fundaciones-es","category-uncategorized-es","tag-chivas","tag-christian-daniel","tag-dekadas","tag-escuela","tag-estudiantes","tag-featured-topview-es","tag-fiesta","tag-fundacion-mir-es","tag-fundacion-mir-es-2","tag-lian-fanjul-de-azqueta","tag-lyanne-azqueta","tag-minitas-beach","tag-pamela-sued","tag-ron-atlantico","entry"],"yoast_head":"<!-- This site is optimized with the Yoast SEO plugin v27.4 - https:\/\/yoast.com\/product\/yoast-seo-wordpress\/ -->\n<title>\u00a1Gracias Fundaci\u00f3n MIR por un fabuloso Fin de Semana Familiar 2018! | Casa de Campo Living<\/title>\n<meta name=\"description\" content=\"El pasado fin de semana el complejo de Casa de Campo estuvo un poco m\u00e1s activo que de costumbre, todo gracias al Fin de Semana Familiar de Fundaci\u00f3n MIR,\" \/>\n<meta name=\"robots\" content=\"index, follow, max-snippet:-1, max-image-preview:large, max-video-preview:-1\" \/>\n<link rel=\"canonical\" href=\"https:\/\/casadecampoliving.com\/es\/gracias-fundacion-mir-por-un-fabuloso-fin-de-semana-familiar-2018\/\" \/>\n<meta property=\"og:locale\" content=\"es_ES\" \/>\n<meta property=\"og:type\" content=\"article\" \/>\n<meta property=\"og:title\" content=\"\u00a1Gracias Fundaci\u00f3n MIR por un fabuloso Fin de Semana Familiar 2018! | Casa de Campo Living\" \/>\n<meta property=\"og:description\" content=\"El pasado fin de semana el complejo de Casa de Campo estuvo un poco m\u00e1s activo que de costumbre, todo gracias al Fin de Semana Familiar de Fundaci\u00f3n MIR,\" \/>\n<meta property=\"og:url\" content=\"https:\/\/casadecampoliving.com\/es\/gracias-fundacion-mir-por-un-fabuloso-fin-de-semana-familiar-2018\/\" \/>\n<meta property=\"og:site_name\" content=\"Casa de Campo Living\" \/>\n<meta property=\"article:publisher\" content=\"https:\/\/www.facebook.com\/casadecampoliving\" \/>\n<meta property=\"article:published_time\" content=\"2018-08-23T04:00:00+00:00\" \/>\n<meta property=\"article:modified_time\" content=\"2022-11-10T14:00:49+00:00\" \/>\n<meta property=\"og:image\" content=\"https:\/\/i0.wp.com\/casadecampoliving.com\/wp-content\/uploads\/2022\/10\/fundacion_MIR-45.jpg?fit=180%2C172&ssl=1\" \/>\n\t<meta property=\"og:image:width\" content=\"180\" \/>\n\t<meta property=\"og:image:height\" content=\"172\" \/>\n\t<meta property=\"og:image:type\" content=\"image\/jpeg\" \/>\n<meta name=\"author\" content=\"Marlenys Guzm\u00e1n Casta\u00f1os\" \/>\n<meta name=\"twitter:card\" content=\"summary_large_image\" \/>\n<meta name=\"twitter:creator\" content=\"@cdcliving\" \/>\n<meta name=\"twitter:site\" content=\"@cdcliving\" \/>\n<meta name=\"twitter:label1\" content=\"Escrito por\" \/>\n\t<meta name=\"twitter:data1\" content=\"Marlenys Guzm\u00e1n Casta\u00f1os\" \/>\n\t<meta name=\"twitter:label2\" content=\"Tiempo de lectura\" \/>\n\t<meta name=\"twitter:data2\" content=\"4 minutos\" \/>\n<script type=\"application\/ld+json\" class=\"yoast-schema-graph\">{\"@context\":\"https:\\\/\\\/schema.org\",\"@graph\":[{\"@type\":\"Article\",\"@id\":\"https:\\\/\\\/casadecampoliving.com\\\/es\\\/gracias-fundacion-mir-por-un-fabuloso-fin-de-semana-familiar-2018\\\/#article\",\"isPartOf\":{\"@id\":\"https:\\\/\\\/casadecampoliving.com\\\/es\\\/gracias-fundacion-mir-por-un-fabuloso-fin-de-semana-familiar-2018\\\/\"},\"author\":{\"name\":\"Marlenys Guzm\u00e1n Casta\u00f1os\",\"@id\":\"https:\\\/\\\/casadecampoliving.com\\\/es\\\/#\\\/schema\\\/person\\\/b6606bd87f9cec8f5903e2141cafda24\"},\"headline\":\"\u00a1Gracias Fundaci\u00f3n MIR por un fabuloso Fin de Semana Familiar 2018!\",\"datePublished\":\"2018-08-23T04:00:00+00:00\",\"dateModified\":\"2022-11-10T14:00:49+00:00\",\"mainEntityOfPage\":{\"@id\":\"https:\\\/\\\/casadecampoliving.com\\\/es\\\/gracias-fundacion-mir-por-un-fabuloso-fin-de-semana-familiar-2018\\\/\"},\"wordCount\":900,\"publisher\":{\"@id\":\"https:\\\/\\\/casadecampoliving.com\\\/es\\\/#organization\"},\"image\":{\"@id\":\"https:\\\/\\\/casadecampoliving.com\\\/es\\\/gracias-fundacion-mir-por-un-fabuloso-fin-de-semana-familiar-2018\\\/#primaryimage\"},\"thumbnailUrl\":\"https:\\\/\\\/i0.wp.com\\\/casadecampoliving.com\\\/wp-content\\\/uploads\\\/2022\\\/10\\\/fundacion_MIR-45.jpg?fit=180%2C172&ssl=1\",\"keywords\":[\"chivas\",\"christian daniel\",\"Dekadas\",\"escuela\",\"estudiantes\",\"Featured-TopView @es\",\"fiesta\",\"Fundacion MIR\",\"Fundacion MIR @es\",\"lian fanjul de azqueta\",\"lyanne azqueta\",\"Minitas Beach\",\"pamela sued\",\"Ron Atlantico\"],\"articleSection\":[\"Rep\u00fablica Dominicana @es\",\"Eventos\",\"Fundaci\u00f3n MIR @es\",\"Estilo de Vida\",\"Noticias Locales\",\"Fundaciones\",\"Uncategorized @es\"],\"inLanguage\":\"es\"},{\"@type\":\"WebPage\",\"@id\":\"https:\\\/\\\/casadecampoliving.com\\\/es\\\/gracias-fundacion-mir-por-un-fabuloso-fin-de-semana-familiar-2018\\\/\",\"url\":\"https:\\\/\\\/casadecampoliving.com\\\/es\\\/gracias-fundacion-mir-por-un-fabuloso-fin-de-semana-familiar-2018\\\/\",\"name\":\"\u00a1Gracias Fundaci\u00f3n MIR por un fabuloso Fin de Semana Familiar 2018! | Casa de Campo Living\",\"isPartOf\":{\"@id\":\"https:\\\/\\\/casadecampoliving.com\\\/es\\\/#website\"},\"primaryImageOfPage\":{\"@id\":\"https:\\\/\\\/casadecampoliving.com\\\/es\\\/gracias-fundacion-mir-por-un-fabuloso-fin-de-semana-familiar-2018\\\/#primaryimage\"},\"image\":{\"@id\":\"https:\\\/\\\/casadecampoliving.com\\\/es\\\/gracias-fundacion-mir-por-un-fabuloso-fin-de-semana-familiar-2018\\\/#primaryimage\"},\"thumbnailUrl\":\"https:\\\/\\\/i0.wp.com\\\/casadecampoliving.com\\\/wp-content\\\/uploads\\\/2022\\\/10\\\/fundacion_MIR-45.jpg?fit=180%2C172&ssl=1\",\"datePublished\":\"2018-08-23T04:00:00+00:00\",\"dateModified\":\"2022-11-10T14:00:49+00:00\",\"description\":\"El pasado fin de semana el complejo de Casa de Campo estuvo un poco m\u00e1s activo que de costumbre, todo gracias al Fin de Semana Familiar de Fundaci\u00f3n MIR,\",\"breadcrumb\":{\"@id\":\"https:\\\/\\\/casadecampoliving.com\\\/es\\\/gracias-fundacion-mir-por-un-fabuloso-fin-de-semana-familiar-2018\\\/#breadcrumb\"},\"inLanguage\":\"es\",\"potentialAction\":[{\"@type\":\"ReadAction\",\"target\":[\"https:\\\/\\\/casadecampoliving.com\\\/es\\\/gracias-fundacion-mir-por-un-fabuloso-fin-de-semana-familiar-2018\\\/\"]}]},{\"@type\":\"ImageObject\",\"inLanguage\":\"es\",\"@id\":\"https:\\\/\\\/casadecampoliving.com\\\/es\\\/gracias-fundacion-mir-por-un-fabuloso-fin-de-semana-familiar-2018\\\/#primaryimage\",\"url\":\"https:\\\/\\\/i0.wp.com\\\/casadecampoliving.com\\\/wp-content\\\/uploads\\\/2022\\\/10\\\/fundacion_MIR-45.jpg?fit=180%2C172&ssl=1\",\"contentUrl\":\"https:\\\/\\\/i0.wp.com\\\/casadecampoliving.com\\\/wp-content\\\/uploads\\\/2022\\\/10\\\/fundacion_MIR-45.jpg?fit=180%2C172&ssl=1\",\"width\":180,\"height\":172},{\"@type\":\"BreadcrumbList\",\"@id\":\"https:\\\/\\\/casadecampoliving.com\\\/es\\\/gracias-fundacion-mir-por-un-fabuloso-fin-de-semana-familiar-2018\\\/#breadcrumb\",\"itemListElement\":[{\"@type\":\"ListItem\",\"position\":1,\"name\":\"Home\",\"item\":\"https:\\\/\\\/casadecampoliving.com\\\/es\\\/\"},{\"@type\":\"ListItem\",\"position\":2,\"name\":\"\u00a1Gracias Fundaci\u00f3n MIR por un fabuloso Fin de Semana Familiar 2018!\"}]},{\"@type\":\"WebSite\",\"@id\":\"https:\\\/\\\/casadecampoliving.com\\\/es\\\/#website\",\"url\":\"https:\\\/\\\/casadecampoliving.com\\\/es\\\/\",\"name\":\"Casa de Campo Living\",\"description\":\"Resort community news and resources.\",\"publisher\":{\"@id\":\"https:\\\/\\\/casadecampoliving.com\\\/es\\\/#organization\"},\"potentialAction\":[{\"@type\":\"SearchAction\",\"target\":{\"@type\":\"EntryPoint\",\"urlTemplate\":\"https:\\\/\\\/casadecampoliving.com\\\/es\\\/?s={search_term_string}\"},\"query-input\":{\"@type\":\"PropertyValueSpecification\",\"valueRequired\":true,\"valueName\":\"search_term_string\"}}],\"inLanguage\":\"es\"},{\"@type\":\"Organization\",\"@id\":\"https:\\\/\\\/casadecampoliving.com\\\/es\\\/#organization\",\"name\":\"Casa de Campo Living\",\"url\":\"https:\\\/\\\/casadecampoliving.com\\\/es\\\/\",\"logo\":{\"@type\":\"ImageObject\",\"inLanguage\":\"es\",\"@id\":\"https:\\\/\\\/casadecampoliving.com\\\/es\\\/#\\\/schema\\\/logo\\\/image\\\/\",\"url\":\"https:\\\/\\\/i0.wp.com\\\/casadecampoliving.com\\\/wp-content\\\/uploads\\\/2022\\\/07\\\/CDCLivingLogo_V1-white-sized.png?fit=800%2C214&ssl=1\",\"contentUrl\":\"https:\\\/\\\/i0.wp.com\\\/casadecampoliving.com\\\/wp-content\\\/uploads\\\/2022\\\/07\\\/CDCLivingLogo_V1-white-sized.png?fit=800%2C214&ssl=1\",\"width\":800,\"height\":214,\"caption\":\"Casa de Campo Living\"},\"image\":{\"@id\":\"https:\\\/\\\/casadecampoliving.com\\\/es\\\/#\\\/schema\\\/logo\\\/image\\\/\"},\"sameAs\":[\"https:\\\/\\\/www.facebook.com\\\/casadecampoliving\",\"https:\\\/\\\/x.com\\\/cdcliving\"]},{\"@type\":\"Person\",\"@id\":\"https:\\\/\\\/casadecampoliving.com\\\/es\\\/#\\\/schema\\\/person\\\/b6606bd87f9cec8f5903e2141cafda24\",\"name\":\"Marlenys Guzm\u00e1n Casta\u00f1os\",\"image\":{\"@type\":\"ImageObject\",\"inLanguage\":\"es\",\"@id\":\"https:\\\/\\\/secure.gravatar.com\\\/avatar\\\/72f3f86b8e6b3ec744201aeadf11d4a6055e8af194aecd9ad30ffff4437878ee?s=96&d=mm&r=g\",\"url\":\"https:\\\/\\\/secure.gravatar.com\\\/avatar\\\/72f3f86b8e6b3ec744201aeadf11d4a6055e8af194aecd9ad30ffff4437878ee?s=96&d=mm&r=g\",\"contentUrl\":\"https:\\\/\\\/secure.gravatar.com\\\/avatar\\\/72f3f86b8e6b3ec744201aeadf11d4a6055e8af194aecd9ad30ffff4437878ee?s=96&d=mm&r=g\",\"caption\":\"Marlenys Guzm\u00e1n Casta\u00f1os\"},\"url\":\"https:\\\/\\\/casadecampoliving.com\\\/es\\\/author\\\/mguzman\\\/\"}]}<\/script>\n<!-- \/ Yoast SEO plugin. -->","yoast_head_json":{"title":"\u00a1Gracias Fundaci\u00f3n MIR por un fabuloso Fin de Semana Familiar 2018! | Casa de Campo Living","description":"El pasado fin de semana el complejo de Casa de Campo estuvo un poco m\u00e1s activo que de costumbre, todo gracias al Fin de Semana Familiar de Fundaci\u00f3n MIR,","robots":{"index":"index","follow":"follow","max-snippet":"max-snippet:-1","max-image-preview":"max-image-preview:large","max-video-preview":"max-video-preview:-1"},"canonical":"https:\/\/casadecampoliving.com\/es\/gracias-fundacion-mir-por-un-fabuloso-fin-de-semana-familiar-2018\/","og_locale":"es_ES","og_type":"article","og_title":"\u00a1Gracias Fundaci\u00f3n MIR por un fabuloso Fin de Semana Familiar 2018! | Casa de Campo Living","og_description":"El pasado fin de semana el complejo de Casa de Campo estuvo un poco m\u00e1s activo que de costumbre, todo gracias al Fin de Semana Familiar de Fundaci\u00f3n MIR,","og_url":"https:\/\/casadecampoliving.com\/es\/gracias-fundacion-mir-por-un-fabuloso-fin-de-semana-familiar-2018\/","og_site_name":"Casa de Campo Living","article_publisher":"https:\/\/www.facebook.com\/casadecampoliving","article_published_time":"2018-08-23T04:00:00+00:00","article_modified_time":"2022-11-10T14:00:49+00:00","og_image":[{"width":180,"height":172,"url":"https:\/\/i0.wp.com\/casadecampoliving.com\/wp-content\/uploads\/2022\/10\/fundacion_MIR-45.jpg?fit=180%2C172&ssl=1","type":"image\/jpeg"}],"author":"Marlenys Guzm\u00e1n Casta\u00f1os","twitter_card":"summary_large_image","twitter_creator":"@cdcliving","twitter_site":"@cdcliving","twitter_misc":{"Escrito por":"Marlenys Guzm\u00e1n Casta\u00f1os","Tiempo de lectura":"4 minutos"},"schema":{"@context":"https:\/\/schema.org","@graph":[{"@type":"Article","@id":"https:\/\/casadecampoliving.com\/es\/gracias-fundacion-mir-por-un-fabuloso-fin-de-semana-familiar-2018\/#article","isPartOf":{"@id":"https:\/\/casadecampoliving.com\/es\/gracias-fundacion-mir-por-un-fabuloso-fin-de-semana-familiar-2018\/"},"author":{"name":"Marlenys Guzm\u00e1n Casta\u00f1os","@id":"https:\/\/casadecampoliving.com\/es\/#\/schema\/person\/b6606bd87f9cec8f5903e2141cafda24"},"headline":"\u00a1Gracias Fundaci\u00f3n MIR por un fabuloso Fin de Semana Familiar 2018!","datePublished":"2018-08-23T04:00:00+00:00","dateModified":"2022-11-10T14:00:49+00:00","mainEntityOfPage":{"@id":"https:\/\/casadecampoliving.com\/es\/gracias-fundacion-mir-por-un-fabuloso-fin-de-semana-familiar-2018\/"},"wordCount":900,"publisher":{"@id":"https:\/\/casadecampoliving.com\/es\/#organization"},"image":{"@id":"https:\/\/casadecampoliving.com\/es\/gracias-fundacion-mir-por-un-fabuloso-fin-de-semana-familiar-2018\/#primaryimage"},"thumbnailUrl":"https:\/\/i0.wp.com\/casadecampoliving.com\/wp-content\/uploads\/2022\/10\/fundacion_MIR-45.jpg?fit=180%2C172&ssl=1","keywords":["chivas","christian daniel","Dekadas","escuela","estudiantes","Featured-TopView @es","fiesta","Fundacion MIR","Fundacion MIR @es","lian fanjul de azqueta","lyanne azqueta","Minitas Beach","pamela sued","Ron Atlantico"],"articleSection":["Rep\u00fablica Dominicana @es","Eventos","Fundaci\u00f3n MIR @es","Estilo de Vida","Noticias Locales","Fundaciones","Uncategorized @es"],"inLanguage":"es"},{"@type":"WebPage","@id":"https:\/\/casadecampoliving.com\/es\/gracias-fundacion-mir-por-un-fabuloso-fin-de-semana-familiar-2018\/","url":"https:\/\/casadecampoliving.com\/es\/gracias-fundacion-mir-por-un-fabuloso-fin-de-semana-familiar-2018\/","name":"\u00a1Gracias Fundaci\u00f3n MIR por un fabuloso Fin de Semana Familiar 2018! | Casa de Campo Living","isPartOf":{"@id":"https:\/\/casadecampoliving.com\/es\/#website"},"primaryImageOfPage":{"@id":"https:\/\/casadecampoliving.com\/es\/gracias-fundacion-mir-por-un-fabuloso-fin-de-semana-familiar-2018\/#primaryimage"},"image":{"@id":"https:\/\/casadecampoliving.com\/es\/gracias-fundacion-mir-por-un-fabuloso-fin-de-semana-familiar-2018\/#primaryimage"},"thumbnailUrl":"https:\/\/i0.wp.com\/casadecampoliving.com\/wp-content\/uploads\/2022\/10\/fundacion_MIR-45.jpg?fit=180%2C172&ssl=1","datePublished":"2018-08-23T04:00:00+00:00","dateModified":"2022-11-10T14:00:49+00:00","description":"El pasado fin de semana el complejo de Casa de Campo estuvo un poco m\u00e1s activo que de costumbre, todo gracias al Fin de Semana Familiar de Fundaci\u00f3n MIR,","breadcrumb":{"@id":"https:\/\/casadecampoliving.com\/es\/gracias-fundacion-mir-por-un-fabuloso-fin-de-semana-familiar-2018\/#breadcrumb"},"inLanguage":"es","potentialAction":[{"@type":"ReadAction","target":["https:\/\/casadecampoliving.com\/es\/gracias-fundacion-mir-por-un-fabuloso-fin-de-semana-familiar-2018\/"]}]},{"@type":"ImageObject","inLanguage":"es","@id":"https:\/\/casadecampoliving.com\/es\/gracias-fundacion-mir-por-un-fabuloso-fin-de-semana-familiar-2018\/#primaryimage","url":"https:\/\/i0.wp.com\/casadecampoliving.com\/wp-content\/uploads\/2022\/10\/fundacion_MIR-45.jpg?fit=180%2C172&ssl=1","contentUrl":"https:\/\/i0.wp.com\/casadecampoliving.com\/wp-content\/uploads\/2022\/10\/fundacion_MIR-45.jpg?fit=180%2C172&ssl=1","width":180,"height":172},{"@type":"BreadcrumbList","@id":"https:\/\/casadecampoliving.com\/es\/gracias-fundacion-mir-por-un-fabuloso-fin-de-semana-familiar-2018\/#breadcrumb","itemListElement":[{"@type":"ListItem","position":1,"name":"Home","item":"https:\/\/casadecampoliving.com\/es\/"},{"@type":"ListItem","position":2,"name":"\u00a1Gracias Fundaci\u00f3n MIR por un fabuloso Fin de Semana Familiar 2018!"}]},{"@type":"WebSite","@id":"https:\/\/casadecampoliving.com\/es\/#website","url":"https:\/\/casadecampoliving.com\/es\/","name":"Casa de Campo Living","description":"Resort community news and resources.","publisher":{"@id":"https:\/\/casadecampoliving.com\/es\/#organization"},"potentialAction":[{"@type":"SearchAction","target":{"@type":"EntryPoint","urlTemplate":"https:\/\/casadecampoliving.com\/es\/?s={search_term_string}"},"query-input":{"@type":"PropertyValueSpecification","valueRequired":true,"valueName":"search_term_string"}}],"inLanguage":"es"},{"@type":"Organization","@id":"https:\/\/casadecampoliving.com\/es\/#organization","name":"Casa de Campo Living","url":"https:\/\/casadecampoliving.com\/es\/","logo":{"@type":"ImageObject","inLanguage":"es","@id":"https:\/\/casadecampoliving.com\/es\/#\/schema\/logo\/image\/","url":"https:\/\/i0.wp.com\/casadecampoliving.com\/wp-content\/uploads\/2022\/07\/CDCLivingLogo_V1-white-sized.png?fit=800%2C214&ssl=1","contentUrl":"https:\/\/i0.wp.com\/casadecampoliving.com\/wp-content\/uploads\/2022\/07\/CDCLivingLogo_V1-white-sized.png?fit=800%2C214&ssl=1","width":800,"height":214,"caption":"Casa de Campo Living"},"image":{"@id":"https:\/\/casadecampoliving.com\/es\/#\/schema\/logo\/image\/"},"sameAs":["https:\/\/www.facebook.com\/casadecampoliving","https:\/\/x.com\/cdcliving"]},{"@type":"Person","@id":"https:\/\/casadecampoliving.com\/es\/#\/schema\/person\/b6606bd87f9cec8f5903e2141cafda24","name":"Marlenys Guzm\u00e1n Casta\u00f1os","image":{"@type":"ImageObject","inLanguage":"es","@id":"https:\/\/secure.gravatar.com\/avatar\/72f3f86b8e6b3ec744201aeadf11d4a6055e8af194aecd9ad30ffff4437878ee?s=96&d=mm&r=g","url":"https:\/\/secure.gravatar.com\/avatar\/72f3f86b8e6b3ec744201aeadf11d4a6055e8af194aecd9ad30ffff4437878ee?s=96&d=mm&r=g","contentUrl":"https:\/\/secure.gravatar.com\/avatar\/72f3f86b8e6b3ec744201aeadf11d4a6055e8af194aecd9ad30ffff4437878ee?s=96&d=mm&r=g","caption":"Marlenys Guzm\u00e1n Casta\u00f1os"},"url":"https:\/\/casadecampoliving.com\/es\/author\/mguzman\/"}]}},"parsely":{"version":"1.1.0","canonical_url":"https:\/\/casadecampoliving.com\/es\/gracias-fundacion-mir-por-un-fabuloso-fin-de-semana-familiar-2018\/","smart_links":{"inbound":0,"outbound":0},"traffic_boost_suggestions_count":0,"meta":{"@context":"https:\/\/schema.org","@type":"NewsArticle","headline":"\u00a1Gracias Fundaci\u00f3n MIR por un fabuloso Fin de Semana Familiar 2018!","url":"http:\/\/casadecampoliving.com\/es\/gracias-fundacion-mir-por-un-fabuloso-fin-de-semana-familiar-2018\/","mainEntityOfPage":{"@type":"WebPage","@id":"http:\/\/casadecampoliving.com\/es\/gracias-fundacion-mir-por-un-fabuloso-fin-de-semana-familiar-2018\/"},"thumbnailUrl":"https:\/\/i0.wp.com\/casadecampoliving.com\/wp-content\/uploads\/2022\/10\/fundacion_MIR-45.jpg?resize=150%2C150&ssl=1","image":{"@type":"ImageObject","url":"https:\/\/i0.wp.com\/casadecampoliving.com\/wp-content\/uploads\/2022\/10\/fundacion_MIR-45.jpg?fit=180%2C172&ssl=1"},"articleSection":"Rep\u00fablica Dominicana @es","author":[{"@type":"Person","name":"Marlenys Guzm\u00e1n Casta\u00f1os"}],"creator":["Marlenys Guzm\u00e1n Casta\u00f1os"],"publisher":{"@type":"Organization","name":"Casa de Campo Living","logo":"https:\/\/casadecampoliving.com\/wp-content\/uploads\/2022\/07\/CDCLivingLogo_V1-white-sized.png"},"keywords":["chivas","christian daniel","dekadas","escuela","estudiantes","featured-topview @es","fiesta","fundacion mir @es","fundacion mir","lian fanjul de azqueta","lyanne azqueta","minitas beach","pamela sued","ron atlantico"],"dateCreated":"2018-08-23T04:00:00Z","datePublished":"2018-08-23T04:00:00Z","dateModified":"2022-11-10T14:00:49Z"},"rendered":"<script type=\"application\/ld+json\" class=\"wp-parsely-metadata\">{\"@context\":\"https:\\\/\\\/schema.org\",\"@type\":\"NewsArticle\",\"headline\":\"\\u00a1Gracias Fundaci\\u00f3n MIR por un fabuloso Fin de Semana Familiar 2018!\",\"url\":\"http:\\\/\\\/casadecampoliving.com\\\/es\\\/gracias-fundacion-mir-por-un-fabuloso-fin-de-semana-familiar-2018\\\/\",\"mainEntityOfPage\":{\"@type\":\"WebPage\",\"@id\":\"http:\\\/\\\/casadecampoliving.com\\\/es\\\/gracias-fundacion-mir-por-un-fabuloso-fin-de-semana-familiar-2018\\\/\"},\"thumbnailUrl\":\"https:\\\/\\\/i0.wp.com\\\/casadecampoliving.com\\\/wp-content\\\/uploads\\\/2022\\\/10\\\/fundacion_MIR-45.jpg?resize=150%2C150&ssl=1\",\"image\":{\"@type\":\"ImageObject\",\"url\":\"https:\\\/\\\/i0.wp.com\\\/casadecampoliving.com\\\/wp-content\\\/uploads\\\/2022\\\/10\\\/fundacion_MIR-45.jpg?fit=180%2C172&ssl=1\"},\"articleSection\":\"Rep\\u00fablica Dominicana @es\",\"author\":[{\"@type\":\"Person\",\"name\":\"Marlenys Guzm\\u00e1n Casta\\u00f1os\"}],\"creator\":[\"Marlenys Guzm\\u00e1n Casta\\u00f1os\"],\"publisher\":{\"@type\":\"Organization\",\"name\":\"Casa de Campo Living\",\"logo\":\"https:\\\/\\\/casadecampoliving.com\\\/wp-content\\\/uploads\\\/2022\\\/07\\\/CDCLivingLogo_V1-white-sized.png\"},\"keywords\":[\"chivas\",\"christian daniel\",\"dekadas\",\"escuela\",\"estudiantes\",\"featured-topview @es\",\"fiesta\",\"fundacion mir @es\",\"fundacion mir\",\"lian fanjul de azqueta\",\"lyanne azqueta\",\"minitas beach\",\"pamela sued\",\"ron atlantico\"],\"dateCreated\":\"2018-08-23T04:00:00Z\",\"datePublished\":\"2018-08-23T04:00:00Z\",\"dateModified\":\"2022-11-10T14:00:49Z\"}<\/script>","tracker_url":"https:\/\/cdn.parsely.com\/keys\/casadecampoliving.com\/p.js"},"jetpack_publicize_connections":[],"jetpack_featured_media_url":"https:\/\/i0.wp.com\/casadecampoliving.com\/wp-content\/uploads\/2022\/10\/fundacion_MIR-45.jpg?fit=180%2C172&ssl=1","jetpack-related-posts":[{"id":339575,"url":"https:\/\/casadecampoliving.com\/es\/el-fin-de-semana-familiar-de-la-fundacion-mir-una-esplendida-celebracion\/","url_meta":{"origin":352833,"position":0},"title":"El Fin de Semana Familiar de la Fundaci\u00f3n MIR &#8211; una espl\u00e9ndida celebraci\u00f3n!","author":"","date":"13 Ago, 2012","format":false,"excerpt":"No estuvo maravilloso? Bendecido con el m\u00e1s hermoso d\u00eda soleado y la noche m\u00e1s brillante, el Fin de Semana Familiar de la Fundaci\u00f3n MIR que, cada a\u00f1o se realiza con el prop\u00f3sito de recaudar fondos para las tres escuelas de MIR en La Romana \u2013 fue sencillamente espl\u00e9ndido. Con un\u2026","rel":"","context":"En \u00abDeportes\u00bb","block_context":{"text":"Deportes","link":"https:\/\/casadecampoliving.com\/es\/category\/golf-deportes-es\/"},"img":{"alt_text":"fundacion MIR","src":"https:\/\/i0.wp.com\/casadecampoliving.com\/wp-content\/uploads\/2022\/10\/fundacion_MIR2-6.jpg?fit=650%2C487&ssl=1&resize=350%2C200","width":350,"height":200,"srcset":"https:\/\/i0.wp.com\/casadecampoliving.com\/wp-content\/uploads\/2022\/10\/fundacion_MIR2-6.jpg?fit=650%2C487&ssl=1&resize=350%2C200 1x, https:\/\/i0.wp.com\/casadecampoliving.com\/wp-content\/uploads\/2022\/10\/fundacion_MIR2-6.jpg?fit=650%2C487&ssl=1&resize=525%2C300 1.5x"},"classes":[]},{"id":351889,"url":"https:\/\/casadecampoliving.com\/es\/un-gran-final-para-el-fin-de-semana-familiar-fundacion-mir\/","url_meta":{"origin":352833,"position":1},"title":"Un gran final para un fin de semana lleno de diversi\u00f3n gracias a la Fundaci\u00f3n MIR","author":"Marlenys Guzm\u00e1n Casta\u00f1os","date":"23 Ago, 2017","format":false,"excerpt":"El Fin de Semana Familiar por la Vida de la Fundaci\u00f3n MIR es un evento de recaudaci\u00f3n de fondos muy popular y glamoroso en Casa de Campo que se ha convertido en una tradici\u00f3n. Incluye un torneo de golf anual, cl\u00ednicas de tenis para ni\u00f1os, y una gala cena de\u2026","rel":"","context":"En \u00abRep\u00fablica Dominicana @es\u00bb","block_context":{"text":"Rep\u00fablica Dominicana @es","link":"https:\/\/casadecampoliving.com\/es\/category\/republica-dominicana-2\/"},"img":{"alt_text":"Fundaci\u00f3n MIR Family Weekend 2017","src":"https:\/\/i0.wp.com\/casadecampoliving.com\/wp-content\/uploads\/2022\/10\/DSC_7487-e1503535346738.jpg?fit=1000%2C600&ssl=1&resize=350%2C200","width":350,"height":200,"srcset":"https:\/\/i0.wp.com\/casadecampoliving.com\/wp-content\/uploads\/2022\/10\/DSC_7487-e1503535346738.jpg?fit=1000%2C600&ssl=1&resize=350%2C200 1x, https:\/\/i0.wp.com\/casadecampoliving.com\/wp-content\/uploads\/2022\/10\/DSC_7487-e1503535346738.jpg?fit=1000%2C600&ssl=1&resize=525%2C300 1.5x, https:\/\/i0.wp.com\/casadecampoliving.com\/wp-content\/uploads\/2022\/10\/DSC_7487-e1503535346738.jpg?fit=1000%2C600&ssl=1&resize=700%2C400 2x"},"classes":[]},{"id":345181,"url":"https:\/\/casadecampoliving.com\/es\/el-fin-de-semana-mir-recauda-sobre-us100000-mas-fotos-de-la-fiesta\/","url_meta":{"origin":352833,"position":2},"title":"\u00a1El Fin de Semana MIR recauda sobre US$100,000 &#038; m\u00e1s fotos de la fiesta!","author":"Daniela Medina","date":"31 Ago, 2014","format":false,"excerpt":"\u00a1Hola! Hoy les traemos 2 noticias fant\u00e1sticas. En primer lugar, el Fin de Semana Familiar de Fundaci\u00f3n MIR recaud\u00f3 m\u00e1s de US$100,000 y en segundo lugar \u00a1aqu\u00ed les traemos aun mas fotos de la fiesta! En un mensaje a todas aquellas personas, familias y empresas que apoyaron el evento, Lian\u2026","rel":"","context":"En \u00abCasa de Campo Living @es\u00bb","block_context":{"text":"Casa de Campo Living @es","link":"https:\/\/casadecampoliving.com\/category\/casa-de-campo-living-es\/"},"img":{"alt_text":"Fundacion MIR family weekend","src":"https:\/\/i0.wp.com\/casadecampoliving.com\/wp-content\/uploads\/2022\/10\/Fundacion_MIR_family_weekend.jpg?fit=650%2C392&ssl=1&resize=350%2C200","width":350,"height":200,"srcset":"https:\/\/i0.wp.com\/casadecampoliving.com\/wp-content\/uploads\/2022\/10\/Fundacion_MIR_family_weekend.jpg?fit=650%2C392&ssl=1&resize=350%2C200 1x, https:\/\/i0.wp.com\/casadecampoliving.com\/wp-content\/uploads\/2022\/10\/Fundacion_MIR_family_weekend.jpg?fit=650%2C392&ssl=1&resize=525%2C300 1.5x"},"classes":[]},{"id":342666,"url":"https:\/\/casadecampoliving.com\/es\/el-fin-de-semana-familiar-de-la-fundacion-mir-brilla-como-el-mejor-evento-del-verano\/","url_meta":{"origin":352833,"position":3},"title":"El Fin de Semana Familiar de la Fundaci\u00f3n MIR brilla como el mejor evento del verano","author":"Eliana Alba","date":"12 Ago, 2013","format":false,"excerpt":"El pasado 10 de Agosto la Fundaci\u00f3n MIR fue el anfitri\u00f3n de m\u00e1s de 400 invitados a un maravilloso d\u00eda de eventos y actividades. La jornada di\u00f3 inicio con un torneo de tenis en La Terraza Tennis Club, seguido por un torneo de golf en el campo de La Romana\u2026","rel":"","context":"En \u00abDeportes\u00bb","block_context":{"text":"Deportes","link":"https:\/\/casadecampoliving.com\/es\/category\/golf-deportes-es\/"},"img":{"alt_text":"lian fanjul de azqueta","src":"https:\/\/i0.wp.com\/casadecampoliving.com\/wp-content\/uploads\/2022\/10\/Lian_fanjul_de_azqueta.jpg?fit=650%2C324&ssl=1&resize=350%2C200","width":350,"height":200,"srcset":"https:\/\/i0.wp.com\/casadecampoliving.com\/wp-content\/uploads\/2022\/10\/Lian_fanjul_de_azqueta.jpg?fit=650%2C324&ssl=1&resize=350%2C200 1x, https:\/\/i0.wp.com\/casadecampoliving.com\/wp-content\/uploads\/2022\/10\/Lian_fanjul_de_azqueta.jpg?fit=650%2C324&ssl=1&resize=525%2C300 1.5x"},"classes":[]},{"id":339523,"url":"https:\/\/casadecampoliving.com\/es\/entrevista-con-lyanne-azqueta-fanjul-la-educacion-es-la-mejor-manera-de-combatir-la-pobreza-y-mejorar-las-condiciones-de-vida-de-comunidades-y-naciones\/","url_meta":{"origin":352833,"position":4},"title":"Entrevista con Lyanne Azqueta Fanjul: \u00abLa educaci\u00f3n es la mejor manera de combatir la pobreza y mejorar las condiciones de vida de comunidades y naciones\u00bb","author":"","date":"6 Ago, 2012","format":false,"excerpt":"El Fin de Semana Familiar por La Vida de la Fundaci\u00f3n MIR es \u00e9ste s\u00e1bado 11 de agosto y en esta etapa final de los preparativos, compartimos con Lyanne Azqueta, Directora de Fundaci\u00f3n MIR, con el prop\u00f3sito de conocer un poquito m\u00e1s sobre el evento, al igual que de las\u2026","rel":"","context":"En \u00abCasa de Campo Living @es\u00bb","block_context":{"text":"Casa de Campo Living @es","link":"https:\/\/casadecampoliving.com\/category\/casa-de-campo-living-es\/"},"img":{"alt_text":"lyanne fanjul fundacion MIR","src":"https:\/\/i0.wp.com\/casadecampoliving.com\/wp-content\/uploads\/2022\/10\/lyanne_fanjul_fundacion_MIR.jpg?fit=650%2C433&ssl=1&resize=350%2C200","width":350,"height":200,"srcset":"https:\/\/i0.wp.com\/casadecampoliving.com\/wp-content\/uploads\/2022\/10\/lyanne_fanjul_fundacion_MIR.jpg?fit=650%2C433&ssl=1&resize=350%2C200 1x, https:\/\/i0.wp.com\/casadecampoliving.com\/wp-content\/uploads\/2022\/10\/lyanne_fanjul_fundacion_MIR.jpg?fit=650%2C433&ssl=1&resize=525%2C300 1.5x"},"classes":[]},{"id":339601,"url":"https:\/\/casadecampoliving.com\/es\/fin-de-semana-familiar-de-mir-una-glamurosa-cena-gala-en-playa-minitas\/","url_meta":{"origin":352833,"position":5},"title":"Fin de Semana Familiar de MIR: Una glamurosa cena-gala en playa Minitas","author":"","date":"18 Ago, 2012","format":false,"excerpt":"El Fin de Semana Familiar de la Fundaci\u00f3n MIR cont\u00f3 con una excelente asistencia. Con una mayor cantidad de invitados en comparaci\u00f3n con eventos anteriores, los participantes dieron su apoyo a la Fundaci\u00f3n MIR con su presencia, tanto en los torneos de tenis y golf, como en la cena-gala en\u2026","rel":"","context":"En \u00abEvents and Activities\u00bb","block_context":{"text":"Events and Activities","link":"https:\/\/casadecampoliving.com\/category\/events-and-activities\/"},"img":{"alt_text":"fundacion MIR lian fanjul","src":"https:\/\/i0.wp.com\/casadecampoliving.com\/wp-content\/uploads\/2022\/10\/fundacion_MIR_lian_fanjul-1.jpg?fit=650%2C430&ssl=1&resize=350%2C200","width":350,"height":200,"srcset":"https:\/\/i0.wp.com\/casadecampoliving.com\/wp-content\/uploads\/2022\/10\/fundacion_MIR_lian_fanjul-1.jpg?fit=650%2C430&ssl=1&resize=350%2C200 1x, https:\/\/i0.wp.com\/casadecampoliving.com\/wp-content\/uploads\/2022\/10\/fundacion_MIR_lian_fanjul-1.jpg?fit=650%2C430&ssl=1&resize=525%2C300 1.5x"},"classes":[]}],"jetpack_sharing_enabled":true,"_links":{"self":[{"href":"https:\/\/casadecampoliving.com\/es\/wp-json\/wp\/v2\/posts\/352833","targetHints":{"allow":["GET"]}}],"collection":[{"href":"https:\/\/casadecampoliving.com\/es\/wp-json\/wp\/v2\/posts"}],"about":[{"href":"https:\/\/casadecampoliving.com\/es\/wp-json\/wp\/v2\/types\/post"}],"author":[{"embeddable":true,"href":"https:\/\/casadecampoliving.com\/es\/wp-json\/wp\/v2\/users\/36682"}],"replies":[{"embeddable":true,"href":"https:\/\/casadecampoliving.com\/es\/wp-json\/wp\/v2\/comments?post=352833"}],"version-history":[{"count":1,"href":"https:\/\/casadecampoliving.com\/es\/wp-json\/wp\/v2\/posts\/352833\/revisions"}],"predecessor-version":[{"id":352834,"href":"https:\/\/casadecampoliving.com\/es\/wp-json\/wp\/v2\/posts\/352833\/revisions\/352834"}],"wp:featuredmedia":[{"embeddable":true,"href":"https:\/\/casadecampoliving.com\/es\/wp-json\/wp\/v2\/media\/288132"}],"wp:attachment":[{"href":"https:\/\/casadecampoliving.com\/es\/wp-json\/wp\/v2\/media?parent=352833"}],"wp:term":[{"taxonomy":"category","embeddable":true,"href":"https:\/\/casadecampoliving.com\/es\/wp-json\/wp\/v2\/categories?post=352833"},{"taxonomy":"post_tag","embeddable":true,"href":"https:\/\/casadecampoliving.com\/es\/wp-json\/wp\/v2\/tags?post=352833"},{"taxonomy":"newspack_spnsrs_tax","embeddable":true,"href":"https:\/\/casadecampoliving.com\/es\/wp-json\/wp\/v2\/newspack_spnsrs_tax?post=352833"}],"curies":[{"name":"wp","href":"https:\/\/api.w.org\/{rel}","templated":true}]}}