{"id":352797,"date":"2018-07-27T00:00:00","date_gmt":"2018-07-27T04:00:00","guid":{"rendered":"https:\/\/casadecampoliving.com\/ultimo-cafe-de-la-leche-del-verano-con-cesarina-de-grisolia\/"},"modified":"2022-10-21T19:09:21","modified_gmt":"2022-10-21T23:09:21","slug":"ultimo-cafe-de-la-leche-del-verano-con-cesarina-de-grisolia","status":"publish","type":"post","link":"https:\/\/casadecampoliving.com\/es\/ultimo-cafe-de-la-leche-del-verano-con-cesarina-de-grisolia\/","title":{"rendered":"\u00a1\u00daltimo Caf\u00e9 de la Leche del verano con Cesarina de Grisolia!"},"content":{"rendered":"\n<p>Bueno, parece que fue ayer cuando est\u00e1bamos en el <a href=\"https:\/\/casadecampoliving.com\/es\/sangrias-amigos-y-una-magnifica-vista-en-el-cafe-de-la-leche-de-este-mes-en-la-casita\/\" target=\"_blank\" rel=\"noopener\">restaurante La Casita celebrando la edici\u00f3n de julio del Caf\u00e9 de la Leche con Julia Mart\u00ednez<\/a>, y ahora ya tenemos otro que esperar el jueves 9 de agosto.<br>\n<span id=\"more-88920\"><\/span><\/p>\n\n\n\n<!--more-->\n\n\n\n<p>La pr\u00f3xima celebraci\u00f3n de Caf\u00e9 de la Leche ser\u00e1 organizada por Cesarina de Grisolia en su hogar de Casa de Campo Golf Villas #194, que ofrece una hermosa vista del campo de golf Links, y sin duda alguna ser\u00e1 otra tarde maravillosa y una hermosa oportunidad para pasar el tiempo con nuestros amigos y vecinos, mientras contribuimos a una buena causa.<\/p>\n\n\n\n<p>Como en el pasado, el Patronato Ben\u00e9fico Oriental (PBO) \u2013 Hogar del Ni\u00f1o le pide que traiga 1,800 gramos de Milex Kinder, Gold, NAN, Enfamil, Alacta Plus, Nido Crecimiento o RD $ 1,200 para ayudar a alimentar a los m\u00e1s de 200 beb\u00e9s en su Sala cuna. Las donaciones de los eventos de Caf\u00e9 de la Leche suministran m\u00e1s del 80% de la leche utilizada cada mes. Si desea conocer m\u00e1s sobre el Caf\u00e9 de la Leche y la Sala Cuna del Hogar del Ni\u00f1o, vea el siguiente video:<\/p>\n\n\n\n<p class=\"has-text-align-center\"><iframe loading=\"lazy\" src=\"https:\/\/www.youtube.com\/embed\/UNRleVFAGGA\" width=\"800\" height=\"450\" frameborder=\"0\" allowfullscreen=\"allowfullscreen\"><span data-mce-type=\"bookmark\" style=\"display: inline-block; width: 0px; overflow: hidden; line-height: 0;\" class=\"mce_SELRES_start\">\ufeff<\/span><\/iframe><\/p>\n\n\n\n<p>Es por eso que amamos las reuniones del Caf\u00e9 de la Leche y por qu\u00e9 no se puede perder los pr\u00f3ximos eventos. \u00a1No solo nos juntamos para compartir, sino que lo hacemos por los beb\u00e9s! Si nunca has asistido a la reuni\u00f3n mensual, los animamos a que se nos una y si es \u201cregular\u201d, recuerde por qu\u00e9 asiste y no se pierda la pr\u00f3xima. Esperamos verlos a todos all\u00ed para una tarde divertida y, como siempre, los hombres tambi\u00e9n son bienvenidos, as\u00ed que no los deje en casa.<\/p>\n\n\n\n<blockquote><p><strong>Caf\u00e9 de la Leche con Cesarina de Grisolia<\/strong><\/p><figure><img decoding=\"async\" loading=\"lazy\" class=\"aligncenter size-full wp-image-161327\" src=\"https:\/\/i0.wp.com\/casadecampoliving-wp.s3-accelerate.amazonaws.com\/2018\/07\/Cafe-de-la-leche-agosto2018-01.jpg?resize=773%2C1000&amp;ssl=1\" alt=\"\" width=\"773\" height=\"1000\" srcset=\"https:\/\/i0.wp.com\/casadecampoliving.com\/wp-content\/uploads\/2018\/07\/Cafe-de-la-leche-agosto2018-01.jpg?w=773&amp;ssl=1 773w, https:\/\/i0.wp.com\/casadecampoliving.com\/wp-content\/uploads\/2018\/07\/Cafe-de-la-leche-agosto2018-01.jpg?resize=232%2C300&amp;ssl=1 232w, https:\/\/i0.wp.com\/casadecampoliving.com\/wp-content\/uploads\/2018\/07\/Cafe-de-la-leche-agosto2018-01.jpg?resize=768%2C994&amp;ssl=1 768w\" sizes=\"auto, (max-width: 773px) 100vw, 773px\"><\/figure><p><strong>Cu\u00e1ndo<\/strong>: jueves 9 de agosto, 5 p.m. \u2013 7 p.m.<\/p><p><strong>Donde<\/strong>: Golf Villa # 194<\/p><p><strong>Contribuci\u00f3n<\/strong>: Milex Kinder, Gold, NAN, Enfamil, Alacta Plus, Nido Crecimiento de 1,800 gramos, o RD $ 1,200<\/p><p><strong>Contacto<\/strong>: info@pbo.org, (809) 523-8901<\/p><\/blockquote>\n\n\n\n<blockquote><figure><img decoding=\"async\" loading=\"lazy\" class=\"alignright\" title=\"hogar_del_nino\" src=\"https:\/\/i0.wp.com\/casadecampoliving.com\/wp-content\/uploads\/2022\/10\/hogar_del_nino-28.jpg?resize=200%2C105&amp;ssl=1\" alt=\"hogar del nino \" width=\"200\" height=\"105\"><\/figure><p><strong><a href=\"https:\/\/casadecampoliving.com\/hogardelnino\/\">The Hogar del Ni\u00f1o<\/a><\/strong><br>\n<\/p><p>El Hogar del Ni\u00f1o es un centro educacional y de cuidado para m\u00e1s de 1,500 ni\u00f1os, ubicado en el pueblo de La Romana, justo a las afueras de Casa de Campo. Ni\u00f1os que van desde los pocas semanas de nacidos hasta los 18 a\u00f1os de edad, son cuidados y educados a diario desde las 5:30am las 7pm.<\/p><p>La organizaci\u00f3n tambi\u00e9n provee educaci\u00f3n especial para ni\u00f1os especiales que padecen de ceguera o con limitaciones auditivas, al igual que una escuela vocacional en la que m\u00e1s de 235 estudiantes reciben educaci\u00f3n en las distintas \u00e1reas como: costura, preparaci\u00f3n industrial, mantenimiento e instalaci\u00f3n el\u00e9ctrica; manejo de programas de c\u00f3mputos.<\/p><p><strong>Comun\u00edquese con el Hogar del Ni\u00f1o al:<br>\nTel:&nbsp;<\/strong>(809) 523-8901<strong>&nbsp;<\/strong>o al (809) 556-3181<strong><br>\nEmail:&nbsp;<\/strong><a href=\"mailto:info@pbo.org.do\" target=\"_blank\" rel=\"noopener\">info@pbo.org.do<\/a><strong><br>\nSitio Web:&nbsp;<\/strong><a href=\"http:\/\/pbo.org.do\/site\/es\/\" target=\"_blank\" rel=\"noopener\">pbo.org.do<\/a><\/p><\/blockquote>\n","protected":false},"excerpt":{"rendered":"<p>Bueno, parece que fue ayer cuando est\u00e1bamos en el restaurante La Casita celebrando la edici\u00f3n de julio del Caf\u00e9 de la Leche con Julia Mart\u00ednez, y ahora ya tenemos otro que esperar el jueves 9 de agosto.<\/p>\n","protected":false},"author":36682,"featured_media":278550,"comment_status":"closed","ping_status":"closed","sticky":false,"template":"","format":"standard","meta":{"newspack_ads_suppress_ads":false,"newspack_popups_has_disabled_popups":false,"newspack_sponsor_sponsorship_scope":"","newspack_sponsor_native_byline_display":"inherit","newspack_sponsor_native_category_display":"inherit","newspack_sponsor_underwriter_style":"inherit","newspack_sponsor_underwriter_placement":"inherit","_newspack_byline_active":false,"_newspack_byline":"","newspack_hide_updated_date":false,"newspack_show_updated_date":false,"newspack_content_restriction_is_exempt":false,"newspack_featured_image_position":"","newspack_post_subtitle":"","newspack_article_summary_title":"Overview:","newspack_article_summary":"","_jetpack_memberships_contains_paid_content":false,"footnotes":"","jetpack_publicize_message":"","jetpack_publicize_feature_enabled":true,"jetpack_social_post_already_shared":false,"jetpack_social_options":{"image_generator_settings":{"template":"highway","default_image_id":0,"font":"","enabled":false},"version":2},"_wpas_customize_per_network":false},"categories":[14631,2514,2516,14627,2521,19622,2531],"tags":[23755,17182,4484,14736,17181,8657,3177],"newspack_spnsrs_tax":[],"class_list":["post-352797","post","type-post","status-publish","format-standard","has-post-thumbnail","hentry","category-estilo-de-vida","category-fundaciones-es","category-hogar-del-nino-es","category-proximamente","category-republica-dominicana-2","category-video-es-2","category-video-es","tag-cafe-de-la-leche-es-5","tag-cesarina-grisolia","tag-el-hogar-del-nino","tag-featured-topview-es","tag-formula","tag-leche","tag-pbo","entry"],"yoast_head":"<!-- This site is optimized with the Yoast SEO plugin v27.4 - https:\/\/yoast.com\/product\/yoast-seo-wordpress\/ -->\n<title>\u00a1\u00daltimo Caf\u00e9 de la Leche del verano con Cesarina de Grisolia! | Casa de Campo Living<\/title>\n<meta name=\"description\" content=\"Bueno, parece que fue ayer cuando est\u00e1bamos en el restaurante La Casita celebrando la edici\u00f3n de julio del Caf\u00e9 de la Leche con Julia Mart\u00ednez, y ahora ya\" \/>\n<meta name=\"robots\" content=\"index, follow, max-snippet:-1, max-image-preview:large, max-video-preview:-1\" \/>\n<link rel=\"canonical\" href=\"https:\/\/casadecampoliving.com\/es\/ultimo-cafe-de-la-leche-del-verano-con-cesarina-de-grisolia\/\" \/>\n<meta property=\"og:locale\" content=\"es_ES\" \/>\n<meta property=\"og:type\" content=\"article\" \/>\n<meta property=\"og:title\" content=\"\u00a1\u00daltimo Caf\u00e9 de la Leche del verano con Cesarina de Grisolia! | Casa de Campo Living\" \/>\n<meta property=\"og:description\" content=\"Bueno, parece que fue ayer cuando est\u00e1bamos en el restaurante La Casita celebrando la edici\u00f3n de julio del Caf\u00e9 de la Leche con Julia Mart\u00ednez, y ahora ya\" \/>\n<meta property=\"og:url\" content=\"https:\/\/casadecampoliving.com\/es\/ultimo-cafe-de-la-leche-del-verano-con-cesarina-de-grisolia\/\" \/>\n<meta property=\"og:site_name\" content=\"Casa de Campo Living\" \/>\n<meta property=\"article:publisher\" content=\"https:\/\/www.facebook.com\/casadecampoliving\" \/>\n<meta property=\"article:published_time\" content=\"2018-07-27T04:00:00+00:00\" \/>\n<meta property=\"article:modified_time\" content=\"2022-10-21T23:09:21+00:00\" \/>\n<meta property=\"og:image\" content=\"https:\/\/i0.wp.com\/casadecampoliving.com\/wp-content\/uploads\/2022\/10\/hogar_del_nino-28.jpg?fit=200%2C105&ssl=1\" \/>\n\t<meta property=\"og:image:width\" content=\"200\" \/>\n\t<meta property=\"og:image:height\" content=\"105\" \/>\n\t<meta property=\"og:image:type\" content=\"image\/jpeg\" \/>\n<meta name=\"author\" content=\"Marlenys Guzm\u00e1n Casta\u00f1os\" \/>\n<meta name=\"twitter:card\" content=\"summary_large_image\" \/>\n<meta name=\"twitter:creator\" content=\"@cdcliving\" \/>\n<meta name=\"twitter:site\" content=\"@cdcliving\" \/>\n<meta name=\"twitter:label1\" content=\"Escrito por\" \/>\n\t<meta name=\"twitter:data1\" content=\"Marlenys Guzm\u00e1n Casta\u00f1os\" \/>\n\t<meta name=\"twitter:label2\" content=\"Tiempo de lectura\" \/>\n\t<meta name=\"twitter:data2\" content=\"2 minutos\" \/>\n<script type=\"application\/ld+json\" class=\"yoast-schema-graph\">{\"@context\":\"https:\\\/\\\/schema.org\",\"@graph\":[{\"@type\":\"Article\",\"@id\":\"https:\\\/\\\/casadecampoliving.com\\\/es\\\/ultimo-cafe-de-la-leche-del-verano-con-cesarina-de-grisolia\\\/#article\",\"isPartOf\":{\"@id\":\"https:\\\/\\\/casadecampoliving.com\\\/es\\\/ultimo-cafe-de-la-leche-del-verano-con-cesarina-de-grisolia\\\/\"},\"author\":{\"name\":\"Marlenys Guzm\u00e1n Casta\u00f1os\",\"@id\":\"https:\\\/\\\/casadecampoliving.com\\\/es\\\/#\\\/schema\\\/person\\\/b6606bd87f9cec8f5903e2141cafda24\"},\"headline\":\"\u00a1\u00daltimo Caf\u00e9 de la Leche del verano con Cesarina de Grisolia!\",\"datePublished\":\"2018-07-27T04:00:00+00:00\",\"dateModified\":\"2022-10-21T23:09:21+00:00\",\"mainEntityOfPage\":{\"@id\":\"https:\\\/\\\/casadecampoliving.com\\\/es\\\/ultimo-cafe-de-la-leche-del-verano-con-cesarina-de-grisolia\\\/\"},\"wordCount\":486,\"publisher\":{\"@id\":\"https:\\\/\\\/casadecampoliving.com\\\/es\\\/#organization\"},\"image\":{\"@id\":\"https:\\\/\\\/casadecampoliving.com\\\/es\\\/ultimo-cafe-de-la-leche-del-verano-con-cesarina-de-grisolia\\\/#primaryimage\"},\"thumbnailUrl\":\"https:\\\/\\\/i0.wp.com\\\/casadecampoliving.com\\\/wp-content\\\/uploads\\\/2022\\\/10\\\/hogar_del_nino-28.jpg?fit=200%2C105&ssl=1\",\"keywords\":[\"cafe de la leche\",\"Cesarina Grisolia\",\"el hogar del nino\",\"Featured-TopView @es\",\"Formula\",\"leche\",\"pbo\"],\"articleSection\":[\"Estilo de Vida\",\"Fundaciones\",\"Hogar del Ni\u00f1o @es\",\"Proximamente\",\"Rep\u00fablica Dominicana @es\",\"Video\",\"Video @es\"],\"inLanguage\":\"es\"},{\"@type\":\"WebPage\",\"@id\":\"https:\\\/\\\/casadecampoliving.com\\\/es\\\/ultimo-cafe-de-la-leche-del-verano-con-cesarina-de-grisolia\\\/\",\"url\":\"https:\\\/\\\/casadecampoliving.com\\\/es\\\/ultimo-cafe-de-la-leche-del-verano-con-cesarina-de-grisolia\\\/\",\"name\":\"\u00a1\u00daltimo Caf\u00e9 de la Leche del verano con Cesarina de Grisolia! | Casa de Campo Living\",\"isPartOf\":{\"@id\":\"https:\\\/\\\/casadecampoliving.com\\\/es\\\/#website\"},\"primaryImageOfPage\":{\"@id\":\"https:\\\/\\\/casadecampoliving.com\\\/es\\\/ultimo-cafe-de-la-leche-del-verano-con-cesarina-de-grisolia\\\/#primaryimage\"},\"image\":{\"@id\":\"https:\\\/\\\/casadecampoliving.com\\\/es\\\/ultimo-cafe-de-la-leche-del-verano-con-cesarina-de-grisolia\\\/#primaryimage\"},\"thumbnailUrl\":\"https:\\\/\\\/i0.wp.com\\\/casadecampoliving.com\\\/wp-content\\\/uploads\\\/2022\\\/10\\\/hogar_del_nino-28.jpg?fit=200%2C105&ssl=1\",\"datePublished\":\"2018-07-27T04:00:00+00:00\",\"dateModified\":\"2022-10-21T23:09:21+00:00\",\"description\":\"Bueno, parece que fue ayer cuando est\u00e1bamos en el restaurante La Casita celebrando la edici\u00f3n de julio del Caf\u00e9 de la Leche con Julia Mart\u00ednez, y ahora ya\",\"breadcrumb\":{\"@id\":\"https:\\\/\\\/casadecampoliving.com\\\/es\\\/ultimo-cafe-de-la-leche-del-verano-con-cesarina-de-grisolia\\\/#breadcrumb\"},\"inLanguage\":\"es\",\"potentialAction\":[{\"@type\":\"ReadAction\",\"target\":[\"https:\\\/\\\/casadecampoliving.com\\\/es\\\/ultimo-cafe-de-la-leche-del-verano-con-cesarina-de-grisolia\\\/\"]}]},{\"@type\":\"ImageObject\",\"inLanguage\":\"es\",\"@id\":\"https:\\\/\\\/casadecampoliving.com\\\/es\\\/ultimo-cafe-de-la-leche-del-verano-con-cesarina-de-grisolia\\\/#primaryimage\",\"url\":\"https:\\\/\\\/i0.wp.com\\\/casadecampoliving.com\\\/wp-content\\\/uploads\\\/2022\\\/10\\\/hogar_del_nino-28.jpg?fit=200%2C105&ssl=1\",\"contentUrl\":\"https:\\\/\\\/i0.wp.com\\\/casadecampoliving.com\\\/wp-content\\\/uploads\\\/2022\\\/10\\\/hogar_del_nino-28.jpg?fit=200%2C105&ssl=1\",\"width\":200,\"height\":105},{\"@type\":\"BreadcrumbList\",\"@id\":\"https:\\\/\\\/casadecampoliving.com\\\/es\\\/ultimo-cafe-de-la-leche-del-verano-con-cesarina-de-grisolia\\\/#breadcrumb\",\"itemListElement\":[{\"@type\":\"ListItem\",\"position\":1,\"name\":\"Home\",\"item\":\"https:\\\/\\\/casadecampoliving.com\\\/es\\\/\"},{\"@type\":\"ListItem\",\"position\":2,\"name\":\"\u00a1\u00daltimo Caf\u00e9 de la Leche del verano con Cesarina de Grisolia!\"}]},{\"@type\":\"WebSite\",\"@id\":\"https:\\\/\\\/casadecampoliving.com\\\/es\\\/#website\",\"url\":\"https:\\\/\\\/casadecampoliving.com\\\/es\\\/\",\"name\":\"Casa de Campo Living\",\"description\":\"Resort community news and resources.\",\"publisher\":{\"@id\":\"https:\\\/\\\/casadecampoliving.com\\\/es\\\/#organization\"},\"potentialAction\":[{\"@type\":\"SearchAction\",\"target\":{\"@type\":\"EntryPoint\",\"urlTemplate\":\"https:\\\/\\\/casadecampoliving.com\\\/es\\\/?s={search_term_string}\"},\"query-input\":{\"@type\":\"PropertyValueSpecification\",\"valueRequired\":true,\"valueName\":\"search_term_string\"}}],\"inLanguage\":\"es\"},{\"@type\":\"Organization\",\"@id\":\"https:\\\/\\\/casadecampoliving.com\\\/es\\\/#organization\",\"name\":\"Casa de Campo Living\",\"url\":\"https:\\\/\\\/casadecampoliving.com\\\/es\\\/\",\"logo\":{\"@type\":\"ImageObject\",\"inLanguage\":\"es\",\"@id\":\"https:\\\/\\\/casadecampoliving.com\\\/es\\\/#\\\/schema\\\/logo\\\/image\\\/\",\"url\":\"https:\\\/\\\/i0.wp.com\\\/casadecampoliving.com\\\/wp-content\\\/uploads\\\/2022\\\/07\\\/CDCLivingLogo_V1-white-sized.png?fit=800%2C214&ssl=1\",\"contentUrl\":\"https:\\\/\\\/i0.wp.com\\\/casadecampoliving.com\\\/wp-content\\\/uploads\\\/2022\\\/07\\\/CDCLivingLogo_V1-white-sized.png?fit=800%2C214&ssl=1\",\"width\":800,\"height\":214,\"caption\":\"Casa de Campo Living\"},\"image\":{\"@id\":\"https:\\\/\\\/casadecampoliving.com\\\/es\\\/#\\\/schema\\\/logo\\\/image\\\/\"},\"sameAs\":[\"https:\\\/\\\/www.facebook.com\\\/casadecampoliving\",\"https:\\\/\\\/x.com\\\/cdcliving\"]},{\"@type\":\"Person\",\"@id\":\"https:\\\/\\\/casadecampoliving.com\\\/es\\\/#\\\/schema\\\/person\\\/b6606bd87f9cec8f5903e2141cafda24\",\"name\":\"Marlenys Guzm\u00e1n Casta\u00f1os\",\"image\":{\"@type\":\"ImageObject\",\"inLanguage\":\"es\",\"@id\":\"https:\\\/\\\/secure.gravatar.com\\\/avatar\\\/72f3f86b8e6b3ec744201aeadf11d4a6055e8af194aecd9ad30ffff4437878ee?s=96&d=mm&r=g\",\"url\":\"https:\\\/\\\/secure.gravatar.com\\\/avatar\\\/72f3f86b8e6b3ec744201aeadf11d4a6055e8af194aecd9ad30ffff4437878ee?s=96&d=mm&r=g\",\"contentUrl\":\"https:\\\/\\\/secure.gravatar.com\\\/avatar\\\/72f3f86b8e6b3ec744201aeadf11d4a6055e8af194aecd9ad30ffff4437878ee?s=96&d=mm&r=g\",\"caption\":\"Marlenys Guzm\u00e1n Casta\u00f1os\"},\"url\":\"https:\\\/\\\/casadecampoliving.com\\\/es\\\/author\\\/mguzman\\\/\"}]}<\/script>\n<!-- \/ Yoast SEO plugin. -->","yoast_head_json":{"title":"\u00a1\u00daltimo Caf\u00e9 de la Leche del verano con Cesarina de Grisolia! | Casa de Campo Living","description":"Bueno, parece que fue ayer cuando est\u00e1bamos en el restaurante La Casita celebrando la edici\u00f3n de julio del Caf\u00e9 de la Leche con Julia Mart\u00ednez, y ahora ya","robots":{"index":"index","follow":"follow","max-snippet":"max-snippet:-1","max-image-preview":"max-image-preview:large","max-video-preview":"max-video-preview:-1"},"canonical":"https:\/\/casadecampoliving.com\/es\/ultimo-cafe-de-la-leche-del-verano-con-cesarina-de-grisolia\/","og_locale":"es_ES","og_type":"article","og_title":"\u00a1\u00daltimo Caf\u00e9 de la Leche del verano con Cesarina de Grisolia! | Casa de Campo Living","og_description":"Bueno, parece que fue ayer cuando est\u00e1bamos en el restaurante La Casita celebrando la edici\u00f3n de julio del Caf\u00e9 de la Leche con Julia Mart\u00ednez, y ahora ya","og_url":"https:\/\/casadecampoliving.com\/es\/ultimo-cafe-de-la-leche-del-verano-con-cesarina-de-grisolia\/","og_site_name":"Casa de Campo Living","article_publisher":"https:\/\/www.facebook.com\/casadecampoliving","article_published_time":"2018-07-27T04:00:00+00:00","article_modified_time":"2022-10-21T23:09:21+00:00","og_image":[{"width":200,"height":105,"url":"https:\/\/i0.wp.com\/casadecampoliving.com\/wp-content\/uploads\/2022\/10\/hogar_del_nino-28.jpg?fit=200%2C105&ssl=1","type":"image\/jpeg"}],"author":"Marlenys Guzm\u00e1n Casta\u00f1os","twitter_card":"summary_large_image","twitter_creator":"@cdcliving","twitter_site":"@cdcliving","twitter_misc":{"Escrito por":"Marlenys Guzm\u00e1n Casta\u00f1os","Tiempo de lectura":"2 minutos"},"schema":{"@context":"https:\/\/schema.org","@graph":[{"@type":"Article","@id":"https:\/\/casadecampoliving.com\/es\/ultimo-cafe-de-la-leche-del-verano-con-cesarina-de-grisolia\/#article","isPartOf":{"@id":"https:\/\/casadecampoliving.com\/es\/ultimo-cafe-de-la-leche-del-verano-con-cesarina-de-grisolia\/"},"author":{"name":"Marlenys Guzm\u00e1n Casta\u00f1os","@id":"https:\/\/casadecampoliving.com\/es\/#\/schema\/person\/b6606bd87f9cec8f5903e2141cafda24"},"headline":"\u00a1\u00daltimo Caf\u00e9 de la Leche del verano con Cesarina de Grisolia!","datePublished":"2018-07-27T04:00:00+00:00","dateModified":"2022-10-21T23:09:21+00:00","mainEntityOfPage":{"@id":"https:\/\/casadecampoliving.com\/es\/ultimo-cafe-de-la-leche-del-verano-con-cesarina-de-grisolia\/"},"wordCount":486,"publisher":{"@id":"https:\/\/casadecampoliving.com\/es\/#organization"},"image":{"@id":"https:\/\/casadecampoliving.com\/es\/ultimo-cafe-de-la-leche-del-verano-con-cesarina-de-grisolia\/#primaryimage"},"thumbnailUrl":"https:\/\/i0.wp.com\/casadecampoliving.com\/wp-content\/uploads\/2022\/10\/hogar_del_nino-28.jpg?fit=200%2C105&ssl=1","keywords":["cafe de la leche","Cesarina Grisolia","el hogar del nino","Featured-TopView @es","Formula","leche","pbo"],"articleSection":["Estilo de Vida","Fundaciones","Hogar del Ni\u00f1o @es","Proximamente","Rep\u00fablica Dominicana @es","Video","Video @es"],"inLanguage":"es"},{"@type":"WebPage","@id":"https:\/\/casadecampoliving.com\/es\/ultimo-cafe-de-la-leche-del-verano-con-cesarina-de-grisolia\/","url":"https:\/\/casadecampoliving.com\/es\/ultimo-cafe-de-la-leche-del-verano-con-cesarina-de-grisolia\/","name":"\u00a1\u00daltimo Caf\u00e9 de la Leche del verano con Cesarina de Grisolia! | Casa de Campo Living","isPartOf":{"@id":"https:\/\/casadecampoliving.com\/es\/#website"},"primaryImageOfPage":{"@id":"https:\/\/casadecampoliving.com\/es\/ultimo-cafe-de-la-leche-del-verano-con-cesarina-de-grisolia\/#primaryimage"},"image":{"@id":"https:\/\/casadecampoliving.com\/es\/ultimo-cafe-de-la-leche-del-verano-con-cesarina-de-grisolia\/#primaryimage"},"thumbnailUrl":"https:\/\/i0.wp.com\/casadecampoliving.com\/wp-content\/uploads\/2022\/10\/hogar_del_nino-28.jpg?fit=200%2C105&ssl=1","datePublished":"2018-07-27T04:00:00+00:00","dateModified":"2022-10-21T23:09:21+00:00","description":"Bueno, parece que fue ayer cuando est\u00e1bamos en el restaurante La Casita celebrando la edici\u00f3n de julio del Caf\u00e9 de la Leche con Julia Mart\u00ednez, y ahora ya","breadcrumb":{"@id":"https:\/\/casadecampoliving.com\/es\/ultimo-cafe-de-la-leche-del-verano-con-cesarina-de-grisolia\/#breadcrumb"},"inLanguage":"es","potentialAction":[{"@type":"ReadAction","target":["https:\/\/casadecampoliving.com\/es\/ultimo-cafe-de-la-leche-del-verano-con-cesarina-de-grisolia\/"]}]},{"@type":"ImageObject","inLanguage":"es","@id":"https:\/\/casadecampoliving.com\/es\/ultimo-cafe-de-la-leche-del-verano-con-cesarina-de-grisolia\/#primaryimage","url":"https:\/\/i0.wp.com\/casadecampoliving.com\/wp-content\/uploads\/2022\/10\/hogar_del_nino-28.jpg?fit=200%2C105&ssl=1","contentUrl":"https:\/\/i0.wp.com\/casadecampoliving.com\/wp-content\/uploads\/2022\/10\/hogar_del_nino-28.jpg?fit=200%2C105&ssl=1","width":200,"height":105},{"@type":"BreadcrumbList","@id":"https:\/\/casadecampoliving.com\/es\/ultimo-cafe-de-la-leche-del-verano-con-cesarina-de-grisolia\/#breadcrumb","itemListElement":[{"@type":"ListItem","position":1,"name":"Home","item":"https:\/\/casadecampoliving.com\/es\/"},{"@type":"ListItem","position":2,"name":"\u00a1\u00daltimo Caf\u00e9 de la Leche del verano con Cesarina de Grisolia!"}]},{"@type":"WebSite","@id":"https:\/\/casadecampoliving.com\/es\/#website","url":"https:\/\/casadecampoliving.com\/es\/","name":"Casa de Campo Living","description":"Resort community news and resources.","publisher":{"@id":"https:\/\/casadecampoliving.com\/es\/#organization"},"potentialAction":[{"@type":"SearchAction","target":{"@type":"EntryPoint","urlTemplate":"https:\/\/casadecampoliving.com\/es\/?s={search_term_string}"},"query-input":{"@type":"PropertyValueSpecification","valueRequired":true,"valueName":"search_term_string"}}],"inLanguage":"es"},{"@type":"Organization","@id":"https:\/\/casadecampoliving.com\/es\/#organization","name":"Casa de Campo Living","url":"https:\/\/casadecampoliving.com\/es\/","logo":{"@type":"ImageObject","inLanguage":"es","@id":"https:\/\/casadecampoliving.com\/es\/#\/schema\/logo\/image\/","url":"https:\/\/i0.wp.com\/casadecampoliving.com\/wp-content\/uploads\/2022\/07\/CDCLivingLogo_V1-white-sized.png?fit=800%2C214&ssl=1","contentUrl":"https:\/\/i0.wp.com\/casadecampoliving.com\/wp-content\/uploads\/2022\/07\/CDCLivingLogo_V1-white-sized.png?fit=800%2C214&ssl=1","width":800,"height":214,"caption":"Casa de Campo Living"},"image":{"@id":"https:\/\/casadecampoliving.com\/es\/#\/schema\/logo\/image\/"},"sameAs":["https:\/\/www.facebook.com\/casadecampoliving","https:\/\/x.com\/cdcliving"]},{"@type":"Person","@id":"https:\/\/casadecampoliving.com\/es\/#\/schema\/person\/b6606bd87f9cec8f5903e2141cafda24","name":"Marlenys Guzm\u00e1n Casta\u00f1os","image":{"@type":"ImageObject","inLanguage":"es","@id":"https:\/\/secure.gravatar.com\/avatar\/72f3f86b8e6b3ec744201aeadf11d4a6055e8af194aecd9ad30ffff4437878ee?s=96&d=mm&r=g","url":"https:\/\/secure.gravatar.com\/avatar\/72f3f86b8e6b3ec744201aeadf11d4a6055e8af194aecd9ad30ffff4437878ee?s=96&d=mm&r=g","contentUrl":"https:\/\/secure.gravatar.com\/avatar\/72f3f86b8e6b3ec744201aeadf11d4a6055e8af194aecd9ad30ffff4437878ee?s=96&d=mm&r=g","caption":"Marlenys Guzm\u00e1n Casta\u00f1os"},"url":"https:\/\/casadecampoliving.com\/es\/author\/mguzman\/"}]}},"parsely":{"version":"1.1.0","canonical_url":"https:\/\/casadecampoliving.com\/es\/ultimo-cafe-de-la-leche-del-verano-con-cesarina-de-grisolia\/","smart_links":{"inbound":0,"outbound":0},"traffic_boost_suggestions_count":0,"meta":{"@context":"https:\/\/schema.org","@type":"NewsArticle","headline":"\u00a1\u00daltimo Caf\u00e9 de la Leche del verano con Cesarina de Grisolia!","url":"http:\/\/casadecampoliving.com\/es\/ultimo-cafe-de-la-leche-del-verano-con-cesarina-de-grisolia\/","mainEntityOfPage":{"@type":"WebPage","@id":"http:\/\/casadecampoliving.com\/es\/ultimo-cafe-de-la-leche-del-verano-con-cesarina-de-grisolia\/"},"thumbnailUrl":"https:\/\/i0.wp.com\/casadecampoliving.com\/wp-content\/uploads\/2022\/10\/hogar_del_nino-28.jpg?resize=150%2C105&ssl=1","image":{"@type":"ImageObject","url":"https:\/\/i0.wp.com\/casadecampoliving.com\/wp-content\/uploads\/2022\/10\/hogar_del_nino-28.jpg?fit=200%2C105&ssl=1"},"articleSection":"Estilo de Vida","author":[{"@type":"Person","name":"Marlenys Guzm\u00e1n Casta\u00f1os"}],"creator":["Marlenys Guzm\u00e1n Casta\u00f1os"],"publisher":{"@type":"Organization","name":"Casa de Campo Living","logo":"https:\/\/casadecampoliving.com\/wp-content\/uploads\/2022\/07\/CDCLivingLogo_V1-white-sized.png"},"keywords":["cafe de la leche","cesarina grisolia","el hogar del nino","featured-topview @es","formula","leche","pbo"],"dateCreated":"2018-07-27T04:00:00Z","datePublished":"2018-07-27T04:00:00Z","dateModified":"2022-10-21T23:09:21Z"},"rendered":"<script type=\"application\/ld+json\" class=\"wp-parsely-metadata\">{\"@context\":\"https:\\\/\\\/schema.org\",\"@type\":\"NewsArticle\",\"headline\":\"\\u00a1\\u00daltimo Caf\\u00e9 de la Leche del verano con Cesarina de Grisolia!\",\"url\":\"http:\\\/\\\/casadecampoliving.com\\\/es\\\/ultimo-cafe-de-la-leche-del-verano-con-cesarina-de-grisolia\\\/\",\"mainEntityOfPage\":{\"@type\":\"WebPage\",\"@id\":\"http:\\\/\\\/casadecampoliving.com\\\/es\\\/ultimo-cafe-de-la-leche-del-verano-con-cesarina-de-grisolia\\\/\"},\"thumbnailUrl\":\"https:\\\/\\\/i0.wp.com\\\/casadecampoliving.com\\\/wp-content\\\/uploads\\\/2022\\\/10\\\/hogar_del_nino-28.jpg?resize=150%2C105&ssl=1\",\"image\":{\"@type\":\"ImageObject\",\"url\":\"https:\\\/\\\/i0.wp.com\\\/casadecampoliving.com\\\/wp-content\\\/uploads\\\/2022\\\/10\\\/hogar_del_nino-28.jpg?fit=200%2C105&ssl=1\"},\"articleSection\":\"Estilo de Vida\",\"author\":[{\"@type\":\"Person\",\"name\":\"Marlenys Guzm\\u00e1n Casta\\u00f1os\"}],\"creator\":[\"Marlenys Guzm\\u00e1n Casta\\u00f1os\"],\"publisher\":{\"@type\":\"Organization\",\"name\":\"Casa de Campo Living\",\"logo\":\"https:\\\/\\\/casadecampoliving.com\\\/wp-content\\\/uploads\\\/2022\\\/07\\\/CDCLivingLogo_V1-white-sized.png\"},\"keywords\":[\"cafe de la leche\",\"cesarina grisolia\",\"el hogar del nino\",\"featured-topview @es\",\"formula\",\"leche\",\"pbo\"],\"dateCreated\":\"2018-07-27T04:00:00Z\",\"datePublished\":\"2018-07-27T04:00:00Z\",\"dateModified\":\"2022-10-21T23:09:21Z\"}<\/script>","tracker_url":"https:\/\/cdn.parsely.com\/keys\/casadecampoliving.com\/p.js"},"jetpack_publicize_connections":[],"jetpack_featured_media_url":"https:\/\/i0.wp.com\/casadecampoliving.com\/wp-content\/uploads\/2022\/10\/hogar_del_nino-28.jpg?fit=200%2C105&ssl=1","jetpack-related-posts":[{"id":352819,"url":"https:\/\/casadecampoliving.com\/es\/cafe-de-la-leche-cesarina-de-grisolia\/","url_meta":{"origin":352797,"position":0},"title":"Caf\u00e9 de la Leche con Cesarina de Grisolia","author":"Casa de Campo Living","date":"13 Ago, 2018","format":false,"excerpt":"El pasado jueves, 9 de agosto, Cesarina de Grisolia fue la anfitriona del \u00faltimo Caf\u00e9 de la Leche del verano. Como siempre, fue maravilloso reunirnos con las elegantes y apasionadas damas de Casa de Campo. Es un gran ambiente para unirse a la comunidad de Casa y ayudar en una\u2026","rel":"","context":"En \u00abEstilo de Vida\u00bb","block_context":{"text":"Estilo de Vida","link":"https:\/\/casadecampoliving.com\/es\/category\/estilo-de-vida\/"},"img":{"alt_text":"","src":"https:\/\/i0.wp.com\/casadecampoliving-wp.s3-accelerate.amazonaws.com\/2018\/08\/IMG_0423-200x300.jpg?resize=350%2C200&ssl=1","width":350,"height":200},"classes":[]},{"id":330199,"url":"https:\/\/casadecampoliving.com\/last-cafe-de-la-leche-of-the-summer-with-cesarina-de-grisolia\/","url_meta":{"origin":352797,"position":1},"title":"Last Caf\u00e9 de la Leche of the summer with Cesarina de Grisolia!","author":"Marlenys Guzm\u00e1n Casta\u00f1os","date":"27 Jul, 2018","format":false,"excerpt":"Well it seems like just yesterday that we were at La Casita Restaurant celebrating the July edition of the Caf\u00e9 de la Leche hosted by\u00a0hosted by Julia Martinez, and now we already have another to look forward to on Thursday August 9th. The next Caf\u00e9 de la Leche celebration will\u2026","rel":"","context":"En \u00abDominican Republic\u00bb","block_context":{"text":"Dominican Republic","link":"https:\/\/casadecampoliving.com\/category\/dominican-republic\/"},"img":{"alt_text":"","src":"https:\/\/i0.wp.com\/casadecampoliving-wp.s3-accelerate.amazonaws.com\/2018\/07\/Cafe-de-la-leche-agosto2018-01.jpg?resize=350%2C200&ssl=1","width":350,"height":200,"srcset":"https:\/\/i0.wp.com\/casadecampoliving-wp.s3-accelerate.amazonaws.com\/2018\/07\/Cafe-de-la-leche-agosto2018-01.jpg?resize=350%2C200&ssl=1 1x, https:\/\/i0.wp.com\/casadecampoliving-wp.s3-accelerate.amazonaws.com\/2018\/07\/Cafe-de-la-leche-agosto2018-01.jpg?resize=525%2C300&ssl=1 1.5x, https:\/\/i0.wp.com\/casadecampoliving-wp.s3-accelerate.amazonaws.com\/2018\/07\/Cafe-de-la-leche-agosto2018-01.jpg?resize=700%2C400&ssl=1 2x"},"classes":[]},{"id":344376,"url":"https:\/\/casadecampoliving.com\/es\/cafe-de-la-leche-con-cesarina-de-grisolia\/","url_meta":{"origin":352797,"position":2},"title":"Caf\u00e9 de\u00a0la Leche con Cesarina de Grisolia","author":"Perkin Agramonte","date":"17 May, 2014","format":false,"excerpt":"No existen dudas que la primavera estuvo presente en el m\u00e1s reciente Caf\u00e9 de la Leche organizado por Cesarina de Grisolia, el pasado viernes 9 de mayo en Casa de Campo. Durante la celebraci\u00f3n el sol luc\u00eda su resplandor y las adorables damas de Casa de Campo creaban un arcoiris\u2026","rel":"","context":"En \u00abCasa de Campo Living @es\u00bb","block_context":{"text":"Casa de Campo Living @es","link":"https:\/\/casadecampoliving.com\/category\/casa-de-campo-living-es\/"},"img":{"alt_text":"","src":"https:\/\/i0.wp.com\/casadecampoliving.com\/wp-content\/uploads\/2022\/10\/Cesarina_de_Grisolia_Cafe_de_la_Leche-1.jpg?fit=650%2C434&ssl=1&resize=350%2C200","width":350,"height":200,"srcset":"https:\/\/i0.wp.com\/casadecampoliving.com\/wp-content\/uploads\/2022\/10\/Cesarina_de_Grisolia_Cafe_de_la_Leche-1.jpg?fit=650%2C434&ssl=1&resize=350%2C200 1x, https:\/\/i0.wp.com\/casadecampoliving.com\/wp-content\/uploads\/2022\/10\/Cesarina_de_Grisolia_Cafe_de_la_Leche-1.jpg?fit=650%2C434&ssl=1&resize=525%2C300 1.5x"},"classes":[]},{"id":330215,"url":"https:\/\/casadecampoliving.com\/cafe-de-la-leche-cesarina-de-grisolia\/","url_meta":{"origin":352797,"position":3},"title":"Caf\u00e9 de la Leche with Cesarina de Grisolia","author":"Casa de Campo Living","date":"13 Ago, 2018","format":false,"excerpt":"Last Thursday, August 9th, Cesarina de Grisolia hosted the last Caf\u00e9 de la Leche of the summer. As always it was a wonderful to get together with lovely, stylish, and passionate ladies of Casa de Campo. It\u2019s such a great environment to join the Casa community and assist in an\u2026","rel":"","context":"En \u00abDominican Republic\u00bb","block_context":{"text":"Dominican Republic","link":"https:\/\/casadecampoliving.com\/category\/dominican-republic\/"},"img":{"alt_text":"","src":"https:\/\/i0.wp.com\/casadecampoliving-wp.s3-accelerate.amazonaws.com\/2018\/08\/IMG_0423-200x300.jpg?resize=350%2C200&ssl=1","width":350,"height":200},"classes":[]},{"id":323544,"url":"https:\/\/casadecampoliving.com\/cafe-de-la-leche-cesarina-grisolia\/","url_meta":{"origin":352797,"position":4},"title":"Caf\u00e9 de la Leche with Cesarina de Grisolia","author":"Rebecca Silvestri","date":"17 May, 2014","format":false,"excerpt":"There could be no doubt that spring had arrived at the recent Caf\u00e9 de la Leche hosted by Cesarina de Grisolia, last Friday May 9th in Casa de Campo. The sun shone on the gathering and the lovely ladies of Casa de Campo themselves shone in a rainbow of bright\u2026","rel":"","context":"En \u00abEvents and Activities\u00bb","block_context":{"text":"Events and Activities","link":"https:\/\/casadecampoliving.com\/category\/events-and-activities\/"},"img":{"alt_text":"","src":"https:\/\/i0.wp.com\/casadecampoliving.com\/wp-content\/uploads\/2022\/10\/Cesarina_de_Grisolia_Cafe_de_la_Leche-1.jpg?fit=650%2C434&ssl=1&resize=350%2C200","width":350,"height":200,"srcset":"https:\/\/i0.wp.com\/casadecampoliving.com\/wp-content\/uploads\/2022\/10\/Cesarina_de_Grisolia_Cafe_de_la_Leche-1.jpg?fit=650%2C434&ssl=1&resize=350%2C200 1x, https:\/\/i0.wp.com\/casadecampoliving.com\/wp-content\/uploads\/2022\/10\/Cesarina_de_Grisolia_Cafe_de_la_Leche-1.jpg?fit=650%2C434&ssl=1&resize=525%2C300 1.5x"},"classes":[]},{"id":349712,"url":"https:\/\/casadecampoliving.com\/es\/sala-cuna-cafe-de-la-leche-mayo-2016\/","url_meta":{"origin":352797,"position":5},"title":"\u00a1Lo que aprend\u00ed durante mi visita a la Sala Cuna y porque no puede perderse este viernes el Caf\u00e9 de la Leche!","author":"Carla Campos","date":"3 May, 2016","format":false,"excerpt":"Es ese tiempo del mes otra vez se\u00f1oras \u2013 \u00a1Marque su calendario para el Caf\u00e9 de la Leche de\u00a0este viernes organizado por Cesarina Grisol\u00eda! \u00bfPuede usted creer que tenemos mas de 15 a\u00f1os reuni\u00e9ndonos mensualmente para recolectar leche para los beb\u00e9s en la Sala Cuna del Hogar del Ni\u00f1o? Cada\u2026","rel":"","context":"En \u00abDestacados\u00bb","block_context":{"text":"Destacados","link":"https:\/\/casadecampoliving.com\/es\/category\/destacados\/"},"img":{"alt_text":"","src":"https:\/\/i0.wp.com\/casadecampoliving.com\/wp-content\/uploads\/2022\/10\/Sala-de-Infancia-Ninos-Tomando-Leche-3-e1462313971297.jpg?fit=1000%2C563&ssl=1&resize=350%2C200","width":350,"height":200,"srcset":"https:\/\/i0.wp.com\/casadecampoliving.com\/wp-content\/uploads\/2022\/10\/Sala-de-Infancia-Ninos-Tomando-Leche-3-e1462313971297.jpg?fit=1000%2C563&ssl=1&resize=350%2C200 1x, https:\/\/i0.wp.com\/casadecampoliving.com\/wp-content\/uploads\/2022\/10\/Sala-de-Infancia-Ninos-Tomando-Leche-3-e1462313971297.jpg?fit=1000%2C563&ssl=1&resize=525%2C300 1.5x, https:\/\/i0.wp.com\/casadecampoliving.com\/wp-content\/uploads\/2022\/10\/Sala-de-Infancia-Ninos-Tomando-Leche-3-e1462313971297.jpg?fit=1000%2C563&ssl=1&resize=700%2C400 2x"},"classes":[]}],"jetpack_sharing_enabled":true,"_links":{"self":[{"href":"https:\/\/casadecampoliving.com\/es\/wp-json\/wp\/v2\/posts\/352797","targetHints":{"allow":["GET"]}}],"collection":[{"href":"https:\/\/casadecampoliving.com\/es\/wp-json\/wp\/v2\/posts"}],"about":[{"href":"https:\/\/casadecampoliving.com\/es\/wp-json\/wp\/v2\/types\/post"}],"author":[{"embeddable":true,"href":"https:\/\/casadecampoliving.com\/es\/wp-json\/wp\/v2\/users\/36682"}],"replies":[{"embeddable":true,"href":"https:\/\/casadecampoliving.com\/es\/wp-json\/wp\/v2\/comments?post=352797"}],"version-history":[{"count":1,"href":"https:\/\/casadecampoliving.com\/es\/wp-json\/wp\/v2\/posts\/352797\/revisions"}],"predecessor-version":[{"id":352798,"href":"https:\/\/casadecampoliving.com\/es\/wp-json\/wp\/v2\/posts\/352797\/revisions\/352798"}],"wp:featuredmedia":[{"embeddable":true,"href":"https:\/\/casadecampoliving.com\/es\/wp-json\/wp\/v2\/media\/278550"}],"wp:attachment":[{"href":"https:\/\/casadecampoliving.com\/es\/wp-json\/wp\/v2\/media?parent=352797"}],"wp:term":[{"taxonomy":"category","embeddable":true,"href":"https:\/\/casadecampoliving.com\/es\/wp-json\/wp\/v2\/categories?post=352797"},{"taxonomy":"post_tag","embeddable":true,"href":"https:\/\/casadecampoliving.com\/es\/wp-json\/wp\/v2\/tags?post=352797"},{"taxonomy":"newspack_spnsrs_tax","embeddable":true,"href":"https:\/\/casadecampoliving.com\/es\/wp-json\/wp\/v2\/newspack_spnsrs_tax?post=352797"}],"curies":[{"name":"wp","href":"https:\/\/api.w.org\/{rel}","templated":true}]}}