{"id":352769,"date":"2018-07-12T00:00:00","date_gmt":"2018-07-12T04:00:00","guid":{"rendered":"https:\/\/casadecampoliving.com\/desfile-de-modas-golden-years-inspirado-en-audrey-hepburn\/"},"modified":"2022-10-21T19:07:23","modified_gmt":"2022-10-21T23:07:23","slug":"desfile-de-modas-golden-years-inspirado-en-audrey-hepburn","status":"publish","type":"post","link":"https:\/\/casadecampoliving.com\/es\/desfile-de-modas-golden-years-inspirado-en-audrey-hepburn\/","title":{"rendered":"Guarde la fecha: Desfile de modas \u00abGolden Years\u00bb inspirado en Audrey Hepburn"},"content":{"rendered":"<div class=\"wp-block-image\">\n<figure class=\"alignright is-resized\"><img loading=\"lazy\" decoding=\"async\" src=\"https:\/\/i0.wp.com\/casadecampoliving-wp.s3-accelerate.amazonaws.com\/2018\/07\/audrey-hepburn-style-230x300.jpg?resize=346%2C450&amp;ssl=1\" alt=\"\" class=\"wp-image-161058\" height=\"450\" width=\"346\" srcset=\"https:\/\/i0.wp.com\/casadecampoliving.com\/wp-content\/uploads\/2018\/07\/audrey-hepburn-style.jpg?resize=230%2C300&amp;ssl=1 230w, https:\/\/i0.wp.com\/casadecampoliving.com\/wp-content\/uploads\/2018\/07\/audrey-hepburn-style.jpg?resize=768%2C1000&amp;ssl=1 768w, https:\/\/i0.wp.com\/casadecampoliving.com\/wp-content\/uploads\/2018\/07\/audrey-hepburn-style.jpg?resize=787%2C1024&amp;ssl=1 787w, https:\/\/i0.wp.com\/casadecampoliving.com\/wp-content\/uploads\/2018\/07\/audrey-hepburn-style.jpg?w=1280&amp;ssl=1 1280w, https:\/\/i0.wp.com\/casadecampoliving-wp.s3-accelerate.amazonaws.com\/2018\/07\/audrey-hepburn-style-230x300.jpg?w=370 370w, https:\/\/i0.wp.com\/casadecampoliving-wp.s3-accelerate.amazonaws.com\/2018\/07\/audrey-hepburn-style-230x300.jpg?w=400 400w\" sizes=\"auto, (max-width: 346px) 100vw, 346px\" \/><\/figure>\n<\/div>\n\n\n<p>El 21 de julio, el centro de conferencias Flamboyan en Casa de Campo ser\u00e1 la sede de la Semana de la Moda de San Francisco de este a\u00f1o bajo el lema de \u201cGolden Years\u201d. El desfile de moda se dividir\u00e1 en dos secciones, una con un espect\u00e1culo para ni\u00f1os a partir de las 3:30 p. m. y la segunda para adultos a partir de las 6:00 p. m con una parte de los ingresos que ser\u00e1n donados al&nbsp;<a href=\"https:\/\/casadecampoliving.com\/es\/orfanato-ninos-de-cristo-obtiene-la-acreditacion-de-conani\/\" target=\"_blank\" rel=\"noopener\">Orfanato Ni\u00f1os de Cristo en La Romana.<\/a><\/p>\n\n\n\n<p>Este evento est\u00e1 organizado por San Francisco Fashion Week, una plataforma para artistas de distintas especialidades, y el Sr. Muhammad Asim Khan, CEO de Fame Pakistan, quien tambi\u00e9n es el <em>scout<\/em>&nbsp;oficial de dise\u00f1ador de moda para el Festival de Cine de Cannes. Ellos se han unido para presentar su primer desfile internacional de moda en la Rep\u00fablica Dominicana, para mostrar a los asistentes las obras de muchos talentosos dise\u00f1adores. \u201cGolden Years\u201d Dreams Fashion Show est\u00e1 inspirado en Audrey Hepburn. Agraciada, elegante y sin miedo a explorar siluetas vanguardistas mientras conserva su belleza de duende, la fallecida y gran estrella de origen belga dej\u00f3 un legado inigualable que contin\u00faa inspirando hoy en d\u00eda. No esta de m\u00e1s decir que muchos de los estilos de Hepburn fueron inmortalizados en sus \u00e9xitos de Hollywood como <em>Funny Face y My Fair Lady.<\/em><\/p>\n\n\n\n<p>No pierdas la oportunidad de ver c\u00f3mo este grupo de artistas se han inspirado en este \u00edcono de la moda y, al mismo tiempo, apoyar al Orfanato Ni\u00f1os de Cristo. Los boletos se pueden comprar a trav\u00e9s del Villa Owners Club en Casa de Campo o <a href=\"https:\/\/www.uepatickets.com\/Tickets.aspx?id=8691\" target=\"_blank\" rel=\"noopener\">uepatickets.com.<\/a> Si desea obtener m\u00e1s informaci\u00f3n sobre el evento, puede haga&nbsp;<a href=\"https:\/\/casadecampoliving-wp.s3-accelerate.amazonaws.com\/2018\/07\/Diapositiva-Final-1.pdf\" target=\"_blank\" rel=\"noopener\">clic aqu\u00ed.<\/a><\/p>\n\n\n\n<blockquote><figure><img decoding=\"async\" loading=\"lazy\" class=\"size-large wp-image-161057 aligncenter\" src=\"https:\/\/i0.wp.com\/casadecampoliving-wp.s3-accelerate.amazonaws.com\/2018\/07\/final-2-593x1024.jpg?resize=593%2C1024&amp;ssl=1\" alt=\"\" width=\"593\" height=\"1024\" srcset=\"https:\/\/i0.wp.com\/casadecampoliving.com\/wp-content\/uploads\/2018\/07\/final-2.jpg?resize=593%2C1024&amp;ssl=1 593w, https:\/\/i0.wp.com\/casadecampoliving.com\/wp-content\/uploads\/2018\/07\/final-2.jpg?resize=174%2C300&amp;ssl=1 174w, https:\/\/i0.wp.com\/casadecampoliving.com\/wp-content\/uploads\/2018\/07\/final-2.jpg?resize=768%2C1327&amp;ssl=1 768w, https:\/\/i0.wp.com\/casadecampoliving.com\/wp-content\/uploads\/final-2.jpg?w=2000&amp;ssl=1 2000w, https:\/\/i0.wp.com\/casadecampoliving.com\/wp-content\/uploads\/final-2.jpg?w=3000&amp;ssl=1 3000w\" sizes=\"auto, (max-width: 593px) 100vw, 593px\"><\/figure><p><strong>Qu\u00e9<\/strong>: Desfile de modas \u201cGolden Years\u201d Dreams<\/p><p><strong>Cu\u00e1ndo<\/strong>: S\u00e1bado, 21 de julio \u2013 Espect\u00e1culo para ni\u00f1os: 3:30 p.m. \u2013 Adultos 6: oo pm<\/p><p><strong>Contactos<\/strong>: 809-703-9428 y 829-425-9638 correo electr\u00f3nico: Sanfcofashionweek@gmail.com \u2022 keylenfashionaltacostura@gmail.com<\/p><\/blockquote>\n\n\n\n<blockquote><h3>SOBRE EL ORFANATO NI\u00d1OS DE CRISTO<\/h3><figure><img decoding=\"async\" loading=\"lazy\" class=\"alignright size-full wp-image-114491\" src=\"https:\/\/i0.wp.com\/casadecampoliving.com\/wp-content\/uploads\/2022\/10\/Ways-to-help.png?resize=300%2C200&amp;ssl=1\" alt=\"Ways to help\" width=\"300\" height=\"200\"><\/figure><p>Orfanato Ni\u00f1os de Cristo es un orfanato ubicado en la Rep\u00fablica Dominicana, fundado en 1993. Alberga a m\u00e1s de 160 ni\u00f1os que han sido abandonados y \/ o v\u00edctimas de abusos, tanto de la Rep\u00fablica Dominicana como de Hait\u00ed. Orfanato Ni\u00f1os de Cristo se dedica a mejorar la vida de los ni\u00f1os, centr\u00e1ndose en la educaci\u00f3n, la salud y la vivienda, ya que la mayor\u00eda de los ni\u00f1os pasan toda su infancia y juventud en el orfanato. El orfanato tiene dos instalaciones de vivienda, una escuela privada y \u00e1reas recreativas.<\/p><p><strong>Ni\u00f1os de Cristo Orphanage \u2013&nbsp;Ni\u00f1os<\/strong><br>\n<a href=\"mailto:orfanatondc.varones@gmail.com\" target=\"_blank\" rel=\"noopener noreferrer\">orfanatondc.varones@gmail.com<\/a><br>\nTel. (809) 349-0144<br>\n<a href=\"http:\/\/www.ninosdecristo.org\/\" target=\"_blank\" rel=\"noopener noreferrer\">http:\/\/www.ninosdecristo.org<\/a><\/p><p><strong>Ni\u00f1os de Cristo Orphanage \u2013&nbsp;Ni\u00f1as<\/strong><br>\n<a href=\"mailto:info@ninosdecristo.org\" target=\"_blank\" rel=\"noopener noreferrer\">info@ninosdecristo.org<\/a><br>\nTel. (809) 550-2732<br>\n<a href=\"http:\/\/www.ninosdecristo.org\/\" target=\"_blank\" rel=\"noopener noreferrer\">http:\/\/www.ninosdecristo.org<\/a><\/p><\/blockquote>\n","protected":false},"excerpt":{"rendered":"<p>El 21 de julio, el centro de conferencias Flamboyan en Casa de Campo ser\u00e1 la sede de la Semana de la Moda de San Francisco de este a\u00f1o bajo el lema de \u201cGolden Years\u201d. El desfile de moda se dividir\u00e1 en dos secciones, una con un espect\u00e1culo para ni\u00f1os a partir de las 3:30 p. [&hellip;]<\/p>\n","protected":false},"author":36791,"featured_media":286377,"comment_status":"closed","ping_status":"closed","sticky":false,"template":"","format":"standard","meta":{"newspack_ads_suppress_ads":false,"newspack_popups_has_disabled_popups":false,"newspack_sponsor_sponsorship_scope":"","newspack_sponsor_native_byline_display":"inherit","newspack_sponsor_native_category_display":"inherit","newspack_sponsor_underwriter_style":"inherit","newspack_sponsor_underwriter_placement":"inherit","_newspack_byline_active":false,"_newspack_byline":"","newspack_content_restriction_is_exempt":false,"newspack_featured_image_position":"","newspack_post_subtitle":"","newspack_article_summary_title":"Overview:","newspack_article_summary":"","newspack_hide_updated_date":false,"newspack_show_updated_date":false,"_jetpack_memberships_contains_paid_content":false,"footnotes":"","jetpack_publicize_message":"","jetpack_publicize_feature_enabled":true,"jetpack_social_post_already_shared":false,"jetpack_social_options":{"image_generator_settings":{"template":"highway","default_image_id":0,"font":"","enabled":false},"version":2},"_wpas_customize_per_network":false},"categories":[14631,2522,2514,2523,2517,14627,2521],"tags":[19930,2571,235,1546,15091],"newspack_spnsrs_tax":[],"class_list":["post-352769","post","type-post","status-publish","format-standard","has-post-thumbnail","hentry","category-estilo-de-vida","category-eventos-es","category-fundaciones-es","category-moda-es","category-orfanato-ninos-de-cristo-es","category-proximamente","category-republica-dominicana-2","tag-beneficio","tag-desfile-de-moda","tag-fashion-show","tag-orfanato-ninos-de-cristo","tag-proximamente","entry"],"yoast_head":"<!-- This site is optimized with the Yoast SEO plugin v27.2 - https:\/\/yoast.com\/product\/yoast-seo-wordpress\/ -->\n<title>Guarde la fecha: Desfile de modas &quot;Golden Years&quot; inspirado en Audrey Hepburn | Casa de Campo Living<\/title>\n<meta name=\"description\" content=\"El 21 de julio, el centro de conferencias Flamboyan en Casa de Campo ser\u00e1 la sede de la Semana de la Moda de San Francisco de este a\u00f1o bajo el lema de\" \/>\n<meta name=\"robots\" content=\"index, follow, max-snippet:-1, max-image-preview:large, max-video-preview:-1\" \/>\n<link rel=\"canonical\" href=\"https:\/\/casadecampoliving.com\/es\/desfile-de-modas-golden-years-inspirado-en-audrey-hepburn\/\" \/>\n<meta property=\"og:locale\" content=\"es_ES\" \/>\n<meta property=\"og:type\" content=\"article\" \/>\n<meta property=\"og:title\" content=\"Guarde la fecha: Desfile de modas &quot;Golden Years&quot; inspirado en Audrey Hepburn | Casa de Campo Living\" \/>\n<meta property=\"og:description\" content=\"El 21 de julio, el centro de conferencias Flamboyan en Casa de Campo ser\u00e1 la sede de la Semana de la Moda de San Francisco de este a\u00f1o bajo el lema de\" \/>\n<meta property=\"og:url\" content=\"https:\/\/casadecampoliving.com\/es\/desfile-de-modas-golden-years-inspirado-en-audrey-hepburn\/\" \/>\n<meta property=\"og:site_name\" content=\"Casa de Campo Living\" \/>\n<meta property=\"article:publisher\" content=\"https:\/\/www.facebook.com\/casadecampoliving\" \/>\n<meta property=\"article:published_time\" content=\"2018-07-12T04:00:00+00:00\" \/>\n<meta property=\"article:modified_time\" content=\"2022-10-21T23:07:23+00:00\" \/>\n<meta property=\"og:image\" content=\"https:\/\/i0.wp.com\/casadecampoliving.com\/wp-content\/uploads\/2022\/10\/Ways-to-help.png?fit=300%2C200&ssl=1\" \/>\n\t<meta property=\"og:image:width\" content=\"300\" \/>\n\t<meta property=\"og:image:height\" content=\"200\" \/>\n\t<meta property=\"og:image:type\" content=\"image\/png\" \/>\n<meta name=\"author\" content=\"Casa de Campo Living\" \/>\n<meta name=\"twitter:card\" content=\"summary_large_image\" \/>\n<meta name=\"twitter:creator\" content=\"@cdcliving\" \/>\n<meta name=\"twitter:site\" content=\"@cdcliving\" \/>\n<meta name=\"twitter:label1\" content=\"Escrito por\" \/>\n\t<meta name=\"twitter:data1\" content=\"Casa de Campo Living\" \/>\n\t<meta name=\"twitter:label2\" content=\"Tiempo de lectura\" \/>\n\t<meta name=\"twitter:data2\" content=\"2 minutos\" \/>\n<script type=\"application\/ld+json\" class=\"yoast-schema-graph\">{\"@context\":\"https:\/\/schema.org\",\"@graph\":[{\"@type\":\"Article\",\"@id\":\"https:\/\/casadecampoliving.com\/es\/desfile-de-modas-golden-years-inspirado-en-audrey-hepburn\/#article\",\"isPartOf\":{\"@id\":\"https:\/\/casadecampoliving.com\/es\/desfile-de-modas-golden-years-inspirado-en-audrey-hepburn\/\"},\"author\":{\"name\":\"Casa de Campo Living\",\"@id\":\"https:\/\/casadecampoliving.com\/es\/#\/schema\/person\/5d2171637a9d11e0e43ce6b8555f9422\"},\"headline\":\"Guarde la fecha: Desfile de modas \u00abGolden Years\u00bb inspirado en Audrey Hepburn\",\"datePublished\":\"2018-07-12T04:00:00+00:00\",\"dateModified\":\"2022-10-21T23:07:23+00:00\",\"mainEntityOfPage\":{\"@id\":\"https:\/\/casadecampoliving.com\/es\/desfile-de-modas-golden-years-inspirado-en-audrey-hepburn\/\"},\"wordCount\":492,\"publisher\":{\"@id\":\"https:\/\/casadecampoliving.com\/es\/#organization\"},\"image\":{\"@id\":\"https:\/\/casadecampoliving.com\/es\/desfile-de-modas-golden-years-inspirado-en-audrey-hepburn\/#primaryimage\"},\"thumbnailUrl\":\"https:\/\/i0.wp.com\/casadecampoliving.com\/wp-content\/uploads\/2022\/10\/Ways-to-help.png?fit=300%2C200&ssl=1\",\"keywords\":[\"beneficio\",\"desfile de moda\",\"Fashion Show\",\"orfanato ni\u00f1os de cristo\",\"Proximamente\"],\"articleSection\":[\"Estilo de Vida\",\"Eventos\",\"Fundaciones\",\"Moda\",\"Orfanato Ni\u00f1os de Cristo @es\",\"Proximamente\",\"Rep\u00fablica Dominicana @es\"],\"inLanguage\":\"es\"},{\"@type\":\"WebPage\",\"@id\":\"https:\/\/casadecampoliving.com\/es\/desfile-de-modas-golden-years-inspirado-en-audrey-hepburn\/\",\"url\":\"https:\/\/casadecampoliving.com\/es\/desfile-de-modas-golden-years-inspirado-en-audrey-hepburn\/\",\"name\":\"Guarde la fecha: Desfile de modas \\\"Golden Years\\\" inspirado en Audrey Hepburn | Casa de Campo Living\",\"isPartOf\":{\"@id\":\"https:\/\/casadecampoliving.com\/es\/#website\"},\"primaryImageOfPage\":{\"@id\":\"https:\/\/casadecampoliving.com\/es\/desfile-de-modas-golden-years-inspirado-en-audrey-hepburn\/#primaryimage\"},\"image\":{\"@id\":\"https:\/\/casadecampoliving.com\/es\/desfile-de-modas-golden-years-inspirado-en-audrey-hepburn\/#primaryimage\"},\"thumbnailUrl\":\"https:\/\/i0.wp.com\/casadecampoliving.com\/wp-content\/uploads\/2022\/10\/Ways-to-help.png?fit=300%2C200&ssl=1\",\"datePublished\":\"2018-07-12T04:00:00+00:00\",\"dateModified\":\"2022-10-21T23:07:23+00:00\",\"description\":\"El 21 de julio, el centro de conferencias Flamboyan en Casa de Campo ser\u00e1 la sede de la Semana de la Moda de San Francisco de este a\u00f1o bajo el lema de\",\"breadcrumb\":{\"@id\":\"https:\/\/casadecampoliving.com\/es\/desfile-de-modas-golden-years-inspirado-en-audrey-hepburn\/#breadcrumb\"},\"inLanguage\":\"es\",\"potentialAction\":[{\"@type\":\"ReadAction\",\"target\":[\"https:\/\/casadecampoliving.com\/es\/desfile-de-modas-golden-years-inspirado-en-audrey-hepburn\/\"]}]},{\"@type\":\"ImageObject\",\"inLanguage\":\"es\",\"@id\":\"https:\/\/casadecampoliving.com\/es\/desfile-de-modas-golden-years-inspirado-en-audrey-hepburn\/#primaryimage\",\"url\":\"https:\/\/i0.wp.com\/casadecampoliving.com\/wp-content\/uploads\/2022\/10\/Ways-to-help.png?fit=300%2C200&ssl=1\",\"contentUrl\":\"https:\/\/i0.wp.com\/casadecampoliving.com\/wp-content\/uploads\/2022\/10\/Ways-to-help.png?fit=300%2C200&ssl=1\",\"width\":300,\"height\":200},{\"@type\":\"BreadcrumbList\",\"@id\":\"https:\/\/casadecampoliving.com\/es\/desfile-de-modas-golden-years-inspirado-en-audrey-hepburn\/#breadcrumb\",\"itemListElement\":[{\"@type\":\"ListItem\",\"position\":1,\"name\":\"Home\",\"item\":\"https:\/\/casadecampoliving.com\/es\/\"},{\"@type\":\"ListItem\",\"position\":2,\"name\":\"Guarde la fecha: Desfile de modas &#8220;Golden Years&#8221; inspirado en Audrey Hepburn\"}]},{\"@type\":\"WebSite\",\"@id\":\"https:\/\/casadecampoliving.com\/es\/#website\",\"url\":\"https:\/\/casadecampoliving.com\/es\/\",\"name\":\"Casa de Campo Living\",\"description\":\"Resort community news and resources.\",\"publisher\":{\"@id\":\"https:\/\/casadecampoliving.com\/es\/#organization\"},\"potentialAction\":[{\"@type\":\"SearchAction\",\"target\":{\"@type\":\"EntryPoint\",\"urlTemplate\":\"https:\/\/casadecampoliving.com\/es\/?s={search_term_string}\"},\"query-input\":{\"@type\":\"PropertyValueSpecification\",\"valueRequired\":true,\"valueName\":\"search_term_string\"}}],\"inLanguage\":\"es\"},{\"@type\":\"Organization\",\"@id\":\"https:\/\/casadecampoliving.com\/es\/#organization\",\"name\":\"Casa de Campo Living\",\"url\":\"https:\/\/casadecampoliving.com\/es\/\",\"logo\":{\"@type\":\"ImageObject\",\"inLanguage\":\"es\",\"@id\":\"https:\/\/casadecampoliving.com\/es\/#\/schema\/logo\/image\/\",\"url\":\"https:\/\/i0.wp.com\/casadecampoliving.com\/wp-content\/uploads\/2022\/07\/CDCLivingLogo_V1-white-sized.png?fit=800%2C214&ssl=1\",\"contentUrl\":\"https:\/\/i0.wp.com\/casadecampoliving.com\/wp-content\/uploads\/2022\/07\/CDCLivingLogo_V1-white-sized.png?fit=800%2C214&ssl=1\",\"width\":800,\"height\":214,\"caption\":\"Casa de Campo Living\"},\"image\":{\"@id\":\"https:\/\/casadecampoliving.com\/es\/#\/schema\/logo\/image\/\"},\"sameAs\":[\"https:\/\/www.facebook.com\/casadecampoliving\",\"https:\/\/x.com\/cdcliving\"]},{\"@type\":\"Person\",\"@id\":\"https:\/\/casadecampoliving.com\/es\/#\/schema\/person\/5d2171637a9d11e0e43ce6b8555f9422\",\"name\":\"Casa de Campo Living\",\"image\":{\"@type\":\"ImageObject\",\"inLanguage\":\"es\",\"@id\":\"https:\/\/secure.gravatar.com\/avatar\/d04101fa4a9fd431e939953b1500fdc7a73cd35029f86d98712fd8ccdaebaf9a?s=96&d=mm&r=g\",\"url\":\"https:\/\/secure.gravatar.com\/avatar\/d04101fa4a9fd431e939953b1500fdc7a73cd35029f86d98712fd8ccdaebaf9a?s=96&d=mm&r=g\",\"contentUrl\":\"https:\/\/secure.gravatar.com\/avatar\/d04101fa4a9fd431e939953b1500fdc7a73cd35029f86d98712fd8ccdaebaf9a?s=96&d=mm&r=g\",\"caption\":\"Casa de Campo Living\"},\"url\":\"https:\/\/casadecampoliving.com\/es\/author\/casa-de-campo-living\/\"}]}<\/script>\n<!-- \/ Yoast SEO plugin. -->","yoast_head_json":{"title":"Guarde la fecha: Desfile de modas \"Golden Years\" inspirado en Audrey Hepburn | Casa de Campo Living","description":"El 21 de julio, el centro de conferencias Flamboyan en Casa de Campo ser\u00e1 la sede de la Semana de la Moda de San Francisco de este a\u00f1o bajo el lema de","robots":{"index":"index","follow":"follow","max-snippet":"max-snippet:-1","max-image-preview":"max-image-preview:large","max-video-preview":"max-video-preview:-1"},"canonical":"https:\/\/casadecampoliving.com\/es\/desfile-de-modas-golden-years-inspirado-en-audrey-hepburn\/","og_locale":"es_ES","og_type":"article","og_title":"Guarde la fecha: Desfile de modas \"Golden Years\" inspirado en Audrey Hepburn | Casa de Campo Living","og_description":"El 21 de julio, el centro de conferencias Flamboyan en Casa de Campo ser\u00e1 la sede de la Semana de la Moda de San Francisco de este a\u00f1o bajo el lema de","og_url":"https:\/\/casadecampoliving.com\/es\/desfile-de-modas-golden-years-inspirado-en-audrey-hepburn\/","og_site_name":"Casa de Campo Living","article_publisher":"https:\/\/www.facebook.com\/casadecampoliving","article_published_time":"2018-07-12T04:00:00+00:00","article_modified_time":"2022-10-21T23:07:23+00:00","og_image":[{"width":300,"height":200,"url":"https:\/\/i0.wp.com\/casadecampoliving.com\/wp-content\/uploads\/2022\/10\/Ways-to-help.png?fit=300%2C200&ssl=1","type":"image\/png"}],"author":"Casa de Campo Living","twitter_card":"summary_large_image","twitter_creator":"@cdcliving","twitter_site":"@cdcliving","twitter_misc":{"Escrito por":"Casa de Campo Living","Tiempo de lectura":"2 minutos"},"schema":{"@context":"https:\/\/schema.org","@graph":[{"@type":"Article","@id":"https:\/\/casadecampoliving.com\/es\/desfile-de-modas-golden-years-inspirado-en-audrey-hepburn\/#article","isPartOf":{"@id":"https:\/\/casadecampoliving.com\/es\/desfile-de-modas-golden-years-inspirado-en-audrey-hepburn\/"},"author":{"name":"Casa de Campo Living","@id":"https:\/\/casadecampoliving.com\/es\/#\/schema\/person\/5d2171637a9d11e0e43ce6b8555f9422"},"headline":"Guarde la fecha: Desfile de modas \u00abGolden Years\u00bb inspirado en Audrey Hepburn","datePublished":"2018-07-12T04:00:00+00:00","dateModified":"2022-10-21T23:07:23+00:00","mainEntityOfPage":{"@id":"https:\/\/casadecampoliving.com\/es\/desfile-de-modas-golden-years-inspirado-en-audrey-hepburn\/"},"wordCount":492,"publisher":{"@id":"https:\/\/casadecampoliving.com\/es\/#organization"},"image":{"@id":"https:\/\/casadecampoliving.com\/es\/desfile-de-modas-golden-years-inspirado-en-audrey-hepburn\/#primaryimage"},"thumbnailUrl":"https:\/\/i0.wp.com\/casadecampoliving.com\/wp-content\/uploads\/2022\/10\/Ways-to-help.png?fit=300%2C200&ssl=1","keywords":["beneficio","desfile de moda","Fashion Show","orfanato ni\u00f1os de cristo","Proximamente"],"articleSection":["Estilo de Vida","Eventos","Fundaciones","Moda","Orfanato Ni\u00f1os de Cristo @es","Proximamente","Rep\u00fablica Dominicana @es"],"inLanguage":"es"},{"@type":"WebPage","@id":"https:\/\/casadecampoliving.com\/es\/desfile-de-modas-golden-years-inspirado-en-audrey-hepburn\/","url":"https:\/\/casadecampoliving.com\/es\/desfile-de-modas-golden-years-inspirado-en-audrey-hepburn\/","name":"Guarde la fecha: Desfile de modas \"Golden Years\" inspirado en Audrey Hepburn | Casa de Campo Living","isPartOf":{"@id":"https:\/\/casadecampoliving.com\/es\/#website"},"primaryImageOfPage":{"@id":"https:\/\/casadecampoliving.com\/es\/desfile-de-modas-golden-years-inspirado-en-audrey-hepburn\/#primaryimage"},"image":{"@id":"https:\/\/casadecampoliving.com\/es\/desfile-de-modas-golden-years-inspirado-en-audrey-hepburn\/#primaryimage"},"thumbnailUrl":"https:\/\/i0.wp.com\/casadecampoliving.com\/wp-content\/uploads\/2022\/10\/Ways-to-help.png?fit=300%2C200&ssl=1","datePublished":"2018-07-12T04:00:00+00:00","dateModified":"2022-10-21T23:07:23+00:00","description":"El 21 de julio, el centro de conferencias Flamboyan en Casa de Campo ser\u00e1 la sede de la Semana de la Moda de San Francisco de este a\u00f1o bajo el lema de","breadcrumb":{"@id":"https:\/\/casadecampoliving.com\/es\/desfile-de-modas-golden-years-inspirado-en-audrey-hepburn\/#breadcrumb"},"inLanguage":"es","potentialAction":[{"@type":"ReadAction","target":["https:\/\/casadecampoliving.com\/es\/desfile-de-modas-golden-years-inspirado-en-audrey-hepburn\/"]}]},{"@type":"ImageObject","inLanguage":"es","@id":"https:\/\/casadecampoliving.com\/es\/desfile-de-modas-golden-years-inspirado-en-audrey-hepburn\/#primaryimage","url":"https:\/\/i0.wp.com\/casadecampoliving.com\/wp-content\/uploads\/2022\/10\/Ways-to-help.png?fit=300%2C200&ssl=1","contentUrl":"https:\/\/i0.wp.com\/casadecampoliving.com\/wp-content\/uploads\/2022\/10\/Ways-to-help.png?fit=300%2C200&ssl=1","width":300,"height":200},{"@type":"BreadcrumbList","@id":"https:\/\/casadecampoliving.com\/es\/desfile-de-modas-golden-years-inspirado-en-audrey-hepburn\/#breadcrumb","itemListElement":[{"@type":"ListItem","position":1,"name":"Home","item":"https:\/\/casadecampoliving.com\/es\/"},{"@type":"ListItem","position":2,"name":"Guarde la fecha: Desfile de modas &#8220;Golden Years&#8221; inspirado en Audrey Hepburn"}]},{"@type":"WebSite","@id":"https:\/\/casadecampoliving.com\/es\/#website","url":"https:\/\/casadecampoliving.com\/es\/","name":"Casa de Campo Living","description":"Resort community news and resources.","publisher":{"@id":"https:\/\/casadecampoliving.com\/es\/#organization"},"potentialAction":[{"@type":"SearchAction","target":{"@type":"EntryPoint","urlTemplate":"https:\/\/casadecampoliving.com\/es\/?s={search_term_string}"},"query-input":{"@type":"PropertyValueSpecification","valueRequired":true,"valueName":"search_term_string"}}],"inLanguage":"es"},{"@type":"Organization","@id":"https:\/\/casadecampoliving.com\/es\/#organization","name":"Casa de Campo Living","url":"https:\/\/casadecampoliving.com\/es\/","logo":{"@type":"ImageObject","inLanguage":"es","@id":"https:\/\/casadecampoliving.com\/es\/#\/schema\/logo\/image\/","url":"https:\/\/i0.wp.com\/casadecampoliving.com\/wp-content\/uploads\/2022\/07\/CDCLivingLogo_V1-white-sized.png?fit=800%2C214&ssl=1","contentUrl":"https:\/\/i0.wp.com\/casadecampoliving.com\/wp-content\/uploads\/2022\/07\/CDCLivingLogo_V1-white-sized.png?fit=800%2C214&ssl=1","width":800,"height":214,"caption":"Casa de Campo Living"},"image":{"@id":"https:\/\/casadecampoliving.com\/es\/#\/schema\/logo\/image\/"},"sameAs":["https:\/\/www.facebook.com\/casadecampoliving","https:\/\/x.com\/cdcliving"]},{"@type":"Person","@id":"https:\/\/casadecampoliving.com\/es\/#\/schema\/person\/5d2171637a9d11e0e43ce6b8555f9422","name":"Casa de Campo Living","image":{"@type":"ImageObject","inLanguage":"es","@id":"https:\/\/secure.gravatar.com\/avatar\/d04101fa4a9fd431e939953b1500fdc7a73cd35029f86d98712fd8ccdaebaf9a?s=96&d=mm&r=g","url":"https:\/\/secure.gravatar.com\/avatar\/d04101fa4a9fd431e939953b1500fdc7a73cd35029f86d98712fd8ccdaebaf9a?s=96&d=mm&r=g","contentUrl":"https:\/\/secure.gravatar.com\/avatar\/d04101fa4a9fd431e939953b1500fdc7a73cd35029f86d98712fd8ccdaebaf9a?s=96&d=mm&r=g","caption":"Casa de Campo Living"},"url":"https:\/\/casadecampoliving.com\/es\/author\/casa-de-campo-living\/"}]}},"parsely":{"version":"1.1.0","canonical_url":"https:\/\/casadecampoliving.com\/es\/desfile-de-modas-golden-years-inspirado-en-audrey-hepburn\/","smart_links":{"inbound":0,"outbound":0},"traffic_boost_suggestions_count":0,"meta":{"@context":"https:\/\/schema.org","@type":"NewsArticle","headline":"Guarde la fecha: Desfile de modas \u00abGolden Years\u00bb inspirado en Audrey Hepburn","url":"http:\/\/casadecampoliving.com\/es\/desfile-de-modas-golden-years-inspirado-en-audrey-hepburn\/","mainEntityOfPage":{"@type":"WebPage","@id":"http:\/\/casadecampoliving.com\/es\/desfile-de-modas-golden-years-inspirado-en-audrey-hepburn\/"},"thumbnailUrl":"https:\/\/i0.wp.com\/casadecampoliving.com\/wp-content\/uploads\/2022\/10\/Ways-to-help.png?resize=150%2C150&ssl=1","image":{"@type":"ImageObject","url":"https:\/\/i0.wp.com\/casadecampoliving.com\/wp-content\/uploads\/2022\/10\/Ways-to-help.png?fit=300%2C200&ssl=1"},"articleSection":"Estilo de Vida","author":[{"@type":"Person","name":"Casa de Campo Living"}],"creator":["Casa de Campo Living"],"publisher":{"@type":"Organization","name":"Casa de Campo Living","logo":"https:\/\/casadecampoliving.com\/wp-content\/uploads\/2022\/07\/CDCLivingLogo_V1-white-sized.png"},"keywords":["beneficio","desfile de moda","fashion show","orfanato ni\u00f1os de cristo","proximamente"],"dateCreated":"2018-07-12T04:00:00Z","datePublished":"2018-07-12T04:00:00Z","dateModified":"2022-10-21T23:07:23Z"},"rendered":"<script type=\"application\/ld+json\" class=\"wp-parsely-metadata\">{\"@context\":\"https:\\\/\\\/schema.org\",\"@type\":\"NewsArticle\",\"headline\":\"Guarde la fecha: Desfile de modas \\u00abGolden Years\\u00bb inspirado en Audrey Hepburn\",\"url\":\"http:\\\/\\\/casadecampoliving.com\\\/es\\\/desfile-de-modas-golden-years-inspirado-en-audrey-hepburn\\\/\",\"mainEntityOfPage\":{\"@type\":\"WebPage\",\"@id\":\"http:\\\/\\\/casadecampoliving.com\\\/es\\\/desfile-de-modas-golden-years-inspirado-en-audrey-hepburn\\\/\"},\"thumbnailUrl\":\"https:\\\/\\\/i0.wp.com\\\/casadecampoliving.com\\\/wp-content\\\/uploads\\\/2022\\\/10\\\/Ways-to-help.png?resize=150%2C150&ssl=1\",\"image\":{\"@type\":\"ImageObject\",\"url\":\"https:\\\/\\\/i0.wp.com\\\/casadecampoliving.com\\\/wp-content\\\/uploads\\\/2022\\\/10\\\/Ways-to-help.png?fit=300%2C200&ssl=1\"},\"articleSection\":\"Estilo de Vida\",\"author\":[{\"@type\":\"Person\",\"name\":\"Casa de Campo Living\"}],\"creator\":[\"Casa de Campo Living\"],\"publisher\":{\"@type\":\"Organization\",\"name\":\"Casa de Campo Living\",\"logo\":\"https:\\\/\\\/casadecampoliving.com\\\/wp-content\\\/uploads\\\/2022\\\/07\\\/CDCLivingLogo_V1-white-sized.png\"},\"keywords\":[\"beneficio\",\"desfile de moda\",\"fashion show\",\"orfanato ni\\u00f1os de cristo\",\"proximamente\"],\"dateCreated\":\"2018-07-12T04:00:00Z\",\"datePublished\":\"2018-07-12T04:00:00Z\",\"dateModified\":\"2022-10-21T23:07:23Z\"}<\/script>","tracker_url":"https:\/\/cdn.parsely.com\/keys\/casadecampoliving.com\/p.js"},"jetpack_publicize_connections":[],"jetpack_featured_media_url":"https:\/\/i0.wp.com\/casadecampoliving.com\/wp-content\/uploads\/2022\/10\/Ways-to-help.png?fit=300%2C200&ssl=1","jetpack-related-posts":[{"id":340136,"url":"https:\/\/casadecampoliving.com\/es\/marina-casa-de-campo-fashion-show-a-beneficio-del-orfanato-ninos-de-cristo-el-28-de-noviembre\/","url_meta":{"origin":352769,"position":0},"title":"Marina Casa de Campo Fashion Show, a beneficio del Orfanato Ni\u00f1os de Cristo &#8211; el 28 de noviembre!","author":"","date":"20 Nov, 2012","format":false,"excerpt":"El pr\u00f3ximo mi\u00e9rcoles 28 de noviembre de 2012, la Marina Casa de Campo y la C\u00e1mara de Comercio Dominico-Holandesa, les invita a un desfile de modas en el Victory Club a beneficio del Orfanato Ni\u00f1os y Ni\u00f1as de Cristo, ubicado en La Romana. Con la participaci\u00f3n de numerosas tiendas de\u2026","rel":"","context":"En \u00abArte y cultura\u00bb","block_context":{"text":"Arte y cultura","link":"https:\/\/casadecampoliving.com\/category\/arte-y-cultura\/"},"img":{"alt_text":"marina casa de campo fashion show","src":"https:\/\/i0.wp.com\/casadecampoliving.com\/wp-content\/uploads\/2022\/10\/marina_casa-de_campo_fashion_show-1.jpg?fit=650%2C535&ssl=1&resize=350%2C200","width":350,"height":200,"srcset":"https:\/\/i0.wp.com\/casadecampoliving.com\/wp-content\/uploads\/2022\/10\/marina_casa-de_campo_fashion_show-1.jpg?fit=650%2C535&ssl=1&resize=350%2C200 1x, https:\/\/i0.wp.com\/casadecampoliving.com\/wp-content\/uploads\/2022\/10\/marina_casa-de_campo_fashion_show-1.jpg?fit=650%2C535&ssl=1&resize=525%2C300 1.5x"},"classes":[]},{"id":340200,"url":"https:\/\/casadecampoliving.com\/es\/noche-de-moda-en-la-marina-a-beneficio-del-orfanato-ninos-de-cristo\/","url_meta":{"origin":352769,"position":1},"title":"Noche de moda en la Marina a beneficio del Orfanato Ni\u00f1os de Cristo!","author":"Rebecca Silvestri","date":"2 Dic, 2012","format":false,"excerpt":"\u00a0Una noche llena de moda, luces brillantes, modelos, yates y de ayudar al pr\u00f3jimo se dio lugar este pasado mi\u00e9rcoles, 29 de noviembre de 2012 en la hermosa plaza fuera del club Joy (anteriormente conocido como Victory Club). La Marina de Casa de Campo y el Dutch Dominican Chamber of\u2026","rel":"","context":"En \u00abEventos\u00bb","block_context":{"text":"Eventos","link":"https:\/\/casadecampoliving.com\/es\/category\/eventos-es\/"},"img":{"alt_text":"fashion show","src":"https:\/\/i0.wp.com\/casadecampoliving.com\/wp-content\/uploads\/2022\/10\/fashion_show-3.jpg?fit=650%2C400&ssl=1&resize=350%2C200","width":350,"height":200,"srcset":"https:\/\/i0.wp.com\/casadecampoliving.com\/wp-content\/uploads\/2022\/10\/fashion_show-3.jpg?fit=650%2C400&ssl=1&resize=350%2C200 1x, https:\/\/i0.wp.com\/casadecampoliving.com\/wp-content\/uploads\/2022\/10\/fashion_show-3.jpg?fit=650%2C400&ssl=1&resize=525%2C300 1.5x"},"classes":[]},{"id":343325,"url":"https:\/\/casadecampoliving.com\/es\/desfile-marina-casa-de-campo\/","url_meta":{"origin":352769,"position":2},"title":"Moda, diversion, filantrop\u00eda en el Marina Fashion Show","author":"Genesis Perdomo","date":"21 Nov, 2013","format":false,"excerpt":"El Marina Fashion Show el pasado viernes 15 de noviembre en La Marina Casa de Campo, espec\u00edficamente en Plaza Victory, fue la combinaci\u00f3n perfecta de moda, diversion y filantrop\u00eda. Ahora en su segundo a\u00f1o, el desfile de modas recaud\u00f3 fondos para el Orfanato Ni\u00f1os y Ni\u00f1as de Cristo de La\u2026","rel":"","context":"En \u00abArte y cultura\u00bb","block_context":{"text":"Arte y cultura","link":"https:\/\/casadecampoliving.com\/category\/arte-y-cultura\/"},"img":{"alt_text":"Marina Casa de Campo fashion show","src":"https:\/\/i0.wp.com\/casadecampoliving.com\/wp-content\/uploads\/2022\/10\/marina_casa_de_campo_fashion_show-1.jpg?fit=650%2C451&ssl=1&resize=350%2C200","width":350,"height":200,"srcset":"https:\/\/i0.wp.com\/casadecampoliving.com\/wp-content\/uploads\/2022\/10\/marina_casa_de_campo_fashion_show-1.jpg?fit=650%2C451&ssl=1&resize=350%2C200 1x, https:\/\/i0.wp.com\/casadecampoliving.com\/wp-content\/uploads\/2022\/10\/marina_casa_de_campo_fashion_show-1.jpg?fit=650%2C451&ssl=1&resize=525%2C300 1.5x"},"classes":[]},{"id":343183,"url":"https:\/\/casadecampoliving.com\/es\/fashion-show-beneficio-del-orfanato-ninos-de-cristo\/","url_meta":{"origin":352769,"position":3},"title":"Fashion Show a beneficio del Orfanato Ni\u00f1os de Cristo","author":"Lenny Castillo","date":"31 Oct, 2013","format":false,"excerpt":"Hacemos un llamado a los amantes de la moda; el Fashion Show de La Marina Casa de Campo, est\u00e1 de vuelta por segundo a\u00f1o. \u201cMarina fashion show\u00a0\u2013\u00a0Elegancia,\u00a0mar\u00a0y\u00a0moda\u201d ser\u00e1 celebrado el viernes 15 de noviembre a beneficio del\u00a0Orfanato Ni\u00f1os de Cristo. Con la participaci\u00f3n de numerosas tiendas de atuendos, joyas y\u2026","rel":"","context":"En \u00abDestacados\u00bb","block_context":{"text":"Destacados","link":"https:\/\/casadecampoliving.com\/es\/category\/destacados\/"},"img":{"alt_text":"Fashion Show Jenny Polanco","src":"https:\/\/i0.wp.com\/casadecampoliving.com\/wp-content\/uploads\/2022\/10\/fashion_show_jenny_polanco.jpg?fit=650%2C488&ssl=1&resize=350%2C200","width":350,"height":200,"srcset":"https:\/\/i0.wp.com\/casadecampoliving.com\/wp-content\/uploads\/2022\/10\/fashion_show_jenny_polanco.jpg?fit=650%2C488&ssl=1&resize=350%2C200 1x, https:\/\/i0.wp.com\/casadecampoliving.com\/wp-content\/uploads\/2022\/10\/fashion_show_jenny_polanco.jpg?fit=650%2C488&ssl=1&resize=525%2C300 1.5x"},"classes":[]},{"id":336937,"url":"https:\/\/casadecampoliving.com\/es\/trae-su-mascota-al-orfanato-por-un-dia\/","url_meta":{"origin":352769,"position":4},"title":"Trae su mascota al Orfanato por un d\u00eda!","author":"Rebecca Silvestri","date":"2 Ago, 2011","format":false,"excerpt":"UPDATE: Este evento ahora tendr\u00e1 lugar durante 2 d\u00edas 0 el viernes y el s\u00e1bado 12 y 13 de agosto! Los Ni\u00f1os del Orfanato Ni\u00f1os de Cristo quieren invitarles a compartir en un d\u00eda especial con juegos y mascotas en su orfanato en La Romana. To read this article in\u2026","rel":"","context":"En \u00abFundaciones\u00bb","block_context":{"text":"Fundaciones","link":"https:\/\/casadecampoliving.com\/es\/category\/fundaciones-es\/"},"img":{"alt_text":"","src":"https:\/\/i0.wp.com\/casadecampoliving.com\/wp-content\/uploads\/2022\/10\/casa_de_campo_la_romana_pets_orphanage_orfanato1-3.jpg?fit=540%2C462&ssl=1&resize=350%2C200","width":350,"height":200,"srcset":"https:\/\/i0.wp.com\/casadecampoliving.com\/wp-content\/uploads\/2022\/10\/casa_de_campo_la_romana_pets_orphanage_orfanato1-3.jpg?fit=540%2C462&ssl=1&resize=350%2C200 1x, https:\/\/i0.wp.com\/casadecampoliving.com\/wp-content\/uploads\/2022\/10\/casa_de_campo_la_romana_pets_orphanage_orfanato1-3.jpg?fit=540%2C462&ssl=1&resize=525%2C300 1.5x"},"classes":[]},{"id":348495,"url":"https:\/\/casadecampoliving.com\/es\/diversion-juegos-orfanato-ninos-de-cristo\/","url_meta":{"origin":352769,"position":5},"title":"\u00danasenos para un d\u00eda de diversi\u00f3n y juegos en el Orfanato Ni\u00f1os de Cristo","author":"Carla Campos","date":"28 Oct, 2015","format":false,"excerpt":"Los ni\u00f1os\u00a0del Orfanato Ni\u00f1os de Cristo se pasan la semana entera ocupados estudiando, pero, como todo\u00a0ni\u00f1o, tienen que divertirse\u00a0un poco los fines de semana. Es por eso que el domingo 1ro de noviembre, despu\u00e9s de que\u00a0las fiestas del fin de semana Due\u00f1os hayan terminado, \u00a1la comunidad de Casa de Campo\u2026","rel":"","context":"En \u00abCasa de Campo Living @es\u00bb","block_context":{"text":"Casa de Campo Living @es","link":"https:\/\/casadecampoliving.com\/category\/casa-de-campo-living-es\/"},"img":{"alt_text":"Burbujas","src":"https:\/\/i0.wp.com\/casadecampoliving.com\/wp-content\/uploads\/2022\/10\/Burbujas-1.jpg?fit=650%2C400&ssl=1&resize=350%2C200","width":350,"height":200,"srcset":"https:\/\/i0.wp.com\/casadecampoliving.com\/wp-content\/uploads\/2022\/10\/Burbujas-1.jpg?fit=650%2C400&ssl=1&resize=350%2C200 1x, https:\/\/i0.wp.com\/casadecampoliving.com\/wp-content\/uploads\/2022\/10\/Burbujas-1.jpg?fit=650%2C400&ssl=1&resize=525%2C300 1.5x"},"classes":[]}],"jetpack_sharing_enabled":true,"_links":{"self":[{"href":"https:\/\/casadecampoliving.com\/es\/wp-json\/wp\/v2\/posts\/352769","targetHints":{"allow":["GET"]}}],"collection":[{"href":"https:\/\/casadecampoliving.com\/es\/wp-json\/wp\/v2\/posts"}],"about":[{"href":"https:\/\/casadecampoliving.com\/es\/wp-json\/wp\/v2\/types\/post"}],"author":[{"embeddable":true,"href":"https:\/\/casadecampoliving.com\/es\/wp-json\/wp\/v2\/users\/36791"}],"replies":[{"embeddable":true,"href":"https:\/\/casadecampoliving.com\/es\/wp-json\/wp\/v2\/comments?post=352769"}],"version-history":[{"count":1,"href":"https:\/\/casadecampoliving.com\/es\/wp-json\/wp\/v2\/posts\/352769\/revisions"}],"predecessor-version":[{"id":352770,"href":"https:\/\/casadecampoliving.com\/es\/wp-json\/wp\/v2\/posts\/352769\/revisions\/352770"}],"wp:featuredmedia":[{"embeddable":true,"href":"https:\/\/casadecampoliving.com\/es\/wp-json\/wp\/v2\/media\/286377"}],"wp:attachment":[{"href":"https:\/\/casadecampoliving.com\/es\/wp-json\/wp\/v2\/media?parent=352769"}],"wp:term":[{"taxonomy":"category","embeddable":true,"href":"https:\/\/casadecampoliving.com\/es\/wp-json\/wp\/v2\/categories?post=352769"},{"taxonomy":"post_tag","embeddable":true,"href":"https:\/\/casadecampoliving.com\/es\/wp-json\/wp\/v2\/tags?post=352769"},{"taxonomy":"newspack_spnsrs_tax","embeddable":true,"href":"https:\/\/casadecampoliving.com\/es\/wp-json\/wp\/v2\/newspack_spnsrs_tax?post=352769"}],"curies":[{"name":"wp","href":"https:\/\/api.w.org\/{rel}","templated":true}]}}