{"id":352735,"date":"2018-06-25T00:00:00","date_gmt":"2018-06-25T04:00:00","guid":{"rendered":"https:\/\/casadecampoliving.com\/cocteles-con-amigos-por-una-buena-causa-para-el-cafe-de-la-leche-de-este-mes\/"},"modified":"2022-11-10T10:02:21","modified_gmt":"2022-11-10T14:02:21","slug":"cocteles-con-amigos-por-una-buena-causa-para-el-cafe-de-la-leche-de-este-mes","status":"publish","type":"post","link":"https:\/\/casadecampoliving.com\/es\/cocteles-con-amigos-por-una-buena-causa-para-el-cafe-de-la-leche-de-este-mes\/","title":{"rendered":"\u00a1C\u00f3cteles con amigos por una buena causa para el Caf\u00e9 de la Leche de este mes!"},"content":{"rendered":"<p>\u00a1El pasado jueves 21 de junio disfrutamos de un gran Caf\u00e9 de la Leche! La reuni\u00f3n de este mes fue organizada por Barlovento 8, donde invitaron a las damas y sus parejas a pasar una excelente tarde. Cada Caf\u00e9 de la Leche es \u00fanico y diferente, adem\u00e1s de que apoya una causa muy hermosa &#8211; &nbsp;ayudar a alimentar a los m\u00e1s de 200 beb\u00e9s en la Sala Cuna del Hogar del Ni\u00f1o.<br \/>\n<!--more--><\/p>\n<p><img data-recalc-dims=\"1\" loading=\"lazy\" decoding=\"async\" class=\"aligncenter size-full wp-image-160477\" src=\"https:\/\/i0.wp.com\/casadecampoliving-wp.s3-accelerate.amazonaws.com\/2018\/06\/IMG_9642.jpg?resize=1000%2C561&#038;ssl=1\" alt=\"\" width=\"1000\" height=\"561\" srcset=\"https:\/\/i0.wp.com\/casadecampoliving.com\/wp-content\/uploads\/2018\/06\/IMG_9642.jpg?w=1000&amp;ssl=1 1000w, https:\/\/i0.wp.com\/casadecampoliving.com\/wp-content\/uploads\/2018\/06\/IMG_9642.jpg?resize=300%2C168&amp;ssl=1 300w, https:\/\/i0.wp.com\/casadecampoliving.com\/wp-content\/uploads\/2018\/06\/IMG_9642.jpg?resize=768%2C431&amp;ssl=1 768w, https:\/\/i0.wp.com\/casadecampoliving-wp.s3-accelerate.amazonaws.com\/2018\/06\/IMG_9642.jpg?w=370&amp;ssl=1 370w, https:\/\/i0.wp.com\/casadecampoliving-wp.s3-accelerate.amazonaws.com\/2018\/06\/IMG_9642.jpg?w=400&amp;ssl=1 400w\" sizes=\"auto, (max-width: 1000px) 100vw, 1000px\" \/><\/p>\n<p>Al entrar en Barlovento 8 se sinti\u00f3 inmediatamente un ambiente comodo y relajado que aseguraba una noche divertida entre amigos. Los anfitriones Marc Tiernay y Jos\u00e9 Calzada dieron la bienvenida a todos y los invitaban a probar cualquiera de los deliciosos c\u00f3cteles de su men\u00fa. Estos fueron preparadas por el mix\u00f3logo mexicano Humberto Cant\u00fa y su equipo, quienes nos explicaron que cada una de las bebidas exclusivas se dise\u00f1\u00f3 para lograr que uno salga de la rutina y disfrute de algo nuevo y diferente, con una variedad de colores y sabores.<\/p>\n<p><img data-recalc-dims=\"1\" loading=\"lazy\" decoding=\"async\" class=\"aligncenter size-full wp-image-160475\" src=\"https:\/\/i0.wp.com\/casadecampoliving-wp.s3-accelerate.amazonaws.com\/2018\/06\/IMG_9619.jpg?resize=1000%2C667&#038;ssl=1\" alt=\"\" width=\"1000\" height=\"667\" srcset=\"https:\/\/i0.wp.com\/casadecampoliving.com\/wp-content\/uploads\/2018\/06\/IMG_9619.jpg?w=1000&amp;ssl=1 1000w, https:\/\/i0.wp.com\/casadecampoliving.com\/wp-content\/uploads\/2018\/06\/IMG_9619.jpg?resize=300%2C200&amp;ssl=1 300w, https:\/\/i0.wp.com\/casadecampoliving.com\/wp-content\/uploads\/2018\/06\/IMG_9619.jpg?resize=768%2C512&amp;ssl=1 768w, https:\/\/i0.wp.com\/casadecampoliving-wp.s3-accelerate.amazonaws.com\/2018\/06\/IMG_9619.jpg?w=370&amp;ssl=1 370w, https:\/\/i0.wp.com\/casadecampoliving-wp.s3-accelerate.amazonaws.com\/2018\/06\/IMG_9619.jpg?w=400&amp;ssl=1 400w\" sizes=\"auto, (max-width: 1000px) 100vw, 1000px\" \/><\/p>\n<p>Los invitados disfrutaron de deliciosos entremeses y algunos c\u00f3cteles muy creativos. Algunas de las bebidas que probaron fueron el \u00abBeetroot Sapphire\u00bb hecho con Bombay Sapphire, Lim\u00f3n, Syrup de remolacha y romero; el \u00abMono blanco\u00bb hecho con Grey Goose, Syrup de batata &amp; Lim\u00f3n, el \u00abSpicy Lychee\u00bb hecho con Bombay Sapphire, Lychee, Lim\u00f3n, azucar l\u00edquida y &nbsp;pimienta negra, y el \u00abSpicy Corn\u00bb hecho con Tequila Cazadores Reposado, &nbsp;Syrup de maiz dulce, Lim\u00f3n, Sriracha, ma\u00edz tostado y peperoncino. El men\u00fa de c\u00f3cteles de Barlovento 8 es variado y estamos seguros de que les encantar\u00e1. Si a\u00fan no los ha visitado, aproveche su especial diario de dos por uno de 6 p. a las 9 pm.<\/p>\n<p><img data-recalc-dims=\"1\" loading=\"lazy\" decoding=\"async\" class=\"aligncenter size-full wp-image-160474\" src=\"https:\/\/i0.wp.com\/casadecampoliving-wp.s3-accelerate.amazonaws.com\/2018\/06\/IMG_9603.jpg?resize=1000%2C667&#038;ssl=1\" alt=\"\" width=\"1000\" height=\"667\" srcset=\"https:\/\/i0.wp.com\/casadecampoliving.com\/wp-content\/uploads\/2018\/06\/IMG_9603.jpg?w=1000&amp;ssl=1 1000w, https:\/\/i0.wp.com\/casadecampoliving.com\/wp-content\/uploads\/2018\/06\/IMG_9603.jpg?resize=300%2C200&amp;ssl=1 300w, https:\/\/i0.wp.com\/casadecampoliving.com\/wp-content\/uploads\/2018\/06\/IMG_9603.jpg?resize=768%2C512&amp;ssl=1 768w, https:\/\/i0.wp.com\/casadecampoliving-wp.s3-accelerate.amazonaws.com\/2018\/06\/IMG_9603.jpg?w=370&amp;ssl=1 370w, https:\/\/i0.wp.com\/casadecampoliving-wp.s3-accelerate.amazonaws.com\/2018\/06\/IMG_9603.jpg?w=400&amp;ssl=1 400w\" sizes=\"auto, (max-width: 1000px) 100vw, 1000px\" \/><\/p>\n<p>Los eventos de Caf\u00e9 de la Leche aportan el 80% de la f\u00f3rmula y la leche necesaria para alimentar a los beb\u00e9s de la sala cuna del Hogar del Ni\u00f1o, los alentamos a que est\u00e9n atentos al anuncio del pr\u00f3ximo evento \u00a1y disfrute de una velada con amigos mientras apoya una maravillosa caridad! \u00a1Gracias Barlovento 8 y Patronato Ben\u00e9fico Oriental por organizar otro maravilloso evento!<\/p>\n<p>Las siguientes im\u00e1genes fueron tomadas por Dariana Soriano, durante el sexto Caf\u00e9 de la Leche del a\u00f1o el jueves 21 de junio en Barlovento 8 en La Marina:<\/p>\n<p>[nggallery id=3117]<\/p>\n<blockquote><p><strong><a href=\"https:\/\/casadecampoliving.com\/hogardelnino\/\">Hogar del Ni\u00f1o<\/a><\/strong><\/p>\n<p><img data-recalc-dims=\"1\" loading=\"lazy\" decoding=\"async\" class=\"alignright\" title=\"hogar_del_nino\" src=\"https:\/\/i0.wp.com\/casadecampoliving.com\/wp-content\/uploads\/2022\/10\/hogar_del_nino-28.jpg?resize=200%2C105&#038;ssl=1\" alt=\"hogar del nino \" width=\"200\" height=\"105\"><\/p>\n<p>El Hogar del Ni\u00f1o es un centro educacional y de cuidado para m\u00e1s de 1,500 ni\u00f1os, ubicado en el pueblo de La Romana, justo a las afueras de Casa de Campo. Ni\u00f1os que van desde los pocas semanas de nacidos hasta los 18 a\u00f1os de edad, son cuidados y educados a diario desde las 5:30am las 7pm.<\/p>\n<p>La organizaci\u00f3n tambi\u00e9n provee educaci\u00f3n especial para ni\u00f1os especiales que padecen de ceguera o con limitaciones auditivas, al igual que una escuela vocacional en la que m\u00e1s de 235 estudiantes reciben educaci\u00f3n en las distintas \u00e1reas como: costura, preparaci\u00f3n industrial, mantenimiento e instalaci\u00f3n el\u00e9ctrica; manejo de programas de c\u00f3mputos.<\/p>\n<p><strong>Comun\u00edquese con el Hogar del Ni\u00f1o al:<br \/>\nTel:&nbsp;<\/strong>(809) 523-8901<strong>&nbsp;<\/strong>o al (809) 556-3181<strong><br \/>\nEmail:&nbsp;<\/strong><a href=\"mailto:info@pbo.org.do\" target=\"_blank\" rel=\"noopener\">info@pbo.org.do<\/a><strong><br \/>\nSitio Web:&nbsp;<\/strong><a href=\"http:\/\/pbo.org.do\/site\/es\/\" target=\"_blank\" rel=\"noopener\">pbo.org.do<\/a><\/p><\/blockquote>\n","protected":false},"excerpt":{"rendered":"<p>\u00a1El pasado jueves 21 de junio disfrutamos de un gran Caf\u00e9 de la Leche! La reuni\u00f3n de este mes fue organizada por Barlovento 8, donde invitaron a las damas y sus parejas a pasar una excelente tarde. Cada Caf\u00e9 de la Leche es \u00fanico y diferente, adem\u00e1s de que apoya una causa muy hermosa &#8211; [&hellip;]<\/p>\n","protected":false},"author":36682,"featured_media":278550,"comment_status":"closed","ping_status":"closed","sticky":false,"template":"","format":"standard","meta":{"newspack_ads_suppress_ads":false,"newspack_popups_has_disabled_popups":false,"newspack_sponsor_sponsorship_scope":"","newspack_sponsor_native_byline_display":"inherit","newspack_sponsor_native_category_display":"inherit","newspack_sponsor_underwriter_style":"inherit","newspack_sponsor_underwriter_placement":"inherit","_newspack_byline_active":false,"_newspack_byline":"","newspack_hide_updated_date":false,"newspack_show_updated_date":false,"newspack_content_restriction_is_exempt":false,"newspack_featured_image_position":"","newspack_post_subtitle":"","newspack_article_summary_title":"Overview:","newspack_article_summary":"","_jetpack_memberships_contains_paid_content":false,"footnotes":"","jetpack_publicize_message":"","jetpack_publicize_feature_enabled":true,"jetpack_social_post_already_shared":false,"jetpack_social_options":{"image_generator_settings":{"template":"highway","default_image_id":0,"font":"","enabled":false},"version":2},"_wpas_customize_per_network":false},"categories":[14631,2522,2514,2516,14625,2521,2498],"tags":[22965,23755,23815,23756,4484,14736,5718,23828,23004],"newspack_spnsrs_tax":[],"class_list":["post-352735","post","type-post","status-publish","format-standard","has-post-thumbnail","hentry","category-estilo-de-vida","category-eventos-es","category-fundaciones-es","category-hogar-del-nino-es","category-noticias-locales","category-republica-dominicana-2","category-uncategorized-es","tag-barlovento-8","tag-cafe-de-la-leche-es-5","tag-casa-de-campo-es-17","tag-crib-room-es-2","tag-el-hogar-del-nino","tag-featured-topview-es","tag-la-marina","tag-patronato-benefico-oriental-es-2","tag-sala-de-crib","entry"],"yoast_head":"<!-- This site is optimized with the Yoast SEO plugin v27.4 - https:\/\/yoast.com\/product\/yoast-seo-wordpress\/ -->\n<title>\u00a1C\u00f3cteles con amigos por una buena causa para el Caf\u00e9 de la Leche de este mes! | Casa de Campo Living<\/title>\n<meta name=\"description\" content=\"\u00a1El pasado jueves 21 de junio disfrutamos de un gran Caf\u00e9 de la Leche! La reuni\u00f3n de este mes fue organizada por Barlovento 8, donde invitaron a las damas\" \/>\n<meta name=\"robots\" content=\"index, follow, max-snippet:-1, max-image-preview:large, max-video-preview:-1\" \/>\n<link rel=\"canonical\" href=\"https:\/\/casadecampoliving.com\/es\/cocteles-con-amigos-por-una-buena-causa-para-el-cafe-de-la-leche-de-este-mes\/\" \/>\n<meta property=\"og:locale\" content=\"es_ES\" \/>\n<meta property=\"og:type\" content=\"article\" \/>\n<meta property=\"og:title\" content=\"\u00a1C\u00f3cteles con amigos por una buena causa para el Caf\u00e9 de la Leche de este mes! | Casa de Campo Living\" \/>\n<meta property=\"og:description\" content=\"\u00a1El pasado jueves 21 de junio disfrutamos de un gran Caf\u00e9 de la Leche! La reuni\u00f3n de este mes fue organizada por Barlovento 8, donde invitaron a las damas\" \/>\n<meta property=\"og:url\" content=\"https:\/\/casadecampoliving.com\/es\/cocteles-con-amigos-por-una-buena-causa-para-el-cafe-de-la-leche-de-este-mes\/\" \/>\n<meta property=\"og:site_name\" content=\"Casa de Campo Living\" \/>\n<meta property=\"article:publisher\" content=\"https:\/\/www.facebook.com\/casadecampoliving\" \/>\n<meta property=\"article:published_time\" content=\"2018-06-25T04:00:00+00:00\" \/>\n<meta property=\"article:modified_time\" content=\"2022-11-10T14:02:21+00:00\" \/>\n<meta property=\"og:image\" content=\"https:\/\/i0.wp.com\/casadecampoliving.com\/wp-content\/uploads\/2022\/10\/hogar_del_nino-28.jpg?fit=200%2C105&ssl=1\" \/>\n\t<meta property=\"og:image:width\" content=\"200\" \/>\n\t<meta property=\"og:image:height\" content=\"105\" \/>\n\t<meta property=\"og:image:type\" content=\"image\/jpeg\" \/>\n<meta name=\"author\" content=\"Marlenys Guzm\u00e1n Casta\u00f1os\" \/>\n<meta name=\"twitter:card\" content=\"summary_large_image\" \/>\n<meta name=\"twitter:creator\" content=\"@cdcliving\" \/>\n<meta name=\"twitter:site\" content=\"@cdcliving\" \/>\n<meta name=\"twitter:label1\" content=\"Escrito por\" \/>\n\t<meta name=\"twitter:data1\" content=\"Marlenys Guzm\u00e1n Casta\u00f1os\" \/>\n\t<meta name=\"twitter:label2\" content=\"Tiempo de lectura\" \/>\n\t<meta name=\"twitter:data2\" content=\"3 minutos\" \/>\n<script type=\"application\/ld+json\" class=\"yoast-schema-graph\">{\"@context\":\"https:\\\/\\\/schema.org\",\"@graph\":[{\"@type\":\"Article\",\"@id\":\"https:\\\/\\\/casadecampoliving.com\\\/es\\\/cocteles-con-amigos-por-una-buena-causa-para-el-cafe-de-la-leche-de-este-mes\\\/#article\",\"isPartOf\":{\"@id\":\"https:\\\/\\\/casadecampoliving.com\\\/es\\\/cocteles-con-amigos-por-una-buena-causa-para-el-cafe-de-la-leche-de-este-mes\\\/\"},\"author\":{\"name\":\"Marlenys Guzm\u00e1n Casta\u00f1os\",\"@id\":\"https:\\\/\\\/casadecampoliving.com\\\/es\\\/#\\\/schema\\\/person\\\/b6606bd87f9cec8f5903e2141cafda24\"},\"headline\":\"\u00a1C\u00f3cteles con amigos por una buena causa para el Caf\u00e9 de la Leche de este mes!\",\"datePublished\":\"2018-06-25T04:00:00+00:00\",\"dateModified\":\"2022-11-10T14:02:21+00:00\",\"mainEntityOfPage\":{\"@id\":\"https:\\\/\\\/casadecampoliving.com\\\/es\\\/cocteles-con-amigos-por-una-buena-causa-para-el-cafe-de-la-leche-de-este-mes\\\/\"},\"wordCount\":554,\"publisher\":{\"@id\":\"https:\\\/\\\/casadecampoliving.com\\\/es\\\/#organization\"},\"image\":{\"@id\":\"https:\\\/\\\/casadecampoliving.com\\\/es\\\/cocteles-con-amigos-por-una-buena-causa-para-el-cafe-de-la-leche-de-este-mes\\\/#primaryimage\"},\"thumbnailUrl\":\"https:\\\/\\\/i0.wp.com\\\/casadecampoliving.com\\\/wp-content\\\/uploads\\\/2022\\\/10\\\/hogar_del_nino-28.jpg?fit=200%2C105&ssl=1\",\"keywords\":[\"barlovento 8\",\"cafe de la leche\",\"Casa de Campo\",\"crib room\",\"el hogar del nino\",\"Featured-TopView @es\",\"la marina\",\"patronato ben\u00e9fico oriental\",\"SALA DE CRIB\"],\"articleSection\":[\"Estilo de Vida\",\"Eventos\",\"Fundaciones\",\"Hogar del Ni\u00f1o @es\",\"Noticias Locales\",\"Rep\u00fablica Dominicana @es\",\"Uncategorized @es\"],\"inLanguage\":\"es\"},{\"@type\":\"WebPage\",\"@id\":\"https:\\\/\\\/casadecampoliving.com\\\/es\\\/cocteles-con-amigos-por-una-buena-causa-para-el-cafe-de-la-leche-de-este-mes\\\/\",\"url\":\"https:\\\/\\\/casadecampoliving.com\\\/es\\\/cocteles-con-amigos-por-una-buena-causa-para-el-cafe-de-la-leche-de-este-mes\\\/\",\"name\":\"\u00a1C\u00f3cteles con amigos por una buena causa para el Caf\u00e9 de la Leche de este mes! | Casa de Campo Living\",\"isPartOf\":{\"@id\":\"https:\\\/\\\/casadecampoliving.com\\\/es\\\/#website\"},\"primaryImageOfPage\":{\"@id\":\"https:\\\/\\\/casadecampoliving.com\\\/es\\\/cocteles-con-amigos-por-una-buena-causa-para-el-cafe-de-la-leche-de-este-mes\\\/#primaryimage\"},\"image\":{\"@id\":\"https:\\\/\\\/casadecampoliving.com\\\/es\\\/cocteles-con-amigos-por-una-buena-causa-para-el-cafe-de-la-leche-de-este-mes\\\/#primaryimage\"},\"thumbnailUrl\":\"https:\\\/\\\/i0.wp.com\\\/casadecampoliving.com\\\/wp-content\\\/uploads\\\/2022\\\/10\\\/hogar_del_nino-28.jpg?fit=200%2C105&ssl=1\",\"datePublished\":\"2018-06-25T04:00:00+00:00\",\"dateModified\":\"2022-11-10T14:02:21+00:00\",\"description\":\"\u00a1El pasado jueves 21 de junio disfrutamos de un gran Caf\u00e9 de la Leche! La reuni\u00f3n de este mes fue organizada por Barlovento 8, donde invitaron a las damas\",\"breadcrumb\":{\"@id\":\"https:\\\/\\\/casadecampoliving.com\\\/es\\\/cocteles-con-amigos-por-una-buena-causa-para-el-cafe-de-la-leche-de-este-mes\\\/#breadcrumb\"},\"inLanguage\":\"es\",\"potentialAction\":[{\"@type\":\"ReadAction\",\"target\":[\"https:\\\/\\\/casadecampoliving.com\\\/es\\\/cocteles-con-amigos-por-una-buena-causa-para-el-cafe-de-la-leche-de-este-mes\\\/\"]}]},{\"@type\":\"ImageObject\",\"inLanguage\":\"es\",\"@id\":\"https:\\\/\\\/casadecampoliving.com\\\/es\\\/cocteles-con-amigos-por-una-buena-causa-para-el-cafe-de-la-leche-de-este-mes\\\/#primaryimage\",\"url\":\"https:\\\/\\\/i0.wp.com\\\/casadecampoliving.com\\\/wp-content\\\/uploads\\\/2022\\\/10\\\/hogar_del_nino-28.jpg?fit=200%2C105&ssl=1\",\"contentUrl\":\"https:\\\/\\\/i0.wp.com\\\/casadecampoliving.com\\\/wp-content\\\/uploads\\\/2022\\\/10\\\/hogar_del_nino-28.jpg?fit=200%2C105&ssl=1\",\"width\":200,\"height\":105},{\"@type\":\"BreadcrumbList\",\"@id\":\"https:\\\/\\\/casadecampoliving.com\\\/es\\\/cocteles-con-amigos-por-una-buena-causa-para-el-cafe-de-la-leche-de-este-mes\\\/#breadcrumb\",\"itemListElement\":[{\"@type\":\"ListItem\",\"position\":1,\"name\":\"Home\",\"item\":\"https:\\\/\\\/casadecampoliving.com\\\/es\\\/\"},{\"@type\":\"ListItem\",\"position\":2,\"name\":\"\u00a1C\u00f3cteles con amigos por una buena causa para el Caf\u00e9 de la Leche de este mes!\"}]},{\"@type\":\"WebSite\",\"@id\":\"https:\\\/\\\/casadecampoliving.com\\\/es\\\/#website\",\"url\":\"https:\\\/\\\/casadecampoliving.com\\\/es\\\/\",\"name\":\"Casa de Campo Living\",\"description\":\"Resort community news and resources.\",\"publisher\":{\"@id\":\"https:\\\/\\\/casadecampoliving.com\\\/es\\\/#organization\"},\"potentialAction\":[{\"@type\":\"SearchAction\",\"target\":{\"@type\":\"EntryPoint\",\"urlTemplate\":\"https:\\\/\\\/casadecampoliving.com\\\/es\\\/?s={search_term_string}\"},\"query-input\":{\"@type\":\"PropertyValueSpecification\",\"valueRequired\":true,\"valueName\":\"search_term_string\"}}],\"inLanguage\":\"es\"},{\"@type\":\"Organization\",\"@id\":\"https:\\\/\\\/casadecampoliving.com\\\/es\\\/#organization\",\"name\":\"Casa de Campo Living\",\"url\":\"https:\\\/\\\/casadecampoliving.com\\\/es\\\/\",\"logo\":{\"@type\":\"ImageObject\",\"inLanguage\":\"es\",\"@id\":\"https:\\\/\\\/casadecampoliving.com\\\/es\\\/#\\\/schema\\\/logo\\\/image\\\/\",\"url\":\"https:\\\/\\\/i0.wp.com\\\/casadecampoliving.com\\\/wp-content\\\/uploads\\\/2022\\\/07\\\/CDCLivingLogo_V1-white-sized.png?fit=800%2C214&ssl=1\",\"contentUrl\":\"https:\\\/\\\/i0.wp.com\\\/casadecampoliving.com\\\/wp-content\\\/uploads\\\/2022\\\/07\\\/CDCLivingLogo_V1-white-sized.png?fit=800%2C214&ssl=1\",\"width\":800,\"height\":214,\"caption\":\"Casa de Campo Living\"},\"image\":{\"@id\":\"https:\\\/\\\/casadecampoliving.com\\\/es\\\/#\\\/schema\\\/logo\\\/image\\\/\"},\"sameAs\":[\"https:\\\/\\\/www.facebook.com\\\/casadecampoliving\",\"https:\\\/\\\/x.com\\\/cdcliving\"]},{\"@type\":\"Person\",\"@id\":\"https:\\\/\\\/casadecampoliving.com\\\/es\\\/#\\\/schema\\\/person\\\/b6606bd87f9cec8f5903e2141cafda24\",\"name\":\"Marlenys Guzm\u00e1n Casta\u00f1os\",\"image\":{\"@type\":\"ImageObject\",\"inLanguage\":\"es\",\"@id\":\"https:\\\/\\\/secure.gravatar.com\\\/avatar\\\/72f3f86b8e6b3ec744201aeadf11d4a6055e8af194aecd9ad30ffff4437878ee?s=96&d=mm&r=g\",\"url\":\"https:\\\/\\\/secure.gravatar.com\\\/avatar\\\/72f3f86b8e6b3ec744201aeadf11d4a6055e8af194aecd9ad30ffff4437878ee?s=96&d=mm&r=g\",\"contentUrl\":\"https:\\\/\\\/secure.gravatar.com\\\/avatar\\\/72f3f86b8e6b3ec744201aeadf11d4a6055e8af194aecd9ad30ffff4437878ee?s=96&d=mm&r=g\",\"caption\":\"Marlenys Guzm\u00e1n Casta\u00f1os\"},\"url\":\"https:\\\/\\\/casadecampoliving.com\\\/es\\\/author\\\/mguzman\\\/\"}]}<\/script>\n<!-- \/ Yoast SEO plugin. -->","yoast_head_json":{"title":"\u00a1C\u00f3cteles con amigos por una buena causa para el Caf\u00e9 de la Leche de este mes! | Casa de Campo Living","description":"\u00a1El pasado jueves 21 de junio disfrutamos de un gran Caf\u00e9 de la Leche! La reuni\u00f3n de este mes fue organizada por Barlovento 8, donde invitaron a las damas","robots":{"index":"index","follow":"follow","max-snippet":"max-snippet:-1","max-image-preview":"max-image-preview:large","max-video-preview":"max-video-preview:-1"},"canonical":"https:\/\/casadecampoliving.com\/es\/cocteles-con-amigos-por-una-buena-causa-para-el-cafe-de-la-leche-de-este-mes\/","og_locale":"es_ES","og_type":"article","og_title":"\u00a1C\u00f3cteles con amigos por una buena causa para el Caf\u00e9 de la Leche de este mes! | Casa de Campo Living","og_description":"\u00a1El pasado jueves 21 de junio disfrutamos de un gran Caf\u00e9 de la Leche! La reuni\u00f3n de este mes fue organizada por Barlovento 8, donde invitaron a las damas","og_url":"https:\/\/casadecampoliving.com\/es\/cocteles-con-amigos-por-una-buena-causa-para-el-cafe-de-la-leche-de-este-mes\/","og_site_name":"Casa de Campo Living","article_publisher":"https:\/\/www.facebook.com\/casadecampoliving","article_published_time":"2018-06-25T04:00:00+00:00","article_modified_time":"2022-11-10T14:02:21+00:00","og_image":[{"width":200,"height":105,"url":"https:\/\/i0.wp.com\/casadecampoliving.com\/wp-content\/uploads\/2022\/10\/hogar_del_nino-28.jpg?fit=200%2C105&ssl=1","type":"image\/jpeg"}],"author":"Marlenys Guzm\u00e1n Casta\u00f1os","twitter_card":"summary_large_image","twitter_creator":"@cdcliving","twitter_site":"@cdcliving","twitter_misc":{"Escrito por":"Marlenys Guzm\u00e1n Casta\u00f1os","Tiempo de lectura":"3 minutos"},"schema":{"@context":"https:\/\/schema.org","@graph":[{"@type":"Article","@id":"https:\/\/casadecampoliving.com\/es\/cocteles-con-amigos-por-una-buena-causa-para-el-cafe-de-la-leche-de-este-mes\/#article","isPartOf":{"@id":"https:\/\/casadecampoliving.com\/es\/cocteles-con-amigos-por-una-buena-causa-para-el-cafe-de-la-leche-de-este-mes\/"},"author":{"name":"Marlenys Guzm\u00e1n Casta\u00f1os","@id":"https:\/\/casadecampoliving.com\/es\/#\/schema\/person\/b6606bd87f9cec8f5903e2141cafda24"},"headline":"\u00a1C\u00f3cteles con amigos por una buena causa para el Caf\u00e9 de la Leche de este mes!","datePublished":"2018-06-25T04:00:00+00:00","dateModified":"2022-11-10T14:02:21+00:00","mainEntityOfPage":{"@id":"https:\/\/casadecampoliving.com\/es\/cocteles-con-amigos-por-una-buena-causa-para-el-cafe-de-la-leche-de-este-mes\/"},"wordCount":554,"publisher":{"@id":"https:\/\/casadecampoliving.com\/es\/#organization"},"image":{"@id":"https:\/\/casadecampoliving.com\/es\/cocteles-con-amigos-por-una-buena-causa-para-el-cafe-de-la-leche-de-este-mes\/#primaryimage"},"thumbnailUrl":"https:\/\/i0.wp.com\/casadecampoliving.com\/wp-content\/uploads\/2022\/10\/hogar_del_nino-28.jpg?fit=200%2C105&ssl=1","keywords":["barlovento 8","cafe de la leche","Casa de Campo","crib room","el hogar del nino","Featured-TopView @es","la marina","patronato ben\u00e9fico oriental","SALA DE CRIB"],"articleSection":["Estilo de Vida","Eventos","Fundaciones","Hogar del Ni\u00f1o @es","Noticias Locales","Rep\u00fablica Dominicana @es","Uncategorized @es"],"inLanguage":"es"},{"@type":"WebPage","@id":"https:\/\/casadecampoliving.com\/es\/cocteles-con-amigos-por-una-buena-causa-para-el-cafe-de-la-leche-de-este-mes\/","url":"https:\/\/casadecampoliving.com\/es\/cocteles-con-amigos-por-una-buena-causa-para-el-cafe-de-la-leche-de-este-mes\/","name":"\u00a1C\u00f3cteles con amigos por una buena causa para el Caf\u00e9 de la Leche de este mes! | Casa de Campo Living","isPartOf":{"@id":"https:\/\/casadecampoliving.com\/es\/#website"},"primaryImageOfPage":{"@id":"https:\/\/casadecampoliving.com\/es\/cocteles-con-amigos-por-una-buena-causa-para-el-cafe-de-la-leche-de-este-mes\/#primaryimage"},"image":{"@id":"https:\/\/casadecampoliving.com\/es\/cocteles-con-amigos-por-una-buena-causa-para-el-cafe-de-la-leche-de-este-mes\/#primaryimage"},"thumbnailUrl":"https:\/\/i0.wp.com\/casadecampoliving.com\/wp-content\/uploads\/2022\/10\/hogar_del_nino-28.jpg?fit=200%2C105&ssl=1","datePublished":"2018-06-25T04:00:00+00:00","dateModified":"2022-11-10T14:02:21+00:00","description":"\u00a1El pasado jueves 21 de junio disfrutamos de un gran Caf\u00e9 de la Leche! La reuni\u00f3n de este mes fue organizada por Barlovento 8, donde invitaron a las damas","breadcrumb":{"@id":"https:\/\/casadecampoliving.com\/es\/cocteles-con-amigos-por-una-buena-causa-para-el-cafe-de-la-leche-de-este-mes\/#breadcrumb"},"inLanguage":"es","potentialAction":[{"@type":"ReadAction","target":["https:\/\/casadecampoliving.com\/es\/cocteles-con-amigos-por-una-buena-causa-para-el-cafe-de-la-leche-de-este-mes\/"]}]},{"@type":"ImageObject","inLanguage":"es","@id":"https:\/\/casadecampoliving.com\/es\/cocteles-con-amigos-por-una-buena-causa-para-el-cafe-de-la-leche-de-este-mes\/#primaryimage","url":"https:\/\/i0.wp.com\/casadecampoliving.com\/wp-content\/uploads\/2022\/10\/hogar_del_nino-28.jpg?fit=200%2C105&ssl=1","contentUrl":"https:\/\/i0.wp.com\/casadecampoliving.com\/wp-content\/uploads\/2022\/10\/hogar_del_nino-28.jpg?fit=200%2C105&ssl=1","width":200,"height":105},{"@type":"BreadcrumbList","@id":"https:\/\/casadecampoliving.com\/es\/cocteles-con-amigos-por-una-buena-causa-para-el-cafe-de-la-leche-de-este-mes\/#breadcrumb","itemListElement":[{"@type":"ListItem","position":1,"name":"Home","item":"https:\/\/casadecampoliving.com\/es\/"},{"@type":"ListItem","position":2,"name":"\u00a1C\u00f3cteles con amigos por una buena causa para el Caf\u00e9 de la Leche de este mes!"}]},{"@type":"WebSite","@id":"https:\/\/casadecampoliving.com\/es\/#website","url":"https:\/\/casadecampoliving.com\/es\/","name":"Casa de Campo Living","description":"Resort community news and resources.","publisher":{"@id":"https:\/\/casadecampoliving.com\/es\/#organization"},"potentialAction":[{"@type":"SearchAction","target":{"@type":"EntryPoint","urlTemplate":"https:\/\/casadecampoliving.com\/es\/?s={search_term_string}"},"query-input":{"@type":"PropertyValueSpecification","valueRequired":true,"valueName":"search_term_string"}}],"inLanguage":"es"},{"@type":"Organization","@id":"https:\/\/casadecampoliving.com\/es\/#organization","name":"Casa de Campo Living","url":"https:\/\/casadecampoliving.com\/es\/","logo":{"@type":"ImageObject","inLanguage":"es","@id":"https:\/\/casadecampoliving.com\/es\/#\/schema\/logo\/image\/","url":"https:\/\/i0.wp.com\/casadecampoliving.com\/wp-content\/uploads\/2022\/07\/CDCLivingLogo_V1-white-sized.png?fit=800%2C214&ssl=1","contentUrl":"https:\/\/i0.wp.com\/casadecampoliving.com\/wp-content\/uploads\/2022\/07\/CDCLivingLogo_V1-white-sized.png?fit=800%2C214&ssl=1","width":800,"height":214,"caption":"Casa de Campo Living"},"image":{"@id":"https:\/\/casadecampoliving.com\/es\/#\/schema\/logo\/image\/"},"sameAs":["https:\/\/www.facebook.com\/casadecampoliving","https:\/\/x.com\/cdcliving"]},{"@type":"Person","@id":"https:\/\/casadecampoliving.com\/es\/#\/schema\/person\/b6606bd87f9cec8f5903e2141cafda24","name":"Marlenys Guzm\u00e1n Casta\u00f1os","image":{"@type":"ImageObject","inLanguage":"es","@id":"https:\/\/secure.gravatar.com\/avatar\/72f3f86b8e6b3ec744201aeadf11d4a6055e8af194aecd9ad30ffff4437878ee?s=96&d=mm&r=g","url":"https:\/\/secure.gravatar.com\/avatar\/72f3f86b8e6b3ec744201aeadf11d4a6055e8af194aecd9ad30ffff4437878ee?s=96&d=mm&r=g","contentUrl":"https:\/\/secure.gravatar.com\/avatar\/72f3f86b8e6b3ec744201aeadf11d4a6055e8af194aecd9ad30ffff4437878ee?s=96&d=mm&r=g","caption":"Marlenys Guzm\u00e1n Casta\u00f1os"},"url":"https:\/\/casadecampoliving.com\/es\/author\/mguzman\/"}]}},"parsely":{"version":"1.1.0","canonical_url":"https:\/\/casadecampoliving.com\/es\/cocteles-con-amigos-por-una-buena-causa-para-el-cafe-de-la-leche-de-este-mes\/","smart_links":{"inbound":0,"outbound":0},"traffic_boost_suggestions_count":0,"meta":{"@context":"https:\/\/schema.org","@type":"NewsArticle","headline":"\u00a1C\u00f3cteles con amigos por una buena causa para el Caf\u00e9 de la Leche de este mes!","url":"http:\/\/casadecampoliving.com\/es\/cocteles-con-amigos-por-una-buena-causa-para-el-cafe-de-la-leche-de-este-mes\/","mainEntityOfPage":{"@type":"WebPage","@id":"http:\/\/casadecampoliving.com\/es\/cocteles-con-amigos-por-una-buena-causa-para-el-cafe-de-la-leche-de-este-mes\/"},"thumbnailUrl":"https:\/\/i0.wp.com\/casadecampoliving.com\/wp-content\/uploads\/2022\/10\/hogar_del_nino-28.jpg?resize=150%2C105&ssl=1","image":{"@type":"ImageObject","url":"https:\/\/i0.wp.com\/casadecampoliving.com\/wp-content\/uploads\/2022\/10\/hogar_del_nino-28.jpg?fit=200%2C105&ssl=1"},"articleSection":"Estilo de Vida","author":[{"@type":"Person","name":"Marlenys Guzm\u00e1n Casta\u00f1os"}],"creator":["Marlenys Guzm\u00e1n Casta\u00f1os"],"publisher":{"@type":"Organization","name":"Casa de Campo Living","logo":"https:\/\/casadecampoliving.com\/wp-content\/uploads\/2022\/07\/CDCLivingLogo_V1-white-sized.png"},"keywords":["barlovento 8","cafe de la leche","casa de campo","crib room","el hogar del nino","featured-topview @es","la marina","patronato ben\u00e9fico oriental","sala de crib"],"dateCreated":"2018-06-25T04:00:00Z","datePublished":"2018-06-25T04:00:00Z","dateModified":"2022-11-10T14:02:21Z"},"rendered":"<script type=\"application\/ld+json\" class=\"wp-parsely-metadata\">{\"@context\":\"https:\\\/\\\/schema.org\",\"@type\":\"NewsArticle\",\"headline\":\"\\u00a1C\\u00f3cteles con amigos por una buena causa para el Caf\\u00e9 de la Leche de este mes!\",\"url\":\"http:\\\/\\\/casadecampoliving.com\\\/es\\\/cocteles-con-amigos-por-una-buena-causa-para-el-cafe-de-la-leche-de-este-mes\\\/\",\"mainEntityOfPage\":{\"@type\":\"WebPage\",\"@id\":\"http:\\\/\\\/casadecampoliving.com\\\/es\\\/cocteles-con-amigos-por-una-buena-causa-para-el-cafe-de-la-leche-de-este-mes\\\/\"},\"thumbnailUrl\":\"https:\\\/\\\/i0.wp.com\\\/casadecampoliving.com\\\/wp-content\\\/uploads\\\/2022\\\/10\\\/hogar_del_nino-28.jpg?resize=150%2C105&ssl=1\",\"image\":{\"@type\":\"ImageObject\",\"url\":\"https:\\\/\\\/i0.wp.com\\\/casadecampoliving.com\\\/wp-content\\\/uploads\\\/2022\\\/10\\\/hogar_del_nino-28.jpg?fit=200%2C105&ssl=1\"},\"articleSection\":\"Estilo de Vida\",\"author\":[{\"@type\":\"Person\",\"name\":\"Marlenys Guzm\\u00e1n Casta\\u00f1os\"}],\"creator\":[\"Marlenys Guzm\\u00e1n Casta\\u00f1os\"],\"publisher\":{\"@type\":\"Organization\",\"name\":\"Casa de Campo Living\",\"logo\":\"https:\\\/\\\/casadecampoliving.com\\\/wp-content\\\/uploads\\\/2022\\\/07\\\/CDCLivingLogo_V1-white-sized.png\"},\"keywords\":[\"barlovento 8\",\"cafe de la leche\",\"casa de campo\",\"crib room\",\"el hogar del nino\",\"featured-topview @es\",\"la marina\",\"patronato ben\\u00e9fico oriental\",\"sala de crib\"],\"dateCreated\":\"2018-06-25T04:00:00Z\",\"datePublished\":\"2018-06-25T04:00:00Z\",\"dateModified\":\"2022-11-10T14:02:21Z\"}<\/script>","tracker_url":"https:\/\/cdn.parsely.com\/keys\/casadecampoliving.com\/p.js"},"jetpack_publicize_connections":[],"jetpack_featured_media_url":"https:\/\/i0.wp.com\/casadecampoliving.com\/wp-content\/uploads\/2022\/10\/hogar_del_nino-28.jpg?fit=200%2C105&ssl=1","jetpack-related-posts":[{"id":352709,"url":"https:\/\/casadecampoliving.com\/es\/traiga-su-pareja-al-happy-hour-de-cafe-de-la-leche-en-barlovento-8\/","url_meta":{"origin":352735,"position":0},"title":"\u00a1Traiga a su pareja al happy hour de Caf\u00e9 de la Leche en Barlovento 8!","author":"Marlenys Guzm\u00e1n Casta\u00f1os","date":"13 Jun, 2018","format":false,"excerpt":"Tal vez se pregunte qu\u00e9 ha sucedido con el Caf\u00e9 de la Leche de este mes, no, no ha sido cancelado, se movi\u00f3 un poco m\u00e1s adelante en el mes \ud83d\ude42 La pr\u00f3xima semana, el jueves 21 de junio, el nuevo bar especializado en cocteles en La Marina, Barlovento 8\u2026","rel":"","context":"En \u00abEstilo de Vida\u00bb","block_context":{"text":"Estilo de Vida","link":"https:\/\/casadecampoliving.com\/es\/category\/estilo-de-vida\/"},"img":{"alt_text":"","src":"https:\/\/i0.wp.com\/casadecampoliving.com\/wp-content\/uploads\/2018\/06\/Screen-Shot-2018-06-13-at-3.35.24-PM.png?resize=350%2C200&ssl=1","width":350,"height":200,"srcset":"https:\/\/i0.wp.com\/casadecampoliving.com\/wp-content\/uploads\/2018\/06\/Screen-Shot-2018-06-13-at-3.35.24-PM.png?resize=350%2C200&ssl=1 1x, https:\/\/i0.wp.com\/casadecampoliving.com\/wp-content\/uploads\/2018\/06\/Screen-Shot-2018-06-13-at-3.35.24-PM.png?resize=525%2C300&ssl=1 1.5x, https:\/\/i0.wp.com\/casadecampoliving.com\/wp-content\/uploads\/2018\/06\/Screen-Shot-2018-06-13-at-3.35.24-PM.png?resize=700%2C400&ssl=1 2x"},"classes":[]},{"id":343768,"url":"https:\/\/casadecampoliving.com\/es\/dedon-organizara-el-proximo-cafe-de-la-leche\/","url_meta":{"origin":352735,"position":1},"title":"Pr\u00f3ximo Caf\u00e9 de la Leche anunciado para el viernes 7 de febrero","author":"Perkin Agramonte","date":"27 Ene, 2014","format":false,"excerpt":"\u00bfSabes de que es hora? \u00a1Es hora de Caf\u00e9 de la Leche! La pr\u00f3xima celebraci\u00f3n de Caf\u00e9 de la Leche est\u00e1 pactada para el viernes 7 de febrero en la tienda Villa Collection-Dedon ubicada en la Marina Casa de Campo. La tienda Villa Collection \u2013 Dedon est\u00e1 localizada en la\u2026","rel":"","context":"En \u00abDestacados\u00bb","block_context":{"text":"Destacados","link":"https:\/\/casadecampoliving.com\/es\/category\/destacados\/"},"img":{"alt_text":"Cafe de la Leche Casa de Campo","src":"https:\/\/i0.wp.com\/casadecampoliving.com\/wp-content\/uploads\/2022\/10\/cafe_de_la_leche_casa_de_campo1-9.jpg?fit=650%2C500&ssl=1&resize=350%2C200","width":350,"height":200,"srcset":"https:\/\/i0.wp.com\/casadecampoliving.com\/wp-content\/uploads\/2022\/10\/cafe_de_la_leche_casa_de_campo1-9.jpg?fit=650%2C500&ssl=1&resize=350%2C200 1x, https:\/\/i0.wp.com\/casadecampoliving.com\/wp-content\/uploads\/2022\/10\/cafe_de_la_leche_casa_de_campo1-9.jpg?fit=650%2C500&ssl=1&resize=525%2C300 1.5x"},"classes":[]},{"id":352767,"url":"https:\/\/casadecampoliving.com\/es\/sangrias-amigos-y-una-magnifica-vista-en-el-cafe-de-la-leche-de-este-mes-en-la-casita\/","url_meta":{"origin":352735,"position":2},"title":"Sangrias, amigos y una magn\u00edfica vista en el Caf\u00e9 de la Leche de este mes en La Casita","author":"Casa de Campo Living","date":"9 Jul, 2018","format":false,"excerpt":"El viernes 6 de julio, las damas de Casa de Campo y La Romana se reunieron en La Casita en la Marina Casa de Campo para pasar una noche maravillosa entre amigos. Este mes, el Caf\u00e9 de la Leche fue organizado por Julia Mart\u00ednez, y fue simplemente encantador ir a\u2026","rel":"","context":"En \u00abEstilo de Vida\u00bb","block_context":{"text":"Estilo de Vida","link":"https:\/\/casadecampoliving.com\/es\/category\/estilo-de-vida\/"},"img":{"alt_text":"","src":"https:\/\/i0.wp.com\/casadecampoliving-wp.s3-accelerate.amazonaws.com\/2018\/07\/IMG_9975-200x300.jpg?resize=350%2C200&ssl=1","width":350,"height":200},"classes":[]},{"id":349940,"url":"https:\/\/casadecampoliving.com\/es\/proximamente-cafe-de-la-leche-junio-2016\/","url_meta":{"origin":352735,"position":3},"title":"\u00a1Una bienvenida al verano con Caf\u00e9 de la Leche en Fresh Fresh!","author":"Anna Pavilsova","date":"6 Jun, 2016","format":false,"excerpt":"Con el mes de junio llegan los d\u00edas c\u00e1lidos, \u00a1y el Caf\u00e9 de la Leche nos est\u00e1 ayudando a refrescarnos!\u00a0Todos los meses, tenemos un encuentro muy especial con nuestros amigos del Hogar del Ni\u00f1o para ayudar a los m\u00e1s de 200 beb\u00e9s en la sala cuna. El pr\u00f3ximo jueves 16\u2026","rel":"","context":"En \u00abAltos de Chavon @es\u00bb","block_context":{"text":"Altos de Chavon @es","link":"https:\/\/casadecampoliving.com\/category\/altos-de-chavon-es\/"},"img":{"alt_text":"Featured Image Cafe de la Leche June 2016 upcoming","src":"https:\/\/i0.wp.com\/casadecampoliving.com\/wp-content\/uploads\/2022\/10\/Featured-Image-Cafe-de-la-Leche-June-2016-upcoming.jpg?fit=1000%2C600&ssl=1&resize=350%2C200","width":350,"height":200,"srcset":"https:\/\/i0.wp.com\/casadecampoliving.com\/wp-content\/uploads\/2022\/10\/Featured-Image-Cafe-de-la-Leche-June-2016-upcoming.jpg?fit=1000%2C600&ssl=1&resize=350%2C200 1x, https:\/\/i0.wp.com\/casadecampoliving.com\/wp-content\/uploads\/2022\/10\/Featured-Image-Cafe-de-la-Leche-June-2016-upcoming.jpg?fit=1000%2C600&ssl=1&resize=525%2C300 1.5x, https:\/\/i0.wp.com\/casadecampoliving.com\/wp-content\/uploads\/2022\/10\/Featured-Image-Cafe-de-la-Leche-June-2016-upcoming.jpg?fit=1000%2C600&ssl=1&resize=700%2C400 2x"},"classes":[]},{"id":353423,"url":"https:\/\/casadecampoliving.com\/es\/fiesta-mexicana-cafe-de-la-leche-living-room-by-good-vibe\/","url_meta":{"origin":352735,"position":4},"title":"\u00a1Una fiesta mexicana para el Caf\u00e9 de la Leche de este mes en el Living Room by Good Vibe!","author":"Casa de Campo Living","date":"6 May, 2019","format":false,"excerpt":"\u00a1Senores y se\u00f1oritas, es hora de fiesta! \u00a1Este jueves, est\u00e1s invitado a traer el esp\u00edritu del Cinco de Mayo y celebrar la cultura mexicana con buena vibra y buenos amigos! El Caf\u00e9 de la Leche de este mes se llevar\u00e1 a cabo ESTE jueves 9 de mayo en la Casa\u2026","rel":"","context":"En \u00abAltos de Chavon @es\u00bb","block_context":{"text":"Altos de Chavon @es","link":"https:\/\/casadecampoliving.com\/category\/altos-de-chavon-es\/"},"img":{"alt_text":"","src":"https:\/\/i0.wp.com\/casadecampoliving.com\/wp-content\/uploads\/2022\/10\/Cafe-de-la-LecheAdobeStock_107175896-1170x781-1.jpeg?fit=1000%2C668&ssl=1&resize=350%2C200","width":350,"height":200,"srcset":"https:\/\/i0.wp.com\/casadecampoliving.com\/wp-content\/uploads\/2022\/10\/Cafe-de-la-LecheAdobeStock_107175896-1170x781-1.jpeg?fit=1000%2C668&ssl=1&resize=350%2C200 1x, https:\/\/i0.wp.com\/casadecampoliving.com\/wp-content\/uploads\/2022\/10\/Cafe-de-la-LecheAdobeStock_107175896-1170x781-1.jpeg?fit=1000%2C668&ssl=1&resize=525%2C300 1.5x, https:\/\/i0.wp.com\/casadecampoliving.com\/wp-content\/uploads\/2022\/10\/Cafe-de-la-LecheAdobeStock_107175896-1170x781-1.jpeg?fit=1000%2C668&ssl=1&resize=700%2C400 2x"},"classes":[]},{"id":353338,"url":"https:\/\/casadecampoliving.com\/es\/vivir-en-pasteles-cafe-de-la-leche-edicion-primavera-2019\/","url_meta":{"origin":352735,"position":5},"title":"Vivir en pasteles: Caf\u00e9 de la Leche Edici\u00f3n Primavera 2019","author":"Casa de Campo Living","date":"1 Abr, 2019","format":false,"excerpt":"\u00a1Por fin ha llegado la primavera y qu\u00e9 mejor manera de recibirla que con un Caf\u00e9 de la Leche este mes! El jueves 4 de abril, Yrene Caslini ser\u00e1 la anfitriona de la tradicional reuni\u00f3n ben\u00e9fica en su casa en Vivero 36, y le invita a que use colores pastel\u2026","rel":"","context":"En \u00abRep\u00fablica Dominicana @es\u00bb","block_context":{"text":"Rep\u00fablica Dominicana @es","link":"https:\/\/casadecampoliving.com\/es\/category\/republica-dominicana-2\/"},"img":{"alt_text":"","src":"https:\/\/i0.wp.com\/casadecampoliving.com\/wp-content\/uploads\/2022\/10\/IMG_8799.jpg?fit=1000%2C667&ssl=1&resize=350%2C200","width":350,"height":200,"srcset":"https:\/\/i0.wp.com\/casadecampoliving.com\/wp-content\/uploads\/2022\/10\/IMG_8799.jpg?fit=1000%2C667&ssl=1&resize=350%2C200 1x, https:\/\/i0.wp.com\/casadecampoliving.com\/wp-content\/uploads\/2022\/10\/IMG_8799.jpg?fit=1000%2C667&ssl=1&resize=525%2C300 1.5x, https:\/\/i0.wp.com\/casadecampoliving.com\/wp-content\/uploads\/2022\/10\/IMG_8799.jpg?fit=1000%2C667&ssl=1&resize=700%2C400 2x"},"classes":[]}],"jetpack_sharing_enabled":true,"_links":{"self":[{"href":"https:\/\/casadecampoliving.com\/es\/wp-json\/wp\/v2\/posts\/352735","targetHints":{"allow":["GET"]}}],"collection":[{"href":"https:\/\/casadecampoliving.com\/es\/wp-json\/wp\/v2\/posts"}],"about":[{"href":"https:\/\/casadecampoliving.com\/es\/wp-json\/wp\/v2\/types\/post"}],"author":[{"embeddable":true,"href":"https:\/\/casadecampoliving.com\/es\/wp-json\/wp\/v2\/users\/36682"}],"replies":[{"embeddable":true,"href":"https:\/\/casadecampoliving.com\/es\/wp-json\/wp\/v2\/comments?post=352735"}],"version-history":[{"count":1,"href":"https:\/\/casadecampoliving.com\/es\/wp-json\/wp\/v2\/posts\/352735\/revisions"}],"predecessor-version":[{"id":352736,"href":"https:\/\/casadecampoliving.com\/es\/wp-json\/wp\/v2\/posts\/352735\/revisions\/352736"}],"wp:featuredmedia":[{"embeddable":true,"href":"https:\/\/casadecampoliving.com\/es\/wp-json\/wp\/v2\/media\/278550"}],"wp:attachment":[{"href":"https:\/\/casadecampoliving.com\/es\/wp-json\/wp\/v2\/media?parent=352735"}],"wp:term":[{"taxonomy":"category","embeddable":true,"href":"https:\/\/casadecampoliving.com\/es\/wp-json\/wp\/v2\/categories?post=352735"},{"taxonomy":"post_tag","embeddable":true,"href":"https:\/\/casadecampoliving.com\/es\/wp-json\/wp\/v2\/tags?post=352735"},{"taxonomy":"newspack_spnsrs_tax","embeddable":true,"href":"https:\/\/casadecampoliving.com\/es\/wp-json\/wp\/v2\/newspack_spnsrs_tax?post=352735"}],"curies":[{"name":"wp","href":"https:\/\/api.w.org\/{rel}","templated":true}]}}