{"id":352690,"date":"2018-06-04T00:00:00","date_gmt":"2018-06-04T04:00:00","guid":{"rendered":"https:\/\/casadecampoliving.com\/entrena-con-los-mejores-en-el-campamento-de-verano-de-la-fundacion-real-madrid-en-casa-de-campo\/"},"modified":"2022-10-21T19:12:20","modified_gmt":"2022-10-21T23:12:20","slug":"entrena-con-los-mejores-en-el-campamento-de-verano-de-la-fundacion-real-madrid-en-casa-de-campo","status":"publish","type":"post","link":"https:\/\/casadecampoliving.com\/es\/entrena-con-los-mejores-en-el-campamento-de-verano-de-la-fundacion-real-madrid-en-casa-de-campo\/","title":{"rendered":"\u00a1Entrena con los mejores en el campamento de verano de la Fundaci\u00f3n Real Madrid en Casa de Campo!"},"content":{"rendered":"\n<p>Para muchos ni\u00f1os y adolescentes de todo el mundo, \u00a1los veranos son para disfrutar lo que aman! \u00a1La escuela de f\u00fatbol de la Fundaci\u00f3n Real Madrid tendr\u00e1 un campamento de verano de dos semanas para los muchos j\u00f3venes futbolistas de nuestra comunidad!<br>\n<\/p>\n\n\n\n<!--more-->\n\n\n<div class=\"wp-block-image\">\n<figure class=\"aligncenter is-resized\"><img loading=\"lazy\" decoding=\"async\" src=\"https:\/\/i0.wp.com\/casadecampoliving-wp.s3-accelerate.amazonaws.com\/2018\/06\/RMCD1.jpg?resize=1000%2C667&amp;ssl=1\" alt=\"\" class=\"wp-image-159439\" height=\"667\" width=\"1000\" srcset=\"https:\/\/i0.wp.com\/casadecampoliving.com\/wp-content\/uploads\/2018\/06\/RMCD1.jpg?w=1000&amp;ssl=1 1000w, https:\/\/i0.wp.com\/casadecampoliving.com\/wp-content\/uploads\/2018\/06\/RMCD1.jpg?resize=300%2C200&amp;ssl=1 300w, https:\/\/i0.wp.com\/casadecampoliving.com\/wp-content\/uploads\/2018\/06\/RMCD1.jpg?resize=768%2C512&amp;ssl=1 768w, https:\/\/i0.wp.com\/casadecampoliving-wp.s3-accelerate.amazonaws.com\/2018\/06\/RMCD1.jpg?w=370 370w, https:\/\/i0.wp.com\/casadecampoliving-wp.s3-accelerate.amazonaws.com\/2018\/06\/RMCD1.jpg?w=400 400w\" sizes=\"auto, (max-width: 1000px) 100vw, 1000px\" \/><\/figure>\n<\/div>\n\n\n<p>Del 18 al 29 de junio, nuestros ni\u00f1os aprender\u00e1n a jugar mejor al f\u00fatbol en este campamento \u201cserio pero divertido\u201d dise\u00f1ado para mejorar las habilidades individuales y los niveles de conocimiento. No solo disfrutar\u00e1n de una gran experiencia aprendiendo a jugar f\u00fatbol como sus \u00eddolos, sino que tambi\u00e9n compartir\u00e1n y aprender\u00e1n sus valores: respeto, trabajo en equipo, transparencia, solidaridad, compromiso, igualdad y motivaci\u00f3n.<\/p>\n\n\n\n<p>Fundaci\u00f3n ARMID \u2013 La Fundaci\u00f3n Real Madrid ha estado en el pa\u00eds desde 2015 abriendo escuelas en Santiago y Santo Domingo. El Real Madrid, uno de los equipos con mayor tradici\u00f3n en el f\u00fatbol mundial, junto con la Fundaci\u00f3n ARMID trabajan juntos para ayudar a los necesitados en el pa\u00eds apoyando varias causas sociales y despertar el inter\u00e9s de los ni\u00f1os peque\u00f1os por el f\u00fatbol.<\/p>\n\n\n\n<blockquote class=\"wp-block-quote is-layout-flow wp-block-quote-is-layout-flow\"><p>\u201cLos valores del Real Madrid, son los de sacrificio, esfuerzo hasta el \u00faltimo instante, hasta el \u00faltimo segundo, no se da por perdido nada. Esos son los valores que estamos trasladando en la primera Escuela de F\u00fatbol de Fundaci\u00f3n Real Madrid que hay en todo el continente americano, que es en la Rep\u00fablica Dominicana. Aunque sean jugadores que en ocasiones no lleguen a la elite, est\u00e1s formando j\u00f3venes en vida sana, que es lo fundamental\u201d \u2013 Carmelo Zubiaur Sanz, Presidente de la<span class=\"text_exposed_show\"> Fundaci\u00f3n ARMID.<\/span><\/p><\/blockquote>\n\n\n<div class=\"wp-block-image\">\n<figure class=\"aligncenter is-resized\"><img loading=\"lazy\" decoding=\"async\" src=\"https:\/\/i0.wp.com\/casadecampoliving-wp.s3-accelerate.amazonaws.com\/2018\/06\/RMcDC2.jpg?resize=1000%2C667&amp;ssl=1\" alt=\"\" class=\"wp-image-159438\" height=\"667\" width=\"1000\" srcset=\"https:\/\/i0.wp.com\/casadecampoliving.com\/wp-content\/uploads\/2018\/06\/RMcDC2.jpg?w=1000&amp;ssl=1 1000w, https:\/\/i0.wp.com\/casadecampoliving.com\/wp-content\/uploads\/2018\/06\/RMcDC2.jpg?resize=300%2C200&amp;ssl=1 300w, https:\/\/i0.wp.com\/casadecampoliving.com\/wp-content\/uploads\/2018\/06\/RMcDC2.jpg?resize=768%2C512&amp;ssl=1 768w, https:\/\/i0.wp.com\/casadecampoliving-wp.s3-accelerate.amazonaws.com\/2018\/06\/RMcDC2.jpg?w=370 370w, https:\/\/i0.wp.com\/casadecampoliving-wp.s3-accelerate.amazonaws.com\/2018\/06\/RMcDC2.jpg?w=400 400w\" sizes=\"auto, (max-width: 1000px) 100vw, 1000px\" \/><\/figure>\n<\/div>\n\n\n<p>Los campamentos ser\u00e1n de lunes a viernes, en horario de Media Jornada (8:30 am a 12:30 am), dise\u00f1ados para estudiantes de 6 a 17 a\u00f1os que deseen tener una gran experiencia de vacaciones donde tambi\u00e9n podr\u00e1n pasar tiempo con sus amigos \u2013 e incluso hacer otros nuevos \u2013 mientras desarrollan sus habilidades futbol\u00edsticas y aprenden otras nuevas. Las sesiones de entrenamiento de f\u00fatbol se llevar\u00e1n a cabo en la nueva cancha de f\u00fatbol siguiendo las dimensiones de \u201cFIFA\u201d, que tambi\u00e9n incluyen un sistema de riego autom\u00e1tico. Esta cancha es exclusiva para la pr\u00e1ctica del f\u00fatbol y se encuentra cerca de \u201cVereda\u201d, que est\u00e1 cerca de los campos de polo.<\/p>\n\n\n\n<p>\u00a1El campamento tiene cupo limitado as\u00ed que no dejes que tu fan\u00e1tico del f\u00fatbol se pierda esta gran oportunidad! La escuela de f\u00fatbol de la Fundaci\u00f3n Real Madrid no solo ayuda a los ni\u00f1os a dominar el juego que les gusta, sino que tambi\u00e9n les ense\u00f1a a practicar los valores fundamentales del Real Madrid.<\/p>\n\n\n\n<blockquote><figure><img decoding=\"async\" loading=\"lazy\" class=\"aligncenter size-full wp-image-159428\" src=\"https:\/\/i0.wp.com\/casadecampoliving-wp.s3-accelerate.amazonaws.com\/2018\/06\/real-madrid.jpg?resize=800%2C800&amp;ssl=1\" alt=\"\" width=\"800\" height=\"800\" srcset=\"https:\/\/i0.wp.com\/casadecampoliving.com\/wp-content\/uploads\/2018\/06\/real-madrid.jpg?w=800&amp;ssl=1 800w, https:\/\/i0.wp.com\/casadecampoliving.com\/wp-content\/uploads\/2018\/06\/real-madrid.jpg?resize=150%2C150&amp;ssl=1 150w, https:\/\/i0.wp.com\/casadecampoliving.com\/wp-content\/uploads\/2018\/06\/real-madrid.jpg?resize=300%2C300&amp;ssl=1 300w, https:\/\/i0.wp.com\/casadecampoliving.com\/wp-content\/uploads\/2018\/06\/real-madrid.jpg?resize=768%2C768&amp;ssl=1 768w, https:\/\/i0.wp.com\/casadecampoliving.com\/wp-content\/uploads\/2018\/06\/real-madrid.jpg?resize=80%2C80&amp;ssl=1 80w\" sizes=\"auto, (max-width: 800px) 100vw, 800px\"><\/figure><p><strong>D\u00f3nde<\/strong>: instalaciones de f\u00fatbol de Casa de Campo<\/p><p><strong>Cu\u00e1ndo<\/strong>: del 18 al 29 de junio<\/p><p><strong>US $ 255 por semana incluye uniforme<\/strong><\/p><p><strong><em>Para ni\u00f1os de 6-17 a\u00f1os<\/em><\/strong><\/p><p>Para m\u00e1s informaci\u00f3n y reservas, comun\u00edquese al: (809) 523-8107 \/ 2080 | supervisorasvoc@ccampo.com.do<\/p><\/blockquote>\n\n\n\n<p><em>* Fotos de la p\u00e1gina de Facebook de la Escuela de F\u00fatbol Armid<\/em><\/p>\n","protected":false},"excerpt":{"rendered":"<p>Para muchos ni\u00f1os y adolescentes de todo el mundo, \u00a1los veranos son para disfrutar lo que aman! \u00a1La escuela de f\u00fatbol de la Fundaci\u00f3n Real Madrid tendr\u00e1 un campamento de verano de dos semanas para los muchos j\u00f3venes futbolistas de nuestra comunidad!<\/p>\n","protected":false},"author":36682,"featured_media":0,"comment_status":"closed","ping_status":"closed","sticky":false,"template":"","format":"standard","meta":{"newspack_ads_suppress_ads":false,"newspack_popups_has_disabled_popups":false,"newspack_sponsor_sponsorship_scope":"","newspack_sponsor_native_byline_display":"inherit","newspack_sponsor_native_category_display":"inherit","newspack_sponsor_underwriter_style":"inherit","newspack_sponsor_underwriter_placement":"inherit","_newspack_byline_active":false,"_newspack_byline":"","newspack_hide_updated_date":false,"newspack_show_updated_date":false,"newspack_content_restriction_is_exempt":false,"newspack_featured_image_position":"","newspack_post_subtitle":"","newspack_article_summary_title":"Overview:","newspack_article_summary":"","_jetpack_memberships_contains_paid_content":false,"footnotes":"","jetpack_publicize_message":"","jetpack_publicize_feature_enabled":true,"jetpack_social_post_already_shared":false,"jetpack_social_options":{"image_generator_settings":{"template":"highway","default_image_id":0,"font":"","enabled":false},"version":2},"_wpas_customize_per_network":false},"categories":[2525,14631,14625,14627,2521,26822,2527,2498],"tags":[8820,22919,4538,21507,23815,22918,14736,21898,21911,3749,8676,12602],"newspack_spnsrs_tax":[],"class_list":["post-352690","post","type-post","status-publish","format-standard","hentry","category-golf-deportes-es","category-estilo-de-vida","category-noticias-locales","category-proximamente","category-republica-dominicana-2","category-resort-casa-de-campo","category-salud","category-uncategorized-es","tag-academia-de-futbol","tag-aprenda","tag-campamento-de-verano","tag-cancha","tag-casa-de-campo-es-17","tag-escuela-de-futbol","tag-featured-topview-es","tag-fundacion-armid","tag-fundacion-real-madrid","tag-futbol","tag-ninos","tag-valores","entry"],"yoast_head":"<!-- This site is optimized with the Yoast SEO plugin v27.5 - https:\/\/yoast.com\/product\/yoast-seo-wordpress\/ -->\n<title>\u00a1Entrena con los mejores en el campamento de verano de la Fundaci\u00f3n Real Madrid en Casa de Campo! | Casa de Campo Living<\/title>\n<meta name=\"description\" content=\"Para muchos ni\u00f1os y adolescentes de todo el mundo, \u00a1los veranos son para disfrutar lo que aman! \u00a1La escuela de f\u00fatbol de la Fundaci\u00f3n Real Madrid tendr\u00e1\" \/>\n<meta name=\"robots\" content=\"index, follow, max-snippet:-1, max-image-preview:large, max-video-preview:-1\" \/>\n<link rel=\"canonical\" href=\"https:\/\/casadecampoliving.com\/es\/entrena-con-los-mejores-en-el-campamento-de-verano-de-la-fundacion-real-madrid-en-casa-de-campo\/\" \/>\n<meta property=\"og:locale\" content=\"es_ES\" \/>\n<meta property=\"og:type\" content=\"article\" \/>\n<meta property=\"og:title\" content=\"\u00a1Entrena con los mejores en el campamento de verano de la Fundaci\u00f3n Real Madrid en Casa de Campo! | Casa de Campo Living\" \/>\n<meta property=\"og:description\" content=\"Para muchos ni\u00f1os y adolescentes de todo el mundo, \u00a1los veranos son para disfrutar lo que aman! \u00a1La escuela de f\u00fatbol de la Fundaci\u00f3n Real Madrid tendr\u00e1\" \/>\n<meta property=\"og:url\" content=\"https:\/\/casadecampoliving.com\/es\/entrena-con-los-mejores-en-el-campamento-de-verano-de-la-fundacion-real-madrid-en-casa-de-campo\/\" \/>\n<meta property=\"og:site_name\" content=\"Casa de Campo Living\" \/>\n<meta property=\"article:publisher\" content=\"https:\/\/www.facebook.com\/casadecampoliving\" \/>\n<meta property=\"article:published_time\" content=\"2018-06-04T04:00:00+00:00\" \/>\n<meta property=\"article:modified_time\" content=\"2022-10-21T23:12:20+00:00\" \/>\n<meta property=\"og:image\" content=\"https:\/\/casadecampoliving-wp.s3-accelerate.amazonaws.com\/2018\/06\/RMCD1.jpg\" \/>\n<meta name=\"author\" content=\"Marlenys Guzm\u00e1n Casta\u00f1os\" \/>\n<meta name=\"twitter:card\" content=\"summary_large_image\" \/>\n<meta name=\"twitter:creator\" content=\"@cdcliving\" \/>\n<meta name=\"twitter:site\" content=\"@cdcliving\" \/>\n<meta name=\"twitter:label1\" content=\"Escrito por\" \/>\n\t<meta name=\"twitter:data1\" content=\"Marlenys Guzm\u00e1n Casta\u00f1os\" \/>\n\t<meta name=\"twitter:label2\" content=\"Tiempo de lectura\" \/>\n\t<meta name=\"twitter:data2\" content=\"3 minutos\" \/>\n<script type=\"application\/ld+json\" class=\"yoast-schema-graph\">{\"@context\":\"https:\\\/\\\/schema.org\",\"@graph\":[{\"@type\":\"Article\",\"@id\":\"https:\\\/\\\/casadecampoliving.com\\\/es\\\/entrena-con-los-mejores-en-el-campamento-de-verano-de-la-fundacion-real-madrid-en-casa-de-campo\\\/#article\",\"isPartOf\":{\"@id\":\"https:\\\/\\\/casadecampoliving.com\\\/es\\\/entrena-con-los-mejores-en-el-campamento-de-verano-de-la-fundacion-real-madrid-en-casa-de-campo\\\/\"},\"author\":{\"name\":\"Marlenys Guzm\u00e1n Casta\u00f1os\",\"@id\":\"https:\\\/\\\/casadecampoliving.com\\\/es\\\/#\\\/schema\\\/person\\\/b6606bd87f9cec8f5903e2141cafda24\"},\"headline\":\"\u00a1Entrena con los mejores en el campamento de verano de la Fundaci\u00f3n Real Madrid en Casa de Campo!\",\"datePublished\":\"2018-06-04T04:00:00+00:00\",\"dateModified\":\"2022-10-21T23:12:20+00:00\",\"mainEntityOfPage\":{\"@id\":\"https:\\\/\\\/casadecampoliving.com\\\/es\\\/entrena-con-los-mejores-en-el-campamento-de-verano-de-la-fundacion-real-madrid-en-casa-de-campo\\\/\"},\"wordCount\":533,\"publisher\":{\"@id\":\"https:\\\/\\\/casadecampoliving.com\\\/es\\\/#organization\"},\"image\":{\"@id\":\"https:\\\/\\\/casadecampoliving.com\\\/es\\\/entrena-con-los-mejores-en-el-campamento-de-verano-de-la-fundacion-real-madrid-en-casa-de-campo\\\/#primaryimage\"},\"thumbnailUrl\":\"https:\\\/\\\/i0.wp.com\\\/casadecampoliving-wp.s3-accelerate.amazonaws.com\\\/2018\\\/06\\\/RMCD1.jpg?resize=1000%2C667&amp;ssl=1\",\"keywords\":[\"Academia de F\u00fatbol\",\"APRENDA\",\"campamento de verano\",\"cancha\",\"Casa de Campo\",\"ESCUELA DE FUTBOL\",\"Featured-TopView @es\",\"Fundaci\u00f3n ARMID\",\"Fundaci\u00f3n Real Madrid\",\"futbol\",\"ni\u00f1os\",\"Valores\"],\"articleSection\":[\"Deportes\",\"Estilo de Vida\",\"Noticias Locales\",\"Proximamente\",\"Rep\u00fablica Dominicana @es\",\"Resort Casa de Campo\",\"Salud\",\"Uncategorized @es\"],\"inLanguage\":\"es\"},{\"@type\":\"WebPage\",\"@id\":\"https:\\\/\\\/casadecampoliving.com\\\/es\\\/entrena-con-los-mejores-en-el-campamento-de-verano-de-la-fundacion-real-madrid-en-casa-de-campo\\\/\",\"url\":\"https:\\\/\\\/casadecampoliving.com\\\/es\\\/entrena-con-los-mejores-en-el-campamento-de-verano-de-la-fundacion-real-madrid-en-casa-de-campo\\\/\",\"name\":\"\u00a1Entrena con los mejores en el campamento de verano de la Fundaci\u00f3n Real Madrid en Casa de Campo! | Casa de Campo Living\",\"isPartOf\":{\"@id\":\"https:\\\/\\\/casadecampoliving.com\\\/es\\\/#website\"},\"primaryImageOfPage\":{\"@id\":\"https:\\\/\\\/casadecampoliving.com\\\/es\\\/entrena-con-los-mejores-en-el-campamento-de-verano-de-la-fundacion-real-madrid-en-casa-de-campo\\\/#primaryimage\"},\"image\":{\"@id\":\"https:\\\/\\\/casadecampoliving.com\\\/es\\\/entrena-con-los-mejores-en-el-campamento-de-verano-de-la-fundacion-real-madrid-en-casa-de-campo\\\/#primaryimage\"},\"thumbnailUrl\":\"https:\\\/\\\/i0.wp.com\\\/casadecampoliving-wp.s3-accelerate.amazonaws.com\\\/2018\\\/06\\\/RMCD1.jpg?resize=1000%2C667&amp;ssl=1\",\"datePublished\":\"2018-06-04T04:00:00+00:00\",\"dateModified\":\"2022-10-21T23:12:20+00:00\",\"description\":\"Para muchos ni\u00f1os y adolescentes de todo el mundo, \u00a1los veranos son para disfrutar lo que aman! \u00a1La escuela de f\u00fatbol de la Fundaci\u00f3n Real Madrid tendr\u00e1\",\"breadcrumb\":{\"@id\":\"https:\\\/\\\/casadecampoliving.com\\\/es\\\/entrena-con-los-mejores-en-el-campamento-de-verano-de-la-fundacion-real-madrid-en-casa-de-campo\\\/#breadcrumb\"},\"inLanguage\":\"es\",\"potentialAction\":[{\"@type\":\"ReadAction\",\"target\":[\"https:\\\/\\\/casadecampoliving.com\\\/es\\\/entrena-con-los-mejores-en-el-campamento-de-verano-de-la-fundacion-real-madrid-en-casa-de-campo\\\/\"]}]},{\"@type\":\"ImageObject\",\"inLanguage\":\"es\",\"@id\":\"https:\\\/\\\/casadecampoliving.com\\\/es\\\/entrena-con-los-mejores-en-el-campamento-de-verano-de-la-fundacion-real-madrid-en-casa-de-campo\\\/#primaryimage\",\"url\":\"https:\\\/\\\/i0.wp.com\\\/casadecampoliving-wp.s3-accelerate.amazonaws.com\\\/2018\\\/06\\\/RMCD1.jpg?resize=1000%2C667&amp;ssl=1\",\"contentUrl\":\"https:\\\/\\\/i0.wp.com\\\/casadecampoliving-wp.s3-accelerate.amazonaws.com\\\/2018\\\/06\\\/RMCD1.jpg?resize=1000%2C667&amp;ssl=1\"},{\"@type\":\"BreadcrumbList\",\"@id\":\"https:\\\/\\\/casadecampoliving.com\\\/es\\\/entrena-con-los-mejores-en-el-campamento-de-verano-de-la-fundacion-real-madrid-en-casa-de-campo\\\/#breadcrumb\",\"itemListElement\":[{\"@type\":\"ListItem\",\"position\":1,\"name\":\"Home\",\"item\":\"https:\\\/\\\/casadecampoliving.com\\\/es\\\/\"},{\"@type\":\"ListItem\",\"position\":2,\"name\":\"\u00a1Entrena con los mejores en el campamento de verano de la Fundaci\u00f3n Real Madrid en Casa de Campo!\"}]},{\"@type\":\"WebSite\",\"@id\":\"https:\\\/\\\/casadecampoliving.com\\\/es\\\/#website\",\"url\":\"https:\\\/\\\/casadecampoliving.com\\\/es\\\/\",\"name\":\"Casa de Campo Living\",\"description\":\"Resort community news and resources.\",\"publisher\":{\"@id\":\"https:\\\/\\\/casadecampoliving.com\\\/es\\\/#organization\"},\"potentialAction\":[{\"@type\":\"SearchAction\",\"target\":{\"@type\":\"EntryPoint\",\"urlTemplate\":\"https:\\\/\\\/casadecampoliving.com\\\/es\\\/?s={search_term_string}\"},\"query-input\":{\"@type\":\"PropertyValueSpecification\",\"valueRequired\":true,\"valueName\":\"search_term_string\"}}],\"inLanguage\":\"es\"},{\"@type\":\"Organization\",\"@id\":\"https:\\\/\\\/casadecampoliving.com\\\/es\\\/#organization\",\"name\":\"Casa de Campo Living\",\"url\":\"https:\\\/\\\/casadecampoliving.com\\\/es\\\/\",\"logo\":{\"@type\":\"ImageObject\",\"inLanguage\":\"es\",\"@id\":\"https:\\\/\\\/casadecampoliving.com\\\/es\\\/#\\\/schema\\\/logo\\\/image\\\/\",\"url\":\"https:\\\/\\\/i0.wp.com\\\/casadecampoliving.com\\\/wp-content\\\/uploads\\\/2022\\\/07\\\/CDCLivingLogo_V1-white-sized.png?fit=800%2C214&ssl=1\",\"contentUrl\":\"https:\\\/\\\/i0.wp.com\\\/casadecampoliving.com\\\/wp-content\\\/uploads\\\/2022\\\/07\\\/CDCLivingLogo_V1-white-sized.png?fit=800%2C214&ssl=1\",\"width\":800,\"height\":214,\"caption\":\"Casa de Campo Living\"},\"image\":{\"@id\":\"https:\\\/\\\/casadecampoliving.com\\\/es\\\/#\\\/schema\\\/logo\\\/image\\\/\"},\"sameAs\":[\"https:\\\/\\\/www.facebook.com\\\/casadecampoliving\",\"https:\\\/\\\/x.com\\\/cdcliving\"]},{\"@type\":\"Person\",\"@id\":\"https:\\\/\\\/casadecampoliving.com\\\/es\\\/#\\\/schema\\\/person\\\/b6606bd87f9cec8f5903e2141cafda24\",\"name\":\"Marlenys Guzm\u00e1n Casta\u00f1os\",\"image\":{\"@type\":\"ImageObject\",\"inLanguage\":\"es\",\"@id\":\"https:\\\/\\\/secure.gravatar.com\\\/avatar\\\/72f3f86b8e6b3ec744201aeadf11d4a6055e8af194aecd9ad30ffff4437878ee?s=96&d=mm&r=g\",\"url\":\"https:\\\/\\\/secure.gravatar.com\\\/avatar\\\/72f3f86b8e6b3ec744201aeadf11d4a6055e8af194aecd9ad30ffff4437878ee?s=96&d=mm&r=g\",\"contentUrl\":\"https:\\\/\\\/secure.gravatar.com\\\/avatar\\\/72f3f86b8e6b3ec744201aeadf11d4a6055e8af194aecd9ad30ffff4437878ee?s=96&d=mm&r=g\",\"caption\":\"Marlenys Guzm\u00e1n Casta\u00f1os\"},\"url\":\"https:\\\/\\\/casadecampoliving.com\\\/es\\\/author\\\/mguzman\\\/\"}]}<\/script>\n<!-- \/ Yoast SEO plugin. -->","yoast_head_json":{"title":"\u00a1Entrena con los mejores en el campamento de verano de la Fundaci\u00f3n Real Madrid en Casa de Campo! | Casa de Campo Living","description":"Para muchos ni\u00f1os y adolescentes de todo el mundo, \u00a1los veranos son para disfrutar lo que aman! \u00a1La escuela de f\u00fatbol de la Fundaci\u00f3n Real Madrid tendr\u00e1","robots":{"index":"index","follow":"follow","max-snippet":"max-snippet:-1","max-image-preview":"max-image-preview:large","max-video-preview":"max-video-preview:-1"},"canonical":"https:\/\/casadecampoliving.com\/es\/entrena-con-los-mejores-en-el-campamento-de-verano-de-la-fundacion-real-madrid-en-casa-de-campo\/","og_locale":"es_ES","og_type":"article","og_title":"\u00a1Entrena con los mejores en el campamento de verano de la Fundaci\u00f3n Real Madrid en Casa de Campo! | Casa de Campo Living","og_description":"Para muchos ni\u00f1os y adolescentes de todo el mundo, \u00a1los veranos son para disfrutar lo que aman! \u00a1La escuela de f\u00fatbol de la Fundaci\u00f3n Real Madrid tendr\u00e1","og_url":"https:\/\/casadecampoliving.com\/es\/entrena-con-los-mejores-en-el-campamento-de-verano-de-la-fundacion-real-madrid-en-casa-de-campo\/","og_site_name":"Casa de Campo Living","article_publisher":"https:\/\/www.facebook.com\/casadecampoliving","article_published_time":"2018-06-04T04:00:00+00:00","article_modified_time":"2022-10-21T23:12:20+00:00","og_image":[{"url":"https:\/\/casadecampoliving-wp.s3-accelerate.amazonaws.com\/2018\/06\/RMCD1.jpg","type":"","width":"","height":""}],"author":"Marlenys Guzm\u00e1n Casta\u00f1os","twitter_card":"summary_large_image","twitter_creator":"@cdcliving","twitter_site":"@cdcliving","twitter_misc":{"Escrito por":"Marlenys Guzm\u00e1n Casta\u00f1os","Tiempo de lectura":"3 minutos"},"schema":{"@context":"https:\/\/schema.org","@graph":[{"@type":"Article","@id":"https:\/\/casadecampoliving.com\/es\/entrena-con-los-mejores-en-el-campamento-de-verano-de-la-fundacion-real-madrid-en-casa-de-campo\/#article","isPartOf":{"@id":"https:\/\/casadecampoliving.com\/es\/entrena-con-los-mejores-en-el-campamento-de-verano-de-la-fundacion-real-madrid-en-casa-de-campo\/"},"author":{"name":"Marlenys Guzm\u00e1n Casta\u00f1os","@id":"https:\/\/casadecampoliving.com\/es\/#\/schema\/person\/b6606bd87f9cec8f5903e2141cafda24"},"headline":"\u00a1Entrena con los mejores en el campamento de verano de la Fundaci\u00f3n Real Madrid en Casa de Campo!","datePublished":"2018-06-04T04:00:00+00:00","dateModified":"2022-10-21T23:12:20+00:00","mainEntityOfPage":{"@id":"https:\/\/casadecampoliving.com\/es\/entrena-con-los-mejores-en-el-campamento-de-verano-de-la-fundacion-real-madrid-en-casa-de-campo\/"},"wordCount":533,"publisher":{"@id":"https:\/\/casadecampoliving.com\/es\/#organization"},"image":{"@id":"https:\/\/casadecampoliving.com\/es\/entrena-con-los-mejores-en-el-campamento-de-verano-de-la-fundacion-real-madrid-en-casa-de-campo\/#primaryimage"},"thumbnailUrl":"https:\/\/i0.wp.com\/casadecampoliving-wp.s3-accelerate.amazonaws.com\/2018\/06\/RMCD1.jpg?resize=1000%2C667&amp;ssl=1","keywords":["Academia de F\u00fatbol","APRENDA","campamento de verano","cancha","Casa de Campo","ESCUELA DE FUTBOL","Featured-TopView @es","Fundaci\u00f3n ARMID","Fundaci\u00f3n Real Madrid","futbol","ni\u00f1os","Valores"],"articleSection":["Deportes","Estilo de Vida","Noticias Locales","Proximamente","Rep\u00fablica Dominicana @es","Resort Casa de Campo","Salud","Uncategorized @es"],"inLanguage":"es"},{"@type":"WebPage","@id":"https:\/\/casadecampoliving.com\/es\/entrena-con-los-mejores-en-el-campamento-de-verano-de-la-fundacion-real-madrid-en-casa-de-campo\/","url":"https:\/\/casadecampoliving.com\/es\/entrena-con-los-mejores-en-el-campamento-de-verano-de-la-fundacion-real-madrid-en-casa-de-campo\/","name":"\u00a1Entrena con los mejores en el campamento de verano de la Fundaci\u00f3n Real Madrid en Casa de Campo! | Casa de Campo Living","isPartOf":{"@id":"https:\/\/casadecampoliving.com\/es\/#website"},"primaryImageOfPage":{"@id":"https:\/\/casadecampoliving.com\/es\/entrena-con-los-mejores-en-el-campamento-de-verano-de-la-fundacion-real-madrid-en-casa-de-campo\/#primaryimage"},"image":{"@id":"https:\/\/casadecampoliving.com\/es\/entrena-con-los-mejores-en-el-campamento-de-verano-de-la-fundacion-real-madrid-en-casa-de-campo\/#primaryimage"},"thumbnailUrl":"https:\/\/i0.wp.com\/casadecampoliving-wp.s3-accelerate.amazonaws.com\/2018\/06\/RMCD1.jpg?resize=1000%2C667&amp;ssl=1","datePublished":"2018-06-04T04:00:00+00:00","dateModified":"2022-10-21T23:12:20+00:00","description":"Para muchos ni\u00f1os y adolescentes de todo el mundo, \u00a1los veranos son para disfrutar lo que aman! \u00a1La escuela de f\u00fatbol de la Fundaci\u00f3n Real Madrid tendr\u00e1","breadcrumb":{"@id":"https:\/\/casadecampoliving.com\/es\/entrena-con-los-mejores-en-el-campamento-de-verano-de-la-fundacion-real-madrid-en-casa-de-campo\/#breadcrumb"},"inLanguage":"es","potentialAction":[{"@type":"ReadAction","target":["https:\/\/casadecampoliving.com\/es\/entrena-con-los-mejores-en-el-campamento-de-verano-de-la-fundacion-real-madrid-en-casa-de-campo\/"]}]},{"@type":"ImageObject","inLanguage":"es","@id":"https:\/\/casadecampoliving.com\/es\/entrena-con-los-mejores-en-el-campamento-de-verano-de-la-fundacion-real-madrid-en-casa-de-campo\/#primaryimage","url":"https:\/\/i0.wp.com\/casadecampoliving-wp.s3-accelerate.amazonaws.com\/2018\/06\/RMCD1.jpg?resize=1000%2C667&amp;ssl=1","contentUrl":"https:\/\/i0.wp.com\/casadecampoliving-wp.s3-accelerate.amazonaws.com\/2018\/06\/RMCD1.jpg?resize=1000%2C667&amp;ssl=1"},{"@type":"BreadcrumbList","@id":"https:\/\/casadecampoliving.com\/es\/entrena-con-los-mejores-en-el-campamento-de-verano-de-la-fundacion-real-madrid-en-casa-de-campo\/#breadcrumb","itemListElement":[{"@type":"ListItem","position":1,"name":"Home","item":"https:\/\/casadecampoliving.com\/es\/"},{"@type":"ListItem","position":2,"name":"\u00a1Entrena con los mejores en el campamento de verano de la Fundaci\u00f3n Real Madrid en Casa de Campo!"}]},{"@type":"WebSite","@id":"https:\/\/casadecampoliving.com\/es\/#website","url":"https:\/\/casadecampoliving.com\/es\/","name":"Casa de Campo Living","description":"Resort community news and resources.","publisher":{"@id":"https:\/\/casadecampoliving.com\/es\/#organization"},"potentialAction":[{"@type":"SearchAction","target":{"@type":"EntryPoint","urlTemplate":"https:\/\/casadecampoliving.com\/es\/?s={search_term_string}"},"query-input":{"@type":"PropertyValueSpecification","valueRequired":true,"valueName":"search_term_string"}}],"inLanguage":"es"},{"@type":"Organization","@id":"https:\/\/casadecampoliving.com\/es\/#organization","name":"Casa de Campo Living","url":"https:\/\/casadecampoliving.com\/es\/","logo":{"@type":"ImageObject","inLanguage":"es","@id":"https:\/\/casadecampoliving.com\/es\/#\/schema\/logo\/image\/","url":"https:\/\/i0.wp.com\/casadecampoliving.com\/wp-content\/uploads\/2022\/07\/CDCLivingLogo_V1-white-sized.png?fit=800%2C214&ssl=1","contentUrl":"https:\/\/i0.wp.com\/casadecampoliving.com\/wp-content\/uploads\/2022\/07\/CDCLivingLogo_V1-white-sized.png?fit=800%2C214&ssl=1","width":800,"height":214,"caption":"Casa de Campo Living"},"image":{"@id":"https:\/\/casadecampoliving.com\/es\/#\/schema\/logo\/image\/"},"sameAs":["https:\/\/www.facebook.com\/casadecampoliving","https:\/\/x.com\/cdcliving"]},{"@type":"Person","@id":"https:\/\/casadecampoliving.com\/es\/#\/schema\/person\/b6606bd87f9cec8f5903e2141cafda24","name":"Marlenys Guzm\u00e1n Casta\u00f1os","image":{"@type":"ImageObject","inLanguage":"es","@id":"https:\/\/secure.gravatar.com\/avatar\/72f3f86b8e6b3ec744201aeadf11d4a6055e8af194aecd9ad30ffff4437878ee?s=96&d=mm&r=g","url":"https:\/\/secure.gravatar.com\/avatar\/72f3f86b8e6b3ec744201aeadf11d4a6055e8af194aecd9ad30ffff4437878ee?s=96&d=mm&r=g","contentUrl":"https:\/\/secure.gravatar.com\/avatar\/72f3f86b8e6b3ec744201aeadf11d4a6055e8af194aecd9ad30ffff4437878ee?s=96&d=mm&r=g","caption":"Marlenys Guzm\u00e1n Casta\u00f1os"},"url":"https:\/\/casadecampoliving.com\/es\/author\/mguzman\/"}]}},"parsely":{"version":"1.1.0","canonical_url":"https:\/\/casadecampoliving.com\/es\/entrena-con-los-mejores-en-el-campamento-de-verano-de-la-fundacion-real-madrid-en-casa-de-campo\/","smart_links":{"inbound":0,"outbound":0},"traffic_boost_suggestions_count":0,"meta":{"@context":"https:\/\/schema.org","@type":"NewsArticle","headline":"\u00a1Entrena con los mejores en el campamento de verano de la Fundaci\u00f3n Real Madrid en Casa de Campo!","url":"http:\/\/casadecampoliving.com\/es\/entrena-con-los-mejores-en-el-campamento-de-verano-de-la-fundacion-real-madrid-en-casa-de-campo\/","mainEntityOfPage":{"@type":"WebPage","@id":"http:\/\/casadecampoliving.com\/es\/entrena-con-los-mejores-en-el-campamento-de-verano-de-la-fundacion-real-madrid-en-casa-de-campo\/"},"thumbnailUrl":"","image":{"@type":"ImageObject","url":""},"articleSection":"Deportes","author":[{"@type":"Person","name":"Marlenys Guzm\u00e1n Casta\u00f1os"}],"creator":["Marlenys Guzm\u00e1n Casta\u00f1os"],"publisher":{"@type":"Organization","name":"Casa de Campo Living","logo":"https:\/\/casadecampoliving.com\/wp-content\/uploads\/2022\/07\/CDCLivingLogo_V1-white-sized.png"},"keywords":["academia de f\u00fatbol","aprenda","campamento de verano","cancha","casa de campo","escuela de futbol","featured-topview @es","fundaci\u00f3n armid","fundaci\u00f3n real madrid","futbol","ni\u00f1os","valores"],"dateCreated":"2018-06-04T04:00:00Z","datePublished":"2018-06-04T04:00:00Z","dateModified":"2022-10-21T23:12:20Z"},"rendered":"<script type=\"application\/ld+json\" class=\"wp-parsely-metadata\">{\"@context\":\"https:\\\/\\\/schema.org\",\"@type\":\"NewsArticle\",\"headline\":\"\\u00a1Entrena con los mejores en el campamento de verano de la Fundaci\\u00f3n Real Madrid en Casa de Campo!\",\"url\":\"http:\\\/\\\/casadecampoliving.com\\\/es\\\/entrena-con-los-mejores-en-el-campamento-de-verano-de-la-fundacion-real-madrid-en-casa-de-campo\\\/\",\"mainEntityOfPage\":{\"@type\":\"WebPage\",\"@id\":\"http:\\\/\\\/casadecampoliving.com\\\/es\\\/entrena-con-los-mejores-en-el-campamento-de-verano-de-la-fundacion-real-madrid-en-casa-de-campo\\\/\"},\"thumbnailUrl\":\"\",\"image\":{\"@type\":\"ImageObject\",\"url\":\"\"},\"articleSection\":\"Deportes\",\"author\":[{\"@type\":\"Person\",\"name\":\"Marlenys Guzm\\u00e1n Casta\\u00f1os\"}],\"creator\":[\"Marlenys Guzm\\u00e1n Casta\\u00f1os\"],\"publisher\":{\"@type\":\"Organization\",\"name\":\"Casa de Campo Living\",\"logo\":\"https:\\\/\\\/casadecampoliving.com\\\/wp-content\\\/uploads\\\/2022\\\/07\\\/CDCLivingLogo_V1-white-sized.png\"},\"keywords\":[\"academia de f\\u00fatbol\",\"aprenda\",\"campamento de verano\",\"cancha\",\"casa de campo\",\"escuela de futbol\",\"featured-topview @es\",\"fundaci\\u00f3n armid\",\"fundaci\\u00f3n real madrid\",\"futbol\",\"ni\\u00f1os\",\"valores\"],\"dateCreated\":\"2018-06-04T04:00:00Z\",\"datePublished\":\"2018-06-04T04:00:00Z\",\"dateModified\":\"2022-10-21T23:12:20Z\"}<\/script>","tracker_url":"https:\/\/cdn.parsely.com\/keys\/casadecampoliving.com\/p.js"},"jetpack_publicize_connections":[],"jetpack_featured_media_url":"","jetpack-related-posts":[{"id":352866,"url":"https:\/\/casadecampoliving.com\/es\/el-futbol-vuelve-para-una-nueva-temporada-con-la-escuela-de-la-fundacion-real-madrid-en-casa-de-campo\/","url_meta":{"origin":352690,"position":0},"title":"\u00a1El f\u00fatbol vuelve para una nueva temporada con la escuela de la Fundaci\u00f3n Real Madrid en Casa de Campo!","author":"Marlenys Guzm\u00e1n Casta\u00f1os","date":"10 Sep, 2018","format":false,"excerpt":"Desde que se anunci\u00f3 la alianza de Casa de Campo con Fundaci\u00f3n ARMID el a\u00f1o pasado, toda la comunidad de Casa de Campo ha estado muy entusiasmada con el regreso del f\u00fatbol al \u00e1mbito deportivo de Casa de Campo. Ahora que ha comenzado un nuevo a\u00f1o escolar, tambi\u00e9n lo har\u00e1\u2026","rel":"","context":"En \u00abDeportes\u00bb","block_context":{"text":"Deportes","link":"https:\/\/casadecampoliving.com\/es\/category\/golf-deportes-es\/"},"img":{"alt_text":"","src":"https:\/\/i0.wp.com\/casadecampoliving-wp.s3-accelerate.amazonaws.com\/2018\/09\/20180310_112123.jpg?resize=350%2C200&ssl=1","width":350,"height":200,"srcset":"https:\/\/i0.wp.com\/casadecampoliving-wp.s3-accelerate.amazonaws.com\/2018\/09\/20180310_112123.jpg?resize=350%2C200&ssl=1 1x, https:\/\/i0.wp.com\/casadecampoliving-wp.s3-accelerate.amazonaws.com\/2018\/09\/20180310_112123.jpg?resize=525%2C300&ssl=1 1.5x, https:\/\/i0.wp.com\/casadecampoliving-wp.s3-accelerate.amazonaws.com\/2018\/09\/20180310_112123.jpg?resize=700%2C400&ssl=1 2x"},"classes":[]},{"id":519518,"url":"https:\/\/casadecampoliving.com\/es\/campamento-de-futbol-inicia-el-proximo-10-de-julio\/","url_meta":{"origin":352690,"position":1},"title":"Campamento de f\u00fatbol inicia el pr\u00f3ximo 10 de julio","author":"Mairobi Herrera","date":"3 Jul, 2023","format":false,"excerpt":"El pr\u00f3ximo 10 de julio inicia el campamento de verano especializado en f\u00fatbol de la Escuela de Futbol de la Fundaci\u00f3n Real Madrid, en Casa de Campo, donde los participantes podr\u00e1n aprender y mejorar sus habilidades en el juego. El campamento se realizar\u00e1 de lunes a viernes, de 9:00 de\u2026","rel":"","context":"En \u00abComunidad\u00bb","block_context":{"text":"Comunidad","link":"https:\/\/casadecampoliving.com\/es\/category\/comunidad\/"},"img":{"alt_text":"","src":"https:\/\/i0.wp.com\/casadecampoliving.com\/wp-content\/uploads\/2022\/10\/Armid-real-madrid.jpg?fit=1000%2C667&ssl=1&resize=350%2C200","width":350,"height":200,"srcset":"https:\/\/i0.wp.com\/casadecampoliving.com\/wp-content\/uploads\/2022\/10\/Armid-real-madrid.jpg?fit=1000%2C667&ssl=1&resize=350%2C200 1x, https:\/\/i0.wp.com\/casadecampoliving.com\/wp-content\/uploads\/2022\/10\/Armid-real-madrid.jpg?fit=1000%2C667&ssl=1&resize=525%2C300 1.5x, https:\/\/i0.wp.com\/casadecampoliving.com\/wp-content\/uploads\/2022\/10\/Armid-real-madrid.jpg?fit=1000%2C667&ssl=1&resize=700%2C400 2x"},"classes":[]},{"id":354082,"url":"https:\/\/casadecampoliving.com\/es\/registrate-hoy-entrena-con-los-mejores-en-la-escuela-de-verano-2021-fundacion-real-madrid-en-casa-de-campo\/","url_meta":{"origin":352690,"position":2},"title":"\u00a1Inscripciones abiertas! \u00a1Entrena con los mejores en la escuela de verano 2021 Fundaci\u00f3n Real Madrid en Casa de Campo!","author":"Casa de Campo Living","date":"14 Jun, 2021","format":false,"excerpt":"Para muchos ni\u00f1os y adolescentes de todo el mundo, \u00a1los veranos son para disfrutar de lo que amas! \u00a1La escuela de f\u00fatbol de la Fundaci\u00f3n Real Madrid ha decidido extender su programa de entrenamiento para que todos los j\u00f3venes futbolistas de nuestra comunidad puedan tener la oportunidad de practicar y\u2026","rel":"","context":"En \u00abCasa de Campo Living @es\u00bb","block_context":{"text":"Casa de Campo Living @es","link":"https:\/\/casadecampoliving.com\/category\/casa-de-campo-living-es\/"},"img":{"alt_text":"","src":"https:\/\/i0.wp.com\/casadecampoliving.com\/wp-content\/uploads\/2022\/10\/EJ4B4567-1.jpg?fit=1000%2C668&ssl=1&resize=350%2C200","width":350,"height":200,"srcset":"https:\/\/i0.wp.com\/casadecampoliving.com\/wp-content\/uploads\/2022\/10\/EJ4B4567-1.jpg?fit=1000%2C668&ssl=1&resize=350%2C200 1x, https:\/\/i0.wp.com\/casadecampoliving.com\/wp-content\/uploads\/2022\/10\/EJ4B4567-1.jpg?fit=1000%2C668&ssl=1&resize=525%2C300 1.5x, https:\/\/i0.wp.com\/casadecampoliving.com\/wp-content\/uploads\/2022\/10\/EJ4B4567-1.jpg?fit=1000%2C668&ssl=1&resize=700%2C400 2x"},"classes":[]},{"id":353656,"url":"https:\/\/casadecampoliving.com\/es\/el-futbol-vuelve-para-una-nueva-temporada-en-casa-de-campo-con-la-escuela-de-la-fundacion-real-madrid\/","url_meta":{"origin":352690,"position":3},"title":"\u00a1El f\u00fatbol vuelve para una nueva temporada en Casa de Campo con la Escuela de la Fundaci\u00f3n Real Madrid y con Sede permanente!","author":"Casa de Campo Living","date":"31 Dic, 2019","format":false,"excerpt":"Desde que se anunci\u00f3 la alianza de Casa de Campo con Fundaci\u00f3n ARMID en 2017, toda la comunidad de Casa de Campo ha estado muy entusiasmada con el regreso del f\u00fatbol al repertorio deportivo de Casa de Campo. Ahora que comienza un nuevo a\u00f1o, tambi\u00e9n la nueva temporada de la\u2026","rel":"","context":"En \u00abDeportes\u00bb","block_context":{"text":"Deportes","link":"https:\/\/casadecampoliving.com\/es\/category\/golf-deportes-es\/"},"img":{"alt_text":"","src":"https:\/\/i0.wp.com\/casadecampoliving.com\/wp-content\/uploads\/2022\/10\/Armid-real-madrid.jpg?fit=1000%2C667&ssl=1&resize=350%2C200","width":350,"height":200,"srcset":"https:\/\/i0.wp.com\/casadecampoliving.com\/wp-content\/uploads\/2022\/10\/Armid-real-madrid.jpg?fit=1000%2C667&ssl=1&resize=350%2C200 1x, https:\/\/i0.wp.com\/casadecampoliving.com\/wp-content\/uploads\/2022\/10\/Armid-real-madrid.jpg?fit=1000%2C667&ssl=1&resize=525%2C300 1.5x, https:\/\/i0.wp.com\/casadecampoliving.com\/wp-content\/uploads\/2022\/10\/Armid-real-madrid.jpg?fit=1000%2C667&ssl=1&resize=700%2C400 2x"},"classes":[]},{"id":353719,"url":"https:\/\/casadecampoliving.com\/es\/esta-invitado-inauguracion-de-la-sede-permanente-de-la-escuela-de-futbol-fundacion-real-madrid-en-casa-de-campo\/","url_meta":{"origin":352690,"position":4},"title":"\u00a1Est\u00e1 invitado! Inauguraci\u00f3n de la sede permanente de la Escuela de F\u00fatbol Fundaci\u00f3n Real Madrid en Casa de Campo","author":"Casa de Campo Living","date":"9 Mar, 2020","format":false,"excerpt":"\u00a1Est\u00e1s invitado a la inauguraci\u00f3n de la tercera sede de la Escuela de F\u00fatbol Fundaci\u00f3n Real Madrid en la Rep\u00fablica Dominicana! Desde que Casa de Campo anunci\u00f3 su alianza con la Fundaci\u00f3n ARMID en 2017, toda la comunidad de Casa de Campo ha estado muy entusiasmada por tener una escuela\u2026","rel":"","context":"En \u00abDeportes\u00bb","block_context":{"text":"Deportes","link":"https:\/\/casadecampoliving.com\/es\/category\/golf-deportes-es\/"},"img":{"alt_text":"","src":"https:\/\/i0.wp.com\/casadecampoliving.com\/wp-content\/uploads\/2022\/10\/BDC_2698-1-real-madrid-1.jpg?fit=1000%2C667&ssl=1&resize=350%2C200","width":350,"height":200,"srcset":"https:\/\/i0.wp.com\/casadecampoliving.com\/wp-content\/uploads\/2022\/10\/BDC_2698-1-real-madrid-1.jpg?fit=1000%2C667&ssl=1&resize=350%2C200 1x, https:\/\/i0.wp.com\/casadecampoliving.com\/wp-content\/uploads\/2022\/10\/BDC_2698-1-real-madrid-1.jpg?fit=1000%2C667&ssl=1&resize=525%2C300 1.5x, https:\/\/i0.wp.com\/casadecampoliving.com\/wp-content\/uploads\/2022\/10\/BDC_2698-1-real-madrid-1.jpg?fit=1000%2C667&ssl=1&resize=700%2C400 2x"},"classes":[]},{"id":353723,"url":"https:\/\/casadecampoliving.com\/es\/leyenda-del-futbol-emilio-butragueno-inagura-la-sede-permanente-de-la-escuela-de-futbol-fundacion-real-madrid-en-casa-de-campo\/","url_meta":{"origin":352690,"position":5},"title":"Leyenda del f\u00fatbol, Emilio Butrague\u00f1o, inagura la sede permanente de la Escuela de F\u00fatbol Fundaci\u00f3n Real Madrid en Casa de Campo","author":"Casa de Campo Living","date":"16 Mar, 2020","format":false,"excerpt":"El pasado 10 de Marzo la Fundaci\u00f3n Real Madrid inaugur\u00f3 la tercera sede de su Escuela de F\u00fatbol en Casa de Campo. El acto tuvo lugar en el campo de f\u00fatbol de Casa de Campo en La Romana y cont\u00f3 con la presencia del director de Relaciones Institucionales del Real\u2026","rel":"","context":"En \u00abCasa de Campo Living @es\u00bb","block_context":{"text":"Casa de Campo Living @es","link":"https:\/\/casadecampoliving.com\/category\/casa-de-campo-living-es\/"},"img":{"alt_text":"","src":"https:\/\/i0.wp.com\/casadecampoliving.com\/wp-content\/uploads\/2022\/10\/EJ4B0933.jpg?fit=1000%2C667&ssl=1&resize=350%2C200","width":350,"height":200,"srcset":"https:\/\/i0.wp.com\/casadecampoliving.com\/wp-content\/uploads\/2022\/10\/EJ4B0933.jpg?fit=1000%2C667&ssl=1&resize=350%2C200 1x, https:\/\/i0.wp.com\/casadecampoliving.com\/wp-content\/uploads\/2022\/10\/EJ4B0933.jpg?fit=1000%2C667&ssl=1&resize=525%2C300 1.5x, https:\/\/i0.wp.com\/casadecampoliving.com\/wp-content\/uploads\/2022\/10\/EJ4B0933.jpg?fit=1000%2C667&ssl=1&resize=700%2C400 2x"},"classes":[]}],"jetpack_sharing_enabled":true,"_links":{"self":[{"href":"https:\/\/casadecampoliving.com\/es\/wp-json\/wp\/v2\/posts\/352690","targetHints":{"allow":["GET"]}}],"collection":[{"href":"https:\/\/casadecampoliving.com\/es\/wp-json\/wp\/v2\/posts"}],"about":[{"href":"https:\/\/casadecampoliving.com\/es\/wp-json\/wp\/v2\/types\/post"}],"author":[{"embeddable":true,"href":"https:\/\/casadecampoliving.com\/es\/wp-json\/wp\/v2\/users\/36682"}],"replies":[{"embeddable":true,"href":"https:\/\/casadecampoliving.com\/es\/wp-json\/wp\/v2\/comments?post=352690"}],"version-history":[{"count":1,"href":"https:\/\/casadecampoliving.com\/es\/wp-json\/wp\/v2\/posts\/352690\/revisions"}],"predecessor-version":[{"id":352691,"href":"https:\/\/casadecampoliving.com\/es\/wp-json\/wp\/v2\/posts\/352690\/revisions\/352691"}],"wp:attachment":[{"href":"https:\/\/casadecampoliving.com\/es\/wp-json\/wp\/v2\/media?parent=352690"}],"wp:term":[{"taxonomy":"category","embeddable":true,"href":"https:\/\/casadecampoliving.com\/es\/wp-json\/wp\/v2\/categories?post=352690"},{"taxonomy":"post_tag","embeddable":true,"href":"https:\/\/casadecampoliving.com\/es\/wp-json\/wp\/v2\/tags?post=352690"},{"taxonomy":"newspack_spnsrs_tax","embeddable":true,"href":"https:\/\/casadecampoliving.com\/es\/wp-json\/wp\/v2\/newspack_spnsrs_tax?post=352690"}],"curies":[{"name":"wp","href":"https:\/\/api.w.org\/{rel}","templated":true}]}}