{"id":352655,"date":"2018-05-14T00:00:00","date_gmt":"2018-05-14T04:00:00","guid":{"rendered":"https:\/\/casadecampoliving.com\/cocote-llegara-este-mes-al-cine-al-aire-libre-de-altos-de-chavon\/"},"modified":"2022-10-21T19:10:01","modified_gmt":"2022-10-21T23:10:01","slug":"cocote-llegara-este-mes-al-cine-al-aire-libre-de-altos-de-chavon","status":"publish","type":"post","link":"https:\/\/casadecampoliving.com\/es\/cocote-llegara-este-mes-al-cine-al-aire-libre-de-altos-de-chavon\/","title":{"rendered":"La galardonada pel\u00edcula \u00abCocote\u00bb llegar\u00e1 este mes al cine al aire libre de Altos de Chav\u00f3n"},"content":{"rendered":"\n<p>\u00a1Un nuevo mes, una nueva pel\u00edcula! El cine al aire libre hab\u00eda sido tema de conversaci\u00f3n durante alg\u00fan tiempo, y se hizo realidad con su primera pel\u00edcula <a href=\"https:\/\/casadecampoliving.com\/es\/el-cine-al-aire-libre-de-altos-de-chavon-carpinteros\/\" target=\"_blank\" rel=\"noopener\">\u201cCarpinteros\u201d de Jos\u00e9 Mar\u00eda Cabral.<\/a> Desde entonces, ha mostrado un total de cinco pel\u00edculas dominicanas. \u00a1Este mes, la Direcci\u00f3n General de Cine, la Escuela de Dise\u00f1o de Chavon y Casa de Campo lo invitan a disfrutar de otra proyecci\u00f3n bajo las estrellas en el anfiteatro de renombre mundial! \u00a1El cine al aire libre mostrar\u00e1 Cocote el mi\u00e9rcoles 30 de mayo!<br>\n<\/p>\n\n\n\n<!--more-->\n\n\n<div class=\"wp-block-image\">\n<figure class=\"aligncenter is-resized\"><img loading=\"lazy\" decoding=\"async\" src=\"https:\/\/i0.wp.com\/casadecampoliving-wp.s3-accelerate.amazonaws.com\/2018\/05\/cocote-2-1024x558.jpg?resize=1000%2C545&amp;ssl=1\" alt=\"\" class=\"wp-image-158973\" height=\"545\" width=\"1000\" srcset=\"https:\/\/i0.wp.com\/casadecampoliving.com\/wp-content\/uploads\/2018\/05\/cocote-2.jpg?resize=1024%2C558&amp;ssl=1 1024w, https:\/\/i0.wp.com\/casadecampoliving.com\/wp-content\/uploads\/2018\/05\/cocote-2.jpg?resize=300%2C163&amp;ssl=1 300w, https:\/\/i0.wp.com\/casadecampoliving.com\/wp-content\/uploads\/2018\/05\/cocote-2.jpg?resize=768%2C419&amp;ssl=1 768w, https:\/\/i0.wp.com\/casadecampoliving.com\/wp-content\/uploads\/2018\/05\/cocote-2.jpg?w=2048&amp;ssl=1 2048w, https:\/\/i0.wp.com\/casadecampoliving-wp.s3-accelerate.amazonaws.com\/2018\/05\/cocote-2-1024x558.jpg?w=370 370w, https:\/\/i0.wp.com\/casadecampoliving-wp.s3-accelerate.amazonaws.com\/2018\/05\/cocote-2-1024x558.jpg?w=400 400w\" sizes=\"auto, (max-width: 1000px) 100vw, 1000px\" \/><\/figure>\n<\/div>\n\n\n<p><em>Cocote<\/em> est\u00e1 dirigido por Nelson Carlo De Los Santos Arias. Nacido en Santo Domingo en 1985, estudi\u00f3 cinematograf\u00eda en Buenos Aires y en el Edinburgh College of Art, donde comenz\u00f3 a hacer pel\u00edculas experimentales. M\u00e1s tarde recibi\u00f3 su MFA en cine y video en CalArts donde dirigi\u00f3 un ensayo para su tesis, Santa Teresa Y Otra Historias (2015), que gan\u00f3 el Premio Georges de Beauregard en Marsella y luego fue seleccionado en Toronto. Firm\u00f3 varios cortometrajes, entre ellos Le Dernier des bombons (2011) y Lullabies (2014).<\/p>\n\n\n\n<p>La pel\u00edcula se estren\u00f3 en el festival de Locarno y fue la ganadora del&nbsp;<a href=\"https:\/\/www.locarnofestival.ch\/pardo\/pardo-live\/today-at-festival\/2017\/day-10\/cocote.html\" target=\"_blank\" rel=\"noopener\">Signs of Life Award&nbsp;<\/a> <em>\u201cPor su reinvenci\u00f3n creativa de las tradiciones del cine antropol\u00f3gico\u201d,<\/em> explic\u00f3 el jurado. La pel\u00edcula tambi\u00e9n ha ganado premios en importantes festivales de todo el mundo, como Cartagena, Mar del Plata, Estambul y proyecciones y estrenos en Buenos Aires y Nueva York (Lincoln Center y MOMA).<\/p>\n\n\n\n<p class=\"has-text-align-center\"><iframe loading=\"lazy\" src=\"https:\/\/www.youtube.com\/embed\/p9gZ0VKVgkI\" width=\"850\" height=\"450\" frameborder=\"0\" allowfullscreen=\"allowfullscreen\" data-mce-fragment=\"1\">&amp;amp;lt;span data-mce-type=&#8221;bookmark&#8221; style=&#8221;display: inline-block; width: 0px; overflow: hidden; line-height: 0;&#8221; class=&#8221;mce_SELRES_start&#8221;&amp;amp;gt;\ufeff&amp;amp;lt;\/span&amp;amp;gt;<\/iframe><\/p>\n\n\n\n<p><em>\u201cCocote\u201d<\/em>, una palabra popular del dominicano que define por igual el cuello de una persona o un animal o la esperanza de que algo suceda. La pel\u00edcula sigue la historia de Alberto, un cristiano evang\u00e9lico que trabaja como jardinero en una casa rica en Santo Domingo, que interrumpe su trabajo para ir al velorio de su padre. All\u00ed se entera de que su padre ha sido asesinado y su familia espera que \u00e9l \u201cse encargue\u201d a su asesino. Entre rituales y crisis existenciales, una nueva visi\u00f3n de la ley de Tali\u00f3n \u201cdiente por diente\u201d se convierte ahora en \u201cCocote por Cocote\u201d.<\/p>\n\n\n\n<p><em>* Im\u00e1genes de la p\u00e1gina de Facebook de&nbsp;<a class=\"_64-f\" href=\"https:\/\/www.facebook.com\/Cocote-1354801517967405\/\" target=\"_blank\" rel=\"noopener\">Cocote<\/a>.<\/em><\/p>\n\n\n\n<blockquote><figure><img decoding=\"async\" loading=\"lazy\" class=\"aligncenter wp-image-158975 size-large\" src=\"https:\/\/i0.wp.com\/casadecampoliving-wp.s3-accelerate.amazonaws.com\/2018\/05\/Cocote_SPA-1024x1024.jpg?resize=620%2C620&amp;ssl=1\" alt=\"\" width=\"620\" height=\"620\" srcset=\"https:\/\/i0.wp.com\/casadecampoliving.com\/wp-content\/uploads\/2018\/05\/Cocote_SPA.jpg?resize=1024%2C1024&amp;ssl=1 1024w, https:\/\/i0.wp.com\/casadecampoliving.com\/wp-content\/uploads\/2018\/05\/Cocote_SPA.jpg?resize=150%2C150&amp;ssl=1 150w, https:\/\/i0.wp.com\/casadecampoliving.com\/wp-content\/uploads\/2018\/05\/Cocote_SPA.jpg?resize=300%2C300&amp;ssl=1 300w, https:\/\/i0.wp.com\/casadecampoliving.com\/wp-content\/uploads\/2018\/05\/Cocote_SPA.jpg?resize=768%2C768&amp;ssl=1 768w, https:\/\/i0.wp.com\/casadecampoliving.com\/wp-content\/uploads\/2018\/05\/Cocote_SPA.jpg?resize=80%2C80&amp;ssl=1 80w, https:\/\/i0.wp.com\/casadecampoliving.com\/wp-content\/uploads\/Cocote_SPA.jpg?w=2000&amp;ssl=1 2000w\" sizes=\"auto, (max-width: 620px) 100vw, 620px\"><\/figure><p><strong>Proyecci\u00f3n:<\/strong> \u201cCocote\u201d por Nelson Carlo De Los Santos Arias<\/p><p><strong>Cu\u00e1ndo:<\/strong> Mi\u00e9rcoles, 30 de mayo<\/p><p><strong>Hora:<\/strong> 7:30 p.m.<\/p><p><strong>D\u00f3nde:<\/strong> Anfiteatro Altos de Chav\u00f3n<\/p><\/blockquote>\n","protected":false},"excerpt":{"rendered":"<p>\u00a1Un nuevo mes, una nueva pel\u00edcula! El cine al aire libre hab\u00eda sido tema de conversaci\u00f3n durante alg\u00fan tiempo, y se hizo realidad con su primera pel\u00edcula \u201cCarpinteros\u201d de Jos\u00e9 Mar\u00eda Cabral. Desde entonces, ha mostrado un total de cinco pel\u00edculas dominicanas. \u00a1Este mes, la Direcci\u00f3n General de Cine, la Escuela de Dise\u00f1o de Chavon [&hellip;]<\/p>\n","protected":false},"author":36682,"featured_media":0,"comment_status":"closed","ping_status":"closed","sticky":false,"template":"","format":"standard","meta":{"newspack_ads_suppress_ads":false,"newspack_popups_has_disabled_popups":false,"newspack_sponsor_sponsorship_scope":"","newspack_sponsor_native_byline_display":"inherit","newspack_sponsor_native_category_display":"inherit","newspack_sponsor_underwriter_style":"inherit","newspack_sponsor_underwriter_placement":"inherit","_newspack_byline_active":false,"_newspack_byline":"","newspack_hide_updated_date":false,"newspack_show_updated_date":false,"newspack_content_restriction_is_exempt":false,"newspack_featured_image_position":"","newspack_post_subtitle":"","newspack_article_summary_title":"Overview:","newspack_article_summary":"","_jetpack_memberships_contains_paid_content":false,"footnotes":"","jetpack_publicize_message":"","jetpack_publicize_feature_enabled":true,"jetpack_social_post_already_shared":false,"jetpack_social_options":{"image_generator_settings":{"template":"highway","default_image_id":0,"font":"","enabled":false},"version":2},"_wpas_customize_per_network":false},"categories":[26819,26823,14631,2522,14627,2521,19622,2531],"tags":[3575,2814,23815,19715,9115,14777],"newspack_spnsrs_tax":[],"class_list":["post-352655","post","type-post","status-publish","format-standard","hentry","category-altos-de-chavon-es","category-arte-y-cultura","category-estilo-de-vida","category-eventos-es","category-proximamente","category-republica-dominicana-2","category-video-es-2","category-video-es","tag-altos-de-chavon-es-2","tag-anfiteatro","tag-casa-de-campo-es-17","tag-chavon-escuela-de-diseno","tag-pelicula-dominicana","tag-republica-dominicana-es-18","entry"],"yoast_head":"<!-- This site is optimized with the Yoast SEO plugin v27.5 - https:\/\/yoast.com\/product\/yoast-seo-wordpress\/ -->\n<title>La galardonada pel\u00edcula &quot;Cocote&quot; llegar\u00e1 este mes al cine al aire libre de Altos de Chav\u00f3n | Casa de Campo Living<\/title>\n<meta name=\"description\" content=\"\u00a1Un nuevo mes, una nueva pel\u00edcula! El cine al aire libre hab\u00eda sido tema de conversaci\u00f3n durante alg\u00fan tiempo, y se hizo realidad con su primera pel\u00edcula\" \/>\n<meta name=\"robots\" content=\"index, follow, max-snippet:-1, max-image-preview:large, max-video-preview:-1\" \/>\n<link rel=\"canonical\" href=\"https:\/\/casadecampoliving.com\/es\/cocote-llegara-este-mes-al-cine-al-aire-libre-de-altos-de-chavon\/\" \/>\n<meta property=\"og:locale\" content=\"es_ES\" \/>\n<meta property=\"og:type\" content=\"article\" \/>\n<meta property=\"og:title\" content=\"La galardonada pel\u00edcula &quot;Cocote&quot; llegar\u00e1 este mes al cine al aire libre de Altos de Chav\u00f3n | Casa de Campo Living\" \/>\n<meta property=\"og:description\" content=\"\u00a1Un nuevo mes, una nueva pel\u00edcula! El cine al aire libre hab\u00eda sido tema de conversaci\u00f3n durante alg\u00fan tiempo, y se hizo realidad con su primera pel\u00edcula\" \/>\n<meta property=\"og:url\" content=\"https:\/\/casadecampoliving.com\/es\/cocote-llegara-este-mes-al-cine-al-aire-libre-de-altos-de-chavon\/\" \/>\n<meta property=\"og:site_name\" content=\"Casa de Campo Living\" \/>\n<meta property=\"article:publisher\" content=\"https:\/\/www.facebook.com\/casadecampoliving\" \/>\n<meta property=\"article:published_time\" content=\"2018-05-14T04:00:00+00:00\" \/>\n<meta property=\"article:modified_time\" content=\"2022-10-21T23:10:01+00:00\" \/>\n<meta property=\"og:image\" content=\"https:\/\/i0.wp.com\/casadecampoliving-wp.s3-accelerate.amazonaws.com\/2018\/05\/cocote-2-1024x558.jpg?resize=1000%2C545&amp;ssl=1\" \/>\n<meta name=\"author\" content=\"Marlenys Guzm\u00e1n Casta\u00f1os\" \/>\n<meta name=\"twitter:card\" content=\"summary_large_image\" \/>\n<meta name=\"twitter:creator\" content=\"@cdcliving\" \/>\n<meta name=\"twitter:site\" content=\"@cdcliving\" \/>\n<meta name=\"twitter:label1\" content=\"Escrito por\" \/>\n\t<meta name=\"twitter:data1\" content=\"Marlenys Guzm\u00e1n Casta\u00f1os\" \/>\n\t<meta name=\"twitter:label2\" content=\"Tiempo de lectura\" \/>\n\t<meta name=\"twitter:data2\" content=\"2 minutos\" \/>\n<script type=\"application\/ld+json\" class=\"yoast-schema-graph\">{\"@context\":\"https:\\\/\\\/schema.org\",\"@graph\":[{\"@type\":\"Article\",\"@id\":\"https:\\\/\\\/casadecampoliving.com\\\/es\\\/cocote-llegara-este-mes-al-cine-al-aire-libre-de-altos-de-chavon\\\/#article\",\"isPartOf\":{\"@id\":\"https:\\\/\\\/casadecampoliving.com\\\/es\\\/cocote-llegara-este-mes-al-cine-al-aire-libre-de-altos-de-chavon\\\/\"},\"author\":{\"name\":\"Marlenys Guzm\u00e1n Casta\u00f1os\",\"@id\":\"https:\\\/\\\/casadecampoliving.com\\\/es\\\/#\\\/schema\\\/person\\\/b6606bd87f9cec8f5903e2141cafda24\"},\"headline\":\"La galardonada pel\u00edcula \u00abCocote\u00bb llegar\u00e1 este mes al cine al aire libre de Altos de Chav\u00f3n\",\"datePublished\":\"2018-05-14T04:00:00+00:00\",\"dateModified\":\"2022-10-21T23:10:01+00:00\",\"mainEntityOfPage\":{\"@id\":\"https:\\\/\\\/casadecampoliving.com\\\/es\\\/cocote-llegara-este-mes-al-cine-al-aire-libre-de-altos-de-chavon\\\/\"},\"wordCount\":441,\"publisher\":{\"@id\":\"https:\\\/\\\/casadecampoliving.com\\\/es\\\/#organization\"},\"image\":{\"@id\":\"https:\\\/\\\/casadecampoliving.com\\\/es\\\/cocote-llegara-este-mes-al-cine-al-aire-libre-de-altos-de-chavon\\\/#primaryimage\"},\"thumbnailUrl\":\"https:\\\/\\\/i0.wp.com\\\/casadecampoliving-wp.s3-accelerate.amazonaws.com\\\/2018\\\/05\\\/cocote-2-1024x558.jpg?resize=1000%2C545&amp;ssl=1\",\"keywords\":[\"Altos de Chavon -es\",\"anfiteatro\",\"Casa de Campo\",\"Chavon escuela de dise\u00f1o\",\"Pelicula Dominicana\",\"Republica Dominicana\"],\"articleSection\":[\"Altos de Chavon @es\",\"Arte y cultura\",\"Estilo de Vida\",\"Eventos\",\"Proximamente\",\"Rep\u00fablica Dominicana @es\",\"Video\",\"Video @es\"],\"inLanguage\":\"es\"},{\"@type\":\"WebPage\",\"@id\":\"https:\\\/\\\/casadecampoliving.com\\\/es\\\/cocote-llegara-este-mes-al-cine-al-aire-libre-de-altos-de-chavon\\\/\",\"url\":\"https:\\\/\\\/casadecampoliving.com\\\/es\\\/cocote-llegara-este-mes-al-cine-al-aire-libre-de-altos-de-chavon\\\/\",\"name\":\"La galardonada pel\u00edcula \\\"Cocote\\\" llegar\u00e1 este mes al cine al aire libre de Altos de Chav\u00f3n | Casa de Campo Living\",\"isPartOf\":{\"@id\":\"https:\\\/\\\/casadecampoliving.com\\\/es\\\/#website\"},\"primaryImageOfPage\":{\"@id\":\"https:\\\/\\\/casadecampoliving.com\\\/es\\\/cocote-llegara-este-mes-al-cine-al-aire-libre-de-altos-de-chavon\\\/#primaryimage\"},\"image\":{\"@id\":\"https:\\\/\\\/casadecampoliving.com\\\/es\\\/cocote-llegara-este-mes-al-cine-al-aire-libre-de-altos-de-chavon\\\/#primaryimage\"},\"thumbnailUrl\":\"https:\\\/\\\/i0.wp.com\\\/casadecampoliving-wp.s3-accelerate.amazonaws.com\\\/2018\\\/05\\\/cocote-2-1024x558.jpg?resize=1000%2C545&amp;ssl=1\",\"datePublished\":\"2018-05-14T04:00:00+00:00\",\"dateModified\":\"2022-10-21T23:10:01+00:00\",\"description\":\"\u00a1Un nuevo mes, una nueva pel\u00edcula! El cine al aire libre hab\u00eda sido tema de conversaci\u00f3n durante alg\u00fan tiempo, y se hizo realidad con su primera pel\u00edcula\",\"breadcrumb\":{\"@id\":\"https:\\\/\\\/casadecampoliving.com\\\/es\\\/cocote-llegara-este-mes-al-cine-al-aire-libre-de-altos-de-chavon\\\/#breadcrumb\"},\"inLanguage\":\"es\",\"potentialAction\":[{\"@type\":\"ReadAction\",\"target\":[\"https:\\\/\\\/casadecampoliving.com\\\/es\\\/cocote-llegara-este-mes-al-cine-al-aire-libre-de-altos-de-chavon\\\/\"]}]},{\"@type\":\"ImageObject\",\"inLanguage\":\"es\",\"@id\":\"https:\\\/\\\/casadecampoliving.com\\\/es\\\/cocote-llegara-este-mes-al-cine-al-aire-libre-de-altos-de-chavon\\\/#primaryimage\",\"url\":\"https:\\\/\\\/i0.wp.com\\\/casadecampoliving-wp.s3-accelerate.amazonaws.com\\\/2018\\\/05\\\/cocote-2-1024x558.jpg?resize=1000%2C545&amp;ssl=1\",\"contentUrl\":\"https:\\\/\\\/i0.wp.com\\\/casadecampoliving-wp.s3-accelerate.amazonaws.com\\\/2018\\\/05\\\/cocote-2-1024x558.jpg?resize=1000%2C545&amp;ssl=1\"},{\"@type\":\"BreadcrumbList\",\"@id\":\"https:\\\/\\\/casadecampoliving.com\\\/es\\\/cocote-llegara-este-mes-al-cine-al-aire-libre-de-altos-de-chavon\\\/#breadcrumb\",\"itemListElement\":[{\"@type\":\"ListItem\",\"position\":1,\"name\":\"Home\",\"item\":\"https:\\\/\\\/casadecampoliving.com\\\/es\\\/\"},{\"@type\":\"ListItem\",\"position\":2,\"name\":\"La galardonada pel\u00edcula &#8220;Cocote&#8221; llegar\u00e1 este mes al cine al aire libre de Altos de Chav\u00f3n\"}]},{\"@type\":\"WebSite\",\"@id\":\"https:\\\/\\\/casadecampoliving.com\\\/es\\\/#website\",\"url\":\"https:\\\/\\\/casadecampoliving.com\\\/es\\\/\",\"name\":\"Casa de Campo Living\",\"description\":\"Resort community news and resources.\",\"publisher\":{\"@id\":\"https:\\\/\\\/casadecampoliving.com\\\/es\\\/#organization\"},\"potentialAction\":[{\"@type\":\"SearchAction\",\"target\":{\"@type\":\"EntryPoint\",\"urlTemplate\":\"https:\\\/\\\/casadecampoliving.com\\\/es\\\/?s={search_term_string}\"},\"query-input\":{\"@type\":\"PropertyValueSpecification\",\"valueRequired\":true,\"valueName\":\"search_term_string\"}}],\"inLanguage\":\"es\"},{\"@type\":\"Organization\",\"@id\":\"https:\\\/\\\/casadecampoliving.com\\\/es\\\/#organization\",\"name\":\"Casa de Campo Living\",\"url\":\"https:\\\/\\\/casadecampoliving.com\\\/es\\\/\",\"logo\":{\"@type\":\"ImageObject\",\"inLanguage\":\"es\",\"@id\":\"https:\\\/\\\/casadecampoliving.com\\\/es\\\/#\\\/schema\\\/logo\\\/image\\\/\",\"url\":\"https:\\\/\\\/i0.wp.com\\\/casadecampoliving.com\\\/wp-content\\\/uploads\\\/2022\\\/07\\\/CDCLivingLogo_V1-white-sized.png?fit=800%2C214&ssl=1\",\"contentUrl\":\"https:\\\/\\\/i0.wp.com\\\/casadecampoliving.com\\\/wp-content\\\/uploads\\\/2022\\\/07\\\/CDCLivingLogo_V1-white-sized.png?fit=800%2C214&ssl=1\",\"width\":800,\"height\":214,\"caption\":\"Casa de Campo Living\"},\"image\":{\"@id\":\"https:\\\/\\\/casadecampoliving.com\\\/es\\\/#\\\/schema\\\/logo\\\/image\\\/\"},\"sameAs\":[\"https:\\\/\\\/www.facebook.com\\\/casadecampoliving\",\"https:\\\/\\\/x.com\\\/cdcliving\"]},{\"@type\":\"Person\",\"@id\":\"https:\\\/\\\/casadecampoliving.com\\\/es\\\/#\\\/schema\\\/person\\\/b6606bd87f9cec8f5903e2141cafda24\",\"name\":\"Marlenys Guzm\u00e1n Casta\u00f1os\",\"image\":{\"@type\":\"ImageObject\",\"inLanguage\":\"es\",\"@id\":\"https:\\\/\\\/secure.gravatar.com\\\/avatar\\\/72f3f86b8e6b3ec744201aeadf11d4a6055e8af194aecd9ad30ffff4437878ee?s=96&d=mm&r=g\",\"url\":\"https:\\\/\\\/secure.gravatar.com\\\/avatar\\\/72f3f86b8e6b3ec744201aeadf11d4a6055e8af194aecd9ad30ffff4437878ee?s=96&d=mm&r=g\",\"contentUrl\":\"https:\\\/\\\/secure.gravatar.com\\\/avatar\\\/72f3f86b8e6b3ec744201aeadf11d4a6055e8af194aecd9ad30ffff4437878ee?s=96&d=mm&r=g\",\"caption\":\"Marlenys Guzm\u00e1n Casta\u00f1os\"},\"url\":\"https:\\\/\\\/casadecampoliving.com\\\/es\\\/author\\\/mguzman\\\/\"}]}<\/script>\n<!-- \/ Yoast SEO plugin. -->","yoast_head_json":{"title":"La galardonada pel\u00edcula \"Cocote\" llegar\u00e1 este mes al cine al aire libre de Altos de Chav\u00f3n | Casa de Campo Living","description":"\u00a1Un nuevo mes, una nueva pel\u00edcula! El cine al aire libre hab\u00eda sido tema de conversaci\u00f3n durante alg\u00fan tiempo, y se hizo realidad con su primera pel\u00edcula","robots":{"index":"index","follow":"follow","max-snippet":"max-snippet:-1","max-image-preview":"max-image-preview:large","max-video-preview":"max-video-preview:-1"},"canonical":"https:\/\/casadecampoliving.com\/es\/cocote-llegara-este-mes-al-cine-al-aire-libre-de-altos-de-chavon\/","og_locale":"es_ES","og_type":"article","og_title":"La galardonada pel\u00edcula \"Cocote\" llegar\u00e1 este mes al cine al aire libre de Altos de Chav\u00f3n | Casa de Campo Living","og_description":"\u00a1Un nuevo mes, una nueva pel\u00edcula! El cine al aire libre hab\u00eda sido tema de conversaci\u00f3n durante alg\u00fan tiempo, y se hizo realidad con su primera pel\u00edcula","og_url":"https:\/\/casadecampoliving.com\/es\/cocote-llegara-este-mes-al-cine-al-aire-libre-de-altos-de-chavon\/","og_site_name":"Casa de Campo Living","article_publisher":"https:\/\/www.facebook.com\/casadecampoliving","article_published_time":"2018-05-14T04:00:00+00:00","article_modified_time":"2022-10-21T23:10:01+00:00","og_image":[{"url":"https:\/\/i0.wp.com\/casadecampoliving-wp.s3-accelerate.amazonaws.com\/2018\/05\/cocote-2-1024x558.jpg?resize=1000%2C545&amp;ssl=1","type":"","width":"","height":""}],"author":"Marlenys Guzm\u00e1n Casta\u00f1os","twitter_card":"summary_large_image","twitter_creator":"@cdcliving","twitter_site":"@cdcliving","twitter_misc":{"Escrito por":"Marlenys Guzm\u00e1n Casta\u00f1os","Tiempo de lectura":"2 minutos"},"schema":{"@context":"https:\/\/schema.org","@graph":[{"@type":"Article","@id":"https:\/\/casadecampoliving.com\/es\/cocote-llegara-este-mes-al-cine-al-aire-libre-de-altos-de-chavon\/#article","isPartOf":{"@id":"https:\/\/casadecampoliving.com\/es\/cocote-llegara-este-mes-al-cine-al-aire-libre-de-altos-de-chavon\/"},"author":{"name":"Marlenys Guzm\u00e1n Casta\u00f1os","@id":"https:\/\/casadecampoliving.com\/es\/#\/schema\/person\/b6606bd87f9cec8f5903e2141cafda24"},"headline":"La galardonada pel\u00edcula \u00abCocote\u00bb llegar\u00e1 este mes al cine al aire libre de Altos de Chav\u00f3n","datePublished":"2018-05-14T04:00:00+00:00","dateModified":"2022-10-21T23:10:01+00:00","mainEntityOfPage":{"@id":"https:\/\/casadecampoliving.com\/es\/cocote-llegara-este-mes-al-cine-al-aire-libre-de-altos-de-chavon\/"},"wordCount":441,"publisher":{"@id":"https:\/\/casadecampoliving.com\/es\/#organization"},"image":{"@id":"https:\/\/casadecampoliving.com\/es\/cocote-llegara-este-mes-al-cine-al-aire-libre-de-altos-de-chavon\/#primaryimage"},"thumbnailUrl":"https:\/\/i0.wp.com\/casadecampoliving-wp.s3-accelerate.amazonaws.com\/2018\/05\/cocote-2-1024x558.jpg?resize=1000%2C545&amp;ssl=1","keywords":["Altos de Chavon -es","anfiteatro","Casa de Campo","Chavon escuela de dise\u00f1o","Pelicula Dominicana","Republica Dominicana"],"articleSection":["Altos de Chavon @es","Arte y cultura","Estilo de Vida","Eventos","Proximamente","Rep\u00fablica Dominicana @es","Video","Video @es"],"inLanguage":"es"},{"@type":"WebPage","@id":"https:\/\/casadecampoliving.com\/es\/cocote-llegara-este-mes-al-cine-al-aire-libre-de-altos-de-chavon\/","url":"https:\/\/casadecampoliving.com\/es\/cocote-llegara-este-mes-al-cine-al-aire-libre-de-altos-de-chavon\/","name":"La galardonada pel\u00edcula \"Cocote\" llegar\u00e1 este mes al cine al aire libre de Altos de Chav\u00f3n | Casa de Campo Living","isPartOf":{"@id":"https:\/\/casadecampoliving.com\/es\/#website"},"primaryImageOfPage":{"@id":"https:\/\/casadecampoliving.com\/es\/cocote-llegara-este-mes-al-cine-al-aire-libre-de-altos-de-chavon\/#primaryimage"},"image":{"@id":"https:\/\/casadecampoliving.com\/es\/cocote-llegara-este-mes-al-cine-al-aire-libre-de-altos-de-chavon\/#primaryimage"},"thumbnailUrl":"https:\/\/i0.wp.com\/casadecampoliving-wp.s3-accelerate.amazonaws.com\/2018\/05\/cocote-2-1024x558.jpg?resize=1000%2C545&amp;ssl=1","datePublished":"2018-05-14T04:00:00+00:00","dateModified":"2022-10-21T23:10:01+00:00","description":"\u00a1Un nuevo mes, una nueva pel\u00edcula! El cine al aire libre hab\u00eda sido tema de conversaci\u00f3n durante alg\u00fan tiempo, y se hizo realidad con su primera pel\u00edcula","breadcrumb":{"@id":"https:\/\/casadecampoliving.com\/es\/cocote-llegara-este-mes-al-cine-al-aire-libre-de-altos-de-chavon\/#breadcrumb"},"inLanguage":"es","potentialAction":[{"@type":"ReadAction","target":["https:\/\/casadecampoliving.com\/es\/cocote-llegara-este-mes-al-cine-al-aire-libre-de-altos-de-chavon\/"]}]},{"@type":"ImageObject","inLanguage":"es","@id":"https:\/\/casadecampoliving.com\/es\/cocote-llegara-este-mes-al-cine-al-aire-libre-de-altos-de-chavon\/#primaryimage","url":"https:\/\/i0.wp.com\/casadecampoliving-wp.s3-accelerate.amazonaws.com\/2018\/05\/cocote-2-1024x558.jpg?resize=1000%2C545&amp;ssl=1","contentUrl":"https:\/\/i0.wp.com\/casadecampoliving-wp.s3-accelerate.amazonaws.com\/2018\/05\/cocote-2-1024x558.jpg?resize=1000%2C545&amp;ssl=1"},{"@type":"BreadcrumbList","@id":"https:\/\/casadecampoliving.com\/es\/cocote-llegara-este-mes-al-cine-al-aire-libre-de-altos-de-chavon\/#breadcrumb","itemListElement":[{"@type":"ListItem","position":1,"name":"Home","item":"https:\/\/casadecampoliving.com\/es\/"},{"@type":"ListItem","position":2,"name":"La galardonada pel\u00edcula &#8220;Cocote&#8221; llegar\u00e1 este mes al cine al aire libre de Altos de Chav\u00f3n"}]},{"@type":"WebSite","@id":"https:\/\/casadecampoliving.com\/es\/#website","url":"https:\/\/casadecampoliving.com\/es\/","name":"Casa de Campo Living","description":"Resort community news and resources.","publisher":{"@id":"https:\/\/casadecampoliving.com\/es\/#organization"},"potentialAction":[{"@type":"SearchAction","target":{"@type":"EntryPoint","urlTemplate":"https:\/\/casadecampoliving.com\/es\/?s={search_term_string}"},"query-input":{"@type":"PropertyValueSpecification","valueRequired":true,"valueName":"search_term_string"}}],"inLanguage":"es"},{"@type":"Organization","@id":"https:\/\/casadecampoliving.com\/es\/#organization","name":"Casa de Campo Living","url":"https:\/\/casadecampoliving.com\/es\/","logo":{"@type":"ImageObject","inLanguage":"es","@id":"https:\/\/casadecampoliving.com\/es\/#\/schema\/logo\/image\/","url":"https:\/\/i0.wp.com\/casadecampoliving.com\/wp-content\/uploads\/2022\/07\/CDCLivingLogo_V1-white-sized.png?fit=800%2C214&ssl=1","contentUrl":"https:\/\/i0.wp.com\/casadecampoliving.com\/wp-content\/uploads\/2022\/07\/CDCLivingLogo_V1-white-sized.png?fit=800%2C214&ssl=1","width":800,"height":214,"caption":"Casa de Campo Living"},"image":{"@id":"https:\/\/casadecampoliving.com\/es\/#\/schema\/logo\/image\/"},"sameAs":["https:\/\/www.facebook.com\/casadecampoliving","https:\/\/x.com\/cdcliving"]},{"@type":"Person","@id":"https:\/\/casadecampoliving.com\/es\/#\/schema\/person\/b6606bd87f9cec8f5903e2141cafda24","name":"Marlenys Guzm\u00e1n Casta\u00f1os","image":{"@type":"ImageObject","inLanguage":"es","@id":"https:\/\/secure.gravatar.com\/avatar\/72f3f86b8e6b3ec744201aeadf11d4a6055e8af194aecd9ad30ffff4437878ee?s=96&d=mm&r=g","url":"https:\/\/secure.gravatar.com\/avatar\/72f3f86b8e6b3ec744201aeadf11d4a6055e8af194aecd9ad30ffff4437878ee?s=96&d=mm&r=g","contentUrl":"https:\/\/secure.gravatar.com\/avatar\/72f3f86b8e6b3ec744201aeadf11d4a6055e8af194aecd9ad30ffff4437878ee?s=96&d=mm&r=g","caption":"Marlenys Guzm\u00e1n Casta\u00f1os"},"url":"https:\/\/casadecampoliving.com\/es\/author\/mguzman\/"}]}},"parsely":{"version":"1.1.0","canonical_url":"https:\/\/casadecampoliving.com\/es\/cocote-llegara-este-mes-al-cine-al-aire-libre-de-altos-de-chavon\/","smart_links":{"inbound":0,"outbound":0},"traffic_boost_suggestions_count":0,"meta":{"@context":"https:\/\/schema.org","@type":"NewsArticle","headline":"La galardonada pel\u00edcula \u00abCocote\u00bb llegar\u00e1 este mes al cine al aire libre de Altos de Chav\u00f3n","url":"http:\/\/casadecampoliving.com\/es\/cocote-llegara-este-mes-al-cine-al-aire-libre-de-altos-de-chavon\/","mainEntityOfPage":{"@type":"WebPage","@id":"http:\/\/casadecampoliving.com\/es\/cocote-llegara-este-mes-al-cine-al-aire-libre-de-altos-de-chavon\/"},"thumbnailUrl":"","image":{"@type":"ImageObject","url":""},"articleSection":"Altos de Chavon @es","author":[{"@type":"Person","name":"Marlenys Guzm\u00e1n Casta\u00f1os"}],"creator":["Marlenys Guzm\u00e1n Casta\u00f1os"],"publisher":{"@type":"Organization","name":"Casa de Campo Living","logo":"https:\/\/casadecampoliving.com\/wp-content\/uploads\/2022\/07\/CDCLivingLogo_V1-white-sized.png"},"keywords":["altos de chavon -es","anfiteatro","casa de campo","chavon escuela de dise\u00f1o","pelicula dominicana","republica dominicana"],"dateCreated":"2018-05-14T04:00:00Z","datePublished":"2018-05-14T04:00:00Z","dateModified":"2022-10-21T23:10:01Z"},"rendered":"<script type=\"application\/ld+json\" class=\"wp-parsely-metadata\">{\"@context\":\"https:\\\/\\\/schema.org\",\"@type\":\"NewsArticle\",\"headline\":\"La galardonada pel\\u00edcula \\u00abCocote\\u00bb llegar\\u00e1 este mes al cine al aire libre de Altos de Chav\\u00f3n\",\"url\":\"http:\\\/\\\/casadecampoliving.com\\\/es\\\/cocote-llegara-este-mes-al-cine-al-aire-libre-de-altos-de-chavon\\\/\",\"mainEntityOfPage\":{\"@type\":\"WebPage\",\"@id\":\"http:\\\/\\\/casadecampoliving.com\\\/es\\\/cocote-llegara-este-mes-al-cine-al-aire-libre-de-altos-de-chavon\\\/\"},\"thumbnailUrl\":\"\",\"image\":{\"@type\":\"ImageObject\",\"url\":\"\"},\"articleSection\":\"Altos de Chavon @es\",\"author\":[{\"@type\":\"Person\",\"name\":\"Marlenys Guzm\\u00e1n Casta\\u00f1os\"}],\"creator\":[\"Marlenys Guzm\\u00e1n Casta\\u00f1os\"],\"publisher\":{\"@type\":\"Organization\",\"name\":\"Casa de Campo Living\",\"logo\":\"https:\\\/\\\/casadecampoliving.com\\\/wp-content\\\/uploads\\\/2022\\\/07\\\/CDCLivingLogo_V1-white-sized.png\"},\"keywords\":[\"altos de chavon -es\",\"anfiteatro\",\"casa de campo\",\"chavon escuela de dise\\u00f1o\",\"pelicula dominicana\",\"republica dominicana\"],\"dateCreated\":\"2018-05-14T04:00:00Z\",\"datePublished\":\"2018-05-14T04:00:00Z\",\"dateModified\":\"2022-10-21T23:10:01Z\"}<\/script>","tracker_url":"https:\/\/cdn.parsely.com\/keys\/casadecampoliving.com\/p.js"},"jetpack_publicize_connections":[],"jetpack_featured_media_url":"","jetpack-related-posts":[{"id":352104,"url":"https:\/\/casadecampoliving.com\/es\/primera-proyeccion-cine-al-aire-libre-altos-de-chavon\/","url_meta":{"origin":352655,"position":0},"title":"\u00a1No te pierdas la primera proyecci\u00f3n del Cine al Aire Libre de Altos de Chav\u00f3n!","author":"Marlenys Guzm\u00e1n Casta\u00f1os","date":"19 Oct, 2017","format":false,"excerpt":"\u00a1La Direcci\u00f3n General de Cine y Chav\u00f3n Escuela de Dise\u00f1o nos invitan al primer teatro al aire libre en Altos de Chav\u00f3n! Un tema desde hace alg\u00fan tiempo, la escuela comenzar\u00e1 a proyectar pel\u00edculas usando el ic\u00f3nico anfiteatro como su ubicaci\u00f3n. Tanya Valette, directora de cine de la escuela, dice:\u2026","rel":"","context":"En \u00abAltos de Chavon @es\u00bb","block_context":{"text":"Altos de Chavon @es","link":"https:\/\/casadecampoliving.com\/category\/altos-de-chavon-es\/"},"img":{"alt_text":"","src":"https:\/\/i0.wp.com\/casadecampoliving.com\/wp-content\/uploads\/2022\/10\/Foto-1-1.png?fit=1000%2C607&ssl=1&resize=350%2C200","width":350,"height":200,"srcset":"https:\/\/i0.wp.com\/casadecampoliving.com\/wp-content\/uploads\/2022\/10\/Foto-1-1.png?fit=1000%2C607&ssl=1&resize=350%2C200 1x, https:\/\/i0.wp.com\/casadecampoliving.com\/wp-content\/uploads\/2022\/10\/Foto-1-1.png?fit=1000%2C607&ssl=1&resize=525%2C300 1.5x, https:\/\/i0.wp.com\/casadecampoliving.com\/wp-content\/uploads\/2022\/10\/Foto-1-1.png?fit=1000%2C607&ssl=1&resize=700%2C400 2x"},"classes":[]},{"id":352892,"url":"https:\/\/casadecampoliving.com\/es\/las-proyecciones-de-altos-de-chavon-open-air-cinema-vuelven-con-veneno-de-tabare-blanchard\/","url_meta":{"origin":352655,"position":1},"title":"Las proyecciones de Altos de Chav\u00f3n Open Air Cinema vuelven con Veneno de Tabar\u00e9 Blanchard","author":"Marlenys Guzm\u00e1n Casta\u00f1os","date":"25 Sep, 2018","format":false,"excerpt":"\u00a1La pr\u00f3xima semana damos la bienvenida a un nuevo mes y con \u00e9l el regreso del cine al aire libre de Altos de Chav\u00f3n! La Comisi\u00f3n de Cine RD, Chav\u00f3n Escuela de Dise\u00f1o y Casa de Campo Resort nos invitan a la primera proyecci\u00f3n de la temporada en el anfiteatro\u2026","rel":"","context":"En \u00abAltos de Chavon @es\u00bb","block_context":{"text":"Altos de Chavon @es","link":"https:\/\/casadecampoliving.com\/category\/altos-de-chavon-es\/"},"img":{"alt_text":"","src":"https:\/\/i0.wp.com\/casadecampoliving.com\/wp-content\/uploads\/2018\/09\/venenoimage1-e1537880113212.jpg?resize=350%2C200&ssl=1","width":350,"height":200,"srcset":"https:\/\/i0.wp.com\/casadecampoliving.com\/wp-content\/uploads\/2018\/09\/venenoimage1-e1537880113212.jpg?resize=350%2C200&ssl=1 1x, https:\/\/i0.wp.com\/casadecampoliving.com\/wp-content\/uploads\/2018\/09\/venenoimage1-e1537880113212.jpg?resize=525%2C300&ssl=1 1.5x, https:\/\/i0.wp.com\/casadecampoliving.com\/wp-content\/uploads\/2018\/09\/venenoimage1-e1537880113212.jpg?resize=700%2C400&ssl=1 2x"},"classes":[]},{"id":352505,"url":"https:\/\/casadecampoliving.com\/es\/jeffrey-viene-al-cine-aire-libre\/","url_meta":{"origin":352655,"position":2},"title":"\u201cJeffrey\u201d viene al cine al aire libre!","author":"Gallagher Foxworthy","date":"8 Mar, 2018","format":false,"excerpt":"\u00a1La Direcci\u00f3n General de Cine, la Escuela de Dise\u00f1o de Chavon y Casa de Campo lo invitan a disfrutar de otra proyecci\u00f3n bajo las estrellas en el anfiteatro de renombre mundial! \u00a1El cine al aire libre mostrar\u00e1 a Jeffrey el jueves 15 de marzo! Jeffrey, escrita, dirigida y producida por\u2026","rel":"","context":"En \u00abAltos de Chavon @es\u00bb","block_context":{"text":"Altos de Chavon @es","link":"https:\/\/casadecampoliving.com\/category\/altos-de-chavon-es\/"},"img":{"alt_text":"","src":"https:\/\/i0.wp.com\/casadecampoliving-wp.s3-accelerate.amazonaws.com\/2018\/03\/Screen-Shot-2018-03-08-at-12.45.17-PM.png?resize=350%2C200&ssl=1","width":350,"height":200},"classes":[]},{"id":352594,"url":"https:\/\/casadecampoliving.com\/es\/el-hombre-que-cuida-llega-al-cine-al-aire-libre-de-altos-de-chavon\/","url_meta":{"origin":352655,"position":3},"title":"\u00a1Un nuevo mes, una nueva pel\u00edcula! \u00abEl hombre que cuida\u00bb llega al cine al aire libre de Altos de Chav\u00f3n","author":"Marlenys Guzm\u00e1n Casta\u00f1os","date":"9 Abr, 2018","format":false,"excerpt":"La semana pasada, dimos la bienvenida a un nuevo mes y con \u00e9l, muchas actividades maravillosas como Caf\u00e9 de la Leche Tropical, el Torneo de Golf Sugar, el Sugar Bazar de la Fundaci\u00f3n MIR, el Spring Shootout de Casa de Campo y muchos m\u00e1s. \u00a1Hoy te invitamos a otro evento\u2026","rel":"","context":"En \u00abAltos de Chavon @es\u00bb","block_context":{"text":"Altos de Chavon @es","link":"https:\/\/casadecampoliving.com\/category\/altos-de-chavon-es\/"},"img":{"alt_text":"","src":"https:\/\/i0.wp.com\/casadecampoliving.com\/wp-content\/uploads\/2018\/04\/el-hombre.jpg?resize=350%2C200&ssl=1","width":350,"height":200,"srcset":"https:\/\/i0.wp.com\/casadecampoliving.com\/wp-content\/uploads\/2018\/04\/el-hombre.jpg?resize=350%2C200&ssl=1 1x, https:\/\/i0.wp.com\/casadecampoliving.com\/wp-content\/uploads\/2018\/04\/el-hombre.jpg?resize=525%2C300&ssl=1 1.5x, https:\/\/i0.wp.com\/casadecampoliving.com\/wp-content\/uploads\/2018\/04\/el-hombre.jpg?resize=700%2C400&ssl=1 2x"},"classes":[]},{"id":352166,"url":"https:\/\/casadecampoliving.com\/es\/el-cine-al-aire-libre-de-altos-de-chavon-carpinteros\/","url_meta":{"origin":352655,"position":4},"title":"El cine al aire libre de Altos de Chav\u00f3n debut\u00f3 con \u00abCarpinteros\u00bb de Jos\u00e9 Mar\u00eda Cabral","author":"Marlenys Guzm\u00e1n Casta\u00f1os","date":"7 Nov, 2017","format":false,"excerpt":"El pasado jueves 2 de noviembre la Direcci\u00f3n General de Cine (DGCINE), Chav\u00f3n Escuela de Dise\u00f1o y Casa de Campo presentaron el primer Cine al Aire Libre en Altos de Chav\u00f3n con la proyecci\u00f3n de la pel\u00edcula dominicana \"Carpinteros\" de Jos\u00e9 Mar\u00eda Cabral. Con palomitas de ma\u00edz, vino y bebidas,\u2026","rel":"","context":"En \u00abAltos de Chavon @es\u00bb","block_context":{"text":"Altos de Chavon @es","link":"https:\/\/casadecampoliving.com\/category\/altos-de-chavon-es\/"},"img":{"alt_text":"","src":"https:\/\/i0.wp.com\/casadecampoliving.com\/wp-content\/uploads\/2022\/10\/IMG_7342-e1510084370569.jpg?fit=1000%2C667&ssl=1&resize=350%2C200","width":350,"height":200,"srcset":"https:\/\/i0.wp.com\/casadecampoliving.com\/wp-content\/uploads\/2022\/10\/IMG_7342-e1510084370569.jpg?fit=1000%2C667&ssl=1&resize=350%2C200 1x, https:\/\/i0.wp.com\/casadecampoliving.com\/wp-content\/uploads\/2022\/10\/IMG_7342-e1510084370569.jpg?fit=1000%2C667&ssl=1&resize=525%2C300 1.5x, https:\/\/i0.wp.com\/casadecampoliving.com\/wp-content\/uploads\/2022\/10\/IMG_7342-e1510084370569.jpg?fit=1000%2C667&ssl=1&resize=700%2C400 2x"},"classes":[]},{"id":352448,"url":"https:\/\/casadecampoliving.com\/es\/azul-magia-llega-al-cine-al-aire-libre-de-altos-de-chavon\/","url_meta":{"origin":352655,"position":5},"title":"\u00a1Azul Magia llega al cine al aire libre de Altos de Chav\u00f3n!","author":"Gallagher Foxworthy","date":"8 Feb, 2018","format":false,"excerpt":"\u00a1La Direcci\u00f3n General de Cine, la Escuela de Dise\u00f1o de Chav\u00f3n y Casa de Campo invitan a la comunidad a ver otra pel\u00edcula bajo las estrellas en el anfiteatro de Altos de Chav\u00f3n! Este mes, mostrar\u00e1n Azul Magia por el director dominicano Yoel Morales. La pel\u00edcula es una historia de\u2026","rel":"","context":"En \u00abAltos de Chavon @es\u00bb","block_context":{"text":"Altos de Chavon @es","link":"https:\/\/casadecampoliving.com\/category\/altos-de-chavon-es\/"},"img":{"alt_text":"","src":"https:\/\/i0.wp.com\/casadecampoliving-wp.s3-accelerate.amazonaws.com\/2018\/02\/Screen-Shot-2018-02-08-at-5.07.06-PM.png?resize=350%2C200&ssl=1","width":350,"height":200,"srcset":"https:\/\/i0.wp.com\/casadecampoliving-wp.s3-accelerate.amazonaws.com\/2018\/02\/Screen-Shot-2018-02-08-at-5.07.06-PM.png?resize=350%2C200&ssl=1 1x, https:\/\/i0.wp.com\/casadecampoliving-wp.s3-accelerate.amazonaws.com\/2018\/02\/Screen-Shot-2018-02-08-at-5.07.06-PM.png?resize=525%2C300&ssl=1 1.5x"},"classes":[]}],"jetpack_sharing_enabled":true,"_links":{"self":[{"href":"https:\/\/casadecampoliving.com\/es\/wp-json\/wp\/v2\/posts\/352655","targetHints":{"allow":["GET"]}}],"collection":[{"href":"https:\/\/casadecampoliving.com\/es\/wp-json\/wp\/v2\/posts"}],"about":[{"href":"https:\/\/casadecampoliving.com\/es\/wp-json\/wp\/v2\/types\/post"}],"author":[{"embeddable":true,"href":"https:\/\/casadecampoliving.com\/es\/wp-json\/wp\/v2\/users\/36682"}],"replies":[{"embeddable":true,"href":"https:\/\/casadecampoliving.com\/es\/wp-json\/wp\/v2\/comments?post=352655"}],"version-history":[{"count":1,"href":"https:\/\/casadecampoliving.com\/es\/wp-json\/wp\/v2\/posts\/352655\/revisions"}],"predecessor-version":[{"id":352656,"href":"https:\/\/casadecampoliving.com\/es\/wp-json\/wp\/v2\/posts\/352655\/revisions\/352656"}],"wp:attachment":[{"href":"https:\/\/casadecampoliving.com\/es\/wp-json\/wp\/v2\/media?parent=352655"}],"wp:term":[{"taxonomy":"category","embeddable":true,"href":"https:\/\/casadecampoliving.com\/es\/wp-json\/wp\/v2\/categories?post=352655"},{"taxonomy":"post_tag","embeddable":true,"href":"https:\/\/casadecampoliving.com\/es\/wp-json\/wp\/v2\/tags?post=352655"},{"taxonomy":"newspack_spnsrs_tax","embeddable":true,"href":"https:\/\/casadecampoliving.com\/es\/wp-json\/wp\/v2\/newspack_spnsrs_tax?post=352655"}],"curies":[{"name":"wp","href":"https:\/\/api.w.org\/{rel}","templated":true}]}}