{"id":352634,"date":"2018-05-01T00:00:00","date_gmt":"2018-05-01T04:00:00","guid":{"rendered":"https:\/\/casadecampoliving.com\/conectando-con-las-emociones-traves-de-la-escritura-creativa\/"},"modified":"2022-11-10T10:37:18","modified_gmt":"2022-11-10T14:37:18","slug":"conectando-con-las-emociones-traves-de-la-escritura-creativa","status":"publish","type":"post","link":"https:\/\/casadecampoliving.com\/es\/conectando-con-las-emociones-traves-de-la-escritura-creativa\/","title":{"rendered":"Conectando con las emociones a trav\u00e9s de la escritura creativa"},"content":{"rendered":"El s\u00e1bado pasado, 28 de abril, tuve el placer de participar en un taller incre\u00edble, \u00abEscritura creativa para foodies\u00bb en La Romana. Aunque he estado escribiendo durante un tiempo, siempre hay espacio para aprender y mejorar. El curso estuvo a cargo de Elaine Hern\u00e1ndez Pi\u00f3n, bloguera gastron\u00f3mica, periodista gastron\u00f3mica y creadora de BocaTips, y Gabriella Reginato como invitada especial. Nos proporcionaron las herramientas que necesit\u00e1bamos para aprender a contar historias a trav\u00e9s de experiencias gastron\u00f3micas y para tener una experiencia y relaci\u00f3n diferente con lo que comemos al estar interesado en sus ingredientes y c\u00f3mo describir y evocar diferentes emociones en nuestros lectores.\n<!--more-->\n\n<img data-recalc-dims=\"1\" loading=\"lazy\" decoding=\"async\" class=\"alignleft wp-image-158594\" src=\"https:\/\/i0.wp.com\/casadecampoliving-wp.s3-accelerate.amazonaws.com\/2018\/05\/WhatsApp-Image-2018-04-28-at-16.16.39-225x300.jpeg?resize=300%2C400&#038;ssl=1\" alt=\"\" width=\"300\" height=\"400\" srcset=\"https:\/\/i0.wp.com\/casadecampoliving.com\/wp-content\/uploads\/2018\/05\/WhatsApp-Image-2018-04-28-at-16.16.39.jpeg?resize=225%2C300&amp;ssl=1 225w, https:\/\/i0.wp.com\/casadecampoliving.com\/wp-content\/uploads\/2018\/05\/WhatsApp-Image-2018-04-28-at-16.16.39.jpeg?resize=768%2C1024&amp;ssl=1 768w, https:\/\/i0.wp.com\/casadecampoliving.com\/wp-content\/uploads\/2018\/05\/WhatsApp-Image-2018-04-28-at-16.16.39.jpeg?w=960&amp;ssl=1 960w, https:\/\/i0.wp.com\/casadecampoliving-wp.s3-accelerate.amazonaws.com\/2018\/05\/WhatsApp-Image-2018-04-28-at-16.16.39-225x300.jpeg?w=370&amp;ssl=1 370w, https:\/\/i0.wp.com\/casadecampoliving-wp.s3-accelerate.amazonaws.com\/2018\/05\/WhatsApp-Image-2018-04-28-at-16.16.39-225x300.jpeg?w=400&amp;ssl=1 400w\" sizes=\"auto, (max-width: 300px) 100vw, 300px\" \/>\n\nComenzando a las 9 am, nos encontramos en Studio Cocina de Gabriella Reginato donde se realiz\u00f3 el taller. Tan pronto como entr\u00e9, me olvid\u00e9 de estar nerviosa. El espacio est\u00e1 preparado para pasar un tiempo maravilloso, ya sea cocinando, en una reunion con amigos o aprendiendo algo nuevo. Elaine, su esposo Juan y Gabriella estaban all\u00ed para darnos la bienvenida y hacernos sentir c\u00f3modos. Compartieron historias de c\u00f3mo se conocieron, c\u00f3mo comenzaron su negocio y c\u00f3mo cada uno de ellos ha seguido sus sue\u00f1os trabajando duro para llegar a donde est\u00e1n ahora. Una vez que todos los participantes llegaron, cada uno de nosotros tuvo la oportunidad de presentarse y acto seguido comenz\u00f3 el curso que Elaine hab\u00eda preparado. Gabriella, quien recientemente fue clasificada como una de las diez mejores influenciadoras gastron\u00f3micas en la Rep\u00fablica Dominicana, comparti\u00f3 con nosotros sus t\u00e9cnicas y recomendaciones sobre el uso efectivo de las redes sociales como Instagram \u00abTienes que encontrar tu propia voz al escribir\u00bb.\n\nEsta es la sexta edici\u00f3n del taller, pero es la primera vez que se realiza en La Romana. El programa se enfoca en los medios digitales y los participantes van desde empresarios, <em>influencers<\/em> y comunicadores que ofrecen servicios gastron\u00f3micos y tur\u00edsticos en La Romana y Punta Cana. Aprendimos t\u00e9cnicas y herramientas para evaluar y describir con un lenguaje especializado productos, platos, destinos y eventos gastron\u00f3micos, y comunicarlo de manera efectiva en sus redes sociales y sitios web.\n\n<img data-recalc-dims=\"1\" loading=\"lazy\" decoding=\"async\" class=\"aligncenter wp-image-158604 size-full\" src=\"https:\/\/i0.wp.com\/casadecampoliving-wp.s3-accelerate.amazonaws.com\/2018\/05\/WhatsApp-Image-2018-04-28-at-16.16.40-1-2.jpeg?resize=1000%2C750&#038;ssl=1\" alt=\"\" width=\"1000\" height=\"750\" srcset=\"https:\/\/i0.wp.com\/casadecampoliving.com\/wp-content\/uploads\/2018\/05\/WhatsApp-Image-2018-04-28-at-16.16.40-1-2.jpeg?w=1000&amp;ssl=1 1000w, https:\/\/i0.wp.com\/casadecampoliving.com\/wp-content\/uploads\/2018\/05\/WhatsApp-Image-2018-04-28-at-16.16.40-1-2.jpeg?resize=300%2C225&amp;ssl=1 300w, https:\/\/i0.wp.com\/casadecampoliving.com\/wp-content\/uploads\/2018\/05\/WhatsApp-Image-2018-04-28-at-16.16.40-1-2.jpeg?resize=768%2C576&amp;ssl=1 768w, https:\/\/i0.wp.com\/casadecampoliving-wp.s3-accelerate.amazonaws.com\/2018\/05\/WhatsApp-Image-2018-04-28-at-16.16.40-1-2.jpeg?w=370&amp;ssl=1 370w, https:\/\/i0.wp.com\/casadecampoliving-wp.s3-accelerate.amazonaws.com\/2018\/05\/WhatsApp-Image-2018-04-28-at-16.16.40-1-2.jpeg?w=400&amp;ssl=1 400w\" sizes=\"auto, (max-width: 1000px) 100vw, 1000px\" \/>\n\nEl taller se dividi\u00f3 en dos partes. Elaine Hern\u00e1ndez Pi\u00f3n, estuvo a cargo de la parte educativa del programa mientras que la parte pr\u00e1ctica, que consist\u00eda en la preparaci\u00f3n de varias tapas dulces y saladas, estuvo a cargo de Gabriella Reginatto y Cinco Gelato. El objetivo del ejercicio \u00abpr\u00e1ctico\u00bb fue crear micro relatos inspirados en los platos que se nos sirvieron. Para estas historias usamos recursos narrativos para describir las caracter\u00edsticas organol\u00e9pticas del plato, sus ingredientes, el lugar y el servicio recibido, todos estos son elementos importantes para la creaci\u00f3n de una historia gastron\u00f3mica. Esto con el fin de ayudar a despertar cualquier tipo de sentimiento en el lector y conectarse con ellos en otro nivel.\n\n<strong>\u00abEn una publicaci\u00f3n la redacci\u00f3n no debe centrarse de manera exclusiva en la descripci\u00f3n del producto gastron\u00f3mico o tur\u00edstico en s\u00ed, sino en conectar con las emociones del comensal para que la misma pueda convertirse en una vivencia memorable. Adem\u00e1s del valor noticioso de un evento o producto gastron\u00f3mico, se debe hacer una descripci\u00f3n partiendo de la presentaci\u00f3n, la calidad y frescura de los ingredientes, as\u00ed como tambi\u00e9n rese\u00f1ar sus sabores, olores, texturas y caracter\u00edsticas del ambiente y atenciones recibidas\u201d,<\/strong> afirm\u00f3 Hern\u00e1ndez Pi\u00f3n.\n\n\u00a1Este taller es solo uno de los muchos que Elaine y su esposo preparan y son excepcionales! No solo aprender\u00e1 algo nuevo o reforzar\u00e1 lo que ya sabe, sino que tambi\u00e9n es una gran oportunidad para conectarse con personas que comparten el mismo amor que usted tiene por la comida y la escritura. \u00a1Ya est\u00e1n trabajando para traer otro a La Romana para seguir el \u00e9xito de este primero as\u00ed que los mantendremos informados! Tambi\u00e9n puede seguirlos en sus redes sociales como @bocatips y @platogrande.\n\n<em>* Las im\u00e1genes fueron proporcionan por @bocatips<\/em>\n\nLas siguientes im\u00e1genes fueron tomadas por Jes\u00fas Rodr\u00edguez durante el taller \u00abEscritura creativa para foodies\u00bb por Elaine Hern\u00e1ndez el s\u00e1bado 28 de abril:\n\n\n<figure class=\"wp-block-gallery has-nested-images columns-default is-cropped wp-block-gallery-1 is-layout-flex wp-block-gallery-is-layout-flex\">\n<figure class=\"wp-block-image size-large\"><img data-recalc-dims=\"1\" loading=\"lazy\" decoding=\"async\" width=\"1000\" height=\"667\" data-id=\"499260\" src=\"https:\/\/i0.wp.com\/casadecampoliving.com\/wp-content\/uploads\/2022\/10\/IMG_5793-2.jpg?resize=1000%2C667&#038;ssl=1\" alt=\"\" class=\"wp-image-499260\" srcset=\"https:\/\/i0.wp.com\/casadecampoliving.com\/wp-content\/uploads\/2022\/10\/IMG_5793-2.jpg?w=1000&amp;ssl=1 1000w, https:\/\/i0.wp.com\/casadecampoliving.com\/wp-content\/uploads\/2022\/10\/IMG_5793-2.jpg?resize=300%2C200&amp;ssl=1 300w, https:\/\/i0.wp.com\/casadecampoliving.com\/wp-content\/uploads\/2022\/10\/IMG_5793-2.jpg?resize=768%2C512&amp;ssl=1 768w, https:\/\/i0.wp.com\/casadecampoliving.com\/wp-content\/uploads\/2022\/10\/IMG_5793-2.jpg?resize=400%2C267&amp;ssl=1 400w, https:\/\/i0.wp.com\/casadecampoliving.com\/wp-content\/uploads\/2022\/10\/IMG_5793-2.jpg?resize=706%2C471&amp;ssl=1 706w, https:\/\/i0.wp.com\/casadecampoliving.com\/wp-content\/uploads\/2022\/10\/IMG_5793-2.jpg?resize=150%2C100&amp;ssl=1 150w, https:\/\/i0.wp.com\/casadecampoliving.com\/wp-content\/uploads\/2022\/10\/IMG_5793-2.jpg?w=370&amp;ssl=1 370w\" sizes=\"auto, (max-width: 1000px) 100vw, 1000px\" \/><\/figure>\n\n\n\n<figure class=\"wp-block-image size-large\"><img data-recalc-dims=\"1\" loading=\"lazy\" decoding=\"async\" width=\"1000\" height=\"667\" data-id=\"499264\" src=\"https:\/\/i0.wp.com\/casadecampoliving.com\/wp-content\/uploads\/2022\/10\/IMG_5803-3.jpg?resize=1000%2C667&#038;ssl=1\" alt=\"\" class=\"wp-image-499264\" srcset=\"https:\/\/i0.wp.com\/casadecampoliving.com\/wp-content\/uploads\/2022\/10\/IMG_5803-3.jpg?w=1000&amp;ssl=1 1000w, https:\/\/i0.wp.com\/casadecampoliving.com\/wp-content\/uploads\/2022\/10\/IMG_5803-3.jpg?resize=300%2C200&amp;ssl=1 300w, https:\/\/i0.wp.com\/casadecampoliving.com\/wp-content\/uploads\/2022\/10\/IMG_5803-3.jpg?resize=768%2C512&amp;ssl=1 768w, https:\/\/i0.wp.com\/casadecampoliving.com\/wp-content\/uploads\/2022\/10\/IMG_5803-3.jpg?resize=400%2C267&amp;ssl=1 400w, https:\/\/i0.wp.com\/casadecampoliving.com\/wp-content\/uploads\/2022\/10\/IMG_5803-3.jpg?resize=706%2C471&amp;ssl=1 706w, https:\/\/i0.wp.com\/casadecampoliving.com\/wp-content\/uploads\/2022\/10\/IMG_5803-3.jpg?resize=150%2C100&amp;ssl=1 150w, https:\/\/i0.wp.com\/casadecampoliving.com\/wp-content\/uploads\/2022\/10\/IMG_5803-3.jpg?w=370&amp;ssl=1 370w\" sizes=\"auto, (max-width: 1000px) 100vw, 1000px\" \/><\/figure>\n\n\n\n<figure class=\"wp-block-image size-large\"><img data-recalc-dims=\"1\" loading=\"lazy\" decoding=\"async\" width=\"667\" height=\"1000\" data-id=\"499269\" src=\"https:\/\/i0.wp.com\/casadecampoliving.com\/wp-content\/uploads\/2022\/10\/IMG_5831-1.jpg?resize=667%2C1000&#038;ssl=1\" alt=\"\" class=\"wp-image-499269\" srcset=\"https:\/\/i0.wp.com\/casadecampoliving.com\/wp-content\/uploads\/2022\/10\/IMG_5831-1.jpg?w=667&amp;ssl=1 667w, https:\/\/i0.wp.com\/casadecampoliving.com\/wp-content\/uploads\/2022\/10\/IMG_5831-1.jpg?resize=200%2C300&amp;ssl=1 200w, https:\/\/i0.wp.com\/casadecampoliving.com\/wp-content\/uploads\/2022\/10\/IMG_5831-1.jpg?resize=400%2C600&amp;ssl=1 400w, https:\/\/i0.wp.com\/casadecampoliving.com\/wp-content\/uploads\/2022\/10\/IMG_5831-1.jpg?resize=150%2C225&amp;ssl=1 150w, https:\/\/i0.wp.com\/casadecampoliving.com\/wp-content\/uploads\/2022\/10\/IMG_5831-1.jpg?w=370&amp;ssl=1 370w\" sizes=\"auto, (max-width: 667px) 100vw, 667px\" \/><\/figure>\n\n\n\n<figure class=\"wp-block-image size-large\"><img data-recalc-dims=\"1\" loading=\"lazy\" decoding=\"async\" width=\"667\" height=\"1000\" data-id=\"499273\" src=\"https:\/\/i0.wp.com\/casadecampoliving.com\/wp-content\/uploads\/2022\/10\/IMG_5834-2.jpg?resize=667%2C1000&#038;ssl=1\" alt=\"\" class=\"wp-image-499273\" srcset=\"https:\/\/i0.wp.com\/casadecampoliving.com\/wp-content\/uploads\/2022\/10\/IMG_5834-2.jpg?w=667&amp;ssl=1 667w, https:\/\/i0.wp.com\/casadecampoliving.com\/wp-content\/uploads\/2022\/10\/IMG_5834-2.jpg?resize=200%2C300&amp;ssl=1 200w, https:\/\/i0.wp.com\/casadecampoliving.com\/wp-content\/uploads\/2022\/10\/IMG_5834-2.jpg?resize=400%2C600&amp;ssl=1 400w, https:\/\/i0.wp.com\/casadecampoliving.com\/wp-content\/uploads\/2022\/10\/IMG_5834-2.jpg?resize=150%2C225&amp;ssl=1 150w, https:\/\/i0.wp.com\/casadecampoliving.com\/wp-content\/uploads\/2022\/10\/IMG_5834-2.jpg?w=370&amp;ssl=1 370w\" sizes=\"auto, (max-width: 667px) 100vw, 667px\" \/><\/figure>\n\n\n\n<figure class=\"wp-block-image size-large\"><img data-recalc-dims=\"1\" loading=\"lazy\" decoding=\"async\" width=\"1000\" height=\"667\" data-id=\"499277\" src=\"https:\/\/i0.wp.com\/casadecampoliving.com\/wp-content\/uploads\/2022\/10\/IMG_5843.jpg?resize=1000%2C667&#038;ssl=1\" alt=\"\" class=\"wp-image-499277\" srcset=\"https:\/\/i0.wp.com\/casadecampoliving.com\/wp-content\/uploads\/2022\/10\/IMG_5843.jpg?w=1000&amp;ssl=1 1000w, https:\/\/i0.wp.com\/casadecampoliving.com\/wp-content\/uploads\/2022\/10\/IMG_5843.jpg?resize=300%2C200&amp;ssl=1 300w, https:\/\/i0.wp.com\/casadecampoliving.com\/wp-content\/uploads\/2022\/10\/IMG_5843.jpg?resize=768%2C512&amp;ssl=1 768w, https:\/\/i0.wp.com\/casadecampoliving.com\/wp-content\/uploads\/2022\/10\/IMG_5843.jpg?resize=400%2C267&amp;ssl=1 400w, https:\/\/i0.wp.com\/casadecampoliving.com\/wp-content\/uploads\/2022\/10\/IMG_5843.jpg?resize=706%2C471&amp;ssl=1 706w, https:\/\/i0.wp.com\/casadecampoliving.com\/wp-content\/uploads\/2022\/10\/IMG_5843.jpg?resize=150%2C100&amp;ssl=1 150w, https:\/\/i0.wp.com\/casadecampoliving.com\/wp-content\/uploads\/2022\/10\/IMG_5843.jpg?w=370&amp;ssl=1 370w\" sizes=\"auto, (max-width: 1000px) 100vw, 1000px\" \/><\/figure>\n\n\n\n<figure class=\"wp-block-image size-large\"><img data-recalc-dims=\"1\" loading=\"lazy\" decoding=\"async\" width=\"1000\" height=\"656\" data-id=\"499282\" src=\"https:\/\/i0.wp.com\/casadecampoliving.com\/wp-content\/uploads\/2022\/10\/IMG_5853.jpg?resize=1000%2C656&#038;ssl=1\" alt=\"\" class=\"wp-image-499282\" srcset=\"https:\/\/i0.wp.com\/casadecampoliving.com\/wp-content\/uploads\/2022\/10\/IMG_5853.jpg?w=1000&amp;ssl=1 1000w, https:\/\/i0.wp.com\/casadecampoliving.com\/wp-content\/uploads\/2022\/10\/IMG_5853.jpg?resize=300%2C197&amp;ssl=1 300w, https:\/\/i0.wp.com\/casadecampoliving.com\/wp-content\/uploads\/2022\/10\/IMG_5853.jpg?resize=768%2C504&amp;ssl=1 768w, https:\/\/i0.wp.com\/casadecampoliving.com\/wp-content\/uploads\/2022\/10\/IMG_5853.jpg?resize=400%2C262&amp;ssl=1 400w, https:\/\/i0.wp.com\/casadecampoliving.com\/wp-content\/uploads\/2022\/10\/IMG_5853.jpg?resize=706%2C463&amp;ssl=1 706w, https:\/\/i0.wp.com\/casadecampoliving.com\/wp-content\/uploads\/2022\/10\/IMG_5853.jpg?resize=150%2C98&amp;ssl=1 150w, https:\/\/i0.wp.com\/casadecampoliving.com\/wp-content\/uploads\/2022\/10\/IMG_5853.jpg?w=370&amp;ssl=1 370w\" sizes=\"auto, (max-width: 1000px) 100vw, 1000px\" \/><\/figure>\n\n\n\n<figure class=\"wp-block-image size-large\"><img data-recalc-dims=\"1\" loading=\"lazy\" decoding=\"async\" width=\"1000\" height=\"705\" data-id=\"499286\" src=\"https:\/\/i0.wp.com\/casadecampoliving.com\/wp-content\/uploads\/2022\/10\/IMG_5864-1.jpg?resize=1000%2C705&#038;ssl=1\" alt=\"\" class=\"wp-image-499286\" srcset=\"https:\/\/i0.wp.com\/casadecampoliving.com\/wp-content\/uploads\/2022\/10\/IMG_5864-1.jpg?w=1000&amp;ssl=1 1000w, https:\/\/i0.wp.com\/casadecampoliving.com\/wp-content\/uploads\/2022\/10\/IMG_5864-1.jpg?resize=300%2C212&amp;ssl=1 300w, https:\/\/i0.wp.com\/casadecampoliving.com\/wp-content\/uploads\/2022\/10\/IMG_5864-1.jpg?resize=768%2C541&amp;ssl=1 768w, https:\/\/i0.wp.com\/casadecampoliving.com\/wp-content\/uploads\/2022\/10\/IMG_5864-1.jpg?resize=400%2C282&amp;ssl=1 400w, https:\/\/i0.wp.com\/casadecampoliving.com\/wp-content\/uploads\/2022\/10\/IMG_5864-1.jpg?resize=706%2C498&amp;ssl=1 706w, https:\/\/i0.wp.com\/casadecampoliving.com\/wp-content\/uploads\/2022\/10\/IMG_5864-1.jpg?resize=150%2C106&amp;ssl=1 150w, https:\/\/i0.wp.com\/casadecampoliving.com\/wp-content\/uploads\/2022\/10\/IMG_5864-1.jpg?w=370&amp;ssl=1 370w\" sizes=\"auto, (max-width: 1000px) 100vw, 1000px\" \/><\/figure>\n\n\n\n<figure class=\"wp-block-image size-large\"><img data-recalc-dims=\"1\" loading=\"lazy\" decoding=\"async\" width=\"1000\" height=\"667\" data-id=\"499290\" src=\"https:\/\/i0.wp.com\/casadecampoliving.com\/wp-content\/uploads\/2022\/10\/IMG_5867-1.jpg?resize=1000%2C667&#038;ssl=1\" alt=\"\" class=\"wp-image-499290\" srcset=\"https:\/\/i0.wp.com\/casadecampoliving.com\/wp-content\/uploads\/2022\/10\/IMG_5867-1.jpg?w=1000&amp;ssl=1 1000w, https:\/\/i0.wp.com\/casadecampoliving.com\/wp-content\/uploads\/2022\/10\/IMG_5867-1.jpg?resize=300%2C200&amp;ssl=1 300w, https:\/\/i0.wp.com\/casadecampoliving.com\/wp-content\/uploads\/2022\/10\/IMG_5867-1.jpg?resize=768%2C512&amp;ssl=1 768w, https:\/\/i0.wp.com\/casadecampoliving.com\/wp-content\/uploads\/2022\/10\/IMG_5867-1.jpg?resize=400%2C267&amp;ssl=1 400w, https:\/\/i0.wp.com\/casadecampoliving.com\/wp-content\/uploads\/2022\/10\/IMG_5867-1.jpg?resize=706%2C471&amp;ssl=1 706w, https:\/\/i0.wp.com\/casadecampoliving.com\/wp-content\/uploads\/2022\/10\/IMG_5867-1.jpg?resize=150%2C100&amp;ssl=1 150w, https:\/\/i0.wp.com\/casadecampoliving.com\/wp-content\/uploads\/2022\/10\/IMG_5867-1.jpg?w=370&amp;ssl=1 370w\" sizes=\"auto, (max-width: 1000px) 100vw, 1000px\" \/><\/figure>\n\n\n\n<figure class=\"wp-block-image size-large\"><img data-recalc-dims=\"1\" loading=\"lazy\" decoding=\"async\" width=\"1000\" height=\"667\" data-id=\"499294\" src=\"https:\/\/i0.wp.com\/casadecampoliving.com\/wp-content\/uploads\/2022\/10\/IMG_5870-2.jpg?resize=1000%2C667&#038;ssl=1\" alt=\"\" class=\"wp-image-499294\" srcset=\"https:\/\/i0.wp.com\/casadecampoliving.com\/wp-content\/uploads\/2022\/10\/IMG_5870-2.jpg?w=1000&amp;ssl=1 1000w, https:\/\/i0.wp.com\/casadecampoliving.com\/wp-content\/uploads\/2022\/10\/IMG_5870-2.jpg?resize=300%2C200&amp;ssl=1 300w, https:\/\/i0.wp.com\/casadecampoliving.com\/wp-content\/uploads\/2022\/10\/IMG_5870-2.jpg?resize=768%2C512&amp;ssl=1 768w, https:\/\/i0.wp.com\/casadecampoliving.com\/wp-content\/uploads\/2022\/10\/IMG_5870-2.jpg?resize=400%2C267&amp;ssl=1 400w, https:\/\/i0.wp.com\/casadecampoliving.com\/wp-content\/uploads\/2022\/10\/IMG_5870-2.jpg?resize=706%2C471&amp;ssl=1 706w, https:\/\/i0.wp.com\/casadecampoliving.com\/wp-content\/uploads\/2022\/10\/IMG_5870-2.jpg?resize=150%2C100&amp;ssl=1 150w, https:\/\/i0.wp.com\/casadecampoliving.com\/wp-content\/uploads\/2022\/10\/IMG_5870-2.jpg?w=370&amp;ssl=1 370w\" sizes=\"auto, (max-width: 1000px) 100vw, 1000px\" \/><\/figure>\n<\/figure>\n","protected":false},"excerpt":{"rendered":"<p>El s\u00e1bado pasado, 28 de abril, tuve el placer de participar en un taller incre\u00edble, \u00abEscritura creativa para foodies\u00bb en La Romana. Aunque he estado escribiendo durante un tiempo, siempre hay espacio para aprender y mejorar. El curso estuvo a cargo de Elaine Hern\u00e1ndez Pi\u00f3n, bloguera gastron\u00f3mica, periodista gastron\u00f3mica y creadora de BocaTips, y Gabriella [&hellip;]<\/p>\n","protected":false},"author":36682,"featured_media":0,"comment_status":"closed","ping_status":"closed","sticky":false,"template":"","format":"standard","meta":{"newspack_ads_suppress_ads":false,"newspack_popups_has_disabled_popups":false,"newspack_sponsor_sponsorship_scope":"","newspack_sponsor_native_byline_display":"inherit","newspack_sponsor_native_category_display":"inherit","newspack_sponsor_underwriter_style":"inherit","newspack_sponsor_underwriter_placement":"inherit","_newspack_byline_active":false,"_newspack_byline":"","newspack_hide_updated_date":false,"newspack_show_updated_date":false,"newspack_content_restriction_is_exempt":false,"newspack_featured_image_position":"","newspack_post_subtitle":"","newspack_article_summary_title":"Overview:","newspack_article_summary":"","_jetpack_memberships_contains_paid_content":false,"footnotes":"","jetpack_publicize_message":"","jetpack_publicize_feature_enabled":true,"jetpack_social_post_already_shared":false,"jetpack_social_options":{"image_generator_settings":{"template":"highway","default_image_id":0,"font":"","enabled":false},"version":2},"_wpas_customize_per_network":false},"categories":[172,75,51,14630,14624],"tags":[22863,13889,11026,19677,1004],"newspack_spnsrs_tax":[],"class_list":["post-352634","post","type-post","status-publish","format-standard","hentry","category-beyond-casa","category-dominican-republic","category-events-and-activities","category-lifestyle","category-local-news","tag-foodie","tag-gabriella-reginato","tag-gastronomia","tag-studio-cocina","tag-workshop","entry"],"yoast_head":"<!-- This site is optimized with the Yoast SEO plugin v27.5 - https:\/\/yoast.com\/product\/yoast-seo-wordpress\/ -->\n<title>Conectando con las emociones a trav\u00e9s de la escritura creativa | Casa de Campo Living<\/title>\n<meta name=\"description\" content=\"El s\u00e1bado pasado, 28 de abril, tuve el placer de participar en un taller incre\u00edble, &quot;Escritura creativa para foodies&quot; en La Romana. Aunque he estado\" \/>\n<meta name=\"robots\" content=\"index, follow, max-snippet:-1, max-image-preview:large, max-video-preview:-1\" \/>\n<link rel=\"canonical\" href=\"https:\/\/casadecampoliving.com\/es\/conectando-con-las-emociones-traves-de-la-escritura-creativa\/\" \/>\n<meta property=\"og:locale\" content=\"es_ES\" \/>\n<meta property=\"og:type\" content=\"article\" \/>\n<meta property=\"og:title\" content=\"Conectando con las emociones a trav\u00e9s de la escritura creativa | Casa de Campo Living\" \/>\n<meta property=\"og:description\" content=\"El s\u00e1bado pasado, 28 de abril, tuve el placer de participar en un taller incre\u00edble, &quot;Escritura creativa para foodies&quot; en La Romana. Aunque he estado\" \/>\n<meta property=\"og:url\" content=\"https:\/\/casadecampoliving.com\/es\/conectando-con-las-emociones-traves-de-la-escritura-creativa\/\" \/>\n<meta property=\"og:site_name\" content=\"Casa de Campo Living\" \/>\n<meta property=\"article:publisher\" content=\"https:\/\/www.facebook.com\/casadecampoliving\" \/>\n<meta property=\"article:published_time\" content=\"2018-05-01T04:00:00+00:00\" \/>\n<meta property=\"article:modified_time\" content=\"2022-11-10T14:37:18+00:00\" \/>\n<meta property=\"og:image\" content=\"https:\/\/casadecampoliving-wp.s3-accelerate.amazonaws.com\/2018\/05\/WhatsApp-Image-2018-04-28-at-16.16.39-225x300.jpeg\" \/>\n<meta name=\"author\" content=\"Marlenys Guzm\u00e1n Casta\u00f1os\" \/>\n<meta name=\"twitter:card\" content=\"summary_large_image\" \/>\n<meta name=\"twitter:creator\" content=\"@cdcliving\" \/>\n<meta name=\"twitter:site\" content=\"@cdcliving\" \/>\n<meta name=\"twitter:label1\" content=\"Escrito por\" \/>\n\t<meta name=\"twitter:data1\" content=\"Marlenys Guzm\u00e1n Casta\u00f1os\" \/>\n\t<meta name=\"twitter:label2\" content=\"Tiempo de lectura\" \/>\n\t<meta name=\"twitter:data2\" content=\"4 minutos\" \/>\n<script type=\"application\/ld+json\" class=\"yoast-schema-graph\">{\"@context\":\"https:\\\/\\\/schema.org\",\"@graph\":[{\"@type\":\"Article\",\"@id\":\"https:\\\/\\\/casadecampoliving.com\\\/es\\\/conectando-con-las-emociones-traves-de-la-escritura-creativa\\\/#article\",\"isPartOf\":{\"@id\":\"https:\\\/\\\/casadecampoliving.com\\\/es\\\/conectando-con-las-emociones-traves-de-la-escritura-creativa\\\/\"},\"author\":{\"name\":\"Marlenys Guzm\u00e1n Casta\u00f1os\",\"@id\":\"https:\\\/\\\/casadecampoliving.com\\\/es\\\/#\\\/schema\\\/person\\\/b6606bd87f9cec8f5903e2141cafda24\"},\"headline\":\"Conectando con las emociones a trav\u00e9s de la escritura creativa\",\"datePublished\":\"2018-05-01T04:00:00+00:00\",\"dateModified\":\"2022-11-10T14:37:18+00:00\",\"mainEntityOfPage\":{\"@id\":\"https:\\\/\\\/casadecampoliving.com\\\/es\\\/conectando-con-las-emociones-traves-de-la-escritura-creativa\\\/\"},\"wordCount\":720,\"publisher\":{\"@id\":\"https:\\\/\\\/casadecampoliving.com\\\/es\\\/#organization\"},\"image\":{\"@id\":\"https:\\\/\\\/casadecampoliving.com\\\/es\\\/conectando-con-las-emociones-traves-de-la-escritura-creativa\\\/#primaryimage\"},\"thumbnailUrl\":\"https:\\\/\\\/casadecampoliving-wp.s3-accelerate.amazonaws.com\\\/2018\\\/05\\\/WhatsApp-Image-2018-04-28-at-16.16.39-225x300.jpeg\",\"keywords\":[\"foodie\",\"Gabriella Reginato\",\"gastronom\u00eda\",\"Studio Cocina\",\"workshop\"],\"articleSection\":[\"Beyond Casa\",\"Dominican Republic\",\"Events and Activities\",\"Lifestyle\",\"Local News\"],\"inLanguage\":\"es\"},{\"@type\":\"WebPage\",\"@id\":\"https:\\\/\\\/casadecampoliving.com\\\/es\\\/conectando-con-las-emociones-traves-de-la-escritura-creativa\\\/\",\"url\":\"https:\\\/\\\/casadecampoliving.com\\\/es\\\/conectando-con-las-emociones-traves-de-la-escritura-creativa\\\/\",\"name\":\"Conectando con las emociones a trav\u00e9s de la escritura creativa | Casa de Campo Living\",\"isPartOf\":{\"@id\":\"https:\\\/\\\/casadecampoliving.com\\\/es\\\/#website\"},\"primaryImageOfPage\":{\"@id\":\"https:\\\/\\\/casadecampoliving.com\\\/es\\\/conectando-con-las-emociones-traves-de-la-escritura-creativa\\\/#primaryimage\"},\"image\":{\"@id\":\"https:\\\/\\\/casadecampoliving.com\\\/es\\\/conectando-con-las-emociones-traves-de-la-escritura-creativa\\\/#primaryimage\"},\"thumbnailUrl\":\"https:\\\/\\\/casadecampoliving-wp.s3-accelerate.amazonaws.com\\\/2018\\\/05\\\/WhatsApp-Image-2018-04-28-at-16.16.39-225x300.jpeg\",\"datePublished\":\"2018-05-01T04:00:00+00:00\",\"dateModified\":\"2022-11-10T14:37:18+00:00\",\"description\":\"El s\u00e1bado pasado, 28 de abril, tuve el placer de participar en un taller incre\u00edble, \\\"Escritura creativa para foodies\\\" en La Romana. Aunque he estado\",\"breadcrumb\":{\"@id\":\"https:\\\/\\\/casadecampoliving.com\\\/es\\\/conectando-con-las-emociones-traves-de-la-escritura-creativa\\\/#breadcrumb\"},\"inLanguage\":\"es\",\"potentialAction\":[{\"@type\":\"ReadAction\",\"target\":[\"https:\\\/\\\/casadecampoliving.com\\\/es\\\/conectando-con-las-emociones-traves-de-la-escritura-creativa\\\/\"]}]},{\"@type\":\"ImageObject\",\"inLanguage\":\"es\",\"@id\":\"https:\\\/\\\/casadecampoliving.com\\\/es\\\/conectando-con-las-emociones-traves-de-la-escritura-creativa\\\/#primaryimage\",\"url\":\"https:\\\/\\\/casadecampoliving-wp.s3-accelerate.amazonaws.com\\\/2018\\\/05\\\/WhatsApp-Image-2018-04-28-at-16.16.39-225x300.jpeg\",\"contentUrl\":\"https:\\\/\\\/casadecampoliving-wp.s3-accelerate.amazonaws.com\\\/2018\\\/05\\\/WhatsApp-Image-2018-04-28-at-16.16.39-225x300.jpeg\"},{\"@type\":\"BreadcrumbList\",\"@id\":\"https:\\\/\\\/casadecampoliving.com\\\/es\\\/conectando-con-las-emociones-traves-de-la-escritura-creativa\\\/#breadcrumb\",\"itemListElement\":[{\"@type\":\"ListItem\",\"position\":1,\"name\":\"Home\",\"item\":\"https:\\\/\\\/casadecampoliving.com\\\/es\\\/\"},{\"@type\":\"ListItem\",\"position\":2,\"name\":\"Conectando con las emociones a trav\u00e9s de la escritura creativa\"}]},{\"@type\":\"WebSite\",\"@id\":\"https:\\\/\\\/casadecampoliving.com\\\/es\\\/#website\",\"url\":\"https:\\\/\\\/casadecampoliving.com\\\/es\\\/\",\"name\":\"Casa de Campo Living\",\"description\":\"Resort community news and resources.\",\"publisher\":{\"@id\":\"https:\\\/\\\/casadecampoliving.com\\\/es\\\/#organization\"},\"potentialAction\":[{\"@type\":\"SearchAction\",\"target\":{\"@type\":\"EntryPoint\",\"urlTemplate\":\"https:\\\/\\\/casadecampoliving.com\\\/es\\\/?s={search_term_string}\"},\"query-input\":{\"@type\":\"PropertyValueSpecification\",\"valueRequired\":true,\"valueName\":\"search_term_string\"}}],\"inLanguage\":\"es\"},{\"@type\":\"Organization\",\"@id\":\"https:\\\/\\\/casadecampoliving.com\\\/es\\\/#organization\",\"name\":\"Casa de Campo Living\",\"url\":\"https:\\\/\\\/casadecampoliving.com\\\/es\\\/\",\"logo\":{\"@type\":\"ImageObject\",\"inLanguage\":\"es\",\"@id\":\"https:\\\/\\\/casadecampoliving.com\\\/es\\\/#\\\/schema\\\/logo\\\/image\\\/\",\"url\":\"https:\\\/\\\/i0.wp.com\\\/casadecampoliving.com\\\/wp-content\\\/uploads\\\/2022\\\/07\\\/CDCLivingLogo_V1-white-sized.png?fit=800%2C214&ssl=1\",\"contentUrl\":\"https:\\\/\\\/i0.wp.com\\\/casadecampoliving.com\\\/wp-content\\\/uploads\\\/2022\\\/07\\\/CDCLivingLogo_V1-white-sized.png?fit=800%2C214&ssl=1\",\"width\":800,\"height\":214,\"caption\":\"Casa de Campo Living\"},\"image\":{\"@id\":\"https:\\\/\\\/casadecampoliving.com\\\/es\\\/#\\\/schema\\\/logo\\\/image\\\/\"},\"sameAs\":[\"https:\\\/\\\/www.facebook.com\\\/casadecampoliving\",\"https:\\\/\\\/x.com\\\/cdcliving\"]},{\"@type\":\"Person\",\"@id\":\"https:\\\/\\\/casadecampoliving.com\\\/es\\\/#\\\/schema\\\/person\\\/b6606bd87f9cec8f5903e2141cafda24\",\"name\":\"Marlenys Guzm\u00e1n Casta\u00f1os\",\"image\":{\"@type\":\"ImageObject\",\"inLanguage\":\"es\",\"@id\":\"https:\\\/\\\/secure.gravatar.com\\\/avatar\\\/72f3f86b8e6b3ec744201aeadf11d4a6055e8af194aecd9ad30ffff4437878ee?s=96&d=mm&r=g\",\"url\":\"https:\\\/\\\/secure.gravatar.com\\\/avatar\\\/72f3f86b8e6b3ec744201aeadf11d4a6055e8af194aecd9ad30ffff4437878ee?s=96&d=mm&r=g\",\"contentUrl\":\"https:\\\/\\\/secure.gravatar.com\\\/avatar\\\/72f3f86b8e6b3ec744201aeadf11d4a6055e8af194aecd9ad30ffff4437878ee?s=96&d=mm&r=g\",\"caption\":\"Marlenys Guzm\u00e1n Casta\u00f1os\"},\"url\":\"https:\\\/\\\/casadecampoliving.com\\\/es\\\/author\\\/mguzman\\\/\"}]}<\/script>\n<!-- \/ Yoast SEO plugin. -->","yoast_head_json":{"title":"Conectando con las emociones a trav\u00e9s de la escritura creativa | Casa de Campo Living","description":"El s\u00e1bado pasado, 28 de abril, tuve el placer de participar en un taller incre\u00edble, \"Escritura creativa para foodies\" en La Romana. Aunque he estado","robots":{"index":"index","follow":"follow","max-snippet":"max-snippet:-1","max-image-preview":"max-image-preview:large","max-video-preview":"max-video-preview:-1"},"canonical":"https:\/\/casadecampoliving.com\/es\/conectando-con-las-emociones-traves-de-la-escritura-creativa\/","og_locale":"es_ES","og_type":"article","og_title":"Conectando con las emociones a trav\u00e9s de la escritura creativa | Casa de Campo Living","og_description":"El s\u00e1bado pasado, 28 de abril, tuve el placer de participar en un taller incre\u00edble, \"Escritura creativa para foodies\" en La Romana. Aunque he estado","og_url":"https:\/\/casadecampoliving.com\/es\/conectando-con-las-emociones-traves-de-la-escritura-creativa\/","og_site_name":"Casa de Campo Living","article_publisher":"https:\/\/www.facebook.com\/casadecampoliving","article_published_time":"2018-05-01T04:00:00+00:00","article_modified_time":"2022-11-10T14:37:18+00:00","og_image":[{"url":"https:\/\/casadecampoliving-wp.s3-accelerate.amazonaws.com\/2018\/05\/WhatsApp-Image-2018-04-28-at-16.16.39-225x300.jpeg","type":"","width":"","height":""}],"author":"Marlenys Guzm\u00e1n Casta\u00f1os","twitter_card":"summary_large_image","twitter_creator":"@cdcliving","twitter_site":"@cdcliving","twitter_misc":{"Escrito por":"Marlenys Guzm\u00e1n Casta\u00f1os","Tiempo de lectura":"4 minutos"},"schema":{"@context":"https:\/\/schema.org","@graph":[{"@type":"Article","@id":"https:\/\/casadecampoliving.com\/es\/conectando-con-las-emociones-traves-de-la-escritura-creativa\/#article","isPartOf":{"@id":"https:\/\/casadecampoliving.com\/es\/conectando-con-las-emociones-traves-de-la-escritura-creativa\/"},"author":{"name":"Marlenys Guzm\u00e1n Casta\u00f1os","@id":"https:\/\/casadecampoliving.com\/es\/#\/schema\/person\/b6606bd87f9cec8f5903e2141cafda24"},"headline":"Conectando con las emociones a trav\u00e9s de la escritura creativa","datePublished":"2018-05-01T04:00:00+00:00","dateModified":"2022-11-10T14:37:18+00:00","mainEntityOfPage":{"@id":"https:\/\/casadecampoliving.com\/es\/conectando-con-las-emociones-traves-de-la-escritura-creativa\/"},"wordCount":720,"publisher":{"@id":"https:\/\/casadecampoliving.com\/es\/#organization"},"image":{"@id":"https:\/\/casadecampoliving.com\/es\/conectando-con-las-emociones-traves-de-la-escritura-creativa\/#primaryimage"},"thumbnailUrl":"https:\/\/casadecampoliving-wp.s3-accelerate.amazonaws.com\/2018\/05\/WhatsApp-Image-2018-04-28-at-16.16.39-225x300.jpeg","keywords":["foodie","Gabriella Reginato","gastronom\u00eda","Studio Cocina","workshop"],"articleSection":["Beyond Casa","Dominican Republic","Events and Activities","Lifestyle","Local News"],"inLanguage":"es"},{"@type":"WebPage","@id":"https:\/\/casadecampoliving.com\/es\/conectando-con-las-emociones-traves-de-la-escritura-creativa\/","url":"https:\/\/casadecampoliving.com\/es\/conectando-con-las-emociones-traves-de-la-escritura-creativa\/","name":"Conectando con las emociones a trav\u00e9s de la escritura creativa | Casa de Campo Living","isPartOf":{"@id":"https:\/\/casadecampoliving.com\/es\/#website"},"primaryImageOfPage":{"@id":"https:\/\/casadecampoliving.com\/es\/conectando-con-las-emociones-traves-de-la-escritura-creativa\/#primaryimage"},"image":{"@id":"https:\/\/casadecampoliving.com\/es\/conectando-con-las-emociones-traves-de-la-escritura-creativa\/#primaryimage"},"thumbnailUrl":"https:\/\/casadecampoliving-wp.s3-accelerate.amazonaws.com\/2018\/05\/WhatsApp-Image-2018-04-28-at-16.16.39-225x300.jpeg","datePublished":"2018-05-01T04:00:00+00:00","dateModified":"2022-11-10T14:37:18+00:00","description":"El s\u00e1bado pasado, 28 de abril, tuve el placer de participar en un taller incre\u00edble, \"Escritura creativa para foodies\" en La Romana. Aunque he estado","breadcrumb":{"@id":"https:\/\/casadecampoliving.com\/es\/conectando-con-las-emociones-traves-de-la-escritura-creativa\/#breadcrumb"},"inLanguage":"es","potentialAction":[{"@type":"ReadAction","target":["https:\/\/casadecampoliving.com\/es\/conectando-con-las-emociones-traves-de-la-escritura-creativa\/"]}]},{"@type":"ImageObject","inLanguage":"es","@id":"https:\/\/casadecampoliving.com\/es\/conectando-con-las-emociones-traves-de-la-escritura-creativa\/#primaryimage","url":"https:\/\/casadecampoliving-wp.s3-accelerate.amazonaws.com\/2018\/05\/WhatsApp-Image-2018-04-28-at-16.16.39-225x300.jpeg","contentUrl":"https:\/\/casadecampoliving-wp.s3-accelerate.amazonaws.com\/2018\/05\/WhatsApp-Image-2018-04-28-at-16.16.39-225x300.jpeg"},{"@type":"BreadcrumbList","@id":"https:\/\/casadecampoliving.com\/es\/conectando-con-las-emociones-traves-de-la-escritura-creativa\/#breadcrumb","itemListElement":[{"@type":"ListItem","position":1,"name":"Home","item":"https:\/\/casadecampoliving.com\/es\/"},{"@type":"ListItem","position":2,"name":"Conectando con las emociones a trav\u00e9s de la escritura creativa"}]},{"@type":"WebSite","@id":"https:\/\/casadecampoliving.com\/es\/#website","url":"https:\/\/casadecampoliving.com\/es\/","name":"Casa de Campo Living","description":"Resort community news and resources.","publisher":{"@id":"https:\/\/casadecampoliving.com\/es\/#organization"},"potentialAction":[{"@type":"SearchAction","target":{"@type":"EntryPoint","urlTemplate":"https:\/\/casadecampoliving.com\/es\/?s={search_term_string}"},"query-input":{"@type":"PropertyValueSpecification","valueRequired":true,"valueName":"search_term_string"}}],"inLanguage":"es"},{"@type":"Organization","@id":"https:\/\/casadecampoliving.com\/es\/#organization","name":"Casa de Campo Living","url":"https:\/\/casadecampoliving.com\/es\/","logo":{"@type":"ImageObject","inLanguage":"es","@id":"https:\/\/casadecampoliving.com\/es\/#\/schema\/logo\/image\/","url":"https:\/\/i0.wp.com\/casadecampoliving.com\/wp-content\/uploads\/2022\/07\/CDCLivingLogo_V1-white-sized.png?fit=800%2C214&ssl=1","contentUrl":"https:\/\/i0.wp.com\/casadecampoliving.com\/wp-content\/uploads\/2022\/07\/CDCLivingLogo_V1-white-sized.png?fit=800%2C214&ssl=1","width":800,"height":214,"caption":"Casa de Campo Living"},"image":{"@id":"https:\/\/casadecampoliving.com\/es\/#\/schema\/logo\/image\/"},"sameAs":["https:\/\/www.facebook.com\/casadecampoliving","https:\/\/x.com\/cdcliving"]},{"@type":"Person","@id":"https:\/\/casadecampoliving.com\/es\/#\/schema\/person\/b6606bd87f9cec8f5903e2141cafda24","name":"Marlenys Guzm\u00e1n Casta\u00f1os","image":{"@type":"ImageObject","inLanguage":"es","@id":"https:\/\/secure.gravatar.com\/avatar\/72f3f86b8e6b3ec744201aeadf11d4a6055e8af194aecd9ad30ffff4437878ee?s=96&d=mm&r=g","url":"https:\/\/secure.gravatar.com\/avatar\/72f3f86b8e6b3ec744201aeadf11d4a6055e8af194aecd9ad30ffff4437878ee?s=96&d=mm&r=g","contentUrl":"https:\/\/secure.gravatar.com\/avatar\/72f3f86b8e6b3ec744201aeadf11d4a6055e8af194aecd9ad30ffff4437878ee?s=96&d=mm&r=g","caption":"Marlenys Guzm\u00e1n Casta\u00f1os"},"url":"https:\/\/casadecampoliving.com\/es\/author\/mguzman\/"}]}},"parsely":{"version":"1.1.0","canonical_url":"https:\/\/casadecampoliving.com\/es\/conectando-con-las-emociones-traves-de-la-escritura-creativa\/","smart_links":{"inbound":0,"outbound":0},"traffic_boost_suggestions_count":0,"meta":{"@context":"https:\/\/schema.org","@type":"NewsArticle","headline":"Conectando con las emociones a trav\u00e9s de la escritura creativa","url":"http:\/\/casadecampoliving.com\/es\/conectando-con-las-emociones-traves-de-la-escritura-creativa\/","mainEntityOfPage":{"@type":"WebPage","@id":"http:\/\/casadecampoliving.com\/es\/conectando-con-las-emociones-traves-de-la-escritura-creativa\/"},"thumbnailUrl":"","image":{"@type":"ImageObject","url":""},"articleSection":"Beyond Casa","author":[{"@type":"Person","name":"Marlenys Guzm\u00e1n Casta\u00f1os"}],"creator":["Marlenys Guzm\u00e1n Casta\u00f1os"],"publisher":{"@type":"Organization","name":"Casa de Campo Living","logo":"https:\/\/casadecampoliving.com\/wp-content\/uploads\/2022\/07\/CDCLivingLogo_V1-white-sized.png"},"keywords":["foodie","gabriella reginato","gastronom\u00eda","studio cocina","workshop"],"dateCreated":"2018-05-01T04:00:00Z","datePublished":"2018-05-01T04:00:00Z","dateModified":"2022-11-10T14:37:18Z"},"rendered":"<script type=\"application\/ld+json\" class=\"wp-parsely-metadata\">{\"@context\":\"https:\\\/\\\/schema.org\",\"@type\":\"NewsArticle\",\"headline\":\"Conectando con las emociones a trav\\u00e9s de la escritura creativa\",\"url\":\"http:\\\/\\\/casadecampoliving.com\\\/es\\\/conectando-con-las-emociones-traves-de-la-escritura-creativa\\\/\",\"mainEntityOfPage\":{\"@type\":\"WebPage\",\"@id\":\"http:\\\/\\\/casadecampoliving.com\\\/es\\\/conectando-con-las-emociones-traves-de-la-escritura-creativa\\\/\"},\"thumbnailUrl\":\"\",\"image\":{\"@type\":\"ImageObject\",\"url\":\"\"},\"articleSection\":\"Beyond Casa\",\"author\":[{\"@type\":\"Person\",\"name\":\"Marlenys Guzm\\u00e1n Casta\\u00f1os\"}],\"creator\":[\"Marlenys Guzm\\u00e1n Casta\\u00f1os\"],\"publisher\":{\"@type\":\"Organization\",\"name\":\"Casa de Campo Living\",\"logo\":\"https:\\\/\\\/casadecampoliving.com\\\/wp-content\\\/uploads\\\/2022\\\/07\\\/CDCLivingLogo_V1-white-sized.png\"},\"keywords\":[\"foodie\",\"gabriella reginato\",\"gastronom\\u00eda\",\"studio cocina\",\"workshop\"],\"dateCreated\":\"2018-05-01T04:00:00Z\",\"datePublished\":\"2018-05-01T04:00:00Z\",\"dateModified\":\"2022-11-10T14:37:18Z\"}<\/script>","tracker_url":"https:\/\/cdn.parsely.com\/keys\/casadecampoliving.com\/p.js"},"jetpack_publicize_connections":[],"jetpack_featured_media_url":"","jetpack-related-posts":[{"id":352033,"url":"https:\/\/casadecampoliving.com\/es\/unete-gabriella-reginato-este-mes-de-octubre-y-aprende-cocinar-como-un-profesional\/","url_meta":{"origin":352634,"position":0},"title":"\u00danete a Gabriella Reginato este mes de octubre y aprende a cocinar como un profesional","author":"Heather Lincoln","date":"28 Sep, 2017","format":false,"excerpt":"Cualquier momento es un buen momento para aprender a cocinar, \u00a1pero con las festividades acerc\u00e1ndose parece casi vital! Las fiestas y reuniones familiares son una oportunidad para mostrar sus habilidades como chef en la cocina. Atr\u00e9vete a impresionar con deliciosos postres, alternativas saludables y platos grandes que dejar\u00e1n a todos\u2026","rel":"","context":"En \u00abEstilo de Vida\u00bb","block_context":{"text":"Estilo de Vida","link":"https:\/\/casadecampoliving.com\/es\/category\/estilo-de-vida\/"},"img":{"alt_text":"Gabriella Reginato Studio Cocina Workshop","src":"https:\/\/i0.wp.com\/casadecampoliving.com\/wp-content\/uploads\/2022\/10\/stir-fry.jpg?fit=1000%2C667&ssl=1&resize=350%2C200","width":350,"height":200,"srcset":"https:\/\/i0.wp.com\/casadecampoliving.com\/wp-content\/uploads\/2022\/10\/stir-fry.jpg?fit=1000%2C667&ssl=1&resize=350%2C200 1x, https:\/\/i0.wp.com\/casadecampoliving.com\/wp-content\/uploads\/2022\/10\/stir-fry.jpg?fit=1000%2C667&ssl=1&resize=525%2C300 1.5x, https:\/\/i0.wp.com\/casadecampoliving.com\/wp-content\/uploads\/2022\/10\/stir-fry.jpg?fit=1000%2C667&ssl=1&resize=700%2C400 2x"},"classes":[]},{"id":350771,"url":"https:\/\/casadecampoliving.com\/es\/apertura-del-studio-cocina-de-gabriella-reginato\/","url_meta":{"origin":352634,"position":1},"title":"\u00a1Celebrando con amigos la apertura del Studio Cocina de Gabriella Reginato!","author":"Heather Lincoln","date":"7 Nov, 2016","format":false,"excerpt":"Una reuni\u00f3n entre\u00a0amigos siempre es bueno, agregue comida y bebidas a la mezcla y usted tiene una fiesta en manos; \u00a1especialmente cuando incluye la popular\u00a0chef Gabriella Reginato! Inaugurando su nuevo espacio de cocina en La Romana, Studio Cocina, Gabriella organiz\u00f3 un Open House el 1 de noviembre invitando a la\u2026","rel":"","context":"En \u00abCelebridades\u00bb","block_context":{"text":"Celebridades","link":"https:\/\/casadecampoliving.com\/es\/category\/celebridades-es\/"},"img":{"alt_text":"Gabriella Reginato Open House","src":"https:\/\/i0.wp.com\/casadecampoliving.com\/wp-content\/uploads\/2022\/10\/Gabriella_Reginato_Open_House_09-1.jpg?fit=1000%2C667&ssl=1&resize=350%2C200","width":350,"height":200,"srcset":"https:\/\/i0.wp.com\/casadecampoliving.com\/wp-content\/uploads\/2022\/10\/Gabriella_Reginato_Open_House_09-1.jpg?fit=1000%2C667&ssl=1&resize=350%2C200 1x, https:\/\/i0.wp.com\/casadecampoliving.com\/wp-content\/uploads\/2022\/10\/Gabriella_Reginato_Open_House_09-1.jpg?fit=1000%2C667&ssl=1&resize=525%2C300 1.5x, https:\/\/i0.wp.com\/casadecampoliving.com\/wp-content\/uploads\/2022\/10\/Gabriella_Reginato_Open_House_09-1.jpg?fit=1000%2C667&ssl=1&resize=700%2C400 2x"},"classes":[]},{"id":350688,"url":"https:\/\/casadecampoliving.com\/es\/studio-cocina-de-gabriella-reginato\/","url_meta":{"origin":352634,"position":2},"title":"\u00a1Conozca el nuevo Studio Cocina de Gabriella Reginato en su Open House el 1ero de noviembre!","author":"Heather Lincoln","date":"26 Oct, 2016","format":false,"excerpt":"Gabriella Reginato, quien nos present\u00f3 su nueva l\u00ednea de productos gourmet Voala!\u00a0hace unos meses en Azimut Caf\u00e9 en la Marina Casa de Campo, \u00a1abrir\u00e1 las puertas de su estudio-cocina en La Romana! Est\u00e1n todos\u00a0invitados a una tarde de degustaciones, c\u00f3cteles, y conocer m\u00e1s\u00a0de su amplia gama de servicios, mientras nos\u2026","rel":"","context":"En \u00abComidas &amp; Bebidas\u00bb","block_context":{"text":"Comidas &amp; Bebidas","link":"https:\/\/casadecampoliving.com\/es\/category\/comidas-bebidas\/"},"img":{"alt_text":"Gabriella Reginato Studio Cocina","src":"https:\/\/i0.wp.com\/casadecampoliving.com\/wp-content\/uploads\/2022\/10\/IMG_0027-e1477505129958.jpg?fit=1000%2C630&ssl=1&resize=350%2C200","width":350,"height":200,"srcset":"https:\/\/i0.wp.com\/casadecampoliving.com\/wp-content\/uploads\/2022\/10\/IMG_0027-e1477505129958.jpg?fit=1000%2C630&ssl=1&resize=350%2C200 1x, https:\/\/i0.wp.com\/casadecampoliving.com\/wp-content\/uploads\/2022\/10\/IMG_0027-e1477505129958.jpg?fit=1000%2C630&ssl=1&resize=525%2C300 1.5x, https:\/\/i0.wp.com\/casadecampoliving.com\/wp-content\/uploads\/2022\/10\/IMG_0027-e1477505129958.jpg?fit=1000%2C630&ssl=1&resize=700%2C400 2x"},"classes":[]},{"id":433460,"url":"https:\/\/casadecampoliving.com\/es\/no-se-pierdan-el-increible-tributo-a-frank-sinatra-para-celebrar-el-40-aniversario-del-anfiteatro-altos-de-chavon\/","url_meta":{"origin":352634,"position":3},"title":"No se pierdan el incre\u00edble tributo a Frank Sinatra para celebrar el 40 aniversario del\u00a0Anfiteatro Altos de Chav\u00f3n","author":"Casa de Campo Living","date":"20 Oct, 2022","format":false,"excerpt":"Siendo uno de los escenarios m\u00e1s emblem\u00e1ticos del pa\u00eds, Casa de Campo Resort\u00ae & Villas celebra las cuatro d\u00e9cadas de aniversario de Altos de Chav\u00f3n con un tributo al gran Frank Sinatra, protagonizado por artistas invitados y una big band tal cual la que acompa\u00f1\u00f3 al artista hace 40 a\u00f1os\u2026","rel":"","context":"En \u00abUncategorized @es\u00bb","block_context":{"text":"Uncategorized @es","link":"https:\/\/casadecampoliving.com\/es\/category\/uncategorized-es\/"},"img":{"alt_text":"","src":"https:\/\/i0.wp.com\/casadecampoliving.com\/wp-content\/uploads\/2022\/10\/Tributo-Frank-Sinatra-Foto-Principal-Amaury-Sanchez-Danilo-Ginebra-Andres-Pichardo-y-Jose-Gabriel-Perez-.jpg?fit=1200%2C873&ssl=1&resize=350%2C200","width":350,"height":200,"srcset":"https:\/\/i0.wp.com\/casadecampoliving.com\/wp-content\/uploads\/2022\/10\/Tributo-Frank-Sinatra-Foto-Principal-Amaury-Sanchez-Danilo-Ginebra-Andres-Pichardo-y-Jose-Gabriel-Perez-.jpg?fit=1200%2C873&ssl=1&resize=350%2C200 1x, https:\/\/i0.wp.com\/casadecampoliving.com\/wp-content\/uploads\/2022\/10\/Tributo-Frank-Sinatra-Foto-Principal-Amaury-Sanchez-Danilo-Ginebra-Andres-Pichardo-y-Jose-Gabriel-Perez-.jpg?fit=1200%2C873&ssl=1&resize=525%2C300 1.5x, https:\/\/i0.wp.com\/casadecampoliving.com\/wp-content\/uploads\/2022\/10\/Tributo-Frank-Sinatra-Foto-Principal-Amaury-Sanchez-Danilo-Ginebra-Andres-Pichardo-y-Jose-Gabriel-Perez-.jpg?fit=1200%2C873&ssl=1&resize=700%2C400 2x, https:\/\/i0.wp.com\/casadecampoliving.com\/wp-content\/uploads\/2022\/10\/Tributo-Frank-Sinatra-Foto-Principal-Amaury-Sanchez-Danilo-Ginebra-Andres-Pichardo-y-Jose-Gabriel-Perez-.jpg?fit=1200%2C873&ssl=1&resize=1050%2C600 3x"},"classes":[]},{"id":350382,"url":"https:\/\/casadecampoliving.com\/es\/gabriella-reginato-nos-presenta-voala-en-azimut-cafe\/","url_meta":{"origin":352634,"position":4},"title":"Gabriella Reginato nos presenta \u00a1VOALA! durante un encantador coctel en Azimut Cafe","author":"Carla Campos","date":"16 Ago, 2016","format":false,"excerpt":"La noche del\u00a0jueves 11 de agosto, estuvo\u00a0llena de acontecimientos en la Marina de Casa de Campo donde muchos miembros de la comunidad asistieron al lanzamiento de la nueva l\u00ednea de productos gourmet de la Chef Gabriella Reginato en Azimut Caf\u00e9. En una muestra de unidad y amistad, muchos no dejaron\u2026","rel":"","context":"En \u00abCelebridades\u00bb","block_context":{"text":"Celebridades","link":"https:\/\/casadecampoliving.com\/es\/category\/celebridades-es\/"},"img":{"alt_text":"gabirella reginato","src":"https:\/\/i0.wp.com\/casadecampoliving.com\/wp-content\/uploads\/2022\/10\/IMG_0070-e1471280253891.jpg?fit=1000%2C600&ssl=1&resize=350%2C200","width":350,"height":200,"srcset":"https:\/\/i0.wp.com\/casadecampoliving.com\/wp-content\/uploads\/2022\/10\/IMG_0070-e1471280253891.jpg?fit=1000%2C600&ssl=1&resize=350%2C200 1x, https:\/\/i0.wp.com\/casadecampoliving.com\/wp-content\/uploads\/2022\/10\/IMG_0070-e1471280253891.jpg?fit=1000%2C600&ssl=1&resize=525%2C300 1.5x, https:\/\/i0.wp.com\/casadecampoliving.com\/wp-content\/uploads\/2022\/10\/IMG_0070-e1471280253891.jpg?fit=1000%2C600&ssl=1&resize=700%2C400 2x"},"classes":[]},{"id":350476,"url":"https:\/\/casadecampoliving.com\/es\/gabriella-reginato-abrira-un-nuevo-estudio-cocina-en-la-romana\/","url_meta":{"origin":352634,"position":5},"title":"\u00a1Aprenda a preparar Carpaccio de Zucchini con Gabriella Reginato!","author":"Marlenys Guzm\u00e1n Casta\u00f1os","date":"9 Sep, 2016","format":false,"excerpt":"El mes pasado la reconocida chef dominicana y miembro de la comunidad, Gabriella Reginato presento su nueva linea de productos gourmet en Azimut Caf\u00e9. Pero esto no es todo lo que ella ha estado haciendo ultimamente; ella estar\u00e1 abriendo un nuevo estudio cocina en\u00a0La Romana \u00a1y TAMBIEN estar\u00e1 compartiendo\u00a0con\u00a0Casa de\u2026","rel":"","context":"En \u00abCasa de Campo Living @es\u00bb","block_context":{"text":"Casa de Campo Living @es","link":"https:\/\/casadecampoliving.com\/category\/casa-de-campo-living-es\/"},"img":{"alt_text":"","src":"https:\/\/i0.wp.com\/casadecampoliving.com\/wp-content\/uploads\/2022\/10\/Gabriella-Reginato.jpg?fit=1000%2C600&ssl=1&resize=350%2C200","width":350,"height":200,"srcset":"https:\/\/i0.wp.com\/casadecampoliving.com\/wp-content\/uploads\/2022\/10\/Gabriella-Reginato.jpg?fit=1000%2C600&ssl=1&resize=350%2C200 1x, https:\/\/i0.wp.com\/casadecampoliving.com\/wp-content\/uploads\/2022\/10\/Gabriella-Reginato.jpg?fit=1000%2C600&ssl=1&resize=525%2C300 1.5x, https:\/\/i0.wp.com\/casadecampoliving.com\/wp-content\/uploads\/2022\/10\/Gabriella-Reginato.jpg?fit=1000%2C600&ssl=1&resize=700%2C400 2x"},"classes":[]}],"jetpack_sharing_enabled":true,"_links":{"self":[{"href":"https:\/\/casadecampoliving.com\/es\/wp-json\/wp\/v2\/posts\/352634","targetHints":{"allow":["GET"]}}],"collection":[{"href":"https:\/\/casadecampoliving.com\/es\/wp-json\/wp\/v2\/posts"}],"about":[{"href":"https:\/\/casadecampoliving.com\/es\/wp-json\/wp\/v2\/types\/post"}],"author":[{"embeddable":true,"href":"https:\/\/casadecampoliving.com\/es\/wp-json\/wp\/v2\/users\/36682"}],"replies":[{"embeddable":true,"href":"https:\/\/casadecampoliving.com\/es\/wp-json\/wp\/v2\/comments?post=352634"}],"version-history":[{"count":2,"href":"https:\/\/casadecampoliving.com\/es\/wp-json\/wp\/v2\/posts\/352634\/revisions"}],"predecessor-version":[{"id":508182,"href":"https:\/\/casadecampoliving.com\/es\/wp-json\/wp\/v2\/posts\/352634\/revisions\/508182"}],"wp:attachment":[{"href":"https:\/\/casadecampoliving.com\/es\/wp-json\/wp\/v2\/media?parent=352634"}],"wp:term":[{"taxonomy":"category","embeddable":true,"href":"https:\/\/casadecampoliving.com\/es\/wp-json\/wp\/v2\/categories?post=352634"},{"taxonomy":"post_tag","embeddable":true,"href":"https:\/\/casadecampoliving.com\/es\/wp-json\/wp\/v2\/tags?post=352634"},{"taxonomy":"newspack_spnsrs_tax","embeddable":true,"href":"https:\/\/casadecampoliving.com\/es\/wp-json\/wp\/v2\/newspack_spnsrs_tax?post=352634"}],"curies":[{"name":"wp","href":"https:\/\/api.w.org\/{rel}","templated":true}]}}