{"id":352551,"date":"2018-03-26T00:00:00","date_gmt":"2018-03-26T04:00:00","guid":{"rendered":"https:\/\/casadecampoliving.com\/preparate-para-la-tarde-de-golosinas-y-dulces-de-la-fundacion-mir-de-este-ano\/"},"modified":"2022-10-21T19:04:09","modified_gmt":"2022-10-21T23:04:09","slug":"preparate-para-la-tarde-de-golosinas-y-dulces-de-la-fundacion-mir-de-este-ano","status":"publish","type":"post","link":"https:\/\/casadecampoliving.com\/es\/preparate-para-la-tarde-de-golosinas-y-dulces-de-la-fundacion-mir-de-este-ano\/","title":{"rendered":"\u00a1Prep\u00e1rate para la tarde de golosinas y dulces de la Fundaci\u00f3n MIR de este a\u00f1o!"},"content":{"rendered":"\n<p>\u00a1Es esa \u00e9poca del a\u00f1o otra vez! Tome una canasta y recoja sus Golosinas y Dulces de Pascua con la Fundaci\u00f3n MIR este s\u00e1bado 31 de marzo en el Centro de conferencias Flamboyan en el \u00e1rea principal del hotel de 3:00 a 7:00 p.m.<br>\n<\/p>\n\n\n\n<!--more-->\n\n\n\n<p>Con muchas actividades esta semana para adultos, como <a href=\"https:\/\/casadecampoliving.com\/es\/grafitis-piezas-de-arte-pop-y-abstracto-se-mezclaran-de-otra-manera\/\">la exposici\u00f3n de Sen2 \u201cDe Otra Manera\u201d<\/a>,<a href=\"https:\/\/casadecampoliving.com\/es\/wisin-y-yandel-vienen-altos-de-chavon-para-el-concierto-de-semana-santa-de-este-ano\/\"> el concierto de Wisin y Yandel<\/a>, y las finales de la copa de oro del polo, \u00a1es justo que los ni\u00f1os tambi\u00e9n tengan una actividad para ellos! La Fundaci\u00f3n MIR ha planeado la actividad perfecta, \u00a1y una que satisfar\u00e1 los atojos de dulces de muchos! Golosinas y Dulces de Pascua es una actividad que toda la familia puede disfrutar. Las mesas estar\u00e1n llenas de deliciosos dulces proporcionados por la propia comunidad de Casa de Campo y los ni\u00f1os y adultos pueden llenar sus canastas de Pascua con bocadillos deliciosos por solo RD $ 1,000.Tambi\u00e9n podr\u00e1n saludar al conejito de pascua &nbsp;y tomarse una foto de familia memorable.&nbsp;<\/p>\n\n\n\n<p>Esta es la segunda vez que la Fundaci\u00f3n MIR organiza este evento y, si se parece al a\u00f1o pasado \u00a1estamos seguros de que te encantar\u00e1 cada dulce momento! El evento recaudar\u00e1 fondos para la Fundaci\u00f3n MIR as\u00ed que SEPAREN \u2013 LA \u2013 FECHA y <em>d\u00e9 un brinco<\/em> al centro de conferencias para pasar un buen rato.<\/p>\n\n\n\n<blockquote><p class=\"post-title left\"><a href=\"https:\/\/casadecampoliving.com\/es\/la-primera-edicion-de-dulces-y-golosinas-de-pascua-de-la-fundacion-mir-fue-un-exito\/\"><strong>\u00a1La primera edici\u00f3n de Dulces y Golosinas de Pascua de la Fundaci\u00f3n MIR fue un \u00e9xito!<\/strong><\/a><\/p><figure><img decoding=\"async\" loading=\"lazy\" class=\"aligncenter wp-image-139847 size-full\" src=\"https:\/\/i0.wp.com\/casadecampoliving.com\/wp-content\/uploads\/2022\/10\/DSC_0610-1.jpg?resize=1000%2C669&amp;ssl=1\" alt=\"\" width=\"1000\" height=\"669\"><\/figure><p>La Fundaci\u00f3n MIR organiz\u00f3 una actividad muy <em>dulce<\/em>&nbsp;que encarn\u00f3 lo que es la Pascua: un tiempo para regocijarse y que reune a familiares y amigos. Adem\u00e1s, \u00a1su conejito de Pascua fue visto <em>saltando<\/em> por todo el complejo tom\u00e1ndose fotos con todos los ni\u00f1os!<a href=\"https:\/\/casadecampoliving.com\/es\/la-primera-edicion-de-dulces-y-golosinas-de-pascua-de-la-fundacion-mir-fue-un-exito\/\"> Seguir leyendo aqu\u00ed<\/a><\/p><\/blockquote>\n\n\n\n<blockquote><h3 style=\"text-align: justify;\">Fundaci\u00f3n MIR&nbsp;Dulces y Golosinas de Pascua<\/h3><figure><img decoding=\"async\" loading=\"lazy\" class=\"aligncenter size-large wp-image-156363\" src=\"https:\/\/i0.wp.com\/casadecampoliving-wp.s3-accelerate.amazonaws.com\/2018\/03\/SWEETS-TREATS-2018-663x1024.jpg?resize=620%2C958&amp;ssl=1\" alt=\"\" width=\"620\" height=\"958\" srcset=\"https:\/\/i0.wp.com\/casadecampoliving.com\/wp-content\/uploads\/2018\/03\/SWEETS-TREATS-2018.jpg?resize=663%2C1024&amp;ssl=1 663w, https:\/\/i0.wp.com\/casadecampoliving.com\/wp-content\/uploads\/2018\/03\/SWEETS-TREATS-2018.jpg?resize=194%2C300&amp;ssl=1 194w, https:\/\/i0.wp.com\/casadecampoliving.com\/wp-content\/uploads\/2018\/03\/SWEETS-TREATS-2018.jpg?resize=768%2C1187&amp;ssl=1 768w, https:\/\/i0.wp.com\/casadecampoliving.com\/wp-content\/uploads\/SWEETS-TREATS-2018.jpg?w=2000&amp;ssl=1 2000w, https:\/\/i0.wp.com\/casadecampoliving.com\/wp-content\/uploads\/SWEETS-TREATS-2018.jpg?w=3000&amp;ssl=1 3000w\" sizes=\"auto, (max-width: 620px) 100vw, 620px\"><\/figure><p style=\"text-align: justify;\"><strong>Cu\u00e1ndo:<\/strong> S\u00e1bado 31 de marzo<\/p><p style=\"text-align: justify;\"><strong>Hora:<\/strong> 3:00 \u2013 7:00 p\/m.<\/p><p style=\"text-align: justify;\"><strong>D\u00f3nde:<\/strong>&nbsp;Centro de Conferencia Flamboyan (area central del hotel, cerca del lobby)<\/p><p style=\"text-align: justify;\"><strong>Costo:<\/strong> RD$1,000<\/p><\/blockquote>\n\n\n\n<blockquote><figure><a href=\"https:\/\/i0.wp.com\/casadecampoliving.com\/wp-content\/uploads\/2022\/10\/fundacion_MIR-45.jpg?ssl=1\"><img decoding=\"async\" loading=\"lazy\" class=\"alignright\" title=\"fundacion_MIR\" src=\"https:\/\/i0.wp.com\/casadecampoliving.com\/wp-content\/uploads\/2022\/10\/fundacion_MIR-45.jpg?resize=144%2C138&amp;ssl=1\" alt=\"\" width=\"144\" height=\"138\"><\/a><\/figure><p><strong>La Fundaci\u00f3n MIR<\/strong><br>\n<strong><\/strong><\/p><p>La Fundaci\u00f3n MIR lleva m\u00e1s de 20 a\u00f1os contribuyendo con el bienestar social de los sectores despose\u00eddos en La Romana y comunidades cercanas. Ha creado, dise\u00f1ado y mantiene varios proyectos sociales, entre ellos, la Primaria MIR donde se recibe a ni\u00f1os y ni\u00f1as peque\u00f1os a partir de los 5 a\u00f1os de edad; el Polit\u00e9cnico Fundaci\u00f3n MIR, que proporciona educaci\u00f3n desde el 5to grado hasta el 12vo grado, adem\u00e1s de ofrecer carreras t\u00e9cnicas en distintas \u00e1reas; el Polit\u00e9cnico MIR Esperanza, con programas de educaci\u00f3n integral para j\u00f3venes.<\/p><p>Para m\u00e1s informaci\u00f3n o para hacer un donaci\u00f3n visite su sitio de web:&nbsp;<a href=\"http:\/\/www.mirinternational.org\/\">www.<strong>mir<\/strong>international.org<br>\n<\/a>Contacto: 809-523-8270 or 561-366-5095<\/p><\/blockquote>\n","protected":false},"excerpt":{"rendered":"<p>\u00a1Es esa \u00e9poca del a\u00f1o otra vez! Tome una canasta y recoja sus Golosinas y Dulces de Pascua con la Fundaci\u00f3n MIR este s\u00e1bado 31 de marzo en el Centro de conferencias Flamboyan en el \u00e1rea principal del hotel de 3:00 a 7:00 p.m.<\/p>\n","protected":false},"author":36682,"featured_media":309730,"comment_status":"closed","ping_status":"closed","sticky":false,"template":"","format":"standard","meta":{"newspack_ads_suppress_ads":false,"newspack_popups_has_disabled_popups":false,"newspack_sponsor_sponsorship_scope":"","newspack_sponsor_native_byline_display":"inherit","newspack_sponsor_native_category_display":"inherit","newspack_sponsor_underwriter_style":"inherit","newspack_sponsor_underwriter_placement":"inherit","_newspack_byline_active":false,"_newspack_byline":"","newspack_hide_updated_date":false,"newspack_show_updated_date":false,"newspack_content_restriction_is_exempt":false,"newspack_featured_image_position":"","newspack_post_subtitle":"","newspack_article_summary_title":"Overview:","newspack_article_summary":"","_jetpack_memberships_contains_paid_content":false,"footnotes":"","jetpack_publicize_message":"","jetpack_publicize_feature_enabled":true,"jetpack_social_post_already_shared":false,"jetpack_social_options":{"image_generator_settings":{"template":"highway","default_image_id":0,"font":"","enabled":false},"version":2},"_wpas_customize_per_network":false},"categories":[14631,2522,2515,2514,14625,14627,2521,26822],"tags":[9918,23814,23815,4685,8815,22760,24715,12296,23818],"newspack_spnsrs_tax":[],"class_list":["post-352551","post","type-post","status-publish","format-standard","has-post-thumbnail","hentry","category-estilo-de-vida","category-eventos-es","category-fundacion-mir-es","category-fundaciones-es","category-noticias-locales","category-proximamente","category-republica-dominicana-2","category-resort-casa-de-campo","tag-actividad","tag-bunny-es","tag-casa-de-campo-es-17","tag-centro-de-conferencias-flamboyan","tag-conejito","tag-dulces-y-tratos","tag-fundacion-mir-es","tag-pascua","tag-sweets-and-treats-es","entry"],"yoast_head":"<!-- This site is optimized with the Yoast SEO plugin v27.4 - https:\/\/yoast.com\/product\/yoast-seo-wordpress\/ -->\n<title>\u00a1Prep\u00e1rate para la tarde de golosinas y dulces de la Fundaci\u00f3n MIR de este a\u00f1o! | Casa de Campo Living<\/title>\n<meta name=\"description\" content=\"\u00a1Es esa \u00e9poca del a\u00f1o otra vez! Tome una canasta y recoja sus Golosinas y Dulces de Pascua con la Fundaci\u00f3n MIR este s\u00e1bado 31 de marzo en el Centro de\" \/>\n<meta name=\"robots\" content=\"index, follow, max-snippet:-1, max-image-preview:large, max-video-preview:-1\" \/>\n<link rel=\"canonical\" href=\"https:\/\/casadecampoliving.com\/es\/preparate-para-la-tarde-de-golosinas-y-dulces-de-la-fundacion-mir-de-este-ano\/\" \/>\n<meta property=\"og:locale\" content=\"es_ES\" \/>\n<meta property=\"og:type\" content=\"article\" \/>\n<meta property=\"og:title\" content=\"\u00a1Prep\u00e1rate para la tarde de golosinas y dulces de la Fundaci\u00f3n MIR de este a\u00f1o! | Casa de Campo Living\" \/>\n<meta property=\"og:description\" content=\"\u00a1Es esa \u00e9poca del a\u00f1o otra vez! Tome una canasta y recoja sus Golosinas y Dulces de Pascua con la Fundaci\u00f3n MIR este s\u00e1bado 31 de marzo en el Centro de\" \/>\n<meta property=\"og:url\" content=\"https:\/\/casadecampoliving.com\/es\/preparate-para-la-tarde-de-golosinas-y-dulces-de-la-fundacion-mir-de-este-ano\/\" \/>\n<meta property=\"og:site_name\" content=\"Casa de Campo Living\" \/>\n<meta property=\"article:publisher\" content=\"https:\/\/www.facebook.com\/casadecampoliving\" \/>\n<meta property=\"article:published_time\" content=\"2018-03-26T04:00:00+00:00\" \/>\n<meta property=\"article:modified_time\" content=\"2022-10-21T23:04:09+00:00\" \/>\n<meta property=\"og:image\" content=\"https:\/\/i0.wp.com\/casadecampoliving.com\/wp-content\/uploads\/2022\/10\/DSC_0610-1.jpg?fit=1000%2C669&ssl=1\" \/>\n\t<meta property=\"og:image:width\" content=\"1000\" \/>\n\t<meta property=\"og:image:height\" content=\"669\" \/>\n\t<meta property=\"og:image:type\" content=\"image\/jpeg\" \/>\n<meta name=\"author\" content=\"Marlenys Guzm\u00e1n Casta\u00f1os\" \/>\n<meta name=\"twitter:card\" content=\"summary_large_image\" \/>\n<meta name=\"twitter:creator\" content=\"@cdcliving\" \/>\n<meta name=\"twitter:site\" content=\"@cdcliving\" \/>\n<meta name=\"twitter:label1\" content=\"Escrito por\" \/>\n\t<meta name=\"twitter:data1\" content=\"Marlenys Guzm\u00e1n Casta\u00f1os\" \/>\n\t<meta name=\"twitter:label2\" content=\"Tiempo de lectura\" \/>\n\t<meta name=\"twitter:data2\" content=\"2 minutos\" \/>\n<script type=\"application\/ld+json\" class=\"yoast-schema-graph\">{\"@context\":\"https:\\\/\\\/schema.org\",\"@graph\":[{\"@type\":\"Article\",\"@id\":\"https:\\\/\\\/casadecampoliving.com\\\/es\\\/preparate-para-la-tarde-de-golosinas-y-dulces-de-la-fundacion-mir-de-este-ano\\\/#article\",\"isPartOf\":{\"@id\":\"https:\\\/\\\/casadecampoliving.com\\\/es\\\/preparate-para-la-tarde-de-golosinas-y-dulces-de-la-fundacion-mir-de-este-ano\\\/\"},\"author\":{\"name\":\"Marlenys Guzm\u00e1n Casta\u00f1os\",\"@id\":\"https:\\\/\\\/casadecampoliving.com\\\/es\\\/#\\\/schema\\\/person\\\/b6606bd87f9cec8f5903e2141cafda24\"},\"headline\":\"\u00a1Prep\u00e1rate para la tarde de golosinas y dulces de la Fundaci\u00f3n MIR de este a\u00f1o!\",\"datePublished\":\"2018-03-26T04:00:00+00:00\",\"dateModified\":\"2022-10-21T23:04:09+00:00\",\"mainEntityOfPage\":{\"@id\":\"https:\\\/\\\/casadecampoliving.com\\\/es\\\/preparate-para-la-tarde-de-golosinas-y-dulces-de-la-fundacion-mir-de-este-ano\\\/\"},\"wordCount\":486,\"publisher\":{\"@id\":\"https:\\\/\\\/casadecampoliving.com\\\/es\\\/#organization\"},\"image\":{\"@id\":\"https:\\\/\\\/casadecampoliving.com\\\/es\\\/preparate-para-la-tarde-de-golosinas-y-dulces-de-la-fundacion-mir-de-este-ano\\\/#primaryimage\"},\"thumbnailUrl\":\"https:\\\/\\\/i0.wp.com\\\/casadecampoliving.com\\\/wp-content\\\/uploads\\\/2022\\\/10\\\/DSC_0610-1.jpg?fit=1000%2C669&ssl=1\",\"keywords\":[\"actividad\",\"bunny\",\"Casa de Campo\",\"centro de conferencias flamboyan\",\"conejito\",\"DULCES Y TRATOS\",\"Fundacion MIR\",\"Pascua\",\"sweets and treats\"],\"articleSection\":[\"Estilo de Vida\",\"Eventos\",\"Fundaci\u00f3n MIR @es\",\"Fundaciones\",\"Noticias Locales\",\"Proximamente\",\"Rep\u00fablica Dominicana @es\",\"Resort Casa de Campo\"],\"inLanguage\":\"es\"},{\"@type\":\"WebPage\",\"@id\":\"https:\\\/\\\/casadecampoliving.com\\\/es\\\/preparate-para-la-tarde-de-golosinas-y-dulces-de-la-fundacion-mir-de-este-ano\\\/\",\"url\":\"https:\\\/\\\/casadecampoliving.com\\\/es\\\/preparate-para-la-tarde-de-golosinas-y-dulces-de-la-fundacion-mir-de-este-ano\\\/\",\"name\":\"\u00a1Prep\u00e1rate para la tarde de golosinas y dulces de la Fundaci\u00f3n MIR de este a\u00f1o! | Casa de Campo Living\",\"isPartOf\":{\"@id\":\"https:\\\/\\\/casadecampoliving.com\\\/es\\\/#website\"},\"primaryImageOfPage\":{\"@id\":\"https:\\\/\\\/casadecampoliving.com\\\/es\\\/preparate-para-la-tarde-de-golosinas-y-dulces-de-la-fundacion-mir-de-este-ano\\\/#primaryimage\"},\"image\":{\"@id\":\"https:\\\/\\\/casadecampoliving.com\\\/es\\\/preparate-para-la-tarde-de-golosinas-y-dulces-de-la-fundacion-mir-de-este-ano\\\/#primaryimage\"},\"thumbnailUrl\":\"https:\\\/\\\/i0.wp.com\\\/casadecampoliving.com\\\/wp-content\\\/uploads\\\/2022\\\/10\\\/DSC_0610-1.jpg?fit=1000%2C669&ssl=1\",\"datePublished\":\"2018-03-26T04:00:00+00:00\",\"dateModified\":\"2022-10-21T23:04:09+00:00\",\"description\":\"\u00a1Es esa \u00e9poca del a\u00f1o otra vez! Tome una canasta y recoja sus Golosinas y Dulces de Pascua con la Fundaci\u00f3n MIR este s\u00e1bado 31 de marzo en el Centro de\",\"breadcrumb\":{\"@id\":\"https:\\\/\\\/casadecampoliving.com\\\/es\\\/preparate-para-la-tarde-de-golosinas-y-dulces-de-la-fundacion-mir-de-este-ano\\\/#breadcrumb\"},\"inLanguage\":\"es\",\"potentialAction\":[{\"@type\":\"ReadAction\",\"target\":[\"https:\\\/\\\/casadecampoliving.com\\\/es\\\/preparate-para-la-tarde-de-golosinas-y-dulces-de-la-fundacion-mir-de-este-ano\\\/\"]}]},{\"@type\":\"ImageObject\",\"inLanguage\":\"es\",\"@id\":\"https:\\\/\\\/casadecampoliving.com\\\/es\\\/preparate-para-la-tarde-de-golosinas-y-dulces-de-la-fundacion-mir-de-este-ano\\\/#primaryimage\",\"url\":\"https:\\\/\\\/i0.wp.com\\\/casadecampoliving.com\\\/wp-content\\\/uploads\\\/2022\\\/10\\\/DSC_0610-1.jpg?fit=1000%2C669&ssl=1\",\"contentUrl\":\"https:\\\/\\\/i0.wp.com\\\/casadecampoliving.com\\\/wp-content\\\/uploads\\\/2022\\\/10\\\/DSC_0610-1.jpg?fit=1000%2C669&ssl=1\",\"width\":1000,\"height\":669},{\"@type\":\"BreadcrumbList\",\"@id\":\"https:\\\/\\\/casadecampoliving.com\\\/es\\\/preparate-para-la-tarde-de-golosinas-y-dulces-de-la-fundacion-mir-de-este-ano\\\/#breadcrumb\",\"itemListElement\":[{\"@type\":\"ListItem\",\"position\":1,\"name\":\"Home\",\"item\":\"https:\\\/\\\/casadecampoliving.com\\\/es\\\/\"},{\"@type\":\"ListItem\",\"position\":2,\"name\":\"\u00a1Prep\u00e1rate para la tarde de golosinas y dulces de la Fundaci\u00f3n MIR de este a\u00f1o!\"}]},{\"@type\":\"WebSite\",\"@id\":\"https:\\\/\\\/casadecampoliving.com\\\/es\\\/#website\",\"url\":\"https:\\\/\\\/casadecampoliving.com\\\/es\\\/\",\"name\":\"Casa de Campo Living\",\"description\":\"Resort community news and resources.\",\"publisher\":{\"@id\":\"https:\\\/\\\/casadecampoliving.com\\\/es\\\/#organization\"},\"potentialAction\":[{\"@type\":\"SearchAction\",\"target\":{\"@type\":\"EntryPoint\",\"urlTemplate\":\"https:\\\/\\\/casadecampoliving.com\\\/es\\\/?s={search_term_string}\"},\"query-input\":{\"@type\":\"PropertyValueSpecification\",\"valueRequired\":true,\"valueName\":\"search_term_string\"}}],\"inLanguage\":\"es\"},{\"@type\":\"Organization\",\"@id\":\"https:\\\/\\\/casadecampoliving.com\\\/es\\\/#organization\",\"name\":\"Casa de Campo Living\",\"url\":\"https:\\\/\\\/casadecampoliving.com\\\/es\\\/\",\"logo\":{\"@type\":\"ImageObject\",\"inLanguage\":\"es\",\"@id\":\"https:\\\/\\\/casadecampoliving.com\\\/es\\\/#\\\/schema\\\/logo\\\/image\\\/\",\"url\":\"https:\\\/\\\/i0.wp.com\\\/casadecampoliving.com\\\/wp-content\\\/uploads\\\/2022\\\/07\\\/CDCLivingLogo_V1-white-sized.png?fit=800%2C214&ssl=1\",\"contentUrl\":\"https:\\\/\\\/i0.wp.com\\\/casadecampoliving.com\\\/wp-content\\\/uploads\\\/2022\\\/07\\\/CDCLivingLogo_V1-white-sized.png?fit=800%2C214&ssl=1\",\"width\":800,\"height\":214,\"caption\":\"Casa de Campo Living\"},\"image\":{\"@id\":\"https:\\\/\\\/casadecampoliving.com\\\/es\\\/#\\\/schema\\\/logo\\\/image\\\/\"},\"sameAs\":[\"https:\\\/\\\/www.facebook.com\\\/casadecampoliving\",\"https:\\\/\\\/x.com\\\/cdcliving\"]},{\"@type\":\"Person\",\"@id\":\"https:\\\/\\\/casadecampoliving.com\\\/es\\\/#\\\/schema\\\/person\\\/b6606bd87f9cec8f5903e2141cafda24\",\"name\":\"Marlenys Guzm\u00e1n Casta\u00f1os\",\"image\":{\"@type\":\"ImageObject\",\"inLanguage\":\"es\",\"@id\":\"https:\\\/\\\/secure.gravatar.com\\\/avatar\\\/72f3f86b8e6b3ec744201aeadf11d4a6055e8af194aecd9ad30ffff4437878ee?s=96&d=mm&r=g\",\"url\":\"https:\\\/\\\/secure.gravatar.com\\\/avatar\\\/72f3f86b8e6b3ec744201aeadf11d4a6055e8af194aecd9ad30ffff4437878ee?s=96&d=mm&r=g\",\"contentUrl\":\"https:\\\/\\\/secure.gravatar.com\\\/avatar\\\/72f3f86b8e6b3ec744201aeadf11d4a6055e8af194aecd9ad30ffff4437878ee?s=96&d=mm&r=g\",\"caption\":\"Marlenys Guzm\u00e1n Casta\u00f1os\"},\"url\":\"https:\\\/\\\/casadecampoliving.com\\\/es\\\/author\\\/mguzman\\\/\"}]}<\/script>\n<!-- \/ Yoast SEO plugin. -->","yoast_head_json":{"title":"\u00a1Prep\u00e1rate para la tarde de golosinas y dulces de la Fundaci\u00f3n MIR de este a\u00f1o! | Casa de Campo Living","description":"\u00a1Es esa \u00e9poca del a\u00f1o otra vez! Tome una canasta y recoja sus Golosinas y Dulces de Pascua con la Fundaci\u00f3n MIR este s\u00e1bado 31 de marzo en el Centro de","robots":{"index":"index","follow":"follow","max-snippet":"max-snippet:-1","max-image-preview":"max-image-preview:large","max-video-preview":"max-video-preview:-1"},"canonical":"https:\/\/casadecampoliving.com\/es\/preparate-para-la-tarde-de-golosinas-y-dulces-de-la-fundacion-mir-de-este-ano\/","og_locale":"es_ES","og_type":"article","og_title":"\u00a1Prep\u00e1rate para la tarde de golosinas y dulces de la Fundaci\u00f3n MIR de este a\u00f1o! | Casa de Campo Living","og_description":"\u00a1Es esa \u00e9poca del a\u00f1o otra vez! Tome una canasta y recoja sus Golosinas y Dulces de Pascua con la Fundaci\u00f3n MIR este s\u00e1bado 31 de marzo en el Centro de","og_url":"https:\/\/casadecampoliving.com\/es\/preparate-para-la-tarde-de-golosinas-y-dulces-de-la-fundacion-mir-de-este-ano\/","og_site_name":"Casa de Campo Living","article_publisher":"https:\/\/www.facebook.com\/casadecampoliving","article_published_time":"2018-03-26T04:00:00+00:00","article_modified_time":"2022-10-21T23:04:09+00:00","og_image":[{"width":1000,"height":669,"url":"https:\/\/i0.wp.com\/casadecampoliving.com\/wp-content\/uploads\/2022\/10\/DSC_0610-1.jpg?fit=1000%2C669&ssl=1","type":"image\/jpeg"}],"author":"Marlenys Guzm\u00e1n Casta\u00f1os","twitter_card":"summary_large_image","twitter_creator":"@cdcliving","twitter_site":"@cdcliving","twitter_misc":{"Escrito por":"Marlenys Guzm\u00e1n Casta\u00f1os","Tiempo de lectura":"2 minutos"},"schema":{"@context":"https:\/\/schema.org","@graph":[{"@type":"Article","@id":"https:\/\/casadecampoliving.com\/es\/preparate-para-la-tarde-de-golosinas-y-dulces-de-la-fundacion-mir-de-este-ano\/#article","isPartOf":{"@id":"https:\/\/casadecampoliving.com\/es\/preparate-para-la-tarde-de-golosinas-y-dulces-de-la-fundacion-mir-de-este-ano\/"},"author":{"name":"Marlenys Guzm\u00e1n Casta\u00f1os","@id":"https:\/\/casadecampoliving.com\/es\/#\/schema\/person\/b6606bd87f9cec8f5903e2141cafda24"},"headline":"\u00a1Prep\u00e1rate para la tarde de golosinas y dulces de la Fundaci\u00f3n MIR de este a\u00f1o!","datePublished":"2018-03-26T04:00:00+00:00","dateModified":"2022-10-21T23:04:09+00:00","mainEntityOfPage":{"@id":"https:\/\/casadecampoliving.com\/es\/preparate-para-la-tarde-de-golosinas-y-dulces-de-la-fundacion-mir-de-este-ano\/"},"wordCount":486,"publisher":{"@id":"https:\/\/casadecampoliving.com\/es\/#organization"},"image":{"@id":"https:\/\/casadecampoliving.com\/es\/preparate-para-la-tarde-de-golosinas-y-dulces-de-la-fundacion-mir-de-este-ano\/#primaryimage"},"thumbnailUrl":"https:\/\/i0.wp.com\/casadecampoliving.com\/wp-content\/uploads\/2022\/10\/DSC_0610-1.jpg?fit=1000%2C669&ssl=1","keywords":["actividad","bunny","Casa de Campo","centro de conferencias flamboyan","conejito","DULCES Y TRATOS","Fundacion MIR","Pascua","sweets and treats"],"articleSection":["Estilo de Vida","Eventos","Fundaci\u00f3n MIR @es","Fundaciones","Noticias Locales","Proximamente","Rep\u00fablica Dominicana @es","Resort Casa de Campo"],"inLanguage":"es"},{"@type":"WebPage","@id":"https:\/\/casadecampoliving.com\/es\/preparate-para-la-tarde-de-golosinas-y-dulces-de-la-fundacion-mir-de-este-ano\/","url":"https:\/\/casadecampoliving.com\/es\/preparate-para-la-tarde-de-golosinas-y-dulces-de-la-fundacion-mir-de-este-ano\/","name":"\u00a1Prep\u00e1rate para la tarde de golosinas y dulces de la Fundaci\u00f3n MIR de este a\u00f1o! | Casa de Campo Living","isPartOf":{"@id":"https:\/\/casadecampoliving.com\/es\/#website"},"primaryImageOfPage":{"@id":"https:\/\/casadecampoliving.com\/es\/preparate-para-la-tarde-de-golosinas-y-dulces-de-la-fundacion-mir-de-este-ano\/#primaryimage"},"image":{"@id":"https:\/\/casadecampoliving.com\/es\/preparate-para-la-tarde-de-golosinas-y-dulces-de-la-fundacion-mir-de-este-ano\/#primaryimage"},"thumbnailUrl":"https:\/\/i0.wp.com\/casadecampoliving.com\/wp-content\/uploads\/2022\/10\/DSC_0610-1.jpg?fit=1000%2C669&ssl=1","datePublished":"2018-03-26T04:00:00+00:00","dateModified":"2022-10-21T23:04:09+00:00","description":"\u00a1Es esa \u00e9poca del a\u00f1o otra vez! Tome una canasta y recoja sus Golosinas y Dulces de Pascua con la Fundaci\u00f3n MIR este s\u00e1bado 31 de marzo en el Centro de","breadcrumb":{"@id":"https:\/\/casadecampoliving.com\/es\/preparate-para-la-tarde-de-golosinas-y-dulces-de-la-fundacion-mir-de-este-ano\/#breadcrumb"},"inLanguage":"es","potentialAction":[{"@type":"ReadAction","target":["https:\/\/casadecampoliving.com\/es\/preparate-para-la-tarde-de-golosinas-y-dulces-de-la-fundacion-mir-de-este-ano\/"]}]},{"@type":"ImageObject","inLanguage":"es","@id":"https:\/\/casadecampoliving.com\/es\/preparate-para-la-tarde-de-golosinas-y-dulces-de-la-fundacion-mir-de-este-ano\/#primaryimage","url":"https:\/\/i0.wp.com\/casadecampoliving.com\/wp-content\/uploads\/2022\/10\/DSC_0610-1.jpg?fit=1000%2C669&ssl=1","contentUrl":"https:\/\/i0.wp.com\/casadecampoliving.com\/wp-content\/uploads\/2022\/10\/DSC_0610-1.jpg?fit=1000%2C669&ssl=1","width":1000,"height":669},{"@type":"BreadcrumbList","@id":"https:\/\/casadecampoliving.com\/es\/preparate-para-la-tarde-de-golosinas-y-dulces-de-la-fundacion-mir-de-este-ano\/#breadcrumb","itemListElement":[{"@type":"ListItem","position":1,"name":"Home","item":"https:\/\/casadecampoliving.com\/es\/"},{"@type":"ListItem","position":2,"name":"\u00a1Prep\u00e1rate para la tarde de golosinas y dulces de la Fundaci\u00f3n MIR de este a\u00f1o!"}]},{"@type":"WebSite","@id":"https:\/\/casadecampoliving.com\/es\/#website","url":"https:\/\/casadecampoliving.com\/es\/","name":"Casa de Campo Living","description":"Resort community news and resources.","publisher":{"@id":"https:\/\/casadecampoliving.com\/es\/#organization"},"potentialAction":[{"@type":"SearchAction","target":{"@type":"EntryPoint","urlTemplate":"https:\/\/casadecampoliving.com\/es\/?s={search_term_string}"},"query-input":{"@type":"PropertyValueSpecification","valueRequired":true,"valueName":"search_term_string"}}],"inLanguage":"es"},{"@type":"Organization","@id":"https:\/\/casadecampoliving.com\/es\/#organization","name":"Casa de Campo Living","url":"https:\/\/casadecampoliving.com\/es\/","logo":{"@type":"ImageObject","inLanguage":"es","@id":"https:\/\/casadecampoliving.com\/es\/#\/schema\/logo\/image\/","url":"https:\/\/i0.wp.com\/casadecampoliving.com\/wp-content\/uploads\/2022\/07\/CDCLivingLogo_V1-white-sized.png?fit=800%2C214&ssl=1","contentUrl":"https:\/\/i0.wp.com\/casadecampoliving.com\/wp-content\/uploads\/2022\/07\/CDCLivingLogo_V1-white-sized.png?fit=800%2C214&ssl=1","width":800,"height":214,"caption":"Casa de Campo Living"},"image":{"@id":"https:\/\/casadecampoliving.com\/es\/#\/schema\/logo\/image\/"},"sameAs":["https:\/\/www.facebook.com\/casadecampoliving","https:\/\/x.com\/cdcliving"]},{"@type":"Person","@id":"https:\/\/casadecampoliving.com\/es\/#\/schema\/person\/b6606bd87f9cec8f5903e2141cafda24","name":"Marlenys Guzm\u00e1n Casta\u00f1os","image":{"@type":"ImageObject","inLanguage":"es","@id":"https:\/\/secure.gravatar.com\/avatar\/72f3f86b8e6b3ec744201aeadf11d4a6055e8af194aecd9ad30ffff4437878ee?s=96&d=mm&r=g","url":"https:\/\/secure.gravatar.com\/avatar\/72f3f86b8e6b3ec744201aeadf11d4a6055e8af194aecd9ad30ffff4437878ee?s=96&d=mm&r=g","contentUrl":"https:\/\/secure.gravatar.com\/avatar\/72f3f86b8e6b3ec744201aeadf11d4a6055e8af194aecd9ad30ffff4437878ee?s=96&d=mm&r=g","caption":"Marlenys Guzm\u00e1n Casta\u00f1os"},"url":"https:\/\/casadecampoliving.com\/es\/author\/mguzman\/"}]}},"parsely":{"version":"1.1.0","canonical_url":"https:\/\/casadecampoliving.com\/es\/preparate-para-la-tarde-de-golosinas-y-dulces-de-la-fundacion-mir-de-este-ano\/","smart_links":{"inbound":0,"outbound":0},"traffic_boost_suggestions_count":0,"meta":{"@context":"https:\/\/schema.org","@type":"NewsArticle","headline":"\u00a1Prep\u00e1rate para la tarde de golosinas y dulces de la Fundaci\u00f3n MIR de este a\u00f1o!","url":"http:\/\/casadecampoliving.com\/es\/preparate-para-la-tarde-de-golosinas-y-dulces-de-la-fundacion-mir-de-este-ano\/","mainEntityOfPage":{"@type":"WebPage","@id":"http:\/\/casadecampoliving.com\/es\/preparate-para-la-tarde-de-golosinas-y-dulces-de-la-fundacion-mir-de-este-ano\/"},"thumbnailUrl":"https:\/\/i0.wp.com\/casadecampoliving.com\/wp-content\/uploads\/2022\/10\/DSC_0610-1.jpg?resize=150%2C150&ssl=1","image":{"@type":"ImageObject","url":"https:\/\/i0.wp.com\/casadecampoliving.com\/wp-content\/uploads\/2022\/10\/DSC_0610-1.jpg?fit=1000%2C669&ssl=1"},"articleSection":"Estilo de Vida","author":[{"@type":"Person","name":"Marlenys Guzm\u00e1n Casta\u00f1os"}],"creator":["Marlenys Guzm\u00e1n Casta\u00f1os"],"publisher":{"@type":"Organization","name":"Casa de Campo Living","logo":"https:\/\/casadecampoliving.com\/wp-content\/uploads\/2022\/07\/CDCLivingLogo_V1-white-sized.png"},"keywords":["actividad","bunny","casa de campo","centro de conferencias flamboyan","conejito","dulces y tratos","fundacion mir","pascua","sweets and treats"],"dateCreated":"2018-03-26T04:00:00Z","datePublished":"2018-03-26T04:00:00Z","dateModified":"2022-10-21T23:04:09Z"},"rendered":"<script type=\"application\/ld+json\" class=\"wp-parsely-metadata\">{\"@context\":\"https:\\\/\\\/schema.org\",\"@type\":\"NewsArticle\",\"headline\":\"\\u00a1Prep\\u00e1rate para la tarde de golosinas y dulces de la Fundaci\\u00f3n MIR de este a\\u00f1o!\",\"url\":\"http:\\\/\\\/casadecampoliving.com\\\/es\\\/preparate-para-la-tarde-de-golosinas-y-dulces-de-la-fundacion-mir-de-este-ano\\\/\",\"mainEntityOfPage\":{\"@type\":\"WebPage\",\"@id\":\"http:\\\/\\\/casadecampoliving.com\\\/es\\\/preparate-para-la-tarde-de-golosinas-y-dulces-de-la-fundacion-mir-de-este-ano\\\/\"},\"thumbnailUrl\":\"https:\\\/\\\/i0.wp.com\\\/casadecampoliving.com\\\/wp-content\\\/uploads\\\/2022\\\/10\\\/DSC_0610-1.jpg?resize=150%2C150&ssl=1\",\"image\":{\"@type\":\"ImageObject\",\"url\":\"https:\\\/\\\/i0.wp.com\\\/casadecampoliving.com\\\/wp-content\\\/uploads\\\/2022\\\/10\\\/DSC_0610-1.jpg?fit=1000%2C669&ssl=1\"},\"articleSection\":\"Estilo de Vida\",\"author\":[{\"@type\":\"Person\",\"name\":\"Marlenys Guzm\\u00e1n Casta\\u00f1os\"}],\"creator\":[\"Marlenys Guzm\\u00e1n Casta\\u00f1os\"],\"publisher\":{\"@type\":\"Organization\",\"name\":\"Casa de Campo Living\",\"logo\":\"https:\\\/\\\/casadecampoliving.com\\\/wp-content\\\/uploads\\\/2022\\\/07\\\/CDCLivingLogo_V1-white-sized.png\"},\"keywords\":[\"actividad\",\"bunny\",\"casa de campo\",\"centro de conferencias flamboyan\",\"conejito\",\"dulces y tratos\",\"fundacion mir\",\"pascua\",\"sweets and treats\"],\"dateCreated\":\"2018-03-26T04:00:00Z\",\"datePublished\":\"2018-03-26T04:00:00Z\",\"dateModified\":\"2022-10-21T23:04:09Z\"}<\/script>","tracker_url":"https:\/\/cdn.parsely.com\/keys\/casadecampoliving.com\/p.js"},"jetpack_publicize_connections":[],"jetpack_featured_media_url":"https:\/\/i0.wp.com\/casadecampoliving.com\/wp-content\/uploads\/2022\/10\/DSC_0610-1.jpg?fit=1000%2C669&ssl=1","jetpack-related-posts":[{"id":353416,"url":"https:\/\/casadecampoliving.com\/es\/a-sweet-sweet-day-with-fundacion-mirs-easter-sweets-and-treats\/","url_meta":{"origin":352551,"position":0},"title":"Un d\u00eda muy dulce en el evento \u00abDulces y golosinas de Pascua\u00bb de Fundaci\u00f3n MIR.","author":"Casa de Campo Living","date":"25 Abr, 2019","format":false,"excerpt":"Semana Santa, o Semana Santa, es siempre una de las semanas m\u00e1s ocupadas del a\u00f1o en Casa de Campo. Con muchos eventos para elegir, hubo uno que no se pod\u00eda perder el jueves 18 de abril. La Fundaci\u00f3n MIR organiz\u00f3 su tercera edici\u00f3n de su dulce actividad que encarnaba de\u2026","rel":"","context":"En \u00abDominican Republic\u00bb","block_context":{"text":"Dominican Republic","link":"https:\/\/casadecampoliving.com\/category\/dominican-republic\/"},"img":{"alt_text":"","src":"https:\/\/i0.wp.com\/casadecampoliving.com\/wp-content\/uploads\/2022\/10\/IMG_69081.jpg?fit=1000%2C592&ssl=1&resize=350%2C200","width":350,"height":200,"srcset":"https:\/\/i0.wp.com\/casadecampoliving.com\/wp-content\/uploads\/2022\/10\/IMG_69081.jpg?fit=1000%2C592&ssl=1&resize=350%2C200 1x, https:\/\/i0.wp.com\/casadecampoliving.com\/wp-content\/uploads\/2022\/10\/IMG_69081.jpg?fit=1000%2C592&ssl=1&resize=525%2C300 1.5x, https:\/\/i0.wp.com\/casadecampoliving.com\/wp-content\/uploads\/2022\/10\/IMG_69081.jpg?fit=1000%2C592&ssl=1&resize=700%2C400 2x"},"classes":[]},{"id":351341,"url":"https:\/\/casadecampoliving.com\/es\/tome-una-canasta-y-recolecte-sus-dulces-de-pascua-con-la-fundacion-mir\/","url_meta":{"origin":352551,"position":1},"title":"\u00a1Tome una canasta y recolecte sus dulces de Pascua con la Fundaci\u00f3n MIR!","author":"Marlenys Guzm\u00e1n Casta\u00f1os","date":"6 Abr, 2017","format":false,"excerpt":"La Pascua es un tiempo para regocijarse y reunir a familiares y amigos. Con muchas actividades la proxima semana para adultos, como el primer concierto de J.Lo en la Rep\u00fablica Dominicana, Flavors of the World Bogot\u00e1, y la exhibici\u00f3n de arte \u201cCiudad Oculta\u201d, \u00a1es justo que los ni\u00f1os tambi\u00e9n tengan\u2026","rel":"","context":"En \u00abEventos\u00bb","block_context":{"text":"Eventos","link":"https:\/\/casadecampoliving.com\/es\/category\/eventos-es\/"},"img":{"alt_text":"Easter","src":"https:\/\/i0.wp.com\/casadecampoliving.com\/wp-content\/uploads\/2022\/10\/IMG_1717-e1491510850384.jpg?fit=1000%2C600&ssl=1&resize=350%2C200","width":350,"height":200,"srcset":"https:\/\/i0.wp.com\/casadecampoliving.com\/wp-content\/uploads\/2022\/10\/IMG_1717-e1491510850384.jpg?fit=1000%2C600&ssl=1&resize=350%2C200 1x, https:\/\/i0.wp.com\/casadecampoliving.com\/wp-content\/uploads\/2022\/10\/IMG_1717-e1491510850384.jpg?fit=1000%2C600&ssl=1&resize=525%2C300 1.5x, https:\/\/i0.wp.com\/casadecampoliving.com\/wp-content\/uploads\/2022\/10\/IMG_1717-e1491510850384.jpg?fit=1000%2C600&ssl=1&resize=700%2C400 2x"},"classes":[]},{"id":353370,"url":"https:\/\/casadecampoliving.com\/es\/next-week-dont-miss-this-years-fundacion-mir-easter-sweets-and-treats\/","url_meta":{"origin":352551,"position":2},"title":"\u00a1La pr\u00f3xima semana! \u00a1No se pierda los dulces y golosinas de Pascua de la Fundaci\u00f3n MIR de este a\u00f1o!","author":"Casa de Campo Living","date":"11 Abr, 2019","format":false,"excerpt":"\u00a1Es esa \u00e9poca del a\u00f1o otra vez! Tome una canasta y recoja sus dulces y golosinas de Pascua con la Fundaci\u00f3n MIR el pr\u00f3ximo jueves 18 de abril en el Centro de Conferencias Flamboyan en el \u00e1rea principal del hotel de 3:00 a 7:00 p.m. Por tres a\u00f1os consecutivos, la\u2026","rel":"","context":"En \u00abEstilo de Vida\u00bb","block_context":{"text":"Estilo de Vida","link":"https:\/\/casadecampoliving.com\/es\/category\/estilo-de-vida\/"},"img":{"alt_text":"","src":"https:\/\/i0.wp.com\/casadecampoliving.com\/wp-content\/uploads\/2022\/10\/IMG_6798.jpg?fit=1000%2C667&ssl=1&resize=350%2C200","width":350,"height":200,"srcset":"https:\/\/i0.wp.com\/casadecampoliving.com\/wp-content\/uploads\/2022\/10\/IMG_6798.jpg?fit=1000%2C667&ssl=1&resize=350%2C200 1x, https:\/\/i0.wp.com\/casadecampoliving.com\/wp-content\/uploads\/2022\/10\/IMG_6798.jpg?fit=1000%2C667&ssl=1&resize=525%2C300 1.5x, https:\/\/i0.wp.com\/casadecampoliving.com\/wp-content\/uploads\/2022\/10\/IMG_6798.jpg?fit=1000%2C667&ssl=1&resize=700%2C400 2x"},"classes":[]},{"id":351406,"url":"https:\/\/casadecampoliving.com\/es\/la-primera-edicion-de-dulces-y-golosinas-de-pascua-de-la-fundacion-mir-fue-un-exito\/","url_meta":{"origin":352551,"position":3},"title":"\u00a1La primera edici\u00f3n de Dulces y Golosinas de Pascua de la Fundaci\u00f3n MIR fue un \u00e9xito!","author":"Marlenys Guzm\u00e1n Casta\u00f1os","date":"20 Abr, 2017","format":false,"excerpt":"Es bien sabido por todos, que Semana Santa, es siempre una de las semanas m\u00e1s concurridas del a\u00f1o en Casa de Campo. Este a\u00f1o, no fue diferente de a a\u00f1os anteriores con el fin de semana largo lleno de actividades. Hemos disfrutado de una exposici\u00f3n de arte llamada \"Hidden City\",\u2026","rel":"","context":"En \u00abEstilo de Vida\u00bb","block_context":{"text":"Estilo de Vida","link":"https:\/\/casadecampoliving.com\/es\/category\/estilo-de-vida\/"},"img":{"alt_text":"","src":"https:\/\/i0.wp.com\/casadecampoliving.com\/wp-content\/uploads\/2022\/10\/DSC_0610.jpg?fit=1000%2C669&ssl=1&resize=350%2C200","width":350,"height":200,"srcset":"https:\/\/i0.wp.com\/casadecampoliving.com\/wp-content\/uploads\/2022\/10\/DSC_0610.jpg?fit=1000%2C669&ssl=1&resize=350%2C200 1x, https:\/\/i0.wp.com\/casadecampoliving.com\/wp-content\/uploads\/2022\/10\/DSC_0610.jpg?fit=1000%2C669&ssl=1&resize=525%2C300 1.5x, https:\/\/i0.wp.com\/casadecampoliving.com\/wp-content\/uploads\/2022\/10\/DSC_0610.jpg?fit=1000%2C669&ssl=1&resize=700%2C400 2x"},"classes":[]},{"id":352566,"url":"https:\/\/casadecampoliving.com\/es\/un-dulce-evento-con-muchas-golosinas-de-fundacion-mir\/","url_meta":{"origin":352551,"position":4},"title":"Un dulce evento con muchas golosinas de Fundaci\u00f3n MIR","author":"Marlenys Guzm\u00e1n Casta\u00f1os","date":"2 Abr, 2018","format":false,"excerpt":"Semana Santa es siempre una de las epocas m\u00e1s ocupadas del a\u00f1o en Casa de Campo. Con muchos eventos para elegir, hab\u00eda uno que no nos podiamos perder el s\u00e1bado 31 de marzo. La Fundaci\u00f3n MIR organiz\u00f3 la segunda edici\u00f3n de su dulce actividad que encarn\u00f3 lo que es la\u2026","rel":"","context":"En \u00abRep\u00fablica Dominicana @es\u00bb","block_context":{"text":"Rep\u00fablica Dominicana @es","link":"https:\/\/casadecampoliving.com\/es\/category\/republica-dominicana-2\/"},"img":{"alt_text":"IMG_6612","src":"https:\/\/i0.wp.com\/casadecampoliving.com\/wp-content\/uploads\/2022\/10\/IMG_6612.jpg?resize=350%2C200","width":350,"height":200,"srcset":"https:\/\/i0.wp.com\/casadecampoliving.com\/wp-content\/uploads\/2022\/10\/IMG_6612.jpg?resize=350%2C200 1x, https:\/\/i0.wp.com\/casadecampoliving.com\/wp-content\/uploads\/2022\/10\/IMG_6612.jpg?resize=525%2C300 1.5x"},"classes":[]},{"id":354333,"url":"https:\/\/casadecampoliving.com\/es\/no-olvide-recolectar-sus-dulces-y-golosinas-de-pascua-con-la-fundacion-mir-en-playa-minitas-el-16-de-abril\/","url_meta":{"origin":352551,"position":5},"title":"\u00a1No olvide recolectar sus \u00abDulces y Golosinas de Pascua\u00bb con la Fundaci\u00f3n MIR en Playa Minitas el 16 de abril!","author":"Casa de Campo Living","date":"5 Abr, 2022","format":false,"excerpt":"\u00a1Es esa \u00e9poca del a\u00f1o otra vez! Recoge tus Dulces y Golosinas de Semana Santa con Fundaci\u00f3n MIR el pr\u00f3ximo s\u00e1bado 16 de abril en Playa Minitas de 10:00 am a 6:00 pm Esta es la quinta vez que la Fundaci\u00f3n MIR realiza este evento, y la segunda vez se\u2026","rel":"","context":"En \u00abCasa de Campo Living @es\u00bb","block_context":{"text":"Casa de Campo Living @es","link":"https:\/\/casadecampoliving.com\/category\/casa-de-campo-living-es\/"},"img":{"alt_text":"","src":"https:\/\/i0.wp.com\/casadecampoliving.com\/wp-content\/uploads\/2022\/10\/Fundacio%CC%81n-MIR-Easter-Sweets-and-Treats-2.jpg?fit=1000%2C631&ssl=1&resize=350%2C200","width":350,"height":200,"srcset":"https:\/\/i0.wp.com\/casadecampoliving.com\/wp-content\/uploads\/2022\/10\/Fundacio%CC%81n-MIR-Easter-Sweets-and-Treats-2.jpg?fit=1000%2C631&ssl=1&resize=350%2C200 1x, https:\/\/i0.wp.com\/casadecampoliving.com\/wp-content\/uploads\/2022\/10\/Fundacio%CC%81n-MIR-Easter-Sweets-and-Treats-2.jpg?fit=1000%2C631&ssl=1&resize=525%2C300 1.5x, https:\/\/i0.wp.com\/casadecampoliving.com\/wp-content\/uploads\/2022\/10\/Fundacio%CC%81n-MIR-Easter-Sweets-and-Treats-2.jpg?fit=1000%2C631&ssl=1&resize=700%2C400 2x"},"classes":[]}],"jetpack_sharing_enabled":true,"_links":{"self":[{"href":"https:\/\/casadecampoliving.com\/es\/wp-json\/wp\/v2\/posts\/352551","targetHints":{"allow":["GET"]}}],"collection":[{"href":"https:\/\/casadecampoliving.com\/es\/wp-json\/wp\/v2\/posts"}],"about":[{"href":"https:\/\/casadecampoliving.com\/es\/wp-json\/wp\/v2\/types\/post"}],"author":[{"embeddable":true,"href":"https:\/\/casadecampoliving.com\/es\/wp-json\/wp\/v2\/users\/36682"}],"replies":[{"embeddable":true,"href":"https:\/\/casadecampoliving.com\/es\/wp-json\/wp\/v2\/comments?post=352551"}],"version-history":[{"count":1,"href":"https:\/\/casadecampoliving.com\/es\/wp-json\/wp\/v2\/posts\/352551\/revisions"}],"predecessor-version":[{"id":352552,"href":"https:\/\/casadecampoliving.com\/es\/wp-json\/wp\/v2\/posts\/352551\/revisions\/352552"}],"wp:featuredmedia":[{"embeddable":true,"href":"https:\/\/casadecampoliving.com\/es\/wp-json\/wp\/v2\/media\/309730"}],"wp:attachment":[{"href":"https:\/\/casadecampoliving.com\/es\/wp-json\/wp\/v2\/media?parent=352551"}],"wp:term":[{"taxonomy":"category","embeddable":true,"href":"https:\/\/casadecampoliving.com\/es\/wp-json\/wp\/v2\/categories?post=352551"},{"taxonomy":"post_tag","embeddable":true,"href":"https:\/\/casadecampoliving.com\/es\/wp-json\/wp\/v2\/tags?post=352551"},{"taxonomy":"newspack_spnsrs_tax","embeddable":true,"href":"https:\/\/casadecampoliving.com\/es\/wp-json\/wp\/v2\/newspack_spnsrs_tax?post=352551"}],"curies":[{"name":"wp","href":"https:\/\/api.w.org\/{rel}","templated":true}]}}