{"id":352545,"date":"2018-03-22T00:00:00","date_gmt":"2018-03-22T04:00:00","guid":{"rendered":"https:\/\/casadecampoliving.com\/dia-mundial-del-agua-cada-gota-cuenta\/"},"modified":"2022-10-21T19:03:53","modified_gmt":"2022-10-21T23:03:53","slug":"dia-mundial-del-agua-cada-gota-cuenta","status":"publish","type":"post","link":"https:\/\/casadecampoliving.com\/es\/dia-mundial-del-agua-cada-gota-cuenta\/","title":{"rendered":"D\u00eda Mundial del Agua: cada gota cuenta"},"content":{"rendered":"\n<p>&nbsp;El agua representa el 71 por ciento de nuestro mundo, pero de ese 71 por ciento, solo el 1 por ciento es potable y, lo que es m\u00e1s importante, accesible. La ONU design\u00f3 hoy, 22 de marzo, como el D\u00eda Mundial del Agua hace 25 a\u00f1os para crear conciencia y abogar por la gesti\u00f3n sostenible de las fuentes de agua dulce. Este d\u00eda nos recuerda que debemos estar agradecidos por el agua potable que tenemos disponible y difundir la conciencia sobre los cambios que se deben realizar. Cada a\u00f1o, la ONU escoge un tema y el tema de este a\u00f1o \u201cLa respuesta est\u00e1 en la naturaleza\u201d.<br>\n<\/p>\n\n\n\n<!--more-->\n\n\n<div class=\"wp-block-image\">\n<figure class=\"aligncenter is-resized\"><img loading=\"lazy\" decoding=\"async\" src=\"https:\/\/i0.wp.com\/casadecampoliving-wp.s3-accelerate.amazonaws.com\/2018\/03\/Screen-Shot-2018-03-22-at-5.46.46-PM.png?resize=999%2C600&amp;ssl=1\" alt=\"\" class=\"wp-image-156335\" height=\"600\" width=\"999\" srcset=\"https:\/\/i0.wp.com\/casadecampoliving.com\/wp-content\/uploads\/2018\/03\/Screen-Shot-2018-03-22-at-5.46.46-PM.png?w=999&amp;ssl=1 999w, https:\/\/i0.wp.com\/casadecampoliving.com\/wp-content\/uploads\/2018\/03\/Screen-Shot-2018-03-22-at-5.46.46-PM.png?resize=300%2C180&amp;ssl=1 300w, https:\/\/i0.wp.com\/casadecampoliving.com\/wp-content\/uploads\/2018\/03\/Screen-Shot-2018-03-22-at-5.46.46-PM.png?resize=768%2C461&amp;ssl=1 768w, https:\/\/i0.wp.com\/casadecampoliving.com\/wp-content\/uploads\/2018\/03\/Screen-Shot-2018-03-22-at-5.46.46-PM.png?resize=450%2C270&amp;ssl=1 450w, https:\/\/i0.wp.com\/casadecampoliving-wp.s3-accelerate.amazonaws.com\/2018\/03\/Screen-Shot-2018-03-22-at-5.46.46-PM.png?w=370 370w, https:\/\/i0.wp.com\/casadecampoliving-wp.s3-accelerate.amazonaws.com\/2018\/03\/Screen-Shot-2018-03-22-at-5.46.46-PM.png?w=400 400w\" sizes=\"auto, (max-width: 999px) 100vw, 999px\" \/><\/figure>\n<\/div>\n\n\n<p>\u201cLa respuesta est\u00e1 en la naturaleza\u201d explora c\u00f3mo podemos utilizar la madre naturaleza para superar los desaf\u00edos del agua del siglo XXI. Al descuidar nuestro ecosistema con la continua contaminaci\u00f3n del agua y la vegetaci\u00f3n degradada, la cantidad de agua potable se est\u00e1 reduciendo. Seg\u00fan UN.org, \u201c1.800 millones de personas usan una fuente de agua potable contaminada con heces, lo que las pone en riesgo de contraer c\u00f3lera, disenter\u00eda, tifus y polio. El agua insegura, el saneamiento deficiente y la higiene causan alrededor de 842,000 muertes cada a\u00f1o \u201c.<\/p>\n\n\n\n<p>Adem\u00e1s del agua contaminada, la cantidad de agua potable se est\u00e1 agotando. Tomemos la situaci\u00f3n de Ciudad del Cabo, Sud\u00e1frica, por ejemplo. Esta ser\u00e1 la primera ciudad en cerrar oficialmente todas las aguas municipales el 12 de abril, a lo que llamar\u00e1n \u201cD\u00eda Cero\u201d. Cuando un residente de Sud\u00e1frica abra el grifo despu\u00e9s del D\u00eda Cero, nada saldr\u00e1. La gente recolectar\u00e1 raciones de agua todos los d\u00edas. \u00a1Algo que parece post-apocal\u00edptico para aquellos que anteriormente viv\u00edan con los lujos modernos del siglo XXI!<\/p>\n\n\n<div class=\"wp-block-image\">\n<figure class=\"aligncenter is-resized\"><img loading=\"lazy\" decoding=\"async\" src=\"https:\/\/i0.wp.com\/casadecampoliving-wp.s3-accelerate.amazonaws.com\/2018\/03\/Screen-Shot-2018-03-22-at-5.46.55-PM.png?resize=999%2C599&amp;ssl=1\" alt=\"\" class=\"wp-image-156334\" height=\"599\" width=\"999\" srcset=\"https:\/\/i0.wp.com\/casadecampoliving.com\/wp-content\/uploads\/2018\/03\/Screen-Shot-2018-03-22-at-5.46.55-PM.png?w=999&amp;ssl=1 999w, https:\/\/i0.wp.com\/casadecampoliving.com\/wp-content\/uploads\/2018\/03\/Screen-Shot-2018-03-22-at-5.46.55-PM.png?resize=300%2C180&amp;ssl=1 300w, https:\/\/i0.wp.com\/casadecampoliving.com\/wp-content\/uploads\/2018\/03\/Screen-Shot-2018-03-22-at-5.46.55-PM.png?resize=768%2C460&amp;ssl=1 768w, https:\/\/i0.wp.com\/casadecampoliving.com\/wp-content\/uploads\/2018\/03\/Screen-Shot-2018-03-22-at-5.46.55-PM.png?resize=450%2C270&amp;ssl=1 450w, https:\/\/i0.wp.com\/casadecampoliving-wp.s3-accelerate.amazonaws.com\/2018\/03\/Screen-Shot-2018-03-22-at-5.46.55-PM.png?w=370 370w, https:\/\/i0.wp.com\/casadecampoliving-wp.s3-accelerate.amazonaws.com\/2018\/03\/Screen-Shot-2018-03-22-at-5.46.55-PM.png?w=400 400w\" sizes=\"auto, (max-width: 999px) 100vw, 999px\" \/><\/figure>\n<\/div>\n\n\n<p>Existen varias soluciones basadas en la naturaleza en las que la ONU est\u00e1 trabajando que mejorar\u00edan muchos de los desaf\u00edos relacionados con el agua que enfrenta el mundo en la actualidad. Al cuidar el medio ambiente, podemos mejorar dr\u00e1sticamente el saneamiento del agua y encontrar soluciones a la escasez. La plantaci\u00f3n de nuevos bosques, la reconexi\u00f3n de los r\u00edos con las llanuras de inundaci\u00f3n y la restauraci\u00f3n de los humedales ayudar\u00e1n a reequilibrar el inestable ciclo del agua. Aproximadamente 2,000 millones de personas viven sin acceso al agua potable, y hoy, el D\u00eda Mundial del Agua llama a la acci\u00f3n la necesidad de cambio y soluciones.<\/p>\n\n\n\n<p>Entonces, \u00bfqu\u00e9 puede hacer para garantizar una mejor cantidad y calidad de nuestro recurso m\u00e1s valioso? Hoy y todos los d\u00edas, trate de recordar que el agua no es algo que deba darse por sentado. Sea consciente con su uso, apague el grifo mientras se cepilla los dientes, no use los rociadores cuando llueve, y ayude a crear conciencia en los dem\u00e1s sobre lo que est\u00e1 sucediendo en lugares alrededor del mundo como Ciudad del Cabo. Cada gota cuenta, y con la conciencia viene el cambio, \u00a1as\u00ed que difunde el mensaje sobre la conservaci\u00f3n del agua y el saneamiento!<\/p>\n","protected":false},"excerpt":{"rendered":"<p>&nbsp;El agua representa el 71 por ciento de nuestro mundo, pero de ese 71 por ciento, solo el 1 por ciento es potable y, lo que es m\u00e1s importante, accesible. La ONU design\u00f3 hoy, 22 de marzo, como el D\u00eda Mundial del Agua hace 25 a\u00f1os para crear conciencia y abogar por la gesti\u00f3n sostenible [&hellip;]<\/p>\n","protected":false},"author":36999,"featured_media":0,"comment_status":"closed","ping_status":"closed","sticky":false,"template":"","format":"standard","meta":{"newspack_ads_suppress_ads":false,"newspack_popups_has_disabled_popups":false,"newspack_sponsor_sponsorship_scope":"","newspack_sponsor_native_byline_display":"inherit","newspack_sponsor_native_category_display":"inherit","newspack_sponsor_underwriter_style":"inherit","newspack_sponsor_underwriter_placement":"inherit","_newspack_byline_active":false,"_newspack_byline":"","newspack_hide_updated_date":false,"newspack_show_updated_date":false,"newspack_content_restriction_is_exempt":false,"newspack_featured_image_position":"","newspack_post_subtitle":"","newspack_article_summary_title":"Overview:","newspack_article_summary":"","_jetpack_memberships_contains_paid_content":false,"footnotes":"","jetpack_publicize_message":"","jetpack_publicize_feature_enabled":true,"jetpack_social_post_already_shared":false,"jetpack_social_options":{"image_generator_settings":{"template":"highway","default_image_id":0,"font":"","enabled":false},"version":2},"_wpas_customize_per_network":false},"categories":[21634,14625,2521],"tags":[14736],"newspack_spnsrs_tax":[],"class_list":["post-352545","post","type-post","status-publish","format-standard","hentry","category-naturaleza","category-noticias-locales","category-republica-dominicana-2","tag-featured-topview-es","entry"],"yoast_head":"<!-- This site is optimized with the Yoast SEO plugin v27.4 - https:\/\/yoast.com\/product\/yoast-seo-wordpress\/ -->\n<title>D\u00eda Mundial del Agua: cada gota cuenta | Casa de Campo Living<\/title>\n<meta name=\"description\" content=\"&nbsp;El agua representa el 71 por ciento de nuestro mundo, pero de ese 71 por ciento, solo el 1 por ciento es potable y, lo que es m\u00e1s importante,\" \/>\n<meta name=\"robots\" content=\"index, follow, max-snippet:-1, max-image-preview:large, max-video-preview:-1\" \/>\n<link rel=\"canonical\" href=\"https:\/\/casadecampoliving.com\/es\/dia-mundial-del-agua-cada-gota-cuenta\/\" \/>\n<meta property=\"og:locale\" content=\"es_ES\" \/>\n<meta property=\"og:type\" content=\"article\" \/>\n<meta property=\"og:title\" content=\"D\u00eda Mundial del Agua: cada gota cuenta | Casa de Campo Living\" \/>\n<meta property=\"og:description\" content=\"&nbsp;El agua representa el 71 por ciento de nuestro mundo, pero de ese 71 por ciento, solo el 1 por ciento es potable y, lo que es m\u00e1s importante,\" \/>\n<meta property=\"og:url\" content=\"https:\/\/casadecampoliving.com\/es\/dia-mundial-del-agua-cada-gota-cuenta\/\" \/>\n<meta property=\"og:site_name\" content=\"Casa de Campo Living\" \/>\n<meta property=\"article:publisher\" content=\"https:\/\/www.facebook.com\/casadecampoliving\" \/>\n<meta property=\"article:published_time\" content=\"2018-03-22T04:00:00+00:00\" \/>\n<meta property=\"article:modified_time\" content=\"2022-10-21T23:03:53+00:00\" \/>\n<meta property=\"og:image\" content=\"https:\/\/casadecampoliving-wp.s3-accelerate.amazonaws.com\/2018\/03\/Screen-Shot-2018-03-22-at-5.46.46-PM.png\" \/>\n<meta name=\"author\" content=\"Gallagher Foxworthy\" \/>\n<meta name=\"twitter:card\" content=\"summary_large_image\" \/>\n<meta name=\"twitter:creator\" content=\"@cdcliving\" \/>\n<meta name=\"twitter:site\" content=\"@cdcliving\" \/>\n<meta name=\"twitter:label1\" content=\"Escrito por\" \/>\n\t<meta name=\"twitter:data1\" content=\"Gallagher Foxworthy\" \/>\n\t<meta name=\"twitter:label2\" content=\"Tiempo de lectura\" \/>\n\t<meta name=\"twitter:data2\" content=\"3 minutos\" \/>\n<script type=\"application\/ld+json\" class=\"yoast-schema-graph\">{\"@context\":\"https:\\\/\\\/schema.org\",\"@graph\":[{\"@type\":\"Article\",\"@id\":\"https:\\\/\\\/casadecampoliving.com\\\/es\\\/dia-mundial-del-agua-cada-gota-cuenta\\\/#article\",\"isPartOf\":{\"@id\":\"https:\\\/\\\/casadecampoliving.com\\\/es\\\/dia-mundial-del-agua-cada-gota-cuenta\\\/\"},\"author\":{\"name\":\"Gallagher Foxworthy\",\"@id\":\"https:\\\/\\\/casadecampoliving.com\\\/es\\\/#\\\/schema\\\/person\\\/d10ac96d68406ae10f4c6b95c9a2b09e\"},\"headline\":\"D\u00eda Mundial del Agua: cada gota cuenta\",\"datePublished\":\"2018-03-22T04:00:00+00:00\",\"dateModified\":\"2022-10-21T23:03:53+00:00\",\"mainEntityOfPage\":{\"@id\":\"https:\\\/\\\/casadecampoliving.com\\\/es\\\/dia-mundial-del-agua-cada-gota-cuenta\\\/\"},\"wordCount\":524,\"publisher\":{\"@id\":\"https:\\\/\\\/casadecampoliving.com\\\/es\\\/#organization\"},\"image\":{\"@id\":\"https:\\\/\\\/casadecampoliving.com\\\/es\\\/dia-mundial-del-agua-cada-gota-cuenta\\\/#primaryimage\"},\"thumbnailUrl\":\"https:\\\/\\\/i0.wp.com\\\/casadecampoliving-wp.s3-accelerate.amazonaws.com\\\/2018\\\/03\\\/Screen-Shot-2018-03-22-at-5.46.46-PM.png?resize=999%2C600&amp;ssl=1\",\"keywords\":[\"Featured-TopView @es\"],\"articleSection\":[\"Naturaleza\",\"Noticias Locales\",\"Rep\u00fablica Dominicana @es\"],\"inLanguage\":\"es\"},{\"@type\":\"WebPage\",\"@id\":\"https:\\\/\\\/casadecampoliving.com\\\/es\\\/dia-mundial-del-agua-cada-gota-cuenta\\\/\",\"url\":\"https:\\\/\\\/casadecampoliving.com\\\/es\\\/dia-mundial-del-agua-cada-gota-cuenta\\\/\",\"name\":\"D\u00eda Mundial del Agua: cada gota cuenta | Casa de Campo Living\",\"isPartOf\":{\"@id\":\"https:\\\/\\\/casadecampoliving.com\\\/es\\\/#website\"},\"primaryImageOfPage\":{\"@id\":\"https:\\\/\\\/casadecampoliving.com\\\/es\\\/dia-mundial-del-agua-cada-gota-cuenta\\\/#primaryimage\"},\"image\":{\"@id\":\"https:\\\/\\\/casadecampoliving.com\\\/es\\\/dia-mundial-del-agua-cada-gota-cuenta\\\/#primaryimage\"},\"thumbnailUrl\":\"https:\\\/\\\/i0.wp.com\\\/casadecampoliving-wp.s3-accelerate.amazonaws.com\\\/2018\\\/03\\\/Screen-Shot-2018-03-22-at-5.46.46-PM.png?resize=999%2C600&amp;ssl=1\",\"datePublished\":\"2018-03-22T04:00:00+00:00\",\"dateModified\":\"2022-10-21T23:03:53+00:00\",\"description\":\"&nbsp;El agua representa el 71 por ciento de nuestro mundo, pero de ese 71 por ciento, solo el 1 por ciento es potable y, lo que es m\u00e1s importante,\",\"breadcrumb\":{\"@id\":\"https:\\\/\\\/casadecampoliving.com\\\/es\\\/dia-mundial-del-agua-cada-gota-cuenta\\\/#breadcrumb\"},\"inLanguage\":\"es\",\"potentialAction\":[{\"@type\":\"ReadAction\",\"target\":[\"https:\\\/\\\/casadecampoliving.com\\\/es\\\/dia-mundial-del-agua-cada-gota-cuenta\\\/\"]}]},{\"@type\":\"ImageObject\",\"inLanguage\":\"es\",\"@id\":\"https:\\\/\\\/casadecampoliving.com\\\/es\\\/dia-mundial-del-agua-cada-gota-cuenta\\\/#primaryimage\",\"url\":\"https:\\\/\\\/i0.wp.com\\\/casadecampoliving-wp.s3-accelerate.amazonaws.com\\\/2018\\\/03\\\/Screen-Shot-2018-03-22-at-5.46.46-PM.png?resize=999%2C600&amp;ssl=1\",\"contentUrl\":\"https:\\\/\\\/i0.wp.com\\\/casadecampoliving-wp.s3-accelerate.amazonaws.com\\\/2018\\\/03\\\/Screen-Shot-2018-03-22-at-5.46.46-PM.png?resize=999%2C600&amp;ssl=1\"},{\"@type\":\"BreadcrumbList\",\"@id\":\"https:\\\/\\\/casadecampoliving.com\\\/es\\\/dia-mundial-del-agua-cada-gota-cuenta\\\/#breadcrumb\",\"itemListElement\":[{\"@type\":\"ListItem\",\"position\":1,\"name\":\"Home\",\"item\":\"https:\\\/\\\/casadecampoliving.com\\\/es\\\/\"},{\"@type\":\"ListItem\",\"position\":2,\"name\":\"D\u00eda Mundial del Agua: cada gota cuenta\"}]},{\"@type\":\"WebSite\",\"@id\":\"https:\\\/\\\/casadecampoliving.com\\\/es\\\/#website\",\"url\":\"https:\\\/\\\/casadecampoliving.com\\\/es\\\/\",\"name\":\"Casa de Campo Living\",\"description\":\"Resort community news and resources.\",\"publisher\":{\"@id\":\"https:\\\/\\\/casadecampoliving.com\\\/es\\\/#organization\"},\"potentialAction\":[{\"@type\":\"SearchAction\",\"target\":{\"@type\":\"EntryPoint\",\"urlTemplate\":\"https:\\\/\\\/casadecampoliving.com\\\/es\\\/?s={search_term_string}\"},\"query-input\":{\"@type\":\"PropertyValueSpecification\",\"valueRequired\":true,\"valueName\":\"search_term_string\"}}],\"inLanguage\":\"es\"},{\"@type\":\"Organization\",\"@id\":\"https:\\\/\\\/casadecampoliving.com\\\/es\\\/#organization\",\"name\":\"Casa de Campo Living\",\"url\":\"https:\\\/\\\/casadecampoliving.com\\\/es\\\/\",\"logo\":{\"@type\":\"ImageObject\",\"inLanguage\":\"es\",\"@id\":\"https:\\\/\\\/casadecampoliving.com\\\/es\\\/#\\\/schema\\\/logo\\\/image\\\/\",\"url\":\"https:\\\/\\\/i0.wp.com\\\/casadecampoliving.com\\\/wp-content\\\/uploads\\\/2022\\\/07\\\/CDCLivingLogo_V1-white-sized.png?fit=800%2C214&ssl=1\",\"contentUrl\":\"https:\\\/\\\/i0.wp.com\\\/casadecampoliving.com\\\/wp-content\\\/uploads\\\/2022\\\/07\\\/CDCLivingLogo_V1-white-sized.png?fit=800%2C214&ssl=1\",\"width\":800,\"height\":214,\"caption\":\"Casa de Campo Living\"},\"image\":{\"@id\":\"https:\\\/\\\/casadecampoliving.com\\\/es\\\/#\\\/schema\\\/logo\\\/image\\\/\"},\"sameAs\":[\"https:\\\/\\\/www.facebook.com\\\/casadecampoliving\",\"https:\\\/\\\/x.com\\\/cdcliving\"]},{\"@type\":\"Person\",\"@id\":\"https:\\\/\\\/casadecampoliving.com\\\/es\\\/#\\\/schema\\\/person\\\/d10ac96d68406ae10f4c6b95c9a2b09e\",\"name\":\"Gallagher Foxworthy\",\"image\":{\"@type\":\"ImageObject\",\"inLanguage\":\"es\",\"@id\":\"https:\\\/\\\/secure.gravatar.com\\\/avatar\\\/de43f005ae9f44addf1862c1ddde823872f61a1fa97647ac04df4c05581d637d?s=96&d=mm&r=g\",\"url\":\"https:\\\/\\\/secure.gravatar.com\\\/avatar\\\/de43f005ae9f44addf1862c1ddde823872f61a1fa97647ac04df4c05581d637d?s=96&d=mm&r=g\",\"contentUrl\":\"https:\\\/\\\/secure.gravatar.com\\\/avatar\\\/de43f005ae9f44addf1862c1ddde823872f61a1fa97647ac04df4c05581d637d?s=96&d=mm&r=g\",\"caption\":\"Gallagher Foxworthy\"},\"url\":\"https:\\\/\\\/casadecampoliving.com\\\/es\\\/author\\\/gallagher-foxworthy\\\/\"}]}<\/script>\n<!-- \/ Yoast SEO plugin. -->","yoast_head_json":{"title":"D\u00eda Mundial del Agua: cada gota cuenta | Casa de Campo Living","description":"&nbsp;El agua representa el 71 por ciento de nuestro mundo, pero de ese 71 por ciento, solo el 1 por ciento es potable y, lo que es m\u00e1s importante,","robots":{"index":"index","follow":"follow","max-snippet":"max-snippet:-1","max-image-preview":"max-image-preview:large","max-video-preview":"max-video-preview:-1"},"canonical":"https:\/\/casadecampoliving.com\/es\/dia-mundial-del-agua-cada-gota-cuenta\/","og_locale":"es_ES","og_type":"article","og_title":"D\u00eda Mundial del Agua: cada gota cuenta | Casa de Campo Living","og_description":"&nbsp;El agua representa el 71 por ciento de nuestro mundo, pero de ese 71 por ciento, solo el 1 por ciento es potable y, lo que es m\u00e1s importante,","og_url":"https:\/\/casadecampoliving.com\/es\/dia-mundial-del-agua-cada-gota-cuenta\/","og_site_name":"Casa de Campo Living","article_publisher":"https:\/\/www.facebook.com\/casadecampoliving","article_published_time":"2018-03-22T04:00:00+00:00","article_modified_time":"2022-10-21T23:03:53+00:00","og_image":[{"url":"https:\/\/casadecampoliving-wp.s3-accelerate.amazonaws.com\/2018\/03\/Screen-Shot-2018-03-22-at-5.46.46-PM.png","type":"","width":"","height":""}],"author":"Gallagher Foxworthy","twitter_card":"summary_large_image","twitter_creator":"@cdcliving","twitter_site":"@cdcliving","twitter_misc":{"Escrito por":"Gallagher Foxworthy","Tiempo de lectura":"3 minutos"},"schema":{"@context":"https:\/\/schema.org","@graph":[{"@type":"Article","@id":"https:\/\/casadecampoliving.com\/es\/dia-mundial-del-agua-cada-gota-cuenta\/#article","isPartOf":{"@id":"https:\/\/casadecampoliving.com\/es\/dia-mundial-del-agua-cada-gota-cuenta\/"},"author":{"name":"Gallagher Foxworthy","@id":"https:\/\/casadecampoliving.com\/es\/#\/schema\/person\/d10ac96d68406ae10f4c6b95c9a2b09e"},"headline":"D\u00eda Mundial del Agua: cada gota cuenta","datePublished":"2018-03-22T04:00:00+00:00","dateModified":"2022-10-21T23:03:53+00:00","mainEntityOfPage":{"@id":"https:\/\/casadecampoliving.com\/es\/dia-mundial-del-agua-cada-gota-cuenta\/"},"wordCount":524,"publisher":{"@id":"https:\/\/casadecampoliving.com\/es\/#organization"},"image":{"@id":"https:\/\/casadecampoliving.com\/es\/dia-mundial-del-agua-cada-gota-cuenta\/#primaryimage"},"thumbnailUrl":"https:\/\/i0.wp.com\/casadecampoliving-wp.s3-accelerate.amazonaws.com\/2018\/03\/Screen-Shot-2018-03-22-at-5.46.46-PM.png?resize=999%2C600&amp;ssl=1","keywords":["Featured-TopView @es"],"articleSection":["Naturaleza","Noticias Locales","Rep\u00fablica Dominicana @es"],"inLanguage":"es"},{"@type":"WebPage","@id":"https:\/\/casadecampoliving.com\/es\/dia-mundial-del-agua-cada-gota-cuenta\/","url":"https:\/\/casadecampoliving.com\/es\/dia-mundial-del-agua-cada-gota-cuenta\/","name":"D\u00eda Mundial del Agua: cada gota cuenta | Casa de Campo Living","isPartOf":{"@id":"https:\/\/casadecampoliving.com\/es\/#website"},"primaryImageOfPage":{"@id":"https:\/\/casadecampoliving.com\/es\/dia-mundial-del-agua-cada-gota-cuenta\/#primaryimage"},"image":{"@id":"https:\/\/casadecampoliving.com\/es\/dia-mundial-del-agua-cada-gota-cuenta\/#primaryimage"},"thumbnailUrl":"https:\/\/i0.wp.com\/casadecampoliving-wp.s3-accelerate.amazonaws.com\/2018\/03\/Screen-Shot-2018-03-22-at-5.46.46-PM.png?resize=999%2C600&amp;ssl=1","datePublished":"2018-03-22T04:00:00+00:00","dateModified":"2022-10-21T23:03:53+00:00","description":"&nbsp;El agua representa el 71 por ciento de nuestro mundo, pero de ese 71 por ciento, solo el 1 por ciento es potable y, lo que es m\u00e1s importante,","breadcrumb":{"@id":"https:\/\/casadecampoliving.com\/es\/dia-mundial-del-agua-cada-gota-cuenta\/#breadcrumb"},"inLanguage":"es","potentialAction":[{"@type":"ReadAction","target":["https:\/\/casadecampoliving.com\/es\/dia-mundial-del-agua-cada-gota-cuenta\/"]}]},{"@type":"ImageObject","inLanguage":"es","@id":"https:\/\/casadecampoliving.com\/es\/dia-mundial-del-agua-cada-gota-cuenta\/#primaryimage","url":"https:\/\/i0.wp.com\/casadecampoliving-wp.s3-accelerate.amazonaws.com\/2018\/03\/Screen-Shot-2018-03-22-at-5.46.46-PM.png?resize=999%2C600&amp;ssl=1","contentUrl":"https:\/\/i0.wp.com\/casadecampoliving-wp.s3-accelerate.amazonaws.com\/2018\/03\/Screen-Shot-2018-03-22-at-5.46.46-PM.png?resize=999%2C600&amp;ssl=1"},{"@type":"BreadcrumbList","@id":"https:\/\/casadecampoliving.com\/es\/dia-mundial-del-agua-cada-gota-cuenta\/#breadcrumb","itemListElement":[{"@type":"ListItem","position":1,"name":"Home","item":"https:\/\/casadecampoliving.com\/es\/"},{"@type":"ListItem","position":2,"name":"D\u00eda Mundial del Agua: cada gota cuenta"}]},{"@type":"WebSite","@id":"https:\/\/casadecampoliving.com\/es\/#website","url":"https:\/\/casadecampoliving.com\/es\/","name":"Casa de Campo Living","description":"Resort community news and resources.","publisher":{"@id":"https:\/\/casadecampoliving.com\/es\/#organization"},"potentialAction":[{"@type":"SearchAction","target":{"@type":"EntryPoint","urlTemplate":"https:\/\/casadecampoliving.com\/es\/?s={search_term_string}"},"query-input":{"@type":"PropertyValueSpecification","valueRequired":true,"valueName":"search_term_string"}}],"inLanguage":"es"},{"@type":"Organization","@id":"https:\/\/casadecampoliving.com\/es\/#organization","name":"Casa de Campo Living","url":"https:\/\/casadecampoliving.com\/es\/","logo":{"@type":"ImageObject","inLanguage":"es","@id":"https:\/\/casadecampoliving.com\/es\/#\/schema\/logo\/image\/","url":"https:\/\/i0.wp.com\/casadecampoliving.com\/wp-content\/uploads\/2022\/07\/CDCLivingLogo_V1-white-sized.png?fit=800%2C214&ssl=1","contentUrl":"https:\/\/i0.wp.com\/casadecampoliving.com\/wp-content\/uploads\/2022\/07\/CDCLivingLogo_V1-white-sized.png?fit=800%2C214&ssl=1","width":800,"height":214,"caption":"Casa de Campo Living"},"image":{"@id":"https:\/\/casadecampoliving.com\/es\/#\/schema\/logo\/image\/"},"sameAs":["https:\/\/www.facebook.com\/casadecampoliving","https:\/\/x.com\/cdcliving"]},{"@type":"Person","@id":"https:\/\/casadecampoliving.com\/es\/#\/schema\/person\/d10ac96d68406ae10f4c6b95c9a2b09e","name":"Gallagher Foxworthy","image":{"@type":"ImageObject","inLanguage":"es","@id":"https:\/\/secure.gravatar.com\/avatar\/de43f005ae9f44addf1862c1ddde823872f61a1fa97647ac04df4c05581d637d?s=96&d=mm&r=g","url":"https:\/\/secure.gravatar.com\/avatar\/de43f005ae9f44addf1862c1ddde823872f61a1fa97647ac04df4c05581d637d?s=96&d=mm&r=g","contentUrl":"https:\/\/secure.gravatar.com\/avatar\/de43f005ae9f44addf1862c1ddde823872f61a1fa97647ac04df4c05581d637d?s=96&d=mm&r=g","caption":"Gallagher Foxworthy"},"url":"https:\/\/casadecampoliving.com\/es\/author\/gallagher-foxworthy\/"}]}},"parsely":{"version":"1.1.0","canonical_url":"https:\/\/casadecampoliving.com\/es\/dia-mundial-del-agua-cada-gota-cuenta\/","smart_links":{"inbound":0,"outbound":0},"traffic_boost_suggestions_count":0,"meta":{"@context":"https:\/\/schema.org","@type":"NewsArticle","headline":"D\u00eda Mundial del Agua: cada gota cuenta","url":"http:\/\/casadecampoliving.com\/es\/dia-mundial-del-agua-cada-gota-cuenta\/","mainEntityOfPage":{"@type":"WebPage","@id":"http:\/\/casadecampoliving.com\/es\/dia-mundial-del-agua-cada-gota-cuenta\/"},"thumbnailUrl":"","image":{"@type":"ImageObject","url":""},"articleSection":"Naturaleza","author":[{"@type":"Person","name":"Gallagher Foxworthy"}],"creator":["Gallagher Foxworthy"],"publisher":{"@type":"Organization","name":"Casa de Campo Living","logo":"https:\/\/casadecampoliving.com\/wp-content\/uploads\/2022\/07\/CDCLivingLogo_V1-white-sized.png"},"keywords":["featured-topview @es"],"dateCreated":"2018-03-22T04:00:00Z","datePublished":"2018-03-22T04:00:00Z","dateModified":"2022-10-21T23:03:53Z"},"rendered":"<script type=\"application\/ld+json\" class=\"wp-parsely-metadata\">{\"@context\":\"https:\\\/\\\/schema.org\",\"@type\":\"NewsArticle\",\"headline\":\"D\\u00eda Mundial del Agua: cada gota cuenta\",\"url\":\"http:\\\/\\\/casadecampoliving.com\\\/es\\\/dia-mundial-del-agua-cada-gota-cuenta\\\/\",\"mainEntityOfPage\":{\"@type\":\"WebPage\",\"@id\":\"http:\\\/\\\/casadecampoliving.com\\\/es\\\/dia-mundial-del-agua-cada-gota-cuenta\\\/\"},\"thumbnailUrl\":\"\",\"image\":{\"@type\":\"ImageObject\",\"url\":\"\"},\"articleSection\":\"Naturaleza\",\"author\":[{\"@type\":\"Person\",\"name\":\"Gallagher Foxworthy\"}],\"creator\":[\"Gallagher Foxworthy\"],\"publisher\":{\"@type\":\"Organization\",\"name\":\"Casa de Campo Living\",\"logo\":\"https:\\\/\\\/casadecampoliving.com\\\/wp-content\\\/uploads\\\/2022\\\/07\\\/CDCLivingLogo_V1-white-sized.png\"},\"keywords\":[\"featured-topview @es\"],\"dateCreated\":\"2018-03-22T04:00:00Z\",\"datePublished\":\"2018-03-22T04:00:00Z\",\"dateModified\":\"2022-10-21T23:03:53Z\"}<\/script>","tracker_url":"https:\/\/cdn.parsely.com\/keys\/casadecampoliving.com\/p.js"},"jetpack_publicize_connections":[],"jetpack_featured_media_url":"","jetpack-related-posts":[{"id":352703,"url":"https:\/\/casadecampoliving.com\/es\/por-que-celebrar-el-dia-mundial-de-los-oceanos\/","url_meta":{"origin":352545,"position":0},"title":"\u00bfPor qu\u00e9 celebrar el D\u00eda Mundial de los Oc\u00e9anos?","author":"Nancy Desgue","date":"8 Jun, 2018","format":false,"excerpt":"Para quienes aman el agua y la aventura, el mar es su para\u00edso, entre la biodiversidad de la vida y las diferentes actividades acu\u00e1ticas que podemos hacer en ella, y como suelen decir por ah\u00ed \u201cEn el mar la vida es mas sabrosa\u201d. Por eso el d\u00eda de hoy lo\u2026","rel":"","context":"En \u00abNaturaleza\u00bb","block_context":{"text":"Naturaleza","link":"https:\/\/casadecampoliving.com\/es\/category\/naturaleza\/"},"img":{"alt_text":"","src":"https:\/\/i0.wp.com\/casadecampoliving.com\/wp-content\/uploads\/2018\/06\/featured-image-index.jpg?resize=350%2C200&ssl=1","width":350,"height":200,"srcset":"https:\/\/i0.wp.com\/casadecampoliving.com\/wp-content\/uploads\/2018\/06\/featured-image-index.jpg?resize=350%2C200&ssl=1 1x, https:\/\/i0.wp.com\/casadecampoliving.com\/wp-content\/uploads\/2018\/06\/featured-image-index.jpg?resize=525%2C300&ssl=1 1.5x, https:\/\/i0.wp.com\/casadecampoliving.com\/wp-content\/uploads\/2018\/06\/featured-image-index.jpg?resize=700%2C400&ssl=1 2x"},"classes":[]},{"id":353309,"url":"https:\/\/casadecampoliving.com\/es\/el-agua-fuente-de-vida-agua-el-eden\/","url_meta":{"origin":352545,"position":1},"title":"El agua, fuente de vida","author":"Casa de Campo Living","date":"23 Mar, 2019","format":false,"excerpt":"El agua es esencial para la vida. El 22 de marzo se conmemora el D\u00eda Mundial del Agua, las Naciones Unidas nos dice que \u201cLa humanidad necesita agua: Una gota de agua es flexible. Una gota de agua es poderosa. Una gota de agua es m\u00e1s necesaria que nunca\u201d. Este\u2026","rel":"","context":"En \u00abDestacados\u00bb","block_context":{"text":"Destacados","link":"https:\/\/casadecampoliving.com\/es\/category\/destacados\/"},"img":{"alt_text":"","src":"https:\/\/i0.wp.com\/casadecampoliving.com\/wp-content\/uploads\/2022\/10\/adult-background-beach-296282.jpg?fit=1000%2C601&ssl=1&resize=350%2C200","width":350,"height":200,"srcset":"https:\/\/i0.wp.com\/casadecampoliving.com\/wp-content\/uploads\/2022\/10\/adult-background-beach-296282.jpg?fit=1000%2C601&ssl=1&resize=350%2C200 1x, https:\/\/i0.wp.com\/casadecampoliving.com\/wp-content\/uploads\/2022\/10\/adult-background-beach-296282.jpg?fit=1000%2C601&ssl=1&resize=525%2C300 1.5x, https:\/\/i0.wp.com\/casadecampoliving.com\/wp-content\/uploads\/2022\/10\/adult-background-beach-296282.jpg?fit=1000%2C601&ssl=1&resize=700%2C400 2x"},"classes":[]},{"id":352694,"url":"https:\/\/casadecampoliving.com\/es\/sin-contaminacion-por-plastico-dia-mundial-del-medio-ambiente-2018\/","url_meta":{"origin":352545,"position":2},"title":"Sin Contaminaci\u00f3n por Pl\u00e1stico &#8211; D\u00eda Mundial del Medio Ambiente 2018","author":"Marlenys Guzm\u00e1n Casta\u00f1os","date":"5 Jun, 2018","format":false,"excerpt":"Comunidades de todo el mundo se reunieron hoy para la mayor celebraci\u00f3n anual de nuestro medio ambiente: el D\u00eda Mundial del Medio Ambiente. Este es un evento global liderado por ONU Medio Ambiente que se celebra cada 5 de junio en miles de comunidades de todo el mundo. Desde su\u2026","rel":"","context":"En \u00abEstilo de Vida\u00bb","block_context":{"text":"Estilo de Vida","link":"https:\/\/casadecampoliving.com\/es\/category\/estilo-de-vida\/"},"img":{"alt_text":"","src":"https:\/\/i0.wp.com\/casadecampoliving.com\/wp-content\/uploads\/2018\/06\/photo.jpg?resize=350%2C200&ssl=1","width":350,"height":200,"srcset":"https:\/\/i0.wp.com\/casadecampoliving.com\/wp-content\/uploads\/2018\/06\/photo.jpg?resize=350%2C200&ssl=1 1x, https:\/\/i0.wp.com\/casadecampoliving.com\/wp-content\/uploads\/2018\/06\/photo.jpg?resize=525%2C300&ssl=1 1.5x, https:\/\/i0.wp.com\/casadecampoliving.com\/wp-content\/uploads\/2018\/06\/photo.jpg?resize=700%2C400&ssl=1 2x"},"classes":[]},{"id":433460,"url":"https:\/\/casadecampoliving.com\/es\/no-se-pierdan-el-increible-tributo-a-frank-sinatra-para-celebrar-el-40-aniversario-del-anfiteatro-altos-de-chavon\/","url_meta":{"origin":352545,"position":3},"title":"No se pierdan el incre\u00edble tributo a Frank Sinatra para celebrar el 40 aniversario del\u00a0Anfiteatro Altos de Chav\u00f3n","author":"Casa de Campo Living","date":"20 Oct, 2022","format":false,"excerpt":"Siendo uno de los escenarios m\u00e1s emblem\u00e1ticos del pa\u00eds, Casa de Campo Resort\u00ae & Villas celebra las cuatro d\u00e9cadas de aniversario de Altos de Chav\u00f3n con un tributo al gran Frank Sinatra, protagonizado por artistas invitados y una big band tal cual la que acompa\u00f1\u00f3 al artista hace 40 a\u00f1os\u2026","rel":"","context":"En \u00abUncategorized @es\u00bb","block_context":{"text":"Uncategorized @es","link":"https:\/\/casadecampoliving.com\/es\/category\/uncategorized-es\/"},"img":{"alt_text":"","src":"https:\/\/i0.wp.com\/casadecampoliving.com\/wp-content\/uploads\/2022\/10\/Tributo-Frank-Sinatra-Foto-Principal-Amaury-Sanchez-Danilo-Ginebra-Andres-Pichardo-y-Jose-Gabriel-Perez-.jpg?fit=1200%2C873&ssl=1&resize=350%2C200","width":350,"height":200,"srcset":"https:\/\/i0.wp.com\/casadecampoliving.com\/wp-content\/uploads\/2022\/10\/Tributo-Frank-Sinatra-Foto-Principal-Amaury-Sanchez-Danilo-Ginebra-Andres-Pichardo-y-Jose-Gabriel-Perez-.jpg?fit=1200%2C873&ssl=1&resize=350%2C200 1x, https:\/\/i0.wp.com\/casadecampoliving.com\/wp-content\/uploads\/2022\/10\/Tributo-Frank-Sinatra-Foto-Principal-Amaury-Sanchez-Danilo-Ginebra-Andres-Pichardo-y-Jose-Gabriel-Perez-.jpg?fit=1200%2C873&ssl=1&resize=525%2C300 1.5x, https:\/\/i0.wp.com\/casadecampoliving.com\/wp-content\/uploads\/2022\/10\/Tributo-Frank-Sinatra-Foto-Principal-Amaury-Sanchez-Danilo-Ginebra-Andres-Pichardo-y-Jose-Gabriel-Perez-.jpg?fit=1200%2C873&ssl=1&resize=700%2C400 2x, https:\/\/i0.wp.com\/casadecampoliving.com\/wp-content\/uploads\/2022\/10\/Tributo-Frank-Sinatra-Foto-Principal-Amaury-Sanchez-Danilo-Ginebra-Andres-Pichardo-y-Jose-Gabriel-Perez-.jpg?fit=1200%2C873&ssl=1&resize=1050%2C600 3x"},"classes":[]},{"id":340118,"url":"https:\/\/casadecampoliving.com\/es\/el-proyecto-aguas-conectando-vidas-traen-agua-potable-a-habitantes-de-la-hispanola\/","url_meta":{"origin":352545,"position":4},"title":"El proyecto \u00abAguas Conectando Vidas\u00bb traen agua potable a habitantes de La Hispa\u00f1ola","author":"","date":"18 Nov, 2012","format":false,"excerpt":"FilterPure Inc., (llamado \u201cAquaPure\u201d, en esta localidad), es una organizaci\u00f3n sin fines de lucro que tiene la misi\u00f3n de ofrecer agua purificada a personas de muy escasos recursos que habitan en pa\u00edses en v\u00edas de desarrollo, y en la actualidad se encuentra trabajando con las comunidades en Hait\u00ed y la\u2026","rel":"","context":"En \u00abAltos de Chavon @es\u00bb","block_context":{"text":"Altos de Chavon @es","link":"https:\/\/casadecampoliving.com\/category\/altos-de-chavon-es\/"},"img":{"alt_text":"filter pure","src":"https:\/\/i0.wp.com\/casadecampoliving.com\/wp-content\/uploads\/2022\/10\/filter_pure-1.jpg?fit=650%2C488&ssl=1&resize=350%2C200","width":350,"height":200,"srcset":"https:\/\/i0.wp.com\/casadecampoliving.com\/wp-content\/uploads\/2022\/10\/filter_pure-1.jpg?fit=650%2C488&ssl=1&resize=350%2C200 1x, https:\/\/i0.wp.com\/casadecampoliving.com\/wp-content\/uploads\/2022\/10\/filter_pure-1.jpg?fit=650%2C488&ssl=1&resize=525%2C300 1.5x"},"classes":[]},{"id":348475,"url":"https:\/\/casadecampoliving.com\/es\/sequia-en-casa-de-campo-mitigar-para-el-futuro\/","url_meta":{"origin":352545,"position":5},"title":"Sequ\u00eda en Casa de Campo: Prepar\u00e9monos para el Futuro","author":"Carla Campos","date":"26 Oct, 2015","format":false,"excerpt":"En Casa de Campo fuimos muy afortunados de haber tenido un\u00a0suministro de agua ininterrumpido este verano, considerando la extensa sequ\u00eda que ha prevalecido en el Caribe. Sin embargo, debe llamarnos la atenci\u00f3n que nuestra suerte podr\u00eda no ser eterna, ya que las proyecciones muestran que la Rep\u00fablica Dominicana no saldr\u00e1\u2026","rel":"","context":"En \u00abCasa de Campo Living @es\u00bb","block_context":{"text":"Casa de Campo Living @es","link":"https:\/\/casadecampoliving.com\/category\/casa-de-campo-living-es\/"},"img":{"alt_text":"","src":"https:\/\/i0.wp.com\/casadecampoliving.com\/wp-content\/uploads\/2022\/10\/CCLforthefutureV2-26-10-15-1.jpg?fit=650%2C450&ssl=1&resize=350%2C200","width":350,"height":200,"srcset":"https:\/\/i0.wp.com\/casadecampoliving.com\/wp-content\/uploads\/2022\/10\/CCLforthefutureV2-26-10-15-1.jpg?fit=650%2C450&ssl=1&resize=350%2C200 1x, https:\/\/i0.wp.com\/casadecampoliving.com\/wp-content\/uploads\/2022\/10\/CCLforthefutureV2-26-10-15-1.jpg?fit=650%2C450&ssl=1&resize=525%2C300 1.5x"},"classes":[]}],"jetpack_sharing_enabled":true,"_links":{"self":[{"href":"https:\/\/casadecampoliving.com\/es\/wp-json\/wp\/v2\/posts\/352545","targetHints":{"allow":["GET"]}}],"collection":[{"href":"https:\/\/casadecampoliving.com\/es\/wp-json\/wp\/v2\/posts"}],"about":[{"href":"https:\/\/casadecampoliving.com\/es\/wp-json\/wp\/v2\/types\/post"}],"author":[{"embeddable":true,"href":"https:\/\/casadecampoliving.com\/es\/wp-json\/wp\/v2\/users\/36999"}],"replies":[{"embeddable":true,"href":"https:\/\/casadecampoliving.com\/es\/wp-json\/wp\/v2\/comments?post=352545"}],"version-history":[{"count":1,"href":"https:\/\/casadecampoliving.com\/es\/wp-json\/wp\/v2\/posts\/352545\/revisions"}],"predecessor-version":[{"id":352546,"href":"https:\/\/casadecampoliving.com\/es\/wp-json\/wp\/v2\/posts\/352545\/revisions\/352546"}],"wp:attachment":[{"href":"https:\/\/casadecampoliving.com\/es\/wp-json\/wp\/v2\/media?parent=352545"}],"wp:term":[{"taxonomy":"category","embeddable":true,"href":"https:\/\/casadecampoliving.com\/es\/wp-json\/wp\/v2\/categories?post=352545"},{"taxonomy":"post_tag","embeddable":true,"href":"https:\/\/casadecampoliving.com\/es\/wp-json\/wp\/v2\/tags?post=352545"},{"taxonomy":"newspack_spnsrs_tax","embeddable":true,"href":"https:\/\/casadecampoliving.com\/es\/wp-json\/wp\/v2\/newspack_spnsrs_tax?post=352545"}],"curies":[{"name":"wp","href":"https:\/\/api.w.org\/{rel}","templated":true}]}}