{"id":352540,"date":"2018-03-22T00:00:00","date_gmt":"2018-03-22T04:00:00","guid":{"rendered":"https:\/\/casadecampoliving.com\/grafitis-piezas-de-arte-pop-y-abstracto-se-mezclaran-de-otra-manera\/"},"modified":"2022-10-21T19:03:38","modified_gmt":"2022-10-21T23:03:38","slug":"grafitis-piezas-de-arte-pop-y-abstracto-se-mezclaran-de-otra-manera","status":"publish","type":"post","link":"https:\/\/casadecampoliving.com\/es\/grafitis-piezas-de-arte-pop-y-abstracto-se-mezclaran-de-otra-manera\/","title":{"rendered":"Grafitis, piezas de arte pop y abstracto se mezclar\u00e1n \u201cDe otra Manera\u201d"},"content":{"rendered":"\n<p><span style=\"font-weight: 400;\">El pr\u00f3ximo mi\u00e9rcoles 28 de marzo se llevar\u00e1 a cabo en La Marina de Casa de Campo la <\/span>exposici\u00f3n<span style=\"font-weight: 400;\"> de arte denominada \u201cDe otra Manera\u201d, a cargo del escritor y artista de grafiti puertorrique\u00f1o Sandro Figueroa Garc\u00eda, mejor conocido como Sen2.<\/span><\/p>\n\n\n\n<!--more-->\n\n\n\n<p><span style=\"font-weight: 400;\">Sen2 o Sandro Figueroa Garc\u00eda, naci\u00f3 en Puerto Rico en 1969; creci\u00f3 en Canteras, un barrio dif\u00edcil de Santurce, Puerto Rico.&nbsp;<\/span><span style=\"font-weight: 400;\">En la \u201cedad de oro\u201d del grafiti, durante la d\u00e9cada de 1980, Sen2 fue uno de los fundadores de Mad Crew, que tuvo un gran \u00e9xito en el pa\u00eds natal del artista.&nbsp;<\/span><span style=\"font-weight: 400;\">Despu\u00e9s de haberse mudado a los Estados Unidos, Sen2 se convirti\u00f3 en miembro de la legendaria Tats Crew, un grupo de artistas de grafiti y muralistas destacados en Nueva York.&nbsp;<\/span><span style=\"font-weight: 400;\">Sen2 evolucion\u00f3 desde la pulverizaci\u00f3n de piezas de estilo salvaje en trenes y muros hasta el desarrollo de trabajos de medios mixtos en lienzos.&nbsp;<\/span><span style=\"font-weight: 400;\">Pas\u00f3 de la escritura de grafiti cl\u00e1sica de Nueva York a una combinaci\u00f3n de estilos de letras gr\u00e1ficas con elementos tridimensionales, im\u00e1genes de arte pop y t\u00e9cnicas de arte abstracto.<\/span><\/p>\n\n\n\n<blockquote class=\"instagram-media\" style=\"background: #FFF; border: 0; border-radius: 3px; box-shadow: 0 0 1px 0 rgba(0,0,0,0.5),0 1px 10px 0 rgba(0,0,0,0.15); margin: 1px; max-width: 658px; padding: 0; width: calc(100% - 2px);\" data-instgrm-permalink=\"https:\/\/www.instagram.com\/p\/BgFFaXvHr4x\/\" data-instgrm-version=\"8\"><div style=\"padding: 8px;\">\n<div style=\"background: #F8F8F8; line-height: 0; margin-top: 40px; padding: 28.194444444444443% 0; text-align: center; width: 100%;\">\n<div style=\"background: url(data:image\/png; base64,ivborw0kggoaaaansuheugaaacwaaaascamaaaapwqozaaaabgdbtueaalgpc\/xhbqaaaafzukdcak7ohokaaaamuexurczmzpf399fx1+bm5mzy9amaaadisurbvdjlvzxbesmgces5\/p8\/t9furvcrmu73jwlzosgsiizurcjo\/ad+eqjjb4hv8bft+idpqocx1wjosbfhh2xssxeiyn3uli\/6mnree07uiwjev8ueowds88ly97kqytlijkktuybbruayvh5wohixmpi5we58ek028czwyuqdlkpg1bkb4nnm+veanfhqn1k4+gpt6ugqcvu2h2ovuif\/gwufyy8owepdyzsa3avcqpvovvzzz2vtnn2wu8qzvjddeto90gsy9mvlqtgysy231mxry6i2ggqjrty0l8fxcxfcbbhwrsyyaaaaaelftksuqmcc); display: block; height: 44px; margin: 0 auto -44px; position: relative; top: -22px; width: 44px;\">&nbsp;<\/div>\n<\/div>\n<p style=\"color: #c9c8cd; font-family: Arial,sans-serif; font-size: 14px; line-height: 17px; margin-bottom: 0; margin-top: 8px; overflow: hidden; padding: 8px 0 7px; text-align: center; text-overflow: ellipsis; white-space: nowrap;\"><a style=\"color: #c9c8cd; font-family: Arial,sans-serif; font-size: 14px; font-style: normal; font-weight: normal; line-height: 17px; text-decoration: none;\" href=\"https:\/\/www.instagram.com\/p\/BgFFaXvHr4x\/\" target=\"_blank\" rel=\"noopener\">A post shared by Sen2figueroa (@sen2figueroa)<\/a> on <time style=\"font-family: Arial,sans-serif; font-size: 14px; line-height: 17px;\" datetime=\"2018-03-08T22:47:48+00:00\">Mar 8, 2018 at 2:47pm PST<\/time><\/p>\n<\/div><\/blockquote>\n\n\n<div class=\"wp-block-image\">\n<figure class=\"alignleft is-resized\"><img loading=\"lazy\" decoding=\"async\" src=\"https:\/\/i0.wp.com\/casadecampoliving-wp.s3-accelerate.amazonaws.com\/2018\/03\/pg-1-757x1024.jpg?resize=369%2C500&amp;ssl=1\" alt=\"\" class=\"wp-image-156299\" height=\"500\" width=\"369\" srcset=\"https:\/\/i0.wp.com\/casadecampoliving.com\/wp-content\/uploads\/2018\/03\/pg-1.jpg?resize=757%2C1024&amp;ssl=1 757w, https:\/\/i0.wp.com\/casadecampoliving.com\/wp-content\/uploads\/2018\/03\/pg-1.jpg?resize=222%2C300&amp;ssl=1 222w, https:\/\/i0.wp.com\/casadecampoliving.com\/wp-content\/uploads\/2018\/03\/pg-1.jpg?resize=768%2C1039&amp;ssl=1 768w, https:\/\/i0.wp.com\/casadecampoliving.com\/wp-content\/uploads\/pg-1.jpg?w=2000&amp;ssl=1 2000w, https:\/\/i0.wp.com\/casadecampoliving-wp.s3-accelerate.amazonaws.com\/2018\/03\/pg-1-757x1024.jpg?w=370 370w, https:\/\/i0.wp.com\/casadecampoliving-wp.s3-accelerate.amazonaws.com\/2018\/03\/pg-1-757x1024.jpg?w=400 400w\" sizes=\"auto, (max-width: 369px) 100vw, 369px\" \/><\/figure>\n<\/div>\n\n\n<p><script async=\"\" defer=\"\" src=\"\/\/www.instagram.com\/embed.js\"><\/script><br>\n<span style=\"font-weight: 400;\">Sen2, trae de los muros de la Gran Manzana (EE. UU.) a la ex\u00f3tica Marina de Casa de Campo, un conjunto de piezas que poseen una combinaci\u00f3n de estilos de letras gr\u00e1ficas con elementos tridimensionales, im\u00e1genes de arte pop y t\u00e9cnicas de arte abstracto.&nbsp;<\/span><span style=\"font-weight: 400;\">El c\u00f3ctel de apertura de la <\/span>exposici\u00f3n<span style=\"font-weight: 400;\"> &nbsp;se realizar\u00e1 de 7:30 a 9:30 de la noche, en el local de ERH Marine ubicado en la calle Paseo del Mar, n\u00famero 06, en la Marina de Casa de Campo en La Romana.<\/span><\/p>\n\n\n\n<p><span style=\"font-weight: 400;\">Sandro Figueroa es tra\u00eddo a Casa de Campo a cargo de la empresa Smith &amp; Watson Fine Furnishings en Nueva York. Una empresa desde 1907, adquirida por la familia Landa en el a\u00f1o 2015, Smith &amp; Watson mantiene su legado. Produciendo muebles de alta categor\u00eda en el mercado internacional bajo la nueva directiva y colaborando con artistas ha tra\u00eddo mucha atenci\u00f3n al mundo del dise\u00f1o. El enlace entre un artista de pop y un mueble tradicional abre el camino para nuevas expectativos en el mundo de arte y decoraci\u00f3n.<\/span><\/p>\n\n\n\n<p><span style=\"font-weight: 400;\">\u201cDe otra Manera\u201d estar\u00e1 abierta al p\u00fablico desde el martes 27 al s\u00e1bado 31 de marzo de este a\u00f1o 2018, en horario de 2:00 de la tarde a 9:30 de la noche.&nbsp;<\/span><span style=\"font-weight: 400;\">El evento es auspiciado por ERH MARINE, Vespa, Banco L\u00f3pez de Haro, y Casa de Campo Resort &amp; Villas.<\/span><\/p>\n\n\n\n<p><span style=\"font-weight: 400;\">Un detalle a resaltar es que un porcentaje de las ventas que se produzcan en la <\/span>exposici\u00f3n<span style=\"font-weight: 400;\">, ser\u00e1 donado al Hogar del Ni\u00f1o, organizaci\u00f3n sin fines de lucro que se dedica a socorrer a los ni\u00f1os m\u00e1s necesitados en La Romana y comunidades cercanas.<\/span><\/p>\n\n\n\n<blockquote><p><strong>Sen2&nbsp; \u201cDe otra Manera\u201d&nbsp;<\/strong><\/p><figure><img decoding=\"async\" loading=\"lazy\" class=\"aligncenter wp-image-156302 size-large\" src=\"https:\/\/i0.wp.com\/casadecampoliving-wp.s3-accelerate.amazonaws.com\/2018\/03\/Sen-2-flyer_SPA-663x1024.jpg?resize=620%2C958&amp;ssl=1\" alt=\"\" width=\"620\" height=\"958\" srcset=\"https:\/\/i0.wp.com\/casadecampoliving.com\/wp-content\/uploads\/2018\/03\/Sen-2-flyer_SPA.jpg?resize=663%2C1024&amp;ssl=1 663w, https:\/\/i0.wp.com\/casadecampoliving.com\/wp-content\/uploads\/2018\/03\/Sen-2-flyer_SPA.jpg?resize=194%2C300&amp;ssl=1 194w, https:\/\/i0.wp.com\/casadecampoliving.com\/wp-content\/uploads\/2018\/03\/Sen-2-flyer_SPA.jpg?resize=768%2C1187&amp;ssl=1 768w, https:\/\/i0.wp.com\/casadecampoliving.com\/wp-content\/uploads\/2018\/03\/Sen-2-flyer_SPA.jpg?w=1650&amp;ssl=1 1650w\" sizes=\"auto, (max-width: 620px) 100vw, 620px\"><\/figure><p><strong>D\u00f3nde:&nbsp;<span style=\"font-weight: 400;\">ERH Marine, Paseo del Mar, n\u00famero 06, Marina de Casa de Campo<\/span><\/strong><\/p><p><strong>Cu\u00e1ndo:<\/strong>&nbsp; M<span style=\"font-weight: 400;\">artes 27 de marzo,&nbsp;<\/span><span style=\"font-weight: 400;\">7:30 a 9:30pm<\/span><\/p><p><em><span style=\"font-weight: 400;\">\u201cDe otra Manera\u201d estar\u00e1 abierta al p\u00fablico desde el martes 27 al s\u00e1bado 31 de marzo de este a\u00f1o 2018, en horario de 2:00 de la tarde a 9:30 de la noche<\/span><\/em><\/p><\/blockquote>\n","protected":false},"excerpt":{"rendered":"<p>El pr\u00f3ximo mi\u00e9rcoles 28 de marzo se llevar\u00e1 a cabo en La Marina de Casa de Campo la exposici\u00f3n de arte denominada \u201cDe otra Manera\u201d, a cargo del escritor y artista de grafiti puertorrique\u00f1o Sandro Figueroa Garc\u00eda, mejor conocido como Sen2.<\/p>\n","protected":false},"author":36682,"featured_media":0,"comment_status":"closed","ping_status":"closed","sticky":false,"template":"","format":"standard","meta":{"newspack_ads_suppress_ads":false,"newspack_popups_has_disabled_popups":false,"newspack_sponsor_sponsorship_scope":"","newspack_sponsor_native_byline_display":"inherit","newspack_sponsor_native_category_display":"inherit","newspack_sponsor_underwriter_style":"inherit","newspack_sponsor_underwriter_placement":"inherit","_newspack_byline_active":false,"_newspack_byline":"","newspack_hide_updated_date":false,"newspack_show_updated_date":false,"newspack_content_restriction_is_exempt":false,"newspack_featured_image_position":"","newspack_post_subtitle":"","newspack_article_summary_title":"Overview:","newspack_article_summary":"","_jetpack_memberships_contains_paid_content":false,"footnotes":"","jetpack_publicize_message":"","jetpack_publicize_feature_enabled":true,"jetpack_social_post_already_shared":false,"jetpack_social_options":{"image_generator_settings":{"template":"highway","default_image_id":0,"font":"","enabled":false},"version":2},"_wpas_customize_per_network":false},"categories":[26823,14631,2522,2514,2516,14627,2521,19622,2531],"tags":[14736,1926,22739,22736],"newspack_spnsrs_tax":[],"class_list":["post-352540","post","type-post","status-publish","format-standard","hentry","category-arte-y-cultura","category-estilo-de-vida","category-eventos-es","category-fundaciones-es","category-hogar-del-nino-es","category-proximamente","category-republica-dominicana-2","category-video-es-2","category-video-es","tag-featured-topview-es","tag-new-york","tag-sandro-figueroa-garcia","tag-sen2","entry"],"yoast_head":"<!-- This site is optimized with the Yoast SEO plugin v27.5 - https:\/\/yoast.com\/product\/yoast-seo-wordpress\/ -->\n<title>Grafitis, piezas de arte pop y abstracto se mezclar\u00e1n \u201cDe otra Manera\u201d | Casa de Campo Living<\/title>\n<meta name=\"description\" content=\"El pr\u00f3ximo mi\u00e9rcoles 28 de marzo se llevar\u00e1 a cabo en La Marina de Casa de Campo la exposici\u00f3n de arte denominada \u201cDe otra Manera\u201d, a cargo del escritor y\" \/>\n<meta name=\"robots\" content=\"index, follow, max-snippet:-1, max-image-preview:large, max-video-preview:-1\" \/>\n<link rel=\"canonical\" href=\"https:\/\/casadecampoliving.com\/es\/grafitis-piezas-de-arte-pop-y-abstracto-se-mezclaran-de-otra-manera\/\" \/>\n<meta property=\"og:locale\" content=\"es_ES\" \/>\n<meta property=\"og:type\" content=\"article\" \/>\n<meta property=\"og:title\" content=\"Grafitis, piezas de arte pop y abstracto se mezclar\u00e1n \u201cDe otra Manera\u201d | Casa de Campo Living\" \/>\n<meta property=\"og:description\" content=\"El pr\u00f3ximo mi\u00e9rcoles 28 de marzo se llevar\u00e1 a cabo en La Marina de Casa de Campo la exposici\u00f3n de arte denominada \u201cDe otra Manera\u201d, a cargo del escritor y\" \/>\n<meta property=\"og:url\" content=\"https:\/\/casadecampoliving.com\/es\/grafitis-piezas-de-arte-pop-y-abstracto-se-mezclaran-de-otra-manera\/\" \/>\n<meta property=\"og:site_name\" content=\"Casa de Campo Living\" \/>\n<meta property=\"article:publisher\" content=\"https:\/\/www.facebook.com\/casadecampoliving\" \/>\n<meta property=\"article:published_time\" content=\"2018-03-22T04:00:00+00:00\" \/>\n<meta property=\"article:modified_time\" content=\"2022-10-21T23:03:38+00:00\" \/>\n<meta property=\"og:image\" content=\"https:\/\/i0.wp.com\/casadecampoliving-wp.s3-accelerate.amazonaws.com\/2018\/03\/pg-1-757x1024.jpg?resize=369%2C500&amp;ssl=1\" \/>\n<meta name=\"author\" content=\"Marlenys Guzm\u00e1n Casta\u00f1os\" \/>\n<meta name=\"twitter:card\" content=\"summary_large_image\" \/>\n<meta name=\"twitter:creator\" content=\"@cdcliving\" \/>\n<meta name=\"twitter:site\" content=\"@cdcliving\" \/>\n<meta name=\"twitter:label1\" content=\"Escrito por\" \/>\n\t<meta name=\"twitter:data1\" content=\"Marlenys Guzm\u00e1n Casta\u00f1os\" \/>\n\t<meta name=\"twitter:label2\" content=\"Tiempo de lectura\" \/>\n\t<meta name=\"twitter:data2\" content=\"3 minutos\" \/>\n<script type=\"application\/ld+json\" class=\"yoast-schema-graph\">{\"@context\":\"https:\\\/\\\/schema.org\",\"@graph\":[{\"@type\":\"Article\",\"@id\":\"https:\\\/\\\/casadecampoliving.com\\\/es\\\/grafitis-piezas-de-arte-pop-y-abstracto-se-mezclaran-de-otra-manera\\\/#article\",\"isPartOf\":{\"@id\":\"https:\\\/\\\/casadecampoliving.com\\\/es\\\/grafitis-piezas-de-arte-pop-y-abstracto-se-mezclaran-de-otra-manera\\\/\"},\"author\":{\"name\":\"Marlenys Guzm\u00e1n Casta\u00f1os\",\"@id\":\"https:\\\/\\\/casadecampoliving.com\\\/es\\\/#\\\/schema\\\/person\\\/b6606bd87f9cec8f5903e2141cafda24\"},\"headline\":\"Grafitis, piezas de arte pop y abstracto se mezclar\u00e1n \u201cDe otra Manera\u201d\",\"datePublished\":\"2018-03-22T04:00:00+00:00\",\"dateModified\":\"2022-10-21T23:03:38+00:00\",\"mainEntityOfPage\":{\"@id\":\"https:\\\/\\\/casadecampoliving.com\\\/es\\\/grafitis-piezas-de-arte-pop-y-abstracto-se-mezclaran-de-otra-manera\\\/\"},\"wordCount\":568,\"publisher\":{\"@id\":\"https:\\\/\\\/casadecampoliving.com\\\/es\\\/#organization\"},\"image\":{\"@id\":\"https:\\\/\\\/casadecampoliving.com\\\/es\\\/grafitis-piezas-de-arte-pop-y-abstracto-se-mezclaran-de-otra-manera\\\/#primaryimage\"},\"thumbnailUrl\":\"https:\\\/\\\/i0.wp.com\\\/casadecampoliving-wp.s3-accelerate.amazonaws.com\\\/2018\\\/03\\\/pg-1-757x1024.jpg?resize=369%2C500&amp;ssl=1\",\"keywords\":[\"Featured-TopView @es\",\"New York\",\"Sandro Figueroa Garc\u00eda\",\"sen2\"],\"articleSection\":[\"Arte y cultura\",\"Estilo de Vida\",\"Eventos\",\"Fundaciones\",\"Hogar del Ni\u00f1o @es\",\"Proximamente\",\"Rep\u00fablica Dominicana @es\",\"Video\",\"Video @es\"],\"inLanguage\":\"es\"},{\"@type\":\"WebPage\",\"@id\":\"https:\\\/\\\/casadecampoliving.com\\\/es\\\/grafitis-piezas-de-arte-pop-y-abstracto-se-mezclaran-de-otra-manera\\\/\",\"url\":\"https:\\\/\\\/casadecampoliving.com\\\/es\\\/grafitis-piezas-de-arte-pop-y-abstracto-se-mezclaran-de-otra-manera\\\/\",\"name\":\"Grafitis, piezas de arte pop y abstracto se mezclar\u00e1n \u201cDe otra Manera\u201d | Casa de Campo Living\",\"isPartOf\":{\"@id\":\"https:\\\/\\\/casadecampoliving.com\\\/es\\\/#website\"},\"primaryImageOfPage\":{\"@id\":\"https:\\\/\\\/casadecampoliving.com\\\/es\\\/grafitis-piezas-de-arte-pop-y-abstracto-se-mezclaran-de-otra-manera\\\/#primaryimage\"},\"image\":{\"@id\":\"https:\\\/\\\/casadecampoliving.com\\\/es\\\/grafitis-piezas-de-arte-pop-y-abstracto-se-mezclaran-de-otra-manera\\\/#primaryimage\"},\"thumbnailUrl\":\"https:\\\/\\\/i0.wp.com\\\/casadecampoliving-wp.s3-accelerate.amazonaws.com\\\/2018\\\/03\\\/pg-1-757x1024.jpg?resize=369%2C500&amp;ssl=1\",\"datePublished\":\"2018-03-22T04:00:00+00:00\",\"dateModified\":\"2022-10-21T23:03:38+00:00\",\"description\":\"El pr\u00f3ximo mi\u00e9rcoles 28 de marzo se llevar\u00e1 a cabo en La Marina de Casa de Campo la exposici\u00f3n de arte denominada \u201cDe otra Manera\u201d, a cargo del escritor y\",\"breadcrumb\":{\"@id\":\"https:\\\/\\\/casadecampoliving.com\\\/es\\\/grafitis-piezas-de-arte-pop-y-abstracto-se-mezclaran-de-otra-manera\\\/#breadcrumb\"},\"inLanguage\":\"es\",\"potentialAction\":[{\"@type\":\"ReadAction\",\"target\":[\"https:\\\/\\\/casadecampoliving.com\\\/es\\\/grafitis-piezas-de-arte-pop-y-abstracto-se-mezclaran-de-otra-manera\\\/\"]}]},{\"@type\":\"ImageObject\",\"inLanguage\":\"es\",\"@id\":\"https:\\\/\\\/casadecampoliving.com\\\/es\\\/grafitis-piezas-de-arte-pop-y-abstracto-se-mezclaran-de-otra-manera\\\/#primaryimage\",\"url\":\"https:\\\/\\\/i0.wp.com\\\/casadecampoliving-wp.s3-accelerate.amazonaws.com\\\/2018\\\/03\\\/pg-1-757x1024.jpg?resize=369%2C500&amp;ssl=1\",\"contentUrl\":\"https:\\\/\\\/i0.wp.com\\\/casadecampoliving-wp.s3-accelerate.amazonaws.com\\\/2018\\\/03\\\/pg-1-757x1024.jpg?resize=369%2C500&amp;ssl=1\"},{\"@type\":\"BreadcrumbList\",\"@id\":\"https:\\\/\\\/casadecampoliving.com\\\/es\\\/grafitis-piezas-de-arte-pop-y-abstracto-se-mezclaran-de-otra-manera\\\/#breadcrumb\",\"itemListElement\":[{\"@type\":\"ListItem\",\"position\":1,\"name\":\"Home\",\"item\":\"https:\\\/\\\/casadecampoliving.com\\\/es\\\/\"},{\"@type\":\"ListItem\",\"position\":2,\"name\":\"Grafitis, piezas de arte pop y abstracto se mezclar\u00e1n \u201cDe otra Manera\u201d\"}]},{\"@type\":\"WebSite\",\"@id\":\"https:\\\/\\\/casadecampoliving.com\\\/es\\\/#website\",\"url\":\"https:\\\/\\\/casadecampoliving.com\\\/es\\\/\",\"name\":\"Casa de Campo Living\",\"description\":\"Resort community news and resources.\",\"publisher\":{\"@id\":\"https:\\\/\\\/casadecampoliving.com\\\/es\\\/#organization\"},\"potentialAction\":[{\"@type\":\"SearchAction\",\"target\":{\"@type\":\"EntryPoint\",\"urlTemplate\":\"https:\\\/\\\/casadecampoliving.com\\\/es\\\/?s={search_term_string}\"},\"query-input\":{\"@type\":\"PropertyValueSpecification\",\"valueRequired\":true,\"valueName\":\"search_term_string\"}}],\"inLanguage\":\"es\"},{\"@type\":\"Organization\",\"@id\":\"https:\\\/\\\/casadecampoliving.com\\\/es\\\/#organization\",\"name\":\"Casa de Campo Living\",\"url\":\"https:\\\/\\\/casadecampoliving.com\\\/es\\\/\",\"logo\":{\"@type\":\"ImageObject\",\"inLanguage\":\"es\",\"@id\":\"https:\\\/\\\/casadecampoliving.com\\\/es\\\/#\\\/schema\\\/logo\\\/image\\\/\",\"url\":\"https:\\\/\\\/i0.wp.com\\\/casadecampoliving.com\\\/wp-content\\\/uploads\\\/2022\\\/07\\\/CDCLivingLogo_V1-white-sized.png?fit=800%2C214&ssl=1\",\"contentUrl\":\"https:\\\/\\\/i0.wp.com\\\/casadecampoliving.com\\\/wp-content\\\/uploads\\\/2022\\\/07\\\/CDCLivingLogo_V1-white-sized.png?fit=800%2C214&ssl=1\",\"width\":800,\"height\":214,\"caption\":\"Casa de Campo Living\"},\"image\":{\"@id\":\"https:\\\/\\\/casadecampoliving.com\\\/es\\\/#\\\/schema\\\/logo\\\/image\\\/\"},\"sameAs\":[\"https:\\\/\\\/www.facebook.com\\\/casadecampoliving\",\"https:\\\/\\\/x.com\\\/cdcliving\"]},{\"@type\":\"Person\",\"@id\":\"https:\\\/\\\/casadecampoliving.com\\\/es\\\/#\\\/schema\\\/person\\\/b6606bd87f9cec8f5903e2141cafda24\",\"name\":\"Marlenys Guzm\u00e1n Casta\u00f1os\",\"image\":{\"@type\":\"ImageObject\",\"inLanguage\":\"es\",\"@id\":\"https:\\\/\\\/secure.gravatar.com\\\/avatar\\\/72f3f86b8e6b3ec744201aeadf11d4a6055e8af194aecd9ad30ffff4437878ee?s=96&d=mm&r=g\",\"url\":\"https:\\\/\\\/secure.gravatar.com\\\/avatar\\\/72f3f86b8e6b3ec744201aeadf11d4a6055e8af194aecd9ad30ffff4437878ee?s=96&d=mm&r=g\",\"contentUrl\":\"https:\\\/\\\/secure.gravatar.com\\\/avatar\\\/72f3f86b8e6b3ec744201aeadf11d4a6055e8af194aecd9ad30ffff4437878ee?s=96&d=mm&r=g\",\"caption\":\"Marlenys Guzm\u00e1n Casta\u00f1os\"},\"url\":\"https:\\\/\\\/casadecampoliving.com\\\/es\\\/author\\\/mguzman\\\/\"}]}<\/script>\n<!-- \/ Yoast SEO plugin. -->","yoast_head_json":{"title":"Grafitis, piezas de arte pop y abstracto se mezclar\u00e1n \u201cDe otra Manera\u201d | Casa de Campo Living","description":"El pr\u00f3ximo mi\u00e9rcoles 28 de marzo se llevar\u00e1 a cabo en La Marina de Casa de Campo la exposici\u00f3n de arte denominada \u201cDe otra Manera\u201d, a cargo del escritor y","robots":{"index":"index","follow":"follow","max-snippet":"max-snippet:-1","max-image-preview":"max-image-preview:large","max-video-preview":"max-video-preview:-1"},"canonical":"https:\/\/casadecampoliving.com\/es\/grafitis-piezas-de-arte-pop-y-abstracto-se-mezclaran-de-otra-manera\/","og_locale":"es_ES","og_type":"article","og_title":"Grafitis, piezas de arte pop y abstracto se mezclar\u00e1n \u201cDe otra Manera\u201d | Casa de Campo Living","og_description":"El pr\u00f3ximo mi\u00e9rcoles 28 de marzo se llevar\u00e1 a cabo en La Marina de Casa de Campo la exposici\u00f3n de arte denominada \u201cDe otra Manera\u201d, a cargo del escritor y","og_url":"https:\/\/casadecampoliving.com\/es\/grafitis-piezas-de-arte-pop-y-abstracto-se-mezclaran-de-otra-manera\/","og_site_name":"Casa de Campo Living","article_publisher":"https:\/\/www.facebook.com\/casadecampoliving","article_published_time":"2018-03-22T04:00:00+00:00","article_modified_time":"2022-10-21T23:03:38+00:00","og_image":[{"url":"https:\/\/i0.wp.com\/casadecampoliving-wp.s3-accelerate.amazonaws.com\/2018\/03\/pg-1-757x1024.jpg?resize=369%2C500&amp;ssl=1","type":"","width":"","height":""}],"author":"Marlenys Guzm\u00e1n Casta\u00f1os","twitter_card":"summary_large_image","twitter_creator":"@cdcliving","twitter_site":"@cdcliving","twitter_misc":{"Escrito por":"Marlenys Guzm\u00e1n Casta\u00f1os","Tiempo de lectura":"3 minutos"},"schema":{"@context":"https:\/\/schema.org","@graph":[{"@type":"Article","@id":"https:\/\/casadecampoliving.com\/es\/grafitis-piezas-de-arte-pop-y-abstracto-se-mezclaran-de-otra-manera\/#article","isPartOf":{"@id":"https:\/\/casadecampoliving.com\/es\/grafitis-piezas-de-arte-pop-y-abstracto-se-mezclaran-de-otra-manera\/"},"author":{"name":"Marlenys Guzm\u00e1n Casta\u00f1os","@id":"https:\/\/casadecampoliving.com\/es\/#\/schema\/person\/b6606bd87f9cec8f5903e2141cafda24"},"headline":"Grafitis, piezas de arte pop y abstracto se mezclar\u00e1n \u201cDe otra Manera\u201d","datePublished":"2018-03-22T04:00:00+00:00","dateModified":"2022-10-21T23:03:38+00:00","mainEntityOfPage":{"@id":"https:\/\/casadecampoliving.com\/es\/grafitis-piezas-de-arte-pop-y-abstracto-se-mezclaran-de-otra-manera\/"},"wordCount":568,"publisher":{"@id":"https:\/\/casadecampoliving.com\/es\/#organization"},"image":{"@id":"https:\/\/casadecampoliving.com\/es\/grafitis-piezas-de-arte-pop-y-abstracto-se-mezclaran-de-otra-manera\/#primaryimage"},"thumbnailUrl":"https:\/\/i0.wp.com\/casadecampoliving-wp.s3-accelerate.amazonaws.com\/2018\/03\/pg-1-757x1024.jpg?resize=369%2C500&amp;ssl=1","keywords":["Featured-TopView @es","New York","Sandro Figueroa Garc\u00eda","sen2"],"articleSection":["Arte y cultura","Estilo de Vida","Eventos","Fundaciones","Hogar del Ni\u00f1o @es","Proximamente","Rep\u00fablica Dominicana @es","Video","Video @es"],"inLanguage":"es"},{"@type":"WebPage","@id":"https:\/\/casadecampoliving.com\/es\/grafitis-piezas-de-arte-pop-y-abstracto-se-mezclaran-de-otra-manera\/","url":"https:\/\/casadecampoliving.com\/es\/grafitis-piezas-de-arte-pop-y-abstracto-se-mezclaran-de-otra-manera\/","name":"Grafitis, piezas de arte pop y abstracto se mezclar\u00e1n \u201cDe otra Manera\u201d | Casa de Campo Living","isPartOf":{"@id":"https:\/\/casadecampoliving.com\/es\/#website"},"primaryImageOfPage":{"@id":"https:\/\/casadecampoliving.com\/es\/grafitis-piezas-de-arte-pop-y-abstracto-se-mezclaran-de-otra-manera\/#primaryimage"},"image":{"@id":"https:\/\/casadecampoliving.com\/es\/grafitis-piezas-de-arte-pop-y-abstracto-se-mezclaran-de-otra-manera\/#primaryimage"},"thumbnailUrl":"https:\/\/i0.wp.com\/casadecampoliving-wp.s3-accelerate.amazonaws.com\/2018\/03\/pg-1-757x1024.jpg?resize=369%2C500&amp;ssl=1","datePublished":"2018-03-22T04:00:00+00:00","dateModified":"2022-10-21T23:03:38+00:00","description":"El pr\u00f3ximo mi\u00e9rcoles 28 de marzo se llevar\u00e1 a cabo en La Marina de Casa de Campo la exposici\u00f3n de arte denominada \u201cDe otra Manera\u201d, a cargo del escritor y","breadcrumb":{"@id":"https:\/\/casadecampoliving.com\/es\/grafitis-piezas-de-arte-pop-y-abstracto-se-mezclaran-de-otra-manera\/#breadcrumb"},"inLanguage":"es","potentialAction":[{"@type":"ReadAction","target":["https:\/\/casadecampoliving.com\/es\/grafitis-piezas-de-arte-pop-y-abstracto-se-mezclaran-de-otra-manera\/"]}]},{"@type":"ImageObject","inLanguage":"es","@id":"https:\/\/casadecampoliving.com\/es\/grafitis-piezas-de-arte-pop-y-abstracto-se-mezclaran-de-otra-manera\/#primaryimage","url":"https:\/\/i0.wp.com\/casadecampoliving-wp.s3-accelerate.amazonaws.com\/2018\/03\/pg-1-757x1024.jpg?resize=369%2C500&amp;ssl=1","contentUrl":"https:\/\/i0.wp.com\/casadecampoliving-wp.s3-accelerate.amazonaws.com\/2018\/03\/pg-1-757x1024.jpg?resize=369%2C500&amp;ssl=1"},{"@type":"BreadcrumbList","@id":"https:\/\/casadecampoliving.com\/es\/grafitis-piezas-de-arte-pop-y-abstracto-se-mezclaran-de-otra-manera\/#breadcrumb","itemListElement":[{"@type":"ListItem","position":1,"name":"Home","item":"https:\/\/casadecampoliving.com\/es\/"},{"@type":"ListItem","position":2,"name":"Grafitis, piezas de arte pop y abstracto se mezclar\u00e1n \u201cDe otra Manera\u201d"}]},{"@type":"WebSite","@id":"https:\/\/casadecampoliving.com\/es\/#website","url":"https:\/\/casadecampoliving.com\/es\/","name":"Casa de Campo Living","description":"Resort community news and resources.","publisher":{"@id":"https:\/\/casadecampoliving.com\/es\/#organization"},"potentialAction":[{"@type":"SearchAction","target":{"@type":"EntryPoint","urlTemplate":"https:\/\/casadecampoliving.com\/es\/?s={search_term_string}"},"query-input":{"@type":"PropertyValueSpecification","valueRequired":true,"valueName":"search_term_string"}}],"inLanguage":"es"},{"@type":"Organization","@id":"https:\/\/casadecampoliving.com\/es\/#organization","name":"Casa de Campo Living","url":"https:\/\/casadecampoliving.com\/es\/","logo":{"@type":"ImageObject","inLanguage":"es","@id":"https:\/\/casadecampoliving.com\/es\/#\/schema\/logo\/image\/","url":"https:\/\/i0.wp.com\/casadecampoliving.com\/wp-content\/uploads\/2022\/07\/CDCLivingLogo_V1-white-sized.png?fit=800%2C214&ssl=1","contentUrl":"https:\/\/i0.wp.com\/casadecampoliving.com\/wp-content\/uploads\/2022\/07\/CDCLivingLogo_V1-white-sized.png?fit=800%2C214&ssl=1","width":800,"height":214,"caption":"Casa de Campo Living"},"image":{"@id":"https:\/\/casadecampoliving.com\/es\/#\/schema\/logo\/image\/"},"sameAs":["https:\/\/www.facebook.com\/casadecampoliving","https:\/\/x.com\/cdcliving"]},{"@type":"Person","@id":"https:\/\/casadecampoliving.com\/es\/#\/schema\/person\/b6606bd87f9cec8f5903e2141cafda24","name":"Marlenys Guzm\u00e1n Casta\u00f1os","image":{"@type":"ImageObject","inLanguage":"es","@id":"https:\/\/secure.gravatar.com\/avatar\/72f3f86b8e6b3ec744201aeadf11d4a6055e8af194aecd9ad30ffff4437878ee?s=96&d=mm&r=g","url":"https:\/\/secure.gravatar.com\/avatar\/72f3f86b8e6b3ec744201aeadf11d4a6055e8af194aecd9ad30ffff4437878ee?s=96&d=mm&r=g","contentUrl":"https:\/\/secure.gravatar.com\/avatar\/72f3f86b8e6b3ec744201aeadf11d4a6055e8af194aecd9ad30ffff4437878ee?s=96&d=mm&r=g","caption":"Marlenys Guzm\u00e1n Casta\u00f1os"},"url":"https:\/\/casadecampoliving.com\/es\/author\/mguzman\/"}]}},"parsely":{"version":"1.1.0","canonical_url":"https:\/\/casadecampoliving.com\/es\/grafitis-piezas-de-arte-pop-y-abstracto-se-mezclaran-de-otra-manera\/","smart_links":{"inbound":0,"outbound":0},"traffic_boost_suggestions_count":0,"meta":{"@context":"https:\/\/schema.org","@type":"NewsArticle","headline":"Grafitis, piezas de arte pop y abstracto se mezclar\u00e1n \u201cDe otra Manera\u201d","url":"http:\/\/casadecampoliving.com\/es\/grafitis-piezas-de-arte-pop-y-abstracto-se-mezclaran-de-otra-manera\/","mainEntityOfPage":{"@type":"WebPage","@id":"http:\/\/casadecampoliving.com\/es\/grafitis-piezas-de-arte-pop-y-abstracto-se-mezclaran-de-otra-manera\/"},"thumbnailUrl":"","image":{"@type":"ImageObject","url":""},"articleSection":"Arte y cultura","author":[{"@type":"Person","name":"Marlenys Guzm\u00e1n Casta\u00f1os"}],"creator":["Marlenys Guzm\u00e1n Casta\u00f1os"],"publisher":{"@type":"Organization","name":"Casa de Campo Living","logo":"https:\/\/casadecampoliving.com\/wp-content\/uploads\/2022\/07\/CDCLivingLogo_V1-white-sized.png"},"keywords":["featured-topview @es","new york","sandro figueroa garc\u00eda","sen2"],"dateCreated":"2018-03-22T04:00:00Z","datePublished":"2018-03-22T04:00:00Z","dateModified":"2022-10-21T23:03:38Z"},"rendered":"<script type=\"application\/ld+json\" class=\"wp-parsely-metadata\">{\"@context\":\"https:\\\/\\\/schema.org\",\"@type\":\"NewsArticle\",\"headline\":\"Grafitis, piezas de arte pop y abstracto se mezclar\\u00e1n \\u201cDe otra Manera\\u201d\",\"url\":\"http:\\\/\\\/casadecampoliving.com\\\/es\\\/grafitis-piezas-de-arte-pop-y-abstracto-se-mezclaran-de-otra-manera\\\/\",\"mainEntityOfPage\":{\"@type\":\"WebPage\",\"@id\":\"http:\\\/\\\/casadecampoliving.com\\\/es\\\/grafitis-piezas-de-arte-pop-y-abstracto-se-mezclaran-de-otra-manera\\\/\"},\"thumbnailUrl\":\"\",\"image\":{\"@type\":\"ImageObject\",\"url\":\"\"},\"articleSection\":\"Arte y cultura\",\"author\":[{\"@type\":\"Person\",\"name\":\"Marlenys Guzm\\u00e1n Casta\\u00f1os\"}],\"creator\":[\"Marlenys Guzm\\u00e1n Casta\\u00f1os\"],\"publisher\":{\"@type\":\"Organization\",\"name\":\"Casa de Campo Living\",\"logo\":\"https:\\\/\\\/casadecampoliving.com\\\/wp-content\\\/uploads\\\/2022\\\/07\\\/CDCLivingLogo_V1-white-sized.png\"},\"keywords\":[\"featured-topview @es\",\"new york\",\"sandro figueroa garc\\u00eda\",\"sen2\"],\"dateCreated\":\"2018-03-22T04:00:00Z\",\"datePublished\":\"2018-03-22T04:00:00Z\",\"dateModified\":\"2022-10-21T23:03:38Z\"}<\/script>","tracker_url":"https:\/\/cdn.parsely.com\/keys\/casadecampoliving.com\/p.js"},"jetpack_publicize_connections":[],"jetpack_featured_media_url":"","jetpack-related-posts":[{"id":330048,"url":"https:\/\/casadecampoliving.com\/graffiti-pop-abstract-pieces-art-mixed-de-otra-manera\/","url_meta":{"origin":352540,"position":0},"title":"Graffiti, pop and abstract pieces of art mixed \u00abDe Otra Manera\u00bb","author":"Marlenys Guzm\u00e1n Casta\u00f1os","date":"22 Mar, 2018","format":false,"excerpt":"On Wednesday, March 28th La Marina Casa de Campo will be hosting the art exhibition\u00a0\u201cDe Otra Manera\u201d by the Puerto Rican writer and graffiti artist Sandro Figueroa Garc\u00eda, better known as Sen2. Sen2 or Sandro Figueroa Garc\u00eda born in Puerto Rico in 1969 grew up in Canteras a tough neighborhood\u2026","rel":"","context":"En \u00abArt and Culture\u00bb","block_context":{"text":"Art and Culture","link":"https:\/\/casadecampoliving.com\/category\/art-and-culture\/"},"img":{"alt_text":"","src":"https:\/\/i0.wp.com\/casadecampoliving.com\/wp-content\/uploads\/2018\/03\/pg-1.jpg?resize=350%2C200&ssl=1","width":350,"height":200,"srcset":"https:\/\/i0.wp.com\/casadecampoliving.com\/wp-content\/uploads\/2018\/03\/pg-1.jpg?resize=350%2C200&ssl=1 1x, https:\/\/i0.wp.com\/casadecampoliving.com\/wp-content\/uploads\/2018\/03\/pg-1.jpg?resize=525%2C300&ssl=1 1.5x, https:\/\/i0.wp.com\/casadecampoliving.com\/wp-content\/uploads\/2018\/03\/pg-1.jpg?resize=700%2C400&ssl=1 2x, https:\/\/i0.wp.com\/casadecampoliving.com\/wp-content\/uploads\/2018\/03\/pg-1.jpg?resize=1050%2C600&ssl=1 3x, https:\/\/i0.wp.com\/casadecampoliving.com\/wp-content\/uploads\/2018\/03\/pg-1.jpg?resize=1400%2C800&ssl=1 4x"},"classes":[]},{"id":330064,"url":"https:\/\/casadecampoliving.com\/de-otra-manera-exhibit-by-sen2\/","url_meta":{"origin":352540,"position":1},"title":"\u00abDe Otra Manera\u00bb exhibit by Sen2","author":"Gallagher Foxworthy","date":"2 Abr, 2018","format":false,"excerpt":"Strolling along the Marina boardwalk, it was hard to miss the crowd gathered around ERH Marine last Wednesday evening, March 28th. Residents and tourists alike came to see the incredible pop-up gallery De Otra Manera by Puerto Rican artist Sandro Figueroa Garc\u00eda, famously known as Sen2. Sen2\u2019s style combines abstract\u2026","rel":"","context":"En \u00abArt and Culture\u00bb","block_context":{"text":"Art and Culture","link":"https:\/\/casadecampoliving.com\/category\/art-and-culture\/"},"img":{"alt_text":"Adriana Rego, Luz Barriola (2)","src":"https:\/\/i0.wp.com\/casadecampoliving.com\/wp-content\/uploads\/2022\/10\/Adriana-Rego-Luz-Barriola-2.jpg?resize=350%2C200","width":350,"height":200,"srcset":"https:\/\/i0.wp.com\/casadecampoliving.com\/wp-content\/uploads\/2022\/10\/Adriana-Rego-Luz-Barriola-2.jpg?resize=350%2C200 1x, https:\/\/i0.wp.com\/casadecampoliving.com\/wp-content\/uploads\/2022\/10\/Adriana-Rego-Luz-Barriola-2.jpg?resize=525%2C300 1.5x, https:\/\/i0.wp.com\/casadecampoliving.com\/wp-content\/uploads\/2022\/10\/Adriana-Rego-Luz-Barriola-2.jpg?resize=700%2C400 2x"},"classes":[]},{"id":352571,"url":"https:\/\/casadecampoliving.com\/es\/de-otra-manera-exhibit-sen2\/","url_meta":{"origin":352540,"position":2},"title":"Exposici\u00f3n \u00abDe Otra Manera\u00bb de Sen2","author":"Gallagher Foxworthy","date":"2 Abr, 2018","format":false,"excerpt":"Paseando por la Marina, la noche del mi\u00e9rcoles pasado, 28 de marzo no fue dif\u00edcil ver a la multitud reunida alrededor de ERH Marine. Los residentes y turistas por igual vinieron a ver la incre\u00edble galer\u00eda emergente \u201cDe Otra Manera\u201d del artista puertorrique\u00f1o Sandro Figueroa Garc\u00eda, conocido como Sen2. El\u2026","rel":"","context":"En \u00abArte y cultura\u00bb","block_context":{"text":"Arte y cultura","link":"https:\/\/casadecampoliving.com\/category\/arte-y-cultura\/"},"img":{"alt_text":"Adriana Rego, Luz Barriola (2)","src":"https:\/\/i0.wp.com\/casadecampoliving.com\/wp-content\/uploads\/2022\/10\/Adriana-Rego-Luz-Barriola-2.jpg?resize=350%2C200","width":350,"height":200,"srcset":"https:\/\/i0.wp.com\/casadecampoliving.com\/wp-content\/uploads\/2022\/10\/Adriana-Rego-Luz-Barriola-2.jpg?resize=350%2C200 1x, https:\/\/i0.wp.com\/casadecampoliving.com\/wp-content\/uploads\/2022\/10\/Adriana-Rego-Luz-Barriola-2.jpg?resize=525%2C300 1.5x, https:\/\/i0.wp.com\/casadecampoliving.com\/wp-content\/uploads\/2022\/10\/Adriana-Rego-Luz-Barriola-2.jpg?resize=700%2C400 2x"},"classes":[]},{"id":433460,"url":"https:\/\/casadecampoliving.com\/es\/no-se-pierdan-el-increible-tributo-a-frank-sinatra-para-celebrar-el-40-aniversario-del-anfiteatro-altos-de-chavon\/","url_meta":{"origin":352540,"position":3},"title":"No se pierdan el incre\u00edble tributo a Frank Sinatra para celebrar el 40 aniversario del\u00a0Anfiteatro Altos de Chav\u00f3n","author":"Casa de Campo Living","date":"20 Oct, 2022","format":false,"excerpt":"Siendo uno de los escenarios m\u00e1s emblem\u00e1ticos del pa\u00eds, Casa de Campo Resort\u00ae & Villas celebra las cuatro d\u00e9cadas de aniversario de Altos de Chav\u00f3n con un tributo al gran Frank Sinatra, protagonizado por artistas invitados y una big band tal cual la que acompa\u00f1\u00f3 al artista hace 40 a\u00f1os\u2026","rel":"","context":"En \u00abUncategorized @es\u00bb","block_context":{"text":"Uncategorized @es","link":"https:\/\/casadecampoliving.com\/es\/category\/uncategorized-es\/"},"img":{"alt_text":"","src":"https:\/\/i0.wp.com\/casadecampoliving.com\/wp-content\/uploads\/2022\/10\/Tributo-Frank-Sinatra-Foto-Principal-Amaury-Sanchez-Danilo-Ginebra-Andres-Pichardo-y-Jose-Gabriel-Perez-.jpg?fit=1200%2C873&ssl=1&resize=350%2C200","width":350,"height":200,"srcset":"https:\/\/i0.wp.com\/casadecampoliving.com\/wp-content\/uploads\/2022\/10\/Tributo-Frank-Sinatra-Foto-Principal-Amaury-Sanchez-Danilo-Ginebra-Andres-Pichardo-y-Jose-Gabriel-Perez-.jpg?fit=1200%2C873&ssl=1&resize=350%2C200 1x, https:\/\/i0.wp.com\/casadecampoliving.com\/wp-content\/uploads\/2022\/10\/Tributo-Frank-Sinatra-Foto-Principal-Amaury-Sanchez-Danilo-Ginebra-Andres-Pichardo-y-Jose-Gabriel-Perez-.jpg?fit=1200%2C873&ssl=1&resize=525%2C300 1.5x, https:\/\/i0.wp.com\/casadecampoliving.com\/wp-content\/uploads\/2022\/10\/Tributo-Frank-Sinatra-Foto-Principal-Amaury-Sanchez-Danilo-Ginebra-Andres-Pichardo-y-Jose-Gabriel-Perez-.jpg?fit=1200%2C873&ssl=1&resize=700%2C400 2x, https:\/\/i0.wp.com\/casadecampoliving.com\/wp-content\/uploads\/2022\/10\/Tributo-Frank-Sinatra-Foto-Principal-Amaury-Sanchez-Danilo-Ginebra-Andres-Pichardo-y-Jose-Gabriel-Perez-.jpg?fit=1200%2C873&ssl=1&resize=1050%2C600 3x"},"classes":[]},{"id":330054,"url":"https:\/\/casadecampoliving.com\/what-to-do-in-casa-this-semana-santa\/","url_meta":{"origin":352540,"position":4},"title":"What to do in Casa this Semana Santa!!","author":"Gallagher Foxworthy","date":"26 Mar, 2018","format":false,"excerpt":"Semana Santa is here! And per usual Casa style there are events and activities for everyone to enjoy the weekend to the fullest! We have broken down the weekend for you, with each days events to make sure you truly live up this holy week! Starting Thursday, there are excursions\u2026","rel":"","context":"En \u00abBeyond Casa\u00bb","block_context":{"text":"Beyond Casa","link":"https:\/\/casadecampoliving.com\/category\/beyond-casa\/"},"img":{"alt_text":"","src":"https:\/\/i0.wp.com\/casadecampoliving.com\/wp-content\/uploads\/2018\/03\/IMG_0624.jpg?resize=350%2C200&ssl=1","width":350,"height":200,"srcset":"https:\/\/i0.wp.com\/casadecampoliving.com\/wp-content\/uploads\/2018\/03\/IMG_0624.jpg?resize=350%2C200&ssl=1 1x, https:\/\/i0.wp.com\/casadecampoliving.com\/wp-content\/uploads\/2018\/03\/IMG_0624.jpg?resize=525%2C300&ssl=1 1.5x, https:\/\/i0.wp.com\/casadecampoliving.com\/wp-content\/uploads\/2018\/03\/IMG_0624.jpg?resize=700%2C400&ssl=1 2x"},"classes":[]},{"id":352555,"url":"https:\/\/casadecampoliving.com\/es\/que-hacer-en-casa-esta-semana-santa\/","url_meta":{"origin":352540,"position":5},"title":"\u00bfQu\u00e9 hacer en Casa esta Semana Santa?","author":"Gallagher Foxworthy","date":"26 Mar, 2018","format":false,"excerpt":"\u00a1Semana Santa est\u00e1 aqu\u00ed! \u00a1Y por el estilo habitual de Casa hay eventos y actividades para que todos disfruten del fin de semana al m\u00e1ximo! Hemos dividido el fin de semana para usted, con los eventos de cada d\u00eda para asegurarnos de que realmente viva al m\u00e1ximo esta Semana Santa.\u2026","rel":"","context":"En \u00abDeportes\u00bb","block_context":{"text":"Deportes","link":"https:\/\/casadecampoliving.com\/es\/category\/golf-deportes-es\/"},"img":{"alt_text":"","src":"https:\/\/i0.wp.com\/casadecampoliving.com\/wp-content\/uploads\/2018\/03\/IMG_0624.jpg?resize=350%2C200&ssl=1","width":350,"height":200,"srcset":"https:\/\/i0.wp.com\/casadecampoliving.com\/wp-content\/uploads\/2018\/03\/IMG_0624.jpg?resize=350%2C200&ssl=1 1x, https:\/\/i0.wp.com\/casadecampoliving.com\/wp-content\/uploads\/2018\/03\/IMG_0624.jpg?resize=525%2C300&ssl=1 1.5x, https:\/\/i0.wp.com\/casadecampoliving.com\/wp-content\/uploads\/2018\/03\/IMG_0624.jpg?resize=700%2C400&ssl=1 2x"},"classes":[]}],"jetpack_sharing_enabled":true,"_links":{"self":[{"href":"https:\/\/casadecampoliving.com\/es\/wp-json\/wp\/v2\/posts\/352540","targetHints":{"allow":["GET"]}}],"collection":[{"href":"https:\/\/casadecampoliving.com\/es\/wp-json\/wp\/v2\/posts"}],"about":[{"href":"https:\/\/casadecampoliving.com\/es\/wp-json\/wp\/v2\/types\/post"}],"author":[{"embeddable":true,"href":"https:\/\/casadecampoliving.com\/es\/wp-json\/wp\/v2\/users\/36682"}],"replies":[{"embeddable":true,"href":"https:\/\/casadecampoliving.com\/es\/wp-json\/wp\/v2\/comments?post=352540"}],"version-history":[{"count":1,"href":"https:\/\/casadecampoliving.com\/es\/wp-json\/wp\/v2\/posts\/352540\/revisions"}],"predecessor-version":[{"id":352541,"href":"https:\/\/casadecampoliving.com\/es\/wp-json\/wp\/v2\/posts\/352540\/revisions\/352541"}],"wp:attachment":[{"href":"https:\/\/casadecampoliving.com\/es\/wp-json\/wp\/v2\/media?parent=352540"}],"wp:term":[{"taxonomy":"category","embeddable":true,"href":"https:\/\/casadecampoliving.com\/es\/wp-json\/wp\/v2\/categories?post=352540"},{"taxonomy":"post_tag","embeddable":true,"href":"https:\/\/casadecampoliving.com\/es\/wp-json\/wp\/v2\/tags?post=352540"},{"taxonomy":"newspack_spnsrs_tax","embeddable":true,"href":"https:\/\/casadecampoliving.com\/es\/wp-json\/wp\/v2\/newspack_spnsrs_tax?post=352540"}],"curies":[{"name":"wp","href":"https:\/\/api.w.org\/{rel}","templated":true}]}}