{"id":352528,"date":"2018-03-19T00:00:00","date_gmt":"2018-03-19T04:00:00","guid":{"rendered":"https:\/\/casadecampoliving.com\/clinica-de-la-familia-presento-proyectos-a-miembros-de-la-prensa\/"},"modified":"2022-10-21T19:18:18","modified_gmt":"2022-10-21T23:18:18","slug":"clinica-de-la-familia-presento-proyectos-a-miembros-de-la-prensa","status":"publish","type":"post","link":"https:\/\/casadecampoliving.com\/es\/clinica-de-la-familia-presento-proyectos-a-miembros-de-la-prensa\/","title":{"rendered":"La Cl\u00ednica de la Familia present\u00f3 proyectos de este a\u00f1o a miembros de la prensa"},"content":{"rendered":"\n<p>Queremos hacer extensivo nuestro agradecimiento a los medios de comunicaci\u00f3n, periodistas, comunicadores, camar\u00f3grafos, editores de peri\u00f3dicos y revistas de esta ciudad de La Romana, quienes se dieron cita en la tarde del 6 de marzo en Cl\u00ednica de Familia La Romana para realizar nuestro primer \u201c Encuentro con La Prensa\u201d. El objetivo principal fue compartir el trabajo que realiza nuestra instituci\u00f3n desde hace 19 a\u00f1os y el posicionamiento de su nombre en la comunidad, como Cl\u00ednica de Familia La Romana.<\/p>\n\n\n\n<!--more-->\n\n\n\n<p>La comunicadora, conductora y maestra de ceremonias Lic. Hilda Peguero, secretaria de la Junta Directiva de Cl\u00ednica de Familia La Romana, tuvo a su cargo la conducci\u00f3n de esta actividad. La misma inici\u00f3 a las 5:30PM con la bienvenida a todos los presentes de parte de la presidenta de la Junta de Directiva de Cl\u00ednica de Familia La Romana, la Sra. Martha Victoria, quien agradeci\u00f3 la asistencia a los presentes. A seguidas y ya entrando en materia, su directora ejecutiva, Mina Halpern Lozada, realiz\u00f3 una presentaci\u00f3n detallada de la trayectoria de la organizaci\u00f3n desde sus inicios hasta el presente, ofreciendo servicios de atenci\u00f3n m\u00e9dica de alta calidad a la comunidad de La Romana y gran parte de regi\u00f3n este de la Rep\u00fablica Dominicana, a precios muy econ\u00f3micos.<\/p>\n\n\n<div class=\"wp-block-image\">\n<figure class=\"aligncenter is-resized\"><img loading=\"lazy\" decoding=\"async\" src=\"https:\/\/i0.wp.com\/casadecampoliving-wp.s3-accelerate.amazonaws.com\/2018\/03\/IMG_20180306_183715-3-e1521472132224.jpg?resize=1000%2C750&amp;ssl=1\" alt=\"\" class=\"wp-image-156090\" height=\"750\" width=\"1000\" srcset=\"https:\/\/i0.wp.com\/casadecampoliving.com\/wp-content\/uploads\/2018\/03\/IMG_20180306_183715-3-e1521472132224.jpg?w=1000&amp;ssl=1 1000w, https:\/\/i0.wp.com\/casadecampoliving-wp.s3-accelerate.amazonaws.com\/2018\/03\/IMG_20180306_183715-3-e1521472132224.jpg?w=370 370w, https:\/\/i0.wp.com\/casadecampoliving-wp.s3-accelerate.amazonaws.com\/2018\/03\/IMG_20180306_183715-3-e1521472132224.jpg?w=400 400w\" sizes=\"auto, (max-width: 1000px) 100vw, 1000px\" \/><\/figure>\n<\/div>\n\n\n<p>Tras la presentaci\u00f3n de la Lic. Halpern, los presentes pudieron interactuar, haciendo preguntas en materia de estad\u00edsticas de los servicios ofrecidos en la Cl\u00ednica, as\u00ed como de la sostenibilidad con la cual se maneja la instituci\u00f3n. Luego de toda esta interacci\u00f3n, la encargada de relaciones p\u00fablicas, Mar\u00eda Consuelo P\u00e9rez, realiz\u00f3 un tour con todos los presentes, mostr\u00e1ndoles las diferentes \u00e1reas de servicios con las cuales cuenta Cl\u00ednica de Familia La Romana.<\/p>\n\n\n\n<p>Ya para finalizar compartimos un peque\u00f1o refrigerio, una carpeta informativa con detalles de las consultas, im\u00e1genes y un listado de pruebas de laboratorio, con horarios y contactos, as\u00ed como materiales impresos de los programas y servicios que ofrece la Cl\u00ednica. El encuentro finaliz\u00f3 con una peque\u00f1a rifa acompa\u00f1ada de una foto grupal y el compromiso de todos los presentes de mantener lazos estrechos de colaboraci\u00f3n.<\/p>\n\n\n\n<p><em>* Information and pictures contributed by Cl\u00ednica de Familia La Romana<\/em><\/p>\n\n\n\n<blockquote><h4><strong>CL\u00cdNICA DE FAMILIA LA ROMANA<\/strong><\/h4><figure><img decoding=\"async\" loading=\"lazy\" class=\"alignright size-full wp-image-119650\" src=\"https:\/\/i0.wp.com\/casadecampoliving.com\/wp-content\/uploads\/2022\/10\/clinica_de_familia-4.png?resize=218%2C168&amp;ssl=1\" alt=\"clinica_de_familia\" width=\"218\" height=\"168\"><\/figure><p><b>Direcci\u00f3n:&nbsp;<\/b>Calle Gregorio Luper\u00f3n, esquina Calle Gast\u00f3n Fernando Deligne #168 (al lado de la Iglesia Sagrado Coraz\u00f3n de Jes\u00fas), La Aviaci\u00f3n, La Romana<\/p><p><b>Horario:&nbsp;<\/b>Lunes, Miercoles y Jueves: 7AM \u2013 5PM<\/p><p>Martes: 7AM \u2013 7PM (\u00a1Horario extendido!)<\/p><p>Viernes: 7AM \u2013 4PM<\/p><p><b>Tel\u00e9fono<\/b><b>\/whatsapp:&nbsp;<\/b>809-813-2934<\/p><p><b>Fax:&nbsp;<\/b>809-556-3193<\/p><p><b>P\u00e1gina Web:&nbsp;<\/b><a href=\"http:\/\/www.clinicadefamilia.org.do\/\">www.clinicadefamilia.org.do<\/a><\/p><p><b>Email:&nbsp;<\/b>info@clinicadefamilia.org.do<\/p><p><b>Facebook:&nbsp;<\/b><a href=\"https:\/\/www.facebook.com\/ClinicaDeFamiliaLR\">https:\/\/www.facebook.com\/ClinicaDeFamiliaLR<\/a><\/p><p><b>Tambi\u00e9n puede ver un video informativo en Ingl\u00e9s acerca de los programas y servicios de la Cl\u00ednica de Familia en:<\/b><b>&nbsp;<\/b><a href=\"http:\/\/www.clinicadefamilia.org.do\/video\"><b>www.clinicadefamilia.org.do\/video<\/b><\/a><b>.<\/b><\/p><p><strong>Mar\u00eda Consuelo P\u00e9rez,&nbsp;<\/strong><strong>Encargada de Relaciones P\u00fablicas<\/strong><\/p><p>mariaconsuelo@clinicadefamilia.org.do<\/p><p>Tel: 809-813-2934<\/p><p>Cel: 829-659-4838<\/p><\/blockquote>\n\n\n\n<p><em>*All photos and information provided by the Cl\u00ednica de Familia La Romana.&nbsp;<\/em><\/p>\n","protected":false},"excerpt":{"rendered":"<p>Queremos hacer extensivo nuestro agradecimiento a los medios de comunicaci\u00f3n, periodistas, comunicadores, camar\u00f3grafos, editores de peri\u00f3dicos y revistas de esta ciudad de La Romana, quienes se dieron cita en la tarde del 6 de marzo en Cl\u00ednica de Familia La Romana para realizar nuestro primer \u201c Encuentro con La Prensa\u201d. El objetivo principal fue compartir [&hellip;]<\/p>\n","protected":false},"author":36682,"featured_media":292464,"comment_status":"closed","ping_status":"closed","sticky":false,"template":"","format":"standard","meta":{"newspack_ads_suppress_ads":false,"newspack_popups_has_disabled_popups":false,"newspack_sponsor_sponsorship_scope":"","newspack_sponsor_native_byline_display":"inherit","newspack_sponsor_native_category_display":"inherit","newspack_sponsor_underwriter_style":"inherit","newspack_sponsor_underwriter_placement":"inherit","_newspack_byline_active":false,"_newspack_byline":"","newspack_hide_updated_date":false,"newspack_show_updated_date":false,"newspack_content_restriction_is_exempt":false,"newspack_featured_image_position":"","newspack_post_subtitle":"","newspack_article_summary_title":"Overview:","newspack_article_summary":"","_jetpack_memberships_contains_paid_content":false,"footnotes":"","jetpack_publicize_message":"","jetpack_publicize_feature_enabled":true,"jetpack_social_post_already_shared":false,"jetpack_social_options":{"image_generator_settings":{"template":"highway","default_image_id":0,"font":"","enabled":false},"version":2},"_wpas_customize_per_network":false},"categories":[2514,2507,2506,2521],"tags":[18785,18932],"newspack_spnsrs_tax":[],"class_list":["post-352528","post","type-post","status-publish","format-standard","has-post-thumbnail","hentry","category-fundaciones-es","category-la-romana-es","category-mas-alla-de-casa-es","category-republica-dominicana-2","tag-clinica-de-la-familia-es","tag-la-romana-es-4","entry"],"yoast_head":"<!-- This site is optimized with the Yoast SEO plugin v27.4 - https:\/\/yoast.com\/product\/yoast-seo-wordpress\/ -->\n<title>La Cl\u00ednica de la Familia present\u00f3 proyectos de este a\u00f1o a miembros de la prensa | Casa de Campo Living<\/title>\n<meta name=\"description\" content=\"Queremos hacer extensivo nuestro agradecimiento a los medios de comunicaci\u00f3n, periodistas, comunicadores, camar\u00f3grafos, editores de peri\u00f3dicos y revistas\" \/>\n<meta name=\"robots\" content=\"index, follow, max-snippet:-1, max-image-preview:large, max-video-preview:-1\" \/>\n<link rel=\"canonical\" href=\"https:\/\/casadecampoliving.com\/es\/clinica-de-la-familia-presento-proyectos-a-miembros-de-la-prensa\/\" \/>\n<meta property=\"og:locale\" content=\"es_ES\" \/>\n<meta property=\"og:type\" content=\"article\" \/>\n<meta property=\"og:title\" content=\"La Cl\u00ednica de la Familia present\u00f3 proyectos de este a\u00f1o a miembros de la prensa | Casa de Campo Living\" \/>\n<meta property=\"og:description\" content=\"Queremos hacer extensivo nuestro agradecimiento a los medios de comunicaci\u00f3n, periodistas, comunicadores, camar\u00f3grafos, editores de peri\u00f3dicos y revistas\" \/>\n<meta property=\"og:url\" content=\"https:\/\/casadecampoliving.com\/es\/clinica-de-la-familia-presento-proyectos-a-miembros-de-la-prensa\/\" \/>\n<meta property=\"og:site_name\" content=\"Casa de Campo Living\" \/>\n<meta property=\"article:publisher\" content=\"https:\/\/www.facebook.com\/casadecampoliving\" \/>\n<meta property=\"article:published_time\" content=\"2018-03-19T04:00:00+00:00\" \/>\n<meta property=\"article:modified_time\" content=\"2022-10-21T23:18:18+00:00\" \/>\n<meta property=\"og:image\" content=\"https:\/\/i0.wp.com\/casadecampoliving.com\/wp-content\/uploads\/2022\/10\/clinica_de_familia-4.png?fit=218%2C168&ssl=1\" \/>\n\t<meta property=\"og:image:width\" content=\"218\" \/>\n\t<meta property=\"og:image:height\" content=\"168\" \/>\n\t<meta property=\"og:image:type\" content=\"image\/png\" \/>\n<meta name=\"author\" content=\"Marlenys Guzm\u00e1n Casta\u00f1os\" \/>\n<meta name=\"twitter:card\" content=\"summary_large_image\" \/>\n<meta name=\"twitter:creator\" content=\"@cdcliving\" \/>\n<meta name=\"twitter:site\" content=\"@cdcliving\" \/>\n<meta name=\"twitter:label1\" content=\"Escrito por\" \/>\n\t<meta name=\"twitter:data1\" content=\"Marlenys Guzm\u00e1n Casta\u00f1os\" \/>\n\t<meta name=\"twitter:label2\" content=\"Tiempo de lectura\" \/>\n\t<meta name=\"twitter:data2\" content=\"3 minutos\" \/>\n<script type=\"application\/ld+json\" class=\"yoast-schema-graph\">{\"@context\":\"https:\\\/\\\/schema.org\",\"@graph\":[{\"@type\":\"Article\",\"@id\":\"https:\\\/\\\/casadecampoliving.com\\\/es\\\/clinica-de-la-familia-presento-proyectos-a-miembros-de-la-prensa\\\/#article\",\"isPartOf\":{\"@id\":\"https:\\\/\\\/casadecampoliving.com\\\/es\\\/clinica-de-la-familia-presento-proyectos-a-miembros-de-la-prensa\\\/\"},\"author\":{\"name\":\"Marlenys Guzm\u00e1n Casta\u00f1os\",\"@id\":\"https:\\\/\\\/casadecampoliving.com\\\/es\\\/#\\\/schema\\\/person\\\/b6606bd87f9cec8f5903e2141cafda24\"},\"headline\":\"La Cl\u00ednica de la Familia present\u00f3 proyectos de este a\u00f1o a miembros de la prensa\",\"datePublished\":\"2018-03-19T04:00:00+00:00\",\"dateModified\":\"2022-10-21T23:18:18+00:00\",\"mainEntityOfPage\":{\"@id\":\"https:\\\/\\\/casadecampoliving.com\\\/es\\\/clinica-de-la-familia-presento-proyectos-a-miembros-de-la-prensa\\\/\"},\"wordCount\":547,\"publisher\":{\"@id\":\"https:\\\/\\\/casadecampoliving.com\\\/es\\\/#organization\"},\"image\":{\"@id\":\"https:\\\/\\\/casadecampoliving.com\\\/es\\\/clinica-de-la-familia-presento-proyectos-a-miembros-de-la-prensa\\\/#primaryimage\"},\"thumbnailUrl\":\"https:\\\/\\\/i0.wp.com\\\/casadecampoliving.com\\\/wp-content\\\/uploads\\\/2022\\\/10\\\/clinica_de_familia-4.png?fit=218%2C168&ssl=1\",\"keywords\":[\"Clinica de la Familia @es\",\"La Romana\"],\"articleSection\":[\"Fundaciones\",\"La Romana @es\",\"M\u00e1s all\u00e1 de Casa\",\"Rep\u00fablica Dominicana @es\"],\"inLanguage\":\"es\"},{\"@type\":\"WebPage\",\"@id\":\"https:\\\/\\\/casadecampoliving.com\\\/es\\\/clinica-de-la-familia-presento-proyectos-a-miembros-de-la-prensa\\\/\",\"url\":\"https:\\\/\\\/casadecampoliving.com\\\/es\\\/clinica-de-la-familia-presento-proyectos-a-miembros-de-la-prensa\\\/\",\"name\":\"La Cl\u00ednica de la Familia present\u00f3 proyectos de este a\u00f1o a miembros de la prensa | Casa de Campo Living\",\"isPartOf\":{\"@id\":\"https:\\\/\\\/casadecampoliving.com\\\/es\\\/#website\"},\"primaryImageOfPage\":{\"@id\":\"https:\\\/\\\/casadecampoliving.com\\\/es\\\/clinica-de-la-familia-presento-proyectos-a-miembros-de-la-prensa\\\/#primaryimage\"},\"image\":{\"@id\":\"https:\\\/\\\/casadecampoliving.com\\\/es\\\/clinica-de-la-familia-presento-proyectos-a-miembros-de-la-prensa\\\/#primaryimage\"},\"thumbnailUrl\":\"https:\\\/\\\/i0.wp.com\\\/casadecampoliving.com\\\/wp-content\\\/uploads\\\/2022\\\/10\\\/clinica_de_familia-4.png?fit=218%2C168&ssl=1\",\"datePublished\":\"2018-03-19T04:00:00+00:00\",\"dateModified\":\"2022-10-21T23:18:18+00:00\",\"description\":\"Queremos hacer extensivo nuestro agradecimiento a los medios de comunicaci\u00f3n, periodistas, comunicadores, camar\u00f3grafos, editores de peri\u00f3dicos y revistas\",\"breadcrumb\":{\"@id\":\"https:\\\/\\\/casadecampoliving.com\\\/es\\\/clinica-de-la-familia-presento-proyectos-a-miembros-de-la-prensa\\\/#breadcrumb\"},\"inLanguage\":\"es\",\"potentialAction\":[{\"@type\":\"ReadAction\",\"target\":[\"https:\\\/\\\/casadecampoliving.com\\\/es\\\/clinica-de-la-familia-presento-proyectos-a-miembros-de-la-prensa\\\/\"]}]},{\"@type\":\"ImageObject\",\"inLanguage\":\"es\",\"@id\":\"https:\\\/\\\/casadecampoliving.com\\\/es\\\/clinica-de-la-familia-presento-proyectos-a-miembros-de-la-prensa\\\/#primaryimage\",\"url\":\"https:\\\/\\\/i0.wp.com\\\/casadecampoliving.com\\\/wp-content\\\/uploads\\\/2022\\\/10\\\/clinica_de_familia-4.png?fit=218%2C168&ssl=1\",\"contentUrl\":\"https:\\\/\\\/i0.wp.com\\\/casadecampoliving.com\\\/wp-content\\\/uploads\\\/2022\\\/10\\\/clinica_de_familia-4.png?fit=218%2C168&ssl=1\",\"width\":218,\"height\":168},{\"@type\":\"BreadcrumbList\",\"@id\":\"https:\\\/\\\/casadecampoliving.com\\\/es\\\/clinica-de-la-familia-presento-proyectos-a-miembros-de-la-prensa\\\/#breadcrumb\",\"itemListElement\":[{\"@type\":\"ListItem\",\"position\":1,\"name\":\"Home\",\"item\":\"https:\\\/\\\/casadecampoliving.com\\\/es\\\/\"},{\"@type\":\"ListItem\",\"position\":2,\"name\":\"La Cl\u00ednica de la Familia present\u00f3 proyectos de este a\u00f1o a miembros de la prensa\"}]},{\"@type\":\"WebSite\",\"@id\":\"https:\\\/\\\/casadecampoliving.com\\\/es\\\/#website\",\"url\":\"https:\\\/\\\/casadecampoliving.com\\\/es\\\/\",\"name\":\"Casa de Campo Living\",\"description\":\"Resort community news and resources.\",\"publisher\":{\"@id\":\"https:\\\/\\\/casadecampoliving.com\\\/es\\\/#organization\"},\"potentialAction\":[{\"@type\":\"SearchAction\",\"target\":{\"@type\":\"EntryPoint\",\"urlTemplate\":\"https:\\\/\\\/casadecampoliving.com\\\/es\\\/?s={search_term_string}\"},\"query-input\":{\"@type\":\"PropertyValueSpecification\",\"valueRequired\":true,\"valueName\":\"search_term_string\"}}],\"inLanguage\":\"es\"},{\"@type\":\"Organization\",\"@id\":\"https:\\\/\\\/casadecampoliving.com\\\/es\\\/#organization\",\"name\":\"Casa de Campo Living\",\"url\":\"https:\\\/\\\/casadecampoliving.com\\\/es\\\/\",\"logo\":{\"@type\":\"ImageObject\",\"inLanguage\":\"es\",\"@id\":\"https:\\\/\\\/casadecampoliving.com\\\/es\\\/#\\\/schema\\\/logo\\\/image\\\/\",\"url\":\"https:\\\/\\\/i0.wp.com\\\/casadecampoliving.com\\\/wp-content\\\/uploads\\\/2022\\\/07\\\/CDCLivingLogo_V1-white-sized.png?fit=800%2C214&ssl=1\",\"contentUrl\":\"https:\\\/\\\/i0.wp.com\\\/casadecampoliving.com\\\/wp-content\\\/uploads\\\/2022\\\/07\\\/CDCLivingLogo_V1-white-sized.png?fit=800%2C214&ssl=1\",\"width\":800,\"height\":214,\"caption\":\"Casa de Campo Living\"},\"image\":{\"@id\":\"https:\\\/\\\/casadecampoliving.com\\\/es\\\/#\\\/schema\\\/logo\\\/image\\\/\"},\"sameAs\":[\"https:\\\/\\\/www.facebook.com\\\/casadecampoliving\",\"https:\\\/\\\/x.com\\\/cdcliving\"]},{\"@type\":\"Person\",\"@id\":\"https:\\\/\\\/casadecampoliving.com\\\/es\\\/#\\\/schema\\\/person\\\/b6606bd87f9cec8f5903e2141cafda24\",\"name\":\"Marlenys Guzm\u00e1n Casta\u00f1os\",\"image\":{\"@type\":\"ImageObject\",\"inLanguage\":\"es\",\"@id\":\"https:\\\/\\\/secure.gravatar.com\\\/avatar\\\/72f3f86b8e6b3ec744201aeadf11d4a6055e8af194aecd9ad30ffff4437878ee?s=96&d=mm&r=g\",\"url\":\"https:\\\/\\\/secure.gravatar.com\\\/avatar\\\/72f3f86b8e6b3ec744201aeadf11d4a6055e8af194aecd9ad30ffff4437878ee?s=96&d=mm&r=g\",\"contentUrl\":\"https:\\\/\\\/secure.gravatar.com\\\/avatar\\\/72f3f86b8e6b3ec744201aeadf11d4a6055e8af194aecd9ad30ffff4437878ee?s=96&d=mm&r=g\",\"caption\":\"Marlenys Guzm\u00e1n Casta\u00f1os\"},\"url\":\"https:\\\/\\\/casadecampoliving.com\\\/es\\\/author\\\/mguzman\\\/\"}]}<\/script>\n<!-- \/ Yoast SEO plugin. -->","yoast_head_json":{"title":"La Cl\u00ednica de la Familia present\u00f3 proyectos de este a\u00f1o a miembros de la prensa | Casa de Campo Living","description":"Queremos hacer extensivo nuestro agradecimiento a los medios de comunicaci\u00f3n, periodistas, comunicadores, camar\u00f3grafos, editores de peri\u00f3dicos y revistas","robots":{"index":"index","follow":"follow","max-snippet":"max-snippet:-1","max-image-preview":"max-image-preview:large","max-video-preview":"max-video-preview:-1"},"canonical":"https:\/\/casadecampoliving.com\/es\/clinica-de-la-familia-presento-proyectos-a-miembros-de-la-prensa\/","og_locale":"es_ES","og_type":"article","og_title":"La Cl\u00ednica de la Familia present\u00f3 proyectos de este a\u00f1o a miembros de la prensa | Casa de Campo Living","og_description":"Queremos hacer extensivo nuestro agradecimiento a los medios de comunicaci\u00f3n, periodistas, comunicadores, camar\u00f3grafos, editores de peri\u00f3dicos y revistas","og_url":"https:\/\/casadecampoliving.com\/es\/clinica-de-la-familia-presento-proyectos-a-miembros-de-la-prensa\/","og_site_name":"Casa de Campo Living","article_publisher":"https:\/\/www.facebook.com\/casadecampoliving","article_published_time":"2018-03-19T04:00:00+00:00","article_modified_time":"2022-10-21T23:18:18+00:00","og_image":[{"width":218,"height":168,"url":"https:\/\/i0.wp.com\/casadecampoliving.com\/wp-content\/uploads\/2022\/10\/clinica_de_familia-4.png?fit=218%2C168&ssl=1","type":"image\/png"}],"author":"Marlenys Guzm\u00e1n Casta\u00f1os","twitter_card":"summary_large_image","twitter_creator":"@cdcliving","twitter_site":"@cdcliving","twitter_misc":{"Escrito por":"Marlenys Guzm\u00e1n Casta\u00f1os","Tiempo de lectura":"3 minutos"},"schema":{"@context":"https:\/\/schema.org","@graph":[{"@type":"Article","@id":"https:\/\/casadecampoliving.com\/es\/clinica-de-la-familia-presento-proyectos-a-miembros-de-la-prensa\/#article","isPartOf":{"@id":"https:\/\/casadecampoliving.com\/es\/clinica-de-la-familia-presento-proyectos-a-miembros-de-la-prensa\/"},"author":{"name":"Marlenys Guzm\u00e1n Casta\u00f1os","@id":"https:\/\/casadecampoliving.com\/es\/#\/schema\/person\/b6606bd87f9cec8f5903e2141cafda24"},"headline":"La Cl\u00ednica de la Familia present\u00f3 proyectos de este a\u00f1o a miembros de la prensa","datePublished":"2018-03-19T04:00:00+00:00","dateModified":"2022-10-21T23:18:18+00:00","mainEntityOfPage":{"@id":"https:\/\/casadecampoliving.com\/es\/clinica-de-la-familia-presento-proyectos-a-miembros-de-la-prensa\/"},"wordCount":547,"publisher":{"@id":"https:\/\/casadecampoliving.com\/es\/#organization"},"image":{"@id":"https:\/\/casadecampoliving.com\/es\/clinica-de-la-familia-presento-proyectos-a-miembros-de-la-prensa\/#primaryimage"},"thumbnailUrl":"https:\/\/i0.wp.com\/casadecampoliving.com\/wp-content\/uploads\/2022\/10\/clinica_de_familia-4.png?fit=218%2C168&ssl=1","keywords":["Clinica de la Familia @es","La Romana"],"articleSection":["Fundaciones","La Romana @es","M\u00e1s all\u00e1 de Casa","Rep\u00fablica Dominicana @es"],"inLanguage":"es"},{"@type":"WebPage","@id":"https:\/\/casadecampoliving.com\/es\/clinica-de-la-familia-presento-proyectos-a-miembros-de-la-prensa\/","url":"https:\/\/casadecampoliving.com\/es\/clinica-de-la-familia-presento-proyectos-a-miembros-de-la-prensa\/","name":"La Cl\u00ednica de la Familia present\u00f3 proyectos de este a\u00f1o a miembros de la prensa | Casa de Campo Living","isPartOf":{"@id":"https:\/\/casadecampoliving.com\/es\/#website"},"primaryImageOfPage":{"@id":"https:\/\/casadecampoliving.com\/es\/clinica-de-la-familia-presento-proyectos-a-miembros-de-la-prensa\/#primaryimage"},"image":{"@id":"https:\/\/casadecampoliving.com\/es\/clinica-de-la-familia-presento-proyectos-a-miembros-de-la-prensa\/#primaryimage"},"thumbnailUrl":"https:\/\/i0.wp.com\/casadecampoliving.com\/wp-content\/uploads\/2022\/10\/clinica_de_familia-4.png?fit=218%2C168&ssl=1","datePublished":"2018-03-19T04:00:00+00:00","dateModified":"2022-10-21T23:18:18+00:00","description":"Queremos hacer extensivo nuestro agradecimiento a los medios de comunicaci\u00f3n, periodistas, comunicadores, camar\u00f3grafos, editores de peri\u00f3dicos y revistas","breadcrumb":{"@id":"https:\/\/casadecampoliving.com\/es\/clinica-de-la-familia-presento-proyectos-a-miembros-de-la-prensa\/#breadcrumb"},"inLanguage":"es","potentialAction":[{"@type":"ReadAction","target":["https:\/\/casadecampoliving.com\/es\/clinica-de-la-familia-presento-proyectos-a-miembros-de-la-prensa\/"]}]},{"@type":"ImageObject","inLanguage":"es","@id":"https:\/\/casadecampoliving.com\/es\/clinica-de-la-familia-presento-proyectos-a-miembros-de-la-prensa\/#primaryimage","url":"https:\/\/i0.wp.com\/casadecampoliving.com\/wp-content\/uploads\/2022\/10\/clinica_de_familia-4.png?fit=218%2C168&ssl=1","contentUrl":"https:\/\/i0.wp.com\/casadecampoliving.com\/wp-content\/uploads\/2022\/10\/clinica_de_familia-4.png?fit=218%2C168&ssl=1","width":218,"height":168},{"@type":"BreadcrumbList","@id":"https:\/\/casadecampoliving.com\/es\/clinica-de-la-familia-presento-proyectos-a-miembros-de-la-prensa\/#breadcrumb","itemListElement":[{"@type":"ListItem","position":1,"name":"Home","item":"https:\/\/casadecampoliving.com\/es\/"},{"@type":"ListItem","position":2,"name":"La Cl\u00ednica de la Familia present\u00f3 proyectos de este a\u00f1o a miembros de la prensa"}]},{"@type":"WebSite","@id":"https:\/\/casadecampoliving.com\/es\/#website","url":"https:\/\/casadecampoliving.com\/es\/","name":"Casa de Campo Living","description":"Resort community news and resources.","publisher":{"@id":"https:\/\/casadecampoliving.com\/es\/#organization"},"potentialAction":[{"@type":"SearchAction","target":{"@type":"EntryPoint","urlTemplate":"https:\/\/casadecampoliving.com\/es\/?s={search_term_string}"},"query-input":{"@type":"PropertyValueSpecification","valueRequired":true,"valueName":"search_term_string"}}],"inLanguage":"es"},{"@type":"Organization","@id":"https:\/\/casadecampoliving.com\/es\/#organization","name":"Casa de Campo Living","url":"https:\/\/casadecampoliving.com\/es\/","logo":{"@type":"ImageObject","inLanguage":"es","@id":"https:\/\/casadecampoliving.com\/es\/#\/schema\/logo\/image\/","url":"https:\/\/i0.wp.com\/casadecampoliving.com\/wp-content\/uploads\/2022\/07\/CDCLivingLogo_V1-white-sized.png?fit=800%2C214&ssl=1","contentUrl":"https:\/\/i0.wp.com\/casadecampoliving.com\/wp-content\/uploads\/2022\/07\/CDCLivingLogo_V1-white-sized.png?fit=800%2C214&ssl=1","width":800,"height":214,"caption":"Casa de Campo Living"},"image":{"@id":"https:\/\/casadecampoliving.com\/es\/#\/schema\/logo\/image\/"},"sameAs":["https:\/\/www.facebook.com\/casadecampoliving","https:\/\/x.com\/cdcliving"]},{"@type":"Person","@id":"https:\/\/casadecampoliving.com\/es\/#\/schema\/person\/b6606bd87f9cec8f5903e2141cafda24","name":"Marlenys Guzm\u00e1n Casta\u00f1os","image":{"@type":"ImageObject","inLanguage":"es","@id":"https:\/\/secure.gravatar.com\/avatar\/72f3f86b8e6b3ec744201aeadf11d4a6055e8af194aecd9ad30ffff4437878ee?s=96&d=mm&r=g","url":"https:\/\/secure.gravatar.com\/avatar\/72f3f86b8e6b3ec744201aeadf11d4a6055e8af194aecd9ad30ffff4437878ee?s=96&d=mm&r=g","contentUrl":"https:\/\/secure.gravatar.com\/avatar\/72f3f86b8e6b3ec744201aeadf11d4a6055e8af194aecd9ad30ffff4437878ee?s=96&d=mm&r=g","caption":"Marlenys Guzm\u00e1n Casta\u00f1os"},"url":"https:\/\/casadecampoliving.com\/es\/author\/mguzman\/"}]}},"parsely":{"version":"1.1.0","canonical_url":"https:\/\/casadecampoliving.com\/es\/clinica-de-la-familia-presento-proyectos-a-miembros-de-la-prensa\/","smart_links":{"inbound":0,"outbound":0},"traffic_boost_suggestions_count":0,"meta":{"@context":"https:\/\/schema.org","@type":"NewsArticle","headline":"La Cl\u00ednica de la Familia present\u00f3 proyectos de este a\u00f1o a miembros de la prensa","url":"http:\/\/casadecampoliving.com\/es\/clinica-de-la-familia-presento-proyectos-a-miembros-de-la-prensa\/","mainEntityOfPage":{"@type":"WebPage","@id":"http:\/\/casadecampoliving.com\/es\/clinica-de-la-familia-presento-proyectos-a-miembros-de-la-prensa\/"},"thumbnailUrl":"https:\/\/i0.wp.com\/casadecampoliving.com\/wp-content\/uploads\/2022\/10\/clinica_de_familia-4.png?resize=150%2C150&ssl=1","image":{"@type":"ImageObject","url":"https:\/\/i0.wp.com\/casadecampoliving.com\/wp-content\/uploads\/2022\/10\/clinica_de_familia-4.png?fit=218%2C168&ssl=1"},"articleSection":"Fundaciones","author":[{"@type":"Person","name":"Marlenys Guzm\u00e1n Casta\u00f1os"}],"creator":["Marlenys Guzm\u00e1n Casta\u00f1os"],"publisher":{"@type":"Organization","name":"Casa de Campo Living","logo":"https:\/\/casadecampoliving.com\/wp-content\/uploads\/2022\/07\/CDCLivingLogo_V1-white-sized.png"},"keywords":["clinica de la familia @es","la romana"],"dateCreated":"2018-03-19T04:00:00Z","datePublished":"2018-03-19T04:00:00Z","dateModified":"2022-10-21T23:18:18Z"},"rendered":"<script type=\"application\/ld+json\" class=\"wp-parsely-metadata\">{\"@context\":\"https:\\\/\\\/schema.org\",\"@type\":\"NewsArticle\",\"headline\":\"La Cl\\u00ednica de la Familia present\\u00f3 proyectos de este a\\u00f1o a miembros de la prensa\",\"url\":\"http:\\\/\\\/casadecampoliving.com\\\/es\\\/clinica-de-la-familia-presento-proyectos-a-miembros-de-la-prensa\\\/\",\"mainEntityOfPage\":{\"@type\":\"WebPage\",\"@id\":\"http:\\\/\\\/casadecampoliving.com\\\/es\\\/clinica-de-la-familia-presento-proyectos-a-miembros-de-la-prensa\\\/\"},\"thumbnailUrl\":\"https:\\\/\\\/i0.wp.com\\\/casadecampoliving.com\\\/wp-content\\\/uploads\\\/2022\\\/10\\\/clinica_de_familia-4.png?resize=150%2C150&ssl=1\",\"image\":{\"@type\":\"ImageObject\",\"url\":\"https:\\\/\\\/i0.wp.com\\\/casadecampoliving.com\\\/wp-content\\\/uploads\\\/2022\\\/10\\\/clinica_de_familia-4.png?fit=218%2C168&ssl=1\"},\"articleSection\":\"Fundaciones\",\"author\":[{\"@type\":\"Person\",\"name\":\"Marlenys Guzm\\u00e1n Casta\\u00f1os\"}],\"creator\":[\"Marlenys Guzm\\u00e1n Casta\\u00f1os\"],\"publisher\":{\"@type\":\"Organization\",\"name\":\"Casa de Campo Living\",\"logo\":\"https:\\\/\\\/casadecampoliving.com\\\/wp-content\\\/uploads\\\/2022\\\/07\\\/CDCLivingLogo_V1-white-sized.png\"},\"keywords\":[\"clinica de la familia @es\",\"la romana\"],\"dateCreated\":\"2018-03-19T04:00:00Z\",\"datePublished\":\"2018-03-19T04:00:00Z\",\"dateModified\":\"2022-10-21T23:18:18Z\"}<\/script>","tracker_url":"https:\/\/cdn.parsely.com\/keys\/casadecampoliving.com\/p.js"},"jetpack_publicize_connections":[],"jetpack_featured_media_url":"https:\/\/i0.wp.com\/casadecampoliving.com\/wp-content\/uploads\/2022\/10\/clinica_de_familia-4.png?fit=218%2C168&ssl=1","jetpack-related-posts":[{"id":343855,"url":"https:\/\/casadecampoliving.com\/es\/clinica-de-familia-la-romana-somos-familia\/","url_meta":{"origin":352528,"position":0},"title":"Cl\u00ednica de Familia La Romana: Somos Familia","author":"Perkin Agramonte","date":"26 Feb, 2014","format":false,"excerpt":"La Cl\u00ednica de Familia es una organizaci\u00f3n comprensiva que brinda servicios de salud a la comunidad de La Romana, la cual dirige una de las cl\u00ednicas m\u00e1s grandes para el tratamiento del VIH en La Rep\u00fablica Dominicana, tambi\u00e9n con servicios de cuidados primarios, una cl\u00ednica de salud reproductiva en adolescentes,\u2026","rel":"","context":"En \u00abCasa de Campo Living @es\u00bb","block_context":{"text":"Casa de Campo Living @es","link":"https:\/\/casadecampoliving.com\/category\/casa-de-campo-living-es\/"},"img":{"alt_text":"","src":"https:\/\/i0.wp.com\/casadecampoliving.com\/wp-content\/uploads\/2022\/10\/Personal_Clinica-de-Familia_2013-c-1.jpg?fit=650%2C311&ssl=1&resize=350%2C200","width":350,"height":200,"srcset":"https:\/\/i0.wp.com\/casadecampoliving.com\/wp-content\/uploads\/2022\/10\/Personal_Clinica-de-Familia_2013-c-1.jpg?fit=650%2C311&ssl=1&resize=350%2C200 1x, https:\/\/i0.wp.com\/casadecampoliving.com\/wp-content\/uploads\/2022\/10\/Personal_Clinica-de-Familia_2013-c-1.jpg?fit=650%2C311&ssl=1&resize=525%2C300 1.5x"},"classes":[]},{"id":534119,"url":"https:\/\/casadecampoliving.com\/es\/clinica-de-familia-la-romana-celebra-25-anos-e-inicia-construccion-de-nuevas-instalaciones\/","url_meta":{"origin":352528,"position":1},"title":"Cl\u00ednica de Familia La Romana Celebra 25 A\u00f1os e Inicia Construcci\u00f3n de Nuevas Instalaciones","author":"Marlenys Guzm\u00e1n Casta\u00f1os","date":"29 Oct, 2024","format":false,"excerpt":"Cl\u00ednica de Familia La Romana celebr\u00f3 recientemente su 25\u00ba aniversario con una ceremonia de inicio de obras para nuevas instalaciones que ampliar\u00e1n los servicios de salud en la regi\u00f3n. Este importante evento reafirm\u00f3 el compromiso de la cl\u00ednica con la mejora de la salud y el bienestar de la comunidad\u2026","rel":"","context":"En \u00abM\u00e1s all\u00e1 de Casa\u00bb","block_context":{"text":"M\u00e1s all\u00e1 de Casa","link":"https:\/\/casadecampoliving.com\/es\/category\/mas-alla-de-casa-es\/"},"img":{"alt_text":"","src":"https:\/\/i0.wp.com\/casadecampoliving.com\/wp-content\/uploads\/2024\/11\/Clinica-de-Familia-La-Romana_IMG_6960-scaled.jpg?fit=1200%2C800&ssl=1&resize=350%2C200","width":350,"height":200,"srcset":"https:\/\/i0.wp.com\/casadecampoliving.com\/wp-content\/uploads\/2024\/11\/Clinica-de-Familia-La-Romana_IMG_6960-scaled.jpg?fit=1200%2C800&ssl=1&resize=350%2C200 1x, https:\/\/i0.wp.com\/casadecampoliving.com\/wp-content\/uploads\/2024\/11\/Clinica-de-Familia-La-Romana_IMG_6960-scaled.jpg?fit=1200%2C800&ssl=1&resize=525%2C300 1.5x, https:\/\/i0.wp.com\/casadecampoliving.com\/wp-content\/uploads\/2024\/11\/Clinica-de-Familia-La-Romana_IMG_6960-scaled.jpg?fit=1200%2C800&ssl=1&resize=700%2C400 2x, https:\/\/i0.wp.com\/casadecampoliving.com\/wp-content\/uploads\/2024\/11\/Clinica-de-Familia-La-Romana_IMG_6960-scaled.jpg?fit=1200%2C800&ssl=1&resize=1050%2C600 3x"},"classes":[]},{"id":353592,"url":"https:\/\/casadecampoliving.com\/es\/clinica-de-familia-la-romana-obtiene-certificacion-iso-9001\/","url_meta":{"origin":352528,"position":2},"title":"Cl\u00ednica de Familia La Romana obtiene Certificaci\u00f3n ISO 9001","author":"Casa de Campo Living","date":"30 Oct, 2019","format":false,"excerpt":"Cl\u00ednica de Familia La Romana obtuvo la certificaci\u00f3n ISO 9001:2015 el pasado 20 de junio del 2019, despu\u00e9s de dos a\u00f1os de trabajo y adecuaci\u00f3n de todos los procesos y requisitos que requiere la normativa para el desarrollo e implementaci\u00f3n de un sistema de gesti\u00f3n de la calidad. La misma\u2026","rel":"","context":"En \u00abLa Romana @es\u00bb","block_context":{"text":"La Romana @es","link":"https:\/\/casadecampoliving.com\/es\/category\/mas-alla-de-casa-es\/la-romana-es\/"},"img":{"alt_text":"","src":"https:\/\/i0.wp.com\/casadecampoliving.com\/wp-content\/uploads\/2022\/10\/IMG_1712-scaled.jpg?fit=1200%2C800&ssl=1&resize=350%2C200","width":350,"height":200,"srcset":"https:\/\/i0.wp.com\/casadecampoliving.com\/wp-content\/uploads\/2022\/10\/IMG_1712-scaled.jpg?fit=1200%2C800&ssl=1&resize=350%2C200 1x, https:\/\/i0.wp.com\/casadecampoliving.com\/wp-content\/uploads\/2022\/10\/IMG_1712-scaled.jpg?fit=1200%2C800&ssl=1&resize=525%2C300 1.5x, https:\/\/i0.wp.com\/casadecampoliving.com\/wp-content\/uploads\/2022\/10\/IMG_1712-scaled.jpg?fit=1200%2C800&ssl=1&resize=700%2C400 2x, https:\/\/i0.wp.com\/casadecampoliving.com\/wp-content\/uploads\/2022\/10\/IMG_1712-scaled.jpg?fit=1200%2C800&ssl=1&resize=1050%2C600 3x"},"classes":[]},{"id":340871,"url":"https:\/\/casadecampoliving.com\/es\/celebramos-15-anos-de-una-maravillosa-labor-de-la-clinica-de-familia-en-la-romana\/","url_meta":{"origin":352528,"position":3},"title":"\u00a1Celebramos 15 a\u00f1os de una maravillosa labor de la Cl\u00ednica de Familia en La Romana!","author":"","date":"30 Mar, 2013","format":false,"excerpt":"El pasado viernes 8 de marzo de 2013 la Cl\u00ednica de Familia La Romana, como principal y primer centro del Este dedicado a brindar asistencia m\u00e9dica a mujeres y ni\u00f1os con el virus de VIH, as\u00ed como numerosos programas de apoyo dirigidos a la comunidad,\u00a0celebr\u00f3 15 extraordinarios a\u00f1os de labor\u2026","rel":"","context":"En \u00abDestacados\u00bb","block_context":{"text":"Destacados","link":"https:\/\/casadecampoliving.com\/es\/category\/destacados\/"},"img":{"alt_text":"","src":"https:\/\/i0.wp.com\/casadecampoliving.com\/wp-content\/uploads\/2022\/10\/clinica_de_familia_15_anniversary-2.jpg?fit=650%2C386&ssl=1&resize=350%2C200","width":350,"height":200,"srcset":"https:\/\/i0.wp.com\/casadecampoliving.com\/wp-content\/uploads\/2022\/10\/clinica_de_familia_15_anniversary-2.jpg?fit=650%2C386&ssl=1&resize=350%2C200 1x, https:\/\/i0.wp.com\/casadecampoliving.com\/wp-content\/uploads\/2022\/10\/clinica_de_familia_15_anniversary-2.jpg?fit=650%2C386&ssl=1&resize=525%2C300 1.5x"},"classes":[]},{"id":353611,"url":"https:\/\/casadecampoliving.com\/es\/celebracion-de-20-anos-de-clinica-de-familia-la-romana-en-la-ciudad-de-nueva-york\/","url_meta":{"origin":352528,"position":4},"title":"Celebraci\u00f3n de 20 A\u00f1os de Cl\u00ednica de Familia La Romana en la Ciudad de Nueva York","author":"Casa de Campo Living","date":"21 Nov, 2019","format":false,"excerpt":"El pasado mes la Cl\u00ednica de Familia La Romana continu\u00f3 la celebraci\u00f3n de sus 20 a\u00f1os de trabajo y trayectoria de dos d\u00e9cadas de crecimiento, salvando vidas y mejorando la salud de las personas en gran parte de la regi\u00f3n este de la Rep\u00fablica Dominicana. El escenario para esta actividad\u2026","rel":"","context":"En \u00abLa Romana @es\u00bb","block_context":{"text":"La Romana @es","link":"https:\/\/casadecampoliving.com\/es\/category\/mas-alla-de-casa-es\/la-romana-es\/"},"img":{"alt_text":"","src":"https:\/\/i0.wp.com\/casadecampoliving.com\/wp-content\/uploads\/2022\/10\/Dyana-Van-Campen_IMG_4634.jpg?fit=1000%2C599&ssl=1&resize=350%2C200","width":350,"height":200,"srcset":"https:\/\/i0.wp.com\/casadecampoliving.com\/wp-content\/uploads\/2022\/10\/Dyana-Van-Campen_IMG_4634.jpg?fit=1000%2C599&ssl=1&resize=350%2C200 1x, https:\/\/i0.wp.com\/casadecampoliving.com\/wp-content\/uploads\/2022\/10\/Dyana-Van-Campen_IMG_4634.jpg?fit=1000%2C599&ssl=1&resize=525%2C300 1.5x, https:\/\/i0.wp.com\/casadecampoliving.com\/wp-content\/uploads\/2022\/10\/Dyana-Van-Campen_IMG_4634.jpg?fit=1000%2C599&ssl=1&resize=700%2C400 2x"},"classes":[]},{"id":345398,"url":"https:\/\/casadecampoliving.com\/es\/visita-del-embajador-james-brewster-clinica-de-familia\/","url_meta":{"origin":352528,"position":5},"title":"Visita del Embajador James Brewster a Cl\u00ednica de Familia","author":"Perkin Agramonte","date":"19 Sep, 2014","format":false,"excerpt":"El viernes de la semana pasada, el Embajador de los Estados Unidos en la Rep\u00fablica Dominicana, James Brewster, visit\u00f3 la ciudad de La Romana, espec\u00edficamente la Cl\u00ednica de Familia, para conocer sus instalaciones y observar el buen trabajo que esta cl\u00ednica ha venido realizando en los \u00faltimos a\u00f1os. Tras su\u2026","rel":"","context":"En \u00abCasa de Campo Living @es\u00bb","block_context":{"text":"Casa de Campo Living @es","link":"https:\/\/casadecampoliving.com\/category\/casa-de-campo-living-es\/"},"img":{"alt_text":"","src":"https:\/\/i0.wp.com\/casadecampoliving.com\/wp-content\/uploads\/2022\/10\/Embajador_Clinica-de-Familia-La-Romana-scaled.jpg?fit=1200%2C900&ssl=1&resize=350%2C200","width":350,"height":200,"srcset":"https:\/\/i0.wp.com\/casadecampoliving.com\/wp-content\/uploads\/2022\/10\/Embajador_Clinica-de-Familia-La-Romana-scaled.jpg?fit=1200%2C900&ssl=1&resize=350%2C200 1x, https:\/\/i0.wp.com\/casadecampoliving.com\/wp-content\/uploads\/2022\/10\/Embajador_Clinica-de-Familia-La-Romana-scaled.jpg?fit=1200%2C900&ssl=1&resize=525%2C300 1.5x, https:\/\/i0.wp.com\/casadecampoliving.com\/wp-content\/uploads\/2022\/10\/Embajador_Clinica-de-Familia-La-Romana-scaled.jpg?fit=1200%2C900&ssl=1&resize=700%2C400 2x, https:\/\/i0.wp.com\/casadecampoliving.com\/wp-content\/uploads\/2022\/10\/Embajador_Clinica-de-Familia-La-Romana-scaled.jpg?fit=1200%2C900&ssl=1&resize=1050%2C600 3x"},"classes":[]}],"jetpack_sharing_enabled":true,"_links":{"self":[{"href":"https:\/\/casadecampoliving.com\/es\/wp-json\/wp\/v2\/posts\/352528","targetHints":{"allow":["GET"]}}],"collection":[{"href":"https:\/\/casadecampoliving.com\/es\/wp-json\/wp\/v2\/posts"}],"about":[{"href":"https:\/\/casadecampoliving.com\/es\/wp-json\/wp\/v2\/types\/post"}],"author":[{"embeddable":true,"href":"https:\/\/casadecampoliving.com\/es\/wp-json\/wp\/v2\/users\/36682"}],"replies":[{"embeddable":true,"href":"https:\/\/casadecampoliving.com\/es\/wp-json\/wp\/v2\/comments?post=352528"}],"version-history":[{"count":1,"href":"https:\/\/casadecampoliving.com\/es\/wp-json\/wp\/v2\/posts\/352528\/revisions"}],"predecessor-version":[{"id":352529,"href":"https:\/\/casadecampoliving.com\/es\/wp-json\/wp\/v2\/posts\/352528\/revisions\/352529"}],"wp:featuredmedia":[{"embeddable":true,"href":"https:\/\/casadecampoliving.com\/es\/wp-json\/wp\/v2\/media\/292464"}],"wp:attachment":[{"href":"https:\/\/casadecampoliving.com\/es\/wp-json\/wp\/v2\/media?parent=352528"}],"wp:term":[{"taxonomy":"category","embeddable":true,"href":"https:\/\/casadecampoliving.com\/es\/wp-json\/wp\/v2\/categories?post=352528"},{"taxonomy":"post_tag","embeddable":true,"href":"https:\/\/casadecampoliving.com\/es\/wp-json\/wp\/v2\/tags?post=352528"},{"taxonomy":"newspack_spnsrs_tax","embeddable":true,"href":"https:\/\/casadecampoliving.com\/es\/wp-json\/wp\/v2\/newspack_spnsrs_tax?post=352528"}],"curies":[{"name":"wp","href":"https:\/\/api.w.org\/{rel}","templated":true}]}}