{"id":352443,"date":"2018-02-06T00:00:00","date_gmt":"2018-02-06T04:00:00","guid":{"rendered":"https:\/\/casadecampoliving.com\/wisin-y-yandel-vienen-altos-de-chavon-para-el-concierto-de-semana-santa-de-este-ano\/"},"modified":"2022-10-21T19:09:33","modified_gmt":"2022-10-21T23:09:33","slug":"wisin-y-yandel-vienen-altos-de-chavon-para-el-concierto-de-semana-santa-de-este-ano","status":"publish","type":"post","link":"https:\/\/casadecampoliving.com\/es\/wisin-y-yandel-vienen-altos-de-chavon-para-el-concierto-de-semana-santa-de-este-ano\/","title":{"rendered":"\u00a1Wisin y Yandel vienen a Altos de Chav\u00f3n para el concierto de Semana Santa de este a\u00f1o!"},"content":{"rendered":"\n<p>El d\u00fao de la historia, Wisin y Yandel, regresa al pa\u00eds para escribir otro cap\u00edtulo de oro la noche del 31 de marzo, S\u00e1bado Santo, cuando se re\u00fanan en el escenario de Altos de Chav\u00f3n (La Romana), anfiteatro que han elegido para ofrecerle una noche \u00fanica e inolvidable a su fanaticada, la primera de una gira que ser\u00e1 hist\u00f3rica.<br>\n<br>\n\u201cLos l\u00edderes\u201d, como es conocido el ic\u00f3nico d\u00fao de la m\u00fasica urbana, han estado trabajando&nbsp; su regreso, en medio de la fama que han alcanzado con el \u00e9xito de sus producciones discogr\u00e1ficas de manera individual y esta ma\u00f1ana anuncian oficialmente que se reunir\u00e1n nuevamente, principalmente para una gira as\u00ed como para producir nueva m\u00fasica.<\/p>\n\n\n\n<!--more-->\n\n\n\n<center><div style=\"width: 1920px;\" class=\"wp-video\"><video class=\"wp-video-shortcode\" id=\"video-352443-1\" width=\"1920\" height=\"1080\" preload=\"metadata\" controls=\"controls\"><source type=\"video\/mp4\" src=\"https:\/\/casadecampoliving-wp.s3-accelerate.amazonaws.com\/2018\/02\/WY-DROP.mp4?_=1\" \/><a href=\"https:\/\/casadecampoliving-wp.s3-accelerate.amazonaws.com\/2018\/02\/WY-DROP.mp4\">https:\/\/casadecampoliving-wp.s3-accelerate.amazonaws.com\/2018\/02\/WY-DROP.mp4<\/a><\/video><\/div><p><\/p>\n<p><\/p><\/center>\n\n\n\n<p>En el 2017, en el <a href=\"https:\/\/casadecampoliving.com\/es\/el-concierto-de-verano-de-wisin-y-maluma-en-altos-de-chavon-estuvo-ardiente\/\" target=\"_blank\" rel=\"noopener\">exitoso&nbsp;concierto&nbsp;que ofreci\u00f3 Wisin en Chav\u00f3n<\/a> \u2013en el que \u00e9ste recibi\u00f3 la sorpresiva aparici\u00f3n de Yandel\u2013, el d\u00fao present\u00f3 el tema \u201cComo antes\u201d, e interpretaron una selecci\u00f3n de sus mejores canciones, lo que provoc\u00f3 un entusiasmo inusitado entre el p\u00fablico presente y sus fan\u00e1ticos. Andr\u00e9s Pichardo, presidente de&nbsp;Casa de Campo Resort, manifest\u00f3 que \u201cpara nosotros es una gran satisfacci\u00f3n el recibir&nbsp; a uno de los d\u00faos m\u00e1s populares de la historia,&nbsp; en uno de los mejores momentos de sus carreras, lo que reafirma nuestro marcado inter\u00e9s en ofrecer los mejores shows en este m\u00e1gico escenario que es de todos\u201d.<\/p>\n\n\n<div class=\"wp-block-image wp-image-143166 size-full\">\n<figure class=\"aligncenter is-resized\"><img loading=\"lazy\" decoding=\"async\" src=\"https:\/\/i0.wp.com\/casadecampoliving.com\/wp-content\/uploads\/2022\/10\/IMG_2449-2-1.jpg?resize=1000%2C667&amp;ssl=1\" alt=\"\" class=\"wp-image-143166\" height=\"667\" width=\"1000\"\/><figcaption>Pic by Laura Perdomo taken on June 19th, 2017<\/figcaption><\/figure>\n<\/div>\n\n\n<p>El&nbsp;concierto&nbsp;de Wisin y Yandel cuenta con una producci\u00f3n del empresario&nbsp;Gamal Hach\u00e9, quien manifest\u00f3 que este ha sido un prolongado proceso hasta lograr la contrataci\u00f3n de estos dos populares int\u00e9rpretes para regresar a Altos de Chav\u00f3n. El espect\u00e1culo tiene el patrocinio oficial de Brugal, MasterCard y Grupo Viamar. Juan&nbsp;Luis Morera Luna y Llandel Veguilla, nombres de pila de Wisin &amp; Yandel respectivamente,&nbsp; se suman a la extensa cartelera de artistas que ha estado presentando Casa de Campo en los \u00faltimos a\u00f1os, entre los que se destacan Andrea Bocelli, Jennifer L\u00f3pez, Ricky Martin, Enrique Iglesias, Juan Luis Guerra, Marc Anthony, Maluma y J Balvin, entre otros, as\u00ed como recientemente el Dj franc\u00e9s David Guetta.<\/p>\n\n\n\n<p>Las boletas para este&nbsp;<span class=\"il\">concierto<\/span>&nbsp;estar\u00e1n disponibles en preventa exclusiva para clientes de MasterCard el 15 de febrero con un 15% de descuento, disponibles en UEPA Tickets, CCN Servicios en Supermercados Nacional, Jumbo, y en la oficina del Club de Due\u00f1os de Villas en Casa de Campo. Los precios para este evento, sin el descuento incluido, son RD$3,900 en General; RD$6,900 en \u00e1rea VIP.<\/p>\n\n\n\n<blockquote><h3>CONCIERTO DE WISING Y YANDEL&nbsp;<\/h3><figure><img decoding=\"async\" loading=\"lazy\" class=\"size-full wp-image-154068 aligncenter\" src=\"https:\/\/i0.wp.com\/casadecampoliving-wp.s3-accelerate.amazonaws.com\/2018\/02\/Screen-Shot-2018-02-06-at-12.20.42-PM.png?resize=599%2C600&amp;ssl=1\" alt=\"\" width=\"599\" height=\"600\" srcset=\"https:\/\/i0.wp.com\/casadecampoliving.com\/wp-content\/uploads\/2018\/02\/Screen-Shot-2018-02-06-at-12.20.42-PM.png?w=599&amp;ssl=1 599w, https:\/\/i0.wp.com\/casadecampoliving.com\/wp-content\/uploads\/2018\/02\/Screen-Shot-2018-02-06-at-12.20.42-PM.png?resize=150%2C150&amp;ssl=1 150w, https:\/\/i0.wp.com\/casadecampoliving.com\/wp-content\/uploads\/2018\/02\/Screen-Shot-2018-02-06-at-12.20.42-PM.png?resize=300%2C300&amp;ssl=1 300w, https:\/\/i0.wp.com\/casadecampoliving.com\/wp-content\/uploads\/2018\/02\/Screen-Shot-2018-02-06-at-12.20.42-PM.png?resize=80%2C80&amp;ssl=1 80w\" sizes=\"auto, (max-width: 599px) 100vw, 599px\"><\/figure><p><strong>D\u00f3nde<\/strong>: Anfiteatro de Altos de Chav\u00f3n<\/p><p><strong>Cu\u00e1ndo<\/strong>: S\u00e1bado, 31 de marzo de 2018 8:00 p.m.<\/p><p><strong>Puntos de Venta:<\/strong> Entradas UEPA, Club Due\u00f1o Casa de Campo, Servicios CCN en el Supermercado Nacional y Jumbo<\/p><p><strong>Precios<\/strong>: RD $ 3,900 en General; RD $ 6,900 en \u00e1rea VIP.<\/p><\/blockquote>\n","protected":false},"excerpt":{"rendered":"<p>El d\u00fao de la historia, Wisin y Yandel, regresa al pa\u00eds para escribir otro cap\u00edtulo de oro la noche del 31 de marzo, S\u00e1bado Santo, cuando se re\u00fanan en el escenario de Altos de Chav\u00f3n (La Romana), anfiteatro que han elegido para ofrecerle una noche \u00fanica e inolvidable a su fanaticada, la primera de una [&hellip;]<\/p>\n","protected":false},"author":36675,"featured_media":300616,"comment_status":"closed","ping_status":"closed","sticky":false,"template":"","format":"standard","meta":{"newspack_ads_suppress_ads":false,"newspack_popups_has_disabled_popups":false,"newspack_sponsor_sponsorship_scope":"","newspack_sponsor_native_byline_display":"inherit","newspack_sponsor_native_category_display":"inherit","newspack_sponsor_underwriter_style":"inherit","newspack_sponsor_underwriter_placement":"inherit","_newspack_byline_active":false,"_newspack_byline":"","newspack_hide_updated_date":false,"newspack_show_updated_date":false,"newspack_content_restriction_is_exempt":false,"newspack_featured_image_position":"","newspack_post_subtitle":"","newspack_article_summary_title":"Overview:","newspack_article_summary":"","_jetpack_memberships_contains_paid_content":false,"footnotes":"","jetpack_publicize_message":"","jetpack_publicize_feature_enabled":true,"jetpack_social_post_already_shared":false,"jetpack_social_options":{"image_generator_settings":{"template":"highway","default_image_id":0,"font":"","enabled":false},"version":2},"_wpas_customize_per_network":false},"categories":[26819,2513,2518,14631,2522,14627,2521,26822,19622,2531],"tags":[15387,3575,2814,18836,2963,22550,22555,14736,22554,22556,1074,20776,18002],"newspack_spnsrs_tax":[],"class_list":["post-352443","post","type-post","status-publish","format-standard","has-post-thumbnail","hentry","category-altos-de-chavon-es","category-celebridades-es","category-conciertos-es","category-estilo-de-vida","category-eventos-es","category-proximamente","category-republica-dominicana-2","category-resort-casa-de-campo","category-video-es-2","category-video-es","tag-altos-de-chavon-es","tag-altos-de-chavon-es-2","tag-anfiteatro","tag-concert-es-2","tag-concierto","tag-el-duo-de-la-historia","tag-entradas","tag-featured-topview-es","tag-precios","tag-proximos","tag-semana-santa","tag-wisin","tag-yandel","entry"],"yoast_head":"<!-- This site is optimized with the Yoast SEO plugin v27.4 - https:\/\/yoast.com\/product\/yoast-seo-wordpress\/ -->\n<title>\u00a1Wisin y Yandel vienen a Altos de Chav\u00f3n para el concierto de Semana Santa de este a\u00f1o! | Casa de Campo Living<\/title>\n<meta name=\"description\" content=\"El d\u00fao de la historia, Wisin y Yandel, regresa al pa\u00eds para escribir otro cap\u00edtulo de oro la noche del 31 de marzo, S\u00e1bado Santo, cuando se re\u00fanan en el\" \/>\n<meta name=\"robots\" content=\"index, follow, max-snippet:-1, max-image-preview:large, max-video-preview:-1\" \/>\n<link rel=\"canonical\" href=\"https:\/\/casadecampoliving.com\/es\/wisin-y-yandel-vienen-altos-de-chavon-para-el-concierto-de-semana-santa-de-este-ano\/\" \/>\n<meta property=\"og:locale\" content=\"es_ES\" \/>\n<meta property=\"og:type\" content=\"article\" \/>\n<meta property=\"og:title\" content=\"\u00a1Wisin y Yandel vienen a Altos de Chav\u00f3n para el concierto de Semana Santa de este a\u00f1o! | Casa de Campo Living\" \/>\n<meta property=\"og:description\" content=\"El d\u00fao de la historia, Wisin y Yandel, regresa al pa\u00eds para escribir otro cap\u00edtulo de oro la noche del 31 de marzo, S\u00e1bado Santo, cuando se re\u00fanan en el\" \/>\n<meta property=\"og:url\" content=\"https:\/\/casadecampoliving.com\/es\/wisin-y-yandel-vienen-altos-de-chavon-para-el-concierto-de-semana-santa-de-este-ano\/\" \/>\n<meta property=\"og:site_name\" content=\"Casa de Campo Living\" \/>\n<meta property=\"article:publisher\" content=\"https:\/\/www.facebook.com\/casadecampoliving\" \/>\n<meta property=\"article:published_time\" content=\"2018-02-06T04:00:00+00:00\" \/>\n<meta property=\"article:modified_time\" content=\"2022-10-21T23:09:33+00:00\" \/>\n<meta property=\"og:image\" content=\"https:\/\/i0.wp.com\/casadecampoliving.com\/wp-content\/uploads\/2022\/10\/IMG_2449-2-1.jpg?fit=1000%2C667&ssl=1\" \/>\n\t<meta property=\"og:image:width\" content=\"1000\" \/>\n\t<meta property=\"og:image:height\" content=\"667\" \/>\n\t<meta property=\"og:image:type\" content=\"image\/jpeg\" \/>\n<meta name=\"author\" content=\"Casa de Campo Resort\" \/>\n<meta name=\"twitter:card\" content=\"summary_large_image\" \/>\n<meta name=\"twitter:creator\" content=\"@cdcliving\" \/>\n<meta name=\"twitter:site\" content=\"@cdcliving\" \/>\n<meta name=\"twitter:label1\" content=\"Escrito por\" \/>\n\t<meta name=\"twitter:data1\" content=\"Casa de Campo Resort\" \/>\n\t<meta name=\"twitter:label2\" content=\"Tiempo de lectura\" \/>\n\t<meta name=\"twitter:data2\" content=\"3 minutos\" \/>\n<script type=\"application\/ld+json\" class=\"yoast-schema-graph\">{\"@context\":\"https:\\\/\\\/schema.org\",\"@graph\":[{\"@type\":\"Article\",\"@id\":\"https:\\\/\\\/casadecampoliving.com\\\/es\\\/wisin-y-yandel-vienen-altos-de-chavon-para-el-concierto-de-semana-santa-de-este-ano\\\/#article\",\"isPartOf\":{\"@id\":\"https:\\\/\\\/casadecampoliving.com\\\/es\\\/wisin-y-yandel-vienen-altos-de-chavon-para-el-concierto-de-semana-santa-de-este-ano\\\/\"},\"author\":{\"name\":\"Casa de Campo Resort\",\"@id\":\"https:\\\/\\\/casadecampoliving.com\\\/es\\\/#\\\/schema\\\/person\\\/52642ac476979f209529cc58bb6c9787\"},\"headline\":\"\u00a1Wisin y Yandel vienen a Altos de Chav\u00f3n para el concierto de Semana Santa de este a\u00f1o!\",\"datePublished\":\"2018-02-06T04:00:00+00:00\",\"dateModified\":\"2022-10-21T23:09:33+00:00\",\"mainEntityOfPage\":{\"@id\":\"https:\\\/\\\/casadecampoliving.com\\\/es\\\/wisin-y-yandel-vienen-altos-de-chavon-para-el-concierto-de-semana-santa-de-este-ano\\\/\"},\"wordCount\":535,\"publisher\":{\"@id\":\"https:\\\/\\\/casadecampoliving.com\\\/es\\\/#organization\"},\"image\":{\"@id\":\"https:\\\/\\\/casadecampoliving.com\\\/es\\\/wisin-y-yandel-vienen-altos-de-chavon-para-el-concierto-de-semana-santa-de-este-ano\\\/#primaryimage\"},\"thumbnailUrl\":\"https:\\\/\\\/i0.wp.com\\\/casadecampoliving.com\\\/wp-content\\\/uploads\\\/2022\\\/10\\\/IMG_2449-2-1.jpg?fit=1000%2C667&ssl=1\",\"keywords\":[\"Altos de Chavon\",\"Altos de Chavon -es\",\"anfiteatro\",\"concert\",\"concierto\",\"el duo de la historia\",\"entradas\",\"Featured-TopView @es\",\"precios\",\"Pr\u00f3ximos\",\"semana santa\",\"Wisin\",\"yandel\"],\"articleSection\":[\"Altos de Chavon @es\",\"Celebridades\",\"Conciertos\",\"Estilo de Vida\",\"Eventos\",\"Proximamente\",\"Rep\u00fablica Dominicana @es\",\"Resort Casa de Campo\",\"Video\",\"Video @es\"],\"inLanguage\":\"es\"},{\"@type\":\"WebPage\",\"@id\":\"https:\\\/\\\/casadecampoliving.com\\\/es\\\/wisin-y-yandel-vienen-altos-de-chavon-para-el-concierto-de-semana-santa-de-este-ano\\\/\",\"url\":\"https:\\\/\\\/casadecampoliving.com\\\/es\\\/wisin-y-yandel-vienen-altos-de-chavon-para-el-concierto-de-semana-santa-de-este-ano\\\/\",\"name\":\"\u00a1Wisin y Yandel vienen a Altos de Chav\u00f3n para el concierto de Semana Santa de este a\u00f1o! | Casa de Campo Living\",\"isPartOf\":{\"@id\":\"https:\\\/\\\/casadecampoliving.com\\\/es\\\/#website\"},\"primaryImageOfPage\":{\"@id\":\"https:\\\/\\\/casadecampoliving.com\\\/es\\\/wisin-y-yandel-vienen-altos-de-chavon-para-el-concierto-de-semana-santa-de-este-ano\\\/#primaryimage\"},\"image\":{\"@id\":\"https:\\\/\\\/casadecampoliving.com\\\/es\\\/wisin-y-yandel-vienen-altos-de-chavon-para-el-concierto-de-semana-santa-de-este-ano\\\/#primaryimage\"},\"thumbnailUrl\":\"https:\\\/\\\/i0.wp.com\\\/casadecampoliving.com\\\/wp-content\\\/uploads\\\/2022\\\/10\\\/IMG_2449-2-1.jpg?fit=1000%2C667&ssl=1\",\"datePublished\":\"2018-02-06T04:00:00+00:00\",\"dateModified\":\"2022-10-21T23:09:33+00:00\",\"description\":\"El d\u00fao de la historia, Wisin y Yandel, regresa al pa\u00eds para escribir otro cap\u00edtulo de oro la noche del 31 de marzo, S\u00e1bado Santo, cuando se re\u00fanan en el\",\"breadcrumb\":{\"@id\":\"https:\\\/\\\/casadecampoliving.com\\\/es\\\/wisin-y-yandel-vienen-altos-de-chavon-para-el-concierto-de-semana-santa-de-este-ano\\\/#breadcrumb\"},\"inLanguage\":\"es\",\"potentialAction\":[{\"@type\":\"ReadAction\",\"target\":[\"https:\\\/\\\/casadecampoliving.com\\\/es\\\/wisin-y-yandel-vienen-altos-de-chavon-para-el-concierto-de-semana-santa-de-este-ano\\\/\"]}]},{\"@type\":\"ImageObject\",\"inLanguage\":\"es\",\"@id\":\"https:\\\/\\\/casadecampoliving.com\\\/es\\\/wisin-y-yandel-vienen-altos-de-chavon-para-el-concierto-de-semana-santa-de-este-ano\\\/#primaryimage\",\"url\":\"https:\\\/\\\/i0.wp.com\\\/casadecampoliving.com\\\/wp-content\\\/uploads\\\/2022\\\/10\\\/IMG_2449-2-1.jpg?fit=1000%2C667&ssl=1\",\"contentUrl\":\"https:\\\/\\\/i0.wp.com\\\/casadecampoliving.com\\\/wp-content\\\/uploads\\\/2022\\\/10\\\/IMG_2449-2-1.jpg?fit=1000%2C667&ssl=1\",\"width\":1000,\"height\":667},{\"@type\":\"BreadcrumbList\",\"@id\":\"https:\\\/\\\/casadecampoliving.com\\\/es\\\/wisin-y-yandel-vienen-altos-de-chavon-para-el-concierto-de-semana-santa-de-este-ano\\\/#breadcrumb\",\"itemListElement\":[{\"@type\":\"ListItem\",\"position\":1,\"name\":\"Home\",\"item\":\"https:\\\/\\\/casadecampoliving.com\\\/es\\\/\"},{\"@type\":\"ListItem\",\"position\":2,\"name\":\"\u00a1Wisin y Yandel vienen a Altos de Chav\u00f3n para el concierto de Semana Santa de este a\u00f1o!\"}]},{\"@type\":\"WebSite\",\"@id\":\"https:\\\/\\\/casadecampoliving.com\\\/es\\\/#website\",\"url\":\"https:\\\/\\\/casadecampoliving.com\\\/es\\\/\",\"name\":\"Casa de Campo Living\",\"description\":\"Resort community news and resources.\",\"publisher\":{\"@id\":\"https:\\\/\\\/casadecampoliving.com\\\/es\\\/#organization\"},\"potentialAction\":[{\"@type\":\"SearchAction\",\"target\":{\"@type\":\"EntryPoint\",\"urlTemplate\":\"https:\\\/\\\/casadecampoliving.com\\\/es\\\/?s={search_term_string}\"},\"query-input\":{\"@type\":\"PropertyValueSpecification\",\"valueRequired\":true,\"valueName\":\"search_term_string\"}}],\"inLanguage\":\"es\"},{\"@type\":\"Organization\",\"@id\":\"https:\\\/\\\/casadecampoliving.com\\\/es\\\/#organization\",\"name\":\"Casa de Campo Living\",\"url\":\"https:\\\/\\\/casadecampoliving.com\\\/es\\\/\",\"logo\":{\"@type\":\"ImageObject\",\"inLanguage\":\"es\",\"@id\":\"https:\\\/\\\/casadecampoliving.com\\\/es\\\/#\\\/schema\\\/logo\\\/image\\\/\",\"url\":\"https:\\\/\\\/i0.wp.com\\\/casadecampoliving.com\\\/wp-content\\\/uploads\\\/2022\\\/07\\\/CDCLivingLogo_V1-white-sized.png?fit=800%2C214&ssl=1\",\"contentUrl\":\"https:\\\/\\\/i0.wp.com\\\/casadecampoliving.com\\\/wp-content\\\/uploads\\\/2022\\\/07\\\/CDCLivingLogo_V1-white-sized.png?fit=800%2C214&ssl=1\",\"width\":800,\"height\":214,\"caption\":\"Casa de Campo Living\"},\"image\":{\"@id\":\"https:\\\/\\\/casadecampoliving.com\\\/es\\\/#\\\/schema\\\/logo\\\/image\\\/\"},\"sameAs\":[\"https:\\\/\\\/www.facebook.com\\\/casadecampoliving\",\"https:\\\/\\\/x.com\\\/cdcliving\"]},{\"@type\":\"Person\",\"@id\":\"https:\\\/\\\/casadecampoliving.com\\\/es\\\/#\\\/schema\\\/person\\\/52642ac476979f209529cc58bb6c9787\",\"name\":\"Casa de Campo Resort\",\"image\":{\"@type\":\"ImageObject\",\"inLanguage\":\"es\",\"@id\":\"https:\\\/\\\/secure.gravatar.com\\\/avatar\\\/630e193f5d6de4142cc28292ac77a3b7ec1b8b66d948ac83f36a80720ef224d5?s=96&d=mm&r=g\",\"url\":\"https:\\\/\\\/secure.gravatar.com\\\/avatar\\\/630e193f5d6de4142cc28292ac77a3b7ec1b8b66d948ac83f36a80720ef224d5?s=96&d=mm&r=g\",\"contentUrl\":\"https:\\\/\\\/secure.gravatar.com\\\/avatar\\\/630e193f5d6de4142cc28292ac77a3b7ec1b8b66d948ac83f36a80720ef224d5?s=96&d=mm&r=g\",\"caption\":\"Casa de Campo Resort\"},\"url\":\"https:\\\/\\\/casadecampoliving.com\\\/es\\\/author\\\/cdc\\\/\"}]}<\/script>\n<!-- \/ Yoast SEO plugin. -->","yoast_head_json":{"title":"\u00a1Wisin y Yandel vienen a Altos de Chav\u00f3n para el concierto de Semana Santa de este a\u00f1o! | Casa de Campo Living","description":"El d\u00fao de la historia, Wisin y Yandel, regresa al pa\u00eds para escribir otro cap\u00edtulo de oro la noche del 31 de marzo, S\u00e1bado Santo, cuando se re\u00fanan en el","robots":{"index":"index","follow":"follow","max-snippet":"max-snippet:-1","max-image-preview":"max-image-preview:large","max-video-preview":"max-video-preview:-1"},"canonical":"https:\/\/casadecampoliving.com\/es\/wisin-y-yandel-vienen-altos-de-chavon-para-el-concierto-de-semana-santa-de-este-ano\/","og_locale":"es_ES","og_type":"article","og_title":"\u00a1Wisin y Yandel vienen a Altos de Chav\u00f3n para el concierto de Semana Santa de este a\u00f1o! | Casa de Campo Living","og_description":"El d\u00fao de la historia, Wisin y Yandel, regresa al pa\u00eds para escribir otro cap\u00edtulo de oro la noche del 31 de marzo, S\u00e1bado Santo, cuando se re\u00fanan en el","og_url":"https:\/\/casadecampoliving.com\/es\/wisin-y-yandel-vienen-altos-de-chavon-para-el-concierto-de-semana-santa-de-este-ano\/","og_site_name":"Casa de Campo Living","article_publisher":"https:\/\/www.facebook.com\/casadecampoliving","article_published_time":"2018-02-06T04:00:00+00:00","article_modified_time":"2022-10-21T23:09:33+00:00","og_image":[{"width":1000,"height":667,"url":"https:\/\/i0.wp.com\/casadecampoliving.com\/wp-content\/uploads\/2022\/10\/IMG_2449-2-1.jpg?fit=1000%2C667&ssl=1","type":"image\/jpeg"}],"author":"Casa de Campo Resort","twitter_card":"summary_large_image","twitter_creator":"@cdcliving","twitter_site":"@cdcliving","twitter_misc":{"Escrito por":"Casa de Campo Resort","Tiempo de lectura":"3 minutos"},"schema":{"@context":"https:\/\/schema.org","@graph":[{"@type":"Article","@id":"https:\/\/casadecampoliving.com\/es\/wisin-y-yandel-vienen-altos-de-chavon-para-el-concierto-de-semana-santa-de-este-ano\/#article","isPartOf":{"@id":"https:\/\/casadecampoliving.com\/es\/wisin-y-yandel-vienen-altos-de-chavon-para-el-concierto-de-semana-santa-de-este-ano\/"},"author":{"name":"Casa de Campo Resort","@id":"https:\/\/casadecampoliving.com\/es\/#\/schema\/person\/52642ac476979f209529cc58bb6c9787"},"headline":"\u00a1Wisin y Yandel vienen a Altos de Chav\u00f3n para el concierto de Semana Santa de este a\u00f1o!","datePublished":"2018-02-06T04:00:00+00:00","dateModified":"2022-10-21T23:09:33+00:00","mainEntityOfPage":{"@id":"https:\/\/casadecampoliving.com\/es\/wisin-y-yandel-vienen-altos-de-chavon-para-el-concierto-de-semana-santa-de-este-ano\/"},"wordCount":535,"publisher":{"@id":"https:\/\/casadecampoliving.com\/es\/#organization"},"image":{"@id":"https:\/\/casadecampoliving.com\/es\/wisin-y-yandel-vienen-altos-de-chavon-para-el-concierto-de-semana-santa-de-este-ano\/#primaryimage"},"thumbnailUrl":"https:\/\/i0.wp.com\/casadecampoliving.com\/wp-content\/uploads\/2022\/10\/IMG_2449-2-1.jpg?fit=1000%2C667&ssl=1","keywords":["Altos de Chavon","Altos de Chavon -es","anfiteatro","concert","concierto","el duo de la historia","entradas","Featured-TopView @es","precios","Pr\u00f3ximos","semana santa","Wisin","yandel"],"articleSection":["Altos de Chavon @es","Celebridades","Conciertos","Estilo de Vida","Eventos","Proximamente","Rep\u00fablica Dominicana @es","Resort Casa de Campo","Video","Video @es"],"inLanguage":"es"},{"@type":"WebPage","@id":"https:\/\/casadecampoliving.com\/es\/wisin-y-yandel-vienen-altos-de-chavon-para-el-concierto-de-semana-santa-de-este-ano\/","url":"https:\/\/casadecampoliving.com\/es\/wisin-y-yandel-vienen-altos-de-chavon-para-el-concierto-de-semana-santa-de-este-ano\/","name":"\u00a1Wisin y Yandel vienen a Altos de Chav\u00f3n para el concierto de Semana Santa de este a\u00f1o! | Casa de Campo Living","isPartOf":{"@id":"https:\/\/casadecampoliving.com\/es\/#website"},"primaryImageOfPage":{"@id":"https:\/\/casadecampoliving.com\/es\/wisin-y-yandel-vienen-altos-de-chavon-para-el-concierto-de-semana-santa-de-este-ano\/#primaryimage"},"image":{"@id":"https:\/\/casadecampoliving.com\/es\/wisin-y-yandel-vienen-altos-de-chavon-para-el-concierto-de-semana-santa-de-este-ano\/#primaryimage"},"thumbnailUrl":"https:\/\/i0.wp.com\/casadecampoliving.com\/wp-content\/uploads\/2022\/10\/IMG_2449-2-1.jpg?fit=1000%2C667&ssl=1","datePublished":"2018-02-06T04:00:00+00:00","dateModified":"2022-10-21T23:09:33+00:00","description":"El d\u00fao de la historia, Wisin y Yandel, regresa al pa\u00eds para escribir otro cap\u00edtulo de oro la noche del 31 de marzo, S\u00e1bado Santo, cuando se re\u00fanan en el","breadcrumb":{"@id":"https:\/\/casadecampoliving.com\/es\/wisin-y-yandel-vienen-altos-de-chavon-para-el-concierto-de-semana-santa-de-este-ano\/#breadcrumb"},"inLanguage":"es","potentialAction":[{"@type":"ReadAction","target":["https:\/\/casadecampoliving.com\/es\/wisin-y-yandel-vienen-altos-de-chavon-para-el-concierto-de-semana-santa-de-este-ano\/"]}]},{"@type":"ImageObject","inLanguage":"es","@id":"https:\/\/casadecampoliving.com\/es\/wisin-y-yandel-vienen-altos-de-chavon-para-el-concierto-de-semana-santa-de-este-ano\/#primaryimage","url":"https:\/\/i0.wp.com\/casadecampoliving.com\/wp-content\/uploads\/2022\/10\/IMG_2449-2-1.jpg?fit=1000%2C667&ssl=1","contentUrl":"https:\/\/i0.wp.com\/casadecampoliving.com\/wp-content\/uploads\/2022\/10\/IMG_2449-2-1.jpg?fit=1000%2C667&ssl=1","width":1000,"height":667},{"@type":"BreadcrumbList","@id":"https:\/\/casadecampoliving.com\/es\/wisin-y-yandel-vienen-altos-de-chavon-para-el-concierto-de-semana-santa-de-este-ano\/#breadcrumb","itemListElement":[{"@type":"ListItem","position":1,"name":"Home","item":"https:\/\/casadecampoliving.com\/es\/"},{"@type":"ListItem","position":2,"name":"\u00a1Wisin y Yandel vienen a Altos de Chav\u00f3n para el concierto de Semana Santa de este a\u00f1o!"}]},{"@type":"WebSite","@id":"https:\/\/casadecampoliving.com\/es\/#website","url":"https:\/\/casadecampoliving.com\/es\/","name":"Casa de Campo Living","description":"Resort community news and resources.","publisher":{"@id":"https:\/\/casadecampoliving.com\/es\/#organization"},"potentialAction":[{"@type":"SearchAction","target":{"@type":"EntryPoint","urlTemplate":"https:\/\/casadecampoliving.com\/es\/?s={search_term_string}"},"query-input":{"@type":"PropertyValueSpecification","valueRequired":true,"valueName":"search_term_string"}}],"inLanguage":"es"},{"@type":"Organization","@id":"https:\/\/casadecampoliving.com\/es\/#organization","name":"Casa de Campo Living","url":"https:\/\/casadecampoliving.com\/es\/","logo":{"@type":"ImageObject","inLanguage":"es","@id":"https:\/\/casadecampoliving.com\/es\/#\/schema\/logo\/image\/","url":"https:\/\/i0.wp.com\/casadecampoliving.com\/wp-content\/uploads\/2022\/07\/CDCLivingLogo_V1-white-sized.png?fit=800%2C214&ssl=1","contentUrl":"https:\/\/i0.wp.com\/casadecampoliving.com\/wp-content\/uploads\/2022\/07\/CDCLivingLogo_V1-white-sized.png?fit=800%2C214&ssl=1","width":800,"height":214,"caption":"Casa de Campo Living"},"image":{"@id":"https:\/\/casadecampoliving.com\/es\/#\/schema\/logo\/image\/"},"sameAs":["https:\/\/www.facebook.com\/casadecampoliving","https:\/\/x.com\/cdcliving"]},{"@type":"Person","@id":"https:\/\/casadecampoliving.com\/es\/#\/schema\/person\/52642ac476979f209529cc58bb6c9787","name":"Casa de Campo Resort","image":{"@type":"ImageObject","inLanguage":"es","@id":"https:\/\/secure.gravatar.com\/avatar\/630e193f5d6de4142cc28292ac77a3b7ec1b8b66d948ac83f36a80720ef224d5?s=96&d=mm&r=g","url":"https:\/\/secure.gravatar.com\/avatar\/630e193f5d6de4142cc28292ac77a3b7ec1b8b66d948ac83f36a80720ef224d5?s=96&d=mm&r=g","contentUrl":"https:\/\/secure.gravatar.com\/avatar\/630e193f5d6de4142cc28292ac77a3b7ec1b8b66d948ac83f36a80720ef224d5?s=96&d=mm&r=g","caption":"Casa de Campo Resort"},"url":"https:\/\/casadecampoliving.com\/es\/author\/cdc\/"}]}},"parsely":{"version":"1.1.0","canonical_url":"https:\/\/casadecampoliving.com\/es\/wisin-y-yandel-vienen-altos-de-chavon-para-el-concierto-de-semana-santa-de-este-ano\/","smart_links":{"inbound":0,"outbound":0},"traffic_boost_suggestions_count":0,"meta":{"@context":"https:\/\/schema.org","@type":"NewsArticle","headline":"\u00a1Wisin y Yandel vienen a Altos de Chav\u00f3n para el concierto de Semana Santa de este a\u00f1o!","url":"http:\/\/casadecampoliving.com\/es\/wisin-y-yandel-vienen-altos-de-chavon-para-el-concierto-de-semana-santa-de-este-ano\/","mainEntityOfPage":{"@type":"WebPage","@id":"http:\/\/casadecampoliving.com\/es\/wisin-y-yandel-vienen-altos-de-chavon-para-el-concierto-de-semana-santa-de-este-ano\/"},"thumbnailUrl":"https:\/\/i0.wp.com\/casadecampoliving.com\/wp-content\/uploads\/2022\/10\/IMG_2449-2-1.jpg?resize=150%2C150&ssl=1","image":{"@type":"ImageObject","url":"https:\/\/i0.wp.com\/casadecampoliving.com\/wp-content\/uploads\/2022\/10\/IMG_2449-2-1.jpg?fit=1000%2C667&ssl=1"},"articleSection":"Altos de Chavon @es","author":[{"@type":"Person","name":"Casa de Campo Resort"}],"creator":["Casa de Campo Resort"],"publisher":{"@type":"Organization","name":"Casa de Campo Living","logo":"https:\/\/casadecampoliving.com\/wp-content\/uploads\/2022\/07\/CDCLivingLogo_V1-white-sized.png"},"keywords":["altos de chavon","altos de chavon -es","anfiteatro","concert","concierto","el duo de la historia","entradas","featured-topview @es","precios","pr\u00f3ximos","semana santa","wisin","yandel"],"dateCreated":"2018-02-06T04:00:00Z","datePublished":"2018-02-06T04:00:00Z","dateModified":"2022-10-21T23:09:33Z"},"rendered":"<script type=\"application\/ld+json\" class=\"wp-parsely-metadata\">{\"@context\":\"https:\\\/\\\/schema.org\",\"@type\":\"NewsArticle\",\"headline\":\"\\u00a1Wisin y Yandel vienen a Altos de Chav\\u00f3n para el concierto de Semana Santa de este a\\u00f1o!\",\"url\":\"http:\\\/\\\/casadecampoliving.com\\\/es\\\/wisin-y-yandel-vienen-altos-de-chavon-para-el-concierto-de-semana-santa-de-este-ano\\\/\",\"mainEntityOfPage\":{\"@type\":\"WebPage\",\"@id\":\"http:\\\/\\\/casadecampoliving.com\\\/es\\\/wisin-y-yandel-vienen-altos-de-chavon-para-el-concierto-de-semana-santa-de-este-ano\\\/\"},\"thumbnailUrl\":\"https:\\\/\\\/i0.wp.com\\\/casadecampoliving.com\\\/wp-content\\\/uploads\\\/2022\\\/10\\\/IMG_2449-2-1.jpg?resize=150%2C150&ssl=1\",\"image\":{\"@type\":\"ImageObject\",\"url\":\"https:\\\/\\\/i0.wp.com\\\/casadecampoliving.com\\\/wp-content\\\/uploads\\\/2022\\\/10\\\/IMG_2449-2-1.jpg?fit=1000%2C667&ssl=1\"},\"articleSection\":\"Altos de Chavon @es\",\"author\":[{\"@type\":\"Person\",\"name\":\"Casa de Campo Resort\"}],\"creator\":[\"Casa de Campo Resort\"],\"publisher\":{\"@type\":\"Organization\",\"name\":\"Casa de Campo Living\",\"logo\":\"https:\\\/\\\/casadecampoliving.com\\\/wp-content\\\/uploads\\\/2022\\\/07\\\/CDCLivingLogo_V1-white-sized.png\"},\"keywords\":[\"altos de chavon\",\"altos de chavon -es\",\"anfiteatro\",\"concert\",\"concierto\",\"el duo de la historia\",\"entradas\",\"featured-topview @es\",\"precios\",\"pr\\u00f3ximos\",\"semana santa\",\"wisin\",\"yandel\"],\"dateCreated\":\"2018-02-06T04:00:00Z\",\"datePublished\":\"2018-02-06T04:00:00Z\",\"dateModified\":\"2022-10-21T23:09:33Z\"}<\/script>","tracker_url":"https:\/\/cdn.parsely.com\/keys\/casadecampoliving.com\/p.js"},"jetpack_publicize_connections":[],"jetpack_featured_media_url":"https:\/\/i0.wp.com\/casadecampoliving.com\/wp-content\/uploads\/2022\/10\/IMG_2449-2-1.jpg?fit=1000%2C667&ssl=1","jetpack-related-posts":[{"id":351376,"url":"https:\/\/casadecampoliving.com\/es\/actualizacion-confirmado-marc-anthony-y-gente-de-zona-seran-los-artistas-invitados-en-el-concierto-de-jennifer-lopez\/","url_meta":{"origin":352443,"position":0},"title":"ACTUALIZACI\u00d3N: CONFIRMADO Marc Anthony y Gente de Zona acompa\u00f1aran a Jennifer Lopez durante su presentaci\u00f3n","author":"Heather Lincoln","date":"13 Abr, 2017","format":false,"excerpt":"SE CONFIRM\u00d3, la famosa superestrella Jennifer L\u00f3pez, que se\u00a0presentar\u00e1 en Altos de Chav\u00f3n en tan s\u00f3lo dos d\u00edas, \u00a1tambi\u00e9n se contar\u00e1 con la actuaci\u00f3n de\u00a0Marc Anthony y Gente de Zona!!! Todav\u00eda estamos esperando la confirmaci\u00f3n de\u00a0si Yandel tambi\u00e9n formara parte del espect\u00e1culo. Con un n\u00famero r\u00e9cord de artistas, sin duda\u2026","rel":"","context":"En \u00abAltos de Chavon @es\u00bb","block_context":{"text":"Altos de Chavon @es","link":"https:\/\/casadecampoliving.com\/category\/altos-de-chavon-es\/"},"img":{"alt_text":"Jennifer Lopez","src":"https:\/\/i0.wp.com\/casadecampoliving.com\/wp-content\/uploads\/2022\/10\/j.lo_-e1492114925975.jpg?fit=1000%2C600&ssl=1&resize=350%2C200","width":350,"height":200,"srcset":"https:\/\/i0.wp.com\/casadecampoliving.com\/wp-content\/uploads\/2022\/10\/j.lo_-e1492114925975.jpg?fit=1000%2C600&ssl=1&resize=350%2C200 1x, https:\/\/i0.wp.com\/casadecampoliving.com\/wp-content\/uploads\/2022\/10\/j.lo_-e1492114925975.jpg?fit=1000%2C600&ssl=1&resize=525%2C300 1.5x, https:\/\/i0.wp.com\/casadecampoliving.com\/wp-content\/uploads\/2022\/10\/j.lo_-e1492114925975.jpg?fit=1000%2C600&ssl=1&resize=700%2C400 2x"},"classes":[]},{"id":352562,"url":"https:\/\/casadecampoliving.com\/es\/estan-listos-para-los-lideres-nosotros-si\/","url_meta":{"origin":352443,"position":1},"title":"\u00bfEst\u00e1n listos para los l\u00edderes? \u00a1Nosotros si!","author":"Gallagher Foxworthy","date":"28 Mar, 2018","format":false,"excerpt":"\u00a1Este fin de semana, Wisin y Yandel vendr\u00e1n a Altos de Chav\u00f3n para organizar su primer show juntos en 5 a\u00f1os! La \u00faltima vez que Wisin y Yandel hicieron un concierto oficial juntos fue en 2013, y desde entonces han hecho apariciones especiales en los shows de cada uno, sorprendiendo\u2026","rel":"","context":"En \u00abAltos de Chavon @es\u00bb","block_context":{"text":"Altos de Chavon @es","link":"https:\/\/casadecampoliving.com\/category\/altos-de-chavon-es\/"},"img":{"alt_text":"","src":"https:\/\/i0.wp.com\/casadecampoliving.com\/wp-content\/uploads\/2018\/03\/IMG_2376-1.jpg?resize=350%2C200&ssl=1","width":350,"height":200,"srcset":"https:\/\/i0.wp.com\/casadecampoliving.com\/wp-content\/uploads\/2018\/03\/IMG_2376-1.jpg?resize=350%2C200&ssl=1 1x, https:\/\/i0.wp.com\/casadecampoliving.com\/wp-content\/uploads\/2018\/03\/IMG_2376-1.jpg?resize=525%2C300&ssl=1 1.5x, https:\/\/i0.wp.com\/casadecampoliving.com\/wp-content\/uploads\/2018\/03\/IMG_2376-1.jpg?resize=700%2C400&ssl=1 2x"},"classes":[]},{"id":351782,"url":"https:\/\/casadecampoliving.com\/es\/casa-de-campo-anuncia-su-proximo-concierto-yandel-y-cnco\/","url_meta":{"origin":352443,"position":2},"title":"Casa de Campo anuncia su pr\u00f3ximo concierto: \u00a1Yandel y CNCO!!","author":"Marlenys Guzm\u00e1n Casta\u00f1os","date":"31 Jul, 2017","format":false,"excerpt":"\u00a1ATENCI\u00d3N, ATENCI\u00d3N! \u00a1Casa de Campo ha anunciado su concierto de cierre del verano! M\u00e1s pronto de lo que esper\u00e1bamos, podremos disfrutar una vez m\u00e1s de todos los \u00e9xitos de Yandel \u00a1y por primera vez en Altos de Chav\u00f3n el\u00a0\u201cboy band\u201d, CNCO! En los \u00faltimos meses, muchos artistas se han presentado\u2026","rel":"","context":"En \u00abAltos de Chavon @es\u00bb","block_context":{"text":"Altos de Chavon @es","link":"https:\/\/casadecampoliving.com\/category\/altos-de-chavon-es\/"},"img":{"alt_text":"","src":"https:\/\/i0.wp.com\/casadecampoliving.com\/wp-content\/uploads\/2022\/10\/Y_Promo_03.jpg?fit=1000%2C600&ssl=1&resize=350%2C200","width":350,"height":200,"srcset":"https:\/\/i0.wp.com\/casadecampoliving.com\/wp-content\/uploads\/2022\/10\/Y_Promo_03.jpg?fit=1000%2C600&ssl=1&resize=350%2C200 1x, https:\/\/i0.wp.com\/casadecampoliving.com\/wp-content\/uploads\/2022\/10\/Y_Promo_03.jpg?fit=1000%2C600&ssl=1&resize=525%2C300 1.5x, https:\/\/i0.wp.com\/casadecampoliving.com\/wp-content\/uploads\/2022\/10\/Y_Promo_03.jpg?fit=1000%2C600&ssl=1&resize=700%2C400 2x"},"classes":[]},{"id":352575,"url":"https:\/\/casadecampoliving.com\/es\/despues-de-cinco-anos-wisin-y-yandel-estan-junto-de-nuevo\/","url_meta":{"origin":352443,"position":3},"title":"\u00a1Despu\u00e9s de cinco a\u00f1os, Wisin y Yandel est\u00e1n junto de nuevo!","author":"Marlenys Guzm\u00e1n Casta\u00f1os","date":"2 Abr, 2018","format":false,"excerpt":"Despu\u00e9s de a\u00f1os de espera y de actuar juntos en varias ocasiones como invitados especiales de uno del otro, el d\u00fao de reggaet\u00f3n anunci\u00f3 a principios de este a\u00f1o su regreso con una gira mundial que comenzar\u00eda en nada menos que en nuestro ic\u00f3nico anfiteatro. El pasado s\u00e1bado, 31 de\u2026","rel":"","context":"En \u00abAltos de Chavon @es\u00bb","block_context":{"text":"Altos de Chavon @es","link":"https:\/\/casadecampoliving.com\/category\/altos-de-chavon-es\/"},"img":{"alt_text":"EJ4B4898","src":"https:\/\/i0.wp.com\/casadecampoliving.com\/wp-content\/uploads\/2022\/10\/EJ4B4898.jpg?resize=350%2C200","width":350,"height":200,"srcset":"https:\/\/i0.wp.com\/casadecampoliving.com\/wp-content\/uploads\/2022\/10\/EJ4B4898.jpg?resize=350%2C200 1x, https:\/\/i0.wp.com\/casadecampoliving.com\/wp-content\/uploads\/2022\/10\/EJ4B4898.jpg?resize=525%2C300 1.5x"},"classes":[]},{"id":433460,"url":"https:\/\/casadecampoliving.com\/es\/no-se-pierdan-el-increible-tributo-a-frank-sinatra-para-celebrar-el-40-aniversario-del-anfiteatro-altos-de-chavon\/","url_meta":{"origin":352443,"position":4},"title":"No se pierdan el incre\u00edble tributo a Frank Sinatra para celebrar el 40 aniversario del\u00a0Anfiteatro Altos de Chav\u00f3n","author":"Casa de Campo Living","date":"20 Oct, 2022","format":false,"excerpt":"Siendo uno de los escenarios m\u00e1s emblem\u00e1ticos del pa\u00eds, Casa de Campo Resort\u00ae & Villas celebra las cuatro d\u00e9cadas de aniversario de Altos de Chav\u00f3n con un tributo al gran Frank Sinatra, protagonizado por artistas invitados y una big band tal cual la que acompa\u00f1\u00f3 al artista hace 40 a\u00f1os\u2026","rel":"","context":"En \u00abUncategorized @es\u00bb","block_context":{"text":"Uncategorized @es","link":"https:\/\/casadecampoliving.com\/es\/category\/uncategorized-es\/"},"img":{"alt_text":"","src":"https:\/\/i0.wp.com\/casadecampoliving.com\/wp-content\/uploads\/2022\/10\/Tributo-Frank-Sinatra-Foto-Principal-Amaury-Sanchez-Danilo-Ginebra-Andres-Pichardo-y-Jose-Gabriel-Perez-.jpg?fit=1200%2C873&ssl=1&resize=350%2C200","width":350,"height":200,"srcset":"https:\/\/i0.wp.com\/casadecampoliving.com\/wp-content\/uploads\/2022\/10\/Tributo-Frank-Sinatra-Foto-Principal-Amaury-Sanchez-Danilo-Ginebra-Andres-Pichardo-y-Jose-Gabriel-Perez-.jpg?fit=1200%2C873&ssl=1&resize=350%2C200 1x, https:\/\/i0.wp.com\/casadecampoliving.com\/wp-content\/uploads\/2022\/10\/Tributo-Frank-Sinatra-Foto-Principal-Amaury-Sanchez-Danilo-Ginebra-Andres-Pichardo-y-Jose-Gabriel-Perez-.jpg?fit=1200%2C873&ssl=1&resize=525%2C300 1.5x, https:\/\/i0.wp.com\/casadecampoliving.com\/wp-content\/uploads\/2022\/10\/Tributo-Frank-Sinatra-Foto-Principal-Amaury-Sanchez-Danilo-Ginebra-Andres-Pichardo-y-Jose-Gabriel-Perez-.jpg?fit=1200%2C873&ssl=1&resize=700%2C400 2x, https:\/\/i0.wp.com\/casadecampoliving.com\/wp-content\/uploads\/2022\/10\/Tributo-Frank-Sinatra-Foto-Principal-Amaury-Sanchez-Danilo-Ginebra-Andres-Pichardo-y-Jose-Gabriel-Perez-.jpg?fit=1200%2C873&ssl=1&resize=1050%2C600 3x"},"classes":[]},{"id":351904,"url":"https:\/\/casadecampoliving.com\/es\/compra-tus-boletas-para-el-concierto-de-fin-de-verano-de-yandel-cnco\/","url_meta":{"origin":352443,"position":5},"title":"\u00a1Compra tus boletas para el concierto de fin de verano de Yandel &#038; CNCO!","author":"Marlenys Guzm\u00e1n Casta\u00f1os","date":"28 Ago, 2017","format":false,"excerpt":"En menos de un mes, el s\u00e1bado 16 de septiembre, Yandel y CNCO se presentar\u00e1n en el anfiteatro Altos de Chav\u00f3n para el concierto de fin del verano de Casa de Campo. El anuncio no lleg\u00f3 mucho despu\u00e9s del espectacular concierto de Wisin y Maluma, \u00a1y la gente est\u00e1 esperando\u2026","rel":"","context":"En \u00abAltos de Chavon @es\u00bb","block_context":{"text":"Altos de Chavon @es","link":"https:\/\/casadecampoliving.com\/category\/altos-de-chavon-es\/"},"img":{"alt_text":"","src":"https:\/\/i0.wp.com\/casadecampoliving.com\/wp-content\/uploads\/2022\/10\/CNCO-tu-mundo.jpg?fit=1000%2C601&ssl=1&resize=350%2C200","width":350,"height":200,"srcset":"https:\/\/i0.wp.com\/casadecampoliving.com\/wp-content\/uploads\/2022\/10\/CNCO-tu-mundo.jpg?fit=1000%2C601&ssl=1&resize=350%2C200 1x, https:\/\/i0.wp.com\/casadecampoliving.com\/wp-content\/uploads\/2022\/10\/CNCO-tu-mundo.jpg?fit=1000%2C601&ssl=1&resize=525%2C300 1.5x, https:\/\/i0.wp.com\/casadecampoliving.com\/wp-content\/uploads\/2022\/10\/CNCO-tu-mundo.jpg?fit=1000%2C601&ssl=1&resize=700%2C400 2x"},"classes":[]}],"jetpack_sharing_enabled":true,"_links":{"self":[{"href":"https:\/\/casadecampoliving.com\/es\/wp-json\/wp\/v2\/posts\/352443","targetHints":{"allow":["GET"]}}],"collection":[{"href":"https:\/\/casadecampoliving.com\/es\/wp-json\/wp\/v2\/posts"}],"about":[{"href":"https:\/\/casadecampoliving.com\/es\/wp-json\/wp\/v2\/types\/post"}],"author":[{"embeddable":true,"href":"https:\/\/casadecampoliving.com\/es\/wp-json\/wp\/v2\/users\/36675"}],"replies":[{"embeddable":true,"href":"https:\/\/casadecampoliving.com\/es\/wp-json\/wp\/v2\/comments?post=352443"}],"version-history":[{"count":1,"href":"https:\/\/casadecampoliving.com\/es\/wp-json\/wp\/v2\/posts\/352443\/revisions"}],"predecessor-version":[{"id":352444,"href":"https:\/\/casadecampoliving.com\/es\/wp-json\/wp\/v2\/posts\/352443\/revisions\/352444"}],"wp:featuredmedia":[{"embeddable":true,"href":"https:\/\/casadecampoliving.com\/es\/wp-json\/wp\/v2\/media\/300616"}],"wp:attachment":[{"href":"https:\/\/casadecampoliving.com\/es\/wp-json\/wp\/v2\/media?parent=352443"}],"wp:term":[{"taxonomy":"category","embeddable":true,"href":"https:\/\/casadecampoliving.com\/es\/wp-json\/wp\/v2\/categories?post=352443"},{"taxonomy":"post_tag","embeddable":true,"href":"https:\/\/casadecampoliving.com\/es\/wp-json\/wp\/v2\/tags?post=352443"},{"taxonomy":"newspack_spnsrs_tax","embeddable":true,"href":"https:\/\/casadecampoliving.com\/es\/wp-json\/wp\/v2\/newspack_spnsrs_tax?post=352443"}],"curies":[{"name":"wp","href":"https:\/\/api.w.org\/{rel}","templated":true}]}}