{"id":352398,"date":"2018-01-17T00:00:00","date_gmt":"2018-01-17T04:00:00","guid":{"rendered":"https:\/\/casadecampoliving.com\/2018-artistas-en-residencia-de-la-iniciativa-de-arte-davidoff-en-casa-quien\/"},"modified":"2022-10-21T19:06:13","modified_gmt":"2022-10-21T23:06:13","slug":"2018-artistas-en-residencia-de-la-iniciativa-de-arte-davidoff-en-casa-quien","status":"publish","type":"post","link":"https:\/\/casadecampoliving.com\/es\/2018-artistas-en-residencia-de-la-iniciativa-de-arte-davidoff-en-casa-quien\/","title":{"rendered":"Conozca a los nuevos Artistas en Residencia de la Iniciativa de Arte Davidoff en Casa Quien"},"content":{"rendered":"\n<p>Los artistas participantes en el programa Artistas en Residencia de 2018 de la Iniciativa de Arte Davidoff ser\u00e1n presentados el 25 de enero en Casa Quien en Santo Domingo. Mimi Cherono Ng\u2019ok, Candice Lin, Jan Peter Hammer y Paul Maheke, a quienes se les unir\u00e1 la fundadora y editora de Artishock Revista, Alejandra Villasmil y el artista curator, Christopher K. Ho, se alojar\u00e1n en Altos de Chav\u00f3n hasta abril. <\/p>\n\n\n\n<!--more-->\n\n\n\n<p>La Iniciativa y Residencia Art\u00edstica Davidoff ofrece a los participantes muchas oportunidades para conectarse con la comunidad cultural dominicana y otros residentes de Altos de Chav\u00f3n, al mismo tiempo que realizan su propio trabajo. Cada participante aprovecha la oportunidad para trabajar y fortalecer sus habilidades, escultura, instalaci\u00f3n, performance, fotograf\u00eda y video, entre otros, participando activamente en el tejido social y cultural de la Rep\u00fablica Dominicana.<\/p>\n\n\n\n<p>El grupo de Artistas en Residencia 2018 complementa y basa su enfoque en el programa de Bellas Artes de la Escuela de Dise\u00f1o de Chav\u00f3n, ofreciendo a los estudiantes la oportunidad de realizar investigaciones sobre estos g\u00e9neros con sus respectivos artistas. Con Altos de Chav\u00f3n siendo la villa de los artistas, \u00a1estamos seguros de que podr\u00e1n encontrar inspiraci\u00f3n e inspirar a donde quiera que vayan! Esperamos verlos alcanzar una nueva visi\u00f3n y perspectiva y compartirla con la comunidad de Casa.<\/p>\n\n\n\n<p><a href=\"https:\/\/casadecampoliving.com\/es\/el-davidoff-international-art-residency-en-las-instalaciones-de-altos-de-chavon-dara-la-bienvenida-creativos-de-5-paises-diferentes\/\" target=\"_blank\" rel=\"noopener\">Ya sabemos un poco sobre sus or\u00edgenes,<\/a> pero esta es la oportunidad perfecta para conocer y saludar a los artistas, aprender sobre su trabajo y escuchar lo que aspiran lograr durante su tiempo aqu\u00ed. As\u00ed que si est\u00e1s en Santo Domingo el pr\u00f3ximo jueves, 25 de enero, \u00a1no olvides pasar por alla!<\/p>\n\n\n\n<p>*<em>&nbsp;Imagen principal de una edici\u00f3n de la Inicitiva de Arte Davidoff: Cathlenn Mooses en su estudio&nbsp;<\/em><\/p>\n\n\n\n<blockquote><h3>PRESENTACI\u00d3N DE ARTISTAS EN RESIDENCIA DE LA INICIATIVA DE ARTE DAVIDOFF<\/h3><h4><strong>Mimi Cherono Ng\u2019ok \u2022&nbsp;Candice Lin \u2022&nbsp;Jan Peter Hammer \u2022 Paul Maheke \u2022 Alejandra Villasmil \u2022 Christopher K. Ho <\/strong><\/h4><figure><img decoding=\"async\" loading=\"lazy\" class=\"aligncenter size-full wp-image-153670\" src=\"https:\/\/i0.wp.com\/casadecampoliving-wp.s3-accelerate.amazonaws.com\/2018\/01\/DAVIDOFF2018-2-page-001.jpg?resize=750%2C1050&amp;ssl=1\" alt=\"\" width=\"750\" height=\"1050\" srcset=\"https:\/\/i0.wp.com\/casadecampoliving.com\/wp-content\/uploads\/2018\/01\/DAVIDOFF2018-2-page-001.jpg?w=750&amp;ssl=1 750w, https:\/\/i0.wp.com\/casadecampoliving.com\/wp-content\/uploads\/2018\/01\/DAVIDOFF2018-2-page-001.jpg?resize=214%2C300&amp;ssl=1 214w, https:\/\/i0.wp.com\/casadecampoliving.com\/wp-content\/uploads\/2018\/01\/DAVIDOFF2018-2-page-001.jpg?resize=731%2C1024&amp;ssl=1 731w\" sizes=\"auto, (max-width: 750px) 100vw, 750px\"><\/figure><p><strong>Qu\u00e9:<\/strong> Presentaci\u00f3n de los artistas participantes de la Iniciativa Art\u00edstica Davidoff en Altos de Chav\u00f3n.<\/p><p><strong>Cu\u00e1ndo:<\/strong> jueves, 25 de enero a las 6:30 p.m.<\/p><p><strong>D\u00f3nde:<\/strong> Casa Quien, Zona Colonial, Santo Domingo<\/p><p>Para m\u00e1s detalles contactar: \u200b\u200b809-689-0842<\/p><\/blockquote>\n\n\n\n<blockquote><p><a href=\"https:\/\/casadecampoliving.com\/es\/el-davidoff-international-art-residency-en-las-instalaciones-de-altos-de-chavon-dara-la-bienvenida-creativos-de-5-paises-diferentes\/\" target=\"_blank\" rel=\"noopener\"><strong>El Davidoff International Art Residency dar\u00e1 la bienvenida a creativos de 5 pa\u00edses diferentes<\/strong><\/a><\/p><figure><a href=\"https:\/\/casadecampoliving.com\/es\/el-davidoff-international-art-residency-en-las-instalaciones-de-altos-de-chavon-dara-la-bienvenida-creativos-de-5-paises-diferentes\/\" target=\"_blank\" rel=\"noopener\"><img decoding=\"async\" loading=\"lazy\" class=\"aligncenter size-full wp-image-133526\" src=\"https:\/\/i0.wp.com\/casadecampoliving.com\/wp-content\/uploads\/2022\/10\/Davidoff_Art_Day-65-e1511962872648-1.jpg?resize=1000%2C667&amp;ssl=1\" alt=\"\" width=\"1000\" height=\"667\"><\/a><\/figure><p>La Iniciativa de Arte Davidoff (Davidoff Art Initiative) en asociaci\u00f3n con la Escuela de Dise\u00f1o Altos de Chav\u00f3n anunci\u00f3 el pr\u00f3ximo grupo de artistas que participar\u00e1n en la Residencia Internacional de Arte Davidoff en las instalaciones de Altos de Chav\u00f3n, del 20 de enero al 1 de abril de 2018. En lo que han calificado como su grupo m\u00e1s diverso, la cuarta edici\u00f3n de la residencia art\u00edstica en Altos de Chav\u00f3n dar\u00e1 la bienvenida a artistas de Estados Unidos, Francia, Kenia, Alemania y Venezuela. <a href=\"https:\/\/casadecampoliving.com\/es\/el-davidoff-international-art-residency-en-las-instalaciones-de-altos-de-chavon-dara-la-bienvenida-creativos-de-5-paises-diferentes\/\" target=\"_blank\" rel=\"noopener\">Seguir leyendo aqu\u00ed<\/a>.<\/p><\/blockquote>\n\n\n\n<blockquote><h3 style=\"text-align: justify;\"><strong>ABOUT THE DAVIDOFF ART INITIATIVE RESIDENCY<\/strong><\/h3><figure><img decoding=\"async\" loading=\"lazy\" class=\"size-full wp-image-117843 alignright\" src=\"https:\/\/i0.wp.com\/casadecampoliving.com\/wp-content\/uploads\/2022\/10\/Davidoff-Art-Initiative-logo-1-e1466426608322.png?resize=150%2C92&amp;ssl=1\" alt=\"Davidoff Art Initiative logo\" width=\"150\" height=\"92\"><\/figure><p style=\"text-align: justify;\">The centerpiece of the Davidoff Art Initiative is the Davidoff Art Residency.<\/p><p style=\"text-align: justify;\">Each year, the Davidoff Art Residency offers residency positions for Caribbean artists who participate in five artist-residency programs worldwide, as well as for approximately five artists from outside the Caribbean region who spend three months in the Dominican Republic. A limited number of positions are also reserved for curators and writers working on projects of relevance to Caribbean art.<\/p><p style=\"text-align: justify;\">Artist residency programs help working artists develop their skills, make connections within global networks, earn exposure for their work, and share their expertise with others. In offering emerging and mid-career artists an opportunity to spend an extended period of time working in a different social and creative environment from their own, the Davidoff Art Residency serves as a conduit for professional mobility, cultural immersion, and creative exchange.<\/p><\/blockquote>\n","protected":false},"excerpt":{"rendered":"<p>Los artistas participantes en el programa Artistas en Residencia de 2018 de la Iniciativa de Arte Davidoff ser\u00e1n presentados el 25 de enero en Casa Quien en Santo Domingo. Mimi Cherono Ng\u2019ok, Candice Lin, Jan Peter Hammer y Paul Maheke, a quienes se les unir\u00e1 la fundadora y editora de Artishock Revista, Alejandra Villasmil y [&hellip;]<\/p>\n","protected":false},"author":36682,"featured_media":305046,"comment_status":"closed","ping_status":"closed","sticky":false,"template":"","format":"standard","meta":{"newspack_ads_suppress_ads":false,"newspack_popups_has_disabled_popups":false,"newspack_sponsor_sponsorship_scope":"","newspack_sponsor_native_byline_display":"inherit","newspack_sponsor_native_category_display":"inherit","newspack_sponsor_underwriter_style":"inherit","newspack_sponsor_underwriter_placement":"inherit","_newspack_byline_active":false,"_newspack_byline":"","newspack_hide_updated_date":false,"newspack_show_updated_date":false,"newspack_content_restriction_is_exempt":false,"newspack_featured_image_position":"","newspack_post_subtitle":"","newspack_article_summary_title":"Overview:","newspack_article_summary":"","_jetpack_memberships_contains_paid_content":false,"footnotes":"","jetpack_publicize_message":"","jetpack_publicize_feature_enabled":true,"jetpack_social_post_already_shared":false,"jetpack_social_options":{"image_generator_settings":{"template":"highway","default_image_id":0,"font":"","enabled":false},"version":2},"_wpas_customize_per_network":false},"categories":[26819,26823,14631,2522,14625,14627,2521,2498],"tags":[15387,14504,5487,22197,8562,4743,22202,22203],"newspack_spnsrs_tax":[],"class_list":["post-352398","post","type-post","status-publish","format-standard","has-post-thumbnail","hentry","category-altos-de-chavon-es","category-arte-y-cultura","category-estilo-de-vida","category-eventos-es","category-noticias-locales","category-proximamente","category-republica-dominicana-2","category-uncategorized-es","tag-altos-de-chavon-es","tag-altos-de-chavon-school-of-design-es","tag-artistas","tag-candice-lin-es","tag-davidoff-art-initiative-es","tag-escuela-de-diseno","tag-mimi-cherono-ngok-es","tag-paul-maheke-es","entry"],"yoast_head":"<!-- This site is optimized with the Yoast SEO plugin v27.5 - https:\/\/yoast.com\/product\/yoast-seo-wordpress\/ -->\n<title>Conozca a los nuevos Artistas en Residencia de la Iniciativa de Arte Davidoff en Casa Quien | Casa de Campo Living<\/title>\n<meta name=\"description\" content=\"Los artistas participantes en el programa Artistas en Residencia de 2018 de la Iniciativa de Arte Davidoff ser\u00e1n presentados el 25 de enero en Casa Quien\" \/>\n<meta name=\"robots\" content=\"index, follow, max-snippet:-1, max-image-preview:large, max-video-preview:-1\" \/>\n<link rel=\"canonical\" href=\"https:\/\/casadecampoliving.com\/es\/2018-artistas-en-residencia-de-la-iniciativa-de-arte-davidoff-en-casa-quien\/\" \/>\n<meta property=\"og:locale\" content=\"es_ES\" \/>\n<meta property=\"og:type\" content=\"article\" \/>\n<meta property=\"og:title\" content=\"Conozca a los nuevos Artistas en Residencia de la Iniciativa de Arte Davidoff en Casa Quien | Casa de Campo Living\" \/>\n<meta property=\"og:description\" content=\"Los artistas participantes en el programa Artistas en Residencia de 2018 de la Iniciativa de Arte Davidoff ser\u00e1n presentados el 25 de enero en Casa Quien\" \/>\n<meta property=\"og:url\" content=\"https:\/\/casadecampoliving.com\/es\/2018-artistas-en-residencia-de-la-iniciativa-de-arte-davidoff-en-casa-quien\/\" \/>\n<meta property=\"og:site_name\" content=\"Casa de Campo Living\" \/>\n<meta property=\"article:publisher\" content=\"https:\/\/www.facebook.com\/casadecampoliving\" \/>\n<meta property=\"article:published_time\" content=\"2018-01-17T04:00:00+00:00\" \/>\n<meta property=\"article:modified_time\" content=\"2022-10-21T23:06:13+00:00\" \/>\n<meta property=\"og:image\" content=\"https:\/\/i0.wp.com\/casadecampoliving.com\/wp-content\/uploads\/2022\/10\/Davidoff_Art_Day-65-e1511962872648-1.jpg?fit=1000%2C667&ssl=1\" \/>\n\t<meta property=\"og:image:width\" content=\"1000\" \/>\n\t<meta property=\"og:image:height\" content=\"667\" \/>\n\t<meta property=\"og:image:type\" content=\"image\/jpeg\" \/>\n<meta name=\"author\" content=\"Marlenys Guzm\u00e1n Casta\u00f1os\" \/>\n<meta name=\"twitter:card\" content=\"summary_large_image\" \/>\n<meta name=\"twitter:creator\" content=\"@cdcliving\" \/>\n<meta name=\"twitter:site\" content=\"@cdcliving\" \/>\n<meta name=\"twitter:label1\" content=\"Escrito por\" \/>\n\t<meta name=\"twitter:data1\" content=\"Marlenys Guzm\u00e1n Casta\u00f1os\" \/>\n\t<meta name=\"twitter:label2\" content=\"Tiempo de lectura\" \/>\n\t<meta name=\"twitter:data2\" content=\"3 minutos\" \/>\n<script type=\"application\/ld+json\" class=\"yoast-schema-graph\">{\"@context\":\"https:\\\/\\\/schema.org\",\"@graph\":[{\"@type\":\"Article\",\"@id\":\"https:\\\/\\\/casadecampoliving.com\\\/es\\\/2018-artistas-en-residencia-de-la-iniciativa-de-arte-davidoff-en-casa-quien\\\/#article\",\"isPartOf\":{\"@id\":\"https:\\\/\\\/casadecampoliving.com\\\/es\\\/2018-artistas-en-residencia-de-la-iniciativa-de-arte-davidoff-en-casa-quien\\\/\"},\"author\":{\"name\":\"Marlenys Guzm\u00e1n Casta\u00f1os\",\"@id\":\"https:\\\/\\\/casadecampoliving.com\\\/es\\\/#\\\/schema\\\/person\\\/b6606bd87f9cec8f5903e2141cafda24\"},\"headline\":\"Conozca a los nuevos Artistas en Residencia de la Iniciativa de Arte Davidoff en Casa Quien\",\"datePublished\":\"2018-01-17T04:00:00+00:00\",\"dateModified\":\"2022-10-21T23:06:13+00:00\",\"mainEntityOfPage\":{\"@id\":\"https:\\\/\\\/casadecampoliving.com\\\/es\\\/2018-artistas-en-residencia-de-la-iniciativa-de-arte-davidoff-en-casa-quien\\\/\"},\"wordCount\":640,\"publisher\":{\"@id\":\"https:\\\/\\\/casadecampoliving.com\\\/es\\\/#organization\"},\"image\":{\"@id\":\"https:\\\/\\\/casadecampoliving.com\\\/es\\\/2018-artistas-en-residencia-de-la-iniciativa-de-arte-davidoff-en-casa-quien\\\/#primaryimage\"},\"thumbnailUrl\":\"https:\\\/\\\/i0.wp.com\\\/casadecampoliving.com\\\/wp-content\\\/uploads\\\/2022\\\/10\\\/Davidoff_Art_Day-65-e1511962872648-1.jpg?fit=1000%2C667&ssl=1\",\"keywords\":[\"Altos de Chavon\",\"Altos de Chavon School of Design @es\",\"artistas\",\"CANDICE LIN @es\",\"Davidoff Art Initiative @es\",\"escuela de dise\u00f1o\",\"MIMI CHERONO NG\u2019OK @es\",\"PAUL MAHEKE @es\"],\"articleSection\":[\"Altos de Chavon @es\",\"Arte y cultura\",\"Estilo de Vida\",\"Eventos\",\"Noticias Locales\",\"Proximamente\",\"Rep\u00fablica Dominicana @es\",\"Uncategorized @es\"],\"inLanguage\":\"es\"},{\"@type\":\"WebPage\",\"@id\":\"https:\\\/\\\/casadecampoliving.com\\\/es\\\/2018-artistas-en-residencia-de-la-iniciativa-de-arte-davidoff-en-casa-quien\\\/\",\"url\":\"https:\\\/\\\/casadecampoliving.com\\\/es\\\/2018-artistas-en-residencia-de-la-iniciativa-de-arte-davidoff-en-casa-quien\\\/\",\"name\":\"Conozca a los nuevos Artistas en Residencia de la Iniciativa de Arte Davidoff en Casa Quien | Casa de Campo Living\",\"isPartOf\":{\"@id\":\"https:\\\/\\\/casadecampoliving.com\\\/es\\\/#website\"},\"primaryImageOfPage\":{\"@id\":\"https:\\\/\\\/casadecampoliving.com\\\/es\\\/2018-artistas-en-residencia-de-la-iniciativa-de-arte-davidoff-en-casa-quien\\\/#primaryimage\"},\"image\":{\"@id\":\"https:\\\/\\\/casadecampoliving.com\\\/es\\\/2018-artistas-en-residencia-de-la-iniciativa-de-arte-davidoff-en-casa-quien\\\/#primaryimage\"},\"thumbnailUrl\":\"https:\\\/\\\/i0.wp.com\\\/casadecampoliving.com\\\/wp-content\\\/uploads\\\/2022\\\/10\\\/Davidoff_Art_Day-65-e1511962872648-1.jpg?fit=1000%2C667&ssl=1\",\"datePublished\":\"2018-01-17T04:00:00+00:00\",\"dateModified\":\"2022-10-21T23:06:13+00:00\",\"description\":\"Los artistas participantes en el programa Artistas en Residencia de 2018 de la Iniciativa de Arte Davidoff ser\u00e1n presentados el 25 de enero en Casa Quien\",\"breadcrumb\":{\"@id\":\"https:\\\/\\\/casadecampoliving.com\\\/es\\\/2018-artistas-en-residencia-de-la-iniciativa-de-arte-davidoff-en-casa-quien\\\/#breadcrumb\"},\"inLanguage\":\"es\",\"potentialAction\":[{\"@type\":\"ReadAction\",\"target\":[\"https:\\\/\\\/casadecampoliving.com\\\/es\\\/2018-artistas-en-residencia-de-la-iniciativa-de-arte-davidoff-en-casa-quien\\\/\"]}]},{\"@type\":\"ImageObject\",\"inLanguage\":\"es\",\"@id\":\"https:\\\/\\\/casadecampoliving.com\\\/es\\\/2018-artistas-en-residencia-de-la-iniciativa-de-arte-davidoff-en-casa-quien\\\/#primaryimage\",\"url\":\"https:\\\/\\\/i0.wp.com\\\/casadecampoliving.com\\\/wp-content\\\/uploads\\\/2022\\\/10\\\/Davidoff_Art_Day-65-e1511962872648-1.jpg?fit=1000%2C667&ssl=1\",\"contentUrl\":\"https:\\\/\\\/i0.wp.com\\\/casadecampoliving.com\\\/wp-content\\\/uploads\\\/2022\\\/10\\\/Davidoff_Art_Day-65-e1511962872648-1.jpg?fit=1000%2C667&ssl=1\",\"width\":1000,\"height\":667},{\"@type\":\"BreadcrumbList\",\"@id\":\"https:\\\/\\\/casadecampoliving.com\\\/es\\\/2018-artistas-en-residencia-de-la-iniciativa-de-arte-davidoff-en-casa-quien\\\/#breadcrumb\",\"itemListElement\":[{\"@type\":\"ListItem\",\"position\":1,\"name\":\"Home\",\"item\":\"https:\\\/\\\/casadecampoliving.com\\\/es\\\/\"},{\"@type\":\"ListItem\",\"position\":2,\"name\":\"Conozca a los nuevos Artistas en Residencia de la Iniciativa de Arte Davidoff en Casa Quien\"}]},{\"@type\":\"WebSite\",\"@id\":\"https:\\\/\\\/casadecampoliving.com\\\/es\\\/#website\",\"url\":\"https:\\\/\\\/casadecampoliving.com\\\/es\\\/\",\"name\":\"Casa de Campo Living\",\"description\":\"Resort community news and resources.\",\"publisher\":{\"@id\":\"https:\\\/\\\/casadecampoliving.com\\\/es\\\/#organization\"},\"potentialAction\":[{\"@type\":\"SearchAction\",\"target\":{\"@type\":\"EntryPoint\",\"urlTemplate\":\"https:\\\/\\\/casadecampoliving.com\\\/es\\\/?s={search_term_string}\"},\"query-input\":{\"@type\":\"PropertyValueSpecification\",\"valueRequired\":true,\"valueName\":\"search_term_string\"}}],\"inLanguage\":\"es\"},{\"@type\":\"Organization\",\"@id\":\"https:\\\/\\\/casadecampoliving.com\\\/es\\\/#organization\",\"name\":\"Casa de Campo Living\",\"url\":\"https:\\\/\\\/casadecampoliving.com\\\/es\\\/\",\"logo\":{\"@type\":\"ImageObject\",\"inLanguage\":\"es\",\"@id\":\"https:\\\/\\\/casadecampoliving.com\\\/es\\\/#\\\/schema\\\/logo\\\/image\\\/\",\"url\":\"https:\\\/\\\/i0.wp.com\\\/casadecampoliving.com\\\/wp-content\\\/uploads\\\/2022\\\/07\\\/CDCLivingLogo_V1-white-sized.png?fit=800%2C214&ssl=1\",\"contentUrl\":\"https:\\\/\\\/i0.wp.com\\\/casadecampoliving.com\\\/wp-content\\\/uploads\\\/2022\\\/07\\\/CDCLivingLogo_V1-white-sized.png?fit=800%2C214&ssl=1\",\"width\":800,\"height\":214,\"caption\":\"Casa de Campo Living\"},\"image\":{\"@id\":\"https:\\\/\\\/casadecampoliving.com\\\/es\\\/#\\\/schema\\\/logo\\\/image\\\/\"},\"sameAs\":[\"https:\\\/\\\/www.facebook.com\\\/casadecampoliving\",\"https:\\\/\\\/x.com\\\/cdcliving\"]},{\"@type\":\"Person\",\"@id\":\"https:\\\/\\\/casadecampoliving.com\\\/es\\\/#\\\/schema\\\/person\\\/b6606bd87f9cec8f5903e2141cafda24\",\"name\":\"Marlenys Guzm\u00e1n Casta\u00f1os\",\"image\":{\"@type\":\"ImageObject\",\"inLanguage\":\"es\",\"@id\":\"https:\\\/\\\/secure.gravatar.com\\\/avatar\\\/72f3f86b8e6b3ec744201aeadf11d4a6055e8af194aecd9ad30ffff4437878ee?s=96&d=mm&r=g\",\"url\":\"https:\\\/\\\/secure.gravatar.com\\\/avatar\\\/72f3f86b8e6b3ec744201aeadf11d4a6055e8af194aecd9ad30ffff4437878ee?s=96&d=mm&r=g\",\"contentUrl\":\"https:\\\/\\\/secure.gravatar.com\\\/avatar\\\/72f3f86b8e6b3ec744201aeadf11d4a6055e8af194aecd9ad30ffff4437878ee?s=96&d=mm&r=g\",\"caption\":\"Marlenys Guzm\u00e1n Casta\u00f1os\"},\"url\":\"https:\\\/\\\/casadecampoliving.com\\\/es\\\/author\\\/mguzman\\\/\"}]}<\/script>\n<!-- \/ Yoast SEO plugin. -->","yoast_head_json":{"title":"Conozca a los nuevos Artistas en Residencia de la Iniciativa de Arte Davidoff en Casa Quien | Casa de Campo Living","description":"Los artistas participantes en el programa Artistas en Residencia de 2018 de la Iniciativa de Arte Davidoff ser\u00e1n presentados el 25 de enero en Casa Quien","robots":{"index":"index","follow":"follow","max-snippet":"max-snippet:-1","max-image-preview":"max-image-preview:large","max-video-preview":"max-video-preview:-1"},"canonical":"https:\/\/casadecampoliving.com\/es\/2018-artistas-en-residencia-de-la-iniciativa-de-arte-davidoff-en-casa-quien\/","og_locale":"es_ES","og_type":"article","og_title":"Conozca a los nuevos Artistas en Residencia de la Iniciativa de Arte Davidoff en Casa Quien | Casa de Campo Living","og_description":"Los artistas participantes en el programa Artistas en Residencia de 2018 de la Iniciativa de Arte Davidoff ser\u00e1n presentados el 25 de enero en Casa Quien","og_url":"https:\/\/casadecampoliving.com\/es\/2018-artistas-en-residencia-de-la-iniciativa-de-arte-davidoff-en-casa-quien\/","og_site_name":"Casa de Campo Living","article_publisher":"https:\/\/www.facebook.com\/casadecampoliving","article_published_time":"2018-01-17T04:00:00+00:00","article_modified_time":"2022-10-21T23:06:13+00:00","og_image":[{"width":1000,"height":667,"url":"https:\/\/i0.wp.com\/casadecampoliving.com\/wp-content\/uploads\/2022\/10\/Davidoff_Art_Day-65-e1511962872648-1.jpg?fit=1000%2C667&ssl=1","type":"image\/jpeg"}],"author":"Marlenys Guzm\u00e1n Casta\u00f1os","twitter_card":"summary_large_image","twitter_creator":"@cdcliving","twitter_site":"@cdcliving","twitter_misc":{"Escrito por":"Marlenys Guzm\u00e1n Casta\u00f1os","Tiempo de lectura":"3 minutos"},"schema":{"@context":"https:\/\/schema.org","@graph":[{"@type":"Article","@id":"https:\/\/casadecampoliving.com\/es\/2018-artistas-en-residencia-de-la-iniciativa-de-arte-davidoff-en-casa-quien\/#article","isPartOf":{"@id":"https:\/\/casadecampoliving.com\/es\/2018-artistas-en-residencia-de-la-iniciativa-de-arte-davidoff-en-casa-quien\/"},"author":{"name":"Marlenys Guzm\u00e1n Casta\u00f1os","@id":"https:\/\/casadecampoliving.com\/es\/#\/schema\/person\/b6606bd87f9cec8f5903e2141cafda24"},"headline":"Conozca a los nuevos Artistas en Residencia de la Iniciativa de Arte Davidoff en Casa Quien","datePublished":"2018-01-17T04:00:00+00:00","dateModified":"2022-10-21T23:06:13+00:00","mainEntityOfPage":{"@id":"https:\/\/casadecampoliving.com\/es\/2018-artistas-en-residencia-de-la-iniciativa-de-arte-davidoff-en-casa-quien\/"},"wordCount":640,"publisher":{"@id":"https:\/\/casadecampoliving.com\/es\/#organization"},"image":{"@id":"https:\/\/casadecampoliving.com\/es\/2018-artistas-en-residencia-de-la-iniciativa-de-arte-davidoff-en-casa-quien\/#primaryimage"},"thumbnailUrl":"https:\/\/i0.wp.com\/casadecampoliving.com\/wp-content\/uploads\/2022\/10\/Davidoff_Art_Day-65-e1511962872648-1.jpg?fit=1000%2C667&ssl=1","keywords":["Altos de Chavon","Altos de Chavon School of Design @es","artistas","CANDICE LIN @es","Davidoff Art Initiative @es","escuela de dise\u00f1o","MIMI CHERONO NG\u2019OK @es","PAUL MAHEKE @es"],"articleSection":["Altos de Chavon @es","Arte y cultura","Estilo de Vida","Eventos","Noticias Locales","Proximamente","Rep\u00fablica Dominicana @es","Uncategorized @es"],"inLanguage":"es"},{"@type":"WebPage","@id":"https:\/\/casadecampoliving.com\/es\/2018-artistas-en-residencia-de-la-iniciativa-de-arte-davidoff-en-casa-quien\/","url":"https:\/\/casadecampoliving.com\/es\/2018-artistas-en-residencia-de-la-iniciativa-de-arte-davidoff-en-casa-quien\/","name":"Conozca a los nuevos Artistas en Residencia de la Iniciativa de Arte Davidoff en Casa Quien | Casa de Campo Living","isPartOf":{"@id":"https:\/\/casadecampoliving.com\/es\/#website"},"primaryImageOfPage":{"@id":"https:\/\/casadecampoliving.com\/es\/2018-artistas-en-residencia-de-la-iniciativa-de-arte-davidoff-en-casa-quien\/#primaryimage"},"image":{"@id":"https:\/\/casadecampoliving.com\/es\/2018-artistas-en-residencia-de-la-iniciativa-de-arte-davidoff-en-casa-quien\/#primaryimage"},"thumbnailUrl":"https:\/\/i0.wp.com\/casadecampoliving.com\/wp-content\/uploads\/2022\/10\/Davidoff_Art_Day-65-e1511962872648-1.jpg?fit=1000%2C667&ssl=1","datePublished":"2018-01-17T04:00:00+00:00","dateModified":"2022-10-21T23:06:13+00:00","description":"Los artistas participantes en el programa Artistas en Residencia de 2018 de la Iniciativa de Arte Davidoff ser\u00e1n presentados el 25 de enero en Casa Quien","breadcrumb":{"@id":"https:\/\/casadecampoliving.com\/es\/2018-artistas-en-residencia-de-la-iniciativa-de-arte-davidoff-en-casa-quien\/#breadcrumb"},"inLanguage":"es","potentialAction":[{"@type":"ReadAction","target":["https:\/\/casadecampoliving.com\/es\/2018-artistas-en-residencia-de-la-iniciativa-de-arte-davidoff-en-casa-quien\/"]}]},{"@type":"ImageObject","inLanguage":"es","@id":"https:\/\/casadecampoliving.com\/es\/2018-artistas-en-residencia-de-la-iniciativa-de-arte-davidoff-en-casa-quien\/#primaryimage","url":"https:\/\/i0.wp.com\/casadecampoliving.com\/wp-content\/uploads\/2022\/10\/Davidoff_Art_Day-65-e1511962872648-1.jpg?fit=1000%2C667&ssl=1","contentUrl":"https:\/\/i0.wp.com\/casadecampoliving.com\/wp-content\/uploads\/2022\/10\/Davidoff_Art_Day-65-e1511962872648-1.jpg?fit=1000%2C667&ssl=1","width":1000,"height":667},{"@type":"BreadcrumbList","@id":"https:\/\/casadecampoliving.com\/es\/2018-artistas-en-residencia-de-la-iniciativa-de-arte-davidoff-en-casa-quien\/#breadcrumb","itemListElement":[{"@type":"ListItem","position":1,"name":"Home","item":"https:\/\/casadecampoliving.com\/es\/"},{"@type":"ListItem","position":2,"name":"Conozca a los nuevos Artistas en Residencia de la Iniciativa de Arte Davidoff en Casa Quien"}]},{"@type":"WebSite","@id":"https:\/\/casadecampoliving.com\/es\/#website","url":"https:\/\/casadecampoliving.com\/es\/","name":"Casa de Campo Living","description":"Resort community news and resources.","publisher":{"@id":"https:\/\/casadecampoliving.com\/es\/#organization"},"potentialAction":[{"@type":"SearchAction","target":{"@type":"EntryPoint","urlTemplate":"https:\/\/casadecampoliving.com\/es\/?s={search_term_string}"},"query-input":{"@type":"PropertyValueSpecification","valueRequired":true,"valueName":"search_term_string"}}],"inLanguage":"es"},{"@type":"Organization","@id":"https:\/\/casadecampoliving.com\/es\/#organization","name":"Casa de Campo Living","url":"https:\/\/casadecampoliving.com\/es\/","logo":{"@type":"ImageObject","inLanguage":"es","@id":"https:\/\/casadecampoliving.com\/es\/#\/schema\/logo\/image\/","url":"https:\/\/i0.wp.com\/casadecampoliving.com\/wp-content\/uploads\/2022\/07\/CDCLivingLogo_V1-white-sized.png?fit=800%2C214&ssl=1","contentUrl":"https:\/\/i0.wp.com\/casadecampoliving.com\/wp-content\/uploads\/2022\/07\/CDCLivingLogo_V1-white-sized.png?fit=800%2C214&ssl=1","width":800,"height":214,"caption":"Casa de Campo Living"},"image":{"@id":"https:\/\/casadecampoliving.com\/es\/#\/schema\/logo\/image\/"},"sameAs":["https:\/\/www.facebook.com\/casadecampoliving","https:\/\/x.com\/cdcliving"]},{"@type":"Person","@id":"https:\/\/casadecampoliving.com\/es\/#\/schema\/person\/b6606bd87f9cec8f5903e2141cafda24","name":"Marlenys Guzm\u00e1n Casta\u00f1os","image":{"@type":"ImageObject","inLanguage":"es","@id":"https:\/\/secure.gravatar.com\/avatar\/72f3f86b8e6b3ec744201aeadf11d4a6055e8af194aecd9ad30ffff4437878ee?s=96&d=mm&r=g","url":"https:\/\/secure.gravatar.com\/avatar\/72f3f86b8e6b3ec744201aeadf11d4a6055e8af194aecd9ad30ffff4437878ee?s=96&d=mm&r=g","contentUrl":"https:\/\/secure.gravatar.com\/avatar\/72f3f86b8e6b3ec744201aeadf11d4a6055e8af194aecd9ad30ffff4437878ee?s=96&d=mm&r=g","caption":"Marlenys Guzm\u00e1n Casta\u00f1os"},"url":"https:\/\/casadecampoliving.com\/es\/author\/mguzman\/"}]}},"parsely":{"version":"1.1.0","canonical_url":"https:\/\/casadecampoliving.com\/es\/2018-artistas-en-residencia-de-la-iniciativa-de-arte-davidoff-en-casa-quien\/","smart_links":{"inbound":0,"outbound":0},"traffic_boost_suggestions_count":0,"meta":{"@context":"https:\/\/schema.org","@type":"NewsArticle","headline":"Conozca a los nuevos Artistas en Residencia de la Iniciativa de Arte Davidoff en Casa Quien","url":"http:\/\/casadecampoliving.com\/es\/2018-artistas-en-residencia-de-la-iniciativa-de-arte-davidoff-en-casa-quien\/","mainEntityOfPage":{"@type":"WebPage","@id":"http:\/\/casadecampoliving.com\/es\/2018-artistas-en-residencia-de-la-iniciativa-de-arte-davidoff-en-casa-quien\/"},"thumbnailUrl":"https:\/\/i0.wp.com\/casadecampoliving.com\/wp-content\/uploads\/2022\/10\/Davidoff_Art_Day-65-e1511962872648-1.jpg?resize=150%2C150&ssl=1","image":{"@type":"ImageObject","url":"https:\/\/i0.wp.com\/casadecampoliving.com\/wp-content\/uploads\/2022\/10\/Davidoff_Art_Day-65-e1511962872648-1.jpg?fit=1000%2C667&ssl=1"},"articleSection":"Altos de Chavon @es","author":[{"@type":"Person","name":"Marlenys Guzm\u00e1n Casta\u00f1os"}],"creator":["Marlenys Guzm\u00e1n Casta\u00f1os"],"publisher":{"@type":"Organization","name":"Casa de Campo Living","logo":"https:\/\/casadecampoliving.com\/wp-content\/uploads\/2022\/07\/CDCLivingLogo_V1-white-sized.png"},"keywords":["altos de chavon","altos de chavon school of design @es","artistas","candice lin @es","davidoff art initiative @es","escuela de dise\u00f1o","mimi cherono ng\u2019ok @es","paul maheke @es"],"dateCreated":"2018-01-17T04:00:00Z","datePublished":"2018-01-17T04:00:00Z","dateModified":"2022-10-21T23:06:13Z"},"rendered":"<script type=\"application\/ld+json\" class=\"wp-parsely-metadata\">{\"@context\":\"https:\\\/\\\/schema.org\",\"@type\":\"NewsArticle\",\"headline\":\"Conozca a los nuevos Artistas en Residencia de la Iniciativa de Arte Davidoff en Casa Quien\",\"url\":\"http:\\\/\\\/casadecampoliving.com\\\/es\\\/2018-artistas-en-residencia-de-la-iniciativa-de-arte-davidoff-en-casa-quien\\\/\",\"mainEntityOfPage\":{\"@type\":\"WebPage\",\"@id\":\"http:\\\/\\\/casadecampoliving.com\\\/es\\\/2018-artistas-en-residencia-de-la-iniciativa-de-arte-davidoff-en-casa-quien\\\/\"},\"thumbnailUrl\":\"https:\\\/\\\/i0.wp.com\\\/casadecampoliving.com\\\/wp-content\\\/uploads\\\/2022\\\/10\\\/Davidoff_Art_Day-65-e1511962872648-1.jpg?resize=150%2C150&ssl=1\",\"image\":{\"@type\":\"ImageObject\",\"url\":\"https:\\\/\\\/i0.wp.com\\\/casadecampoliving.com\\\/wp-content\\\/uploads\\\/2022\\\/10\\\/Davidoff_Art_Day-65-e1511962872648-1.jpg?fit=1000%2C667&ssl=1\"},\"articleSection\":\"Altos de Chavon @es\",\"author\":[{\"@type\":\"Person\",\"name\":\"Marlenys Guzm\\u00e1n Casta\\u00f1os\"}],\"creator\":[\"Marlenys Guzm\\u00e1n Casta\\u00f1os\"],\"publisher\":{\"@type\":\"Organization\",\"name\":\"Casa de Campo Living\",\"logo\":\"https:\\\/\\\/casadecampoliving.com\\\/wp-content\\\/uploads\\\/2022\\\/07\\\/CDCLivingLogo_V1-white-sized.png\"},\"keywords\":[\"altos de chavon\",\"altos de chavon school of design @es\",\"artistas\",\"candice lin @es\",\"davidoff art initiative @es\",\"escuela de dise\\u00f1o\",\"mimi cherono ng\\u2019ok @es\",\"paul maheke @es\"],\"dateCreated\":\"2018-01-17T04:00:00Z\",\"datePublished\":\"2018-01-17T04:00:00Z\",\"dateModified\":\"2022-10-21T23:06:13Z\"}<\/script>","tracker_url":"https:\/\/cdn.parsely.com\/keys\/casadecampoliving.com\/p.js"},"jetpack_publicize_connections":[],"jetpack_featured_media_url":"https:\/\/i0.wp.com\/casadecampoliving.com\/wp-content\/uploads\/2022\/10\/Davidoff_Art_Day-65-e1511962872648-1.jpg?fit=1000%2C667&ssl=1","jetpack-related-posts":[{"id":352247,"url":"https:\/\/casadecampoliving.com\/es\/el-davidoff-international-art-residency-en-las-instalaciones-de-altos-de-chavon-dara-la-bienvenida-creativos-de-5-paises-diferentes\/","url_meta":{"origin":352398,"position":0},"title":"El Davidoff International Art Residency dar\u00e1 la bienvenida a creativos de 5 pa\u00edses diferentes","author":"Marlenys Guzm\u00e1n Casta\u00f1os","date":"29 Nov, 2017","format":false,"excerpt":"La Iniciativa de Arte Davidoff (Davidoff Art Initiative) en asociaci\u00f3n con la Escuela de Dise\u00f1o Altos de Chav\u00f3n anunci\u00f3 el pr\u00f3ximo grupo de artistas que participar\u00e1n en la Residencia Internacional de Arte Davidoff en las instalaciones de Altos de Chav\u00f3n, del 20 de enero al 1 de abril de 2018.\u2026","rel":"","context":"En \u00abAltos de Chavon @es\u00bb","block_context":{"text":"Altos de Chavon @es","link":"https:\/\/casadecampoliving.com\/category\/altos-de-chavon-es\/"},"img":{"alt_text":"","src":"https:\/\/i0.wp.com\/casadecampoliving.com\/wp-content\/uploads\/2022\/10\/Davidoff_Art_Day-65-e1511962872648.jpg?fit=1000%2C667&ssl=1&resize=350%2C200","width":350,"height":200,"srcset":"https:\/\/i0.wp.com\/casadecampoliving.com\/wp-content\/uploads\/2022\/10\/Davidoff_Art_Day-65-e1511962872648.jpg?fit=1000%2C667&ssl=1&resize=350%2C200 1x, https:\/\/i0.wp.com\/casadecampoliving.com\/wp-content\/uploads\/2022\/10\/Davidoff_Art_Day-65-e1511962872648.jpg?fit=1000%2C667&ssl=1&resize=525%2C300 1.5x, https:\/\/i0.wp.com\/casadecampoliving.com\/wp-content\/uploads\/2022\/10\/Davidoff_Art_Day-65-e1511962872648.jpg?fit=1000%2C667&ssl=1&resize=700%2C400 2x"},"classes":[]},{"id":329953,"url":"https:\/\/casadecampoliving.com\/get-know-editions-new-artists-residence-davidoff-art-initiative-casa-quien\/","url_meta":{"origin":352398,"position":1},"title":"Get to know the new Artists in Residence of the Davidoff Art Initiative at Casa Quien","author":"Marlenys Guzm\u00e1n Casta\u00f1os","date":"17 Ene, 2018","format":false,"excerpt":"The participating artists in the 2018 Artists in Residence program of the Davidoff Art Initiative\u00a0will be introduced on January 25th at Casa Quien in Santo Domingo. \u00a0Mimi Cherono Ng\u2019ok, Candice Lin, Jan Peter Hammer, and Paul Maheke, who will be joined by Artishock Revista founder and editor, Alejandra Villasmil and\u2026","rel":"","context":"En \u00abAltos de Chavon\u00bb","block_context":{"text":"Altos de Chavon","link":"https:\/\/casadecampoliving.com\/category\/altos-de-chavon\/"},"img":{"alt_text":"","src":"https:\/\/i0.wp.com\/casadecampoliving.com\/wp-content\/uploads\/2022\/10\/Davidoff_Art_Day-65-e1511962872648-1.jpg?fit=1000%2C667&ssl=1&resize=350%2C200","width":350,"height":200,"srcset":"https:\/\/i0.wp.com\/casadecampoliving.com\/wp-content\/uploads\/2022\/10\/Davidoff_Art_Day-65-e1511962872648-1.jpg?fit=1000%2C667&ssl=1&resize=350%2C200 1x, https:\/\/i0.wp.com\/casadecampoliving.com\/wp-content\/uploads\/2022\/10\/Davidoff_Art_Day-65-e1511962872648-1.jpg?fit=1000%2C667&ssl=1&resize=525%2C300 1.5x, https:\/\/i0.wp.com\/casadecampoliving.com\/wp-content\/uploads\/2022\/10\/Davidoff_Art_Day-65-e1511962872648-1.jpg?fit=1000%2C667&ssl=1&resize=700%2C400 2x"},"classes":[]},{"id":352532,"url":"https:\/\/casadecampoliving.com\/es\/conoce-al-artista-de-davidoff-en-la-residencia-mimi-cherono-ngok\/","url_meta":{"origin":352398,"position":2},"title":"Conoce al artista de Davidoff en la residencia Mimi Cherono Ng\u2019ok","author":"Gallagher Foxworthy","date":"19 Mar, 2018","format":false,"excerpt":"La Iniciativa de Arte Davidoff trae artistas de todo el mundo a nuestra comunidad durante unos meses cada a\u00f1o. Estos artistas en residencia han estado creando durante semanas, inspir\u00e1ndose en todas las bellezas que nuestro pa\u00eds tiene para ofrecer. Uno de estos artistas es la fot\u00f3grafa Mimi Cherono Ng\u2019ok de\u2026","rel":"","context":"En \u00abAltos de Chavon @es\u00bb","block_context":{"text":"Altos de Chavon @es","link":"https:\/\/casadecampoliving.com\/category\/altos-de-chavon-es\/"},"img":{"alt_text":"","src":"https:\/\/i0.wp.com\/casadecampoliving.com\/wp-content\/uploads\/2018\/03\/Mimi_BW-e1521486466776.jpg?resize=350%2C200&ssl=1","width":350,"height":200,"srcset":"https:\/\/i0.wp.com\/casadecampoliving.com\/wp-content\/uploads\/2018\/03\/Mimi_BW-e1521486466776.jpg?resize=350%2C200&ssl=1 1x, https:\/\/i0.wp.com\/casadecampoliving.com\/wp-content\/uploads\/2018\/03\/Mimi_BW-e1521486466776.jpg?resize=525%2C300&ssl=1 1.5x, https:\/\/i0.wp.com\/casadecampoliving.com\/wp-content\/uploads\/2018\/03\/Mimi_BW-e1521486466776.jpg?resize=700%2C400&ssl=1 2x"},"classes":[]},{"id":433460,"url":"https:\/\/casadecampoliving.com\/es\/no-se-pierdan-el-increible-tributo-a-frank-sinatra-para-celebrar-el-40-aniversario-del-anfiteatro-altos-de-chavon\/","url_meta":{"origin":352398,"position":3},"title":"No se pierdan el incre\u00edble tributo a Frank Sinatra para celebrar el 40 aniversario del\u00a0Anfiteatro Altos de Chav\u00f3n","author":"Casa de Campo Living","date":"20 Oct, 2022","format":false,"excerpt":"Siendo uno de los escenarios m\u00e1s emblem\u00e1ticos del pa\u00eds, Casa de Campo Resort\u00ae & Villas celebra las cuatro d\u00e9cadas de aniversario de Altos de Chav\u00f3n con un tributo al gran Frank Sinatra, protagonizado por artistas invitados y una big band tal cual la que acompa\u00f1\u00f3 al artista hace 40 a\u00f1os\u2026","rel":"","context":"En \u00abUncategorized @es\u00bb","block_context":{"text":"Uncategorized @es","link":"https:\/\/casadecampoliving.com\/es\/category\/uncategorized-es\/"},"img":{"alt_text":"","src":"https:\/\/i0.wp.com\/casadecampoliving.com\/wp-content\/uploads\/2022\/10\/Tributo-Frank-Sinatra-Foto-Principal-Amaury-Sanchez-Danilo-Ginebra-Andres-Pichardo-y-Jose-Gabriel-Perez-.jpg?fit=1200%2C873&ssl=1&resize=350%2C200","width":350,"height":200,"srcset":"https:\/\/i0.wp.com\/casadecampoliving.com\/wp-content\/uploads\/2022\/10\/Tributo-Frank-Sinatra-Foto-Principal-Amaury-Sanchez-Danilo-Ginebra-Andres-Pichardo-y-Jose-Gabriel-Perez-.jpg?fit=1200%2C873&ssl=1&resize=350%2C200 1x, https:\/\/i0.wp.com\/casadecampoliving.com\/wp-content\/uploads\/2022\/10\/Tributo-Frank-Sinatra-Foto-Principal-Amaury-Sanchez-Danilo-Ginebra-Andres-Pichardo-y-Jose-Gabriel-Perez-.jpg?fit=1200%2C873&ssl=1&resize=525%2C300 1.5x, https:\/\/i0.wp.com\/casadecampoliving.com\/wp-content\/uploads\/2022\/10\/Tributo-Frank-Sinatra-Foto-Principal-Amaury-Sanchez-Danilo-Ginebra-Andres-Pichardo-y-Jose-Gabriel-Perez-.jpg?fit=1200%2C873&ssl=1&resize=700%2C400 2x, https:\/\/i0.wp.com\/casadecampoliving.com\/wp-content\/uploads\/2022\/10\/Tributo-Frank-Sinatra-Foto-Principal-Amaury-Sanchez-Danilo-Ginebra-Andres-Pichardo-y-Jose-Gabriel-Perez-.jpg?fit=1200%2C873&ssl=1&resize=1050%2C600 3x"},"classes":[]},{"id":352509,"url":"https:\/\/casadecampoliving.com\/es\/conoce-al-artista-de-davidoff-en-residence-paul-maheke\/","url_meta":{"origin":352398,"position":4},"title":"Conoce al artista de Davidoff en Residence Paul Maheke!","author":"Gallagher Foxworthy","date":"9 Mar, 2018","format":false,"excerpt":"La Iniciativa de Arte Davidoff trae muchos artistas interesantes de todo el mundo a nuestra comunidad. Pasan meses en Chav\u00f3n trabajando y trayendo nuevas visiones a la vida. Paul Maheke es uno de estos artistas. Nacido en Brive-la-Gaillarde, Francia, Maheke actualmente vive y trabaja en el Reino Unido. \u00c9l considera\u2026","rel":"","context":"En \u00abAltos de Chavon @es\u00bb","block_context":{"text":"Altos de Chavon @es","link":"https:\/\/casadecampoliving.com\/category\/altos-de-chavon-es\/"},"img":{"alt_text":"","src":"https:\/\/i0.wp.com\/casadecampoliving.com\/wp-content\/uploads\/2022\/10\/Seeking_After_Maheke_BlackwoodGallery_LOW-e1511961749226.jpg?fit=1000%2C667&ssl=1&resize=350%2C200","width":350,"height":200,"srcset":"https:\/\/i0.wp.com\/casadecampoliving.com\/wp-content\/uploads\/2022\/10\/Seeking_After_Maheke_BlackwoodGallery_LOW-e1511961749226.jpg?fit=1000%2C667&ssl=1&resize=350%2C200 1x, https:\/\/i0.wp.com\/casadecampoliving.com\/wp-content\/uploads\/2022\/10\/Seeking_After_Maheke_BlackwoodGallery_LOW-e1511961749226.jpg?fit=1000%2C667&ssl=1&resize=525%2C300 1.5x, https:\/\/i0.wp.com\/casadecampoliving.com\/wp-content\/uploads\/2022\/10\/Seeking_After_Maheke_BlackwoodGallery_LOW-e1511961749226.jpg?fit=1000%2C667&ssl=1&resize=700%2C400 2x"},"classes":[]},{"id":329860,"url":"https:\/\/casadecampoliving.com\/davidoff-international-art-residency-facilities-altos-de-chavon-will-welcome-creatives-5-different-countries\/","url_meta":{"origin":352398,"position":5},"title":"Davidoff International Art\u00a0Residency will welcome creatives from 5 different countries","author":"Marlenys Guzm\u00e1n Casta\u00f1os","date":"29 Nov, 2017","format":false,"excerpt":"The Davidoff Art Initiative in partnership with the Altos de Chav\u00f3n School of Design announced the next group of artists who will participate in the Davidoff International Art\u00a0Residency at the facilities in\u00a0Altos de Chav\u00f3n, from January 20th to April 1st, 2018. In what they are calling their most diverse group,\u2026","rel":"","context":"En \u00abAltos de Chavon\u00bb","block_context":{"text":"Altos de Chavon","link":"https:\/\/casadecampoliving.com\/category\/altos-de-chavon\/"},"img":{"alt_text":"","src":"https:\/\/i0.wp.com\/casadecampoliving.com\/wp-content\/uploads\/2022\/10\/Davidoff_Art_Day-65-e1511962872648.jpg?fit=1000%2C667&ssl=1&resize=350%2C200","width":350,"height":200,"srcset":"https:\/\/i0.wp.com\/casadecampoliving.com\/wp-content\/uploads\/2022\/10\/Davidoff_Art_Day-65-e1511962872648.jpg?fit=1000%2C667&ssl=1&resize=350%2C200 1x, https:\/\/i0.wp.com\/casadecampoliving.com\/wp-content\/uploads\/2022\/10\/Davidoff_Art_Day-65-e1511962872648.jpg?fit=1000%2C667&ssl=1&resize=525%2C300 1.5x, https:\/\/i0.wp.com\/casadecampoliving.com\/wp-content\/uploads\/2022\/10\/Davidoff_Art_Day-65-e1511962872648.jpg?fit=1000%2C667&ssl=1&resize=700%2C400 2x"},"classes":[]}],"jetpack_sharing_enabled":true,"_links":{"self":[{"href":"https:\/\/casadecampoliving.com\/es\/wp-json\/wp\/v2\/posts\/352398","targetHints":{"allow":["GET"]}}],"collection":[{"href":"https:\/\/casadecampoliving.com\/es\/wp-json\/wp\/v2\/posts"}],"about":[{"href":"https:\/\/casadecampoliving.com\/es\/wp-json\/wp\/v2\/types\/post"}],"author":[{"embeddable":true,"href":"https:\/\/casadecampoliving.com\/es\/wp-json\/wp\/v2\/users\/36682"}],"replies":[{"embeddable":true,"href":"https:\/\/casadecampoliving.com\/es\/wp-json\/wp\/v2\/comments?post=352398"}],"version-history":[{"count":1,"href":"https:\/\/casadecampoliving.com\/es\/wp-json\/wp\/v2\/posts\/352398\/revisions"}],"predecessor-version":[{"id":352399,"href":"https:\/\/casadecampoliving.com\/es\/wp-json\/wp\/v2\/posts\/352398\/revisions\/352399"}],"wp:featuredmedia":[{"embeddable":true,"href":"https:\/\/casadecampoliving.com\/es\/wp-json\/wp\/v2\/media\/305046"}],"wp:attachment":[{"href":"https:\/\/casadecampoliving.com\/es\/wp-json\/wp\/v2\/media?parent=352398"}],"wp:term":[{"taxonomy":"category","embeddable":true,"href":"https:\/\/casadecampoliving.com\/es\/wp-json\/wp\/v2\/categories?post=352398"},{"taxonomy":"post_tag","embeddable":true,"href":"https:\/\/casadecampoliving.com\/es\/wp-json\/wp\/v2\/tags?post=352398"},{"taxonomy":"newspack_spnsrs_tax","embeddable":true,"href":"https:\/\/casadecampoliving.com\/es\/wp-json\/wp\/v2\/newspack_spnsrs_tax?post=352398"}],"curies":[{"name":"wp","href":"https:\/\/api.w.org\/{rel}","templated":true}]}}