{"id":352363,"date":"2018-01-05T00:00:00","date_gmt":"2018-01-05T04:00:00","guid":{"rendered":"https:\/\/casadecampoliving.com\/one-week-away-2018-magical-splendor-gala-fundacion-mir-naeem-khan\/"},"modified":"2022-10-21T19:04:05","modified_gmt":"2022-10-21T23:04:05","slug":"one-week-away-2018-magical-splendor-gala-fundacion-mir-naeem-khan","status":"publish","type":"post","link":"https:\/\/casadecampoliving.com\/es\/one-week-away-2018-magical-splendor-gala-fundacion-mir-naeem-khan\/","title":{"rendered":"\u00a1En tan solo una semana! Gala Esplendor M\u00e1gico 2018 para la Fundaci\u00f3n MIR con Naeem Khan"},"content":{"rendered":"\n<p>Si est\u00e1 listo para continuar su nuevo a\u00f1o de la mejor manera posible, \u00a1no busque m\u00e1s all\u00e1 del pr\u00f3ximo fin de semana! Mientras que muchos vacacionistas se dirigir\u00e1n a casa poco despu\u00e9s de unas vacaciones llenas de \u201cfiestas, fiestas, fiestas\u201d (como resumi\u00f3 un amigo recientemente) esperamos que queden para asistir a la Gala Esplendor M\u00e1gico con la Fundaci\u00f3n MIR el pr\u00f3ximo s\u00e1bado, 13 de enero. El evento de recaudaci\u00f3n de fondos para beneficiar a los programas sociales y educativos sin fines de lucro para los ni\u00f1os de La Romana incluir\u00e1 un torneo de golf a la 1:00 p.m. en La Romana Country Club y seguir\u00e1 con una cena, baile y desfile de modas en Casa Grande a las 8:00 p.m.<\/p>\n\n\n\n<!--more-->\n\n\n<div class=\"wp-block-image\">\n<figure class=\"aligncenter is-resized\"><img loading=\"lazy\" decoding=\"async\" src=\"https:\/\/i0.wp.com\/casadecampoliving-wp.s3-accelerate.amazonaws.com\/2018\/01\/DSC_0844-1.jpg?resize=1000%2C667&amp;ssl=1\" alt=\"\" class=\"wp-image-153021\" height=\"667\" width=\"1000\" srcset=\"https:\/\/i0.wp.com\/casadecampoliving.com\/wp-content\/uploads\/2018\/01\/DSC_0844-1.jpg?w=1000&amp;ssl=1 1000w, https:\/\/i0.wp.com\/casadecampoliving.com\/wp-content\/uploads\/2018\/01\/DSC_0844-1.jpg?resize=300%2C200&amp;ssl=1 300w, https:\/\/i0.wp.com\/casadecampoliving.com\/wp-content\/uploads\/2018\/01\/DSC_0844-1.jpg?resize=768%2C512&amp;ssl=1 768w, https:\/\/i0.wp.com\/casadecampoliving-wp.s3-accelerate.amazonaws.com\/2018\/01\/DSC_0844-1.jpg?w=370 370w, https:\/\/i0.wp.com\/casadecampoliving-wp.s3-accelerate.amazonaws.com\/2018\/01\/DSC_0844-1.jpg?w=400 400w\" sizes=\"auto, (max-width: 1000px) 100vw, 1000px\" \/><\/figure>\n<\/div>\n\n\n<p>Estamos super emocionados con la participaci\u00f3n por tercera ocasi\u00f3n del dise\u00f1ador de moda Naeem Khan en la Gala Esplendor M\u00e1gico. El dise\u00f1ador con sede en Nueva York le dijo a la revista <em>CasaLife<\/em> que conoci\u00f3 a Raysa Fanjul en Palm Beach y que est\u00e1 enamorado de la idea de venir a Casa de Campo en apoyo a la organizaci\u00f3n ben\u00e9fica, Fundaci\u00f3n MIR. En los \u00faltimos dos a\u00f1os, don\u00f3 varios vestidos (el equivalente a casi US $ 100,000) que se destinaron a algunas damas muy afortunadas que asistieron a la gala y sin duda han ayudado a las iniciativas educativas y la expansi\u00f3n de la escuela.<\/p>\n\n\n<div class=\"wp-block-image\">\n<figure class=\"aligncenter is-resized\"><img loading=\"lazy\" decoding=\"async\" src=\"https:\/\/i0.wp.com\/casadecampoliving-wp.s3-accelerate.amazonaws.com\/2018\/01\/VV_9344-1.jpg?resize=1000%2C667&amp;ssl=1\" alt=\"\" class=\"wp-image-153023\" height=\"667\" width=\"1000\" srcset=\"https:\/\/i0.wp.com\/casadecampoliving.com\/wp-content\/uploads\/2018\/01\/VV_9344-1.jpg?w=1000&amp;ssl=1 1000w, https:\/\/i0.wp.com\/casadecampoliving.com\/wp-content\/uploads\/2018\/01\/VV_9344-1.jpg?resize=300%2C200&amp;ssl=1 300w, https:\/\/i0.wp.com\/casadecampoliving.com\/wp-content\/uploads\/2018\/01\/VV_9344-1.jpg?resize=768%2C512&amp;ssl=1 768w, https:\/\/i0.wp.com\/casadecampoliving-wp.s3-accelerate.amazonaws.com\/2018\/01\/VV_9344-1.jpg?w=370 370w, https:\/\/i0.wp.com\/casadecampoliving-wp.s3-accelerate.amazonaws.com\/2018\/01\/VV_9344-1.jpg?w=400 400w\" sizes=\"auto, (max-width: 1000px) 100vw, 1000px\" \/><\/figure>\n<\/div>\n\n\n<p>La Fundaci\u00f3n MIR apoya a tres escuelas en La Romana, una escuela primaria para ni\u00f1os hasta el 4to grado y una escuela para ni\u00f1os y una escuela para ni\u00f1as de 5to a 12vo grado. Ofrecen el m\u00e1s alto nivel de servicios educativos ya que los maestros de MIR reciben m\u00faltiples sesiones de capacitaci\u00f3n dirigidas por profesores de la Universidad Internacional de Florida (FIU) durante todo el a\u00f1o. La fundaci\u00f3n tambi\u00e9n busca implementar un programa dental durante todo el a\u00f1o en el campus.<\/p>\n\n\n<div class=\"wp-block-image\">\n<figure class=\"aligncenter is-resized\"><img loading=\"lazy\" decoding=\"async\" src=\"https:\/\/i0.wp.com\/casadecampoliving-wp.s3-accelerate.amazonaws.com\/2018\/01\/Jazmin-Gautreaux-Rosalia-Cochon-Alexandra-Grullon-Melba-Grullon-Rita-Brugal-Belinda-Brugal.jpg?resize=1000%2C667&amp;ssl=1\" alt=\"\" class=\"wp-image-153024\" height=\"667\" width=\"1000\" srcset=\"https:\/\/i0.wp.com\/casadecampoliving.com\/wp-content\/uploads\/2018\/01\/Jazmin-Gautreaux-Rosalia-Cochon-Alexandra-Grullon-Melba-Grullon-Rita-Brugal-Belinda-Brugal.jpg?w=1000&amp;ssl=1 1000w, https:\/\/i0.wp.com\/casadecampoliving.com\/wp-content\/uploads\/2018\/01\/Jazmin-Gautreaux-Rosalia-Cochon-Alexandra-Grullon-Melba-Grullon-Rita-Brugal-Belinda-Brugal.jpg?resize=300%2C200&amp;ssl=1 300w, https:\/\/i0.wp.com\/casadecampoliving.com\/wp-content\/uploads\/2018\/01\/Jazmin-Gautreaux-Rosalia-Cochon-Alexandra-Grullon-Melba-Grullon-Rita-Brugal-Belinda-Brugal.jpg?resize=768%2C512&amp;ssl=1 768w, https:\/\/i0.wp.com\/casadecampoliving-wp.s3-accelerate.amazonaws.com\/2018\/01\/Jazmin-Gautreaux-Rosalia-Cochon-Alexandra-Grullon-Melba-Grullon-Rita-Brugal-Belinda-Brugal.jpg?w=370 370w, https:\/\/i0.wp.com\/casadecampoliving-wp.s3-accelerate.amazonaws.com\/2018\/01\/Jazmin-Gautreaux-Rosalia-Cochon-Alexandra-Grullon-Melba-Grullon-Rita-Brugal-Belinda-Brugal.jpg?w=400 400w\" sizes=\"auto, (max-width: 1000px) 100vw, 1000px\" \/><\/figure>\n<\/div>\n\n\n<p>La Gala Esplendor M\u00e1gico es una forma excepcional de beneficiar al sistema escolar de la organizaci\u00f3n y disfrutar de una tarde de los mejores est\u00e1ndares en Casa de Campo. Cene y baile toda la noche y vea la colecci\u00f3n Primavera \/ Verano 2018 de Naeem Khan, que seg\u00fan se dice est\u00e1 influenciada por la bailarina rusa Anna Pavlova. Un \u201cMystery Shopping Wall\u201d con mercader\u00eda de SAKS 5th Avenue, Roberto Coins y Ranjana Khan ser\u00e1 una deliciosa adici\u00f3n a la noche y una parte de las ganancias beneficiar\u00e1 a la Fundaci\u00f3n MIR.<\/p>\n\n\n\n<p>Inscr\u00edbase&nbsp;al torneo de golf y la gala con los detalles a continuaci\u00f3n, y lea la entrevista completa de <a href=\"https:\/\/casadecampoliving.com\/es\/naeem-khan-regresa-a-la-pasarela-de-la-fundacion-mir\/\" target=\"_blank\" rel=\"noopener\"><em>CasaLife<\/em> con Naeem Khan aqu\u00ed<\/a> y la <a href=\"https:\/\/casadecampoliving.com\/es\/naeem-khan-color-belleza-innovacion-gala-esplendor-magico-fundacion-mir\/https:\/\/casadecampoliving.com\/es\/naeem-khan-color-belleza-innovacion-gala-esplendor-magico-fundacion-mir\/\" target=\"_blank\" rel=\"noopener\">cobertura del show del a\u00f1o pasado aqu\u00ed.<\/a><\/p>\n\n\n\n<blockquote><h3>Gala Esplendor M\u00e1gico<\/h3><figure><img decoding=\"async\" loading=\"lazy\" class=\"aligncenter wp-image-149298 size-full\" src=\"https:\/\/i0.wp.com\/casadecampoliving.com\/wp-content\/uploads\/2022\/10\/Gala-Casa-Life-page-001.jpg?resize=800%2C973&amp;ssl=1\" alt=\"\" width=\"800\" height=\"973\"><\/figure><p><strong>Cu\u00e1ndo<\/strong>: S\u00e1bado, 13 de enero de 2018<\/p><p><strong>Qu\u00e9<\/strong>: Torneo de Golf, 1:00 p.m. en La Romana Country Club; Cena, baile y desfile de moda, a las 8:00 p.m. en Casa Grande<\/p><p><strong>RSVP:&nbsp;<\/strong>561-366-5092 (USA); 809-523-8270 (DR); or email&nbsp;<a href=\"mailto:dh@nhckids.org\" target=\"_blank\" rel=\"noopener\">dh@nhckids.org<\/a><\/p><\/blockquote>\n","protected":false},"excerpt":{"rendered":"<p>Si est\u00e1 listo para continuar su nuevo a\u00f1o de la mejor manera posible, \u00a1no busque m\u00e1s all\u00e1 del pr\u00f3ximo fin de semana! Mientras que muchos vacacionistas se dirigir\u00e1n a casa poco despu\u00e9s de unas vacaciones llenas de \u201cfiestas, fiestas, fiestas\u201d (como resumi\u00f3 un amigo recientemente) esperamos que queden para asistir a la Gala Esplendor M\u00e1gico [&hellip;]<\/p>\n","protected":false},"author":36682,"featured_media":295646,"comment_status":"closed","ping_status":"closed","sticky":false,"template":"","format":"standard","meta":{"newspack_ads_suppress_ads":false,"newspack_popups_has_disabled_popups":false,"newspack_sponsor_sponsorship_scope":"","newspack_sponsor_native_byline_display":"inherit","newspack_sponsor_native_category_display":"inherit","newspack_sponsor_underwriter_style":"inherit","newspack_sponsor_underwriter_placement":"inherit","_newspack_byline_active":false,"_newspack_byline":"","newspack_hide_updated_date":false,"newspack_show_updated_date":false,"newspack_content_restriction_is_exempt":false,"newspack_featured_image_position":"","newspack_post_subtitle":"","newspack_article_summary_title":"Overview:","newspack_article_summary":"","_jetpack_memberships_contains_paid_content":false,"footnotes":"","jetpack_publicize_message":"","jetpack_publicize_feature_enabled":true,"jetpack_social_post_already_shared":false,"jetpack_social_options":{"image_generator_settings":{"template":"highway","default_image_id":0,"font":"","enabled":false},"version":2},"_wpas_customize_per_network":false},"categories":[2513,2530,14631,2522,2515,2514,2523,14627,2521,26822],"tags":[718,14736,3229,14123,717],"newspack_spnsrs_tax":[],"class_list":["post-352363","post","type-post","status-publish","format-standard","has-post-thumbnail","hentry","category-celebridades-es","category-compras-es","category-estilo-de-vida","category-eventos-es","category-fundacion-mir-es","category-fundaciones-es","category-moda-es","category-proximamente","category-republica-dominicana-2","category-resort-casa-de-campo","tag-casa-grande","tag-featured-topview-es","tag-moda","tag-naeem-khan","tag-raysa-fanjul","entry"],"yoast_head":"<!-- This site is optimized with the Yoast SEO plugin v27.4 - https:\/\/yoast.com\/product\/yoast-seo-wordpress\/ -->\n<title>\u00a1En tan solo una semana! Gala Esplendor M\u00e1gico 2018 para la Fundaci\u00f3n MIR con Naeem Khan | Casa de Campo Living<\/title>\n<meta name=\"description\" content=\"Si est\u00e1 listo para continuar su nuevo a\u00f1o de la mejor manera posible, \u00a1no busque m\u00e1s all\u00e1 del pr\u00f3ximo fin de semana! Mientras que muchos vacacionistas se\" \/>\n<meta name=\"robots\" content=\"index, follow, max-snippet:-1, max-image-preview:large, max-video-preview:-1\" \/>\n<link rel=\"canonical\" href=\"https:\/\/casadecampoliving.com\/es\/one-week-away-2018-magical-splendor-gala-fundacion-mir-naeem-khan\/\" \/>\n<meta property=\"og:locale\" content=\"es_ES\" \/>\n<meta property=\"og:type\" content=\"article\" \/>\n<meta property=\"og:title\" content=\"\u00a1En tan solo una semana! Gala Esplendor M\u00e1gico 2018 para la Fundaci\u00f3n MIR con Naeem Khan | Casa de Campo Living\" \/>\n<meta property=\"og:description\" content=\"Si est\u00e1 listo para continuar su nuevo a\u00f1o de la mejor manera posible, \u00a1no busque m\u00e1s all\u00e1 del pr\u00f3ximo fin de semana! Mientras que muchos vacacionistas se\" \/>\n<meta property=\"og:url\" content=\"https:\/\/casadecampoliving.com\/es\/one-week-away-2018-magical-splendor-gala-fundacion-mir-naeem-khan\/\" \/>\n<meta property=\"og:site_name\" content=\"Casa de Campo Living\" \/>\n<meta property=\"article:publisher\" content=\"https:\/\/www.facebook.com\/casadecampoliving\" \/>\n<meta property=\"article:published_time\" content=\"2018-01-05T04:00:00+00:00\" \/>\n<meta property=\"article:modified_time\" content=\"2022-10-21T23:04:05+00:00\" \/>\n<meta property=\"og:image\" content=\"https:\/\/i0.wp.com\/casadecampoliving.com\/wp-content\/uploads\/2022\/10\/Gala-Casa-Life-page-001.jpg?fit=800%2C973&ssl=1\" \/>\n\t<meta property=\"og:image:width\" content=\"800\" \/>\n\t<meta property=\"og:image:height\" content=\"973\" \/>\n\t<meta property=\"og:image:type\" content=\"image\/jpeg\" \/>\n<meta name=\"author\" content=\"Marlenys Guzm\u00e1n Casta\u00f1os\" \/>\n<meta name=\"twitter:card\" content=\"summary_large_image\" \/>\n<meta name=\"twitter:creator\" content=\"@cdcliving\" \/>\n<meta name=\"twitter:site\" content=\"@cdcliving\" \/>\n<meta name=\"twitter:label1\" content=\"Escrito por\" \/>\n\t<meta name=\"twitter:data1\" content=\"Marlenys Guzm\u00e1n Casta\u00f1os\" \/>\n\t<meta name=\"twitter:label2\" content=\"Tiempo de lectura\" \/>\n\t<meta name=\"twitter:data2\" content=\"3 minutos\" \/>\n<script type=\"application\/ld+json\" class=\"yoast-schema-graph\">{\"@context\":\"https:\\\/\\\/schema.org\",\"@graph\":[{\"@type\":\"Article\",\"@id\":\"https:\\\/\\\/casadecampoliving.com\\\/es\\\/one-week-away-2018-magical-splendor-gala-fundacion-mir-naeem-khan\\\/#article\",\"isPartOf\":{\"@id\":\"https:\\\/\\\/casadecampoliving.com\\\/es\\\/one-week-away-2018-magical-splendor-gala-fundacion-mir-naeem-khan\\\/\"},\"author\":{\"name\":\"Marlenys Guzm\u00e1n Casta\u00f1os\",\"@id\":\"https:\\\/\\\/casadecampoliving.com\\\/es\\\/#\\\/schema\\\/person\\\/b6606bd87f9cec8f5903e2141cafda24\"},\"headline\":\"\u00a1En tan solo una semana! Gala Esplendor M\u00e1gico 2018 para la Fundaci\u00f3n MIR con Naeem Khan\",\"datePublished\":\"2018-01-05T04:00:00+00:00\",\"dateModified\":\"2022-10-21T23:04:05+00:00\",\"mainEntityOfPage\":{\"@id\":\"https:\\\/\\\/casadecampoliving.com\\\/es\\\/one-week-away-2018-magical-splendor-gala-fundacion-mir-naeem-khan\\\/\"},\"wordCount\":536,\"publisher\":{\"@id\":\"https:\\\/\\\/casadecampoliving.com\\\/es\\\/#organization\"},\"image\":{\"@id\":\"https:\\\/\\\/casadecampoliving.com\\\/es\\\/one-week-away-2018-magical-splendor-gala-fundacion-mir-naeem-khan\\\/#primaryimage\"},\"thumbnailUrl\":\"https:\\\/\\\/i0.wp.com\\\/casadecampoliving.com\\\/wp-content\\\/uploads\\\/2022\\\/10\\\/Gala-Casa-Life-page-001.jpg?fit=800%2C973&ssl=1\",\"keywords\":[\"Casa Grande\",\"Featured-TopView @es\",\"moda\",\"Naeem Khan\",\"Raysa Fanjul\"],\"articleSection\":[\"Celebridades\",\"Compras\",\"Estilo de Vida\",\"Eventos\",\"Fundaci\u00f3n MIR @es\",\"Fundaciones\",\"Moda\",\"Proximamente\",\"Rep\u00fablica Dominicana @es\",\"Resort Casa de Campo\"],\"inLanguage\":\"es\"},{\"@type\":\"WebPage\",\"@id\":\"https:\\\/\\\/casadecampoliving.com\\\/es\\\/one-week-away-2018-magical-splendor-gala-fundacion-mir-naeem-khan\\\/\",\"url\":\"https:\\\/\\\/casadecampoliving.com\\\/es\\\/one-week-away-2018-magical-splendor-gala-fundacion-mir-naeem-khan\\\/\",\"name\":\"\u00a1En tan solo una semana! Gala Esplendor M\u00e1gico 2018 para la Fundaci\u00f3n MIR con Naeem Khan | Casa de Campo Living\",\"isPartOf\":{\"@id\":\"https:\\\/\\\/casadecampoliving.com\\\/es\\\/#website\"},\"primaryImageOfPage\":{\"@id\":\"https:\\\/\\\/casadecampoliving.com\\\/es\\\/one-week-away-2018-magical-splendor-gala-fundacion-mir-naeem-khan\\\/#primaryimage\"},\"image\":{\"@id\":\"https:\\\/\\\/casadecampoliving.com\\\/es\\\/one-week-away-2018-magical-splendor-gala-fundacion-mir-naeem-khan\\\/#primaryimage\"},\"thumbnailUrl\":\"https:\\\/\\\/i0.wp.com\\\/casadecampoliving.com\\\/wp-content\\\/uploads\\\/2022\\\/10\\\/Gala-Casa-Life-page-001.jpg?fit=800%2C973&ssl=1\",\"datePublished\":\"2018-01-05T04:00:00+00:00\",\"dateModified\":\"2022-10-21T23:04:05+00:00\",\"description\":\"Si est\u00e1 listo para continuar su nuevo a\u00f1o de la mejor manera posible, \u00a1no busque m\u00e1s all\u00e1 del pr\u00f3ximo fin de semana! Mientras que muchos vacacionistas se\",\"breadcrumb\":{\"@id\":\"https:\\\/\\\/casadecampoliving.com\\\/es\\\/one-week-away-2018-magical-splendor-gala-fundacion-mir-naeem-khan\\\/#breadcrumb\"},\"inLanguage\":\"es\",\"potentialAction\":[{\"@type\":\"ReadAction\",\"target\":[\"https:\\\/\\\/casadecampoliving.com\\\/es\\\/one-week-away-2018-magical-splendor-gala-fundacion-mir-naeem-khan\\\/\"]}]},{\"@type\":\"ImageObject\",\"inLanguage\":\"es\",\"@id\":\"https:\\\/\\\/casadecampoliving.com\\\/es\\\/one-week-away-2018-magical-splendor-gala-fundacion-mir-naeem-khan\\\/#primaryimage\",\"url\":\"https:\\\/\\\/i0.wp.com\\\/casadecampoliving.com\\\/wp-content\\\/uploads\\\/2022\\\/10\\\/Gala-Casa-Life-page-001.jpg?fit=800%2C973&ssl=1\",\"contentUrl\":\"https:\\\/\\\/i0.wp.com\\\/casadecampoliving.com\\\/wp-content\\\/uploads\\\/2022\\\/10\\\/Gala-Casa-Life-page-001.jpg?fit=800%2C973&ssl=1\",\"width\":800,\"height\":973},{\"@type\":\"BreadcrumbList\",\"@id\":\"https:\\\/\\\/casadecampoliving.com\\\/es\\\/one-week-away-2018-magical-splendor-gala-fundacion-mir-naeem-khan\\\/#breadcrumb\",\"itemListElement\":[{\"@type\":\"ListItem\",\"position\":1,\"name\":\"Home\",\"item\":\"https:\\\/\\\/casadecampoliving.com\\\/es\\\/\"},{\"@type\":\"ListItem\",\"position\":2,\"name\":\"\u00a1En tan solo una semana! Gala Esplendor M\u00e1gico 2018 para la Fundaci\u00f3n MIR con Naeem Khan\"}]},{\"@type\":\"WebSite\",\"@id\":\"https:\\\/\\\/casadecampoliving.com\\\/es\\\/#website\",\"url\":\"https:\\\/\\\/casadecampoliving.com\\\/es\\\/\",\"name\":\"Casa de Campo Living\",\"description\":\"Resort community news and resources.\",\"publisher\":{\"@id\":\"https:\\\/\\\/casadecampoliving.com\\\/es\\\/#organization\"},\"potentialAction\":[{\"@type\":\"SearchAction\",\"target\":{\"@type\":\"EntryPoint\",\"urlTemplate\":\"https:\\\/\\\/casadecampoliving.com\\\/es\\\/?s={search_term_string}\"},\"query-input\":{\"@type\":\"PropertyValueSpecification\",\"valueRequired\":true,\"valueName\":\"search_term_string\"}}],\"inLanguage\":\"es\"},{\"@type\":\"Organization\",\"@id\":\"https:\\\/\\\/casadecampoliving.com\\\/es\\\/#organization\",\"name\":\"Casa de Campo Living\",\"url\":\"https:\\\/\\\/casadecampoliving.com\\\/es\\\/\",\"logo\":{\"@type\":\"ImageObject\",\"inLanguage\":\"es\",\"@id\":\"https:\\\/\\\/casadecampoliving.com\\\/es\\\/#\\\/schema\\\/logo\\\/image\\\/\",\"url\":\"https:\\\/\\\/i0.wp.com\\\/casadecampoliving.com\\\/wp-content\\\/uploads\\\/2022\\\/07\\\/CDCLivingLogo_V1-white-sized.png?fit=800%2C214&ssl=1\",\"contentUrl\":\"https:\\\/\\\/i0.wp.com\\\/casadecampoliving.com\\\/wp-content\\\/uploads\\\/2022\\\/07\\\/CDCLivingLogo_V1-white-sized.png?fit=800%2C214&ssl=1\",\"width\":800,\"height\":214,\"caption\":\"Casa de Campo Living\"},\"image\":{\"@id\":\"https:\\\/\\\/casadecampoliving.com\\\/es\\\/#\\\/schema\\\/logo\\\/image\\\/\"},\"sameAs\":[\"https:\\\/\\\/www.facebook.com\\\/casadecampoliving\",\"https:\\\/\\\/x.com\\\/cdcliving\"]},{\"@type\":\"Person\",\"@id\":\"https:\\\/\\\/casadecampoliving.com\\\/es\\\/#\\\/schema\\\/person\\\/b6606bd87f9cec8f5903e2141cafda24\",\"name\":\"Marlenys Guzm\u00e1n Casta\u00f1os\",\"image\":{\"@type\":\"ImageObject\",\"inLanguage\":\"es\",\"@id\":\"https:\\\/\\\/secure.gravatar.com\\\/avatar\\\/72f3f86b8e6b3ec744201aeadf11d4a6055e8af194aecd9ad30ffff4437878ee?s=96&d=mm&r=g\",\"url\":\"https:\\\/\\\/secure.gravatar.com\\\/avatar\\\/72f3f86b8e6b3ec744201aeadf11d4a6055e8af194aecd9ad30ffff4437878ee?s=96&d=mm&r=g\",\"contentUrl\":\"https:\\\/\\\/secure.gravatar.com\\\/avatar\\\/72f3f86b8e6b3ec744201aeadf11d4a6055e8af194aecd9ad30ffff4437878ee?s=96&d=mm&r=g\",\"caption\":\"Marlenys Guzm\u00e1n Casta\u00f1os\"},\"url\":\"https:\\\/\\\/casadecampoliving.com\\\/es\\\/author\\\/mguzman\\\/\"}]}<\/script>\n<!-- \/ Yoast SEO plugin. -->","yoast_head_json":{"title":"\u00a1En tan solo una semana! Gala Esplendor M\u00e1gico 2018 para la Fundaci\u00f3n MIR con Naeem Khan | Casa de Campo Living","description":"Si est\u00e1 listo para continuar su nuevo a\u00f1o de la mejor manera posible, \u00a1no busque m\u00e1s all\u00e1 del pr\u00f3ximo fin de semana! Mientras que muchos vacacionistas se","robots":{"index":"index","follow":"follow","max-snippet":"max-snippet:-1","max-image-preview":"max-image-preview:large","max-video-preview":"max-video-preview:-1"},"canonical":"https:\/\/casadecampoliving.com\/es\/one-week-away-2018-magical-splendor-gala-fundacion-mir-naeem-khan\/","og_locale":"es_ES","og_type":"article","og_title":"\u00a1En tan solo una semana! Gala Esplendor M\u00e1gico 2018 para la Fundaci\u00f3n MIR con Naeem Khan | Casa de Campo Living","og_description":"Si est\u00e1 listo para continuar su nuevo a\u00f1o de la mejor manera posible, \u00a1no busque m\u00e1s all\u00e1 del pr\u00f3ximo fin de semana! Mientras que muchos vacacionistas se","og_url":"https:\/\/casadecampoliving.com\/es\/one-week-away-2018-magical-splendor-gala-fundacion-mir-naeem-khan\/","og_site_name":"Casa de Campo Living","article_publisher":"https:\/\/www.facebook.com\/casadecampoliving","article_published_time":"2018-01-05T04:00:00+00:00","article_modified_time":"2022-10-21T23:04:05+00:00","og_image":[{"width":800,"height":973,"url":"https:\/\/i0.wp.com\/casadecampoliving.com\/wp-content\/uploads\/2022\/10\/Gala-Casa-Life-page-001.jpg?fit=800%2C973&ssl=1","type":"image\/jpeg"}],"author":"Marlenys Guzm\u00e1n Casta\u00f1os","twitter_card":"summary_large_image","twitter_creator":"@cdcliving","twitter_site":"@cdcliving","twitter_misc":{"Escrito por":"Marlenys Guzm\u00e1n Casta\u00f1os","Tiempo de lectura":"3 minutos"},"schema":{"@context":"https:\/\/schema.org","@graph":[{"@type":"Article","@id":"https:\/\/casadecampoliving.com\/es\/one-week-away-2018-magical-splendor-gala-fundacion-mir-naeem-khan\/#article","isPartOf":{"@id":"https:\/\/casadecampoliving.com\/es\/one-week-away-2018-magical-splendor-gala-fundacion-mir-naeem-khan\/"},"author":{"name":"Marlenys Guzm\u00e1n Casta\u00f1os","@id":"https:\/\/casadecampoliving.com\/es\/#\/schema\/person\/b6606bd87f9cec8f5903e2141cafda24"},"headline":"\u00a1En tan solo una semana! Gala Esplendor M\u00e1gico 2018 para la Fundaci\u00f3n MIR con Naeem Khan","datePublished":"2018-01-05T04:00:00+00:00","dateModified":"2022-10-21T23:04:05+00:00","mainEntityOfPage":{"@id":"https:\/\/casadecampoliving.com\/es\/one-week-away-2018-magical-splendor-gala-fundacion-mir-naeem-khan\/"},"wordCount":536,"publisher":{"@id":"https:\/\/casadecampoliving.com\/es\/#organization"},"image":{"@id":"https:\/\/casadecampoliving.com\/es\/one-week-away-2018-magical-splendor-gala-fundacion-mir-naeem-khan\/#primaryimage"},"thumbnailUrl":"https:\/\/i0.wp.com\/casadecampoliving.com\/wp-content\/uploads\/2022\/10\/Gala-Casa-Life-page-001.jpg?fit=800%2C973&ssl=1","keywords":["Casa Grande","Featured-TopView @es","moda","Naeem Khan","Raysa Fanjul"],"articleSection":["Celebridades","Compras","Estilo de Vida","Eventos","Fundaci\u00f3n MIR @es","Fundaciones","Moda","Proximamente","Rep\u00fablica Dominicana @es","Resort Casa de Campo"],"inLanguage":"es"},{"@type":"WebPage","@id":"https:\/\/casadecampoliving.com\/es\/one-week-away-2018-magical-splendor-gala-fundacion-mir-naeem-khan\/","url":"https:\/\/casadecampoliving.com\/es\/one-week-away-2018-magical-splendor-gala-fundacion-mir-naeem-khan\/","name":"\u00a1En tan solo una semana! Gala Esplendor M\u00e1gico 2018 para la Fundaci\u00f3n MIR con Naeem Khan | Casa de Campo Living","isPartOf":{"@id":"https:\/\/casadecampoliving.com\/es\/#website"},"primaryImageOfPage":{"@id":"https:\/\/casadecampoliving.com\/es\/one-week-away-2018-magical-splendor-gala-fundacion-mir-naeem-khan\/#primaryimage"},"image":{"@id":"https:\/\/casadecampoliving.com\/es\/one-week-away-2018-magical-splendor-gala-fundacion-mir-naeem-khan\/#primaryimage"},"thumbnailUrl":"https:\/\/i0.wp.com\/casadecampoliving.com\/wp-content\/uploads\/2022\/10\/Gala-Casa-Life-page-001.jpg?fit=800%2C973&ssl=1","datePublished":"2018-01-05T04:00:00+00:00","dateModified":"2022-10-21T23:04:05+00:00","description":"Si est\u00e1 listo para continuar su nuevo a\u00f1o de la mejor manera posible, \u00a1no busque m\u00e1s all\u00e1 del pr\u00f3ximo fin de semana! Mientras que muchos vacacionistas se","breadcrumb":{"@id":"https:\/\/casadecampoliving.com\/es\/one-week-away-2018-magical-splendor-gala-fundacion-mir-naeem-khan\/#breadcrumb"},"inLanguage":"es","potentialAction":[{"@type":"ReadAction","target":["https:\/\/casadecampoliving.com\/es\/one-week-away-2018-magical-splendor-gala-fundacion-mir-naeem-khan\/"]}]},{"@type":"ImageObject","inLanguage":"es","@id":"https:\/\/casadecampoliving.com\/es\/one-week-away-2018-magical-splendor-gala-fundacion-mir-naeem-khan\/#primaryimage","url":"https:\/\/i0.wp.com\/casadecampoliving.com\/wp-content\/uploads\/2022\/10\/Gala-Casa-Life-page-001.jpg?fit=800%2C973&ssl=1","contentUrl":"https:\/\/i0.wp.com\/casadecampoliving.com\/wp-content\/uploads\/2022\/10\/Gala-Casa-Life-page-001.jpg?fit=800%2C973&ssl=1","width":800,"height":973},{"@type":"BreadcrumbList","@id":"https:\/\/casadecampoliving.com\/es\/one-week-away-2018-magical-splendor-gala-fundacion-mir-naeem-khan\/#breadcrumb","itemListElement":[{"@type":"ListItem","position":1,"name":"Home","item":"https:\/\/casadecampoliving.com\/es\/"},{"@type":"ListItem","position":2,"name":"\u00a1En tan solo una semana! Gala Esplendor M\u00e1gico 2018 para la Fundaci\u00f3n MIR con Naeem Khan"}]},{"@type":"WebSite","@id":"https:\/\/casadecampoliving.com\/es\/#website","url":"https:\/\/casadecampoliving.com\/es\/","name":"Casa de Campo Living","description":"Resort community news and resources.","publisher":{"@id":"https:\/\/casadecampoliving.com\/es\/#organization"},"potentialAction":[{"@type":"SearchAction","target":{"@type":"EntryPoint","urlTemplate":"https:\/\/casadecampoliving.com\/es\/?s={search_term_string}"},"query-input":{"@type":"PropertyValueSpecification","valueRequired":true,"valueName":"search_term_string"}}],"inLanguage":"es"},{"@type":"Organization","@id":"https:\/\/casadecampoliving.com\/es\/#organization","name":"Casa de Campo Living","url":"https:\/\/casadecampoliving.com\/es\/","logo":{"@type":"ImageObject","inLanguage":"es","@id":"https:\/\/casadecampoliving.com\/es\/#\/schema\/logo\/image\/","url":"https:\/\/i0.wp.com\/casadecampoliving.com\/wp-content\/uploads\/2022\/07\/CDCLivingLogo_V1-white-sized.png?fit=800%2C214&ssl=1","contentUrl":"https:\/\/i0.wp.com\/casadecampoliving.com\/wp-content\/uploads\/2022\/07\/CDCLivingLogo_V1-white-sized.png?fit=800%2C214&ssl=1","width":800,"height":214,"caption":"Casa de Campo Living"},"image":{"@id":"https:\/\/casadecampoliving.com\/es\/#\/schema\/logo\/image\/"},"sameAs":["https:\/\/www.facebook.com\/casadecampoliving","https:\/\/x.com\/cdcliving"]},{"@type":"Person","@id":"https:\/\/casadecampoliving.com\/es\/#\/schema\/person\/b6606bd87f9cec8f5903e2141cafda24","name":"Marlenys Guzm\u00e1n Casta\u00f1os","image":{"@type":"ImageObject","inLanguage":"es","@id":"https:\/\/secure.gravatar.com\/avatar\/72f3f86b8e6b3ec744201aeadf11d4a6055e8af194aecd9ad30ffff4437878ee?s=96&d=mm&r=g","url":"https:\/\/secure.gravatar.com\/avatar\/72f3f86b8e6b3ec744201aeadf11d4a6055e8af194aecd9ad30ffff4437878ee?s=96&d=mm&r=g","contentUrl":"https:\/\/secure.gravatar.com\/avatar\/72f3f86b8e6b3ec744201aeadf11d4a6055e8af194aecd9ad30ffff4437878ee?s=96&d=mm&r=g","caption":"Marlenys Guzm\u00e1n Casta\u00f1os"},"url":"https:\/\/casadecampoliving.com\/es\/author\/mguzman\/"}]}},"parsely":{"version":"1.1.0","canonical_url":"https:\/\/casadecampoliving.com\/es\/one-week-away-2018-magical-splendor-gala-fundacion-mir-naeem-khan\/","smart_links":{"inbound":0,"outbound":0},"traffic_boost_suggestions_count":0,"meta":{"@context":"https:\/\/schema.org","@type":"NewsArticle","headline":"\u00a1En tan solo una semana! Gala Esplendor M\u00e1gico 2018 para la Fundaci\u00f3n MIR con Naeem Khan","url":"http:\/\/casadecampoliving.com\/es\/one-week-away-2018-magical-splendor-gala-fundacion-mir-naeem-khan\/","mainEntityOfPage":{"@type":"WebPage","@id":"http:\/\/casadecampoliving.com\/es\/one-week-away-2018-magical-splendor-gala-fundacion-mir-naeem-khan\/"},"thumbnailUrl":"https:\/\/i0.wp.com\/casadecampoliving.com\/wp-content\/uploads\/2022\/10\/Gala-Casa-Life-page-001.jpg?resize=150%2C150&ssl=1","image":{"@type":"ImageObject","url":"https:\/\/i0.wp.com\/casadecampoliving.com\/wp-content\/uploads\/2022\/10\/Gala-Casa-Life-page-001.jpg?fit=800%2C973&ssl=1"},"articleSection":"Celebridades","author":[{"@type":"Person","name":"Marlenys Guzm\u00e1n Casta\u00f1os"}],"creator":["Marlenys Guzm\u00e1n Casta\u00f1os"],"publisher":{"@type":"Organization","name":"Casa de Campo Living","logo":"https:\/\/casadecampoliving.com\/wp-content\/uploads\/2022\/07\/CDCLivingLogo_V1-white-sized.png"},"keywords":["casa grande","featured-topview @es","moda","naeem khan","raysa fanjul"],"dateCreated":"2018-01-05T04:00:00Z","datePublished":"2018-01-05T04:00:00Z","dateModified":"2022-10-21T23:04:05Z"},"rendered":"<script type=\"application\/ld+json\" class=\"wp-parsely-metadata\">{\"@context\":\"https:\\\/\\\/schema.org\",\"@type\":\"NewsArticle\",\"headline\":\"\\u00a1En tan solo una semana! Gala Esplendor M\\u00e1gico 2018 para la Fundaci\\u00f3n MIR con Naeem Khan\",\"url\":\"http:\\\/\\\/casadecampoliving.com\\\/es\\\/one-week-away-2018-magical-splendor-gala-fundacion-mir-naeem-khan\\\/\",\"mainEntityOfPage\":{\"@type\":\"WebPage\",\"@id\":\"http:\\\/\\\/casadecampoliving.com\\\/es\\\/one-week-away-2018-magical-splendor-gala-fundacion-mir-naeem-khan\\\/\"},\"thumbnailUrl\":\"https:\\\/\\\/i0.wp.com\\\/casadecampoliving.com\\\/wp-content\\\/uploads\\\/2022\\\/10\\\/Gala-Casa-Life-page-001.jpg?resize=150%2C150&ssl=1\",\"image\":{\"@type\":\"ImageObject\",\"url\":\"https:\\\/\\\/i0.wp.com\\\/casadecampoliving.com\\\/wp-content\\\/uploads\\\/2022\\\/10\\\/Gala-Casa-Life-page-001.jpg?fit=800%2C973&ssl=1\"},\"articleSection\":\"Celebridades\",\"author\":[{\"@type\":\"Person\",\"name\":\"Marlenys Guzm\\u00e1n Casta\\u00f1os\"}],\"creator\":[\"Marlenys Guzm\\u00e1n Casta\\u00f1os\"],\"publisher\":{\"@type\":\"Organization\",\"name\":\"Casa de Campo Living\",\"logo\":\"https:\\\/\\\/casadecampoliving.com\\\/wp-content\\\/uploads\\\/2022\\\/07\\\/CDCLivingLogo_V1-white-sized.png\"},\"keywords\":[\"casa grande\",\"featured-topview @es\",\"moda\",\"naeem khan\",\"raysa fanjul\"],\"dateCreated\":\"2018-01-05T04:00:00Z\",\"datePublished\":\"2018-01-05T04:00:00Z\",\"dateModified\":\"2022-10-21T23:04:05Z\"}<\/script>","tracker_url":"https:\/\/cdn.parsely.com\/keys\/casadecampoliving.com\/p.js"},"jetpack_publicize_connections":[],"jetpack_featured_media_url":"https:\/\/i0.wp.com\/casadecampoliving.com\/wp-content\/uploads\/2022\/10\/Gala-Casa-Life-page-001.jpg?fit=800%2C973&ssl=1","jetpack-related-posts":[{"id":353667,"url":"https:\/\/casadecampoliving.com\/es\/esta-semana-gala-esplendor-magico-2020-para-la-fundacion-mir-con-naeem-khan\/","url_meta":{"origin":352363,"position":0},"title":"\u00a1Esta semana! Gala Esplendor M\u00e1gico 2020 para la Fundaci\u00f3n MIR con Naeem Khan","author":"Casa de Campo Living","date":"13 Ene, 2020","format":false,"excerpt":"Si est\u00e1 listo para continuar su nuevo a\u00f1o de la mejor manera posible, \u00a1no busque m\u00e1s all\u00e1 que este fin de semana! Mientras que muchos vacacionistas se dirigir\u00e1n a casa poco despu\u00e9s de unas vacaciones llenas de \u201cfiestas, fiestas, fiestas\u201d esperamos que queden para asistir a la Gala Esplendor M\u00e1gico\u2026","rel":"","context":"En \u00abDeportes\u00bb","block_context":{"text":"Deportes","link":"https:\/\/casadecampoliving.com\/es\/category\/golf-deportes-es\/"},"img":{"alt_text":"","src":"https:\/\/i0.wp.com\/casadecampoliving.com\/wp-content\/uploads\/2022\/10\/DSC_1692.jpg?fit=1000%2C600&ssl=1&resize=350%2C200","width":350,"height":200,"srcset":"https:\/\/i0.wp.com\/casadecampoliving.com\/wp-content\/uploads\/2022\/10\/DSC_1692.jpg?fit=1000%2C600&ssl=1&resize=350%2C200 1x, https:\/\/i0.wp.com\/casadecampoliving.com\/wp-content\/uploads\/2022\/10\/DSC_1692.jpg?fit=1000%2C600&ssl=1&resize=525%2C300 1.5x, https:\/\/i0.wp.com\/casadecampoliving.com\/wp-content\/uploads\/2022\/10\/DSC_1692.jpg?fit=1000%2C600&ssl=1&resize=700%2C400 2x"},"classes":[]},{"id":354317,"url":"https:\/\/casadecampoliving.com\/es\/este-sabado-fundacion-mir-gala-esplendor-magico-por-la-vida-2022-con-naeem-khan\/","url_meta":{"origin":352363,"position":1},"title":"\u00a1Este s\u00e1bado! Fundaci\u00f3n MIR Gala Esplendor M\u00e1gico por la Vida 2022 con Naeem Khan","author":"Casa de Campo Living","date":"21 Mar, 2022","format":false,"excerpt":"\u00a1Ya casi es hora del evento anual de recaudaci\u00f3n de fondos de la Fundaci\u00f3n MIR, la \u201cGala Esplendor M\u00e1gico para la Vida\u201d! Este a\u00f1o el glamuroso evento que recauda fondos para la organizaci\u00f3n ben\u00e9fica MIR se llevar\u00e1 a cabo este s\u00e1bado 26 de marzo en Casa Grande y La Romana\u2026","rel":"","context":"En \u00abCasa de Campo Living @es\u00bb","block_context":{"text":"Casa de Campo Living @es","link":"https:\/\/casadecampoliving.com\/category\/casa-de-campo-living-es\/"},"img":{"alt_text":"","src":"https:\/\/i0.wp.com\/casadecampoliving.com\/wp-content\/uploads\/2022\/10\/BDC_3814-scaled-e1647869387374-1.jpg?fit=1000%2C667&ssl=1&resize=350%2C200","width":350,"height":200,"srcset":"https:\/\/i0.wp.com\/casadecampoliving.com\/wp-content\/uploads\/2022\/10\/BDC_3814-scaled-e1647869387374-1.jpg?fit=1000%2C667&ssl=1&resize=350%2C200 1x, https:\/\/i0.wp.com\/casadecampoliving.com\/wp-content\/uploads\/2022\/10\/BDC_3814-scaled-e1647869387374-1.jpg?fit=1000%2C667&ssl=1&resize=525%2C300 1.5x, https:\/\/i0.wp.com\/casadecampoliving.com\/wp-content\/uploads\/2022\/10\/BDC_3814-scaled-e1647869387374-1.jpg?fit=1000%2C667&ssl=1&resize=700%2C400 2x"},"classes":[]},{"id":350808,"url":"https:\/\/casadecampoliving.com\/es\/gala-esplendor-magico-de-la-fundacion-mir-en-enero\/","url_meta":{"origin":352363,"position":2},"title":"\u00a1Marquen la fecha en su calendario para la Gala Esplendor M\u00e1gico de la Fundaci\u00f3n MIR en enero!","author":"Heather Lincoln","date":"14 Nov, 2016","format":false,"excerpt":"El evento anual de recaudaci\u00f3n de fondos Gala Esplendor M\u00e1gico por la Vida, organizado por Alfy y Raysa Fanjul, atrae a un sin n\u00famero de personas de la comunidad y de las areas cercanas al\u00a0resort de Casa de Campo. Entre las actividades de ese d\u00eda, est\u00e1n\u00a0un torneo de golf que\u2026","rel":"","context":"En \u00abArte y cultura\u00bb","block_context":{"text":"Arte y cultura","link":"https:\/\/casadecampoliving.com\/category\/arte-y-cultura\/"},"img":{"alt_text":"Magical Splendor for Life Gala 2016","src":"https:\/\/i0.wp.com\/casadecampoliving.com\/wp-content\/uploads\/2022\/10\/Raysa_Alfy_Lian_Fanjul-e1479155290644.jpg?fit=1000%2C666&ssl=1&resize=350%2C200","width":350,"height":200,"srcset":"https:\/\/i0.wp.com\/casadecampoliving.com\/wp-content\/uploads\/2022\/10\/Raysa_Alfy_Lian_Fanjul-e1479155290644.jpg?fit=1000%2C666&ssl=1&resize=350%2C200 1x, https:\/\/i0.wp.com\/casadecampoliving.com\/wp-content\/uploads\/2022\/10\/Raysa_Alfy_Lian_Fanjul-e1479155290644.jpg?fit=1000%2C666&ssl=1&resize=525%2C300 1.5x, https:\/\/i0.wp.com\/casadecampoliving.com\/wp-content\/uploads\/2022\/10\/Raysa_Alfy_Lian_Fanjul-e1479155290644.jpg?fit=1000%2C666&ssl=1&resize=700%2C400 2x"},"classes":[]},{"id":512502,"url":"https:\/\/casadecampoliving.com\/es\/este-sabado-no-te-pierdas-la-gala-esplendor-magico-por-la-vida-2023-de-la-fundacion-mir-con-la-participacion-del-disenador-naeem-khan\/","url_meta":{"origin":352363,"position":3},"title":"ESTE s\u00e1bado, no te pierdas la \u00abGala Esplendor M\u00e1gico por la Vida\u00bb 2023 de la Fundaci\u00f3n MIR, con la participaci\u00f3n del dise\u00f1ador Naeem Khan.","author":"Casa de Campo Living","date":"9 Ene, 2023","format":false,"excerpt":"El evento anual de recaudaci\u00f3n de fondos de la Fundaci\u00f3n MIR, \"El Esplendor M\u00e1gico por la vida\", se acerca r\u00e1pidamente. El evento de este a\u00f1o, que recauda fondos para la organizaci\u00f3n ben\u00e9fica MIR, se llevar\u00e1 a cabo el s\u00e1bado 14 de enero en Casa Grande y La Romana Country Club.\u2026","rel":"","context":"En \u00abEstilo de Vida\u00bb","block_context":{"text":"Estilo de Vida","link":"https:\/\/casadecampoliving.com\/es\/category\/estilo-de-vida\/"},"img":{"alt_text":"","src":"https:\/\/i0.wp.com\/casadecampoliving.com\/wp-content\/uploads\/2023\/01\/CDC-LIVING-Featured-Image.png?fit=1200%2C800&ssl=1&resize=350%2C200","width":350,"height":200,"srcset":"https:\/\/i0.wp.com\/casadecampoliving.com\/wp-content\/uploads\/2023\/01\/CDC-LIVING-Featured-Image.png?fit=1200%2C800&ssl=1&resize=350%2C200 1x, https:\/\/i0.wp.com\/casadecampoliving.com\/wp-content\/uploads\/2023\/01\/CDC-LIVING-Featured-Image.png?fit=1200%2C800&ssl=1&resize=525%2C300 1.5x, https:\/\/i0.wp.com\/casadecampoliving.com\/wp-content\/uploads\/2023\/01\/CDC-LIVING-Featured-Image.png?fit=1200%2C800&ssl=1&resize=700%2C400 2x, https:\/\/i0.wp.com\/casadecampoliving.com\/wp-content\/uploads\/2023\/01\/CDC-LIVING-Featured-Image.png?fit=1200%2C800&ssl=1&resize=1050%2C600 3x"},"classes":[]},{"id":354300,"url":"https:\/\/casadecampoliving.com\/es\/este-mes-gala-esplendor-magico-fundacion-mir-por-la-vida-2022\/","url_meta":{"origin":352363,"position":4},"title":"\u00a1Este mes! Fundaci\u00f3n MIR Gala Esplendor M\u00e1gico por la Vida 2022","author":"Casa de Campo Living","date":"2 Mar, 2022","format":false,"excerpt":"La 31ra edicion la Gala Esplendor M\u00e1gico por la Vida de la Fundaci\u00f3n MIR est\u00e1 programado para el s\u00e1bado 26 de marzo de 2022. El evento anual de recaudaci\u00f3n de fondos organizado por Alfy y Raysa Fanjul es uno de los eventos m\u00e1s esperados por la comunidad de Casa de\u2026","rel":"","context":"En \u00abCasa de Campo Living @es\u00bb","block_context":{"text":"Casa de Campo Living @es","link":"https:\/\/casadecampoliving.com\/category\/casa-de-campo-living-es\/"},"img":{"alt_text":"","src":"https:\/\/i0.wp.com\/casadecampoliving.com\/wp-content\/uploads\/2022\/10\/BDC_4178-1-1.jpg?fit=1000%2C667&ssl=1&resize=350%2C200","width":350,"height":200,"srcset":"https:\/\/i0.wp.com\/casadecampoliving.com\/wp-content\/uploads\/2022\/10\/BDC_4178-1-1.jpg?fit=1000%2C667&ssl=1&resize=350%2C200 1x, https:\/\/i0.wp.com\/casadecampoliving.com\/wp-content\/uploads\/2022\/10\/BDC_4178-1-1.jpg?fit=1000%2C667&ssl=1&resize=525%2C300 1.5x, https:\/\/i0.wp.com\/casadecampoliving.com\/wp-content\/uploads\/2022\/10\/BDC_4178-1-1.jpg?fit=1000%2C667&ssl=1&resize=700%2C400 2x"},"classes":[]},{"id":349072,"url":"https:\/\/casadecampoliving.com\/es\/naeem-khan-color-belleza-innovacion-gala-esplendor-magico-fundacion-mir\/","url_meta":{"origin":352363,"position":5},"title":"Naeem Khan trae color, belleza y e innovaci\u00f3n a la Gala Esplendor M\u00e1gico de la Fundaci\u00f3n MIR","author":"Heather Lincoln","date":"26 Ene, 2016","format":false,"excerpt":"*ACTUALIZACION: \u00a1No se pierda la nueva\u00a0galer\u00eda\u00a0de fotos!* La Gala Esplendor M\u00e1gico de Fundaci\u00f3n MIR es el evento de moda m\u00e1s esperado por los miembros de la comunidad de Casa de Campo y sus invitados internacionales. Esta edici\u00f3n conmemora el aniversario 28vo, organizada por Raysa y Alfy Fanjul, ofrece al internacionalmente\u2026","rel":"","context":"En \u00abArte y cultura\u00bb","block_context":{"text":"Arte y cultura","link":"https:\/\/casadecampoliving.com\/category\/arte-y-cultura\/"},"img":{"alt_text":"Magical Splendor Gala","src":"https:\/\/i0.wp.com\/casadecampoliving.com\/wp-content\/uploads\/2022\/10\/Magical-Splendor-Gala.jpg?fit=650%2C400&ssl=1&resize=350%2C200","width":350,"height":200,"srcset":"https:\/\/i0.wp.com\/casadecampoliving.com\/wp-content\/uploads\/2022\/10\/Magical-Splendor-Gala.jpg?fit=650%2C400&ssl=1&resize=350%2C200 1x, https:\/\/i0.wp.com\/casadecampoliving.com\/wp-content\/uploads\/2022\/10\/Magical-Splendor-Gala.jpg?fit=650%2C400&ssl=1&resize=525%2C300 1.5x"},"classes":[]}],"jetpack_sharing_enabled":true,"_links":{"self":[{"href":"https:\/\/casadecampoliving.com\/es\/wp-json\/wp\/v2\/posts\/352363","targetHints":{"allow":["GET"]}}],"collection":[{"href":"https:\/\/casadecampoliving.com\/es\/wp-json\/wp\/v2\/posts"}],"about":[{"href":"https:\/\/casadecampoliving.com\/es\/wp-json\/wp\/v2\/types\/post"}],"author":[{"embeddable":true,"href":"https:\/\/casadecampoliving.com\/es\/wp-json\/wp\/v2\/users\/36682"}],"replies":[{"embeddable":true,"href":"https:\/\/casadecampoliving.com\/es\/wp-json\/wp\/v2\/comments?post=352363"}],"version-history":[{"count":1,"href":"https:\/\/casadecampoliving.com\/es\/wp-json\/wp\/v2\/posts\/352363\/revisions"}],"predecessor-version":[{"id":352364,"href":"https:\/\/casadecampoliving.com\/es\/wp-json\/wp\/v2\/posts\/352363\/revisions\/352364"}],"wp:featuredmedia":[{"embeddable":true,"href":"https:\/\/casadecampoliving.com\/es\/wp-json\/wp\/v2\/media\/295646"}],"wp:attachment":[{"href":"https:\/\/casadecampoliving.com\/es\/wp-json\/wp\/v2\/media?parent=352363"}],"wp:term":[{"taxonomy":"category","embeddable":true,"href":"https:\/\/casadecampoliving.com\/es\/wp-json\/wp\/v2\/categories?post=352363"},{"taxonomy":"post_tag","embeddable":true,"href":"https:\/\/casadecampoliving.com\/es\/wp-json\/wp\/v2\/tags?post=352363"},{"taxonomy":"newspack_spnsrs_tax","embeddable":true,"href":"https:\/\/casadecampoliving.com\/es\/wp-json\/wp\/v2\/newspack_spnsrs_tax?post=352363"}],"curies":[{"name":"wp","href":"https:\/\/api.w.org\/{rel}","templated":true}]}}