{"id":352324,"date":"2017-12-26T00:00:00","date_gmt":"2017-12-26T04:00:00","guid":{"rendered":"https:\/\/casadecampoliving.com\/quinta-muestra-cientifica-dia-mundial-del-sida-por-clinica-de-familia\/"},"modified":"2022-10-21T19:14:41","modified_gmt":"2022-10-21T23:14:41","slug":"quinta-muestra-cientifica-dia-mundial-del-sida-por-clinica-de-familia","status":"publish","type":"post","link":"https:\/\/casadecampoliving.com\/es\/quinta-muestra-cientifica-dia-mundial-del-sida-por-clinica-de-familia\/","title":{"rendered":"Quinta Muestra Cient\u00edfica D\u00eda Mundial del SIDA organizado por Cl\u00ednica de Familia"},"content":{"rendered":"\n<p>El 30 de noviembre, se realiz\u00f3 nuestra tradicional quinta Muestra Cient\u00edfica con motivo del D\u00eda Mundial de la Lucha contra el SIDA. La misma tuvo lugar en el Sal\u00f3n Multiuso de Polit\u00e9cnico Calasanz San Eduardo, con la participaci\u00f3n de nueve grupos expositores y m\u00e1s de 200 estudiantes de este polit\u00e9cnico.<\/p>\n\n\n\n<!--more-->\n\n\n<div class=\"wp-block-image\">\n<figure class=\"aligncenter is-resized\"><img loading=\"lazy\" decoding=\"async\" src=\"https:\/\/i0.wp.com\/casadecampoliving.com\/wp-content\/uploads\/2022\/10\/IMGP0151.jpg?resize=1000%2C667&amp;ssl=1\" alt=\"\" class=\"wp-image-151993\" height=\"667\" width=\"1000\"\/><\/figure>\n<\/div>\n\n\n<p>Queriendo hacer algo diferente cada a\u00f1o que involucre a la juventud con un enfoque en la educaci\u00f3n y la prevenci\u00f3n, todo un equipo conformado por Cl\u00ednica de Familia, la Direcci\u00f3n Provincial de Salud y el M\u00f3dulo Anexo Maternos Infantil (MAMI), tuvieron a su cargo la organizaci\u00f3n de esta hermosa actividad. Con este objetivo en mente, este a\u00f1o realizamos esta actividad con los estudiantes de enfermer\u00eda del Polit\u00e9cnico Calasanz San Eduardo, enfocando esta Muestra Cient\u00edfica con el prop\u00f3sito de tener futuros profesionales de la salud libres de estigma y discriminaci\u00f3n. De igual manera tuvimos la participaci\u00f3n del grupo de comunicaci\u00f3n del centro, quienes tuvieron a su cargo las fotograf\u00edas y videos de la actividad.<\/p>\n\n\n<div class=\"wp-block-image\">\n<figure class=\"aligncenter is-resized\"><img loading=\"lazy\" decoding=\"async\" src=\"https:\/\/i0.wp.com\/casadecampoliving.com\/wp-content\/uploads\/2022\/10\/IMGP0200.jpg?resize=1000%2C667&amp;ssl=1\" alt=\"\" class=\"wp-image-151997\" height=\"667\" width=\"1000\"\/><\/figure>\n<\/div>\n\n\n<p>Un jurado compuesto por la Dra. Xiomara Mart\u00ednez, de la Direcci\u00f3n Provincial de Salud, quien valor\u00f3 el contenido m\u00e9dico de las exposiciones, as\u00ed como la Dra. Mar\u00eda Guerrero, vicealcaldesa de esta ciudad de La Romana y la Lic. Luz Messina, directora del M\u00f3dulo Anexo Materno Infantil para evaluar la oratoria de los expositores. De igual manera contamos con la participaci\u00f3n como jurado de la Lic. Luisa Mar\u00eda Ortiz, directora de la Fundaci\u00f3n Bomana quien evalu\u00f3 la creatividad y el uso de materiales reciclados en los diferentes cub\u00edculos preparados por los grupos de estudiantes expositores.<\/p>\n\n\n<div class=\"wp-block-image\">\n<figure class=\"aligncenter is-resized\"><img loading=\"lazy\" decoding=\"async\" src=\"https:\/\/i0.wp.com\/casadecampoliving.com\/wp-content\/uploads\/2022\/10\/IMGP0202.jpg?resize=1000%2C667&amp;ssl=1\" alt=\"\" class=\"wp-image-151995\" height=\"667\" width=\"1000\"\/><\/figure>\n<\/div>\n\n\n<p>Los siete ganadores de las diferentes categor\u00edas evaluadas recibieron un trofeo, con la creatividad inigualable del Sr. Jos\u00e9 Ignacio Morales del Art\u00edstico, los cuales fueron estampados con l\u00e1minas que identificaban dichas categor\u00edas gracias al aporte de V\u00edctor Color. Queremos agradecer a nuestros fieles patrocinadores, quienes hicieron posible la premiaci\u00f3n de nuestros grupos ganadores y el montaje de la actividad, ellos son: Polit\u00e9cnico Calasanz-San Eduardo, El Art\u00edstico, Papa John\u00b4s, Mundo sobre Ruedas, Helados Bon, Luxe Neil Bar Spa y Sal\u00f3n, Dielara, C. por A., Almacenes Iberia, Dr. Jos\u00e9 Reyes y el Ayuntamiento de La Romana, Agua El Ed\u00e9n, Asociaci\u00f3n Romana de Ahorros y Pr\u00e9stamos, V\u00edctor Color Maybel, S. R.L, Cinemas La Romana, Pizza Hut La Romana e Impresos Castro.<\/p>\n\n\n<div class=\"wp-block-image\">\n<figure class=\"aligncenter is-resized\"><img loading=\"lazy\" decoding=\"async\" src=\"https:\/\/i0.wp.com\/casadecampoliving.com\/wp-content\/uploads\/2022\/10\/3SqiN-e1514293308668.jpeg?resize=1001%2C667&amp;ssl=1\" alt=\"\" class=\"wp-image-151998\" height=\"667\" width=\"1001\"\/><\/figure>\n<\/div>\n\n\n<p>Agradecemos la asistencia a esta actividad del Gobernador Provincial de La Romana, Dr. Teodoro Ursino Reyes y la Dra. Rhina Reyes, Directora de la Direcci\u00f3n Provincial de Salud. De igual manera a nuestro jurado, quienes estuvieron la ardua labor de evaluar la participaci\u00f3n de estos estudiantes en esta Muestra Cient\u00edfica. Por igual al comit\u00e9 organizador compuesto por colaboradores de Cl\u00ednica de Familia La Romana y el MAMI y al personal docente del Polit\u00e9cnico Calasanz-San Eduardo.<\/p>\n\n\n\n<p><em>* Informacion y fotos cortesia de&nbsp;Cl\u00ednica de Familia La Romana<\/em><\/p>\n","protected":false},"excerpt":{"rendered":"<p>El 30 de noviembre, se realiz\u00f3 nuestra tradicional quinta Muestra Cient\u00edfica con motivo del D\u00eda Mundial de la Lucha contra el SIDA. La misma tuvo lugar en el Sal\u00f3n Multiuso de Polit\u00e9cnico Calasanz San Eduardo, con la participaci\u00f3n de nueve grupos expositores y m\u00e1s de 200 estudiantes de este polit\u00e9cnico.<\/p>\n","protected":false},"author":36791,"featured_media":302632,"comment_status":"closed","ping_status":"closed","sticky":false,"template":"","format":"standard","meta":{"newspack_ads_suppress_ads":false,"newspack_popups_has_disabled_popups":false,"newspack_sponsor_sponsorship_scope":"","newspack_sponsor_native_byline_display":"inherit","newspack_sponsor_native_category_display":"inherit","newspack_sponsor_underwriter_style":"inherit","newspack_sponsor_underwriter_placement":"inherit","_newspack_byline_active":false,"_newspack_byline":"","newspack_hide_updated_date":false,"newspack_show_updated_date":false,"newspack_content_restriction_is_exempt":false,"newspack_featured_image_position":"","newspack_post_subtitle":"","newspack_article_summary_title":"Overview:","newspack_article_summary":"","_jetpack_memberships_contains_paid_content":false,"footnotes":"","jetpack_publicize_message":"","jetpack_publicize_feature_enabled":true,"jetpack_social_post_already_shared":false,"jetpack_social_options":{"image_generator_settings":{"template":"highway","default_image_id":0,"font":"","enabled":false},"version":2},"_wpas_customize_per_network":false},"categories":[2507,2506,2521,2527],"tags":[4010,5886,18932],"newspack_spnsrs_tax":[],"class_list":["post-352324","post","type-post","status-publish","format-standard","has-post-thumbnail","hentry","category-la-romana-es","category-mas-alla-de-casa-es","category-republica-dominicana-2","category-salud","tag-clinica-de-familia","tag-dia-mundial-del-sida","tag-la-romana-es-4","entry"],"yoast_head":"<!-- This site is optimized with the Yoast SEO plugin v27.5 - https:\/\/yoast.com\/product\/yoast-seo-wordpress\/ -->\n<title>Quinta Muestra Cient\u00edfica D\u00eda Mundial del SIDA organizado por Cl\u00ednica de Familia | Casa de Campo Living<\/title>\n<meta name=\"description\" content=\"El 30 de noviembre, se realiz\u00f3 nuestra tradicional quinta Muestra Cient\u00edfica con motivo del D\u00eda Mundial de la Lucha contra el SIDA. La misma tuvo lugar en\" \/>\n<meta name=\"robots\" content=\"index, follow, max-snippet:-1, max-image-preview:large, max-video-preview:-1\" \/>\n<link rel=\"canonical\" href=\"https:\/\/casadecampoliving.com\/es\/quinta-muestra-cientifica-dia-mundial-del-sida-por-clinica-de-familia\/\" \/>\n<meta property=\"og:locale\" content=\"es_ES\" \/>\n<meta property=\"og:type\" content=\"article\" \/>\n<meta property=\"og:title\" content=\"Quinta Muestra Cient\u00edfica D\u00eda Mundial del SIDA organizado por Cl\u00ednica de Familia | Casa de Campo Living\" \/>\n<meta property=\"og:description\" content=\"El 30 de noviembre, se realiz\u00f3 nuestra tradicional quinta Muestra Cient\u00edfica con motivo del D\u00eda Mundial de la Lucha contra el SIDA. La misma tuvo lugar en\" \/>\n<meta property=\"og:url\" content=\"https:\/\/casadecampoliving.com\/es\/quinta-muestra-cientifica-dia-mundial-del-sida-por-clinica-de-familia\/\" \/>\n<meta property=\"og:site_name\" content=\"Casa de Campo Living\" \/>\n<meta property=\"article:publisher\" content=\"https:\/\/www.facebook.com\/casadecampoliving\" \/>\n<meta property=\"article:published_time\" content=\"2017-12-26T04:00:00+00:00\" \/>\n<meta property=\"article:modified_time\" content=\"2022-10-21T23:14:41+00:00\" \/>\n<meta property=\"og:image\" content=\"https:\/\/i0.wp.com\/casadecampoliving.com\/wp-content\/uploads\/2022\/10\/IMGP0205.jpg?fit=1000%2C667&ssl=1\" \/>\n\t<meta property=\"og:image:width\" content=\"1000\" \/>\n\t<meta property=\"og:image:height\" content=\"667\" \/>\n\t<meta property=\"og:image:type\" content=\"image\/jpeg\" \/>\n<meta name=\"author\" content=\"Casa de Campo Living\" \/>\n<meta name=\"twitter:card\" content=\"summary_large_image\" \/>\n<meta name=\"twitter:creator\" content=\"@cdcliving\" \/>\n<meta name=\"twitter:site\" content=\"@cdcliving\" \/>\n<meta name=\"twitter:label1\" content=\"Escrito por\" \/>\n\t<meta name=\"twitter:data1\" content=\"Casa de Campo Living\" \/>\n\t<meta name=\"twitter:label2\" content=\"Tiempo de lectura\" \/>\n\t<meta name=\"twitter:data2\" content=\"3 minutos\" \/>\n<script type=\"application\/ld+json\" class=\"yoast-schema-graph\">{\"@context\":\"https:\\\/\\\/schema.org\",\"@graph\":[{\"@type\":\"Article\",\"@id\":\"https:\\\/\\\/casadecampoliving.com\\\/es\\\/quinta-muestra-cientifica-dia-mundial-del-sida-por-clinica-de-familia\\\/#article\",\"isPartOf\":{\"@id\":\"https:\\\/\\\/casadecampoliving.com\\\/es\\\/quinta-muestra-cientifica-dia-mundial-del-sida-por-clinica-de-familia\\\/\"},\"author\":{\"name\":\"Casa de Campo Living\",\"@id\":\"https:\\\/\\\/casadecampoliving.com\\\/es\\\/#\\\/schema\\\/person\\\/5d2171637a9d11e0e43ce6b8555f9422\"},\"headline\":\"Quinta Muestra Cient\u00edfica D\u00eda Mundial del SIDA organizado por Cl\u00ednica de Familia\",\"datePublished\":\"2017-12-26T04:00:00+00:00\",\"dateModified\":\"2022-10-21T23:14:41+00:00\",\"mainEntityOfPage\":{\"@id\":\"https:\\\/\\\/casadecampoliving.com\\\/es\\\/quinta-muestra-cientifica-dia-mundial-del-sida-por-clinica-de-familia\\\/\"},\"wordCount\":527,\"publisher\":{\"@id\":\"https:\\\/\\\/casadecampoliving.com\\\/es\\\/#organization\"},\"image\":{\"@id\":\"https:\\\/\\\/casadecampoliving.com\\\/es\\\/quinta-muestra-cientifica-dia-mundial-del-sida-por-clinica-de-familia\\\/#primaryimage\"},\"thumbnailUrl\":\"https:\\\/\\\/i0.wp.com\\\/casadecampoliving.com\\\/wp-content\\\/uploads\\\/2022\\\/10\\\/IMGP0205.jpg?fit=1000%2C667&ssl=1\",\"keywords\":[\"clinica de familia\",\"dia mundial del sida\",\"La Romana\"],\"articleSection\":[\"La Romana @es\",\"M\u00e1s all\u00e1 de Casa\",\"Rep\u00fablica Dominicana @es\",\"Salud\"],\"inLanguage\":\"es\"},{\"@type\":\"WebPage\",\"@id\":\"https:\\\/\\\/casadecampoliving.com\\\/es\\\/quinta-muestra-cientifica-dia-mundial-del-sida-por-clinica-de-familia\\\/\",\"url\":\"https:\\\/\\\/casadecampoliving.com\\\/es\\\/quinta-muestra-cientifica-dia-mundial-del-sida-por-clinica-de-familia\\\/\",\"name\":\"Quinta Muestra Cient\u00edfica D\u00eda Mundial del SIDA organizado por Cl\u00ednica de Familia | Casa de Campo Living\",\"isPartOf\":{\"@id\":\"https:\\\/\\\/casadecampoliving.com\\\/es\\\/#website\"},\"primaryImageOfPage\":{\"@id\":\"https:\\\/\\\/casadecampoliving.com\\\/es\\\/quinta-muestra-cientifica-dia-mundial-del-sida-por-clinica-de-familia\\\/#primaryimage\"},\"image\":{\"@id\":\"https:\\\/\\\/casadecampoliving.com\\\/es\\\/quinta-muestra-cientifica-dia-mundial-del-sida-por-clinica-de-familia\\\/#primaryimage\"},\"thumbnailUrl\":\"https:\\\/\\\/i0.wp.com\\\/casadecampoliving.com\\\/wp-content\\\/uploads\\\/2022\\\/10\\\/IMGP0205.jpg?fit=1000%2C667&ssl=1\",\"datePublished\":\"2017-12-26T04:00:00+00:00\",\"dateModified\":\"2022-10-21T23:14:41+00:00\",\"description\":\"El 30 de noviembre, se realiz\u00f3 nuestra tradicional quinta Muestra Cient\u00edfica con motivo del D\u00eda Mundial de la Lucha contra el SIDA. La misma tuvo lugar en\",\"breadcrumb\":{\"@id\":\"https:\\\/\\\/casadecampoliving.com\\\/es\\\/quinta-muestra-cientifica-dia-mundial-del-sida-por-clinica-de-familia\\\/#breadcrumb\"},\"inLanguage\":\"es\",\"potentialAction\":[{\"@type\":\"ReadAction\",\"target\":[\"https:\\\/\\\/casadecampoliving.com\\\/es\\\/quinta-muestra-cientifica-dia-mundial-del-sida-por-clinica-de-familia\\\/\"]}]},{\"@type\":\"ImageObject\",\"inLanguage\":\"es\",\"@id\":\"https:\\\/\\\/casadecampoliving.com\\\/es\\\/quinta-muestra-cientifica-dia-mundial-del-sida-por-clinica-de-familia\\\/#primaryimage\",\"url\":\"https:\\\/\\\/i0.wp.com\\\/casadecampoliving.com\\\/wp-content\\\/uploads\\\/2022\\\/10\\\/IMGP0205.jpg?fit=1000%2C667&ssl=1\",\"contentUrl\":\"https:\\\/\\\/i0.wp.com\\\/casadecampoliving.com\\\/wp-content\\\/uploads\\\/2022\\\/10\\\/IMGP0205.jpg?fit=1000%2C667&ssl=1\",\"width\":1000,\"height\":667},{\"@type\":\"BreadcrumbList\",\"@id\":\"https:\\\/\\\/casadecampoliving.com\\\/es\\\/quinta-muestra-cientifica-dia-mundial-del-sida-por-clinica-de-familia\\\/#breadcrumb\",\"itemListElement\":[{\"@type\":\"ListItem\",\"position\":1,\"name\":\"Home\",\"item\":\"https:\\\/\\\/casadecampoliving.com\\\/es\\\/\"},{\"@type\":\"ListItem\",\"position\":2,\"name\":\"Quinta Muestra Cient\u00edfica D\u00eda Mundial del SIDA organizado por Cl\u00ednica de Familia\"}]},{\"@type\":\"WebSite\",\"@id\":\"https:\\\/\\\/casadecampoliving.com\\\/es\\\/#website\",\"url\":\"https:\\\/\\\/casadecampoliving.com\\\/es\\\/\",\"name\":\"Casa de Campo Living\",\"description\":\"Resort community news and resources.\",\"publisher\":{\"@id\":\"https:\\\/\\\/casadecampoliving.com\\\/es\\\/#organization\"},\"potentialAction\":[{\"@type\":\"SearchAction\",\"target\":{\"@type\":\"EntryPoint\",\"urlTemplate\":\"https:\\\/\\\/casadecampoliving.com\\\/es\\\/?s={search_term_string}\"},\"query-input\":{\"@type\":\"PropertyValueSpecification\",\"valueRequired\":true,\"valueName\":\"search_term_string\"}}],\"inLanguage\":\"es\"},{\"@type\":\"Organization\",\"@id\":\"https:\\\/\\\/casadecampoliving.com\\\/es\\\/#organization\",\"name\":\"Casa de Campo Living\",\"url\":\"https:\\\/\\\/casadecampoliving.com\\\/es\\\/\",\"logo\":{\"@type\":\"ImageObject\",\"inLanguage\":\"es\",\"@id\":\"https:\\\/\\\/casadecampoliving.com\\\/es\\\/#\\\/schema\\\/logo\\\/image\\\/\",\"url\":\"https:\\\/\\\/i0.wp.com\\\/casadecampoliving.com\\\/wp-content\\\/uploads\\\/2022\\\/07\\\/CDCLivingLogo_V1-white-sized.png?fit=800%2C214&ssl=1\",\"contentUrl\":\"https:\\\/\\\/i0.wp.com\\\/casadecampoliving.com\\\/wp-content\\\/uploads\\\/2022\\\/07\\\/CDCLivingLogo_V1-white-sized.png?fit=800%2C214&ssl=1\",\"width\":800,\"height\":214,\"caption\":\"Casa de Campo Living\"},\"image\":{\"@id\":\"https:\\\/\\\/casadecampoliving.com\\\/es\\\/#\\\/schema\\\/logo\\\/image\\\/\"},\"sameAs\":[\"https:\\\/\\\/www.facebook.com\\\/casadecampoliving\",\"https:\\\/\\\/x.com\\\/cdcliving\"]},{\"@type\":\"Person\",\"@id\":\"https:\\\/\\\/casadecampoliving.com\\\/es\\\/#\\\/schema\\\/person\\\/5d2171637a9d11e0e43ce6b8555f9422\",\"name\":\"Casa de Campo Living\",\"image\":{\"@type\":\"ImageObject\",\"inLanguage\":\"es\",\"@id\":\"https:\\\/\\\/secure.gravatar.com\\\/avatar\\\/d04101fa4a9fd431e939953b1500fdc7a73cd35029f86d98712fd8ccdaebaf9a?s=96&d=mm&r=g\",\"url\":\"https:\\\/\\\/secure.gravatar.com\\\/avatar\\\/d04101fa4a9fd431e939953b1500fdc7a73cd35029f86d98712fd8ccdaebaf9a?s=96&d=mm&r=g\",\"contentUrl\":\"https:\\\/\\\/secure.gravatar.com\\\/avatar\\\/d04101fa4a9fd431e939953b1500fdc7a73cd35029f86d98712fd8ccdaebaf9a?s=96&d=mm&r=g\",\"caption\":\"Casa de Campo Living\"},\"url\":\"https:\\\/\\\/casadecampoliving.com\\\/es\\\/author\\\/casa-de-campo-living\\\/\"}]}<\/script>\n<!-- \/ Yoast SEO plugin. -->","yoast_head_json":{"title":"Quinta Muestra Cient\u00edfica D\u00eda Mundial del SIDA organizado por Cl\u00ednica de Familia | Casa de Campo Living","description":"El 30 de noviembre, se realiz\u00f3 nuestra tradicional quinta Muestra Cient\u00edfica con motivo del D\u00eda Mundial de la Lucha contra el SIDA. La misma tuvo lugar en","robots":{"index":"index","follow":"follow","max-snippet":"max-snippet:-1","max-image-preview":"max-image-preview:large","max-video-preview":"max-video-preview:-1"},"canonical":"https:\/\/casadecampoliving.com\/es\/quinta-muestra-cientifica-dia-mundial-del-sida-por-clinica-de-familia\/","og_locale":"es_ES","og_type":"article","og_title":"Quinta Muestra Cient\u00edfica D\u00eda Mundial del SIDA organizado por Cl\u00ednica de Familia | Casa de Campo Living","og_description":"El 30 de noviembre, se realiz\u00f3 nuestra tradicional quinta Muestra Cient\u00edfica con motivo del D\u00eda Mundial de la Lucha contra el SIDA. La misma tuvo lugar en","og_url":"https:\/\/casadecampoliving.com\/es\/quinta-muestra-cientifica-dia-mundial-del-sida-por-clinica-de-familia\/","og_site_name":"Casa de Campo Living","article_publisher":"https:\/\/www.facebook.com\/casadecampoliving","article_published_time":"2017-12-26T04:00:00+00:00","article_modified_time":"2022-10-21T23:14:41+00:00","og_image":[{"width":1000,"height":667,"url":"https:\/\/i0.wp.com\/casadecampoliving.com\/wp-content\/uploads\/2022\/10\/IMGP0205.jpg?fit=1000%2C667&ssl=1","type":"image\/jpeg"}],"author":"Casa de Campo Living","twitter_card":"summary_large_image","twitter_creator":"@cdcliving","twitter_site":"@cdcliving","twitter_misc":{"Escrito por":"Casa de Campo Living","Tiempo de lectura":"3 minutos"},"schema":{"@context":"https:\/\/schema.org","@graph":[{"@type":"Article","@id":"https:\/\/casadecampoliving.com\/es\/quinta-muestra-cientifica-dia-mundial-del-sida-por-clinica-de-familia\/#article","isPartOf":{"@id":"https:\/\/casadecampoliving.com\/es\/quinta-muestra-cientifica-dia-mundial-del-sida-por-clinica-de-familia\/"},"author":{"name":"Casa de Campo Living","@id":"https:\/\/casadecampoliving.com\/es\/#\/schema\/person\/5d2171637a9d11e0e43ce6b8555f9422"},"headline":"Quinta Muestra Cient\u00edfica D\u00eda Mundial del SIDA organizado por Cl\u00ednica de Familia","datePublished":"2017-12-26T04:00:00+00:00","dateModified":"2022-10-21T23:14:41+00:00","mainEntityOfPage":{"@id":"https:\/\/casadecampoliving.com\/es\/quinta-muestra-cientifica-dia-mundial-del-sida-por-clinica-de-familia\/"},"wordCount":527,"publisher":{"@id":"https:\/\/casadecampoliving.com\/es\/#organization"},"image":{"@id":"https:\/\/casadecampoliving.com\/es\/quinta-muestra-cientifica-dia-mundial-del-sida-por-clinica-de-familia\/#primaryimage"},"thumbnailUrl":"https:\/\/i0.wp.com\/casadecampoliving.com\/wp-content\/uploads\/2022\/10\/IMGP0205.jpg?fit=1000%2C667&ssl=1","keywords":["clinica de familia","dia mundial del sida","La Romana"],"articleSection":["La Romana @es","M\u00e1s all\u00e1 de Casa","Rep\u00fablica Dominicana @es","Salud"],"inLanguage":"es"},{"@type":"WebPage","@id":"https:\/\/casadecampoliving.com\/es\/quinta-muestra-cientifica-dia-mundial-del-sida-por-clinica-de-familia\/","url":"https:\/\/casadecampoliving.com\/es\/quinta-muestra-cientifica-dia-mundial-del-sida-por-clinica-de-familia\/","name":"Quinta Muestra Cient\u00edfica D\u00eda Mundial del SIDA organizado por Cl\u00ednica de Familia | Casa de Campo Living","isPartOf":{"@id":"https:\/\/casadecampoliving.com\/es\/#website"},"primaryImageOfPage":{"@id":"https:\/\/casadecampoliving.com\/es\/quinta-muestra-cientifica-dia-mundial-del-sida-por-clinica-de-familia\/#primaryimage"},"image":{"@id":"https:\/\/casadecampoliving.com\/es\/quinta-muestra-cientifica-dia-mundial-del-sida-por-clinica-de-familia\/#primaryimage"},"thumbnailUrl":"https:\/\/i0.wp.com\/casadecampoliving.com\/wp-content\/uploads\/2022\/10\/IMGP0205.jpg?fit=1000%2C667&ssl=1","datePublished":"2017-12-26T04:00:00+00:00","dateModified":"2022-10-21T23:14:41+00:00","description":"El 30 de noviembre, se realiz\u00f3 nuestra tradicional quinta Muestra Cient\u00edfica con motivo del D\u00eda Mundial de la Lucha contra el SIDA. La misma tuvo lugar en","breadcrumb":{"@id":"https:\/\/casadecampoliving.com\/es\/quinta-muestra-cientifica-dia-mundial-del-sida-por-clinica-de-familia\/#breadcrumb"},"inLanguage":"es","potentialAction":[{"@type":"ReadAction","target":["https:\/\/casadecampoliving.com\/es\/quinta-muestra-cientifica-dia-mundial-del-sida-por-clinica-de-familia\/"]}]},{"@type":"ImageObject","inLanguage":"es","@id":"https:\/\/casadecampoliving.com\/es\/quinta-muestra-cientifica-dia-mundial-del-sida-por-clinica-de-familia\/#primaryimage","url":"https:\/\/i0.wp.com\/casadecampoliving.com\/wp-content\/uploads\/2022\/10\/IMGP0205.jpg?fit=1000%2C667&ssl=1","contentUrl":"https:\/\/i0.wp.com\/casadecampoliving.com\/wp-content\/uploads\/2022\/10\/IMGP0205.jpg?fit=1000%2C667&ssl=1","width":1000,"height":667},{"@type":"BreadcrumbList","@id":"https:\/\/casadecampoliving.com\/es\/quinta-muestra-cientifica-dia-mundial-del-sida-por-clinica-de-familia\/#breadcrumb","itemListElement":[{"@type":"ListItem","position":1,"name":"Home","item":"https:\/\/casadecampoliving.com\/es\/"},{"@type":"ListItem","position":2,"name":"Quinta Muestra Cient\u00edfica D\u00eda Mundial del SIDA organizado por Cl\u00ednica de Familia"}]},{"@type":"WebSite","@id":"https:\/\/casadecampoliving.com\/es\/#website","url":"https:\/\/casadecampoliving.com\/es\/","name":"Casa de Campo Living","description":"Resort community news and resources.","publisher":{"@id":"https:\/\/casadecampoliving.com\/es\/#organization"},"potentialAction":[{"@type":"SearchAction","target":{"@type":"EntryPoint","urlTemplate":"https:\/\/casadecampoliving.com\/es\/?s={search_term_string}"},"query-input":{"@type":"PropertyValueSpecification","valueRequired":true,"valueName":"search_term_string"}}],"inLanguage":"es"},{"@type":"Organization","@id":"https:\/\/casadecampoliving.com\/es\/#organization","name":"Casa de Campo Living","url":"https:\/\/casadecampoliving.com\/es\/","logo":{"@type":"ImageObject","inLanguage":"es","@id":"https:\/\/casadecampoliving.com\/es\/#\/schema\/logo\/image\/","url":"https:\/\/i0.wp.com\/casadecampoliving.com\/wp-content\/uploads\/2022\/07\/CDCLivingLogo_V1-white-sized.png?fit=800%2C214&ssl=1","contentUrl":"https:\/\/i0.wp.com\/casadecampoliving.com\/wp-content\/uploads\/2022\/07\/CDCLivingLogo_V1-white-sized.png?fit=800%2C214&ssl=1","width":800,"height":214,"caption":"Casa de Campo Living"},"image":{"@id":"https:\/\/casadecampoliving.com\/es\/#\/schema\/logo\/image\/"},"sameAs":["https:\/\/www.facebook.com\/casadecampoliving","https:\/\/x.com\/cdcliving"]},{"@type":"Person","@id":"https:\/\/casadecampoliving.com\/es\/#\/schema\/person\/5d2171637a9d11e0e43ce6b8555f9422","name":"Casa de Campo Living","image":{"@type":"ImageObject","inLanguage":"es","@id":"https:\/\/secure.gravatar.com\/avatar\/d04101fa4a9fd431e939953b1500fdc7a73cd35029f86d98712fd8ccdaebaf9a?s=96&d=mm&r=g","url":"https:\/\/secure.gravatar.com\/avatar\/d04101fa4a9fd431e939953b1500fdc7a73cd35029f86d98712fd8ccdaebaf9a?s=96&d=mm&r=g","contentUrl":"https:\/\/secure.gravatar.com\/avatar\/d04101fa4a9fd431e939953b1500fdc7a73cd35029f86d98712fd8ccdaebaf9a?s=96&d=mm&r=g","caption":"Casa de Campo Living"},"url":"https:\/\/casadecampoliving.com\/es\/author\/casa-de-campo-living\/"}]}},"parsely":{"version":"1.1.0","canonical_url":"https:\/\/casadecampoliving.com\/es\/quinta-muestra-cientifica-dia-mundial-del-sida-por-clinica-de-familia\/","smart_links":{"inbound":0,"outbound":0},"traffic_boost_suggestions_count":0,"meta":{"@context":"https:\/\/schema.org","@type":"NewsArticle","headline":"Quinta Muestra Cient\u00edfica D\u00eda Mundial del SIDA organizado por Cl\u00ednica de Familia","url":"http:\/\/casadecampoliving.com\/es\/quinta-muestra-cientifica-dia-mundial-del-sida-por-clinica-de-familia\/","mainEntityOfPage":{"@type":"WebPage","@id":"http:\/\/casadecampoliving.com\/es\/quinta-muestra-cientifica-dia-mundial-del-sida-por-clinica-de-familia\/"},"thumbnailUrl":"https:\/\/i0.wp.com\/casadecampoliving.com\/wp-content\/uploads\/2022\/10\/IMGP0205.jpg?resize=150%2C150&ssl=1","image":{"@type":"ImageObject","url":"https:\/\/i0.wp.com\/casadecampoliving.com\/wp-content\/uploads\/2022\/10\/IMGP0205.jpg?fit=1000%2C667&ssl=1"},"articleSection":"La Romana @es","author":[{"@type":"Person","name":"Casa de Campo Living"}],"creator":["Casa de Campo Living"],"publisher":{"@type":"Organization","name":"Casa de Campo Living","logo":"https:\/\/casadecampoliving.com\/wp-content\/uploads\/2022\/07\/CDCLivingLogo_V1-white-sized.png"},"keywords":["clinica de familia","dia mundial del sida","la romana"],"dateCreated":"2017-12-26T04:00:00Z","datePublished":"2017-12-26T04:00:00Z","dateModified":"2022-10-21T23:14:41Z"},"rendered":"<script type=\"application\/ld+json\" class=\"wp-parsely-metadata\">{\"@context\":\"https:\\\/\\\/schema.org\",\"@type\":\"NewsArticle\",\"headline\":\"Quinta Muestra Cient\\u00edfica D\\u00eda Mundial del SIDA organizado por Cl\\u00ednica de Familia\",\"url\":\"http:\\\/\\\/casadecampoliving.com\\\/es\\\/quinta-muestra-cientifica-dia-mundial-del-sida-por-clinica-de-familia\\\/\",\"mainEntityOfPage\":{\"@type\":\"WebPage\",\"@id\":\"http:\\\/\\\/casadecampoliving.com\\\/es\\\/quinta-muestra-cientifica-dia-mundial-del-sida-por-clinica-de-familia\\\/\"},\"thumbnailUrl\":\"https:\\\/\\\/i0.wp.com\\\/casadecampoliving.com\\\/wp-content\\\/uploads\\\/2022\\\/10\\\/IMGP0205.jpg?resize=150%2C150&ssl=1\",\"image\":{\"@type\":\"ImageObject\",\"url\":\"https:\\\/\\\/i0.wp.com\\\/casadecampoliving.com\\\/wp-content\\\/uploads\\\/2022\\\/10\\\/IMGP0205.jpg?fit=1000%2C667&ssl=1\"},\"articleSection\":\"La Romana @es\",\"author\":[{\"@type\":\"Person\",\"name\":\"Casa de Campo Living\"}],\"creator\":[\"Casa de Campo Living\"],\"publisher\":{\"@type\":\"Organization\",\"name\":\"Casa de Campo Living\",\"logo\":\"https:\\\/\\\/casadecampoliving.com\\\/wp-content\\\/uploads\\\/2022\\\/07\\\/CDCLivingLogo_V1-white-sized.png\"},\"keywords\":[\"clinica de familia\",\"dia mundial del sida\",\"la romana\"],\"dateCreated\":\"2017-12-26T04:00:00Z\",\"datePublished\":\"2017-12-26T04:00:00Z\",\"dateModified\":\"2022-10-21T23:14:41Z\"}<\/script>","tracker_url":"https:\/\/cdn.parsely.com\/keys\/casadecampoliving.com\/p.js"},"jetpack_publicize_connections":[],"jetpack_featured_media_url":"https:\/\/i0.wp.com\/casadecampoliving.com\/wp-content\/uploads\/2022\/10\/IMGP0205.jpg?fit=1000%2C667&ssl=1","jetpack-related-posts":[{"id":348807,"url":"https:\/\/casadecampoliving.com\/es\/exposicion-artistica-y-cientifica-por-el-dia-mundial-del-sida\/","url_meta":{"origin":352324,"position":0},"title":"Exposici\u00f3n Art\u00edstica y Cient\u00edfica por el D\u00eda Mundial del SIDA","author":"Felix Guerrero","date":"12 Dic, 2015","format":false,"excerpt":"El pasado martes, 1ro\u00a0de diciembre, con motivo del D\u00eda Mundial del SIDA, la Cl\u00ednica de Familia La Romana junto con el M\u00f3dulo Anexo Materno Infantil (MAMI) organizaron por tercer a\u00f1o consecutivo su tradicional\u00a0Muestra Cient\u00edfica y Art\u00edstica\u00a0en el Sal\u00f3n Parroquial de la Iglesia Sagrado Coraz\u00f3n de Jes\u00fas en La Romana y\u2026","rel":"","context":"En \u00abArte y cultura\u00bb","block_context":{"text":"Arte y cultura","link":"https:\/\/casadecampoliving.com\/category\/arte-y-cultura\/"},"img":{"alt_text":"Hogar del Ni\u00f1o D\u00eda Mundial del SIDA","src":"https:\/\/i0.wp.com\/casadecampoliving.com\/wp-content\/uploads\/2022\/10\/Hogar-del-Nino-Dia-Mundial-del-SIDA-1.jpg?fit=650%2C400&ssl=1&resize=350%2C200","width":350,"height":200,"srcset":"https:\/\/i0.wp.com\/casadecampoliving.com\/wp-content\/uploads\/2022\/10\/Hogar-del-Nino-Dia-Mundial-del-SIDA-1.jpg?fit=650%2C400&ssl=1&resize=350%2C200 1x, https:\/\/i0.wp.com\/casadecampoliving.com\/wp-content\/uploads\/2022\/10\/Hogar-del-Nino-Dia-Mundial-del-SIDA-1.jpg?fit=650%2C400&ssl=1&resize=525%2C300 1.5x"},"classes":[]},{"id":346174,"url":"https:\/\/casadecampoliving.com\/es\/muestra-cientifica-y-artistica-dia-mundial-del-sida-en-la-aldea-cultural-santa-rosa-de-lima\/","url_meta":{"origin":352324,"position":1},"title":"Muestra Cientifica y Art\u00edstica D\u00eda Mundial del SIDA en la Aldea Cultural Santa Rosa de Lima","author":"Daniela Medina","date":"13 Dic, 2014","format":false,"excerpt":"Para iniciar el mes con eventos que promueven la solidaridad en nuestra comunidad, el pasado lunes 1 de diciembre con motivo del D\u00eda Mundial de SIDA, se realiz\u00f3 la primera Muestra Cient\u00edfica y Art\u00edstica. Dicha actividad tuvo lugar en la Aldea Cultural Santa Rosa de Lima, antigua Fortaleza Santa Rosa\u2026","rel":"","context":"En \u00abEstilo de Vida\u00bb","block_context":{"text":"Estilo de Vida","link":"https:\/\/casadecampoliving.com\/es\/category\/estilo-de-vida\/"},"img":{"alt_text":"","src":"https:\/\/i0.wp.com\/casadecampoliving.com\/wp-content\/uploads\/2022\/10\/DSC_0355-1-scaled.jpg?fit=1200%2C797&ssl=1&resize=350%2C200","width":350,"height":200,"srcset":"https:\/\/i0.wp.com\/casadecampoliving.com\/wp-content\/uploads\/2022\/10\/DSC_0355-1-scaled.jpg?fit=1200%2C797&ssl=1&resize=350%2C200 1x, https:\/\/i0.wp.com\/casadecampoliving.com\/wp-content\/uploads\/2022\/10\/DSC_0355-1-scaled.jpg?fit=1200%2C797&ssl=1&resize=525%2C300 1.5x, https:\/\/i0.wp.com\/casadecampoliving.com\/wp-content\/uploads\/2022\/10\/DSC_0355-1-scaled.jpg?fit=1200%2C797&ssl=1&resize=700%2C400 2x, https:\/\/i0.wp.com\/casadecampoliving.com\/wp-content\/uploads\/2022\/10\/DSC_0355-1-scaled.jpg?fit=1200%2C797&ssl=1&resize=1050%2C600 3x"},"classes":[]},{"id":340532,"url":"https:\/\/casadecampoliving.com\/es\/dia-mundial-del-sida-que-depara-el-futuro-por-jorien-breur\/","url_meta":{"origin":352324,"position":2},"title":"Dia Mundial del SIDA: \u00bfQu\u00e9 depara el futuro? por Jorien Breur","author":"","date":"28 Ene, 2013","format":false,"excerpt":"El primero de diciembre de 2012, Jorien Breur, una estudiante de cuarto a\u00f1o de Medicina de la universidad Albert Einstein College en el Bronx, NY, y quien en la actualidad se encuentra laborando en la Cl\u00ednica de Familia en La Romana, particip\u00f3 en un evento de concienciaci\u00f3n como parte de\u2026","rel":"","context":"En \u00abEstilo de Vida\u00bb","block_context":{"text":"Estilo de Vida","link":"https:\/\/casadecampoliving.com\/es\/category\/estilo-de-vida\/"},"img":{"alt_text":"world aids day","src":"https:\/\/i0.wp.com\/casadecampoliving.com\/wp-content\/uploads\/2022\/10\/world_aids_day-1.jpg?fit=650%2C427&ssl=1&resize=350%2C200","width":350,"height":200,"srcset":"https:\/\/i0.wp.com\/casadecampoliving.com\/wp-content\/uploads\/2022\/10\/world_aids_day-1.jpg?fit=650%2C427&ssl=1&resize=350%2C200 1x, https:\/\/i0.wp.com\/casadecampoliving.com\/wp-content\/uploads\/2022\/10\/world_aids_day-1.jpg?fit=650%2C427&ssl=1&resize=525%2C300 1.5x"},"classes":[]},{"id":353051,"url":"https:\/\/casadecampoliving.com\/es\/charla-de-multiplicadores-de-la-escuela-hogar-del-nino-en-conmemoracion-del-dia-mundial-del-sida\/","url_meta":{"origin":352324,"position":3},"title":"Charla de Multiplicadores de la Escuela Hogar del Ni\u00f1o en Conmemoraci\u00f3n del D\u00eda Mundial del SIDA","author":"Casa de Campo Living","date":"12 Dic, 2018","format":false,"excerpt":"El M\u00f3dulo Anexo Materno Infantil (MAMI) realiza durante el a\u00f1o escolar charlas sobre educaci\u00f3n sexual y reproductiva en escuelas y liceos de La Romana, as\u00ed como bateyes cercanos, las cuales abarcan temas sobre prevenci\u00f3n de embarazos en adolescentes, planificaci\u00f3n familiar, prevenci\u00f3n de infecciones de transmisi\u00f3n sexual, entre otras, con el\u2026","rel":"","context":"En \u00abLa Romana @es\u00bb","block_context":{"text":"La Romana @es","link":"https:\/\/casadecampoliving.com\/es\/category\/mas-alla-de-casa-es\/la-romana-es\/"},"img":{"alt_text":"","src":"https:\/\/i0.wp.com\/casadecampoliving.com\/wp-content\/uploads\/2018\/12\/DSC_0311-2-2.jpg?resize=350%2C200&ssl=1","width":350,"height":200,"srcset":"https:\/\/i0.wp.com\/casadecampoliving.com\/wp-content\/uploads\/2018\/12\/DSC_0311-2-2.jpg?resize=350%2C200&ssl=1 1x, https:\/\/i0.wp.com\/casadecampoliving.com\/wp-content\/uploads\/2018\/12\/DSC_0311-2-2.jpg?resize=525%2C300&ssl=1 1.5x, https:\/\/i0.wp.com\/casadecampoliving.com\/wp-content\/uploads\/2018\/12\/DSC_0311-2-2.jpg?resize=700%2C400&ssl=1 2x"},"classes":[]},{"id":326803,"url":"https:\/\/casadecampoliving.com\/scientific-and-artistic-exhibitions-for-world-aids-day\/","url_meta":{"origin":352324,"position":4},"title":"Scientific and Artistic Exhibitions for World AIDS Day","author":"Felix Guerrero","date":"12 Dic, 2015","format":false,"excerpt":"Last Tuesday, December 1st, on the occasion of World AIDS Day, the Cl\u00ednica de Familia La Romana along with the M\u00f3dulo Anexo Materno Infantil (Annex Module Mother and Child) (MAMI) celebrated for its 3rd consecutive year the organization\u2019s traditional scientific and artistic exhibition. It was held in the Parish Hall\u2026","rel":"","context":"En \u00abArt and Culture\u00bb","block_context":{"text":"Art and Culture","link":"https:\/\/casadecampoliving.com\/category\/art-and-culture\/"},"img":{"alt_text":"Hogar del Ni\u00f1o D\u00eda Mundial del SIDA","src":"https:\/\/i0.wp.com\/casadecampoliving.com\/wp-content\/uploads\/2022\/10\/Hogar-del-Nino-Dia-Mundial-del-SIDA-1.jpg?fit=650%2C400&ssl=1&resize=350%2C200","width":350,"height":200,"srcset":"https:\/\/i0.wp.com\/casadecampoliving.com\/wp-content\/uploads\/2022\/10\/Hogar-del-Nino-Dia-Mundial-del-SIDA-1.jpg?fit=650%2C400&ssl=1&resize=350%2C200 1x, https:\/\/i0.wp.com\/casadecampoliving.com\/wp-content\/uploads\/2022\/10\/Hogar-del-Nino-Dia-Mundial-del-SIDA-1.jpg?fit=650%2C400&ssl=1&resize=525%2C300 1.5x"},"classes":[]},{"id":342844,"url":"https:\/\/casadecampoliving.com\/es\/introducing-el-centro-de-salud-global-en-la-clinica-de-familia-la-romana\/","url_meta":{"origin":352324,"position":5},"title":"Conozca el Centro de Salud Global en la Cl\u00ednica de Familia La Romana","author":"Rebecca Silvestri","date":"10 Sep, 2013","format":false,"excerpt":"Dentro del \u00e1rea metropolitana de La Romana, a la cual Casa de Campo pertenece, hay muchas instituciones que trabajan de una manera ardua para la comunidad. Aqu\u00ed te presentamos el Centro de Salud Global, que es parte de Cl\u00ednica de Familia en La Romana. Cl\u00ednica de Familia es una organizaci\u00f3n\u2026","rel":"","context":"En \u00abDeportes\u00bb","block_context":{"text":"Deportes","link":"https:\/\/casadecampoliving.com\/es\/category\/golf-deportes-es\/"},"img":{"alt_text":"Clinica de Familia La Romana","src":"https:\/\/i0.wp.com\/casadecampoliving.com\/wp-content\/uploads\/2022\/10\/clinica_de_familia_la_romana-3.jpg?fit=650%2C411&ssl=1&resize=350%2C200","width":350,"height":200,"srcset":"https:\/\/i0.wp.com\/casadecampoliving.com\/wp-content\/uploads\/2022\/10\/clinica_de_familia_la_romana-3.jpg?fit=650%2C411&ssl=1&resize=350%2C200 1x, https:\/\/i0.wp.com\/casadecampoliving.com\/wp-content\/uploads\/2022\/10\/clinica_de_familia_la_romana-3.jpg?fit=650%2C411&ssl=1&resize=525%2C300 1.5x"},"classes":[]}],"jetpack_sharing_enabled":true,"_links":{"self":[{"href":"https:\/\/casadecampoliving.com\/es\/wp-json\/wp\/v2\/posts\/352324","targetHints":{"allow":["GET"]}}],"collection":[{"href":"https:\/\/casadecampoliving.com\/es\/wp-json\/wp\/v2\/posts"}],"about":[{"href":"https:\/\/casadecampoliving.com\/es\/wp-json\/wp\/v2\/types\/post"}],"author":[{"embeddable":true,"href":"https:\/\/casadecampoliving.com\/es\/wp-json\/wp\/v2\/users\/36791"}],"replies":[{"embeddable":true,"href":"https:\/\/casadecampoliving.com\/es\/wp-json\/wp\/v2\/comments?post=352324"}],"version-history":[{"count":1,"href":"https:\/\/casadecampoliving.com\/es\/wp-json\/wp\/v2\/posts\/352324\/revisions"}],"predecessor-version":[{"id":352325,"href":"https:\/\/casadecampoliving.com\/es\/wp-json\/wp\/v2\/posts\/352324\/revisions\/352325"}],"wp:featuredmedia":[{"embeddable":true,"href":"https:\/\/casadecampoliving.com\/es\/wp-json\/wp\/v2\/media\/302632"}],"wp:attachment":[{"href":"https:\/\/casadecampoliving.com\/es\/wp-json\/wp\/v2\/media?parent=352324"}],"wp:term":[{"taxonomy":"category","embeddable":true,"href":"https:\/\/casadecampoliving.com\/es\/wp-json\/wp\/v2\/categories?post=352324"},{"taxonomy":"post_tag","embeddable":true,"href":"https:\/\/casadecampoliving.com\/es\/wp-json\/wp\/v2\/tags?post=352324"},{"taxonomy":"newspack_spnsrs_tax","embeddable":true,"href":"https:\/\/casadecampoliving.com\/es\/wp-json\/wp\/v2\/newspack_spnsrs_tax?post=352324"}],"curies":[{"name":"wp","href":"https:\/\/api.w.org\/{rel}","templated":true}]}}