{"id":352322,"date":"2017-12-22T00:00:00","date_gmt":"2017-12-22T04:00:00","guid":{"rendered":"https:\/\/casadecampoliving.com\/que-hacer-este-largo-fin-de-semana-de-vacaciones-en-casa-navidad\/"},"modified":"2022-10-21T19:14:28","modified_gmt":"2022-10-21T23:14:28","slug":"que-hacer-este-largo-fin-de-semana-de-vacaciones-en-casa-navidad","status":"publish","type":"post","link":"https:\/\/casadecampoliving.com\/es\/que-hacer-este-largo-fin-de-semana-de-vacaciones-en-casa-navidad\/","title":{"rendered":"Qu\u00e9 hacer este fin de semana largo y festivo en Casa"},"content":{"rendered":"\n<p>\u00bfTe preguntas qu\u00e9 hacer y c\u00f3mo celebrar este fin de semana largo y festivo? \u00a1Nos encanta ver c\u00f3mo Casa cobra vida y se llena de visitantes, amigos y familiares de todas partes que vienen a nuestro peque\u00f1o pedazo de para\u00edso para disfrutar del fin de semana! Lo que hace que este sea particularmente especial \u2026 \u00a1es que es Navidad! Sigue leyendo para ver algunas de las actividades llenas de diversi\u00f3n que se llevar\u00e1n a cabo este fin de semana aqu\u00ed en Casa de Campo \u2026<\/p>\n\n\n\n<!--more-->\n\n\n\n<h3 class=\"wp-block-heading\">Viernes, 22 de diciembre<\/h3>\n\n\n\n<blockquote class=\"wp-block-quote is-layout-flow wp-block-quote-is-layout-flow\"><p><strong>The Living Room by Good Vibes<\/strong><\/p><p>\u00bfHas o\u00eddo hablar del nuevo lugar que abrir\u00e1 pronto en Altos de Chav\u00f3n? \u00a1Escuchamos que estar\u00e1 lleno de buenas vibras! Xiomarita Men\u00e9ndez, Michaela Tolentino, Sandra Alvarado y Ana Pereyra se han unido para brindarnos un nuevo lugar donde podamos sentirnos como en casa y relajarnos. <em>The Living Room by Good Vibes<\/em>, ubicado justo enfrente de Fresh Fresh con una magn\u00edfica vista del r\u00edo Chav\u00f3n, tendr\u00e1 una super pre apertura ESTA NOCHE con buena m\u00fasica de DJ Avin, que tiene la mayor y mejor colecci\u00f3n de discos de vinilo de Santo Domingo, cervezas, y lo mejor de todo \u00a1una gran compa\u00f1\u00eda! Todo comienza a las 6 p.m., \u00a1no te lo pierdas!<\/p><\/blockquote>\n\n\n<div class=\"wp-block-image size-full wp-image-151956\">\n<figure class=\"aligncenter is-resized\"><img loading=\"lazy\" decoding=\"async\" src=\"https:\/\/i0.wp.com\/casadecampoliving.com\/wp-content\/uploads\/2022\/10\/Screen-Shot-2017-12-22-at-12.23.15-PM.png?resize=657%2C660&amp;ssl=1\" alt=\"\" class=\"wp-image-151956\" height=\"660\" width=\"657\"\/><figcaption>A post shared by Xioma Men\u00e9ndez (@xiomamd) on Dec 21, 2017 at 6:42am PST<\/figcaption><\/figure>\n<\/div>\n\n\n<blockquote><p><strong>Nacimiento Viviente a cargo de los ni\u00f1os de Fundaci\u00f3n MIR<\/strong><\/p><p>Hace apenas unos d\u00edas vimos que un grupo de ni\u00f1os de Fundaci\u00f3n MIR vino a Chav\u00f3n para ensayar su tradicional presentaci\u00f3n anual, y si lo que vimos y escuchamos es una indicaci\u00f3n de lo que suceder\u00e1 hoy, estamos seguros de que ser\u00e1 una de sus mejores representaciones de la llegada de Jes\u00fas a Bel\u00e9n. La presentaci\u00f3n comienza a las 6:30 p.m. <a href=\"https:\/\/casadecampoliving.com\/es\/tradicional-nacimiento-viviente-de-los-ninos-de-fundacion-mir\/\" target=\"_blank\" rel=\"noopener\">Contin\u00faa leyendo aqu\u00ed.<\/a><\/p><figure><img decoding=\"async\" loading=\"lazy\" class=\"aligncenter wp-image-151687\" src=\"https:\/\/i0.wp.com\/casadecampoliving.com\/wp-content\/uploads\/2022\/10\/DSC_0571-3.jpg?resize=850%2C510&amp;ssl=1\" alt=\"\" width=\"850\" height=\"510\"><\/figure><\/blockquote>\n\n\n\n<blockquote><p><strong>Jazz en las Rocas con Carlos Marcelo Jazz Band<\/strong><\/p><p>Como parte del programa navide\u00f1o preparado por Altos de Chav\u00f3n y Casa de Campo, Carlos Marcelo y su grupo de jazz estar\u00e1n aqu\u00ed para entretenernos esta noche. Estos talentosos m\u00fasicos dominicanos te invitan a disfrutar de una velada con lo mejor del jazz latino, Jazz-Swing, Blues, Soul, Bossanova y Bee Bop.<\/p><figure><img decoding=\"async\" loading=\"lazy\" class=\"aligncenter wp-image-151955\" src=\"https:\/\/i0.wp.com\/casadecampoliving.com\/wp-content\/uploads\/2022\/10\/Carlos-Marcelo-Jazz-quartet.jpg?resize=850%2C567&amp;ssl=1\" alt=\"\" width=\"850\" height=\"567\"><\/figure><\/blockquote>\n\n\n\n<h3 class=\"wp-block-heading\">S\u00e1bado, 23 de diciembre<\/h3>\n\n\n\n<blockquote><p><strong>Copa Navide\u00f1a Due\u00f1os Tour 2017&nbsp;<\/strong><\/p><p>Este a\u00f1o, el departamento de golf de Casa de Campo organiz\u00f3 eventos mensuales para Due\u00f1os y sus invitados como una forma m\u00e1s de divertirse en el green a excelentes precios. Estos torneos tuvieron lugar en los campos de golf Teeth of The Dog, Dye Fore y Links en varios formatos. Este s\u00e1bado, 23 de diciembre, est\u00e1 invitado al \u00faltimo evento Due\u00f1os Tour del a\u00f1o, la Copa de Navidad en el campo de golf Dye Fore aqu\u00ed en Casa de Campo. <a href=\"https:\/\/casadecampoliving.com\/es\/registrese-en-la-copa-de-navidad-duenos-tour-2017\/\" target=\"_blank\" rel=\"noopener\">Seguir leyendo aqu\u00ed.<\/a><\/p><figure><img decoding=\"async\" loading=\"lazy\" class=\"aligncenter wp-image-151859\" src=\"https:\/\/i0.wp.com\/casadecampoliving.com\/wp-content\/uploads\/2022\/10\/DSC_0783-1.jpg?resize=850%2C510&amp;ssl=1\" alt=\"\" width=\"850\" height=\"510\"><\/figure><\/blockquote>\n\n\n\n<blockquote><p><strong>Boleros en las Rocas con Johanna Almanzar y Orquestra<\/strong><\/p><p>Una noche bohemia con la gran voz y presencia de esta cantanta dominicana, con un gran repertorio de \u00e9xitos latinoamericanos de todos los tiempos. Venga a bailar y cantar, y no se olvide de traer a los ni\u00f1os ya que la casa tropical de Santa estar\u00e1 abierta de 6 a 8 p. m.<\/p><figure><img decoding=\"async\" loading=\"lazy\" class=\"aligncenter wp-image-151957\" src=\"https:\/\/i0.wp.com\/casadecampoliving.com\/wp-content\/uploads\/2022\/10\/JOhanna-almanzar-Boleros.jpg?resize=850%2C567&amp;ssl=1\" alt=\"\" width=\"850\" height=\"567\"><\/figure><\/blockquote>\n\n\n\n<h3 class=\"wp-block-heading\"><strong>Domingo, 24 de diciembre<\/strong><\/h3>\n\n\n\n<blockquote><p><strong>Villancicos a cargo del Coro Madrigalistas<\/strong><\/p><p>Venga y entre al esp\u00edritu navide\u00f1o con el Coro Madrigalista dirigido por el Prof. Andr\u00e9s Capell\u00e1n a las 9 p.m., seguido de la Misa de Nochebuena a las 10 p.m. y el tradicional brindis de ponche.<\/p><figure><img decoding=\"async\" loading=\"lazy\" class=\"aligncenter wp-image-131885\" src=\"https:\/\/i0.wp.com\/casadecampoliving.com\/wp-content\/uploads\/2022\/10\/DSC_0705-e1483707394910-1024x757-2.jpg?resize=850%2C628&amp;ssl=1\" alt=\"Madrigalistas Choir\" width=\"850\" height=\"628\"><\/figure><\/blockquote>\n\n\n\n<h3 class=\"wp-block-heading\">Lunes, 25 de diciembre<\/h3>\n\n\n\n<blockquote><p><strong>\u00a1Es Navidad!<\/strong><\/p><p>Ven a celebrar en Altos de Chav\u00f3n a partir de las 5 p.m. comenzando con una misa de Navidad seguida por el Coro de Armonia y su alegre repertorio de canciones navide\u00f1as nacionales e internacionales. Santa tambi\u00e9n estar\u00e1 aqu\u00ed, \u00a1d\u00e1ndoles a los ni\u00f1os la oportunidad de hablar con \u00e9l sobre que recibieron ese d\u00eda! Para terminar, ponte tus zapatos de baile y disfruta de las fiestas al ritmo de merengue con la orquesta Dekadas.<\/p><figure><img decoding=\"async\" loading=\"lazy\" class=\"aligncenter wp-image-151958\" src=\"https:\/\/i0.wp.com\/casadecampoliving.com\/wp-content\/uploads\/2022\/10\/dekadas.jpg?resize=850%2C567&amp;ssl=1\" alt=\"\" width=\"850\" height=\"567\"><\/figure><p>* Para ver una lista de eventos futuros visite: <strong><a href=\"http:\/\/todo.fm\/es\" target=\"_blank\" rel=\"noopener\">www.TODO.fm<\/a><\/strong><\/p><\/blockquote>\n","protected":false},"excerpt":{"rendered":"<p>\u00bfTe preguntas qu\u00e9 hacer y c\u00f3mo celebrar este fin de semana largo y festivo? \u00a1Nos encanta ver c\u00f3mo Casa cobra vida y se llena de visitantes, amigos y familiares de todas partes que vienen a nuestro peque\u00f1o pedazo de para\u00edso para disfrutar del fin de semana! Lo que hace que este sea particularmente especial \u2026 [&hellip;]<\/p>\n","protected":false},"author":36682,"featured_media":302391,"comment_status":"closed","ping_status":"closed","sticky":false,"template":"","format":"standard","meta":{"newspack_ads_suppress_ads":false,"newspack_popups_has_disabled_popups":false,"newspack_sponsor_sponsorship_scope":"","newspack_sponsor_native_byline_display":"inherit","newspack_sponsor_native_category_display":"inherit","newspack_sponsor_underwriter_style":"inherit","newspack_sponsor_underwriter_placement":"inherit","_newspack_byline_active":false,"_newspack_byline":"","newspack_hide_updated_date":false,"newspack_show_updated_date":false,"newspack_content_restriction_is_exempt":false,"newspack_featured_image_position":"","newspack_post_subtitle":"","newspack_article_summary_title":"Overview:","newspack_article_summary":"","_jetpack_memberships_contains_paid_content":false,"footnotes":"","jetpack_publicize_message":"","jetpack_publicize_feature_enabled":true,"jetpack_social_post_already_shared":false,"jetpack_social_options":{"image_generator_settings":{"template":"highway","default_image_id":0,"font":"","enabled":false},"version":2},"_wpas_customize_per_network":false},"categories":[26819,26823,14629,14631,2522,14625,14627,2521,26822,2498],"tags":[22270,15387,3575,18237,10486,7707,8012,14736,11334,20161,4501,1662],"newspack_spnsrs_tax":[],"class_list":["post-352322","post","type-post","status-publish","format-standard","has-post-thumbnail","hentry","category-altos-de-chavon-es","category-arte-y-cultura","category-comidas-bebidas","category-estilo-de-vida","category-eventos-es","category-noticias-locales","category-proximamente","category-republica-dominicana-2","category-resort-casa-de-campo","category-uncategorized-es","tag-actividades-de-navidad","tag-altos-de-chavon-es","tag-altos-de-chavon-es-2","tag-carlos-marcelo","tag-carols","tag-celebraciones","tag-eventos-navidenos","tag-featured-topview-es","tag-fiestas","tag-johanna-almanzar","tag-musica-en-vivo","tag-navidad","entry"],"yoast_head":"<!-- This site is optimized with the Yoast SEO plugin v27.5 - https:\/\/yoast.com\/product\/yoast-seo-wordpress\/ -->\n<title>Qu\u00e9 hacer este fin de semana largo y festivo en Casa | Casa de Campo Living<\/title>\n<meta name=\"description\" content=\"\u00bfTe preguntas qu\u00e9 hacer y c\u00f3mo celebrar este fin de semana largo y festivo? \u00a1Nos encanta ver c\u00f3mo Casa cobra vida y se llena de visitantes, amigos y\" \/>\n<meta name=\"robots\" content=\"index, follow, max-snippet:-1, max-image-preview:large, max-video-preview:-1\" \/>\n<link rel=\"canonical\" href=\"https:\/\/casadecampoliving.com\/es\/que-hacer-este-largo-fin-de-semana-de-vacaciones-en-casa-navidad\/\" \/>\n<meta property=\"og:locale\" content=\"es_ES\" \/>\n<meta property=\"og:type\" content=\"article\" \/>\n<meta property=\"og:title\" content=\"Qu\u00e9 hacer este fin de semana largo y festivo en Casa | Casa de Campo Living\" \/>\n<meta property=\"og:description\" content=\"\u00bfTe preguntas qu\u00e9 hacer y c\u00f3mo celebrar este fin de semana largo y festivo? \u00a1Nos encanta ver c\u00f3mo Casa cobra vida y se llena de visitantes, amigos y\" \/>\n<meta property=\"og:url\" content=\"https:\/\/casadecampoliving.com\/es\/que-hacer-este-largo-fin-de-semana-de-vacaciones-en-casa-navidad\/\" \/>\n<meta property=\"og:site_name\" content=\"Casa de Campo Living\" \/>\n<meta property=\"article:publisher\" content=\"https:\/\/www.facebook.com\/casadecampoliving\" \/>\n<meta property=\"article:published_time\" content=\"2017-12-22T04:00:00+00:00\" \/>\n<meta property=\"article:modified_time\" content=\"2022-10-21T23:14:28+00:00\" \/>\n<meta property=\"og:image\" content=\"https:\/\/i0.wp.com\/casadecampoliving.com\/wp-content\/uploads\/2022\/10\/EJ4B3035.jpg?fit=1000%2C606&ssl=1\" \/>\n\t<meta property=\"og:image:width\" content=\"1000\" \/>\n\t<meta property=\"og:image:height\" content=\"606\" \/>\n\t<meta property=\"og:image:type\" content=\"image\/jpeg\" \/>\n<meta name=\"author\" content=\"Marlenys Guzm\u00e1n Casta\u00f1os\" \/>\n<meta name=\"twitter:card\" content=\"summary_large_image\" \/>\n<meta name=\"twitter:creator\" content=\"@cdcliving\" \/>\n<meta name=\"twitter:site\" content=\"@cdcliving\" \/>\n<meta name=\"twitter:label1\" content=\"Escrito por\" \/>\n\t<meta name=\"twitter:data1\" content=\"Marlenys Guzm\u00e1n Casta\u00f1os\" \/>\n\t<meta name=\"twitter:label2\" content=\"Tiempo de lectura\" \/>\n\t<meta name=\"twitter:data2\" content=\"3 minutos\" \/>\n<script type=\"application\/ld+json\" class=\"yoast-schema-graph\">{\"@context\":\"https:\\\/\\\/schema.org\",\"@graph\":[{\"@type\":\"Article\",\"@id\":\"https:\\\/\\\/casadecampoliving.com\\\/es\\\/que-hacer-este-largo-fin-de-semana-de-vacaciones-en-casa-navidad\\\/#article\",\"isPartOf\":{\"@id\":\"https:\\\/\\\/casadecampoliving.com\\\/es\\\/que-hacer-este-largo-fin-de-semana-de-vacaciones-en-casa-navidad\\\/\"},\"author\":{\"name\":\"Marlenys Guzm\u00e1n Casta\u00f1os\",\"@id\":\"https:\\\/\\\/casadecampoliving.com\\\/es\\\/#\\\/schema\\\/person\\\/b6606bd87f9cec8f5903e2141cafda24\"},\"headline\":\"Qu\u00e9 hacer este fin de semana largo y festivo en Casa\",\"datePublished\":\"2017-12-22T04:00:00+00:00\",\"dateModified\":\"2022-10-21T23:14:28+00:00\",\"mainEntityOfPage\":{\"@id\":\"https:\\\/\\\/casadecampoliving.com\\\/es\\\/que-hacer-este-largo-fin-de-semana-de-vacaciones-en-casa-navidad\\\/\"},\"wordCount\":696,\"publisher\":{\"@id\":\"https:\\\/\\\/casadecampoliving.com\\\/es\\\/#organization\"},\"image\":{\"@id\":\"https:\\\/\\\/casadecampoliving.com\\\/es\\\/que-hacer-este-largo-fin-de-semana-de-vacaciones-en-casa-navidad\\\/#primaryimage\"},\"thumbnailUrl\":\"https:\\\/\\\/i0.wp.com\\\/casadecampoliving.com\\\/wp-content\\\/uploads\\\/2022\\\/10\\\/EJ4B3035.jpg?fit=1000%2C606&ssl=1\",\"keywords\":[\"actividades de navidad\",\"Altos de Chavon\",\"Altos de Chavon -es\",\"Carlos Marcelo\",\"carols\",\"celebraciones\",\"eventos navide\u00f1os\",\"Featured-TopView @es\",\"fiestas\",\"Johanna Almanzar\",\"musica en vivo\",\"navidad\"],\"articleSection\":[\"Altos de Chavon @es\",\"Arte y cultura\",\"Comidas &amp; Bebidas\",\"Estilo de Vida\",\"Eventos\",\"Noticias Locales\",\"Proximamente\",\"Rep\u00fablica Dominicana @es\",\"Resort Casa de Campo\",\"Uncategorized @es\"],\"inLanguage\":\"es\"},{\"@type\":\"WebPage\",\"@id\":\"https:\\\/\\\/casadecampoliving.com\\\/es\\\/que-hacer-este-largo-fin-de-semana-de-vacaciones-en-casa-navidad\\\/\",\"url\":\"https:\\\/\\\/casadecampoliving.com\\\/es\\\/que-hacer-este-largo-fin-de-semana-de-vacaciones-en-casa-navidad\\\/\",\"name\":\"Qu\u00e9 hacer este fin de semana largo y festivo en Casa | Casa de Campo Living\",\"isPartOf\":{\"@id\":\"https:\\\/\\\/casadecampoliving.com\\\/es\\\/#website\"},\"primaryImageOfPage\":{\"@id\":\"https:\\\/\\\/casadecampoliving.com\\\/es\\\/que-hacer-este-largo-fin-de-semana-de-vacaciones-en-casa-navidad\\\/#primaryimage\"},\"image\":{\"@id\":\"https:\\\/\\\/casadecampoliving.com\\\/es\\\/que-hacer-este-largo-fin-de-semana-de-vacaciones-en-casa-navidad\\\/#primaryimage\"},\"thumbnailUrl\":\"https:\\\/\\\/i0.wp.com\\\/casadecampoliving.com\\\/wp-content\\\/uploads\\\/2022\\\/10\\\/EJ4B3035.jpg?fit=1000%2C606&ssl=1\",\"datePublished\":\"2017-12-22T04:00:00+00:00\",\"dateModified\":\"2022-10-21T23:14:28+00:00\",\"description\":\"\u00bfTe preguntas qu\u00e9 hacer y c\u00f3mo celebrar este fin de semana largo y festivo? \u00a1Nos encanta ver c\u00f3mo Casa cobra vida y se llena de visitantes, amigos y\",\"breadcrumb\":{\"@id\":\"https:\\\/\\\/casadecampoliving.com\\\/es\\\/que-hacer-este-largo-fin-de-semana-de-vacaciones-en-casa-navidad\\\/#breadcrumb\"},\"inLanguage\":\"es\",\"potentialAction\":[{\"@type\":\"ReadAction\",\"target\":[\"https:\\\/\\\/casadecampoliving.com\\\/es\\\/que-hacer-este-largo-fin-de-semana-de-vacaciones-en-casa-navidad\\\/\"]}]},{\"@type\":\"ImageObject\",\"inLanguage\":\"es\",\"@id\":\"https:\\\/\\\/casadecampoliving.com\\\/es\\\/que-hacer-este-largo-fin-de-semana-de-vacaciones-en-casa-navidad\\\/#primaryimage\",\"url\":\"https:\\\/\\\/i0.wp.com\\\/casadecampoliving.com\\\/wp-content\\\/uploads\\\/2022\\\/10\\\/EJ4B3035.jpg?fit=1000%2C606&ssl=1\",\"contentUrl\":\"https:\\\/\\\/i0.wp.com\\\/casadecampoliving.com\\\/wp-content\\\/uploads\\\/2022\\\/10\\\/EJ4B3035.jpg?fit=1000%2C606&ssl=1\",\"width\":1000,\"height\":606},{\"@type\":\"BreadcrumbList\",\"@id\":\"https:\\\/\\\/casadecampoliving.com\\\/es\\\/que-hacer-este-largo-fin-de-semana-de-vacaciones-en-casa-navidad\\\/#breadcrumb\",\"itemListElement\":[{\"@type\":\"ListItem\",\"position\":1,\"name\":\"Home\",\"item\":\"https:\\\/\\\/casadecampoliving.com\\\/es\\\/\"},{\"@type\":\"ListItem\",\"position\":2,\"name\":\"Qu\u00e9 hacer este fin de semana largo y festivo en Casa\"}]},{\"@type\":\"WebSite\",\"@id\":\"https:\\\/\\\/casadecampoliving.com\\\/es\\\/#website\",\"url\":\"https:\\\/\\\/casadecampoliving.com\\\/es\\\/\",\"name\":\"Casa de Campo Living\",\"description\":\"Resort community news and resources.\",\"publisher\":{\"@id\":\"https:\\\/\\\/casadecampoliving.com\\\/es\\\/#organization\"},\"potentialAction\":[{\"@type\":\"SearchAction\",\"target\":{\"@type\":\"EntryPoint\",\"urlTemplate\":\"https:\\\/\\\/casadecampoliving.com\\\/es\\\/?s={search_term_string}\"},\"query-input\":{\"@type\":\"PropertyValueSpecification\",\"valueRequired\":true,\"valueName\":\"search_term_string\"}}],\"inLanguage\":\"es\"},{\"@type\":\"Organization\",\"@id\":\"https:\\\/\\\/casadecampoliving.com\\\/es\\\/#organization\",\"name\":\"Casa de Campo Living\",\"url\":\"https:\\\/\\\/casadecampoliving.com\\\/es\\\/\",\"logo\":{\"@type\":\"ImageObject\",\"inLanguage\":\"es\",\"@id\":\"https:\\\/\\\/casadecampoliving.com\\\/es\\\/#\\\/schema\\\/logo\\\/image\\\/\",\"url\":\"https:\\\/\\\/i0.wp.com\\\/casadecampoliving.com\\\/wp-content\\\/uploads\\\/2022\\\/07\\\/CDCLivingLogo_V1-white-sized.png?fit=800%2C214&ssl=1\",\"contentUrl\":\"https:\\\/\\\/i0.wp.com\\\/casadecampoliving.com\\\/wp-content\\\/uploads\\\/2022\\\/07\\\/CDCLivingLogo_V1-white-sized.png?fit=800%2C214&ssl=1\",\"width\":800,\"height\":214,\"caption\":\"Casa de Campo Living\"},\"image\":{\"@id\":\"https:\\\/\\\/casadecampoliving.com\\\/es\\\/#\\\/schema\\\/logo\\\/image\\\/\"},\"sameAs\":[\"https:\\\/\\\/www.facebook.com\\\/casadecampoliving\",\"https:\\\/\\\/x.com\\\/cdcliving\"]},{\"@type\":\"Person\",\"@id\":\"https:\\\/\\\/casadecampoliving.com\\\/es\\\/#\\\/schema\\\/person\\\/b6606bd87f9cec8f5903e2141cafda24\",\"name\":\"Marlenys Guzm\u00e1n Casta\u00f1os\",\"image\":{\"@type\":\"ImageObject\",\"inLanguage\":\"es\",\"@id\":\"https:\\\/\\\/secure.gravatar.com\\\/avatar\\\/72f3f86b8e6b3ec744201aeadf11d4a6055e8af194aecd9ad30ffff4437878ee?s=96&d=mm&r=g\",\"url\":\"https:\\\/\\\/secure.gravatar.com\\\/avatar\\\/72f3f86b8e6b3ec744201aeadf11d4a6055e8af194aecd9ad30ffff4437878ee?s=96&d=mm&r=g\",\"contentUrl\":\"https:\\\/\\\/secure.gravatar.com\\\/avatar\\\/72f3f86b8e6b3ec744201aeadf11d4a6055e8af194aecd9ad30ffff4437878ee?s=96&d=mm&r=g\",\"caption\":\"Marlenys Guzm\u00e1n Casta\u00f1os\"},\"url\":\"https:\\\/\\\/casadecampoliving.com\\\/es\\\/author\\\/mguzman\\\/\"}]}<\/script>\n<!-- \/ Yoast SEO plugin. -->","yoast_head_json":{"title":"Qu\u00e9 hacer este fin de semana largo y festivo en Casa | Casa de Campo Living","description":"\u00bfTe preguntas qu\u00e9 hacer y c\u00f3mo celebrar este fin de semana largo y festivo? \u00a1Nos encanta ver c\u00f3mo Casa cobra vida y se llena de visitantes, amigos y","robots":{"index":"index","follow":"follow","max-snippet":"max-snippet:-1","max-image-preview":"max-image-preview:large","max-video-preview":"max-video-preview:-1"},"canonical":"https:\/\/casadecampoliving.com\/es\/que-hacer-este-largo-fin-de-semana-de-vacaciones-en-casa-navidad\/","og_locale":"es_ES","og_type":"article","og_title":"Qu\u00e9 hacer este fin de semana largo y festivo en Casa | Casa de Campo Living","og_description":"\u00bfTe preguntas qu\u00e9 hacer y c\u00f3mo celebrar este fin de semana largo y festivo? \u00a1Nos encanta ver c\u00f3mo Casa cobra vida y se llena de visitantes, amigos y","og_url":"https:\/\/casadecampoliving.com\/es\/que-hacer-este-largo-fin-de-semana-de-vacaciones-en-casa-navidad\/","og_site_name":"Casa de Campo Living","article_publisher":"https:\/\/www.facebook.com\/casadecampoliving","article_published_time":"2017-12-22T04:00:00+00:00","article_modified_time":"2022-10-21T23:14:28+00:00","og_image":[{"width":1000,"height":606,"url":"https:\/\/i0.wp.com\/casadecampoliving.com\/wp-content\/uploads\/2022\/10\/EJ4B3035.jpg?fit=1000%2C606&ssl=1","type":"image\/jpeg"}],"author":"Marlenys Guzm\u00e1n Casta\u00f1os","twitter_card":"summary_large_image","twitter_creator":"@cdcliving","twitter_site":"@cdcliving","twitter_misc":{"Escrito por":"Marlenys Guzm\u00e1n Casta\u00f1os","Tiempo de lectura":"3 minutos"},"schema":{"@context":"https:\/\/schema.org","@graph":[{"@type":"Article","@id":"https:\/\/casadecampoliving.com\/es\/que-hacer-este-largo-fin-de-semana-de-vacaciones-en-casa-navidad\/#article","isPartOf":{"@id":"https:\/\/casadecampoliving.com\/es\/que-hacer-este-largo-fin-de-semana-de-vacaciones-en-casa-navidad\/"},"author":{"name":"Marlenys Guzm\u00e1n Casta\u00f1os","@id":"https:\/\/casadecampoliving.com\/es\/#\/schema\/person\/b6606bd87f9cec8f5903e2141cafda24"},"headline":"Qu\u00e9 hacer este fin de semana largo y festivo en Casa","datePublished":"2017-12-22T04:00:00+00:00","dateModified":"2022-10-21T23:14:28+00:00","mainEntityOfPage":{"@id":"https:\/\/casadecampoliving.com\/es\/que-hacer-este-largo-fin-de-semana-de-vacaciones-en-casa-navidad\/"},"wordCount":696,"publisher":{"@id":"https:\/\/casadecampoliving.com\/es\/#organization"},"image":{"@id":"https:\/\/casadecampoliving.com\/es\/que-hacer-este-largo-fin-de-semana-de-vacaciones-en-casa-navidad\/#primaryimage"},"thumbnailUrl":"https:\/\/i0.wp.com\/casadecampoliving.com\/wp-content\/uploads\/2022\/10\/EJ4B3035.jpg?fit=1000%2C606&ssl=1","keywords":["actividades de navidad","Altos de Chavon","Altos de Chavon -es","Carlos Marcelo","carols","celebraciones","eventos navide\u00f1os","Featured-TopView @es","fiestas","Johanna Almanzar","musica en vivo","navidad"],"articleSection":["Altos de Chavon @es","Arte y cultura","Comidas &amp; Bebidas","Estilo de Vida","Eventos","Noticias Locales","Proximamente","Rep\u00fablica Dominicana @es","Resort Casa de Campo","Uncategorized @es"],"inLanguage":"es"},{"@type":"WebPage","@id":"https:\/\/casadecampoliving.com\/es\/que-hacer-este-largo-fin-de-semana-de-vacaciones-en-casa-navidad\/","url":"https:\/\/casadecampoliving.com\/es\/que-hacer-este-largo-fin-de-semana-de-vacaciones-en-casa-navidad\/","name":"Qu\u00e9 hacer este fin de semana largo y festivo en Casa | Casa de Campo Living","isPartOf":{"@id":"https:\/\/casadecampoliving.com\/es\/#website"},"primaryImageOfPage":{"@id":"https:\/\/casadecampoliving.com\/es\/que-hacer-este-largo-fin-de-semana-de-vacaciones-en-casa-navidad\/#primaryimage"},"image":{"@id":"https:\/\/casadecampoliving.com\/es\/que-hacer-este-largo-fin-de-semana-de-vacaciones-en-casa-navidad\/#primaryimage"},"thumbnailUrl":"https:\/\/i0.wp.com\/casadecampoliving.com\/wp-content\/uploads\/2022\/10\/EJ4B3035.jpg?fit=1000%2C606&ssl=1","datePublished":"2017-12-22T04:00:00+00:00","dateModified":"2022-10-21T23:14:28+00:00","description":"\u00bfTe preguntas qu\u00e9 hacer y c\u00f3mo celebrar este fin de semana largo y festivo? \u00a1Nos encanta ver c\u00f3mo Casa cobra vida y se llena de visitantes, amigos y","breadcrumb":{"@id":"https:\/\/casadecampoliving.com\/es\/que-hacer-este-largo-fin-de-semana-de-vacaciones-en-casa-navidad\/#breadcrumb"},"inLanguage":"es","potentialAction":[{"@type":"ReadAction","target":["https:\/\/casadecampoliving.com\/es\/que-hacer-este-largo-fin-de-semana-de-vacaciones-en-casa-navidad\/"]}]},{"@type":"ImageObject","inLanguage":"es","@id":"https:\/\/casadecampoliving.com\/es\/que-hacer-este-largo-fin-de-semana-de-vacaciones-en-casa-navidad\/#primaryimage","url":"https:\/\/i0.wp.com\/casadecampoliving.com\/wp-content\/uploads\/2022\/10\/EJ4B3035.jpg?fit=1000%2C606&ssl=1","contentUrl":"https:\/\/i0.wp.com\/casadecampoliving.com\/wp-content\/uploads\/2022\/10\/EJ4B3035.jpg?fit=1000%2C606&ssl=1","width":1000,"height":606},{"@type":"BreadcrumbList","@id":"https:\/\/casadecampoliving.com\/es\/que-hacer-este-largo-fin-de-semana-de-vacaciones-en-casa-navidad\/#breadcrumb","itemListElement":[{"@type":"ListItem","position":1,"name":"Home","item":"https:\/\/casadecampoliving.com\/es\/"},{"@type":"ListItem","position":2,"name":"Qu\u00e9 hacer este fin de semana largo y festivo en Casa"}]},{"@type":"WebSite","@id":"https:\/\/casadecampoliving.com\/es\/#website","url":"https:\/\/casadecampoliving.com\/es\/","name":"Casa de Campo Living","description":"Resort community news and resources.","publisher":{"@id":"https:\/\/casadecampoliving.com\/es\/#organization"},"potentialAction":[{"@type":"SearchAction","target":{"@type":"EntryPoint","urlTemplate":"https:\/\/casadecampoliving.com\/es\/?s={search_term_string}"},"query-input":{"@type":"PropertyValueSpecification","valueRequired":true,"valueName":"search_term_string"}}],"inLanguage":"es"},{"@type":"Organization","@id":"https:\/\/casadecampoliving.com\/es\/#organization","name":"Casa de Campo Living","url":"https:\/\/casadecampoliving.com\/es\/","logo":{"@type":"ImageObject","inLanguage":"es","@id":"https:\/\/casadecampoliving.com\/es\/#\/schema\/logo\/image\/","url":"https:\/\/i0.wp.com\/casadecampoliving.com\/wp-content\/uploads\/2022\/07\/CDCLivingLogo_V1-white-sized.png?fit=800%2C214&ssl=1","contentUrl":"https:\/\/i0.wp.com\/casadecampoliving.com\/wp-content\/uploads\/2022\/07\/CDCLivingLogo_V1-white-sized.png?fit=800%2C214&ssl=1","width":800,"height":214,"caption":"Casa de Campo Living"},"image":{"@id":"https:\/\/casadecampoliving.com\/es\/#\/schema\/logo\/image\/"},"sameAs":["https:\/\/www.facebook.com\/casadecampoliving","https:\/\/x.com\/cdcliving"]},{"@type":"Person","@id":"https:\/\/casadecampoliving.com\/es\/#\/schema\/person\/b6606bd87f9cec8f5903e2141cafda24","name":"Marlenys Guzm\u00e1n Casta\u00f1os","image":{"@type":"ImageObject","inLanguage":"es","@id":"https:\/\/secure.gravatar.com\/avatar\/72f3f86b8e6b3ec744201aeadf11d4a6055e8af194aecd9ad30ffff4437878ee?s=96&d=mm&r=g","url":"https:\/\/secure.gravatar.com\/avatar\/72f3f86b8e6b3ec744201aeadf11d4a6055e8af194aecd9ad30ffff4437878ee?s=96&d=mm&r=g","contentUrl":"https:\/\/secure.gravatar.com\/avatar\/72f3f86b8e6b3ec744201aeadf11d4a6055e8af194aecd9ad30ffff4437878ee?s=96&d=mm&r=g","caption":"Marlenys Guzm\u00e1n Casta\u00f1os"},"url":"https:\/\/casadecampoliving.com\/es\/author\/mguzman\/"}]}},"parsely":{"version":"1.1.0","canonical_url":"https:\/\/casadecampoliving.com\/es\/que-hacer-este-largo-fin-de-semana-de-vacaciones-en-casa-navidad\/","smart_links":{"inbound":0,"outbound":0},"traffic_boost_suggestions_count":0,"meta":{"@context":"https:\/\/schema.org","@type":"NewsArticle","headline":"Qu\u00e9 hacer este fin de semana largo y festivo en Casa","url":"http:\/\/casadecampoliving.com\/es\/que-hacer-este-largo-fin-de-semana-de-vacaciones-en-casa-navidad\/","mainEntityOfPage":{"@type":"WebPage","@id":"http:\/\/casadecampoliving.com\/es\/que-hacer-este-largo-fin-de-semana-de-vacaciones-en-casa-navidad\/"},"thumbnailUrl":"https:\/\/i0.wp.com\/casadecampoliving.com\/wp-content\/uploads\/2022\/10\/EJ4B3035.jpg?resize=150%2C150&ssl=1","image":{"@type":"ImageObject","url":"https:\/\/i0.wp.com\/casadecampoliving.com\/wp-content\/uploads\/2022\/10\/EJ4B3035.jpg?fit=1000%2C606&ssl=1"},"articleSection":"Altos de Chavon @es","author":[{"@type":"Person","name":"Marlenys Guzm\u00e1n Casta\u00f1os"}],"creator":["Marlenys Guzm\u00e1n Casta\u00f1os"],"publisher":{"@type":"Organization","name":"Casa de Campo Living","logo":"https:\/\/casadecampoliving.com\/wp-content\/uploads\/2022\/07\/CDCLivingLogo_V1-white-sized.png"},"keywords":["actividades de navidad","altos de chavon","altos de chavon -es","carlos marcelo","carols","celebraciones","eventos navide\u00f1os","featured-topview @es","fiestas","johanna almanzar","musica en vivo","navidad"],"dateCreated":"2017-12-22T04:00:00Z","datePublished":"2017-12-22T04:00:00Z","dateModified":"2022-10-21T23:14:28Z"},"rendered":"<script type=\"application\/ld+json\" class=\"wp-parsely-metadata\">{\"@context\":\"https:\\\/\\\/schema.org\",\"@type\":\"NewsArticle\",\"headline\":\"Qu\\u00e9 hacer este fin de semana largo y festivo en Casa\",\"url\":\"http:\\\/\\\/casadecampoliving.com\\\/es\\\/que-hacer-este-largo-fin-de-semana-de-vacaciones-en-casa-navidad\\\/\",\"mainEntityOfPage\":{\"@type\":\"WebPage\",\"@id\":\"http:\\\/\\\/casadecampoliving.com\\\/es\\\/que-hacer-este-largo-fin-de-semana-de-vacaciones-en-casa-navidad\\\/\"},\"thumbnailUrl\":\"https:\\\/\\\/i0.wp.com\\\/casadecampoliving.com\\\/wp-content\\\/uploads\\\/2022\\\/10\\\/EJ4B3035.jpg?resize=150%2C150&ssl=1\",\"image\":{\"@type\":\"ImageObject\",\"url\":\"https:\\\/\\\/i0.wp.com\\\/casadecampoliving.com\\\/wp-content\\\/uploads\\\/2022\\\/10\\\/EJ4B3035.jpg?fit=1000%2C606&ssl=1\"},\"articleSection\":\"Altos de Chavon @es\",\"author\":[{\"@type\":\"Person\",\"name\":\"Marlenys Guzm\\u00e1n Casta\\u00f1os\"}],\"creator\":[\"Marlenys Guzm\\u00e1n Casta\\u00f1os\"],\"publisher\":{\"@type\":\"Organization\",\"name\":\"Casa de Campo Living\",\"logo\":\"https:\\\/\\\/casadecampoliving.com\\\/wp-content\\\/uploads\\\/2022\\\/07\\\/CDCLivingLogo_V1-white-sized.png\"},\"keywords\":[\"actividades de navidad\",\"altos de chavon\",\"altos de chavon -es\",\"carlos marcelo\",\"carols\",\"celebraciones\",\"eventos navide\\u00f1os\",\"featured-topview @es\",\"fiestas\",\"johanna almanzar\",\"musica en vivo\",\"navidad\"],\"dateCreated\":\"2017-12-22T04:00:00Z\",\"datePublished\":\"2017-12-22T04:00:00Z\",\"dateModified\":\"2022-10-21T23:14:28Z\"}<\/script>","tracker_url":"https:\/\/cdn.parsely.com\/keys\/casadecampoliving.com\/p.js"},"jetpack_publicize_connections":[],"jetpack_featured_media_url":"https:\/\/i0.wp.com\/casadecampoliving.com\/wp-content\/uploads\/2022\/10\/EJ4B3035.jpg?fit=1000%2C606&ssl=1","jetpack-related-posts":[{"id":433460,"url":"https:\/\/casadecampoliving.com\/es\/no-se-pierdan-el-increible-tributo-a-frank-sinatra-para-celebrar-el-40-aniversario-del-anfiteatro-altos-de-chavon\/","url_meta":{"origin":352322,"position":0},"title":"No se pierdan el incre\u00edble tributo a Frank Sinatra para celebrar el 40 aniversario del\u00a0Anfiteatro Altos de Chav\u00f3n","author":"Casa de Campo Living","date":"20 Oct, 2022","format":false,"excerpt":"Siendo uno de los escenarios m\u00e1s emblem\u00e1ticos del pa\u00eds, Casa de Campo Resort\u00ae & Villas celebra las cuatro d\u00e9cadas de aniversario de Altos de Chav\u00f3n con un tributo al gran Frank Sinatra, protagonizado por artistas invitados y una big band tal cual la que acompa\u00f1\u00f3 al artista hace 40 a\u00f1os\u2026","rel":"","context":"En \u00abUncategorized @es\u00bb","block_context":{"text":"Uncategorized @es","link":"https:\/\/casadecampoliving.com\/es\/category\/uncategorized-es\/"},"img":{"alt_text":"","src":"https:\/\/i0.wp.com\/casadecampoliving.com\/wp-content\/uploads\/2022\/10\/Tributo-Frank-Sinatra-Foto-Principal-Amaury-Sanchez-Danilo-Ginebra-Andres-Pichardo-y-Jose-Gabriel-Perez-.jpg?fit=1200%2C873&ssl=1&resize=350%2C200","width":350,"height":200,"srcset":"https:\/\/i0.wp.com\/casadecampoliving.com\/wp-content\/uploads\/2022\/10\/Tributo-Frank-Sinatra-Foto-Principal-Amaury-Sanchez-Danilo-Ginebra-Andres-Pichardo-y-Jose-Gabriel-Perez-.jpg?fit=1200%2C873&ssl=1&resize=350%2C200 1x, https:\/\/i0.wp.com\/casadecampoliving.com\/wp-content\/uploads\/2022\/10\/Tributo-Frank-Sinatra-Foto-Principal-Amaury-Sanchez-Danilo-Ginebra-Andres-Pichardo-y-Jose-Gabriel-Perez-.jpg?fit=1200%2C873&ssl=1&resize=525%2C300 1.5x, https:\/\/i0.wp.com\/casadecampoliving.com\/wp-content\/uploads\/2022\/10\/Tributo-Frank-Sinatra-Foto-Principal-Amaury-Sanchez-Danilo-Ginebra-Andres-Pichardo-y-Jose-Gabriel-Perez-.jpg?fit=1200%2C873&ssl=1&resize=700%2C400 2x, https:\/\/i0.wp.com\/casadecampoliving.com\/wp-content\/uploads\/2022\/10\/Tributo-Frank-Sinatra-Foto-Principal-Amaury-Sanchez-Danilo-Ginebra-Andres-Pichardo-y-Jose-Gabriel-Perez-.jpg?fit=1200%2C873&ssl=1&resize=1050%2C600 3x"},"classes":[]},{"id":354214,"url":"https:\/\/casadecampoliving.com\/es\/este-fin-de-semana-en-casa-de-campo-carritos-de-golf-festivos-golf-nocturno-musica-en-vivo-la-casa-de-papa-noel-y-mas\/","url_meta":{"origin":352322,"position":1},"title":"Este fin de semana en Casa de Campo: carritos de golf festivos, golf nocturno, m\u00fasica en vivo, la casa de Pap\u00e1 Noel y m\u00e1s.","author":"Casa de Campo Living","date":"6 Dic, 2021","format":false,"excerpt":"A medida que se acercan las vacaciones, hay m\u00e1s actividades festivas en Casa de Campo. \u00a1Celebre la temporada con carritos de golf decorados festivamente, m\u00fasica en vivo, una competencia de tiro amistosa y m\u00e1s! Hay un mont\u00f3n de oportunidades para divertirse durante las fiestas con actividades para toda la familia.\u2026","rel":"","context":"En \u00abCasa de Campo Living @es\u00bb","block_context":{"text":"Casa de Campo Living @es","link":"https:\/\/casadecampoliving.com\/category\/casa-de-campo-living-es\/"},"img":{"alt_text":"","src":"https:\/\/i0.wp.com\/casadecampoliving.com\/wp-content\/uploads\/2022\/10\/AG_00857-1.jpg?fit=1000%2C667&ssl=1&resize=350%2C200","width":350,"height":200,"srcset":"https:\/\/i0.wp.com\/casadecampoliving.com\/wp-content\/uploads\/2022\/10\/AG_00857-1.jpg?fit=1000%2C667&ssl=1&resize=350%2C200 1x, https:\/\/i0.wp.com\/casadecampoliving.com\/wp-content\/uploads\/2022\/10\/AG_00857-1.jpg?fit=1000%2C667&ssl=1&resize=525%2C300 1.5x, https:\/\/i0.wp.com\/casadecampoliving.com\/wp-content\/uploads\/2022\/10\/AG_00857-1.jpg?fit=1000%2C667&ssl=1&resize=700%2C400 2x"},"classes":[]},{"id":536765,"url":"https:\/\/casadecampoliving.com\/es\/una-semana-de-festividades-celebraciones-navidenas-en-casa-de-campo\/","url_meta":{"origin":352322,"position":2},"title":"Una Semana de Festividades: Celebraciones Navide\u00f1as en Casa de Campo","author":"Casa de Campo Living","date":"23 Dic, 2024","format":false,"excerpt":"A medida que se acerca la Navidad, Casa de Campo ofrece una semana llena de eventos festivos que brindan alegr\u00eda tanto a residentes como a visitantes. Desde experiencias culturales tradicionales hasta emocionantes actividades navide\u00f1as para todas las edades, hay algo para que todos disfruten. Lunes 23 de diciembre: Magia y\u2026","rel":"","context":"En \u00abAltos de Chav\u00f3n\u00bb","block_context":{"text":"Altos de Chav\u00f3n","link":"https:\/\/casadecampoliving.com\/es\/category\/altos-de-chavon-6\/"},"img":{"alt_text":"","src":"https:\/\/i0.wp.com\/casadecampoliving.com\/wp-content\/uploads\/2024\/12\/Christmas-Altos-de-Chavon_DSC0774.jpg?fit=1200%2C802&ssl=1&resize=350%2C200","width":350,"height":200,"srcset":"https:\/\/i0.wp.com\/casadecampoliving.com\/wp-content\/uploads\/2024\/12\/Christmas-Altos-de-Chavon_DSC0774.jpg?fit=1200%2C802&ssl=1&resize=350%2C200 1x, https:\/\/i0.wp.com\/casadecampoliving.com\/wp-content\/uploads\/2024\/12\/Christmas-Altos-de-Chavon_DSC0774.jpg?fit=1200%2C802&ssl=1&resize=525%2C300 1.5x, https:\/\/i0.wp.com\/casadecampoliving.com\/wp-content\/uploads\/2024\/12\/Christmas-Altos-de-Chavon_DSC0774.jpg?fit=1200%2C802&ssl=1&resize=700%2C400 2x, https:\/\/i0.wp.com\/casadecampoliving.com\/wp-content\/uploads\/2024\/12\/Christmas-Altos-de-Chavon_DSC0774.jpg?fit=1200%2C802&ssl=1&resize=1050%2C600 3x"},"classes":[]},{"id":353917,"url":"https:\/\/casadecampoliving.com\/es\/la-magia-ya-esta-aqui-la-ceremonia-de-encendido-de-luces-navidena-sera-la-proxima-semana-y-se-transmitira-en-vivo\/","url_meta":{"origin":352322,"position":3},"title":"La magia ya est\u00e1 aqu\u00ed: \u00a1La Ceremonia de encendido de luces navide\u00f1a ser\u00e1 la pr\u00f3xima semana y se transmitir\u00e1 en vivo!","author":"Casa de Campo Living","date":"23 Nov, 2020","format":false,"excerpt":"El viernes 4 de diciembre, Casa de Campo y Altos de Chav\u00f3n lo invitan a celebrar el inicio oficial de la temporada navide\u00f1a con la Ceremonia de iluminaci\u00f3n del \u00e1rbol de Navidad e incluso un concierto de Navidad, que este a\u00f1o se llevar\u00e1 a cabo en el anfiteatro de Altos\u2026","rel":"","context":"En \u00abAltos de Chavon @es\u00bb","block_context":{"text":"Altos de Chavon @es","link":"https:\/\/casadecampoliving.com\/category\/altos-de-chavon-es\/"},"img":{"alt_text":"","src":"https:\/\/i0.wp.com\/casadecampoliving.com\/wp-content\/uploads\/2022\/10\/DSC_0361-3.jpg?fit=1000%2C667&ssl=1&resize=350%2C200","width":350,"height":200,"srcset":"https:\/\/i0.wp.com\/casadecampoliving.com\/wp-content\/uploads\/2022\/10\/DSC_0361-3.jpg?fit=1000%2C667&ssl=1&resize=350%2C200 1x, https:\/\/i0.wp.com\/casadecampoliving.com\/wp-content\/uploads\/2022\/10\/DSC_0361-3.jpg?fit=1000%2C667&ssl=1&resize=525%2C300 1.5x, https:\/\/i0.wp.com\/casadecampoliving.com\/wp-content\/uploads\/2022\/10\/DSC_0361-3.jpg?fit=1000%2C667&ssl=1&resize=700%2C400 2x"},"classes":[]},{"id":354220,"url":"https:\/\/casadecampoliving.com\/es\/este-fin-de-semana-en-casa-de-campo-competencia-amistosa-de-tiro-la-casa-de-papa-noel-y-mas\/","url_meta":{"origin":352322,"position":4},"title":"Este fin de semana en Casa de Campo: Competencia amistosa de tiro, la casa de Pap\u00e1 Noel y m\u00e1s.","author":"Casa de Campo Living","date":"13 Dic, 2021","format":false,"excerpt":"A medida que se acercan las vacaciones, hay m\u00e1s actividades festivas en Casa de Campo. \u00a1Celebre la temporada con carritos de golf decorados festivamente, m\u00fasica en vivo, una competencia de tiro amistosa y m\u00e1s! Hay un mont\u00f3n de oportunidades para divertirse durante las fiestas con actividades para toda la familia.\u2026","rel":"","context":"En \u00abAltos de Chavon @es\u00bb","block_context":{"text":"Altos de Chavon @es","link":"https:\/\/casadecampoliving.com\/category\/altos-de-chavon-es\/"},"img":{"alt_text":"","src":"https:\/\/i0.wp.com\/casadecampoliving.com\/wp-content\/uploads\/2022\/10\/AG_00458-1.jpg?fit=1000%2C667&ssl=1&resize=350%2C200","width":350,"height":200,"srcset":"https:\/\/i0.wp.com\/casadecampoliving.com\/wp-content\/uploads\/2022\/10\/AG_00458-1.jpg?fit=1000%2C667&ssl=1&resize=350%2C200 1x, https:\/\/i0.wp.com\/casadecampoliving.com\/wp-content\/uploads\/2022\/10\/AG_00458-1.jpg?fit=1000%2C667&ssl=1&resize=525%2C300 1.5x, https:\/\/i0.wp.com\/casadecampoliving.com\/wp-content\/uploads\/2022\/10\/AG_00458-1.jpg?fit=1000%2C667&ssl=1&resize=700%2C400 2x"},"classes":[]},{"id":354238,"url":"https:\/\/casadecampoliving.com\/es\/resumen-de-la-semana-de-navidad-2021-en-casa-de-campo-encuentra-aqui-todas-las-fotos\/","url_meta":{"origin":352322,"position":5},"title":"\u00a1Resumen de la semana de Navidad 2021 en Casa de Campo! \u00a1Encuentra aqu\u00ed todas las fotos!","author":"Casa de Campo Living","date":"28 Dic, 2021","format":false,"excerpt":"Las festividades navide\u00f1as en Altos de Chav\u00f3n se han convertido en una maravillosa tradici\u00f3n en Casa de Campo, que se celebra con tanto entusiasmo como en el resto del pa\u00eds y, de hecho, en todo el mundo. Reconocido por su belleza arquitect\u00f3nica y su atm\u00f3sfera id\u00edlica, Altos de Chav\u00f3n es\u2026","rel":"","context":"En \u00abAltos de Chavon @es\u00bb","block_context":{"text":"Altos de Chavon @es","link":"https:\/\/casadecampoliving.com\/category\/altos-de-chavon-es\/"},"img":{"alt_text":"","src":"https:\/\/i0.wp.com\/casadecampoliving.com\/wp-content\/uploads\/2022\/10\/DJI_0780-HDR-1.jpg?fit=1000%2C666&ssl=1&resize=350%2C200","width":350,"height":200,"srcset":"https:\/\/i0.wp.com\/casadecampoliving.com\/wp-content\/uploads\/2022\/10\/DJI_0780-HDR-1.jpg?fit=1000%2C666&ssl=1&resize=350%2C200 1x, https:\/\/i0.wp.com\/casadecampoliving.com\/wp-content\/uploads\/2022\/10\/DJI_0780-HDR-1.jpg?fit=1000%2C666&ssl=1&resize=525%2C300 1.5x, https:\/\/i0.wp.com\/casadecampoliving.com\/wp-content\/uploads\/2022\/10\/DJI_0780-HDR-1.jpg?fit=1000%2C666&ssl=1&resize=700%2C400 2x"},"classes":[]}],"jetpack_sharing_enabled":true,"_links":{"self":[{"href":"https:\/\/casadecampoliving.com\/es\/wp-json\/wp\/v2\/posts\/352322","targetHints":{"allow":["GET"]}}],"collection":[{"href":"https:\/\/casadecampoliving.com\/es\/wp-json\/wp\/v2\/posts"}],"about":[{"href":"https:\/\/casadecampoliving.com\/es\/wp-json\/wp\/v2\/types\/post"}],"author":[{"embeddable":true,"href":"https:\/\/casadecampoliving.com\/es\/wp-json\/wp\/v2\/users\/36682"}],"replies":[{"embeddable":true,"href":"https:\/\/casadecampoliving.com\/es\/wp-json\/wp\/v2\/comments?post=352322"}],"version-history":[{"count":1,"href":"https:\/\/casadecampoliving.com\/es\/wp-json\/wp\/v2\/posts\/352322\/revisions"}],"predecessor-version":[{"id":352323,"href":"https:\/\/casadecampoliving.com\/es\/wp-json\/wp\/v2\/posts\/352322\/revisions\/352323"}],"wp:featuredmedia":[{"embeddable":true,"href":"https:\/\/casadecampoliving.com\/es\/wp-json\/wp\/v2\/media\/302391"}],"wp:attachment":[{"href":"https:\/\/casadecampoliving.com\/es\/wp-json\/wp\/v2\/media?parent=352322"}],"wp:term":[{"taxonomy":"category","embeddable":true,"href":"https:\/\/casadecampoliving.com\/es\/wp-json\/wp\/v2\/categories?post=352322"},{"taxonomy":"post_tag","embeddable":true,"href":"https:\/\/casadecampoliving.com\/es\/wp-json\/wp\/v2\/tags?post=352322"},{"taxonomy":"newspack_spnsrs_tax","embeddable":true,"href":"https:\/\/casadecampoliving.com\/es\/wp-json\/wp\/v2\/newspack_spnsrs_tax?post=352322"}],"curies":[{"name":"wp","href":"https:\/\/api.w.org\/{rel}","templated":true}]}}